{"id":7050,"date":"2022-05-02T16:31:42","date_gmt":"2022-05-02T15:31:42","guid":{"rendered":"https:\/\/biblioteca.blanes.cat\/salajove\/?p=7050"},"modified":"2022-05-02T16:31:43","modified_gmt":"2022-05-02T15:31:43","slug":"clj-piruetas-dia-internacional-de-la-dansa","status":"publish","type":"post","link":"https:\/\/biblioteca.blanes.cat\/salajove\/2022\/05\/02\/clj-piruetas-dia-internacional-de-la-dansa\/","title":{"rendered":"CLJ: Piruetas &#8220;Dia Internacional de la Dansa&#8221;"},"content":{"rendered":"\n<p style=\"text-align: center;\">Avui al <strong>Club de Lectura Juvenil<\/strong> hem comentat<\/p>\n<h1 style=\"text-align: center;\">&#8220;Piruetas&#8221; de Tillie Walden<\/h1>\n<p>\u00a0<\/p>\n<p style=\"text-align: center;\">&#8220;Durant deu anys el patinatge art\u00edstic va ser tot per a <span class=\"hiddenSpellError\">Tillie<\/span> <span class=\"hiddenSpellError\">Walden<\/span>. Entrenava dia i nit i es passava els caps de setmana competint a les pistes de gel de tot el pa\u00eds. El patinatge es va anar convertint en el seu refugi, on desconnectar de l&#8217;estr\u00e8s de l&#8217;escola, l&#8217;assetjament i la fam\u00edlia. A l&#8217;anar a viure a Nova Jersey les coses comencen a canviar&#8230;&#8221;<br \/><br \/>Una <strong>novel\u00b7la gr\u00e0fica<\/strong> que tracta sobre l&#8217;assetjament, l&#8217;acceptaci\u00f3 de la sexualitat i deixar tot enrere per fer all\u00f2 que m\u00e9s t&#8217;agrada.<\/p>\n<p><img fetchpriority=\"high\" decoding=\"async\" class=\"n3VNCb aligncenter\" src=\"https:\/\/images-na.ssl-images-amazon.com\/images\/I\/61LDAbcHpNL.jpg\" alt=\"Piruetas 3\u00ba edici\u00f3n : Walden, Tillie, Mosquera, Natalia: Libros - Amazon.es\" width=\"207\" height=\"276\" data-noaft=\"1\" \/><\/p>\n<p>\u00a0<\/p>\n<p>\u00a0<\/p>\n<p>\u00a0<\/p>\n<p>Amb els<strong> joves del club juvenil<\/strong> vam analitzar cada cap\u00edtol, cadascun d&#8217;ells una t\u00e8cnica de patinatge i a cada vinyeta un munt de sentiments.<br \/><br \/>Tamb\u00e9 vam veure com <strong><span class=\"hiddenSpellError\">Tillie<\/span> <span class=\"hiddenSpellError\">Walden<\/span><\/strong> utilitza un estil de dibuix senzill, sense centrar-se massa en el fons. Amb tonalitats blanques i liles i afegits de color groc per potenciar moments importants de la hist\u00f2ria. Un estil que, en general, ens transmet pau, tranquil\u00b7litat, solitud i reflexi\u00f3. En tractar-se d&#8217;una novel\u00b7la autobiogr\u00e0fica, ens ha perm\u00e8s arribar a comprendre com era la vida de la protagonista i com se sentia en cada moment.<\/p>\n<p>\u00a0<\/p>\n<p><img decoding=\"async\" class=\"aligncenter wp-image-7053 size-large\" src=\"https:\/\/biblioteca.blanes.cat\/salajove\/wp-content\/uploads\/sites\/3\/2022\/05\/1651470344512-1024x768.jpg\" alt=\"\" width=\"750\" height=\"563\" srcset=\"https:\/\/biblioteca.blanes.cat\/salajove\/wp-content\/uploads\/sites\/3\/2022\/05\/1651470344512-1024x768.jpg 1024w, https:\/\/biblioteca.blanes.cat\/salajove\/wp-content\/uploads\/sites\/3\/2022\/05\/1651470344512-300x225.jpg 300w, https:\/\/biblioteca.blanes.cat\/salajove\/wp-content\/uploads\/sites\/3\/2022\/05\/1651470344512-768x576.jpg 768w, https:\/\/biblioteca.blanes.cat\/salajove\/wp-content\/uploads\/sites\/3\/2022\/05\/1651470344512-1536x1152.jpg 1536w, https:\/\/biblioteca.blanes.cat\/salajove\/wp-content\/uploads\/sites\/3\/2022\/05\/1651470344512-2048x1536.jpg 2048w\" sizes=\"(max-width: 750px) 100vw, 750px\" \/><\/p>\n<p>\u00a0<\/p>\n<p>El tema de l&#8217;assetjament escolar i la identitat sexual s\u00f3n uns dels temes que m\u00e9s inquietuds provoquen en els joves. \u00c9s per aix\u00f2 que, m\u00e9s de la meitat del temps de la trobada d&#8217;aquest divendres, el vam dedicar a debatre q\u00fcestions sobre aquests temes i a relacionar-les amb la novel\u00b7la de <span class=\"hiddenSpellError\">Piruetas<\/span>.<br \/><br \/>Tamb\u00e9, amb motiu del <strong>Dia Internacional de la Dansa<\/strong>, vam parlar sobre la disciplina del patinatge art\u00edstic. Aprofitant tamb\u00e9 l&#8217;experi\u00e8ncia d&#8217;alguna jove del club que hi participa. I com, moltes vegades l&#8217;esport, ens ajuda a superar situacions complicades i ens serveix de refugi en moments dif\u00edcils de la nostra vida.<\/p>\n<p style=\"text-align: center;\">\u00a0<\/p>\n<p style=\"text-align: center;\">Gr\u00e0cies una vegada m\u00e9s joves, perqu\u00e8 enriquiu la Biblioteca amb tot el que ens aporteu.<\/p>\n<p style=\"text-align: center;\"><strong>Ens retrobem a la Sala jove de la Biblioteca el dia 27 de maig amb &#8220;Coconut&#8221; de Matlwa Kopano<\/strong><\/p>\n<p style=\"text-align: center;\">\u00a0<\/p>\n<p>\u00a0<\/p>\n<p>\u00a0<\/p>\n<p>\u00a0<\/p>\n<p>\u00a0<\/p>\n","protected":false},"excerpt":{"rendered":"<p>Avui al Club de Lectura Juvenil hem comentat &#8220;Piruetas&#8221; de Tillie Walden \u00a0 &#8220;Durant deu anys el patinatge art\u00edstic va ser tot per a Tillie Walden. Entrenava dia i nit i es passava els caps de setmana competint a les<\/p>\n","protected":false},"author":4,"featured_media":4270,"comment_status":"open","ping_status":"open","sticky":false,"template":"","format":"standard","meta":{"sfsi_plus_gutenberg_text_before_share":"","sfsi_plus_gutenberg_show_text_before_share":"","sfsi_plus_gutenberg_icon_type":"","sfsi_plus_gutenberg_icon_alignemt":"","sfsi_plus_gutenburg_max_per_row":"","footnotes":""},"categories":[5],"tags":[91],"class_list":["post-7050","post","type-post","status-publish","format-standard","has-post-thumbnail","hentry","category-club-de-lectura","tag-activitats-clubdelectura-gamificacio-jocs-joves-lectura-literatura-llibres"],"yoast_head":"<!-- This site is optimized with the Yoast SEO plugin v27.5 - https:\/\/yoast.com\/product\/yoast-seo-wordpress\/ -->\n<title>CLJ: Piruetas &quot;Dia Internacional de la Dansa&quot; - Sala Jove<\/title>\n<meta name=\"robots\" content=\"index, follow, max-snippet:-1, max-image-preview:large, max-video-preview:-1\" \/>\n<link rel=\"canonical\" href=\"https:\/\/biblioteca.blanes.cat\/salajove\/2022\/05\/02\/clj-piruetas-dia-internacional-de-la-dansa\/\" \/>\n<meta property=\"og:locale\" content=\"ca_ES\" \/>\n<meta property=\"og:type\" content=\"article\" \/>\n<meta property=\"og:title\" content=\"CLJ: Piruetas &quot;Dia Internacional de la Dansa&quot; - Sala Jove\" \/>\n<meta property=\"og:description\" content=\"Avui al Club de Lectura Juvenil hem comentat &#8220;Piruetas&#8221; de Tillie Walden \u00a0 &#8220;Durant deu anys el patinatge art\u00edstic va ser tot per a Tillie Walden. Entrenava dia i nit i es passava els caps de setmana competint a les\" \/>\n<meta property=\"og:url\" content=\"https:\/\/biblioteca.blanes.cat\/salajove\/2022\/05\/02\/clj-piruetas-dia-internacional-de-la-dansa\/\" \/>\n<meta property=\"og:site_name\" content=\"Sala Jove\" \/>\n<meta property=\"article:publisher\" content=\"https:\/\/www.facebook.com\/BilbiotecaComarcaldeBlanes\/\" \/>\n<meta property=\"article:published_time\" content=\"2022-05-02T15:31:42+00:00\" \/>\n<meta property=\"article:modified_time\" content=\"2022-05-02T15:31:43+00:00\" \/>\n<meta property=\"og:image\" content=\"https:\/\/biblioteca.blanes.cat\/salajove\/wp-content\/uploads\/sites\/3\/2020\/07\/logo-club-de-lectura-2020-bloc-3.jpg\" \/>\n\t<meta property=\"og:image:width\" content=\"200\" \/>\n\t<meta property=\"og:image:height\" content=\"246\" \/>\n\t<meta property=\"og:image:type\" content=\"image\/jpeg\" \/>\n<meta name=\"author\" content=\"biblioblanes\" \/>\n<meta name=\"twitter:card\" content=\"summary_large_image\" \/>\n<meta name=\"twitter:creator\" content=\"@biblioblanes\" \/>\n<meta name=\"twitter:site\" content=\"@BiblioBlanes\" \/>\n<meta name=\"twitter:label1\" content=\"Escrit per\" \/>\n\t<meta name=\"twitter:data1\" content=\"biblioblanes\" \/>\n\t<meta name=\"twitter:label2\" content=\"Temps estimat de lectura\" \/>\n\t<meta name=\"twitter:data2\" content=\"2 minuts\" \/>\n<script type=\"application\/ld+json\" class=\"yoast-schema-graph\">{\"@context\":\"https:\\\/\\\/schema.org\",\"@graph\":[{\"@type\":\"Article\",\"@id\":\"https:\\\/\\\/biblioteca.blanes.cat\\\/salajove\\\/2022\\\/05\\\/02\\\/clj-piruetas-dia-internacional-de-la-dansa\\\/#article\",\"isPartOf\":{\"@id\":\"https:\\\/\\\/biblioteca.blanes.cat\\\/salajove\\\/2022\\\/05\\\/02\\\/clj-piruetas-dia-internacional-de-la-dansa\\\/\"},\"author\":{\"name\":\"biblioblanes\",\"@id\":\"https:\\\/\\\/biblioteca.blanes.cat\\\/salajove\\\/#\\\/schema\\\/person\\\/5a7b46760d9dd611d098bbf571a341dc\"},\"headline\":\"CLJ: Piruetas &#8220;Dia Internacional de la Dansa&#8221;\",\"datePublished\":\"2022-05-02T15:31:42+00:00\",\"dateModified\":\"2022-05-02T15:31:43+00:00\",\"mainEntityOfPage\":{\"@id\":\"https:\\\/\\\/biblioteca.blanes.cat\\\/salajove\\\/2022\\\/05\\\/02\\\/clj-piruetas-dia-internacional-de-la-dansa\\\/\"},\"wordCount\":375,\"commentCount\":0,\"publisher\":{\"@id\":\"https:\\\/\\\/biblioteca.blanes.cat\\\/salajove\\\/#organization\"},\"image\":{\"@id\":\"https:\\\/\\\/biblioteca.blanes.cat\\\/salajove\\\/2022\\\/05\\\/02\\\/clj-piruetas-dia-internacional-de-la-dansa\\\/#primaryimage\"},\"thumbnailUrl\":\"https:\\\/\\\/biblioteca.blanes.cat\\\/salajove\\\/wp-content\\\/uploads\\\/sites\\\/3\\\/2020\\\/07\\\/logo-club-de-lectura-2020-bloc-3.jpg\",\"keywords\":[\"#Activitats #ClubdeLectura #Gamificaci\u00f3 #jocs #Joves #Lectura #Literatura #Llibres\"],\"articleSection\":[\"Club de Lectura\"],\"inLanguage\":\"ca\",\"potentialAction\":[{\"@type\":\"CommentAction\",\"name\":\"Comment\",\"target\":[\"https:\\\/\\\/biblioteca.blanes.cat\\\/salajove\\\/2022\\\/05\\\/02\\\/clj-piruetas-dia-internacional-de-la-dansa\\\/#respond\"]}]},{\"@type\":\"WebPage\",\"@id\":\"https:\\\/\\\/biblioteca.blanes.cat\\\/salajove\\\/2022\\\/05\\\/02\\\/clj-piruetas-dia-internacional-de-la-dansa\\\/\",\"url\":\"https:\\\/\\\/biblioteca.blanes.cat\\\/salajove\\\/2022\\\/05\\\/02\\\/clj-piruetas-dia-internacional-de-la-dansa\\\/\",\"name\":\"CLJ: Piruetas \\\"Dia Internacional de la Dansa\\\" - Sala Jove\",\"isPartOf\":{\"@id\":\"https:\\\/\\\/biblioteca.blanes.cat\\\/salajove\\\/#website\"},\"primaryImageOfPage\":{\"@id\":\"https:\\\/\\\/biblioteca.blanes.cat\\\/salajove\\\/2022\\\/05\\\/02\\\/clj-piruetas-dia-internacional-de-la-dansa\\\/#primaryimage\"},\"image\":{\"@id\":\"https:\\\/\\\/biblioteca.blanes.cat\\\/salajove\\\/2022\\\/05\\\/02\\\/clj-piruetas-dia-internacional-de-la-dansa\\\/#primaryimage\"},\"thumbnailUrl\":\"https:\\\/\\\/biblioteca.blanes.cat\\\/salajove\\\/wp-content\\\/uploads\\\/sites\\\/3\\\/2020\\\/07\\\/logo-club-de-lectura-2020-bloc-3.jpg\",\"datePublished\":\"2022-05-02T15:31:42+00:00\",\"dateModified\":\"2022-05-02T15:31:43+00:00\",\"breadcrumb\":{\"@id\":\"https:\\\/\\\/biblioteca.blanes.cat\\\/salajove\\\/2022\\\/05\\\/02\\\/clj-piruetas-dia-internacional-de-la-dansa\\\/#breadcrumb\"},\"inLanguage\":\"ca\",\"potentialAction\":[{\"@type\":\"ReadAction\",\"target\":[\"https:\\\/\\\/biblioteca.blanes.cat\\\/salajove\\\/2022\\\/05\\\/02\\\/clj-piruetas-dia-internacional-de-la-dansa\\\/\"]}]},{\"@type\":\"ImageObject\",\"inLanguage\":\"ca\",\"@id\":\"https:\\\/\\\/biblioteca.blanes.cat\\\/salajove\\\/2022\\\/05\\\/02\\\/clj-piruetas-dia-internacional-de-la-dansa\\\/#primaryimage\",\"url\":\"https:\\\/\\\/biblioteca.blanes.cat\\\/salajove\\\/wp-content\\\/uploads\\\/sites\\\/3\\\/2020\\\/07\\\/logo-club-de-lectura-2020-bloc-3.jpg\",\"contentUrl\":\"https:\\\/\\\/biblioteca.blanes.cat\\\/salajove\\\/wp-content\\\/uploads\\\/sites\\\/3\\\/2020\\\/07\\\/logo-club-de-lectura-2020-bloc-3.jpg\",\"width\":200,\"height\":246},{\"@type\":\"BreadcrumbList\",\"@id\":\"https:\\\/\\\/biblioteca.blanes.cat\\\/salajove\\\/2022\\\/05\\\/02\\\/clj-piruetas-dia-internacional-de-la-dansa\\\/#breadcrumb\",\"itemListElement\":[{\"@type\":\"ListItem\",\"position\":1,\"name\":\"Inici\",\"item\":\"https:\\\/\\\/biblioteca.blanes.cat\\\/salajove\\\/\"},{\"@type\":\"ListItem\",\"position\":2,\"name\":\"CLJ: Piruetas &#8220;Dia Internacional de la Dansa&#8221;\"}]},{\"@type\":\"WebSite\",\"@id\":\"https:\\\/\\\/biblioteca.blanes.cat\\\/salajove\\\/#website\",\"url\":\"https:\\\/\\\/biblioteca.blanes.cat\\\/salajove\\\/\",\"name\":\"Sala Jove\",\"description\":\"Biblioteca Comarcal de Blanes\",\"publisher\":{\"@id\":\"https:\\\/\\\/biblioteca.blanes.cat\\\/salajove\\\/#organization\"},\"potentialAction\":[{\"@type\":\"SearchAction\",\"target\":{\"@type\":\"EntryPoint\",\"urlTemplate\":\"https:\\\/\\\/biblioteca.blanes.cat\\\/salajove\\\/?s={search_term_string}\"},\"query-input\":{\"@type\":\"PropertyValueSpecification\",\"valueRequired\":true,\"valueName\":\"search_term_string\"}}],\"inLanguage\":\"ca\"},{\"@type\":\"Organization\",\"@id\":\"https:\\\/\\\/biblioteca.blanes.cat\\\/salajove\\\/#organization\",\"name\":\"Biblioteca Comarcal de Blanes\",\"url\":\"https:\\\/\\\/biblioteca.blanes.cat\\\/salajove\\\/\",\"logo\":{\"@type\":\"ImageObject\",\"inLanguage\":\"ca\",\"@id\":\"https:\\\/\\\/biblioteca.blanes.cat\\\/salajove\\\/#\\\/schema\\\/logo\\\/image\\\/\",\"url\":\"https:\\\/\\\/biblioteca.blanes.cat\\\/salajove\\\/wp-content\\\/uploads\\\/sites\\\/3\\\/2017\\\/09\\\/cropped-Bib-blau-e1518869380535.png\",\"contentUrl\":\"https:\\\/\\\/biblioteca.blanes.cat\\\/salajove\\\/wp-content\\\/uploads\\\/sites\\\/3\\\/2017\\\/09\\\/cropped-Bib-blau-e1518869380535.png\",\"width\":166,\"height\":166,\"caption\":\"Biblioteca Comarcal de Blanes\"},\"image\":{\"@id\":\"https:\\\/\\\/biblioteca.blanes.cat\\\/salajove\\\/#\\\/schema\\\/logo\\\/image\\\/\"},\"sameAs\":[\"https:\\\/\\\/www.facebook.com\\\/BilbiotecaComarcaldeBlanes\\\/\",\"https:\\\/\\\/x.com\\\/BiblioBlanes\",\"https:\\\/\\\/www.instagram.com\\\/biblioblanes\\\/\",\"https:\\\/\\\/www.pinterest.es\\\/bblanes\\\/\",\"https:\\\/\\\/www.youtube.com\\\/c\\\/BibliotecaComarcalBlanes\"]},{\"@type\":\"Person\",\"@id\":\"https:\\\/\\\/biblioteca.blanes.cat\\\/salajove\\\/#\\\/schema\\\/person\\\/5a7b46760d9dd611d098bbf571a341dc\",\"name\":\"biblioblanes\",\"image\":{\"@type\":\"ImageObject\",\"inLanguage\":\"ca\",\"@id\":\"https:\\\/\\\/secure.gravatar.com\\\/avatar\\\/6593ca6cc90e5a70939f51c95e8315483b9c281bafba597292bee47992030f99?s=96&d=mm&r=g\",\"url\":\"https:\\\/\\\/secure.gravatar.com\\\/avatar\\\/6593ca6cc90e5a70939f51c95e8315483b9c281bafba597292bee47992030f99?s=96&d=mm&r=g\",\"contentUrl\":\"https:\\\/\\\/secure.gravatar.com\\\/avatar\\\/6593ca6cc90e5a70939f51c95e8315483b9c281bafba597292bee47992030f99?s=96&d=mm&r=g\",\"caption\":\"biblioblanes\"},\"sameAs\":[\"http:\\\/\\\/www.bibgirona.cat\\\/biblioteca\\\/blanes\",\"https:\\\/\\\/x.com\\\/biblioblanes\"],\"url\":\"https:\\\/\\\/biblioteca.blanes.cat\\\/salajove\\\/author\\\/biblioblanes\\\/\"}]}<\/script>\n<!-- \/ Yoast SEO plugin. -->","yoast_head_json":{"title":"CLJ: Piruetas \"Dia Internacional de la Dansa\" - Sala Jove","robots":{"index":"index","follow":"follow","max-snippet":"max-snippet:-1","max-image-preview":"max-image-preview:large","max-video-preview":"max-video-preview:-1"},"canonical":"https:\/\/biblioteca.blanes.cat\/salajove\/2022\/05\/02\/clj-piruetas-dia-internacional-de-la-dansa\/","og_locale":"ca_ES","og_type":"article","og_title":"CLJ: Piruetas \"Dia Internacional de la Dansa\" - Sala Jove","og_description":"Avui al Club de Lectura Juvenil hem comentat &#8220;Piruetas&#8221; de Tillie Walden \u00a0 &#8220;Durant deu anys el patinatge art\u00edstic va ser tot per a Tillie Walden. Entrenava dia i nit i es passava els caps de setmana competint a les","og_url":"https:\/\/biblioteca.blanes.cat\/salajove\/2022\/05\/02\/clj-piruetas-dia-internacional-de-la-dansa\/","og_site_name":"Sala Jove","article_publisher":"https:\/\/www.facebook.com\/BilbiotecaComarcaldeBlanes\/","article_published_time":"2022-05-02T15:31:42+00:00","article_modified_time":"2022-05-02T15:31:43+00:00","og_image":[{"width":200,"height":246,"url":"https:\/\/biblioteca.blanes.cat\/salajove\/wp-content\/uploads\/sites\/3\/2020\/07\/logo-club-de-lectura-2020-bloc-3.jpg","type":"image\/jpeg"}],"author":"biblioblanes","twitter_card":"summary_large_image","twitter_creator":"@biblioblanes","twitter_site":"@BiblioBlanes","twitter_misc":{"Escrit per":"biblioblanes","Temps estimat de lectura":"2 minuts"},"schema":{"@context":"https:\/\/schema.org","@graph":[{"@type":"Article","@id":"https:\/\/biblioteca.blanes.cat\/salajove\/2022\/05\/02\/clj-piruetas-dia-internacional-de-la-dansa\/#article","isPartOf":{"@id":"https:\/\/biblioteca.blanes.cat\/salajove\/2022\/05\/02\/clj-piruetas-dia-internacional-de-la-dansa\/"},"author":{"name":"biblioblanes","@id":"https:\/\/biblioteca.blanes.cat\/salajove\/#\/schema\/person\/5a7b46760d9dd611d098bbf571a341dc"},"headline":"CLJ: Piruetas &#8220;Dia Internacional de la Dansa&#8221;","datePublished":"2022-05-02T15:31:42+00:00","dateModified":"2022-05-02T15:31:43+00:00","mainEntityOfPage":{"@id":"https:\/\/biblioteca.blanes.cat\/salajove\/2022\/05\/02\/clj-piruetas-dia-internacional-de-la-dansa\/"},"wordCount":375,"commentCount":0,"publisher":{"@id":"https:\/\/biblioteca.blanes.cat\/salajove\/#organization"},"image":{"@id":"https:\/\/biblioteca.blanes.cat\/salajove\/2022\/05\/02\/clj-piruetas-dia-internacional-de-la-dansa\/#primaryimage"},"thumbnailUrl":"https:\/\/biblioteca.blanes.cat\/salajove\/wp-content\/uploads\/sites\/3\/2020\/07\/logo-club-de-lectura-2020-bloc-3.jpg","keywords":["#Activitats #ClubdeLectura #Gamificaci\u00f3 #jocs #Joves #Lectura #Literatura #Llibres"],"articleSection":["Club de Lectura"],"inLanguage":"ca","potentialAction":[{"@type":"CommentAction","name":"Comment","target":["https:\/\/biblioteca.blanes.cat\/salajove\/2022\/05\/02\/clj-piruetas-dia-internacional-de-la-dansa\/#respond"]}]},{"@type":"WebPage","@id":"https:\/\/biblioteca.blanes.cat\/salajove\/2022\/05\/02\/clj-piruetas-dia-internacional-de-la-dansa\/","url":"https:\/\/biblioteca.blanes.cat\/salajove\/2022\/05\/02\/clj-piruetas-dia-internacional-de-la-dansa\/","name":"CLJ: Piruetas \"Dia Internacional de la Dansa\" - Sala Jove","isPartOf":{"@id":"https:\/\/biblioteca.blanes.cat\/salajove\/#website"},"primaryImageOfPage":{"@id":"https:\/\/biblioteca.blanes.cat\/salajove\/2022\/05\/02\/clj-piruetas-dia-internacional-de-la-dansa\/#primaryimage"},"image":{"@id":"https:\/\/biblioteca.blanes.cat\/salajove\/2022\/05\/02\/clj-piruetas-dia-internacional-de-la-dansa\/#primaryimage"},"thumbnailUrl":"https:\/\/biblioteca.blanes.cat\/salajove\/wp-content\/uploads\/sites\/3\/2020\/07\/logo-club-de-lectura-2020-bloc-3.jpg","datePublished":"2022-05-02T15:31:42+00:00","dateModified":"2022-05-02T15:31:43+00:00","breadcrumb":{"@id":"https:\/\/biblioteca.blanes.cat\/salajove\/2022\/05\/02\/clj-piruetas-dia-internacional-de-la-dansa\/#breadcrumb"},"inLanguage":"ca","potentialAction":[{"@type":"ReadAction","target":["https:\/\/biblioteca.blanes.cat\/salajove\/2022\/05\/02\/clj-piruetas-dia-internacional-de-la-dansa\/"]}]},{"@type":"ImageObject","inLanguage":"ca","@id":"https:\/\/biblioteca.blanes.cat\/salajove\/2022\/05\/02\/clj-piruetas-dia-internacional-de-la-dansa\/#primaryimage","url":"https:\/\/biblioteca.blanes.cat\/salajove\/wp-content\/uploads\/sites\/3\/2020\/07\/logo-club-de-lectura-2020-bloc-3.jpg","contentUrl":"https:\/\/biblioteca.blanes.cat\/salajove\/wp-content\/uploads\/sites\/3\/2020\/07\/logo-club-de-lectura-2020-bloc-3.jpg","width":200,"height":246},{"@type":"BreadcrumbList","@id":"https:\/\/biblioteca.blanes.cat\/salajove\/2022\/05\/02\/clj-piruetas-dia-internacional-de-la-dansa\/#breadcrumb","itemListElement":[{"@type":"ListItem","position":1,"name":"Inici","item":"https:\/\/biblioteca.blanes.cat\/salajove\/"},{"@type":"ListItem","position":2,"name":"CLJ: Piruetas &#8220;Dia Internacional de la Dansa&#8221;"}]},{"@type":"WebSite","@id":"https:\/\/biblioteca.blanes.cat\/salajove\/#website","url":"https:\/\/biblioteca.blanes.cat\/salajove\/","name":"Sala Jove","description":"Biblioteca Comarcal de Blanes","publisher":{"@id":"https:\/\/biblioteca.blanes.cat\/salajove\/#organization"},"potentialAction":[{"@type":"SearchAction","target":{"@type":"EntryPoint","urlTemplate":"https:\/\/biblioteca.blanes.cat\/salajove\/?s={search_term_string}"},"query-input":{"@type":"PropertyValueSpecification","valueRequired":true,"valueName":"search_term_string"}}],"inLanguage":"ca"},{"@type":"Organization","@id":"https:\/\/biblioteca.blanes.cat\/salajove\/#organization","name":"Biblioteca Comarcal de Blanes","url":"https:\/\/biblioteca.blanes.cat\/salajove\/","logo":{"@type":"ImageObject","inLanguage":"ca","@id":"https:\/\/biblioteca.blanes.cat\/salajove\/#\/schema\/logo\/image\/","url":"https:\/\/biblioteca.blanes.cat\/salajove\/wp-content\/uploads\/sites\/3\/2017\/09\/cropped-Bib-blau-e1518869380535.png","contentUrl":"https:\/\/biblioteca.blanes.cat\/salajove\/wp-content\/uploads\/sites\/3\/2017\/09\/cropped-Bib-blau-e1518869380535.png","width":166,"height":166,"caption":"Biblioteca Comarcal de Blanes"},"image":{"@id":"https:\/\/biblioteca.blanes.cat\/salajove\/#\/schema\/logo\/image\/"},"sameAs":["https:\/\/www.facebook.com\/BilbiotecaComarcaldeBlanes\/","https:\/\/x.com\/BiblioBlanes","https:\/\/www.instagram.com\/biblioblanes\/","https:\/\/www.pinterest.es\/bblanes\/","https:\/\/www.youtube.com\/c\/BibliotecaComarcalBlanes"]},{"@type":"Person","@id":"https:\/\/biblioteca.blanes.cat\/salajove\/#\/schema\/person\/5a7b46760d9dd611d098bbf571a341dc","name":"biblioblanes","image":{"@type":"ImageObject","inLanguage":"ca","@id":"https:\/\/secure.gravatar.com\/avatar\/6593ca6cc90e5a70939f51c95e8315483b9c281bafba597292bee47992030f99?s=96&d=mm&r=g","url":"https:\/\/secure.gravatar.com\/avatar\/6593ca6cc90e5a70939f51c95e8315483b9c281bafba597292bee47992030f99?s=96&d=mm&r=g","contentUrl":"https:\/\/secure.gravatar.com\/avatar\/6593ca6cc90e5a70939f51c95e8315483b9c281bafba597292bee47992030f99?s=96&d=mm&r=g","caption":"biblioblanes"},"sameAs":["http:\/\/www.bibgirona.cat\/biblioteca\/blanes","https:\/\/x.com\/biblioblanes"],"url":"https:\/\/biblioteca.blanes.cat\/salajove\/author\/biblioblanes\/"}]}},"_links":{"self":[{"href":"https:\/\/biblioteca.blanes.cat\/salajove\/wp-json\/wp\/v2\/posts\/7050","targetHints":{"allow":["GET"]}}],"collection":[{"href":"https:\/\/biblioteca.blanes.cat\/salajove\/wp-json\/wp\/v2\/posts"}],"about":[{"href":"https:\/\/biblioteca.blanes.cat\/salajove\/wp-json\/wp\/v2\/types\/post"}],"author":[{"embeddable":true,"href":"https:\/\/biblioteca.blanes.cat\/salajove\/wp-json\/wp\/v2\/users\/4"}],"replies":[{"embeddable":true,"href":"https:\/\/biblioteca.blanes.cat\/salajove\/wp-json\/wp\/v2\/comments?post=7050"}],"version-history":[{"count":3,"href":"https:\/\/biblioteca.blanes.cat\/salajove\/wp-json\/wp\/v2\/posts\/7050\/revisions"}],"predecessor-version":[{"id":7108,"href":"https:\/\/biblioteca.blanes.cat\/salajove\/wp-json\/wp\/v2\/posts\/7050\/revisions\/7108"}],"wp:featuredmedia":[{"embeddable":true,"href":"https:\/\/biblioteca.blanes.cat\/salajove\/wp-json\/wp\/v2\/media\/4270"}],"wp:attachment":[{"href":"https:\/\/biblioteca.blanes.cat\/salajove\/wp-json\/wp\/v2\/media?parent=7050"}],"wp:term":[{"taxonomy":"category","embeddable":true,"href":"https:\/\/biblioteca.blanes.cat\/salajove\/wp-json\/wp\/v2\/categories?post=7050"},{"taxonomy":"post_tag","embeddable":true,"href":"https:\/\/biblioteca.blanes.cat\/salajove\/wp-json\/wp\/v2\/tags?post=7050"}],"curies":[{"name":"wp","href":"https:\/\/api.w.org\/{rel}","templated":true}]}}