{"id":6912,"date":"2022-04-08T16:35:45","date_gmt":"2022-04-08T15:35:45","guid":{"rendered":"https:\/\/biblioteca.blanes.cat\/salajove\/?p=6912"},"modified":"2022-04-08T16:35:49","modified_gmt":"2022-04-08T15:35:49","slug":"raco-den-jaume-setmana-santa-i-diumenge-de-rams","status":"publish","type":"post","link":"https:\/\/biblioteca.blanes.cat\/salajove\/2022\/04\/08\/raco-den-jaume-setmana-santa-i-diumenge-de-rams\/","title":{"rendered":"Rac\u00f3 d&#8217;en Jaume: Setmana Santa i Diumenge de Rams"},"content":{"rendered":"\n<p style=\"text-align: center;\">S&#8217;acosten festes i celebracions: La <strong>Setmana Santa<\/strong>. Per\u00edode que compr\u00e8n des del diumenge 10 d&#8217;abril fins al dilluns 19 de Pasqua.<\/p>\n<p style=\"text-align: center;\">En Jaume Pont est\u00e0 molt implicat i col\u00b7labora en tot el que pot donant suport a la Biblioteca durant aquests dies.<\/p>\n<p>\u00a0<\/p>\n<p style=\"text-align: center;\"><img fetchpriority=\"high\" decoding=\"async\" class=\"aligncenter wp-image-6913 size-large\" src=\"https:\/\/biblioteca.blanes.cat\/salajove\/wp-content\/uploads\/sites\/3\/2022\/04\/cartell-setmana-santa-719x1024.jpg\" alt=\"\" width=\"719\" height=\"1024\" srcset=\"https:\/\/biblioteca.blanes.cat\/salajove\/wp-content\/uploads\/sites\/3\/2022\/04\/cartell-setmana-santa-719x1024.jpg 719w, https:\/\/biblioteca.blanes.cat\/salajove\/wp-content\/uploads\/sites\/3\/2022\/04\/cartell-setmana-santa-211x300.jpg 211w, https:\/\/biblioteca.blanes.cat\/salajove\/wp-content\/uploads\/sites\/3\/2022\/04\/cartell-setmana-santa-768x1094.jpg 768w, https:\/\/biblioteca.blanes.cat\/salajove\/wp-content\/uploads\/sites\/3\/2022\/04\/cartell-setmana-santa-1078x1536.jpg 1078w, https:\/\/biblioteca.blanes.cat\/salajove\/wp-content\/uploads\/sites\/3\/2022\/04\/cartell-setmana-santa.jpg 1237w\" sizes=\"(max-width: 719px) 100vw, 719px\" \/><\/p>\n<p>\u00a0<\/p>\n<p style=\"text-align: center;\">Despr\u00e9s d&#8217;una acurada recerca al cat\u00e0leg, en Jaume ha preparat per a tots i <span class=\"hiddenGrammarError\">totes<\/span> aquesta Guia de recomanacions que ha anomenat <strong>Guia de lectures de Setmana Santa<\/strong>. Trobareu tant pel\u00b7l\u00edcules com llibres per a totes les edats, comen\u00e7ant per les d&#8217;adults, seguint les juvenils i per acabar les infantils pels m\u00e9s petits.<\/p>\n<p style=\"text-align: center;\">Recordeu que tots els documents els podeu prestar amb el carnet a la Biblioteca de Blanes.<\/p>\n<p>\u00a0<\/p>\n<p><img decoding=\"async\" class=\"aligncenter wp-image-6914 size-large\" src=\"https:\/\/biblioteca.blanes.cat\/salajove\/wp-content\/uploads\/sites\/3\/2022\/04\/Guia-setmana-santa-1-723x1024.jpg\" alt=\"\" width=\"723\" height=\"1024\" srcset=\"https:\/\/biblioteca.blanes.cat\/salajove\/wp-content\/uploads\/sites\/3\/2022\/04\/Guia-setmana-santa-1-723x1024.jpg 723w, https:\/\/biblioteca.blanes.cat\/salajove\/wp-content\/uploads\/sites\/3\/2022\/04\/Guia-setmana-santa-1-212x300.jpg 212w, https:\/\/biblioteca.blanes.cat\/salajove\/wp-content\/uploads\/sites\/3\/2022\/04\/Guia-setmana-santa-1-768x1088.jpg 768w, https:\/\/biblioteca.blanes.cat\/salajove\/wp-content\/uploads\/sites\/3\/2022\/04\/Guia-setmana-santa-1.jpg 877w\" sizes=\"(max-width: 723px) 100vw, 723px\" \/> <img decoding=\"async\" class=\"aligncenter wp-image-6915 size-large\" src=\"https:\/\/biblioteca.blanes.cat\/salajove\/wp-content\/uploads\/sites\/3\/2022\/04\/Guia-setmana-santa-2-1024x724.jpg\" alt=\"\" width=\"750\" height=\"530\" srcset=\"https:\/\/biblioteca.blanes.cat\/salajove\/wp-content\/uploads\/sites\/3\/2022\/04\/Guia-setmana-santa-2-1024x724.jpg 1024w, https:\/\/biblioteca.blanes.cat\/salajove\/wp-content\/uploads\/sites\/3\/2022\/04\/Guia-setmana-santa-2-300x212.jpg 300w, https:\/\/biblioteca.blanes.cat\/salajove\/wp-content\/uploads\/sites\/3\/2022\/04\/Guia-setmana-santa-2-768x543.jpg 768w, https:\/\/biblioteca.blanes.cat\/salajove\/wp-content\/uploads\/sites\/3\/2022\/04\/Guia-setmana-santa-2-1536x1086.jpg 1536w, https:\/\/biblioteca.blanes.cat\/salajove\/wp-content\/uploads\/sites\/3\/2022\/04\/Guia-setmana-santa-2.jpg 1754w\" sizes=\"(max-width: 750px) 100vw, 750px\" \/> <img loading=\"lazy\" decoding=\"async\" class=\"aligncenter wp-image-6916 size-large\" src=\"https:\/\/biblioteca.blanes.cat\/salajove\/wp-content\/uploads\/sites\/3\/2022\/04\/Guia-setmana-santa-3-1024x724.jpg\" alt=\"\" width=\"750\" height=\"530\" srcset=\"https:\/\/biblioteca.blanes.cat\/salajove\/wp-content\/uploads\/sites\/3\/2022\/04\/Guia-setmana-santa-3-1024x724.jpg 1024w, https:\/\/biblioteca.blanes.cat\/salajove\/wp-content\/uploads\/sites\/3\/2022\/04\/Guia-setmana-santa-3-300x212.jpg 300w, https:\/\/biblioteca.blanes.cat\/salajove\/wp-content\/uploads\/sites\/3\/2022\/04\/Guia-setmana-santa-3-768x543.jpg 768w, https:\/\/biblioteca.blanes.cat\/salajove\/wp-content\/uploads\/sites\/3\/2022\/04\/Guia-setmana-santa-3-1536x1086.jpg 1536w, https:\/\/biblioteca.blanes.cat\/salajove\/wp-content\/uploads\/sites\/3\/2022\/04\/Guia-setmana-santa-3.jpg 1754w\" sizes=\"(max-width: 750px) 100vw, 750px\" \/> <img loading=\"lazy\" decoding=\"async\" class=\"aligncenter wp-image-6917 size-large\" src=\"https:\/\/biblioteca.blanes.cat\/salajove\/wp-content\/uploads\/sites\/3\/2022\/04\/Guia-setmana-santa-4-1024x724.jpg\" alt=\"\" width=\"750\" height=\"530\" srcset=\"https:\/\/biblioteca.blanes.cat\/salajove\/wp-content\/uploads\/sites\/3\/2022\/04\/Guia-setmana-santa-4-1024x724.jpg 1024w, https:\/\/biblioteca.blanes.cat\/salajove\/wp-content\/uploads\/sites\/3\/2022\/04\/Guia-setmana-santa-4-300x212.jpg 300w, https:\/\/biblioteca.blanes.cat\/salajove\/wp-content\/uploads\/sites\/3\/2022\/04\/Guia-setmana-santa-4-768x543.jpg 768w, https:\/\/biblioteca.blanes.cat\/salajove\/wp-content\/uploads\/sites\/3\/2022\/04\/Guia-setmana-santa-4-1536x1086.jpg 1536w, https:\/\/biblioteca.blanes.cat\/salajove\/wp-content\/uploads\/sites\/3\/2022\/04\/Guia-setmana-santa-4.jpg 1754w\" sizes=\"(max-width: 750px) 100vw, 750px\" \/> <img loading=\"lazy\" decoding=\"async\" class=\"aligncenter wp-image-6918 size-large\" src=\"https:\/\/biblioteca.blanes.cat\/salajove\/wp-content\/uploads\/sites\/3\/2022\/04\/Guia-setmana-santa-5-1024x724.jpg\" alt=\"\" width=\"750\" height=\"530\" srcset=\"https:\/\/biblioteca.blanes.cat\/salajove\/wp-content\/uploads\/sites\/3\/2022\/04\/Guia-setmana-santa-5-1024x724.jpg 1024w, https:\/\/biblioteca.blanes.cat\/salajove\/wp-content\/uploads\/sites\/3\/2022\/04\/Guia-setmana-santa-5-300x212.jpg 300w, https:\/\/biblioteca.blanes.cat\/salajove\/wp-content\/uploads\/sites\/3\/2022\/04\/Guia-setmana-santa-5-768x543.jpg 768w, https:\/\/biblioteca.blanes.cat\/salajove\/wp-content\/uploads\/sites\/3\/2022\/04\/Guia-setmana-santa-5-1536x1086.jpg 1536w, https:\/\/biblioteca.blanes.cat\/salajove\/wp-content\/uploads\/sites\/3\/2022\/04\/Guia-setmana-santa-5.jpg 1754w\" sizes=\"(max-width: 750px) 100vw, 750px\" \/> <img loading=\"lazy\" decoding=\"async\" class=\"aligncenter wp-image-6919 size-large\" src=\"https:\/\/biblioteca.blanes.cat\/salajove\/wp-content\/uploads\/sites\/3\/2022\/04\/Guia-setmana-santa-6-1024x724.jpg\" alt=\"\" width=\"750\" height=\"530\" srcset=\"https:\/\/biblioteca.blanes.cat\/salajove\/wp-content\/uploads\/sites\/3\/2022\/04\/Guia-setmana-santa-6-1024x724.jpg 1024w, https:\/\/biblioteca.blanes.cat\/salajove\/wp-content\/uploads\/sites\/3\/2022\/04\/Guia-setmana-santa-6-300x212.jpg 300w, https:\/\/biblioteca.blanes.cat\/salajove\/wp-content\/uploads\/sites\/3\/2022\/04\/Guia-setmana-santa-6-768x543.jpg 768w, https:\/\/biblioteca.blanes.cat\/salajove\/wp-content\/uploads\/sites\/3\/2022\/04\/Guia-setmana-santa-6-1536x1086.jpg 1536w, https:\/\/biblioteca.blanes.cat\/salajove\/wp-content\/uploads\/sites\/3\/2022\/04\/Guia-setmana-santa-6.jpg 1754w\" sizes=\"(max-width: 750px) 100vw, 750px\" \/> <img loading=\"lazy\" decoding=\"async\" class=\"aligncenter wp-image-6920 size-large\" src=\"https:\/\/biblioteca.blanes.cat\/salajove\/wp-content\/uploads\/sites\/3\/2022\/04\/Guia-setmana-santa-7-1024x724.jpg\" alt=\"\" width=\"750\" height=\"530\" srcset=\"https:\/\/biblioteca.blanes.cat\/salajove\/wp-content\/uploads\/sites\/3\/2022\/04\/Guia-setmana-santa-7-1024x724.jpg 1024w, https:\/\/biblioteca.blanes.cat\/salajove\/wp-content\/uploads\/sites\/3\/2022\/04\/Guia-setmana-santa-7-300x212.jpg 300w, https:\/\/biblioteca.blanes.cat\/salajove\/wp-content\/uploads\/sites\/3\/2022\/04\/Guia-setmana-santa-7-768x543.jpg 768w, https:\/\/biblioteca.blanes.cat\/salajove\/wp-content\/uploads\/sites\/3\/2022\/04\/Guia-setmana-santa-7-1536x1086.jpg 1536w, https:\/\/biblioteca.blanes.cat\/salajove\/wp-content\/uploads\/sites\/3\/2022\/04\/Guia-setmana-santa-7.jpg 1754w\" sizes=\"(max-width: 750px) 100vw, 750px\" \/> <img loading=\"lazy\" decoding=\"async\" class=\"aligncenter wp-image-6921 size-large\" src=\"https:\/\/biblioteca.blanes.cat\/salajove\/wp-content\/uploads\/sites\/3\/2022\/04\/Guia-setmana-santa-8-1024x724.jpg\" alt=\"\" width=\"750\" height=\"530\" srcset=\"https:\/\/biblioteca.blanes.cat\/salajove\/wp-content\/uploads\/sites\/3\/2022\/04\/Guia-setmana-santa-8-1024x724.jpg 1024w, https:\/\/biblioteca.blanes.cat\/salajove\/wp-content\/uploads\/sites\/3\/2022\/04\/Guia-setmana-santa-8-300x212.jpg 300w, https:\/\/biblioteca.blanes.cat\/salajove\/wp-content\/uploads\/sites\/3\/2022\/04\/Guia-setmana-santa-8-768x543.jpg 768w, https:\/\/biblioteca.blanes.cat\/salajove\/wp-content\/uploads\/sites\/3\/2022\/04\/Guia-setmana-santa-8-1536x1086.jpg 1536w, https:\/\/biblioteca.blanes.cat\/salajove\/wp-content\/uploads\/sites\/3\/2022\/04\/Guia-setmana-santa-8.jpg 1754w\" sizes=\"(max-width: 750px) 100vw, 750px\" \/> <img loading=\"lazy\" decoding=\"async\" class=\"aligncenter wp-image-6922 size-large\" src=\"https:\/\/biblioteca.blanes.cat\/salajove\/wp-content\/uploads\/sites\/3\/2022\/04\/Guia-setmana-santa-9-724x1024.jpg\" alt=\"\" width=\"724\" height=\"1024\" srcset=\"https:\/\/biblioteca.blanes.cat\/salajove\/wp-content\/uploads\/sites\/3\/2022\/04\/Guia-setmana-santa-9-724x1024.jpg 724w, https:\/\/biblioteca.blanes.cat\/salajove\/wp-content\/uploads\/sites\/3\/2022\/04\/Guia-setmana-santa-9-212x300.jpg 212w, https:\/\/biblioteca.blanes.cat\/salajove\/wp-content\/uploads\/sites\/3\/2022\/04\/Guia-setmana-santa-9-768x1086.jpg 768w, https:\/\/biblioteca.blanes.cat\/salajove\/wp-content\/uploads\/sites\/3\/2022\/04\/Guia-setmana-santa-9.jpg 877w\" sizes=\"(max-width: 724px) 100vw, 724px\" \/><\/p>\n<p><!--more--><img loading=\"lazy\" decoding=\"async\" class=\"aligncenter wp-image-6923 size-large\" src=\"https:\/\/biblioteca.blanes.cat\/salajove\/wp-content\/uploads\/sites\/3\/2022\/04\/Guia-lectura-setmana-santa-1-739x1024.jpg\" alt=\"\" width=\"739\" height=\"1024\" srcset=\"https:\/\/biblioteca.blanes.cat\/salajove\/wp-content\/uploads\/sites\/3\/2022\/04\/Guia-lectura-setmana-santa-1-739x1024.jpg 739w, https:\/\/biblioteca.blanes.cat\/salajove\/wp-content\/uploads\/sites\/3\/2022\/04\/Guia-lectura-setmana-santa-1-217x300.jpg 217w, https:\/\/biblioteca.blanes.cat\/salajove\/wp-content\/uploads\/sites\/3\/2022\/04\/Guia-lectura-setmana-santa-1-768x1064.jpg 768w, https:\/\/biblioteca.blanes.cat\/salajove\/wp-content\/uploads\/sites\/3\/2022\/04\/Guia-lectura-setmana-santa-1.jpg 895w\" sizes=\"(max-width: 739px) 100vw, 739px\" \/> <img loading=\"lazy\" decoding=\"async\" class=\"aligncenter wp-image-6924 size-large\" src=\"https:\/\/biblioteca.blanes.cat\/salajove\/wp-content\/uploads\/sites\/3\/2022\/04\/Guia-lectura-setmana-santa-2-1024x724.jpg\" alt=\"\" width=\"750\" height=\"530\" srcset=\"https:\/\/biblioteca.blanes.cat\/salajove\/wp-content\/uploads\/sites\/3\/2022\/04\/Guia-lectura-setmana-santa-2-1024x724.jpg 1024w, https:\/\/biblioteca.blanes.cat\/salajove\/wp-content\/uploads\/sites\/3\/2022\/04\/Guia-lectura-setmana-santa-2-300x212.jpg 300w, https:\/\/biblioteca.blanes.cat\/salajove\/wp-content\/uploads\/sites\/3\/2022\/04\/Guia-lectura-setmana-santa-2-768x543.jpg 768w, https:\/\/biblioteca.blanes.cat\/salajove\/wp-content\/uploads\/sites\/3\/2022\/04\/Guia-lectura-setmana-santa-2-1536x1086.jpg 1536w, https:\/\/biblioteca.blanes.cat\/salajove\/wp-content\/uploads\/sites\/3\/2022\/04\/Guia-lectura-setmana-santa-2.jpg 1754w\" sizes=\"(max-width: 750px) 100vw, 750px\" \/> <img loading=\"lazy\" decoding=\"async\" class=\"aligncenter wp-image-6925 size-large\" src=\"https:\/\/biblioteca.blanes.cat\/salajove\/wp-content\/uploads\/sites\/3\/2022\/04\/Guia-lectura-setmana-santa-3-1024x724.jpg\" alt=\"\" width=\"750\" height=\"530\" srcset=\"https:\/\/biblioteca.blanes.cat\/salajove\/wp-content\/uploads\/sites\/3\/2022\/04\/Guia-lectura-setmana-santa-3-1024x724.jpg 1024w, https:\/\/biblioteca.blanes.cat\/salajove\/wp-content\/uploads\/sites\/3\/2022\/04\/Guia-lectura-setmana-santa-3-300x212.jpg 300w, https:\/\/biblioteca.blanes.cat\/salajove\/wp-content\/uploads\/sites\/3\/2022\/04\/Guia-lectura-setmana-santa-3-768x543.jpg 768w, https:\/\/biblioteca.blanes.cat\/salajove\/wp-content\/uploads\/sites\/3\/2022\/04\/Guia-lectura-setmana-santa-3-1536x1086.jpg 1536w, https:\/\/biblioteca.blanes.cat\/salajove\/wp-content\/uploads\/sites\/3\/2022\/04\/Guia-lectura-setmana-santa-3.jpg 1754w\" sizes=\"(max-width: 750px) 100vw, 750px\" \/> <img loading=\"lazy\" decoding=\"async\" class=\"aligncenter wp-image-6926 size-large\" src=\"https:\/\/biblioteca.blanes.cat\/salajove\/wp-content\/uploads\/sites\/3\/2022\/04\/Guia-lectura-setmana-santa-4-1024x724.jpg\" alt=\"\" width=\"750\" height=\"530\" srcset=\"https:\/\/biblioteca.blanes.cat\/salajove\/wp-content\/uploads\/sites\/3\/2022\/04\/Guia-lectura-setmana-santa-4-1024x724.jpg 1024w, https:\/\/biblioteca.blanes.cat\/salajove\/wp-content\/uploads\/sites\/3\/2022\/04\/Guia-lectura-setmana-santa-4-300x212.jpg 300w, https:\/\/biblioteca.blanes.cat\/salajove\/wp-content\/uploads\/sites\/3\/2022\/04\/Guia-lectura-setmana-santa-4-768x543.jpg 768w, https:\/\/biblioteca.blanes.cat\/salajove\/wp-content\/uploads\/sites\/3\/2022\/04\/Guia-lectura-setmana-santa-4-1536x1086.jpg 1536w, https:\/\/biblioteca.blanes.cat\/salajove\/wp-content\/uploads\/sites\/3\/2022\/04\/Guia-lectura-setmana-santa-4.jpg 1754w\" sizes=\"(max-width: 750px) 100vw, 750px\" \/> <img loading=\"lazy\" decoding=\"async\" class=\"aligncenter wp-image-6927 size-large\" src=\"https:\/\/biblioteca.blanes.cat\/salajove\/wp-content\/uploads\/sites\/3\/2022\/04\/Guia-lectura-setmana-santa-5-1024x724.jpg\" alt=\"\" width=\"750\" height=\"530\" srcset=\"https:\/\/biblioteca.blanes.cat\/salajove\/wp-content\/uploads\/sites\/3\/2022\/04\/Guia-lectura-setmana-santa-5-1024x724.jpg 1024w, https:\/\/biblioteca.blanes.cat\/salajove\/wp-content\/uploads\/sites\/3\/2022\/04\/Guia-lectura-setmana-santa-5-300x212.jpg 300w, https:\/\/biblioteca.blanes.cat\/salajove\/wp-content\/uploads\/sites\/3\/2022\/04\/Guia-lectura-setmana-santa-5-768x543.jpg 768w, https:\/\/biblioteca.blanes.cat\/salajove\/wp-content\/uploads\/sites\/3\/2022\/04\/Guia-lectura-setmana-santa-5-1536x1086.jpg 1536w, https:\/\/biblioteca.blanes.cat\/salajove\/wp-content\/uploads\/sites\/3\/2022\/04\/Guia-lectura-setmana-santa-5.jpg 1754w\" sizes=\"(max-width: 750px) 100vw, 750px\" \/> <img loading=\"lazy\" decoding=\"async\" class=\"aligncenter wp-image-6928 size-large\" src=\"https:\/\/biblioteca.blanes.cat\/salajove\/wp-content\/uploads\/sites\/3\/2022\/04\/Guia-lectura-setmana-santa-6-1024x724.jpg\" alt=\"\" width=\"750\" height=\"530\" srcset=\"https:\/\/biblioteca.blanes.cat\/salajove\/wp-content\/uploads\/sites\/3\/2022\/04\/Guia-lectura-setmana-santa-6-1024x724.jpg 1024w, https:\/\/biblioteca.blanes.cat\/salajove\/wp-content\/uploads\/sites\/3\/2022\/04\/Guia-lectura-setmana-santa-6-300x212.jpg 300w, https:\/\/biblioteca.blanes.cat\/salajove\/wp-content\/uploads\/sites\/3\/2022\/04\/Guia-lectura-setmana-santa-6-768x543.jpg 768w, https:\/\/biblioteca.blanes.cat\/salajove\/wp-content\/uploads\/sites\/3\/2022\/04\/Guia-lectura-setmana-santa-6-1536x1086.jpg 1536w, https:\/\/biblioteca.blanes.cat\/salajove\/wp-content\/uploads\/sites\/3\/2022\/04\/Guia-lectura-setmana-santa-6.jpg 1754w\" sizes=\"(max-width: 750px) 100vw, 750px\" \/> <img loading=\"lazy\" decoding=\"async\" class=\"aligncenter wp-image-6929 size-large\" src=\"https:\/\/biblioteca.blanes.cat\/salajove\/wp-content\/uploads\/sites\/3\/2022\/04\/Guia-lectura-setmana-santa-7-1024x724.jpg\" alt=\"\" width=\"750\" height=\"530\" srcset=\"https:\/\/biblioteca.blanes.cat\/salajove\/wp-content\/uploads\/sites\/3\/2022\/04\/Guia-lectura-setmana-santa-7-1024x724.jpg 1024w, https:\/\/biblioteca.blanes.cat\/salajove\/wp-content\/uploads\/sites\/3\/2022\/04\/Guia-lectura-setmana-santa-7-300x212.jpg 300w, https:\/\/biblioteca.blanes.cat\/salajove\/wp-content\/uploads\/sites\/3\/2022\/04\/Guia-lectura-setmana-santa-7-768x543.jpg 768w, https:\/\/biblioteca.blanes.cat\/salajove\/wp-content\/uploads\/sites\/3\/2022\/04\/Guia-lectura-setmana-santa-7-1536x1086.jpg 1536w, https:\/\/biblioteca.blanes.cat\/salajove\/wp-content\/uploads\/sites\/3\/2022\/04\/Guia-lectura-setmana-santa-7.jpg 1754w\" sizes=\"(max-width: 750px) 100vw, 750px\" \/> <img loading=\"lazy\" decoding=\"async\" class=\"aligncenter wp-image-6930 size-large\" src=\"https:\/\/biblioteca.blanes.cat\/salajove\/wp-content\/uploads\/sites\/3\/2022\/04\/Guia-lectura-setmana-santa-8-736x1024.jpg\" alt=\"\" width=\"736\" height=\"1024\" srcset=\"https:\/\/biblioteca.blanes.cat\/salajove\/wp-content\/uploads\/sites\/3\/2022\/04\/Guia-lectura-setmana-santa-8-736x1024.jpg 736w, https:\/\/biblioteca.blanes.cat\/salajove\/wp-content\/uploads\/sites\/3\/2022\/04\/Guia-lectura-setmana-santa-8-216x300.jpg 216w, https:\/\/biblioteca.blanes.cat\/salajove\/wp-content\/uploads\/sites\/3\/2022\/04\/Guia-lectura-setmana-santa-8-768x1068.jpg 768w, https:\/\/biblioteca.blanes.cat\/salajove\/wp-content\/uploads\/sites\/3\/2022\/04\/Guia-lectura-setmana-santa-8.jpg 894w\" sizes=\"(max-width: 736px) 100vw, 736px\" \/><\/p>\n<p>\u00a0<\/p>\n<p style=\"text-align: center;\">Ja teniu els vostres Punts a punt? Aqu\u00ed teniu els <strong>Punts de lectura de Setmana Santa<\/strong> d&#8217;aquest any! Segur que quedaran perfectes a la vostra col\u00b7lecci\u00f3.<\/p>\n<p>\u00a0<\/p>\n<p><img loading=\"lazy\" decoding=\"async\" class=\"aligncenter wp-image-6931 size-large\" src=\"https:\/\/biblioteca.blanes.cat\/salajove\/wp-content\/uploads\/sites\/3\/2022\/04\/Punt-de-llibre-1-256x1024.jpg\" alt=\"\" width=\"256\" height=\"1024\" srcset=\"https:\/\/biblioteca.blanes.cat\/salajove\/wp-content\/uploads\/sites\/3\/2022\/04\/Punt-de-llibre-1-256x1024.jpg 256w, https:\/\/biblioteca.blanes.cat\/salajove\/wp-content\/uploads\/sites\/3\/2022\/04\/Punt-de-llibre-1-75x300.jpg 75w, https:\/\/biblioteca.blanes.cat\/salajove\/wp-content\/uploads\/sites\/3\/2022\/04\/Punt-de-llibre-1.jpg 295w\" sizes=\"(max-width: 256px) 100vw, 256px\" \/><\/p>\n<p><img loading=\"lazy\" decoding=\"async\" class=\"aligncenter wp-image-6938 size-large\" src=\"https:\/\/biblioteca.blanes.cat\/salajove\/wp-content\/uploads\/sites\/3\/2022\/04\/punt-de-llibre-domingo-ramos-1-261x1024.jpg\" alt=\"\" width=\"261\" height=\"1024\" \/><\/p>\n<p>\u00a0<\/p>\n<p style=\"text-align: center;\">I com que Diumenge de Rams \u00e9s un dels dies m\u00e9s especials de la setmana&#8230; Una segona <strong>Guia de Recomanacions<\/strong>, aquesta vegada amb audiovisuals i lectures sobre el Ram. Esperem que us agradin!<\/p>\n<p>\u00a0<\/p>\n<p><img loading=\"lazy\" decoding=\"async\" class=\"aligncenter wp-image-6939 size-large\" src=\"https:\/\/biblioteca.blanes.cat\/salajove\/wp-content\/uploads\/sites\/3\/2022\/04\/Guia-domingo-ramos-1-724x1024.jpg\" alt=\"\" width=\"724\" height=\"1024\" srcset=\"https:\/\/biblioteca.blanes.cat\/salajove\/wp-content\/uploads\/sites\/3\/2022\/04\/Guia-domingo-ramos-1-724x1024.jpg 724w, https:\/\/biblioteca.blanes.cat\/salajove\/wp-content\/uploads\/sites\/3\/2022\/04\/Guia-domingo-ramos-1-212x300.jpg 212w, https:\/\/biblioteca.blanes.cat\/salajove\/wp-content\/uploads\/sites\/3\/2022\/04\/Guia-domingo-ramos-1-768x1086.jpg 768w, https:\/\/biblioteca.blanes.cat\/salajove\/wp-content\/uploads\/sites\/3\/2022\/04\/Guia-domingo-ramos-1.jpg 877w\" sizes=\"(max-width: 724px) 100vw, 724px\" \/> <img loading=\"lazy\" decoding=\"async\" class=\"aligncenter wp-image-6940 size-large\" src=\"https:\/\/biblioteca.blanes.cat\/salajove\/wp-content\/uploads\/sites\/3\/2022\/04\/Guia-domingo-ramos-2-1024x727.jpg\" alt=\"\" width=\"750\" height=\"532\" srcset=\"https:\/\/biblioteca.blanes.cat\/salajove\/wp-content\/uploads\/sites\/3\/2022\/04\/Guia-domingo-ramos-2-1024x727.jpg 1024w, https:\/\/biblioteca.blanes.cat\/salajove\/wp-content\/uploads\/sites\/3\/2022\/04\/Guia-domingo-ramos-2-300x213.jpg 300w, https:\/\/biblioteca.blanes.cat\/salajove\/wp-content\/uploads\/sites\/3\/2022\/04\/Guia-domingo-ramos-2-768x545.jpg 768w, https:\/\/biblioteca.blanes.cat\/salajove\/wp-content\/uploads\/sites\/3\/2022\/04\/Guia-domingo-ramos-2-1536x1090.jpg 1536w, https:\/\/biblioteca.blanes.cat\/salajove\/wp-content\/uploads\/sites\/3\/2022\/04\/Guia-domingo-ramos-2.jpg 1754w\" sizes=\"(max-width: 750px) 100vw, 750px\" \/> <img loading=\"lazy\" decoding=\"async\" class=\"aligncenter wp-image-6941 size-large\" src=\"https:\/\/biblioteca.blanes.cat\/salajove\/wp-content\/uploads\/sites\/3\/2022\/04\/Guia-domingo-ramos-3-1024x724.jpg\" alt=\"\" width=\"750\" height=\"530\" srcset=\"https:\/\/biblioteca.blanes.cat\/salajove\/wp-content\/uploads\/sites\/3\/2022\/04\/Guia-domingo-ramos-3-1024x724.jpg 1024w, https:\/\/biblioteca.blanes.cat\/salajove\/wp-content\/uploads\/sites\/3\/2022\/04\/Guia-domingo-ramos-3-300x212.jpg 300w, https:\/\/biblioteca.blanes.cat\/salajove\/wp-content\/uploads\/sites\/3\/2022\/04\/Guia-domingo-ramos-3-768x543.jpg 768w, https:\/\/biblioteca.blanes.cat\/salajove\/wp-content\/uploads\/sites\/3\/2022\/04\/Guia-domingo-ramos-3-1536x1086.jpg 1536w, https:\/\/biblioteca.blanes.cat\/salajove\/wp-content\/uploads\/sites\/3\/2022\/04\/Guia-domingo-ramos-3.jpg 1754w\" sizes=\"(max-width: 750px) 100vw, 750px\" \/> <img loading=\"lazy\" decoding=\"async\" class=\"aligncenter wp-image-6942 size-large\" src=\"https:\/\/biblioteca.blanes.cat\/salajove\/wp-content\/uploads\/sites\/3\/2022\/04\/Guia-domingo-ramos-4-1024x727.jpg\" alt=\"\" width=\"750\" height=\"532\" srcset=\"https:\/\/biblioteca.blanes.cat\/salajove\/wp-content\/uploads\/sites\/3\/2022\/04\/Guia-domingo-ramos-4-1024x727.jpg 1024w, https:\/\/biblioteca.blanes.cat\/salajove\/wp-content\/uploads\/sites\/3\/2022\/04\/Guia-domingo-ramos-4-300x213.jpg 300w, https:\/\/biblioteca.blanes.cat\/salajove\/wp-content\/uploads\/sites\/3\/2022\/04\/Guia-domingo-ramos-4-768x545.jpg 768w, https:\/\/biblioteca.blanes.cat\/salajove\/wp-content\/uploads\/sites\/3\/2022\/04\/Guia-domingo-ramos-4-1536x1090.jpg 1536w, https:\/\/biblioteca.blanes.cat\/salajove\/wp-content\/uploads\/sites\/3\/2022\/04\/Guia-domingo-ramos-4.jpg 1754w\" sizes=\"(max-width: 750px) 100vw, 750px\" \/> <img loading=\"lazy\" decoding=\"async\" class=\"aligncenter wp-image-6943 size-large\" src=\"https:\/\/biblioteca.blanes.cat\/salajove\/wp-content\/uploads\/sites\/3\/2022\/04\/Guia-domingo-ramos-5-1024x724.jpg\" alt=\"\" width=\"750\" height=\"530\" srcset=\"https:\/\/biblioteca.blanes.cat\/salajove\/wp-content\/uploads\/sites\/3\/2022\/04\/Guia-domingo-ramos-5-1024x724.jpg 1024w, https:\/\/biblioteca.blanes.cat\/salajove\/wp-content\/uploads\/sites\/3\/2022\/04\/Guia-domingo-ramos-5-300x212.jpg 300w, https:\/\/biblioteca.blanes.cat\/salajove\/wp-content\/uploads\/sites\/3\/2022\/04\/Guia-domingo-ramos-5-768x543.jpg 768w, https:\/\/biblioteca.blanes.cat\/salajove\/wp-content\/uploads\/sites\/3\/2022\/04\/Guia-domingo-ramos-5-1536x1086.jpg 1536w, https:\/\/biblioteca.blanes.cat\/salajove\/wp-content\/uploads\/sites\/3\/2022\/04\/Guia-domingo-ramos-5.jpg 1754w\" sizes=\"(max-width: 750px) 100vw, 750px\" \/> <img loading=\"lazy\" decoding=\"async\" class=\"aligncenter wp-image-6944 size-large\" src=\"https:\/\/biblioteca.blanes.cat\/salajove\/wp-content\/uploads\/sites\/3\/2022\/04\/Guia-domingo-ramos-6-725x1024.jpg\" alt=\"\" width=\"725\" height=\"1024\" srcset=\"https:\/\/biblioteca.blanes.cat\/salajove\/wp-content\/uploads\/sites\/3\/2022\/04\/Guia-domingo-ramos-6-725x1024.jpg 725w, https:\/\/biblioteca.blanes.cat\/salajove\/wp-content\/uploads\/sites\/3\/2022\/04\/Guia-domingo-ramos-6-212x300.jpg 212w, https:\/\/biblioteca.blanes.cat\/salajove\/wp-content\/uploads\/sites\/3\/2022\/04\/Guia-domingo-ramos-6-768x1085.jpg 768w, https:\/\/biblioteca.blanes.cat\/salajove\/wp-content\/uploads\/sites\/3\/2022\/04\/Guia-domingo-ramos-6.jpg 880w\" sizes=\"(max-width: 725px) 100vw, 725px\" \/><\/p>\n<p>\u00a0<\/p>\n<p>\u00a0<\/p>\n<p style=\"text-align: center;\">Si us han agradat aquestes Recomanacions feu una ullada<\/p>\n<p><a href=\"https:\/\/biblioteca.blanes.cat\/salajove\/raco-den-jaume\/\" target=\"_blank\" rel=\"noopener\"><img loading=\"lazy\" decoding=\"async\" class=\"aligncenter wp-image-4676 size-medium\" src=\"https:\/\/biblioteca.blanes.cat\/salajove\/wp-content\/uploads\/sites\/3\/2020\/12\/boina-raco-den-jaume-2-300x256.jpg\" alt=\"\" width=\"300\" height=\"256\" srcset=\"https:\/\/biblioteca.blanes.cat\/salajove\/wp-content\/uploads\/sites\/3\/2020\/12\/boina-raco-den-jaume-2-300x256.jpg 300w, https:\/\/biblioteca.blanes.cat\/salajove\/wp-content\/uploads\/sites\/3\/2020\/12\/boina-raco-den-jaume-2.jpg 340w\" sizes=\"(max-width: 300px) 100vw, 300px\" \/><\/a><\/p>\n","protected":false},"excerpt":{"rendered":"<p>S&#8217;acosten festes i celebracions: La Setmana Santa. Per\u00edode que compr\u00e8n des del diumenge 10 d&#8217;abril fins al dilluns 19 de Pasqua. En Jaume Pont est\u00e0 molt implicat i col\u00b7labora en tot el que pot donant suport a la Biblioteca durant<\/p>\n","protected":false},"author":4,"featured_media":4676,"comment_status":"open","ping_status":"open","sticky":false,"template":"","format":"standard","meta":{"sfsi_plus_gutenberg_text_before_share":"","sfsi_plus_gutenberg_show_text_before_share":"","sfsi_plus_gutenberg_icon_type":"","sfsi_plus_gutenberg_icon_alignemt":"","sfsi_plus_gutenburg_max_per_row":"","footnotes":""},"categories":[108],"tags":[98],"class_list":["post-6912","post","type-post","status-publish","format-standard","has-post-thumbnail","hentry","category-raco-den-jaume","tag-guia-lectura-literatura-llibres"],"yoast_head":"<!-- This site is optimized with the Yoast SEO plugin v27.5 - https:\/\/yoast.com\/product\/yoast-seo-wordpress\/ -->\n<title>Rac\u00f3 d&#039;en Jaume: Setmana Santa i Diumenge de Rams - Sala Jove<\/title>\n<meta name=\"robots\" content=\"index, follow, max-snippet:-1, max-image-preview:large, max-video-preview:-1\" \/>\n<link rel=\"canonical\" href=\"https:\/\/biblioteca.blanes.cat\/salajove\/2022\/04\/08\/raco-den-jaume-setmana-santa-i-diumenge-de-rams\/\" \/>\n<meta property=\"og:locale\" content=\"ca_ES\" \/>\n<meta property=\"og:type\" content=\"article\" \/>\n<meta property=\"og:title\" content=\"Rac\u00f3 d&#039;en Jaume: Setmana Santa i Diumenge de Rams - Sala Jove\" \/>\n<meta property=\"og:description\" content=\"S&#8217;acosten festes i celebracions: La Setmana Santa. Per\u00edode que compr\u00e8n des del diumenge 10 d&#8217;abril fins al dilluns 19 de Pasqua. En Jaume Pont est\u00e0 molt implicat i col\u00b7labora en tot el que pot donant suport a la Biblioteca durant\" \/>\n<meta property=\"og:url\" content=\"https:\/\/biblioteca.blanes.cat\/salajove\/2022\/04\/08\/raco-den-jaume-setmana-santa-i-diumenge-de-rams\/\" \/>\n<meta property=\"og:site_name\" content=\"Sala Jove\" \/>\n<meta property=\"article:publisher\" content=\"https:\/\/www.facebook.com\/BilbiotecaComarcaldeBlanes\/\" \/>\n<meta property=\"article:published_time\" content=\"2022-04-08T15:35:45+00:00\" \/>\n<meta property=\"article:modified_time\" content=\"2022-04-08T15:35:49+00:00\" \/>\n<meta property=\"og:image\" content=\"https:\/\/biblioteca.blanes.cat\/salajove\/wp-content\/uploads\/sites\/3\/2020\/12\/boina-raco-den-jaume-2.jpg\" \/>\n\t<meta property=\"og:image:width\" content=\"340\" \/>\n\t<meta property=\"og:image:height\" content=\"290\" \/>\n\t<meta property=\"og:image:type\" content=\"image\/jpeg\" \/>\n<meta name=\"author\" content=\"biblioblanes\" \/>\n<meta name=\"twitter:card\" content=\"summary_large_image\" \/>\n<meta name=\"twitter:creator\" content=\"@biblioblanes\" \/>\n<meta name=\"twitter:site\" content=\"@BiblioBlanes\" \/>\n<meta name=\"twitter:label1\" content=\"Escrit per\" \/>\n\t<meta name=\"twitter:data1\" content=\"biblioblanes\" \/>\n\t<meta name=\"twitter:label2\" content=\"Temps estimat de lectura\" \/>\n\t<meta name=\"twitter:data2\" content=\"7 minuts\" \/>\n<script type=\"application\/ld+json\" class=\"yoast-schema-graph\">{\"@context\":\"https:\\\/\\\/schema.org\",\"@graph\":[{\"@type\":\"Article\",\"@id\":\"https:\\\/\\\/biblioteca.blanes.cat\\\/salajove\\\/2022\\\/04\\\/08\\\/raco-den-jaume-setmana-santa-i-diumenge-de-rams\\\/#article\",\"isPartOf\":{\"@id\":\"https:\\\/\\\/biblioteca.blanes.cat\\\/salajove\\\/2022\\\/04\\\/08\\\/raco-den-jaume-setmana-santa-i-diumenge-de-rams\\\/\"},\"author\":{\"name\":\"biblioblanes\",\"@id\":\"https:\\\/\\\/biblioteca.blanes.cat\\\/salajove\\\/#\\\/schema\\\/person\\\/5a7b46760d9dd611d098bbf571a341dc\"},\"headline\":\"Rac\u00f3 d&#8217;en Jaume: Setmana Santa i Diumenge de Rams\",\"datePublished\":\"2022-04-08T15:35:45+00:00\",\"dateModified\":\"2022-04-08T15:35:49+00:00\",\"mainEntityOfPage\":{\"@id\":\"https:\\\/\\\/biblioteca.blanes.cat\\\/salajove\\\/2022\\\/04\\\/08\\\/raco-den-jaume-setmana-santa-i-diumenge-de-rams\\\/\"},\"wordCount\":203,\"commentCount\":0,\"publisher\":{\"@id\":\"https:\\\/\\\/biblioteca.blanes.cat\\\/salajove\\\/#organization\"},\"image\":{\"@id\":\"https:\\\/\\\/biblioteca.blanes.cat\\\/salajove\\\/2022\\\/04\\\/08\\\/raco-den-jaume-setmana-santa-i-diumenge-de-rams\\\/#primaryimage\"},\"thumbnailUrl\":\"https:\\\/\\\/biblioteca.blanes.cat\\\/salajove\\\/wp-content\\\/uploads\\\/sites\\\/3\\\/2020\\\/12\\\/boina-raco-den-jaume-2.jpg\",\"keywords\":[\"#Guia #Lectura #Literatura #Llibres\"],\"articleSection\":[\"Rac\u00f3 d'en Jaume\"],\"inLanguage\":\"ca\",\"potentialAction\":[{\"@type\":\"CommentAction\",\"name\":\"Comment\",\"target\":[\"https:\\\/\\\/biblioteca.blanes.cat\\\/salajove\\\/2022\\\/04\\\/08\\\/raco-den-jaume-setmana-santa-i-diumenge-de-rams\\\/#respond\"]}]},{\"@type\":\"WebPage\",\"@id\":\"https:\\\/\\\/biblioteca.blanes.cat\\\/salajove\\\/2022\\\/04\\\/08\\\/raco-den-jaume-setmana-santa-i-diumenge-de-rams\\\/\",\"url\":\"https:\\\/\\\/biblioteca.blanes.cat\\\/salajove\\\/2022\\\/04\\\/08\\\/raco-den-jaume-setmana-santa-i-diumenge-de-rams\\\/\",\"name\":\"Rac\u00f3 d'en Jaume: Setmana Santa i Diumenge de Rams - Sala Jove\",\"isPartOf\":{\"@id\":\"https:\\\/\\\/biblioteca.blanes.cat\\\/salajove\\\/#website\"},\"primaryImageOfPage\":{\"@id\":\"https:\\\/\\\/biblioteca.blanes.cat\\\/salajove\\\/2022\\\/04\\\/08\\\/raco-den-jaume-setmana-santa-i-diumenge-de-rams\\\/#primaryimage\"},\"image\":{\"@id\":\"https:\\\/\\\/biblioteca.blanes.cat\\\/salajove\\\/2022\\\/04\\\/08\\\/raco-den-jaume-setmana-santa-i-diumenge-de-rams\\\/#primaryimage\"},\"thumbnailUrl\":\"https:\\\/\\\/biblioteca.blanes.cat\\\/salajove\\\/wp-content\\\/uploads\\\/sites\\\/3\\\/2020\\\/12\\\/boina-raco-den-jaume-2.jpg\",\"datePublished\":\"2022-04-08T15:35:45+00:00\",\"dateModified\":\"2022-04-08T15:35:49+00:00\",\"breadcrumb\":{\"@id\":\"https:\\\/\\\/biblioteca.blanes.cat\\\/salajove\\\/2022\\\/04\\\/08\\\/raco-den-jaume-setmana-santa-i-diumenge-de-rams\\\/#breadcrumb\"},\"inLanguage\":\"ca\",\"potentialAction\":[{\"@type\":\"ReadAction\",\"target\":[\"https:\\\/\\\/biblioteca.blanes.cat\\\/salajove\\\/2022\\\/04\\\/08\\\/raco-den-jaume-setmana-santa-i-diumenge-de-rams\\\/\"]}]},{\"@type\":\"ImageObject\",\"inLanguage\":\"ca\",\"@id\":\"https:\\\/\\\/biblioteca.blanes.cat\\\/salajove\\\/2022\\\/04\\\/08\\\/raco-den-jaume-setmana-santa-i-diumenge-de-rams\\\/#primaryimage\",\"url\":\"https:\\\/\\\/biblioteca.blanes.cat\\\/salajove\\\/wp-content\\\/uploads\\\/sites\\\/3\\\/2020\\\/12\\\/boina-raco-den-jaume-2.jpg\",\"contentUrl\":\"https:\\\/\\\/biblioteca.blanes.cat\\\/salajove\\\/wp-content\\\/uploads\\\/sites\\\/3\\\/2020\\\/12\\\/boina-raco-den-jaume-2.jpg\",\"width\":340,\"height\":290},{\"@type\":\"BreadcrumbList\",\"@id\":\"https:\\\/\\\/biblioteca.blanes.cat\\\/salajove\\\/2022\\\/04\\\/08\\\/raco-den-jaume-setmana-santa-i-diumenge-de-rams\\\/#breadcrumb\",\"itemListElement\":[{\"@type\":\"ListItem\",\"position\":1,\"name\":\"Inici\",\"item\":\"https:\\\/\\\/biblioteca.blanes.cat\\\/salajove\\\/\"},{\"@type\":\"ListItem\",\"position\":2,\"name\":\"Rac\u00f3 d&#8217;en Jaume: Setmana Santa i Diumenge de Rams\"}]},{\"@type\":\"WebSite\",\"@id\":\"https:\\\/\\\/biblioteca.blanes.cat\\\/salajove\\\/#website\",\"url\":\"https:\\\/\\\/biblioteca.blanes.cat\\\/salajove\\\/\",\"name\":\"Sala Jove\",\"description\":\"Biblioteca Comarcal de Blanes\",\"publisher\":{\"@id\":\"https:\\\/\\\/biblioteca.blanes.cat\\\/salajove\\\/#organization\"},\"potentialAction\":[{\"@type\":\"SearchAction\",\"target\":{\"@type\":\"EntryPoint\",\"urlTemplate\":\"https:\\\/\\\/biblioteca.blanes.cat\\\/salajove\\\/?s={search_term_string}\"},\"query-input\":{\"@type\":\"PropertyValueSpecification\",\"valueRequired\":true,\"valueName\":\"search_term_string\"}}],\"inLanguage\":\"ca\"},{\"@type\":\"Organization\",\"@id\":\"https:\\\/\\\/biblioteca.blanes.cat\\\/salajove\\\/#organization\",\"name\":\"Biblioteca Comarcal de Blanes\",\"url\":\"https:\\\/\\\/biblioteca.blanes.cat\\\/salajove\\\/\",\"logo\":{\"@type\":\"ImageObject\",\"inLanguage\":\"ca\",\"@id\":\"https:\\\/\\\/biblioteca.blanes.cat\\\/salajove\\\/#\\\/schema\\\/logo\\\/image\\\/\",\"url\":\"https:\\\/\\\/biblioteca.blanes.cat\\\/salajove\\\/wp-content\\\/uploads\\\/sites\\\/3\\\/2017\\\/09\\\/cropped-Bib-blau-e1518869380535.png\",\"contentUrl\":\"https:\\\/\\\/biblioteca.blanes.cat\\\/salajove\\\/wp-content\\\/uploads\\\/sites\\\/3\\\/2017\\\/09\\\/cropped-Bib-blau-e1518869380535.png\",\"width\":166,\"height\":166,\"caption\":\"Biblioteca Comarcal de Blanes\"},\"image\":{\"@id\":\"https:\\\/\\\/biblioteca.blanes.cat\\\/salajove\\\/#\\\/schema\\\/logo\\\/image\\\/\"},\"sameAs\":[\"https:\\\/\\\/www.facebook.com\\\/BilbiotecaComarcaldeBlanes\\\/\",\"https:\\\/\\\/x.com\\\/BiblioBlanes\",\"https:\\\/\\\/www.instagram.com\\\/biblioblanes\\\/\",\"https:\\\/\\\/www.pinterest.es\\\/bblanes\\\/\",\"https:\\\/\\\/www.youtube.com\\\/c\\\/BibliotecaComarcalBlanes\"]},{\"@type\":\"Person\",\"@id\":\"https:\\\/\\\/biblioteca.blanes.cat\\\/salajove\\\/#\\\/schema\\\/person\\\/5a7b46760d9dd611d098bbf571a341dc\",\"name\":\"biblioblanes\",\"image\":{\"@type\":\"ImageObject\",\"inLanguage\":\"ca\",\"@id\":\"https:\\\/\\\/secure.gravatar.com\\\/avatar\\\/6593ca6cc90e5a70939f51c95e8315483b9c281bafba597292bee47992030f99?s=96&d=mm&r=g\",\"url\":\"https:\\\/\\\/secure.gravatar.com\\\/avatar\\\/6593ca6cc90e5a70939f51c95e8315483b9c281bafba597292bee47992030f99?s=96&d=mm&r=g\",\"contentUrl\":\"https:\\\/\\\/secure.gravatar.com\\\/avatar\\\/6593ca6cc90e5a70939f51c95e8315483b9c281bafba597292bee47992030f99?s=96&d=mm&r=g\",\"caption\":\"biblioblanes\"},\"sameAs\":[\"http:\\\/\\\/www.bibgirona.cat\\\/biblioteca\\\/blanes\",\"https:\\\/\\\/x.com\\\/biblioblanes\"],\"url\":\"https:\\\/\\\/biblioteca.blanes.cat\\\/salajove\\\/author\\\/biblioblanes\\\/\"}]}<\/script>\n<!-- \/ Yoast SEO plugin. -->","yoast_head_json":{"title":"Rac\u00f3 d'en Jaume: Setmana Santa i Diumenge de Rams - Sala Jove","robots":{"index":"index","follow":"follow","max-snippet":"max-snippet:-1","max-image-preview":"max-image-preview:large","max-video-preview":"max-video-preview:-1"},"canonical":"https:\/\/biblioteca.blanes.cat\/salajove\/2022\/04\/08\/raco-den-jaume-setmana-santa-i-diumenge-de-rams\/","og_locale":"ca_ES","og_type":"article","og_title":"Rac\u00f3 d'en Jaume: Setmana Santa i Diumenge de Rams - Sala Jove","og_description":"S&#8217;acosten festes i celebracions: La Setmana Santa. Per\u00edode que compr\u00e8n des del diumenge 10 d&#8217;abril fins al dilluns 19 de Pasqua. En Jaume Pont est\u00e0 molt implicat i col\u00b7labora en tot el que pot donant suport a la Biblioteca durant","og_url":"https:\/\/biblioteca.blanes.cat\/salajove\/2022\/04\/08\/raco-den-jaume-setmana-santa-i-diumenge-de-rams\/","og_site_name":"Sala Jove","article_publisher":"https:\/\/www.facebook.com\/BilbiotecaComarcaldeBlanes\/","article_published_time":"2022-04-08T15:35:45+00:00","article_modified_time":"2022-04-08T15:35:49+00:00","og_image":[{"width":340,"height":290,"url":"https:\/\/biblioteca.blanes.cat\/salajove\/wp-content\/uploads\/sites\/3\/2020\/12\/boina-raco-den-jaume-2.jpg","type":"image\/jpeg"}],"author":"biblioblanes","twitter_card":"summary_large_image","twitter_creator":"@biblioblanes","twitter_site":"@BiblioBlanes","twitter_misc":{"Escrit per":"biblioblanes","Temps estimat de lectura":"7 minuts"},"schema":{"@context":"https:\/\/schema.org","@graph":[{"@type":"Article","@id":"https:\/\/biblioteca.blanes.cat\/salajove\/2022\/04\/08\/raco-den-jaume-setmana-santa-i-diumenge-de-rams\/#article","isPartOf":{"@id":"https:\/\/biblioteca.blanes.cat\/salajove\/2022\/04\/08\/raco-den-jaume-setmana-santa-i-diumenge-de-rams\/"},"author":{"name":"biblioblanes","@id":"https:\/\/biblioteca.blanes.cat\/salajove\/#\/schema\/person\/5a7b46760d9dd611d098bbf571a341dc"},"headline":"Rac\u00f3 d&#8217;en Jaume: Setmana Santa i Diumenge de Rams","datePublished":"2022-04-08T15:35:45+00:00","dateModified":"2022-04-08T15:35:49+00:00","mainEntityOfPage":{"@id":"https:\/\/biblioteca.blanes.cat\/salajove\/2022\/04\/08\/raco-den-jaume-setmana-santa-i-diumenge-de-rams\/"},"wordCount":203,"commentCount":0,"publisher":{"@id":"https:\/\/biblioteca.blanes.cat\/salajove\/#organization"},"image":{"@id":"https:\/\/biblioteca.blanes.cat\/salajove\/2022\/04\/08\/raco-den-jaume-setmana-santa-i-diumenge-de-rams\/#primaryimage"},"thumbnailUrl":"https:\/\/biblioteca.blanes.cat\/salajove\/wp-content\/uploads\/sites\/3\/2020\/12\/boina-raco-den-jaume-2.jpg","keywords":["#Guia #Lectura #Literatura #Llibres"],"articleSection":["Rac\u00f3 d'en Jaume"],"inLanguage":"ca","potentialAction":[{"@type":"CommentAction","name":"Comment","target":["https:\/\/biblioteca.blanes.cat\/salajove\/2022\/04\/08\/raco-den-jaume-setmana-santa-i-diumenge-de-rams\/#respond"]}]},{"@type":"WebPage","@id":"https:\/\/biblioteca.blanes.cat\/salajove\/2022\/04\/08\/raco-den-jaume-setmana-santa-i-diumenge-de-rams\/","url":"https:\/\/biblioteca.blanes.cat\/salajove\/2022\/04\/08\/raco-den-jaume-setmana-santa-i-diumenge-de-rams\/","name":"Rac\u00f3 d'en Jaume: Setmana Santa i Diumenge de Rams - Sala Jove","isPartOf":{"@id":"https:\/\/biblioteca.blanes.cat\/salajove\/#website"},"primaryImageOfPage":{"@id":"https:\/\/biblioteca.blanes.cat\/salajove\/2022\/04\/08\/raco-den-jaume-setmana-santa-i-diumenge-de-rams\/#primaryimage"},"image":{"@id":"https:\/\/biblioteca.blanes.cat\/salajove\/2022\/04\/08\/raco-den-jaume-setmana-santa-i-diumenge-de-rams\/#primaryimage"},"thumbnailUrl":"https:\/\/biblioteca.blanes.cat\/salajove\/wp-content\/uploads\/sites\/3\/2020\/12\/boina-raco-den-jaume-2.jpg","datePublished":"2022-04-08T15:35:45+00:00","dateModified":"2022-04-08T15:35:49+00:00","breadcrumb":{"@id":"https:\/\/biblioteca.blanes.cat\/salajove\/2022\/04\/08\/raco-den-jaume-setmana-santa-i-diumenge-de-rams\/#breadcrumb"},"inLanguage":"ca","potentialAction":[{"@type":"ReadAction","target":["https:\/\/biblioteca.blanes.cat\/salajove\/2022\/04\/08\/raco-den-jaume-setmana-santa-i-diumenge-de-rams\/"]}]},{"@type":"ImageObject","inLanguage":"ca","@id":"https:\/\/biblioteca.blanes.cat\/salajove\/2022\/04\/08\/raco-den-jaume-setmana-santa-i-diumenge-de-rams\/#primaryimage","url":"https:\/\/biblioteca.blanes.cat\/salajove\/wp-content\/uploads\/sites\/3\/2020\/12\/boina-raco-den-jaume-2.jpg","contentUrl":"https:\/\/biblioteca.blanes.cat\/salajove\/wp-content\/uploads\/sites\/3\/2020\/12\/boina-raco-den-jaume-2.jpg","width":340,"height":290},{"@type":"BreadcrumbList","@id":"https:\/\/biblioteca.blanes.cat\/salajove\/2022\/04\/08\/raco-den-jaume-setmana-santa-i-diumenge-de-rams\/#breadcrumb","itemListElement":[{"@type":"ListItem","position":1,"name":"Inici","item":"https:\/\/biblioteca.blanes.cat\/salajove\/"},{"@type":"ListItem","position":2,"name":"Rac\u00f3 d&#8217;en Jaume: Setmana Santa i Diumenge de Rams"}]},{"@type":"WebSite","@id":"https:\/\/biblioteca.blanes.cat\/salajove\/#website","url":"https:\/\/biblioteca.blanes.cat\/salajove\/","name":"Sala Jove","description":"Biblioteca Comarcal de Blanes","publisher":{"@id":"https:\/\/biblioteca.blanes.cat\/salajove\/#organization"},"potentialAction":[{"@type":"SearchAction","target":{"@type":"EntryPoint","urlTemplate":"https:\/\/biblioteca.blanes.cat\/salajove\/?s={search_term_string}"},"query-input":{"@type":"PropertyValueSpecification","valueRequired":true,"valueName":"search_term_string"}}],"inLanguage":"ca"},{"@type":"Organization","@id":"https:\/\/biblioteca.blanes.cat\/salajove\/#organization","name":"Biblioteca Comarcal de Blanes","url":"https:\/\/biblioteca.blanes.cat\/salajove\/","logo":{"@type":"ImageObject","inLanguage":"ca","@id":"https:\/\/biblioteca.blanes.cat\/salajove\/#\/schema\/logo\/image\/","url":"https:\/\/biblioteca.blanes.cat\/salajove\/wp-content\/uploads\/sites\/3\/2017\/09\/cropped-Bib-blau-e1518869380535.png","contentUrl":"https:\/\/biblioteca.blanes.cat\/salajove\/wp-content\/uploads\/sites\/3\/2017\/09\/cropped-Bib-blau-e1518869380535.png","width":166,"height":166,"caption":"Biblioteca Comarcal de Blanes"},"image":{"@id":"https:\/\/biblioteca.blanes.cat\/salajove\/#\/schema\/logo\/image\/"},"sameAs":["https:\/\/www.facebook.com\/BilbiotecaComarcaldeBlanes\/","https:\/\/x.com\/BiblioBlanes","https:\/\/www.instagram.com\/biblioblanes\/","https:\/\/www.pinterest.es\/bblanes\/","https:\/\/www.youtube.com\/c\/BibliotecaComarcalBlanes"]},{"@type":"Person","@id":"https:\/\/biblioteca.blanes.cat\/salajove\/#\/schema\/person\/5a7b46760d9dd611d098bbf571a341dc","name":"biblioblanes","image":{"@type":"ImageObject","inLanguage":"ca","@id":"https:\/\/secure.gravatar.com\/avatar\/6593ca6cc90e5a70939f51c95e8315483b9c281bafba597292bee47992030f99?s=96&d=mm&r=g","url":"https:\/\/secure.gravatar.com\/avatar\/6593ca6cc90e5a70939f51c95e8315483b9c281bafba597292bee47992030f99?s=96&d=mm&r=g","contentUrl":"https:\/\/secure.gravatar.com\/avatar\/6593ca6cc90e5a70939f51c95e8315483b9c281bafba597292bee47992030f99?s=96&d=mm&r=g","caption":"biblioblanes"},"sameAs":["http:\/\/www.bibgirona.cat\/biblioteca\/blanes","https:\/\/x.com\/biblioblanes"],"url":"https:\/\/biblioteca.blanes.cat\/salajove\/author\/biblioblanes\/"}]}},"_links":{"self":[{"href":"https:\/\/biblioteca.blanes.cat\/salajove\/wp-json\/wp\/v2\/posts\/6912","targetHints":{"allow":["GET"]}}],"collection":[{"href":"https:\/\/biblioteca.blanes.cat\/salajove\/wp-json\/wp\/v2\/posts"}],"about":[{"href":"https:\/\/biblioteca.blanes.cat\/salajove\/wp-json\/wp\/v2\/types\/post"}],"author":[{"embeddable":true,"href":"https:\/\/biblioteca.blanes.cat\/salajove\/wp-json\/wp\/v2\/users\/4"}],"replies":[{"embeddable":true,"href":"https:\/\/biblioteca.blanes.cat\/salajove\/wp-json\/wp\/v2\/comments?post=6912"}],"version-history":[{"count":4,"href":"https:\/\/biblioteca.blanes.cat\/salajove\/wp-json\/wp\/v2\/posts\/6912\/revisions"}],"predecessor-version":[{"id":6951,"href":"https:\/\/biblioteca.blanes.cat\/salajove\/wp-json\/wp\/v2\/posts\/6912\/revisions\/6951"}],"wp:featuredmedia":[{"embeddable":true,"href":"https:\/\/biblioteca.blanes.cat\/salajove\/wp-json\/wp\/v2\/media\/4676"}],"wp:attachment":[{"href":"https:\/\/biblioteca.blanes.cat\/salajove\/wp-json\/wp\/v2\/media?parent=6912"}],"wp:term":[{"taxonomy":"category","embeddable":true,"href":"https:\/\/biblioteca.blanes.cat\/salajove\/wp-json\/wp\/v2\/categories?post=6912"},{"taxonomy":"post_tag","embeddable":true,"href":"https:\/\/biblioteca.blanes.cat\/salajove\/wp-json\/wp\/v2\/tags?post=6912"}],"curies":[{"name":"wp","href":"https:\/\/api.w.org\/{rel}","templated":true}]}}