{"id":687,"date":"2017-11-07T14:42:17","date_gmt":"2017-11-07T13:42:17","guid":{"rendered":"https:\/\/biblioteca.blanes.cat\/salajove\/?p=687"},"modified":"2018-01-08T10:22:00","modified_gmt":"2018-01-08T09:22:00","slug":"anna-frank","status":"publish","type":"post","link":"https:\/\/biblioteca.blanes.cat\/salajove\/2017\/11\/07\/anna-frank\/","title":{"rendered":"DIARI DE L&#8217;ANNA FRANK"},"content":{"rendered":"<h1 style=\"text-align: center;\"><em>&#8220;No quiero haver vivido en vano como la<\/em><em>\u00a0mayor\u00eda de la<\/em><em>\u00a0gente. Quiero ser \u00fatil o llevar alegr\u00eda a la g<\/em><em>ente, incluso l<\/em><em>as que nu<\/em><em>nca cono<\/em><em>c\u00ed. Quiero seguir viviendo incluso tras mi muerte.&#8221;<\/em><\/h1>\n<p style=\"text-align: justify;\">Avui us vull parlar d\u2019un llibre que m\u2019ha recomanat el meu germ\u00e0: El diari de ANNA FRANK. No \u00e9s un llibre amable .<\/p>\n<p style=\"text-align: justify;\">Per a mi \u00e9s un dels llibres m\u00e9s importants de la hist\u00f2ria del s. XX. \u00c9s un testimoni real sobre l\u2019Holocaust.<\/p>\n<p><img fetchpriority=\"high\" decoding=\"async\" class=\"alignright\" src=\"https:\/\/imagessl4.casadellibro.com\/a\/l\/t0\/84\/9788401390784.jpg\" width=\"262\" height=\"404\" \/><\/p>\n<p style=\"text-align: left;\">L\u2019Holocaust \u00e9s una de les parts m\u00e9s cruels de la hist\u00f2ria de la humanitat. Si busqueu aquesta paraula al diccionari vol dir \u201cmatan\u00e7a massiva d\u2019\u00e9ssers humans\u201d i aix\u00f2 \u00e9s el que va ser.<\/p>\n<p style=\"text-align: justify;\">Entre 1940 i 1945 la bogeria d\u2019Adolf Hitler a trav\u00e9s del nazisme va dirigir la persecuci\u00f3 i l\u2019assassinat d\u201911 MILIONS d\u2019\u00e9ssers humans . Per aix\u00f2 us dic que no \u00e9s un llibre amable, per\u00f2 \u00e9s un llibre que CAL llegir, perqu\u00e8 sapiguem el que va passar, no ho oblidem i perqu\u00e8 no torni a passar mai m\u00e9s.<\/p>\n<p style=\"text-align: justify;\">L\u2019autora d\u2019aquest diari \u00e9s la protagonista, l\u2019Anna Frank.<\/p>\n<p style=\"text-align: justify;\">El 13 de juny de 1942 l\u2019Anna, una adolescent feli\u00e7, xerraire, conquistadora, gran lectora i amb ganes de menjar-se el m\u00f3n com a periodista i escriptora, rep com a regal d\u2019aniversari, un diari. L\u2019Anna hi comen\u00e7a a escriure cartes dirigides a la Kitty, nom que ella li posa al diari. A trav\u00e9s d\u2019aquestes cartes sabrem com ella i la seva fam\u00edlia van viure amagats dels nazis durant 2 anys, a \u201cla casa del darrera\u201c, darrera d\u2019una porta secreta&#8230;<\/p>\n<h2 style=\"text-align: center;\">No us penseu que sigui un llibre trist, hi ha moments de tot. Aix\u00f2 s\u00ed, heu d\u2019estar preparats per viure moments molt intensos. Les reflexions m\u00e9s \u00edntimes de l\u2019Anna us faran pensar, l\u2019instint de superviv\u00e8ncia de l\u2019Anna us emocionar\u00e0, els tocs d\u2019humor dels personatges us descol\u00b7locaran i la imaginaci\u00f3 i fantasia desbordant de l\u2019Anna us meravellar\u00e0.<\/h2>\n<p style=\"text-align: left;\">La tensi\u00f3 a traves dels sorolls&#8230; \u00c9s un altre element important en aquest llibre: sorolls a l\u2019altre banda de la porta, trucades inesperades a la porta, sorolls de bombardejos i dispars a poca dist\u00e0ncia&#8230; Aquests fets m\u2019han arribat com si estigu\u00e9s all\u00e0 present i em pujava l\u2019adrenalina com si estigu\u00e9s dins de \u201cla casa del darrera\u201d.<\/p>\n<p style=\"text-align: justify;\">L\u2019amor tamb\u00e9 \u00e9s important en aquesta hist\u00f2ria. Primer l\u2019amor entranyable de l\u2019Anna pel seu pare, i despr\u00e9s les seves aventures rom\u00e0ntiques d\u2019adolescent fins que arriba la persona que \u00e9s adequada per ella i s\u2019enamora. I \u00e9s que de l\u2019odi a l\u2019amor nom\u00e9s hi ha un pas. Llegiu-vos-el i m\u2019entendreu&#8230;<\/p>\n<p style=\"text-align: justify;\">El llibre esta ple de frases de l\u2019Anna, pensaments ca\u00e7ats al vol i escrits en forma de frases curtes. Jo n\u2019he recollit unes quantes:<\/p>\n<p style=\"text-align: center;\"><em>&#8220;Quien sea feliz tambi\u00e9n har\u00e1 feliz a otros.&#8221;<\/em><\/p>\n<p style=\"text-align: center;\"><em>&#8220;A pesar de todo, pienso que la gente es buena de coraz\u00f3n.&#8221;<\/em><\/p>\n<p style=\"text-align: center;\"><em>&#8220;No pienso en toda la desgracia, sino en toda la belleza que a\u00fan permanece.&#8221;<\/em><\/p>\n<h2 style=\"text-align: center;\"><em>&#8220;El papel tiene m\u00e1s paciencia que la gente.&#8221;<\/em><\/h2>\n<p style=\"text-align: center;\"><em>&#8220;Simplemente no puedo construir mis esperanzas en una base de confusi\u00f3n, desgracia y muerte. Pienso que la paz y la tranquilidad volver\u00e1n de nuevo.&#8221;<\/em><\/p>\n<p style=\"text-align: center;\"><em>&#8220;Ganarse la felicidad significa hacer el bien y trabajar, no especular y ser perezoso. La pereza puede parecer atractiva, pero solo el trabajo te da la verdadera satisfacci\u00f3n.&#8221;<\/em><\/p>\n<p style=\"text-align: center;\"><em>&#8220;El llanto es capaz de proporcionar alivio, pero tiene que haber alguien con quien llorar.&#8221;<\/em><\/p>\n<p style=\"text-align: justify;\">I ara unes an\u00e8cdotes:<\/p>\n<p style=\"text-align: justify;\">&#8211; Anna Frank es dirigia sempre al seu diari com si parles a una amiga. Sempre comen\u00e7ava les seves cartes amb un \u201cEstimada Kitty\u201d. Temps despr\u00e9s es va descobrir que el nom de Kitty feia refer\u00e8ncia a una companya d\u2019escola de l\u2019Anna a qui es dirigia aix\u00ed carinyosament.<\/p>\n<p style=\"text-align: justify;\">-A l\u2019actualitat la casa on va estar amagada l\u2019Anna Frank i la seva fam\u00edlia \u00e9s un centre social que impulsa diverses activitats culturals.<\/p>\n<p style=\"text-align: justify;\">-Va ser el pare de l\u2019Anna Frank el que va decidir publicar el diari de la seva filla, perqu\u00e8 sabia que la seva filla tenia el desig de ser una gran escriptora i perqu\u00e8 volia difondre el seu missatge d\u2019esperan\u00e7a \u201cno pensis en la mis\u00e8ria, pensa en tota la bellesa que queda al teu voltant i sigues feli\u00e7\u201d<\/p>\n<p style=\"text-align: justify;\">He escrit aquesta recomanaci\u00f3 junt amb el meu germ\u00e0. M\u2019ha agradat molt poder compartir aquesta lectura amb ell, quasi mai coincidim amb els llibres.<\/p>\n<p style=\"text-align: justify;\">L\u2019Anna Frank va escriure en el seu diari:<\/p>\n<h2 style=\"text-align: center;\"><em>\u201cEscriure un diari \u00e9s una experi\u00e8ncia estranya per alg\u00fa com jo. No nom\u00e9s perqu\u00e8 mai abans havia escrit algo aix\u00ed, sin\u00f3 tamb\u00e9 perqu\u00e8 em sembla que en el futur, ni jo ni ning\u00fa estar\u00e0 interessat en les reflexions d\u2019una nena de 13 anys. Per\u00f2 b\u00e9, no importa. Tinc ganes d\u2019 escriure.\u201d<\/em><\/h2>\n<p style=\"text-align: justify;\">Us animo no nom\u00e9s a llegir el llibre sin\u00f3 tamb\u00e9 a compartir-lo amb els vostres germans i amics&#8230; Junts podem fer que ens interessi i ens importi per sempre!!!!!!!! A l\u2019Anna li agradaria molt.<\/p>\n","protected":false},"excerpt":{"rendered":"<p>&#8220;No quiero haver vivido en vano como la\u00a0mayor\u00eda de la\u00a0gente. Quiero ser \u00fatil o llevar alegr\u00eda a la gente, incluso las que nunca conoc\u00ed. Quiero seguir viviendo incluso tras mi muerte.&#8221; Avui us vull parlar d\u2019un llibre que m\u2019ha recomanat<\/p>\n","protected":false},"author":6,"featured_media":154,"comment_status":"open","ping_status":"open","sticky":false,"template":"","format":"standard","meta":{"sfsi_plus_gutenberg_text_before_share":"","sfsi_plus_gutenberg_show_text_before_share":"","sfsi_plus_gutenberg_icon_type":"","sfsi_plus_gutenberg_icon_alignemt":"","sfsi_plus_gutenburg_max_per_row":"","footnotes":""},"categories":[1,9,11],"tags":[33,26,19,21,23],"class_list":["post-687","post","type-post","status-publish","format-standard","has-post-thumbnail","hentry","category-general","category-raco-de-la-paula","category-classic","tag-el-raco-de-la-paula","tag-lectura","tag-literatura","tag-llibres","tag-sinopsi"],"yoast_head":"<!-- This site is optimized with the Yoast SEO plugin v27.5 - https:\/\/yoast.com\/product\/yoast-seo-wordpress\/ -->\n<title>Cl\u00e0ssic: Sala Jove: DIARI DE ANNA FRANK de ANNA FRANK<\/title>\n<meta name=\"description\" content=\"Les reflexions m\u00e9s \u00edntimes de l&#039;ANNA FRANK us faran pensar, l\u2019instint de superviv\u00e8ncia de l\u2019Anna us emocionar\u00e0, els tocs d&#039;humor d&#039;uns personatges us...\" \/>\n<meta name=\"robots\" content=\"index, follow, max-snippet:-1, max-image-preview:large, max-video-preview:-1\" \/>\n<link rel=\"canonical\" href=\"https:\/\/biblioteca.blanes.cat\/salajove\/2017\/11\/07\/anna-frank\/\" \/>\n<meta property=\"og:locale\" content=\"ca_ES\" \/>\n<meta property=\"og:type\" content=\"article\" \/>\n<meta property=\"og:title\" content=\"Cl\u00e0ssic: Sala Jove: DIARI DE ANNA FRANK de ANNA FRANK\" \/>\n<meta property=\"og:description\" content=\"Les reflexions m\u00e9s \u00edntimes de l&#039;ANNA FRANK us faran pensar, l\u2019instint de superviv\u00e8ncia de l\u2019Anna us emocionar\u00e0, els tocs d&#039;humor d&#039;uns personatges us...\" \/>\n<meta property=\"og:url\" content=\"https:\/\/biblioteca.blanes.cat\/salajove\/2017\/11\/07\/anna-frank\/\" \/>\n<meta property=\"og:site_name\" content=\"Sala Jove\" \/>\n<meta property=\"article:publisher\" content=\"https:\/\/www.facebook.com\/BilbiotecaComarcaldeBlanes\/\" \/>\n<meta property=\"article:published_time\" content=\"2017-11-07T13:42:17+00:00\" \/>\n<meta property=\"article:modified_time\" content=\"2018-01-08T09:22:00+00:00\" \/>\n<meta property=\"og:image\" content=\"https:\/\/biblioteca.blanes.cat\/salajove\/wp-content\/uploads\/sites\/3\/2017\/10\/Destacat_rac\u00f3_Paula.png\" \/>\n\t<meta property=\"og:image:width\" content=\"3719\" \/>\n\t<meta property=\"og:image:height\" content=\"2265\" \/>\n\t<meta property=\"og:image:type\" content=\"image\/png\" \/>\n<meta name=\"author\" content=\"paula\" \/>\n<meta name=\"twitter:card\" content=\"summary_large_image\" \/>\n<meta name=\"twitter:creator\" content=\"@BiblioBlanes\" \/>\n<meta name=\"twitter:site\" content=\"@BiblioBlanes\" \/>\n<meta name=\"twitter:label1\" content=\"Escrit per\" \/>\n\t<meta name=\"twitter:data1\" content=\"paula\" \/>\n\t<meta name=\"twitter:label2\" content=\"Temps estimat de lectura\" \/>\n\t<meta name=\"twitter:data2\" content=\"4 minuts\" \/>\n<script type=\"application\/ld+json\" class=\"yoast-schema-graph\">{\"@context\":\"https:\\\/\\\/schema.org\",\"@graph\":[{\"@type\":\"Article\",\"@id\":\"https:\\\/\\\/biblioteca.blanes.cat\\\/salajove\\\/2017\\\/11\\\/07\\\/anna-frank\\\/#article\",\"isPartOf\":{\"@id\":\"https:\\\/\\\/biblioteca.blanes.cat\\\/salajove\\\/2017\\\/11\\\/07\\\/anna-frank\\\/\"},\"author\":{\"name\":\"paula\",\"@id\":\"https:\\\/\\\/biblioteca.blanes.cat\\\/salajove\\\/#\\\/schema\\\/person\\\/8dbc45cdf5d1c7e2d100d147517ba7f3\"},\"headline\":\"DIARI DE L&#8217;ANNA FRANK\",\"datePublished\":\"2017-11-07T13:42:17+00:00\",\"dateModified\":\"2018-01-08T09:22:00+00:00\",\"mainEntityOfPage\":{\"@id\":\"https:\\\/\\\/biblioteca.blanes.cat\\\/salajove\\\/2017\\\/11\\\/07\\\/anna-frank\\\/\"},\"wordCount\":884,\"commentCount\":0,\"publisher\":{\"@id\":\"https:\\\/\\\/biblioteca.blanes.cat\\\/salajove\\\/#organization\"},\"image\":{\"@id\":\"https:\\\/\\\/biblioteca.blanes.cat\\\/salajove\\\/2017\\\/11\\\/07\\\/anna-frank\\\/#primaryimage\"},\"thumbnailUrl\":\"https:\\\/\\\/biblioteca.blanes.cat\\\/salajove\\\/wp-content\\\/uploads\\\/sites\\\/3\\\/2017\\\/10\\\/Destacat_rac\u00f3_Paula.png\",\"keywords\":[\"#ElRac\u00f3delaPaula\",\"#Lectura\",\"#Literatura\",\"#Llibres\",\"#Sinopsi\"],\"articleSection\":[\"Not\u00edcies\",\"Rac\u00f3 de la Paula\",\"RP_Cl\u00e0ssic\"],\"inLanguage\":\"ca\",\"potentialAction\":[{\"@type\":\"CommentAction\",\"name\":\"Comment\",\"target\":[\"https:\\\/\\\/biblioteca.blanes.cat\\\/salajove\\\/2017\\\/11\\\/07\\\/anna-frank\\\/#respond\"]}]},{\"@type\":\"WebPage\",\"@id\":\"https:\\\/\\\/biblioteca.blanes.cat\\\/salajove\\\/2017\\\/11\\\/07\\\/anna-frank\\\/\",\"url\":\"https:\\\/\\\/biblioteca.blanes.cat\\\/salajove\\\/2017\\\/11\\\/07\\\/anna-frank\\\/\",\"name\":\"Cl\u00e0ssic: Sala Jove: DIARI DE ANNA FRANK de ANNA FRANK\",\"isPartOf\":{\"@id\":\"https:\\\/\\\/biblioteca.blanes.cat\\\/salajove\\\/#website\"},\"primaryImageOfPage\":{\"@id\":\"https:\\\/\\\/biblioteca.blanes.cat\\\/salajove\\\/2017\\\/11\\\/07\\\/anna-frank\\\/#primaryimage\"},\"image\":{\"@id\":\"https:\\\/\\\/biblioteca.blanes.cat\\\/salajove\\\/2017\\\/11\\\/07\\\/anna-frank\\\/#primaryimage\"},\"thumbnailUrl\":\"https:\\\/\\\/biblioteca.blanes.cat\\\/salajove\\\/wp-content\\\/uploads\\\/sites\\\/3\\\/2017\\\/10\\\/Destacat_rac\u00f3_Paula.png\",\"datePublished\":\"2017-11-07T13:42:17+00:00\",\"dateModified\":\"2018-01-08T09:22:00+00:00\",\"description\":\"Les reflexions m\u00e9s \u00edntimes de l'ANNA FRANK us faran pensar, l\u2019instint de superviv\u00e8ncia de l\u2019Anna us emocionar\u00e0, els tocs d'humor d'uns personatges us...\",\"breadcrumb\":{\"@id\":\"https:\\\/\\\/biblioteca.blanes.cat\\\/salajove\\\/2017\\\/11\\\/07\\\/anna-frank\\\/#breadcrumb\"},\"inLanguage\":\"ca\",\"potentialAction\":[{\"@type\":\"ReadAction\",\"target\":[\"https:\\\/\\\/biblioteca.blanes.cat\\\/salajove\\\/2017\\\/11\\\/07\\\/anna-frank\\\/\"]}]},{\"@type\":\"ImageObject\",\"inLanguage\":\"ca\",\"@id\":\"https:\\\/\\\/biblioteca.blanes.cat\\\/salajove\\\/2017\\\/11\\\/07\\\/anna-frank\\\/#primaryimage\",\"url\":\"https:\\\/\\\/biblioteca.blanes.cat\\\/salajove\\\/wp-content\\\/uploads\\\/sites\\\/3\\\/2017\\\/10\\\/Destacat_rac\u00f3_Paula.png\",\"contentUrl\":\"https:\\\/\\\/biblioteca.blanes.cat\\\/salajove\\\/wp-content\\\/uploads\\\/sites\\\/3\\\/2017\\\/10\\\/Destacat_rac\u00f3_Paula.png\",\"width\":3719,\"height\":2265,\"caption\":\"Rac\u00f3 de la Paula\"},{\"@type\":\"BreadcrumbList\",\"@id\":\"https:\\\/\\\/biblioteca.blanes.cat\\\/salajove\\\/2017\\\/11\\\/07\\\/anna-frank\\\/#breadcrumb\",\"itemListElement\":[{\"@type\":\"ListItem\",\"position\":1,\"name\":\"Inici\",\"item\":\"https:\\\/\\\/biblioteca.blanes.cat\\\/salajove\\\/\"},{\"@type\":\"ListItem\",\"position\":2,\"name\":\"DIARI DE L&#8217;ANNA FRANK\"}]},{\"@type\":\"WebSite\",\"@id\":\"https:\\\/\\\/biblioteca.blanes.cat\\\/salajove\\\/#website\",\"url\":\"https:\\\/\\\/biblioteca.blanes.cat\\\/salajove\\\/\",\"name\":\"Sala Jove\",\"description\":\"Biblioteca Comarcal de Blanes\",\"publisher\":{\"@id\":\"https:\\\/\\\/biblioteca.blanes.cat\\\/salajove\\\/#organization\"},\"potentialAction\":[{\"@type\":\"SearchAction\",\"target\":{\"@type\":\"EntryPoint\",\"urlTemplate\":\"https:\\\/\\\/biblioteca.blanes.cat\\\/salajove\\\/?s={search_term_string}\"},\"query-input\":{\"@type\":\"PropertyValueSpecification\",\"valueRequired\":true,\"valueName\":\"search_term_string\"}}],\"inLanguage\":\"ca\"},{\"@type\":\"Organization\",\"@id\":\"https:\\\/\\\/biblioteca.blanes.cat\\\/salajove\\\/#organization\",\"name\":\"Biblioteca Comarcal de Blanes\",\"url\":\"https:\\\/\\\/biblioteca.blanes.cat\\\/salajove\\\/\",\"logo\":{\"@type\":\"ImageObject\",\"inLanguage\":\"ca\",\"@id\":\"https:\\\/\\\/biblioteca.blanes.cat\\\/salajove\\\/#\\\/schema\\\/logo\\\/image\\\/\",\"url\":\"https:\\\/\\\/biblioteca.blanes.cat\\\/salajove\\\/wp-content\\\/uploads\\\/sites\\\/3\\\/2017\\\/09\\\/cropped-Bib-blau-e1518869380535.png\",\"contentUrl\":\"https:\\\/\\\/biblioteca.blanes.cat\\\/salajove\\\/wp-content\\\/uploads\\\/sites\\\/3\\\/2017\\\/09\\\/cropped-Bib-blau-e1518869380535.png\",\"width\":166,\"height\":166,\"caption\":\"Biblioteca Comarcal de Blanes\"},\"image\":{\"@id\":\"https:\\\/\\\/biblioteca.blanes.cat\\\/salajove\\\/#\\\/schema\\\/logo\\\/image\\\/\"},\"sameAs\":[\"https:\\\/\\\/www.facebook.com\\\/BilbiotecaComarcaldeBlanes\\\/\",\"https:\\\/\\\/x.com\\\/BiblioBlanes\",\"https:\\\/\\\/www.instagram.com\\\/biblioblanes\\\/\",\"https:\\\/\\\/www.pinterest.es\\\/bblanes\\\/\",\"https:\\\/\\\/www.youtube.com\\\/c\\\/BibliotecaComarcalBlanes\"]},{\"@type\":\"Person\",\"@id\":\"https:\\\/\\\/biblioteca.blanes.cat\\\/salajove\\\/#\\\/schema\\\/person\\\/8dbc45cdf5d1c7e2d100d147517ba7f3\",\"name\":\"paula\",\"image\":{\"@type\":\"ImageObject\",\"inLanguage\":\"ca\",\"@id\":\"https:\\\/\\\/secure.gravatar.com\\\/avatar\\\/7dc0a9399589f36ddc6864e8335b73854871aa22921ee390cb50776e7ddfc136?s=96&d=mm&r=g\",\"url\":\"https:\\\/\\\/secure.gravatar.com\\\/avatar\\\/7dc0a9399589f36ddc6864e8335b73854871aa22921ee390cb50776e7ddfc136?s=96&d=mm&r=g\",\"contentUrl\":\"https:\\\/\\\/secure.gravatar.com\\\/avatar\\\/7dc0a9399589f36ddc6864e8335b73854871aa22921ee390cb50776e7ddfc136?s=96&d=mm&r=g\",\"caption\":\"paula\"},\"url\":\"https:\\\/\\\/biblioteca.blanes.cat\\\/salajove\\\/author\\\/paula\\\/\"}]}<\/script>\n<!-- \/ Yoast SEO plugin. -->","yoast_head_json":{"title":"Cl\u00e0ssic: Sala Jove: DIARI DE ANNA FRANK de ANNA FRANK","description":"Les reflexions m\u00e9s \u00edntimes de l'ANNA FRANK us faran pensar, l\u2019instint de superviv\u00e8ncia de l\u2019Anna us emocionar\u00e0, els tocs d'humor d'uns personatges us...","robots":{"index":"index","follow":"follow","max-snippet":"max-snippet:-1","max-image-preview":"max-image-preview:large","max-video-preview":"max-video-preview:-1"},"canonical":"https:\/\/biblioteca.blanes.cat\/salajove\/2017\/11\/07\/anna-frank\/","og_locale":"ca_ES","og_type":"article","og_title":"Cl\u00e0ssic: Sala Jove: DIARI DE ANNA FRANK de ANNA FRANK","og_description":"Les reflexions m\u00e9s \u00edntimes de l'ANNA FRANK us faran pensar, l\u2019instint de superviv\u00e8ncia de l\u2019Anna us emocionar\u00e0, els tocs d'humor d'uns personatges us...","og_url":"https:\/\/biblioteca.blanes.cat\/salajove\/2017\/11\/07\/anna-frank\/","og_site_name":"Sala Jove","article_publisher":"https:\/\/www.facebook.com\/BilbiotecaComarcaldeBlanes\/","article_published_time":"2017-11-07T13:42:17+00:00","article_modified_time":"2018-01-08T09:22:00+00:00","og_image":[{"width":3719,"height":2265,"url":"https:\/\/biblioteca.blanes.cat\/salajove\/wp-content\/uploads\/sites\/3\/2017\/10\/Destacat_rac\u00f3_Paula.png","type":"image\/png"}],"author":"paula","twitter_card":"summary_large_image","twitter_creator":"@BiblioBlanes","twitter_site":"@BiblioBlanes","twitter_misc":{"Escrit per":"paula","Temps estimat de lectura":"4 minuts"},"schema":{"@context":"https:\/\/schema.org","@graph":[{"@type":"Article","@id":"https:\/\/biblioteca.blanes.cat\/salajove\/2017\/11\/07\/anna-frank\/#article","isPartOf":{"@id":"https:\/\/biblioteca.blanes.cat\/salajove\/2017\/11\/07\/anna-frank\/"},"author":{"name":"paula","@id":"https:\/\/biblioteca.blanes.cat\/salajove\/#\/schema\/person\/8dbc45cdf5d1c7e2d100d147517ba7f3"},"headline":"DIARI DE L&#8217;ANNA FRANK","datePublished":"2017-11-07T13:42:17+00:00","dateModified":"2018-01-08T09:22:00+00:00","mainEntityOfPage":{"@id":"https:\/\/biblioteca.blanes.cat\/salajove\/2017\/11\/07\/anna-frank\/"},"wordCount":884,"commentCount":0,"publisher":{"@id":"https:\/\/biblioteca.blanes.cat\/salajove\/#organization"},"image":{"@id":"https:\/\/biblioteca.blanes.cat\/salajove\/2017\/11\/07\/anna-frank\/#primaryimage"},"thumbnailUrl":"https:\/\/biblioteca.blanes.cat\/salajove\/wp-content\/uploads\/sites\/3\/2017\/10\/Destacat_rac\u00f3_Paula.png","keywords":["#ElRac\u00f3delaPaula","#Lectura","#Literatura","#Llibres","#Sinopsi"],"articleSection":["Not\u00edcies","Rac\u00f3 de la Paula","RP_Cl\u00e0ssic"],"inLanguage":"ca","potentialAction":[{"@type":"CommentAction","name":"Comment","target":["https:\/\/biblioteca.blanes.cat\/salajove\/2017\/11\/07\/anna-frank\/#respond"]}]},{"@type":"WebPage","@id":"https:\/\/biblioteca.blanes.cat\/salajove\/2017\/11\/07\/anna-frank\/","url":"https:\/\/biblioteca.blanes.cat\/salajove\/2017\/11\/07\/anna-frank\/","name":"Cl\u00e0ssic: Sala Jove: DIARI DE ANNA FRANK de ANNA FRANK","isPartOf":{"@id":"https:\/\/biblioteca.blanes.cat\/salajove\/#website"},"primaryImageOfPage":{"@id":"https:\/\/biblioteca.blanes.cat\/salajove\/2017\/11\/07\/anna-frank\/#primaryimage"},"image":{"@id":"https:\/\/biblioteca.blanes.cat\/salajove\/2017\/11\/07\/anna-frank\/#primaryimage"},"thumbnailUrl":"https:\/\/biblioteca.blanes.cat\/salajove\/wp-content\/uploads\/sites\/3\/2017\/10\/Destacat_rac\u00f3_Paula.png","datePublished":"2017-11-07T13:42:17+00:00","dateModified":"2018-01-08T09:22:00+00:00","description":"Les reflexions m\u00e9s \u00edntimes de l'ANNA FRANK us faran pensar, l\u2019instint de superviv\u00e8ncia de l\u2019Anna us emocionar\u00e0, els tocs d'humor d'uns personatges us...","breadcrumb":{"@id":"https:\/\/biblioteca.blanes.cat\/salajove\/2017\/11\/07\/anna-frank\/#breadcrumb"},"inLanguage":"ca","potentialAction":[{"@type":"ReadAction","target":["https:\/\/biblioteca.blanes.cat\/salajove\/2017\/11\/07\/anna-frank\/"]}]},{"@type":"ImageObject","inLanguage":"ca","@id":"https:\/\/biblioteca.blanes.cat\/salajove\/2017\/11\/07\/anna-frank\/#primaryimage","url":"https:\/\/biblioteca.blanes.cat\/salajove\/wp-content\/uploads\/sites\/3\/2017\/10\/Destacat_rac\u00f3_Paula.png","contentUrl":"https:\/\/biblioteca.blanes.cat\/salajove\/wp-content\/uploads\/sites\/3\/2017\/10\/Destacat_rac\u00f3_Paula.png","width":3719,"height":2265,"caption":"Rac\u00f3 de la Paula"},{"@type":"BreadcrumbList","@id":"https:\/\/biblioteca.blanes.cat\/salajove\/2017\/11\/07\/anna-frank\/#breadcrumb","itemListElement":[{"@type":"ListItem","position":1,"name":"Inici","item":"https:\/\/biblioteca.blanes.cat\/salajove\/"},{"@type":"ListItem","position":2,"name":"DIARI DE L&#8217;ANNA FRANK"}]},{"@type":"WebSite","@id":"https:\/\/biblioteca.blanes.cat\/salajove\/#website","url":"https:\/\/biblioteca.blanes.cat\/salajove\/","name":"Sala Jove","description":"Biblioteca Comarcal de Blanes","publisher":{"@id":"https:\/\/biblioteca.blanes.cat\/salajove\/#organization"},"potentialAction":[{"@type":"SearchAction","target":{"@type":"EntryPoint","urlTemplate":"https:\/\/biblioteca.blanes.cat\/salajove\/?s={search_term_string}"},"query-input":{"@type":"PropertyValueSpecification","valueRequired":true,"valueName":"search_term_string"}}],"inLanguage":"ca"},{"@type":"Organization","@id":"https:\/\/biblioteca.blanes.cat\/salajove\/#organization","name":"Biblioteca Comarcal de Blanes","url":"https:\/\/biblioteca.blanes.cat\/salajove\/","logo":{"@type":"ImageObject","inLanguage":"ca","@id":"https:\/\/biblioteca.blanes.cat\/salajove\/#\/schema\/logo\/image\/","url":"https:\/\/biblioteca.blanes.cat\/salajove\/wp-content\/uploads\/sites\/3\/2017\/09\/cropped-Bib-blau-e1518869380535.png","contentUrl":"https:\/\/biblioteca.blanes.cat\/salajove\/wp-content\/uploads\/sites\/3\/2017\/09\/cropped-Bib-blau-e1518869380535.png","width":166,"height":166,"caption":"Biblioteca Comarcal de Blanes"},"image":{"@id":"https:\/\/biblioteca.blanes.cat\/salajove\/#\/schema\/logo\/image\/"},"sameAs":["https:\/\/www.facebook.com\/BilbiotecaComarcaldeBlanes\/","https:\/\/x.com\/BiblioBlanes","https:\/\/www.instagram.com\/biblioblanes\/","https:\/\/www.pinterest.es\/bblanes\/","https:\/\/www.youtube.com\/c\/BibliotecaComarcalBlanes"]},{"@type":"Person","@id":"https:\/\/biblioteca.blanes.cat\/salajove\/#\/schema\/person\/8dbc45cdf5d1c7e2d100d147517ba7f3","name":"paula","image":{"@type":"ImageObject","inLanguage":"ca","@id":"https:\/\/secure.gravatar.com\/avatar\/7dc0a9399589f36ddc6864e8335b73854871aa22921ee390cb50776e7ddfc136?s=96&d=mm&r=g","url":"https:\/\/secure.gravatar.com\/avatar\/7dc0a9399589f36ddc6864e8335b73854871aa22921ee390cb50776e7ddfc136?s=96&d=mm&r=g","contentUrl":"https:\/\/secure.gravatar.com\/avatar\/7dc0a9399589f36ddc6864e8335b73854871aa22921ee390cb50776e7ddfc136?s=96&d=mm&r=g","caption":"paula"},"url":"https:\/\/biblioteca.blanes.cat\/salajove\/author\/paula\/"}]}},"_links":{"self":[{"href":"https:\/\/biblioteca.blanes.cat\/salajove\/wp-json\/wp\/v2\/posts\/687","targetHints":{"allow":["GET"]}}],"collection":[{"href":"https:\/\/biblioteca.blanes.cat\/salajove\/wp-json\/wp\/v2\/posts"}],"about":[{"href":"https:\/\/biblioteca.blanes.cat\/salajove\/wp-json\/wp\/v2\/types\/post"}],"author":[{"embeddable":true,"href":"https:\/\/biblioteca.blanes.cat\/salajove\/wp-json\/wp\/v2\/users\/6"}],"replies":[{"embeddable":true,"href":"https:\/\/biblioteca.blanes.cat\/salajove\/wp-json\/wp\/v2\/comments?post=687"}],"version-history":[{"count":15,"href":"https:\/\/biblioteca.blanes.cat\/salajove\/wp-json\/wp\/v2\/posts\/687\/revisions"}],"predecessor-version":[{"id":703,"href":"https:\/\/biblioteca.blanes.cat\/salajove\/wp-json\/wp\/v2\/posts\/687\/revisions\/703"}],"wp:featuredmedia":[{"embeddable":true,"href":"https:\/\/biblioteca.blanes.cat\/salajove\/wp-json\/wp\/v2\/media\/154"}],"wp:attachment":[{"href":"https:\/\/biblioteca.blanes.cat\/salajove\/wp-json\/wp\/v2\/media?parent=687"}],"wp:term":[{"taxonomy":"category","embeddable":true,"href":"https:\/\/biblioteca.blanes.cat\/salajove\/wp-json\/wp\/v2\/categories?post=687"},{"taxonomy":"post_tag","embeddable":true,"href":"https:\/\/biblioteca.blanes.cat\/salajove\/wp-json\/wp\/v2\/tags?post=687"}],"curies":[{"name":"wp","href":"https:\/\/api.w.org\/{rel}","templated":true}]}}