{"id":682,"date":"2017-10-07T13:54:35","date_gmt":"2017-10-07T12:54:35","guid":{"rendered":"https:\/\/biblioteca.blanes.cat\/salajove\/?p=682"},"modified":"2018-01-08T10:22:58","modified_gmt":"2018-01-08T09:22:58","slug":"jane-eyre-de-charlotte-bronte","status":"publish","type":"post","link":"https:\/\/biblioteca.blanes.cat\/salajove\/2017\/10\/07\/jane-eyre-de-charlotte-bronte\/","title":{"rendered":"JANE EYRE de CHARLOTTE BRONT\u00cb"},"content":{"rendered":"<h1 style=\"text-align: center;\"><em>&#8220;El inter\u00e9s del que escucha estimula la lengua del que habla.&#8221;<\/em><\/h1>\n<p style=\"text-align: justify;\">Charlotte Bront\u00eb \u00e9s una gran escriptora anglesa de novel\u00b7les del segle 19dC igual que les seves germanes: Emily Bront\u00eb i Anne Bront\u00eb. \u00c9s l&#8217;autora de &#8220;JANE EYRE&#8221;.\u00a0<\/p>\n<figure style=\"width: 253px\" class=\"wp-caption alignright\"><img fetchpriority=\"high\" decoding=\"async\" class=\"\" src=\"https:\/\/images-na.ssl-images-amazon.com\/images\/M\/MV5BNjU0Mjc0NzU3NF5BMl5BanBnXkFtZTcwMTU4OTkwNA@@._V1_UY1200_CR89,0,630,1200_AL_.jpg\" width=\"253\" height=\"482\" \/><figcaption class=\"wp-caption-text\">Jane Eyre<\/figcaption><\/figure>\n<p><span style=\"text-align: justify;\">Les obres mes conegudes de cadascuna s\u00f3n: Cims borrascosos de Emily Bront\u00eb, La llogatera de Wildfell Hall de Anne Bront\u00eb. El llibre que us recomano\u00a0<\/span>avui Jane Eyre de Charlotte Bront\u00eb. Aquest estiu he descobert els cl\u00e0ssics de les novel\u00b7les angles i han fet que aquest estiu sigui diferent e inoblidable.<\/p>\n<h2 style=\"text-align: center;\">En aquesta novel\u00b7la cl\u00e0ssica la nostra protagonista, Jane Eyre, \u00e9s una \u00f2rfena amb una vida miserable plena de pors, inseguretats i com gracies a l\u2019amor vesteix la seva vida d\u2019esperan\u00e7a<\/h2>\n<p style=\"text-align: left;\">L\u2019amor es essencial en aquest llibre: AMOR en maj\u00fascules. Jo personalment us dic que amors aix\u00ed n\u2019he vist a pocs llibres. A mi que m\u2019agraden les novel\u00b7les rom\u00e0ntiques,\u00a0 us dic que de moment no n\u2019hi hagut cap que m\u2019hagi posat m\u00e9s vergonyosa i vermella que aquesta&#8230;.<\/p>\n<p style=\"text-align: justify;\">Tamb\u00e9 trobareu molt de misteri, intriga, sorolls estranys, crits terror\u00edfics, secrets ben amagats dins la mansi\u00f3 Thornfield. Us aviso que aquest \u00e9s el llibre que m\u00e9s por m\u2019ha fet en tota la meva \u201ccurta\u201d vida de lectora.\u00a0No puc evitar dir que aquesta novel\u00b7la m\u2019ha arribat a l\u2019\u00e0nima, encara que soni a \u201ccursilada\u201d. \u00c9s d\u2019aquelles que t\u2019has d\u2019aguantar per no llegir les ultimes planes abans d\u2019hora. Per saber si l\u2019amor guanyar\u00e0 o la desgracia altre cop es repetir\u00e0 a la vida de la Jane&#8230;<\/p>\n<p style=\"text-align: justify;\"><span style=\"text-align: justify;\">La manera de descriure de la Charlotte, em trasllada als verds paisatges d\u2019Anglaterra, amb els seus canvis d\u2019estaci\u00f3, els llargs i freds hiverns, les prim<\/span>averes amb les seves flors. M\u2019encanta quan la Jane compara el seu car\u00e0cter i el seu cos amb el d\u2019un arbre&#8230; ummmm a veure si ho trobeu. Em submergeix dins la mis\u00e8ria de l\u2019orfenat, m\u2019endinsa dins els racons mes amagats de la mansi\u00f3. Tot plegat fa que el mon de la Jane estigui dins el meu cap fins al \u00faltim detall.<\/p>\n<h2 style=\"text-align: center;\">I ara unes an\u00e8cdotes:<\/h2>\n<p style=\"text-align: justify;\">*La fam\u00edlia Bronte eren sis germans: cinc noies i un noi, el pare capell\u00e0 protestant i eren orfes de mare. Vivien en una casa de camp a\u00efllada, i per no avorrir-se les tres noies: Emily, Anne i Charlotte van comen\u00e7ar a escriure relats.<\/p>\n<p style=\"text-align: left;\">*M\u00e9s endavant, les tres germanes van comen\u00e7ar a trencar els esquemes socials de l\u2019\u00e8poca que deien que les dones havien de quedar-se a casa a cuidar de la fam\u00edlia, i van buscar la seva independ\u00e8ncia treballant com a institutrius. Aquest fet \u00e9s molt curi\u00f3s perqu\u00e8 en totes les seves novel\u00b7les sempre surt la figura de la institutriu en un moment o altre.<\/p>\n<p style=\"text-align: left;\">*D\u2019aquesta novel\u00b7la s\u2019han fet diverses pel\u00b7l\u00edcules de cinema i televisi\u00f3. Un cop llegit el llibre vaig buscar la pel\u00b7l\u00edcula i la vaig veure. No em va decepcionar gens ni mica.<\/p>\n<p style=\"text-align: justify;\">*\u00c9s un llibre tan per noies com nois. Jo li vaig robar de la llibreria de la meva mare, que el va heretar de la seva mare. O sigui que \u00e9s un llibre que ha passat ja per tres generacions!!! I jo ser\u00e8 la encarregada de passar-ho a la quarta!!<\/p>\n<p style=\"text-align: justify;\">Us animo a entrar al m\u00f3n dels cl\u00e0ssics. Us agradaran!!!<\/p>\n<h2 style=\"text-align: center;\">S\u00f3n llibres\u00a0de sempre que fins i tot els nostres avis han llegit i que si els llegim els podem compartir amb ells. I estic segura que quan en comenceu un ja no el podreu deixar!!!<\/h2>\n","protected":false},"excerpt":{"rendered":"<p>&#8220;El inter\u00e9s del que escucha estimula la lengua del que habla.&#8221; Charlotte Bront\u00eb \u00e9s una gran escriptora anglesa de novel\u00b7les del segle 19dC igual que les seves germanes: Emily Bront\u00eb i Anne Bront\u00eb. \u00c9s l&#8217;autora de &#8220;JANE EYRE&#8221;.\u00a0 Les obres<\/p>\n","protected":false},"author":6,"featured_media":154,"comment_status":"open","ping_status":"open","sticky":false,"template":"","format":"standard","meta":{"sfsi_plus_gutenberg_text_before_share":"","sfsi_plus_gutenberg_show_text_before_share":"","sfsi_plus_gutenberg_icon_type":"","sfsi_plus_gutenberg_icon_alignemt":"","sfsi_plus_gutenburg_max_per_row":"","footnotes":""},"categories":[1,9,11],"tags":[34,33,19,23],"class_list":["post-682","post","type-post","status-publish","format-standard","has-post-thumbnail","hentry","category-general","category-raco-de-la-paula","category-classic","tag-blog-de-lectura","tag-el-raco-de-la-paula","tag-literatura","tag-sinopsi"],"yoast_head":"<!-- This site is optimized with the Yoast SEO plugin v27.5 - https:\/\/yoast.com\/product\/yoast-seo-wordpress\/ -->\n<title>JANE EYRE de CHARLOTTE BRONT\u00cb - Sala Jove<\/title>\n<meta name=\"description\" content=\"Jane Eyre \u00e9s un llibre de sempre que fins i tot els nostres avis han llegit i que si els llegim els podem compartir amb ells!\" \/>\n<meta name=\"robots\" content=\"index, follow, max-snippet:-1, max-image-preview:large, max-video-preview:-1\" \/>\n<link rel=\"canonical\" href=\"https:\/\/biblioteca.blanes.cat\/salajove\/2017\/10\/07\/jane-eyre-de-charlotte-bronte\/\" \/>\n<meta property=\"og:locale\" content=\"ca_ES\" \/>\n<meta property=\"og:type\" content=\"article\" \/>\n<meta property=\"og:title\" content=\"JANE EYRE de CHARLOTTE BRONT\u00cb - Sala Jove\" \/>\n<meta property=\"og:description\" content=\"Jane Eyre \u00e9s un llibre de sempre que fins i tot els nostres avis han llegit i que si els llegim els podem compartir amb ells!\" \/>\n<meta property=\"og:url\" content=\"https:\/\/biblioteca.blanes.cat\/salajove\/2017\/10\/07\/jane-eyre-de-charlotte-bronte\/\" \/>\n<meta property=\"og:site_name\" content=\"Sala Jove\" \/>\n<meta property=\"article:publisher\" content=\"https:\/\/www.facebook.com\/BilbiotecaComarcaldeBlanes\/\" \/>\n<meta property=\"article:published_time\" content=\"2017-10-07T12:54:35+00:00\" \/>\n<meta property=\"article:modified_time\" content=\"2018-01-08T09:22:58+00:00\" \/>\n<meta property=\"og:image\" content=\"https:\/\/biblioteca.blanes.cat\/salajove\/wp-content\/uploads\/sites\/3\/2017\/10\/Destacat_rac\u00f3_Paula.png\" \/>\n\t<meta property=\"og:image:width\" content=\"3719\" \/>\n\t<meta property=\"og:image:height\" content=\"2265\" \/>\n\t<meta property=\"og:image:type\" content=\"image\/png\" \/>\n<meta name=\"author\" content=\"paula\" \/>\n<meta name=\"twitter:card\" content=\"summary_large_image\" \/>\n<meta name=\"twitter:creator\" content=\"@BiblioBlanes\" \/>\n<meta name=\"twitter:site\" content=\"@BiblioBlanes\" \/>\n<meta name=\"twitter:label1\" content=\"Escrit per\" \/>\n\t<meta name=\"twitter:data1\" content=\"paula\" \/>\n\t<meta name=\"twitter:label2\" content=\"Temps estimat de lectura\" \/>\n\t<meta name=\"twitter:data2\" content=\"3 minuts\" \/>\n<script type=\"application\/ld+json\" class=\"yoast-schema-graph\">{\"@context\":\"https:\\\/\\\/schema.org\",\"@graph\":[{\"@type\":\"Article\",\"@id\":\"https:\\\/\\\/biblioteca.blanes.cat\\\/salajove\\\/2017\\\/10\\\/07\\\/jane-eyre-de-charlotte-bronte\\\/#article\",\"isPartOf\":{\"@id\":\"https:\\\/\\\/biblioteca.blanes.cat\\\/salajove\\\/2017\\\/10\\\/07\\\/jane-eyre-de-charlotte-bronte\\\/\"},\"author\":{\"name\":\"paula\",\"@id\":\"https:\\\/\\\/biblioteca.blanes.cat\\\/salajove\\\/#\\\/schema\\\/person\\\/8dbc45cdf5d1c7e2d100d147517ba7f3\"},\"headline\":\"JANE EYRE de CHARLOTTE BRONT\u00cb\",\"datePublished\":\"2017-10-07T12:54:35+00:00\",\"dateModified\":\"2018-01-08T09:22:58+00:00\",\"mainEntityOfPage\":{\"@id\":\"https:\\\/\\\/biblioteca.blanes.cat\\\/salajove\\\/2017\\\/10\\\/07\\\/jane-eyre-de-charlotte-bronte\\\/\"},\"wordCount\":642,\"commentCount\":0,\"publisher\":{\"@id\":\"https:\\\/\\\/biblioteca.blanes.cat\\\/salajove\\\/#organization\"},\"image\":{\"@id\":\"https:\\\/\\\/biblioteca.blanes.cat\\\/salajove\\\/2017\\\/10\\\/07\\\/jane-eyre-de-charlotte-bronte\\\/#primaryimage\"},\"thumbnailUrl\":\"https:\\\/\\\/biblioteca.blanes.cat\\\/salajove\\\/wp-content\\\/uploads\\\/sites\\\/3\\\/2017\\\/10\\\/Destacat_rac\u00f3_Paula.png\",\"keywords\":[\"#BlogdeLectura\",\"#ElRac\u00f3delaPaula\",\"#Literatura\",\"#Sinopsi\"],\"articleSection\":[\"Not\u00edcies\",\"Rac\u00f3 de la Paula\",\"RP_Cl\u00e0ssic\"],\"inLanguage\":\"ca\",\"potentialAction\":[{\"@type\":\"CommentAction\",\"name\":\"Comment\",\"target\":[\"https:\\\/\\\/biblioteca.blanes.cat\\\/salajove\\\/2017\\\/10\\\/07\\\/jane-eyre-de-charlotte-bronte\\\/#respond\"]}]},{\"@type\":\"WebPage\",\"@id\":\"https:\\\/\\\/biblioteca.blanes.cat\\\/salajove\\\/2017\\\/10\\\/07\\\/jane-eyre-de-charlotte-bronte\\\/\",\"url\":\"https:\\\/\\\/biblioteca.blanes.cat\\\/salajove\\\/2017\\\/10\\\/07\\\/jane-eyre-de-charlotte-bronte\\\/\",\"name\":\"JANE EYRE de CHARLOTTE BRONT\u00cb - Sala Jove\",\"isPartOf\":{\"@id\":\"https:\\\/\\\/biblioteca.blanes.cat\\\/salajove\\\/#website\"},\"primaryImageOfPage\":{\"@id\":\"https:\\\/\\\/biblioteca.blanes.cat\\\/salajove\\\/2017\\\/10\\\/07\\\/jane-eyre-de-charlotte-bronte\\\/#primaryimage\"},\"image\":{\"@id\":\"https:\\\/\\\/biblioteca.blanes.cat\\\/salajove\\\/2017\\\/10\\\/07\\\/jane-eyre-de-charlotte-bronte\\\/#primaryimage\"},\"thumbnailUrl\":\"https:\\\/\\\/biblioteca.blanes.cat\\\/salajove\\\/wp-content\\\/uploads\\\/sites\\\/3\\\/2017\\\/10\\\/Destacat_rac\u00f3_Paula.png\",\"datePublished\":\"2017-10-07T12:54:35+00:00\",\"dateModified\":\"2018-01-08T09:22:58+00:00\",\"description\":\"Jane Eyre \u00e9s un llibre de sempre que fins i tot els nostres avis han llegit i que si els llegim els podem compartir amb ells!\",\"breadcrumb\":{\"@id\":\"https:\\\/\\\/biblioteca.blanes.cat\\\/salajove\\\/2017\\\/10\\\/07\\\/jane-eyre-de-charlotte-bronte\\\/#breadcrumb\"},\"inLanguage\":\"ca\",\"potentialAction\":[{\"@type\":\"ReadAction\",\"target\":[\"https:\\\/\\\/biblioteca.blanes.cat\\\/salajove\\\/2017\\\/10\\\/07\\\/jane-eyre-de-charlotte-bronte\\\/\"]}]},{\"@type\":\"ImageObject\",\"inLanguage\":\"ca\",\"@id\":\"https:\\\/\\\/biblioteca.blanes.cat\\\/salajove\\\/2017\\\/10\\\/07\\\/jane-eyre-de-charlotte-bronte\\\/#primaryimage\",\"url\":\"https:\\\/\\\/biblioteca.blanes.cat\\\/salajove\\\/wp-content\\\/uploads\\\/sites\\\/3\\\/2017\\\/10\\\/Destacat_rac\u00f3_Paula.png\",\"contentUrl\":\"https:\\\/\\\/biblioteca.blanes.cat\\\/salajove\\\/wp-content\\\/uploads\\\/sites\\\/3\\\/2017\\\/10\\\/Destacat_rac\u00f3_Paula.png\",\"width\":3719,\"height\":2265,\"caption\":\"Rac\u00f3 de la Paula\"},{\"@type\":\"BreadcrumbList\",\"@id\":\"https:\\\/\\\/biblioteca.blanes.cat\\\/salajove\\\/2017\\\/10\\\/07\\\/jane-eyre-de-charlotte-bronte\\\/#breadcrumb\",\"itemListElement\":[{\"@type\":\"ListItem\",\"position\":1,\"name\":\"Inici\",\"item\":\"https:\\\/\\\/biblioteca.blanes.cat\\\/salajove\\\/\"},{\"@type\":\"ListItem\",\"position\":2,\"name\":\"JANE EYRE de CHARLOTTE BRONT\u00cb\"}]},{\"@type\":\"WebSite\",\"@id\":\"https:\\\/\\\/biblioteca.blanes.cat\\\/salajove\\\/#website\",\"url\":\"https:\\\/\\\/biblioteca.blanes.cat\\\/salajove\\\/\",\"name\":\"Sala Jove\",\"description\":\"Biblioteca Comarcal de Blanes\",\"publisher\":{\"@id\":\"https:\\\/\\\/biblioteca.blanes.cat\\\/salajove\\\/#organization\"},\"potentialAction\":[{\"@type\":\"SearchAction\",\"target\":{\"@type\":\"EntryPoint\",\"urlTemplate\":\"https:\\\/\\\/biblioteca.blanes.cat\\\/salajove\\\/?s={search_term_string}\"},\"query-input\":{\"@type\":\"PropertyValueSpecification\",\"valueRequired\":true,\"valueName\":\"search_term_string\"}}],\"inLanguage\":\"ca\"},{\"@type\":\"Organization\",\"@id\":\"https:\\\/\\\/biblioteca.blanes.cat\\\/salajove\\\/#organization\",\"name\":\"Biblioteca Comarcal de Blanes\",\"url\":\"https:\\\/\\\/biblioteca.blanes.cat\\\/salajove\\\/\",\"logo\":{\"@type\":\"ImageObject\",\"inLanguage\":\"ca\",\"@id\":\"https:\\\/\\\/biblioteca.blanes.cat\\\/salajove\\\/#\\\/schema\\\/logo\\\/image\\\/\",\"url\":\"https:\\\/\\\/biblioteca.blanes.cat\\\/salajove\\\/wp-content\\\/uploads\\\/sites\\\/3\\\/2017\\\/09\\\/cropped-Bib-blau-e1518869380535.png\",\"contentUrl\":\"https:\\\/\\\/biblioteca.blanes.cat\\\/salajove\\\/wp-content\\\/uploads\\\/sites\\\/3\\\/2017\\\/09\\\/cropped-Bib-blau-e1518869380535.png\",\"width\":166,\"height\":166,\"caption\":\"Biblioteca Comarcal de Blanes\"},\"image\":{\"@id\":\"https:\\\/\\\/biblioteca.blanes.cat\\\/salajove\\\/#\\\/schema\\\/logo\\\/image\\\/\"},\"sameAs\":[\"https:\\\/\\\/www.facebook.com\\\/BilbiotecaComarcaldeBlanes\\\/\",\"https:\\\/\\\/x.com\\\/BiblioBlanes\",\"https:\\\/\\\/www.instagram.com\\\/biblioblanes\\\/\",\"https:\\\/\\\/www.pinterest.es\\\/bblanes\\\/\",\"https:\\\/\\\/www.youtube.com\\\/c\\\/BibliotecaComarcalBlanes\"]},{\"@type\":\"Person\",\"@id\":\"https:\\\/\\\/biblioteca.blanes.cat\\\/salajove\\\/#\\\/schema\\\/person\\\/8dbc45cdf5d1c7e2d100d147517ba7f3\",\"name\":\"paula\",\"image\":{\"@type\":\"ImageObject\",\"inLanguage\":\"ca\",\"@id\":\"https:\\\/\\\/secure.gravatar.com\\\/avatar\\\/7dc0a9399589f36ddc6864e8335b73854871aa22921ee390cb50776e7ddfc136?s=96&d=mm&r=g\",\"url\":\"https:\\\/\\\/secure.gravatar.com\\\/avatar\\\/7dc0a9399589f36ddc6864e8335b73854871aa22921ee390cb50776e7ddfc136?s=96&d=mm&r=g\",\"contentUrl\":\"https:\\\/\\\/secure.gravatar.com\\\/avatar\\\/7dc0a9399589f36ddc6864e8335b73854871aa22921ee390cb50776e7ddfc136?s=96&d=mm&r=g\",\"caption\":\"paula\"},\"url\":\"https:\\\/\\\/biblioteca.blanes.cat\\\/salajove\\\/author\\\/paula\\\/\"}]}<\/script>\n<!-- \/ Yoast SEO plugin. -->","yoast_head_json":{"title":"JANE EYRE de CHARLOTTE BRONT\u00cb - Sala Jove","description":"Jane Eyre \u00e9s un llibre de sempre que fins i tot els nostres avis han llegit i que si els llegim els podem compartir amb ells!","robots":{"index":"index","follow":"follow","max-snippet":"max-snippet:-1","max-image-preview":"max-image-preview:large","max-video-preview":"max-video-preview:-1"},"canonical":"https:\/\/biblioteca.blanes.cat\/salajove\/2017\/10\/07\/jane-eyre-de-charlotte-bronte\/","og_locale":"ca_ES","og_type":"article","og_title":"JANE EYRE de CHARLOTTE BRONT\u00cb - Sala Jove","og_description":"Jane Eyre \u00e9s un llibre de sempre que fins i tot els nostres avis han llegit i que si els llegim els podem compartir amb ells!","og_url":"https:\/\/biblioteca.blanes.cat\/salajove\/2017\/10\/07\/jane-eyre-de-charlotte-bronte\/","og_site_name":"Sala Jove","article_publisher":"https:\/\/www.facebook.com\/BilbiotecaComarcaldeBlanes\/","article_published_time":"2017-10-07T12:54:35+00:00","article_modified_time":"2018-01-08T09:22:58+00:00","og_image":[{"width":3719,"height":2265,"url":"https:\/\/biblioteca.blanes.cat\/salajove\/wp-content\/uploads\/sites\/3\/2017\/10\/Destacat_rac\u00f3_Paula.png","type":"image\/png"}],"author":"paula","twitter_card":"summary_large_image","twitter_creator":"@BiblioBlanes","twitter_site":"@BiblioBlanes","twitter_misc":{"Escrit per":"paula","Temps estimat de lectura":"3 minuts"},"schema":{"@context":"https:\/\/schema.org","@graph":[{"@type":"Article","@id":"https:\/\/biblioteca.blanes.cat\/salajove\/2017\/10\/07\/jane-eyre-de-charlotte-bronte\/#article","isPartOf":{"@id":"https:\/\/biblioteca.blanes.cat\/salajove\/2017\/10\/07\/jane-eyre-de-charlotte-bronte\/"},"author":{"name":"paula","@id":"https:\/\/biblioteca.blanes.cat\/salajove\/#\/schema\/person\/8dbc45cdf5d1c7e2d100d147517ba7f3"},"headline":"JANE EYRE de CHARLOTTE BRONT\u00cb","datePublished":"2017-10-07T12:54:35+00:00","dateModified":"2018-01-08T09:22:58+00:00","mainEntityOfPage":{"@id":"https:\/\/biblioteca.blanes.cat\/salajove\/2017\/10\/07\/jane-eyre-de-charlotte-bronte\/"},"wordCount":642,"commentCount":0,"publisher":{"@id":"https:\/\/biblioteca.blanes.cat\/salajove\/#organization"},"image":{"@id":"https:\/\/biblioteca.blanes.cat\/salajove\/2017\/10\/07\/jane-eyre-de-charlotte-bronte\/#primaryimage"},"thumbnailUrl":"https:\/\/biblioteca.blanes.cat\/salajove\/wp-content\/uploads\/sites\/3\/2017\/10\/Destacat_rac\u00f3_Paula.png","keywords":["#BlogdeLectura","#ElRac\u00f3delaPaula","#Literatura","#Sinopsi"],"articleSection":["Not\u00edcies","Rac\u00f3 de la Paula","RP_Cl\u00e0ssic"],"inLanguage":"ca","potentialAction":[{"@type":"CommentAction","name":"Comment","target":["https:\/\/biblioteca.blanes.cat\/salajove\/2017\/10\/07\/jane-eyre-de-charlotte-bronte\/#respond"]}]},{"@type":"WebPage","@id":"https:\/\/biblioteca.blanes.cat\/salajove\/2017\/10\/07\/jane-eyre-de-charlotte-bronte\/","url":"https:\/\/biblioteca.blanes.cat\/salajove\/2017\/10\/07\/jane-eyre-de-charlotte-bronte\/","name":"JANE EYRE de CHARLOTTE BRONT\u00cb - Sala Jove","isPartOf":{"@id":"https:\/\/biblioteca.blanes.cat\/salajove\/#website"},"primaryImageOfPage":{"@id":"https:\/\/biblioteca.blanes.cat\/salajove\/2017\/10\/07\/jane-eyre-de-charlotte-bronte\/#primaryimage"},"image":{"@id":"https:\/\/biblioteca.blanes.cat\/salajove\/2017\/10\/07\/jane-eyre-de-charlotte-bronte\/#primaryimage"},"thumbnailUrl":"https:\/\/biblioteca.blanes.cat\/salajove\/wp-content\/uploads\/sites\/3\/2017\/10\/Destacat_rac\u00f3_Paula.png","datePublished":"2017-10-07T12:54:35+00:00","dateModified":"2018-01-08T09:22:58+00:00","description":"Jane Eyre \u00e9s un llibre de sempre que fins i tot els nostres avis han llegit i que si els llegim els podem compartir amb ells!","breadcrumb":{"@id":"https:\/\/biblioteca.blanes.cat\/salajove\/2017\/10\/07\/jane-eyre-de-charlotte-bronte\/#breadcrumb"},"inLanguage":"ca","potentialAction":[{"@type":"ReadAction","target":["https:\/\/biblioteca.blanes.cat\/salajove\/2017\/10\/07\/jane-eyre-de-charlotte-bronte\/"]}]},{"@type":"ImageObject","inLanguage":"ca","@id":"https:\/\/biblioteca.blanes.cat\/salajove\/2017\/10\/07\/jane-eyre-de-charlotte-bronte\/#primaryimage","url":"https:\/\/biblioteca.blanes.cat\/salajove\/wp-content\/uploads\/sites\/3\/2017\/10\/Destacat_rac\u00f3_Paula.png","contentUrl":"https:\/\/biblioteca.blanes.cat\/salajove\/wp-content\/uploads\/sites\/3\/2017\/10\/Destacat_rac\u00f3_Paula.png","width":3719,"height":2265,"caption":"Rac\u00f3 de la Paula"},{"@type":"BreadcrumbList","@id":"https:\/\/biblioteca.blanes.cat\/salajove\/2017\/10\/07\/jane-eyre-de-charlotte-bronte\/#breadcrumb","itemListElement":[{"@type":"ListItem","position":1,"name":"Inici","item":"https:\/\/biblioteca.blanes.cat\/salajove\/"},{"@type":"ListItem","position":2,"name":"JANE EYRE de CHARLOTTE BRONT\u00cb"}]},{"@type":"WebSite","@id":"https:\/\/biblioteca.blanes.cat\/salajove\/#website","url":"https:\/\/biblioteca.blanes.cat\/salajove\/","name":"Sala Jove","description":"Biblioteca Comarcal de Blanes","publisher":{"@id":"https:\/\/biblioteca.blanes.cat\/salajove\/#organization"},"potentialAction":[{"@type":"SearchAction","target":{"@type":"EntryPoint","urlTemplate":"https:\/\/biblioteca.blanes.cat\/salajove\/?s={search_term_string}"},"query-input":{"@type":"PropertyValueSpecification","valueRequired":true,"valueName":"search_term_string"}}],"inLanguage":"ca"},{"@type":"Organization","@id":"https:\/\/biblioteca.blanes.cat\/salajove\/#organization","name":"Biblioteca Comarcal de Blanes","url":"https:\/\/biblioteca.blanes.cat\/salajove\/","logo":{"@type":"ImageObject","inLanguage":"ca","@id":"https:\/\/biblioteca.blanes.cat\/salajove\/#\/schema\/logo\/image\/","url":"https:\/\/biblioteca.blanes.cat\/salajove\/wp-content\/uploads\/sites\/3\/2017\/09\/cropped-Bib-blau-e1518869380535.png","contentUrl":"https:\/\/biblioteca.blanes.cat\/salajove\/wp-content\/uploads\/sites\/3\/2017\/09\/cropped-Bib-blau-e1518869380535.png","width":166,"height":166,"caption":"Biblioteca Comarcal de Blanes"},"image":{"@id":"https:\/\/biblioteca.blanes.cat\/salajove\/#\/schema\/logo\/image\/"},"sameAs":["https:\/\/www.facebook.com\/BilbiotecaComarcaldeBlanes\/","https:\/\/x.com\/BiblioBlanes","https:\/\/www.instagram.com\/biblioblanes\/","https:\/\/www.pinterest.es\/bblanes\/","https:\/\/www.youtube.com\/c\/BibliotecaComarcalBlanes"]},{"@type":"Person","@id":"https:\/\/biblioteca.blanes.cat\/salajove\/#\/schema\/person\/8dbc45cdf5d1c7e2d100d147517ba7f3","name":"paula","image":{"@type":"ImageObject","inLanguage":"ca","@id":"https:\/\/secure.gravatar.com\/avatar\/7dc0a9399589f36ddc6864e8335b73854871aa22921ee390cb50776e7ddfc136?s=96&d=mm&r=g","url":"https:\/\/secure.gravatar.com\/avatar\/7dc0a9399589f36ddc6864e8335b73854871aa22921ee390cb50776e7ddfc136?s=96&d=mm&r=g","contentUrl":"https:\/\/secure.gravatar.com\/avatar\/7dc0a9399589f36ddc6864e8335b73854871aa22921ee390cb50776e7ddfc136?s=96&d=mm&r=g","caption":"paula"},"url":"https:\/\/biblioteca.blanes.cat\/salajove\/author\/paula\/"}]}},"_links":{"self":[{"href":"https:\/\/biblioteca.blanes.cat\/salajove\/wp-json\/wp\/v2\/posts\/682","targetHints":{"allow":["GET"]}}],"collection":[{"href":"https:\/\/biblioteca.blanes.cat\/salajove\/wp-json\/wp\/v2\/posts"}],"about":[{"href":"https:\/\/biblioteca.blanes.cat\/salajove\/wp-json\/wp\/v2\/types\/post"}],"author":[{"embeddable":true,"href":"https:\/\/biblioteca.blanes.cat\/salajove\/wp-json\/wp\/v2\/users\/6"}],"replies":[{"embeddable":true,"href":"https:\/\/biblioteca.blanes.cat\/salajove\/wp-json\/wp\/v2\/comments?post=682"}],"version-history":[{"count":4,"href":"https:\/\/biblioteca.blanes.cat\/salajove\/wp-json\/wp\/v2\/posts\/682\/revisions"}],"predecessor-version":[{"id":704,"href":"https:\/\/biblioteca.blanes.cat\/salajove\/wp-json\/wp\/v2\/posts\/682\/revisions\/704"}],"wp:featuredmedia":[{"embeddable":true,"href":"https:\/\/biblioteca.blanes.cat\/salajove\/wp-json\/wp\/v2\/media\/154"}],"wp:attachment":[{"href":"https:\/\/biblioteca.blanes.cat\/salajove\/wp-json\/wp\/v2\/media?parent=682"}],"wp:term":[{"taxonomy":"category","embeddable":true,"href":"https:\/\/biblioteca.blanes.cat\/salajove\/wp-json\/wp\/v2\/categories?post=682"},{"taxonomy":"post_tag","embeddable":true,"href":"https:\/\/biblioteca.blanes.cat\/salajove\/wp-json\/wp\/v2\/tags?post=682"}],"curies":[{"name":"wp","href":"https:\/\/api.w.org\/{rel}","templated":true}]}}