{"id":6564,"date":"2022-02-01T14:02:00","date_gmt":"2022-02-01T13:02:00","guid":{"rendered":"https:\/\/biblioteca.blanes.cat\/salajove\/?p=6564"},"modified":"2022-02-12T13:29:44","modified_gmt":"2022-02-12T12:29:44","slug":"aniversari-biblioteca-jove-entrega-premis-bollere","status":"publish","type":"post","link":"https:\/\/biblioteca.blanes.cat\/salajove\/2022\/02\/01\/aniversari-biblioteca-jove-entrega-premis-bollere\/","title":{"rendered":"Aniversari Biblioteca jove +  Entrega premis Boller\u00e9"},"content":{"rendered":"\n<p style=\"text-align: center;\">Bones joves!<br \/><br \/><strong>Dilluns dia 24 de gener<\/strong> es va celebrar l&#8217;Entrega de premis del tretz\u00e8 concurs de relats per a joves- <span class=\"hiddenSpellError\">Boller\u00e9<\/span>, coincidint amb l&#8217;Aniversari de la Biblioteca jove.<br \/><br \/>Aprofitem per felicitar els guanyadors i finalistes de les dues categories A i B, i a tothom que va participar. I animem a tots els i les joves que l&#8217;any vinent s&#8217;hi presentin. Us assegurem que \u00e9s una experi\u00e8ncia inoblidable!<br \/><br \/><\/p>\n<p style=\"text-align: center;\">Si voleu <span class=\"hiddenGrammarError\">fer<\/span> una ullada als relats guanyadors d&#8217;aquest any <span class=\"hiddenGreenError\">podeu<\/span> fer-ho clicant a <a title=\"Boller\u00e9 2021\" href=\"https:\/\/issuu.com\/bibliotecacomarcalblanes\/docs\/digitalitzaci_tretz_concurs_de_relats_breus_per_\"><span class=\"hiddenSpellError\">Boller\u00e9<\/span> 2021<\/a><\/p>\n<p style=\"text-align: center;\">Tamb\u00e9 podeu consultar les anteriors edicions a:<\/p>\n<p style=\"text-align: center;\"><span class=\"hiddenSpellError\"><a href=\"https:\/\/biblioteca.blanes.cat\/salajove\/bollere-historic\/\" target=\"_blank\" rel=\"noopener\"><img fetchpriority=\"high\" decoding=\"async\" class=\"alignnone wp-image-6566 size-medium\" src=\"https:\/\/biblioteca.blanes.cat\/salajove\/wp-content\/uploads\/sites\/3\/2022\/01\/bollere-historic-1-199x300.jpg\" alt=\"\" width=\"199\" height=\"300\" srcset=\"https:\/\/biblioteca.blanes.cat\/salajove\/wp-content\/uploads\/sites\/3\/2022\/01\/bollere-historic-1-199x300.jpg 199w, https:\/\/biblioteca.blanes.cat\/salajove\/wp-content\/uploads\/sites\/3\/2022\/01\/bollere-historic-1.jpg 576w\" sizes=\"(max-width: 199px) 100vw, 199px\" \/><\/a><\/span><br \/><br \/><\/p>\n<p style=\"text-align: center;\">Aix\u00ed va ser la trobada, perqu\u00e8 una imatge val m\u00e9s que mil paraules.<\/p>\n<div id='gallery-1' class='gallery galleryid-6564 gallery-columns-2 gallery-size-large'><figure class='gallery-item'>\n\t\t\t<div class='gallery-icon landscape'>\n\t\t\t\t<a href='https:\/\/biblioteca.blanes.cat\/salajove\/2022\/02\/01\/aniversari-biblioteca-jove-entrega-premis-bollere\/4benvinguda-gemma-ciuro-3\/'><img decoding=\"async\" width=\"750\" height=\"422\" src=\"https:\/\/biblioteca.blanes.cat\/salajove\/wp-content\/uploads\/sites\/3\/2022\/01\/4Benvinguda-Gemma-Ciuro-3-1024x576.jpg\" class=\"attachment-large size-large\" alt=\"\" srcset=\"https:\/\/biblioteca.blanes.cat\/salajove\/wp-content\/uploads\/sites\/3\/2022\/01\/4Benvinguda-Gemma-Ciuro-3-1024x576.jpg 1024w, https:\/\/biblioteca.blanes.cat\/salajove\/wp-content\/uploads\/sites\/3\/2022\/01\/4Benvinguda-Gemma-Ciuro-3-300x169.jpg 300w, https:\/\/biblioteca.blanes.cat\/salajove\/wp-content\/uploads\/sites\/3\/2022\/01\/4Benvinguda-Gemma-Ciuro-3-768x432.jpg 768w, https:\/\/biblioteca.blanes.cat\/salajove\/wp-content\/uploads\/sites\/3\/2022\/01\/4Benvinguda-Gemma-Ciuro-3.jpg 1233w\" sizes=\"(max-width: 750px) 100vw, 750px\" \/><\/a>\n\t\t\t<\/div><\/figure><figure class='gallery-item'>\n\t\t\t<div class='gallery-icon landscape'>\n\t\t\t\t<a href='https:\/\/biblioteca.blanes.cat\/salajove\/2022\/02\/01\/aniversari-biblioteca-jove-entrega-premis-bollere\/benvinguda-gemma-ciuro-2-3\/'><img decoding=\"async\" width=\"750\" height=\"422\" src=\"https:\/\/biblioteca.blanes.cat\/salajove\/wp-content\/uploads\/sites\/3\/2022\/01\/Benvinguda-Gemma-Ciuro-2-2-1024x576.jpg\" class=\"attachment-large size-large\" alt=\"\" srcset=\"https:\/\/biblioteca.blanes.cat\/salajove\/wp-content\/uploads\/sites\/3\/2022\/01\/Benvinguda-Gemma-Ciuro-2-2-1024x576.jpg 1024w, https:\/\/biblioteca.blanes.cat\/salajove\/wp-content\/uploads\/sites\/3\/2022\/01\/Benvinguda-Gemma-Ciuro-2-2-300x169.jpg 300w, https:\/\/biblioteca.blanes.cat\/salajove\/wp-content\/uploads\/sites\/3\/2022\/01\/Benvinguda-Gemma-Ciuro-2-2-768x432.jpg 768w, https:\/\/biblioteca.blanes.cat\/salajove\/wp-content\/uploads\/sites\/3\/2022\/01\/Benvinguda-Gemma-Ciuro-2-2.jpg 1051w\" sizes=\"(max-width: 750px) 100vw, 750px\" \/><\/a>\n\t\t\t<\/div><\/figure><figure class='gallery-item'>\n\t\t\t<div class='gallery-icon landscape'>\n\t\t\t\t<a href='https:\/\/biblioteca.blanes.cat\/salajove\/2022\/02\/01\/aniversari-biblioteca-jove-entrega-premis-bollere\/tancament-2\/'><img loading=\"lazy\" decoding=\"async\" width=\"750\" height=\"422\" src=\"https:\/\/biblioteca.blanes.cat\/salajove\/wp-content\/uploads\/sites\/3\/2022\/01\/Tancament-2-1024x576.jpg\" class=\"attachment-large size-large\" alt=\"\" srcset=\"https:\/\/biblioteca.blanes.cat\/salajove\/wp-content\/uploads\/sites\/3\/2022\/01\/Tancament-2-1024x576.jpg 1024w, https:\/\/biblioteca.blanes.cat\/salajove\/wp-content\/uploads\/sites\/3\/2022\/01\/Tancament-2-300x169.jpg 300w, https:\/\/biblioteca.blanes.cat\/salajove\/wp-content\/uploads\/sites\/3\/2022\/01\/Tancament-2-768x432.jpg 768w, https:\/\/biblioteca.blanes.cat\/salajove\/wp-content\/uploads\/sites\/3\/2022\/01\/Tancament-2.jpg 1243w\" sizes=\"(max-width: 750px) 100vw, 750px\" \/><\/a>\n\t\t\t<\/div><\/figure><figure class='gallery-item'>\n\t\t\t<div class='gallery-icon landscape'>\n\t\t\t\t<a href='https:\/\/biblioteca.blanes.cat\/salajove\/2022\/02\/01\/aniversari-biblioteca-jove-entrega-premis-bollere\/joves-premiats-jurat-alcalde-i-regidors\/'><img loading=\"lazy\" decoding=\"async\" width=\"750\" height=\"423\" src=\"https:\/\/biblioteca.blanes.cat\/salajove\/wp-content\/uploads\/sites\/3\/2022\/01\/Joves-Premiats-Jurat-Alcalde-i-Regidors-1024x577.jpg\" class=\"attachment-large size-large\" alt=\"\" srcset=\"https:\/\/biblioteca.blanes.cat\/salajove\/wp-content\/uploads\/sites\/3\/2022\/01\/Joves-Premiats-Jurat-Alcalde-i-Regidors-1024x577.jpg 1024w, https:\/\/biblioteca.blanes.cat\/salajove\/wp-content\/uploads\/sites\/3\/2022\/01\/Joves-Premiats-Jurat-Alcalde-i-Regidors-300x169.jpg 300w, https:\/\/biblioteca.blanes.cat\/salajove\/wp-content\/uploads\/sites\/3\/2022\/01\/Joves-Premiats-Jurat-Alcalde-i-Regidors-768x433.jpg 768w, https:\/\/biblioteca.blanes.cat\/salajove\/wp-content\/uploads\/sites\/3\/2022\/01\/Joves-Premiats-Jurat-Alcalde-i-Regidors.jpg 1193w\" sizes=\"(max-width: 750px) 100vw, 750px\" \/><\/a>\n\t\t\t<\/div><\/figure><figure class='gallery-item'>\n\t\t\t<div class='gallery-icon landscape'>\n\t\t\t\t<a href='https:\/\/biblioteca.blanes.cat\/salajove\/2022\/02\/01\/aniversari-biblioteca-jove-entrega-premis-bollere\/ana-carolina-oliveira-1er-premi-categoria-b-4\/'><img loading=\"lazy\" decoding=\"async\" width=\"750\" height=\"423\" src=\"https:\/\/biblioteca.blanes.cat\/salajove\/wp-content\/uploads\/sites\/3\/2022\/01\/Ana-Carolina-Oliveira-1er-Premi-Categoria-B-4-1024x577.jpg\" class=\"attachment-large size-large\" alt=\"\" srcset=\"https:\/\/biblioteca.blanes.cat\/salajove\/wp-content\/uploads\/sites\/3\/2022\/01\/Ana-Carolina-Oliveira-1er-Premi-Categoria-B-4-1024x577.jpg 1024w, https:\/\/biblioteca.blanes.cat\/salajove\/wp-content\/uploads\/sites\/3\/2022\/01\/Ana-Carolina-Oliveira-1er-Premi-Categoria-B-4-300x169.jpg 300w, https:\/\/biblioteca.blanes.cat\/salajove\/wp-content\/uploads\/sites\/3\/2022\/01\/Ana-Carolina-Oliveira-1er-Premi-Categoria-B-4-768x433.jpg 768w, https:\/\/biblioteca.blanes.cat\/salajove\/wp-content\/uploads\/sites\/3\/2022\/01\/Ana-Carolina-Oliveira-1er-Premi-Categoria-B-4.jpg 1296w\" sizes=\"(max-width: 750px) 100vw, 750px\" \/><\/a>\n\t\t\t<\/div><\/figure><figure class='gallery-item'>\n\t\t\t<div class='gallery-icon landscape'>\n\t\t\t\t<a href='https:\/\/biblioteca.blanes.cat\/salajove\/2022\/02\/01\/aniversari-biblioteca-jove-entrega-premis-bollere\/andres-escribano-finalista-categoria-b-4\/'><img loading=\"lazy\" decoding=\"async\" width=\"750\" height=\"422\" src=\"https:\/\/biblioteca.blanes.cat\/salajove\/wp-content\/uploads\/sites\/3\/2022\/01\/Andres-Escribano-Finalista-Categoria-B-4-1024x576.jpg\" class=\"attachment-large size-large\" alt=\"\" srcset=\"https:\/\/biblioteca.blanes.cat\/salajove\/wp-content\/uploads\/sites\/3\/2022\/01\/Andres-Escribano-Finalista-Categoria-B-4-1024x576.jpg 1024w, https:\/\/biblioteca.blanes.cat\/salajove\/wp-content\/uploads\/sites\/3\/2022\/01\/Andres-Escribano-Finalista-Categoria-B-4-300x169.jpg 300w, https:\/\/biblioteca.blanes.cat\/salajove\/wp-content\/uploads\/sites\/3\/2022\/01\/Andres-Escribano-Finalista-Categoria-B-4-768x432.jpg 768w, https:\/\/biblioteca.blanes.cat\/salajove\/wp-content\/uploads\/sites\/3\/2022\/01\/Andres-Escribano-Finalista-Categoria-B-4.jpg 1246w\" sizes=\"(max-width: 750px) 100vw, 750px\" \/><\/a>\n\t\t\t<\/div><\/figure><figure class='gallery-item'>\n\t\t\t<div class='gallery-icon landscape'>\n\t\t\t\t<a href='https:\/\/biblioteca.blanes.cat\/salajove\/2022\/02\/01\/aniversari-biblioteca-jove-entrega-premis-bollere\/marina-arino-finalista-categoria-a-5-3\/'><img loading=\"lazy\" decoding=\"async\" width=\"750\" height=\"422\" src=\"https:\/\/biblioteca.blanes.cat\/salajove\/wp-content\/uploads\/sites\/3\/2022\/01\/Marina-Arino-Finalista-Categoria-A-5-2-1024x576.jpg\" class=\"attachment-large size-large\" alt=\"\" srcset=\"https:\/\/biblioteca.blanes.cat\/salajove\/wp-content\/uploads\/sites\/3\/2022\/01\/Marina-Arino-Finalista-Categoria-A-5-2-1024x576.jpg 1024w, https:\/\/biblioteca.blanes.cat\/salajove\/wp-content\/uploads\/sites\/3\/2022\/01\/Marina-Arino-Finalista-Categoria-A-5-2-300x169.jpg 300w, https:\/\/biblioteca.blanes.cat\/salajove\/wp-content\/uploads\/sites\/3\/2022\/01\/Marina-Arino-Finalista-Categoria-A-5-2-768x432.jpg 768w, https:\/\/biblioteca.blanes.cat\/salajove\/wp-content\/uploads\/sites\/3\/2022\/01\/Marina-Arino-Finalista-Categoria-A-5-2.jpg 1261w\" sizes=\"(max-width: 750px) 100vw, 750px\" \/><\/a>\n\t\t\t<\/div><\/figure>\n\t\t<\/div>\n\n<p>\u00a0<\/p>\n","protected":false},"excerpt":{"rendered":"<p>Bones joves! Dilluns dia 24 de gener es va celebrar l&#8217;Entrega de premis del tretz\u00e8 concurs de relats per a joves- Boller\u00e9, coincidint amb l&#8217;Aniversari de la Biblioteca jove. Aprofitem per felicitar els guanyadors i finalistes de les dues categories<\/p>\n","protected":false},"author":4,"featured_media":6566,"comment_status":"open","ping_status":"open","sticky":false,"template":"","format":"standard","meta":{"sfsi_plus_gutenberg_text_before_share":"","sfsi_plus_gutenberg_show_text_before_share":"","sfsi_plus_gutenberg_icon_type":"","sfsi_plus_gutenberg_icon_alignemt":"","sfsi_plus_gutenburg_max_per_row":"","footnotes":""},"categories":[15,1,36],"tags":[],"class_list":["post-6564","post","type-post","status-publish","format-standard","has-post-thumbnail","hentry","category-bollere","category-general","category-premis-literaris"],"yoast_head":"<!-- This site is optimized with the Yoast SEO plugin v27.5 - https:\/\/yoast.com\/product\/yoast-seo-wordpress\/ -->\n<title>Aniversari Biblioteca jove + Entrega premis Boller\u00e9 - Sala Jove<\/title>\n<meta name=\"robots\" content=\"index, follow, max-snippet:-1, max-image-preview:large, max-video-preview:-1\" \/>\n<link rel=\"canonical\" href=\"https:\/\/biblioteca.blanes.cat\/salajove\/2022\/02\/01\/aniversari-biblioteca-jove-entrega-premis-bollere\/\" \/>\n<meta property=\"og:locale\" content=\"ca_ES\" \/>\n<meta property=\"og:type\" content=\"article\" \/>\n<meta property=\"og:title\" content=\"Aniversari Biblioteca jove + Entrega premis Boller\u00e9 - Sala Jove\" \/>\n<meta property=\"og:description\" content=\"Bones joves! Dilluns dia 24 de gener es va celebrar l&#8217;Entrega de premis del tretz\u00e8 concurs de relats per a joves- Boller\u00e9, coincidint amb l&#8217;Aniversari de la Biblioteca jove. Aprofitem per felicitar els guanyadors i finalistes de les dues categories\" \/>\n<meta property=\"og:url\" content=\"https:\/\/biblioteca.blanes.cat\/salajove\/2022\/02\/01\/aniversari-biblioteca-jove-entrega-premis-bollere\/\" \/>\n<meta property=\"og:site_name\" content=\"Sala Jove\" \/>\n<meta property=\"article:publisher\" content=\"https:\/\/www.facebook.com\/BilbiotecaComarcaldeBlanes\/\" \/>\n<meta property=\"article:published_time\" content=\"2022-02-01T13:02:00+00:00\" \/>\n<meta property=\"article:modified_time\" content=\"2022-02-12T12:29:44+00:00\" \/>\n<meta property=\"og:image\" content=\"https:\/\/biblioteca.blanes.cat\/salajove\/wp-content\/uploads\/sites\/3\/2022\/01\/bollere-historic-1.jpg\" \/>\n\t<meta property=\"og:image:width\" content=\"576\" \/>\n\t<meta property=\"og:image:height\" content=\"867\" \/>\n\t<meta property=\"og:image:type\" content=\"image\/jpeg\" \/>\n<meta name=\"author\" content=\"biblioblanes\" \/>\n<meta name=\"twitter:card\" content=\"summary_large_image\" \/>\n<meta name=\"twitter:creator\" content=\"@biblioblanes\" \/>\n<meta name=\"twitter:site\" content=\"@BiblioBlanes\" \/>\n<meta name=\"twitter:label1\" content=\"Escrit per\" \/>\n\t<meta name=\"twitter:data1\" content=\"biblioblanes\" \/>\n\t<meta name=\"twitter:label2\" content=\"Temps estimat de lectura\" \/>\n\t<meta name=\"twitter:data2\" content=\"1 minut\" \/>\n<script type=\"application\/ld+json\" class=\"yoast-schema-graph\">{\"@context\":\"https:\\\/\\\/schema.org\",\"@graph\":[{\"@type\":\"Article\",\"@id\":\"https:\\\/\\\/biblioteca.blanes.cat\\\/salajove\\\/2022\\\/02\\\/01\\\/aniversari-biblioteca-jove-entrega-premis-bollere\\\/#article\",\"isPartOf\":{\"@id\":\"https:\\\/\\\/biblioteca.blanes.cat\\\/salajove\\\/2022\\\/02\\\/01\\\/aniversari-biblioteca-jove-entrega-premis-bollere\\\/\"},\"author\":{\"name\":\"biblioblanes\",\"@id\":\"https:\\\/\\\/biblioteca.blanes.cat\\\/salajove\\\/#\\\/schema\\\/person\\\/5a7b46760d9dd611d098bbf571a341dc\"},\"headline\":\"Aniversari Biblioteca jove + Entrega premis Boller\u00e9\",\"datePublished\":\"2022-02-01T13:02:00+00:00\",\"dateModified\":\"2022-02-12T12:29:44+00:00\",\"mainEntityOfPage\":{\"@id\":\"https:\\\/\\\/biblioteca.blanes.cat\\\/salajove\\\/2022\\\/02\\\/01\\\/aniversari-biblioteca-jove-entrega-premis-bollere\\\/\"},\"wordCount\":121,\"commentCount\":0,\"publisher\":{\"@id\":\"https:\\\/\\\/biblioteca.blanes.cat\\\/salajove\\\/#organization\"},\"image\":{\"@id\":\"https:\\\/\\\/biblioteca.blanes.cat\\\/salajove\\\/2022\\\/02\\\/01\\\/aniversari-biblioteca-jove-entrega-premis-bollere\\\/#primaryimage\"},\"thumbnailUrl\":\"https:\\\/\\\/biblioteca.blanes.cat\\\/salajove\\\/wp-content\\\/uploads\\\/sites\\\/3\\\/2022\\\/01\\\/bollere-historic-1.jpg\",\"articleSection\":[\"Boller\u00e9\",\"Not\u00edcies\",\"Premis Literaris\"],\"inLanguage\":\"ca\",\"potentialAction\":[{\"@type\":\"CommentAction\",\"name\":\"Comment\",\"target\":[\"https:\\\/\\\/biblioteca.blanes.cat\\\/salajove\\\/2022\\\/02\\\/01\\\/aniversari-biblioteca-jove-entrega-premis-bollere\\\/#respond\"]}]},{\"@type\":\"WebPage\",\"@id\":\"https:\\\/\\\/biblioteca.blanes.cat\\\/salajove\\\/2022\\\/02\\\/01\\\/aniversari-biblioteca-jove-entrega-premis-bollere\\\/\",\"url\":\"https:\\\/\\\/biblioteca.blanes.cat\\\/salajove\\\/2022\\\/02\\\/01\\\/aniversari-biblioteca-jove-entrega-premis-bollere\\\/\",\"name\":\"Aniversari Biblioteca jove + Entrega premis Boller\u00e9 - Sala Jove\",\"isPartOf\":{\"@id\":\"https:\\\/\\\/biblioteca.blanes.cat\\\/salajove\\\/#website\"},\"primaryImageOfPage\":{\"@id\":\"https:\\\/\\\/biblioteca.blanes.cat\\\/salajove\\\/2022\\\/02\\\/01\\\/aniversari-biblioteca-jove-entrega-premis-bollere\\\/#primaryimage\"},\"image\":{\"@id\":\"https:\\\/\\\/biblioteca.blanes.cat\\\/salajove\\\/2022\\\/02\\\/01\\\/aniversari-biblioteca-jove-entrega-premis-bollere\\\/#primaryimage\"},\"thumbnailUrl\":\"https:\\\/\\\/biblioteca.blanes.cat\\\/salajove\\\/wp-content\\\/uploads\\\/sites\\\/3\\\/2022\\\/01\\\/bollere-historic-1.jpg\",\"datePublished\":\"2022-02-01T13:02:00+00:00\",\"dateModified\":\"2022-02-12T12:29:44+00:00\",\"breadcrumb\":{\"@id\":\"https:\\\/\\\/biblioteca.blanes.cat\\\/salajove\\\/2022\\\/02\\\/01\\\/aniversari-biblioteca-jove-entrega-premis-bollere\\\/#breadcrumb\"},\"inLanguage\":\"ca\",\"potentialAction\":[{\"@type\":\"ReadAction\",\"target\":[\"https:\\\/\\\/biblioteca.blanes.cat\\\/salajove\\\/2022\\\/02\\\/01\\\/aniversari-biblioteca-jove-entrega-premis-bollere\\\/\"]}]},{\"@type\":\"ImageObject\",\"inLanguage\":\"ca\",\"@id\":\"https:\\\/\\\/biblioteca.blanes.cat\\\/salajove\\\/2022\\\/02\\\/01\\\/aniversari-biblioteca-jove-entrega-premis-bollere\\\/#primaryimage\",\"url\":\"https:\\\/\\\/biblioteca.blanes.cat\\\/salajove\\\/wp-content\\\/uploads\\\/sites\\\/3\\\/2022\\\/01\\\/bollere-historic-1.jpg\",\"contentUrl\":\"https:\\\/\\\/biblioteca.blanes.cat\\\/salajove\\\/wp-content\\\/uploads\\\/sites\\\/3\\\/2022\\\/01\\\/bollere-historic-1.jpg\",\"width\":576,\"height\":867},{\"@type\":\"BreadcrumbList\",\"@id\":\"https:\\\/\\\/biblioteca.blanes.cat\\\/salajove\\\/2022\\\/02\\\/01\\\/aniversari-biblioteca-jove-entrega-premis-bollere\\\/#breadcrumb\",\"itemListElement\":[{\"@type\":\"ListItem\",\"position\":1,\"name\":\"Inici\",\"item\":\"https:\\\/\\\/biblioteca.blanes.cat\\\/salajove\\\/\"},{\"@type\":\"ListItem\",\"position\":2,\"name\":\"Aniversari Biblioteca jove + Entrega premis Boller\u00e9\"}]},{\"@type\":\"WebSite\",\"@id\":\"https:\\\/\\\/biblioteca.blanes.cat\\\/salajove\\\/#website\",\"url\":\"https:\\\/\\\/biblioteca.blanes.cat\\\/salajove\\\/\",\"name\":\"Sala Jove\",\"description\":\"Biblioteca Comarcal de Blanes\",\"publisher\":{\"@id\":\"https:\\\/\\\/biblioteca.blanes.cat\\\/salajove\\\/#organization\"},\"potentialAction\":[{\"@type\":\"SearchAction\",\"target\":{\"@type\":\"EntryPoint\",\"urlTemplate\":\"https:\\\/\\\/biblioteca.blanes.cat\\\/salajove\\\/?s={search_term_string}\"},\"query-input\":{\"@type\":\"PropertyValueSpecification\",\"valueRequired\":true,\"valueName\":\"search_term_string\"}}],\"inLanguage\":\"ca\"},{\"@type\":\"Organization\",\"@id\":\"https:\\\/\\\/biblioteca.blanes.cat\\\/salajove\\\/#organization\",\"name\":\"Biblioteca Comarcal de Blanes\",\"url\":\"https:\\\/\\\/biblioteca.blanes.cat\\\/salajove\\\/\",\"logo\":{\"@type\":\"ImageObject\",\"inLanguage\":\"ca\",\"@id\":\"https:\\\/\\\/biblioteca.blanes.cat\\\/salajove\\\/#\\\/schema\\\/logo\\\/image\\\/\",\"url\":\"https:\\\/\\\/biblioteca.blanes.cat\\\/salajove\\\/wp-content\\\/uploads\\\/sites\\\/3\\\/2017\\\/09\\\/cropped-Bib-blau-e1518869380535.png\",\"contentUrl\":\"https:\\\/\\\/biblioteca.blanes.cat\\\/salajove\\\/wp-content\\\/uploads\\\/sites\\\/3\\\/2017\\\/09\\\/cropped-Bib-blau-e1518869380535.png\",\"width\":166,\"height\":166,\"caption\":\"Biblioteca Comarcal de Blanes\"},\"image\":{\"@id\":\"https:\\\/\\\/biblioteca.blanes.cat\\\/salajove\\\/#\\\/schema\\\/logo\\\/image\\\/\"},\"sameAs\":[\"https:\\\/\\\/www.facebook.com\\\/BilbiotecaComarcaldeBlanes\\\/\",\"https:\\\/\\\/x.com\\\/BiblioBlanes\",\"https:\\\/\\\/www.instagram.com\\\/biblioblanes\\\/\",\"https:\\\/\\\/www.pinterest.es\\\/bblanes\\\/\",\"https:\\\/\\\/www.youtube.com\\\/c\\\/BibliotecaComarcalBlanes\"]},{\"@type\":\"Person\",\"@id\":\"https:\\\/\\\/biblioteca.blanes.cat\\\/salajove\\\/#\\\/schema\\\/person\\\/5a7b46760d9dd611d098bbf571a341dc\",\"name\":\"biblioblanes\",\"image\":{\"@type\":\"ImageObject\",\"inLanguage\":\"ca\",\"@id\":\"https:\\\/\\\/secure.gravatar.com\\\/avatar\\\/6593ca6cc90e5a70939f51c95e8315483b9c281bafba597292bee47992030f99?s=96&d=mm&r=g\",\"url\":\"https:\\\/\\\/secure.gravatar.com\\\/avatar\\\/6593ca6cc90e5a70939f51c95e8315483b9c281bafba597292bee47992030f99?s=96&d=mm&r=g\",\"contentUrl\":\"https:\\\/\\\/secure.gravatar.com\\\/avatar\\\/6593ca6cc90e5a70939f51c95e8315483b9c281bafba597292bee47992030f99?s=96&d=mm&r=g\",\"caption\":\"biblioblanes\"},\"sameAs\":[\"http:\\\/\\\/www.bibgirona.cat\\\/biblioteca\\\/blanes\",\"https:\\\/\\\/x.com\\\/biblioblanes\"],\"url\":\"https:\\\/\\\/biblioteca.blanes.cat\\\/salajove\\\/author\\\/biblioblanes\\\/\"}]}<\/script>\n<!-- \/ Yoast SEO plugin. -->","yoast_head_json":{"title":"Aniversari Biblioteca jove + Entrega premis Boller\u00e9 - Sala Jove","robots":{"index":"index","follow":"follow","max-snippet":"max-snippet:-1","max-image-preview":"max-image-preview:large","max-video-preview":"max-video-preview:-1"},"canonical":"https:\/\/biblioteca.blanes.cat\/salajove\/2022\/02\/01\/aniversari-biblioteca-jove-entrega-premis-bollere\/","og_locale":"ca_ES","og_type":"article","og_title":"Aniversari Biblioteca jove + Entrega premis Boller\u00e9 - Sala Jove","og_description":"Bones joves! Dilluns dia 24 de gener es va celebrar l&#8217;Entrega de premis del tretz\u00e8 concurs de relats per a joves- Boller\u00e9, coincidint amb l&#8217;Aniversari de la Biblioteca jove. Aprofitem per felicitar els guanyadors i finalistes de les dues categories","og_url":"https:\/\/biblioteca.blanes.cat\/salajove\/2022\/02\/01\/aniversari-biblioteca-jove-entrega-premis-bollere\/","og_site_name":"Sala Jove","article_publisher":"https:\/\/www.facebook.com\/BilbiotecaComarcaldeBlanes\/","article_published_time":"2022-02-01T13:02:00+00:00","article_modified_time":"2022-02-12T12:29:44+00:00","og_image":[{"width":576,"height":867,"url":"https:\/\/biblioteca.blanes.cat\/salajove\/wp-content\/uploads\/sites\/3\/2022\/01\/bollere-historic-1.jpg","type":"image\/jpeg"}],"author":"biblioblanes","twitter_card":"summary_large_image","twitter_creator":"@biblioblanes","twitter_site":"@BiblioBlanes","twitter_misc":{"Escrit per":"biblioblanes","Temps estimat de lectura":"1 minut"},"schema":{"@context":"https:\/\/schema.org","@graph":[{"@type":"Article","@id":"https:\/\/biblioteca.blanes.cat\/salajove\/2022\/02\/01\/aniversari-biblioteca-jove-entrega-premis-bollere\/#article","isPartOf":{"@id":"https:\/\/biblioteca.blanes.cat\/salajove\/2022\/02\/01\/aniversari-biblioteca-jove-entrega-premis-bollere\/"},"author":{"name":"biblioblanes","@id":"https:\/\/biblioteca.blanes.cat\/salajove\/#\/schema\/person\/5a7b46760d9dd611d098bbf571a341dc"},"headline":"Aniversari Biblioteca jove + Entrega premis Boller\u00e9","datePublished":"2022-02-01T13:02:00+00:00","dateModified":"2022-02-12T12:29:44+00:00","mainEntityOfPage":{"@id":"https:\/\/biblioteca.blanes.cat\/salajove\/2022\/02\/01\/aniversari-biblioteca-jove-entrega-premis-bollere\/"},"wordCount":121,"commentCount":0,"publisher":{"@id":"https:\/\/biblioteca.blanes.cat\/salajove\/#organization"},"image":{"@id":"https:\/\/biblioteca.blanes.cat\/salajove\/2022\/02\/01\/aniversari-biblioteca-jove-entrega-premis-bollere\/#primaryimage"},"thumbnailUrl":"https:\/\/biblioteca.blanes.cat\/salajove\/wp-content\/uploads\/sites\/3\/2022\/01\/bollere-historic-1.jpg","articleSection":["Boller\u00e9","Not\u00edcies","Premis Literaris"],"inLanguage":"ca","potentialAction":[{"@type":"CommentAction","name":"Comment","target":["https:\/\/biblioteca.blanes.cat\/salajove\/2022\/02\/01\/aniversari-biblioteca-jove-entrega-premis-bollere\/#respond"]}]},{"@type":"WebPage","@id":"https:\/\/biblioteca.blanes.cat\/salajove\/2022\/02\/01\/aniversari-biblioteca-jove-entrega-premis-bollere\/","url":"https:\/\/biblioteca.blanes.cat\/salajove\/2022\/02\/01\/aniversari-biblioteca-jove-entrega-premis-bollere\/","name":"Aniversari Biblioteca jove + Entrega premis Boller\u00e9 - Sala Jove","isPartOf":{"@id":"https:\/\/biblioteca.blanes.cat\/salajove\/#website"},"primaryImageOfPage":{"@id":"https:\/\/biblioteca.blanes.cat\/salajove\/2022\/02\/01\/aniversari-biblioteca-jove-entrega-premis-bollere\/#primaryimage"},"image":{"@id":"https:\/\/biblioteca.blanes.cat\/salajove\/2022\/02\/01\/aniversari-biblioteca-jove-entrega-premis-bollere\/#primaryimage"},"thumbnailUrl":"https:\/\/biblioteca.blanes.cat\/salajove\/wp-content\/uploads\/sites\/3\/2022\/01\/bollere-historic-1.jpg","datePublished":"2022-02-01T13:02:00+00:00","dateModified":"2022-02-12T12:29:44+00:00","breadcrumb":{"@id":"https:\/\/biblioteca.blanes.cat\/salajove\/2022\/02\/01\/aniversari-biblioteca-jove-entrega-premis-bollere\/#breadcrumb"},"inLanguage":"ca","potentialAction":[{"@type":"ReadAction","target":["https:\/\/biblioteca.blanes.cat\/salajove\/2022\/02\/01\/aniversari-biblioteca-jove-entrega-premis-bollere\/"]}]},{"@type":"ImageObject","inLanguage":"ca","@id":"https:\/\/biblioteca.blanes.cat\/salajove\/2022\/02\/01\/aniversari-biblioteca-jove-entrega-premis-bollere\/#primaryimage","url":"https:\/\/biblioteca.blanes.cat\/salajove\/wp-content\/uploads\/sites\/3\/2022\/01\/bollere-historic-1.jpg","contentUrl":"https:\/\/biblioteca.blanes.cat\/salajove\/wp-content\/uploads\/sites\/3\/2022\/01\/bollere-historic-1.jpg","width":576,"height":867},{"@type":"BreadcrumbList","@id":"https:\/\/biblioteca.blanes.cat\/salajove\/2022\/02\/01\/aniversari-biblioteca-jove-entrega-premis-bollere\/#breadcrumb","itemListElement":[{"@type":"ListItem","position":1,"name":"Inici","item":"https:\/\/biblioteca.blanes.cat\/salajove\/"},{"@type":"ListItem","position":2,"name":"Aniversari Biblioteca jove + Entrega premis Boller\u00e9"}]},{"@type":"WebSite","@id":"https:\/\/biblioteca.blanes.cat\/salajove\/#website","url":"https:\/\/biblioteca.blanes.cat\/salajove\/","name":"Sala Jove","description":"Biblioteca Comarcal de Blanes","publisher":{"@id":"https:\/\/biblioteca.blanes.cat\/salajove\/#organization"},"potentialAction":[{"@type":"SearchAction","target":{"@type":"EntryPoint","urlTemplate":"https:\/\/biblioteca.blanes.cat\/salajove\/?s={search_term_string}"},"query-input":{"@type":"PropertyValueSpecification","valueRequired":true,"valueName":"search_term_string"}}],"inLanguage":"ca"},{"@type":"Organization","@id":"https:\/\/biblioteca.blanes.cat\/salajove\/#organization","name":"Biblioteca Comarcal de Blanes","url":"https:\/\/biblioteca.blanes.cat\/salajove\/","logo":{"@type":"ImageObject","inLanguage":"ca","@id":"https:\/\/biblioteca.blanes.cat\/salajove\/#\/schema\/logo\/image\/","url":"https:\/\/biblioteca.blanes.cat\/salajove\/wp-content\/uploads\/sites\/3\/2017\/09\/cropped-Bib-blau-e1518869380535.png","contentUrl":"https:\/\/biblioteca.blanes.cat\/salajove\/wp-content\/uploads\/sites\/3\/2017\/09\/cropped-Bib-blau-e1518869380535.png","width":166,"height":166,"caption":"Biblioteca Comarcal de Blanes"},"image":{"@id":"https:\/\/biblioteca.blanes.cat\/salajove\/#\/schema\/logo\/image\/"},"sameAs":["https:\/\/www.facebook.com\/BilbiotecaComarcaldeBlanes\/","https:\/\/x.com\/BiblioBlanes","https:\/\/www.instagram.com\/biblioblanes\/","https:\/\/www.pinterest.es\/bblanes\/","https:\/\/www.youtube.com\/c\/BibliotecaComarcalBlanes"]},{"@type":"Person","@id":"https:\/\/biblioteca.blanes.cat\/salajove\/#\/schema\/person\/5a7b46760d9dd611d098bbf571a341dc","name":"biblioblanes","image":{"@type":"ImageObject","inLanguage":"ca","@id":"https:\/\/secure.gravatar.com\/avatar\/6593ca6cc90e5a70939f51c95e8315483b9c281bafba597292bee47992030f99?s=96&d=mm&r=g","url":"https:\/\/secure.gravatar.com\/avatar\/6593ca6cc90e5a70939f51c95e8315483b9c281bafba597292bee47992030f99?s=96&d=mm&r=g","contentUrl":"https:\/\/secure.gravatar.com\/avatar\/6593ca6cc90e5a70939f51c95e8315483b9c281bafba597292bee47992030f99?s=96&d=mm&r=g","caption":"biblioblanes"},"sameAs":["http:\/\/www.bibgirona.cat\/biblioteca\/blanes","https:\/\/x.com\/biblioblanes"],"url":"https:\/\/biblioteca.blanes.cat\/salajove\/author\/biblioblanes\/"}]}},"_links":{"self":[{"href":"https:\/\/biblioteca.blanes.cat\/salajove\/wp-json\/wp\/v2\/posts\/6564","targetHints":{"allow":["GET"]}}],"collection":[{"href":"https:\/\/biblioteca.blanes.cat\/salajove\/wp-json\/wp\/v2\/posts"}],"about":[{"href":"https:\/\/biblioteca.blanes.cat\/salajove\/wp-json\/wp\/v2\/types\/post"}],"author":[{"embeddable":true,"href":"https:\/\/biblioteca.blanes.cat\/salajove\/wp-json\/wp\/v2\/users\/4"}],"replies":[{"embeddable":true,"href":"https:\/\/biblioteca.blanes.cat\/salajove\/wp-json\/wp\/v2\/comments?post=6564"}],"version-history":[{"count":7,"href":"https:\/\/biblioteca.blanes.cat\/salajove\/wp-json\/wp\/v2\/posts\/6564\/revisions"}],"predecessor-version":[{"id":6611,"href":"https:\/\/biblioteca.blanes.cat\/salajove\/wp-json\/wp\/v2\/posts\/6564\/revisions\/6611"}],"wp:featuredmedia":[{"embeddable":true,"href":"https:\/\/biblioteca.blanes.cat\/salajove\/wp-json\/wp\/v2\/media\/6566"}],"wp:attachment":[{"href":"https:\/\/biblioteca.blanes.cat\/salajove\/wp-json\/wp\/v2\/media?parent=6564"}],"wp:term":[{"taxonomy":"category","embeddable":true,"href":"https:\/\/biblioteca.blanes.cat\/salajove\/wp-json\/wp\/v2\/categories?post=6564"},{"taxonomy":"post_tag","embeddable":true,"href":"https:\/\/biblioteca.blanes.cat\/salajove\/wp-json\/wp\/v2\/tags?post=6564"}],"curies":[{"name":"wp","href":"https:\/\/api.w.org\/{rel}","templated":true}]}}