{"id":648,"date":"2018-01-04T17:44:13","date_gmt":"2018-01-04T16:44:13","guid":{"rendered":"https:\/\/biblioteca.blanes.cat\/salajove\/?p=648"},"modified":"2018-01-04T17:45:11","modified_gmt":"2018-01-04T16:45:11","slug":"cancion-de-navidad-de-charles-dickens","status":"publish","type":"post","link":"https:\/\/biblioteca.blanes.cat\/salajove\/2018\/01\/04\/cancion-de-navidad-de-charles-dickens\/","title":{"rendered":"CANCI\u00d3N DE NAVIDAD de CHARLES DICKENS"},"content":{"rendered":"<h2 style=\"text-align: center;\"><em>\u201c\u00a1Feliz, feliz Navidad, la que hace que nos acordemos de las ilusiones de nuestra infancia, le recuerde al abuelo las alegr\u00edas de su juventud y le transporte al viajero a su chimenea y a su dulce hogar.\u201d <\/em><\/h2>\n<h2>\u00a0<\/h2>\n<h2><img fetchpriority=\"high\" decoding=\"async\" class=\"alignright\" src=\"https:\/\/imagessl2.casadellibro.com\/a\/l\/t0\/62\/9788466792462.jpg\" width=\"255\" height=\"386\" \/><\/h2>\n<p style=\"font-size: 110%; text-align: justify;\">Charles Dickens va ser un mestre del g\u00e8nere narratiu. En totes les seves obres hi posava certes dosis d\u2019humor i ironia, i alguna que altra critica social. Tamb\u00e9 destaquen molt les descripcions dels personatges i llocs, siguin reals o imaginaris. Els seus llibres s\u2019han convertit en cl\u00e0ssics de al literatura, com per exemple: <em>\u201cTots els contes de Nadal\u201d <\/em>(en aquest llibre hi ha cinc contes: <em>\u201cCan\u00e7\u00f3 de Nadal\u201d, \u201cLas campanes\u201d, \u201cEl grillo del hogar\u201d, \u201cLa batalla de la vida\u201d i \u201cEl hechizado\u201d<\/em>), <em>\u201cEls papers p\u00f2stums del club Pickwick\u201d, \u201cOliver Twist\u201d, \u201cNicholas Nickleby\u201d, \u201cDavid Copperfield\u201d, \u201cTemps dif\u00edcils\u201d, \u201cUna hist\u00f2ria de dues ciutats\u201d, \u201cGrans esperances\u201d&#8230;<\/em><\/p>\n<p style=\"font-size: 110%;\">Per escriure \u201cCanci\u00f3n de Navidad\u201d, Dickens es va basar en la denigrant situaci\u00f3 del Regne Unit durant la revoluci\u00f3 industrial en el segle XIX. Concretament en el maltractament de nens i joves que treballaven i estudiaven en les situacions m\u00e9s cruels.<\/p>\n<p style=\"font-size: 110%;\">El protagonista d\u2019aquesta entranyable hist\u00f2ria \u00e9s el Sr. Ebenzer Scrooge, un home \u00e0var, mesqu\u00ed que no celebra el Nadal a causa de la seva solit\u00e0ria vida i la seva addicci\u00f3 a la feina. No li importa gens els dem\u00e9s i l\u2019\u00fanic que li \u00e9s important s\u00f3n els negocis i guanyar diners.<\/p>\n<p style=\"font-size: 110%;\">Una nit, en la vig\u00edlia de Nadal, Scrooge rep la visita d\u2019un fantasma que resulta ser el del seu millor amic i soci Jacob Marley, que va morir set anys abans de l\u2019inici de la hist\u00f2ria. L\u2019espectre li explica que per haver estat tan \u00e0var i mesqu\u00ed arrossegar\u00e0 una llarga i pesada cadena quan es mori per tota la eternitat.<\/p>\n<p style=\"font-size: 110%;\">Tamb\u00e9 li anuncia la visita de tres Esperits del Nadal que li donaran la oportunitat de canviar. Aquella nit apareixen els tres Esperits: el del seu passat, el del present i el del seu futur. Al final, Scrooge es desperta el dia de Nadal i decideix que t\u00e9 de canviar el rumb de la seva vida. A partir d\u2019aquell moment\u00a0 ajuda a les persones del seu voltant i es torna molt m\u00e9s amable i comprensiu.<\/p>\n<p style=\"font-size: 110%;\"><em>\u2014\u00a1No s\u00e9 qu\u00e9 d\u00eda es hoy ni en qu\u00e9 a\u00f1o vivo! \u2014arguy\u00f3\u2014 . No s\u00e9 cu\u00e1nto tiempo he estado con los Esp\u00edritus. No s\u00e9 nada. Estoy como un ni\u00f1o. Qu\u00e9 m\u00e1s da. No me importa. Es mejor sentirse como un ni\u00f1o. \u00a1Eeehh! \u00a1Yuuuhuu! \u00a1Viva!- Sus arrebatos de felicidad y entusiasmo se vieron interrumpidos por el repique de las campanas, que sonaron como nunca antes lo hab\u00edan hecho. \u00a1Til\u00edn, tal\u00e1n, ding, dong, tol\u00f3n, tol\u00f3n! \u00a1Ah, glorioso, maravilloso! Corri\u00f3 a la ventana, la abri\u00f3 y asom\u00f3 la cabeza. Ni bruma, ni niebla. Hac\u00eda fr\u00edo, por supuesto, pero el d\u00eda estaba claro, con una luminosidad especial. Un fr\u00edo que estimulaba a la sangre y te hac\u00eda bailar; un sol de oro que, apostado en un cielo azul, irradiaba alegr\u00eda; el aire fresco y suave y las campanas desga\u00f1it\u00e1ndose sin parar. \u00a1Ah, glorioso, fant\u00e1stico!<\/em><\/p>\n<p style=\"font-size: 110%;\">\u00c9s un llibre genial que ens ensenya el poder de les persones, de l\u2019amor, de la fam\u00edlia, del Nadal&#8230; En definitiva que cultivar l\u2019amor a les persones \u00e9s la major riquesa que podem tenir. \u00a0I \u00e9s que sempre ser\u00e0 millor somriure i posar bona cara a tot el que vingui, intentant cada dia ser millor per tu mateix i pels dem\u00e9s.<\/p>\n<p style=\"font-size: 110%;\">Sincerament, llegint aquest llibre m\u2019han entrat unes ganes immenses de Nadal;<\/p>\n<p style=\"font-size: 110%;\">I ara unes quantes frases nadalenques:<\/p>\n<p style=\"font-size: 110%;\"><em>\u201cEs una ley de la compensaci\u00f3n justa, equitativa y saludable, que as\u00ed como hay contagio en la enfermedad y las penas, nada en el mundo resulta m\u00e1s contagioso que la risa y el buen humor.\u201d<\/em><\/p>\n<p style=\"text-align: justify; font-size: 110%;\"><em>\u201cEra una lumbre muy d\u00e9bil para una noche tan cruda. No tuvo m\u00e1s remedio que arrimarse a ella como si estuviera incubando, para sacar de aquel pu\u00f1adito de combustible la m\u00ednima sensaci\u00f3n de calor.\u201d<\/em><\/p>\n<p style=\"text-align: justify; font-size: 110%;\"><em>\u201cNunca sucedi\u00f3 nada bueno en este planeta que no empezara por hacer re\u00edr a algunos.\u201d<\/em><\/p>\n<p style=\"text-align: justify; font-size: 110%;\"><em>\u201cErase una vez concretamente en los d\u00edas mejores del a\u00f1o, la v\u00edspera de Navidad, el d\u00eda de Nochebuena, en que el viejo Scrooge estaba muy atareado sentado en su despacho.\u201d<\/em><\/p>\n<p style=\"text-align: justify; font-size: 110%;\"><em>\u201c\u00a1Hay en ti m\u00e1s salsa de carne que carne de tumba, seas quien seas!\u201d<\/em><\/p>\n<p>&nbsp;<\/p>\n<h2 style=\"font-size: 110%; text-align: center;\">CURIOSITAT DE LA NOVEL\u00b7LA\u00a0 I DE L\u2019AUTOR<\/h2>\n<p style=\"text-align: justify; font-size: 110%;\">Dickens va escriure \u201cCanci\u00f3n de Navidad\u201d en nom\u00e9s sis setmanes l\u2019any 1843. En aquell moment Dickens havia discutit amb el seu editor pels escassos ingressos de la seva anterior novel\u00b7la \u201cMartin Chuzzlewit\u201d. En Dickens va rebutjar una oferta que li feia el seu editor per la novel\u00b7la \u201cCanci\u00f3n de Navidad\u201d. Es tractava de rebre un pagament per part de la editorial a canvi de que la novel\u00b7la fos propietat de l\u2019editor. En Dickens, com he dit abans, va rebutjar l\u2019oferta conven\u00e7ut de que aconseguiria millors beneficis i va finan\u00e7ar la publicaci\u00f3 de d\u2019aquesta novel\u00b7la amb els seus propis diners.<\/p>\n<p style=\"text-align: justify; font-size: 110%;\">Despr\u00e9s d\u2019alguns problemes amb la publicaci\u00f3, a la fi, l\u2019obra va sortir a la llum a un preu de cinc x\u00edlings. A finals de l\u2019any 1843 s\u2019havien venut sis mil c\u00f2pies del llibre.\u00a0 L\u2019\u00e8xit va continuar fins despr\u00e9s de Nadal i al maig de 1844 es va esgotar la que ja era la s\u00e8ptima edici\u00f3.<\/p>\n<p style=\"text-align: justify; font-size: 110%;\">Ara us deixo amb un prefaci d\u2019en Dickens a \u201cCanci\u00f3n de Navidad\u201d,<\/p>\n<p style=\"text-align: justify; font-size: 110%;\"><em>Con este relato fantasmal he tratado de evocar el espectro de una idea que no deber\u00e1 contrariar a mis lectores ni enemistar-los con otros, con estas fiestas o conmigo. Conf\u00edo en que frecuente gratamente sus hogares y que nadie sienta el deseo de conjurar-lo. <\/em><\/p>\n<p style=\"text-align: justify; font-size: 110%;\"><em>\u00a0\u00a0\u00a0\u00a0\u00a0\u00a0\u00a0\u00a0\u00a0\u00a0\u00a0 Su leal amigo y servidor, \u00a0\u00a0\u00a0\u00a0\u00a0\u00a0\u00a0\u00a0\u00a0\u00a0\u00a0\u00a0 <\/em><\/p>\n<p style=\"text-align: right;\"><em>Charles Dickens <\/em><\/p>\n<p style=\"text-align: right; font-size: 110%;\"><em>Diciembre 1843<\/em><\/p>\n","protected":false},"excerpt":{"rendered":"<p>\u201c\u00a1Feliz, feliz Navidad, la que hace que nos acordemos de las ilusiones de nuestra infancia, le recuerde al abuelo las alegr\u00edas de su juventud y le transporte al viajero a su chimenea y a su dulce hogar.\u201d \u00a0 Charles Dickens<\/p>\n","protected":false},"author":4,"featured_media":154,"comment_status":"open","ping_status":"open","sticky":false,"template":"","format":"standard","meta":{"sfsi_plus_gutenberg_text_before_share":"","sfsi_plus_gutenberg_show_text_before_share":"","sfsi_plus_gutenberg_icon_type":"","sfsi_plus_gutenberg_icon_alignemt":"","sfsi_plus_gutenburg_max_per_row":"","footnotes":""},"categories":[9,11],"tags":[26,19,21,22,23],"class_list":["post-648","post","type-post","status-publish","format-standard","has-post-thumbnail","hentry","category-raco-de-la-paula","category-classic","tag-lectura","tag-literatura","tag-llibres","tag-ressenya","tag-sinopsi"],"yoast_head":"<!-- This site is optimized with the Yoast SEO plugin v27.5 - https:\/\/yoast.com\/product\/yoast-seo-wordpress\/ -->\n<title>Rac\u00f3 de la Paula: CANCI\u00d3N DE NAVIDAD de CHARLES DICKENS<\/title>\n<meta name=\"description\" content=\"Charles Dickens va ser un mestre del g\u00e8nere narratiu. En totes les seves obres hi posava certes dosis d\u2019humor i ironia, i alguna que altra critica social.\" \/>\n<meta name=\"robots\" content=\"index, follow, max-snippet:-1, max-image-preview:large, max-video-preview:-1\" \/>\n<link rel=\"canonical\" href=\"https:\/\/biblioteca.blanes.cat\/salajove\/2018\/01\/04\/cancion-de-navidad-de-charles-dickens\/\" \/>\n<meta property=\"og:locale\" content=\"ca_ES\" \/>\n<meta property=\"og:type\" content=\"article\" \/>\n<meta property=\"og:title\" content=\"Rac\u00f3 de la Paula: CANCI\u00d3N DE NAVIDAD de CHARLES DICKENS\" \/>\n<meta property=\"og:description\" content=\"Charles Dickens va ser un mestre del g\u00e8nere narratiu. En totes les seves obres hi posava certes dosis d\u2019humor i ironia, i alguna que altra critica social.\" \/>\n<meta property=\"og:url\" content=\"https:\/\/biblioteca.blanes.cat\/salajove\/2018\/01\/04\/cancion-de-navidad-de-charles-dickens\/\" \/>\n<meta property=\"og:site_name\" content=\"Sala Jove\" \/>\n<meta property=\"article:publisher\" content=\"https:\/\/www.facebook.com\/BilbiotecaComarcaldeBlanes\/\" \/>\n<meta property=\"article:published_time\" content=\"2018-01-04T16:44:13+00:00\" \/>\n<meta property=\"article:modified_time\" content=\"2018-01-04T16:45:11+00:00\" \/>\n<meta property=\"og:image\" content=\"https:\/\/biblioteca.blanes.cat\/salajove\/wp-content\/uploads\/sites\/3\/2017\/10\/Destacat_rac\u00f3_Paula.png\" \/>\n\t<meta property=\"og:image:width\" content=\"3719\" \/>\n\t<meta property=\"og:image:height\" content=\"2265\" \/>\n\t<meta property=\"og:image:type\" content=\"image\/png\" \/>\n<meta name=\"author\" content=\"biblioblanes\" \/>\n<meta name=\"twitter:card\" content=\"summary_large_image\" \/>\n<meta name=\"twitter:creator\" content=\"@biblioblanes\" \/>\n<meta name=\"twitter:site\" content=\"@BiblioBlanes\" \/>\n<meta name=\"twitter:label1\" content=\"Escrit per\" \/>\n\t<meta name=\"twitter:data1\" content=\"biblioblanes\" \/>\n\t<meta name=\"twitter:label2\" content=\"Temps estimat de lectura\" \/>\n\t<meta name=\"twitter:data2\" content=\"5 minuts\" \/>\n<script type=\"application\/ld+json\" class=\"yoast-schema-graph\">{\"@context\":\"https:\\\/\\\/schema.org\",\"@graph\":[{\"@type\":\"Article\",\"@id\":\"https:\\\/\\\/biblioteca.blanes.cat\\\/salajove\\\/2018\\\/01\\\/04\\\/cancion-de-navidad-de-charles-dickens\\\/#article\",\"isPartOf\":{\"@id\":\"https:\\\/\\\/biblioteca.blanes.cat\\\/salajove\\\/2018\\\/01\\\/04\\\/cancion-de-navidad-de-charles-dickens\\\/\"},\"author\":{\"name\":\"biblioblanes\",\"@id\":\"https:\\\/\\\/biblioteca.blanes.cat\\\/salajove\\\/#\\\/schema\\\/person\\\/5a7b46760d9dd611d098bbf571a341dc\"},\"headline\":\"CANCI\u00d3N DE NAVIDAD de CHARLES DICKENS\",\"datePublished\":\"2018-01-04T16:44:13+00:00\",\"dateModified\":\"2018-01-04T16:45:11+00:00\",\"mainEntityOfPage\":{\"@id\":\"https:\\\/\\\/biblioteca.blanes.cat\\\/salajove\\\/2018\\\/01\\\/04\\\/cancion-de-navidad-de-charles-dickens\\\/\"},\"wordCount\":1033,\"commentCount\":0,\"publisher\":{\"@id\":\"https:\\\/\\\/biblioteca.blanes.cat\\\/salajove\\\/#organization\"},\"image\":{\"@id\":\"https:\\\/\\\/biblioteca.blanes.cat\\\/salajove\\\/2018\\\/01\\\/04\\\/cancion-de-navidad-de-charles-dickens\\\/#primaryimage\"},\"thumbnailUrl\":\"https:\\\/\\\/biblioteca.blanes.cat\\\/salajove\\\/wp-content\\\/uploads\\\/sites\\\/3\\\/2017\\\/10\\\/Destacat_rac\u00f3_Paula.png\",\"keywords\":[\"#Lectura\",\"#Literatura\",\"#Llibres\",\"#Ressenya\",\"#Sinopsi\"],\"articleSection\":[\"Rac\u00f3 de la Paula\",\"RP_Cl\u00e0ssic\"],\"inLanguage\":\"ca\",\"potentialAction\":[{\"@type\":\"CommentAction\",\"name\":\"Comment\",\"target\":[\"https:\\\/\\\/biblioteca.blanes.cat\\\/salajove\\\/2018\\\/01\\\/04\\\/cancion-de-navidad-de-charles-dickens\\\/#respond\"]}]},{\"@type\":\"WebPage\",\"@id\":\"https:\\\/\\\/biblioteca.blanes.cat\\\/salajove\\\/2018\\\/01\\\/04\\\/cancion-de-navidad-de-charles-dickens\\\/\",\"url\":\"https:\\\/\\\/biblioteca.blanes.cat\\\/salajove\\\/2018\\\/01\\\/04\\\/cancion-de-navidad-de-charles-dickens\\\/\",\"name\":\"Rac\u00f3 de la Paula: CANCI\u00d3N DE NAVIDAD de CHARLES DICKENS\",\"isPartOf\":{\"@id\":\"https:\\\/\\\/biblioteca.blanes.cat\\\/salajove\\\/#website\"},\"primaryImageOfPage\":{\"@id\":\"https:\\\/\\\/biblioteca.blanes.cat\\\/salajove\\\/2018\\\/01\\\/04\\\/cancion-de-navidad-de-charles-dickens\\\/#primaryimage\"},\"image\":{\"@id\":\"https:\\\/\\\/biblioteca.blanes.cat\\\/salajove\\\/2018\\\/01\\\/04\\\/cancion-de-navidad-de-charles-dickens\\\/#primaryimage\"},\"thumbnailUrl\":\"https:\\\/\\\/biblioteca.blanes.cat\\\/salajove\\\/wp-content\\\/uploads\\\/sites\\\/3\\\/2017\\\/10\\\/Destacat_rac\u00f3_Paula.png\",\"datePublished\":\"2018-01-04T16:44:13+00:00\",\"dateModified\":\"2018-01-04T16:45:11+00:00\",\"description\":\"Charles Dickens va ser un mestre del g\u00e8nere narratiu. En totes les seves obres hi posava certes dosis d\u2019humor i ironia, i alguna que altra critica social.\",\"breadcrumb\":{\"@id\":\"https:\\\/\\\/biblioteca.blanes.cat\\\/salajove\\\/2018\\\/01\\\/04\\\/cancion-de-navidad-de-charles-dickens\\\/#breadcrumb\"},\"inLanguage\":\"ca\",\"potentialAction\":[{\"@type\":\"ReadAction\",\"target\":[\"https:\\\/\\\/biblioteca.blanes.cat\\\/salajove\\\/2018\\\/01\\\/04\\\/cancion-de-navidad-de-charles-dickens\\\/\"]}]},{\"@type\":\"ImageObject\",\"inLanguage\":\"ca\",\"@id\":\"https:\\\/\\\/biblioteca.blanes.cat\\\/salajove\\\/2018\\\/01\\\/04\\\/cancion-de-navidad-de-charles-dickens\\\/#primaryimage\",\"url\":\"https:\\\/\\\/biblioteca.blanes.cat\\\/salajove\\\/wp-content\\\/uploads\\\/sites\\\/3\\\/2017\\\/10\\\/Destacat_rac\u00f3_Paula.png\",\"contentUrl\":\"https:\\\/\\\/biblioteca.blanes.cat\\\/salajove\\\/wp-content\\\/uploads\\\/sites\\\/3\\\/2017\\\/10\\\/Destacat_rac\u00f3_Paula.png\",\"width\":3719,\"height\":2265,\"caption\":\"Rac\u00f3 de la Paula\"},{\"@type\":\"BreadcrumbList\",\"@id\":\"https:\\\/\\\/biblioteca.blanes.cat\\\/salajove\\\/2018\\\/01\\\/04\\\/cancion-de-navidad-de-charles-dickens\\\/#breadcrumb\",\"itemListElement\":[{\"@type\":\"ListItem\",\"position\":1,\"name\":\"Inici\",\"item\":\"https:\\\/\\\/biblioteca.blanes.cat\\\/salajove\\\/\"},{\"@type\":\"ListItem\",\"position\":2,\"name\":\"CANCI\u00d3N DE NAVIDAD de CHARLES DICKENS\"}]},{\"@type\":\"WebSite\",\"@id\":\"https:\\\/\\\/biblioteca.blanes.cat\\\/salajove\\\/#website\",\"url\":\"https:\\\/\\\/biblioteca.blanes.cat\\\/salajove\\\/\",\"name\":\"Sala Jove\",\"description\":\"Biblioteca Comarcal de Blanes\",\"publisher\":{\"@id\":\"https:\\\/\\\/biblioteca.blanes.cat\\\/salajove\\\/#organization\"},\"potentialAction\":[{\"@type\":\"SearchAction\",\"target\":{\"@type\":\"EntryPoint\",\"urlTemplate\":\"https:\\\/\\\/biblioteca.blanes.cat\\\/salajove\\\/?s={search_term_string}\"},\"query-input\":{\"@type\":\"PropertyValueSpecification\",\"valueRequired\":true,\"valueName\":\"search_term_string\"}}],\"inLanguage\":\"ca\"},{\"@type\":\"Organization\",\"@id\":\"https:\\\/\\\/biblioteca.blanes.cat\\\/salajove\\\/#organization\",\"name\":\"Biblioteca Comarcal de Blanes\",\"url\":\"https:\\\/\\\/biblioteca.blanes.cat\\\/salajove\\\/\",\"logo\":{\"@type\":\"ImageObject\",\"inLanguage\":\"ca\",\"@id\":\"https:\\\/\\\/biblioteca.blanes.cat\\\/salajove\\\/#\\\/schema\\\/logo\\\/image\\\/\",\"url\":\"https:\\\/\\\/biblioteca.blanes.cat\\\/salajove\\\/wp-content\\\/uploads\\\/sites\\\/3\\\/2017\\\/09\\\/cropped-Bib-blau-e1518869380535.png\",\"contentUrl\":\"https:\\\/\\\/biblioteca.blanes.cat\\\/salajove\\\/wp-content\\\/uploads\\\/sites\\\/3\\\/2017\\\/09\\\/cropped-Bib-blau-e1518869380535.png\",\"width\":166,\"height\":166,\"caption\":\"Biblioteca Comarcal de Blanes\"},\"image\":{\"@id\":\"https:\\\/\\\/biblioteca.blanes.cat\\\/salajove\\\/#\\\/schema\\\/logo\\\/image\\\/\"},\"sameAs\":[\"https:\\\/\\\/www.facebook.com\\\/BilbiotecaComarcaldeBlanes\\\/\",\"https:\\\/\\\/x.com\\\/BiblioBlanes\",\"https:\\\/\\\/www.instagram.com\\\/biblioblanes\\\/\",\"https:\\\/\\\/www.pinterest.es\\\/bblanes\\\/\",\"https:\\\/\\\/www.youtube.com\\\/c\\\/BibliotecaComarcalBlanes\"]},{\"@type\":\"Person\",\"@id\":\"https:\\\/\\\/biblioteca.blanes.cat\\\/salajove\\\/#\\\/schema\\\/person\\\/5a7b46760d9dd611d098bbf571a341dc\",\"name\":\"biblioblanes\",\"image\":{\"@type\":\"ImageObject\",\"inLanguage\":\"ca\",\"@id\":\"https:\\\/\\\/secure.gravatar.com\\\/avatar\\\/6593ca6cc90e5a70939f51c95e8315483b9c281bafba597292bee47992030f99?s=96&d=mm&r=g\",\"url\":\"https:\\\/\\\/secure.gravatar.com\\\/avatar\\\/6593ca6cc90e5a70939f51c95e8315483b9c281bafba597292bee47992030f99?s=96&d=mm&r=g\",\"contentUrl\":\"https:\\\/\\\/secure.gravatar.com\\\/avatar\\\/6593ca6cc90e5a70939f51c95e8315483b9c281bafba597292bee47992030f99?s=96&d=mm&r=g\",\"caption\":\"biblioblanes\"},\"sameAs\":[\"http:\\\/\\\/www.bibgirona.cat\\\/biblioteca\\\/blanes\",\"https:\\\/\\\/x.com\\\/biblioblanes\"],\"url\":\"https:\\\/\\\/biblioteca.blanes.cat\\\/salajove\\\/author\\\/biblioblanes\\\/\"}]}<\/script>\n<!-- \/ Yoast SEO plugin. -->","yoast_head_json":{"title":"Rac\u00f3 de la Paula: CANCI\u00d3N DE NAVIDAD de CHARLES DICKENS","description":"Charles Dickens va ser un mestre del g\u00e8nere narratiu. En totes les seves obres hi posava certes dosis d\u2019humor i ironia, i alguna que altra critica social.","robots":{"index":"index","follow":"follow","max-snippet":"max-snippet:-1","max-image-preview":"max-image-preview:large","max-video-preview":"max-video-preview:-1"},"canonical":"https:\/\/biblioteca.blanes.cat\/salajove\/2018\/01\/04\/cancion-de-navidad-de-charles-dickens\/","og_locale":"ca_ES","og_type":"article","og_title":"Rac\u00f3 de la Paula: CANCI\u00d3N DE NAVIDAD de CHARLES DICKENS","og_description":"Charles Dickens va ser un mestre del g\u00e8nere narratiu. En totes les seves obres hi posava certes dosis d\u2019humor i ironia, i alguna que altra critica social.","og_url":"https:\/\/biblioteca.blanes.cat\/salajove\/2018\/01\/04\/cancion-de-navidad-de-charles-dickens\/","og_site_name":"Sala Jove","article_publisher":"https:\/\/www.facebook.com\/BilbiotecaComarcaldeBlanes\/","article_published_time":"2018-01-04T16:44:13+00:00","article_modified_time":"2018-01-04T16:45:11+00:00","og_image":[{"width":3719,"height":2265,"url":"https:\/\/biblioteca.blanes.cat\/salajove\/wp-content\/uploads\/sites\/3\/2017\/10\/Destacat_rac\u00f3_Paula.png","type":"image\/png"}],"author":"biblioblanes","twitter_card":"summary_large_image","twitter_creator":"@biblioblanes","twitter_site":"@BiblioBlanes","twitter_misc":{"Escrit per":"biblioblanes","Temps estimat de lectura":"5 minuts"},"schema":{"@context":"https:\/\/schema.org","@graph":[{"@type":"Article","@id":"https:\/\/biblioteca.blanes.cat\/salajove\/2018\/01\/04\/cancion-de-navidad-de-charles-dickens\/#article","isPartOf":{"@id":"https:\/\/biblioteca.blanes.cat\/salajove\/2018\/01\/04\/cancion-de-navidad-de-charles-dickens\/"},"author":{"name":"biblioblanes","@id":"https:\/\/biblioteca.blanes.cat\/salajove\/#\/schema\/person\/5a7b46760d9dd611d098bbf571a341dc"},"headline":"CANCI\u00d3N DE NAVIDAD de CHARLES DICKENS","datePublished":"2018-01-04T16:44:13+00:00","dateModified":"2018-01-04T16:45:11+00:00","mainEntityOfPage":{"@id":"https:\/\/biblioteca.blanes.cat\/salajove\/2018\/01\/04\/cancion-de-navidad-de-charles-dickens\/"},"wordCount":1033,"commentCount":0,"publisher":{"@id":"https:\/\/biblioteca.blanes.cat\/salajove\/#organization"},"image":{"@id":"https:\/\/biblioteca.blanes.cat\/salajove\/2018\/01\/04\/cancion-de-navidad-de-charles-dickens\/#primaryimage"},"thumbnailUrl":"https:\/\/biblioteca.blanes.cat\/salajove\/wp-content\/uploads\/sites\/3\/2017\/10\/Destacat_rac\u00f3_Paula.png","keywords":["#Lectura","#Literatura","#Llibres","#Ressenya","#Sinopsi"],"articleSection":["Rac\u00f3 de la Paula","RP_Cl\u00e0ssic"],"inLanguage":"ca","potentialAction":[{"@type":"CommentAction","name":"Comment","target":["https:\/\/biblioteca.blanes.cat\/salajove\/2018\/01\/04\/cancion-de-navidad-de-charles-dickens\/#respond"]}]},{"@type":"WebPage","@id":"https:\/\/biblioteca.blanes.cat\/salajove\/2018\/01\/04\/cancion-de-navidad-de-charles-dickens\/","url":"https:\/\/biblioteca.blanes.cat\/salajove\/2018\/01\/04\/cancion-de-navidad-de-charles-dickens\/","name":"Rac\u00f3 de la Paula: CANCI\u00d3N DE NAVIDAD de CHARLES DICKENS","isPartOf":{"@id":"https:\/\/biblioteca.blanes.cat\/salajove\/#website"},"primaryImageOfPage":{"@id":"https:\/\/biblioteca.blanes.cat\/salajove\/2018\/01\/04\/cancion-de-navidad-de-charles-dickens\/#primaryimage"},"image":{"@id":"https:\/\/biblioteca.blanes.cat\/salajove\/2018\/01\/04\/cancion-de-navidad-de-charles-dickens\/#primaryimage"},"thumbnailUrl":"https:\/\/biblioteca.blanes.cat\/salajove\/wp-content\/uploads\/sites\/3\/2017\/10\/Destacat_rac\u00f3_Paula.png","datePublished":"2018-01-04T16:44:13+00:00","dateModified":"2018-01-04T16:45:11+00:00","description":"Charles Dickens va ser un mestre del g\u00e8nere narratiu. En totes les seves obres hi posava certes dosis d\u2019humor i ironia, i alguna que altra critica social.","breadcrumb":{"@id":"https:\/\/biblioteca.blanes.cat\/salajove\/2018\/01\/04\/cancion-de-navidad-de-charles-dickens\/#breadcrumb"},"inLanguage":"ca","potentialAction":[{"@type":"ReadAction","target":["https:\/\/biblioteca.blanes.cat\/salajove\/2018\/01\/04\/cancion-de-navidad-de-charles-dickens\/"]}]},{"@type":"ImageObject","inLanguage":"ca","@id":"https:\/\/biblioteca.blanes.cat\/salajove\/2018\/01\/04\/cancion-de-navidad-de-charles-dickens\/#primaryimage","url":"https:\/\/biblioteca.blanes.cat\/salajove\/wp-content\/uploads\/sites\/3\/2017\/10\/Destacat_rac\u00f3_Paula.png","contentUrl":"https:\/\/biblioteca.blanes.cat\/salajove\/wp-content\/uploads\/sites\/3\/2017\/10\/Destacat_rac\u00f3_Paula.png","width":3719,"height":2265,"caption":"Rac\u00f3 de la Paula"},{"@type":"BreadcrumbList","@id":"https:\/\/biblioteca.blanes.cat\/salajove\/2018\/01\/04\/cancion-de-navidad-de-charles-dickens\/#breadcrumb","itemListElement":[{"@type":"ListItem","position":1,"name":"Inici","item":"https:\/\/biblioteca.blanes.cat\/salajove\/"},{"@type":"ListItem","position":2,"name":"CANCI\u00d3N DE NAVIDAD de CHARLES DICKENS"}]},{"@type":"WebSite","@id":"https:\/\/biblioteca.blanes.cat\/salajove\/#website","url":"https:\/\/biblioteca.blanes.cat\/salajove\/","name":"Sala Jove","description":"Biblioteca Comarcal de Blanes","publisher":{"@id":"https:\/\/biblioteca.blanes.cat\/salajove\/#organization"},"potentialAction":[{"@type":"SearchAction","target":{"@type":"EntryPoint","urlTemplate":"https:\/\/biblioteca.blanes.cat\/salajove\/?s={search_term_string}"},"query-input":{"@type":"PropertyValueSpecification","valueRequired":true,"valueName":"search_term_string"}}],"inLanguage":"ca"},{"@type":"Organization","@id":"https:\/\/biblioteca.blanes.cat\/salajove\/#organization","name":"Biblioteca Comarcal de Blanes","url":"https:\/\/biblioteca.blanes.cat\/salajove\/","logo":{"@type":"ImageObject","inLanguage":"ca","@id":"https:\/\/biblioteca.blanes.cat\/salajove\/#\/schema\/logo\/image\/","url":"https:\/\/biblioteca.blanes.cat\/salajove\/wp-content\/uploads\/sites\/3\/2017\/09\/cropped-Bib-blau-e1518869380535.png","contentUrl":"https:\/\/biblioteca.blanes.cat\/salajove\/wp-content\/uploads\/sites\/3\/2017\/09\/cropped-Bib-blau-e1518869380535.png","width":166,"height":166,"caption":"Biblioteca Comarcal de Blanes"},"image":{"@id":"https:\/\/biblioteca.blanes.cat\/salajove\/#\/schema\/logo\/image\/"},"sameAs":["https:\/\/www.facebook.com\/BilbiotecaComarcaldeBlanes\/","https:\/\/x.com\/BiblioBlanes","https:\/\/www.instagram.com\/biblioblanes\/","https:\/\/www.pinterest.es\/bblanes\/","https:\/\/www.youtube.com\/c\/BibliotecaComarcalBlanes"]},{"@type":"Person","@id":"https:\/\/biblioteca.blanes.cat\/salajove\/#\/schema\/person\/5a7b46760d9dd611d098bbf571a341dc","name":"biblioblanes","image":{"@type":"ImageObject","inLanguage":"ca","@id":"https:\/\/secure.gravatar.com\/avatar\/6593ca6cc90e5a70939f51c95e8315483b9c281bafba597292bee47992030f99?s=96&d=mm&r=g","url":"https:\/\/secure.gravatar.com\/avatar\/6593ca6cc90e5a70939f51c95e8315483b9c281bafba597292bee47992030f99?s=96&d=mm&r=g","contentUrl":"https:\/\/secure.gravatar.com\/avatar\/6593ca6cc90e5a70939f51c95e8315483b9c281bafba597292bee47992030f99?s=96&d=mm&r=g","caption":"biblioblanes"},"sameAs":["http:\/\/www.bibgirona.cat\/biblioteca\/blanes","https:\/\/x.com\/biblioblanes"],"url":"https:\/\/biblioteca.blanes.cat\/salajove\/author\/biblioblanes\/"}]}},"_links":{"self":[{"href":"https:\/\/biblioteca.blanes.cat\/salajove\/wp-json\/wp\/v2\/posts\/648","targetHints":{"allow":["GET"]}}],"collection":[{"href":"https:\/\/biblioteca.blanes.cat\/salajove\/wp-json\/wp\/v2\/posts"}],"about":[{"href":"https:\/\/biblioteca.blanes.cat\/salajove\/wp-json\/wp\/v2\/types\/post"}],"author":[{"embeddable":true,"href":"https:\/\/biblioteca.blanes.cat\/salajove\/wp-json\/wp\/v2\/users\/4"}],"replies":[{"embeddable":true,"href":"https:\/\/biblioteca.blanes.cat\/salajove\/wp-json\/wp\/v2\/comments?post=648"}],"version-history":[{"count":12,"href":"https:\/\/biblioteca.blanes.cat\/salajove\/wp-json\/wp\/v2\/posts\/648\/revisions"}],"predecessor-version":[{"id":660,"href":"https:\/\/biblioteca.blanes.cat\/salajove\/wp-json\/wp\/v2\/posts\/648\/revisions\/660"}],"wp:featuredmedia":[{"embeddable":true,"href":"https:\/\/biblioteca.blanes.cat\/salajove\/wp-json\/wp\/v2\/media\/154"}],"wp:attachment":[{"href":"https:\/\/biblioteca.blanes.cat\/salajove\/wp-json\/wp\/v2\/media?parent=648"}],"wp:term":[{"taxonomy":"category","embeddable":true,"href":"https:\/\/biblioteca.blanes.cat\/salajove\/wp-json\/wp\/v2\/categories?post=648"},{"taxonomy":"post_tag","embeddable":true,"href":"https:\/\/biblioteca.blanes.cat\/salajove\/wp-json\/wp\/v2\/tags?post=648"}],"curies":[{"name":"wp","href":"https:\/\/api.w.org\/{rel}","templated":true}]}}