{"id":6448,"date":"2021-12-27T17:23:37","date_gmt":"2021-12-27T16:23:37","guid":{"rendered":"https:\/\/biblioteca.blanes.cat\/salajove\/?p=6448"},"modified":"2022-01-18T13:48:31","modified_gmt":"2022-01-18T12:48:31","slug":"bollere-2021-loading","status":"publish","type":"post","link":"https:\/\/biblioteca.blanes.cat\/salajove\/2021\/12\/27\/bollere-2021-loading\/","title":{"rendered":"Boller\u00e9 2021: Loading&#8230;"},"content":{"rendered":"\n<p style=\"text-align: center;\">La 13a edici\u00f3 del Concurs Boller\u00e9 s&#8217;est\u00e0 processant&#8230;<\/p>\n<h3 style=\"text-align: center;\"><strong><span style=\"background-color: #ffff99;\"><span style=\"background-color: #b5eb05;\">S\u2019han rebut 31 treballs en total<\/span> <\/span><\/strong><\/h3>\n<ul>\n<li style=\"text-align: center;\">15 de la <strong>Categoria A<\/strong>, de 17 a 25 anys.<\/li>\n<li style=\"text-align: center;\">16 de la <strong>Categoria B<\/strong>, de 12 a 16 anys.<\/li>\n<\/ul>\n<p>\u00a0<\/p>\n<p>Les primeres edicions dels Premis Boller\u00e9 es van iniciar a l\u2019\u00c0rea de Joventut entre l&#8217;any 2011 i el 2014.<\/p>\n<p>Arran de la participaci\u00f3 de la Gema Ciur\u00f3 (directora de la Biblioteca) el 2014 com a membre del Jurat es va introduir una nova categoria que abarcava joves a partir dels 12 anys, coincidint amb la posada en marxa del nou espai de la Biblioteca Jove tamb\u00e9 per a joves a partir de 12 anys.<\/p>\n<p>Durant dos anys no es va poder convocar el Concurs des de l\u2019\u00c0rea de Joventut, per la qual cosa, el 2017 es va demanar gestionar-ho des de la Biblioteca, fet que va ser acceptat per tothom gratament.<\/p>\n<p>Mica en mica es van introduir canvis com la dotaci\u00f3 dels Premis o la divisi\u00f3 de categories amb l\u2019objectiu de \u00a0fer-lo m\u00e9s atractiu. Es va treballar m\u00e9s en la promoci\u00f3 la qual cosa ha fet que augment\u00e9s considerablement la participaci\u00f3 arribant a 57 treballs a l\u2019edici\u00f3 del 2021 (any confinament COVID).<\/p>\n<p>Les quatre primeres edicions estan publicades en paper, i totes en format en l\u00ednia en el bloc jove de la Biblioteca Comarcal de Blanes. \u00a0<\/p>\n<p><a href=\"https:\/\/biblioteca.blanes.cat\/salajove\/bollere-historic\/\" target=\"_blank\" rel=\"noopener\"><img decoding=\"async\" class=\"aligncenter wp-image-4477\" title=\"Boller\u00e9\" src=\"https:\/\/biblioteca.blanes.cat\/salajove\/wp-content\/uploads\/sites\/3\/2020\/10\/bollere-historic-2.png\" alt=\"\" width=\"260\" height=\"111\" \/><\/a><\/p>\n<p>\u00a0<\/p>\n<p>Els membres del Jurat de la <strong>XIII edici\u00f3 del concurs de Relats breus<\/strong> per a joves Boller\u00e9 s\u00f3n els seg\u00fcents:<\/p>\n<p>L\u2019Alcalde o Regidor\/a en qui delegui.<\/p>\n<ul>\n<li><strong> Olga L\u00f3pez Colomer<\/strong>, segona tinent d\u2019alcalde de l\u2019\u00c0rea de Serveis Jur\u00eddics i Educaci\u00f3.<\/li>\n<\/ul>\n<p>Un\/a t\u00e8cnic\/a de la Biblioteca Comarcal de Blanes.<\/p>\n<ul>\n<li><strong> Gemma Ciur\u00f3 Soler<\/strong>, directora de la Biblioteca Comarcal de Blanes.<\/li>\n<\/ul>\n<p>Un\/a especialista en llengua i\/o literatura.<\/p>\n<ul>\n<li><strong> Olga Cerc\u00f3s Bernal, n<\/strong>arradora i actriu diplomada en Magisteri de Prim\u00e0ria per la Universitat de Barcelona i llicenciada en Psicopedagogia per la Universitat Oberta de Catalunya.<\/li>\n<\/ul>\n<p>Un\/a escriptor\/a de literatura juvenil.<\/p>\n<ul>\n<li><strong> Elisabet Moreno Boada<\/strong>, escriptora.<\/li>\n<\/ul>\n<p>Un\/a t\u00e8cnic\/a d\u2019un departament de l\u2019Ajuntament.<\/p>\n<ul>\n<li><strong> Lurdes Rodr\u00edguez Mu\u00f1oz,<\/strong> cap de secci\u00f3n, coordinadora d\u2019Acci\u00f3 Social.<\/li>\n<\/ul>\n<p>Un\/a guanyador\/a o finalista d\u2019anys anteriors.<\/p>\n<ul>\n<li><strong> Iker Pascual Herrera<\/strong>, jove guanyador de la <strong>9a edici\u00f3<\/strong> i autor de l&#8217;obra destacada fora de concurs de la 8a edici\u00f3.<\/li>\n<\/ul>\n<p>\u00a0<\/p>\n<p>Els membres del Jurat es reuniran, valoraran els treballs i decidiran quins s\u00f3n els guanyadors i finalistes d&#8217;aquest any.<br \/><br \/><\/p>\n<p>\u00a0<\/p>\n<p style=\"text-align: center;\">Estigueu ben atents al blog, l&#8217;entrega de premis <span class=\"hiddenGreenError\">ser\u00e0<\/span> el dia <strong>24 de gener<\/strong> a les 17h, amb motiu de l&#8217;<strong>Aniversari de la Biblioteca Jove.<\/strong><\/p>\n<p>\u00a0<\/p>\n","protected":false},"excerpt":{"rendered":"<p>La 13a edici\u00f3 del Concurs Boller\u00e9 s&#8217;est\u00e0 processant&#8230; S\u2019han rebut 31 treballs en total 15 de la Categoria A, de 17 a 25 anys. 16 de la Categoria B, de 12 a 16 anys. \u00a0 Les primeres edicions dels Premis<\/p>\n","protected":false},"author":4,"featured_media":6114,"comment_status":"open","ping_status":"open","sticky":false,"template":"","format":"standard","meta":{"sfsi_plus_gutenberg_text_before_share":"","sfsi_plus_gutenberg_show_text_before_share":"","sfsi_plus_gutenberg_icon_type":"","sfsi_plus_gutenberg_icon_alignemt":"","sfsi_plus_gutenburg_max_per_row":"","footnotes":""},"categories":[15,1,36],"tags":[95,52,117],"class_list":["post-6448","post","type-post","status-publish","format-standard","has-post-thumbnail","hentry","category-bollere","category-general","category-premis-literaris","tag-bollere-certamen-escriptura-joves-literatura-narracio-premis","tag-joves","tag-concurs-literari"],"yoast_head":"<!-- This site is optimized with the Yoast SEO plugin v27.5 - https:\/\/yoast.com\/product\/yoast-seo-wordpress\/ -->\n<title>Boller\u00e9 2021: Loading... - Sala Jove<\/title>\n<meta name=\"robots\" content=\"index, follow, max-snippet:-1, max-image-preview:large, max-video-preview:-1\" \/>\n<link rel=\"canonical\" href=\"https:\/\/biblioteca.blanes.cat\/salajove\/2021\/12\/27\/bollere-2021-loading\/\" \/>\n<meta property=\"og:locale\" content=\"ca_ES\" \/>\n<meta property=\"og:type\" content=\"article\" \/>\n<meta property=\"og:title\" content=\"Boller\u00e9 2021: Loading... - Sala Jove\" \/>\n<meta property=\"og:description\" content=\"La 13a edici\u00f3 del Concurs Boller\u00e9 s&#8217;est\u00e0 processant&#8230; S\u2019han rebut 31 treballs en total 15 de la Categoria A, de 17 a 25 anys. 16 de la Categoria B, de 12 a 16 anys. \u00a0 Les primeres edicions dels Premis\" \/>\n<meta property=\"og:url\" content=\"https:\/\/biblioteca.blanes.cat\/salajove\/2021\/12\/27\/bollere-2021-loading\/\" \/>\n<meta property=\"og:site_name\" content=\"Sala Jove\" \/>\n<meta property=\"article:publisher\" content=\"https:\/\/www.facebook.com\/BilbiotecaComarcaldeBlanes\/\" \/>\n<meta property=\"article:published_time\" content=\"2021-12-27T16:23:37+00:00\" \/>\n<meta property=\"article:modified_time\" content=\"2022-01-18T12:48:31+00:00\" \/>\n<meta property=\"og:image\" content=\"https:\/\/biblioteca.blanes.cat\/salajove\/wp-content\/uploads\/sites\/3\/2021\/09\/BibliotecaComarcaldeBlanes_Bases_Bollere2021_portada_x.jpg\" \/>\n\t<meta property=\"og:image:width\" content=\"1275\" \/>\n\t<meta property=\"og:image:height\" content=\"1275\" \/>\n\t<meta property=\"og:image:type\" content=\"image\/jpeg\" \/>\n<meta name=\"author\" content=\"biblioblanes\" \/>\n<meta name=\"twitter:card\" content=\"summary_large_image\" \/>\n<meta name=\"twitter:creator\" content=\"@biblioblanes\" \/>\n<meta name=\"twitter:site\" content=\"@BiblioBlanes\" \/>\n<meta name=\"twitter:label1\" content=\"Escrit per\" \/>\n\t<meta name=\"twitter:data1\" content=\"biblioblanes\" \/>\n\t<meta name=\"twitter:label2\" content=\"Temps estimat de lectura\" \/>\n\t<meta name=\"twitter:data2\" content=\"2 minuts\" \/>\n<script type=\"application\/ld+json\" class=\"yoast-schema-graph\">{\"@context\":\"https:\\\/\\\/schema.org\",\"@graph\":[{\"@type\":\"Article\",\"@id\":\"https:\\\/\\\/biblioteca.blanes.cat\\\/salajove\\\/2021\\\/12\\\/27\\\/bollere-2021-loading\\\/#article\",\"isPartOf\":{\"@id\":\"https:\\\/\\\/biblioteca.blanes.cat\\\/salajove\\\/2021\\\/12\\\/27\\\/bollere-2021-loading\\\/\"},\"author\":{\"name\":\"biblioblanes\",\"@id\":\"https:\\\/\\\/biblioteca.blanes.cat\\\/salajove\\\/#\\\/schema\\\/person\\\/5a7b46760d9dd611d098bbf571a341dc\"},\"headline\":\"Boller\u00e9 2021: Loading&#8230;\",\"datePublished\":\"2021-12-27T16:23:37+00:00\",\"dateModified\":\"2022-01-18T12:48:31+00:00\",\"mainEntityOfPage\":{\"@id\":\"https:\\\/\\\/biblioteca.blanes.cat\\\/salajove\\\/2021\\\/12\\\/27\\\/bollere-2021-loading\\\/\"},\"wordCount\":435,\"commentCount\":0,\"publisher\":{\"@id\":\"https:\\\/\\\/biblioteca.blanes.cat\\\/salajove\\\/#organization\"},\"image\":{\"@id\":\"https:\\\/\\\/biblioteca.blanes.cat\\\/salajove\\\/2021\\\/12\\\/27\\\/bollere-2021-loading\\\/#primaryimage\"},\"thumbnailUrl\":\"https:\\\/\\\/biblioteca.blanes.cat\\\/salajove\\\/wp-content\\\/uploads\\\/sites\\\/3\\\/2021\\\/09\\\/BibliotecaComarcaldeBlanes_Bases_Bollere2021_portada_x.jpg\",\"keywords\":[\"#Boller\u00e9 #Cert\u00e0men #Escriptura #Joves #Literatura #Narraci\u00f3 #Premis\",\"#Joves\",\"concurs literari\"],\"articleSection\":[\"Boller\u00e9\",\"Not\u00edcies\",\"Premis Literaris\"],\"inLanguage\":\"ca\",\"potentialAction\":[{\"@type\":\"CommentAction\",\"name\":\"Comment\",\"target\":[\"https:\\\/\\\/biblioteca.blanes.cat\\\/salajove\\\/2021\\\/12\\\/27\\\/bollere-2021-loading\\\/#respond\"]}]},{\"@type\":\"WebPage\",\"@id\":\"https:\\\/\\\/biblioteca.blanes.cat\\\/salajove\\\/2021\\\/12\\\/27\\\/bollere-2021-loading\\\/\",\"url\":\"https:\\\/\\\/biblioteca.blanes.cat\\\/salajove\\\/2021\\\/12\\\/27\\\/bollere-2021-loading\\\/\",\"name\":\"Boller\u00e9 2021: Loading... - Sala Jove\",\"isPartOf\":{\"@id\":\"https:\\\/\\\/biblioteca.blanes.cat\\\/salajove\\\/#website\"},\"primaryImageOfPage\":{\"@id\":\"https:\\\/\\\/biblioteca.blanes.cat\\\/salajove\\\/2021\\\/12\\\/27\\\/bollere-2021-loading\\\/#primaryimage\"},\"image\":{\"@id\":\"https:\\\/\\\/biblioteca.blanes.cat\\\/salajove\\\/2021\\\/12\\\/27\\\/bollere-2021-loading\\\/#primaryimage\"},\"thumbnailUrl\":\"https:\\\/\\\/biblioteca.blanes.cat\\\/salajove\\\/wp-content\\\/uploads\\\/sites\\\/3\\\/2021\\\/09\\\/BibliotecaComarcaldeBlanes_Bases_Bollere2021_portada_x.jpg\",\"datePublished\":\"2021-12-27T16:23:37+00:00\",\"dateModified\":\"2022-01-18T12:48:31+00:00\",\"breadcrumb\":{\"@id\":\"https:\\\/\\\/biblioteca.blanes.cat\\\/salajove\\\/2021\\\/12\\\/27\\\/bollere-2021-loading\\\/#breadcrumb\"},\"inLanguage\":\"ca\",\"potentialAction\":[{\"@type\":\"ReadAction\",\"target\":[\"https:\\\/\\\/biblioteca.blanes.cat\\\/salajove\\\/2021\\\/12\\\/27\\\/bollere-2021-loading\\\/\"]}]},{\"@type\":\"ImageObject\",\"inLanguage\":\"ca\",\"@id\":\"https:\\\/\\\/biblioteca.blanes.cat\\\/salajove\\\/2021\\\/12\\\/27\\\/bollere-2021-loading\\\/#primaryimage\",\"url\":\"https:\\\/\\\/biblioteca.blanes.cat\\\/salajove\\\/wp-content\\\/uploads\\\/sites\\\/3\\\/2021\\\/09\\\/BibliotecaComarcaldeBlanes_Bases_Bollere2021_portada_x.jpg\",\"contentUrl\":\"https:\\\/\\\/biblioteca.blanes.cat\\\/salajove\\\/wp-content\\\/uploads\\\/sites\\\/3\\\/2021\\\/09\\\/BibliotecaComarcaldeBlanes_Bases_Bollere2021_portada_x.jpg\",\"width\":1275,\"height\":1275},{\"@type\":\"BreadcrumbList\",\"@id\":\"https:\\\/\\\/biblioteca.blanes.cat\\\/salajove\\\/2021\\\/12\\\/27\\\/bollere-2021-loading\\\/#breadcrumb\",\"itemListElement\":[{\"@type\":\"ListItem\",\"position\":1,\"name\":\"Inici\",\"item\":\"https:\\\/\\\/biblioteca.blanes.cat\\\/salajove\\\/\"},{\"@type\":\"ListItem\",\"position\":2,\"name\":\"Boller\u00e9 2021: Loading&#8230;\"}]},{\"@type\":\"WebSite\",\"@id\":\"https:\\\/\\\/biblioteca.blanes.cat\\\/salajove\\\/#website\",\"url\":\"https:\\\/\\\/biblioteca.blanes.cat\\\/salajove\\\/\",\"name\":\"Sala Jove\",\"description\":\"Biblioteca Comarcal de Blanes\",\"publisher\":{\"@id\":\"https:\\\/\\\/biblioteca.blanes.cat\\\/salajove\\\/#organization\"},\"potentialAction\":[{\"@type\":\"SearchAction\",\"target\":{\"@type\":\"EntryPoint\",\"urlTemplate\":\"https:\\\/\\\/biblioteca.blanes.cat\\\/salajove\\\/?s={search_term_string}\"},\"query-input\":{\"@type\":\"PropertyValueSpecification\",\"valueRequired\":true,\"valueName\":\"search_term_string\"}}],\"inLanguage\":\"ca\"},{\"@type\":\"Organization\",\"@id\":\"https:\\\/\\\/biblioteca.blanes.cat\\\/salajove\\\/#organization\",\"name\":\"Biblioteca Comarcal de Blanes\",\"url\":\"https:\\\/\\\/biblioteca.blanes.cat\\\/salajove\\\/\",\"logo\":{\"@type\":\"ImageObject\",\"inLanguage\":\"ca\",\"@id\":\"https:\\\/\\\/biblioteca.blanes.cat\\\/salajove\\\/#\\\/schema\\\/logo\\\/image\\\/\",\"url\":\"https:\\\/\\\/biblioteca.blanes.cat\\\/salajove\\\/wp-content\\\/uploads\\\/sites\\\/3\\\/2017\\\/09\\\/cropped-Bib-blau-e1518869380535.png\",\"contentUrl\":\"https:\\\/\\\/biblioteca.blanes.cat\\\/salajove\\\/wp-content\\\/uploads\\\/sites\\\/3\\\/2017\\\/09\\\/cropped-Bib-blau-e1518869380535.png\",\"width\":166,\"height\":166,\"caption\":\"Biblioteca Comarcal de Blanes\"},\"image\":{\"@id\":\"https:\\\/\\\/biblioteca.blanes.cat\\\/salajove\\\/#\\\/schema\\\/logo\\\/image\\\/\"},\"sameAs\":[\"https:\\\/\\\/www.facebook.com\\\/BilbiotecaComarcaldeBlanes\\\/\",\"https:\\\/\\\/x.com\\\/BiblioBlanes\",\"https:\\\/\\\/www.instagram.com\\\/biblioblanes\\\/\",\"https:\\\/\\\/www.pinterest.es\\\/bblanes\\\/\",\"https:\\\/\\\/www.youtube.com\\\/c\\\/BibliotecaComarcalBlanes\"]},{\"@type\":\"Person\",\"@id\":\"https:\\\/\\\/biblioteca.blanes.cat\\\/salajove\\\/#\\\/schema\\\/person\\\/5a7b46760d9dd611d098bbf571a341dc\",\"name\":\"biblioblanes\",\"image\":{\"@type\":\"ImageObject\",\"inLanguage\":\"ca\",\"@id\":\"https:\\\/\\\/secure.gravatar.com\\\/avatar\\\/6593ca6cc90e5a70939f51c95e8315483b9c281bafba597292bee47992030f99?s=96&d=mm&r=g\",\"url\":\"https:\\\/\\\/secure.gravatar.com\\\/avatar\\\/6593ca6cc90e5a70939f51c95e8315483b9c281bafba597292bee47992030f99?s=96&d=mm&r=g\",\"contentUrl\":\"https:\\\/\\\/secure.gravatar.com\\\/avatar\\\/6593ca6cc90e5a70939f51c95e8315483b9c281bafba597292bee47992030f99?s=96&d=mm&r=g\",\"caption\":\"biblioblanes\"},\"sameAs\":[\"http:\\\/\\\/www.bibgirona.cat\\\/biblioteca\\\/blanes\",\"https:\\\/\\\/x.com\\\/biblioblanes\"],\"url\":\"https:\\\/\\\/biblioteca.blanes.cat\\\/salajove\\\/author\\\/biblioblanes\\\/\"}]}<\/script>\n<!-- \/ Yoast SEO plugin. -->","yoast_head_json":{"title":"Boller\u00e9 2021: Loading... - Sala Jove","robots":{"index":"index","follow":"follow","max-snippet":"max-snippet:-1","max-image-preview":"max-image-preview:large","max-video-preview":"max-video-preview:-1"},"canonical":"https:\/\/biblioteca.blanes.cat\/salajove\/2021\/12\/27\/bollere-2021-loading\/","og_locale":"ca_ES","og_type":"article","og_title":"Boller\u00e9 2021: Loading... - Sala Jove","og_description":"La 13a edici\u00f3 del Concurs Boller\u00e9 s&#8217;est\u00e0 processant&#8230; S\u2019han rebut 31 treballs en total 15 de la Categoria A, de 17 a 25 anys. 16 de la Categoria B, de 12 a 16 anys. \u00a0 Les primeres edicions dels Premis","og_url":"https:\/\/biblioteca.blanes.cat\/salajove\/2021\/12\/27\/bollere-2021-loading\/","og_site_name":"Sala Jove","article_publisher":"https:\/\/www.facebook.com\/BilbiotecaComarcaldeBlanes\/","article_published_time":"2021-12-27T16:23:37+00:00","article_modified_time":"2022-01-18T12:48:31+00:00","og_image":[{"width":1275,"height":1275,"url":"https:\/\/biblioteca.blanes.cat\/salajove\/wp-content\/uploads\/sites\/3\/2021\/09\/BibliotecaComarcaldeBlanes_Bases_Bollere2021_portada_x.jpg","type":"image\/jpeg"}],"author":"biblioblanes","twitter_card":"summary_large_image","twitter_creator":"@biblioblanes","twitter_site":"@BiblioBlanes","twitter_misc":{"Escrit per":"biblioblanes","Temps estimat de lectura":"2 minuts"},"schema":{"@context":"https:\/\/schema.org","@graph":[{"@type":"Article","@id":"https:\/\/biblioteca.blanes.cat\/salajove\/2021\/12\/27\/bollere-2021-loading\/#article","isPartOf":{"@id":"https:\/\/biblioteca.blanes.cat\/salajove\/2021\/12\/27\/bollere-2021-loading\/"},"author":{"name":"biblioblanes","@id":"https:\/\/biblioteca.blanes.cat\/salajove\/#\/schema\/person\/5a7b46760d9dd611d098bbf571a341dc"},"headline":"Boller\u00e9 2021: Loading&#8230;","datePublished":"2021-12-27T16:23:37+00:00","dateModified":"2022-01-18T12:48:31+00:00","mainEntityOfPage":{"@id":"https:\/\/biblioteca.blanes.cat\/salajove\/2021\/12\/27\/bollere-2021-loading\/"},"wordCount":435,"commentCount":0,"publisher":{"@id":"https:\/\/biblioteca.blanes.cat\/salajove\/#organization"},"image":{"@id":"https:\/\/biblioteca.blanes.cat\/salajove\/2021\/12\/27\/bollere-2021-loading\/#primaryimage"},"thumbnailUrl":"https:\/\/biblioteca.blanes.cat\/salajove\/wp-content\/uploads\/sites\/3\/2021\/09\/BibliotecaComarcaldeBlanes_Bases_Bollere2021_portada_x.jpg","keywords":["#Boller\u00e9 #Cert\u00e0men #Escriptura #Joves #Literatura #Narraci\u00f3 #Premis","#Joves","concurs literari"],"articleSection":["Boller\u00e9","Not\u00edcies","Premis Literaris"],"inLanguage":"ca","potentialAction":[{"@type":"CommentAction","name":"Comment","target":["https:\/\/biblioteca.blanes.cat\/salajove\/2021\/12\/27\/bollere-2021-loading\/#respond"]}]},{"@type":"WebPage","@id":"https:\/\/biblioteca.blanes.cat\/salajove\/2021\/12\/27\/bollere-2021-loading\/","url":"https:\/\/biblioteca.blanes.cat\/salajove\/2021\/12\/27\/bollere-2021-loading\/","name":"Boller\u00e9 2021: Loading... - Sala Jove","isPartOf":{"@id":"https:\/\/biblioteca.blanes.cat\/salajove\/#website"},"primaryImageOfPage":{"@id":"https:\/\/biblioteca.blanes.cat\/salajove\/2021\/12\/27\/bollere-2021-loading\/#primaryimage"},"image":{"@id":"https:\/\/biblioteca.blanes.cat\/salajove\/2021\/12\/27\/bollere-2021-loading\/#primaryimage"},"thumbnailUrl":"https:\/\/biblioteca.blanes.cat\/salajove\/wp-content\/uploads\/sites\/3\/2021\/09\/BibliotecaComarcaldeBlanes_Bases_Bollere2021_portada_x.jpg","datePublished":"2021-12-27T16:23:37+00:00","dateModified":"2022-01-18T12:48:31+00:00","breadcrumb":{"@id":"https:\/\/biblioteca.blanes.cat\/salajove\/2021\/12\/27\/bollere-2021-loading\/#breadcrumb"},"inLanguage":"ca","potentialAction":[{"@type":"ReadAction","target":["https:\/\/biblioteca.blanes.cat\/salajove\/2021\/12\/27\/bollere-2021-loading\/"]}]},{"@type":"ImageObject","inLanguage":"ca","@id":"https:\/\/biblioteca.blanes.cat\/salajove\/2021\/12\/27\/bollere-2021-loading\/#primaryimage","url":"https:\/\/biblioteca.blanes.cat\/salajove\/wp-content\/uploads\/sites\/3\/2021\/09\/BibliotecaComarcaldeBlanes_Bases_Bollere2021_portada_x.jpg","contentUrl":"https:\/\/biblioteca.blanes.cat\/salajove\/wp-content\/uploads\/sites\/3\/2021\/09\/BibliotecaComarcaldeBlanes_Bases_Bollere2021_portada_x.jpg","width":1275,"height":1275},{"@type":"BreadcrumbList","@id":"https:\/\/biblioteca.blanes.cat\/salajove\/2021\/12\/27\/bollere-2021-loading\/#breadcrumb","itemListElement":[{"@type":"ListItem","position":1,"name":"Inici","item":"https:\/\/biblioteca.blanes.cat\/salajove\/"},{"@type":"ListItem","position":2,"name":"Boller\u00e9 2021: Loading&#8230;"}]},{"@type":"WebSite","@id":"https:\/\/biblioteca.blanes.cat\/salajove\/#website","url":"https:\/\/biblioteca.blanes.cat\/salajove\/","name":"Sala Jove","description":"Biblioteca Comarcal de Blanes","publisher":{"@id":"https:\/\/biblioteca.blanes.cat\/salajove\/#organization"},"potentialAction":[{"@type":"SearchAction","target":{"@type":"EntryPoint","urlTemplate":"https:\/\/biblioteca.blanes.cat\/salajove\/?s={search_term_string}"},"query-input":{"@type":"PropertyValueSpecification","valueRequired":true,"valueName":"search_term_string"}}],"inLanguage":"ca"},{"@type":"Organization","@id":"https:\/\/biblioteca.blanes.cat\/salajove\/#organization","name":"Biblioteca Comarcal de Blanes","url":"https:\/\/biblioteca.blanes.cat\/salajove\/","logo":{"@type":"ImageObject","inLanguage":"ca","@id":"https:\/\/biblioteca.blanes.cat\/salajove\/#\/schema\/logo\/image\/","url":"https:\/\/biblioteca.blanes.cat\/salajove\/wp-content\/uploads\/sites\/3\/2017\/09\/cropped-Bib-blau-e1518869380535.png","contentUrl":"https:\/\/biblioteca.blanes.cat\/salajove\/wp-content\/uploads\/sites\/3\/2017\/09\/cropped-Bib-blau-e1518869380535.png","width":166,"height":166,"caption":"Biblioteca Comarcal de Blanes"},"image":{"@id":"https:\/\/biblioteca.blanes.cat\/salajove\/#\/schema\/logo\/image\/"},"sameAs":["https:\/\/www.facebook.com\/BilbiotecaComarcaldeBlanes\/","https:\/\/x.com\/BiblioBlanes","https:\/\/www.instagram.com\/biblioblanes\/","https:\/\/www.pinterest.es\/bblanes\/","https:\/\/www.youtube.com\/c\/BibliotecaComarcalBlanes"]},{"@type":"Person","@id":"https:\/\/biblioteca.blanes.cat\/salajove\/#\/schema\/person\/5a7b46760d9dd611d098bbf571a341dc","name":"biblioblanes","image":{"@type":"ImageObject","inLanguage":"ca","@id":"https:\/\/secure.gravatar.com\/avatar\/6593ca6cc90e5a70939f51c95e8315483b9c281bafba597292bee47992030f99?s=96&d=mm&r=g","url":"https:\/\/secure.gravatar.com\/avatar\/6593ca6cc90e5a70939f51c95e8315483b9c281bafba597292bee47992030f99?s=96&d=mm&r=g","contentUrl":"https:\/\/secure.gravatar.com\/avatar\/6593ca6cc90e5a70939f51c95e8315483b9c281bafba597292bee47992030f99?s=96&d=mm&r=g","caption":"biblioblanes"},"sameAs":["http:\/\/www.bibgirona.cat\/biblioteca\/blanes","https:\/\/x.com\/biblioblanes"],"url":"https:\/\/biblioteca.blanes.cat\/salajove\/author\/biblioblanes\/"}]}},"_links":{"self":[{"href":"https:\/\/biblioteca.blanes.cat\/salajove\/wp-json\/wp\/v2\/posts\/6448","targetHints":{"allow":["GET"]}}],"collection":[{"href":"https:\/\/biblioteca.blanes.cat\/salajove\/wp-json\/wp\/v2\/posts"}],"about":[{"href":"https:\/\/biblioteca.blanes.cat\/salajove\/wp-json\/wp\/v2\/types\/post"}],"author":[{"embeddable":true,"href":"https:\/\/biblioteca.blanes.cat\/salajove\/wp-json\/wp\/v2\/users\/4"}],"replies":[{"embeddable":true,"href":"https:\/\/biblioteca.blanes.cat\/salajove\/wp-json\/wp\/v2\/comments?post=6448"}],"version-history":[{"count":5,"href":"https:\/\/biblioteca.blanes.cat\/salajove\/wp-json\/wp\/v2\/posts\/6448\/revisions"}],"predecessor-version":[{"id":6523,"href":"https:\/\/biblioteca.blanes.cat\/salajove\/wp-json\/wp\/v2\/posts\/6448\/revisions\/6523"}],"wp:featuredmedia":[{"embeddable":true,"href":"https:\/\/biblioteca.blanes.cat\/salajove\/wp-json\/wp\/v2\/media\/6114"}],"wp:attachment":[{"href":"https:\/\/biblioteca.blanes.cat\/salajove\/wp-json\/wp\/v2\/media?parent=6448"}],"wp:term":[{"taxonomy":"category","embeddable":true,"href":"https:\/\/biblioteca.blanes.cat\/salajove\/wp-json\/wp\/v2\/categories?post=6448"},{"taxonomy":"post_tag","embeddable":true,"href":"https:\/\/biblioteca.blanes.cat\/salajove\/wp-json\/wp\/v2\/tags?post=6448"}],"curies":[{"name":"wp","href":"https:\/\/api.w.org\/{rel}","templated":true}]}}