{"id":6270,"date":"2021-11-02T12:43:46","date_gmt":"2021-11-02T11:43:46","guid":{"rendered":"https:\/\/biblioteca.blanes.cat\/salajove\/?p=6270"},"modified":"2021-11-02T13:03:03","modified_gmt":"2021-11-02T12:03:03","slug":"13a-edicio-concurs-bollere-termini-i-presentacio-doriginals","status":"publish","type":"post","link":"https:\/\/biblioteca.blanes.cat\/salajove\/2021\/11\/02\/13a-edicio-concurs-bollere-termini-i-presentacio-doriginals\/","title":{"rendered":"13a Edici\u00f3 Concurs Boller\u00e9- Termini i presentaci\u00f3 d&#8217;originals"},"content":{"rendered":"\n<p style=\"text-align: center;\">Atenci\u00f3 Joves!!!<\/p>\n<h2 class=\"has-text-align-center has-very-dark-gray-color has-text-color\">Es convoca la XIII edici\u00f3 del<\/h2>\n<h2 class=\"has-text-align-center has-very-dark-gray-color has-text-color\">CONCURS LITERARI BOLLER\u00c9<\/h2>\n<h2 class=\"has-text-align-center has-very-dark-gray-color has-text-color\">de relats breus per a joves.<\/h2>\n<p class=\"has-text-align-center\">Es tracta d\u2019un concurs organitzat per l\u2019Ajuntament de Blanes amb la finalitat de promoure la creaci\u00f3 liter\u00e0ria del p\u00fablic juvenil.<\/p>\n<p class=\"has-text-align-center\">A continuaci\u00f3 trobareu les pautes que haureu de seguir si voleu presentar els vostres relats i participar:<\/p>\n<h3 style=\"text-align: center;\">Estigueu ben atents a totes les novetats!<\/h3>\n<figure class=\"wp-block-pullquote\">\n<blockquote>\n<p><strong>Els terminis de presentaci\u00f3 s\u00f3n <\/strong><\/p>\n<p><strong>del 8 al 26 de novembre de 2021 (ambd\u00f3s inclosos)<\/strong><\/p>\n<\/blockquote>\n<\/figure>\n<figure class=\"wp-block-pullquote\">\n<h6 style=\"text-align: left;\"><strong>Presentaci\u00f3 dels treballs<\/strong><\/h6>\n<h6 style=\"text-align: left;\">Els treballs s\u2019han de presentar utilitzant el formulari espec\u00edfic que trobareu adjunt a aquestes bases. Per garantir l\u2019anonimat els treball nom\u00e9s es poden presentar a trav\u00e9s dels mitjans seg\u00fcents: <br><br><strong>a. Presencial:<\/strong><br><br>Sol\u00b7licitant cita pr\u00e8via d\u2019atenci\u00f3 ciutadana <a href=\"http:\/\/www.blanes.cat\/citaprevia\">www.blanes.cat\/citaprevia<\/a>, i presentar-lo en el Registre General de l\u2019Ajuntament, situat al Pg. de Dintre, 29, dedilluns a divendres de 08.30 a 14.30h.<br><br><strong>b. Correu postal certificat:<\/strong><br>Compta com a data de lliurament la que figuri en el mata-segells. Els treballs segellats amb posterioritat al 26 de novembre de 2021 quedaran exclosos.<br><br>En les dues opcions cal adjuntar:<br><br>* El <a href=\"https:\/\/www.blanes.cat\/oiapdocs.nsf\/14fbe7c612d4ef45c12579b1003dd6db\/aa35e90e104ad5cfc125860d00293418\/$FILE\/Formulari_per_participar_al_concurs_literari_bollere_2021_BiblioBlanes.pdf\">formulari de sol\u00b7licitud<\/a> per a participar al Concurs degudament complimentat.<br><br>* Un sobre gran TANCAT que inclour\u00e0 el treball (1 c\u00f2pia de cada relat); a l\u2019exterior d\u2019aquest sobre hi ha de figurar: \u201c13\u00e8 Concurs Literari Boller\u00e9\u201d, el pseud\u00f2nim de l\u2019autor, el t\u00edtol del treball i la categoria.<br><br>Salvaguardant l\u2019anonimat dels participants i dels relats presentats, l\u2019acc\u00e9s a aquesta informaci\u00f3 estar\u00e0 limitada al funcionari\/a que Registri la participaci\u00f3 i a la Secret\u00e0ria del Jurat.<\/h6>\n<h6 style=\"text-align: left;\"><strong>Extensi\u00f3 i format<\/strong><\/h6>\n<h6 style=\"text-align: left;\">Els relats hauran de tenir una extensi\u00f3 m\u00ednima de 3 fulls i una extensi\u00f3 m\u00e0xima de 6 fulls. Tots els treballs s\u2019hauran de presentar en format Word, en lletra Arial mida 12, interlineat 1,5, impresos a una sola cara i p\u00e0gines numerades.<\/h6>\n<h6 style=\"text-align: left;\"><strong>Categories<\/strong><\/h6>\n<h6 style=\"text-align: left;\">&#8211; Categoria A: joves de 17 a 25 anys.<br>&#8211; Categoria B: joves de 12 a 16 anys.<\/h6>\n<h6 style=\"text-align: left;\"><strong>Premis<\/strong><\/h6>\n<h6 style=\"text-align: left;\">&#8211; Categoria A: 500 \u20ac per al relat guanyador i 150\u20ac per al relat finalista.<br>&#8211; Categoria B: 200 \u20ac per al relat guanyador i 50 \u20ac per al relat finalista.<\/h6>\n<br>\n<p style=\"text-align: left;\">&nbsp;<\/p>\n<h3 class=\"has-text-align-center has-text-color\">Descarregat les bases en format PDF <a href=\"https:\/\/www.blanes.cat\/oiapdocs.nsf\/14fbe7c612d4ef45c12579b1003dd6db\/aa35e90e104ad5cfc125860d00293418\/$FILE\/BibliotecaComarcaldeBlanes_Bases_Boller%C3%A92021_bloc.pdf\" target=\"_blank\" rel=\"noreferrer noopener\">aqu\u00ed<\/a>:<\/h3>\n<h4 class=\"has-text-color\"><a href=\"http:\/\/www.bibgirona.cat\/biblioteca\/blanes\" target=\"_blank\" rel=\"noreferrer noopener\">#biblioblanes<\/a>&nbsp;&nbsp;&nbsp;&nbsp;&nbsp;<a href=\"https:\/\/biblioteca.blanes.cat\/salajove\/category\/bollere\/\" target=\"_blank\" rel=\"noreferrer noopener\">#boller\u00e9<\/a><\/h4>\n<\/figure>\n","protected":false},"excerpt":{"rendered":"<p>Atenci\u00f3 Joves!!! Es convoca la XIII edici\u00f3 del CONCURS LITERARI BOLLER\u00c9 de relats breus per a joves. Es tracta d\u2019un concurs organitzat per l\u2019Ajuntament de Blanes amb la finalitat de promoure la creaci\u00f3 liter\u00e0ria del p\u00fablic juvenil. A continuaci\u00f3 trobareu<\/p>\n","protected":false},"author":4,"featured_media":6114,"comment_status":"open","ping_status":"open","sticky":false,"template":"","format":"standard","meta":{"sfsi_plus_gutenberg_text_before_share":"","sfsi_plus_gutenberg_show_text_before_share":"","sfsi_plus_gutenberg_icon_type":"","sfsi_plus_gutenberg_icon_alignemt":"","sfsi_plus_gutenburg_max_per_row":"","footnotes":""},"categories":[15,1,36],"tags":[91],"class_list":["post-6270","post","type-post","status-publish","format-standard","has-post-thumbnail","hentry","category-bollere","category-general","category-premis-literaris","tag-activitats-clubdelectura-gamificacio-jocs-joves-lectura-literatura-llibres"],"yoast_head":"<!-- This site is optimized with the Yoast SEO plugin v27.5 - https:\/\/yoast.com\/product\/yoast-seo-wordpress\/ -->\n<title>13a Edici\u00f3 Concurs Boller\u00e9- Termini i presentaci\u00f3 d&#039;originals - Sala Jove<\/title>\n<meta name=\"robots\" content=\"index, follow, max-snippet:-1, max-image-preview:large, max-video-preview:-1\" \/>\n<link rel=\"canonical\" href=\"https:\/\/biblioteca.blanes.cat\/salajove\/2021\/11\/02\/13a-edicio-concurs-bollere-termini-i-presentacio-doriginals\/\" \/>\n<meta property=\"og:locale\" content=\"ca_ES\" \/>\n<meta property=\"og:type\" content=\"article\" \/>\n<meta property=\"og:title\" content=\"13a Edici\u00f3 Concurs Boller\u00e9- Termini i presentaci\u00f3 d&#039;originals - Sala Jove\" \/>\n<meta property=\"og:description\" content=\"Atenci\u00f3 Joves!!! Es convoca la XIII edici\u00f3 del CONCURS LITERARI BOLLER\u00c9 de relats breus per a joves. Es tracta d\u2019un concurs organitzat per l\u2019Ajuntament de Blanes amb la finalitat de promoure la creaci\u00f3 liter\u00e0ria del p\u00fablic juvenil. A continuaci\u00f3 trobareu\" \/>\n<meta property=\"og:url\" content=\"https:\/\/biblioteca.blanes.cat\/salajove\/2021\/11\/02\/13a-edicio-concurs-bollere-termini-i-presentacio-doriginals\/\" \/>\n<meta property=\"og:site_name\" content=\"Sala Jove\" \/>\n<meta property=\"article:publisher\" content=\"https:\/\/www.facebook.com\/BilbiotecaComarcaldeBlanes\/\" \/>\n<meta property=\"article:published_time\" content=\"2021-11-02T11:43:46+00:00\" \/>\n<meta property=\"article:modified_time\" content=\"2021-11-02T12:03:03+00:00\" \/>\n<meta property=\"og:image\" content=\"https:\/\/biblioteca.blanes.cat\/salajove\/wp-content\/uploads\/sites\/3\/2021\/09\/BibliotecaComarcaldeBlanes_Bases_Bollere2021_portada_x.jpg\" \/>\n\t<meta property=\"og:image:width\" content=\"1275\" \/>\n\t<meta property=\"og:image:height\" content=\"1275\" \/>\n\t<meta property=\"og:image:type\" content=\"image\/jpeg\" \/>\n<meta name=\"author\" content=\"biblioblanes\" \/>\n<meta name=\"twitter:card\" content=\"summary_large_image\" \/>\n<meta name=\"twitter:creator\" content=\"@biblioblanes\" \/>\n<meta name=\"twitter:site\" content=\"@BiblioBlanes\" \/>\n<meta name=\"twitter:label1\" content=\"Escrit per\" \/>\n\t<meta name=\"twitter:data1\" content=\"biblioblanes\" \/>\n\t<meta name=\"twitter:label2\" content=\"Temps estimat de lectura\" \/>\n\t<meta name=\"twitter:data2\" content=\"2 minuts\" \/>\n<script type=\"application\/ld+json\" class=\"yoast-schema-graph\">{\"@context\":\"https:\\\/\\\/schema.org\",\"@graph\":[{\"@type\":\"Article\",\"@id\":\"https:\\\/\\\/biblioteca.blanes.cat\\\/salajove\\\/2021\\\/11\\\/02\\\/13a-edicio-concurs-bollere-termini-i-presentacio-doriginals\\\/#article\",\"isPartOf\":{\"@id\":\"https:\\\/\\\/biblioteca.blanes.cat\\\/salajove\\\/2021\\\/11\\\/02\\\/13a-edicio-concurs-bollere-termini-i-presentacio-doriginals\\\/\"},\"author\":{\"name\":\"biblioblanes\",\"@id\":\"https:\\\/\\\/biblioteca.blanes.cat\\\/salajove\\\/#\\\/schema\\\/person\\\/5a7b46760d9dd611d098bbf571a341dc\"},\"headline\":\"13a Edici\u00f3 Concurs Boller\u00e9- Termini i presentaci\u00f3 d&#8217;originals\",\"datePublished\":\"2021-11-02T11:43:46+00:00\",\"dateModified\":\"2021-11-02T12:03:03+00:00\",\"mainEntityOfPage\":{\"@id\":\"https:\\\/\\\/biblioteca.blanes.cat\\\/salajove\\\/2021\\\/11\\\/02\\\/13a-edicio-concurs-bollere-termini-i-presentacio-doriginals\\\/\"},\"wordCount\":377,\"commentCount\":0,\"publisher\":{\"@id\":\"https:\\\/\\\/biblioteca.blanes.cat\\\/salajove\\\/#organization\"},\"image\":{\"@id\":\"https:\\\/\\\/biblioteca.blanes.cat\\\/salajove\\\/2021\\\/11\\\/02\\\/13a-edicio-concurs-bollere-termini-i-presentacio-doriginals\\\/#primaryimage\"},\"thumbnailUrl\":\"https:\\\/\\\/biblioteca.blanes.cat\\\/salajove\\\/wp-content\\\/uploads\\\/sites\\\/3\\\/2021\\\/09\\\/BibliotecaComarcaldeBlanes_Bases_Bollere2021_portada_x.jpg\",\"keywords\":[\"#Activitats #ClubdeLectura #Gamificaci\u00f3 #jocs #Joves #Lectura #Literatura #Llibres\"],\"articleSection\":[\"Boller\u00e9\",\"Not\u00edcies\",\"Premis Literaris\"],\"inLanguage\":\"ca\",\"potentialAction\":[{\"@type\":\"CommentAction\",\"name\":\"Comment\",\"target\":[\"https:\\\/\\\/biblioteca.blanes.cat\\\/salajove\\\/2021\\\/11\\\/02\\\/13a-edicio-concurs-bollere-termini-i-presentacio-doriginals\\\/#respond\"]}]},{\"@type\":\"WebPage\",\"@id\":\"https:\\\/\\\/biblioteca.blanes.cat\\\/salajove\\\/2021\\\/11\\\/02\\\/13a-edicio-concurs-bollere-termini-i-presentacio-doriginals\\\/\",\"url\":\"https:\\\/\\\/biblioteca.blanes.cat\\\/salajove\\\/2021\\\/11\\\/02\\\/13a-edicio-concurs-bollere-termini-i-presentacio-doriginals\\\/\",\"name\":\"13a Edici\u00f3 Concurs Boller\u00e9- Termini i presentaci\u00f3 d'originals - Sala Jove\",\"isPartOf\":{\"@id\":\"https:\\\/\\\/biblioteca.blanes.cat\\\/salajove\\\/#website\"},\"primaryImageOfPage\":{\"@id\":\"https:\\\/\\\/biblioteca.blanes.cat\\\/salajove\\\/2021\\\/11\\\/02\\\/13a-edicio-concurs-bollere-termini-i-presentacio-doriginals\\\/#primaryimage\"},\"image\":{\"@id\":\"https:\\\/\\\/biblioteca.blanes.cat\\\/salajove\\\/2021\\\/11\\\/02\\\/13a-edicio-concurs-bollere-termini-i-presentacio-doriginals\\\/#primaryimage\"},\"thumbnailUrl\":\"https:\\\/\\\/biblioteca.blanes.cat\\\/salajove\\\/wp-content\\\/uploads\\\/sites\\\/3\\\/2021\\\/09\\\/BibliotecaComarcaldeBlanes_Bases_Bollere2021_portada_x.jpg\",\"datePublished\":\"2021-11-02T11:43:46+00:00\",\"dateModified\":\"2021-11-02T12:03:03+00:00\",\"breadcrumb\":{\"@id\":\"https:\\\/\\\/biblioteca.blanes.cat\\\/salajove\\\/2021\\\/11\\\/02\\\/13a-edicio-concurs-bollere-termini-i-presentacio-doriginals\\\/#breadcrumb\"},\"inLanguage\":\"ca\",\"potentialAction\":[{\"@type\":\"ReadAction\",\"target\":[\"https:\\\/\\\/biblioteca.blanes.cat\\\/salajove\\\/2021\\\/11\\\/02\\\/13a-edicio-concurs-bollere-termini-i-presentacio-doriginals\\\/\"]}]},{\"@type\":\"ImageObject\",\"inLanguage\":\"ca\",\"@id\":\"https:\\\/\\\/biblioteca.blanes.cat\\\/salajove\\\/2021\\\/11\\\/02\\\/13a-edicio-concurs-bollere-termini-i-presentacio-doriginals\\\/#primaryimage\",\"url\":\"https:\\\/\\\/biblioteca.blanes.cat\\\/salajove\\\/wp-content\\\/uploads\\\/sites\\\/3\\\/2021\\\/09\\\/BibliotecaComarcaldeBlanes_Bases_Bollere2021_portada_x.jpg\",\"contentUrl\":\"https:\\\/\\\/biblioteca.blanes.cat\\\/salajove\\\/wp-content\\\/uploads\\\/sites\\\/3\\\/2021\\\/09\\\/BibliotecaComarcaldeBlanes_Bases_Bollere2021_portada_x.jpg\",\"width\":1275,\"height\":1275},{\"@type\":\"BreadcrumbList\",\"@id\":\"https:\\\/\\\/biblioteca.blanes.cat\\\/salajove\\\/2021\\\/11\\\/02\\\/13a-edicio-concurs-bollere-termini-i-presentacio-doriginals\\\/#breadcrumb\",\"itemListElement\":[{\"@type\":\"ListItem\",\"position\":1,\"name\":\"Inici\",\"item\":\"https:\\\/\\\/biblioteca.blanes.cat\\\/salajove\\\/\"},{\"@type\":\"ListItem\",\"position\":2,\"name\":\"13a Edici\u00f3 Concurs Boller\u00e9- Termini i presentaci\u00f3 d&#8217;originals\"}]},{\"@type\":\"WebSite\",\"@id\":\"https:\\\/\\\/biblioteca.blanes.cat\\\/salajove\\\/#website\",\"url\":\"https:\\\/\\\/biblioteca.blanes.cat\\\/salajove\\\/\",\"name\":\"Sala Jove\",\"description\":\"Biblioteca Comarcal de Blanes\",\"publisher\":{\"@id\":\"https:\\\/\\\/biblioteca.blanes.cat\\\/salajove\\\/#organization\"},\"potentialAction\":[{\"@type\":\"SearchAction\",\"target\":{\"@type\":\"EntryPoint\",\"urlTemplate\":\"https:\\\/\\\/biblioteca.blanes.cat\\\/salajove\\\/?s={search_term_string}\"},\"query-input\":{\"@type\":\"PropertyValueSpecification\",\"valueRequired\":true,\"valueName\":\"search_term_string\"}}],\"inLanguage\":\"ca\"},{\"@type\":\"Organization\",\"@id\":\"https:\\\/\\\/biblioteca.blanes.cat\\\/salajove\\\/#organization\",\"name\":\"Biblioteca Comarcal de Blanes\",\"url\":\"https:\\\/\\\/biblioteca.blanes.cat\\\/salajove\\\/\",\"logo\":{\"@type\":\"ImageObject\",\"inLanguage\":\"ca\",\"@id\":\"https:\\\/\\\/biblioteca.blanes.cat\\\/salajove\\\/#\\\/schema\\\/logo\\\/image\\\/\",\"url\":\"https:\\\/\\\/biblioteca.blanes.cat\\\/salajove\\\/wp-content\\\/uploads\\\/sites\\\/3\\\/2017\\\/09\\\/cropped-Bib-blau-e1518869380535.png\",\"contentUrl\":\"https:\\\/\\\/biblioteca.blanes.cat\\\/salajove\\\/wp-content\\\/uploads\\\/sites\\\/3\\\/2017\\\/09\\\/cropped-Bib-blau-e1518869380535.png\",\"width\":166,\"height\":166,\"caption\":\"Biblioteca Comarcal de Blanes\"},\"image\":{\"@id\":\"https:\\\/\\\/biblioteca.blanes.cat\\\/salajove\\\/#\\\/schema\\\/logo\\\/image\\\/\"},\"sameAs\":[\"https:\\\/\\\/www.facebook.com\\\/BilbiotecaComarcaldeBlanes\\\/\",\"https:\\\/\\\/x.com\\\/BiblioBlanes\",\"https:\\\/\\\/www.instagram.com\\\/biblioblanes\\\/\",\"https:\\\/\\\/www.pinterest.es\\\/bblanes\\\/\",\"https:\\\/\\\/www.youtube.com\\\/c\\\/BibliotecaComarcalBlanes\"]},{\"@type\":\"Person\",\"@id\":\"https:\\\/\\\/biblioteca.blanes.cat\\\/salajove\\\/#\\\/schema\\\/person\\\/5a7b46760d9dd611d098bbf571a341dc\",\"name\":\"biblioblanes\",\"image\":{\"@type\":\"ImageObject\",\"inLanguage\":\"ca\",\"@id\":\"https:\\\/\\\/secure.gravatar.com\\\/avatar\\\/6593ca6cc90e5a70939f51c95e8315483b9c281bafba597292bee47992030f99?s=96&d=mm&r=g\",\"url\":\"https:\\\/\\\/secure.gravatar.com\\\/avatar\\\/6593ca6cc90e5a70939f51c95e8315483b9c281bafba597292bee47992030f99?s=96&d=mm&r=g\",\"contentUrl\":\"https:\\\/\\\/secure.gravatar.com\\\/avatar\\\/6593ca6cc90e5a70939f51c95e8315483b9c281bafba597292bee47992030f99?s=96&d=mm&r=g\",\"caption\":\"biblioblanes\"},\"sameAs\":[\"http:\\\/\\\/www.bibgirona.cat\\\/biblioteca\\\/blanes\",\"https:\\\/\\\/x.com\\\/biblioblanes\"],\"url\":\"https:\\\/\\\/biblioteca.blanes.cat\\\/salajove\\\/author\\\/biblioblanes\\\/\"}]}<\/script>\n<!-- \/ Yoast SEO plugin. -->","yoast_head_json":{"title":"13a Edici\u00f3 Concurs Boller\u00e9- Termini i presentaci\u00f3 d'originals - Sala Jove","robots":{"index":"index","follow":"follow","max-snippet":"max-snippet:-1","max-image-preview":"max-image-preview:large","max-video-preview":"max-video-preview:-1"},"canonical":"https:\/\/biblioteca.blanes.cat\/salajove\/2021\/11\/02\/13a-edicio-concurs-bollere-termini-i-presentacio-doriginals\/","og_locale":"ca_ES","og_type":"article","og_title":"13a Edici\u00f3 Concurs Boller\u00e9- Termini i presentaci\u00f3 d'originals - Sala Jove","og_description":"Atenci\u00f3 Joves!!! Es convoca la XIII edici\u00f3 del CONCURS LITERARI BOLLER\u00c9 de relats breus per a joves. Es tracta d\u2019un concurs organitzat per l\u2019Ajuntament de Blanes amb la finalitat de promoure la creaci\u00f3 liter\u00e0ria del p\u00fablic juvenil. A continuaci\u00f3 trobareu","og_url":"https:\/\/biblioteca.blanes.cat\/salajove\/2021\/11\/02\/13a-edicio-concurs-bollere-termini-i-presentacio-doriginals\/","og_site_name":"Sala Jove","article_publisher":"https:\/\/www.facebook.com\/BilbiotecaComarcaldeBlanes\/","article_published_time":"2021-11-02T11:43:46+00:00","article_modified_time":"2021-11-02T12:03:03+00:00","og_image":[{"width":1275,"height":1275,"url":"https:\/\/biblioteca.blanes.cat\/salajove\/wp-content\/uploads\/sites\/3\/2021\/09\/BibliotecaComarcaldeBlanes_Bases_Bollere2021_portada_x.jpg","type":"image\/jpeg"}],"author":"biblioblanes","twitter_card":"summary_large_image","twitter_creator":"@biblioblanes","twitter_site":"@BiblioBlanes","twitter_misc":{"Escrit per":"biblioblanes","Temps estimat de lectura":"2 minuts"},"schema":{"@context":"https:\/\/schema.org","@graph":[{"@type":"Article","@id":"https:\/\/biblioteca.blanes.cat\/salajove\/2021\/11\/02\/13a-edicio-concurs-bollere-termini-i-presentacio-doriginals\/#article","isPartOf":{"@id":"https:\/\/biblioteca.blanes.cat\/salajove\/2021\/11\/02\/13a-edicio-concurs-bollere-termini-i-presentacio-doriginals\/"},"author":{"name":"biblioblanes","@id":"https:\/\/biblioteca.blanes.cat\/salajove\/#\/schema\/person\/5a7b46760d9dd611d098bbf571a341dc"},"headline":"13a Edici\u00f3 Concurs Boller\u00e9- Termini i presentaci\u00f3 d&#8217;originals","datePublished":"2021-11-02T11:43:46+00:00","dateModified":"2021-11-02T12:03:03+00:00","mainEntityOfPage":{"@id":"https:\/\/biblioteca.blanes.cat\/salajove\/2021\/11\/02\/13a-edicio-concurs-bollere-termini-i-presentacio-doriginals\/"},"wordCount":377,"commentCount":0,"publisher":{"@id":"https:\/\/biblioteca.blanes.cat\/salajove\/#organization"},"image":{"@id":"https:\/\/biblioteca.blanes.cat\/salajove\/2021\/11\/02\/13a-edicio-concurs-bollere-termini-i-presentacio-doriginals\/#primaryimage"},"thumbnailUrl":"https:\/\/biblioteca.blanes.cat\/salajove\/wp-content\/uploads\/sites\/3\/2021\/09\/BibliotecaComarcaldeBlanes_Bases_Bollere2021_portada_x.jpg","keywords":["#Activitats #ClubdeLectura #Gamificaci\u00f3 #jocs #Joves #Lectura #Literatura #Llibres"],"articleSection":["Boller\u00e9","Not\u00edcies","Premis Literaris"],"inLanguage":"ca","potentialAction":[{"@type":"CommentAction","name":"Comment","target":["https:\/\/biblioteca.blanes.cat\/salajove\/2021\/11\/02\/13a-edicio-concurs-bollere-termini-i-presentacio-doriginals\/#respond"]}]},{"@type":"WebPage","@id":"https:\/\/biblioteca.blanes.cat\/salajove\/2021\/11\/02\/13a-edicio-concurs-bollere-termini-i-presentacio-doriginals\/","url":"https:\/\/biblioteca.blanes.cat\/salajove\/2021\/11\/02\/13a-edicio-concurs-bollere-termini-i-presentacio-doriginals\/","name":"13a Edici\u00f3 Concurs Boller\u00e9- Termini i presentaci\u00f3 d'originals - Sala Jove","isPartOf":{"@id":"https:\/\/biblioteca.blanes.cat\/salajove\/#website"},"primaryImageOfPage":{"@id":"https:\/\/biblioteca.blanes.cat\/salajove\/2021\/11\/02\/13a-edicio-concurs-bollere-termini-i-presentacio-doriginals\/#primaryimage"},"image":{"@id":"https:\/\/biblioteca.blanes.cat\/salajove\/2021\/11\/02\/13a-edicio-concurs-bollere-termini-i-presentacio-doriginals\/#primaryimage"},"thumbnailUrl":"https:\/\/biblioteca.blanes.cat\/salajove\/wp-content\/uploads\/sites\/3\/2021\/09\/BibliotecaComarcaldeBlanes_Bases_Bollere2021_portada_x.jpg","datePublished":"2021-11-02T11:43:46+00:00","dateModified":"2021-11-02T12:03:03+00:00","breadcrumb":{"@id":"https:\/\/biblioteca.blanes.cat\/salajove\/2021\/11\/02\/13a-edicio-concurs-bollere-termini-i-presentacio-doriginals\/#breadcrumb"},"inLanguage":"ca","potentialAction":[{"@type":"ReadAction","target":["https:\/\/biblioteca.blanes.cat\/salajove\/2021\/11\/02\/13a-edicio-concurs-bollere-termini-i-presentacio-doriginals\/"]}]},{"@type":"ImageObject","inLanguage":"ca","@id":"https:\/\/biblioteca.blanes.cat\/salajove\/2021\/11\/02\/13a-edicio-concurs-bollere-termini-i-presentacio-doriginals\/#primaryimage","url":"https:\/\/biblioteca.blanes.cat\/salajove\/wp-content\/uploads\/sites\/3\/2021\/09\/BibliotecaComarcaldeBlanes_Bases_Bollere2021_portada_x.jpg","contentUrl":"https:\/\/biblioteca.blanes.cat\/salajove\/wp-content\/uploads\/sites\/3\/2021\/09\/BibliotecaComarcaldeBlanes_Bases_Bollere2021_portada_x.jpg","width":1275,"height":1275},{"@type":"BreadcrumbList","@id":"https:\/\/biblioteca.blanes.cat\/salajove\/2021\/11\/02\/13a-edicio-concurs-bollere-termini-i-presentacio-doriginals\/#breadcrumb","itemListElement":[{"@type":"ListItem","position":1,"name":"Inici","item":"https:\/\/biblioteca.blanes.cat\/salajove\/"},{"@type":"ListItem","position":2,"name":"13a Edici\u00f3 Concurs Boller\u00e9- Termini i presentaci\u00f3 d&#8217;originals"}]},{"@type":"WebSite","@id":"https:\/\/biblioteca.blanes.cat\/salajove\/#website","url":"https:\/\/biblioteca.blanes.cat\/salajove\/","name":"Sala Jove","description":"Biblioteca Comarcal de Blanes","publisher":{"@id":"https:\/\/biblioteca.blanes.cat\/salajove\/#organization"},"potentialAction":[{"@type":"SearchAction","target":{"@type":"EntryPoint","urlTemplate":"https:\/\/biblioteca.blanes.cat\/salajove\/?s={search_term_string}"},"query-input":{"@type":"PropertyValueSpecification","valueRequired":true,"valueName":"search_term_string"}}],"inLanguage":"ca"},{"@type":"Organization","@id":"https:\/\/biblioteca.blanes.cat\/salajove\/#organization","name":"Biblioteca Comarcal de Blanes","url":"https:\/\/biblioteca.blanes.cat\/salajove\/","logo":{"@type":"ImageObject","inLanguage":"ca","@id":"https:\/\/biblioteca.blanes.cat\/salajove\/#\/schema\/logo\/image\/","url":"https:\/\/biblioteca.blanes.cat\/salajove\/wp-content\/uploads\/sites\/3\/2017\/09\/cropped-Bib-blau-e1518869380535.png","contentUrl":"https:\/\/biblioteca.blanes.cat\/salajove\/wp-content\/uploads\/sites\/3\/2017\/09\/cropped-Bib-blau-e1518869380535.png","width":166,"height":166,"caption":"Biblioteca Comarcal de Blanes"},"image":{"@id":"https:\/\/biblioteca.blanes.cat\/salajove\/#\/schema\/logo\/image\/"},"sameAs":["https:\/\/www.facebook.com\/BilbiotecaComarcaldeBlanes\/","https:\/\/x.com\/BiblioBlanes","https:\/\/www.instagram.com\/biblioblanes\/","https:\/\/www.pinterest.es\/bblanes\/","https:\/\/www.youtube.com\/c\/BibliotecaComarcalBlanes"]},{"@type":"Person","@id":"https:\/\/biblioteca.blanes.cat\/salajove\/#\/schema\/person\/5a7b46760d9dd611d098bbf571a341dc","name":"biblioblanes","image":{"@type":"ImageObject","inLanguage":"ca","@id":"https:\/\/secure.gravatar.com\/avatar\/6593ca6cc90e5a70939f51c95e8315483b9c281bafba597292bee47992030f99?s=96&d=mm&r=g","url":"https:\/\/secure.gravatar.com\/avatar\/6593ca6cc90e5a70939f51c95e8315483b9c281bafba597292bee47992030f99?s=96&d=mm&r=g","contentUrl":"https:\/\/secure.gravatar.com\/avatar\/6593ca6cc90e5a70939f51c95e8315483b9c281bafba597292bee47992030f99?s=96&d=mm&r=g","caption":"biblioblanes"},"sameAs":["http:\/\/www.bibgirona.cat\/biblioteca\/blanes","https:\/\/x.com\/biblioblanes"],"url":"https:\/\/biblioteca.blanes.cat\/salajove\/author\/biblioblanes\/"}]}},"_links":{"self":[{"href":"https:\/\/biblioteca.blanes.cat\/salajove\/wp-json\/wp\/v2\/posts\/6270","targetHints":{"allow":["GET"]}}],"collection":[{"href":"https:\/\/biblioteca.blanes.cat\/salajove\/wp-json\/wp\/v2\/posts"}],"about":[{"href":"https:\/\/biblioteca.blanes.cat\/salajove\/wp-json\/wp\/v2\/types\/post"}],"author":[{"embeddable":true,"href":"https:\/\/biblioteca.blanes.cat\/salajove\/wp-json\/wp\/v2\/users\/4"}],"replies":[{"embeddable":true,"href":"https:\/\/biblioteca.blanes.cat\/salajove\/wp-json\/wp\/v2\/comments?post=6270"}],"version-history":[{"count":4,"href":"https:\/\/biblioteca.blanes.cat\/salajove\/wp-json\/wp\/v2\/posts\/6270\/revisions"}],"predecessor-version":[{"id":6278,"href":"https:\/\/biblioteca.blanes.cat\/salajove\/wp-json\/wp\/v2\/posts\/6270\/revisions\/6278"}],"wp:featuredmedia":[{"embeddable":true,"href":"https:\/\/biblioteca.blanes.cat\/salajove\/wp-json\/wp\/v2\/media\/6114"}],"wp:attachment":[{"href":"https:\/\/biblioteca.blanes.cat\/salajove\/wp-json\/wp\/v2\/media?parent=6270"}],"wp:term":[{"taxonomy":"category","embeddable":true,"href":"https:\/\/biblioteca.blanes.cat\/salajove\/wp-json\/wp\/v2\/categories?post=6270"},{"taxonomy":"post_tag","embeddable":true,"href":"https:\/\/biblioteca.blanes.cat\/salajove\/wp-json\/wp\/v2\/tags?post=6270"}],"curies":[{"name":"wp","href":"https:\/\/api.w.org\/{rel}","templated":true}]}}