{"id":6105,"date":"2021-09-20T10:36:55","date_gmt":"2021-09-20T09:36:55","guid":{"rendered":"https:\/\/biblioteca.blanes.cat\/salajove\/?p=6105"},"modified":"2021-10-04T18:16:38","modified_gmt":"2021-10-04T17:16:38","slug":"bollere-2021-arriba-la-13a-edicio","status":"publish","type":"post","link":"https:\/\/biblioteca.blanes.cat\/salajove\/2021\/09\/20\/bollere-2021-arriba-la-13a-edicio\/","title":{"rendered":"Boller\u00e9 2021, arriba la 13a edici\u00f3"},"content":{"rendered":"\n<p><strong><span style=\"color: #ff6600;\"> <img fetchpriority=\"high\" decoding=\"async\" class=\"wp-image-6108 size-medium alignleft\" src=\"https:\/\/biblioteca.blanes.cat\/salajove\/wp-content\/uploads\/sites\/3\/2021\/09\/BibliotecaComarcaldeBlanes_Bases_Bollere2021-194x300.jpg\" alt=\"\" width=\"194\" height=\"300\" srcset=\"https:\/\/biblioteca.blanes.cat\/salajove\/wp-content\/uploads\/sites\/3\/2021\/09\/BibliotecaComarcaldeBlanes_Bases_Bollere2021-194x300.jpg 194w, https:\/\/biblioteca.blanes.cat\/salajove\/wp-content\/uploads\/sites\/3\/2021\/09\/BibliotecaComarcaldeBlanes_Bases_Bollere2021-663x1024.jpg 663w, https:\/\/biblioteca.blanes.cat\/salajove\/wp-content\/uploads\/sites\/3\/2021\/09\/BibliotecaComarcaldeBlanes_Bases_Bollere2021-768x1187.jpg 768w, https:\/\/biblioteca.blanes.cat\/salajove\/wp-content\/uploads\/sites\/3\/2021\/09\/BibliotecaComarcaldeBlanes_Bases_Bollere2021.jpg 825w\" sizes=\"(max-width: 194px) 100vw, 194px\" \/><\/span><\/strong><\/p>\n<p>&nbsp;<\/p>\n<p><strong><span style=\"color: #ff6600;\">Ep Joves, esteu a punt?<\/span><\/strong><\/p>\n<p>Ja s&#8217;han publicat les Bases per a participar al concurs literari que convoca l&#8217;Ajuntament de <strong>Blanes<\/strong>. Els premis <strong><span style=\"color: #ff6600;\">Boller\u00e9<\/span><\/strong> s\u00f3n una iniciativa que promou la creaci\u00f3 liter\u00e0ria juvenil. Hi podeu participar en aquestes dos categories segons l&#8217;edat:&nbsp; <strong>Categoria A:<\/strong> per als joves de 17 a 25 anys i la <strong>Categoria B<\/strong> per als joves de 12 a 16 anys i optareu a uns Premis la mar d&#8217;interessants!!!!<\/p>\n<p>Anoteu-vos els terminis de presentaci\u00f3 per aquesta edici\u00f3 2021:<\/p>\n<p><span style=\"color: #ff6600;\"><strong>del dilluns 8 de novembre fins al divendres 26 de novembre del 2021<\/strong> (ambd\u00f3s inclosos).<\/span><\/p>\n<p><strong>I com ho heu de fer per presentar els treballs?<\/strong> utilitzant el formulari espec\u00edfic que trobareu adjunt a aquestes bases i, que per garantir l\u2019anonimat dels treball,&nbsp; nom\u00e9s es podran presentar a trav\u00e9s dels mitjans seg\u00fcents:&nbsp;<\/p>\n<p><strong>a) Presencial: <\/strong>Sol\u00b7licitant cita pr\u00e8via&nbsp;&nbsp;d\u2019atenci\u00f3 ciutadana&nbsp;&nbsp;<a href=\"http:\/\/www.blanes.cat\/citaprevia\">www.blanes.cat\/citaprevia<\/a>, i&nbsp; presentar-lo en el <strong>Registre General de l\u2019Ajuntament<\/strong>, situat al Passeig de Dintre, 29,&nbsp;&nbsp;de<strong>&nbsp;<\/strong>dilluns a divendres de 08.30 a 14.30h.<\/p>\n<p><strong>b) Correu postal certificat: <\/strong>Compta com a data de lliurament la que figuri en el mata-segells.<\/p>\n<p>(Atenci\u00f3 a les dates, que els treballs segellats amb posterioritat al 26 de novembre de 2021 quedaran exclosos.)<\/p>\n<p><strong>En les dues opcions cal que adjunteu: <\/strong>El formulari de sol\u00b7licitud per a participar al Concurs degudament complimentat i un&nbsp;&nbsp;sobre gran TANCAT que inclour\u00e0 el treball (<strong>1 <\/strong>c\u00f2pia de cada relat); a l\u2019exterior d\u2019aquest&nbsp;&nbsp;sobre hi ha de figurar:&nbsp;<strong>\u201c13\u00e8 Concurs Literari Boller\u00e9\u201d, <\/strong>el pseud\u00f2nim de l\u2019autor, el t\u00edtol del treball i la categoria. Salvaguardant l\u2019anonimat dels participants i dels relats presentats, l\u2019acc\u00e9s a aquesta informaci\u00f3 estar\u00e0 limitada al funcionari\/a que Registri la participaci\u00f3 i a la Secret\u00e0ria del Jurat.<\/p>\n<p>Aqu\u00ed trobareu les <a href=\"https:\/\/www.blanes.cat\/docweb\/bollere\">Bases i el formulari<\/a><\/p>\n<p>Esteu inspirats? som-hiiiiiiiiiiiiiiiii!!!!<\/p>\n<p>&nbsp;<\/p>\n","protected":false},"excerpt":{"rendered":"<p>&nbsp; Ep Joves, esteu a punt? Ja s&#8217;han publicat les Bases per a participar al concurs literari que convoca l&#8217;Ajuntament de Blanes. Els premis Boller\u00e9 s\u00f3n una iniciativa que promou la creaci\u00f3 liter\u00e0ria juvenil. Hi podeu participar en aquestes dos<\/p>\n","protected":false},"author":4,"featured_media":6114,"comment_status":"open","ping_status":"open","sticky":false,"template":"","format":"standard","meta":{"sfsi_plus_gutenberg_text_before_share":"","sfsi_plus_gutenberg_show_text_before_share":"","sfsi_plus_gutenberg_icon_type":"","sfsi_plus_gutenberg_icon_alignemt":"","sfsi_plus_gutenburg_max_per_row":"","footnotes":""},"categories":[1,36],"tags":[118,117,116],"class_list":["post-6105","post","type-post","status-publish","format-standard","has-post-thumbnail","hentry","category-general","category-premis-literaris","tag-bollere-2","tag-concurs-literari","tag-joves-2"],"yoast_head":"<!-- This site is optimized with the Yoast SEO plugin v27.5 - https:\/\/yoast.com\/product\/yoast-seo-wordpress\/ -->\n<title>Boller\u00e9 2021, arriba la 13a edici\u00f3 - Sala Jove Sala Jove -<\/title>\n<meta name=\"description\" content=\"concurs literari de relats breus per a joves\" \/>\n<meta name=\"robots\" content=\"index, follow, max-snippet:-1, max-image-preview:large, max-video-preview:-1\" \/>\n<link rel=\"canonical\" href=\"https:\/\/biblioteca.blanes.cat\/salajove\/2021\/09\/20\/bollere-2021-arriba-la-13a-edicio\/\" \/>\n<meta property=\"og:locale\" content=\"ca_ES\" \/>\n<meta property=\"og:type\" content=\"article\" \/>\n<meta property=\"og:title\" content=\"Boller\u00e9 2021, arriba la 13a edici\u00f3 - Sala Jove Sala Jove -\" \/>\n<meta property=\"og:description\" content=\"concurs literari de relats breus per a joves\" \/>\n<meta property=\"og:url\" content=\"https:\/\/biblioteca.blanes.cat\/salajove\/2021\/09\/20\/bollere-2021-arriba-la-13a-edicio\/\" \/>\n<meta property=\"og:site_name\" content=\"Sala Jove\" \/>\n<meta property=\"article:publisher\" content=\"https:\/\/www.facebook.com\/BilbiotecaComarcaldeBlanes\/\" \/>\n<meta property=\"article:published_time\" content=\"2021-09-20T09:36:55+00:00\" \/>\n<meta property=\"article:modified_time\" content=\"2021-10-04T17:16:38+00:00\" \/>\n<meta property=\"og:image\" content=\"https:\/\/biblioteca.blanes.cat\/salajove\/wp-content\/uploads\/sites\/3\/2021\/09\/BibliotecaComarcaldeBlanes_Bases_Bollere2021_portada_x.jpg\" \/>\n\t<meta property=\"og:image:width\" content=\"1275\" \/>\n\t<meta property=\"og:image:height\" content=\"1275\" \/>\n\t<meta property=\"og:image:type\" content=\"image\/jpeg\" \/>\n<meta name=\"author\" content=\"biblioblanes\" \/>\n<meta name=\"twitter:card\" content=\"summary_large_image\" \/>\n<meta name=\"twitter:creator\" content=\"@biblioblanes\" \/>\n<meta name=\"twitter:site\" content=\"@BiblioBlanes\" \/>\n<meta name=\"twitter:label1\" content=\"Escrit per\" \/>\n\t<meta name=\"twitter:data1\" content=\"biblioblanes\" \/>\n\t<meta name=\"twitter:label2\" content=\"Temps estimat de lectura\" \/>\n\t<meta name=\"twitter:data2\" content=\"2 minuts\" \/>\n<script type=\"application\/ld+json\" class=\"yoast-schema-graph\">{\"@context\":\"https:\\\/\\\/schema.org\",\"@graph\":[{\"@type\":\"Article\",\"@id\":\"https:\\\/\\\/biblioteca.blanes.cat\\\/salajove\\\/2021\\\/09\\\/20\\\/bollere-2021-arriba-la-13a-edicio\\\/#article\",\"isPartOf\":{\"@id\":\"https:\\\/\\\/biblioteca.blanes.cat\\\/salajove\\\/2021\\\/09\\\/20\\\/bollere-2021-arriba-la-13a-edicio\\\/\"},\"author\":{\"name\":\"biblioblanes\",\"@id\":\"https:\\\/\\\/biblioteca.blanes.cat\\\/salajove\\\/#\\\/schema\\\/person\\\/5a7b46760d9dd611d098bbf571a341dc\"},\"headline\":\"Boller\u00e9 2021, arriba la 13a edici\u00f3\",\"datePublished\":\"2021-09-20T09:36:55+00:00\",\"dateModified\":\"2021-10-04T17:16:38+00:00\",\"mainEntityOfPage\":{\"@id\":\"https:\\\/\\\/biblioteca.blanes.cat\\\/salajove\\\/2021\\\/09\\\/20\\\/bollere-2021-arriba-la-13a-edicio\\\/\"},\"wordCount\":327,\"commentCount\":0,\"publisher\":{\"@id\":\"https:\\\/\\\/biblioteca.blanes.cat\\\/salajove\\\/#organization\"},\"image\":{\"@id\":\"https:\\\/\\\/biblioteca.blanes.cat\\\/salajove\\\/2021\\\/09\\\/20\\\/bollere-2021-arriba-la-13a-edicio\\\/#primaryimage\"},\"thumbnailUrl\":\"https:\\\/\\\/biblioteca.blanes.cat\\\/salajove\\\/wp-content\\\/uploads\\\/sites\\\/3\\\/2021\\\/09\\\/BibliotecaComarcaldeBlanes_Bases_Bollere2021_portada_x.jpg\",\"keywords\":[\"bollere\",\"concurs literari\",\"joves\"],\"articleSection\":[\"Not\u00edcies\",\"Premis Literaris\"],\"inLanguage\":\"ca\",\"potentialAction\":[{\"@type\":\"CommentAction\",\"name\":\"Comment\",\"target\":[\"https:\\\/\\\/biblioteca.blanes.cat\\\/salajove\\\/2021\\\/09\\\/20\\\/bollere-2021-arriba-la-13a-edicio\\\/#respond\"]}]},{\"@type\":\"WebPage\",\"@id\":\"https:\\\/\\\/biblioteca.blanes.cat\\\/salajove\\\/2021\\\/09\\\/20\\\/bollere-2021-arriba-la-13a-edicio\\\/\",\"url\":\"https:\\\/\\\/biblioteca.blanes.cat\\\/salajove\\\/2021\\\/09\\\/20\\\/bollere-2021-arriba-la-13a-edicio\\\/\",\"name\":\"Boller\u00e9 2021, arriba la 13a edici\u00f3 - Sala Jove Sala Jove -\",\"isPartOf\":{\"@id\":\"https:\\\/\\\/biblioteca.blanes.cat\\\/salajove\\\/#website\"},\"primaryImageOfPage\":{\"@id\":\"https:\\\/\\\/biblioteca.blanes.cat\\\/salajove\\\/2021\\\/09\\\/20\\\/bollere-2021-arriba-la-13a-edicio\\\/#primaryimage\"},\"image\":{\"@id\":\"https:\\\/\\\/biblioteca.blanes.cat\\\/salajove\\\/2021\\\/09\\\/20\\\/bollere-2021-arriba-la-13a-edicio\\\/#primaryimage\"},\"thumbnailUrl\":\"https:\\\/\\\/biblioteca.blanes.cat\\\/salajove\\\/wp-content\\\/uploads\\\/sites\\\/3\\\/2021\\\/09\\\/BibliotecaComarcaldeBlanes_Bases_Bollere2021_portada_x.jpg\",\"datePublished\":\"2021-09-20T09:36:55+00:00\",\"dateModified\":\"2021-10-04T17:16:38+00:00\",\"description\":\"concurs literari de relats breus per a joves\",\"breadcrumb\":{\"@id\":\"https:\\\/\\\/biblioteca.blanes.cat\\\/salajove\\\/2021\\\/09\\\/20\\\/bollere-2021-arriba-la-13a-edicio\\\/#breadcrumb\"},\"inLanguage\":\"ca\",\"potentialAction\":[{\"@type\":\"ReadAction\",\"target\":[\"https:\\\/\\\/biblioteca.blanes.cat\\\/salajove\\\/2021\\\/09\\\/20\\\/bollere-2021-arriba-la-13a-edicio\\\/\"]}]},{\"@type\":\"ImageObject\",\"inLanguage\":\"ca\",\"@id\":\"https:\\\/\\\/biblioteca.blanes.cat\\\/salajove\\\/2021\\\/09\\\/20\\\/bollere-2021-arriba-la-13a-edicio\\\/#primaryimage\",\"url\":\"https:\\\/\\\/biblioteca.blanes.cat\\\/salajove\\\/wp-content\\\/uploads\\\/sites\\\/3\\\/2021\\\/09\\\/BibliotecaComarcaldeBlanes_Bases_Bollere2021_portada_x.jpg\",\"contentUrl\":\"https:\\\/\\\/biblioteca.blanes.cat\\\/salajove\\\/wp-content\\\/uploads\\\/sites\\\/3\\\/2021\\\/09\\\/BibliotecaComarcaldeBlanes_Bases_Bollere2021_portada_x.jpg\",\"width\":1275,\"height\":1275},{\"@type\":\"BreadcrumbList\",\"@id\":\"https:\\\/\\\/biblioteca.blanes.cat\\\/salajove\\\/2021\\\/09\\\/20\\\/bollere-2021-arriba-la-13a-edicio\\\/#breadcrumb\",\"itemListElement\":[{\"@type\":\"ListItem\",\"position\":1,\"name\":\"Inici\",\"item\":\"https:\\\/\\\/biblioteca.blanes.cat\\\/salajove\\\/\"},{\"@type\":\"ListItem\",\"position\":2,\"name\":\"Boller\u00e9 2021, arriba la 13a edici\u00f3\"}]},{\"@type\":\"WebSite\",\"@id\":\"https:\\\/\\\/biblioteca.blanes.cat\\\/salajove\\\/#website\",\"url\":\"https:\\\/\\\/biblioteca.blanes.cat\\\/salajove\\\/\",\"name\":\"Sala Jove\",\"description\":\"Biblioteca Comarcal de Blanes\",\"publisher\":{\"@id\":\"https:\\\/\\\/biblioteca.blanes.cat\\\/salajove\\\/#organization\"},\"potentialAction\":[{\"@type\":\"SearchAction\",\"target\":{\"@type\":\"EntryPoint\",\"urlTemplate\":\"https:\\\/\\\/biblioteca.blanes.cat\\\/salajove\\\/?s={search_term_string}\"},\"query-input\":{\"@type\":\"PropertyValueSpecification\",\"valueRequired\":true,\"valueName\":\"search_term_string\"}}],\"inLanguage\":\"ca\"},{\"@type\":\"Organization\",\"@id\":\"https:\\\/\\\/biblioteca.blanes.cat\\\/salajove\\\/#organization\",\"name\":\"Biblioteca Comarcal de Blanes\",\"url\":\"https:\\\/\\\/biblioteca.blanes.cat\\\/salajove\\\/\",\"logo\":{\"@type\":\"ImageObject\",\"inLanguage\":\"ca\",\"@id\":\"https:\\\/\\\/biblioteca.blanes.cat\\\/salajove\\\/#\\\/schema\\\/logo\\\/image\\\/\",\"url\":\"https:\\\/\\\/biblioteca.blanes.cat\\\/salajove\\\/wp-content\\\/uploads\\\/sites\\\/3\\\/2017\\\/09\\\/cropped-Bib-blau-e1518869380535.png\",\"contentUrl\":\"https:\\\/\\\/biblioteca.blanes.cat\\\/salajove\\\/wp-content\\\/uploads\\\/sites\\\/3\\\/2017\\\/09\\\/cropped-Bib-blau-e1518869380535.png\",\"width\":166,\"height\":166,\"caption\":\"Biblioteca Comarcal de Blanes\"},\"image\":{\"@id\":\"https:\\\/\\\/biblioteca.blanes.cat\\\/salajove\\\/#\\\/schema\\\/logo\\\/image\\\/\"},\"sameAs\":[\"https:\\\/\\\/www.facebook.com\\\/BilbiotecaComarcaldeBlanes\\\/\",\"https:\\\/\\\/x.com\\\/BiblioBlanes\",\"https:\\\/\\\/www.instagram.com\\\/biblioblanes\\\/\",\"https:\\\/\\\/www.pinterest.es\\\/bblanes\\\/\",\"https:\\\/\\\/www.youtube.com\\\/c\\\/BibliotecaComarcalBlanes\"]},{\"@type\":\"Person\",\"@id\":\"https:\\\/\\\/biblioteca.blanes.cat\\\/salajove\\\/#\\\/schema\\\/person\\\/5a7b46760d9dd611d098bbf571a341dc\",\"name\":\"biblioblanes\",\"image\":{\"@type\":\"ImageObject\",\"inLanguage\":\"ca\",\"@id\":\"https:\\\/\\\/secure.gravatar.com\\\/avatar\\\/6593ca6cc90e5a70939f51c95e8315483b9c281bafba597292bee47992030f99?s=96&d=mm&r=g\",\"url\":\"https:\\\/\\\/secure.gravatar.com\\\/avatar\\\/6593ca6cc90e5a70939f51c95e8315483b9c281bafba597292bee47992030f99?s=96&d=mm&r=g\",\"contentUrl\":\"https:\\\/\\\/secure.gravatar.com\\\/avatar\\\/6593ca6cc90e5a70939f51c95e8315483b9c281bafba597292bee47992030f99?s=96&d=mm&r=g\",\"caption\":\"biblioblanes\"},\"sameAs\":[\"http:\\\/\\\/www.bibgirona.cat\\\/biblioteca\\\/blanes\",\"https:\\\/\\\/x.com\\\/biblioblanes\"],\"url\":\"https:\\\/\\\/biblioteca.blanes.cat\\\/salajove\\\/author\\\/biblioblanes\\\/\"}]}<\/script>\n<!-- \/ Yoast SEO plugin. -->","yoast_head_json":{"title":"Boller\u00e9 2021, arriba la 13a edici\u00f3 - Sala Jove Sala Jove -","description":"concurs literari de relats breus per a joves","robots":{"index":"index","follow":"follow","max-snippet":"max-snippet:-1","max-image-preview":"max-image-preview:large","max-video-preview":"max-video-preview:-1"},"canonical":"https:\/\/biblioteca.blanes.cat\/salajove\/2021\/09\/20\/bollere-2021-arriba-la-13a-edicio\/","og_locale":"ca_ES","og_type":"article","og_title":"Boller\u00e9 2021, arriba la 13a edici\u00f3 - Sala Jove Sala Jove -","og_description":"concurs literari de relats breus per a joves","og_url":"https:\/\/biblioteca.blanes.cat\/salajove\/2021\/09\/20\/bollere-2021-arriba-la-13a-edicio\/","og_site_name":"Sala Jove","article_publisher":"https:\/\/www.facebook.com\/BilbiotecaComarcaldeBlanes\/","article_published_time":"2021-09-20T09:36:55+00:00","article_modified_time":"2021-10-04T17:16:38+00:00","og_image":[{"width":1275,"height":1275,"url":"https:\/\/biblioteca.blanes.cat\/salajove\/wp-content\/uploads\/sites\/3\/2021\/09\/BibliotecaComarcaldeBlanes_Bases_Bollere2021_portada_x.jpg","type":"image\/jpeg"}],"author":"biblioblanes","twitter_card":"summary_large_image","twitter_creator":"@biblioblanes","twitter_site":"@BiblioBlanes","twitter_misc":{"Escrit per":"biblioblanes","Temps estimat de lectura":"2 minuts"},"schema":{"@context":"https:\/\/schema.org","@graph":[{"@type":"Article","@id":"https:\/\/biblioteca.blanes.cat\/salajove\/2021\/09\/20\/bollere-2021-arriba-la-13a-edicio\/#article","isPartOf":{"@id":"https:\/\/biblioteca.blanes.cat\/salajove\/2021\/09\/20\/bollere-2021-arriba-la-13a-edicio\/"},"author":{"name":"biblioblanes","@id":"https:\/\/biblioteca.blanes.cat\/salajove\/#\/schema\/person\/5a7b46760d9dd611d098bbf571a341dc"},"headline":"Boller\u00e9 2021, arriba la 13a edici\u00f3","datePublished":"2021-09-20T09:36:55+00:00","dateModified":"2021-10-04T17:16:38+00:00","mainEntityOfPage":{"@id":"https:\/\/biblioteca.blanes.cat\/salajove\/2021\/09\/20\/bollere-2021-arriba-la-13a-edicio\/"},"wordCount":327,"commentCount":0,"publisher":{"@id":"https:\/\/biblioteca.blanes.cat\/salajove\/#organization"},"image":{"@id":"https:\/\/biblioteca.blanes.cat\/salajove\/2021\/09\/20\/bollere-2021-arriba-la-13a-edicio\/#primaryimage"},"thumbnailUrl":"https:\/\/biblioteca.blanes.cat\/salajove\/wp-content\/uploads\/sites\/3\/2021\/09\/BibliotecaComarcaldeBlanes_Bases_Bollere2021_portada_x.jpg","keywords":["bollere","concurs literari","joves"],"articleSection":["Not\u00edcies","Premis Literaris"],"inLanguage":"ca","potentialAction":[{"@type":"CommentAction","name":"Comment","target":["https:\/\/biblioteca.blanes.cat\/salajove\/2021\/09\/20\/bollere-2021-arriba-la-13a-edicio\/#respond"]}]},{"@type":"WebPage","@id":"https:\/\/biblioteca.blanes.cat\/salajove\/2021\/09\/20\/bollere-2021-arriba-la-13a-edicio\/","url":"https:\/\/biblioteca.blanes.cat\/salajove\/2021\/09\/20\/bollere-2021-arriba-la-13a-edicio\/","name":"Boller\u00e9 2021, arriba la 13a edici\u00f3 - Sala Jove Sala Jove -","isPartOf":{"@id":"https:\/\/biblioteca.blanes.cat\/salajove\/#website"},"primaryImageOfPage":{"@id":"https:\/\/biblioteca.blanes.cat\/salajove\/2021\/09\/20\/bollere-2021-arriba-la-13a-edicio\/#primaryimage"},"image":{"@id":"https:\/\/biblioteca.blanes.cat\/salajove\/2021\/09\/20\/bollere-2021-arriba-la-13a-edicio\/#primaryimage"},"thumbnailUrl":"https:\/\/biblioteca.blanes.cat\/salajove\/wp-content\/uploads\/sites\/3\/2021\/09\/BibliotecaComarcaldeBlanes_Bases_Bollere2021_portada_x.jpg","datePublished":"2021-09-20T09:36:55+00:00","dateModified":"2021-10-04T17:16:38+00:00","description":"concurs literari de relats breus per a joves","breadcrumb":{"@id":"https:\/\/biblioteca.blanes.cat\/salajove\/2021\/09\/20\/bollere-2021-arriba-la-13a-edicio\/#breadcrumb"},"inLanguage":"ca","potentialAction":[{"@type":"ReadAction","target":["https:\/\/biblioteca.blanes.cat\/salajove\/2021\/09\/20\/bollere-2021-arriba-la-13a-edicio\/"]}]},{"@type":"ImageObject","inLanguage":"ca","@id":"https:\/\/biblioteca.blanes.cat\/salajove\/2021\/09\/20\/bollere-2021-arriba-la-13a-edicio\/#primaryimage","url":"https:\/\/biblioteca.blanes.cat\/salajove\/wp-content\/uploads\/sites\/3\/2021\/09\/BibliotecaComarcaldeBlanes_Bases_Bollere2021_portada_x.jpg","contentUrl":"https:\/\/biblioteca.blanes.cat\/salajove\/wp-content\/uploads\/sites\/3\/2021\/09\/BibliotecaComarcaldeBlanes_Bases_Bollere2021_portada_x.jpg","width":1275,"height":1275},{"@type":"BreadcrumbList","@id":"https:\/\/biblioteca.blanes.cat\/salajove\/2021\/09\/20\/bollere-2021-arriba-la-13a-edicio\/#breadcrumb","itemListElement":[{"@type":"ListItem","position":1,"name":"Inici","item":"https:\/\/biblioteca.blanes.cat\/salajove\/"},{"@type":"ListItem","position":2,"name":"Boller\u00e9 2021, arriba la 13a edici\u00f3"}]},{"@type":"WebSite","@id":"https:\/\/biblioteca.blanes.cat\/salajove\/#website","url":"https:\/\/biblioteca.blanes.cat\/salajove\/","name":"Sala Jove","description":"Biblioteca Comarcal de Blanes","publisher":{"@id":"https:\/\/biblioteca.blanes.cat\/salajove\/#organization"},"potentialAction":[{"@type":"SearchAction","target":{"@type":"EntryPoint","urlTemplate":"https:\/\/biblioteca.blanes.cat\/salajove\/?s={search_term_string}"},"query-input":{"@type":"PropertyValueSpecification","valueRequired":true,"valueName":"search_term_string"}}],"inLanguage":"ca"},{"@type":"Organization","@id":"https:\/\/biblioteca.blanes.cat\/salajove\/#organization","name":"Biblioteca Comarcal de Blanes","url":"https:\/\/biblioteca.blanes.cat\/salajove\/","logo":{"@type":"ImageObject","inLanguage":"ca","@id":"https:\/\/biblioteca.blanes.cat\/salajove\/#\/schema\/logo\/image\/","url":"https:\/\/biblioteca.blanes.cat\/salajove\/wp-content\/uploads\/sites\/3\/2017\/09\/cropped-Bib-blau-e1518869380535.png","contentUrl":"https:\/\/biblioteca.blanes.cat\/salajove\/wp-content\/uploads\/sites\/3\/2017\/09\/cropped-Bib-blau-e1518869380535.png","width":166,"height":166,"caption":"Biblioteca Comarcal de Blanes"},"image":{"@id":"https:\/\/biblioteca.blanes.cat\/salajove\/#\/schema\/logo\/image\/"},"sameAs":["https:\/\/www.facebook.com\/BilbiotecaComarcaldeBlanes\/","https:\/\/x.com\/BiblioBlanes","https:\/\/www.instagram.com\/biblioblanes\/","https:\/\/www.pinterest.es\/bblanes\/","https:\/\/www.youtube.com\/c\/BibliotecaComarcalBlanes"]},{"@type":"Person","@id":"https:\/\/biblioteca.blanes.cat\/salajove\/#\/schema\/person\/5a7b46760d9dd611d098bbf571a341dc","name":"biblioblanes","image":{"@type":"ImageObject","inLanguage":"ca","@id":"https:\/\/secure.gravatar.com\/avatar\/6593ca6cc90e5a70939f51c95e8315483b9c281bafba597292bee47992030f99?s=96&d=mm&r=g","url":"https:\/\/secure.gravatar.com\/avatar\/6593ca6cc90e5a70939f51c95e8315483b9c281bafba597292bee47992030f99?s=96&d=mm&r=g","contentUrl":"https:\/\/secure.gravatar.com\/avatar\/6593ca6cc90e5a70939f51c95e8315483b9c281bafba597292bee47992030f99?s=96&d=mm&r=g","caption":"biblioblanes"},"sameAs":["http:\/\/www.bibgirona.cat\/biblioteca\/blanes","https:\/\/x.com\/biblioblanes"],"url":"https:\/\/biblioteca.blanes.cat\/salajove\/author\/biblioblanes\/"}]}},"_links":{"self":[{"href":"https:\/\/biblioteca.blanes.cat\/salajove\/wp-json\/wp\/v2\/posts\/6105","targetHints":{"allow":["GET"]}}],"collection":[{"href":"https:\/\/biblioteca.blanes.cat\/salajove\/wp-json\/wp\/v2\/posts"}],"about":[{"href":"https:\/\/biblioteca.blanes.cat\/salajove\/wp-json\/wp\/v2\/types\/post"}],"author":[{"embeddable":true,"href":"https:\/\/biblioteca.blanes.cat\/salajove\/wp-json\/wp\/v2\/users\/4"}],"replies":[{"embeddable":true,"href":"https:\/\/biblioteca.blanes.cat\/salajove\/wp-json\/wp\/v2\/comments?post=6105"}],"version-history":[{"count":15,"href":"https:\/\/biblioteca.blanes.cat\/salajove\/wp-json\/wp\/v2\/posts\/6105\/revisions"}],"predecessor-version":[{"id":6180,"href":"https:\/\/biblioteca.blanes.cat\/salajove\/wp-json\/wp\/v2\/posts\/6105\/revisions\/6180"}],"wp:featuredmedia":[{"embeddable":true,"href":"https:\/\/biblioteca.blanes.cat\/salajove\/wp-json\/wp\/v2\/media\/6114"}],"wp:attachment":[{"href":"https:\/\/biblioteca.blanes.cat\/salajove\/wp-json\/wp\/v2\/media?parent=6105"}],"wp:term":[{"taxonomy":"category","embeddable":true,"href":"https:\/\/biblioteca.blanes.cat\/salajove\/wp-json\/wp\/v2\/categories?post=6105"},{"taxonomy":"post_tag","embeddable":true,"href":"https:\/\/biblioteca.blanes.cat\/salajove\/wp-json\/wp\/v2\/tags?post=6105"}],"curies":[{"name":"wp","href":"https:\/\/api.w.org\/{rel}","templated":true}]}}