{"id":6073,"date":"2021-10-04T18:12:05","date_gmt":"2021-10-04T17:12:05","guid":{"rendered":"https:\/\/biblioteca.blanes.cat\/salajove\/?p=6073"},"modified":"2021-10-04T18:13:41","modified_gmt":"2021-10-04T17:13:41","slug":"novetats-octubre-2021","status":"publish","type":"post","link":"https:\/\/biblioteca.blanes.cat\/salajove\/2021\/10\/04\/novetats-octubre-2021\/","title":{"rendered":"NOVETATS: Octubre 2021"},"content":{"rendered":"\n<h1 style=\"text-align: center;\"><strong data-rich-text-format-boundary=\"true\">Biblioteca Jove Blanes &#8211; Novetats Octubre 2021<\/strong><\/h1>\n<p style=\"text-align: center;\">Ja tenim aqu\u00ed les novetats juvenils de l&#8217;octubre de 2021 que trobareu a la Sala Jove de la Biblioteca Comarcal de Blanes.<\/p>\n<p style=\"text-align: center;\">En primer lloc trobareu les Novel\u00b7les. Tamb\u00e9 hi trobareu el Mar, la Dansa, els Centres d&#8217;Inter\u00e8s, les Mat\u00e8ries i els Audiovisuals.<\/p>\n<p>\u00a0<\/p>\n<h1 style=\"text-align: center;\"><strong>NOVEL.LES<\/strong><\/h1>\n<div id='gallery-1' class='gallery galleryid-6073 gallery-columns-4 gallery-size-medium'><figure class='gallery-item'>\n\t\t\t<div class='gallery-icon portrait'>\n\t\t\t\t<a href='https:\/\/biblioteca.blanes.cat\/salajove\/2021\/10\/04\/novetats-octubre-2021\/dinou-vint-3\/'><img decoding=\"async\" width=\"175\" height=\"271\" src=\"https:\/\/biblioteca.blanes.cat\/salajove\/wp-content\/uploads\/sites\/3\/2021\/10\/dinou-vint.jpg\" class=\"attachment-medium size-medium\" alt=\"\" aria-describedby=\"gallery-1-6145\" \/><\/a>\n\t\t\t<\/div>\n\t\t\t\t<figcaption class='wp-caption-text gallery-caption' id='gallery-1-6145'>\n\t\t\t\tJN CAR\n\t\t\t\t<\/figcaption><\/figure><figure class='gallery-item'>\n\t\t\t<div class='gallery-icon portrait'>\n\t\t\t\t<a href='https:\/\/biblioteca.blanes.cat\/salajove\/2021\/10\/04\/novetats-octubre-2021\/bruna-3\/'><img fetchpriority=\"high\" decoding=\"async\" width=\"212\" height=\"300\" src=\"https:\/\/biblioteca.blanes.cat\/salajove\/wp-content\/uploads\/sites\/3\/2021\/10\/bruna-212x300.jpg\" class=\"attachment-medium size-medium\" alt=\"\" aria-describedby=\"gallery-1-6146\" srcset=\"https:\/\/biblioteca.blanes.cat\/salajove\/wp-content\/uploads\/sites\/3\/2021\/10\/bruna-212x300.jpg 212w, https:\/\/biblioteca.blanes.cat\/salajove\/wp-content\/uploads\/sites\/3\/2021\/10\/bruna.jpg 353w\" sizes=\"(max-width: 212px) 100vw, 212px\" \/><\/a>\n\t\t\t<\/div>\n\t\t\t\t<figcaption class='wp-caption-text gallery-caption' id='gallery-1-6146'>\n\t\t\t\tJN CEL\n\t\t\t\t<\/figcaption><\/figure><figure class='gallery-item'>\n\t\t\t<div class='gallery-icon portrait'>\n\t\t\t\t<a href='https:\/\/biblioteca.blanes.cat\/salajove\/2021\/10\/04\/novetats-octubre-2021\/les-bruixes-3\/'><img decoding=\"async\" width=\"200\" height=\"300\" src=\"https:\/\/biblioteca.blanes.cat\/salajove\/wp-content\/uploads\/sites\/3\/2021\/10\/les-bruixes-200x300.jpg\" class=\"attachment-medium size-medium\" alt=\"\" aria-describedby=\"gallery-1-6147\" srcset=\"https:\/\/biblioteca.blanes.cat\/salajove\/wp-content\/uploads\/sites\/3\/2021\/10\/les-bruixes-200x300.jpg 200w, https:\/\/biblioteca.blanes.cat\/salajove\/wp-content\/uploads\/sites\/3\/2021\/10\/les-bruixes.jpg 225w\" sizes=\"(max-width: 200px) 100vw, 200px\" \/><\/a>\n\t\t\t<\/div>\n\t\t\t\t<figcaption class='wp-caption-text gallery-caption' id='gallery-1-6147'>\n\t\t\t\tJN DAH CL\u00c0SSICS\n\t\t\t\t<\/figcaption><\/figure><figure class='gallery-item'>\n\t\t\t<div class='gallery-icon portrait'>\n\t\t\t\t<a href='https:\/\/biblioteca.blanes.cat\/salajove\/2021\/10\/04\/novetats-octubre-2021\/a-traves-de-mi-ventana-3\/'><img loading=\"lazy\" decoding=\"async\" width=\"209\" height=\"300\" src=\"https:\/\/biblioteca.blanes.cat\/salajove\/wp-content\/uploads\/sites\/3\/2021\/10\/a-traves-de-mi-ventana-209x300.jpg\" class=\"attachment-medium size-medium\" alt=\"\" aria-describedby=\"gallery-1-6148\" srcset=\"https:\/\/biblioteca.blanes.cat\/salajove\/wp-content\/uploads\/sites\/3\/2021\/10\/a-traves-de-mi-ventana-209x300.jpg 209w, https:\/\/biblioteca.blanes.cat\/salajove\/wp-content\/uploads\/sites\/3\/2021\/10\/a-traves-de-mi-ventana.jpg 349w\" sizes=\"(max-width: 209px) 100vw, 209px\" \/><\/a>\n\t\t\t<\/div>\n\t\t\t\t<figcaption class='wp-caption-text gallery-caption' id='gallery-1-6148'>\n\t\t\t\tJN GOD\n\t\t\t\t<\/figcaption><\/figure><figure class='gallery-item'>\n\t\t\t<div class='gallery-icon portrait'>\n\t\t\t\t<a href='https:\/\/biblioteca.blanes.cat\/salajove\/2021\/10\/04\/novetats-octubre-2021\/viure-3\/'><img loading=\"lazy\" decoding=\"async\" width=\"213\" height=\"300\" src=\"https:\/\/biblioteca.blanes.cat\/salajove\/wp-content\/uploads\/sites\/3\/2021\/10\/viure-213x300.jpg\" class=\"attachment-medium size-medium\" alt=\"\" aria-describedby=\"gallery-1-6149\" srcset=\"https:\/\/biblioteca.blanes.cat\/salajove\/wp-content\/uploads\/sites\/3\/2021\/10\/viure-213x300.jpg 213w, https:\/\/biblioteca.blanes.cat\/salajove\/wp-content\/uploads\/sites\/3\/2021\/10\/viure-725x1024.jpg 725w, https:\/\/biblioteca.blanes.cat\/salajove\/wp-content\/uploads\/sites\/3\/2021\/10\/viure-768x1084.jpg 768w, https:\/\/biblioteca.blanes.cat\/salajove\/wp-content\/uploads\/sites\/3\/2021\/10\/viure-1088x1536.jpg 1088w, https:\/\/biblioteca.blanes.cat\/salajove\/wp-content\/uploads\/sites\/3\/2021\/10\/viure.jpg 1200w\" sizes=\"(max-width: 213px) 100vw, 213px\" \/><\/a>\n\t\t\t<\/div>\n\t\t\t\t<figcaption class='wp-caption-text gallery-caption' id='gallery-1-6149'>\n\t\t\t\tJN GON\n\t\t\t\t<\/figcaption><\/figure><figure class='gallery-item'>\n\t\t\t<div class='gallery-icon portrait'>\n\t\t\t\t<a href='https:\/\/biblioteca.blanes.cat\/salajove\/2021\/10\/04\/novetats-octubre-2021\/els-secrets-de-wintrhouse-3\/'><img loading=\"lazy\" decoding=\"async\" width=\"201\" height=\"300\" src=\"https:\/\/biblioteca.blanes.cat\/salajove\/wp-content\/uploads\/sites\/3\/2021\/10\/els-secrets-de-wintrhouse-201x300.jpg\" class=\"attachment-medium size-medium\" alt=\"\" aria-describedby=\"gallery-1-6150\" srcset=\"https:\/\/biblioteca.blanes.cat\/salajove\/wp-content\/uploads\/sites\/3\/2021\/10\/els-secrets-de-wintrhouse-201x300.jpg 201w, https:\/\/biblioteca.blanes.cat\/salajove\/wp-content\/uploads\/sites\/3\/2021\/10\/els-secrets-de-wintrhouse.jpg 229w\" sizes=\"(max-width: 201px) 100vw, 201px\" \/><\/a>\n\t\t\t<\/div>\n\t\t\t\t<figcaption class='wp-caption-text gallery-caption' id='gallery-1-6150'>\n\t\t\t\tJN GUT\n\t\t\t\t<\/figcaption><\/figure><figure class='gallery-item'>\n\t\t\t<div class='gallery-icon portrait'>\n\t\t\t\t<a href='https:\/\/biblioteca.blanes.cat\/salajove\/2021\/10\/04\/novetats-octubre-2021\/tehanu-3\/'><img loading=\"lazy\" decoding=\"async\" width=\"196\" height=\"300\" src=\"https:\/\/biblioteca.blanes.cat\/salajove\/wp-content\/uploads\/sites\/3\/2021\/10\/tehanu-196x300.jpg\" class=\"attachment-medium size-medium\" alt=\"\" aria-describedby=\"gallery-1-6151\" srcset=\"https:\/\/biblioteca.blanes.cat\/salajove\/wp-content\/uploads\/sites\/3\/2021\/10\/tehanu-196x300.jpg 196w, https:\/\/biblioteca.blanes.cat\/salajove\/wp-content\/uploads\/sites\/3\/2021\/10\/tehanu.jpg 229w\" sizes=\"(max-width: 196px) 100vw, 196px\" \/><\/a>\n\t\t\t<\/div>\n\t\t\t\t<figcaption class='wp-caption-text gallery-caption' id='gallery-1-6151'>\n\t\t\t\tJN LEG\n\t\t\t\t<\/figcaption><\/figure><figure class='gallery-item'>\n\t\t\t<div class='gallery-icon portrait'>\n\t\t\t\t<a href='https:\/\/biblioteca.blanes.cat\/salajove\/2021\/10\/04\/novetats-octubre-2021\/mai-de-la-vida-3\/'><img loading=\"lazy\" decoding=\"async\" width=\"194\" height=\"300\" src=\"https:\/\/biblioteca.blanes.cat\/salajove\/wp-content\/uploads\/sites\/3\/2021\/10\/mai-de-la-vida-194x300.jpg\" class=\"attachment-medium size-medium\" alt=\"\" aria-describedby=\"gallery-1-6152\" srcset=\"https:\/\/biblioteca.blanes.cat\/salajove\/wp-content\/uploads\/sites\/3\/2021\/10\/mai-de-la-vida-194x300.jpg 194w, https:\/\/biblioteca.blanes.cat\/salajove\/wp-content\/uploads\/sites\/3\/2021\/10\/mai-de-la-vida.jpg 229w\" sizes=\"(max-width: 194px) 100vw, 194px\" \/><\/a>\n\t\t\t<\/div>\n\t\t\t\t<figcaption class='wp-caption-text gallery-caption' id='gallery-1-6152'>\n\t\t\t\tJN LIE\n\t\t\t\t<\/figcaption><\/figure><figure class='gallery-item'>\n\t\t\t<div class='gallery-icon portrait'>\n\t\t\t\t<a href='https:\/\/biblioteca.blanes.cat\/salajove\/2021\/10\/04\/novetats-octubre-2021\/una-corte-de-hielo-3\/'><img loading=\"lazy\" decoding=\"async\" width=\"196\" height=\"300\" src=\"https:\/\/biblioteca.blanes.cat\/salajove\/wp-content\/uploads\/sites\/3\/2021\/10\/una-corte-de-hielo-196x300.jpg\" class=\"attachment-medium size-medium\" alt=\"\" aria-describedby=\"gallery-1-6153\" srcset=\"https:\/\/biblioteca.blanes.cat\/salajove\/wp-content\/uploads\/sites\/3\/2021\/10\/una-corte-de-hielo-196x300.jpg 196w, https:\/\/biblioteca.blanes.cat\/salajove\/wp-content\/uploads\/sites\/3\/2021\/10\/una-corte-de-hielo-669x1024.jpg 669w, https:\/\/biblioteca.blanes.cat\/salajove\/wp-content\/uploads\/sites\/3\/2021\/10\/una-corte-de-hielo-768x1176.jpg 768w, https:\/\/biblioteca.blanes.cat\/salajove\/wp-content\/uploads\/sites\/3\/2021\/10\/una-corte-de-hielo-1003x1536.jpg 1003w, https:\/\/biblioteca.blanes.cat\/salajove\/wp-content\/uploads\/sites\/3\/2021\/10\/una-corte-de-hielo-1338x2048.jpg 1338w, https:\/\/biblioteca.blanes.cat\/salajove\/wp-content\/uploads\/sites\/3\/2021\/10\/una-corte-de-hielo.jpg 1672w\" sizes=\"(max-width: 196px) 100vw, 196px\" \/><\/a>\n\t\t\t<\/div>\n\t\t\t\t<figcaption class='wp-caption-text gallery-caption' id='gallery-1-6153'>\n\t\t\t\tJN MAA\n\t\t\t\t<\/figcaption><\/figure><figure class='gallery-item'>\n\t\t\t<div class='gallery-icon portrait'>\n\t\t\t\t<a href='https:\/\/biblioteca.blanes.cat\/salajove\/2021\/10\/04\/novetats-octubre-2021\/uep-les-meves-aventures-3\/'><img loading=\"lazy\" decoding=\"async\" width=\"198\" height=\"300\" src=\"https:\/\/biblioteca.blanes.cat\/salajove\/wp-content\/uploads\/sites\/3\/2021\/10\/uep-les-meves-aventures-198x300.jpg\" class=\"attachment-medium size-medium\" alt=\"\" aria-describedby=\"gallery-1-6154\" srcset=\"https:\/\/biblioteca.blanes.cat\/salajove\/wp-content\/uploads\/sites\/3\/2021\/10\/uep-les-meves-aventures-198x300.jpg 198w, https:\/\/biblioteca.blanes.cat\/salajove\/wp-content\/uploads\/sites\/3\/2021\/10\/uep-les-meves-aventures.jpg 330w\" sizes=\"(max-width: 198px) 100vw, 198px\" \/><\/a>\n\t\t\t<\/div>\n\t\t\t\t<figcaption class='wp-caption-text gallery-caption' id='gallery-1-6154'>\n\t\t\t\tJN MON\n\t\t\t\t<\/figcaption><\/figure><figure class='gallery-item'>\n\t\t\t<div class='gallery-icon portrait'>\n\t\t\t\t<a href='https:\/\/biblioteca.blanes.cat\/salajove\/2021\/10\/04\/novetats-octubre-2021\/archie-2\/'><img loading=\"lazy\" decoding=\"async\" width=\"208\" height=\"300\" src=\"https:\/\/biblioteca.blanes.cat\/salajove\/wp-content\/uploads\/sites\/3\/2021\/10\/archie-208x300.jpg\" class=\"attachment-medium size-medium\" alt=\"\" aria-describedby=\"gallery-1-6155\" srcset=\"https:\/\/biblioteca.blanes.cat\/salajove\/wp-content\/uploads\/sites\/3\/2021\/10\/archie-208x300.jpg 208w, https:\/\/biblioteca.blanes.cat\/salajove\/wp-content\/uploads\/sites\/3\/2021\/10\/archie.jpg 347w\" sizes=\"(max-width: 208px) 100vw, 208px\" \/><\/a>\n\t\t\t<\/div>\n\t\t\t\t<figcaption class='wp-caption-text gallery-caption' id='gallery-1-6155'>\n\t\t\t\tJN PRA\n\t\t\t\t<\/figcaption><\/figure><figure class='gallery-item'>\n\t\t\t<div class='gallery-icon portrait'>\n\t\t\t\t<a href='https:\/\/biblioteca.blanes.cat\/salajove\/2021\/10\/04\/novetats-octubre-2021\/estrella-de-mar-3\/'><img loading=\"lazy\" decoding=\"async\" width=\"179\" height=\"300\" src=\"https:\/\/biblioteca.blanes.cat\/salajove\/wp-content\/uploads\/sites\/3\/2021\/10\/estrella-de-mar-1-179x300.jpg\" class=\"attachment-medium size-medium\" alt=\"\" aria-describedby=\"gallery-1-6157\" srcset=\"https:\/\/biblioteca.blanes.cat\/salajove\/wp-content\/uploads\/sites\/3\/2021\/10\/estrella-de-mar-1-179x300.jpg 179w, https:\/\/biblioteca.blanes.cat\/salajove\/wp-content\/uploads\/sites\/3\/2021\/10\/estrella-de-mar-1.jpg 229w\" sizes=\"(max-width: 179px) 100vw, 179px\" \/><\/a>\n\t\t\t<\/div>\n\t\t\t\t<figcaption class='wp-caption-text gallery-caption' id='gallery-1-6157'>\n\t\t\t\tJN SAN\n\t\t\t\t<\/figcaption><\/figure><figure class='gallery-item'>\n\t\t\t<div class='gallery-icon portrait'>\n\t\t\t\t<a href='https:\/\/biblioteca.blanes.cat\/salajove\/2021\/10\/04\/novetats-octubre-2021\/lonada-2\/'><img loading=\"lazy\" decoding=\"async\" width=\"184\" height=\"273\" src=\"https:\/\/biblioteca.blanes.cat\/salajove\/wp-content\/uploads\/sites\/3\/2021\/10\/lonada.jpeg\" class=\"attachment-medium size-medium\" alt=\"\" aria-describedby=\"gallery-1-6158\" \/><\/a>\n\t\t\t<\/div>\n\t\t\t\t<figcaption class='wp-caption-text gallery-caption' id='gallery-1-6158'>\n\t\t\t\tJN STR\n\t\t\t\t<\/figcaption><\/figure><figure class='gallery-item'>\n\t\t\t<div class='gallery-icon portrait'>\n\t\t\t\t<a href='https:\/\/biblioteca.blanes.cat\/salajove\/2021\/10\/04\/novetats-octubre-2021\/uno-debe-morir-2\/'><img loading=\"lazy\" decoding=\"async\" width=\"192\" height=\"300\" src=\"https:\/\/biblioteca.blanes.cat\/salajove\/wp-content\/uploads\/sites\/3\/2021\/10\/uno-debe-morir-192x300.jpg\" class=\"attachment-medium size-medium\" alt=\"\" aria-describedby=\"gallery-1-6159\" srcset=\"https:\/\/biblioteca.blanes.cat\/salajove\/wp-content\/uploads\/sites\/3\/2021\/10\/uno-debe-morir-192x300.jpg 192w, https:\/\/biblioteca.blanes.cat\/salajove\/wp-content\/uploads\/sites\/3\/2021\/10\/uno-debe-morir.jpg 319w\" sizes=\"(max-width: 192px) 100vw, 192px\" \/><\/a>\n\t\t\t<\/div>\n\t\t\t\t<figcaption class='wp-caption-text gallery-caption' id='gallery-1-6159'>\n\t\t\t\tJN URB\n\t\t\t\t<\/figcaption><\/figure><figure class='gallery-item'>\n\t\t\t<div class='gallery-icon portrait'>\n\t\t\t\t<a href='https:\/\/biblioteca.blanes.cat\/salajove\/2021\/10\/04\/novetats-octubre-2021\/aunia-2\/'><img loading=\"lazy\" decoding=\"async\" width=\"189\" height=\"300\" src=\"https:\/\/biblioteca.blanes.cat\/salajove\/wp-content\/uploads\/sites\/3\/2021\/10\/aunia-189x300.jpg\" class=\"attachment-medium size-medium\" alt=\"\" aria-describedby=\"gallery-1-6160\" srcset=\"https:\/\/biblioteca.blanes.cat\/salajove\/wp-content\/uploads\/sites\/3\/2021\/10\/aunia-189x300.jpg 189w, https:\/\/biblioteca.blanes.cat\/salajove\/wp-content\/uploads\/sites\/3\/2021\/10\/aunia.jpg 229w\" sizes=\"(max-width: 189px) 100vw, 189px\" \/><\/a>\n\t\t\t<\/div>\n\t\t\t\t<figcaption class='wp-caption-text gallery-caption' id='gallery-1-6160'>\n\t\t\t\tJN VER\n\t\t\t\t<\/figcaption><\/figure><figure class='gallery-item'>\n\t\t\t<div class='gallery-icon portrait'>\n\t\t\t\t<a href='https:\/\/biblioteca.blanes.cat\/salajove\/2021\/10\/04\/novetats-octubre-2021\/la-rosa-falsa-2\/'><img loading=\"lazy\" decoding=\"async\" width=\"180\" height=\"268\" src=\"https:\/\/biblioteca.blanes.cat\/salajove\/wp-content\/uploads\/sites\/3\/2021\/10\/la-rosa-falsa.jpg\" class=\"attachment-medium size-medium\" alt=\"\" aria-describedby=\"gallery-1-6161\" \/><\/a>\n\t\t\t<\/div>\n\t\t\t\t<figcaption class='wp-caption-text gallery-caption' id='gallery-1-6161'>\n\t\t\t\tJN WEG\n\t\t\t\t<\/figcaption><\/figure>\n\t\t<\/div>\n\n<h1 style=\"text-align: center;\"><strong>MAR<\/strong><\/h1>\n<div id='gallery-2' class='gallery galleryid-6073 gallery-columns-1 gallery-size-medium'><figure class='gallery-item'>\n\t\t\t<div class='gallery-icon portrait'>\n\t\t\t\t<a href='https:\/\/biblioteca.blanes.cat\/salajove\/2021\/10\/04\/novetats-octubre-2021\/lena\/'><img loading=\"lazy\" decoding=\"async\" width=\"217\" height=\"300\" src=\"https:\/\/biblioteca.blanes.cat\/salajove\/wp-content\/uploads\/sites\/3\/2021\/10\/lena-217x300.jpg\" class=\"attachment-medium size-medium\" alt=\"\" aria-describedby=\"gallery-2-6162\" srcset=\"https:\/\/biblioteca.blanes.cat\/salajove\/wp-content\/uploads\/sites\/3\/2021\/10\/lena-217x300.jpg 217w, https:\/\/biblioteca.blanes.cat\/salajove\/wp-content\/uploads\/sites\/3\/2021\/10\/lena.jpg 619w\" sizes=\"(max-width: 217px) 100vw, 217px\" \/><\/a>\n\t\t\t<\/div>\n\t\t\t\t<figcaption class='wp-caption-text gallery-caption' id='gallery-2-6162'>\n\t\t\t\tMAR JN\n\t\t\t\t<\/figcaption><\/figure>\n\t\t<\/div>\n\n<h1 style=\"text-align: center;\"><strong>DANSA<\/strong><\/h1>\n<div id='gallery-3' class='gallery galleryid-6073 gallery-columns-1 gallery-size-medium'><figure class='gallery-item'>\n\t\t\t<div class='gallery-icon portrait'>\n\t\t\t\t<a href='https:\/\/biblioteca.blanes.cat\/salajove\/2021\/10\/04\/novetats-octubre-2021\/boggiedown\/'><img loading=\"lazy\" decoding=\"async\" width=\"182\" height=\"300\" src=\"https:\/\/biblioteca.blanes.cat\/salajove\/wp-content\/uploads\/sites\/3\/2021\/10\/boggiedown-182x300.jpg\" class=\"attachment-medium size-medium\" alt=\"\" aria-describedby=\"gallery-3-6163\" srcset=\"https:\/\/biblioteca.blanes.cat\/salajove\/wp-content\/uploads\/sites\/3\/2021\/10\/boggiedown-182x300.jpg 182w, https:\/\/biblioteca.blanes.cat\/salajove\/wp-content\/uploads\/sites\/3\/2021\/10\/boggiedown.jpg 250w\" sizes=\"(max-width: 182px) 100vw, 182px\" \/><\/a>\n\t\t\t<\/div>\n\t\t\t\t<figcaption class='wp-caption-text gallery-caption' id='gallery-3-6163'>\n\t\t\t\tJ DANSA NOVEL.LES\n\t\t\t\t<\/figcaption><\/figure>\n\t\t<\/div>\n\n<h1 style=\"text-align: center;\"><strong>CENTRES D&#8217;INTER\u00c8S<\/strong><\/h1>\n<div id='gallery-4' class='gallery galleryid-6073 gallery-columns-3 gallery-size-medium'><figure class='gallery-item'>\n\t\t\t<div class='gallery-icon portrait'>\n\t\t\t\t<a href='https:\/\/biblioteca.blanes.cat\/salajove\/2021\/10\/04\/novetats-octubre-2021\/maldito-por-la-magia\/'><img loading=\"lazy\" decoding=\"async\" width=\"196\" height=\"300\" src=\"https:\/\/biblioteca.blanes.cat\/salajove\/wp-content\/uploads\/sites\/3\/2021\/10\/maldito-por-la-magia-196x300.gif\" class=\"attachment-medium size-medium\" alt=\"\" aria-describedby=\"gallery-4-6164\" \/><\/a>\n\t\t\t<\/div>\n\t\t\t\t<figcaption class='wp-caption-text gallery-caption' id='gallery-4-6164'>\n\t\t\t\tJC FANT\u00c0STIC BEN\n\t\t\t\t<\/figcaption><\/figure><figure class='gallery-item'>\n\t\t\t<div class='gallery-icon portrait'>\n\t\t\t\t<a href='https:\/\/biblioteca.blanes.cat\/salajove\/2021\/10\/04\/novetats-octubre-2021\/a-silent-voice-2\/'><img loading=\"lazy\" decoding=\"async\" width=\"200\" height=\"300\" src=\"https:\/\/biblioteca.blanes.cat\/salajove\/wp-content\/uploads\/sites\/3\/2021\/10\/a-silent-voice-200x300.jpg\" class=\"attachment-medium size-medium\" alt=\"\" aria-describedby=\"gallery-4-6165\" srcset=\"https:\/\/biblioteca.blanes.cat\/salajove\/wp-content\/uploads\/sites\/3\/2021\/10\/a-silent-voice-200x300.jpg 200w, https:\/\/biblioteca.blanes.cat\/salajove\/wp-content\/uploads\/sites\/3\/2021\/10\/a-silent-voice.jpg 333w\" sizes=\"(max-width: 200px) 100vw, 200px\" \/><\/a>\n\t\t\t<\/div>\n\t\t\t\t<figcaption class='wp-caption-text gallery-caption' id='gallery-4-6165'>\n\t\t\t\tJC JAPON\u00c8S\n\t\t\t\t<\/figcaption><\/figure><figure class='gallery-item'>\n\t\t\t<div class='gallery-icon portrait'>\n\t\t\t\t<a href='https:\/\/biblioteca.blanes.cat\/salajove\/2021\/10\/04\/novetats-octubre-2021\/matematico\/'><img loading=\"lazy\" decoding=\"async\" width=\"200\" height=\"266\" src=\"https:\/\/biblioteca.blanes.cat\/salajove\/wp-content\/uploads\/sites\/3\/2021\/10\/matematico.jpg\" class=\"attachment-medium size-medium\" alt=\"\" aria-describedby=\"gallery-4-6166\" \/><\/a>\n\t\t\t<\/div>\n\t\t\t\t<figcaption class='wp-caption-text gallery-caption' id='gallery-4-6166'>\n\t\t\t\tJP PRA\n\t\t\t\t<\/figcaption><\/figure>\n\t\t<\/div>\n\n<h1 style=\"text-align: center;\"><strong>MAT\u00c8RIES<\/strong><\/h1>\n<div id='gallery-5' class='gallery galleryid-6073 gallery-columns-5 gallery-size-medium'><figure class='gallery-item'>\n\t\t\t<div class='gallery-icon portrait'>\n\t\t\t\t<a href='https:\/\/biblioteca.blanes.cat\/salajove\/2021\/10\/04\/novetats-octubre-2021\/venus-2\/'><img loading=\"lazy\" decoding=\"async\" width=\"219\" height=\"300\" src=\"https:\/\/biblioteca.blanes.cat\/salajove\/wp-content\/uploads\/sites\/3\/2021\/10\/venus-1-219x300.jpg\" class=\"attachment-medium size-medium\" alt=\"\" aria-describedby=\"gallery-5-6168\" srcset=\"https:\/\/biblioteca.blanes.cat\/salajove\/wp-content\/uploads\/sites\/3\/2021\/10\/venus-1-219x300.jpg 219w, https:\/\/biblioteca.blanes.cat\/salajove\/wp-content\/uploads\/sites\/3\/2021\/10\/venus-1.jpg 250w\" sizes=\"(max-width: 219px) 100vw, 219px\" \/><\/a>\n\t\t\t<\/div>\n\t\t\t\t<figcaption class='wp-caption-text gallery-caption' id='gallery-5-6168'>\n\t\t\t\tJ 301 MUG\n\t\t\t\t<\/figcaption><\/figure><figure class='gallery-item'>\n\t\t\t<div class='gallery-icon portrait'>\n\t\t\t\t<a href='https:\/\/biblioteca.blanes.cat\/salajove\/2021\/10\/04\/novetats-octubre-2021\/los-retos-de-la-vanguardia\/'><img loading=\"lazy\" decoding=\"async\" width=\"226\" height=\"300\" src=\"https:\/\/biblioteca.blanes.cat\/salajove\/wp-content\/uploads\/sites\/3\/2021\/10\/los-retos-de-la-vanguardia-226x300.gif\" class=\"attachment-medium size-medium\" alt=\"\" aria-describedby=\"gallery-5-6169\" \/><\/a>\n\t\t\t<\/div>\n\t\t\t\t<figcaption class='wp-caption-text gallery-caption' id='gallery-5-6169'>\n\t\t\t\tJ 398 RET\n\t\t\t\t<\/figcaption><\/figure><figure class='gallery-item'>\n\t\t\t<div class='gallery-icon portrait'>\n\t\t\t\t<a href='https:\/\/biblioteca.blanes.cat\/salajove\/2021\/10\/04\/novetats-octubre-2021\/el-caballo-de-troya\/'><img loading=\"lazy\" decoding=\"async\" width=\"205\" height=\"300\" src=\"https:\/\/biblioteca.blanes.cat\/salajove\/wp-content\/uploads\/sites\/3\/2021\/10\/el-caballo-de-troya-205x300.png\" class=\"attachment-medium size-medium\" alt=\"\" aria-describedby=\"gallery-5-6170\" srcset=\"https:\/\/biblioteca.blanes.cat\/salajove\/wp-content\/uploads\/sites\/3\/2021\/10\/el-caballo-de-troya-205x300.png 205w, https:\/\/biblioteca.blanes.cat\/salajove\/wp-content\/uploads\/sites\/3\/2021\/10\/el-caballo-de-troya.png 633w\" sizes=\"(max-width: 205px) 100vw, 205px\" \/><\/a>\n\t\t\t<\/div>\n\t\t\t\t<figcaption class='wp-caption-text gallery-caption' id='gallery-5-6170'>\n\t\t\t\tJ 399.1 SOL\n\t\t\t\t<\/figcaption><\/figure><figure class='gallery-item'>\n\t\t\t<div class='gallery-icon portrait'>\n\t\t\t\t<a href='https:\/\/biblioteca.blanes.cat\/salajove\/2021\/10\/04\/novetats-octubre-2021\/101-dubtes\/'><img loading=\"lazy\" decoding=\"async\" width=\"182\" height=\"276\" src=\"https:\/\/biblioteca.blanes.cat\/salajove\/wp-content\/uploads\/sites\/3\/2021\/10\/101-dubtes.jpeg\" class=\"attachment-medium size-medium\" alt=\"\" aria-describedby=\"gallery-5-6171\" \/><\/a>\n\t\t\t<\/div>\n\t\t\t\t<figcaption class='wp-caption-text gallery-caption' id='gallery-5-6171'>\n\t\t\t\tJ 804.99-5 CLU\n\t\t\t\t<\/figcaption><\/figure><figure class='gallery-item'>\n\t\t\t<div class='gallery-icon portrait'>\n\t\t\t\t<a href='https:\/\/biblioteca.blanes.cat\/salajove\/2021\/10\/04\/novetats-octubre-2021\/historia-de-roma\/'><img loading=\"lazy\" decoding=\"async\" width=\"190\" height=\"300\" src=\"https:\/\/biblioteca.blanes.cat\/salajove\/wp-content\/uploads\/sites\/3\/2021\/10\/historia-de-roma-190x300.jpg\" class=\"attachment-medium size-medium\" alt=\"\" aria-describedby=\"gallery-5-6172\" srcset=\"https:\/\/biblioteca.blanes.cat\/salajove\/wp-content\/uploads\/sites\/3\/2021\/10\/historia-de-roma-190x300.jpg 190w, https:\/\/biblioteca.blanes.cat\/salajove\/wp-content\/uploads\/sites\/3\/2021\/10\/historia-de-roma.jpg 552w\" sizes=\"(max-width: 190px) 100vw, 190px\" \/><\/a>\n\t\t\t<\/div>\n\t\t\t\t<figcaption class='wp-caption-text gallery-caption' id='gallery-5-6172'>\n\t\t\t\tJ 937 RAM\n\t\t\t\t<\/figcaption><\/figure>\n\t\t<\/div>\n\n<h1 style=\"text-align: center;\"><strong>AUDIOVISUALS<\/strong><\/h1>\n<div id='gallery-6' class='gallery galleryid-6073 gallery-columns-2 gallery-size-medium'><figure class='gallery-item'>\n\t\t\t<div class='gallery-icon portrait'>\n\t\t\t\t<a href='https:\/\/biblioteca.blanes.cat\/salajove\/2021\/10\/04\/novetats-octubre-2021\/jovenes-y-brujas\/'><img loading=\"lazy\" decoding=\"async\" width=\"240\" height=\"300\" src=\"https:\/\/biblioteca.blanes.cat\/salajove\/wp-content\/uploads\/sites\/3\/2021\/10\/jovenes-y-brujas-240x300.jpg\" class=\"attachment-medium size-medium\" alt=\"\" aria-describedby=\"gallery-6-6173\" srcset=\"https:\/\/biblioteca.blanes.cat\/salajove\/wp-content\/uploads\/sites\/3\/2021\/10\/jovenes-y-brujas-240x300.jpg 240w, https:\/\/biblioteca.blanes.cat\/salajove\/wp-content\/uploads\/sites\/3\/2021\/10\/jovenes-y-brujas-819x1024.jpg 819w, https:\/\/biblioteca.blanes.cat\/salajove\/wp-content\/uploads\/sites\/3\/2021\/10\/jovenes-y-brujas-768x960.jpg 768w, https:\/\/biblioteca.blanes.cat\/salajove\/wp-content\/uploads\/sites\/3\/2021\/10\/jovenes-y-brujas.jpg 960w\" sizes=\"(max-width: 240px) 100vw, 240px\" \/><\/a>\n\t\t\t<\/div>\n\t\t\t\t<figcaption class='wp-caption-text gallery-caption' id='gallery-6-6173'>\n\t\t\t\tDVD J CINEMA BLU\n\t\t\t\t<\/figcaption><\/figure><figure class='gallery-item'>\n\t\t\t<div class='gallery-icon portrait'>\n\t\t\t\t<a href='https:\/\/biblioteca.blanes.cat\/salajove\/2021\/10\/04\/novetats-octubre-2021\/los-nuevos-mutantes\/'><img loading=\"lazy\" decoding=\"async\" width=\"210\" height=\"300\" src=\"https:\/\/biblioteca.blanes.cat\/salajove\/wp-content\/uploads\/sites\/3\/2021\/10\/los-nuevos-mutantes-210x300.jpg\" class=\"attachment-medium size-medium\" alt=\"\" aria-describedby=\"gallery-6-6174\" srcset=\"https:\/\/biblioteca.blanes.cat\/salajove\/wp-content\/uploads\/sites\/3\/2021\/10\/los-nuevos-mutantes-210x300.jpg 210w, https:\/\/biblioteca.blanes.cat\/salajove\/wp-content\/uploads\/sites\/3\/2021\/10\/los-nuevos-mutantes-717x1024.jpg 717w, https:\/\/biblioteca.blanes.cat\/salajove\/wp-content\/uploads\/sites\/3\/2021\/10\/los-nuevos-mutantes-768x1097.jpg 768w, https:\/\/biblioteca.blanes.cat\/salajove\/wp-content\/uploads\/sites\/3\/2021\/10\/los-nuevos-mutantes.jpg 770w\" sizes=\"(max-width: 210px) 100vw, 210px\" \/><\/a>\n\t\t\t<\/div>\n\t\t\t\t<figcaption class='wp-caption-text gallery-caption' id='gallery-6-6174'>\n\t\t\t\tDVD J CINEMA NUE\n\t\t\t\t<\/figcaption><\/figure>\n\t\t<\/div>\n\n<p>\u00a0<\/p>\n<p>Aquestes i m\u00e9s novetats les trobareu a la <a href=\"https:\/\/www.bibgirona.cat\/biblioteca\/blanes\" target=\"_blank\" rel=\"noopener\">Web de la Biblioteca de Blanes<\/a>. Feu una ullada<!--more--><\/p>\n<h1>\u00a0<\/h1>\n","protected":false},"excerpt":{"rendered":"<p>Biblioteca Jove Blanes &#8211; Novetats Octubre 2021 Ja tenim aqu\u00ed les novetats juvenils de l&#8217;octubre de 2021 que trobareu a la Sala Jove de la Biblioteca Comarcal de Blanes. En primer lloc trobareu les Novel\u00b7les. Tamb\u00e9 hi trobareu el Mar,<\/p>\n","protected":false},"author":4,"featured_media":2945,"comment_status":"open","ping_status":"open","sticky":false,"template":"","format":"standard","meta":{"sfsi_plus_gutenberg_text_before_share":"","sfsi_plus_gutenberg_show_text_before_share":"","sfsi_plus_gutenberg_icon_type":"","sfsi_plus_gutenberg_icon_alignemt":"","sfsi_plus_gutenburg_max_per_row":"","footnotes":""},"categories":[7],"tags":[26,116],"class_list":["post-6073","post","type-post","status-publish","format-standard","has-post-thumbnail","hentry","category-novetats","tag-lectura","tag-joves-2"],"yoast_head":"<!-- This site is optimized with the Yoast SEO plugin v27.5 - https:\/\/yoast.com\/product\/yoast-seo-wordpress\/ -->\n<title>NOVETATS: Octubre 2021 - Sala Jove<\/title>\n<meta name=\"robots\" content=\"index, follow, max-snippet:-1, max-image-preview:large, max-video-preview:-1\" \/>\n<link rel=\"canonical\" href=\"https:\/\/biblioteca.blanes.cat\/salajove\/2021\/10\/04\/novetats-octubre-2021\/\" \/>\n<meta property=\"og:locale\" content=\"ca_ES\" \/>\n<meta property=\"og:type\" content=\"article\" \/>\n<meta property=\"og:title\" content=\"NOVETATS: Octubre 2021 - Sala Jove\" \/>\n<meta property=\"og:description\" content=\"Biblioteca Jove Blanes &#8211; Novetats Octubre 2021 Ja tenim aqu\u00ed les novetats juvenils de l&#8217;octubre de 2021 que trobareu a la Sala Jove de la Biblioteca Comarcal de Blanes. En primer lloc trobareu les Novel\u00b7les. Tamb\u00e9 hi trobareu el Mar,\" \/>\n<meta property=\"og:url\" content=\"https:\/\/biblioteca.blanes.cat\/salajove\/2021\/10\/04\/novetats-octubre-2021\/\" \/>\n<meta property=\"og:site_name\" content=\"Sala Jove\" \/>\n<meta property=\"article:publisher\" content=\"https:\/\/www.facebook.com\/BilbiotecaComarcaldeBlanes\/\" \/>\n<meta property=\"article:published_time\" content=\"2021-10-04T17:12:05+00:00\" \/>\n<meta property=\"article:modified_time\" content=\"2021-10-04T17:13:41+00:00\" \/>\n<meta property=\"og:image\" content=\"https:\/\/biblioteca.blanes.cat\/salajove\/wp-content\/uploads\/sites\/3\/2019\/06\/Novetats_.png\" \/>\n\t<meta property=\"og:image:width\" content=\"3719\" \/>\n\t<meta property=\"og:image:height\" content=\"3719\" \/>\n\t<meta property=\"og:image:type\" content=\"image\/png\" \/>\n<meta name=\"author\" content=\"biblioblanes\" \/>\n<meta name=\"twitter:card\" content=\"summary_large_image\" \/>\n<meta name=\"twitter:creator\" content=\"@biblioblanes\" \/>\n<meta name=\"twitter:site\" content=\"@BiblioBlanes\" \/>\n<meta name=\"twitter:label1\" content=\"Escrit per\" \/>\n\t<meta name=\"twitter:data1\" content=\"biblioblanes\" \/>\n\t<meta name=\"twitter:label2\" content=\"Temps estimat de lectura\" \/>\n\t<meta name=\"twitter:data2\" content=\"1 minut\" \/>\n<script type=\"application\/ld+json\" class=\"yoast-schema-graph\">{\"@context\":\"https:\\\/\\\/schema.org\",\"@graph\":[{\"@type\":\"Article\",\"@id\":\"https:\\\/\\\/biblioteca.blanes.cat\\\/salajove\\\/2021\\\/10\\\/04\\\/novetats-octubre-2021\\\/#article\",\"isPartOf\":{\"@id\":\"https:\\\/\\\/biblioteca.blanes.cat\\\/salajove\\\/2021\\\/10\\\/04\\\/novetats-octubre-2021\\\/\"},\"author\":{\"name\":\"biblioblanes\",\"@id\":\"https:\\\/\\\/biblioteca.blanes.cat\\\/salajove\\\/#\\\/schema\\\/person\\\/5a7b46760d9dd611d098bbf571a341dc\"},\"headline\":\"NOVETATS: Octubre 2021\",\"datePublished\":\"2021-10-04T17:12:05+00:00\",\"dateModified\":\"2021-10-04T17:13:41+00:00\",\"mainEntityOfPage\":{\"@id\":\"https:\\\/\\\/biblioteca.blanes.cat\\\/salajove\\\/2021\\\/10\\\/04\\\/novetats-octubre-2021\\\/\"},\"wordCount\":101,\"commentCount\":0,\"publisher\":{\"@id\":\"https:\\\/\\\/biblioteca.blanes.cat\\\/salajove\\\/#organization\"},\"image\":{\"@id\":\"https:\\\/\\\/biblioteca.blanes.cat\\\/salajove\\\/2021\\\/10\\\/04\\\/novetats-octubre-2021\\\/#primaryimage\"},\"thumbnailUrl\":\"https:\\\/\\\/biblioteca.blanes.cat\\\/salajove\\\/wp-content\\\/uploads\\\/sites\\\/3\\\/2019\\\/06\\\/Novetats_.png\",\"keywords\":[\"#Lectura\",\"joves\"],\"articleSection\":[\"Novetats\"],\"inLanguage\":\"ca\",\"potentialAction\":[{\"@type\":\"CommentAction\",\"name\":\"Comment\",\"target\":[\"https:\\\/\\\/biblioteca.blanes.cat\\\/salajove\\\/2021\\\/10\\\/04\\\/novetats-octubre-2021\\\/#respond\"]}]},{\"@type\":\"WebPage\",\"@id\":\"https:\\\/\\\/biblioteca.blanes.cat\\\/salajove\\\/2021\\\/10\\\/04\\\/novetats-octubre-2021\\\/\",\"url\":\"https:\\\/\\\/biblioteca.blanes.cat\\\/salajove\\\/2021\\\/10\\\/04\\\/novetats-octubre-2021\\\/\",\"name\":\"NOVETATS: Octubre 2021 - Sala Jove\",\"isPartOf\":{\"@id\":\"https:\\\/\\\/biblioteca.blanes.cat\\\/salajove\\\/#website\"},\"primaryImageOfPage\":{\"@id\":\"https:\\\/\\\/biblioteca.blanes.cat\\\/salajove\\\/2021\\\/10\\\/04\\\/novetats-octubre-2021\\\/#primaryimage\"},\"image\":{\"@id\":\"https:\\\/\\\/biblioteca.blanes.cat\\\/salajove\\\/2021\\\/10\\\/04\\\/novetats-octubre-2021\\\/#primaryimage\"},\"thumbnailUrl\":\"https:\\\/\\\/biblioteca.blanes.cat\\\/salajove\\\/wp-content\\\/uploads\\\/sites\\\/3\\\/2019\\\/06\\\/Novetats_.png\",\"datePublished\":\"2021-10-04T17:12:05+00:00\",\"dateModified\":\"2021-10-04T17:13:41+00:00\",\"breadcrumb\":{\"@id\":\"https:\\\/\\\/biblioteca.blanes.cat\\\/salajove\\\/2021\\\/10\\\/04\\\/novetats-octubre-2021\\\/#breadcrumb\"},\"inLanguage\":\"ca\",\"potentialAction\":[{\"@type\":\"ReadAction\",\"target\":[\"https:\\\/\\\/biblioteca.blanes.cat\\\/salajove\\\/2021\\\/10\\\/04\\\/novetats-octubre-2021\\\/\"]}]},{\"@type\":\"ImageObject\",\"inLanguage\":\"ca\",\"@id\":\"https:\\\/\\\/biblioteca.blanes.cat\\\/salajove\\\/2021\\\/10\\\/04\\\/novetats-octubre-2021\\\/#primaryimage\",\"url\":\"https:\\\/\\\/biblioteca.blanes.cat\\\/salajove\\\/wp-content\\\/uploads\\\/sites\\\/3\\\/2019\\\/06\\\/Novetats_.png\",\"contentUrl\":\"https:\\\/\\\/biblioteca.blanes.cat\\\/salajove\\\/wp-content\\\/uploads\\\/sites\\\/3\\\/2019\\\/06\\\/Novetats_.png\",\"width\":3719,\"height\":3719},{\"@type\":\"BreadcrumbList\",\"@id\":\"https:\\\/\\\/biblioteca.blanes.cat\\\/salajove\\\/2021\\\/10\\\/04\\\/novetats-octubre-2021\\\/#breadcrumb\",\"itemListElement\":[{\"@type\":\"ListItem\",\"position\":1,\"name\":\"Inici\",\"item\":\"https:\\\/\\\/biblioteca.blanes.cat\\\/salajove\\\/\"},{\"@type\":\"ListItem\",\"position\":2,\"name\":\"NOVETATS: Octubre 2021\"}]},{\"@type\":\"WebSite\",\"@id\":\"https:\\\/\\\/biblioteca.blanes.cat\\\/salajove\\\/#website\",\"url\":\"https:\\\/\\\/biblioteca.blanes.cat\\\/salajove\\\/\",\"name\":\"Sala Jove\",\"description\":\"Biblioteca Comarcal de Blanes\",\"publisher\":{\"@id\":\"https:\\\/\\\/biblioteca.blanes.cat\\\/salajove\\\/#organization\"},\"potentialAction\":[{\"@type\":\"SearchAction\",\"target\":{\"@type\":\"EntryPoint\",\"urlTemplate\":\"https:\\\/\\\/biblioteca.blanes.cat\\\/salajove\\\/?s={search_term_string}\"},\"query-input\":{\"@type\":\"PropertyValueSpecification\",\"valueRequired\":true,\"valueName\":\"search_term_string\"}}],\"inLanguage\":\"ca\"},{\"@type\":\"Organization\",\"@id\":\"https:\\\/\\\/biblioteca.blanes.cat\\\/salajove\\\/#organization\",\"name\":\"Biblioteca Comarcal de Blanes\",\"url\":\"https:\\\/\\\/biblioteca.blanes.cat\\\/salajove\\\/\",\"logo\":{\"@type\":\"ImageObject\",\"inLanguage\":\"ca\",\"@id\":\"https:\\\/\\\/biblioteca.blanes.cat\\\/salajove\\\/#\\\/schema\\\/logo\\\/image\\\/\",\"url\":\"https:\\\/\\\/biblioteca.blanes.cat\\\/salajove\\\/wp-content\\\/uploads\\\/sites\\\/3\\\/2017\\\/09\\\/cropped-Bib-blau-e1518869380535.png\",\"contentUrl\":\"https:\\\/\\\/biblioteca.blanes.cat\\\/salajove\\\/wp-content\\\/uploads\\\/sites\\\/3\\\/2017\\\/09\\\/cropped-Bib-blau-e1518869380535.png\",\"width\":166,\"height\":166,\"caption\":\"Biblioteca Comarcal de Blanes\"},\"image\":{\"@id\":\"https:\\\/\\\/biblioteca.blanes.cat\\\/salajove\\\/#\\\/schema\\\/logo\\\/image\\\/\"},\"sameAs\":[\"https:\\\/\\\/www.facebook.com\\\/BilbiotecaComarcaldeBlanes\\\/\",\"https:\\\/\\\/x.com\\\/BiblioBlanes\",\"https:\\\/\\\/www.instagram.com\\\/biblioblanes\\\/\",\"https:\\\/\\\/www.pinterest.es\\\/bblanes\\\/\",\"https:\\\/\\\/www.youtube.com\\\/c\\\/BibliotecaComarcalBlanes\"]},{\"@type\":\"Person\",\"@id\":\"https:\\\/\\\/biblioteca.blanes.cat\\\/salajove\\\/#\\\/schema\\\/person\\\/5a7b46760d9dd611d098bbf571a341dc\",\"name\":\"biblioblanes\",\"image\":{\"@type\":\"ImageObject\",\"inLanguage\":\"ca\",\"@id\":\"https:\\\/\\\/secure.gravatar.com\\\/avatar\\\/6593ca6cc90e5a70939f51c95e8315483b9c281bafba597292bee47992030f99?s=96&d=mm&r=g\",\"url\":\"https:\\\/\\\/secure.gravatar.com\\\/avatar\\\/6593ca6cc90e5a70939f51c95e8315483b9c281bafba597292bee47992030f99?s=96&d=mm&r=g\",\"contentUrl\":\"https:\\\/\\\/secure.gravatar.com\\\/avatar\\\/6593ca6cc90e5a70939f51c95e8315483b9c281bafba597292bee47992030f99?s=96&d=mm&r=g\",\"caption\":\"biblioblanes\"},\"sameAs\":[\"http:\\\/\\\/www.bibgirona.cat\\\/biblioteca\\\/blanes\",\"https:\\\/\\\/x.com\\\/biblioblanes\"],\"url\":\"https:\\\/\\\/biblioteca.blanes.cat\\\/salajove\\\/author\\\/biblioblanes\\\/\"}]}<\/script>\n<!-- \/ Yoast SEO plugin. -->","yoast_head_json":{"title":"NOVETATS: Octubre 2021 - Sala Jove","robots":{"index":"index","follow":"follow","max-snippet":"max-snippet:-1","max-image-preview":"max-image-preview:large","max-video-preview":"max-video-preview:-1"},"canonical":"https:\/\/biblioteca.blanes.cat\/salajove\/2021\/10\/04\/novetats-octubre-2021\/","og_locale":"ca_ES","og_type":"article","og_title":"NOVETATS: Octubre 2021 - Sala Jove","og_description":"Biblioteca Jove Blanes &#8211; Novetats Octubre 2021 Ja tenim aqu\u00ed les novetats juvenils de l&#8217;octubre de 2021 que trobareu a la Sala Jove de la Biblioteca Comarcal de Blanes. En primer lloc trobareu les Novel\u00b7les. Tamb\u00e9 hi trobareu el Mar,","og_url":"https:\/\/biblioteca.blanes.cat\/salajove\/2021\/10\/04\/novetats-octubre-2021\/","og_site_name":"Sala Jove","article_publisher":"https:\/\/www.facebook.com\/BilbiotecaComarcaldeBlanes\/","article_published_time":"2021-10-04T17:12:05+00:00","article_modified_time":"2021-10-04T17:13:41+00:00","og_image":[{"width":3719,"height":3719,"url":"https:\/\/biblioteca.blanes.cat\/salajove\/wp-content\/uploads\/sites\/3\/2019\/06\/Novetats_.png","type":"image\/png"}],"author":"biblioblanes","twitter_card":"summary_large_image","twitter_creator":"@biblioblanes","twitter_site":"@BiblioBlanes","twitter_misc":{"Escrit per":"biblioblanes","Temps estimat de lectura":"1 minut"},"schema":{"@context":"https:\/\/schema.org","@graph":[{"@type":"Article","@id":"https:\/\/biblioteca.blanes.cat\/salajove\/2021\/10\/04\/novetats-octubre-2021\/#article","isPartOf":{"@id":"https:\/\/biblioteca.blanes.cat\/salajove\/2021\/10\/04\/novetats-octubre-2021\/"},"author":{"name":"biblioblanes","@id":"https:\/\/biblioteca.blanes.cat\/salajove\/#\/schema\/person\/5a7b46760d9dd611d098bbf571a341dc"},"headline":"NOVETATS: Octubre 2021","datePublished":"2021-10-04T17:12:05+00:00","dateModified":"2021-10-04T17:13:41+00:00","mainEntityOfPage":{"@id":"https:\/\/biblioteca.blanes.cat\/salajove\/2021\/10\/04\/novetats-octubre-2021\/"},"wordCount":101,"commentCount":0,"publisher":{"@id":"https:\/\/biblioteca.blanes.cat\/salajove\/#organization"},"image":{"@id":"https:\/\/biblioteca.blanes.cat\/salajove\/2021\/10\/04\/novetats-octubre-2021\/#primaryimage"},"thumbnailUrl":"https:\/\/biblioteca.blanes.cat\/salajove\/wp-content\/uploads\/sites\/3\/2019\/06\/Novetats_.png","keywords":["#Lectura","joves"],"articleSection":["Novetats"],"inLanguage":"ca","potentialAction":[{"@type":"CommentAction","name":"Comment","target":["https:\/\/biblioteca.blanes.cat\/salajove\/2021\/10\/04\/novetats-octubre-2021\/#respond"]}]},{"@type":"WebPage","@id":"https:\/\/biblioteca.blanes.cat\/salajove\/2021\/10\/04\/novetats-octubre-2021\/","url":"https:\/\/biblioteca.blanes.cat\/salajove\/2021\/10\/04\/novetats-octubre-2021\/","name":"NOVETATS: Octubre 2021 - Sala Jove","isPartOf":{"@id":"https:\/\/biblioteca.blanes.cat\/salajove\/#website"},"primaryImageOfPage":{"@id":"https:\/\/biblioteca.blanes.cat\/salajove\/2021\/10\/04\/novetats-octubre-2021\/#primaryimage"},"image":{"@id":"https:\/\/biblioteca.blanes.cat\/salajove\/2021\/10\/04\/novetats-octubre-2021\/#primaryimage"},"thumbnailUrl":"https:\/\/biblioteca.blanes.cat\/salajove\/wp-content\/uploads\/sites\/3\/2019\/06\/Novetats_.png","datePublished":"2021-10-04T17:12:05+00:00","dateModified":"2021-10-04T17:13:41+00:00","breadcrumb":{"@id":"https:\/\/biblioteca.blanes.cat\/salajove\/2021\/10\/04\/novetats-octubre-2021\/#breadcrumb"},"inLanguage":"ca","potentialAction":[{"@type":"ReadAction","target":["https:\/\/biblioteca.blanes.cat\/salajove\/2021\/10\/04\/novetats-octubre-2021\/"]}]},{"@type":"ImageObject","inLanguage":"ca","@id":"https:\/\/biblioteca.blanes.cat\/salajove\/2021\/10\/04\/novetats-octubre-2021\/#primaryimage","url":"https:\/\/biblioteca.blanes.cat\/salajove\/wp-content\/uploads\/sites\/3\/2019\/06\/Novetats_.png","contentUrl":"https:\/\/biblioteca.blanes.cat\/salajove\/wp-content\/uploads\/sites\/3\/2019\/06\/Novetats_.png","width":3719,"height":3719},{"@type":"BreadcrumbList","@id":"https:\/\/biblioteca.blanes.cat\/salajove\/2021\/10\/04\/novetats-octubre-2021\/#breadcrumb","itemListElement":[{"@type":"ListItem","position":1,"name":"Inici","item":"https:\/\/biblioteca.blanes.cat\/salajove\/"},{"@type":"ListItem","position":2,"name":"NOVETATS: Octubre 2021"}]},{"@type":"WebSite","@id":"https:\/\/biblioteca.blanes.cat\/salajove\/#website","url":"https:\/\/biblioteca.blanes.cat\/salajove\/","name":"Sala Jove","description":"Biblioteca Comarcal de Blanes","publisher":{"@id":"https:\/\/biblioteca.blanes.cat\/salajove\/#organization"},"potentialAction":[{"@type":"SearchAction","target":{"@type":"EntryPoint","urlTemplate":"https:\/\/biblioteca.blanes.cat\/salajove\/?s={search_term_string}"},"query-input":{"@type":"PropertyValueSpecification","valueRequired":true,"valueName":"search_term_string"}}],"inLanguage":"ca"},{"@type":"Organization","@id":"https:\/\/biblioteca.blanes.cat\/salajove\/#organization","name":"Biblioteca Comarcal de Blanes","url":"https:\/\/biblioteca.blanes.cat\/salajove\/","logo":{"@type":"ImageObject","inLanguage":"ca","@id":"https:\/\/biblioteca.blanes.cat\/salajove\/#\/schema\/logo\/image\/","url":"https:\/\/biblioteca.blanes.cat\/salajove\/wp-content\/uploads\/sites\/3\/2017\/09\/cropped-Bib-blau-e1518869380535.png","contentUrl":"https:\/\/biblioteca.blanes.cat\/salajove\/wp-content\/uploads\/sites\/3\/2017\/09\/cropped-Bib-blau-e1518869380535.png","width":166,"height":166,"caption":"Biblioteca Comarcal de Blanes"},"image":{"@id":"https:\/\/biblioteca.blanes.cat\/salajove\/#\/schema\/logo\/image\/"},"sameAs":["https:\/\/www.facebook.com\/BilbiotecaComarcaldeBlanes\/","https:\/\/x.com\/BiblioBlanes","https:\/\/www.instagram.com\/biblioblanes\/","https:\/\/www.pinterest.es\/bblanes\/","https:\/\/www.youtube.com\/c\/BibliotecaComarcalBlanes"]},{"@type":"Person","@id":"https:\/\/biblioteca.blanes.cat\/salajove\/#\/schema\/person\/5a7b46760d9dd611d098bbf571a341dc","name":"biblioblanes","image":{"@type":"ImageObject","inLanguage":"ca","@id":"https:\/\/secure.gravatar.com\/avatar\/6593ca6cc90e5a70939f51c95e8315483b9c281bafba597292bee47992030f99?s=96&d=mm&r=g","url":"https:\/\/secure.gravatar.com\/avatar\/6593ca6cc90e5a70939f51c95e8315483b9c281bafba597292bee47992030f99?s=96&d=mm&r=g","contentUrl":"https:\/\/secure.gravatar.com\/avatar\/6593ca6cc90e5a70939f51c95e8315483b9c281bafba597292bee47992030f99?s=96&d=mm&r=g","caption":"biblioblanes"},"sameAs":["http:\/\/www.bibgirona.cat\/biblioteca\/blanes","https:\/\/x.com\/biblioblanes"],"url":"https:\/\/biblioteca.blanes.cat\/salajove\/author\/biblioblanes\/"}]}},"_links":{"self":[{"href":"https:\/\/biblioteca.blanes.cat\/salajove\/wp-json\/wp\/v2\/posts\/6073","targetHints":{"allow":["GET"]}}],"collection":[{"href":"https:\/\/biblioteca.blanes.cat\/salajove\/wp-json\/wp\/v2\/posts"}],"about":[{"href":"https:\/\/biblioteca.blanes.cat\/salajove\/wp-json\/wp\/v2\/types\/post"}],"author":[{"embeddable":true,"href":"https:\/\/biblioteca.blanes.cat\/salajove\/wp-json\/wp\/v2\/users\/4"}],"replies":[{"embeddable":true,"href":"https:\/\/biblioteca.blanes.cat\/salajove\/wp-json\/wp\/v2\/comments?post=6073"}],"version-history":[{"count":6,"href":"https:\/\/biblioteca.blanes.cat\/salajove\/wp-json\/wp\/v2\/posts\/6073\/revisions"}],"predecessor-version":[{"id":6232,"href":"https:\/\/biblioteca.blanes.cat\/salajove\/wp-json\/wp\/v2\/posts\/6073\/revisions\/6232"}],"wp:featuredmedia":[{"embeddable":true,"href":"https:\/\/biblioteca.blanes.cat\/salajove\/wp-json\/wp\/v2\/media\/2945"}],"wp:attachment":[{"href":"https:\/\/biblioteca.blanes.cat\/salajove\/wp-json\/wp\/v2\/media?parent=6073"}],"wp:term":[{"taxonomy":"category","embeddable":true,"href":"https:\/\/biblioteca.blanes.cat\/salajove\/wp-json\/wp\/v2\/categories?post=6073"},{"taxonomy":"post_tag","embeddable":true,"href":"https:\/\/biblioteca.blanes.cat\/salajove\/wp-json\/wp\/v2\/tags?post=6073"}],"curies":[{"name":"wp","href":"https:\/\/api.w.org\/{rel}","templated":true}]}}