{"id":5770,"date":"2021-08-02T15:02:17","date_gmt":"2021-08-02T14:02:17","guid":{"rendered":"https:\/\/biblioteca.blanes.cat\/salajove\/?p=5770"},"modified":"2021-08-02T15:02:22","modified_gmt":"2021-08-02T14:02:22","slug":"novetats-agost-2021","status":"publish","type":"post","link":"https:\/\/biblioteca.blanes.cat\/salajove\/2021\/08\/02\/novetats-agost-2021\/","title":{"rendered":"NOVETATS: Agost 2021"},"content":{"rendered":"\n<h1 style=\"text-align: center;\"><strong data-rich-text-format-boundary=\"true\">Biblioteca Jove Blanes &#8211; Novetats Agost 2021<\/strong><\/h1>\n<p style=\"text-align: center;\">Ja tenim aqu\u00ed les novetats juvenils de l&#8217;Agost de 2021 que trobareu a la Sala Jove de la Biblioteca Comarcal de Blanes.<\/p>\n<p style=\"text-align: center;\">En primer lloc trobareu les Novel\u00b7les. Tamb\u00e9 hi trobareu les Novetats de Mar, Centres d&#8217;Inter\u00e8s, Mat\u00e8ries i Audiovisuals.<\/p>\n<h1 style=\"text-align: center;\"><strong>NOVEL.LES<\/strong><\/h1>\n<div id='gallery-1' class='gallery galleryid-5770 gallery-columns-5 gallery-size-medium'><figure class='gallery-item'>\n\t\t\t<div class='gallery-icon portrait'>\n\t\t\t\t<a href='https:\/\/biblioteca.blanes.cat\/salajove\/2021\/08\/02\/novetats-agost-2021\/nadie-como-ella\/'><img fetchpriority=\"high\" decoding=\"async\" width=\"204\" height=\"300\" src=\"https:\/\/biblioteca.blanes.cat\/salajove\/wp-content\/uploads\/sites\/3\/2021\/07\/Nadie-como-ella-204x300.jpg\" class=\"attachment-medium size-medium\" alt=\"\" aria-describedby=\"gallery-1-5772\" srcset=\"https:\/\/biblioteca.blanes.cat\/salajove\/wp-content\/uploads\/sites\/3\/2021\/07\/Nadie-como-ella-204x300.jpg 204w, https:\/\/biblioteca.blanes.cat\/salajove\/wp-content\/uploads\/sites\/3\/2021\/07\/Nadie-como-ella.jpg 552w\" sizes=\"(max-width: 204px) 100vw, 204px\" \/><\/a>\n\t\t\t<\/div>\n\t\t\t\t<figcaption class='wp-caption-text gallery-caption' id='gallery-1-5772'>\n\t\t\t\tJN ANT\n\t\t\t\t<\/figcaption><\/figure><figure class='gallery-item'>\n\t\t\t<div class='gallery-icon portrait'>\n\t\t\t\t<a href='https:\/\/biblioteca.blanes.cat\/salajove\/2021\/08\/02\/novetats-agost-2021\/el-principe-de-los-caballos\/'><img decoding=\"async\" width=\"184\" height=\"300\" src=\"https:\/\/biblioteca.blanes.cat\/salajove\/wp-content\/uploads\/sites\/3\/2021\/07\/El-principe-de-los-caballos-184x300.gif\" class=\"attachment-medium size-medium\" alt=\"\" aria-describedby=\"gallery-1-5773\" \/><\/a>\n\t\t\t<\/div>\n\t\t\t\t<figcaption class='wp-caption-text gallery-caption' id='gallery-1-5773'>\n\t\t\t\tJN GRE\n\t\t\t\t<\/figcaption><\/figure><figure class='gallery-item'>\n\t\t\t<div class='gallery-icon portrait'>\n\t\t\t\t<a href='https:\/\/biblioteca.blanes.cat\/salajove\/2021\/08\/02\/novetats-agost-2021\/atrapats\/'><img decoding=\"async\" width=\"198\" height=\"300\" src=\"https:\/\/biblioteca.blanes.cat\/salajove\/wp-content\/uploads\/sites\/3\/2021\/07\/Atrapats-198x300.jpg\" class=\"attachment-medium size-medium\" alt=\"\" aria-describedby=\"gallery-1-5774\" srcset=\"https:\/\/biblioteca.blanes.cat\/salajove\/wp-content\/uploads\/sites\/3\/2021\/07\/Atrapats-198x300.jpg 198w, https:\/\/biblioteca.blanes.cat\/salajove\/wp-content\/uploads\/sites\/3\/2021\/07\/Atrapats.jpg 250w\" sizes=\"(max-width: 198px) 100vw, 198px\" \/><\/a>\n\t\t\t<\/div>\n\t\t\t\t<figcaption class='wp-caption-text gallery-caption' id='gallery-1-5774'>\n\t\t\t\tJN GUA\n\t\t\t\t<\/figcaption><\/figure><figure class='gallery-item'>\n\t\t\t<div class='gallery-icon portrait'>\n\t\t\t\t<a href='https:\/\/biblioteca.blanes.cat\/salajove\/2021\/08\/02\/novetats-agost-2021\/ana-la-de-la-isla\/'><img loading=\"lazy\" decoding=\"async\" width=\"202\" height=\"300\" src=\"https:\/\/biblioteca.blanes.cat\/salajove\/wp-content\/uploads\/sites\/3\/2021\/07\/Ana-la-de-la-isla-202x300.jpg\" class=\"attachment-medium size-medium\" alt=\"\" aria-describedby=\"gallery-1-5775\" srcset=\"https:\/\/biblioteca.blanes.cat\/salajove\/wp-content\/uploads\/sites\/3\/2021\/07\/Ana-la-de-la-isla-202x300.jpg 202w, https:\/\/biblioteca.blanes.cat\/salajove\/wp-content\/uploads\/sites\/3\/2021\/07\/Ana-la-de-la-isla-690x1024.jpg 690w, https:\/\/biblioteca.blanes.cat\/salajove\/wp-content\/uploads\/sites\/3\/2021\/07\/Ana-la-de-la-isla-768x1140.jpg 768w, https:\/\/biblioteca.blanes.cat\/salajove\/wp-content\/uploads\/sites\/3\/2021\/07\/Ana-la-de-la-isla-1035x1536.jpg 1035w, https:\/\/biblioteca.blanes.cat\/salajove\/wp-content\/uploads\/sites\/3\/2021\/07\/Ana-la-de-la-isla-1380x2048.jpg 1380w, https:\/\/biblioteca.blanes.cat\/salajove\/wp-content\/uploads\/sites\/3\/2021\/07\/Ana-la-de-la-isla.jpg 1725w\" sizes=\"(max-width: 202px) 100vw, 202px\" \/><\/a>\n\t\t\t<\/div>\n\t\t\t\t<figcaption class='wp-caption-text gallery-caption' id='gallery-1-5775'>\n\t\t\t\tJN MON\n\t\t\t\t<\/figcaption><\/figure><figure class='gallery-item'>\n\t\t\t<div class='gallery-icon portrait'>\n\t\t\t\t<a href='https:\/\/biblioteca.blanes.cat\/salajove\/2021\/08\/02\/novetats-agost-2021\/naci-para-esto\/'><img loading=\"lazy\" decoding=\"async\" width=\"197\" height=\"300\" src=\"https:\/\/biblioteca.blanes.cat\/salajove\/wp-content\/uploads\/sites\/3\/2021\/07\/Naci-para-esto-197x300.jpg\" class=\"attachment-medium size-medium\" alt=\"\" aria-describedby=\"gallery-1-5776\" srcset=\"https:\/\/biblioteca.blanes.cat\/salajove\/wp-content\/uploads\/sites\/3\/2021\/07\/Naci-para-esto-197x300.jpg 197w, https:\/\/biblioteca.blanes.cat\/salajove\/wp-content\/uploads\/sites\/3\/2021\/07\/Naci-para-esto.jpg 229w\" sizes=\"(max-width: 197px) 100vw, 197px\" \/><\/a>\n\t\t\t<\/div>\n\t\t\t\t<figcaption class='wp-caption-text gallery-caption' id='gallery-1-5776'>\n\t\t\t\tJN OSE\n\t\t\t\t<\/figcaption><\/figure>\n\t\t<\/div>\n\n<h1 style=\"text-align: center;\"><strong>MAR<\/strong><\/h1>\n<div id='gallery-2' class='gallery galleryid-5770 gallery-columns-3 gallery-size-medium'><figure class='gallery-item'>\n\t\t\t<div class='gallery-icon landscape'>\n\t\t\t\t<a href='https:\/\/biblioteca.blanes.cat\/salajove\/2021\/08\/02\/novetats-agost-2021\/ninos-del-mar\/'><img loading=\"lazy\" decoding=\"async\" width=\"300\" height=\"300\" src=\"https:\/\/biblioteca.blanes.cat\/salajove\/wp-content\/uploads\/sites\/3\/2021\/07\/ninos-del-mar-300x300.jpg\" class=\"attachment-medium size-medium\" alt=\"\" aria-describedby=\"gallery-2-5779\" srcset=\"https:\/\/biblioteca.blanes.cat\/salajove\/wp-content\/uploads\/sites\/3\/2021\/07\/ninos-del-mar-300x300.jpg 300w, https:\/\/biblioteca.blanes.cat\/salajove\/wp-content\/uploads\/sites\/3\/2021\/07\/ninos-del-mar-150x150.jpg 150w, https:\/\/biblioteca.blanes.cat\/salajove\/wp-content\/uploads\/sites\/3\/2021\/07\/ninos-del-mar-270x270.jpg 270w, https:\/\/biblioteca.blanes.cat\/salajove\/wp-content\/uploads\/sites\/3\/2021\/07\/ninos-del-mar-230x230.jpg 230w, https:\/\/biblioteca.blanes.cat\/salajove\/wp-content\/uploads\/sites\/3\/2021\/07\/ninos-del-mar.jpg 340w\" sizes=\"(max-width: 300px) 100vw, 300px\" \/><\/a>\n\t\t\t<\/div>\n\t\t\t\t<figcaption class='wp-caption-text gallery-caption' id='gallery-2-5779'>\n\t\t\t\tDVD J MAR CINEMA\n\t\t\t\t<\/figcaption><\/figure><figure class='gallery-item'>\n\t\t\t<div class='gallery-icon portrait'>\n\t\t\t\t<a href='https:\/\/biblioteca.blanes.cat\/salajove\/2021\/08\/02\/novetats-agost-2021\/50-ideas-cruciales-sobre-el-mar\/'><img loading=\"lazy\" decoding=\"async\" width=\"229\" height=\"295\" src=\"https:\/\/biblioteca.blanes.cat\/salajove\/wp-content\/uploads\/sites\/3\/2021\/07\/50-ideas-cruciales-sobre-el-mar.jpg\" class=\"attachment-medium size-medium\" alt=\"\" aria-describedby=\"gallery-2-5777\" \/><\/a>\n\t\t\t<\/div>\n\t\t\t\t<figcaption class='wp-caption-text gallery-caption' id='gallery-2-5777'>\n\t\t\t\tJ MAR\n\t\t\t\t<\/figcaption><\/figure><figure class='gallery-item'>\n\t\t\t<div class='gallery-icon portrait'>\n\t\t\t\t<a href='https:\/\/biblioteca.blanes.cat\/salajove\/2021\/08\/02\/novetats-agost-2021\/capitan-de-la-victoria\/'><img loading=\"lazy\" decoding=\"async\" width=\"184\" height=\"300\" src=\"https:\/\/biblioteca.blanes.cat\/salajove\/wp-content\/uploads\/sites\/3\/2021\/07\/capitan-de-la-victoria-184x300.jpg\" class=\"attachment-medium size-medium\" alt=\"\" aria-describedby=\"gallery-2-5778\" srcset=\"https:\/\/biblioteca.blanes.cat\/salajove\/wp-content\/uploads\/sites\/3\/2021\/07\/capitan-de-la-victoria-184x300.jpg 184w, https:\/\/biblioteca.blanes.cat\/salajove\/wp-content\/uploads\/sites\/3\/2021\/07\/capitan-de-la-victoria.jpg 300w\" sizes=\"(max-width: 184px) 100vw, 184px\" \/><\/a>\n\t\t\t<\/div>\n\t\t\t\t<figcaption class='wp-caption-text gallery-caption' id='gallery-2-5778'>\n\t\t\t\tMAR JN\n\t\t\t\t<\/figcaption><\/figure>\n\t\t<\/div>\n\n<h1 style=\"text-align: center;\"><strong>CENTRES D&#8217;INTER\u00c8S<\/strong><\/h1>\n<div id='gallery-3' class='gallery galleryid-5770 gallery-columns-4 gallery-size-medium'><figure class='gallery-item'>\n\t\t\t<div class='gallery-icon portrait'>\n\t\t\t\t<a href='https:\/\/biblioteca.blanes.cat\/salajove\/2021\/08\/02\/novetats-agost-2021\/en-silencio\/'><img loading=\"lazy\" decoding=\"async\" width=\"224\" height=\"300\" src=\"https:\/\/biblioteca.blanes.cat\/salajove\/wp-content\/uploads\/sites\/3\/2021\/07\/en-silencio-224x300.jpg\" class=\"attachment-medium size-medium\" alt=\"\" aria-describedby=\"gallery-3-5780\" srcset=\"https:\/\/biblioteca.blanes.cat\/salajove\/wp-content\/uploads\/sites\/3\/2021\/07\/en-silencio-224x300.jpg 224w, https:\/\/biblioteca.blanes.cat\/salajove\/wp-content\/uploads\/sites\/3\/2021\/07\/en-silencio.jpg 250w\" sizes=\"(max-width: 224px) 100vw, 224px\" \/><\/a>\n\t\t\t<\/div>\n\t\t\t\t<figcaption class='wp-caption-text gallery-caption' id='gallery-3-5780'>\n\t\t\t\tJ \u00c0LBUMS OUI\n\t\t\t\t<\/figcaption><\/figure><figure class='gallery-item'>\n\t\t\t<div class='gallery-icon portrait'>\n\t\t\t\t<a href='https:\/\/biblioteca.blanes.cat\/salajove\/2021\/08\/02\/novetats-agost-2021\/escritores-malditos\/'><img loading=\"lazy\" decoding=\"async\" width=\"217\" height=\"300\" src=\"https:\/\/biblioteca.blanes.cat\/salajove\/wp-content\/uploads\/sites\/3\/2021\/07\/escritores-malditos-217x300.jpg\" class=\"attachment-medium size-medium\" alt=\"\" aria-describedby=\"gallery-3-5782\" srcset=\"https:\/\/biblioteca.blanes.cat\/salajove\/wp-content\/uploads\/sites\/3\/2021\/07\/escritores-malditos-217x300.jpg 217w, https:\/\/biblioteca.blanes.cat\/salajove\/wp-content\/uploads\/sites\/3\/2021\/07\/escritores-malditos.jpg 229w\" sizes=\"(max-width: 217px) 100vw, 217px\" \/><\/a>\n\t\t\t<\/div>\n\t\t\t\t<figcaption class='wp-caption-text gallery-caption' id='gallery-3-5782'>\n\t\t\t\tJ B\n\t\t\t\t<\/figcaption><\/figure><figure class='gallery-item'>\n\t\t\t<div class='gallery-icon portrait'>\n\t\t\t\t<a href='https:\/\/biblioteca.blanes.cat\/salajove\/2021\/08\/02\/novetats-agost-2021\/el-cas-del-tiquet-misterios\/'><img loading=\"lazy\" decoding=\"async\" width=\"224\" height=\"300\" src=\"https:\/\/biblioteca.blanes.cat\/salajove\/wp-content\/uploads\/sites\/3\/2021\/07\/el-cas-del-tiquet-misterios-224x300.jpg\" class=\"attachment-medium size-medium\" alt=\"\" aria-describedby=\"gallery-3-5781\" srcset=\"https:\/\/biblioteca.blanes.cat\/salajove\/wp-content\/uploads\/sites\/3\/2021\/07\/el-cas-del-tiquet-misterios-224x300.jpg 224w, https:\/\/biblioteca.blanes.cat\/salajove\/wp-content\/uploads\/sites\/3\/2021\/07\/el-cas-del-tiquet-misterios.jpg 280w\" sizes=\"(max-width: 224px) 100vw, 224px\" \/><\/a>\n\t\t\t<\/div>\n\t\t\t\t<figcaption class='wp-caption-text gallery-caption' id='gallery-3-5781'>\n\t\t\t\tJC AVENTURES LIE\n\t\t\t\t<\/figcaption><\/figure><figure class='gallery-item'>\n\t\t\t<div class='gallery-icon portrait'>\n\t\t\t\t<a href='https:\/\/biblioteca.blanes.cat\/salajove\/2021\/08\/02\/novetats-agost-2021\/un-arbre-creix-i-no-li-preguntem-el-per-que\/'><img loading=\"lazy\" decoding=\"async\" width=\"200\" height=\"300\" src=\"https:\/\/biblioteca.blanes.cat\/salajove\/wp-content\/uploads\/sites\/3\/2021\/07\/un-arbre-creix-i-no-li-preguntem-el-per-que-200x300.jpg\" class=\"attachment-medium size-medium\" alt=\"\" aria-describedby=\"gallery-3-5783\" srcset=\"https:\/\/biblioteca.blanes.cat\/salajove\/wp-content\/uploads\/sites\/3\/2021\/07\/un-arbre-creix-i-no-li-preguntem-el-per-que-200x300.jpg 200w, https:\/\/biblioteca.blanes.cat\/salajove\/wp-content\/uploads\/sites\/3\/2021\/07\/un-arbre-creix-i-no-li-preguntem-el-per-que.jpg 683w\" sizes=\"(max-width: 200px) 100vw, 200px\" \/><\/a>\n\t\t\t<\/div>\n\t\t\t\t<figcaption class='wp-caption-text gallery-caption' id='gallery-3-5783'>\n\t\t\t\tJP ROD\n\t\t\t\t<\/figcaption><\/figure>\n\t\t<\/div>\n\n<h1 style=\"text-align: center;\"><strong>MAT\u00c8RIES<\/strong><\/h1>\n<div id='gallery-4' class='gallery galleryid-5770 gallery-columns-6 gallery-size-medium'><figure class='gallery-item'>\n\t\t\t<div class='gallery-icon landscape'>\n\t\t\t\t<a href='https:\/\/biblioteca.blanes.cat\/salajove\/2021\/08\/02\/novetats-agost-2021\/crimenes-ilustrados\/'><img loading=\"lazy\" decoding=\"async\" width=\"300\" height=\"300\" src=\"https:\/\/biblioteca.blanes.cat\/salajove\/wp-content\/uploads\/sites\/3\/2021\/07\/crimenes-ilustrados-300x300.png\" class=\"attachment-medium size-medium\" alt=\"\" aria-describedby=\"gallery-4-5784\" srcset=\"https:\/\/biblioteca.blanes.cat\/salajove\/wp-content\/uploads\/sites\/3\/2021\/07\/crimenes-ilustrados-300x300.png 300w, https:\/\/biblioteca.blanes.cat\/salajove\/wp-content\/uploads\/sites\/3\/2021\/07\/crimenes-ilustrados-150x150.png 150w, https:\/\/biblioteca.blanes.cat\/salajove\/wp-content\/uploads\/sites\/3\/2021\/07\/crimenes-ilustrados-270x270.png 270w, https:\/\/biblioteca.blanes.cat\/salajove\/wp-content\/uploads\/sites\/3\/2021\/07\/crimenes-ilustrados-230x230.png 230w, https:\/\/biblioteca.blanes.cat\/salajove\/wp-content\/uploads\/sites\/3\/2021\/07\/crimenes-ilustrados.png 600w\" sizes=\"(max-width: 300px) 100vw, 300px\" \/><\/a>\n\t\t\t<\/div>\n\t\t\t\t<figcaption class='wp-caption-text gallery-caption' id='gallery-4-5784'>\n\t\t\t\tJ 343.9 GAR\n\t\t\t\t<\/figcaption><\/figure><figure class='gallery-item'>\n\t\t\t<div class='gallery-icon portrait'>\n\t\t\t\t<a href='https:\/\/biblioteca.blanes.cat\/salajove\/2021\/08\/02\/novetats-agost-2021\/eso-no-estaba-en-mi-libro-de-historia-de-los-dinosaurios\/'><img loading=\"lazy\" decoding=\"async\" width=\"191\" height=\"300\" src=\"https:\/\/biblioteca.blanes.cat\/salajove\/wp-content\/uploads\/sites\/3\/2021\/07\/Eso-no-estaba-en-mi-libro-de-historia-de-los-dinosaurios-191x300.jpg\" class=\"attachment-medium size-medium\" alt=\"\" aria-describedby=\"gallery-4-5785\" srcset=\"https:\/\/biblioteca.blanes.cat\/salajove\/wp-content\/uploads\/sites\/3\/2021\/07\/Eso-no-estaba-en-mi-libro-de-historia-de-los-dinosaurios-191x300.jpg 191w, https:\/\/biblioteca.blanes.cat\/salajove\/wp-content\/uploads\/sites\/3\/2021\/07\/Eso-no-estaba-en-mi-libro-de-historia-de-los-dinosaurios.jpg 552w\" sizes=\"(max-width: 191px) 100vw, 191px\" \/><\/a>\n\t\t\t<\/div>\n\t\t\t\t<figcaption class='wp-caption-text gallery-caption' id='gallery-4-5785'>\n\t\t\t\tJ 568 GAS\n\t\t\t\t<\/figcaption><\/figure><figure class='gallery-item'>\n\t\t\t<div class='gallery-icon portrait'>\n\t\t\t\t<a href='https:\/\/biblioteca.blanes.cat\/salajove\/2021\/08\/02\/novetats-agost-2021\/billie-eilish\/'><img loading=\"lazy\" decoding=\"async\" width=\"233\" height=\"300\" src=\"https:\/\/biblioteca.blanes.cat\/salajove\/wp-content\/uploads\/sites\/3\/2021\/07\/Billie-Eilish-233x300.jpg\" class=\"attachment-medium size-medium\" alt=\"\" aria-describedby=\"gallery-4-5786\" srcset=\"https:\/\/biblioteca.blanes.cat\/salajove\/wp-content\/uploads\/sites\/3\/2021\/07\/Billie-Eilish-233x300.jpg 233w, https:\/\/biblioteca.blanes.cat\/salajove\/wp-content\/uploads\/sites\/3\/2021\/07\/Billie-Eilish.jpg 552w\" sizes=\"(max-width: 233px) 100vw, 233px\" \/><\/a>\n\t\t\t<\/div>\n\t\t\t\t<figcaption class='wp-caption-text gallery-caption' id='gallery-4-5786'>\n\t\t\t\tJ 785Eli\n\t\t\t\t<\/figcaption><\/figure><figure class='gallery-item'>\n\t\t\t<div class='gallery-icon landscape'>\n\t\t\t\t<a href='https:\/\/biblioteca.blanes.cat\/salajove\/2021\/08\/02\/novetats-agost-2021\/new-york-mania\/'><img loading=\"lazy\" decoding=\"async\" width=\"300\" height=\"200\" src=\"https:\/\/biblioteca.blanes.cat\/salajove\/wp-content\/uploads\/sites\/3\/2021\/07\/New-York-mania-300x200.png\" class=\"attachment-medium size-medium\" alt=\"\" aria-describedby=\"gallery-4-5787\" srcset=\"https:\/\/biblioteca.blanes.cat\/salajove\/wp-content\/uploads\/sites\/3\/2021\/07\/New-York-mania-300x200.png 300w, https:\/\/biblioteca.blanes.cat\/salajove\/wp-content\/uploads\/sites\/3\/2021\/07\/New-York-mania-768x511.png 768w, https:\/\/biblioteca.blanes.cat\/salajove\/wp-content\/uploads\/sites\/3\/2021\/07\/New-York-mania.png 1000w\" sizes=\"(max-width: 300px) 100vw, 300px\" \/><\/a>\n\t\t\t<\/div>\n\t\t\t\t<figcaption class='wp-caption-text gallery-caption' id='gallery-4-5787'>\n\t\t\t\tJ 917 CIR\n\t\t\t\t<\/figcaption><\/figure><figure class='gallery-item'>\n\t\t\t<div class='gallery-icon portrait'>\n\t\t\t\t<a href='https:\/\/biblioteca.blanes.cat\/salajove\/2021\/08\/02\/novetats-agost-2021\/japon-en-100-palabras\/'><img loading=\"lazy\" decoding=\"async\" width=\"236\" height=\"300\" src=\"https:\/\/biblioteca.blanes.cat\/salajove\/wp-content\/uploads\/sites\/3\/2021\/07\/Japon-en-100-palabras-236x300.jpg\" class=\"attachment-medium size-medium\" alt=\"\" aria-describedby=\"gallery-4-5788\" srcset=\"https:\/\/biblioteca.blanes.cat\/salajove\/wp-content\/uploads\/sites\/3\/2021\/07\/Japon-en-100-palabras-236x300.jpg 236w, https:\/\/biblioteca.blanes.cat\/salajove\/wp-content\/uploads\/sites\/3\/2021\/07\/Japon-en-100-palabras.jpg 552w\" sizes=\"(max-width: 236px) 100vw, 236px\" \/><\/a>\n\t\t\t<\/div>\n\t\t\t\t<figcaption class='wp-caption-text gallery-caption' id='gallery-4-5788'>\n\t\t\t\tJ 935 CIV\n\t\t\t\t<\/figcaption><\/figure><figure class='gallery-item'>\n\t\t\t<div class='gallery-icon portrait'>\n\t\t\t\t<a href='https:\/\/biblioteca.blanes.cat\/salajove\/2021\/08\/02\/novetats-agost-2021\/eso-no-estaba-en-mi-libro-de-historia-de-cataluna\/'><img loading=\"lazy\" decoding=\"async\" width=\"188\" height=\"300\" src=\"https:\/\/biblioteca.blanes.cat\/salajove\/wp-content\/uploads\/sites\/3\/2021\/07\/Eso-no-estaba-en-mi-libro-de-historia-de-Cataluna-188x300.jpg\" class=\"attachment-medium size-medium\" alt=\"\" aria-describedby=\"gallery-4-5789\" srcset=\"https:\/\/biblioteca.blanes.cat\/salajove\/wp-content\/uploads\/sites\/3\/2021\/07\/Eso-no-estaba-en-mi-libro-de-historia-de-Cataluna-188x300.jpg 188w, https:\/\/biblioteca.blanes.cat\/salajove\/wp-content\/uploads\/sites\/3\/2021\/07\/Eso-no-estaba-en-mi-libro-de-historia-de-Cataluna-642x1024.jpg 642w, https:\/\/biblioteca.blanes.cat\/salajove\/wp-content\/uploads\/sites\/3\/2021\/07\/Eso-no-estaba-en-mi-libro-de-historia-de-Cataluna-768x1226.jpg 768w, https:\/\/biblioteca.blanes.cat\/salajove\/wp-content\/uploads\/sites\/3\/2021\/07\/Eso-no-estaba-en-mi-libro-de-historia-de-Cataluna-962x1536.jpg 962w, https:\/\/biblioteca.blanes.cat\/salajove\/wp-content\/uploads\/sites\/3\/2021\/07\/Eso-no-estaba-en-mi-libro-de-historia-de-Cataluna-1283x2048.jpg 1283w, https:\/\/biblioteca.blanes.cat\/salajove\/wp-content\/uploads\/sites\/3\/2021\/07\/Eso-no-estaba-en-mi-libro-de-historia-de-Cataluna.jpg 1604w\" sizes=\"(max-width: 188px) 100vw, 188px\" \/><\/a>\n\t\t\t<\/div>\n\t\t\t\t<figcaption class='wp-caption-text gallery-caption' id='gallery-4-5789'>\n\t\t\t\tJ 946.7 BAR\n\t\t\t\t<\/figcaption><\/figure>\n\t\t<\/div>\n\n<h1 style=\"text-align: center;\"><strong>AUDIOVISUALS<\/strong><\/h1>\n<div id='gallery-5' class='gallery galleryid-5770 gallery-columns-3 gallery-size-medium'><figure class='gallery-item'>\n\t\t\t<div class='gallery-icon portrait'>\n\t\t\t\t<a href='https:\/\/biblioteca.blanes.cat\/salajove\/2021\/08\/02\/novetats-agost-2021\/after-en-mi-pedazos-2\/'><img loading=\"lazy\" decoding=\"async\" width=\"207\" height=\"300\" src=\"https:\/\/biblioteca.blanes.cat\/salajove\/wp-content\/uploads\/sites\/3\/2021\/07\/After-en-mi-pedazos-1-207x300.jpg\" class=\"attachment-medium size-medium\" alt=\"\" aria-describedby=\"gallery-5-5791\" srcset=\"https:\/\/biblioteca.blanes.cat\/salajove\/wp-content\/uploads\/sites\/3\/2021\/07\/After-en-mi-pedazos-1-207x300.jpg 207w, https:\/\/biblioteca.blanes.cat\/salajove\/wp-content\/uploads\/sites\/3\/2021\/07\/After-en-mi-pedazos-1-706x1024.jpg 706w, https:\/\/biblioteca.blanes.cat\/salajove\/wp-content\/uploads\/sites\/3\/2021\/07\/After-en-mi-pedazos-1-768x1114.jpg 768w, https:\/\/biblioteca.blanes.cat\/salajove\/wp-content\/uploads\/sites\/3\/2021\/07\/After-en-mi-pedazos-1.jpg 869w\" sizes=\"(max-width: 207px) 100vw, 207px\" \/><\/a>\n\t\t\t<\/div>\n\t\t\t\t<figcaption class='wp-caption-text gallery-caption' id='gallery-5-5791'>\n\t\t\t\tDVD J CINEMA AFT\n\t\t\t\t<\/figcaption><\/figure><figure class='gallery-item'>\n\t\t\t<div class='gallery-icon portrait'>\n\t\t\t\t<a href='https:\/\/biblioteca.blanes.cat\/salajove\/2021\/08\/02\/novetats-agost-2021\/detectiu-conan\/'><img loading=\"lazy\" decoding=\"async\" width=\"212\" height=\"300\" src=\"https:\/\/biblioteca.blanes.cat\/salajove\/wp-content\/uploads\/sites\/3\/2021\/07\/detectiu-Conan-212x300.jpg\" class=\"attachment-medium size-medium\" alt=\"\" srcset=\"https:\/\/biblioteca.blanes.cat\/salajove\/wp-content\/uploads\/sites\/3\/2021\/07\/detectiu-Conan-212x300.jpg 212w, https:\/\/biblioteca.blanes.cat\/salajove\/wp-content\/uploads\/sites\/3\/2021\/07\/detectiu-Conan.jpg 300w\" sizes=\"(max-width: 212px) 100vw, 212px\" \/><\/a>\n\t\t\t<\/div><\/figure><figure class='gallery-item'>\n\t\t\t<div class='gallery-icon portrait'>\n\t\t\t\t<a href='https:\/\/biblioteca.blanes.cat\/salajove\/2021\/08\/02\/novetats-agost-2021\/a-silent-voice\/'><img loading=\"lazy\" decoding=\"async\" width=\"210\" height=\"300\" src=\"https:\/\/biblioteca.blanes.cat\/salajove\/wp-content\/uploads\/sites\/3\/2021\/07\/A-silent-voice-210x300.jpg\" class=\"attachment-medium size-medium\" alt=\"\" aria-describedby=\"gallery-5-5794\" srcset=\"https:\/\/biblioteca.blanes.cat\/salajove\/wp-content\/uploads\/sites\/3\/2021\/07\/A-silent-voice-210x300.jpg 210w, https:\/\/biblioteca.blanes.cat\/salajove\/wp-content\/uploads\/sites\/3\/2021\/07\/A-silent-voice-717x1024.jpg 717w, https:\/\/biblioteca.blanes.cat\/salajove\/wp-content\/uploads\/sites\/3\/2021\/07\/A-silent-voice-768x1097.jpg 768w, https:\/\/biblioteca.blanes.cat\/salajove\/wp-content\/uploads\/sites\/3\/2021\/07\/A-silent-voice-1075x1536.jpg 1075w, https:\/\/biblioteca.blanes.cat\/salajove\/wp-content\/uploads\/sites\/3\/2021\/07\/A-silent-voice.jpg 1200w\" sizes=\"(max-width: 210px) 100vw, 210px\" \/><\/a>\n\t\t\t<\/div>\n\t\t\t\t<figcaption class='wp-caption-text gallery-caption' id='gallery-5-5794'>\n\t\t\t\tDVD J CINEMA SIL\n\t\t\t\t<\/figcaption><\/figure>\n\t\t<\/div>\n\n<p>Aquestes i m\u00e9s novetats les trobareu a la <a href=\"https:\/\/www.bibgirona.cat\/biblioteca\/blanes\" target=\"_blank\" rel=\"noopener\">Web de la Biblioteca de Blanes<\/a>. Feu una ullada<\/p>\n","protected":false},"excerpt":{"rendered":"<p>Biblioteca Jove Blanes &#8211; Novetats Agost 2021 Ja tenim aqu\u00ed les novetats juvenils de l&#8217;Agost de 2021 que trobareu a la Sala Jove de la Biblioteca Comarcal de Blanes. En primer lloc trobareu les Novel\u00b7les. Tamb\u00e9 hi trobareu les Novetats<\/p>\n","protected":false},"author":4,"featured_media":2945,"comment_status":"open","ping_status":"open","sticky":false,"template":"","format":"standard","meta":{"sfsi_plus_gutenberg_text_before_share":"","sfsi_plus_gutenberg_show_text_before_share":"","sfsi_plus_gutenberg_icon_type":"","sfsi_plus_gutenberg_icon_alignemt":"","sfsi_plus_gutenburg_max_per_row":"","footnotes":""},"categories":[7],"tags":[98],"class_list":["post-5770","post","type-post","status-publish","format-standard","has-post-thumbnail","hentry","category-novetats","tag-guia-lectura-literatura-llibres"],"yoast_head":"<!-- This site is optimized with the Yoast SEO plugin v27.5 - https:\/\/yoast.com\/product\/yoast-seo-wordpress\/ -->\n<title>NOVETATS: Agost 2021 - Sala Jove<\/title>\n<meta name=\"robots\" content=\"index, follow, max-snippet:-1, max-image-preview:large, max-video-preview:-1\" \/>\n<link rel=\"canonical\" href=\"https:\/\/biblioteca.blanes.cat\/salajove\/2021\/08\/02\/novetats-agost-2021\/\" \/>\n<meta property=\"og:locale\" content=\"ca_ES\" \/>\n<meta property=\"og:type\" content=\"article\" \/>\n<meta property=\"og:title\" content=\"NOVETATS: Agost 2021 - Sala Jove\" \/>\n<meta property=\"og:description\" content=\"Biblioteca Jove Blanes &#8211; Novetats Agost 2021 Ja tenim aqu\u00ed les novetats juvenils de l&#8217;Agost de 2021 que trobareu a la Sala Jove de la Biblioteca Comarcal de Blanes. En primer lloc trobareu les Novel\u00b7les. Tamb\u00e9 hi trobareu les Novetats\" \/>\n<meta property=\"og:url\" content=\"https:\/\/biblioteca.blanes.cat\/salajove\/2021\/08\/02\/novetats-agost-2021\/\" \/>\n<meta property=\"og:site_name\" content=\"Sala Jove\" \/>\n<meta property=\"article:publisher\" content=\"https:\/\/www.facebook.com\/BilbiotecaComarcaldeBlanes\/\" \/>\n<meta property=\"article:published_time\" content=\"2021-08-02T14:02:17+00:00\" \/>\n<meta property=\"article:modified_time\" content=\"2021-08-02T14:02:22+00:00\" \/>\n<meta property=\"og:image\" content=\"https:\/\/biblioteca.blanes.cat\/salajove\/wp-content\/uploads\/sites\/3\/2019\/06\/Novetats_.png\" \/>\n\t<meta property=\"og:image:width\" content=\"3719\" \/>\n\t<meta property=\"og:image:height\" content=\"3719\" \/>\n\t<meta property=\"og:image:type\" content=\"image\/png\" \/>\n<meta name=\"author\" content=\"biblioblanes\" \/>\n<meta name=\"twitter:card\" content=\"summary_large_image\" \/>\n<meta name=\"twitter:creator\" content=\"@biblioblanes\" \/>\n<meta name=\"twitter:site\" content=\"@BiblioBlanes\" \/>\n<meta name=\"twitter:label1\" content=\"Escrit per\" \/>\n\t<meta name=\"twitter:data1\" content=\"biblioblanes\" \/>\n\t<meta name=\"twitter:label2\" content=\"Temps estimat de lectura\" \/>\n\t<meta name=\"twitter:data2\" content=\"1 minut\" \/>\n<script type=\"application\/ld+json\" class=\"yoast-schema-graph\">{\"@context\":\"https:\\\/\\\/schema.org\",\"@graph\":[{\"@type\":\"Article\",\"@id\":\"https:\\\/\\\/biblioteca.blanes.cat\\\/salajove\\\/2021\\\/08\\\/02\\\/novetats-agost-2021\\\/#article\",\"isPartOf\":{\"@id\":\"https:\\\/\\\/biblioteca.blanes.cat\\\/salajove\\\/2021\\\/08\\\/02\\\/novetats-agost-2021\\\/\"},\"author\":{\"name\":\"biblioblanes\",\"@id\":\"https:\\\/\\\/biblioteca.blanes.cat\\\/salajove\\\/#\\\/schema\\\/person\\\/5a7b46760d9dd611d098bbf571a341dc\"},\"headline\":\"NOVETATS: Agost 2021\",\"datePublished\":\"2021-08-02T14:02:17+00:00\",\"dateModified\":\"2021-08-02T14:02:22+00:00\",\"mainEntityOfPage\":{\"@id\":\"https:\\\/\\\/biblioteca.blanes.cat\\\/salajove\\\/2021\\\/08\\\/02\\\/novetats-agost-2021\\\/\"},\"wordCount\":93,\"commentCount\":0,\"publisher\":{\"@id\":\"https:\\\/\\\/biblioteca.blanes.cat\\\/salajove\\\/#organization\"},\"image\":{\"@id\":\"https:\\\/\\\/biblioteca.blanes.cat\\\/salajove\\\/2021\\\/08\\\/02\\\/novetats-agost-2021\\\/#primaryimage\"},\"thumbnailUrl\":\"https:\\\/\\\/biblioteca.blanes.cat\\\/salajove\\\/wp-content\\\/uploads\\\/sites\\\/3\\\/2019\\\/06\\\/Novetats_.png\",\"keywords\":[\"#Guia #Lectura #Literatura #Llibres\"],\"articleSection\":[\"Novetats\"],\"inLanguage\":\"ca\",\"potentialAction\":[{\"@type\":\"CommentAction\",\"name\":\"Comment\",\"target\":[\"https:\\\/\\\/biblioteca.blanes.cat\\\/salajove\\\/2021\\\/08\\\/02\\\/novetats-agost-2021\\\/#respond\"]}]},{\"@type\":\"WebPage\",\"@id\":\"https:\\\/\\\/biblioteca.blanes.cat\\\/salajove\\\/2021\\\/08\\\/02\\\/novetats-agost-2021\\\/\",\"url\":\"https:\\\/\\\/biblioteca.blanes.cat\\\/salajove\\\/2021\\\/08\\\/02\\\/novetats-agost-2021\\\/\",\"name\":\"NOVETATS: Agost 2021 - Sala Jove\",\"isPartOf\":{\"@id\":\"https:\\\/\\\/biblioteca.blanes.cat\\\/salajove\\\/#website\"},\"primaryImageOfPage\":{\"@id\":\"https:\\\/\\\/biblioteca.blanes.cat\\\/salajove\\\/2021\\\/08\\\/02\\\/novetats-agost-2021\\\/#primaryimage\"},\"image\":{\"@id\":\"https:\\\/\\\/biblioteca.blanes.cat\\\/salajove\\\/2021\\\/08\\\/02\\\/novetats-agost-2021\\\/#primaryimage\"},\"thumbnailUrl\":\"https:\\\/\\\/biblioteca.blanes.cat\\\/salajove\\\/wp-content\\\/uploads\\\/sites\\\/3\\\/2019\\\/06\\\/Novetats_.png\",\"datePublished\":\"2021-08-02T14:02:17+00:00\",\"dateModified\":\"2021-08-02T14:02:22+00:00\",\"breadcrumb\":{\"@id\":\"https:\\\/\\\/biblioteca.blanes.cat\\\/salajove\\\/2021\\\/08\\\/02\\\/novetats-agost-2021\\\/#breadcrumb\"},\"inLanguage\":\"ca\",\"potentialAction\":[{\"@type\":\"ReadAction\",\"target\":[\"https:\\\/\\\/biblioteca.blanes.cat\\\/salajove\\\/2021\\\/08\\\/02\\\/novetats-agost-2021\\\/\"]}]},{\"@type\":\"ImageObject\",\"inLanguage\":\"ca\",\"@id\":\"https:\\\/\\\/biblioteca.blanes.cat\\\/salajove\\\/2021\\\/08\\\/02\\\/novetats-agost-2021\\\/#primaryimage\",\"url\":\"https:\\\/\\\/biblioteca.blanes.cat\\\/salajove\\\/wp-content\\\/uploads\\\/sites\\\/3\\\/2019\\\/06\\\/Novetats_.png\",\"contentUrl\":\"https:\\\/\\\/biblioteca.blanes.cat\\\/salajove\\\/wp-content\\\/uploads\\\/sites\\\/3\\\/2019\\\/06\\\/Novetats_.png\",\"width\":3719,\"height\":3719},{\"@type\":\"BreadcrumbList\",\"@id\":\"https:\\\/\\\/biblioteca.blanes.cat\\\/salajove\\\/2021\\\/08\\\/02\\\/novetats-agost-2021\\\/#breadcrumb\",\"itemListElement\":[{\"@type\":\"ListItem\",\"position\":1,\"name\":\"Inici\",\"item\":\"https:\\\/\\\/biblioteca.blanes.cat\\\/salajove\\\/\"},{\"@type\":\"ListItem\",\"position\":2,\"name\":\"NOVETATS: Agost 2021\"}]},{\"@type\":\"WebSite\",\"@id\":\"https:\\\/\\\/biblioteca.blanes.cat\\\/salajove\\\/#website\",\"url\":\"https:\\\/\\\/biblioteca.blanes.cat\\\/salajove\\\/\",\"name\":\"Sala Jove\",\"description\":\"Biblioteca Comarcal de Blanes\",\"publisher\":{\"@id\":\"https:\\\/\\\/biblioteca.blanes.cat\\\/salajove\\\/#organization\"},\"potentialAction\":[{\"@type\":\"SearchAction\",\"target\":{\"@type\":\"EntryPoint\",\"urlTemplate\":\"https:\\\/\\\/biblioteca.blanes.cat\\\/salajove\\\/?s={search_term_string}\"},\"query-input\":{\"@type\":\"PropertyValueSpecification\",\"valueRequired\":true,\"valueName\":\"search_term_string\"}}],\"inLanguage\":\"ca\"},{\"@type\":\"Organization\",\"@id\":\"https:\\\/\\\/biblioteca.blanes.cat\\\/salajove\\\/#organization\",\"name\":\"Biblioteca Comarcal de Blanes\",\"url\":\"https:\\\/\\\/biblioteca.blanes.cat\\\/salajove\\\/\",\"logo\":{\"@type\":\"ImageObject\",\"inLanguage\":\"ca\",\"@id\":\"https:\\\/\\\/biblioteca.blanes.cat\\\/salajove\\\/#\\\/schema\\\/logo\\\/image\\\/\",\"url\":\"https:\\\/\\\/biblioteca.blanes.cat\\\/salajove\\\/wp-content\\\/uploads\\\/sites\\\/3\\\/2017\\\/09\\\/cropped-Bib-blau-e1518869380535.png\",\"contentUrl\":\"https:\\\/\\\/biblioteca.blanes.cat\\\/salajove\\\/wp-content\\\/uploads\\\/sites\\\/3\\\/2017\\\/09\\\/cropped-Bib-blau-e1518869380535.png\",\"width\":166,\"height\":166,\"caption\":\"Biblioteca Comarcal de Blanes\"},\"image\":{\"@id\":\"https:\\\/\\\/biblioteca.blanes.cat\\\/salajove\\\/#\\\/schema\\\/logo\\\/image\\\/\"},\"sameAs\":[\"https:\\\/\\\/www.facebook.com\\\/BilbiotecaComarcaldeBlanes\\\/\",\"https:\\\/\\\/x.com\\\/BiblioBlanes\",\"https:\\\/\\\/www.instagram.com\\\/biblioblanes\\\/\",\"https:\\\/\\\/www.pinterest.es\\\/bblanes\\\/\",\"https:\\\/\\\/www.youtube.com\\\/c\\\/BibliotecaComarcalBlanes\"]},{\"@type\":\"Person\",\"@id\":\"https:\\\/\\\/biblioteca.blanes.cat\\\/salajove\\\/#\\\/schema\\\/person\\\/5a7b46760d9dd611d098bbf571a341dc\",\"name\":\"biblioblanes\",\"image\":{\"@type\":\"ImageObject\",\"inLanguage\":\"ca\",\"@id\":\"https:\\\/\\\/secure.gravatar.com\\\/avatar\\\/6593ca6cc90e5a70939f51c95e8315483b9c281bafba597292bee47992030f99?s=96&d=mm&r=g\",\"url\":\"https:\\\/\\\/secure.gravatar.com\\\/avatar\\\/6593ca6cc90e5a70939f51c95e8315483b9c281bafba597292bee47992030f99?s=96&d=mm&r=g\",\"contentUrl\":\"https:\\\/\\\/secure.gravatar.com\\\/avatar\\\/6593ca6cc90e5a70939f51c95e8315483b9c281bafba597292bee47992030f99?s=96&d=mm&r=g\",\"caption\":\"biblioblanes\"},\"sameAs\":[\"http:\\\/\\\/www.bibgirona.cat\\\/biblioteca\\\/blanes\",\"https:\\\/\\\/x.com\\\/biblioblanes\"],\"url\":\"https:\\\/\\\/biblioteca.blanes.cat\\\/salajove\\\/author\\\/biblioblanes\\\/\"}]}<\/script>\n<!-- \/ Yoast SEO plugin. -->","yoast_head_json":{"title":"NOVETATS: Agost 2021 - Sala Jove","robots":{"index":"index","follow":"follow","max-snippet":"max-snippet:-1","max-image-preview":"max-image-preview:large","max-video-preview":"max-video-preview:-1"},"canonical":"https:\/\/biblioteca.blanes.cat\/salajove\/2021\/08\/02\/novetats-agost-2021\/","og_locale":"ca_ES","og_type":"article","og_title":"NOVETATS: Agost 2021 - Sala Jove","og_description":"Biblioteca Jove Blanes &#8211; Novetats Agost 2021 Ja tenim aqu\u00ed les novetats juvenils de l&#8217;Agost de 2021 que trobareu a la Sala Jove de la Biblioteca Comarcal de Blanes. En primer lloc trobareu les Novel\u00b7les. Tamb\u00e9 hi trobareu les Novetats","og_url":"https:\/\/biblioteca.blanes.cat\/salajove\/2021\/08\/02\/novetats-agost-2021\/","og_site_name":"Sala Jove","article_publisher":"https:\/\/www.facebook.com\/BilbiotecaComarcaldeBlanes\/","article_published_time":"2021-08-02T14:02:17+00:00","article_modified_time":"2021-08-02T14:02:22+00:00","og_image":[{"width":3719,"height":3719,"url":"https:\/\/biblioteca.blanes.cat\/salajove\/wp-content\/uploads\/sites\/3\/2019\/06\/Novetats_.png","type":"image\/png"}],"author":"biblioblanes","twitter_card":"summary_large_image","twitter_creator":"@biblioblanes","twitter_site":"@BiblioBlanes","twitter_misc":{"Escrit per":"biblioblanes","Temps estimat de lectura":"1 minut"},"schema":{"@context":"https:\/\/schema.org","@graph":[{"@type":"Article","@id":"https:\/\/biblioteca.blanes.cat\/salajove\/2021\/08\/02\/novetats-agost-2021\/#article","isPartOf":{"@id":"https:\/\/biblioteca.blanes.cat\/salajove\/2021\/08\/02\/novetats-agost-2021\/"},"author":{"name":"biblioblanes","@id":"https:\/\/biblioteca.blanes.cat\/salajove\/#\/schema\/person\/5a7b46760d9dd611d098bbf571a341dc"},"headline":"NOVETATS: Agost 2021","datePublished":"2021-08-02T14:02:17+00:00","dateModified":"2021-08-02T14:02:22+00:00","mainEntityOfPage":{"@id":"https:\/\/biblioteca.blanes.cat\/salajove\/2021\/08\/02\/novetats-agost-2021\/"},"wordCount":93,"commentCount":0,"publisher":{"@id":"https:\/\/biblioteca.blanes.cat\/salajove\/#organization"},"image":{"@id":"https:\/\/biblioteca.blanes.cat\/salajove\/2021\/08\/02\/novetats-agost-2021\/#primaryimage"},"thumbnailUrl":"https:\/\/biblioteca.blanes.cat\/salajove\/wp-content\/uploads\/sites\/3\/2019\/06\/Novetats_.png","keywords":["#Guia #Lectura #Literatura #Llibres"],"articleSection":["Novetats"],"inLanguage":"ca","potentialAction":[{"@type":"CommentAction","name":"Comment","target":["https:\/\/biblioteca.blanes.cat\/salajove\/2021\/08\/02\/novetats-agost-2021\/#respond"]}]},{"@type":"WebPage","@id":"https:\/\/biblioteca.blanes.cat\/salajove\/2021\/08\/02\/novetats-agost-2021\/","url":"https:\/\/biblioteca.blanes.cat\/salajove\/2021\/08\/02\/novetats-agost-2021\/","name":"NOVETATS: Agost 2021 - Sala Jove","isPartOf":{"@id":"https:\/\/biblioteca.blanes.cat\/salajove\/#website"},"primaryImageOfPage":{"@id":"https:\/\/biblioteca.blanes.cat\/salajove\/2021\/08\/02\/novetats-agost-2021\/#primaryimage"},"image":{"@id":"https:\/\/biblioteca.blanes.cat\/salajove\/2021\/08\/02\/novetats-agost-2021\/#primaryimage"},"thumbnailUrl":"https:\/\/biblioteca.blanes.cat\/salajove\/wp-content\/uploads\/sites\/3\/2019\/06\/Novetats_.png","datePublished":"2021-08-02T14:02:17+00:00","dateModified":"2021-08-02T14:02:22+00:00","breadcrumb":{"@id":"https:\/\/biblioteca.blanes.cat\/salajove\/2021\/08\/02\/novetats-agost-2021\/#breadcrumb"},"inLanguage":"ca","potentialAction":[{"@type":"ReadAction","target":["https:\/\/biblioteca.blanes.cat\/salajove\/2021\/08\/02\/novetats-agost-2021\/"]}]},{"@type":"ImageObject","inLanguage":"ca","@id":"https:\/\/biblioteca.blanes.cat\/salajove\/2021\/08\/02\/novetats-agost-2021\/#primaryimage","url":"https:\/\/biblioteca.blanes.cat\/salajove\/wp-content\/uploads\/sites\/3\/2019\/06\/Novetats_.png","contentUrl":"https:\/\/biblioteca.blanes.cat\/salajove\/wp-content\/uploads\/sites\/3\/2019\/06\/Novetats_.png","width":3719,"height":3719},{"@type":"BreadcrumbList","@id":"https:\/\/biblioteca.blanes.cat\/salajove\/2021\/08\/02\/novetats-agost-2021\/#breadcrumb","itemListElement":[{"@type":"ListItem","position":1,"name":"Inici","item":"https:\/\/biblioteca.blanes.cat\/salajove\/"},{"@type":"ListItem","position":2,"name":"NOVETATS: Agost 2021"}]},{"@type":"WebSite","@id":"https:\/\/biblioteca.blanes.cat\/salajove\/#website","url":"https:\/\/biblioteca.blanes.cat\/salajove\/","name":"Sala Jove","description":"Biblioteca Comarcal de Blanes","publisher":{"@id":"https:\/\/biblioteca.blanes.cat\/salajove\/#organization"},"potentialAction":[{"@type":"SearchAction","target":{"@type":"EntryPoint","urlTemplate":"https:\/\/biblioteca.blanes.cat\/salajove\/?s={search_term_string}"},"query-input":{"@type":"PropertyValueSpecification","valueRequired":true,"valueName":"search_term_string"}}],"inLanguage":"ca"},{"@type":"Organization","@id":"https:\/\/biblioteca.blanes.cat\/salajove\/#organization","name":"Biblioteca Comarcal de Blanes","url":"https:\/\/biblioteca.blanes.cat\/salajove\/","logo":{"@type":"ImageObject","inLanguage":"ca","@id":"https:\/\/biblioteca.blanes.cat\/salajove\/#\/schema\/logo\/image\/","url":"https:\/\/biblioteca.blanes.cat\/salajove\/wp-content\/uploads\/sites\/3\/2017\/09\/cropped-Bib-blau-e1518869380535.png","contentUrl":"https:\/\/biblioteca.blanes.cat\/salajove\/wp-content\/uploads\/sites\/3\/2017\/09\/cropped-Bib-blau-e1518869380535.png","width":166,"height":166,"caption":"Biblioteca Comarcal de Blanes"},"image":{"@id":"https:\/\/biblioteca.blanes.cat\/salajove\/#\/schema\/logo\/image\/"},"sameAs":["https:\/\/www.facebook.com\/BilbiotecaComarcaldeBlanes\/","https:\/\/x.com\/BiblioBlanes","https:\/\/www.instagram.com\/biblioblanes\/","https:\/\/www.pinterest.es\/bblanes\/","https:\/\/www.youtube.com\/c\/BibliotecaComarcalBlanes"]},{"@type":"Person","@id":"https:\/\/biblioteca.blanes.cat\/salajove\/#\/schema\/person\/5a7b46760d9dd611d098bbf571a341dc","name":"biblioblanes","image":{"@type":"ImageObject","inLanguage":"ca","@id":"https:\/\/secure.gravatar.com\/avatar\/6593ca6cc90e5a70939f51c95e8315483b9c281bafba597292bee47992030f99?s=96&d=mm&r=g","url":"https:\/\/secure.gravatar.com\/avatar\/6593ca6cc90e5a70939f51c95e8315483b9c281bafba597292bee47992030f99?s=96&d=mm&r=g","contentUrl":"https:\/\/secure.gravatar.com\/avatar\/6593ca6cc90e5a70939f51c95e8315483b9c281bafba597292bee47992030f99?s=96&d=mm&r=g","caption":"biblioblanes"},"sameAs":["http:\/\/www.bibgirona.cat\/biblioteca\/blanes","https:\/\/x.com\/biblioblanes"],"url":"https:\/\/biblioteca.blanes.cat\/salajove\/author\/biblioblanes\/"}]}},"_links":{"self":[{"href":"https:\/\/biblioteca.blanes.cat\/salajove\/wp-json\/wp\/v2\/posts\/5770","targetHints":{"allow":["GET"]}}],"collection":[{"href":"https:\/\/biblioteca.blanes.cat\/salajove\/wp-json\/wp\/v2\/posts"}],"about":[{"href":"https:\/\/biblioteca.blanes.cat\/salajove\/wp-json\/wp\/v2\/types\/post"}],"author":[{"embeddable":true,"href":"https:\/\/biblioteca.blanes.cat\/salajove\/wp-json\/wp\/v2\/users\/4"}],"replies":[{"embeddable":true,"href":"https:\/\/biblioteca.blanes.cat\/salajove\/wp-json\/wp\/v2\/comments?post=5770"}],"version-history":[{"count":7,"href":"https:\/\/biblioteca.blanes.cat\/salajove\/wp-json\/wp\/v2\/posts\/5770\/revisions"}],"predecessor-version":[{"id":5801,"href":"https:\/\/biblioteca.blanes.cat\/salajove\/wp-json\/wp\/v2\/posts\/5770\/revisions\/5801"}],"wp:featuredmedia":[{"embeddable":true,"href":"https:\/\/biblioteca.blanes.cat\/salajove\/wp-json\/wp\/v2\/media\/2945"}],"wp:attachment":[{"href":"https:\/\/biblioteca.blanes.cat\/salajove\/wp-json\/wp\/v2\/media?parent=5770"}],"wp:term":[{"taxonomy":"category","embeddable":true,"href":"https:\/\/biblioteca.blanes.cat\/salajove\/wp-json\/wp\/v2\/categories?post=5770"},{"taxonomy":"post_tag","embeddable":true,"href":"https:\/\/biblioteca.blanes.cat\/salajove\/wp-json\/wp\/v2\/tags?post=5770"}],"curies":[{"name":"wp","href":"https:\/\/api.w.org\/{rel}","templated":true}]}}