{"id":5592,"date":"2021-05-13T18:31:49","date_gmt":"2021-05-13T17:31:49","guid":{"rendered":"https:\/\/biblioteca.blanes.cat\/salajove\/?p=5592"},"modified":"2021-07-27T09:03:20","modified_gmt":"2021-07-27T08:03:20","slug":"clj-train-kids-2","status":"publish","type":"post","link":"https:\/\/biblioteca.blanes.cat\/salajove\/2021\/05\/13\/clj-train-kids-2\/","title":{"rendered":"CLJ: El Pr\u00edncipe de la Niebla"},"content":{"rendered":"\n<p style=\"text-align: center;\">Avui al <strong>Club de Lectura Juvenil<\/strong> hem comentat<\/p>\n<h1 style=\"text-align: center;\">El pr\u00edncipe de la niebla de Carlos Ruiz Zaf\u00f3n<\/h1>\n<p>Al Club de Lectura Juvenil hem llegit poesia, c\u00f2mic, contemporani, realista, cl\u00e0ssic&#8230; i ens faltava la tan esperada novel.la de terror i aventures.<\/p>\n<p>De vegades la por ens paralitza, per\u00f2 d&#8217;altres ens fa m\u00e9s forts i aix\u00f2 \u00e9s el que els passa als nostres protagonistes d&#8217;aquest mes. Uns joves que lluiten contra la m\u00e0gia d&#8217;un pr\u00edncep malvat. Una novel.la senzilla, amena per\u00f2 plena d&#8217;acci\u00f3 i sobresalts.<\/p>\n<p>I moltes vegades ens preguntem&#8230; qu\u00e8 \u00e9s la por? La por \u00e9s una emoci\u00f3 igual de necess\u00e0ria que l&#8217;alegria, la r\u00e0bia o la tristesa. Avui hem pogut reflexionar sobre que far\u00edem sense por? Com podem afrontar els nostres terrors perqu\u00e8 no ens paralitzin?<\/p>\n<p>Sempre \u00e9s bon moment per aprendre i molt millor si \u00e9s a trav\u00e9s de la lectura<\/p>\n<p><img fetchpriority=\"high\" decoding=\"async\" class=\"wp-image-5595  alignleft\" src=\"https:\/\/biblioteca.blanes.cat\/salajove\/wp-content\/uploads\/sites\/3\/2021\/05\/Biblioblanes_clj_maig-225x300.jpg\" alt=\"\" width=\"300\" height=\"400\" srcset=\"https:\/\/biblioteca.blanes.cat\/salajove\/wp-content\/uploads\/sites\/3\/2021\/05\/Biblioblanes_clj_maig-225x300.jpg 225w, https:\/\/biblioteca.blanes.cat\/salajove\/wp-content\/uploads\/sites\/3\/2021\/05\/Biblioblanes_clj_maig-768x1024.jpg 768w, https:\/\/biblioteca.blanes.cat\/salajove\/wp-content\/uploads\/sites\/3\/2021\/05\/Biblioblanes_clj_maig-1152x1536.jpg 1152w, https:\/\/biblioteca.blanes.cat\/salajove\/wp-content\/uploads\/sites\/3\/2021\/05\/Biblioblanes_clj_maig-rotated.jpg 1512w\" sizes=\"(max-width: 300px) 100vw, 300px\" \/><\/p>\n<p>Per acabar, din\u00e0miques de por: L&#8217;assass\u00ed de la biblioteca i Crea la teva hist\u00f2ria de por.<\/p>\n<p>Si us agraden les hist\u00f2ries terror\u00edfiques, feu una ullada a l&#8217;Origen de l&#8217;Univers, creada pels joves del club i redactada per la Tanit Perales!!!<\/p>\n<p><em><strong>L\u2019origen de l\u2019univers (Segons els \u2018\u2019pirats\u2019\u2019)<\/strong><\/em><\/p>\n<p><em>Fa molts anys, abans del que nosaltres anomenem el BigBang, en un altre planeta, hi havia un grup de malalts del cap que vivien en un centre abandonat on, abans que ells mateixos matessin els metges i la resta del personal, s&#8217;atenien a les persones que estaven malament del cap. Aquest grup de malalts del cap es dedicaven a traficar amb les parts del cos hum\u00e0, per\u00f2 nom\u00e9s unes parts concretes del cos hum\u00e0; el cervell, els ossos, l&#8217;est\u00f3mac i el cor.<\/em><br \/><em>Aix\u00ed en aquest context va comen\u00e7ar tot. En aquest hospital hi vivien l&#8217;home invisible i en Penyweist, entre molts d&#8217;altres, que com ja hem dit, traficaven amb les parts del cos hum\u00e0. Un dia, dos empresaris si van acostar perqu\u00e8 els havia cridat l&#8217;atenci\u00f3 i van anar a trucar a la porta. Els va obrir l&#8217;home llop que seguidament els va deixar inconscients menjant-se un bra\u00e7 de cadascun, de forma que l&#8217;home invisible pogu\u00e9s treballar tranquil\u00b7lament, ja que no era f\u00e0cil tallar mig cervell de forma que fossin conscients i que a la vegada fossin suficientment est\u00fapids perqu\u00e8 no fossin capa\u00e7os d&#8217;escapar-se. Quan van tornar a estar conscients es van trobar en Leathers que els mirava des de dalt amb els bra\u00e7os aixecats per sobre el cap, es van espantar tant que van arrencar a c\u00f3rrer fins que van topar contra un armari, on a dintre hi havia la col\u00b7lecci\u00f3 de caps d&#8217;en Chuky, i els hi va caure tots els caps al cap, els va deixar estabornits, i inconscients. En Freddy Kruger va apar\u00e8ixer dins dels seus caps, i es van espantar tant que es van despertar, per\u00f2 tenien a la nena de l&#8217;exorcista just a sobre que va vomitar sobre d&#8217;ells, a en Freddy kruger li va fer tant de f\u00e0stic que va sortir dels seus caps. Despr\u00e9s en Dr\u00e0cula va venir corrents i els hi va mossegar la cama, que per la mossegada es va comen\u00e7ar a podrir. De la cama sortien cucs i altres coses no gaire m\u00e9s agradables. Els empresaris amb mig cervell, un bra\u00e7, amb v\u00f2mit per sobre, amb la cama mig podrida i sense en Freddy Kruger a dins van comen\u00e7ar a &#8220;c\u00f3rrer&#8221; arrossegant la cama podrida. De sobte va apar\u00e8ixer l&#8217;home oruga, que feia m\u00e0gia i els hi va petar tots els ossos, ja que les esquitlles d&#8217;ossos es venien millor. Finalment els empresaris van morir i temps despr\u00e9s, quan ja tenien unes quantes parts d&#8217;humans se&#8217;n van anar a traficar a un poble que estava a l&#8217;altra banda del mar. Malauradament no hi van arribar mai, ja que en el trajecte els va sorprendre una forta tempesta que els va fer naufragar. Com que el vaixell anava tant ple de &#8220;pirats&#8221; en caure al fons del mar i ofegar-se van produir una explosi\u00f3 tan gran que va acabar desencadenant el BigBang.<\/em><\/p>\n<p>\u00a0<\/p>\n<p>I aix\u00f2 s&#8217;acaba i amb molta pena diem ad\u00e9u a un curs ple d&#8217;emocions, restriccions, trobades on-line, trobades presencials i diferents&#8230; per\u00f2 sempre amb moltes ganes i il.lusi\u00f3 ens trobarem el mes vinent per acomiadar-nos com ens mereixem!<\/p>\n<h5 style=\"text-align: center;\">Recordeu: dijous 17 de juny a les 17.30h a la Platja de la Palomera<\/h5>\n<p style=\"text-align: center;\">Comentarem <strong>Les filles de Tara de Laura Gallego<\/strong> i ens acomiadarem d&#8217;un curs molt especial!<\/p>\n<p style=\"text-align: center;\">No hi falteu!<\/p>\n<p>\u00a0<\/p>\n<p>\u00a0<\/p>\n","protected":false},"excerpt":{"rendered":"<p>Avui al Club de Lectura Juvenil hem comentat El pr\u00edncipe de la niebla de Carlos Ruiz Zaf\u00f3n Al Club de Lectura Juvenil hem llegit poesia, c\u00f2mic, contemporani, realista, cl\u00e0ssic&#8230; i ens faltava la tan esperada novel.la de terror i aventures.<\/p>\n","protected":false},"author":4,"featured_media":4270,"comment_status":"open","ping_status":"open","sticky":false,"template":"","format":"standard","meta":{"sfsi_plus_gutenberg_text_before_share":"","sfsi_plus_gutenberg_show_text_before_share":"","sfsi_plus_gutenberg_icon_type":"","sfsi_plus_gutenberg_icon_alignemt":"","sfsi_plus_gutenburg_max_per_row":"","footnotes":""},"categories":[5],"tags":[91],"class_list":["post-5592","post","type-post","status-publish","format-standard","has-post-thumbnail","hentry","category-club-de-lectura","tag-activitats-clubdelectura-gamificacio-jocs-joves-lectura-literatura-llibres"],"yoast_head":"<!-- This site is optimized with the Yoast SEO plugin v27.5 - https:\/\/yoast.com\/product\/yoast-seo-wordpress\/ -->\n<title>CLJ: El Pr\u00edncipe de la Niebla - Sala Jove<\/title>\n<meta name=\"robots\" content=\"index, follow, max-snippet:-1, max-image-preview:large, max-video-preview:-1\" \/>\n<link rel=\"canonical\" href=\"https:\/\/biblioteca.blanes.cat\/salajove\/2021\/05\/13\/clj-train-kids-2\/\" \/>\n<meta property=\"og:locale\" content=\"ca_ES\" \/>\n<meta property=\"og:type\" content=\"article\" \/>\n<meta property=\"og:title\" content=\"CLJ: El Pr\u00edncipe de la Niebla - Sala Jove\" \/>\n<meta property=\"og:description\" content=\"Avui al Club de Lectura Juvenil hem comentat El pr\u00edncipe de la niebla de Carlos Ruiz Zaf\u00f3n Al Club de Lectura Juvenil hem llegit poesia, c\u00f2mic, contemporani, realista, cl\u00e0ssic&#8230; i ens faltava la tan esperada novel.la de terror i aventures.\" \/>\n<meta property=\"og:url\" content=\"https:\/\/biblioteca.blanes.cat\/salajove\/2021\/05\/13\/clj-train-kids-2\/\" \/>\n<meta property=\"og:site_name\" content=\"Sala Jove\" \/>\n<meta property=\"article:publisher\" content=\"https:\/\/www.facebook.com\/BilbiotecaComarcaldeBlanes\/\" \/>\n<meta property=\"article:published_time\" content=\"2021-05-13T17:31:49+00:00\" \/>\n<meta property=\"article:modified_time\" content=\"2021-07-27T08:03:20+00:00\" \/>\n<meta property=\"og:image\" content=\"https:\/\/biblioteca.blanes.cat\/salajove\/wp-content\/uploads\/sites\/3\/2020\/07\/logo-club-de-lectura-2020-bloc-3.jpg\" \/>\n\t<meta property=\"og:image:width\" content=\"200\" \/>\n\t<meta property=\"og:image:height\" content=\"246\" \/>\n\t<meta property=\"og:image:type\" content=\"image\/jpeg\" \/>\n<meta name=\"author\" content=\"biblioblanes\" \/>\n<meta name=\"twitter:card\" content=\"summary_large_image\" \/>\n<meta name=\"twitter:creator\" content=\"@biblioblanes\" \/>\n<meta name=\"twitter:site\" content=\"@BiblioBlanes\" \/>\n<meta name=\"twitter:label1\" content=\"Escrit per\" \/>\n\t<meta name=\"twitter:data1\" content=\"biblioblanes\" \/>\n\t<meta name=\"twitter:label2\" content=\"Temps estimat de lectura\" \/>\n\t<meta name=\"twitter:data2\" content=\"4 minuts\" \/>\n<script type=\"application\/ld+json\" class=\"yoast-schema-graph\">{\"@context\":\"https:\\\/\\\/schema.org\",\"@graph\":[{\"@type\":\"Article\",\"@id\":\"https:\\\/\\\/biblioteca.blanes.cat\\\/salajove\\\/2021\\\/05\\\/13\\\/clj-train-kids-2\\\/#article\",\"isPartOf\":{\"@id\":\"https:\\\/\\\/biblioteca.blanes.cat\\\/salajove\\\/2021\\\/05\\\/13\\\/clj-train-kids-2\\\/\"},\"author\":{\"name\":\"biblioblanes\",\"@id\":\"https:\\\/\\\/biblioteca.blanes.cat\\\/salajove\\\/#\\\/schema\\\/person\\\/5a7b46760d9dd611d098bbf571a341dc\"},\"headline\":\"CLJ: El Pr\u00edncipe de la Niebla\",\"datePublished\":\"2021-05-13T17:31:49+00:00\",\"dateModified\":\"2021-07-27T08:03:20+00:00\",\"mainEntityOfPage\":{\"@id\":\"https:\\\/\\\/biblioteca.blanes.cat\\\/salajove\\\/2021\\\/05\\\/13\\\/clj-train-kids-2\\\/\"},\"wordCount\":807,\"commentCount\":0,\"publisher\":{\"@id\":\"https:\\\/\\\/biblioteca.blanes.cat\\\/salajove\\\/#organization\"},\"image\":{\"@id\":\"https:\\\/\\\/biblioteca.blanes.cat\\\/salajove\\\/2021\\\/05\\\/13\\\/clj-train-kids-2\\\/#primaryimage\"},\"thumbnailUrl\":\"https:\\\/\\\/biblioteca.blanes.cat\\\/salajove\\\/wp-content\\\/uploads\\\/sites\\\/3\\\/2020\\\/07\\\/logo-club-de-lectura-2020-bloc-3.jpg\",\"keywords\":[\"#Activitats #ClubdeLectura #Gamificaci\u00f3 #jocs #Joves #Lectura #Literatura #Llibres\"],\"articleSection\":[\"Club de Lectura\"],\"inLanguage\":\"ca\",\"potentialAction\":[{\"@type\":\"CommentAction\",\"name\":\"Comment\",\"target\":[\"https:\\\/\\\/biblioteca.blanes.cat\\\/salajove\\\/2021\\\/05\\\/13\\\/clj-train-kids-2\\\/#respond\"]}]},{\"@type\":\"WebPage\",\"@id\":\"https:\\\/\\\/biblioteca.blanes.cat\\\/salajove\\\/2021\\\/05\\\/13\\\/clj-train-kids-2\\\/\",\"url\":\"https:\\\/\\\/biblioteca.blanes.cat\\\/salajove\\\/2021\\\/05\\\/13\\\/clj-train-kids-2\\\/\",\"name\":\"CLJ: El Pr\u00edncipe de la Niebla - Sala Jove\",\"isPartOf\":{\"@id\":\"https:\\\/\\\/biblioteca.blanes.cat\\\/salajove\\\/#website\"},\"primaryImageOfPage\":{\"@id\":\"https:\\\/\\\/biblioteca.blanes.cat\\\/salajove\\\/2021\\\/05\\\/13\\\/clj-train-kids-2\\\/#primaryimage\"},\"image\":{\"@id\":\"https:\\\/\\\/biblioteca.blanes.cat\\\/salajove\\\/2021\\\/05\\\/13\\\/clj-train-kids-2\\\/#primaryimage\"},\"thumbnailUrl\":\"https:\\\/\\\/biblioteca.blanes.cat\\\/salajove\\\/wp-content\\\/uploads\\\/sites\\\/3\\\/2020\\\/07\\\/logo-club-de-lectura-2020-bloc-3.jpg\",\"datePublished\":\"2021-05-13T17:31:49+00:00\",\"dateModified\":\"2021-07-27T08:03:20+00:00\",\"breadcrumb\":{\"@id\":\"https:\\\/\\\/biblioteca.blanes.cat\\\/salajove\\\/2021\\\/05\\\/13\\\/clj-train-kids-2\\\/#breadcrumb\"},\"inLanguage\":\"ca\",\"potentialAction\":[{\"@type\":\"ReadAction\",\"target\":[\"https:\\\/\\\/biblioteca.blanes.cat\\\/salajove\\\/2021\\\/05\\\/13\\\/clj-train-kids-2\\\/\"]}]},{\"@type\":\"ImageObject\",\"inLanguage\":\"ca\",\"@id\":\"https:\\\/\\\/biblioteca.blanes.cat\\\/salajove\\\/2021\\\/05\\\/13\\\/clj-train-kids-2\\\/#primaryimage\",\"url\":\"https:\\\/\\\/biblioteca.blanes.cat\\\/salajove\\\/wp-content\\\/uploads\\\/sites\\\/3\\\/2020\\\/07\\\/logo-club-de-lectura-2020-bloc-3.jpg\",\"contentUrl\":\"https:\\\/\\\/biblioteca.blanes.cat\\\/salajove\\\/wp-content\\\/uploads\\\/sites\\\/3\\\/2020\\\/07\\\/logo-club-de-lectura-2020-bloc-3.jpg\",\"width\":200,\"height\":246},{\"@type\":\"BreadcrumbList\",\"@id\":\"https:\\\/\\\/biblioteca.blanes.cat\\\/salajove\\\/2021\\\/05\\\/13\\\/clj-train-kids-2\\\/#breadcrumb\",\"itemListElement\":[{\"@type\":\"ListItem\",\"position\":1,\"name\":\"Inici\",\"item\":\"https:\\\/\\\/biblioteca.blanes.cat\\\/salajove\\\/\"},{\"@type\":\"ListItem\",\"position\":2,\"name\":\"CLJ: El Pr\u00edncipe de la Niebla\"}]},{\"@type\":\"WebSite\",\"@id\":\"https:\\\/\\\/biblioteca.blanes.cat\\\/salajove\\\/#website\",\"url\":\"https:\\\/\\\/biblioteca.blanes.cat\\\/salajove\\\/\",\"name\":\"Sala Jove\",\"description\":\"Biblioteca Comarcal de Blanes\",\"publisher\":{\"@id\":\"https:\\\/\\\/biblioteca.blanes.cat\\\/salajove\\\/#organization\"},\"potentialAction\":[{\"@type\":\"SearchAction\",\"target\":{\"@type\":\"EntryPoint\",\"urlTemplate\":\"https:\\\/\\\/biblioteca.blanes.cat\\\/salajove\\\/?s={search_term_string}\"},\"query-input\":{\"@type\":\"PropertyValueSpecification\",\"valueRequired\":true,\"valueName\":\"search_term_string\"}}],\"inLanguage\":\"ca\"},{\"@type\":\"Organization\",\"@id\":\"https:\\\/\\\/biblioteca.blanes.cat\\\/salajove\\\/#organization\",\"name\":\"Biblioteca Comarcal de Blanes\",\"url\":\"https:\\\/\\\/biblioteca.blanes.cat\\\/salajove\\\/\",\"logo\":{\"@type\":\"ImageObject\",\"inLanguage\":\"ca\",\"@id\":\"https:\\\/\\\/biblioteca.blanes.cat\\\/salajove\\\/#\\\/schema\\\/logo\\\/image\\\/\",\"url\":\"https:\\\/\\\/biblioteca.blanes.cat\\\/salajove\\\/wp-content\\\/uploads\\\/sites\\\/3\\\/2017\\\/09\\\/cropped-Bib-blau-e1518869380535.png\",\"contentUrl\":\"https:\\\/\\\/biblioteca.blanes.cat\\\/salajove\\\/wp-content\\\/uploads\\\/sites\\\/3\\\/2017\\\/09\\\/cropped-Bib-blau-e1518869380535.png\",\"width\":166,\"height\":166,\"caption\":\"Biblioteca Comarcal de Blanes\"},\"image\":{\"@id\":\"https:\\\/\\\/biblioteca.blanes.cat\\\/salajove\\\/#\\\/schema\\\/logo\\\/image\\\/\"},\"sameAs\":[\"https:\\\/\\\/www.facebook.com\\\/BilbiotecaComarcaldeBlanes\\\/\",\"https:\\\/\\\/x.com\\\/BiblioBlanes\",\"https:\\\/\\\/www.instagram.com\\\/biblioblanes\\\/\",\"https:\\\/\\\/www.pinterest.es\\\/bblanes\\\/\",\"https:\\\/\\\/www.youtube.com\\\/c\\\/BibliotecaComarcalBlanes\"]},{\"@type\":\"Person\",\"@id\":\"https:\\\/\\\/biblioteca.blanes.cat\\\/salajove\\\/#\\\/schema\\\/person\\\/5a7b46760d9dd611d098bbf571a341dc\",\"name\":\"biblioblanes\",\"image\":{\"@type\":\"ImageObject\",\"inLanguage\":\"ca\",\"@id\":\"https:\\\/\\\/secure.gravatar.com\\\/avatar\\\/6593ca6cc90e5a70939f51c95e8315483b9c281bafba597292bee47992030f99?s=96&d=mm&r=g\",\"url\":\"https:\\\/\\\/secure.gravatar.com\\\/avatar\\\/6593ca6cc90e5a70939f51c95e8315483b9c281bafba597292bee47992030f99?s=96&d=mm&r=g\",\"contentUrl\":\"https:\\\/\\\/secure.gravatar.com\\\/avatar\\\/6593ca6cc90e5a70939f51c95e8315483b9c281bafba597292bee47992030f99?s=96&d=mm&r=g\",\"caption\":\"biblioblanes\"},\"sameAs\":[\"http:\\\/\\\/www.bibgirona.cat\\\/biblioteca\\\/blanes\",\"https:\\\/\\\/x.com\\\/biblioblanes\"],\"url\":\"https:\\\/\\\/biblioteca.blanes.cat\\\/salajove\\\/author\\\/biblioblanes\\\/\"}]}<\/script>\n<!-- \/ Yoast SEO plugin. -->","yoast_head_json":{"title":"CLJ: El Pr\u00edncipe de la Niebla - Sala Jove","robots":{"index":"index","follow":"follow","max-snippet":"max-snippet:-1","max-image-preview":"max-image-preview:large","max-video-preview":"max-video-preview:-1"},"canonical":"https:\/\/biblioteca.blanes.cat\/salajove\/2021\/05\/13\/clj-train-kids-2\/","og_locale":"ca_ES","og_type":"article","og_title":"CLJ: El Pr\u00edncipe de la Niebla - Sala Jove","og_description":"Avui al Club de Lectura Juvenil hem comentat El pr\u00edncipe de la niebla de Carlos Ruiz Zaf\u00f3n Al Club de Lectura Juvenil hem llegit poesia, c\u00f2mic, contemporani, realista, cl\u00e0ssic&#8230; i ens faltava la tan esperada novel.la de terror i aventures.","og_url":"https:\/\/biblioteca.blanes.cat\/salajove\/2021\/05\/13\/clj-train-kids-2\/","og_site_name":"Sala Jove","article_publisher":"https:\/\/www.facebook.com\/BilbiotecaComarcaldeBlanes\/","article_published_time":"2021-05-13T17:31:49+00:00","article_modified_time":"2021-07-27T08:03:20+00:00","og_image":[{"width":200,"height":246,"url":"https:\/\/biblioteca.blanes.cat\/salajove\/wp-content\/uploads\/sites\/3\/2020\/07\/logo-club-de-lectura-2020-bloc-3.jpg","type":"image\/jpeg"}],"author":"biblioblanes","twitter_card":"summary_large_image","twitter_creator":"@biblioblanes","twitter_site":"@BiblioBlanes","twitter_misc":{"Escrit per":"biblioblanes","Temps estimat de lectura":"4 minuts"},"schema":{"@context":"https:\/\/schema.org","@graph":[{"@type":"Article","@id":"https:\/\/biblioteca.blanes.cat\/salajove\/2021\/05\/13\/clj-train-kids-2\/#article","isPartOf":{"@id":"https:\/\/biblioteca.blanes.cat\/salajove\/2021\/05\/13\/clj-train-kids-2\/"},"author":{"name":"biblioblanes","@id":"https:\/\/biblioteca.blanes.cat\/salajove\/#\/schema\/person\/5a7b46760d9dd611d098bbf571a341dc"},"headline":"CLJ: El Pr\u00edncipe de la Niebla","datePublished":"2021-05-13T17:31:49+00:00","dateModified":"2021-07-27T08:03:20+00:00","mainEntityOfPage":{"@id":"https:\/\/biblioteca.blanes.cat\/salajove\/2021\/05\/13\/clj-train-kids-2\/"},"wordCount":807,"commentCount":0,"publisher":{"@id":"https:\/\/biblioteca.blanes.cat\/salajove\/#organization"},"image":{"@id":"https:\/\/biblioteca.blanes.cat\/salajove\/2021\/05\/13\/clj-train-kids-2\/#primaryimage"},"thumbnailUrl":"https:\/\/biblioteca.blanes.cat\/salajove\/wp-content\/uploads\/sites\/3\/2020\/07\/logo-club-de-lectura-2020-bloc-3.jpg","keywords":["#Activitats #ClubdeLectura #Gamificaci\u00f3 #jocs #Joves #Lectura #Literatura #Llibres"],"articleSection":["Club de Lectura"],"inLanguage":"ca","potentialAction":[{"@type":"CommentAction","name":"Comment","target":["https:\/\/biblioteca.blanes.cat\/salajove\/2021\/05\/13\/clj-train-kids-2\/#respond"]}]},{"@type":"WebPage","@id":"https:\/\/biblioteca.blanes.cat\/salajove\/2021\/05\/13\/clj-train-kids-2\/","url":"https:\/\/biblioteca.blanes.cat\/salajove\/2021\/05\/13\/clj-train-kids-2\/","name":"CLJ: El Pr\u00edncipe de la Niebla - Sala Jove","isPartOf":{"@id":"https:\/\/biblioteca.blanes.cat\/salajove\/#website"},"primaryImageOfPage":{"@id":"https:\/\/biblioteca.blanes.cat\/salajove\/2021\/05\/13\/clj-train-kids-2\/#primaryimage"},"image":{"@id":"https:\/\/biblioteca.blanes.cat\/salajove\/2021\/05\/13\/clj-train-kids-2\/#primaryimage"},"thumbnailUrl":"https:\/\/biblioteca.blanes.cat\/salajove\/wp-content\/uploads\/sites\/3\/2020\/07\/logo-club-de-lectura-2020-bloc-3.jpg","datePublished":"2021-05-13T17:31:49+00:00","dateModified":"2021-07-27T08:03:20+00:00","breadcrumb":{"@id":"https:\/\/biblioteca.blanes.cat\/salajove\/2021\/05\/13\/clj-train-kids-2\/#breadcrumb"},"inLanguage":"ca","potentialAction":[{"@type":"ReadAction","target":["https:\/\/biblioteca.blanes.cat\/salajove\/2021\/05\/13\/clj-train-kids-2\/"]}]},{"@type":"ImageObject","inLanguage":"ca","@id":"https:\/\/biblioteca.blanes.cat\/salajove\/2021\/05\/13\/clj-train-kids-2\/#primaryimage","url":"https:\/\/biblioteca.blanes.cat\/salajove\/wp-content\/uploads\/sites\/3\/2020\/07\/logo-club-de-lectura-2020-bloc-3.jpg","contentUrl":"https:\/\/biblioteca.blanes.cat\/salajove\/wp-content\/uploads\/sites\/3\/2020\/07\/logo-club-de-lectura-2020-bloc-3.jpg","width":200,"height":246},{"@type":"BreadcrumbList","@id":"https:\/\/biblioteca.blanes.cat\/salajove\/2021\/05\/13\/clj-train-kids-2\/#breadcrumb","itemListElement":[{"@type":"ListItem","position":1,"name":"Inici","item":"https:\/\/biblioteca.blanes.cat\/salajove\/"},{"@type":"ListItem","position":2,"name":"CLJ: El Pr\u00edncipe de la Niebla"}]},{"@type":"WebSite","@id":"https:\/\/biblioteca.blanes.cat\/salajove\/#website","url":"https:\/\/biblioteca.blanes.cat\/salajove\/","name":"Sala Jove","description":"Biblioteca Comarcal de Blanes","publisher":{"@id":"https:\/\/biblioteca.blanes.cat\/salajove\/#organization"},"potentialAction":[{"@type":"SearchAction","target":{"@type":"EntryPoint","urlTemplate":"https:\/\/biblioteca.blanes.cat\/salajove\/?s={search_term_string}"},"query-input":{"@type":"PropertyValueSpecification","valueRequired":true,"valueName":"search_term_string"}}],"inLanguage":"ca"},{"@type":"Organization","@id":"https:\/\/biblioteca.blanes.cat\/salajove\/#organization","name":"Biblioteca Comarcal de Blanes","url":"https:\/\/biblioteca.blanes.cat\/salajove\/","logo":{"@type":"ImageObject","inLanguage":"ca","@id":"https:\/\/biblioteca.blanes.cat\/salajove\/#\/schema\/logo\/image\/","url":"https:\/\/biblioteca.blanes.cat\/salajove\/wp-content\/uploads\/sites\/3\/2017\/09\/cropped-Bib-blau-e1518869380535.png","contentUrl":"https:\/\/biblioteca.blanes.cat\/salajove\/wp-content\/uploads\/sites\/3\/2017\/09\/cropped-Bib-blau-e1518869380535.png","width":166,"height":166,"caption":"Biblioteca Comarcal de Blanes"},"image":{"@id":"https:\/\/biblioteca.blanes.cat\/salajove\/#\/schema\/logo\/image\/"},"sameAs":["https:\/\/www.facebook.com\/BilbiotecaComarcaldeBlanes\/","https:\/\/x.com\/BiblioBlanes","https:\/\/www.instagram.com\/biblioblanes\/","https:\/\/www.pinterest.es\/bblanes\/","https:\/\/www.youtube.com\/c\/BibliotecaComarcalBlanes"]},{"@type":"Person","@id":"https:\/\/biblioteca.blanes.cat\/salajove\/#\/schema\/person\/5a7b46760d9dd611d098bbf571a341dc","name":"biblioblanes","image":{"@type":"ImageObject","inLanguage":"ca","@id":"https:\/\/secure.gravatar.com\/avatar\/6593ca6cc90e5a70939f51c95e8315483b9c281bafba597292bee47992030f99?s=96&d=mm&r=g","url":"https:\/\/secure.gravatar.com\/avatar\/6593ca6cc90e5a70939f51c95e8315483b9c281bafba597292bee47992030f99?s=96&d=mm&r=g","contentUrl":"https:\/\/secure.gravatar.com\/avatar\/6593ca6cc90e5a70939f51c95e8315483b9c281bafba597292bee47992030f99?s=96&d=mm&r=g","caption":"biblioblanes"},"sameAs":["http:\/\/www.bibgirona.cat\/biblioteca\/blanes","https:\/\/x.com\/biblioblanes"],"url":"https:\/\/biblioteca.blanes.cat\/salajove\/author\/biblioblanes\/"}]}},"_links":{"self":[{"href":"https:\/\/biblioteca.blanes.cat\/salajove\/wp-json\/wp\/v2\/posts\/5592","targetHints":{"allow":["GET"]}}],"collection":[{"href":"https:\/\/biblioteca.blanes.cat\/salajove\/wp-json\/wp\/v2\/posts"}],"about":[{"href":"https:\/\/biblioteca.blanes.cat\/salajove\/wp-json\/wp\/v2\/types\/post"}],"author":[{"embeddable":true,"href":"https:\/\/biblioteca.blanes.cat\/salajove\/wp-json\/wp\/v2\/users\/4"}],"replies":[{"embeddable":true,"href":"https:\/\/biblioteca.blanes.cat\/salajove\/wp-json\/wp\/v2\/comments?post=5592"}],"version-history":[{"count":6,"href":"https:\/\/biblioteca.blanes.cat\/salajove\/wp-json\/wp\/v2\/posts\/5592\/revisions"}],"predecessor-version":[{"id":6222,"href":"https:\/\/biblioteca.blanes.cat\/salajove\/wp-json\/wp\/v2\/posts\/5592\/revisions\/6222"}],"wp:featuredmedia":[{"embeddable":true,"href":"https:\/\/biblioteca.blanes.cat\/salajove\/wp-json\/wp\/v2\/media\/4270"}],"wp:attachment":[{"href":"https:\/\/biblioteca.blanes.cat\/salajove\/wp-json\/wp\/v2\/media?parent=5592"}],"wp:term":[{"taxonomy":"category","embeddable":true,"href":"https:\/\/biblioteca.blanes.cat\/salajove\/wp-json\/wp\/v2\/categories?post=5592"},{"taxonomy":"post_tag","embeddable":true,"href":"https:\/\/biblioteca.blanes.cat\/salajove\/wp-json\/wp\/v2\/tags?post=5592"}],"curies":[{"name":"wp","href":"https:\/\/api.w.org\/{rel}","templated":true}]}}