{"id":5523,"date":"2021-04-27T08:41:05","date_gmt":"2021-04-27T07:41:05","guid":{"rendered":"https:\/\/biblioteca.blanes.cat\/salajove\/?p=5523"},"modified":"2021-04-27T08:41:07","modified_gmt":"2021-04-27T07:41:07","slug":"un-any-darrera-la-pantalla-salvador-macip","status":"publish","type":"post","link":"https:\/\/biblioteca.blanes.cat\/salajove\/2021\/04\/27\/un-any-darrera-la-pantalla-salvador-macip\/","title":{"rendered":"Un any darrera la pantalla, Salvador Macip"},"content":{"rendered":"\n<p style=\"text-align: left;\">Fa justament un any que vam contactar amb en <strong>Salvador Macip<\/strong>, investigador, cient\u00edfic i escriptor blanenc, per con\u00e8ixer una mica la seva visi\u00f3 del que estava passant i de com s&#8217;estava gestionant aquesta pand\u00e8mia.<\/p>\n<p>Un any despr\u00e9s ho tornem a fer perqu\u00e8 ens expliqui com ha viscut aquest any, quin \u00e9s el seu punt de vista sobre les vacunes i sobretot, ens parli de les seves dos \u00faltimes lectures &#8220;<strong>Lli\u00e7ons d&#8217;una pand\u00e8mia<\/strong>&#8221; i &#8220;<strong>Janowitz<\/strong>&#8220;.<\/p>\n<p>Per aquells que no v\u00e0reu poder assistir a la trobada, a continuaci\u00f3 podeu veure la gravaci\u00f3 que des de la<strong> Biblioteca de Blanes<\/strong> vam registrar al nostre canal de Youtube. Podreu con\u00e8ixer de primera m\u00e0 com s&#8217;est\u00e0 vivint des de Leciester (Regne Unit) la pand\u00e8mia, la import\u00e0ncia de la comunicaci\u00f3 i la desinformaci\u00f3 i com \u00e9s de important posar-se la vacuna i com m\u00e9s aviat ho fem millor. Tot des del punt de vista d&#8217;en Salvador que, com ens t\u00e9 acostumats, sempre ho fa de manera clara i senzilla perqu\u00e8 tots i totes ho podem entendre.<\/p>\n<p>\u00a0<\/p>\n<p><iframe title=\"Sant Jordi 2021: Un any darrera la pantalla, conversa amb Salvador Macip\" width=\"750\" height=\"422\" src=\"https:\/\/www.youtube.com\/embed\/z3sKxAtR7uk?feature=oembed\" frameborder=\"0\" allow=\"accelerometer; autoplay; clipboard-write; encrypted-media; gyroscope; picture-in-picture\" allowfullscreen><\/iframe><\/p>\n<p>\u00a0<\/p>\n<p>No pod\u00edem celebrar millor Revetlla de Sant Jordi que amb les Recomanacions dels seus dos \u00faltims llibres, disponibles a la Biblioteca de Blanes:<\/p>\n<p style=\"text-align: center;\"><strong>Lli\u00e7ons d&#8217;una pand\u00e8mia<\/strong> Una an\u00e0lisi l\u00facida i did\u00e0ctica sobre la gesti\u00f3 de la pand\u00e8mia de la covid-19. <\/p>\n<p><strong><img decoding=\"async\" class=\"shrinkToFit aligncenter\" src=\"https:\/\/www.anagrama-ed.es\/uploads\/media\/portadas\/0001\/25\/b90093a36062961fd27c28bbb6b43b17cce43881.jpeg\" alt=\"https:\/\/www.anagrama-ed.es\/uploads\/media\/portadas\/0001\/25\/b90093a36062961fd27c28bbb6b43b17cce43881.jpeg\" width=\"147\" height=\"245\" \/><\/strong><\/p>\n<p style=\"text-align: center;\"><strong>Janowitz<\/strong> Un lloc diferent al nostre m\u00f3n, on hi conviuen persones com nosaltres i criatures estranyes, i ara est\u00e0 en perill.\u00a0<\/p>\n<p><img decoding=\"async\" class=\"photo  aligncenter\" src=\"https:\/\/grup62cat.cdnstatics2.com\/usuaris\/libros\/fotos\/328\/m_libros\/portada_janowitz_salvador-macip_202101121713.jpg\" alt=\"\" width=\"149\" height=\"222\" border=\"0\" \/><\/p>\n<p>\u00a0<\/p>\n<p>Gr\u00e0cies Salvador per ser sempre tan proper, per la teva implicaci\u00f3 i sobretot per ajudar-nos a entendre una miqueta m\u00e9s el m\u00f3n que ens envolta.<\/p>\n<p>\u00a0<\/p>\n","protected":false},"excerpt":{"rendered":"<p>Fa justament un any que vam contactar amb en Salvador Macip, investigador, cient\u00edfic i escriptor blanenc, per con\u00e8ixer una mica la seva visi\u00f3 del que estava passant i de com s&#8217;estava gestionant aquesta pand\u00e8mia. Un any despr\u00e9s ho tornem a<\/p>\n","protected":false},"author":4,"featured_media":3059,"comment_status":"open","ping_status":"open","sticky":false,"template":"","format":"standard","meta":{"sfsi_plus_gutenberg_text_before_share":"","sfsi_plus_gutenberg_show_text_before_share":"","sfsi_plus_gutenberg_icon_type":"","sfsi_plus_gutenberg_icon_alignemt":"","sfsi_plus_gutenburg_max_per_row":"","footnotes":""},"categories":[3],"tags":[97,26],"class_list":["post-5523","post","type-post","status-publish","format-standard","has-post-thumbnail","hentry","category-activitats","tag-activitats-actualitat-joves","tag-lectura"],"yoast_head":"<!-- This site is optimized with the Yoast SEO plugin v27.5 - https:\/\/yoast.com\/product\/yoast-seo-wordpress\/ -->\n<title>Un any darrera la pantalla, Salvador Macip - Sala Jove<\/title>\n<meta name=\"robots\" content=\"index, follow, max-snippet:-1, max-image-preview:large, max-video-preview:-1\" \/>\n<link rel=\"canonical\" href=\"https:\/\/biblioteca.blanes.cat\/salajove\/2021\/04\/27\/un-any-darrera-la-pantalla-salvador-macip\/\" \/>\n<meta property=\"og:locale\" content=\"ca_ES\" \/>\n<meta property=\"og:type\" content=\"article\" \/>\n<meta property=\"og:title\" content=\"Un any darrera la pantalla, Salvador Macip - Sala Jove\" \/>\n<meta property=\"og:description\" content=\"Fa justament un any que vam contactar amb en Salvador Macip, investigador, cient\u00edfic i escriptor blanenc, per con\u00e8ixer una mica la seva visi\u00f3 del que estava passant i de com s&#8217;estava gestionant aquesta pand\u00e8mia. Un any despr\u00e9s ho tornem a\" \/>\n<meta property=\"og:url\" content=\"https:\/\/biblioteca.blanes.cat\/salajove\/2021\/04\/27\/un-any-darrera-la-pantalla-salvador-macip\/\" \/>\n<meta property=\"og:site_name\" content=\"Sala Jove\" \/>\n<meta property=\"article:publisher\" content=\"https:\/\/www.facebook.com\/BilbiotecaComarcaldeBlanes\/\" \/>\n<meta property=\"article:published_time\" content=\"2021-04-27T07:41:05+00:00\" \/>\n<meta property=\"article:modified_time\" content=\"2021-04-27T07:41:07+00:00\" \/>\n<meta property=\"og:image\" content=\"https:\/\/biblioteca.blanes.cat\/salajove\/wp-content\/uploads\/sites\/3\/2019\/07\/agenda-3.png\" \/>\n\t<meta property=\"og:image:width\" content=\"3719\" \/>\n\t<meta property=\"og:image:height\" content=\"3719\" \/>\n\t<meta property=\"og:image:type\" content=\"image\/png\" \/>\n<meta name=\"author\" content=\"biblioblanes\" \/>\n<meta name=\"twitter:card\" content=\"summary_large_image\" \/>\n<meta name=\"twitter:creator\" content=\"@biblioblanes\" \/>\n<meta name=\"twitter:site\" content=\"@BiblioBlanes\" \/>\n<meta name=\"twitter:label1\" content=\"Escrit per\" \/>\n\t<meta name=\"twitter:data1\" content=\"biblioblanes\" \/>\n\t<meta name=\"twitter:label2\" content=\"Temps estimat de lectura\" \/>\n\t<meta name=\"twitter:data2\" content=\"2 minuts\" \/>\n<script type=\"application\/ld+json\" class=\"yoast-schema-graph\">{\"@context\":\"https:\\\/\\\/schema.org\",\"@graph\":[{\"@type\":\"Article\",\"@id\":\"https:\\\/\\\/biblioteca.blanes.cat\\\/salajove\\\/2021\\\/04\\\/27\\\/un-any-darrera-la-pantalla-salvador-macip\\\/#article\",\"isPartOf\":{\"@id\":\"https:\\\/\\\/biblioteca.blanes.cat\\\/salajove\\\/2021\\\/04\\\/27\\\/un-any-darrera-la-pantalla-salvador-macip\\\/\"},\"author\":{\"name\":\"biblioblanes\",\"@id\":\"https:\\\/\\\/biblioteca.blanes.cat\\\/salajove\\\/#\\\/schema\\\/person\\\/5a7b46760d9dd611d098bbf571a341dc\"},\"headline\":\"Un any darrera la pantalla, Salvador Macip\",\"datePublished\":\"2021-04-27T07:41:05+00:00\",\"dateModified\":\"2021-04-27T07:41:07+00:00\",\"mainEntityOfPage\":{\"@id\":\"https:\\\/\\\/biblioteca.blanes.cat\\\/salajove\\\/2021\\\/04\\\/27\\\/un-any-darrera-la-pantalla-salvador-macip\\\/\"},\"wordCount\":296,\"commentCount\":0,\"publisher\":{\"@id\":\"https:\\\/\\\/biblioteca.blanes.cat\\\/salajove\\\/#organization\"},\"image\":{\"@id\":\"https:\\\/\\\/biblioteca.blanes.cat\\\/salajove\\\/2021\\\/04\\\/27\\\/un-any-darrera-la-pantalla-salvador-macip\\\/#primaryimage\"},\"thumbnailUrl\":\"https:\\\/\\\/biblioteca.blanes.cat\\\/salajove\\\/wp-content\\\/uploads\\\/sites\\\/3\\\/2019\\\/07\\\/agenda-3.png\",\"keywords\":[\"#Activitats #Actualitat #Joves\",\"#Lectura\"],\"articleSection\":[\"AGENDA\"],\"inLanguage\":\"ca\",\"potentialAction\":[{\"@type\":\"CommentAction\",\"name\":\"Comment\",\"target\":[\"https:\\\/\\\/biblioteca.blanes.cat\\\/salajove\\\/2021\\\/04\\\/27\\\/un-any-darrera-la-pantalla-salvador-macip\\\/#respond\"]}]},{\"@type\":\"WebPage\",\"@id\":\"https:\\\/\\\/biblioteca.blanes.cat\\\/salajove\\\/2021\\\/04\\\/27\\\/un-any-darrera-la-pantalla-salvador-macip\\\/\",\"url\":\"https:\\\/\\\/biblioteca.blanes.cat\\\/salajove\\\/2021\\\/04\\\/27\\\/un-any-darrera-la-pantalla-salvador-macip\\\/\",\"name\":\"Un any darrera la pantalla, Salvador Macip - Sala Jove\",\"isPartOf\":{\"@id\":\"https:\\\/\\\/biblioteca.blanes.cat\\\/salajove\\\/#website\"},\"primaryImageOfPage\":{\"@id\":\"https:\\\/\\\/biblioteca.blanes.cat\\\/salajove\\\/2021\\\/04\\\/27\\\/un-any-darrera-la-pantalla-salvador-macip\\\/#primaryimage\"},\"image\":{\"@id\":\"https:\\\/\\\/biblioteca.blanes.cat\\\/salajove\\\/2021\\\/04\\\/27\\\/un-any-darrera-la-pantalla-salvador-macip\\\/#primaryimage\"},\"thumbnailUrl\":\"https:\\\/\\\/biblioteca.blanes.cat\\\/salajove\\\/wp-content\\\/uploads\\\/sites\\\/3\\\/2019\\\/07\\\/agenda-3.png\",\"datePublished\":\"2021-04-27T07:41:05+00:00\",\"dateModified\":\"2021-04-27T07:41:07+00:00\",\"breadcrumb\":{\"@id\":\"https:\\\/\\\/biblioteca.blanes.cat\\\/salajove\\\/2021\\\/04\\\/27\\\/un-any-darrera-la-pantalla-salvador-macip\\\/#breadcrumb\"},\"inLanguage\":\"ca\",\"potentialAction\":[{\"@type\":\"ReadAction\",\"target\":[\"https:\\\/\\\/biblioteca.blanes.cat\\\/salajove\\\/2021\\\/04\\\/27\\\/un-any-darrera-la-pantalla-salvador-macip\\\/\"]}]},{\"@type\":\"ImageObject\",\"inLanguage\":\"ca\",\"@id\":\"https:\\\/\\\/biblioteca.blanes.cat\\\/salajove\\\/2021\\\/04\\\/27\\\/un-any-darrera-la-pantalla-salvador-macip\\\/#primaryimage\",\"url\":\"https:\\\/\\\/biblioteca.blanes.cat\\\/salajove\\\/wp-content\\\/uploads\\\/sites\\\/3\\\/2019\\\/07\\\/agenda-3.png\",\"contentUrl\":\"https:\\\/\\\/biblioteca.blanes.cat\\\/salajove\\\/wp-content\\\/uploads\\\/sites\\\/3\\\/2019\\\/07\\\/agenda-3.png\",\"width\":3719,\"height\":3719},{\"@type\":\"BreadcrumbList\",\"@id\":\"https:\\\/\\\/biblioteca.blanes.cat\\\/salajove\\\/2021\\\/04\\\/27\\\/un-any-darrera-la-pantalla-salvador-macip\\\/#breadcrumb\",\"itemListElement\":[{\"@type\":\"ListItem\",\"position\":1,\"name\":\"Inici\",\"item\":\"https:\\\/\\\/biblioteca.blanes.cat\\\/salajove\\\/\"},{\"@type\":\"ListItem\",\"position\":2,\"name\":\"Un any darrera la pantalla, Salvador Macip\"}]},{\"@type\":\"WebSite\",\"@id\":\"https:\\\/\\\/biblioteca.blanes.cat\\\/salajove\\\/#website\",\"url\":\"https:\\\/\\\/biblioteca.blanes.cat\\\/salajove\\\/\",\"name\":\"Sala Jove\",\"description\":\"Biblioteca Comarcal de Blanes\",\"publisher\":{\"@id\":\"https:\\\/\\\/biblioteca.blanes.cat\\\/salajove\\\/#organization\"},\"potentialAction\":[{\"@type\":\"SearchAction\",\"target\":{\"@type\":\"EntryPoint\",\"urlTemplate\":\"https:\\\/\\\/biblioteca.blanes.cat\\\/salajove\\\/?s={search_term_string}\"},\"query-input\":{\"@type\":\"PropertyValueSpecification\",\"valueRequired\":true,\"valueName\":\"search_term_string\"}}],\"inLanguage\":\"ca\"},{\"@type\":\"Organization\",\"@id\":\"https:\\\/\\\/biblioteca.blanes.cat\\\/salajove\\\/#organization\",\"name\":\"Biblioteca Comarcal de Blanes\",\"url\":\"https:\\\/\\\/biblioteca.blanes.cat\\\/salajove\\\/\",\"logo\":{\"@type\":\"ImageObject\",\"inLanguage\":\"ca\",\"@id\":\"https:\\\/\\\/biblioteca.blanes.cat\\\/salajove\\\/#\\\/schema\\\/logo\\\/image\\\/\",\"url\":\"https:\\\/\\\/biblioteca.blanes.cat\\\/salajove\\\/wp-content\\\/uploads\\\/sites\\\/3\\\/2017\\\/09\\\/cropped-Bib-blau-e1518869380535.png\",\"contentUrl\":\"https:\\\/\\\/biblioteca.blanes.cat\\\/salajove\\\/wp-content\\\/uploads\\\/sites\\\/3\\\/2017\\\/09\\\/cropped-Bib-blau-e1518869380535.png\",\"width\":166,\"height\":166,\"caption\":\"Biblioteca Comarcal de Blanes\"},\"image\":{\"@id\":\"https:\\\/\\\/biblioteca.blanes.cat\\\/salajove\\\/#\\\/schema\\\/logo\\\/image\\\/\"},\"sameAs\":[\"https:\\\/\\\/www.facebook.com\\\/BilbiotecaComarcaldeBlanes\\\/\",\"https:\\\/\\\/x.com\\\/BiblioBlanes\",\"https:\\\/\\\/www.instagram.com\\\/biblioblanes\\\/\",\"https:\\\/\\\/www.pinterest.es\\\/bblanes\\\/\",\"https:\\\/\\\/www.youtube.com\\\/c\\\/BibliotecaComarcalBlanes\"]},{\"@type\":\"Person\",\"@id\":\"https:\\\/\\\/biblioteca.blanes.cat\\\/salajove\\\/#\\\/schema\\\/person\\\/5a7b46760d9dd611d098bbf571a341dc\",\"name\":\"biblioblanes\",\"image\":{\"@type\":\"ImageObject\",\"inLanguage\":\"ca\",\"@id\":\"https:\\\/\\\/secure.gravatar.com\\\/avatar\\\/6593ca6cc90e5a70939f51c95e8315483b9c281bafba597292bee47992030f99?s=96&d=mm&r=g\",\"url\":\"https:\\\/\\\/secure.gravatar.com\\\/avatar\\\/6593ca6cc90e5a70939f51c95e8315483b9c281bafba597292bee47992030f99?s=96&d=mm&r=g\",\"contentUrl\":\"https:\\\/\\\/secure.gravatar.com\\\/avatar\\\/6593ca6cc90e5a70939f51c95e8315483b9c281bafba597292bee47992030f99?s=96&d=mm&r=g\",\"caption\":\"biblioblanes\"},\"sameAs\":[\"http:\\\/\\\/www.bibgirona.cat\\\/biblioteca\\\/blanes\",\"https:\\\/\\\/x.com\\\/biblioblanes\"],\"url\":\"https:\\\/\\\/biblioteca.blanes.cat\\\/salajove\\\/author\\\/biblioblanes\\\/\"}]}<\/script>\n<!-- \/ Yoast SEO plugin. -->","yoast_head_json":{"title":"Un any darrera la pantalla, Salvador Macip - Sala Jove","robots":{"index":"index","follow":"follow","max-snippet":"max-snippet:-1","max-image-preview":"max-image-preview:large","max-video-preview":"max-video-preview:-1"},"canonical":"https:\/\/biblioteca.blanes.cat\/salajove\/2021\/04\/27\/un-any-darrera-la-pantalla-salvador-macip\/","og_locale":"ca_ES","og_type":"article","og_title":"Un any darrera la pantalla, Salvador Macip - Sala Jove","og_description":"Fa justament un any que vam contactar amb en Salvador Macip, investigador, cient\u00edfic i escriptor blanenc, per con\u00e8ixer una mica la seva visi\u00f3 del que estava passant i de com s&#8217;estava gestionant aquesta pand\u00e8mia. Un any despr\u00e9s ho tornem a","og_url":"https:\/\/biblioteca.blanes.cat\/salajove\/2021\/04\/27\/un-any-darrera-la-pantalla-salvador-macip\/","og_site_name":"Sala Jove","article_publisher":"https:\/\/www.facebook.com\/BilbiotecaComarcaldeBlanes\/","article_published_time":"2021-04-27T07:41:05+00:00","article_modified_time":"2021-04-27T07:41:07+00:00","og_image":[{"width":3719,"height":3719,"url":"https:\/\/biblioteca.blanes.cat\/salajove\/wp-content\/uploads\/sites\/3\/2019\/07\/agenda-3.png","type":"image\/png"}],"author":"biblioblanes","twitter_card":"summary_large_image","twitter_creator":"@biblioblanes","twitter_site":"@BiblioBlanes","twitter_misc":{"Escrit per":"biblioblanes","Temps estimat de lectura":"2 minuts"},"schema":{"@context":"https:\/\/schema.org","@graph":[{"@type":"Article","@id":"https:\/\/biblioteca.blanes.cat\/salajove\/2021\/04\/27\/un-any-darrera-la-pantalla-salvador-macip\/#article","isPartOf":{"@id":"https:\/\/biblioteca.blanes.cat\/salajove\/2021\/04\/27\/un-any-darrera-la-pantalla-salvador-macip\/"},"author":{"name":"biblioblanes","@id":"https:\/\/biblioteca.blanes.cat\/salajove\/#\/schema\/person\/5a7b46760d9dd611d098bbf571a341dc"},"headline":"Un any darrera la pantalla, Salvador Macip","datePublished":"2021-04-27T07:41:05+00:00","dateModified":"2021-04-27T07:41:07+00:00","mainEntityOfPage":{"@id":"https:\/\/biblioteca.blanes.cat\/salajove\/2021\/04\/27\/un-any-darrera-la-pantalla-salvador-macip\/"},"wordCount":296,"commentCount":0,"publisher":{"@id":"https:\/\/biblioteca.blanes.cat\/salajove\/#organization"},"image":{"@id":"https:\/\/biblioteca.blanes.cat\/salajove\/2021\/04\/27\/un-any-darrera-la-pantalla-salvador-macip\/#primaryimage"},"thumbnailUrl":"https:\/\/biblioteca.blanes.cat\/salajove\/wp-content\/uploads\/sites\/3\/2019\/07\/agenda-3.png","keywords":["#Activitats #Actualitat #Joves","#Lectura"],"articleSection":["AGENDA"],"inLanguage":"ca","potentialAction":[{"@type":"CommentAction","name":"Comment","target":["https:\/\/biblioteca.blanes.cat\/salajove\/2021\/04\/27\/un-any-darrera-la-pantalla-salvador-macip\/#respond"]}]},{"@type":"WebPage","@id":"https:\/\/biblioteca.blanes.cat\/salajove\/2021\/04\/27\/un-any-darrera-la-pantalla-salvador-macip\/","url":"https:\/\/biblioteca.blanes.cat\/salajove\/2021\/04\/27\/un-any-darrera-la-pantalla-salvador-macip\/","name":"Un any darrera la pantalla, Salvador Macip - Sala Jove","isPartOf":{"@id":"https:\/\/biblioteca.blanes.cat\/salajove\/#website"},"primaryImageOfPage":{"@id":"https:\/\/biblioteca.blanes.cat\/salajove\/2021\/04\/27\/un-any-darrera-la-pantalla-salvador-macip\/#primaryimage"},"image":{"@id":"https:\/\/biblioteca.blanes.cat\/salajove\/2021\/04\/27\/un-any-darrera-la-pantalla-salvador-macip\/#primaryimage"},"thumbnailUrl":"https:\/\/biblioteca.blanes.cat\/salajove\/wp-content\/uploads\/sites\/3\/2019\/07\/agenda-3.png","datePublished":"2021-04-27T07:41:05+00:00","dateModified":"2021-04-27T07:41:07+00:00","breadcrumb":{"@id":"https:\/\/biblioteca.blanes.cat\/salajove\/2021\/04\/27\/un-any-darrera-la-pantalla-salvador-macip\/#breadcrumb"},"inLanguage":"ca","potentialAction":[{"@type":"ReadAction","target":["https:\/\/biblioteca.blanes.cat\/salajove\/2021\/04\/27\/un-any-darrera-la-pantalla-salvador-macip\/"]}]},{"@type":"ImageObject","inLanguage":"ca","@id":"https:\/\/biblioteca.blanes.cat\/salajove\/2021\/04\/27\/un-any-darrera-la-pantalla-salvador-macip\/#primaryimage","url":"https:\/\/biblioteca.blanes.cat\/salajove\/wp-content\/uploads\/sites\/3\/2019\/07\/agenda-3.png","contentUrl":"https:\/\/biblioteca.blanes.cat\/salajove\/wp-content\/uploads\/sites\/3\/2019\/07\/agenda-3.png","width":3719,"height":3719},{"@type":"BreadcrumbList","@id":"https:\/\/biblioteca.blanes.cat\/salajove\/2021\/04\/27\/un-any-darrera-la-pantalla-salvador-macip\/#breadcrumb","itemListElement":[{"@type":"ListItem","position":1,"name":"Inici","item":"https:\/\/biblioteca.blanes.cat\/salajove\/"},{"@type":"ListItem","position":2,"name":"Un any darrera la pantalla, Salvador Macip"}]},{"@type":"WebSite","@id":"https:\/\/biblioteca.blanes.cat\/salajove\/#website","url":"https:\/\/biblioteca.blanes.cat\/salajove\/","name":"Sala Jove","description":"Biblioteca Comarcal de Blanes","publisher":{"@id":"https:\/\/biblioteca.blanes.cat\/salajove\/#organization"},"potentialAction":[{"@type":"SearchAction","target":{"@type":"EntryPoint","urlTemplate":"https:\/\/biblioteca.blanes.cat\/salajove\/?s={search_term_string}"},"query-input":{"@type":"PropertyValueSpecification","valueRequired":true,"valueName":"search_term_string"}}],"inLanguage":"ca"},{"@type":"Organization","@id":"https:\/\/biblioteca.blanes.cat\/salajove\/#organization","name":"Biblioteca Comarcal de Blanes","url":"https:\/\/biblioteca.blanes.cat\/salajove\/","logo":{"@type":"ImageObject","inLanguage":"ca","@id":"https:\/\/biblioteca.blanes.cat\/salajove\/#\/schema\/logo\/image\/","url":"https:\/\/biblioteca.blanes.cat\/salajove\/wp-content\/uploads\/sites\/3\/2017\/09\/cropped-Bib-blau-e1518869380535.png","contentUrl":"https:\/\/biblioteca.blanes.cat\/salajove\/wp-content\/uploads\/sites\/3\/2017\/09\/cropped-Bib-blau-e1518869380535.png","width":166,"height":166,"caption":"Biblioteca Comarcal de Blanes"},"image":{"@id":"https:\/\/biblioteca.blanes.cat\/salajove\/#\/schema\/logo\/image\/"},"sameAs":["https:\/\/www.facebook.com\/BilbiotecaComarcaldeBlanes\/","https:\/\/x.com\/BiblioBlanes","https:\/\/www.instagram.com\/biblioblanes\/","https:\/\/www.pinterest.es\/bblanes\/","https:\/\/www.youtube.com\/c\/BibliotecaComarcalBlanes"]},{"@type":"Person","@id":"https:\/\/biblioteca.blanes.cat\/salajove\/#\/schema\/person\/5a7b46760d9dd611d098bbf571a341dc","name":"biblioblanes","image":{"@type":"ImageObject","inLanguage":"ca","@id":"https:\/\/secure.gravatar.com\/avatar\/6593ca6cc90e5a70939f51c95e8315483b9c281bafba597292bee47992030f99?s=96&d=mm&r=g","url":"https:\/\/secure.gravatar.com\/avatar\/6593ca6cc90e5a70939f51c95e8315483b9c281bafba597292bee47992030f99?s=96&d=mm&r=g","contentUrl":"https:\/\/secure.gravatar.com\/avatar\/6593ca6cc90e5a70939f51c95e8315483b9c281bafba597292bee47992030f99?s=96&d=mm&r=g","caption":"biblioblanes"},"sameAs":["http:\/\/www.bibgirona.cat\/biblioteca\/blanes","https:\/\/x.com\/biblioblanes"],"url":"https:\/\/biblioteca.blanes.cat\/salajove\/author\/biblioblanes\/"}]}},"_links":{"self":[{"href":"https:\/\/biblioteca.blanes.cat\/salajove\/wp-json\/wp\/v2\/posts\/5523","targetHints":{"allow":["GET"]}}],"collection":[{"href":"https:\/\/biblioteca.blanes.cat\/salajove\/wp-json\/wp\/v2\/posts"}],"about":[{"href":"https:\/\/biblioteca.blanes.cat\/salajove\/wp-json\/wp\/v2\/types\/post"}],"author":[{"embeddable":true,"href":"https:\/\/biblioteca.blanes.cat\/salajove\/wp-json\/wp\/v2\/users\/4"}],"replies":[{"embeddable":true,"href":"https:\/\/biblioteca.blanes.cat\/salajove\/wp-json\/wp\/v2\/comments?post=5523"}],"version-history":[{"count":6,"href":"https:\/\/biblioteca.blanes.cat\/salajove\/wp-json\/wp\/v2\/posts\/5523\/revisions"}],"predecessor-version":[{"id":5531,"href":"https:\/\/biblioteca.blanes.cat\/salajove\/wp-json\/wp\/v2\/posts\/5523\/revisions\/5531"}],"wp:featuredmedia":[{"embeddable":true,"href":"https:\/\/biblioteca.blanes.cat\/salajove\/wp-json\/wp\/v2\/media\/3059"}],"wp:attachment":[{"href":"https:\/\/biblioteca.blanes.cat\/salajove\/wp-json\/wp\/v2\/media?parent=5523"}],"wp:term":[{"taxonomy":"category","embeddable":true,"href":"https:\/\/biblioteca.blanes.cat\/salajove\/wp-json\/wp\/v2\/categories?post=5523"},{"taxonomy":"post_tag","embeddable":true,"href":"https:\/\/biblioteca.blanes.cat\/salajove\/wp-json\/wp\/v2\/tags?post=5523"}],"curies":[{"name":"wp","href":"https:\/\/api.w.org\/{rel}","templated":true}]}}