{"id":539,"date":"2017-12-15T14:31:53","date_gmt":"2017-12-15T13:31:53","guid":{"rendered":"https:\/\/biblioteca.blanes.cat\/salajove\/?p=539"},"modified":"2017-12-15T15:07:02","modified_gmt":"2017-12-15T14:07:02","slug":"clj-doble-mortal","status":"publish","type":"post","link":"https:\/\/biblioteca.blanes.cat\/salajove\/2017\/12\/15\/clj-doble-mortal\/","title":{"rendered":"CLJ: Doble Mortal"},"content":{"rendered":"<h2 style=\"text-align: center;\">Aquest mes comentem el llibre de Salvador Macip i Elisenda Roca &#8220;Doble Mortal&#8221; amb un dels seus autors.<\/h2>\n<p><strong>Sinopsi:<\/strong><\/p>\n<p style=\"text-align: justify;\">Una novel\u00b7la trepidant, de lectura molt \u00e0gil, plena de misteri i amb components rom\u00e0ntics de Salvador Macip i Elisenda Roca.<\/p>\n<p style=\"text-align: justify;\">En Max i la Julieta hauran de trobar el seu germ\u00e0 i amic desaparegut i descobrir el misteri que hi ha darrere de la seva desaparici\u00f3.<\/p>\n<p style=\"text-align: justify;\">Una carrera a contrarellotge plena de tra\u00efcions, suplantacions de personalitat i plans d\u2019assassinat.<\/p>\n<p style=\"text-align: justify;\">Font: <a href=\"https:\/\/www.grup62.cat\/llibre-doble-mortal\/243790\">grup62<\/a><\/p>\n<h2><img fetchpriority=\"high\" decoding=\"async\" class=\"aligncenter wp-image-542\" src=\"https:\/\/biblioteca.blanes.cat\/salajove\/wp-content\/uploads\/sites\/3\/2017\/12\/CLJ_Doble-mortal-721x1024.jpg\" alt=\"\" width=\"400\" height=\"568\" srcset=\"https:\/\/biblioteca.blanes.cat\/salajove\/wp-content\/uploads\/sites\/3\/2017\/12\/CLJ_Doble-mortal-721x1024.jpg 721w, https:\/\/biblioteca.blanes.cat\/salajove\/wp-content\/uploads\/sites\/3\/2017\/12\/CLJ_Doble-mortal-211x300.jpg 211w, https:\/\/biblioteca.blanes.cat\/salajove\/wp-content\/uploads\/sites\/3\/2017\/12\/CLJ_Doble-mortal-768x1090.jpg 768w, https:\/\/biblioteca.blanes.cat\/salajove\/wp-content\/uploads\/sites\/3\/2017\/12\/CLJ_Doble-mortal.jpg 1736w\" sizes=\"(max-width: 400px) 100vw, 400px\" \/><\/h2>\n<h2 style=\"text-align: center;\">Amb la participaci\u00f3 de l&#8217;autor Blanenc Salvador Macip<\/h2>\n<p><strong>Els autors:<\/strong><\/p>\n<p style=\"text-align: justify;\"><strong><img decoding=\"async\" class=\"alignleft size-large\" src=\"https:\/\/media.licdn.com\/mpr\/mpr\/shrinknp_200_200\/p\/2\/000\/037\/061\/1ce1a09.jpg\" width=\"200\" height=\"200\" \/>Salvador Macip<\/strong>\u00a0va n\u00e8ixer a Blanes (La Selva) el 18 de desembre del 1970. Va estudiar Medicina a la Universitat de Barcelona, on tamb\u00e9 es va doctorar en Gen\u00e8tica Molecular. El 1998 es va traslladar a New York per fer recerca sobre el c\u00e0ncer a l&#8217;hospital\u00a0Mount Sinai. Des del 2008 continua les seves investigacions al grup que dirigeix a la\u00a0Universitat de Leicester (Regne Unit).\u00a0<\/p>\n<p style=\"text-align: justify;\">Ha publicat les novel\u00b7les\u00a0<em>Mugrons de titani<\/em>, (amb Sebasti\u00e0 Roig, Premi Vall d&#8217;Albaida),\u00a0<em>El rei del m\u00f3n<\/em>,\u00a0<em>El joc de D\u00e9u<\/em>\u00a0(Premi Ictineu),<em>Ullals<\/em>\u00a0(amb Sebasti\u00e0 Roig, Premi Joaquim Ruyra) i\u00a0<em>Hipnof\u00f2bia<\/em>\u00a0(Premi Carlemany).\u00a0\u00c9s autor dels\u00a0 llibres\u00a0 infantils\u00a0<em>Arno et Tururut<\/em>, (en catal\u00e0:\u00a0<em>Oriol i Tururut<\/em>) i\u00a0<em>Cinc dies en un altre planeta<\/em>. Tamb\u00e9 ha escrit contes (<em>Quina gran persona!<\/em>, Premi Vila d&#8217;Almassora) i un\u00a0m\u00e8tode per aprendre angl\u00e8s (<em>Milloringlix<\/em>, amb Carles Roca-Font).\u00a0En el camp de la divulgaci\u00f3 cient\u00edfica ha escrit\u00a0\u00a0<em>Immortals, sans i perfectes<\/em>,<em>Les grans epid\u00e8mies modernes<\/em>,\u00a0<em>Qu\u00e8 \u00e9s el c\u00e0ncer<\/em> i\u00a0<em>Jugar a ser d\u00e9us<\/em>\u00a0(Premi Europeu de Divulgaci\u00f3 Cient\u00edfica Estudi General).\u00a0<\/p>\n<p style=\"text-align: justify;\">Col\u00b7labora\u00a0regularment en diferents mitjans i des del 2005\u00a0escriu el blog personal\u00a0<a href=\"http:\/\/bloguejat.blogspot.com.es\/\">bloGuejat<\/a>.<\/p>\n<p>&nbsp;<\/p>\n<p style=\"text-align: justify;\"><strong><img decoding=\"async\" class=\"alignleft size-large\" src=\"data:image\/jpeg;base64,\/9j\/4AAQSkZJRgABAQAAAQABAAD\/2wCEAAkGBxMSEhUSExIVFhUVFxUVFhUVFRUXFxUVFRcXFxcVFRUYHSggGBolHRcVITEhJSkrLi4uFx8zODMtNygtLisBCgoKDQ0NDw0NDisZFRkrKystKysrKy0tLSs3KysrNzctNy03LSstKysrLS0rKysrKysrKys3KysrKysrKysrK\/\/AABEIALEBHQMBIgACEQEDEQH\/xAAcAAABBQEBAQAAAAAAAAAAAAADAAECBAUGBwj\/xAA7EAABAwEFBQYFAwMEAwEAAAABAAIRAwQSITFBBVFhcYEGIpGhscETMtHh8AdCYlJykiMzsvEUY6JD\/8QAFgEBAQEAAAAAAAAAAAAAAAAAAAEC\/8QAFREBAQAAAAAAAAAAAAAAAAAAAAH\/2gAMAwEAAhEDEQA\/AObaiNQ2orVWBWI7EFiMxAdiKEFqMEEwnCinQPKaUkkDJipAEmAtiwbGk9\/E7p9tOZ8EGNTpl5hrS48ASr1LYtV2YDef\/S6+nY2MZJi7\/EgDdmIBHisbaO1GMMMLZkY4wDunEH7IMmpsN4MBzDuhwx\/PZU7RZXM7pABGY15xuWtS2i+CQ0CBJgQBPX7qT9p06oDakSAQDk4Z5bhlgg51wTIm1ZpHKW5icMCR6d7wQaNoa8Sw3t5+2iCUJlLTmouQMlKRTIHTJpSQOmSlMUDyolKUigYpkkkDFMkUyBiolSKYoIFQIUyooBBFahNRWoDMRmILEZqA7EVqCxGagmEkydAlOnTLjATNbK3dn2MCBEzkIxPEnID6IIbNsAvACZP7iMSP4N\/aOJxOg1XV0KFOiwl4A1ujvF3u48SsW1bTbZgQLt9xgCczxdEgDej7ELqhFWqZiXXQe7O8jUDITqCMUGo6xOeDVrAgZspzidxcRkOAJz6KjS7OuqOvv7oj5QTIGQHXHl4RI9o21axDYLGQBjg4u9sWgD+RJ0g+3tqn4QZTMPrEgO3AgkvI\/iwO\/wAUHNdpa4ZQf8MXWB3wmQf914+aCf2gyL04kHrwNQkPpi9eLwLwyuud+3iBhitHtTtV1WpcbjTpw1rTkA0iHOP9RLSTyGqz2B1VwLRN0CPPHDiZ8kGla7U6pTa27eAzO8ZnDnJWNZab6ZLgDGuWPAeZx9ls2e0fDaGvABzl\/TQ5+GarWm1NP7yfTldiT4ILdJ18Bwy14b+Skd\/gs2jXgyCXbwBh6ytC+HAFAxSSTIEmSSQJJMkgSYpFMSgUpkySBSopymQJMkkUESoQplQKALUVqExFagOwo7FXYjsQGajNQmorUE0kyLQYCcchiYzgbvTqguWKkGwXa96Nw0P5vV+0W34LHFxAceHyNgef2VUPEmoRIGMc\/lbHhh\/Fc7tq3X3SZLWguI0Jb+3xgdTwQWrLUNe0XCMGwXOOhn5BwAmTvvLe2xb\/AIdmhpufEEmMLlICGgcSCIH8uCw+yFKWOccS90E8DmeJkvx3OCq7etHxapAOEwBoAJA6YE+CDT2G69Dd5a7ibxacegHluW72itkCpGcfCHUy+ORHgVz3Zt3+sOIaRyvAfnJXtpPLqjW7hfMb31Af+ICCls\/s18WJM4466yfziV2my+ydJgwGO\/fwRtlWcbtN3ADpqt6iQEHIdpexzHtLgMeEdMYleL7Zs76NQjKDxH2X0zVfIheWfql2eDmfHYMWnHkg88sdukic8MYx+66KwPkERuPI7xwIXCX4yzHnC6vYdqvXN8QfE4fZBsplN7dygUDJk6ZAkydMgRUSnKiUDJJJkCJTJJpQOmSJSQRKYpymKADUVqE1FYoDMVhiAxGYqDtRWoTEVqCYKNROHM+gmPGEBXbO2WjQA+mJ8cEAdt2m4wNGe44A1Hd1g6CXLkrbVwcATDbjTzMkCOQxWxtSveqEn5Wzlq7GfpPBc810scT+6pJ5hpH3Qd1sVop0mk6U3OG8F17DHdBXOEkku1hx6uMAf4wt348UXEaCmzLARjlugFYNNwAMnUj\/ABGfkg6Ds2wGq4T3Q0mdwB\/6VuxtNS0zxjpJPkAVlbJ2g1rarhEHDmIgDHUnPcAuw7KbPMfEOJMx1n6oOgsLIHorglBothWPigDEjxhAOpKxNvUL9J7Xatd6LYdamOwD2nkVkbcqf6b4zun0QfO1vp3ahHH7hXtg1Yfd3kEdcFl2x5+I4bjHhKsWB8PYcsY6oPQ2PDhuOfMH3Qih2Z2fl1E+6I5AyZOkgYpk6igRUSnKiUDSmKdMUDJkikgUpJkkCJUU5TIANR2ILUViA7EZiCxHYgM1FahsCIEEgrTnXWEzoQMNY\/6VYBLajzLW8QTnj+5xO\/IBBi2wQ0zOWWfE48y0eKxmuIs5due4jldj19FrbalrDjnJ+3p4KhaKcUA3c3HmbuH\/ANIOnvRSM\/103RwFIuXOVa12mSePHMge66KoYoOdGMsPPulpA6SOqzNl7JdXqspSBgCToGyceceYQVLJtFjLrX0qj24QGBsXjMTiJ1w3g7l6r2ctlOm74WTmmCxxIc07oJxHEYYhBpdlKDQ0tuB7MWuyIO\/fPFQpdnmtqfE+Z5IN\/GZ5oOm2taBSaamgErhO0O2aZYXVG1HwA5zaZADGkhokkgSSQAN53Yrtu0lAuszmgYkD2XKUNiM70ti+A1wBIDgI+g8Agw9i7TsjiG0xUaZA7175iJbnLTOMQZw34LrC4vF2b2GYH5iq1LshZSC0MiXXsXSQ7AXgd4gQVpWiyGlTPeLoBxOaD5729ha60ZCo4eGB85UKQ3c+RCq7RqTVedS5xPMmU9kqKD0Gy1QWscMnNB8P+lbKwtk15aGf0ugcjl+cVuKhpSSlMgSZOmlAxUSnKiUDJinUSUCTJFMgdJMlKBJkkpQBaisQmorUB2I7EBiOxAdiK1CaihBYswlw\/MgqZdBc90yZgEZmZwOm6OKu2YiTlkVn1HX33zAa0tadxLcRE5DXigzdr0zIacYiTvOrhw18FTtALzE4GoQBOQwbh\/iVo1mF9Z7zPdEjDMyA1o4YrLtbhTDRIwnGcziXEHmSg6qytvMAJgYGf4tkE+flwWz+n2zTUfWrlsNvBjeTRj6rB7HsfaXVKLbpcQ0hxcIY3IujOOA+69b2Ls1lmpCm3Jo6k5kniTigC6zAaKxZ7O3qiPbJVigG5HxQVdpxc81m0qIOnQq9tW2BrTI4KhRtl43iCBoEFunQa0TABXP9prddYROh8AJPotq0VsJC86\/UC2lllrv1IFJvOobpPhKDxo95znbyT4lGs1LFNTZAAVyiyOnqoN7YDJqncAD5Quhhca2q5jpY4tgDXA8CtDZ23S6A\/PePUhUdE6FFBZaGvycDl+QijyQJMU5CigYqJKcpigaVEpyVFAkkkyBJEpKKB0kkpQBajMQWozUB6asMVemrDCgMxFCExECA1E58iPHDDjis63V2U4ptbBbiSZN4496SePlotOy\/NJEgSY5Y+y5aq8ue9zsyXHnBgxyy6oLYt7WseXBrSYE3sdctJyOuS5ba1cuc0\/05Dhr9PBGtg70bpJ56eSDtVkhjhq2fGD7oNP8AT3aX\/ibTpVCYpvvU6hP9Dhn0IB6cV9LPaC3BfJFomAR8wxHMfePBfSHYHbrLRZaV1zi24A1zjLu73S1xJJJBGZz4ZINXaD67Wh9G466e+x4Mub\/FwPdI5FZNp273TfpPbvgF3HC5ew5wumAumdFRt9npvxuY8IHqg4u19paUd0Ofuwdu0F3iqdDbNprPDWUWsYD3nvveAG9dBadk0ycb+Gk+4xUqlIMZ8oa1uQQFc4huhMDxXlX6uW8A0bK04ia1Tza0ebz0C7zae2BQpX3YujuMG\/efqvEdsWh9Ws6rUMvce97AcAMAgrWdklW2fdCotw5q0G\/n5yQDtu7f9clWaS3HX81Vm2PAuyM2+5VG\/jrjgg0rNaQd07z7BX6VscMiR19QsKzVMT+dFdv8UG3Q2mcL2I1wyWmHSJGIORXHvtBGWJOAWxsG0HGm4594c9R4eiDYJUSpFRQRKZOUxQMUkkyBJk6ZAkpSTSgFqeZRmFB1PM+qKxQWGKwxV2KwxUHaiBCaj02zogv2AAgwATBjefaFy1WlBc8xDWtPNxyEcyZXZ2AQJwnLxXK7dgC6NTJ45FByVR0mofPzRbRSvUARm0e0H0QK4hrzqSPf6Kxs2sO\/SPGOfPoEGK52XXwJxHgvYP0msYNkpua44PqTB\/cHux8COYXj1obDiNy9D\/RXa4bUq2ZzsXRUaDkYAa6OI7p68EHuAr3QLwN3Uxl0TvcHCWEEbwZ9E9Bt5sHcF5\/2y2Q7vGm51N+YdTc5jgQd7YMIOvtZLRMLjNubbkw3vRpOA\/uPsPJckK1Z4F6tUO8PqPcJ4gkq\/ZGAxecI3DJAHaTXOaXvJJOp9hoF5\/temWm9xXpG1O+A0ZFcX2vYKbGN1c7yH4EGU39vFHvSDxw8fwKsH4MO77fQp\/ifMEFi105Y06jDoVnPZjwCv068tg+aHUpFwkkAbgZP+IbA6oKGvUT9Fcc4QPzRAqU4EdePVK\/l19kBAe9yHqrdCqQ4EHEKhROZVhnmUHXWauKjQ4dRuKmVg7Ltd18T3T3fDXzW8UDFRKdMgZJJMgRTJ0yBJpSTFQQRWIQRWILDEdiAxHYqDsRmoLFZot1OQzKCy10AA65jfuGaw9t1Wkl2W7gITWzaZ+IBiBw0GMTvKobYYefdLo55FBhVhLD\/AHeon6+CoVyQ+8NCfI\/ZaVMtF5rnTPPAg5ysl57z3EzicuJwQPaTex5c+qL2b2h\/41soV5gNeL39ru67yJVV1YZRoBn9kK0MiQVB9dbOqzdI1Cpdo7FOKx\/0ntNSrs2yOqyXXHiTq1j3MYTxugLqtsjuE7gqPGtp2O5VLRkYOW9QbZXDFX+0bx8UEaCPzxQqbpCAdmqyMc8lwHbyrNoDP6GebjPsF2vyOvHJec9oq\/xLTVd\/KByaAPZAOz1JaW9R+fmaTxkR+AqswwCeHmj2Wto7X8yUEXEjEHnn5Kyy2gCMjvIJ9D7JV6V3IyDiCIPPqgGn+ZfhVBS69rPGAJ6IVQwOP1SYcFFzpHh6oCswACKHxj4IDSptxxQHpH89+q6TZtpvtg5tgcxoVzIOq0tiV7rwD+7D6fnFBvFMU5TIEUySSBkydMoEop0yCDSjMQWozEFhiOxApo7FQdiLXd\/plDYiObLSN4IQc26jexn5pcSNNBCZ1qE905912kAYiBxVm2n4dGNTl6QubpzegYC9ed0Bg+ZHVBPaNlgkjj7FZDmwfzVdDRqCpgc9OP3yWfarMWkyJHDPmEGXWZlG7JTrG82dRgUd1AEYEHiNOB3ILKRvhpnExJzj3Cg+mf0ppuGy7JIiaQjlLiD1ldLtBoLSF88dnO31tsMMY8VKIyo1MQ0bmP8AmZ5gbl6v2Y7f2W3xTvGlXP8A+NQgFx\/9bsn5ZDHgFRxPaaqG2r4eRuEgHUAxI8lWslcgkIP60MdQtVltDcDFQcCWlpunmCVVs1ubUYHtxBHgdx3EILm1KgurzCq6XOO9xPiV3e1LRDCdwJHhK4FowUDOyI5I7Qg1MkdqB2hOQppiFRCpiJ4weOEyq7SjvdhHGfZVpz6qCyw\/nFEDvz814INMIoH4PqqCz5ZDdxO8o9F8Y65zxVdoRGlB1tOpeaHbwCpFUdjVZpx\/SY6HH6q6UCTJ0yBFMkkgYqKkoqCLUZiE1GYgsU0diBTVhioMxGahMRQgxdts+c6MaI5uMk+HquSDgA46nDGRnr5LutqWa8HbnCOoBj2XGWqnBDdYBPXIeCAFkqQ4T0I5K3a6mYwMiYPsRlyVFwAMqy4g0muzud0kZ8MPBBnVqgHyx1PsibLBc4kmboPicPqg2hgOIz4a8QtHZFKGExF4+Qw9ZQNUCEROas1moDmoNHa+1q9roU6FWpf+E69Te+S8C6W3HOzcMRiZOGZ0wqFapQdq0+Th6OCv0DiiWg4EHEbjiPAoFV2p8RhaRDiCMMjhpuWK0KzdbPy+Z+qq2qrJPnCghUMkK01VT+3EZHLMYnPirTUBQmck1DrVNBn6KgVV2MIRGPmkRI5J5xCgsMRAhNRWqibVNqgCpsCDW2E+HFu8eY\/CtornNmPio3nHjh7rokCTJ0kDFMU5USoGKYpFMgQRmJklRZpKwxMkgsMRQkkgatl4eq4baX+6\/mkkgzrSjbM+Wp\/YP+TkkkFB3yjr7rasH+2zl7lJJAKrmhFJJA1PMKVq1SSQUlnOzKSShE93L6q0xJJCiDRVG59fdJJUJmfVDbokkoLVJT1SSVBVNiSSCxZPnb\/c3\/kF06SSBFJJJBEqKSSCJUUkkH\/\/2Q==\" width=\"285\" height=\"177\" \/>Elisenda Roca<\/strong> (Barcelona, 1963) Es periodista, escriptora i directora teatral. Ha dirigit, produ\u00eft i presentat programes de r\u00e0dio i televisi\u00f3. En l\u2019actualitat col\u00b7labora a la revista\u00a0<em>Descobrir<\/em>,\u00a0<em>Gente Despierta<\/em>\u00a0de RNE i\u00a0<em>El M\u00f3n<\/em>\u00a0a RAC 1. La darrera obra teatral que ha dirigit \u00e9s\u00a0<em>73 raons per deixar-te<\/em>\u00a0de Guillem Clua i Jordi Cornudella. Ha publicat vuit contes per a nens, un \u00e0lbum il\u00b7lustrat per Guridi, dues novel\u00b7les per a joves, dos \u00e0lbums pop up, l\u2019un amb Paula Bonet i l\u2019altre amb Jordi Vila Delcl\u00f2s, i un llibre divulgatiu sobre concepci\u00f3, embar\u00e0s i postpart amb la doctora Carlota Basil. Entre els nombrosos premis que ha rebut al llarg de la seva carrera destaquen l\u2019\u00d2mnium Cultural de R\u00e0dio, l\u2019Ondas de Televisi\u00f3 i el Butaca de teatre pel musical\u00a0<em>T\u2019estimo, ets perfecte, ja et canviar\u00e9.<\/em><\/p>\n<p style=\"text-align: justify;\">\u00a0<\/p>\n<p>&nbsp;<\/p>\n","protected":false},"excerpt":{"rendered":"<p>Aquest mes comentem el llibre de Salvador Macip i Elisenda Roca &#8220;Doble Mortal&#8221; amb un dels seus autors. Sinopsi: Una novel\u00b7la trepidant, de lectura molt \u00e0gil, plena de misteri i amb components rom\u00e0ntics de Salvador Macip i Elisenda Roca. En<\/p>\n","protected":false},"author":4,"featured_media":300,"comment_status":"open","ping_status":"open","sticky":false,"template":"","format":"standard","meta":{"sfsi_plus_gutenberg_text_before_share":"","sfsi_plus_gutenberg_show_text_before_share":"","sfsi_plus_gutenberg_icon_type":"","sfsi_plus_gutenberg_icon_alignemt":"","sfsi_plus_gutenburg_max_per_row":"","footnotes":""},"categories":[5],"tags":[24,29,26,19,21,23],"class_list":["post-539","post","type-post","status-publish","format-standard","has-post-thumbnail","hentry","category-club-de-lectura","tag-activitats","tag-club-de-lectura","tag-lectura","tag-literatura","tag-llibres","tag-sinopsi"],"yoast_head":"<!-- This site is optimized with the Yoast SEO plugin v27.5 - https:\/\/yoast.com\/product\/yoast-seo-wordpress\/ -->\n<title>CLJ: Doble Mortal de Salvador Macip i Elisenda Roca<\/title>\n<meta name=\"description\" content=\"CLJ: Doble Mortal. Aquest mes comentem el llibre del Club amb un dels seus autors, el Blanenc Salvador Macip. T&#039;ho perdr\u00e0s?\" \/>\n<meta name=\"robots\" content=\"index, follow, max-snippet:-1, max-image-preview:large, max-video-preview:-1\" \/>\n<link rel=\"canonical\" href=\"https:\/\/biblioteca.blanes.cat\/salajove\/2017\/12\/15\/clj-doble-mortal\/\" \/>\n<meta property=\"og:locale\" content=\"ca_ES\" \/>\n<meta property=\"og:type\" content=\"article\" \/>\n<meta property=\"og:title\" content=\"CLJ: Doble Mortal de Salvador Macip i Elisenda Roca\" \/>\n<meta property=\"og:description\" content=\"CLJ: Doble Mortal. Aquest mes comentem el llibre del Club amb un dels seus autors, el Blanenc Salvador Macip. T&#039;ho perdr\u00e0s?\" \/>\n<meta property=\"og:url\" content=\"https:\/\/biblioteca.blanes.cat\/salajove\/2017\/12\/15\/clj-doble-mortal\/\" \/>\n<meta property=\"og:site_name\" content=\"Sala Jove\" \/>\n<meta property=\"article:publisher\" content=\"https:\/\/www.facebook.com\/BilbiotecaComarcaldeBlanes\/\" \/>\n<meta property=\"article:published_time\" content=\"2017-12-15T13:31:53+00:00\" \/>\n<meta property=\"article:modified_time\" content=\"2017-12-15T14:07:02+00:00\" \/>\n<meta property=\"og:image\" content=\"https:\/\/biblioteca.blanes.cat\/salajove\/wp-content\/uploads\/sites\/3\/2017\/10\/Doble-mortal.jpg\" \/>\n\t<meta property=\"og:image:width\" content=\"252\" \/>\n\t<meta property=\"og:image:height\" content=\"382\" \/>\n\t<meta property=\"og:image:type\" content=\"image\/jpeg\" \/>\n<meta name=\"author\" content=\"biblioblanes\" \/>\n<meta name=\"twitter:card\" content=\"summary_large_image\" \/>\n<meta name=\"twitter:creator\" content=\"@biblioblanes\" \/>\n<meta name=\"twitter:site\" content=\"@BiblioBlanes\" \/>\n<meta name=\"twitter:label1\" content=\"Escrit per\" \/>\n\t<meta name=\"twitter:data1\" content=\"biblioblanes\" \/>\n\t<meta name=\"twitter:label2\" content=\"Temps estimat de lectura\" \/>\n\t<meta name=\"twitter:data2\" content=\"2 minuts\" \/>\n<script type=\"application\/ld+json\" class=\"yoast-schema-graph\">{\"@context\":\"https:\\\/\\\/schema.org\",\"@graph\":[{\"@type\":\"Article\",\"@id\":\"https:\\\/\\\/biblioteca.blanes.cat\\\/salajove\\\/2017\\\/12\\\/15\\\/clj-doble-mortal\\\/#article\",\"isPartOf\":{\"@id\":\"https:\\\/\\\/biblioteca.blanes.cat\\\/salajove\\\/2017\\\/12\\\/15\\\/clj-doble-mortal\\\/\"},\"author\":{\"name\":\"biblioblanes\",\"@id\":\"https:\\\/\\\/biblioteca.blanes.cat\\\/salajove\\\/#\\\/schema\\\/person\\\/5a7b46760d9dd611d098bbf571a341dc\"},\"headline\":\"CLJ: Doble Mortal\",\"datePublished\":\"2017-12-15T13:31:53+00:00\",\"dateModified\":\"2017-12-15T14:07:02+00:00\",\"mainEntityOfPage\":{\"@id\":\"https:\\\/\\\/biblioteca.blanes.cat\\\/salajove\\\/2017\\\/12\\\/15\\\/clj-doble-mortal\\\/\"},\"wordCount\":446,\"commentCount\":0,\"publisher\":{\"@id\":\"https:\\\/\\\/biblioteca.blanes.cat\\\/salajove\\\/#organization\"},\"image\":{\"@id\":\"https:\\\/\\\/biblioteca.blanes.cat\\\/salajove\\\/2017\\\/12\\\/15\\\/clj-doble-mortal\\\/#primaryimage\"},\"thumbnailUrl\":\"https:\\\/\\\/biblioteca.blanes.cat\\\/salajove\\\/wp-content\\\/uploads\\\/sites\\\/3\\\/2017\\\/10\\\/Doble-mortal.jpg\",\"keywords\":[\"#Activitats\",\"#ClubdeLectura\",\"#Lectura\",\"#Literatura\",\"#Llibres\",\"#Sinopsi\"],\"articleSection\":[\"Club de Lectura\"],\"inLanguage\":\"ca\",\"potentialAction\":[{\"@type\":\"CommentAction\",\"name\":\"Comment\",\"target\":[\"https:\\\/\\\/biblioteca.blanes.cat\\\/salajove\\\/2017\\\/12\\\/15\\\/clj-doble-mortal\\\/#respond\"]}]},{\"@type\":\"WebPage\",\"@id\":\"https:\\\/\\\/biblioteca.blanes.cat\\\/salajove\\\/2017\\\/12\\\/15\\\/clj-doble-mortal\\\/\",\"url\":\"https:\\\/\\\/biblioteca.blanes.cat\\\/salajove\\\/2017\\\/12\\\/15\\\/clj-doble-mortal\\\/\",\"name\":\"CLJ: Doble Mortal de Salvador Macip i Elisenda Roca\",\"isPartOf\":{\"@id\":\"https:\\\/\\\/biblioteca.blanes.cat\\\/salajove\\\/#website\"},\"primaryImageOfPage\":{\"@id\":\"https:\\\/\\\/biblioteca.blanes.cat\\\/salajove\\\/2017\\\/12\\\/15\\\/clj-doble-mortal\\\/#primaryimage\"},\"image\":{\"@id\":\"https:\\\/\\\/biblioteca.blanes.cat\\\/salajove\\\/2017\\\/12\\\/15\\\/clj-doble-mortal\\\/#primaryimage\"},\"thumbnailUrl\":\"https:\\\/\\\/biblioteca.blanes.cat\\\/salajove\\\/wp-content\\\/uploads\\\/sites\\\/3\\\/2017\\\/10\\\/Doble-mortal.jpg\",\"datePublished\":\"2017-12-15T13:31:53+00:00\",\"dateModified\":\"2017-12-15T14:07:02+00:00\",\"description\":\"CLJ: Doble Mortal. Aquest mes comentem el llibre del Club amb un dels seus autors, el Blanenc Salvador Macip. T'ho perdr\u00e0s?\",\"breadcrumb\":{\"@id\":\"https:\\\/\\\/biblioteca.blanes.cat\\\/salajove\\\/2017\\\/12\\\/15\\\/clj-doble-mortal\\\/#breadcrumb\"},\"inLanguage\":\"ca\",\"potentialAction\":[{\"@type\":\"ReadAction\",\"target\":[\"https:\\\/\\\/biblioteca.blanes.cat\\\/salajove\\\/2017\\\/12\\\/15\\\/clj-doble-mortal\\\/\"]}]},{\"@type\":\"ImageObject\",\"inLanguage\":\"ca\",\"@id\":\"https:\\\/\\\/biblioteca.blanes.cat\\\/salajove\\\/2017\\\/12\\\/15\\\/clj-doble-mortal\\\/#primaryimage\",\"url\":\"https:\\\/\\\/biblioteca.blanes.cat\\\/salajove\\\/wp-content\\\/uploads\\\/sites\\\/3\\\/2017\\\/10\\\/Doble-mortal.jpg\",\"contentUrl\":\"https:\\\/\\\/biblioteca.blanes.cat\\\/salajove\\\/wp-content\\\/uploads\\\/sites\\\/3\\\/2017\\\/10\\\/Doble-mortal.jpg\",\"width\":252,\"height\":382},{\"@type\":\"BreadcrumbList\",\"@id\":\"https:\\\/\\\/biblioteca.blanes.cat\\\/salajove\\\/2017\\\/12\\\/15\\\/clj-doble-mortal\\\/#breadcrumb\",\"itemListElement\":[{\"@type\":\"ListItem\",\"position\":1,\"name\":\"Inici\",\"item\":\"https:\\\/\\\/biblioteca.blanes.cat\\\/salajove\\\/\"},{\"@type\":\"ListItem\",\"position\":2,\"name\":\"CLJ: Doble Mortal\"}]},{\"@type\":\"WebSite\",\"@id\":\"https:\\\/\\\/biblioteca.blanes.cat\\\/salajove\\\/#website\",\"url\":\"https:\\\/\\\/biblioteca.blanes.cat\\\/salajove\\\/\",\"name\":\"Sala Jove\",\"description\":\"Biblioteca Comarcal de Blanes\",\"publisher\":{\"@id\":\"https:\\\/\\\/biblioteca.blanes.cat\\\/salajove\\\/#organization\"},\"potentialAction\":[{\"@type\":\"SearchAction\",\"target\":{\"@type\":\"EntryPoint\",\"urlTemplate\":\"https:\\\/\\\/biblioteca.blanes.cat\\\/salajove\\\/?s={search_term_string}\"},\"query-input\":{\"@type\":\"PropertyValueSpecification\",\"valueRequired\":true,\"valueName\":\"search_term_string\"}}],\"inLanguage\":\"ca\"},{\"@type\":\"Organization\",\"@id\":\"https:\\\/\\\/biblioteca.blanes.cat\\\/salajove\\\/#organization\",\"name\":\"Biblioteca Comarcal de Blanes\",\"url\":\"https:\\\/\\\/biblioteca.blanes.cat\\\/salajove\\\/\",\"logo\":{\"@type\":\"ImageObject\",\"inLanguage\":\"ca\",\"@id\":\"https:\\\/\\\/biblioteca.blanes.cat\\\/salajove\\\/#\\\/schema\\\/logo\\\/image\\\/\",\"url\":\"https:\\\/\\\/biblioteca.blanes.cat\\\/salajove\\\/wp-content\\\/uploads\\\/sites\\\/3\\\/2017\\\/09\\\/cropped-Bib-blau-e1518869380535.png\",\"contentUrl\":\"https:\\\/\\\/biblioteca.blanes.cat\\\/salajove\\\/wp-content\\\/uploads\\\/sites\\\/3\\\/2017\\\/09\\\/cropped-Bib-blau-e1518869380535.png\",\"width\":166,\"height\":166,\"caption\":\"Biblioteca Comarcal de Blanes\"},\"image\":{\"@id\":\"https:\\\/\\\/biblioteca.blanes.cat\\\/salajove\\\/#\\\/schema\\\/logo\\\/image\\\/\"},\"sameAs\":[\"https:\\\/\\\/www.facebook.com\\\/BilbiotecaComarcaldeBlanes\\\/\",\"https:\\\/\\\/x.com\\\/BiblioBlanes\",\"https:\\\/\\\/www.instagram.com\\\/biblioblanes\\\/\",\"https:\\\/\\\/www.pinterest.es\\\/bblanes\\\/\",\"https:\\\/\\\/www.youtube.com\\\/c\\\/BibliotecaComarcalBlanes\"]},{\"@type\":\"Person\",\"@id\":\"https:\\\/\\\/biblioteca.blanes.cat\\\/salajove\\\/#\\\/schema\\\/person\\\/5a7b46760d9dd611d098bbf571a341dc\",\"name\":\"biblioblanes\",\"image\":{\"@type\":\"ImageObject\",\"inLanguage\":\"ca\",\"@id\":\"https:\\\/\\\/secure.gravatar.com\\\/avatar\\\/6593ca6cc90e5a70939f51c95e8315483b9c281bafba597292bee47992030f99?s=96&d=mm&r=g\",\"url\":\"https:\\\/\\\/secure.gravatar.com\\\/avatar\\\/6593ca6cc90e5a70939f51c95e8315483b9c281bafba597292bee47992030f99?s=96&d=mm&r=g\",\"contentUrl\":\"https:\\\/\\\/secure.gravatar.com\\\/avatar\\\/6593ca6cc90e5a70939f51c95e8315483b9c281bafba597292bee47992030f99?s=96&d=mm&r=g\",\"caption\":\"biblioblanes\"},\"sameAs\":[\"http:\\\/\\\/www.bibgirona.cat\\\/biblioteca\\\/blanes\",\"https:\\\/\\\/x.com\\\/biblioblanes\"],\"url\":\"https:\\\/\\\/biblioteca.blanes.cat\\\/salajove\\\/author\\\/biblioblanes\\\/\"}]}<\/script>\n<!-- \/ Yoast SEO plugin. -->","yoast_head_json":{"title":"CLJ: Doble Mortal de Salvador Macip i Elisenda Roca","description":"CLJ: Doble Mortal. Aquest mes comentem el llibre del Club amb un dels seus autors, el Blanenc Salvador Macip. T'ho perdr\u00e0s?","robots":{"index":"index","follow":"follow","max-snippet":"max-snippet:-1","max-image-preview":"max-image-preview:large","max-video-preview":"max-video-preview:-1"},"canonical":"https:\/\/biblioteca.blanes.cat\/salajove\/2017\/12\/15\/clj-doble-mortal\/","og_locale":"ca_ES","og_type":"article","og_title":"CLJ: Doble Mortal de Salvador Macip i Elisenda Roca","og_description":"CLJ: Doble Mortal. Aquest mes comentem el llibre del Club amb un dels seus autors, el Blanenc Salvador Macip. T'ho perdr\u00e0s?","og_url":"https:\/\/biblioteca.blanes.cat\/salajove\/2017\/12\/15\/clj-doble-mortal\/","og_site_name":"Sala Jove","article_publisher":"https:\/\/www.facebook.com\/BilbiotecaComarcaldeBlanes\/","article_published_time":"2017-12-15T13:31:53+00:00","article_modified_time":"2017-12-15T14:07:02+00:00","og_image":[{"width":252,"height":382,"url":"https:\/\/biblioteca.blanes.cat\/salajove\/wp-content\/uploads\/sites\/3\/2017\/10\/Doble-mortal.jpg","type":"image\/jpeg"}],"author":"biblioblanes","twitter_card":"summary_large_image","twitter_creator":"@biblioblanes","twitter_site":"@BiblioBlanes","twitter_misc":{"Escrit per":"biblioblanes","Temps estimat de lectura":"2 minuts"},"schema":{"@context":"https:\/\/schema.org","@graph":[{"@type":"Article","@id":"https:\/\/biblioteca.blanes.cat\/salajove\/2017\/12\/15\/clj-doble-mortal\/#article","isPartOf":{"@id":"https:\/\/biblioteca.blanes.cat\/salajove\/2017\/12\/15\/clj-doble-mortal\/"},"author":{"name":"biblioblanes","@id":"https:\/\/biblioteca.blanes.cat\/salajove\/#\/schema\/person\/5a7b46760d9dd611d098bbf571a341dc"},"headline":"CLJ: Doble Mortal","datePublished":"2017-12-15T13:31:53+00:00","dateModified":"2017-12-15T14:07:02+00:00","mainEntityOfPage":{"@id":"https:\/\/biblioteca.blanes.cat\/salajove\/2017\/12\/15\/clj-doble-mortal\/"},"wordCount":446,"commentCount":0,"publisher":{"@id":"https:\/\/biblioteca.blanes.cat\/salajove\/#organization"},"image":{"@id":"https:\/\/biblioteca.blanes.cat\/salajove\/2017\/12\/15\/clj-doble-mortal\/#primaryimage"},"thumbnailUrl":"https:\/\/biblioteca.blanes.cat\/salajove\/wp-content\/uploads\/sites\/3\/2017\/10\/Doble-mortal.jpg","keywords":["#Activitats","#ClubdeLectura","#Lectura","#Literatura","#Llibres","#Sinopsi"],"articleSection":["Club de Lectura"],"inLanguage":"ca","potentialAction":[{"@type":"CommentAction","name":"Comment","target":["https:\/\/biblioteca.blanes.cat\/salajove\/2017\/12\/15\/clj-doble-mortal\/#respond"]}]},{"@type":"WebPage","@id":"https:\/\/biblioteca.blanes.cat\/salajove\/2017\/12\/15\/clj-doble-mortal\/","url":"https:\/\/biblioteca.blanes.cat\/salajove\/2017\/12\/15\/clj-doble-mortal\/","name":"CLJ: Doble Mortal de Salvador Macip i Elisenda Roca","isPartOf":{"@id":"https:\/\/biblioteca.blanes.cat\/salajove\/#website"},"primaryImageOfPage":{"@id":"https:\/\/biblioteca.blanes.cat\/salajove\/2017\/12\/15\/clj-doble-mortal\/#primaryimage"},"image":{"@id":"https:\/\/biblioteca.blanes.cat\/salajove\/2017\/12\/15\/clj-doble-mortal\/#primaryimage"},"thumbnailUrl":"https:\/\/biblioteca.blanes.cat\/salajove\/wp-content\/uploads\/sites\/3\/2017\/10\/Doble-mortal.jpg","datePublished":"2017-12-15T13:31:53+00:00","dateModified":"2017-12-15T14:07:02+00:00","description":"CLJ: Doble Mortal. Aquest mes comentem el llibre del Club amb un dels seus autors, el Blanenc Salvador Macip. T'ho perdr\u00e0s?","breadcrumb":{"@id":"https:\/\/biblioteca.blanes.cat\/salajove\/2017\/12\/15\/clj-doble-mortal\/#breadcrumb"},"inLanguage":"ca","potentialAction":[{"@type":"ReadAction","target":["https:\/\/biblioteca.blanes.cat\/salajove\/2017\/12\/15\/clj-doble-mortal\/"]}]},{"@type":"ImageObject","inLanguage":"ca","@id":"https:\/\/biblioteca.blanes.cat\/salajove\/2017\/12\/15\/clj-doble-mortal\/#primaryimage","url":"https:\/\/biblioteca.blanes.cat\/salajove\/wp-content\/uploads\/sites\/3\/2017\/10\/Doble-mortal.jpg","contentUrl":"https:\/\/biblioteca.blanes.cat\/salajove\/wp-content\/uploads\/sites\/3\/2017\/10\/Doble-mortal.jpg","width":252,"height":382},{"@type":"BreadcrumbList","@id":"https:\/\/biblioteca.blanes.cat\/salajove\/2017\/12\/15\/clj-doble-mortal\/#breadcrumb","itemListElement":[{"@type":"ListItem","position":1,"name":"Inici","item":"https:\/\/biblioteca.blanes.cat\/salajove\/"},{"@type":"ListItem","position":2,"name":"CLJ: Doble Mortal"}]},{"@type":"WebSite","@id":"https:\/\/biblioteca.blanes.cat\/salajove\/#website","url":"https:\/\/biblioteca.blanes.cat\/salajove\/","name":"Sala Jove","description":"Biblioteca Comarcal de Blanes","publisher":{"@id":"https:\/\/biblioteca.blanes.cat\/salajove\/#organization"},"potentialAction":[{"@type":"SearchAction","target":{"@type":"EntryPoint","urlTemplate":"https:\/\/biblioteca.blanes.cat\/salajove\/?s={search_term_string}"},"query-input":{"@type":"PropertyValueSpecification","valueRequired":true,"valueName":"search_term_string"}}],"inLanguage":"ca"},{"@type":"Organization","@id":"https:\/\/biblioteca.blanes.cat\/salajove\/#organization","name":"Biblioteca Comarcal de Blanes","url":"https:\/\/biblioteca.blanes.cat\/salajove\/","logo":{"@type":"ImageObject","inLanguage":"ca","@id":"https:\/\/biblioteca.blanes.cat\/salajove\/#\/schema\/logo\/image\/","url":"https:\/\/biblioteca.blanes.cat\/salajove\/wp-content\/uploads\/sites\/3\/2017\/09\/cropped-Bib-blau-e1518869380535.png","contentUrl":"https:\/\/biblioteca.blanes.cat\/salajove\/wp-content\/uploads\/sites\/3\/2017\/09\/cropped-Bib-blau-e1518869380535.png","width":166,"height":166,"caption":"Biblioteca Comarcal de Blanes"},"image":{"@id":"https:\/\/biblioteca.blanes.cat\/salajove\/#\/schema\/logo\/image\/"},"sameAs":["https:\/\/www.facebook.com\/BilbiotecaComarcaldeBlanes\/","https:\/\/x.com\/BiblioBlanes","https:\/\/www.instagram.com\/biblioblanes\/","https:\/\/www.pinterest.es\/bblanes\/","https:\/\/www.youtube.com\/c\/BibliotecaComarcalBlanes"]},{"@type":"Person","@id":"https:\/\/biblioteca.blanes.cat\/salajove\/#\/schema\/person\/5a7b46760d9dd611d098bbf571a341dc","name":"biblioblanes","image":{"@type":"ImageObject","inLanguage":"ca","@id":"https:\/\/secure.gravatar.com\/avatar\/6593ca6cc90e5a70939f51c95e8315483b9c281bafba597292bee47992030f99?s=96&d=mm&r=g","url":"https:\/\/secure.gravatar.com\/avatar\/6593ca6cc90e5a70939f51c95e8315483b9c281bafba597292bee47992030f99?s=96&d=mm&r=g","contentUrl":"https:\/\/secure.gravatar.com\/avatar\/6593ca6cc90e5a70939f51c95e8315483b9c281bafba597292bee47992030f99?s=96&d=mm&r=g","caption":"biblioblanes"},"sameAs":["http:\/\/www.bibgirona.cat\/biblioteca\/blanes","https:\/\/x.com\/biblioblanes"],"url":"https:\/\/biblioteca.blanes.cat\/salajove\/author\/biblioblanes\/"}]}},"_links":{"self":[{"href":"https:\/\/biblioteca.blanes.cat\/salajove\/wp-json\/wp\/v2\/posts\/539","targetHints":{"allow":["GET"]}}],"collection":[{"href":"https:\/\/biblioteca.blanes.cat\/salajove\/wp-json\/wp\/v2\/posts"}],"about":[{"href":"https:\/\/biblioteca.blanes.cat\/salajove\/wp-json\/wp\/v2\/types\/post"}],"author":[{"embeddable":true,"href":"https:\/\/biblioteca.blanes.cat\/salajove\/wp-json\/wp\/v2\/users\/4"}],"replies":[{"embeddable":true,"href":"https:\/\/biblioteca.blanes.cat\/salajove\/wp-json\/wp\/v2\/comments?post=539"}],"version-history":[{"count":7,"href":"https:\/\/biblioteca.blanes.cat\/salajove\/wp-json\/wp\/v2\/posts\/539\/revisions"}],"predecessor-version":[{"id":547,"href":"https:\/\/biblioteca.blanes.cat\/salajove\/wp-json\/wp\/v2\/posts\/539\/revisions\/547"}],"wp:featuredmedia":[{"embeddable":true,"href":"https:\/\/biblioteca.blanes.cat\/salajove\/wp-json\/wp\/v2\/media\/300"}],"wp:attachment":[{"href":"https:\/\/biblioteca.blanes.cat\/salajove\/wp-json\/wp\/v2\/media?parent=539"}],"wp:term":[{"taxonomy":"category","embeddable":true,"href":"https:\/\/biblioteca.blanes.cat\/salajove\/wp-json\/wp\/v2\/categories?post=539"},{"taxonomy":"post_tag","embeddable":true,"href":"https:\/\/biblioteca.blanes.cat\/salajove\/wp-json\/wp\/v2\/tags?post=539"}],"curies":[{"name":"wp","href":"https:\/\/api.w.org\/{rel}","templated":true}]}}