{"id":5283,"date":"2021-03-02T11:30:17","date_gmt":"2021-03-02T10:30:17","guid":{"rendered":"https:\/\/biblioteca.blanes.cat\/salajove\/?p=5283"},"modified":"2021-03-02T11:30:19","modified_gmt":"2021-03-02T10:30:19","slug":"area-de-joventut-dia-de-la-dona","status":"publish","type":"post","link":"https:\/\/biblioteca.blanes.cat\/salajove\/2021\/03\/02\/area-de-joventut-dia-de-la-dona\/","title":{"rendered":"\u00c0REA DE JOVENTUT, DIA DE LA DONA"},"content":{"rendered":"\n<div class=\"s-basicpanel\">\n<h1 id=\"e-8A99BA5A1A3DDC34C125868B0031EB57-16-body\" class=\"s-stack s-mailbody\" style=\"text-align: center;\" tabindex=\"0\"><span style=\"font-family: Arial; font-size: medium;\">Benvolguts\/des,<\/span><br \/><br \/><span style=\"font-family: Arial; font-size: medium;\"><strong>L&#8217;\u00e0rea de Joventut, conjuntament amb un grup de joves, i amb suport del Servei de Pol\u00edtiques d&#8217;Igualtat, ha programat una s\u00e8rie d&#8217;actes en motiu del 8 de mar\u00e7.<\/strong> <\/span><\/h1>\n<div tabindex=\"0\">\u00a0<\/div>\n<\/div>\n<div style=\"text-align: center;\" tabindex=\"0\"><a href=\"https:\/\/biblioteca.blanes.cat\/salajove\/wp-content\/uploads\/sites\/3\/2021\/03\/0001-scaled.jpg\"><img fetchpriority=\"high\" decoding=\"async\" class=\"alignnone wp-image-5287 size-large\" src=\"https:\/\/biblioteca.blanes.cat\/salajove\/wp-content\/uploads\/sites\/3\/2021\/03\/0001-724x1024.jpg\" alt=\"\" width=\"724\" height=\"1024\" srcset=\"https:\/\/biblioteca.blanes.cat\/salajove\/wp-content\/uploads\/sites\/3\/2021\/03\/0001-724x1024.jpg 724w, https:\/\/biblioteca.blanes.cat\/salajove\/wp-content\/uploads\/sites\/3\/2021\/03\/0001-212x300.jpg 212w, https:\/\/biblioteca.blanes.cat\/salajove\/wp-content\/uploads\/sites\/3\/2021\/03\/0001-768x1086.jpg 768w, https:\/\/biblioteca.blanes.cat\/salajove\/wp-content\/uploads\/sites\/3\/2021\/03\/0001-1086x1536.jpg 1086w, https:\/\/biblioteca.blanes.cat\/salajove\/wp-content\/uploads\/sites\/3\/2021\/03\/0001-1448x2048.jpg 1448w, https:\/\/biblioteca.blanes.cat\/salajove\/wp-content\/uploads\/sites\/3\/2021\/03\/0001-scaled.jpg 1810w\" sizes=\"(max-width: 724px) 100vw, 724px\" \/><\/a><\/div>\n<div tabindex=\"0\">\u00a0<\/div>\n<div class=\"s-basicpanel\">\n<div tabindex=\"0\">\u00a0<\/div>\n<div class=\"s-stack s-mailbody\" style=\"text-align: center;\" tabindex=\"0\"><span style=\"font-family: Arial; font-size: medium;\">A partir de dem\u00e0, <\/span><span style=\"font-family: Arial; font-size: medium;\">podreu visitar<strong> l&#8217;exposici\u00f3 &#8220;L&#8217;Art de les dones blanenques&#8221;<\/strong> a la sala d&#8217;exposicions Garc\u00eda-Tornel, que t\u00e9 per objecte per donar a con\u00e8ixer la diversitat d&#8217;artistes femenines que hi ha a Blanes. Aquesta exposici\u00f3 estar\u00e0 disponible fins al 8 de mar\u00e7.<\/span><br \/><br \/><span style=\"font-family: Arial; font-size: medium;\">El mateix dia 8 de mar\u00e7, a les 18 hores, es far\u00e0<\/span><span style=\"font-family: Arial; font-size: medium;\">\u00a0una projecci\u00f3 simult\u00e0nia a la sala de plens de l&#8217;Ajuntament i a la Nau4 Espai Jove dels <strong>v\u00eddeos &#8220;Dones Valentes&#8221; i &#8220;Femstival&#8221;.<\/strong><br \/>&#8220;Dones Valentes&#8221; \u00e9s un v\u00eddeo que s&#8217;ha creat per fer un homenatge a les dones de l&#8217;\u00e0mbit sociosanitari que estan lluitant a primera l\u00ednia dia a dia contra la pand\u00e8mia.<br \/>&#8220;Femstival&#8221; \u00e9s un v\u00eddeo enregistrat en format de gala musical per reivindicar el talent de les dones i visibilitzar-les en l&#8217;escenari. Tamb\u00e9 s&#8217;inclou la lectura d&#8217;un manifest acompanyat amb una performance de dansa.<br \/><\/span><br \/><span style=\"font-family: Arial; font-size: medium;\">Podreu reservar la vostra entrada a:<\/span><br \/><span style=\"font-family: Arial; font-size: medium;\"><br \/><\/span><a href=\"http:\/\/entrapol.is\/GPQAY\" target=\"_blank\" rel=\"noopener noreferrer\"><span style=\"font-family: Arial; font-size: medium;\">http:\/\/entrapol.is\/GPQAY<\/span><\/a><\/div>\n<div tabindex=\"0\">\u00a0<\/div>\n<div class=\"s-stack s-mailbody\" style=\"text-align: center;\" tabindex=\"0\"><br \/><i><a href=\"https:\/\/biblioteca.blanes.cat\/salajove\/wp-content\/uploads\/sites\/3\/2021\/03\/0001-2-scaled.jpg\"><img decoding=\"async\" class=\"alignnone wp-image-5285 size-large\" src=\"https:\/\/biblioteca.blanes.cat\/salajove\/wp-content\/uploads\/sites\/3\/2021\/03\/0001-2-1024x724.jpg\" alt=\"\" width=\"750\" height=\"530\" srcset=\"https:\/\/biblioteca.blanes.cat\/salajove\/wp-content\/uploads\/sites\/3\/2021\/03\/0001-2-1024x724.jpg 1024w, https:\/\/biblioteca.blanes.cat\/salajove\/wp-content\/uploads\/sites\/3\/2021\/03\/0001-2-300x212.jpg 300w, https:\/\/biblioteca.blanes.cat\/salajove\/wp-content\/uploads\/sites\/3\/2021\/03\/0001-2-768x543.jpg 768w, https:\/\/biblioteca.blanes.cat\/salajove\/wp-content\/uploads\/sites\/3\/2021\/03\/0001-2-1536x1086.jpg 1536w, https:\/\/biblioteca.blanes.cat\/salajove\/wp-content\/uploads\/sites\/3\/2021\/03\/0001-2-2048x1449.jpg 2048w\" sizes=\"(max-width: 750px) 100vw, 750px\" \/><\/a><\/i><span style=\"font-family: Arial; font-size: medium;\"><a href=\"https:\/\/biblioteca.blanes.cat\/salajove\/wp-content\/uploads\/sites\/3\/2021\/03\/0002-scaled.jpg\"><img decoding=\"async\" class=\"alignnone wp-image-5286 size-large\" src=\"https:\/\/biblioteca.blanes.cat\/salajove\/wp-content\/uploads\/sites\/3\/2021\/03\/0002-1024x724.jpg\" alt=\"\" width=\"750\" height=\"530\" srcset=\"https:\/\/biblioteca.blanes.cat\/salajove\/wp-content\/uploads\/sites\/3\/2021\/03\/0002-1024x724.jpg 1024w, https:\/\/biblioteca.blanes.cat\/salajove\/wp-content\/uploads\/sites\/3\/2021\/03\/0002-300x212.jpg 300w, https:\/\/biblioteca.blanes.cat\/salajove\/wp-content\/uploads\/sites\/3\/2021\/03\/0002-768x543.jpg 768w, https:\/\/biblioteca.blanes.cat\/salajove\/wp-content\/uploads\/sites\/3\/2021\/03\/0002-1536x1086.jpg 1536w, https:\/\/biblioteca.blanes.cat\/salajove\/wp-content\/uploads\/sites\/3\/2021\/03\/0002-2048x1449.jpg 2048w\" sizes=\"(max-width: 750px) 100vw, 750px\" \/><\/a><br \/><br \/>Us hi esperem,<\/span><br \/><br \/><span style=\"font-family: Arial; font-size: medium;\">\u00c0rea de Joventut<br \/>Ajuntament de Blanes<br \/>Av. de l&#8217;Estaci\u00f3 70, nau 4<br \/>joventut@blanes.cat <br \/>972 33 07 11 \/ 680 71 89 53<\/span><\/div>\n<\/div>\n","protected":false},"excerpt":{"rendered":"<p>Benvolguts\/des, L&#8217;\u00e0rea de Joventut, conjuntament amb un grup de joves, i amb suport del Servei de Pol\u00edtiques d&#8217;Igualtat, ha programat una s\u00e8rie d&#8217;actes en motiu del 8 de mar\u00e7. \u00a0 \u00a0 \u00a0 A partir de dem\u00e0, podreu visitar l&#8217;exposici\u00f3 &#8220;L&#8217;Art<\/p>\n","protected":false},"author":4,"featured_media":5238,"comment_status":"open","ping_status":"open","sticky":false,"template":"","format":"standard","meta":{"sfsi_plus_gutenberg_text_before_share":"","sfsi_plus_gutenberg_show_text_before_share":"","sfsi_plus_gutenberg_icon_type":"","sfsi_plus_gutenberg_icon_alignemt":"","sfsi_plus_gutenburg_max_per_row":"","footnotes":""},"categories":[115],"tags":[97],"class_list":["post-5283","post","type-post","status-publish","format-standard","has-post-thumbnail","hentry","category-nau4","tag-activitats-actualitat-joves"],"yoast_head":"<!-- This site is optimized with the Yoast SEO plugin v27.5 - https:\/\/yoast.com\/product\/yoast-seo-wordpress\/ -->\n<title>\u00c0REA DE JOVENTUT, DIA DE LA DONA - Sala Jove<\/title>\n<meta name=\"robots\" content=\"index, follow, max-snippet:-1, max-image-preview:large, max-video-preview:-1\" \/>\n<link rel=\"canonical\" href=\"https:\/\/biblioteca.blanes.cat\/salajove\/2021\/03\/02\/area-de-joventut-dia-de-la-dona\/\" \/>\n<meta property=\"og:locale\" content=\"ca_ES\" \/>\n<meta property=\"og:type\" content=\"article\" \/>\n<meta property=\"og:title\" content=\"\u00c0REA DE JOVENTUT, DIA DE LA DONA - Sala Jove\" \/>\n<meta property=\"og:description\" content=\"Benvolguts\/des, L&#8217;\u00e0rea de Joventut, conjuntament amb un grup de joves, i amb suport del Servei de Pol\u00edtiques d&#8217;Igualtat, ha programat una s\u00e8rie d&#8217;actes en motiu del 8 de mar\u00e7. \u00a0 \u00a0 \u00a0 A partir de dem\u00e0, podreu visitar l&#8217;exposici\u00f3 &#8220;L&#8217;Art\" \/>\n<meta property=\"og:url\" content=\"https:\/\/biblioteca.blanes.cat\/salajove\/2021\/03\/02\/area-de-joventut-dia-de-la-dona\/\" \/>\n<meta property=\"og:site_name\" content=\"Sala Jove\" \/>\n<meta property=\"article:publisher\" content=\"https:\/\/www.facebook.com\/BilbiotecaComarcaldeBlanes\/\" \/>\n<meta property=\"article:published_time\" content=\"2021-03-02T10:30:17+00:00\" \/>\n<meta property=\"article:modified_time\" content=\"2021-03-02T10:30:19+00:00\" \/>\n<meta property=\"og:image\" content=\"https:\/\/biblioteca.blanes.cat\/salajove\/wp-content\/uploads\/sites\/3\/2021\/02\/143192465_3042223396004972_8866439181331173833_o-1.png\" \/>\n\t<meta property=\"og:image:width\" content=\"1080\" \/>\n\t<meta property=\"og:image:height\" content=\"1079\" \/>\n\t<meta property=\"og:image:type\" content=\"image\/png\" \/>\n<meta name=\"author\" content=\"biblioblanes\" \/>\n<meta name=\"twitter:card\" content=\"summary_large_image\" \/>\n<meta name=\"twitter:creator\" content=\"@biblioblanes\" \/>\n<meta name=\"twitter:site\" content=\"@BiblioBlanes\" \/>\n<meta name=\"twitter:label1\" content=\"Escrit per\" \/>\n\t<meta name=\"twitter:data1\" content=\"biblioblanes\" \/>\n\t<meta name=\"twitter:label2\" content=\"Temps estimat de lectura\" \/>\n\t<meta name=\"twitter:data2\" content=\"2 minuts\" \/>\n<script type=\"application\/ld+json\" class=\"yoast-schema-graph\">{\"@context\":\"https:\\\/\\\/schema.org\",\"@graph\":[{\"@type\":\"Article\",\"@id\":\"https:\\\/\\\/biblioteca.blanes.cat\\\/salajove\\\/2021\\\/03\\\/02\\\/area-de-joventut-dia-de-la-dona\\\/#article\",\"isPartOf\":{\"@id\":\"https:\\\/\\\/biblioteca.blanes.cat\\\/salajove\\\/2021\\\/03\\\/02\\\/area-de-joventut-dia-de-la-dona\\\/\"},\"author\":{\"name\":\"biblioblanes\",\"@id\":\"https:\\\/\\\/biblioteca.blanes.cat\\\/salajove\\\/#\\\/schema\\\/person\\\/5a7b46760d9dd611d098bbf571a341dc\"},\"headline\":\"\u00c0REA DE JOVENTUT, DIA DE LA DONA\",\"datePublished\":\"2021-03-02T10:30:17+00:00\",\"dateModified\":\"2021-03-02T10:30:19+00:00\",\"mainEntityOfPage\":{\"@id\":\"https:\\\/\\\/biblioteca.blanes.cat\\\/salajove\\\/2021\\\/03\\\/02\\\/area-de-joventut-dia-de-la-dona\\\/\"},\"wordCount\":221,\"commentCount\":0,\"publisher\":{\"@id\":\"https:\\\/\\\/biblioteca.blanes.cat\\\/salajove\\\/#organization\"},\"image\":{\"@id\":\"https:\\\/\\\/biblioteca.blanes.cat\\\/salajove\\\/2021\\\/03\\\/02\\\/area-de-joventut-dia-de-la-dona\\\/#primaryimage\"},\"thumbnailUrl\":\"https:\\\/\\\/biblioteca.blanes.cat\\\/salajove\\\/wp-content\\\/uploads\\\/sites\\\/3\\\/2021\\\/02\\\/143192465_3042223396004972_8866439181331173833_o-1.png\",\"keywords\":[\"#Activitats #Actualitat #Joves\"],\"articleSection\":[\"Nau4\"],\"inLanguage\":\"ca\",\"potentialAction\":[{\"@type\":\"CommentAction\",\"name\":\"Comment\",\"target\":[\"https:\\\/\\\/biblioteca.blanes.cat\\\/salajove\\\/2021\\\/03\\\/02\\\/area-de-joventut-dia-de-la-dona\\\/#respond\"]}]},{\"@type\":\"WebPage\",\"@id\":\"https:\\\/\\\/biblioteca.blanes.cat\\\/salajove\\\/2021\\\/03\\\/02\\\/area-de-joventut-dia-de-la-dona\\\/\",\"url\":\"https:\\\/\\\/biblioteca.blanes.cat\\\/salajove\\\/2021\\\/03\\\/02\\\/area-de-joventut-dia-de-la-dona\\\/\",\"name\":\"\u00c0REA DE JOVENTUT, DIA DE LA DONA - Sala Jove\",\"isPartOf\":{\"@id\":\"https:\\\/\\\/biblioteca.blanes.cat\\\/salajove\\\/#website\"},\"primaryImageOfPage\":{\"@id\":\"https:\\\/\\\/biblioteca.blanes.cat\\\/salajove\\\/2021\\\/03\\\/02\\\/area-de-joventut-dia-de-la-dona\\\/#primaryimage\"},\"image\":{\"@id\":\"https:\\\/\\\/biblioteca.blanes.cat\\\/salajove\\\/2021\\\/03\\\/02\\\/area-de-joventut-dia-de-la-dona\\\/#primaryimage\"},\"thumbnailUrl\":\"https:\\\/\\\/biblioteca.blanes.cat\\\/salajove\\\/wp-content\\\/uploads\\\/sites\\\/3\\\/2021\\\/02\\\/143192465_3042223396004972_8866439181331173833_o-1.png\",\"datePublished\":\"2021-03-02T10:30:17+00:00\",\"dateModified\":\"2021-03-02T10:30:19+00:00\",\"breadcrumb\":{\"@id\":\"https:\\\/\\\/biblioteca.blanes.cat\\\/salajove\\\/2021\\\/03\\\/02\\\/area-de-joventut-dia-de-la-dona\\\/#breadcrumb\"},\"inLanguage\":\"ca\",\"potentialAction\":[{\"@type\":\"ReadAction\",\"target\":[\"https:\\\/\\\/biblioteca.blanes.cat\\\/salajove\\\/2021\\\/03\\\/02\\\/area-de-joventut-dia-de-la-dona\\\/\"]}]},{\"@type\":\"ImageObject\",\"inLanguage\":\"ca\",\"@id\":\"https:\\\/\\\/biblioteca.blanes.cat\\\/salajove\\\/2021\\\/03\\\/02\\\/area-de-joventut-dia-de-la-dona\\\/#primaryimage\",\"url\":\"https:\\\/\\\/biblioteca.blanes.cat\\\/salajove\\\/wp-content\\\/uploads\\\/sites\\\/3\\\/2021\\\/02\\\/143192465_3042223396004972_8866439181331173833_o-1.png\",\"contentUrl\":\"https:\\\/\\\/biblioteca.blanes.cat\\\/salajove\\\/wp-content\\\/uploads\\\/sites\\\/3\\\/2021\\\/02\\\/143192465_3042223396004972_8866439181331173833_o-1.png\",\"width\":1080,\"height\":1079},{\"@type\":\"BreadcrumbList\",\"@id\":\"https:\\\/\\\/biblioteca.blanes.cat\\\/salajove\\\/2021\\\/03\\\/02\\\/area-de-joventut-dia-de-la-dona\\\/#breadcrumb\",\"itemListElement\":[{\"@type\":\"ListItem\",\"position\":1,\"name\":\"Inici\",\"item\":\"https:\\\/\\\/biblioteca.blanes.cat\\\/salajove\\\/\"},{\"@type\":\"ListItem\",\"position\":2,\"name\":\"\u00c0REA DE JOVENTUT, DIA DE LA DONA\"}]},{\"@type\":\"WebSite\",\"@id\":\"https:\\\/\\\/biblioteca.blanes.cat\\\/salajove\\\/#website\",\"url\":\"https:\\\/\\\/biblioteca.blanes.cat\\\/salajove\\\/\",\"name\":\"Sala Jove\",\"description\":\"Biblioteca Comarcal de Blanes\",\"publisher\":{\"@id\":\"https:\\\/\\\/biblioteca.blanes.cat\\\/salajove\\\/#organization\"},\"potentialAction\":[{\"@type\":\"SearchAction\",\"target\":{\"@type\":\"EntryPoint\",\"urlTemplate\":\"https:\\\/\\\/biblioteca.blanes.cat\\\/salajove\\\/?s={search_term_string}\"},\"query-input\":{\"@type\":\"PropertyValueSpecification\",\"valueRequired\":true,\"valueName\":\"search_term_string\"}}],\"inLanguage\":\"ca\"},{\"@type\":\"Organization\",\"@id\":\"https:\\\/\\\/biblioteca.blanes.cat\\\/salajove\\\/#organization\",\"name\":\"Biblioteca Comarcal de Blanes\",\"url\":\"https:\\\/\\\/biblioteca.blanes.cat\\\/salajove\\\/\",\"logo\":{\"@type\":\"ImageObject\",\"inLanguage\":\"ca\",\"@id\":\"https:\\\/\\\/biblioteca.blanes.cat\\\/salajove\\\/#\\\/schema\\\/logo\\\/image\\\/\",\"url\":\"https:\\\/\\\/biblioteca.blanes.cat\\\/salajove\\\/wp-content\\\/uploads\\\/sites\\\/3\\\/2017\\\/09\\\/cropped-Bib-blau-e1518869380535.png\",\"contentUrl\":\"https:\\\/\\\/biblioteca.blanes.cat\\\/salajove\\\/wp-content\\\/uploads\\\/sites\\\/3\\\/2017\\\/09\\\/cropped-Bib-blau-e1518869380535.png\",\"width\":166,\"height\":166,\"caption\":\"Biblioteca Comarcal de Blanes\"},\"image\":{\"@id\":\"https:\\\/\\\/biblioteca.blanes.cat\\\/salajove\\\/#\\\/schema\\\/logo\\\/image\\\/\"},\"sameAs\":[\"https:\\\/\\\/www.facebook.com\\\/BilbiotecaComarcaldeBlanes\\\/\",\"https:\\\/\\\/x.com\\\/BiblioBlanes\",\"https:\\\/\\\/www.instagram.com\\\/biblioblanes\\\/\",\"https:\\\/\\\/www.pinterest.es\\\/bblanes\\\/\",\"https:\\\/\\\/www.youtube.com\\\/c\\\/BibliotecaComarcalBlanes\"]},{\"@type\":\"Person\",\"@id\":\"https:\\\/\\\/biblioteca.blanes.cat\\\/salajove\\\/#\\\/schema\\\/person\\\/5a7b46760d9dd611d098bbf571a341dc\",\"name\":\"biblioblanes\",\"image\":{\"@type\":\"ImageObject\",\"inLanguage\":\"ca\",\"@id\":\"https:\\\/\\\/secure.gravatar.com\\\/avatar\\\/6593ca6cc90e5a70939f51c95e8315483b9c281bafba597292bee47992030f99?s=96&d=mm&r=g\",\"url\":\"https:\\\/\\\/secure.gravatar.com\\\/avatar\\\/6593ca6cc90e5a70939f51c95e8315483b9c281bafba597292bee47992030f99?s=96&d=mm&r=g\",\"contentUrl\":\"https:\\\/\\\/secure.gravatar.com\\\/avatar\\\/6593ca6cc90e5a70939f51c95e8315483b9c281bafba597292bee47992030f99?s=96&d=mm&r=g\",\"caption\":\"biblioblanes\"},\"sameAs\":[\"http:\\\/\\\/www.bibgirona.cat\\\/biblioteca\\\/blanes\",\"https:\\\/\\\/x.com\\\/biblioblanes\"],\"url\":\"https:\\\/\\\/biblioteca.blanes.cat\\\/salajove\\\/author\\\/biblioblanes\\\/\"}]}<\/script>\n<!-- \/ Yoast SEO plugin. -->","yoast_head_json":{"title":"\u00c0REA DE JOVENTUT, DIA DE LA DONA - Sala Jove","robots":{"index":"index","follow":"follow","max-snippet":"max-snippet:-1","max-image-preview":"max-image-preview:large","max-video-preview":"max-video-preview:-1"},"canonical":"https:\/\/biblioteca.blanes.cat\/salajove\/2021\/03\/02\/area-de-joventut-dia-de-la-dona\/","og_locale":"ca_ES","og_type":"article","og_title":"\u00c0REA DE JOVENTUT, DIA DE LA DONA - Sala Jove","og_description":"Benvolguts\/des, L&#8217;\u00e0rea de Joventut, conjuntament amb un grup de joves, i amb suport del Servei de Pol\u00edtiques d&#8217;Igualtat, ha programat una s\u00e8rie d&#8217;actes en motiu del 8 de mar\u00e7. \u00a0 \u00a0 \u00a0 A partir de dem\u00e0, podreu visitar l&#8217;exposici\u00f3 &#8220;L&#8217;Art","og_url":"https:\/\/biblioteca.blanes.cat\/salajove\/2021\/03\/02\/area-de-joventut-dia-de-la-dona\/","og_site_name":"Sala Jove","article_publisher":"https:\/\/www.facebook.com\/BilbiotecaComarcaldeBlanes\/","article_published_time":"2021-03-02T10:30:17+00:00","article_modified_time":"2021-03-02T10:30:19+00:00","og_image":[{"width":1080,"height":1079,"url":"https:\/\/biblioteca.blanes.cat\/salajove\/wp-content\/uploads\/sites\/3\/2021\/02\/143192465_3042223396004972_8866439181331173833_o-1.png","type":"image\/png"}],"author":"biblioblanes","twitter_card":"summary_large_image","twitter_creator":"@biblioblanes","twitter_site":"@BiblioBlanes","twitter_misc":{"Escrit per":"biblioblanes","Temps estimat de lectura":"2 minuts"},"schema":{"@context":"https:\/\/schema.org","@graph":[{"@type":"Article","@id":"https:\/\/biblioteca.blanes.cat\/salajove\/2021\/03\/02\/area-de-joventut-dia-de-la-dona\/#article","isPartOf":{"@id":"https:\/\/biblioteca.blanes.cat\/salajove\/2021\/03\/02\/area-de-joventut-dia-de-la-dona\/"},"author":{"name":"biblioblanes","@id":"https:\/\/biblioteca.blanes.cat\/salajove\/#\/schema\/person\/5a7b46760d9dd611d098bbf571a341dc"},"headline":"\u00c0REA DE JOVENTUT, DIA DE LA DONA","datePublished":"2021-03-02T10:30:17+00:00","dateModified":"2021-03-02T10:30:19+00:00","mainEntityOfPage":{"@id":"https:\/\/biblioteca.blanes.cat\/salajove\/2021\/03\/02\/area-de-joventut-dia-de-la-dona\/"},"wordCount":221,"commentCount":0,"publisher":{"@id":"https:\/\/biblioteca.blanes.cat\/salajove\/#organization"},"image":{"@id":"https:\/\/biblioteca.blanes.cat\/salajove\/2021\/03\/02\/area-de-joventut-dia-de-la-dona\/#primaryimage"},"thumbnailUrl":"https:\/\/biblioteca.blanes.cat\/salajove\/wp-content\/uploads\/sites\/3\/2021\/02\/143192465_3042223396004972_8866439181331173833_o-1.png","keywords":["#Activitats #Actualitat #Joves"],"articleSection":["Nau4"],"inLanguage":"ca","potentialAction":[{"@type":"CommentAction","name":"Comment","target":["https:\/\/biblioteca.blanes.cat\/salajove\/2021\/03\/02\/area-de-joventut-dia-de-la-dona\/#respond"]}]},{"@type":"WebPage","@id":"https:\/\/biblioteca.blanes.cat\/salajove\/2021\/03\/02\/area-de-joventut-dia-de-la-dona\/","url":"https:\/\/biblioteca.blanes.cat\/salajove\/2021\/03\/02\/area-de-joventut-dia-de-la-dona\/","name":"\u00c0REA DE JOVENTUT, DIA DE LA DONA - Sala Jove","isPartOf":{"@id":"https:\/\/biblioteca.blanes.cat\/salajove\/#website"},"primaryImageOfPage":{"@id":"https:\/\/biblioteca.blanes.cat\/salajove\/2021\/03\/02\/area-de-joventut-dia-de-la-dona\/#primaryimage"},"image":{"@id":"https:\/\/biblioteca.blanes.cat\/salajove\/2021\/03\/02\/area-de-joventut-dia-de-la-dona\/#primaryimage"},"thumbnailUrl":"https:\/\/biblioteca.blanes.cat\/salajove\/wp-content\/uploads\/sites\/3\/2021\/02\/143192465_3042223396004972_8866439181331173833_o-1.png","datePublished":"2021-03-02T10:30:17+00:00","dateModified":"2021-03-02T10:30:19+00:00","breadcrumb":{"@id":"https:\/\/biblioteca.blanes.cat\/salajove\/2021\/03\/02\/area-de-joventut-dia-de-la-dona\/#breadcrumb"},"inLanguage":"ca","potentialAction":[{"@type":"ReadAction","target":["https:\/\/biblioteca.blanes.cat\/salajove\/2021\/03\/02\/area-de-joventut-dia-de-la-dona\/"]}]},{"@type":"ImageObject","inLanguage":"ca","@id":"https:\/\/biblioteca.blanes.cat\/salajove\/2021\/03\/02\/area-de-joventut-dia-de-la-dona\/#primaryimage","url":"https:\/\/biblioteca.blanes.cat\/salajove\/wp-content\/uploads\/sites\/3\/2021\/02\/143192465_3042223396004972_8866439181331173833_o-1.png","contentUrl":"https:\/\/biblioteca.blanes.cat\/salajove\/wp-content\/uploads\/sites\/3\/2021\/02\/143192465_3042223396004972_8866439181331173833_o-1.png","width":1080,"height":1079},{"@type":"BreadcrumbList","@id":"https:\/\/biblioteca.blanes.cat\/salajove\/2021\/03\/02\/area-de-joventut-dia-de-la-dona\/#breadcrumb","itemListElement":[{"@type":"ListItem","position":1,"name":"Inici","item":"https:\/\/biblioteca.blanes.cat\/salajove\/"},{"@type":"ListItem","position":2,"name":"\u00c0REA DE JOVENTUT, DIA DE LA DONA"}]},{"@type":"WebSite","@id":"https:\/\/biblioteca.blanes.cat\/salajove\/#website","url":"https:\/\/biblioteca.blanes.cat\/salajove\/","name":"Sala Jove","description":"Biblioteca Comarcal de Blanes","publisher":{"@id":"https:\/\/biblioteca.blanes.cat\/salajove\/#organization"},"potentialAction":[{"@type":"SearchAction","target":{"@type":"EntryPoint","urlTemplate":"https:\/\/biblioteca.blanes.cat\/salajove\/?s={search_term_string}"},"query-input":{"@type":"PropertyValueSpecification","valueRequired":true,"valueName":"search_term_string"}}],"inLanguage":"ca"},{"@type":"Organization","@id":"https:\/\/biblioteca.blanes.cat\/salajove\/#organization","name":"Biblioteca Comarcal de Blanes","url":"https:\/\/biblioteca.blanes.cat\/salajove\/","logo":{"@type":"ImageObject","inLanguage":"ca","@id":"https:\/\/biblioteca.blanes.cat\/salajove\/#\/schema\/logo\/image\/","url":"https:\/\/biblioteca.blanes.cat\/salajove\/wp-content\/uploads\/sites\/3\/2017\/09\/cropped-Bib-blau-e1518869380535.png","contentUrl":"https:\/\/biblioteca.blanes.cat\/salajove\/wp-content\/uploads\/sites\/3\/2017\/09\/cropped-Bib-blau-e1518869380535.png","width":166,"height":166,"caption":"Biblioteca Comarcal de Blanes"},"image":{"@id":"https:\/\/biblioteca.blanes.cat\/salajove\/#\/schema\/logo\/image\/"},"sameAs":["https:\/\/www.facebook.com\/BilbiotecaComarcaldeBlanes\/","https:\/\/x.com\/BiblioBlanes","https:\/\/www.instagram.com\/biblioblanes\/","https:\/\/www.pinterest.es\/bblanes\/","https:\/\/www.youtube.com\/c\/BibliotecaComarcalBlanes"]},{"@type":"Person","@id":"https:\/\/biblioteca.blanes.cat\/salajove\/#\/schema\/person\/5a7b46760d9dd611d098bbf571a341dc","name":"biblioblanes","image":{"@type":"ImageObject","inLanguage":"ca","@id":"https:\/\/secure.gravatar.com\/avatar\/6593ca6cc90e5a70939f51c95e8315483b9c281bafba597292bee47992030f99?s=96&d=mm&r=g","url":"https:\/\/secure.gravatar.com\/avatar\/6593ca6cc90e5a70939f51c95e8315483b9c281bafba597292bee47992030f99?s=96&d=mm&r=g","contentUrl":"https:\/\/secure.gravatar.com\/avatar\/6593ca6cc90e5a70939f51c95e8315483b9c281bafba597292bee47992030f99?s=96&d=mm&r=g","caption":"biblioblanes"},"sameAs":["http:\/\/www.bibgirona.cat\/biblioteca\/blanes","https:\/\/x.com\/biblioblanes"],"url":"https:\/\/biblioteca.blanes.cat\/salajove\/author\/biblioblanes\/"}]}},"_links":{"self":[{"href":"https:\/\/biblioteca.blanes.cat\/salajove\/wp-json\/wp\/v2\/posts\/5283","targetHints":{"allow":["GET"]}}],"collection":[{"href":"https:\/\/biblioteca.blanes.cat\/salajove\/wp-json\/wp\/v2\/posts"}],"about":[{"href":"https:\/\/biblioteca.blanes.cat\/salajove\/wp-json\/wp\/v2\/types\/post"}],"author":[{"embeddable":true,"href":"https:\/\/biblioteca.blanes.cat\/salajove\/wp-json\/wp\/v2\/users\/4"}],"replies":[{"embeddable":true,"href":"https:\/\/biblioteca.blanes.cat\/salajove\/wp-json\/wp\/v2\/comments?post=5283"}],"version-history":[{"count":2,"href":"https:\/\/biblioteca.blanes.cat\/salajove\/wp-json\/wp\/v2\/posts\/5283\/revisions"}],"predecessor-version":[{"id":5289,"href":"https:\/\/biblioteca.blanes.cat\/salajove\/wp-json\/wp\/v2\/posts\/5283\/revisions\/5289"}],"wp:featuredmedia":[{"embeddable":true,"href":"https:\/\/biblioteca.blanes.cat\/salajove\/wp-json\/wp\/v2\/media\/5238"}],"wp:attachment":[{"href":"https:\/\/biblioteca.blanes.cat\/salajove\/wp-json\/wp\/v2\/media?parent=5283"}],"wp:term":[{"taxonomy":"category","embeddable":true,"href":"https:\/\/biblioteca.blanes.cat\/salajove\/wp-json\/wp\/v2\/categories?post=5283"},{"taxonomy":"post_tag","embeddable":true,"href":"https:\/\/biblioteca.blanes.cat\/salajove\/wp-json\/wp\/v2\/tags?post=5283"}],"curies":[{"name":"wp","href":"https:\/\/api.w.org\/{rel}","templated":true}]}}