{"id":5276,"date":"2021-03-02T10:14:47","date_gmt":"2021-03-02T09:14:47","guid":{"rendered":"https:\/\/biblioteca.blanes.cat\/salajove\/?p=5276"},"modified":"2021-03-02T10:14:50","modified_gmt":"2021-03-02T09:14:50","slug":"beques-carnet-jove-2021","status":"publish","type":"post","link":"https:\/\/biblioteca.blanes.cat\/salajove\/2021\/03\/02\/beques-carnet-jove-2021\/","title":{"rendered":"BEQUES CARNET JOVE 2021"},"content":{"rendered":"\n<div align=\"left\">\n<h2 align=\"center\"><strong>BEQUES CARNET JOVE 2021<\/strong><\/h2>\n<p align=\"justify\"><strong>JA PODEU PARTICIPAR a les 12 beques del Carnet Jove!<\/strong> Les beques estan adre\u00e7ades a joves d&#8217;entre 16 i 31 anys, que siguin titulars del Carnet Jove de la Generalitat de Catalunya, i <strong>el termini de participaci\u00f3 finalitza el proper 8 d&#8217;abril de 2021<\/strong>.<\/p>\n<p align=\"justify\">Les beques tenen una <strong>dotaci\u00f3 econ\u00f2mica de 7.000\u20ac cadascuna<\/strong>, i les persones benefici\u00e0ries tenen una <strong>experi\u00e8ncia professional en una empresa de refer\u00e8ncia del sector<\/strong> concret de la beca, amb una <strong>durada aproximada d&#8217;un any<\/strong>, durant els dotze mesos posteriors a la resoluci\u00f3 de la beca.<\/p>\n<p align=\"justify\">\u00a0<\/p>\n<h2 style=\"text-align: center;\">Disseny<\/h2>\n<p><a href=\"https:\/\/www.carnetjove.cat\/connectat\/mostraBecaConvocatoriaDetalls!mostraConvocatoriaFromBO.action?convocatoriaTraspas=1103189&amp;utm_campaign=Beques%20CJ%202021%20-%2026\/02\/2021%20-%20biblios%20-%20c.civics&amp;utm_medium=email&amp;utm_source=Beques%20CJ%202021%20-%2026\/01\/2021%20-%20biblios%20-%20c.civics\" target=\"_blank\" rel=\"noopener\"><img decoding=\"async\" class=\"aligncenter\" src=\"http:\/\/login.foxtir.com\/system\/ckeditor_assets\/pictures\/5e62299ac3a81072e15afab4\/content_disseny_290x170.jpg?1583491482\" alt=\"\" width=\"270\" height=\"158\" \/><\/a><\/p>\n<h2 style=\"text-align: center;\">C\u00f2mic<\/h2>\n<p><a href=\"https:\/\/www.carnetjove.cat\/connectat\/mostraBecaConvocatoriaDetalls!mostraConvocatoriaFromBO.action?convocatoriaTraspas=1103190&amp;utm_campaign=Beques%20CJ%202021%20-%2026\/02\/2021%20-%20biblios%20-%20c.civics&amp;utm_medium=email&amp;utm_source=Beques%20CJ%202021%20-%2026\/01\/2021%20-%20biblios%20-%20c.civics\" target=\"_blank\" rel=\"noopener\"><img decoding=\"async\" class=\"aligncenter\" src=\"http:\/\/login.foxtir.com\/system\/ckeditor_assets\/pictures\/5e62299ac3a81072db5afaaf\/content_comic_290x170.jpg?1583491482\" alt=\"\" width=\"270\" height=\"158\" \/><\/a><\/p>\n<h2 style=\"text-align: center;\">Lletres<\/h2>\n<p><a href=\"https:\/\/www.carnetjove.cat\/connectat\/mostraBecaConvocatoriaDetalls!mostraConvocatoriaFromBO.action?convocatoriaTraspas=1103196&amp;utm_campaign=Beques%20CJ%202021%20-%2026\/02\/2021%20-%20biblios%20-%20c.civics&amp;utm_medium=email&amp;utm_source=Beques%20CJ%202021%20-%2026\/01\/2021%20-%20biblios%20-%20c.civics\" target=\"_blank\" rel=\"noopener\"><img decoding=\"async\" class=\"aligncenter\" src=\"http:\/\/login.foxtir.com\/system\/ckeditor_assets\/pictures\/5e62299ac3a81072d85afa74\/content_LLETRES_290x170.jpg?1583491482\" alt=\"\" width=\"270\" height=\"158\" \/><\/a><\/p>\n<h2 style=\"text-align: center;\">Fotografia<\/h2>\n<p><a href=\"https:\/\/www.carnetjove.cat\/connectat\/mostraBecaConvocatoriaDetalls!mostraConvocatoriaFromBO.action?convocatoriaTraspas=1103192&amp;utm_campaign=Beques%20CJ%202021%20-%2026\/02\/2021%20-%20biblios%20-%20c.civics&amp;utm_medium=email&amp;utm_source=Beques%20CJ%202021%20-%2026\/01\/2021%20-%20biblios%20-%20c.civics\" target=\"_blank\" rel=\"noopener\"><img loading=\"lazy\" decoding=\"async\" class=\"aligncenter\" src=\"http:\/\/login.foxtir.com\/system\/ckeditor_assets\/pictures\/5e62299ac3a81072de5afada\/content_FOTO_290x170.jpg?1583491482\" alt=\"\" width=\"270\" height=\"158\" \/><\/a><\/p>\n<h2 style=\"text-align: center;\">R\u00e0dio<\/h2>\n<p style=\"text-align: center;\"><a href=\"https:\/\/www.carnetjove.cat\/connectat\/mostraBecaConvocatoriaDetalls!mostraConvocatoriaFromBO.action?convocatoriaTraspas=1103195&amp;utm_campaign=Beques%20CJ%202021%20-%2026\/02\/2021%20-%20biblios%20-%20c.civics&amp;utm_medium=email&amp;utm_source=Beques%20CJ%202021%20-%2026\/01\/2021%20-%20biblios%20-%20c.civics\" target=\"_blank\" rel=\"noopener\"><img loading=\"lazy\" decoding=\"async\" class=\"alignnone\" src=\"http:\/\/login.foxtir.com\/system\/ckeditor_assets\/pictures\/5e62299ac3a81072de5afadb\/content_RADIO_290x170.jpg?1583491482\" alt=\"\" width=\"270\" height=\"158\" \/><\/a><\/p>\n<h2 style=\"text-align: center;\">Acci\u00f3 Social<\/h2>\n<p><a href=\"https:\/\/www.carnetjove.cat\/connectat\/mostraBecaConvocatoriaDetalls!mostraConvocatoriaFromBO.action?convocatoriaTraspas=1103203&amp;utm_campaign=Beques%20CJ%202021%20-%2026\/02\/2021%20-%20biblios%20-%20c.civics&amp;utm_medium=email&amp;utm_source=Beques%20CJ%202021%20-%2026\/01\/2021%20-%20biblios%20-%20c.civics\" target=\"_blank\" rel=\"noopener\"><img loading=\"lazy\" decoding=\"async\" class=\"aligncenter\" src=\"http:\/\/login.foxtir.com\/system\/ckeditor_assets\/pictures\/5e62299ac3a81072db5afab2\/content_ACCIO_SOCIAL_290x170.jpg?1583491482\" alt=\"\" width=\"270\" height=\"158\" \/><\/a><\/p>\n<h2 style=\"text-align: center;\">Esport<\/h2>\n<p><a href=\"https:\/\/www.carnetjove.cat\/connectat\/mostraBecaConvocatoriaDetalls!mostraConvocatoriaFromBO.action?convocatoriaTraspas=1103201&amp;utm_campaign=Beques%20CJ%202021%20-%2026\/02\/2021%20-%20biblios%20-%20c.civics&amp;utm_medium=email&amp;utm_source=Beques%20CJ%202021%20-%2026\/01\/2021%20-%20biblios%20-%20c.civics\" target=\"_blank\" rel=\"noopener\"><img loading=\"lazy\" decoding=\"async\" class=\"aligncenter\" src=\"http:\/\/login.foxtir.com\/system\/ckeditor_assets\/pictures\/5e62299ac3a81072d85afa73\/content_ESPORT_290x170.jpg?1583491482\" alt=\"\" width=\"270\" height=\"158\" \/><\/a><\/p>\n<h2 style=\"text-align: center;\">Muntatge Musical<\/h2>\n<p style=\"text-align: center;\"><a href=\"https:\/\/www.carnetjove.cat\/connectat\/mostraBecaConvocatoriaDetalls!mostraConvocatoriaFromBO.action?convocatoriaTraspas=1103206&amp;utm_campaign=Beques%20CJ%202021%20-%2026\/02\/2021%20-%20biblios%20-%20c.civics&amp;utm_medium=email&amp;utm_source=Beques%20CJ%202021%20-%2026\/01\/2021%20-%20biblios%20-%20c.civics\" target=\"_blank\" rel=\"noopener\"><img loading=\"lazy\" decoding=\"async\" class=\"alignnone\" src=\"http:\/\/login.foxtir.com\/system\/ckeditor_assets\/pictures\/5e62299ac3a81072de5afadc\/content_MUNTATGE_MUSICAL_290x170.jpg?1583491482\" alt=\"\" width=\"270\" height=\"158\" \/><\/a><\/p>\n<h2 style=\"text-align: center;\">Realitzaci\u00f3<\/h2>\n<p><a href=\"https:\/\/www.carnetjove.cat\/connectat\/mostraBecaConvocatoriaDetalls!mostraConvocatoriaFromBO.action?convocatoriaTraspas=1103212&amp;utm_campaign=Beques%20CJ%202021%20-%2026\/02\/2021%20-%20biblios%20-%20c.civics&amp;utm_medium=email&amp;utm_source=Beques%20CJ%202021%20-%2026\/01\/2021%20-%20biblios%20-%20c.civics\" target=\"_blank\" rel=\"noopener\"><img loading=\"lazy\" decoding=\"async\" class=\"aligncenter\" src=\"http:\/\/login.foxtir.com\/system\/ckeditor_assets\/pictures\/5e62299ac3a81072db5afab1\/content_realitzacio_290x170.jpg?1583491482\" alt=\"\" width=\"270\" height=\"158\" \/><\/a><\/p>\n<h2 style=\"text-align: center;\">Ambientaci\u00f3<\/h2>\n<p style=\"text-align: center;\"><a href=\"https:\/\/www.carnetjove.cat\/connectat\/mostraBecaConvocatoriaDetalls!mostraConvocatoriaFromBO.action?convocatoriaTraspas=1103208&amp;utm_campaign=Beques%20CJ%202021%20-%2026\/02\/2021%20-%20biblios%20-%20c.civics&amp;utm_medium=email&amp;utm_source=Beques%20CJ%202021%20-%2026\/01\/2021%20-%20biblios%20-%20c.civics\" target=\"_blank\" rel=\"noopener\"><img loading=\"lazy\" decoding=\"async\" class=\"alignnone\" src=\"http:\/\/login.foxtir.com\/system\/ckeditor_assets\/pictures\/5e62299ac3a81072e15afab3\/content_AMBIENTACIO_290x170.jpg?1583491482\" alt=\"\" width=\"270\" height=\"158\" \/><\/a><\/p>\n<h2 style=\"text-align: center;\">Maquillatge i perruqueria<\/h2>\n<p><a href=\"https:\/\/www.carnetjove.cat\/connectat\/mostraBecaConvocatoriaDetalls!mostraConvocatoriaFromBO.action?convocatoriaTraspas=1103213&amp;utm_campaign=Beques%20CJ%202021%20-%2026\/02\/2021%20-%20biblios%20-%20c.civics&amp;utm_medium=email&amp;utm_source=Beques%20CJ%202021%20-%2026\/01\/2021%20-%20biblios%20-%20c.civics\" target=\"_blank\" rel=\"noopener\"><img loading=\"lazy\" decoding=\"async\" class=\"aligncenter\" src=\"http:\/\/login.foxtir.com\/system\/ckeditor_assets\/pictures\/5e62299ac3a81072db5afab0\/content_MAQUILLATGE_290x170.jpg?1583491482\" alt=\"\" width=\"270\" height=\"158\" \/><\/a><\/p>\n<h2 style=\"text-align: center;\">Vestuari<\/h2>\n<p><a href=\"https:\/\/www.carnetjove.cat\/connectat\/mostraBecaConvocatoriaDetalls!mostraConvocatoriaFromBO.action?convocatoriaTraspas=1103205&amp;utm_campaign=Beques%20CJ%202021%20-%2026\/02\/2021%20-%20biblios%20-%20c.civics&amp;utm_medium=email&amp;utm_source=Beques%20CJ%202021%20-%2026\/01\/2021%20-%20biblios%20-%20c.civics\" target=\"_blank\" rel=\"noopener\"><img loading=\"lazy\" decoding=\"async\" class=\"aligncenter\" src=\"http:\/\/login.foxtir.com\/system\/ckeditor_assets\/pictures\/5e62299ac3a81072d85afa75\/content_vestuari_290x170.jpg?1583491482\" alt=\"\" width=\"270\" height=\"158\" \/><\/a><\/p>\n<h5>\u00a0<\/h5>\n<h5 style=\"text-align: center;\">M\u00e9s informaci\u00f3 al <a href=\"https:\/\/www.carnetjove.cat\/connectat\/?utm_campaign=Beques%20CJ%202021%20-%2026\/02\/2021%20-%20biblios%20-%20c.civics&amp;utm_medium=email&amp;utm_source=Beques%20CJ%202021%20-%2026\/01\/2021%20-%20biblios%20-%20c.civics\" target=\"_blank\" rel=\"noopener\">Web<\/a> Carnet Jove, Connecta&#8217;t<\/h5>\n<p><img decoding=\"async\" class=\"aligncenter\" src=\"https:\/\/www.carnetjove.cat\/connectat\/imatges\/generalitat.png\" \/><\/p>\n<p>\u00a0<\/p>\n<p>\u00a0<\/p>\n<p>\u00a0<\/p>\n<p>\u00a0<\/p>\n<p style=\"text-align: center;\">\u00a0<\/p>\n<p>\u00a0<\/p>\n<p>\u00a0<\/p>\n<p align=\"justify\">\u00a0<\/p>\n<\/div>\n","protected":false},"excerpt":{"rendered":"<p>BEQUES CARNET JOVE 2021 JA PODEU PARTICIPAR a les 12 beques del Carnet Jove! Les beques estan adre\u00e7ades a joves d&#8217;entre 16 i 31 anys, que siguin titulars del Carnet Jove de la Generalitat de Catalunya, i el termini de<\/p>\n","protected":false},"author":4,"featured_media":5280,"comment_status":"open","ping_status":"open","sticky":false,"template":"","format":"standard","meta":{"sfsi_plus_gutenberg_text_before_share":"","sfsi_plus_gutenberg_show_text_before_share":"","sfsi_plus_gutenberg_icon_type":"","sfsi_plus_gutenberg_icon_alignemt":"","sfsi_plus_gutenburg_max_per_row":"","footnotes":""},"categories":[1],"tags":[97],"class_list":["post-5276","post","type-post","status-publish","format-standard","has-post-thumbnail","hentry","category-general","tag-activitats-actualitat-joves"],"yoast_head":"<!-- This site is optimized with the Yoast SEO plugin v27.5 - https:\/\/yoast.com\/product\/yoast-seo-wordpress\/ -->\n<title>BEQUES CARNET JOVE 2021 - Sala Jove<\/title>\n<meta name=\"robots\" content=\"index, follow, max-snippet:-1, max-image-preview:large, max-video-preview:-1\" \/>\n<link rel=\"canonical\" href=\"https:\/\/biblioteca.blanes.cat\/salajove\/2021\/03\/02\/beques-carnet-jove-2021\/\" \/>\n<meta property=\"og:locale\" content=\"ca_ES\" \/>\n<meta property=\"og:type\" content=\"article\" \/>\n<meta property=\"og:title\" content=\"BEQUES CARNET JOVE 2021 - Sala Jove\" \/>\n<meta property=\"og:description\" content=\"BEQUES CARNET JOVE 2021 JA PODEU PARTICIPAR a les 12 beques del Carnet Jove! Les beques estan adre\u00e7ades a joves d&#8217;entre 16 i 31 anys, que siguin titulars del Carnet Jove de la Generalitat de Catalunya, i el termini de\" \/>\n<meta property=\"og:url\" content=\"https:\/\/biblioteca.blanes.cat\/salajove\/2021\/03\/02\/beques-carnet-jove-2021\/\" \/>\n<meta property=\"og:site_name\" content=\"Sala Jove\" \/>\n<meta property=\"article:publisher\" content=\"https:\/\/www.facebook.com\/BilbiotecaComarcaldeBlanes\/\" \/>\n<meta property=\"article:published_time\" content=\"2021-03-02T09:14:47+00:00\" \/>\n<meta property=\"article:modified_time\" content=\"2021-03-02T09:14:50+00:00\" \/>\n<meta property=\"og:image\" content=\"https:\/\/biblioteca.blanes.cat\/salajove\/wp-content\/uploads\/sites\/3\/2021\/03\/carnet-jvoe.jpg\" \/>\n\t<meta property=\"og:image:width\" content=\"600\" \/>\n\t<meta property=\"og:image:height\" content=\"774\" \/>\n\t<meta property=\"og:image:type\" content=\"image\/jpeg\" \/>\n<meta name=\"author\" content=\"biblioblanes\" \/>\n<meta name=\"twitter:card\" content=\"summary_large_image\" \/>\n<meta name=\"twitter:creator\" content=\"@biblioblanes\" \/>\n<meta name=\"twitter:site\" content=\"@BiblioBlanes\" \/>\n<meta name=\"twitter:label1\" content=\"Escrit per\" \/>\n\t<meta name=\"twitter:data1\" content=\"biblioblanes\" \/>\n\t<meta name=\"twitter:label2\" content=\"Temps estimat de lectura\" \/>\n\t<meta name=\"twitter:data2\" content=\"4 minuts\" \/>\n<script type=\"application\/ld+json\" class=\"yoast-schema-graph\">{\"@context\":\"https:\\\/\\\/schema.org\",\"@graph\":[{\"@type\":\"Article\",\"@id\":\"https:\\\/\\\/biblioteca.blanes.cat\\\/salajove\\\/2021\\\/03\\\/02\\\/beques-carnet-jove-2021\\\/#article\",\"isPartOf\":{\"@id\":\"https:\\\/\\\/biblioteca.blanes.cat\\\/salajove\\\/2021\\\/03\\\/02\\\/beques-carnet-jove-2021\\\/\"},\"author\":{\"name\":\"biblioblanes\",\"@id\":\"https:\\\/\\\/biblioteca.blanes.cat\\\/salajove\\\/#\\\/schema\\\/person\\\/5a7b46760d9dd611d098bbf571a341dc\"},\"headline\":\"BEQUES CARNET JOVE 2021\",\"datePublished\":\"2021-03-02T09:14:47+00:00\",\"dateModified\":\"2021-03-02T09:14:50+00:00\",\"mainEntityOfPage\":{\"@id\":\"https:\\\/\\\/biblioteca.blanes.cat\\\/salajove\\\/2021\\\/03\\\/02\\\/beques-carnet-jove-2021\\\/\"},\"wordCount\":124,\"commentCount\":0,\"publisher\":{\"@id\":\"https:\\\/\\\/biblioteca.blanes.cat\\\/salajove\\\/#organization\"},\"image\":{\"@id\":\"https:\\\/\\\/biblioteca.blanes.cat\\\/salajove\\\/2021\\\/03\\\/02\\\/beques-carnet-jove-2021\\\/#primaryimage\"},\"thumbnailUrl\":\"https:\\\/\\\/biblioteca.blanes.cat\\\/salajove\\\/wp-content\\\/uploads\\\/sites\\\/3\\\/2021\\\/03\\\/carnet-jvoe.jpg\",\"keywords\":[\"#Activitats #Actualitat #Joves\"],\"articleSection\":[\"Not\u00edcies\"],\"inLanguage\":\"ca\",\"potentialAction\":[{\"@type\":\"CommentAction\",\"name\":\"Comment\",\"target\":[\"https:\\\/\\\/biblioteca.blanes.cat\\\/salajove\\\/2021\\\/03\\\/02\\\/beques-carnet-jove-2021\\\/#respond\"]}]},{\"@type\":\"WebPage\",\"@id\":\"https:\\\/\\\/biblioteca.blanes.cat\\\/salajove\\\/2021\\\/03\\\/02\\\/beques-carnet-jove-2021\\\/\",\"url\":\"https:\\\/\\\/biblioteca.blanes.cat\\\/salajove\\\/2021\\\/03\\\/02\\\/beques-carnet-jove-2021\\\/\",\"name\":\"BEQUES CARNET JOVE 2021 - Sala Jove\",\"isPartOf\":{\"@id\":\"https:\\\/\\\/biblioteca.blanes.cat\\\/salajove\\\/#website\"},\"primaryImageOfPage\":{\"@id\":\"https:\\\/\\\/biblioteca.blanes.cat\\\/salajove\\\/2021\\\/03\\\/02\\\/beques-carnet-jove-2021\\\/#primaryimage\"},\"image\":{\"@id\":\"https:\\\/\\\/biblioteca.blanes.cat\\\/salajove\\\/2021\\\/03\\\/02\\\/beques-carnet-jove-2021\\\/#primaryimage\"},\"thumbnailUrl\":\"https:\\\/\\\/biblioteca.blanes.cat\\\/salajove\\\/wp-content\\\/uploads\\\/sites\\\/3\\\/2021\\\/03\\\/carnet-jvoe.jpg\",\"datePublished\":\"2021-03-02T09:14:47+00:00\",\"dateModified\":\"2021-03-02T09:14:50+00:00\",\"breadcrumb\":{\"@id\":\"https:\\\/\\\/biblioteca.blanes.cat\\\/salajove\\\/2021\\\/03\\\/02\\\/beques-carnet-jove-2021\\\/#breadcrumb\"},\"inLanguage\":\"ca\",\"potentialAction\":[{\"@type\":\"ReadAction\",\"target\":[\"https:\\\/\\\/biblioteca.blanes.cat\\\/salajove\\\/2021\\\/03\\\/02\\\/beques-carnet-jove-2021\\\/\"]}]},{\"@type\":\"ImageObject\",\"inLanguage\":\"ca\",\"@id\":\"https:\\\/\\\/biblioteca.blanes.cat\\\/salajove\\\/2021\\\/03\\\/02\\\/beques-carnet-jove-2021\\\/#primaryimage\",\"url\":\"https:\\\/\\\/biblioteca.blanes.cat\\\/salajove\\\/wp-content\\\/uploads\\\/sites\\\/3\\\/2021\\\/03\\\/carnet-jvoe.jpg\",\"contentUrl\":\"https:\\\/\\\/biblioteca.blanes.cat\\\/salajove\\\/wp-content\\\/uploads\\\/sites\\\/3\\\/2021\\\/03\\\/carnet-jvoe.jpg\",\"width\":600,\"height\":774},{\"@type\":\"BreadcrumbList\",\"@id\":\"https:\\\/\\\/biblioteca.blanes.cat\\\/salajove\\\/2021\\\/03\\\/02\\\/beques-carnet-jove-2021\\\/#breadcrumb\",\"itemListElement\":[{\"@type\":\"ListItem\",\"position\":1,\"name\":\"Inici\",\"item\":\"https:\\\/\\\/biblioteca.blanes.cat\\\/salajove\\\/\"},{\"@type\":\"ListItem\",\"position\":2,\"name\":\"BEQUES CARNET JOVE 2021\"}]},{\"@type\":\"WebSite\",\"@id\":\"https:\\\/\\\/biblioteca.blanes.cat\\\/salajove\\\/#website\",\"url\":\"https:\\\/\\\/biblioteca.blanes.cat\\\/salajove\\\/\",\"name\":\"Sala Jove\",\"description\":\"Biblioteca Comarcal de Blanes\",\"publisher\":{\"@id\":\"https:\\\/\\\/biblioteca.blanes.cat\\\/salajove\\\/#organization\"},\"potentialAction\":[{\"@type\":\"SearchAction\",\"target\":{\"@type\":\"EntryPoint\",\"urlTemplate\":\"https:\\\/\\\/biblioteca.blanes.cat\\\/salajove\\\/?s={search_term_string}\"},\"query-input\":{\"@type\":\"PropertyValueSpecification\",\"valueRequired\":true,\"valueName\":\"search_term_string\"}}],\"inLanguage\":\"ca\"},{\"@type\":\"Organization\",\"@id\":\"https:\\\/\\\/biblioteca.blanes.cat\\\/salajove\\\/#organization\",\"name\":\"Biblioteca Comarcal de Blanes\",\"url\":\"https:\\\/\\\/biblioteca.blanes.cat\\\/salajove\\\/\",\"logo\":{\"@type\":\"ImageObject\",\"inLanguage\":\"ca\",\"@id\":\"https:\\\/\\\/biblioteca.blanes.cat\\\/salajove\\\/#\\\/schema\\\/logo\\\/image\\\/\",\"url\":\"https:\\\/\\\/biblioteca.blanes.cat\\\/salajove\\\/wp-content\\\/uploads\\\/sites\\\/3\\\/2017\\\/09\\\/cropped-Bib-blau-e1518869380535.png\",\"contentUrl\":\"https:\\\/\\\/biblioteca.blanes.cat\\\/salajove\\\/wp-content\\\/uploads\\\/sites\\\/3\\\/2017\\\/09\\\/cropped-Bib-blau-e1518869380535.png\",\"width\":166,\"height\":166,\"caption\":\"Biblioteca Comarcal de Blanes\"},\"image\":{\"@id\":\"https:\\\/\\\/biblioteca.blanes.cat\\\/salajove\\\/#\\\/schema\\\/logo\\\/image\\\/\"},\"sameAs\":[\"https:\\\/\\\/www.facebook.com\\\/BilbiotecaComarcaldeBlanes\\\/\",\"https:\\\/\\\/x.com\\\/BiblioBlanes\",\"https:\\\/\\\/www.instagram.com\\\/biblioblanes\\\/\",\"https:\\\/\\\/www.pinterest.es\\\/bblanes\\\/\",\"https:\\\/\\\/www.youtube.com\\\/c\\\/BibliotecaComarcalBlanes\"]},{\"@type\":\"Person\",\"@id\":\"https:\\\/\\\/biblioteca.blanes.cat\\\/salajove\\\/#\\\/schema\\\/person\\\/5a7b46760d9dd611d098bbf571a341dc\",\"name\":\"biblioblanes\",\"image\":{\"@type\":\"ImageObject\",\"inLanguage\":\"ca\",\"@id\":\"https:\\\/\\\/secure.gravatar.com\\\/avatar\\\/6593ca6cc90e5a70939f51c95e8315483b9c281bafba597292bee47992030f99?s=96&d=mm&r=g\",\"url\":\"https:\\\/\\\/secure.gravatar.com\\\/avatar\\\/6593ca6cc90e5a70939f51c95e8315483b9c281bafba597292bee47992030f99?s=96&d=mm&r=g\",\"contentUrl\":\"https:\\\/\\\/secure.gravatar.com\\\/avatar\\\/6593ca6cc90e5a70939f51c95e8315483b9c281bafba597292bee47992030f99?s=96&d=mm&r=g\",\"caption\":\"biblioblanes\"},\"sameAs\":[\"http:\\\/\\\/www.bibgirona.cat\\\/biblioteca\\\/blanes\",\"https:\\\/\\\/x.com\\\/biblioblanes\"],\"url\":\"https:\\\/\\\/biblioteca.blanes.cat\\\/salajove\\\/author\\\/biblioblanes\\\/\"}]}<\/script>\n<!-- \/ Yoast SEO plugin. -->","yoast_head_json":{"title":"BEQUES CARNET JOVE 2021 - Sala Jove","robots":{"index":"index","follow":"follow","max-snippet":"max-snippet:-1","max-image-preview":"max-image-preview:large","max-video-preview":"max-video-preview:-1"},"canonical":"https:\/\/biblioteca.blanes.cat\/salajove\/2021\/03\/02\/beques-carnet-jove-2021\/","og_locale":"ca_ES","og_type":"article","og_title":"BEQUES CARNET JOVE 2021 - Sala Jove","og_description":"BEQUES CARNET JOVE 2021 JA PODEU PARTICIPAR a les 12 beques del Carnet Jove! Les beques estan adre\u00e7ades a joves d&#8217;entre 16 i 31 anys, que siguin titulars del Carnet Jove de la Generalitat de Catalunya, i el termini de","og_url":"https:\/\/biblioteca.blanes.cat\/salajove\/2021\/03\/02\/beques-carnet-jove-2021\/","og_site_name":"Sala Jove","article_publisher":"https:\/\/www.facebook.com\/BilbiotecaComarcaldeBlanes\/","article_published_time":"2021-03-02T09:14:47+00:00","article_modified_time":"2021-03-02T09:14:50+00:00","og_image":[{"width":600,"height":774,"url":"https:\/\/biblioteca.blanes.cat\/salajove\/wp-content\/uploads\/sites\/3\/2021\/03\/carnet-jvoe.jpg","type":"image\/jpeg"}],"author":"biblioblanes","twitter_card":"summary_large_image","twitter_creator":"@biblioblanes","twitter_site":"@BiblioBlanes","twitter_misc":{"Escrit per":"biblioblanes","Temps estimat de lectura":"4 minuts"},"schema":{"@context":"https:\/\/schema.org","@graph":[{"@type":"Article","@id":"https:\/\/biblioteca.blanes.cat\/salajove\/2021\/03\/02\/beques-carnet-jove-2021\/#article","isPartOf":{"@id":"https:\/\/biblioteca.blanes.cat\/salajove\/2021\/03\/02\/beques-carnet-jove-2021\/"},"author":{"name":"biblioblanes","@id":"https:\/\/biblioteca.blanes.cat\/salajove\/#\/schema\/person\/5a7b46760d9dd611d098bbf571a341dc"},"headline":"BEQUES CARNET JOVE 2021","datePublished":"2021-03-02T09:14:47+00:00","dateModified":"2021-03-02T09:14:50+00:00","mainEntityOfPage":{"@id":"https:\/\/biblioteca.blanes.cat\/salajove\/2021\/03\/02\/beques-carnet-jove-2021\/"},"wordCount":124,"commentCount":0,"publisher":{"@id":"https:\/\/biblioteca.blanes.cat\/salajove\/#organization"},"image":{"@id":"https:\/\/biblioteca.blanes.cat\/salajove\/2021\/03\/02\/beques-carnet-jove-2021\/#primaryimage"},"thumbnailUrl":"https:\/\/biblioteca.blanes.cat\/salajove\/wp-content\/uploads\/sites\/3\/2021\/03\/carnet-jvoe.jpg","keywords":["#Activitats #Actualitat #Joves"],"articleSection":["Not\u00edcies"],"inLanguage":"ca","potentialAction":[{"@type":"CommentAction","name":"Comment","target":["https:\/\/biblioteca.blanes.cat\/salajove\/2021\/03\/02\/beques-carnet-jove-2021\/#respond"]}]},{"@type":"WebPage","@id":"https:\/\/biblioteca.blanes.cat\/salajove\/2021\/03\/02\/beques-carnet-jove-2021\/","url":"https:\/\/biblioteca.blanes.cat\/salajove\/2021\/03\/02\/beques-carnet-jove-2021\/","name":"BEQUES CARNET JOVE 2021 - Sala Jove","isPartOf":{"@id":"https:\/\/biblioteca.blanes.cat\/salajove\/#website"},"primaryImageOfPage":{"@id":"https:\/\/biblioteca.blanes.cat\/salajove\/2021\/03\/02\/beques-carnet-jove-2021\/#primaryimage"},"image":{"@id":"https:\/\/biblioteca.blanes.cat\/salajove\/2021\/03\/02\/beques-carnet-jove-2021\/#primaryimage"},"thumbnailUrl":"https:\/\/biblioteca.blanes.cat\/salajove\/wp-content\/uploads\/sites\/3\/2021\/03\/carnet-jvoe.jpg","datePublished":"2021-03-02T09:14:47+00:00","dateModified":"2021-03-02T09:14:50+00:00","breadcrumb":{"@id":"https:\/\/biblioteca.blanes.cat\/salajove\/2021\/03\/02\/beques-carnet-jove-2021\/#breadcrumb"},"inLanguage":"ca","potentialAction":[{"@type":"ReadAction","target":["https:\/\/biblioteca.blanes.cat\/salajove\/2021\/03\/02\/beques-carnet-jove-2021\/"]}]},{"@type":"ImageObject","inLanguage":"ca","@id":"https:\/\/biblioteca.blanes.cat\/salajove\/2021\/03\/02\/beques-carnet-jove-2021\/#primaryimage","url":"https:\/\/biblioteca.blanes.cat\/salajove\/wp-content\/uploads\/sites\/3\/2021\/03\/carnet-jvoe.jpg","contentUrl":"https:\/\/biblioteca.blanes.cat\/salajove\/wp-content\/uploads\/sites\/3\/2021\/03\/carnet-jvoe.jpg","width":600,"height":774},{"@type":"BreadcrumbList","@id":"https:\/\/biblioteca.blanes.cat\/salajove\/2021\/03\/02\/beques-carnet-jove-2021\/#breadcrumb","itemListElement":[{"@type":"ListItem","position":1,"name":"Inici","item":"https:\/\/biblioteca.blanes.cat\/salajove\/"},{"@type":"ListItem","position":2,"name":"BEQUES CARNET JOVE 2021"}]},{"@type":"WebSite","@id":"https:\/\/biblioteca.blanes.cat\/salajove\/#website","url":"https:\/\/biblioteca.blanes.cat\/salajove\/","name":"Sala Jove","description":"Biblioteca Comarcal de Blanes","publisher":{"@id":"https:\/\/biblioteca.blanes.cat\/salajove\/#organization"},"potentialAction":[{"@type":"SearchAction","target":{"@type":"EntryPoint","urlTemplate":"https:\/\/biblioteca.blanes.cat\/salajove\/?s={search_term_string}"},"query-input":{"@type":"PropertyValueSpecification","valueRequired":true,"valueName":"search_term_string"}}],"inLanguage":"ca"},{"@type":"Organization","@id":"https:\/\/biblioteca.blanes.cat\/salajove\/#organization","name":"Biblioteca Comarcal de Blanes","url":"https:\/\/biblioteca.blanes.cat\/salajove\/","logo":{"@type":"ImageObject","inLanguage":"ca","@id":"https:\/\/biblioteca.blanes.cat\/salajove\/#\/schema\/logo\/image\/","url":"https:\/\/biblioteca.blanes.cat\/salajove\/wp-content\/uploads\/sites\/3\/2017\/09\/cropped-Bib-blau-e1518869380535.png","contentUrl":"https:\/\/biblioteca.blanes.cat\/salajove\/wp-content\/uploads\/sites\/3\/2017\/09\/cropped-Bib-blau-e1518869380535.png","width":166,"height":166,"caption":"Biblioteca Comarcal de Blanes"},"image":{"@id":"https:\/\/biblioteca.blanes.cat\/salajove\/#\/schema\/logo\/image\/"},"sameAs":["https:\/\/www.facebook.com\/BilbiotecaComarcaldeBlanes\/","https:\/\/x.com\/BiblioBlanes","https:\/\/www.instagram.com\/biblioblanes\/","https:\/\/www.pinterest.es\/bblanes\/","https:\/\/www.youtube.com\/c\/BibliotecaComarcalBlanes"]},{"@type":"Person","@id":"https:\/\/biblioteca.blanes.cat\/salajove\/#\/schema\/person\/5a7b46760d9dd611d098bbf571a341dc","name":"biblioblanes","image":{"@type":"ImageObject","inLanguage":"ca","@id":"https:\/\/secure.gravatar.com\/avatar\/6593ca6cc90e5a70939f51c95e8315483b9c281bafba597292bee47992030f99?s=96&d=mm&r=g","url":"https:\/\/secure.gravatar.com\/avatar\/6593ca6cc90e5a70939f51c95e8315483b9c281bafba597292bee47992030f99?s=96&d=mm&r=g","contentUrl":"https:\/\/secure.gravatar.com\/avatar\/6593ca6cc90e5a70939f51c95e8315483b9c281bafba597292bee47992030f99?s=96&d=mm&r=g","caption":"biblioblanes"},"sameAs":["http:\/\/www.bibgirona.cat\/biblioteca\/blanes","https:\/\/x.com\/biblioblanes"],"url":"https:\/\/biblioteca.blanes.cat\/salajove\/author\/biblioblanes\/"}]}},"_links":{"self":[{"href":"https:\/\/biblioteca.blanes.cat\/salajove\/wp-json\/wp\/v2\/posts\/5276","targetHints":{"allow":["GET"]}}],"collection":[{"href":"https:\/\/biblioteca.blanes.cat\/salajove\/wp-json\/wp\/v2\/posts"}],"about":[{"href":"https:\/\/biblioteca.blanes.cat\/salajove\/wp-json\/wp\/v2\/types\/post"}],"author":[{"embeddable":true,"href":"https:\/\/biblioteca.blanes.cat\/salajove\/wp-json\/wp\/v2\/users\/4"}],"replies":[{"embeddable":true,"href":"https:\/\/biblioteca.blanes.cat\/salajove\/wp-json\/wp\/v2\/comments?post=5276"}],"version-history":[{"count":4,"href":"https:\/\/biblioteca.blanes.cat\/salajove\/wp-json\/wp\/v2\/posts\/5276\/revisions"}],"predecessor-version":[{"id":5282,"href":"https:\/\/biblioteca.blanes.cat\/salajove\/wp-json\/wp\/v2\/posts\/5276\/revisions\/5282"}],"wp:featuredmedia":[{"embeddable":true,"href":"https:\/\/biblioteca.blanes.cat\/salajove\/wp-json\/wp\/v2\/media\/5280"}],"wp:attachment":[{"href":"https:\/\/biblioteca.blanes.cat\/salajove\/wp-json\/wp\/v2\/media?parent=5276"}],"wp:term":[{"taxonomy":"category","embeddable":true,"href":"https:\/\/biblioteca.blanes.cat\/salajove\/wp-json\/wp\/v2\/categories?post=5276"},{"taxonomy":"post_tag","embeddable":true,"href":"https:\/\/biblioteca.blanes.cat\/salajove\/wp-json\/wp\/v2\/tags?post=5276"}],"curies":[{"name":"wp","href":"https:\/\/api.w.org\/{rel}","templated":true}]}}