{"id":5183,"date":"2021-02-15T18:26:12","date_gmt":"2021-02-15T17:26:12","guid":{"rendered":"https:\/\/biblioteca.blanes.cat\/salajove\/?p=5183"},"modified":"2021-03-04T14:32:08","modified_gmt":"2021-03-04T13:32:08","slug":"reportatge-al-tn-de-tv3-en-jaume-pont-a-la-biblioteca-de-blanes","status":"publish","type":"post","link":"https:\/\/biblioteca.blanes.cat\/salajove\/2021\/02\/15\/reportatge-al-tn-de-tv3-en-jaume-pont-a-la-biblioteca-de-blanes\/","title":{"rendered":"Reportatge al TN de Tv3: En Jaume Pont a la Biblioteca de Blanes"},"content":{"rendered":"\n\n\n<h4 style=\"text-align: center;\">El passat dijous 11 de febrer, la Biblioteca Comarcal de Blanes, va ser protagonista d&#8217;un rodatge per TV3 sobre &#8220;Biblioteques inclusives&#8221;<\/h4>\n<h6 style=\"text-align: center;\">El nostre protagonista: En <strong>Jaume Pont<\/strong>, un jove blanenc amb la s\u00edndrome de down que col.labora a la Biblioteca des de fa uns quants anys.<\/h6>\n<p style=\"text-align: left;\">La <strong>Biblioteca de Blanes<\/strong> treballa per ser cada dia m\u00e9s inclusiva en tots els aspectes possibles: Activitats, fons documental, col.laboracions&#8230;<\/p>\n<p style=\"text-align: left;\">El reportatge fa un recorregut per totes de les tasques que en Jaume fa per a la Biblioteca&nbsp; (ajuda amb les exposicions, aten el p\u00fablic, endre\u00e7a carros de llibres, confecciona guies de lectura, crea material de difusi\u00f3, col.labora amb dos Clubs de Lectura&#8230;)<\/p>\n<p>Tot i la situaci\u00f3 actual, en Jaume continua col.laborant amb nosaltres teletreballant de forma altruista. Fa recerca de documents (novel.les, pel.l\u00edcules, llibres adaptats de lectura f\u00e0cil), prepara Guies de lectura, Cartells i Punts de llibre de tem\u00e0tiques diferents i fa propostes de lectures adaptades al Club de Lectura dels dilluns llegim, on ell hi participa a m\u00e9s de col.laborar amb el Club de Lectura Jove com a ajudant.<\/p>\n<p>Com que el volum de feina feta era important, des del grup de treball de joves, vam decidir cedir-li un espai del nostre Bloc jove, el qual varem anomenar<strong><a href=\"https:\/\/biblioteca.blanes.cat\/salajove\/raco-den-jaume\/\" target=\"_blank\" rel=\"noopener\"> El Rac\u00f3 d&#8217;en Jaume<\/a>. <\/strong>All\u00e0 trobareu actualitzat tot el que en Jaume prepara peri\u00f2dicament per a la Biblioteca.<\/p>\n<p>&nbsp;<\/p>\n\n\n\n<p>&nbsp;<\/p>\n<div id='gallery-1' class='gallery galleryid-5183 gallery-columns-2 gallery-size-full'><figure class='gallery-item'>\n\t\t\t<div class='gallery-icon landscape'>\n\t\t\t\t<a href='https:\/\/biblioteca.blanes.cat\/salajove\/2021\/02\/15\/reportatge-al-tn-de-tv3-en-jaume-pont-a-la-biblioteca-de-blanes\/148567486_4063271597063170_8253677128712316765_n\/'><img fetchpriority=\"high\" decoding=\"async\" width=\"960\" height=\"778\" src=\"https:\/\/biblioteca.blanes.cat\/salajove\/wp-content\/uploads\/sites\/3\/2021\/02\/148567486_4063271597063170_8253677128712316765_n.jpg\" class=\"attachment-full size-full\" alt=\"\" srcset=\"https:\/\/biblioteca.blanes.cat\/salajove\/wp-content\/uploads\/sites\/3\/2021\/02\/148567486_4063271597063170_8253677128712316765_n.jpg 960w, https:\/\/biblioteca.blanes.cat\/salajove\/wp-content\/uploads\/sites\/3\/2021\/02\/148567486_4063271597063170_8253677128712316765_n-300x243.jpg 300w, https:\/\/biblioteca.blanes.cat\/salajove\/wp-content\/uploads\/sites\/3\/2021\/02\/148567486_4063271597063170_8253677128712316765_n-768x622.jpg 768w\" sizes=\"(max-width: 960px) 100vw, 960px\" \/><\/a>\n\t\t\t<\/div><\/figure><figure class='gallery-item'>\n\t\t\t<div class='gallery-icon landscape'>\n\t\t\t\t<a href='https:\/\/biblioteca.blanes.cat\/salajove\/2021\/02\/15\/reportatge-al-tn-de-tv3-en-jaume-pont-a-la-biblioteca-de-blanes\/148707789_4063272143729782_8822788066724044836_n\/'><img decoding=\"async\" width=\"960\" height=\"720\" src=\"https:\/\/biblioteca.blanes.cat\/salajove\/wp-content\/uploads\/sites\/3\/2021\/02\/148707789_4063272143729782_8822788066724044836_n.jpg\" class=\"attachment-full size-full\" alt=\"\" srcset=\"https:\/\/biblioteca.blanes.cat\/salajove\/wp-content\/uploads\/sites\/3\/2021\/02\/148707789_4063272143729782_8822788066724044836_n.jpg 960w, https:\/\/biblioteca.blanes.cat\/salajove\/wp-content\/uploads\/sites\/3\/2021\/02\/148707789_4063272143729782_8822788066724044836_n-300x225.jpg 300w, https:\/\/biblioteca.blanes.cat\/salajove\/wp-content\/uploads\/sites\/3\/2021\/02\/148707789_4063272143729782_8822788066724044836_n-768x576.jpg 768w\" sizes=\"(max-width: 960px) 100vw, 960px\" \/><\/a>\n\t\t\t<\/div><\/figure><figure class='gallery-item'>\n\t\t\t<div class='gallery-icon landscape'>\n\t\t\t\t<a href='https:\/\/biblioteca.blanes.cat\/salajove\/2021\/02\/15\/reportatge-al-tn-de-tv3-en-jaume-pont-a-la-biblioteca-de-blanes\/148570523_4063272727063057_3972431201530622174_n\/'><img decoding=\"async\" width=\"960\" height=\"720\" src=\"https:\/\/biblioteca.blanes.cat\/salajove\/wp-content\/uploads\/sites\/3\/2021\/02\/148570523_4063272727063057_3972431201530622174_n.jpg\" class=\"attachment-full size-full\" alt=\"\" srcset=\"https:\/\/biblioteca.blanes.cat\/salajove\/wp-content\/uploads\/sites\/3\/2021\/02\/148570523_4063272727063057_3972431201530622174_n.jpg 960w, https:\/\/biblioteca.blanes.cat\/salajove\/wp-content\/uploads\/sites\/3\/2021\/02\/148570523_4063272727063057_3972431201530622174_n-300x225.jpg 300w, https:\/\/biblioteca.blanes.cat\/salajove\/wp-content\/uploads\/sites\/3\/2021\/02\/148570523_4063272727063057_3972431201530622174_n-768x576.jpg 768w\" sizes=\"(max-width: 960px) 100vw, 960px\" \/><\/a>\n\t\t\t<\/div><\/figure><figure class='gallery-item'>\n\t\t\t<div class='gallery-icon landscape'>\n\t\t\t\t<a href='https:\/\/biblioteca.blanes.cat\/salajove\/2021\/02\/15\/reportatge-al-tn-de-tv3-en-jaume-pont-a-la-biblioteca-de-blanes\/148792041_4063272833729713_2329091018129516299_n\/'><img loading=\"lazy\" decoding=\"async\" width=\"960\" height=\"720\" src=\"https:\/\/biblioteca.blanes.cat\/salajove\/wp-content\/uploads\/sites\/3\/2021\/02\/148792041_4063272833729713_2329091018129516299_n.jpg\" class=\"attachment-full size-full\" alt=\"\" srcset=\"https:\/\/biblioteca.blanes.cat\/salajove\/wp-content\/uploads\/sites\/3\/2021\/02\/148792041_4063272833729713_2329091018129516299_n.jpg 960w, https:\/\/biblioteca.blanes.cat\/salajove\/wp-content\/uploads\/sites\/3\/2021\/02\/148792041_4063272833729713_2329091018129516299_n-300x225.jpg 300w, https:\/\/biblioteca.blanes.cat\/salajove\/wp-content\/uploads\/sites\/3\/2021\/02\/148792041_4063272833729713_2329091018129516299_n-768x576.jpg 768w\" sizes=\"(max-width: 960px) 100vw, 960px\" \/><\/a>\n\t\t\t<\/div><\/figure><figure class='gallery-item'>\n\t\t\t<div class='gallery-icon landscape'>\n\t\t\t\t<a href='https:\/\/biblioteca.blanes.cat\/salajove\/2021\/02\/15\/reportatge-al-tn-de-tv3-en-jaume-pont-a-la-biblioteca-de-blanes\/148887486_4063272050396458_9197014699146196536_n\/'><img loading=\"lazy\" decoding=\"async\" width=\"960\" height=\"720\" src=\"https:\/\/biblioteca.blanes.cat\/salajove\/wp-content\/uploads\/sites\/3\/2021\/02\/148887486_4063272050396458_9197014699146196536_n.jpg\" class=\"attachment-full size-full\" alt=\"\" srcset=\"https:\/\/biblioteca.blanes.cat\/salajove\/wp-content\/uploads\/sites\/3\/2021\/02\/148887486_4063272050396458_9197014699146196536_n.jpg 960w, https:\/\/biblioteca.blanes.cat\/salajove\/wp-content\/uploads\/sites\/3\/2021\/02\/148887486_4063272050396458_9197014699146196536_n-300x225.jpg 300w, https:\/\/biblioteca.blanes.cat\/salajove\/wp-content\/uploads\/sites\/3\/2021\/02\/148887486_4063272050396458_9197014699146196536_n-768x576.jpg 768w\" sizes=\"(max-width: 960px) 100vw, 960px\" \/><\/a>\n\t\t\t<\/div><\/figure><figure class='gallery-item'>\n\t\t\t<div class='gallery-icon landscape'>\n\t\t\t\t<a href='https:\/\/biblioteca.blanes.cat\/salajove\/2021\/02\/15\/reportatge-al-tn-de-tv3-en-jaume-pont-a-la-biblioteca-de-blanes\/149296270_4063271727063157_7707593233393140147_n\/'><img loading=\"lazy\" decoding=\"async\" width=\"960\" height=\"720\" src=\"https:\/\/biblioteca.blanes.cat\/salajove\/wp-content\/uploads\/sites\/3\/2021\/02\/149296270_4063271727063157_7707593233393140147_n.jpg\" class=\"attachment-full size-full\" alt=\"\" srcset=\"https:\/\/biblioteca.blanes.cat\/salajove\/wp-content\/uploads\/sites\/3\/2021\/02\/149296270_4063271727063157_7707593233393140147_n.jpg 960w, https:\/\/biblioteca.blanes.cat\/salajove\/wp-content\/uploads\/sites\/3\/2021\/02\/149296270_4063271727063157_7707593233393140147_n-300x225.jpg 300w, https:\/\/biblioteca.blanes.cat\/salajove\/wp-content\/uploads\/sites\/3\/2021\/02\/149296270_4063271727063157_7707593233393140147_n-768x576.jpg 768w\" sizes=\"(max-width: 960px) 100vw, 960px\" \/><\/a>\n\t\t\t<\/div><\/figure>\n\t\t<\/div>\n\n<p>&nbsp;<\/p>\n\n\n\n<p style=\"text-align: center;\">Tal com diu la <strong>Gema Ciur\u00f3,<\/strong> directora de la Biblioteca de Blanes, en Jaume ens aporta Pau i serenitat i ens ensenya a fer les coses poc a poquet i ben fetes.<\/p>\n<p style=\"text-align: center;\">Molt contents de poder-vos ensenyar el resultat!<\/p>\n<h2 style=\"text-align: center;\">Podeu veure el reportatge complet del TN de TV3 clicant al seg\u00fcent enlla\u00e7:<\/h2>\n<p><a href=\"https:\/\/www.ccma.cat\/tv3\/alacarta\/telenoticies-comarques\/un-noi-amb-sindrome-de-down-de-blanes-ha-fet-un-curs-de-formacio-de-bibliotecari-i-treballa-a-la-biblioteca-comarcal-de-blanes\/video\/6087410\/\" target=\"_blank\" rel=\"noopener\"><img loading=\"lazy\" decoding=\"async\" class=\"aligncenter wp-image-5294\" src=\"https:\/\/biblioteca.blanes.cat\/salajove\/wp-content\/uploads\/sites\/3\/2021\/02\/1614778368566.jpg\" alt=\"\" width=\"500\" height=\"282\" srcset=\"https:\/\/biblioteca.blanes.cat\/salajove\/wp-content\/uploads\/sites\/3\/2021\/02\/1614778368566.jpg 326w, https:\/\/biblioteca.blanes.cat\/salajove\/wp-content\/uploads\/sites\/3\/2021\/02\/1614778368566-300x169.jpg 300w\" sizes=\"(max-width: 500px) 100vw, 500px\" \/><\/a><\/p>\n<p>\u00a0<\/p>\n<p>\u00a0<\/p>\n","protected":false},"excerpt":{"rendered":"<p>El passat dijous 11 de febrer, la Biblioteca Comarcal de Blanes, va ser protagonista d&#8217;un rodatge per TV3 sobre &#8220;Biblioteques inclusives&#8221; El nostre protagonista: En Jaume Pont, un jove blanenc amb la s\u00edndrome de down que col.labora a la Biblioteca<\/p>\n","protected":false},"author":4,"featured_media":4676,"comment_status":"open","ping_status":"open","sticky":false,"template":"","format":"standard","meta":{"sfsi_plus_gutenberg_text_before_share":"","sfsi_plus_gutenberg_show_text_before_share":"","sfsi_plus_gutenberg_icon_type":"","sfsi_plus_gutenberg_icon_alignemt":"","sfsi_plus_gutenburg_max_per_row":"","footnotes":""},"categories":[108],"tags":[98,26],"class_list":["post-5183","post","type-post","status-publish","format-standard","has-post-thumbnail","hentry","category-raco-den-jaume","tag-guia-lectura-literatura-llibres","tag-lectura"],"yoast_head":"<!-- This site is optimized with the Yoast SEO plugin v27.5 - https:\/\/yoast.com\/product\/yoast-seo-wordpress\/ -->\n<title>Reportatge al TN de Tv3: En Jaume Pont a la Biblioteca de Blanes - Sala Jove<\/title>\n<meta name=\"robots\" content=\"index, follow, max-snippet:-1, max-image-preview:large, max-video-preview:-1\" \/>\n<link rel=\"canonical\" href=\"https:\/\/biblioteca.blanes.cat\/salajove\/2021\/02\/15\/reportatge-al-tn-de-tv3-en-jaume-pont-a-la-biblioteca-de-blanes\/\" \/>\n<meta property=\"og:locale\" content=\"ca_ES\" \/>\n<meta property=\"og:type\" content=\"article\" \/>\n<meta property=\"og:title\" content=\"Reportatge al TN de Tv3: En Jaume Pont a la Biblioteca de Blanes - Sala Jove\" \/>\n<meta property=\"og:description\" content=\"El passat dijous 11 de febrer, la Biblioteca Comarcal de Blanes, va ser protagonista d&#8217;un rodatge per TV3 sobre &#8220;Biblioteques inclusives&#8221; El nostre protagonista: En Jaume Pont, un jove blanenc amb la s\u00edndrome de down que col.labora a la Biblioteca\" \/>\n<meta property=\"og:url\" content=\"https:\/\/biblioteca.blanes.cat\/salajove\/2021\/02\/15\/reportatge-al-tn-de-tv3-en-jaume-pont-a-la-biblioteca-de-blanes\/\" \/>\n<meta property=\"og:site_name\" content=\"Sala Jove\" \/>\n<meta property=\"article:publisher\" content=\"https:\/\/www.facebook.com\/BilbiotecaComarcaldeBlanes\/\" \/>\n<meta property=\"article:published_time\" content=\"2021-02-15T17:26:12+00:00\" \/>\n<meta property=\"article:modified_time\" content=\"2021-03-04T13:32:08+00:00\" \/>\n<meta property=\"og:image\" content=\"https:\/\/biblioteca.blanes.cat\/salajove\/wp-content\/uploads\/sites\/3\/2020\/12\/boina-raco-den-jaume-2.jpg\" \/>\n\t<meta property=\"og:image:width\" content=\"340\" \/>\n\t<meta property=\"og:image:height\" content=\"290\" \/>\n\t<meta property=\"og:image:type\" content=\"image\/jpeg\" \/>\n<meta name=\"author\" content=\"biblioblanes\" \/>\n<meta name=\"twitter:card\" content=\"summary_large_image\" \/>\n<meta name=\"twitter:creator\" content=\"@biblioblanes\" \/>\n<meta name=\"twitter:site\" content=\"@BiblioBlanes\" \/>\n<meta name=\"twitter:label1\" content=\"Escrit per\" \/>\n\t<meta name=\"twitter:data1\" content=\"biblioblanes\" \/>\n\t<meta name=\"twitter:label2\" content=\"Temps estimat de lectura\" \/>\n\t<meta name=\"twitter:data2\" content=\"2 minuts\" \/>\n<script type=\"application\/ld+json\" class=\"yoast-schema-graph\">{\"@context\":\"https:\\\/\\\/schema.org\",\"@graph\":[{\"@type\":\"Article\",\"@id\":\"https:\\\/\\\/biblioteca.blanes.cat\\\/salajove\\\/2021\\\/02\\\/15\\\/reportatge-al-tn-de-tv3-en-jaume-pont-a-la-biblioteca-de-blanes\\\/#article\",\"isPartOf\":{\"@id\":\"https:\\\/\\\/biblioteca.blanes.cat\\\/salajove\\\/2021\\\/02\\\/15\\\/reportatge-al-tn-de-tv3-en-jaume-pont-a-la-biblioteca-de-blanes\\\/\"},\"author\":{\"name\":\"biblioblanes\",\"@id\":\"https:\\\/\\\/biblioteca.blanes.cat\\\/salajove\\\/#\\\/schema\\\/person\\\/5a7b46760d9dd611d098bbf571a341dc\"},\"headline\":\"Reportatge al TN de Tv3: En Jaume Pont a la Biblioteca de Blanes\",\"datePublished\":\"2021-02-15T17:26:12+00:00\",\"dateModified\":\"2021-03-04T13:32:08+00:00\",\"mainEntityOfPage\":{\"@id\":\"https:\\\/\\\/biblioteca.blanes.cat\\\/salajove\\\/2021\\\/02\\\/15\\\/reportatge-al-tn-de-tv3-en-jaume-pont-a-la-biblioteca-de-blanes\\\/\"},\"wordCount\":316,\"commentCount\":0,\"publisher\":{\"@id\":\"https:\\\/\\\/biblioteca.blanes.cat\\\/salajove\\\/#organization\"},\"image\":{\"@id\":\"https:\\\/\\\/biblioteca.blanes.cat\\\/salajove\\\/2021\\\/02\\\/15\\\/reportatge-al-tn-de-tv3-en-jaume-pont-a-la-biblioteca-de-blanes\\\/#primaryimage\"},\"thumbnailUrl\":\"https:\\\/\\\/biblioteca.blanes.cat\\\/salajove\\\/wp-content\\\/uploads\\\/sites\\\/3\\\/2020\\\/12\\\/boina-raco-den-jaume-2.jpg\",\"keywords\":[\"#Guia #Lectura #Literatura #Llibres\",\"#Lectura\"],\"articleSection\":[\"Rac\u00f3 d'en Jaume\"],\"inLanguage\":\"ca\",\"potentialAction\":[{\"@type\":\"CommentAction\",\"name\":\"Comment\",\"target\":[\"https:\\\/\\\/biblioteca.blanes.cat\\\/salajove\\\/2021\\\/02\\\/15\\\/reportatge-al-tn-de-tv3-en-jaume-pont-a-la-biblioteca-de-blanes\\\/#respond\"]}]},{\"@type\":\"WebPage\",\"@id\":\"https:\\\/\\\/biblioteca.blanes.cat\\\/salajove\\\/2021\\\/02\\\/15\\\/reportatge-al-tn-de-tv3-en-jaume-pont-a-la-biblioteca-de-blanes\\\/\",\"url\":\"https:\\\/\\\/biblioteca.blanes.cat\\\/salajove\\\/2021\\\/02\\\/15\\\/reportatge-al-tn-de-tv3-en-jaume-pont-a-la-biblioteca-de-blanes\\\/\",\"name\":\"Reportatge al TN de Tv3: En Jaume Pont a la Biblioteca de Blanes - Sala Jove\",\"isPartOf\":{\"@id\":\"https:\\\/\\\/biblioteca.blanes.cat\\\/salajove\\\/#website\"},\"primaryImageOfPage\":{\"@id\":\"https:\\\/\\\/biblioteca.blanes.cat\\\/salajove\\\/2021\\\/02\\\/15\\\/reportatge-al-tn-de-tv3-en-jaume-pont-a-la-biblioteca-de-blanes\\\/#primaryimage\"},\"image\":{\"@id\":\"https:\\\/\\\/biblioteca.blanes.cat\\\/salajove\\\/2021\\\/02\\\/15\\\/reportatge-al-tn-de-tv3-en-jaume-pont-a-la-biblioteca-de-blanes\\\/#primaryimage\"},\"thumbnailUrl\":\"https:\\\/\\\/biblioteca.blanes.cat\\\/salajove\\\/wp-content\\\/uploads\\\/sites\\\/3\\\/2020\\\/12\\\/boina-raco-den-jaume-2.jpg\",\"datePublished\":\"2021-02-15T17:26:12+00:00\",\"dateModified\":\"2021-03-04T13:32:08+00:00\",\"breadcrumb\":{\"@id\":\"https:\\\/\\\/biblioteca.blanes.cat\\\/salajove\\\/2021\\\/02\\\/15\\\/reportatge-al-tn-de-tv3-en-jaume-pont-a-la-biblioteca-de-blanes\\\/#breadcrumb\"},\"inLanguage\":\"ca\",\"potentialAction\":[{\"@type\":\"ReadAction\",\"target\":[\"https:\\\/\\\/biblioteca.blanes.cat\\\/salajove\\\/2021\\\/02\\\/15\\\/reportatge-al-tn-de-tv3-en-jaume-pont-a-la-biblioteca-de-blanes\\\/\"]}]},{\"@type\":\"ImageObject\",\"inLanguage\":\"ca\",\"@id\":\"https:\\\/\\\/biblioteca.blanes.cat\\\/salajove\\\/2021\\\/02\\\/15\\\/reportatge-al-tn-de-tv3-en-jaume-pont-a-la-biblioteca-de-blanes\\\/#primaryimage\",\"url\":\"https:\\\/\\\/biblioteca.blanes.cat\\\/salajove\\\/wp-content\\\/uploads\\\/sites\\\/3\\\/2020\\\/12\\\/boina-raco-den-jaume-2.jpg\",\"contentUrl\":\"https:\\\/\\\/biblioteca.blanes.cat\\\/salajove\\\/wp-content\\\/uploads\\\/sites\\\/3\\\/2020\\\/12\\\/boina-raco-den-jaume-2.jpg\",\"width\":340,\"height\":290},{\"@type\":\"BreadcrumbList\",\"@id\":\"https:\\\/\\\/biblioteca.blanes.cat\\\/salajove\\\/2021\\\/02\\\/15\\\/reportatge-al-tn-de-tv3-en-jaume-pont-a-la-biblioteca-de-blanes\\\/#breadcrumb\",\"itemListElement\":[{\"@type\":\"ListItem\",\"position\":1,\"name\":\"Inici\",\"item\":\"https:\\\/\\\/biblioteca.blanes.cat\\\/salajove\\\/\"},{\"@type\":\"ListItem\",\"position\":2,\"name\":\"Reportatge al TN de Tv3: En Jaume Pont a la Biblioteca de Blanes\"}]},{\"@type\":\"WebSite\",\"@id\":\"https:\\\/\\\/biblioteca.blanes.cat\\\/salajove\\\/#website\",\"url\":\"https:\\\/\\\/biblioteca.blanes.cat\\\/salajove\\\/\",\"name\":\"Sala Jove\",\"description\":\"Biblioteca Comarcal de Blanes\",\"publisher\":{\"@id\":\"https:\\\/\\\/biblioteca.blanes.cat\\\/salajove\\\/#organization\"},\"potentialAction\":[{\"@type\":\"SearchAction\",\"target\":{\"@type\":\"EntryPoint\",\"urlTemplate\":\"https:\\\/\\\/biblioteca.blanes.cat\\\/salajove\\\/?s={search_term_string}\"},\"query-input\":{\"@type\":\"PropertyValueSpecification\",\"valueRequired\":true,\"valueName\":\"search_term_string\"}}],\"inLanguage\":\"ca\"},{\"@type\":\"Organization\",\"@id\":\"https:\\\/\\\/biblioteca.blanes.cat\\\/salajove\\\/#organization\",\"name\":\"Biblioteca Comarcal de Blanes\",\"url\":\"https:\\\/\\\/biblioteca.blanes.cat\\\/salajove\\\/\",\"logo\":{\"@type\":\"ImageObject\",\"inLanguage\":\"ca\",\"@id\":\"https:\\\/\\\/biblioteca.blanes.cat\\\/salajove\\\/#\\\/schema\\\/logo\\\/image\\\/\",\"url\":\"https:\\\/\\\/biblioteca.blanes.cat\\\/salajove\\\/wp-content\\\/uploads\\\/sites\\\/3\\\/2017\\\/09\\\/cropped-Bib-blau-e1518869380535.png\",\"contentUrl\":\"https:\\\/\\\/biblioteca.blanes.cat\\\/salajove\\\/wp-content\\\/uploads\\\/sites\\\/3\\\/2017\\\/09\\\/cropped-Bib-blau-e1518869380535.png\",\"width\":166,\"height\":166,\"caption\":\"Biblioteca Comarcal de Blanes\"},\"image\":{\"@id\":\"https:\\\/\\\/biblioteca.blanes.cat\\\/salajove\\\/#\\\/schema\\\/logo\\\/image\\\/\"},\"sameAs\":[\"https:\\\/\\\/www.facebook.com\\\/BilbiotecaComarcaldeBlanes\\\/\",\"https:\\\/\\\/x.com\\\/BiblioBlanes\",\"https:\\\/\\\/www.instagram.com\\\/biblioblanes\\\/\",\"https:\\\/\\\/www.pinterest.es\\\/bblanes\\\/\",\"https:\\\/\\\/www.youtube.com\\\/c\\\/BibliotecaComarcalBlanes\"]},{\"@type\":\"Person\",\"@id\":\"https:\\\/\\\/biblioteca.blanes.cat\\\/salajove\\\/#\\\/schema\\\/person\\\/5a7b46760d9dd611d098bbf571a341dc\",\"name\":\"biblioblanes\",\"image\":{\"@type\":\"ImageObject\",\"inLanguage\":\"ca\",\"@id\":\"https:\\\/\\\/secure.gravatar.com\\\/avatar\\\/6593ca6cc90e5a70939f51c95e8315483b9c281bafba597292bee47992030f99?s=96&d=mm&r=g\",\"url\":\"https:\\\/\\\/secure.gravatar.com\\\/avatar\\\/6593ca6cc90e5a70939f51c95e8315483b9c281bafba597292bee47992030f99?s=96&d=mm&r=g\",\"contentUrl\":\"https:\\\/\\\/secure.gravatar.com\\\/avatar\\\/6593ca6cc90e5a70939f51c95e8315483b9c281bafba597292bee47992030f99?s=96&d=mm&r=g\",\"caption\":\"biblioblanes\"},\"sameAs\":[\"http:\\\/\\\/www.bibgirona.cat\\\/biblioteca\\\/blanes\",\"https:\\\/\\\/x.com\\\/biblioblanes\"],\"url\":\"https:\\\/\\\/biblioteca.blanes.cat\\\/salajove\\\/author\\\/biblioblanes\\\/\"}]}<\/script>\n<!-- \/ Yoast SEO plugin. -->","yoast_head_json":{"title":"Reportatge al TN de Tv3: En Jaume Pont a la Biblioteca de Blanes - Sala Jove","robots":{"index":"index","follow":"follow","max-snippet":"max-snippet:-1","max-image-preview":"max-image-preview:large","max-video-preview":"max-video-preview:-1"},"canonical":"https:\/\/biblioteca.blanes.cat\/salajove\/2021\/02\/15\/reportatge-al-tn-de-tv3-en-jaume-pont-a-la-biblioteca-de-blanes\/","og_locale":"ca_ES","og_type":"article","og_title":"Reportatge al TN de Tv3: En Jaume Pont a la Biblioteca de Blanes - Sala Jove","og_description":"El passat dijous 11 de febrer, la Biblioteca Comarcal de Blanes, va ser protagonista d&#8217;un rodatge per TV3 sobre &#8220;Biblioteques inclusives&#8221; El nostre protagonista: En Jaume Pont, un jove blanenc amb la s\u00edndrome de down que col.labora a la Biblioteca","og_url":"https:\/\/biblioteca.blanes.cat\/salajove\/2021\/02\/15\/reportatge-al-tn-de-tv3-en-jaume-pont-a-la-biblioteca-de-blanes\/","og_site_name":"Sala Jove","article_publisher":"https:\/\/www.facebook.com\/BilbiotecaComarcaldeBlanes\/","article_published_time":"2021-02-15T17:26:12+00:00","article_modified_time":"2021-03-04T13:32:08+00:00","og_image":[{"width":340,"height":290,"url":"https:\/\/biblioteca.blanes.cat\/salajove\/wp-content\/uploads\/sites\/3\/2020\/12\/boina-raco-den-jaume-2.jpg","type":"image\/jpeg"}],"author":"biblioblanes","twitter_card":"summary_large_image","twitter_creator":"@biblioblanes","twitter_site":"@BiblioBlanes","twitter_misc":{"Escrit per":"biblioblanes","Temps estimat de lectura":"2 minuts"},"schema":{"@context":"https:\/\/schema.org","@graph":[{"@type":"Article","@id":"https:\/\/biblioteca.blanes.cat\/salajove\/2021\/02\/15\/reportatge-al-tn-de-tv3-en-jaume-pont-a-la-biblioteca-de-blanes\/#article","isPartOf":{"@id":"https:\/\/biblioteca.blanes.cat\/salajove\/2021\/02\/15\/reportatge-al-tn-de-tv3-en-jaume-pont-a-la-biblioteca-de-blanes\/"},"author":{"name":"biblioblanes","@id":"https:\/\/biblioteca.blanes.cat\/salajove\/#\/schema\/person\/5a7b46760d9dd611d098bbf571a341dc"},"headline":"Reportatge al TN de Tv3: En Jaume Pont a la Biblioteca de Blanes","datePublished":"2021-02-15T17:26:12+00:00","dateModified":"2021-03-04T13:32:08+00:00","mainEntityOfPage":{"@id":"https:\/\/biblioteca.blanes.cat\/salajove\/2021\/02\/15\/reportatge-al-tn-de-tv3-en-jaume-pont-a-la-biblioteca-de-blanes\/"},"wordCount":316,"commentCount":0,"publisher":{"@id":"https:\/\/biblioteca.blanes.cat\/salajove\/#organization"},"image":{"@id":"https:\/\/biblioteca.blanes.cat\/salajove\/2021\/02\/15\/reportatge-al-tn-de-tv3-en-jaume-pont-a-la-biblioteca-de-blanes\/#primaryimage"},"thumbnailUrl":"https:\/\/biblioteca.blanes.cat\/salajove\/wp-content\/uploads\/sites\/3\/2020\/12\/boina-raco-den-jaume-2.jpg","keywords":["#Guia #Lectura #Literatura #Llibres","#Lectura"],"articleSection":["Rac\u00f3 d'en Jaume"],"inLanguage":"ca","potentialAction":[{"@type":"CommentAction","name":"Comment","target":["https:\/\/biblioteca.blanes.cat\/salajove\/2021\/02\/15\/reportatge-al-tn-de-tv3-en-jaume-pont-a-la-biblioteca-de-blanes\/#respond"]}]},{"@type":"WebPage","@id":"https:\/\/biblioteca.blanes.cat\/salajove\/2021\/02\/15\/reportatge-al-tn-de-tv3-en-jaume-pont-a-la-biblioteca-de-blanes\/","url":"https:\/\/biblioteca.blanes.cat\/salajove\/2021\/02\/15\/reportatge-al-tn-de-tv3-en-jaume-pont-a-la-biblioteca-de-blanes\/","name":"Reportatge al TN de Tv3: En Jaume Pont a la Biblioteca de Blanes - Sala Jove","isPartOf":{"@id":"https:\/\/biblioteca.blanes.cat\/salajove\/#website"},"primaryImageOfPage":{"@id":"https:\/\/biblioteca.blanes.cat\/salajove\/2021\/02\/15\/reportatge-al-tn-de-tv3-en-jaume-pont-a-la-biblioteca-de-blanes\/#primaryimage"},"image":{"@id":"https:\/\/biblioteca.blanes.cat\/salajove\/2021\/02\/15\/reportatge-al-tn-de-tv3-en-jaume-pont-a-la-biblioteca-de-blanes\/#primaryimage"},"thumbnailUrl":"https:\/\/biblioteca.blanes.cat\/salajove\/wp-content\/uploads\/sites\/3\/2020\/12\/boina-raco-den-jaume-2.jpg","datePublished":"2021-02-15T17:26:12+00:00","dateModified":"2021-03-04T13:32:08+00:00","breadcrumb":{"@id":"https:\/\/biblioteca.blanes.cat\/salajove\/2021\/02\/15\/reportatge-al-tn-de-tv3-en-jaume-pont-a-la-biblioteca-de-blanes\/#breadcrumb"},"inLanguage":"ca","potentialAction":[{"@type":"ReadAction","target":["https:\/\/biblioteca.blanes.cat\/salajove\/2021\/02\/15\/reportatge-al-tn-de-tv3-en-jaume-pont-a-la-biblioteca-de-blanes\/"]}]},{"@type":"ImageObject","inLanguage":"ca","@id":"https:\/\/biblioteca.blanes.cat\/salajove\/2021\/02\/15\/reportatge-al-tn-de-tv3-en-jaume-pont-a-la-biblioteca-de-blanes\/#primaryimage","url":"https:\/\/biblioteca.blanes.cat\/salajove\/wp-content\/uploads\/sites\/3\/2020\/12\/boina-raco-den-jaume-2.jpg","contentUrl":"https:\/\/biblioteca.blanes.cat\/salajove\/wp-content\/uploads\/sites\/3\/2020\/12\/boina-raco-den-jaume-2.jpg","width":340,"height":290},{"@type":"BreadcrumbList","@id":"https:\/\/biblioteca.blanes.cat\/salajove\/2021\/02\/15\/reportatge-al-tn-de-tv3-en-jaume-pont-a-la-biblioteca-de-blanes\/#breadcrumb","itemListElement":[{"@type":"ListItem","position":1,"name":"Inici","item":"https:\/\/biblioteca.blanes.cat\/salajove\/"},{"@type":"ListItem","position":2,"name":"Reportatge al TN de Tv3: En Jaume Pont a la Biblioteca de Blanes"}]},{"@type":"WebSite","@id":"https:\/\/biblioteca.blanes.cat\/salajove\/#website","url":"https:\/\/biblioteca.blanes.cat\/salajove\/","name":"Sala Jove","description":"Biblioteca Comarcal de Blanes","publisher":{"@id":"https:\/\/biblioteca.blanes.cat\/salajove\/#organization"},"potentialAction":[{"@type":"SearchAction","target":{"@type":"EntryPoint","urlTemplate":"https:\/\/biblioteca.blanes.cat\/salajove\/?s={search_term_string}"},"query-input":{"@type":"PropertyValueSpecification","valueRequired":true,"valueName":"search_term_string"}}],"inLanguage":"ca"},{"@type":"Organization","@id":"https:\/\/biblioteca.blanes.cat\/salajove\/#organization","name":"Biblioteca Comarcal de Blanes","url":"https:\/\/biblioteca.blanes.cat\/salajove\/","logo":{"@type":"ImageObject","inLanguage":"ca","@id":"https:\/\/biblioteca.blanes.cat\/salajove\/#\/schema\/logo\/image\/","url":"https:\/\/biblioteca.blanes.cat\/salajove\/wp-content\/uploads\/sites\/3\/2017\/09\/cropped-Bib-blau-e1518869380535.png","contentUrl":"https:\/\/biblioteca.blanes.cat\/salajove\/wp-content\/uploads\/sites\/3\/2017\/09\/cropped-Bib-blau-e1518869380535.png","width":166,"height":166,"caption":"Biblioteca Comarcal de Blanes"},"image":{"@id":"https:\/\/biblioteca.blanes.cat\/salajove\/#\/schema\/logo\/image\/"},"sameAs":["https:\/\/www.facebook.com\/BilbiotecaComarcaldeBlanes\/","https:\/\/x.com\/BiblioBlanes","https:\/\/www.instagram.com\/biblioblanes\/","https:\/\/www.pinterest.es\/bblanes\/","https:\/\/www.youtube.com\/c\/BibliotecaComarcalBlanes"]},{"@type":"Person","@id":"https:\/\/biblioteca.blanes.cat\/salajove\/#\/schema\/person\/5a7b46760d9dd611d098bbf571a341dc","name":"biblioblanes","image":{"@type":"ImageObject","inLanguage":"ca","@id":"https:\/\/secure.gravatar.com\/avatar\/6593ca6cc90e5a70939f51c95e8315483b9c281bafba597292bee47992030f99?s=96&d=mm&r=g","url":"https:\/\/secure.gravatar.com\/avatar\/6593ca6cc90e5a70939f51c95e8315483b9c281bafba597292bee47992030f99?s=96&d=mm&r=g","contentUrl":"https:\/\/secure.gravatar.com\/avatar\/6593ca6cc90e5a70939f51c95e8315483b9c281bafba597292bee47992030f99?s=96&d=mm&r=g","caption":"biblioblanes"},"sameAs":["http:\/\/www.bibgirona.cat\/biblioteca\/blanes","https:\/\/x.com\/biblioblanes"],"url":"https:\/\/biblioteca.blanes.cat\/salajove\/author\/biblioblanes\/"}]}},"_links":{"self":[{"href":"https:\/\/biblioteca.blanes.cat\/salajove\/wp-json\/wp\/v2\/posts\/5183","targetHints":{"allow":["GET"]}}],"collection":[{"href":"https:\/\/biblioteca.blanes.cat\/salajove\/wp-json\/wp\/v2\/posts"}],"about":[{"href":"https:\/\/biblioteca.blanes.cat\/salajove\/wp-json\/wp\/v2\/types\/post"}],"author":[{"embeddable":true,"href":"https:\/\/biblioteca.blanes.cat\/salajove\/wp-json\/wp\/v2\/users\/4"}],"replies":[{"embeddable":true,"href":"https:\/\/biblioteca.blanes.cat\/salajove\/wp-json\/wp\/v2\/comments?post=5183"}],"version-history":[{"count":10,"href":"https:\/\/biblioteca.blanes.cat\/salajove\/wp-json\/wp\/v2\/posts\/5183\/revisions"}],"predecessor-version":[{"id":5295,"href":"https:\/\/biblioteca.blanes.cat\/salajove\/wp-json\/wp\/v2\/posts\/5183\/revisions\/5295"}],"wp:featuredmedia":[{"embeddable":true,"href":"https:\/\/biblioteca.blanes.cat\/salajove\/wp-json\/wp\/v2\/media\/4676"}],"wp:attachment":[{"href":"https:\/\/biblioteca.blanes.cat\/salajove\/wp-json\/wp\/v2\/media?parent=5183"}],"wp:term":[{"taxonomy":"category","embeddable":true,"href":"https:\/\/biblioteca.blanes.cat\/salajove\/wp-json\/wp\/v2\/categories?post=5183"},{"taxonomy":"post_tag","embeddable":true,"href":"https:\/\/biblioteca.blanes.cat\/salajove\/wp-json\/wp\/v2\/tags?post=5183"}],"curies":[{"name":"wp","href":"https:\/\/api.w.org\/{rel}","templated":true}]}}