{"id":5150,"date":"2021-02-04T12:34:50","date_gmt":"2021-02-04T11:34:50","guid":{"rendered":"https:\/\/biblioteca.blanes.cat\/salajove\/?p=5150"},"modified":"2021-03-01T18:07:19","modified_gmt":"2021-03-01T17:07:19","slug":"participacio-reglament-punt-dinformacio-juvenil-i-nau4-espai-jove","status":"publish","type":"post","link":"https:\/\/biblioteca.blanes.cat\/salajove\/2021\/02\/04\/participacio-reglament-punt-dinformacio-juvenil-i-nau4-espai-jove\/","title":{"rendered":"Participaci\u00f3 Reglament Punt d&#8217;Informaci\u00f3 Juvenil i NAU4 Espai Jove"},"content":{"rendered":"\n<h1 style=\"text-align: center;\"><span style=\"font-family: Verdana;\">L\u2019\u00e0rea de&nbsp;<\/span><b><span style=\"font-family: Verdana;\">JOVENTUT<\/span><\/b><span style=\"font-family: Verdana;\"> de Blanes ha iniciat els tr\u00e0mits per aprovar <\/span><\/h1>\n<h1 style=\"text-align: center;\"><span style=\"font-family: Verdana;\">El nou Reglament del Punt d\u2019Informaci\u00f3 Juvenil i de la NAU4, ESPAI JOVE<\/span><br><br><\/h1>\n<p><span style=\"font-family: Verdana;\">El Punt d\u2019Informaci\u00f3 Juvenil de Blanes (PIJBL) \u00e9s un servei que t\u00e9 com a objectiu facilitar l\u2019acc\u00e9s dels joves a la informaci\u00f3 que pugui ser del seu inter\u00e8s, d\u2019acord amb les seves prefer\u00e8ncies i el seu projecte de vida.<\/span><\/p>\n<p><strong>L&#8217;objectiu<\/strong> de l&#8217;elaboraci\u00f3 del nou reglament \u00e9s:&nbsp; Oferir un servei d&#8217;informaci\u00f3 gratu\u00eft per als i les joves de Blanes, amb la figura d&#8217;un informador juvenil i garantint un horari d&#8217;obertura prou ample, amb una oferta variada d&#8217;activitats a la NAU4, Espai Jove, el Casal jove de Blanes, amb un disseny i programaci\u00f3 d&#8217;espais de trobada, tallers i activitats.<\/p>\n<p><img fetchpriority=\"high\" decoding=\"async\" class=\"aligncenter\" src=\"https:\/\/www.blanes.cat\/oiapdocs.nsf\/14fbe7c612d4ef45c12579b1003dd6db\/601f5f1f98e59778c125866e00326d51\/EventoDescripcion\/35.36FE!OpenElement&amp;FieldElemFormat=jpg\" width=\"600\" height=\"338\"><\/p>\n<p>&nbsp;<\/p>\n<p><strong>Qui pot participar?<\/strong><\/p>\n<p>Joves entre 14 i 35 anys, entitats juvenils, entitats que presten serveis a joves i professionals que treballen amb joves.<\/p>\n<p><strong>Com podeu participar?<\/strong><\/p>\n<p>Des del dia 1 al 28 de febrer.<\/p>\n<p>Podeu enviar les vostres propostes indicant nom, cognoms i DNI mitjan\u00e7ant:<\/p>\n<ul>\n<li>Formulari de Google forms: <a href=\"https:\/\/docs.google.com\/forms\/d\/e\/1FAIpQLSfP5IgMR_CqYyTS0CKQwsgSn3XfNgRD3b0w_UfpRqZalWauiQ\/viewform\" target=\"_blank\" rel=\"noopener\"><span style=\"font-family: Verdana;\">bit.ly\/formulariJoventut<\/span><\/a><\/li>\n<li>Enviant correu electr\u00f2nic a: <a href=\"mailto:joventut.blanes@gmail.com\" target=\"_blank\" rel=\"noopener\"><u><span style=\"color: #0000ff; font-family: Verdana;\">joventut.blanes@gmail.com<\/span><\/u><\/a><\/li>\n<li>Per Wattsapp al tel\u00e8fon: 680 718 953<\/li>\n<\/ul>\n<p>&nbsp;<\/p>\n<div align=\"center\"><img decoding=\"async\" src=\"https:\/\/www.blanes.cat\/oiapdocs.nsf\/14fbe7c612d4ef45c12579b1003dd6db\/601f5f1f98e59778c125866e00326d51\/EventoDescripcion\/50.374A!OpenElement&amp;FieldElemFormat=jpg\" width=\"600\" height=\"338\"><\/div>\n<p style=\"text-align: left;\"><br><span style=\"color: #2f2f2f; font-family: Verdana;\">Entre els documents que es posen a l\u2019abast dels i les joves que vulguin donar la seva opini\u00f3 i fer aportacions al reglament, tamb\u00e9 s\u2019hi inclou un esborrany de la <a href=\"https:\/\/www.blanes.cat\/oiapdocs.nsf\/14fbe7c612d4ef45c12579b1003dd6db\/d549f85b9440c8e3c1258669002cfa8e\/$FILE\/Proposta%20del%20Reglament%20PIJ%20i%20de%20LA%20NAU%204.pdf\" target=\"_blank\" rel=\"noopener\">Nova Normativa<\/a> perqu\u00e8 tothom pugui dir-hi la seva. Feu una ullada.<\/span><\/p>\n<p style=\"text-align: center;\"><span style=\"color: #2f2f2f; font-family: Verdana;\">Podeu veure la not\u00edcia completa a la <a href=\"https:\/\/www.bibgirona.cat\/biblioteca\/blanes\/noticies\/17305\" target=\"_blank\" rel=\"noopener\">Web de la Biblioteca de Blanes<\/a><\/span><\/p>\n<h3 style=\"text-align: center;\">Som-hi els Joves de Blanes teniu molt a dir!<\/h3>\n","protected":false},"excerpt":{"rendered":"<p>L\u2019\u00e0rea de&nbsp;JOVENTUT de Blanes ha iniciat els tr\u00e0mits per aprovar El nou Reglament del Punt d\u2019Informaci\u00f3 Juvenil i de la NAU4, ESPAI JOVE El Punt d\u2019Informaci\u00f3 Juvenil de Blanes (PIJBL) \u00e9s un servei que t\u00e9 com a objectiu facilitar l\u2019acc\u00e9s<\/p>\n","protected":false},"author":4,"featured_media":5238,"comment_status":"open","ping_status":"open","sticky":false,"template":"","format":"standard","meta":{"sfsi_plus_gutenberg_text_before_share":"","sfsi_plus_gutenberg_show_text_before_share":"","sfsi_plus_gutenberg_icon_type":"","sfsi_plus_gutenberg_icon_alignemt":"","sfsi_plus_gutenburg_max_per_row":"","footnotes":""},"categories":[115],"tags":[97],"class_list":["post-5150","post","type-post","status-publish","format-standard","has-post-thumbnail","hentry","category-nau4","tag-activitats-actualitat-joves"],"yoast_head":"<!-- This site is optimized with the Yoast SEO plugin v27.5 - https:\/\/yoast.com\/product\/yoast-seo-wordpress\/ -->\n<title>Participaci\u00f3 Reglament Punt d&#039;Informaci\u00f3 Juvenil i NAU4 Espai Jove - Sala Jove<\/title>\n<meta name=\"robots\" content=\"index, follow, max-snippet:-1, max-image-preview:large, max-video-preview:-1\" \/>\n<link rel=\"canonical\" href=\"https:\/\/biblioteca.blanes.cat\/salajove\/2021\/02\/04\/participacio-reglament-punt-dinformacio-juvenil-i-nau4-espai-jove\/\" \/>\n<meta property=\"og:locale\" content=\"ca_ES\" \/>\n<meta property=\"og:type\" content=\"article\" \/>\n<meta property=\"og:title\" content=\"Participaci\u00f3 Reglament Punt d&#039;Informaci\u00f3 Juvenil i NAU4 Espai Jove - Sala Jove\" \/>\n<meta property=\"og:description\" content=\"L\u2019\u00e0rea de&nbsp;JOVENTUT de Blanes ha iniciat els tr\u00e0mits per aprovar El nou Reglament del Punt d\u2019Informaci\u00f3 Juvenil i de la NAU4, ESPAI JOVE El Punt d\u2019Informaci\u00f3 Juvenil de Blanes (PIJBL) \u00e9s un servei que t\u00e9 com a objectiu facilitar l\u2019acc\u00e9s\" \/>\n<meta property=\"og:url\" content=\"https:\/\/biblioteca.blanes.cat\/salajove\/2021\/02\/04\/participacio-reglament-punt-dinformacio-juvenil-i-nau4-espai-jove\/\" \/>\n<meta property=\"og:site_name\" content=\"Sala Jove\" \/>\n<meta property=\"article:publisher\" content=\"https:\/\/www.facebook.com\/BilbiotecaComarcaldeBlanes\/\" \/>\n<meta property=\"article:published_time\" content=\"2021-02-04T11:34:50+00:00\" \/>\n<meta property=\"article:modified_time\" content=\"2021-03-01T17:07:19+00:00\" \/>\n<meta property=\"og:image\" content=\"https:\/\/biblioteca.blanes.cat\/salajove\/wp-content\/uploads\/sites\/3\/2021\/02\/143192465_3042223396004972_8866439181331173833_o-1.png\" \/>\n\t<meta property=\"og:image:width\" content=\"1080\" \/>\n\t<meta property=\"og:image:height\" content=\"1079\" \/>\n\t<meta property=\"og:image:type\" content=\"image\/png\" \/>\n<meta name=\"author\" content=\"biblioblanes\" \/>\n<meta name=\"twitter:card\" content=\"summary_large_image\" \/>\n<meta name=\"twitter:creator\" content=\"@biblioblanes\" \/>\n<meta name=\"twitter:site\" content=\"@BiblioBlanes\" \/>\n<meta name=\"twitter:label1\" content=\"Escrit per\" \/>\n\t<meta name=\"twitter:data1\" content=\"biblioblanes\" \/>\n\t<meta name=\"twitter:label2\" content=\"Temps estimat de lectura\" \/>\n\t<meta name=\"twitter:data2\" content=\"2 minuts\" \/>\n<script type=\"application\/ld+json\" class=\"yoast-schema-graph\">{\"@context\":\"https:\\\/\\\/schema.org\",\"@graph\":[{\"@type\":\"Article\",\"@id\":\"https:\\\/\\\/biblioteca.blanes.cat\\\/salajove\\\/2021\\\/02\\\/04\\\/participacio-reglament-punt-dinformacio-juvenil-i-nau4-espai-jove\\\/#article\",\"isPartOf\":{\"@id\":\"https:\\\/\\\/biblioteca.blanes.cat\\\/salajove\\\/2021\\\/02\\\/04\\\/participacio-reglament-punt-dinformacio-juvenil-i-nau4-espai-jove\\\/\"},\"author\":{\"name\":\"biblioblanes\",\"@id\":\"https:\\\/\\\/biblioteca.blanes.cat\\\/salajove\\\/#\\\/schema\\\/person\\\/5a7b46760d9dd611d098bbf571a341dc\"},\"headline\":\"Participaci\u00f3 Reglament Punt d&#8217;Informaci\u00f3 Juvenil i NAU4 Espai Jove\",\"datePublished\":\"2021-02-04T11:34:50+00:00\",\"dateModified\":\"2021-03-01T17:07:19+00:00\",\"mainEntityOfPage\":{\"@id\":\"https:\\\/\\\/biblioteca.blanes.cat\\\/salajove\\\/2021\\\/02\\\/04\\\/participacio-reglament-punt-dinformacio-juvenil-i-nau4-espai-jove\\\/\"},\"wordCount\":281,\"commentCount\":0,\"publisher\":{\"@id\":\"https:\\\/\\\/biblioteca.blanes.cat\\\/salajove\\\/#organization\"},\"image\":{\"@id\":\"https:\\\/\\\/biblioteca.blanes.cat\\\/salajove\\\/2021\\\/02\\\/04\\\/participacio-reglament-punt-dinformacio-juvenil-i-nau4-espai-jove\\\/#primaryimage\"},\"thumbnailUrl\":\"https:\\\/\\\/biblioteca.blanes.cat\\\/salajove\\\/wp-content\\\/uploads\\\/sites\\\/3\\\/2021\\\/02\\\/143192465_3042223396004972_8866439181331173833_o-1.png\",\"keywords\":[\"#Activitats #Actualitat #Joves\"],\"articleSection\":[\"Nau4\"],\"inLanguage\":\"ca\",\"potentialAction\":[{\"@type\":\"CommentAction\",\"name\":\"Comment\",\"target\":[\"https:\\\/\\\/biblioteca.blanes.cat\\\/salajove\\\/2021\\\/02\\\/04\\\/participacio-reglament-punt-dinformacio-juvenil-i-nau4-espai-jove\\\/#respond\"]}]},{\"@type\":\"WebPage\",\"@id\":\"https:\\\/\\\/biblioteca.blanes.cat\\\/salajove\\\/2021\\\/02\\\/04\\\/participacio-reglament-punt-dinformacio-juvenil-i-nau4-espai-jove\\\/\",\"url\":\"https:\\\/\\\/biblioteca.blanes.cat\\\/salajove\\\/2021\\\/02\\\/04\\\/participacio-reglament-punt-dinformacio-juvenil-i-nau4-espai-jove\\\/\",\"name\":\"Participaci\u00f3 Reglament Punt d'Informaci\u00f3 Juvenil i NAU4 Espai Jove - Sala Jove\",\"isPartOf\":{\"@id\":\"https:\\\/\\\/biblioteca.blanes.cat\\\/salajove\\\/#website\"},\"primaryImageOfPage\":{\"@id\":\"https:\\\/\\\/biblioteca.blanes.cat\\\/salajove\\\/2021\\\/02\\\/04\\\/participacio-reglament-punt-dinformacio-juvenil-i-nau4-espai-jove\\\/#primaryimage\"},\"image\":{\"@id\":\"https:\\\/\\\/biblioteca.blanes.cat\\\/salajove\\\/2021\\\/02\\\/04\\\/participacio-reglament-punt-dinformacio-juvenil-i-nau4-espai-jove\\\/#primaryimage\"},\"thumbnailUrl\":\"https:\\\/\\\/biblioteca.blanes.cat\\\/salajove\\\/wp-content\\\/uploads\\\/sites\\\/3\\\/2021\\\/02\\\/143192465_3042223396004972_8866439181331173833_o-1.png\",\"datePublished\":\"2021-02-04T11:34:50+00:00\",\"dateModified\":\"2021-03-01T17:07:19+00:00\",\"breadcrumb\":{\"@id\":\"https:\\\/\\\/biblioteca.blanes.cat\\\/salajove\\\/2021\\\/02\\\/04\\\/participacio-reglament-punt-dinformacio-juvenil-i-nau4-espai-jove\\\/#breadcrumb\"},\"inLanguage\":\"ca\",\"potentialAction\":[{\"@type\":\"ReadAction\",\"target\":[\"https:\\\/\\\/biblioteca.blanes.cat\\\/salajove\\\/2021\\\/02\\\/04\\\/participacio-reglament-punt-dinformacio-juvenil-i-nau4-espai-jove\\\/\"]}]},{\"@type\":\"ImageObject\",\"inLanguage\":\"ca\",\"@id\":\"https:\\\/\\\/biblioteca.blanes.cat\\\/salajove\\\/2021\\\/02\\\/04\\\/participacio-reglament-punt-dinformacio-juvenil-i-nau4-espai-jove\\\/#primaryimage\",\"url\":\"https:\\\/\\\/biblioteca.blanes.cat\\\/salajove\\\/wp-content\\\/uploads\\\/sites\\\/3\\\/2021\\\/02\\\/143192465_3042223396004972_8866439181331173833_o-1.png\",\"contentUrl\":\"https:\\\/\\\/biblioteca.blanes.cat\\\/salajove\\\/wp-content\\\/uploads\\\/sites\\\/3\\\/2021\\\/02\\\/143192465_3042223396004972_8866439181331173833_o-1.png\",\"width\":1080,\"height\":1079},{\"@type\":\"BreadcrumbList\",\"@id\":\"https:\\\/\\\/biblioteca.blanes.cat\\\/salajove\\\/2021\\\/02\\\/04\\\/participacio-reglament-punt-dinformacio-juvenil-i-nau4-espai-jove\\\/#breadcrumb\",\"itemListElement\":[{\"@type\":\"ListItem\",\"position\":1,\"name\":\"Inici\",\"item\":\"https:\\\/\\\/biblioteca.blanes.cat\\\/salajove\\\/\"},{\"@type\":\"ListItem\",\"position\":2,\"name\":\"Participaci\u00f3 Reglament Punt d&#8217;Informaci\u00f3 Juvenil i NAU4 Espai Jove\"}]},{\"@type\":\"WebSite\",\"@id\":\"https:\\\/\\\/biblioteca.blanes.cat\\\/salajove\\\/#website\",\"url\":\"https:\\\/\\\/biblioteca.blanes.cat\\\/salajove\\\/\",\"name\":\"Sala Jove\",\"description\":\"Biblioteca Comarcal de Blanes\",\"publisher\":{\"@id\":\"https:\\\/\\\/biblioteca.blanes.cat\\\/salajove\\\/#organization\"},\"potentialAction\":[{\"@type\":\"SearchAction\",\"target\":{\"@type\":\"EntryPoint\",\"urlTemplate\":\"https:\\\/\\\/biblioteca.blanes.cat\\\/salajove\\\/?s={search_term_string}\"},\"query-input\":{\"@type\":\"PropertyValueSpecification\",\"valueRequired\":true,\"valueName\":\"search_term_string\"}}],\"inLanguage\":\"ca\"},{\"@type\":\"Organization\",\"@id\":\"https:\\\/\\\/biblioteca.blanes.cat\\\/salajove\\\/#organization\",\"name\":\"Biblioteca Comarcal de Blanes\",\"url\":\"https:\\\/\\\/biblioteca.blanes.cat\\\/salajove\\\/\",\"logo\":{\"@type\":\"ImageObject\",\"inLanguage\":\"ca\",\"@id\":\"https:\\\/\\\/biblioteca.blanes.cat\\\/salajove\\\/#\\\/schema\\\/logo\\\/image\\\/\",\"url\":\"https:\\\/\\\/biblioteca.blanes.cat\\\/salajove\\\/wp-content\\\/uploads\\\/sites\\\/3\\\/2017\\\/09\\\/cropped-Bib-blau-e1518869380535.png\",\"contentUrl\":\"https:\\\/\\\/biblioteca.blanes.cat\\\/salajove\\\/wp-content\\\/uploads\\\/sites\\\/3\\\/2017\\\/09\\\/cropped-Bib-blau-e1518869380535.png\",\"width\":166,\"height\":166,\"caption\":\"Biblioteca Comarcal de Blanes\"},\"image\":{\"@id\":\"https:\\\/\\\/biblioteca.blanes.cat\\\/salajove\\\/#\\\/schema\\\/logo\\\/image\\\/\"},\"sameAs\":[\"https:\\\/\\\/www.facebook.com\\\/BilbiotecaComarcaldeBlanes\\\/\",\"https:\\\/\\\/x.com\\\/BiblioBlanes\",\"https:\\\/\\\/www.instagram.com\\\/biblioblanes\\\/\",\"https:\\\/\\\/www.pinterest.es\\\/bblanes\\\/\",\"https:\\\/\\\/www.youtube.com\\\/c\\\/BibliotecaComarcalBlanes\"]},{\"@type\":\"Person\",\"@id\":\"https:\\\/\\\/biblioteca.blanes.cat\\\/salajove\\\/#\\\/schema\\\/person\\\/5a7b46760d9dd611d098bbf571a341dc\",\"name\":\"biblioblanes\",\"image\":{\"@type\":\"ImageObject\",\"inLanguage\":\"ca\",\"@id\":\"https:\\\/\\\/secure.gravatar.com\\\/avatar\\\/6593ca6cc90e5a70939f51c95e8315483b9c281bafba597292bee47992030f99?s=96&d=mm&r=g\",\"url\":\"https:\\\/\\\/secure.gravatar.com\\\/avatar\\\/6593ca6cc90e5a70939f51c95e8315483b9c281bafba597292bee47992030f99?s=96&d=mm&r=g\",\"contentUrl\":\"https:\\\/\\\/secure.gravatar.com\\\/avatar\\\/6593ca6cc90e5a70939f51c95e8315483b9c281bafba597292bee47992030f99?s=96&d=mm&r=g\",\"caption\":\"biblioblanes\"},\"sameAs\":[\"http:\\\/\\\/www.bibgirona.cat\\\/biblioteca\\\/blanes\",\"https:\\\/\\\/x.com\\\/biblioblanes\"],\"url\":\"https:\\\/\\\/biblioteca.blanes.cat\\\/salajove\\\/author\\\/biblioblanes\\\/\"}]}<\/script>\n<!-- \/ Yoast SEO plugin. -->","yoast_head_json":{"title":"Participaci\u00f3 Reglament Punt d'Informaci\u00f3 Juvenil i NAU4 Espai Jove - Sala Jove","robots":{"index":"index","follow":"follow","max-snippet":"max-snippet:-1","max-image-preview":"max-image-preview:large","max-video-preview":"max-video-preview:-1"},"canonical":"https:\/\/biblioteca.blanes.cat\/salajove\/2021\/02\/04\/participacio-reglament-punt-dinformacio-juvenil-i-nau4-espai-jove\/","og_locale":"ca_ES","og_type":"article","og_title":"Participaci\u00f3 Reglament Punt d'Informaci\u00f3 Juvenil i NAU4 Espai Jove - Sala Jove","og_description":"L\u2019\u00e0rea de&nbsp;JOVENTUT de Blanes ha iniciat els tr\u00e0mits per aprovar El nou Reglament del Punt d\u2019Informaci\u00f3 Juvenil i de la NAU4, ESPAI JOVE El Punt d\u2019Informaci\u00f3 Juvenil de Blanes (PIJBL) \u00e9s un servei que t\u00e9 com a objectiu facilitar l\u2019acc\u00e9s","og_url":"https:\/\/biblioteca.blanes.cat\/salajove\/2021\/02\/04\/participacio-reglament-punt-dinformacio-juvenil-i-nau4-espai-jove\/","og_site_name":"Sala Jove","article_publisher":"https:\/\/www.facebook.com\/BilbiotecaComarcaldeBlanes\/","article_published_time":"2021-02-04T11:34:50+00:00","article_modified_time":"2021-03-01T17:07:19+00:00","og_image":[{"width":1080,"height":1079,"url":"https:\/\/biblioteca.blanes.cat\/salajove\/wp-content\/uploads\/sites\/3\/2021\/02\/143192465_3042223396004972_8866439181331173833_o-1.png","type":"image\/png"}],"author":"biblioblanes","twitter_card":"summary_large_image","twitter_creator":"@biblioblanes","twitter_site":"@BiblioBlanes","twitter_misc":{"Escrit per":"biblioblanes","Temps estimat de lectura":"2 minuts"},"schema":{"@context":"https:\/\/schema.org","@graph":[{"@type":"Article","@id":"https:\/\/biblioteca.blanes.cat\/salajove\/2021\/02\/04\/participacio-reglament-punt-dinformacio-juvenil-i-nau4-espai-jove\/#article","isPartOf":{"@id":"https:\/\/biblioteca.blanes.cat\/salajove\/2021\/02\/04\/participacio-reglament-punt-dinformacio-juvenil-i-nau4-espai-jove\/"},"author":{"name":"biblioblanes","@id":"https:\/\/biblioteca.blanes.cat\/salajove\/#\/schema\/person\/5a7b46760d9dd611d098bbf571a341dc"},"headline":"Participaci\u00f3 Reglament Punt d&#8217;Informaci\u00f3 Juvenil i NAU4 Espai Jove","datePublished":"2021-02-04T11:34:50+00:00","dateModified":"2021-03-01T17:07:19+00:00","mainEntityOfPage":{"@id":"https:\/\/biblioteca.blanes.cat\/salajove\/2021\/02\/04\/participacio-reglament-punt-dinformacio-juvenil-i-nau4-espai-jove\/"},"wordCount":281,"commentCount":0,"publisher":{"@id":"https:\/\/biblioteca.blanes.cat\/salajove\/#organization"},"image":{"@id":"https:\/\/biblioteca.blanes.cat\/salajove\/2021\/02\/04\/participacio-reglament-punt-dinformacio-juvenil-i-nau4-espai-jove\/#primaryimage"},"thumbnailUrl":"https:\/\/biblioteca.blanes.cat\/salajove\/wp-content\/uploads\/sites\/3\/2021\/02\/143192465_3042223396004972_8866439181331173833_o-1.png","keywords":["#Activitats #Actualitat #Joves"],"articleSection":["Nau4"],"inLanguage":"ca","potentialAction":[{"@type":"CommentAction","name":"Comment","target":["https:\/\/biblioteca.blanes.cat\/salajove\/2021\/02\/04\/participacio-reglament-punt-dinformacio-juvenil-i-nau4-espai-jove\/#respond"]}]},{"@type":"WebPage","@id":"https:\/\/biblioteca.blanes.cat\/salajove\/2021\/02\/04\/participacio-reglament-punt-dinformacio-juvenil-i-nau4-espai-jove\/","url":"https:\/\/biblioteca.blanes.cat\/salajove\/2021\/02\/04\/participacio-reglament-punt-dinformacio-juvenil-i-nau4-espai-jove\/","name":"Participaci\u00f3 Reglament Punt d'Informaci\u00f3 Juvenil i NAU4 Espai Jove - Sala Jove","isPartOf":{"@id":"https:\/\/biblioteca.blanes.cat\/salajove\/#website"},"primaryImageOfPage":{"@id":"https:\/\/biblioteca.blanes.cat\/salajove\/2021\/02\/04\/participacio-reglament-punt-dinformacio-juvenil-i-nau4-espai-jove\/#primaryimage"},"image":{"@id":"https:\/\/biblioteca.blanes.cat\/salajove\/2021\/02\/04\/participacio-reglament-punt-dinformacio-juvenil-i-nau4-espai-jove\/#primaryimage"},"thumbnailUrl":"https:\/\/biblioteca.blanes.cat\/salajove\/wp-content\/uploads\/sites\/3\/2021\/02\/143192465_3042223396004972_8866439181331173833_o-1.png","datePublished":"2021-02-04T11:34:50+00:00","dateModified":"2021-03-01T17:07:19+00:00","breadcrumb":{"@id":"https:\/\/biblioteca.blanes.cat\/salajove\/2021\/02\/04\/participacio-reglament-punt-dinformacio-juvenil-i-nau4-espai-jove\/#breadcrumb"},"inLanguage":"ca","potentialAction":[{"@type":"ReadAction","target":["https:\/\/biblioteca.blanes.cat\/salajove\/2021\/02\/04\/participacio-reglament-punt-dinformacio-juvenil-i-nau4-espai-jove\/"]}]},{"@type":"ImageObject","inLanguage":"ca","@id":"https:\/\/biblioteca.blanes.cat\/salajove\/2021\/02\/04\/participacio-reglament-punt-dinformacio-juvenil-i-nau4-espai-jove\/#primaryimage","url":"https:\/\/biblioteca.blanes.cat\/salajove\/wp-content\/uploads\/sites\/3\/2021\/02\/143192465_3042223396004972_8866439181331173833_o-1.png","contentUrl":"https:\/\/biblioteca.blanes.cat\/salajove\/wp-content\/uploads\/sites\/3\/2021\/02\/143192465_3042223396004972_8866439181331173833_o-1.png","width":1080,"height":1079},{"@type":"BreadcrumbList","@id":"https:\/\/biblioteca.blanes.cat\/salajove\/2021\/02\/04\/participacio-reglament-punt-dinformacio-juvenil-i-nau4-espai-jove\/#breadcrumb","itemListElement":[{"@type":"ListItem","position":1,"name":"Inici","item":"https:\/\/biblioteca.blanes.cat\/salajove\/"},{"@type":"ListItem","position":2,"name":"Participaci\u00f3 Reglament Punt d&#8217;Informaci\u00f3 Juvenil i NAU4 Espai Jove"}]},{"@type":"WebSite","@id":"https:\/\/biblioteca.blanes.cat\/salajove\/#website","url":"https:\/\/biblioteca.blanes.cat\/salajove\/","name":"Sala Jove","description":"Biblioteca Comarcal de Blanes","publisher":{"@id":"https:\/\/biblioteca.blanes.cat\/salajove\/#organization"},"potentialAction":[{"@type":"SearchAction","target":{"@type":"EntryPoint","urlTemplate":"https:\/\/biblioteca.blanes.cat\/salajove\/?s={search_term_string}"},"query-input":{"@type":"PropertyValueSpecification","valueRequired":true,"valueName":"search_term_string"}}],"inLanguage":"ca"},{"@type":"Organization","@id":"https:\/\/biblioteca.blanes.cat\/salajove\/#organization","name":"Biblioteca Comarcal de Blanes","url":"https:\/\/biblioteca.blanes.cat\/salajove\/","logo":{"@type":"ImageObject","inLanguage":"ca","@id":"https:\/\/biblioteca.blanes.cat\/salajove\/#\/schema\/logo\/image\/","url":"https:\/\/biblioteca.blanes.cat\/salajove\/wp-content\/uploads\/sites\/3\/2017\/09\/cropped-Bib-blau-e1518869380535.png","contentUrl":"https:\/\/biblioteca.blanes.cat\/salajove\/wp-content\/uploads\/sites\/3\/2017\/09\/cropped-Bib-blau-e1518869380535.png","width":166,"height":166,"caption":"Biblioteca Comarcal de Blanes"},"image":{"@id":"https:\/\/biblioteca.blanes.cat\/salajove\/#\/schema\/logo\/image\/"},"sameAs":["https:\/\/www.facebook.com\/BilbiotecaComarcaldeBlanes\/","https:\/\/x.com\/BiblioBlanes","https:\/\/www.instagram.com\/biblioblanes\/","https:\/\/www.pinterest.es\/bblanes\/","https:\/\/www.youtube.com\/c\/BibliotecaComarcalBlanes"]},{"@type":"Person","@id":"https:\/\/biblioteca.blanes.cat\/salajove\/#\/schema\/person\/5a7b46760d9dd611d098bbf571a341dc","name":"biblioblanes","image":{"@type":"ImageObject","inLanguage":"ca","@id":"https:\/\/secure.gravatar.com\/avatar\/6593ca6cc90e5a70939f51c95e8315483b9c281bafba597292bee47992030f99?s=96&d=mm&r=g","url":"https:\/\/secure.gravatar.com\/avatar\/6593ca6cc90e5a70939f51c95e8315483b9c281bafba597292bee47992030f99?s=96&d=mm&r=g","contentUrl":"https:\/\/secure.gravatar.com\/avatar\/6593ca6cc90e5a70939f51c95e8315483b9c281bafba597292bee47992030f99?s=96&d=mm&r=g","caption":"biblioblanes"},"sameAs":["http:\/\/www.bibgirona.cat\/biblioteca\/blanes","https:\/\/x.com\/biblioblanes"],"url":"https:\/\/biblioteca.blanes.cat\/salajove\/author\/biblioblanes\/"}]}},"_links":{"self":[{"href":"https:\/\/biblioteca.blanes.cat\/salajove\/wp-json\/wp\/v2\/posts\/5150","targetHints":{"allow":["GET"]}}],"collection":[{"href":"https:\/\/biblioteca.blanes.cat\/salajove\/wp-json\/wp\/v2\/posts"}],"about":[{"href":"https:\/\/biblioteca.blanes.cat\/salajove\/wp-json\/wp\/v2\/types\/post"}],"author":[{"embeddable":true,"href":"https:\/\/biblioteca.blanes.cat\/salajove\/wp-json\/wp\/v2\/users\/4"}],"replies":[{"embeddable":true,"href":"https:\/\/biblioteca.blanes.cat\/salajove\/wp-json\/wp\/v2\/comments?post=5150"}],"version-history":[{"count":6,"href":"https:\/\/biblioteca.blanes.cat\/salajove\/wp-json\/wp\/v2\/posts\/5150\/revisions"}],"predecessor-version":[{"id":5253,"href":"https:\/\/biblioteca.blanes.cat\/salajove\/wp-json\/wp\/v2\/posts\/5150\/revisions\/5253"}],"wp:featuredmedia":[{"embeddable":true,"href":"https:\/\/biblioteca.blanes.cat\/salajove\/wp-json\/wp\/v2\/media\/5238"}],"wp:attachment":[{"href":"https:\/\/biblioteca.blanes.cat\/salajove\/wp-json\/wp\/v2\/media?parent=5150"}],"wp:term":[{"taxonomy":"category","embeddable":true,"href":"https:\/\/biblioteca.blanes.cat\/salajove\/wp-json\/wp\/v2\/categories?post=5150"},{"taxonomy":"post_tag","embeddable":true,"href":"https:\/\/biblioteca.blanes.cat\/salajove\/wp-json\/wp\/v2\/tags?post=5150"}],"curies":[{"name":"wp","href":"https:\/\/api.w.org\/{rel}","templated":true}]}}