{"id":5125,"date":"2021-02-01T18:01:18","date_gmt":"2021-02-01T17:01:18","guid":{"rendered":"https:\/\/biblioteca.blanes.cat\/salajove\/?p=5125"},"modified":"2021-02-03T14:01:54","modified_gmt":"2021-02-03T13:01:54","slug":"7e-aniversari-de-la-biblioteca-jove-2","status":"publish","type":"post","link":"https:\/\/biblioteca.blanes.cat\/salajove\/2021\/02\/01\/7e-aniversari-de-la-biblioteca-jove-2\/","title":{"rendered":"7\u00e8 Aniversari de la Biblioteca Jove"},"content":{"rendered":"\n<p style=\"text-align: center;\">Bona tarda joves!<\/p>\n<h3 style=\"text-align: center;\">Divendres 29 de gener vam celebrar el <strong>7\u00e8 aniversari de la Biblioteca Jove. <\/strong><\/h3>\n<p style=\"text-align: center;\">Amb una programaci\u00f3 molt especial on tamb\u00e9 es va fer entrega dels premis del<strong> XII concurs literari Boller\u00e9<\/strong>.<\/p>\n<p>Va ser una tarda molt emotiva. Des de la Biblioteca volem agrair a tots aquells que van ser-hi, i per als que no van poder assistir-hi, aqu\u00ed teniu un petit resum de la celebraci\u00f3. No us perdeu cap detall!<\/p>\n<p>_____________________________________________________________________________________________<\/p>\n<p style=\"text-align: left;\"><strong>1.Presentaci\u00f3 del Rac\u00f3 d&#8217;en Jaume al Bloc de la Biblioteca Jove<\/strong>, cliqueu <a href=\"https:\/\/newsletter.blanes.cat\/index.php?option=com_acymailing&amp;ctrl=url&amp;subid=50182&amp;urlid=2396&amp;mailid=1050\" target=\"_blank\" rel=\"noopener\">aqu\u00ed <\/a>Segur que les seves recomanacions no et deixaran indiferent!<br \/><br \/><strong>2.Presentaci\u00f3 del v\u00eddeo:\u00a0<a href=\"https:\/\/www.youtube.com\/watch?v=8tXij8J9Llk\"> &#8220;Escucha&#8221;<\/a> Relats de vida.<\/strong> Un projecte del Servei de Biblioteques de la Diputaci\u00f3 de Girona i els Serveis Territorials de Treball, Afers Socials i Fam\u00edlies a Girona. Amb la col.laboraci\u00f3 d&#8217;Erol Urb\u00e0.\u00a0<br \/><br \/><strong>3.Entrega dels premis del XII Concurs literari per a Joves, Boller\u00e9 2020: guanyadors i finalistes.<\/strong> Cliqueu <a href=\"https:\/\/newsletter.blanes.cat\/index.php?option=com_acymailing&amp;ctrl=url&amp;subid=50182&amp;urlid=2398&amp;mailid=1050\" target=\"_blank\" rel=\"noopener\">aqu\u00ed<\/a> per fer una ullada a l&#8217;hist\u00f2ric de publicacions.<br \/>\u00a0<\/p>\n<p style=\"text-align: center;\"><img fetchpriority=\"high\" decoding=\"async\" class=\"wp-image-5126 size-large aligncenter\" src=\"https:\/\/biblioteca.blanes.cat\/salajove\/wp-content\/uploads\/sites\/3\/2021\/02\/bollere2020-1024x810.jpg\" alt=\"\" width=\"750\" height=\"593\" srcset=\"https:\/\/biblioteca.blanes.cat\/salajove\/wp-content\/uploads\/sites\/3\/2021\/02\/bollere2020-1024x810.jpg 1024w, https:\/\/biblioteca.blanes.cat\/salajove\/wp-content\/uploads\/sites\/3\/2021\/02\/bollere2020-300x237.jpg 300w, https:\/\/biblioteca.blanes.cat\/salajove\/wp-content\/uploads\/sites\/3\/2021\/02\/bollere2020-768x607.jpg 768w, https:\/\/biblioteca.blanes.cat\/salajove\/wp-content\/uploads\/sites\/3\/2021\/02\/bollere2020.jpg 1440w\" sizes=\"(max-width: 750px) 100vw, 750px\" \/><br \/><br \/>A la <a href=\"https:\/\/www.bibgirona.cat\/biblioteca\/blanes\/noticies\/17304\" target=\"_blank\" rel=\"noopener\">Web de la Biblioteca de Blanes <\/a>ens fem ress\u00f2 de la not\u00edcia que ha publicat l&#8217;Ajuntament de Blanes. Feu una ullada!<br \/><br \/><br \/><strong>Us convidem a tots i totes a que continueu escrivint i ens trobem l&#8217;any vinent als Boller\u00e9 2021!<\/strong><\/p>\n<p style=\"text-align: center;\">\u00a0<\/p>\n","protected":false},"excerpt":{"rendered":"<p>Bona tarda joves! Divendres 29 de gener vam celebrar el 7\u00e8 aniversari de la Biblioteca Jove. Amb una programaci\u00f3 molt especial on tamb\u00e9 es va fer entrega dels premis del XII concurs literari Boller\u00e9. Va ser una tarda molt emotiva.<\/p>\n","protected":false},"author":4,"featured_media":5132,"comment_status":"open","ping_status":"open","sticky":false,"template":"","format":"standard","meta":{"sfsi_plus_gutenberg_text_before_share":"","sfsi_plus_gutenberg_show_text_before_share":"","sfsi_plus_gutenberg_icon_type":"","sfsi_plus_gutenberg_icon_alignemt":"","sfsi_plus_gutenburg_max_per_row":"","footnotes":""},"categories":[3],"tags":[97,26,19],"class_list":["post-5125","post","type-post","status-publish","format-standard","has-post-thumbnail","hentry","category-activitats","tag-activitats-actualitat-joves","tag-lectura","tag-literatura"],"yoast_head":"<!-- This site is optimized with the Yoast SEO plugin v27.5 - https:\/\/yoast.com\/product\/yoast-seo-wordpress\/ -->\n<title>7\u00e8 Aniversari de la Biblioteca Jove - Sala Jove<\/title>\n<meta name=\"robots\" content=\"index, follow, max-snippet:-1, max-image-preview:large, max-video-preview:-1\" \/>\n<link rel=\"canonical\" href=\"https:\/\/biblioteca.blanes.cat\/salajove\/2021\/02\/01\/7e-aniversari-de-la-biblioteca-jove-2\/\" \/>\n<meta property=\"og:locale\" content=\"ca_ES\" \/>\n<meta property=\"og:type\" content=\"article\" \/>\n<meta property=\"og:title\" content=\"7\u00e8 Aniversari de la Biblioteca Jove - Sala Jove\" \/>\n<meta property=\"og:description\" content=\"Bona tarda joves! Divendres 29 de gener vam celebrar el 7\u00e8 aniversari de la Biblioteca Jove. Amb una programaci\u00f3 molt especial on tamb\u00e9 es va fer entrega dels premis del XII concurs literari Boller\u00e9. Va ser una tarda molt emotiva.\" \/>\n<meta property=\"og:url\" content=\"https:\/\/biblioteca.blanes.cat\/salajove\/2021\/02\/01\/7e-aniversari-de-la-biblioteca-jove-2\/\" \/>\n<meta property=\"og:site_name\" content=\"Sala Jove\" \/>\n<meta property=\"article:publisher\" content=\"https:\/\/www.facebook.com\/BilbiotecaComarcaldeBlanes\/\" \/>\n<meta property=\"article:published_time\" content=\"2021-02-01T17:01:18+00:00\" \/>\n<meta property=\"article:modified_time\" content=\"2021-02-03T13:01:54+00:00\" \/>\n<meta property=\"og:image\" content=\"https:\/\/biblioteca.blanes.cat\/salajove\/wp-content\/uploads\/sites\/3\/2021\/02\/Aniversari-Biblioteca-Jove-gener-2.jpg\" \/>\n\t<meta property=\"og:image:width\" content=\"965\" \/>\n\t<meta property=\"og:image:height\" content=\"1099\" \/>\n\t<meta property=\"og:image:type\" content=\"image\/jpeg\" \/>\n<meta name=\"author\" content=\"biblioblanes\" \/>\n<meta name=\"twitter:card\" content=\"summary_large_image\" \/>\n<meta name=\"twitter:creator\" content=\"@biblioblanes\" \/>\n<meta name=\"twitter:site\" content=\"@BiblioBlanes\" \/>\n<meta name=\"twitter:label1\" content=\"Escrit per\" \/>\n\t<meta name=\"twitter:data1\" content=\"biblioblanes\" \/>\n\t<meta name=\"twitter:label2\" content=\"Temps estimat de lectura\" \/>\n\t<meta name=\"twitter:data2\" content=\"2 minuts\" \/>\n<script type=\"application\/ld+json\" class=\"yoast-schema-graph\">{\"@context\":\"https:\\\/\\\/schema.org\",\"@graph\":[{\"@type\":\"Article\",\"@id\":\"https:\\\/\\\/biblioteca.blanes.cat\\\/salajove\\\/2021\\\/02\\\/01\\\/7e-aniversari-de-la-biblioteca-jove-2\\\/#article\",\"isPartOf\":{\"@id\":\"https:\\\/\\\/biblioteca.blanes.cat\\\/salajove\\\/2021\\\/02\\\/01\\\/7e-aniversari-de-la-biblioteca-jove-2\\\/\"},\"author\":{\"name\":\"biblioblanes\",\"@id\":\"https:\\\/\\\/biblioteca.blanes.cat\\\/salajove\\\/#\\\/schema\\\/person\\\/5a7b46760d9dd611d098bbf571a341dc\"},\"headline\":\"7\u00e8 Aniversari de la Biblioteca Jove\",\"datePublished\":\"2021-02-01T17:01:18+00:00\",\"dateModified\":\"2021-02-03T13:01:54+00:00\",\"mainEntityOfPage\":{\"@id\":\"https:\\\/\\\/biblioteca.blanes.cat\\\/salajove\\\/2021\\\/02\\\/01\\\/7e-aniversari-de-la-biblioteca-jove-2\\\/\"},\"wordCount\":207,\"commentCount\":0,\"publisher\":{\"@id\":\"https:\\\/\\\/biblioteca.blanes.cat\\\/salajove\\\/#organization\"},\"image\":{\"@id\":\"https:\\\/\\\/biblioteca.blanes.cat\\\/salajove\\\/2021\\\/02\\\/01\\\/7e-aniversari-de-la-biblioteca-jove-2\\\/#primaryimage\"},\"thumbnailUrl\":\"https:\\\/\\\/biblioteca.blanes.cat\\\/salajove\\\/wp-content\\\/uploads\\\/sites\\\/3\\\/2021\\\/02\\\/Aniversari-Biblioteca-Jove-gener-2.jpg\",\"keywords\":[\"#Activitats #Actualitat #Joves\",\"#Lectura\",\"#Literatura\"],\"articleSection\":[\"AGENDA\"],\"inLanguage\":\"ca\",\"potentialAction\":[{\"@type\":\"CommentAction\",\"name\":\"Comment\",\"target\":[\"https:\\\/\\\/biblioteca.blanes.cat\\\/salajove\\\/2021\\\/02\\\/01\\\/7e-aniversari-de-la-biblioteca-jove-2\\\/#respond\"]}]},{\"@type\":\"WebPage\",\"@id\":\"https:\\\/\\\/biblioteca.blanes.cat\\\/salajove\\\/2021\\\/02\\\/01\\\/7e-aniversari-de-la-biblioteca-jove-2\\\/\",\"url\":\"https:\\\/\\\/biblioteca.blanes.cat\\\/salajove\\\/2021\\\/02\\\/01\\\/7e-aniversari-de-la-biblioteca-jove-2\\\/\",\"name\":\"7\u00e8 Aniversari de la Biblioteca Jove - Sala Jove\",\"isPartOf\":{\"@id\":\"https:\\\/\\\/biblioteca.blanes.cat\\\/salajove\\\/#website\"},\"primaryImageOfPage\":{\"@id\":\"https:\\\/\\\/biblioteca.blanes.cat\\\/salajove\\\/2021\\\/02\\\/01\\\/7e-aniversari-de-la-biblioteca-jove-2\\\/#primaryimage\"},\"image\":{\"@id\":\"https:\\\/\\\/biblioteca.blanes.cat\\\/salajove\\\/2021\\\/02\\\/01\\\/7e-aniversari-de-la-biblioteca-jove-2\\\/#primaryimage\"},\"thumbnailUrl\":\"https:\\\/\\\/biblioteca.blanes.cat\\\/salajove\\\/wp-content\\\/uploads\\\/sites\\\/3\\\/2021\\\/02\\\/Aniversari-Biblioteca-Jove-gener-2.jpg\",\"datePublished\":\"2021-02-01T17:01:18+00:00\",\"dateModified\":\"2021-02-03T13:01:54+00:00\",\"breadcrumb\":{\"@id\":\"https:\\\/\\\/biblioteca.blanes.cat\\\/salajove\\\/2021\\\/02\\\/01\\\/7e-aniversari-de-la-biblioteca-jove-2\\\/#breadcrumb\"},\"inLanguage\":\"ca\",\"potentialAction\":[{\"@type\":\"ReadAction\",\"target\":[\"https:\\\/\\\/biblioteca.blanes.cat\\\/salajove\\\/2021\\\/02\\\/01\\\/7e-aniversari-de-la-biblioteca-jove-2\\\/\"]}]},{\"@type\":\"ImageObject\",\"inLanguage\":\"ca\",\"@id\":\"https:\\\/\\\/biblioteca.blanes.cat\\\/salajove\\\/2021\\\/02\\\/01\\\/7e-aniversari-de-la-biblioteca-jove-2\\\/#primaryimage\",\"url\":\"https:\\\/\\\/biblioteca.blanes.cat\\\/salajove\\\/wp-content\\\/uploads\\\/sites\\\/3\\\/2021\\\/02\\\/Aniversari-Biblioteca-Jove-gener-2.jpg\",\"contentUrl\":\"https:\\\/\\\/biblioteca.blanes.cat\\\/salajove\\\/wp-content\\\/uploads\\\/sites\\\/3\\\/2021\\\/02\\\/Aniversari-Biblioteca-Jove-gener-2.jpg\",\"width\":965,\"height\":1099},{\"@type\":\"BreadcrumbList\",\"@id\":\"https:\\\/\\\/biblioteca.blanes.cat\\\/salajove\\\/2021\\\/02\\\/01\\\/7e-aniversari-de-la-biblioteca-jove-2\\\/#breadcrumb\",\"itemListElement\":[{\"@type\":\"ListItem\",\"position\":1,\"name\":\"Inici\",\"item\":\"https:\\\/\\\/biblioteca.blanes.cat\\\/salajove\\\/\"},{\"@type\":\"ListItem\",\"position\":2,\"name\":\"7\u00e8 Aniversari de la Biblioteca Jove\"}]},{\"@type\":\"WebSite\",\"@id\":\"https:\\\/\\\/biblioteca.blanes.cat\\\/salajove\\\/#website\",\"url\":\"https:\\\/\\\/biblioteca.blanes.cat\\\/salajove\\\/\",\"name\":\"Sala Jove\",\"description\":\"Biblioteca Comarcal de Blanes\",\"publisher\":{\"@id\":\"https:\\\/\\\/biblioteca.blanes.cat\\\/salajove\\\/#organization\"},\"potentialAction\":[{\"@type\":\"SearchAction\",\"target\":{\"@type\":\"EntryPoint\",\"urlTemplate\":\"https:\\\/\\\/biblioteca.blanes.cat\\\/salajove\\\/?s={search_term_string}\"},\"query-input\":{\"@type\":\"PropertyValueSpecification\",\"valueRequired\":true,\"valueName\":\"search_term_string\"}}],\"inLanguage\":\"ca\"},{\"@type\":\"Organization\",\"@id\":\"https:\\\/\\\/biblioteca.blanes.cat\\\/salajove\\\/#organization\",\"name\":\"Biblioteca Comarcal de Blanes\",\"url\":\"https:\\\/\\\/biblioteca.blanes.cat\\\/salajove\\\/\",\"logo\":{\"@type\":\"ImageObject\",\"inLanguage\":\"ca\",\"@id\":\"https:\\\/\\\/biblioteca.blanes.cat\\\/salajove\\\/#\\\/schema\\\/logo\\\/image\\\/\",\"url\":\"https:\\\/\\\/biblioteca.blanes.cat\\\/salajove\\\/wp-content\\\/uploads\\\/sites\\\/3\\\/2017\\\/09\\\/cropped-Bib-blau-e1518869380535.png\",\"contentUrl\":\"https:\\\/\\\/biblioteca.blanes.cat\\\/salajove\\\/wp-content\\\/uploads\\\/sites\\\/3\\\/2017\\\/09\\\/cropped-Bib-blau-e1518869380535.png\",\"width\":166,\"height\":166,\"caption\":\"Biblioteca Comarcal de Blanes\"},\"image\":{\"@id\":\"https:\\\/\\\/biblioteca.blanes.cat\\\/salajove\\\/#\\\/schema\\\/logo\\\/image\\\/\"},\"sameAs\":[\"https:\\\/\\\/www.facebook.com\\\/BilbiotecaComarcaldeBlanes\\\/\",\"https:\\\/\\\/x.com\\\/BiblioBlanes\",\"https:\\\/\\\/www.instagram.com\\\/biblioblanes\\\/\",\"https:\\\/\\\/www.pinterest.es\\\/bblanes\\\/\",\"https:\\\/\\\/www.youtube.com\\\/c\\\/BibliotecaComarcalBlanes\"]},{\"@type\":\"Person\",\"@id\":\"https:\\\/\\\/biblioteca.blanes.cat\\\/salajove\\\/#\\\/schema\\\/person\\\/5a7b46760d9dd611d098bbf571a341dc\",\"name\":\"biblioblanes\",\"image\":{\"@type\":\"ImageObject\",\"inLanguage\":\"ca\",\"@id\":\"https:\\\/\\\/secure.gravatar.com\\\/avatar\\\/6593ca6cc90e5a70939f51c95e8315483b9c281bafba597292bee47992030f99?s=96&d=mm&r=g\",\"url\":\"https:\\\/\\\/secure.gravatar.com\\\/avatar\\\/6593ca6cc90e5a70939f51c95e8315483b9c281bafba597292bee47992030f99?s=96&d=mm&r=g\",\"contentUrl\":\"https:\\\/\\\/secure.gravatar.com\\\/avatar\\\/6593ca6cc90e5a70939f51c95e8315483b9c281bafba597292bee47992030f99?s=96&d=mm&r=g\",\"caption\":\"biblioblanes\"},\"sameAs\":[\"http:\\\/\\\/www.bibgirona.cat\\\/biblioteca\\\/blanes\",\"https:\\\/\\\/x.com\\\/biblioblanes\"],\"url\":\"https:\\\/\\\/biblioteca.blanes.cat\\\/salajove\\\/author\\\/biblioblanes\\\/\"}]}<\/script>\n<!-- \/ Yoast SEO plugin. -->","yoast_head_json":{"title":"7\u00e8 Aniversari de la Biblioteca Jove - Sala Jove","robots":{"index":"index","follow":"follow","max-snippet":"max-snippet:-1","max-image-preview":"max-image-preview:large","max-video-preview":"max-video-preview:-1"},"canonical":"https:\/\/biblioteca.blanes.cat\/salajove\/2021\/02\/01\/7e-aniversari-de-la-biblioteca-jove-2\/","og_locale":"ca_ES","og_type":"article","og_title":"7\u00e8 Aniversari de la Biblioteca Jove - Sala Jove","og_description":"Bona tarda joves! Divendres 29 de gener vam celebrar el 7\u00e8 aniversari de la Biblioteca Jove. Amb una programaci\u00f3 molt especial on tamb\u00e9 es va fer entrega dels premis del XII concurs literari Boller\u00e9. Va ser una tarda molt emotiva.","og_url":"https:\/\/biblioteca.blanes.cat\/salajove\/2021\/02\/01\/7e-aniversari-de-la-biblioteca-jove-2\/","og_site_name":"Sala Jove","article_publisher":"https:\/\/www.facebook.com\/BilbiotecaComarcaldeBlanes\/","article_published_time":"2021-02-01T17:01:18+00:00","article_modified_time":"2021-02-03T13:01:54+00:00","og_image":[{"width":965,"height":1099,"url":"https:\/\/biblioteca.blanes.cat\/salajove\/wp-content\/uploads\/sites\/3\/2021\/02\/Aniversari-Biblioteca-Jove-gener-2.jpg","type":"image\/jpeg"}],"author":"biblioblanes","twitter_card":"summary_large_image","twitter_creator":"@biblioblanes","twitter_site":"@BiblioBlanes","twitter_misc":{"Escrit per":"biblioblanes","Temps estimat de lectura":"2 minuts"},"schema":{"@context":"https:\/\/schema.org","@graph":[{"@type":"Article","@id":"https:\/\/biblioteca.blanes.cat\/salajove\/2021\/02\/01\/7e-aniversari-de-la-biblioteca-jove-2\/#article","isPartOf":{"@id":"https:\/\/biblioteca.blanes.cat\/salajove\/2021\/02\/01\/7e-aniversari-de-la-biblioteca-jove-2\/"},"author":{"name":"biblioblanes","@id":"https:\/\/biblioteca.blanes.cat\/salajove\/#\/schema\/person\/5a7b46760d9dd611d098bbf571a341dc"},"headline":"7\u00e8 Aniversari de la Biblioteca Jove","datePublished":"2021-02-01T17:01:18+00:00","dateModified":"2021-02-03T13:01:54+00:00","mainEntityOfPage":{"@id":"https:\/\/biblioteca.blanes.cat\/salajove\/2021\/02\/01\/7e-aniversari-de-la-biblioteca-jove-2\/"},"wordCount":207,"commentCount":0,"publisher":{"@id":"https:\/\/biblioteca.blanes.cat\/salajove\/#organization"},"image":{"@id":"https:\/\/biblioteca.blanes.cat\/salajove\/2021\/02\/01\/7e-aniversari-de-la-biblioteca-jove-2\/#primaryimage"},"thumbnailUrl":"https:\/\/biblioteca.blanes.cat\/salajove\/wp-content\/uploads\/sites\/3\/2021\/02\/Aniversari-Biblioteca-Jove-gener-2.jpg","keywords":["#Activitats #Actualitat #Joves","#Lectura","#Literatura"],"articleSection":["AGENDA"],"inLanguage":"ca","potentialAction":[{"@type":"CommentAction","name":"Comment","target":["https:\/\/biblioteca.blanes.cat\/salajove\/2021\/02\/01\/7e-aniversari-de-la-biblioteca-jove-2\/#respond"]}]},{"@type":"WebPage","@id":"https:\/\/biblioteca.blanes.cat\/salajove\/2021\/02\/01\/7e-aniversari-de-la-biblioteca-jove-2\/","url":"https:\/\/biblioteca.blanes.cat\/salajove\/2021\/02\/01\/7e-aniversari-de-la-biblioteca-jove-2\/","name":"7\u00e8 Aniversari de la Biblioteca Jove - Sala Jove","isPartOf":{"@id":"https:\/\/biblioteca.blanes.cat\/salajove\/#website"},"primaryImageOfPage":{"@id":"https:\/\/biblioteca.blanes.cat\/salajove\/2021\/02\/01\/7e-aniversari-de-la-biblioteca-jove-2\/#primaryimage"},"image":{"@id":"https:\/\/biblioteca.blanes.cat\/salajove\/2021\/02\/01\/7e-aniversari-de-la-biblioteca-jove-2\/#primaryimage"},"thumbnailUrl":"https:\/\/biblioteca.blanes.cat\/salajove\/wp-content\/uploads\/sites\/3\/2021\/02\/Aniversari-Biblioteca-Jove-gener-2.jpg","datePublished":"2021-02-01T17:01:18+00:00","dateModified":"2021-02-03T13:01:54+00:00","breadcrumb":{"@id":"https:\/\/biblioteca.blanes.cat\/salajove\/2021\/02\/01\/7e-aniversari-de-la-biblioteca-jove-2\/#breadcrumb"},"inLanguage":"ca","potentialAction":[{"@type":"ReadAction","target":["https:\/\/biblioteca.blanes.cat\/salajove\/2021\/02\/01\/7e-aniversari-de-la-biblioteca-jove-2\/"]}]},{"@type":"ImageObject","inLanguage":"ca","@id":"https:\/\/biblioteca.blanes.cat\/salajove\/2021\/02\/01\/7e-aniversari-de-la-biblioteca-jove-2\/#primaryimage","url":"https:\/\/biblioteca.blanes.cat\/salajove\/wp-content\/uploads\/sites\/3\/2021\/02\/Aniversari-Biblioteca-Jove-gener-2.jpg","contentUrl":"https:\/\/biblioteca.blanes.cat\/salajove\/wp-content\/uploads\/sites\/3\/2021\/02\/Aniversari-Biblioteca-Jove-gener-2.jpg","width":965,"height":1099},{"@type":"BreadcrumbList","@id":"https:\/\/biblioteca.blanes.cat\/salajove\/2021\/02\/01\/7e-aniversari-de-la-biblioteca-jove-2\/#breadcrumb","itemListElement":[{"@type":"ListItem","position":1,"name":"Inici","item":"https:\/\/biblioteca.blanes.cat\/salajove\/"},{"@type":"ListItem","position":2,"name":"7\u00e8 Aniversari de la Biblioteca Jove"}]},{"@type":"WebSite","@id":"https:\/\/biblioteca.blanes.cat\/salajove\/#website","url":"https:\/\/biblioteca.blanes.cat\/salajove\/","name":"Sala Jove","description":"Biblioteca Comarcal de Blanes","publisher":{"@id":"https:\/\/biblioteca.blanes.cat\/salajove\/#organization"},"potentialAction":[{"@type":"SearchAction","target":{"@type":"EntryPoint","urlTemplate":"https:\/\/biblioteca.blanes.cat\/salajove\/?s={search_term_string}"},"query-input":{"@type":"PropertyValueSpecification","valueRequired":true,"valueName":"search_term_string"}}],"inLanguage":"ca"},{"@type":"Organization","@id":"https:\/\/biblioteca.blanes.cat\/salajove\/#organization","name":"Biblioteca Comarcal de Blanes","url":"https:\/\/biblioteca.blanes.cat\/salajove\/","logo":{"@type":"ImageObject","inLanguage":"ca","@id":"https:\/\/biblioteca.blanes.cat\/salajove\/#\/schema\/logo\/image\/","url":"https:\/\/biblioteca.blanes.cat\/salajove\/wp-content\/uploads\/sites\/3\/2017\/09\/cropped-Bib-blau-e1518869380535.png","contentUrl":"https:\/\/biblioteca.blanes.cat\/salajove\/wp-content\/uploads\/sites\/3\/2017\/09\/cropped-Bib-blau-e1518869380535.png","width":166,"height":166,"caption":"Biblioteca Comarcal de Blanes"},"image":{"@id":"https:\/\/biblioteca.blanes.cat\/salajove\/#\/schema\/logo\/image\/"},"sameAs":["https:\/\/www.facebook.com\/BilbiotecaComarcaldeBlanes\/","https:\/\/x.com\/BiblioBlanes","https:\/\/www.instagram.com\/biblioblanes\/","https:\/\/www.pinterest.es\/bblanes\/","https:\/\/www.youtube.com\/c\/BibliotecaComarcalBlanes"]},{"@type":"Person","@id":"https:\/\/biblioteca.blanes.cat\/salajove\/#\/schema\/person\/5a7b46760d9dd611d098bbf571a341dc","name":"biblioblanes","image":{"@type":"ImageObject","inLanguage":"ca","@id":"https:\/\/secure.gravatar.com\/avatar\/6593ca6cc90e5a70939f51c95e8315483b9c281bafba597292bee47992030f99?s=96&d=mm&r=g","url":"https:\/\/secure.gravatar.com\/avatar\/6593ca6cc90e5a70939f51c95e8315483b9c281bafba597292bee47992030f99?s=96&d=mm&r=g","contentUrl":"https:\/\/secure.gravatar.com\/avatar\/6593ca6cc90e5a70939f51c95e8315483b9c281bafba597292bee47992030f99?s=96&d=mm&r=g","caption":"biblioblanes"},"sameAs":["http:\/\/www.bibgirona.cat\/biblioteca\/blanes","https:\/\/x.com\/biblioblanes"],"url":"https:\/\/biblioteca.blanes.cat\/salajove\/author\/biblioblanes\/"}]}},"_links":{"self":[{"href":"https:\/\/biblioteca.blanes.cat\/salajove\/wp-json\/wp\/v2\/posts\/5125","targetHints":{"allow":["GET"]}}],"collection":[{"href":"https:\/\/biblioteca.blanes.cat\/salajove\/wp-json\/wp\/v2\/posts"}],"about":[{"href":"https:\/\/biblioteca.blanes.cat\/salajove\/wp-json\/wp\/v2\/types\/post"}],"author":[{"embeddable":true,"href":"https:\/\/biblioteca.blanes.cat\/salajove\/wp-json\/wp\/v2\/users\/4"}],"replies":[{"embeddable":true,"href":"https:\/\/biblioteca.blanes.cat\/salajove\/wp-json\/wp\/v2\/comments?post=5125"}],"version-history":[{"count":11,"href":"https:\/\/biblioteca.blanes.cat\/salajove\/wp-json\/wp\/v2\/posts\/5125\/revisions"}],"predecessor-version":[{"id":5146,"href":"https:\/\/biblioteca.blanes.cat\/salajove\/wp-json\/wp\/v2\/posts\/5125\/revisions\/5146"}],"wp:featuredmedia":[{"embeddable":true,"href":"https:\/\/biblioteca.blanes.cat\/salajove\/wp-json\/wp\/v2\/media\/5132"}],"wp:attachment":[{"href":"https:\/\/biblioteca.blanes.cat\/salajove\/wp-json\/wp\/v2\/media?parent=5125"}],"wp:term":[{"taxonomy":"category","embeddable":true,"href":"https:\/\/biblioteca.blanes.cat\/salajove\/wp-json\/wp\/v2\/categories?post=5125"},{"taxonomy":"post_tag","embeddable":true,"href":"https:\/\/biblioteca.blanes.cat\/salajove\/wp-json\/wp\/v2\/tags?post=5125"}],"curies":[{"name":"wp","href":"https:\/\/api.w.org\/{rel}","templated":true}]}}