{"id":463,"date":"2017-11-27T11:52:50","date_gmt":"2017-11-27T10:52:50","guid":{"rendered":"https:\/\/biblioteca.blanes.cat\/salajove\/?p=463"},"modified":"2018-11-09T18:54:33","modified_gmt":"2018-11-09T17:54:33","slug":"clj-novembre-2017","status":"publish","type":"post","link":"https:\/\/biblioteca.blanes.cat\/salajove\/2017\/11\/27\/clj-novembre-2017\/","title":{"rendered":"CLJ: Novembre 2017"},"content":{"rendered":"<h2 style=\"text-align: justify;\">Els participants del nostre club recomanen aquest llibre a lectors interessats en la tecnologia.<\/h2>\n<p style=\"text-align: justify;\">\u00a0<\/p>\n<p style=\"text-align: justify;\"><img fetchpriority=\"high\" decoding=\"async\" class=\"alignleft wp-image-466 size-medium\" src=\"https:\/\/biblioteca.blanes.cat\/salajove\/wp-content\/uploads\/sites\/3\/2017\/11\/BiblioBlanesCLJ_Novembre2017-3-300x300.png\" alt=\"CLJ Atrapats a la xarxa\" width=\"300\" height=\"300\" srcset=\"https:\/\/biblioteca.blanes.cat\/salajove\/wp-content\/uploads\/sites\/3\/2017\/11\/BiblioBlanesCLJ_Novembre2017-3-300x300.png 300w, https:\/\/biblioteca.blanes.cat\/salajove\/wp-content\/uploads\/sites\/3\/2017\/11\/BiblioBlanesCLJ_Novembre2017-3-150x150.png 150w, https:\/\/biblioteca.blanes.cat\/salajove\/wp-content\/uploads\/sites\/3\/2017\/11\/BiblioBlanesCLJ_Novembre2017-3-768x768.png 768w, https:\/\/biblioteca.blanes.cat\/salajove\/wp-content\/uploads\/sites\/3\/2017\/11\/BiblioBlanesCLJ_Novembre2017-3-270x270.png 270w, https:\/\/biblioteca.blanes.cat\/salajove\/wp-content\/uploads\/sites\/3\/2017\/11\/BiblioBlanesCLJ_Novembre2017-3-230x230.png 230w, https:\/\/biblioteca.blanes.cat\/salajove\/wp-content\/uploads\/sites\/3\/2017\/11\/BiblioBlanesCLJ_Novembre2017-3.png 1000w\" sizes=\"(max-width: 300px) 100vw, 300px\" \/>Divendres, a la trobada del Club de Lectura Juvenil v\u00e0rem comentar el llibre <em><strong>Atrapats a la Xarxa<\/strong><\/em> de l\u2019escriptora <span class=\"nom\"><strong>Michelle Gagnon<\/strong><\/span>.<\/p>\n<p style=\"text-align: justify;\">El llibre ambientat a la ciutat de Boston \u00e9s una novel\u00b7la d&#8217;intriga on els protagonistes corren\u00a0i circulen per sota del sistema per no ser detectats i capturats, al mateix temps que intenten boicotejar un experiment il\u00b7legal que duen a terme amb persones humanes.<\/p>\n<p style=\"text-align: justify;\">Els nois i noies del CLJ han discrepat en la valoraci\u00f3 d&#8217;aquesta lectura. N&#8217;hi ha a qui li ha agradat i ho ha trobat entretingut per\u00f2 tamb\u00e9 a qui se li ha fet llarg i no li ha agradat.<\/p>\n<p style=\"text-align: justify;\">\u00c9s un t\u00edtol que recomanarien a persones que els hi agradi i l&#8217;interessi el m\u00f3n de la tecnologia i en particular la programaci\u00f3. Les seves impressions sobre aquesta novel\u00b7la juvenil han estat:<\/p>\n<p style=\"text-align: justify;\">\u00a0<\/p>\n<blockquote>\n<p><em>&#8220;Molt bona hist\u00f2ria.&#8221;<\/em><\/p>\n<p><em>&#8220;Era avorrit i no era enganx\u00f3s.&#8221;<\/em><\/p>\n<p><em>&#8220;\u00c9ste libro me gusta mucho.&#8221;<\/em><\/p>\n<p><em>&#8220;M&#8217;ha semblat una mica avorrit tot i que no he pogut acabar de llegir-lo.&#8221;<\/em><\/p>\n<p><em>&#8220;Una mica avorrit al comen\u00e7ament per\u00f2 despr\u00e9s la intriga m&#8217;ha enganxat.&#8221;<\/em><\/p>\n<\/blockquote>\n<p style=\"text-align: justify;\">\u00a0<\/p>\n<h2 style=\"text-align: justify;\">El comentari d&#8217;aquest llibre ens ha donat peu a comentar temes diversos com per exemple qu\u00e8 en sabem sobre els <strong>hackers<\/strong> i sobre les <strong>cases d&#8217;acollida<\/strong>.<\/h2>\n<p style=\"text-align: justify;\">Hem fet una mica de recerca i hem trobat que segons la <a href=\"https:\/\/ca.wikipedia.org\/wiki\/Furoner\" target=\"_blank\" rel=\"noopener\">Viquip\u00e8dia<\/a> un <strong>furoner\/a<\/strong> (de l&#8217;angl\u00e8s hacker) \u00e9s una persona que te gran coneixement de les xarxes i els sistemes inform\u00e0tics. Pot introduir-se en un sistema inform\u00e0tic, sigui de manera legal o il\u00b7legal per a exhibir les seves habilitats. Es distingeix del\u00a0<a href=\"https:\/\/ca.wikipedia.org\/wiki\/Pirata_inform%C3%A0tic\">pirata inform\u00e0tic<\/a>\u00a0perqu\u00e8 aquest segon opera amb \u00e0nim criminal.<\/p>\n<p style=\"text-align: justify;\">Sobre els <strong>Centres d&#8217;acollida<\/strong> hem no ens hav\u00edem plantejat mai la seva exist\u00e8ncia de la manera en que ho descriu el llibre, en canvi si que hem sentit a parlar dels <b>Centres de Menors.<\/b> La difer\u00e8ncia entre uns i altres \u00e9s que els primers son centres residencials als menors de 18 anys que per motius diversos s&#8217;han de separar dels seus pares, en canvi el segon \u00e9s un centre on un jutge decideix que ha d&#8217;anar un menor que ha infringit la llei.<b><br \/>\n <\/b><\/p>\n<p style=\"text-align: justify;\">\u00a0<\/p>\n<p><img decoding=\"async\" class=\"aligncenter wp-image-378 size-large\" src=\"https:\/\/biblioteca.blanes.cat\/salajove\/wp-content\/uploads\/sites\/3\/2017\/10\/Slide-Ressenyes-Paula-1024x124.png\" alt=\"\" width=\"750\" height=\"91\" srcset=\"https:\/\/biblioteca.blanes.cat\/salajove\/wp-content\/uploads\/sites\/3\/2017\/10\/Slide-Ressenyes-Paula-1024x124.png 1024w, https:\/\/biblioteca.blanes.cat\/salajove\/wp-content\/uploads\/sites\/3\/2017\/10\/Slide-Ressenyes-Paula-300x36.png 300w, https:\/\/biblioteca.blanes.cat\/salajove\/wp-content\/uploads\/sites\/3\/2017\/10\/Slide-Ressenyes-Paula-768x93.png 768w\" sizes=\"(max-width: 750px) 100vw, 750px\" \/><\/p>\n<p>&nbsp;<\/p>\n","protected":false},"excerpt":{"rendered":"<p>Els participants del nostre club recomanen aquest llibre a lectors interessats en la tecnologia. \u00a0 Divendres, a la trobada del Club de Lectura Juvenil v\u00e0rem comentar el llibre Atrapats a la Xarxa de l\u2019escriptora Michelle Gagnon. El llibre ambientat a<\/p>\n","protected":false},"author":4,"featured_media":291,"comment_status":"open","ping_status":"open","sticky":false,"template":"","format":"standard","meta":{"sfsi_plus_gutenberg_text_before_share":"","sfsi_plus_gutenberg_show_text_before_share":"","sfsi_plus_gutenberg_icon_type":"","sfsi_plus_gutenberg_icon_alignemt":"","sfsi_plus_gutenburg_max_per_row":"","footnotes":""},"categories":[5],"tags":[24,29,26,21],"class_list":["post-463","post","type-post","status-publish","format-standard","has-post-thumbnail","hentry","category-club-de-lectura","tag-activitats","tag-club-de-lectura","tag-lectura","tag-llibres"],"yoast_head":"<!-- This site is optimized with the Yoast SEO plugin v27.5 - https:\/\/yoast.com\/product\/yoast-seo-wordpress\/ -->\n<title>CLJ Atrapats a la Xarxa de l\u2019escriptora Michelle Gagnon.<\/title>\n<meta name=\"description\" content=\"CLJ Atrapats a la xarxa. Els participants del nostre club recomanen aquest llibre a lectors interessats en la tecnologia.\" \/>\n<meta name=\"robots\" content=\"index, follow, max-snippet:-1, max-image-preview:large, max-video-preview:-1\" \/>\n<link rel=\"canonical\" href=\"https:\/\/biblioteca.blanes.cat\/salajove\/2017\/11\/27\/clj-novembre-2017\/\" \/>\n<meta property=\"og:locale\" content=\"ca_ES\" \/>\n<meta property=\"og:type\" content=\"article\" \/>\n<meta property=\"og:title\" content=\"CLJ Atrapats a la Xarxa de l\u2019escriptora Michelle Gagnon.\" \/>\n<meta property=\"og:description\" content=\"CLJ Atrapats a la xarxa. Els participants del nostre club recomanen aquest llibre a lectors interessats en la tecnologia.\" \/>\n<meta property=\"og:url\" content=\"https:\/\/biblioteca.blanes.cat\/salajove\/2017\/11\/27\/clj-novembre-2017\/\" \/>\n<meta property=\"og:site_name\" content=\"Sala Jove\" \/>\n<meta property=\"article:publisher\" content=\"https:\/\/www.facebook.com\/BilbiotecaComarcaldeBlanes\/\" \/>\n<meta property=\"article:published_time\" content=\"2017-11-27T10:52:50+00:00\" \/>\n<meta property=\"article:modified_time\" content=\"2018-11-09T17:54:33+00:00\" \/>\n<meta property=\"og:image\" content=\"https:\/\/biblioteca.blanes.cat\/salajove\/wp-content\/uploads\/sites\/3\/2017\/10\/CLJ.png\" \/>\n\t<meta property=\"og:image:width\" content=\"1487\" \/>\n\t<meta property=\"og:image:height\" content=\"906\" \/>\n\t<meta property=\"og:image:type\" content=\"image\/png\" \/>\n<meta name=\"author\" content=\"biblioblanes\" \/>\n<meta name=\"twitter:card\" content=\"summary_large_image\" \/>\n<meta name=\"twitter:creator\" content=\"@biblioblanes\" \/>\n<meta name=\"twitter:site\" content=\"@BiblioBlanes\" \/>\n<meta name=\"twitter:label1\" content=\"Escrit per\" \/>\n\t<meta name=\"twitter:data1\" content=\"biblioblanes\" \/>\n\t<meta name=\"twitter:label2\" content=\"Temps estimat de lectura\" \/>\n\t<meta name=\"twitter:data2\" content=\"2 minuts\" \/>\n<script type=\"application\/ld+json\" class=\"yoast-schema-graph\">{\"@context\":\"https:\\\/\\\/schema.org\",\"@graph\":[{\"@type\":\"Article\",\"@id\":\"https:\\\/\\\/biblioteca.blanes.cat\\\/salajove\\\/2017\\\/11\\\/27\\\/clj-novembre-2017\\\/#article\",\"isPartOf\":{\"@id\":\"https:\\\/\\\/biblioteca.blanes.cat\\\/salajove\\\/2017\\\/11\\\/27\\\/clj-novembre-2017\\\/\"},\"author\":{\"name\":\"biblioblanes\",\"@id\":\"https:\\\/\\\/biblioteca.blanes.cat\\\/salajove\\\/#\\\/schema\\\/person\\\/5a7b46760d9dd611d098bbf571a341dc\"},\"headline\":\"CLJ: Novembre 2017\",\"datePublished\":\"2017-11-27T10:52:50+00:00\",\"dateModified\":\"2018-11-09T17:54:33+00:00\",\"mainEntityOfPage\":{\"@id\":\"https:\\\/\\\/biblioteca.blanes.cat\\\/salajove\\\/2017\\\/11\\\/27\\\/clj-novembre-2017\\\/\"},\"wordCount\":395,\"commentCount\":0,\"publisher\":{\"@id\":\"https:\\\/\\\/biblioteca.blanes.cat\\\/salajove\\\/#organization\"},\"image\":{\"@id\":\"https:\\\/\\\/biblioteca.blanes.cat\\\/salajove\\\/2017\\\/11\\\/27\\\/clj-novembre-2017\\\/#primaryimage\"},\"thumbnailUrl\":\"https:\\\/\\\/biblioteca.blanes.cat\\\/salajove\\\/wp-content\\\/uploads\\\/sites\\\/3\\\/2017\\\/10\\\/CLJ.png\",\"keywords\":[\"#Activitats\",\"#ClubdeLectura\",\"#Lectura\",\"#Llibres\"],\"articleSection\":[\"Club de Lectura\"],\"inLanguage\":\"ca\",\"potentialAction\":[{\"@type\":\"CommentAction\",\"name\":\"Comment\",\"target\":[\"https:\\\/\\\/biblioteca.blanes.cat\\\/salajove\\\/2017\\\/11\\\/27\\\/clj-novembre-2017\\\/#respond\"]}]},{\"@type\":\"WebPage\",\"@id\":\"https:\\\/\\\/biblioteca.blanes.cat\\\/salajove\\\/2017\\\/11\\\/27\\\/clj-novembre-2017\\\/\",\"url\":\"https:\\\/\\\/biblioteca.blanes.cat\\\/salajove\\\/2017\\\/11\\\/27\\\/clj-novembre-2017\\\/\",\"name\":\"CLJ Atrapats a la Xarxa de l\u2019escriptora Michelle Gagnon.\",\"isPartOf\":{\"@id\":\"https:\\\/\\\/biblioteca.blanes.cat\\\/salajove\\\/#website\"},\"primaryImageOfPage\":{\"@id\":\"https:\\\/\\\/biblioteca.blanes.cat\\\/salajove\\\/2017\\\/11\\\/27\\\/clj-novembre-2017\\\/#primaryimage\"},\"image\":{\"@id\":\"https:\\\/\\\/biblioteca.blanes.cat\\\/salajove\\\/2017\\\/11\\\/27\\\/clj-novembre-2017\\\/#primaryimage\"},\"thumbnailUrl\":\"https:\\\/\\\/biblioteca.blanes.cat\\\/salajove\\\/wp-content\\\/uploads\\\/sites\\\/3\\\/2017\\\/10\\\/CLJ.png\",\"datePublished\":\"2017-11-27T10:52:50+00:00\",\"dateModified\":\"2018-11-09T17:54:33+00:00\",\"description\":\"CLJ Atrapats a la xarxa. Els participants del nostre club recomanen aquest llibre a lectors interessats en la tecnologia.\",\"breadcrumb\":{\"@id\":\"https:\\\/\\\/biblioteca.blanes.cat\\\/salajove\\\/2017\\\/11\\\/27\\\/clj-novembre-2017\\\/#breadcrumb\"},\"inLanguage\":\"ca\",\"potentialAction\":[{\"@type\":\"ReadAction\",\"target\":[\"https:\\\/\\\/biblioteca.blanes.cat\\\/salajove\\\/2017\\\/11\\\/27\\\/clj-novembre-2017\\\/\"]}]},{\"@type\":\"ImageObject\",\"inLanguage\":\"ca\",\"@id\":\"https:\\\/\\\/biblioteca.blanes.cat\\\/salajove\\\/2017\\\/11\\\/27\\\/clj-novembre-2017\\\/#primaryimage\",\"url\":\"https:\\\/\\\/biblioteca.blanes.cat\\\/salajove\\\/wp-content\\\/uploads\\\/sites\\\/3\\\/2017\\\/10\\\/CLJ.png\",\"contentUrl\":\"https:\\\/\\\/biblioteca.blanes.cat\\\/salajove\\\/wp-content\\\/uploads\\\/sites\\\/3\\\/2017\\\/10\\\/CLJ.png\",\"width\":1487,\"height\":906},{\"@type\":\"BreadcrumbList\",\"@id\":\"https:\\\/\\\/biblioteca.blanes.cat\\\/salajove\\\/2017\\\/11\\\/27\\\/clj-novembre-2017\\\/#breadcrumb\",\"itemListElement\":[{\"@type\":\"ListItem\",\"position\":1,\"name\":\"Inici\",\"item\":\"https:\\\/\\\/biblioteca.blanes.cat\\\/salajove\\\/\"},{\"@type\":\"ListItem\",\"position\":2,\"name\":\"CLJ: Novembre 2017\"}]},{\"@type\":\"WebSite\",\"@id\":\"https:\\\/\\\/biblioteca.blanes.cat\\\/salajove\\\/#website\",\"url\":\"https:\\\/\\\/biblioteca.blanes.cat\\\/salajove\\\/\",\"name\":\"Sala Jove\",\"description\":\"Biblioteca Comarcal de Blanes\",\"publisher\":{\"@id\":\"https:\\\/\\\/biblioteca.blanes.cat\\\/salajove\\\/#organization\"},\"potentialAction\":[{\"@type\":\"SearchAction\",\"target\":{\"@type\":\"EntryPoint\",\"urlTemplate\":\"https:\\\/\\\/biblioteca.blanes.cat\\\/salajove\\\/?s={search_term_string}\"},\"query-input\":{\"@type\":\"PropertyValueSpecification\",\"valueRequired\":true,\"valueName\":\"search_term_string\"}}],\"inLanguage\":\"ca\"},{\"@type\":\"Organization\",\"@id\":\"https:\\\/\\\/biblioteca.blanes.cat\\\/salajove\\\/#organization\",\"name\":\"Biblioteca Comarcal de Blanes\",\"url\":\"https:\\\/\\\/biblioteca.blanes.cat\\\/salajove\\\/\",\"logo\":{\"@type\":\"ImageObject\",\"inLanguage\":\"ca\",\"@id\":\"https:\\\/\\\/biblioteca.blanes.cat\\\/salajove\\\/#\\\/schema\\\/logo\\\/image\\\/\",\"url\":\"https:\\\/\\\/biblioteca.blanes.cat\\\/salajove\\\/wp-content\\\/uploads\\\/sites\\\/3\\\/2017\\\/09\\\/cropped-Bib-blau-e1518869380535.png\",\"contentUrl\":\"https:\\\/\\\/biblioteca.blanes.cat\\\/salajove\\\/wp-content\\\/uploads\\\/sites\\\/3\\\/2017\\\/09\\\/cropped-Bib-blau-e1518869380535.png\",\"width\":166,\"height\":166,\"caption\":\"Biblioteca Comarcal de Blanes\"},\"image\":{\"@id\":\"https:\\\/\\\/biblioteca.blanes.cat\\\/salajove\\\/#\\\/schema\\\/logo\\\/image\\\/\"},\"sameAs\":[\"https:\\\/\\\/www.facebook.com\\\/BilbiotecaComarcaldeBlanes\\\/\",\"https:\\\/\\\/x.com\\\/BiblioBlanes\",\"https:\\\/\\\/www.instagram.com\\\/biblioblanes\\\/\",\"https:\\\/\\\/www.pinterest.es\\\/bblanes\\\/\",\"https:\\\/\\\/www.youtube.com\\\/c\\\/BibliotecaComarcalBlanes\"]},{\"@type\":\"Person\",\"@id\":\"https:\\\/\\\/biblioteca.blanes.cat\\\/salajove\\\/#\\\/schema\\\/person\\\/5a7b46760d9dd611d098bbf571a341dc\",\"name\":\"biblioblanes\",\"image\":{\"@type\":\"ImageObject\",\"inLanguage\":\"ca\",\"@id\":\"https:\\\/\\\/secure.gravatar.com\\\/avatar\\\/6593ca6cc90e5a70939f51c95e8315483b9c281bafba597292bee47992030f99?s=96&d=mm&r=g\",\"url\":\"https:\\\/\\\/secure.gravatar.com\\\/avatar\\\/6593ca6cc90e5a70939f51c95e8315483b9c281bafba597292bee47992030f99?s=96&d=mm&r=g\",\"contentUrl\":\"https:\\\/\\\/secure.gravatar.com\\\/avatar\\\/6593ca6cc90e5a70939f51c95e8315483b9c281bafba597292bee47992030f99?s=96&d=mm&r=g\",\"caption\":\"biblioblanes\"},\"sameAs\":[\"http:\\\/\\\/www.bibgirona.cat\\\/biblioteca\\\/blanes\",\"https:\\\/\\\/x.com\\\/biblioblanes\"],\"url\":\"https:\\\/\\\/biblioteca.blanes.cat\\\/salajove\\\/author\\\/biblioblanes\\\/\"}]}<\/script>\n<!-- \/ Yoast SEO plugin. -->","yoast_head_json":{"title":"CLJ Atrapats a la Xarxa de l\u2019escriptora Michelle Gagnon.","description":"CLJ Atrapats a la xarxa. Els participants del nostre club recomanen aquest llibre a lectors interessats en la tecnologia.","robots":{"index":"index","follow":"follow","max-snippet":"max-snippet:-1","max-image-preview":"max-image-preview:large","max-video-preview":"max-video-preview:-1"},"canonical":"https:\/\/biblioteca.blanes.cat\/salajove\/2017\/11\/27\/clj-novembre-2017\/","og_locale":"ca_ES","og_type":"article","og_title":"CLJ Atrapats a la Xarxa de l\u2019escriptora Michelle Gagnon.","og_description":"CLJ Atrapats a la xarxa. Els participants del nostre club recomanen aquest llibre a lectors interessats en la tecnologia.","og_url":"https:\/\/biblioteca.blanes.cat\/salajove\/2017\/11\/27\/clj-novembre-2017\/","og_site_name":"Sala Jove","article_publisher":"https:\/\/www.facebook.com\/BilbiotecaComarcaldeBlanes\/","article_published_time":"2017-11-27T10:52:50+00:00","article_modified_time":"2018-11-09T17:54:33+00:00","og_image":[{"width":1487,"height":906,"url":"https:\/\/biblioteca.blanes.cat\/salajove\/wp-content\/uploads\/sites\/3\/2017\/10\/CLJ.png","type":"image\/png"}],"author":"biblioblanes","twitter_card":"summary_large_image","twitter_creator":"@biblioblanes","twitter_site":"@BiblioBlanes","twitter_misc":{"Escrit per":"biblioblanes","Temps estimat de lectura":"2 minuts"},"schema":{"@context":"https:\/\/schema.org","@graph":[{"@type":"Article","@id":"https:\/\/biblioteca.blanes.cat\/salajove\/2017\/11\/27\/clj-novembre-2017\/#article","isPartOf":{"@id":"https:\/\/biblioteca.blanes.cat\/salajove\/2017\/11\/27\/clj-novembre-2017\/"},"author":{"name":"biblioblanes","@id":"https:\/\/biblioteca.blanes.cat\/salajove\/#\/schema\/person\/5a7b46760d9dd611d098bbf571a341dc"},"headline":"CLJ: Novembre 2017","datePublished":"2017-11-27T10:52:50+00:00","dateModified":"2018-11-09T17:54:33+00:00","mainEntityOfPage":{"@id":"https:\/\/biblioteca.blanes.cat\/salajove\/2017\/11\/27\/clj-novembre-2017\/"},"wordCount":395,"commentCount":0,"publisher":{"@id":"https:\/\/biblioteca.blanes.cat\/salajove\/#organization"},"image":{"@id":"https:\/\/biblioteca.blanes.cat\/salajove\/2017\/11\/27\/clj-novembre-2017\/#primaryimage"},"thumbnailUrl":"https:\/\/biblioteca.blanes.cat\/salajove\/wp-content\/uploads\/sites\/3\/2017\/10\/CLJ.png","keywords":["#Activitats","#ClubdeLectura","#Lectura","#Llibres"],"articleSection":["Club de Lectura"],"inLanguage":"ca","potentialAction":[{"@type":"CommentAction","name":"Comment","target":["https:\/\/biblioteca.blanes.cat\/salajove\/2017\/11\/27\/clj-novembre-2017\/#respond"]}]},{"@type":"WebPage","@id":"https:\/\/biblioteca.blanes.cat\/salajove\/2017\/11\/27\/clj-novembre-2017\/","url":"https:\/\/biblioteca.blanes.cat\/salajove\/2017\/11\/27\/clj-novembre-2017\/","name":"CLJ Atrapats a la Xarxa de l\u2019escriptora Michelle Gagnon.","isPartOf":{"@id":"https:\/\/biblioteca.blanes.cat\/salajove\/#website"},"primaryImageOfPage":{"@id":"https:\/\/biblioteca.blanes.cat\/salajove\/2017\/11\/27\/clj-novembre-2017\/#primaryimage"},"image":{"@id":"https:\/\/biblioteca.blanes.cat\/salajove\/2017\/11\/27\/clj-novembre-2017\/#primaryimage"},"thumbnailUrl":"https:\/\/biblioteca.blanes.cat\/salajove\/wp-content\/uploads\/sites\/3\/2017\/10\/CLJ.png","datePublished":"2017-11-27T10:52:50+00:00","dateModified":"2018-11-09T17:54:33+00:00","description":"CLJ Atrapats a la xarxa. Els participants del nostre club recomanen aquest llibre a lectors interessats en la tecnologia.","breadcrumb":{"@id":"https:\/\/biblioteca.blanes.cat\/salajove\/2017\/11\/27\/clj-novembre-2017\/#breadcrumb"},"inLanguage":"ca","potentialAction":[{"@type":"ReadAction","target":["https:\/\/biblioteca.blanes.cat\/salajove\/2017\/11\/27\/clj-novembre-2017\/"]}]},{"@type":"ImageObject","inLanguage":"ca","@id":"https:\/\/biblioteca.blanes.cat\/salajove\/2017\/11\/27\/clj-novembre-2017\/#primaryimage","url":"https:\/\/biblioteca.blanes.cat\/salajove\/wp-content\/uploads\/sites\/3\/2017\/10\/CLJ.png","contentUrl":"https:\/\/biblioteca.blanes.cat\/salajove\/wp-content\/uploads\/sites\/3\/2017\/10\/CLJ.png","width":1487,"height":906},{"@type":"BreadcrumbList","@id":"https:\/\/biblioteca.blanes.cat\/salajove\/2017\/11\/27\/clj-novembre-2017\/#breadcrumb","itemListElement":[{"@type":"ListItem","position":1,"name":"Inici","item":"https:\/\/biblioteca.blanes.cat\/salajove\/"},{"@type":"ListItem","position":2,"name":"CLJ: Novembre 2017"}]},{"@type":"WebSite","@id":"https:\/\/biblioteca.blanes.cat\/salajove\/#website","url":"https:\/\/biblioteca.blanes.cat\/salajove\/","name":"Sala Jove","description":"Biblioteca Comarcal de Blanes","publisher":{"@id":"https:\/\/biblioteca.blanes.cat\/salajove\/#organization"},"potentialAction":[{"@type":"SearchAction","target":{"@type":"EntryPoint","urlTemplate":"https:\/\/biblioteca.blanes.cat\/salajove\/?s={search_term_string}"},"query-input":{"@type":"PropertyValueSpecification","valueRequired":true,"valueName":"search_term_string"}}],"inLanguage":"ca"},{"@type":"Organization","@id":"https:\/\/biblioteca.blanes.cat\/salajove\/#organization","name":"Biblioteca Comarcal de Blanes","url":"https:\/\/biblioteca.blanes.cat\/salajove\/","logo":{"@type":"ImageObject","inLanguage":"ca","@id":"https:\/\/biblioteca.blanes.cat\/salajove\/#\/schema\/logo\/image\/","url":"https:\/\/biblioteca.blanes.cat\/salajove\/wp-content\/uploads\/sites\/3\/2017\/09\/cropped-Bib-blau-e1518869380535.png","contentUrl":"https:\/\/biblioteca.blanes.cat\/salajove\/wp-content\/uploads\/sites\/3\/2017\/09\/cropped-Bib-blau-e1518869380535.png","width":166,"height":166,"caption":"Biblioteca Comarcal de Blanes"},"image":{"@id":"https:\/\/biblioteca.blanes.cat\/salajove\/#\/schema\/logo\/image\/"},"sameAs":["https:\/\/www.facebook.com\/BilbiotecaComarcaldeBlanes\/","https:\/\/x.com\/BiblioBlanes","https:\/\/www.instagram.com\/biblioblanes\/","https:\/\/www.pinterest.es\/bblanes\/","https:\/\/www.youtube.com\/c\/BibliotecaComarcalBlanes"]},{"@type":"Person","@id":"https:\/\/biblioteca.blanes.cat\/salajove\/#\/schema\/person\/5a7b46760d9dd611d098bbf571a341dc","name":"biblioblanes","image":{"@type":"ImageObject","inLanguage":"ca","@id":"https:\/\/secure.gravatar.com\/avatar\/6593ca6cc90e5a70939f51c95e8315483b9c281bafba597292bee47992030f99?s=96&d=mm&r=g","url":"https:\/\/secure.gravatar.com\/avatar\/6593ca6cc90e5a70939f51c95e8315483b9c281bafba597292bee47992030f99?s=96&d=mm&r=g","contentUrl":"https:\/\/secure.gravatar.com\/avatar\/6593ca6cc90e5a70939f51c95e8315483b9c281bafba597292bee47992030f99?s=96&d=mm&r=g","caption":"biblioblanes"},"sameAs":["http:\/\/www.bibgirona.cat\/biblioteca\/blanes","https:\/\/x.com\/biblioblanes"],"url":"https:\/\/biblioteca.blanes.cat\/salajove\/author\/biblioblanes\/"}]}},"_links":{"self":[{"href":"https:\/\/biblioteca.blanes.cat\/salajove\/wp-json\/wp\/v2\/posts\/463","targetHints":{"allow":["GET"]}}],"collection":[{"href":"https:\/\/biblioteca.blanes.cat\/salajove\/wp-json\/wp\/v2\/posts"}],"about":[{"href":"https:\/\/biblioteca.blanes.cat\/salajove\/wp-json\/wp\/v2\/types\/post"}],"author":[{"embeddable":true,"href":"https:\/\/biblioteca.blanes.cat\/salajove\/wp-json\/wp\/v2\/users\/4"}],"replies":[{"embeddable":true,"href":"https:\/\/biblioteca.blanes.cat\/salajove\/wp-json\/wp\/v2\/comments?post=463"}],"version-history":[{"count":5,"href":"https:\/\/biblioteca.blanes.cat\/salajove\/wp-json\/wp\/v2\/posts\/463\/revisions"}],"predecessor-version":[{"id":2181,"href":"https:\/\/biblioteca.blanes.cat\/salajove\/wp-json\/wp\/v2\/posts\/463\/revisions\/2181"}],"wp:featuredmedia":[{"embeddable":true,"href":"https:\/\/biblioteca.blanes.cat\/salajove\/wp-json\/wp\/v2\/media\/291"}],"wp:attachment":[{"href":"https:\/\/biblioteca.blanes.cat\/salajove\/wp-json\/wp\/v2\/media?parent=463"}],"wp:term":[{"taxonomy":"category","embeddable":true,"href":"https:\/\/biblioteca.blanes.cat\/salajove\/wp-json\/wp\/v2\/categories?post=463"},{"taxonomy":"post_tag","embeddable":true,"href":"https:\/\/biblioteca.blanes.cat\/salajove\/wp-json\/wp\/v2\/tags?post=463"}],"curies":[{"name":"wp","href":"https:\/\/api.w.org\/{rel}","templated":true}]}}