{"id":456,"date":"2017-11-20T17:25:55","date_gmt":"2017-11-20T16:25:55","guid":{"rendered":"https:\/\/biblioteca.blanes.cat\/salajove\/?p=456"},"modified":"2018-06-29T10:48:16","modified_gmt":"2018-06-29T09:48:16","slug":"deu-contes-lombra-dun-monstre","status":"publish","type":"post","link":"https:\/\/biblioteca.blanes.cat\/salajove\/2017\/11\/20\/deu-contes-lombra-dun-monstre\/","title":{"rendered":"EXPOSICI\u00d3 &#8211; Deu contes a l&#8217;ombra d&#8217;un monstre"},"content":{"rendered":"<h2 style=\"text-align: center;\">&#8220;Deu contes que parlen en nom de deu personatges, amb deu personalitats diferents &#8230;&#8221;<\/h2>\n<p style=\"text-align: center;\"><iframe src=\"https:\/\/player.vimeo.com\/video\/105429677\" width=\"640\" height=\"360\" frameborder=\"0\" allowfullscreen=\"allowfullscreen\"><\/iframe><\/p>\n<p style=\"text-align: justify;\">Deu contes que parlen en nom de deu personatges, amb deu personalitats diferents i deu situacions i circumst\u00e0ncies diverses, per\u00f2 amb un mateix denominador com\u00fa: un monstre a l\u2019ombra. Un monstre que els torna vulnerables al m\u00f3n que els envolta; una penombra que els persegueix i que arrosseguen. Un recull d\u2019hist\u00f2ries i il\u00b7lustracions que volen explicar una de moltes mirades al m\u00f3n.<\/p>\n<p>&nbsp;<\/p>\n<p style=\"text-align: center;\"><a href=\"https:\/\/biblioteca.blanes.cat\/salajove\/category\/activitats\/\" target=\"_blank\" rel=\"noopener\"><img fetchpriority=\"high\" decoding=\"async\" class=\"aligncenter wp-image-457\" src=\"https:\/\/biblioteca.blanes.cat\/salajove\/wp-content\/uploads\/sites\/3\/2017\/11\/A_Deu-contes-212x300.jpg\" alt=\"Deu contes\" width=\"300\" height=\"424\" srcset=\"https:\/\/biblioteca.blanes.cat\/salajove\/wp-content\/uploads\/sites\/3\/2017\/11\/A_Deu-contes-212x300.jpg 212w, https:\/\/biblioteca.blanes.cat\/salajove\/wp-content\/uploads\/sites\/3\/2017\/11\/A_Deu-contes-768x1086.jpg 768w, https:\/\/biblioteca.blanes.cat\/salajove\/wp-content\/uploads\/sites\/3\/2017\/11\/A_Deu-contes-724x1024.jpg 724w, https:\/\/biblioteca.blanes.cat\/salajove\/wp-content\/uploads\/sites\/3\/2017\/11\/A_Deu-contes.jpg 1755w\" sizes=\"(max-width: 300px) 100vw, 300px\" \/><\/a><\/p>\n<h3>Pr\u00f2leg<\/h3>\n<blockquote>\n<p style=\"text-align: left;\">El somni de la ra\u00f3 produeix monstres, vet aqu\u00ed un gravat de Goya que<br \/>\n il\u00b7lustra el pensament de tota una \u00e8poca. A vegades, l\u2019art \u00e9s capa\u00e7 de fer<br \/>\n parlar tota una generaci\u00f3 en boca d\u2019un sol artista. S\u00f3n moments en qu\u00e8<br \/>\n l\u2019individu es fa petit i es veu com a meravell\u00f3s objecte d\u2019alguna cosa<br \/>\n que el trascendeix: l\u2019artista que posa veu a una generaci\u00f3, l\u2019artista que<br \/>\n anomena all\u00f2 que no sabem dir, l\u2019artista que expressa a trav\u00e9s seu. \u00c9s<br \/>\n l\u2019art, en definitiva, ent\u00e8s com una esp\u00e8cie de veritat: un cam\u00ed que ha de<br \/>\n ser (molt) honest i que no pot servir a (molts) senyors, un art que \u00e9s m\u00e9s<br \/>\n el resultat d\u2019una cerca que no pas el producte d\u2019una troballa. Aquest<br \/>\n \u00e9s el cam\u00ed que aquest llibre de contes il\u00b7lustrats que teniu a les mans<br \/>\n comen\u00e7a a rec\u00f3rrer. S\u00f3n il\u00b7lustracions i contes que s\u2019han anat fent, a la<br \/>\n recerca del sentit que vulguessin anar expressant. Perqu\u00e8 comunicar era<br \/>\n una de les paraules amb qu\u00e8 aquest llibre es barallava: el silenci dels<br \/>\n seus personatges, caixes que segellen veus, ll\u00e0grimes que s\u2019esforcen a<br \/>\n no caure, all\u00f2 que et diria si et parl\u00e9s\u2026 I malgrat tot, els contes i les <br \/>\n il\u00b7lustracions d\u2019aquest llibre van comen\u00e7ar a comunicar. Un monstre<br \/>\n va apar\u00e8ixer de sota del llit d\u2019un esb\u00f3s de narraci\u00f3 i va comen\u00e7ar a<br \/>\n revelar una s\u00f2lida pres\u00e8ncia, imatge rere imatge. Alguns personatges el<br \/>\n carregaven, com l\u2019aclaparador (per\u00f2 tamb\u00e9 lleuger) llen\u00e7ol que tenyeix<br \/>\n el pas de la nena pel mig del llibre; alguns altres \u2014potser els m\u00e9s desgraciats\u2014<br \/>\n havien apr\u00e8s a assemblar-se-li amb met\u00f2dica puntualitat; o a<br \/>\n vegades nom\u00e9s estava all\u00e0, senzillament all\u00e0, com una ombra o un espai<br \/>\n massa immens\u2026 I potser \u00e9s aleshores \u2014potser quan veiem la mirada<br \/>\n de la nena a trav\u00e9s de la finestra a Temps fugit\u2014 que tenim la temptaci\u00f3<br \/>\n de posar nom a aquell monstre. I potser \u00e9s en aquest moment que l\u2019art<br \/>\n comen\u00e7a a esdevenir una cosa meravellosa i l\u2019exig\u00e8ncia ritual es revela<br \/>\n com la m\u00e9s freda de totes les ombres que amaga \u2014potser per a tota una<br \/>\n generaci\u00f3\u2014 molts m\u00e9s monstres que no pas el silenci. I escric potser<br \/>\n perqu\u00e8 l\u2019art no \u00e9s ci\u00e8ncia i perqu\u00e8 aquest cam\u00ed tot just comen\u00e7a\u2026 per\u00f2<br \/>\n tamb\u00e9 \u00e9s un cam\u00ed que ha comen\u00e7at molt b\u00e9. I permeteu-me que aqu\u00ed no<br \/>\n escrigui potser.<\/p>\n<p style=\"text-align: left;\">\n -Marc Plana-<\/p>\n<\/blockquote>\n<p style=\"text-align: center;\">font: <a href=\"http:\/\/www.quediriasietparles.cat\/\" target=\"_blank\" rel=\"noopener\">quediriasietparles.cat<\/a><\/p>\n","protected":false},"excerpt":{"rendered":"<p>&#8220;Deu contes que parlen en nom de deu personatges, amb deu personalitats diferents &#8230;&#8221; Deu contes que parlen en nom de deu personatges, amb deu personalitats diferents i deu situacions i circumst\u00e0ncies diverses, per\u00f2 amb un mateix denominador com\u00fa: un<\/p>\n","protected":false},"author":4,"featured_media":458,"comment_status":"open","ping_status":"open","sticky":false,"template":"","format":"standard","meta":{"sfsi_plus_gutenberg_text_before_share":"","sfsi_plus_gutenberg_show_text_before_share":"","sfsi_plus_gutenberg_icon_type":"","sfsi_plus_gutenberg_icon_alignemt":"","sfsi_plus_gutenburg_max_per_row":"","footnotes":""},"categories":[1],"tags":[24,31,25,32],"class_list":["post-456","post","type-post","status-publish","format-standard","has-post-thumbnail","hentry","category-general","tag-activitats","tag-escriptura","tag-exposicio","tag-illustacio"],"yoast_head":"<!-- This site is optimized with the Yoast SEO plugin v27.5 - https:\/\/yoast.com\/product\/yoast-seo-wordpress\/ -->\n<title>deu contes l&#039;ombra d&#039;un monstre - Exposicici\u00f3 a la Sala Jove<\/title>\n<meta name=\"description\" content=\"Deu contes a l&#039;ombra d&#039;un monstre: Del dilluns 20 de novembre al dimarts 12 de desembre de 2017 - Biblioteca Comarcal de Blanes, en horari d&#039;obertura.\" \/>\n<meta name=\"robots\" content=\"index, follow, max-snippet:-1, max-image-preview:large, max-video-preview:-1\" \/>\n<link rel=\"canonical\" href=\"https:\/\/biblioteca.blanes.cat\/salajove\/2017\/11\/20\/deu-contes-lombra-dun-monstre\/\" \/>\n<meta property=\"og:locale\" content=\"ca_ES\" \/>\n<meta property=\"og:type\" content=\"article\" \/>\n<meta property=\"og:title\" content=\"deu contes l&#039;ombra d&#039;un monstre - Exposicici\u00f3 a la Sala Jove\" \/>\n<meta property=\"og:description\" content=\"Deu contes a l&#039;ombra d&#039;un monstre: Del dilluns 20 de novembre al dimarts 12 de desembre de 2017 - Biblioteca Comarcal de Blanes, en horari d&#039;obertura.\" \/>\n<meta property=\"og:url\" content=\"https:\/\/biblioteca.blanes.cat\/salajove\/2017\/11\/20\/deu-contes-lombra-dun-monstre\/\" \/>\n<meta property=\"og:site_name\" content=\"Sala Jove\" \/>\n<meta property=\"article:publisher\" content=\"https:\/\/www.facebook.com\/BilbiotecaComarcaldeBlanes\/\" \/>\n<meta property=\"article:published_time\" content=\"2017-11-20T16:25:55+00:00\" \/>\n<meta property=\"article:modified_time\" content=\"2018-06-29T09:48:16+00:00\" \/>\n<meta property=\"og:image\" content=\"https:\/\/biblioteca.blanes.cat\/salajove\/wp-content\/uploads\/sites\/3\/2017\/11\/deumonstres.png\" \/>\n\t<meta property=\"og:image:width\" content=\"1378\" \/>\n\t<meta property=\"og:image:height\" content=\"1022\" \/>\n\t<meta property=\"og:image:type\" content=\"image\/png\" \/>\n<meta name=\"author\" content=\"biblioblanes\" \/>\n<meta name=\"twitter:card\" content=\"summary_large_image\" \/>\n<meta name=\"twitter:creator\" content=\"@biblioblanes\" \/>\n<meta name=\"twitter:site\" content=\"@BiblioBlanes\" \/>\n<meta name=\"twitter:label1\" content=\"Escrit per\" \/>\n\t<meta name=\"twitter:data1\" content=\"biblioblanes\" \/>\n\t<meta name=\"twitter:label2\" content=\"Temps estimat de lectura\" \/>\n\t<meta name=\"twitter:data2\" content=\"3 minuts\" \/>\n<script type=\"application\/ld+json\" class=\"yoast-schema-graph\">{\"@context\":\"https:\\\/\\\/schema.org\",\"@graph\":[{\"@type\":\"Article\",\"@id\":\"https:\\\/\\\/biblioteca.blanes.cat\\\/salajove\\\/2017\\\/11\\\/20\\\/deu-contes-lombra-dun-monstre\\\/#article\",\"isPartOf\":{\"@id\":\"https:\\\/\\\/biblioteca.blanes.cat\\\/salajove\\\/2017\\\/11\\\/20\\\/deu-contes-lombra-dun-monstre\\\/\"},\"author\":{\"name\":\"biblioblanes\",\"@id\":\"https:\\\/\\\/biblioteca.blanes.cat\\\/salajove\\\/#\\\/schema\\\/person\\\/5a7b46760d9dd611d098bbf571a341dc\"},\"headline\":\"EXPOSICI\u00d3 &#8211; Deu contes a l&#8217;ombra d&#8217;un monstre\",\"datePublished\":\"2017-11-20T16:25:55+00:00\",\"dateModified\":\"2018-06-29T09:48:16+00:00\",\"mainEntityOfPage\":{\"@id\":\"https:\\\/\\\/biblioteca.blanes.cat\\\/salajove\\\/2017\\\/11\\\/20\\\/deu-contes-lombra-dun-monstre\\\/\"},\"wordCount\":534,\"commentCount\":0,\"publisher\":{\"@id\":\"https:\\\/\\\/biblioteca.blanes.cat\\\/salajove\\\/#organization\"},\"image\":{\"@id\":\"https:\\\/\\\/biblioteca.blanes.cat\\\/salajove\\\/2017\\\/11\\\/20\\\/deu-contes-lombra-dun-monstre\\\/#primaryimage\"},\"thumbnailUrl\":\"https:\\\/\\\/biblioteca.blanes.cat\\\/salajove\\\/wp-content\\\/uploads\\\/sites\\\/3\\\/2017\\\/11\\\/deumonstres.png\",\"keywords\":[\"#Activitats\",\"#Escriptura\",\"#Exposici\u00f3\",\"#il\u00b7lustaci\u00f3\"],\"articleSection\":[\"Not\u00edcies\"],\"inLanguage\":\"ca\",\"potentialAction\":[{\"@type\":\"CommentAction\",\"name\":\"Comment\",\"target\":[\"https:\\\/\\\/biblioteca.blanes.cat\\\/salajove\\\/2017\\\/11\\\/20\\\/deu-contes-lombra-dun-monstre\\\/#respond\"]}]},{\"@type\":\"WebPage\",\"@id\":\"https:\\\/\\\/biblioteca.blanes.cat\\\/salajove\\\/2017\\\/11\\\/20\\\/deu-contes-lombra-dun-monstre\\\/\",\"url\":\"https:\\\/\\\/biblioteca.blanes.cat\\\/salajove\\\/2017\\\/11\\\/20\\\/deu-contes-lombra-dun-monstre\\\/\",\"name\":\"deu contes l'ombra d'un monstre - Exposicici\u00f3 a la Sala Jove\",\"isPartOf\":{\"@id\":\"https:\\\/\\\/biblioteca.blanes.cat\\\/salajove\\\/#website\"},\"primaryImageOfPage\":{\"@id\":\"https:\\\/\\\/biblioteca.blanes.cat\\\/salajove\\\/2017\\\/11\\\/20\\\/deu-contes-lombra-dun-monstre\\\/#primaryimage\"},\"image\":{\"@id\":\"https:\\\/\\\/biblioteca.blanes.cat\\\/salajove\\\/2017\\\/11\\\/20\\\/deu-contes-lombra-dun-monstre\\\/#primaryimage\"},\"thumbnailUrl\":\"https:\\\/\\\/biblioteca.blanes.cat\\\/salajove\\\/wp-content\\\/uploads\\\/sites\\\/3\\\/2017\\\/11\\\/deumonstres.png\",\"datePublished\":\"2017-11-20T16:25:55+00:00\",\"dateModified\":\"2018-06-29T09:48:16+00:00\",\"description\":\"Deu contes a l'ombra d'un monstre: Del dilluns 20 de novembre al dimarts 12 de desembre de 2017 - Biblioteca Comarcal de Blanes, en horari d'obertura.\",\"breadcrumb\":{\"@id\":\"https:\\\/\\\/biblioteca.blanes.cat\\\/salajove\\\/2017\\\/11\\\/20\\\/deu-contes-lombra-dun-monstre\\\/#breadcrumb\"},\"inLanguage\":\"ca\",\"potentialAction\":[{\"@type\":\"ReadAction\",\"target\":[\"https:\\\/\\\/biblioteca.blanes.cat\\\/salajove\\\/2017\\\/11\\\/20\\\/deu-contes-lombra-dun-monstre\\\/\"]}]},{\"@type\":\"ImageObject\",\"inLanguage\":\"ca\",\"@id\":\"https:\\\/\\\/biblioteca.blanes.cat\\\/salajove\\\/2017\\\/11\\\/20\\\/deu-contes-lombra-dun-monstre\\\/#primaryimage\",\"url\":\"https:\\\/\\\/biblioteca.blanes.cat\\\/salajove\\\/wp-content\\\/uploads\\\/sites\\\/3\\\/2017\\\/11\\\/deumonstres.png\",\"contentUrl\":\"https:\\\/\\\/biblioteca.blanes.cat\\\/salajove\\\/wp-content\\\/uploads\\\/sites\\\/3\\\/2017\\\/11\\\/deumonstres.png\",\"width\":1378,\"height\":1022},{\"@type\":\"BreadcrumbList\",\"@id\":\"https:\\\/\\\/biblioteca.blanes.cat\\\/salajove\\\/2017\\\/11\\\/20\\\/deu-contes-lombra-dun-monstre\\\/#breadcrumb\",\"itemListElement\":[{\"@type\":\"ListItem\",\"position\":1,\"name\":\"Inici\",\"item\":\"https:\\\/\\\/biblioteca.blanes.cat\\\/salajove\\\/\"},{\"@type\":\"ListItem\",\"position\":2,\"name\":\"EXPOSICI\u00d3 &#8211; Deu contes a l&#8217;ombra d&#8217;un monstre\"}]},{\"@type\":\"WebSite\",\"@id\":\"https:\\\/\\\/biblioteca.blanes.cat\\\/salajove\\\/#website\",\"url\":\"https:\\\/\\\/biblioteca.blanes.cat\\\/salajove\\\/\",\"name\":\"Sala Jove\",\"description\":\"Biblioteca Comarcal de Blanes\",\"publisher\":{\"@id\":\"https:\\\/\\\/biblioteca.blanes.cat\\\/salajove\\\/#organization\"},\"potentialAction\":[{\"@type\":\"SearchAction\",\"target\":{\"@type\":\"EntryPoint\",\"urlTemplate\":\"https:\\\/\\\/biblioteca.blanes.cat\\\/salajove\\\/?s={search_term_string}\"},\"query-input\":{\"@type\":\"PropertyValueSpecification\",\"valueRequired\":true,\"valueName\":\"search_term_string\"}}],\"inLanguage\":\"ca\"},{\"@type\":\"Organization\",\"@id\":\"https:\\\/\\\/biblioteca.blanes.cat\\\/salajove\\\/#organization\",\"name\":\"Biblioteca Comarcal de Blanes\",\"url\":\"https:\\\/\\\/biblioteca.blanes.cat\\\/salajove\\\/\",\"logo\":{\"@type\":\"ImageObject\",\"inLanguage\":\"ca\",\"@id\":\"https:\\\/\\\/biblioteca.blanes.cat\\\/salajove\\\/#\\\/schema\\\/logo\\\/image\\\/\",\"url\":\"https:\\\/\\\/biblioteca.blanes.cat\\\/salajove\\\/wp-content\\\/uploads\\\/sites\\\/3\\\/2017\\\/09\\\/cropped-Bib-blau-e1518869380535.png\",\"contentUrl\":\"https:\\\/\\\/biblioteca.blanes.cat\\\/salajove\\\/wp-content\\\/uploads\\\/sites\\\/3\\\/2017\\\/09\\\/cropped-Bib-blau-e1518869380535.png\",\"width\":166,\"height\":166,\"caption\":\"Biblioteca Comarcal de Blanes\"},\"image\":{\"@id\":\"https:\\\/\\\/biblioteca.blanes.cat\\\/salajove\\\/#\\\/schema\\\/logo\\\/image\\\/\"},\"sameAs\":[\"https:\\\/\\\/www.facebook.com\\\/BilbiotecaComarcaldeBlanes\\\/\",\"https:\\\/\\\/x.com\\\/BiblioBlanes\",\"https:\\\/\\\/www.instagram.com\\\/biblioblanes\\\/\",\"https:\\\/\\\/www.pinterest.es\\\/bblanes\\\/\",\"https:\\\/\\\/www.youtube.com\\\/c\\\/BibliotecaComarcalBlanes\"]},{\"@type\":\"Person\",\"@id\":\"https:\\\/\\\/biblioteca.blanes.cat\\\/salajove\\\/#\\\/schema\\\/person\\\/5a7b46760d9dd611d098bbf571a341dc\",\"name\":\"biblioblanes\",\"image\":{\"@type\":\"ImageObject\",\"inLanguage\":\"ca\",\"@id\":\"https:\\\/\\\/secure.gravatar.com\\\/avatar\\\/6593ca6cc90e5a70939f51c95e8315483b9c281bafba597292bee47992030f99?s=96&d=mm&r=g\",\"url\":\"https:\\\/\\\/secure.gravatar.com\\\/avatar\\\/6593ca6cc90e5a70939f51c95e8315483b9c281bafba597292bee47992030f99?s=96&d=mm&r=g\",\"contentUrl\":\"https:\\\/\\\/secure.gravatar.com\\\/avatar\\\/6593ca6cc90e5a70939f51c95e8315483b9c281bafba597292bee47992030f99?s=96&d=mm&r=g\",\"caption\":\"biblioblanes\"},\"sameAs\":[\"http:\\\/\\\/www.bibgirona.cat\\\/biblioteca\\\/blanes\",\"https:\\\/\\\/x.com\\\/biblioblanes\"],\"url\":\"https:\\\/\\\/biblioteca.blanes.cat\\\/salajove\\\/author\\\/biblioblanes\\\/\"}]}<\/script>\n<!-- \/ Yoast SEO plugin. -->","yoast_head_json":{"title":"deu contes l'ombra d'un monstre - Exposicici\u00f3 a la Sala Jove","description":"Deu contes a l'ombra d'un monstre: Del dilluns 20 de novembre al dimarts 12 de desembre de 2017 - Biblioteca Comarcal de Blanes, en horari d'obertura.","robots":{"index":"index","follow":"follow","max-snippet":"max-snippet:-1","max-image-preview":"max-image-preview:large","max-video-preview":"max-video-preview:-1"},"canonical":"https:\/\/biblioteca.blanes.cat\/salajove\/2017\/11\/20\/deu-contes-lombra-dun-monstre\/","og_locale":"ca_ES","og_type":"article","og_title":"deu contes l'ombra d'un monstre - Exposicici\u00f3 a la Sala Jove","og_description":"Deu contes a l'ombra d'un monstre: Del dilluns 20 de novembre al dimarts 12 de desembre de 2017 - Biblioteca Comarcal de Blanes, en horari d'obertura.","og_url":"https:\/\/biblioteca.blanes.cat\/salajove\/2017\/11\/20\/deu-contes-lombra-dun-monstre\/","og_site_name":"Sala Jove","article_publisher":"https:\/\/www.facebook.com\/BilbiotecaComarcaldeBlanes\/","article_published_time":"2017-11-20T16:25:55+00:00","article_modified_time":"2018-06-29T09:48:16+00:00","og_image":[{"width":1378,"height":1022,"url":"https:\/\/biblioteca.blanes.cat\/salajove\/wp-content\/uploads\/sites\/3\/2017\/11\/deumonstres.png","type":"image\/png"}],"author":"biblioblanes","twitter_card":"summary_large_image","twitter_creator":"@biblioblanes","twitter_site":"@BiblioBlanes","twitter_misc":{"Escrit per":"biblioblanes","Temps estimat de lectura":"3 minuts"},"schema":{"@context":"https:\/\/schema.org","@graph":[{"@type":"Article","@id":"https:\/\/biblioteca.blanes.cat\/salajove\/2017\/11\/20\/deu-contes-lombra-dun-monstre\/#article","isPartOf":{"@id":"https:\/\/biblioteca.blanes.cat\/salajove\/2017\/11\/20\/deu-contes-lombra-dun-monstre\/"},"author":{"name":"biblioblanes","@id":"https:\/\/biblioteca.blanes.cat\/salajove\/#\/schema\/person\/5a7b46760d9dd611d098bbf571a341dc"},"headline":"EXPOSICI\u00d3 &#8211; Deu contes a l&#8217;ombra d&#8217;un monstre","datePublished":"2017-11-20T16:25:55+00:00","dateModified":"2018-06-29T09:48:16+00:00","mainEntityOfPage":{"@id":"https:\/\/biblioteca.blanes.cat\/salajove\/2017\/11\/20\/deu-contes-lombra-dun-monstre\/"},"wordCount":534,"commentCount":0,"publisher":{"@id":"https:\/\/biblioteca.blanes.cat\/salajove\/#organization"},"image":{"@id":"https:\/\/biblioteca.blanes.cat\/salajove\/2017\/11\/20\/deu-contes-lombra-dun-monstre\/#primaryimage"},"thumbnailUrl":"https:\/\/biblioteca.blanes.cat\/salajove\/wp-content\/uploads\/sites\/3\/2017\/11\/deumonstres.png","keywords":["#Activitats","#Escriptura","#Exposici\u00f3","#il\u00b7lustaci\u00f3"],"articleSection":["Not\u00edcies"],"inLanguage":"ca","potentialAction":[{"@type":"CommentAction","name":"Comment","target":["https:\/\/biblioteca.blanes.cat\/salajove\/2017\/11\/20\/deu-contes-lombra-dun-monstre\/#respond"]}]},{"@type":"WebPage","@id":"https:\/\/biblioteca.blanes.cat\/salajove\/2017\/11\/20\/deu-contes-lombra-dun-monstre\/","url":"https:\/\/biblioteca.blanes.cat\/salajove\/2017\/11\/20\/deu-contes-lombra-dun-monstre\/","name":"deu contes l'ombra d'un monstre - Exposicici\u00f3 a la Sala Jove","isPartOf":{"@id":"https:\/\/biblioteca.blanes.cat\/salajove\/#website"},"primaryImageOfPage":{"@id":"https:\/\/biblioteca.blanes.cat\/salajove\/2017\/11\/20\/deu-contes-lombra-dun-monstre\/#primaryimage"},"image":{"@id":"https:\/\/biblioteca.blanes.cat\/salajove\/2017\/11\/20\/deu-contes-lombra-dun-monstre\/#primaryimage"},"thumbnailUrl":"https:\/\/biblioteca.blanes.cat\/salajove\/wp-content\/uploads\/sites\/3\/2017\/11\/deumonstres.png","datePublished":"2017-11-20T16:25:55+00:00","dateModified":"2018-06-29T09:48:16+00:00","description":"Deu contes a l'ombra d'un monstre: Del dilluns 20 de novembre al dimarts 12 de desembre de 2017 - Biblioteca Comarcal de Blanes, en horari d'obertura.","breadcrumb":{"@id":"https:\/\/biblioteca.blanes.cat\/salajove\/2017\/11\/20\/deu-contes-lombra-dun-monstre\/#breadcrumb"},"inLanguage":"ca","potentialAction":[{"@type":"ReadAction","target":["https:\/\/biblioteca.blanes.cat\/salajove\/2017\/11\/20\/deu-contes-lombra-dun-monstre\/"]}]},{"@type":"ImageObject","inLanguage":"ca","@id":"https:\/\/biblioteca.blanes.cat\/salajove\/2017\/11\/20\/deu-contes-lombra-dun-monstre\/#primaryimage","url":"https:\/\/biblioteca.blanes.cat\/salajove\/wp-content\/uploads\/sites\/3\/2017\/11\/deumonstres.png","contentUrl":"https:\/\/biblioteca.blanes.cat\/salajove\/wp-content\/uploads\/sites\/3\/2017\/11\/deumonstres.png","width":1378,"height":1022},{"@type":"BreadcrumbList","@id":"https:\/\/biblioteca.blanes.cat\/salajove\/2017\/11\/20\/deu-contes-lombra-dun-monstre\/#breadcrumb","itemListElement":[{"@type":"ListItem","position":1,"name":"Inici","item":"https:\/\/biblioteca.blanes.cat\/salajove\/"},{"@type":"ListItem","position":2,"name":"EXPOSICI\u00d3 &#8211; Deu contes a l&#8217;ombra d&#8217;un monstre"}]},{"@type":"WebSite","@id":"https:\/\/biblioteca.blanes.cat\/salajove\/#website","url":"https:\/\/biblioteca.blanes.cat\/salajove\/","name":"Sala Jove","description":"Biblioteca Comarcal de Blanes","publisher":{"@id":"https:\/\/biblioteca.blanes.cat\/salajove\/#organization"},"potentialAction":[{"@type":"SearchAction","target":{"@type":"EntryPoint","urlTemplate":"https:\/\/biblioteca.blanes.cat\/salajove\/?s={search_term_string}"},"query-input":{"@type":"PropertyValueSpecification","valueRequired":true,"valueName":"search_term_string"}}],"inLanguage":"ca"},{"@type":"Organization","@id":"https:\/\/biblioteca.blanes.cat\/salajove\/#organization","name":"Biblioteca Comarcal de Blanes","url":"https:\/\/biblioteca.blanes.cat\/salajove\/","logo":{"@type":"ImageObject","inLanguage":"ca","@id":"https:\/\/biblioteca.blanes.cat\/salajove\/#\/schema\/logo\/image\/","url":"https:\/\/biblioteca.blanes.cat\/salajove\/wp-content\/uploads\/sites\/3\/2017\/09\/cropped-Bib-blau-e1518869380535.png","contentUrl":"https:\/\/biblioteca.blanes.cat\/salajove\/wp-content\/uploads\/sites\/3\/2017\/09\/cropped-Bib-blau-e1518869380535.png","width":166,"height":166,"caption":"Biblioteca Comarcal de Blanes"},"image":{"@id":"https:\/\/biblioteca.blanes.cat\/salajove\/#\/schema\/logo\/image\/"},"sameAs":["https:\/\/www.facebook.com\/BilbiotecaComarcaldeBlanes\/","https:\/\/x.com\/BiblioBlanes","https:\/\/www.instagram.com\/biblioblanes\/","https:\/\/www.pinterest.es\/bblanes\/","https:\/\/www.youtube.com\/c\/BibliotecaComarcalBlanes"]},{"@type":"Person","@id":"https:\/\/biblioteca.blanes.cat\/salajove\/#\/schema\/person\/5a7b46760d9dd611d098bbf571a341dc","name":"biblioblanes","image":{"@type":"ImageObject","inLanguage":"ca","@id":"https:\/\/secure.gravatar.com\/avatar\/6593ca6cc90e5a70939f51c95e8315483b9c281bafba597292bee47992030f99?s=96&d=mm&r=g","url":"https:\/\/secure.gravatar.com\/avatar\/6593ca6cc90e5a70939f51c95e8315483b9c281bafba597292bee47992030f99?s=96&d=mm&r=g","contentUrl":"https:\/\/secure.gravatar.com\/avatar\/6593ca6cc90e5a70939f51c95e8315483b9c281bafba597292bee47992030f99?s=96&d=mm&r=g","caption":"biblioblanes"},"sameAs":["http:\/\/www.bibgirona.cat\/biblioteca\/blanes","https:\/\/x.com\/biblioblanes"],"url":"https:\/\/biblioteca.blanes.cat\/salajove\/author\/biblioblanes\/"}]}},"_links":{"self":[{"href":"https:\/\/biblioteca.blanes.cat\/salajove\/wp-json\/wp\/v2\/posts\/456","targetHints":{"allow":["GET"]}}],"collection":[{"href":"https:\/\/biblioteca.blanes.cat\/salajove\/wp-json\/wp\/v2\/posts"}],"about":[{"href":"https:\/\/biblioteca.blanes.cat\/salajove\/wp-json\/wp\/v2\/types\/post"}],"author":[{"embeddable":true,"href":"https:\/\/biblioteca.blanes.cat\/salajove\/wp-json\/wp\/v2\/users\/4"}],"replies":[{"embeddable":true,"href":"https:\/\/biblioteca.blanes.cat\/salajove\/wp-json\/wp\/v2\/comments?post=456"}],"version-history":[{"count":3,"href":"https:\/\/biblioteca.blanes.cat\/salajove\/wp-json\/wp\/v2\/posts\/456\/revisions"}],"predecessor-version":[{"id":461,"href":"https:\/\/biblioteca.blanes.cat\/salajove\/wp-json\/wp\/v2\/posts\/456\/revisions\/461"}],"wp:featuredmedia":[{"embeddable":true,"href":"https:\/\/biblioteca.blanes.cat\/salajove\/wp-json\/wp\/v2\/media\/458"}],"wp:attachment":[{"href":"https:\/\/biblioteca.blanes.cat\/salajove\/wp-json\/wp\/v2\/media?parent=456"}],"wp:term":[{"taxonomy":"category","embeddable":true,"href":"https:\/\/biblioteca.blanes.cat\/salajove\/wp-json\/wp\/v2\/categories?post=456"},{"taxonomy":"post_tag","embeddable":true,"href":"https:\/\/biblioteca.blanes.cat\/salajove\/wp-json\/wp\/v2\/tags?post=456"}],"curies":[{"name":"wp","href":"https:\/\/api.w.org\/{rel}","templated":true}]}}