{"id":4495,"date":"2020-10-15T18:37:07","date_gmt":"2020-10-15T17:37:07","guid":{"rendered":"https:\/\/biblioteca.blanes.cat\/salajove\/?p=4495"},"modified":"2021-06-28T18:26:29","modified_gmt":"2021-06-28T17:26:29","slug":"clj-diari-del-tot-veridic-dun-indi-a-mitja-jornada","status":"publish","type":"post","link":"https:\/\/biblioteca.blanes.cat\/salajove\/2020\/10\/15\/clj-diari-del-tot-veridic-dun-indi-a-mitja-jornada\/","title":{"rendered":"CLJ: Diari del tot ver\u00eddic d&#8217;un indi a mitja jornada"},"content":{"rendered":"\n<p class=\"has-text-align-center\">El Club de lectura juvenil comen\u00e7a amb molta for\u00e7a.<\/p>\n\n\n\n<p class=\"has-text-align-center\">Tenim uns joves, grans lectors, que ho estan donant tot i aix\u00f2 \u00e9s nota molt\u00edssim.<\/p>\n\n\n\n<p class=\"has-text-align-center\">Avui hem comentat: <\/p>\n\n\n\n<p class=\"has-text-align-center has-large-font-size\"><strong>DIARI DEL TOT VER\u00cdDIC D&#8217;UN INDI A MITJA JORNADA, de Sherman Alexie<\/strong><\/p>\n\n\n\n<p>Hem comen\u00e7at la sessi\u00f3 amb dos v\u00eddeos amb punts de vista totalment oposats sobre els camps de refugiats indis. Aix\u00f2 ens ha perm\u00e8s reflexionar sobre el tema, parlar sobre tot el que es podria canviar i el que es podria fer per a que aquesta situaci\u00f3 millor\u00e9s.<\/p>\n\n\n\n<p>El tema de la violaci\u00f3 dels drets humans ha donat molt de s\u00ed, i hem pogut obrir un debat on els joves han aportat els seus punts de vista i han explicat situacions quotidianes que ells mateixos han viscut.<\/p>\n\n\n\n<p>Pel que fa a la lectura tots coincideixen que els ha agradat , els ha resultat senzilla de llegir per\u00f2 dura en el seu contingut. Es tracta d&#8217;un relat on el mateix protagonista utilitza un llenguatge molt entenedor i dona un punt d&#8217;humor a la situaci\u00f3 tan dura que relata.<\/p>\n\n\n\n<p>La segona part de la trobada l&#8217;hem dedicat a fer una din\u00e0mica &#8220;Roll-Playing&#8221;  sobre refugiats. Cadasc\u00fa havia de representar el personatge que li havia tocat (policia, jutge, informador del govern i ve\u00ed), un d&#8217;ells era el refugiat i la resta observadors. Hem valorat la import\u00e0ncia de poder expressar-se amb llibertat i actuar amb el cor. Tamb\u00e9 com els immigrants, moltes vegades, es veuen en situacions inc\u00f2modes on no es respecten els seus drets. <\/p>\n\n\n\n<p>A continuaci\u00f3 podeu veure algunes fotos de la trobada, regal del nostre amic Jaume Pont:<\/p>\n\n\n\n<figure class=\"wp-block-gallery columns-1 is-cropped wp-block-gallery-1 is-layout-flex wp-block-gallery-is-layout-flex\"><ul class=\"blocks-gallery-grid\"><li class=\"blocks-gallery-item\"><figure><img fetchpriority=\"high\" decoding=\"async\" width=\"1024\" height=\"768\" src=\"https:\/\/biblioteca.blanes.cat\/salajove\/wp-content\/uploads\/sites\/3\/2020\/10\/octubre-diari-dun-indi-a-mitja-jornada-2-1024x768.jpg\" alt=\"\" data-id=\"4497\" data-full-url=\"https:\/\/biblioteca.blanes.cat\/salajove\/wp-content\/uploads\/sites\/3\/2020\/10\/octubre-diari-dun-indi-a-mitja-jornada-2.jpg\" data-link=\"https:\/\/biblioteca.blanes.cat\/salajove\/?attachment_id=4497\" class=\"wp-image-4497\" srcset=\"https:\/\/biblioteca.blanes.cat\/salajove\/wp-content\/uploads\/sites\/3\/2020\/10\/octubre-diari-dun-indi-a-mitja-jornada-2-1024x768.jpg 1024w, https:\/\/biblioteca.blanes.cat\/salajove\/wp-content\/uploads\/sites\/3\/2020\/10\/octubre-diari-dun-indi-a-mitja-jornada-2-300x225.jpg 300w, https:\/\/biblioteca.blanes.cat\/salajove\/wp-content\/uploads\/sites\/3\/2020\/10\/octubre-diari-dun-indi-a-mitja-jornada-2-768x576.jpg 768w, https:\/\/biblioteca.blanes.cat\/salajove\/wp-content\/uploads\/sites\/3\/2020\/10\/octubre-diari-dun-indi-a-mitja-jornada-2-1536x1152.jpg 1536w, https:\/\/biblioteca.blanes.cat\/salajove\/wp-content\/uploads\/sites\/3\/2020\/10\/octubre-diari-dun-indi-a-mitja-jornada-2.jpg 1600w\" sizes=\"(max-width: 1024px) 100vw, 1024px\" \/><\/figure><\/li><\/ul><\/figure>\n\n\n\n<figure class=\"wp-block-gallery columns-1 is-cropped wp-block-gallery-2 is-layout-flex wp-block-gallery-is-layout-flex\"><ul class=\"blocks-gallery-grid\"><li class=\"blocks-gallery-item\"><figure><img decoding=\"async\" width=\"1024\" height=\"498\" src=\"https:\/\/biblioteca.blanes.cat\/salajove\/wp-content\/uploads\/sites\/3\/2020\/10\/octubre-diari-dun-indi-a-mitja-jornada-1-1024x498.jpg\" alt=\"\" data-id=\"4496\" data-full-url=\"https:\/\/biblioteca.blanes.cat\/salajove\/wp-content\/uploads\/sites\/3\/2020\/10\/octubre-diari-dun-indi-a-mitja-jornada-1-scaled.jpg\" data-link=\"https:\/\/biblioteca.blanes.cat\/salajove\/?attachment_id=4496\" class=\"wp-image-4496\" srcset=\"https:\/\/biblioteca.blanes.cat\/salajove\/wp-content\/uploads\/sites\/3\/2020\/10\/octubre-diari-dun-indi-a-mitja-jornada-1-1024x498.jpg 1024w, https:\/\/biblioteca.blanes.cat\/salajove\/wp-content\/uploads\/sites\/3\/2020\/10\/octubre-diari-dun-indi-a-mitja-jornada-1-300x146.jpg 300w, https:\/\/biblioteca.blanes.cat\/salajove\/wp-content\/uploads\/sites\/3\/2020\/10\/octubre-diari-dun-indi-a-mitja-jornada-1-768x373.jpg 768w, https:\/\/biblioteca.blanes.cat\/salajove\/wp-content\/uploads\/sites\/3\/2020\/10\/octubre-diari-dun-indi-a-mitja-jornada-1-1536x747.jpg 1536w, https:\/\/biblioteca.blanes.cat\/salajove\/wp-content\/uploads\/sites\/3\/2020\/10\/octubre-diari-dun-indi-a-mitja-jornada-1-2048x996.jpg 2048w\" sizes=\"(max-width: 1024px) 100vw, 1024px\" \/><\/figure><\/li><\/ul><\/figure>\n\n\n\n<p class=\"has-text-align-center\">Ja podeu passar a recollir la propera lectura: <strong>Carta a la Reina d&#8217;Anglaterra, de Vicen\u00e7 Pag\u00e8s.<\/strong><\/p>\n\n\n\n<p class=\"has-text-align-center\">Prepareu les vostres preguntes perqu\u00e8 a la propera trobada&#8230; <\/p>\n\n\n\n<p class=\"has-text-align-center has-large-font-size\"> Ens visitar\u00e0 l&#8217;autor!!<\/p>\n","protected":false},"excerpt":{"rendered":"<p>El Club de lectura juvenil comen\u00e7a amb molta for\u00e7a. Tenim uns joves, grans lectors, que ho estan donant tot i aix\u00f2 \u00e9s nota molt\u00edssim. Avui hem comentat: DIARI DEL TOT VER\u00cdDIC D&#8217;UN INDI A MITJA JORNADA, de Sherman Alexie Hem<\/p>\n","protected":false},"author":4,"featured_media":4270,"comment_status":"open","ping_status":"open","sticky":false,"template":"","format":"standard","meta":{"sfsi_plus_gutenberg_text_before_share":"","sfsi_plus_gutenberg_show_text_before_share":"","sfsi_plus_gutenberg_icon_type":"","sfsi_plus_gutenberg_icon_alignemt":"","sfsi_plus_gutenburg_max_per_row":"","footnotes":""},"categories":[5],"tags":[24,29,52,26],"class_list":["post-4495","post","type-post","status-publish","format-standard","has-post-thumbnail","hentry","category-club-de-lectura","tag-activitats","tag-club-de-lectura","tag-joves","tag-lectura"],"yoast_head":"<!-- This site is optimized with the Yoast SEO plugin v27.5 - https:\/\/yoast.com\/product\/yoast-seo-wordpress\/ -->\n<title>CLJ: Diari del tot ver\u00eddic d&#039;un indi a mitja jornada - Sala Jove<\/title>\n<meta name=\"robots\" content=\"index, follow, max-snippet:-1, max-image-preview:large, max-video-preview:-1\" \/>\n<link rel=\"canonical\" href=\"https:\/\/biblioteca.blanes.cat\/salajove\/2020\/10\/15\/clj-diari-del-tot-veridic-dun-indi-a-mitja-jornada\/\" \/>\n<meta property=\"og:locale\" content=\"ca_ES\" \/>\n<meta property=\"og:type\" content=\"article\" \/>\n<meta property=\"og:title\" content=\"CLJ: Diari del tot ver\u00eddic d&#039;un indi a mitja jornada - Sala Jove\" \/>\n<meta property=\"og:description\" content=\"El Club de lectura juvenil comen\u00e7a amb molta for\u00e7a. Tenim uns joves, grans lectors, que ho estan donant tot i aix\u00f2 \u00e9s nota molt\u00edssim. Avui hem comentat: DIARI DEL TOT VER\u00cdDIC D&#8217;UN INDI A MITJA JORNADA, de Sherman Alexie Hem\" \/>\n<meta property=\"og:url\" content=\"https:\/\/biblioteca.blanes.cat\/salajove\/2020\/10\/15\/clj-diari-del-tot-veridic-dun-indi-a-mitja-jornada\/\" \/>\n<meta property=\"og:site_name\" content=\"Sala Jove\" \/>\n<meta property=\"article:publisher\" content=\"https:\/\/www.facebook.com\/BilbiotecaComarcaldeBlanes\/\" \/>\n<meta property=\"article:published_time\" content=\"2020-10-15T17:37:07+00:00\" \/>\n<meta property=\"article:modified_time\" content=\"2021-06-28T17:26:29+00:00\" \/>\n<meta property=\"og:image\" content=\"https:\/\/biblioteca.blanes.cat\/salajove\/wp-content\/uploads\/sites\/3\/2020\/07\/logo-club-de-lectura-2020-bloc-3.jpg\" \/>\n\t<meta property=\"og:image:width\" content=\"200\" \/>\n\t<meta property=\"og:image:height\" content=\"246\" \/>\n\t<meta property=\"og:image:type\" content=\"image\/jpeg\" \/>\n<meta name=\"author\" content=\"biblioblanes\" \/>\n<meta name=\"twitter:card\" content=\"summary_large_image\" \/>\n<meta name=\"twitter:creator\" content=\"@biblioblanes\" \/>\n<meta name=\"twitter:site\" content=\"@BiblioBlanes\" \/>\n<meta name=\"twitter:label1\" content=\"Escrit per\" \/>\n\t<meta name=\"twitter:data1\" content=\"biblioblanes\" \/>\n\t<meta name=\"twitter:label2\" content=\"Temps estimat de lectura\" \/>\n\t<meta name=\"twitter:data2\" content=\"2 minuts\" \/>\n<script type=\"application\/ld+json\" class=\"yoast-schema-graph\">{\"@context\":\"https:\\\/\\\/schema.org\",\"@graph\":[{\"@type\":\"Article\",\"@id\":\"https:\\\/\\\/biblioteca.blanes.cat\\\/salajove\\\/2020\\\/10\\\/15\\\/clj-diari-del-tot-veridic-dun-indi-a-mitja-jornada\\\/#article\",\"isPartOf\":{\"@id\":\"https:\\\/\\\/biblioteca.blanes.cat\\\/salajove\\\/2020\\\/10\\\/15\\\/clj-diari-del-tot-veridic-dun-indi-a-mitja-jornada\\\/\"},\"author\":{\"name\":\"biblioblanes\",\"@id\":\"https:\\\/\\\/biblioteca.blanes.cat\\\/salajove\\\/#\\\/schema\\\/person\\\/5a7b46760d9dd611d098bbf571a341dc\"},\"headline\":\"CLJ: Diari del tot ver\u00eddic d&#8217;un indi a mitja jornada\",\"datePublished\":\"2020-10-15T17:37:07+00:00\",\"dateModified\":\"2021-06-28T17:26:29+00:00\",\"mainEntityOfPage\":{\"@id\":\"https:\\\/\\\/biblioteca.blanes.cat\\\/salajove\\\/2020\\\/10\\\/15\\\/clj-diari-del-tot-veridic-dun-indi-a-mitja-jornada\\\/\"},\"wordCount\":321,\"commentCount\":0,\"publisher\":{\"@id\":\"https:\\\/\\\/biblioteca.blanes.cat\\\/salajove\\\/#organization\"},\"image\":{\"@id\":\"https:\\\/\\\/biblioteca.blanes.cat\\\/salajove\\\/2020\\\/10\\\/15\\\/clj-diari-del-tot-veridic-dun-indi-a-mitja-jornada\\\/#primaryimage\"},\"thumbnailUrl\":\"https:\\\/\\\/biblioteca.blanes.cat\\\/salajove\\\/wp-content\\\/uploads\\\/sites\\\/3\\\/2020\\\/07\\\/logo-club-de-lectura-2020-bloc-3.jpg\",\"keywords\":[\"#Activitats\",\"#ClubdeLectura\",\"#Joves\",\"#Lectura\"],\"articleSection\":[\"Club de Lectura\"],\"inLanguage\":\"ca\",\"potentialAction\":[{\"@type\":\"CommentAction\",\"name\":\"Comment\",\"target\":[\"https:\\\/\\\/biblioteca.blanes.cat\\\/salajove\\\/2020\\\/10\\\/15\\\/clj-diari-del-tot-veridic-dun-indi-a-mitja-jornada\\\/#respond\"]}]},{\"@type\":\"WebPage\",\"@id\":\"https:\\\/\\\/biblioteca.blanes.cat\\\/salajove\\\/2020\\\/10\\\/15\\\/clj-diari-del-tot-veridic-dun-indi-a-mitja-jornada\\\/\",\"url\":\"https:\\\/\\\/biblioteca.blanes.cat\\\/salajove\\\/2020\\\/10\\\/15\\\/clj-diari-del-tot-veridic-dun-indi-a-mitja-jornada\\\/\",\"name\":\"CLJ: Diari del tot ver\u00eddic d'un indi a mitja jornada - Sala Jove\",\"isPartOf\":{\"@id\":\"https:\\\/\\\/biblioteca.blanes.cat\\\/salajove\\\/#website\"},\"primaryImageOfPage\":{\"@id\":\"https:\\\/\\\/biblioteca.blanes.cat\\\/salajove\\\/2020\\\/10\\\/15\\\/clj-diari-del-tot-veridic-dun-indi-a-mitja-jornada\\\/#primaryimage\"},\"image\":{\"@id\":\"https:\\\/\\\/biblioteca.blanes.cat\\\/salajove\\\/2020\\\/10\\\/15\\\/clj-diari-del-tot-veridic-dun-indi-a-mitja-jornada\\\/#primaryimage\"},\"thumbnailUrl\":\"https:\\\/\\\/biblioteca.blanes.cat\\\/salajove\\\/wp-content\\\/uploads\\\/sites\\\/3\\\/2020\\\/07\\\/logo-club-de-lectura-2020-bloc-3.jpg\",\"datePublished\":\"2020-10-15T17:37:07+00:00\",\"dateModified\":\"2021-06-28T17:26:29+00:00\",\"breadcrumb\":{\"@id\":\"https:\\\/\\\/biblioteca.blanes.cat\\\/salajove\\\/2020\\\/10\\\/15\\\/clj-diari-del-tot-veridic-dun-indi-a-mitja-jornada\\\/#breadcrumb\"},\"inLanguage\":\"ca\",\"potentialAction\":[{\"@type\":\"ReadAction\",\"target\":[\"https:\\\/\\\/biblioteca.blanes.cat\\\/salajove\\\/2020\\\/10\\\/15\\\/clj-diari-del-tot-veridic-dun-indi-a-mitja-jornada\\\/\"]}]},{\"@type\":\"ImageObject\",\"inLanguage\":\"ca\",\"@id\":\"https:\\\/\\\/biblioteca.blanes.cat\\\/salajove\\\/2020\\\/10\\\/15\\\/clj-diari-del-tot-veridic-dun-indi-a-mitja-jornada\\\/#primaryimage\",\"url\":\"https:\\\/\\\/biblioteca.blanes.cat\\\/salajove\\\/wp-content\\\/uploads\\\/sites\\\/3\\\/2020\\\/07\\\/logo-club-de-lectura-2020-bloc-3.jpg\",\"contentUrl\":\"https:\\\/\\\/biblioteca.blanes.cat\\\/salajove\\\/wp-content\\\/uploads\\\/sites\\\/3\\\/2020\\\/07\\\/logo-club-de-lectura-2020-bloc-3.jpg\",\"width\":200,\"height\":246},{\"@type\":\"BreadcrumbList\",\"@id\":\"https:\\\/\\\/biblioteca.blanes.cat\\\/salajove\\\/2020\\\/10\\\/15\\\/clj-diari-del-tot-veridic-dun-indi-a-mitja-jornada\\\/#breadcrumb\",\"itemListElement\":[{\"@type\":\"ListItem\",\"position\":1,\"name\":\"Inici\",\"item\":\"https:\\\/\\\/biblioteca.blanes.cat\\\/salajove\\\/\"},{\"@type\":\"ListItem\",\"position\":2,\"name\":\"CLJ: Diari del tot ver\u00eddic d&#8217;un indi a mitja jornada\"}]},{\"@type\":\"WebSite\",\"@id\":\"https:\\\/\\\/biblioteca.blanes.cat\\\/salajove\\\/#website\",\"url\":\"https:\\\/\\\/biblioteca.blanes.cat\\\/salajove\\\/\",\"name\":\"Sala Jove\",\"description\":\"Biblioteca Comarcal de Blanes\",\"publisher\":{\"@id\":\"https:\\\/\\\/biblioteca.blanes.cat\\\/salajove\\\/#organization\"},\"potentialAction\":[{\"@type\":\"SearchAction\",\"target\":{\"@type\":\"EntryPoint\",\"urlTemplate\":\"https:\\\/\\\/biblioteca.blanes.cat\\\/salajove\\\/?s={search_term_string}\"},\"query-input\":{\"@type\":\"PropertyValueSpecification\",\"valueRequired\":true,\"valueName\":\"search_term_string\"}}],\"inLanguage\":\"ca\"},{\"@type\":\"Organization\",\"@id\":\"https:\\\/\\\/biblioteca.blanes.cat\\\/salajove\\\/#organization\",\"name\":\"Biblioteca Comarcal de Blanes\",\"url\":\"https:\\\/\\\/biblioteca.blanes.cat\\\/salajove\\\/\",\"logo\":{\"@type\":\"ImageObject\",\"inLanguage\":\"ca\",\"@id\":\"https:\\\/\\\/biblioteca.blanes.cat\\\/salajove\\\/#\\\/schema\\\/logo\\\/image\\\/\",\"url\":\"https:\\\/\\\/biblioteca.blanes.cat\\\/salajove\\\/wp-content\\\/uploads\\\/sites\\\/3\\\/2017\\\/09\\\/cropped-Bib-blau-e1518869380535.png\",\"contentUrl\":\"https:\\\/\\\/biblioteca.blanes.cat\\\/salajove\\\/wp-content\\\/uploads\\\/sites\\\/3\\\/2017\\\/09\\\/cropped-Bib-blau-e1518869380535.png\",\"width\":166,\"height\":166,\"caption\":\"Biblioteca Comarcal de Blanes\"},\"image\":{\"@id\":\"https:\\\/\\\/biblioteca.blanes.cat\\\/salajove\\\/#\\\/schema\\\/logo\\\/image\\\/\"},\"sameAs\":[\"https:\\\/\\\/www.facebook.com\\\/BilbiotecaComarcaldeBlanes\\\/\",\"https:\\\/\\\/x.com\\\/BiblioBlanes\",\"https:\\\/\\\/www.instagram.com\\\/biblioblanes\\\/\",\"https:\\\/\\\/www.pinterest.es\\\/bblanes\\\/\",\"https:\\\/\\\/www.youtube.com\\\/c\\\/BibliotecaComarcalBlanes\"]},{\"@type\":\"Person\",\"@id\":\"https:\\\/\\\/biblioteca.blanes.cat\\\/salajove\\\/#\\\/schema\\\/person\\\/5a7b46760d9dd611d098bbf571a341dc\",\"name\":\"biblioblanes\",\"image\":{\"@type\":\"ImageObject\",\"inLanguage\":\"ca\",\"@id\":\"https:\\\/\\\/secure.gravatar.com\\\/avatar\\\/6593ca6cc90e5a70939f51c95e8315483b9c281bafba597292bee47992030f99?s=96&d=mm&r=g\",\"url\":\"https:\\\/\\\/secure.gravatar.com\\\/avatar\\\/6593ca6cc90e5a70939f51c95e8315483b9c281bafba597292bee47992030f99?s=96&d=mm&r=g\",\"contentUrl\":\"https:\\\/\\\/secure.gravatar.com\\\/avatar\\\/6593ca6cc90e5a70939f51c95e8315483b9c281bafba597292bee47992030f99?s=96&d=mm&r=g\",\"caption\":\"biblioblanes\"},\"sameAs\":[\"http:\\\/\\\/www.bibgirona.cat\\\/biblioteca\\\/blanes\",\"https:\\\/\\\/x.com\\\/biblioblanes\"],\"url\":\"https:\\\/\\\/biblioteca.blanes.cat\\\/salajove\\\/author\\\/biblioblanes\\\/\"}]}<\/script>\n<!-- \/ Yoast SEO plugin. -->","yoast_head_json":{"title":"CLJ: Diari del tot ver\u00eddic d'un indi a mitja jornada - Sala Jove","robots":{"index":"index","follow":"follow","max-snippet":"max-snippet:-1","max-image-preview":"max-image-preview:large","max-video-preview":"max-video-preview:-1"},"canonical":"https:\/\/biblioteca.blanes.cat\/salajove\/2020\/10\/15\/clj-diari-del-tot-veridic-dun-indi-a-mitja-jornada\/","og_locale":"ca_ES","og_type":"article","og_title":"CLJ: Diari del tot ver\u00eddic d'un indi a mitja jornada - Sala Jove","og_description":"El Club de lectura juvenil comen\u00e7a amb molta for\u00e7a. Tenim uns joves, grans lectors, que ho estan donant tot i aix\u00f2 \u00e9s nota molt\u00edssim. Avui hem comentat: DIARI DEL TOT VER\u00cdDIC D&#8217;UN INDI A MITJA JORNADA, de Sherman Alexie Hem","og_url":"https:\/\/biblioteca.blanes.cat\/salajove\/2020\/10\/15\/clj-diari-del-tot-veridic-dun-indi-a-mitja-jornada\/","og_site_name":"Sala Jove","article_publisher":"https:\/\/www.facebook.com\/BilbiotecaComarcaldeBlanes\/","article_published_time":"2020-10-15T17:37:07+00:00","article_modified_time":"2021-06-28T17:26:29+00:00","og_image":[{"width":200,"height":246,"url":"https:\/\/biblioteca.blanes.cat\/salajove\/wp-content\/uploads\/sites\/3\/2020\/07\/logo-club-de-lectura-2020-bloc-3.jpg","type":"image\/jpeg"}],"author":"biblioblanes","twitter_card":"summary_large_image","twitter_creator":"@biblioblanes","twitter_site":"@BiblioBlanes","twitter_misc":{"Escrit per":"biblioblanes","Temps estimat de lectura":"2 minuts"},"schema":{"@context":"https:\/\/schema.org","@graph":[{"@type":"Article","@id":"https:\/\/biblioteca.blanes.cat\/salajove\/2020\/10\/15\/clj-diari-del-tot-veridic-dun-indi-a-mitja-jornada\/#article","isPartOf":{"@id":"https:\/\/biblioteca.blanes.cat\/salajove\/2020\/10\/15\/clj-diari-del-tot-veridic-dun-indi-a-mitja-jornada\/"},"author":{"name":"biblioblanes","@id":"https:\/\/biblioteca.blanes.cat\/salajove\/#\/schema\/person\/5a7b46760d9dd611d098bbf571a341dc"},"headline":"CLJ: Diari del tot ver\u00eddic d&#8217;un indi a mitja jornada","datePublished":"2020-10-15T17:37:07+00:00","dateModified":"2021-06-28T17:26:29+00:00","mainEntityOfPage":{"@id":"https:\/\/biblioteca.blanes.cat\/salajove\/2020\/10\/15\/clj-diari-del-tot-veridic-dun-indi-a-mitja-jornada\/"},"wordCount":321,"commentCount":0,"publisher":{"@id":"https:\/\/biblioteca.blanes.cat\/salajove\/#organization"},"image":{"@id":"https:\/\/biblioteca.blanes.cat\/salajove\/2020\/10\/15\/clj-diari-del-tot-veridic-dun-indi-a-mitja-jornada\/#primaryimage"},"thumbnailUrl":"https:\/\/biblioteca.blanes.cat\/salajove\/wp-content\/uploads\/sites\/3\/2020\/07\/logo-club-de-lectura-2020-bloc-3.jpg","keywords":["#Activitats","#ClubdeLectura","#Joves","#Lectura"],"articleSection":["Club de Lectura"],"inLanguage":"ca","potentialAction":[{"@type":"CommentAction","name":"Comment","target":["https:\/\/biblioteca.blanes.cat\/salajove\/2020\/10\/15\/clj-diari-del-tot-veridic-dun-indi-a-mitja-jornada\/#respond"]}]},{"@type":"WebPage","@id":"https:\/\/biblioteca.blanes.cat\/salajove\/2020\/10\/15\/clj-diari-del-tot-veridic-dun-indi-a-mitja-jornada\/","url":"https:\/\/biblioteca.blanes.cat\/salajove\/2020\/10\/15\/clj-diari-del-tot-veridic-dun-indi-a-mitja-jornada\/","name":"CLJ: Diari del tot ver\u00eddic d'un indi a mitja jornada - Sala Jove","isPartOf":{"@id":"https:\/\/biblioteca.blanes.cat\/salajove\/#website"},"primaryImageOfPage":{"@id":"https:\/\/biblioteca.blanes.cat\/salajove\/2020\/10\/15\/clj-diari-del-tot-veridic-dun-indi-a-mitja-jornada\/#primaryimage"},"image":{"@id":"https:\/\/biblioteca.blanes.cat\/salajove\/2020\/10\/15\/clj-diari-del-tot-veridic-dun-indi-a-mitja-jornada\/#primaryimage"},"thumbnailUrl":"https:\/\/biblioteca.blanes.cat\/salajove\/wp-content\/uploads\/sites\/3\/2020\/07\/logo-club-de-lectura-2020-bloc-3.jpg","datePublished":"2020-10-15T17:37:07+00:00","dateModified":"2021-06-28T17:26:29+00:00","breadcrumb":{"@id":"https:\/\/biblioteca.blanes.cat\/salajove\/2020\/10\/15\/clj-diari-del-tot-veridic-dun-indi-a-mitja-jornada\/#breadcrumb"},"inLanguage":"ca","potentialAction":[{"@type":"ReadAction","target":["https:\/\/biblioteca.blanes.cat\/salajove\/2020\/10\/15\/clj-diari-del-tot-veridic-dun-indi-a-mitja-jornada\/"]}]},{"@type":"ImageObject","inLanguage":"ca","@id":"https:\/\/biblioteca.blanes.cat\/salajove\/2020\/10\/15\/clj-diari-del-tot-veridic-dun-indi-a-mitja-jornada\/#primaryimage","url":"https:\/\/biblioteca.blanes.cat\/salajove\/wp-content\/uploads\/sites\/3\/2020\/07\/logo-club-de-lectura-2020-bloc-3.jpg","contentUrl":"https:\/\/biblioteca.blanes.cat\/salajove\/wp-content\/uploads\/sites\/3\/2020\/07\/logo-club-de-lectura-2020-bloc-3.jpg","width":200,"height":246},{"@type":"BreadcrumbList","@id":"https:\/\/biblioteca.blanes.cat\/salajove\/2020\/10\/15\/clj-diari-del-tot-veridic-dun-indi-a-mitja-jornada\/#breadcrumb","itemListElement":[{"@type":"ListItem","position":1,"name":"Inici","item":"https:\/\/biblioteca.blanes.cat\/salajove\/"},{"@type":"ListItem","position":2,"name":"CLJ: Diari del tot ver\u00eddic d&#8217;un indi a mitja jornada"}]},{"@type":"WebSite","@id":"https:\/\/biblioteca.blanes.cat\/salajove\/#website","url":"https:\/\/biblioteca.blanes.cat\/salajove\/","name":"Sala Jove","description":"Biblioteca Comarcal de Blanes","publisher":{"@id":"https:\/\/biblioteca.blanes.cat\/salajove\/#organization"},"potentialAction":[{"@type":"SearchAction","target":{"@type":"EntryPoint","urlTemplate":"https:\/\/biblioteca.blanes.cat\/salajove\/?s={search_term_string}"},"query-input":{"@type":"PropertyValueSpecification","valueRequired":true,"valueName":"search_term_string"}}],"inLanguage":"ca"},{"@type":"Organization","@id":"https:\/\/biblioteca.blanes.cat\/salajove\/#organization","name":"Biblioteca Comarcal de Blanes","url":"https:\/\/biblioteca.blanes.cat\/salajove\/","logo":{"@type":"ImageObject","inLanguage":"ca","@id":"https:\/\/biblioteca.blanes.cat\/salajove\/#\/schema\/logo\/image\/","url":"https:\/\/biblioteca.blanes.cat\/salajove\/wp-content\/uploads\/sites\/3\/2017\/09\/cropped-Bib-blau-e1518869380535.png","contentUrl":"https:\/\/biblioteca.blanes.cat\/salajove\/wp-content\/uploads\/sites\/3\/2017\/09\/cropped-Bib-blau-e1518869380535.png","width":166,"height":166,"caption":"Biblioteca Comarcal de Blanes"},"image":{"@id":"https:\/\/biblioteca.blanes.cat\/salajove\/#\/schema\/logo\/image\/"},"sameAs":["https:\/\/www.facebook.com\/BilbiotecaComarcaldeBlanes\/","https:\/\/x.com\/BiblioBlanes","https:\/\/www.instagram.com\/biblioblanes\/","https:\/\/www.pinterest.es\/bblanes\/","https:\/\/www.youtube.com\/c\/BibliotecaComarcalBlanes"]},{"@type":"Person","@id":"https:\/\/biblioteca.blanes.cat\/salajove\/#\/schema\/person\/5a7b46760d9dd611d098bbf571a341dc","name":"biblioblanes","image":{"@type":"ImageObject","inLanguage":"ca","@id":"https:\/\/secure.gravatar.com\/avatar\/6593ca6cc90e5a70939f51c95e8315483b9c281bafba597292bee47992030f99?s=96&d=mm&r=g","url":"https:\/\/secure.gravatar.com\/avatar\/6593ca6cc90e5a70939f51c95e8315483b9c281bafba597292bee47992030f99?s=96&d=mm&r=g","contentUrl":"https:\/\/secure.gravatar.com\/avatar\/6593ca6cc90e5a70939f51c95e8315483b9c281bafba597292bee47992030f99?s=96&d=mm&r=g","caption":"biblioblanes"},"sameAs":["http:\/\/www.bibgirona.cat\/biblioteca\/blanes","https:\/\/x.com\/biblioblanes"],"url":"https:\/\/biblioteca.blanes.cat\/salajove\/author\/biblioblanes\/"}]}},"_links":{"self":[{"href":"https:\/\/biblioteca.blanes.cat\/salajove\/wp-json\/wp\/v2\/posts\/4495","targetHints":{"allow":["GET"]}}],"collection":[{"href":"https:\/\/biblioteca.blanes.cat\/salajove\/wp-json\/wp\/v2\/posts"}],"about":[{"href":"https:\/\/biblioteca.blanes.cat\/salajove\/wp-json\/wp\/v2\/types\/post"}],"author":[{"embeddable":true,"href":"https:\/\/biblioteca.blanes.cat\/salajove\/wp-json\/wp\/v2\/users\/4"}],"replies":[{"embeddable":true,"href":"https:\/\/biblioteca.blanes.cat\/salajove\/wp-json\/wp\/v2\/comments?post=4495"}],"version-history":[{"count":2,"href":"https:\/\/biblioteca.blanes.cat\/salajove\/wp-json\/wp\/v2\/posts\/4495\/revisions"}],"predecessor-version":[{"id":5704,"href":"https:\/\/biblioteca.blanes.cat\/salajove\/wp-json\/wp\/v2\/posts\/4495\/revisions\/5704"}],"wp:featuredmedia":[{"embeddable":true,"href":"https:\/\/biblioteca.blanes.cat\/salajove\/wp-json\/wp\/v2\/media\/4270"}],"wp:attachment":[{"href":"https:\/\/biblioteca.blanes.cat\/salajove\/wp-json\/wp\/v2\/media?parent=4495"}],"wp:term":[{"taxonomy":"category","embeddable":true,"href":"https:\/\/biblioteca.blanes.cat\/salajove\/wp-json\/wp\/v2\/categories?post=4495"},{"taxonomy":"post_tag","embeddable":true,"href":"https:\/\/biblioteca.blanes.cat\/salajove\/wp-json\/wp\/v2\/tags?post=4495"}],"curies":[{"name":"wp","href":"https:\/\/api.w.org\/{rel}","templated":true}]}}