{"id":4491,"date":"2020-10-07T17:03:01","date_gmt":"2020-10-07T16:03:01","guid":{"rendered":"https:\/\/biblioteca.blanes.cat\/salajove\/?p=4491"},"modified":"2020-10-07T17:03:03","modified_gmt":"2020-10-07T16:03:03","slug":"club-de-jocs-de-taula-trobada-9-doctubre","status":"publish","type":"post","link":"https:\/\/biblioteca.blanes.cat\/salajove\/2020\/10\/07\/club-de-jocs-de-taula-trobada-9-doctubre\/","title":{"rendered":"CLUB DE JOCS DE TAULA: Trobada 9 d&#8217;octubre"},"content":{"rendered":"\n<p class=\"has-text-align-center\">Hola jugones!<\/p>\n\n\n\n<p class=\"has-text-align-center\">El proper&nbsp;<strong>Divendres&nbsp;9 d&#8217;octubre de 18h a 20h<\/strong>, seguim amb les sessions presencials a la Biblioteca Comarcal de Blanes<\/p>\n\n\n\n<figure class=\"wp-block-image size-large\"><img fetchpriority=\"high\" decoding=\"async\" width=\"704\" height=\"500\" src=\"https:\/\/biblioteca.blanes.cat\/salajove\/wp-content\/uploads\/sites\/3\/2020\/10\/club-jocs-de-taula.png\" alt=\"\" class=\"wp-image-4492\" srcset=\"https:\/\/biblioteca.blanes.cat\/salajove\/wp-content\/uploads\/sites\/3\/2020\/10\/club-jocs-de-taula.png 704w, https:\/\/biblioteca.blanes.cat\/salajove\/wp-content\/uploads\/sites\/3\/2020\/10\/club-jocs-de-taula-300x213.png 300w\" sizes=\"(max-width: 704px) 100vw, 704px\" \/><\/figure>\n\n\n\n<p class=\"has-text-align-center\">Recordeu que \u00e9s obligatori dur mascareta i nom\u00e9s es pot assistir amb reserva i confirmaci\u00f3 pr\u00e8via de la pla\u00e7a, donat que l&#8217;aforament \u00e9s limitat.<\/p>\n\n\n\n<p class=\"has-text-align-center\"><\/p>\n\n\n\n<p><em>+10 anys. 1-4 jugadors. 45-60 min.<br><\/em><em>Tutorial:&nbsp;<a href=\"https:\/\/www.youtube.com\/watch?v=NDbxW8rZxF8&amp;feature=emb_logo\">https:\/\/www.youtube.com\/watch?v=NDbxW8rZxF8&amp;feature=emb_logo<br><\/a><\/em><em>Serem col\u00b7leccionistes de llibres rars i valuosos. Competirem per tenir la millor biblioteca de poble. Falten pocs dies per a la gran Fira i la compet\u00e8ncia ser\u00e0 terrible! Ser\u00e0s capa\u00e7 d&#8217;ordenar-tots alfab\u00e8ticament? I per tem\u00e0tica? \u00bfI mantenint l&#8217;estabilitat de les prestatgeries? \u00a1\u00bfI tot alhora ?!<\/em><\/p>\n\n\n\n<p><\/p>\n\n\n\n<p><strong>Ja us podeu inscriure enviant-me un email&nbsp;o wassap privat<\/strong>.&nbsp;<\/p>\n\n\n\n<p>&#8212; David Quesada Coordinador del Club de Jocs de Taula Blanes 650 57 02 54 Segueix-nos a Facebook:<strong>&nbsp;<a href=\"https:\/\/www.facebook.com\/JocsdeTaulaBlanes\/\" target=\"_blank\" rel=\"noreferrer noopener\">https:\/\/www.facebook.com\/JocsdeTaulaBlanes\/<\/a><\/strong> Segueix-nos a Twitter: <strong>@CJTBlanes<\/strong><\/p>\n\n\n\n<p class=\"has-text-align-center\">Fins divendres!<\/p>\n","protected":false},"excerpt":{"rendered":"<p>Hola jugones! El proper&nbsp;Divendres&nbsp;9 d&#8217;octubre de 18h a 20h, seguim amb les sessions presencials a la Biblioteca Comarcal de Blanes Recordeu que \u00e9s obligatori dur mascareta i nom\u00e9s es pot assistir amb reserva i confirmaci\u00f3 pr\u00e8via de la pla\u00e7a, donat<\/p>\n","protected":false},"author":4,"featured_media":4375,"comment_status":"open","ping_status":"open","sticky":false,"template":"","format":"standard","meta":{"sfsi_plus_gutenberg_text_before_share":"","sfsi_plus_gutenberg_show_text_before_share":"","sfsi_plus_gutenberg_icon_type":"","sfsi_plus_gutenberg_icon_alignemt":"","sfsi_plus_gutenburg_max_per_row":"","footnotes":""},"categories":[100],"tags":[97],"class_list":["post-4491","post","type-post","status-publish","format-standard","has-post-thumbnail","hentry","category-club-de-jocs-de-taula","tag-activitats-actualitat-joves"],"yoast_head":"<!-- This site is optimized with the Yoast SEO plugin v27.5 - https:\/\/yoast.com\/product\/yoast-seo-wordpress\/ -->\n<title>CLUB DE JOCS DE TAULA: Trobada 9 d&#039;octubre - Sala Jove<\/title>\n<meta name=\"robots\" content=\"index, follow, max-snippet:-1, max-image-preview:large, max-video-preview:-1\" \/>\n<link rel=\"canonical\" href=\"https:\/\/biblioteca.blanes.cat\/salajove\/2020\/10\/07\/club-de-jocs-de-taula-trobada-9-doctubre\/\" \/>\n<meta property=\"og:locale\" content=\"ca_ES\" \/>\n<meta property=\"og:type\" content=\"article\" \/>\n<meta property=\"og:title\" content=\"CLUB DE JOCS DE TAULA: Trobada 9 d&#039;octubre - Sala Jove\" \/>\n<meta property=\"og:description\" content=\"Hola jugones! El proper&nbsp;Divendres&nbsp;9 d&#8217;octubre de 18h a 20h, seguim amb les sessions presencials a la Biblioteca Comarcal de Blanes Recordeu que \u00e9s obligatori dur mascareta i nom\u00e9s es pot assistir amb reserva i confirmaci\u00f3 pr\u00e8via de la pla\u00e7a, donat\" \/>\n<meta property=\"og:url\" content=\"https:\/\/biblioteca.blanes.cat\/salajove\/2020\/10\/07\/club-de-jocs-de-taula-trobada-9-doctubre\/\" \/>\n<meta property=\"og:site_name\" content=\"Sala Jove\" \/>\n<meta property=\"article:publisher\" content=\"https:\/\/www.facebook.com\/BilbiotecaComarcaldeBlanes\/\" \/>\n<meta property=\"article:published_time\" content=\"2020-10-07T16:03:01+00:00\" \/>\n<meta property=\"article:modified_time\" content=\"2020-10-07T16:03:03+00:00\" \/>\n<meta property=\"og:image\" content=\"https:\/\/biblioteca.blanes.cat\/salajove\/wp-content\/uploads\/sites\/3\/2020\/09\/imatge-bloc-club-de-jocs-de-taula-4.jpg\" \/>\n\t<meta property=\"og:image:width\" content=\"150\" \/>\n\t<meta property=\"og:image:height\" content=\"80\" \/>\n\t<meta property=\"og:image:type\" content=\"image\/jpeg\" \/>\n<meta name=\"author\" content=\"biblioblanes\" \/>\n<meta name=\"twitter:card\" content=\"summary_large_image\" \/>\n<meta name=\"twitter:creator\" content=\"@biblioblanes\" \/>\n<meta name=\"twitter:site\" content=\"@BiblioBlanes\" \/>\n<meta name=\"twitter:label1\" content=\"Escrit per\" \/>\n\t<meta name=\"twitter:data1\" content=\"biblioblanes\" \/>\n\t<meta name=\"twitter:label2\" content=\"Temps estimat de lectura\" \/>\n\t<meta name=\"twitter:data2\" content=\"1 minut\" \/>\n<script type=\"application\/ld+json\" class=\"yoast-schema-graph\">{\"@context\":\"https:\\\/\\\/schema.org\",\"@graph\":[{\"@type\":\"Article\",\"@id\":\"https:\\\/\\\/biblioteca.blanes.cat\\\/salajove\\\/2020\\\/10\\\/07\\\/club-de-jocs-de-taula-trobada-9-doctubre\\\/#article\",\"isPartOf\":{\"@id\":\"https:\\\/\\\/biblioteca.blanes.cat\\\/salajove\\\/2020\\\/10\\\/07\\\/club-de-jocs-de-taula-trobada-9-doctubre\\\/\"},\"author\":{\"name\":\"biblioblanes\",\"@id\":\"https:\\\/\\\/biblioteca.blanes.cat\\\/salajove\\\/#\\\/schema\\\/person\\\/5a7b46760d9dd611d098bbf571a341dc\"},\"headline\":\"CLUB DE JOCS DE TAULA: Trobada 9 d&#8217;octubre\",\"datePublished\":\"2020-10-07T16:03:01+00:00\",\"dateModified\":\"2020-10-07T16:03:03+00:00\",\"mainEntityOfPage\":{\"@id\":\"https:\\\/\\\/biblioteca.blanes.cat\\\/salajove\\\/2020\\\/10\\\/07\\\/club-de-jocs-de-taula-trobada-9-doctubre\\\/\"},\"wordCount\":168,\"commentCount\":0,\"publisher\":{\"@id\":\"https:\\\/\\\/biblioteca.blanes.cat\\\/salajove\\\/#organization\"},\"image\":{\"@id\":\"https:\\\/\\\/biblioteca.blanes.cat\\\/salajove\\\/2020\\\/10\\\/07\\\/club-de-jocs-de-taula-trobada-9-doctubre\\\/#primaryimage\"},\"thumbnailUrl\":\"https:\\\/\\\/biblioteca.blanes.cat\\\/salajove\\\/wp-content\\\/uploads\\\/sites\\\/3\\\/2020\\\/09\\\/imatge-bloc-club-de-jocs-de-taula-4.jpg\",\"keywords\":[\"#Activitats #Actualitat #Joves\"],\"articleSection\":[\"Club de jocs de taula\"],\"inLanguage\":\"ca\",\"potentialAction\":[{\"@type\":\"CommentAction\",\"name\":\"Comment\",\"target\":[\"https:\\\/\\\/biblioteca.blanes.cat\\\/salajove\\\/2020\\\/10\\\/07\\\/club-de-jocs-de-taula-trobada-9-doctubre\\\/#respond\"]}]},{\"@type\":\"WebPage\",\"@id\":\"https:\\\/\\\/biblioteca.blanes.cat\\\/salajove\\\/2020\\\/10\\\/07\\\/club-de-jocs-de-taula-trobada-9-doctubre\\\/\",\"url\":\"https:\\\/\\\/biblioteca.blanes.cat\\\/salajove\\\/2020\\\/10\\\/07\\\/club-de-jocs-de-taula-trobada-9-doctubre\\\/\",\"name\":\"CLUB DE JOCS DE TAULA: Trobada 9 d'octubre - Sala Jove\",\"isPartOf\":{\"@id\":\"https:\\\/\\\/biblioteca.blanes.cat\\\/salajove\\\/#website\"},\"primaryImageOfPage\":{\"@id\":\"https:\\\/\\\/biblioteca.blanes.cat\\\/salajove\\\/2020\\\/10\\\/07\\\/club-de-jocs-de-taula-trobada-9-doctubre\\\/#primaryimage\"},\"image\":{\"@id\":\"https:\\\/\\\/biblioteca.blanes.cat\\\/salajove\\\/2020\\\/10\\\/07\\\/club-de-jocs-de-taula-trobada-9-doctubre\\\/#primaryimage\"},\"thumbnailUrl\":\"https:\\\/\\\/biblioteca.blanes.cat\\\/salajove\\\/wp-content\\\/uploads\\\/sites\\\/3\\\/2020\\\/09\\\/imatge-bloc-club-de-jocs-de-taula-4.jpg\",\"datePublished\":\"2020-10-07T16:03:01+00:00\",\"dateModified\":\"2020-10-07T16:03:03+00:00\",\"breadcrumb\":{\"@id\":\"https:\\\/\\\/biblioteca.blanes.cat\\\/salajove\\\/2020\\\/10\\\/07\\\/club-de-jocs-de-taula-trobada-9-doctubre\\\/#breadcrumb\"},\"inLanguage\":\"ca\",\"potentialAction\":[{\"@type\":\"ReadAction\",\"target\":[\"https:\\\/\\\/biblioteca.blanes.cat\\\/salajove\\\/2020\\\/10\\\/07\\\/club-de-jocs-de-taula-trobada-9-doctubre\\\/\"]}]},{\"@type\":\"ImageObject\",\"inLanguage\":\"ca\",\"@id\":\"https:\\\/\\\/biblioteca.blanes.cat\\\/salajove\\\/2020\\\/10\\\/07\\\/club-de-jocs-de-taula-trobada-9-doctubre\\\/#primaryimage\",\"url\":\"https:\\\/\\\/biblioteca.blanes.cat\\\/salajove\\\/wp-content\\\/uploads\\\/sites\\\/3\\\/2020\\\/09\\\/imatge-bloc-club-de-jocs-de-taula-4.jpg\",\"contentUrl\":\"https:\\\/\\\/biblioteca.blanes.cat\\\/salajove\\\/wp-content\\\/uploads\\\/sites\\\/3\\\/2020\\\/09\\\/imatge-bloc-club-de-jocs-de-taula-4.jpg\",\"width\":150,\"height\":80},{\"@type\":\"BreadcrumbList\",\"@id\":\"https:\\\/\\\/biblioteca.blanes.cat\\\/salajove\\\/2020\\\/10\\\/07\\\/club-de-jocs-de-taula-trobada-9-doctubre\\\/#breadcrumb\",\"itemListElement\":[{\"@type\":\"ListItem\",\"position\":1,\"name\":\"Inici\",\"item\":\"https:\\\/\\\/biblioteca.blanes.cat\\\/salajove\\\/\"},{\"@type\":\"ListItem\",\"position\":2,\"name\":\"CLUB DE JOCS DE TAULA: Trobada 9 d&#8217;octubre\"}]},{\"@type\":\"WebSite\",\"@id\":\"https:\\\/\\\/biblioteca.blanes.cat\\\/salajove\\\/#website\",\"url\":\"https:\\\/\\\/biblioteca.blanes.cat\\\/salajove\\\/\",\"name\":\"Sala Jove\",\"description\":\"Biblioteca Comarcal de Blanes\",\"publisher\":{\"@id\":\"https:\\\/\\\/biblioteca.blanes.cat\\\/salajove\\\/#organization\"},\"potentialAction\":[{\"@type\":\"SearchAction\",\"target\":{\"@type\":\"EntryPoint\",\"urlTemplate\":\"https:\\\/\\\/biblioteca.blanes.cat\\\/salajove\\\/?s={search_term_string}\"},\"query-input\":{\"@type\":\"PropertyValueSpecification\",\"valueRequired\":true,\"valueName\":\"search_term_string\"}}],\"inLanguage\":\"ca\"},{\"@type\":\"Organization\",\"@id\":\"https:\\\/\\\/biblioteca.blanes.cat\\\/salajove\\\/#organization\",\"name\":\"Biblioteca Comarcal de Blanes\",\"url\":\"https:\\\/\\\/biblioteca.blanes.cat\\\/salajove\\\/\",\"logo\":{\"@type\":\"ImageObject\",\"inLanguage\":\"ca\",\"@id\":\"https:\\\/\\\/biblioteca.blanes.cat\\\/salajove\\\/#\\\/schema\\\/logo\\\/image\\\/\",\"url\":\"https:\\\/\\\/biblioteca.blanes.cat\\\/salajove\\\/wp-content\\\/uploads\\\/sites\\\/3\\\/2017\\\/09\\\/cropped-Bib-blau-e1518869380535.png\",\"contentUrl\":\"https:\\\/\\\/biblioteca.blanes.cat\\\/salajove\\\/wp-content\\\/uploads\\\/sites\\\/3\\\/2017\\\/09\\\/cropped-Bib-blau-e1518869380535.png\",\"width\":166,\"height\":166,\"caption\":\"Biblioteca Comarcal de Blanes\"},\"image\":{\"@id\":\"https:\\\/\\\/biblioteca.blanes.cat\\\/salajove\\\/#\\\/schema\\\/logo\\\/image\\\/\"},\"sameAs\":[\"https:\\\/\\\/www.facebook.com\\\/BilbiotecaComarcaldeBlanes\\\/\",\"https:\\\/\\\/x.com\\\/BiblioBlanes\",\"https:\\\/\\\/www.instagram.com\\\/biblioblanes\\\/\",\"https:\\\/\\\/www.pinterest.es\\\/bblanes\\\/\",\"https:\\\/\\\/www.youtube.com\\\/c\\\/BibliotecaComarcalBlanes\"]},{\"@type\":\"Person\",\"@id\":\"https:\\\/\\\/biblioteca.blanes.cat\\\/salajove\\\/#\\\/schema\\\/person\\\/5a7b46760d9dd611d098bbf571a341dc\",\"name\":\"biblioblanes\",\"image\":{\"@type\":\"ImageObject\",\"inLanguage\":\"ca\",\"@id\":\"https:\\\/\\\/secure.gravatar.com\\\/avatar\\\/6593ca6cc90e5a70939f51c95e8315483b9c281bafba597292bee47992030f99?s=96&d=mm&r=g\",\"url\":\"https:\\\/\\\/secure.gravatar.com\\\/avatar\\\/6593ca6cc90e5a70939f51c95e8315483b9c281bafba597292bee47992030f99?s=96&d=mm&r=g\",\"contentUrl\":\"https:\\\/\\\/secure.gravatar.com\\\/avatar\\\/6593ca6cc90e5a70939f51c95e8315483b9c281bafba597292bee47992030f99?s=96&d=mm&r=g\",\"caption\":\"biblioblanes\"},\"sameAs\":[\"http:\\\/\\\/www.bibgirona.cat\\\/biblioteca\\\/blanes\",\"https:\\\/\\\/x.com\\\/biblioblanes\"],\"url\":\"https:\\\/\\\/biblioteca.blanes.cat\\\/salajove\\\/author\\\/biblioblanes\\\/\"}]}<\/script>\n<!-- \/ Yoast SEO plugin. -->","yoast_head_json":{"title":"CLUB DE JOCS DE TAULA: Trobada 9 d'octubre - Sala Jove","robots":{"index":"index","follow":"follow","max-snippet":"max-snippet:-1","max-image-preview":"max-image-preview:large","max-video-preview":"max-video-preview:-1"},"canonical":"https:\/\/biblioteca.blanes.cat\/salajove\/2020\/10\/07\/club-de-jocs-de-taula-trobada-9-doctubre\/","og_locale":"ca_ES","og_type":"article","og_title":"CLUB DE JOCS DE TAULA: Trobada 9 d'octubre - Sala Jove","og_description":"Hola jugones! El proper&nbsp;Divendres&nbsp;9 d&#8217;octubre de 18h a 20h, seguim amb les sessions presencials a la Biblioteca Comarcal de Blanes Recordeu que \u00e9s obligatori dur mascareta i nom\u00e9s es pot assistir amb reserva i confirmaci\u00f3 pr\u00e8via de la pla\u00e7a, donat","og_url":"https:\/\/biblioteca.blanes.cat\/salajove\/2020\/10\/07\/club-de-jocs-de-taula-trobada-9-doctubre\/","og_site_name":"Sala Jove","article_publisher":"https:\/\/www.facebook.com\/BilbiotecaComarcaldeBlanes\/","article_published_time":"2020-10-07T16:03:01+00:00","article_modified_time":"2020-10-07T16:03:03+00:00","og_image":[{"width":150,"height":80,"url":"https:\/\/biblioteca.blanes.cat\/salajove\/wp-content\/uploads\/sites\/3\/2020\/09\/imatge-bloc-club-de-jocs-de-taula-4.jpg","type":"image\/jpeg"}],"author":"biblioblanes","twitter_card":"summary_large_image","twitter_creator":"@biblioblanes","twitter_site":"@BiblioBlanes","twitter_misc":{"Escrit per":"biblioblanes","Temps estimat de lectura":"1 minut"},"schema":{"@context":"https:\/\/schema.org","@graph":[{"@type":"Article","@id":"https:\/\/biblioteca.blanes.cat\/salajove\/2020\/10\/07\/club-de-jocs-de-taula-trobada-9-doctubre\/#article","isPartOf":{"@id":"https:\/\/biblioteca.blanes.cat\/salajove\/2020\/10\/07\/club-de-jocs-de-taula-trobada-9-doctubre\/"},"author":{"name":"biblioblanes","@id":"https:\/\/biblioteca.blanes.cat\/salajove\/#\/schema\/person\/5a7b46760d9dd611d098bbf571a341dc"},"headline":"CLUB DE JOCS DE TAULA: Trobada 9 d&#8217;octubre","datePublished":"2020-10-07T16:03:01+00:00","dateModified":"2020-10-07T16:03:03+00:00","mainEntityOfPage":{"@id":"https:\/\/biblioteca.blanes.cat\/salajove\/2020\/10\/07\/club-de-jocs-de-taula-trobada-9-doctubre\/"},"wordCount":168,"commentCount":0,"publisher":{"@id":"https:\/\/biblioteca.blanes.cat\/salajove\/#organization"},"image":{"@id":"https:\/\/biblioteca.blanes.cat\/salajove\/2020\/10\/07\/club-de-jocs-de-taula-trobada-9-doctubre\/#primaryimage"},"thumbnailUrl":"https:\/\/biblioteca.blanes.cat\/salajove\/wp-content\/uploads\/sites\/3\/2020\/09\/imatge-bloc-club-de-jocs-de-taula-4.jpg","keywords":["#Activitats #Actualitat #Joves"],"articleSection":["Club de jocs de taula"],"inLanguage":"ca","potentialAction":[{"@type":"CommentAction","name":"Comment","target":["https:\/\/biblioteca.blanes.cat\/salajove\/2020\/10\/07\/club-de-jocs-de-taula-trobada-9-doctubre\/#respond"]}]},{"@type":"WebPage","@id":"https:\/\/biblioteca.blanes.cat\/salajove\/2020\/10\/07\/club-de-jocs-de-taula-trobada-9-doctubre\/","url":"https:\/\/biblioteca.blanes.cat\/salajove\/2020\/10\/07\/club-de-jocs-de-taula-trobada-9-doctubre\/","name":"CLUB DE JOCS DE TAULA: Trobada 9 d'octubre - Sala Jove","isPartOf":{"@id":"https:\/\/biblioteca.blanes.cat\/salajove\/#website"},"primaryImageOfPage":{"@id":"https:\/\/biblioteca.blanes.cat\/salajove\/2020\/10\/07\/club-de-jocs-de-taula-trobada-9-doctubre\/#primaryimage"},"image":{"@id":"https:\/\/biblioteca.blanes.cat\/salajove\/2020\/10\/07\/club-de-jocs-de-taula-trobada-9-doctubre\/#primaryimage"},"thumbnailUrl":"https:\/\/biblioteca.blanes.cat\/salajove\/wp-content\/uploads\/sites\/3\/2020\/09\/imatge-bloc-club-de-jocs-de-taula-4.jpg","datePublished":"2020-10-07T16:03:01+00:00","dateModified":"2020-10-07T16:03:03+00:00","breadcrumb":{"@id":"https:\/\/biblioteca.blanes.cat\/salajove\/2020\/10\/07\/club-de-jocs-de-taula-trobada-9-doctubre\/#breadcrumb"},"inLanguage":"ca","potentialAction":[{"@type":"ReadAction","target":["https:\/\/biblioteca.blanes.cat\/salajove\/2020\/10\/07\/club-de-jocs-de-taula-trobada-9-doctubre\/"]}]},{"@type":"ImageObject","inLanguage":"ca","@id":"https:\/\/biblioteca.blanes.cat\/salajove\/2020\/10\/07\/club-de-jocs-de-taula-trobada-9-doctubre\/#primaryimage","url":"https:\/\/biblioteca.blanes.cat\/salajove\/wp-content\/uploads\/sites\/3\/2020\/09\/imatge-bloc-club-de-jocs-de-taula-4.jpg","contentUrl":"https:\/\/biblioteca.blanes.cat\/salajove\/wp-content\/uploads\/sites\/3\/2020\/09\/imatge-bloc-club-de-jocs-de-taula-4.jpg","width":150,"height":80},{"@type":"BreadcrumbList","@id":"https:\/\/biblioteca.blanes.cat\/salajove\/2020\/10\/07\/club-de-jocs-de-taula-trobada-9-doctubre\/#breadcrumb","itemListElement":[{"@type":"ListItem","position":1,"name":"Inici","item":"https:\/\/biblioteca.blanes.cat\/salajove\/"},{"@type":"ListItem","position":2,"name":"CLUB DE JOCS DE TAULA: Trobada 9 d&#8217;octubre"}]},{"@type":"WebSite","@id":"https:\/\/biblioteca.blanes.cat\/salajove\/#website","url":"https:\/\/biblioteca.blanes.cat\/salajove\/","name":"Sala Jove","description":"Biblioteca Comarcal de Blanes","publisher":{"@id":"https:\/\/biblioteca.blanes.cat\/salajove\/#organization"},"potentialAction":[{"@type":"SearchAction","target":{"@type":"EntryPoint","urlTemplate":"https:\/\/biblioteca.blanes.cat\/salajove\/?s={search_term_string}"},"query-input":{"@type":"PropertyValueSpecification","valueRequired":true,"valueName":"search_term_string"}}],"inLanguage":"ca"},{"@type":"Organization","@id":"https:\/\/biblioteca.blanes.cat\/salajove\/#organization","name":"Biblioteca Comarcal de Blanes","url":"https:\/\/biblioteca.blanes.cat\/salajove\/","logo":{"@type":"ImageObject","inLanguage":"ca","@id":"https:\/\/biblioteca.blanes.cat\/salajove\/#\/schema\/logo\/image\/","url":"https:\/\/biblioteca.blanes.cat\/salajove\/wp-content\/uploads\/sites\/3\/2017\/09\/cropped-Bib-blau-e1518869380535.png","contentUrl":"https:\/\/biblioteca.blanes.cat\/salajove\/wp-content\/uploads\/sites\/3\/2017\/09\/cropped-Bib-blau-e1518869380535.png","width":166,"height":166,"caption":"Biblioteca Comarcal de Blanes"},"image":{"@id":"https:\/\/biblioteca.blanes.cat\/salajove\/#\/schema\/logo\/image\/"},"sameAs":["https:\/\/www.facebook.com\/BilbiotecaComarcaldeBlanes\/","https:\/\/x.com\/BiblioBlanes","https:\/\/www.instagram.com\/biblioblanes\/","https:\/\/www.pinterest.es\/bblanes\/","https:\/\/www.youtube.com\/c\/BibliotecaComarcalBlanes"]},{"@type":"Person","@id":"https:\/\/biblioteca.blanes.cat\/salajove\/#\/schema\/person\/5a7b46760d9dd611d098bbf571a341dc","name":"biblioblanes","image":{"@type":"ImageObject","inLanguage":"ca","@id":"https:\/\/secure.gravatar.com\/avatar\/6593ca6cc90e5a70939f51c95e8315483b9c281bafba597292bee47992030f99?s=96&d=mm&r=g","url":"https:\/\/secure.gravatar.com\/avatar\/6593ca6cc90e5a70939f51c95e8315483b9c281bafba597292bee47992030f99?s=96&d=mm&r=g","contentUrl":"https:\/\/secure.gravatar.com\/avatar\/6593ca6cc90e5a70939f51c95e8315483b9c281bafba597292bee47992030f99?s=96&d=mm&r=g","caption":"biblioblanes"},"sameAs":["http:\/\/www.bibgirona.cat\/biblioteca\/blanes","https:\/\/x.com\/biblioblanes"],"url":"https:\/\/biblioteca.blanes.cat\/salajove\/author\/biblioblanes\/"}]}},"_links":{"self":[{"href":"https:\/\/biblioteca.blanes.cat\/salajove\/wp-json\/wp\/v2\/posts\/4491","targetHints":{"allow":["GET"]}}],"collection":[{"href":"https:\/\/biblioteca.blanes.cat\/salajove\/wp-json\/wp\/v2\/posts"}],"about":[{"href":"https:\/\/biblioteca.blanes.cat\/salajove\/wp-json\/wp\/v2\/types\/post"}],"author":[{"embeddable":true,"href":"https:\/\/biblioteca.blanes.cat\/salajove\/wp-json\/wp\/v2\/users\/4"}],"replies":[{"embeddable":true,"href":"https:\/\/biblioteca.blanes.cat\/salajove\/wp-json\/wp\/v2\/comments?post=4491"}],"version-history":[{"count":2,"href":"https:\/\/biblioteca.blanes.cat\/salajove\/wp-json\/wp\/v2\/posts\/4491\/revisions"}],"predecessor-version":[{"id":4494,"href":"https:\/\/biblioteca.blanes.cat\/salajove\/wp-json\/wp\/v2\/posts\/4491\/revisions\/4494"}],"wp:featuredmedia":[{"embeddable":true,"href":"https:\/\/biblioteca.blanes.cat\/salajove\/wp-json\/wp\/v2\/media\/4375"}],"wp:attachment":[{"href":"https:\/\/biblioteca.blanes.cat\/salajove\/wp-json\/wp\/v2\/media?parent=4491"}],"wp:term":[{"taxonomy":"category","embeddable":true,"href":"https:\/\/biblioteca.blanes.cat\/salajove\/wp-json\/wp\/v2\/categories?post=4491"},{"taxonomy":"post_tag","embeddable":true,"href":"https:\/\/biblioteca.blanes.cat\/salajove\/wp-json\/wp\/v2\/tags?post=4491"}],"curies":[{"name":"wp","href":"https:\/\/api.w.org\/{rel}","templated":true}]}}