{"id":448,"date":"2017-11-17T14:47:21","date_gmt":"2017-11-17T13:47:21","guid":{"rendered":"https:\/\/biblioteca.blanes.cat\/salajove\/?p=448"},"modified":"2018-06-29T10:50:18","modified_gmt":"2018-06-29T09:50:18","slug":"clj-atrapats-xarxa","status":"publish","type":"post","link":"https:\/\/biblioteca.blanes.cat\/salajove\/2017\/11\/17\/clj-atrapats-xarxa\/","title":{"rendered":"CLJ: Atrapats a la xarxa"},"content":{"rendered":"<h2 style=\"text-align: center;\">Al CLJ d&#8217;aquest mes llegim un llibre de Michel Gagnon<\/h2>\n<p style=\"text-align: justify;\"><img decoding=\"async\" class=\"alignleft \" src=\"https:\/\/static7grup62cat.cdnstatics.com\/usuaris\/autores\/fotos\/57\/tam_1\/000056036_1_Gagnon_Michelle__200_201510211952.jpeg\" alt=\"CLJ: Atrapats a la Xarxa\" width=\"200\" height=\"200\" \/>La Setmana que ve comentarem el llibre <em><strong>Atrapats a la Xarxa<\/strong><\/em> de l&#8217;escriptora <span class=\"nom\"><strong>Michelle Gagnon<\/strong>, u<\/span>na escriptora nord-americana. Les seves novel\u00b7les d&#8217;intriga han estat d&#8217;entre les m\u00e9s venudes i han estat publicades en m\u00e9s d&#8217;una dotzena de pa\u00efsos. La seva segona novel\u00b7la\u00a0<em><span style=\"color: green;\">Boneyard<\/span><\/em>\u00a0(2008), va ser nominada pel premi <em>Daphne du Maurier for Excellence in Mystery\/Suspense<\/em>. El primer llibre de la seva trilogia per joves <em><span style=\"color: green;\">Persefone,\u00a0Don&#8217;t turn around<\/span>\u00a0<\/em>(2012), va ser sel\u00b7leccionada com una de les millors de 2012 per la American Library Association, la revista Entertainment Weekly, y Kirkus.<\/p>\n<h2>Sinopsi:<\/h2>\n<p style=\"text-align: justify;\">Des que els seus pares van morir, la Noa ha estat v\u00edctima del sistema i no confia a en ning\u00fa. Utilitza les seves habilitats de hacker per romandre en l\u2019anonimat i estar sola. Per\u00f2 un dia, quan de sobte es desperta en una taula en un magatzem amb una via intravenosa al bra\u00e7 i no recorda com ha arribat all\u00e0, la Noa comen\u00e7a a desitjar per primera vegada tenir alg\u00fa al seu costat.<\/p>\n<p style=\"text-align: right; font-size: 75%;\">Font: <a href=\"https:\/\/www.grup62.cat\/llibre-atrapats-a-la-xarxa\/165042\">grup62<\/a><\/p>\n<p><a href=\"https:\/\/biblioteca.blanes.cat\/salajove\/club-lectura-jove\/\" target=\"_blank\" rel=\"noopener\"><img fetchpriority=\"high\" decoding=\"async\" class=\"aligncenter wp-image-452\" src=\"https:\/\/biblioteca.blanes.cat\/salajove\/wp-content\/uploads\/sites\/3\/2017\/11\/CLJ_Atrapats-a-la-xarxa-724x1024.jpg\" alt=\"CLJ: Atrapats a la Xarxa\" width=\"354\" height=\"500\" srcset=\"https:\/\/biblioteca.blanes.cat\/salajove\/wp-content\/uploads\/sites\/3\/2017\/11\/CLJ_Atrapats-a-la-xarxa-724x1024.jpg 724w, https:\/\/biblioteca.blanes.cat\/salajove\/wp-content\/uploads\/sites\/3\/2017\/11\/CLJ_Atrapats-a-la-xarxa-212x300.jpg 212w, https:\/\/biblioteca.blanes.cat\/salajove\/wp-content\/uploads\/sites\/3\/2017\/11\/CLJ_Atrapats-a-la-xarxa-768x1086.jpg 768w, https:\/\/biblioteca.blanes.cat\/salajove\/wp-content\/uploads\/sites\/3\/2017\/11\/CLJ_Atrapats-a-la-xarxa.jpg 1755w\" sizes=\"(max-width: 354px) 100vw, 354px\" \/><\/a><\/p>\n","protected":false},"excerpt":{"rendered":"<p>Al CLJ d&#8217;aquest mes llegim un llibre de Michel Gagnon La Setmana que ve comentarem el llibre Atrapats a la Xarxa de l&#8217;escriptora Michelle Gagnon, una escriptora nord-americana. Les seves novel\u00b7les d&#8217;intriga han estat d&#8217;entre les m\u00e9s venudes i han<\/p>\n","protected":false},"author":4,"featured_media":297,"comment_status":"open","ping_status":"open","sticky":false,"template":"","format":"standard","meta":{"sfsi_plus_gutenberg_text_before_share":"","sfsi_plus_gutenberg_show_text_before_share":"","sfsi_plus_gutenberg_icon_type":"","sfsi_plus_gutenberg_icon_alignemt":"","sfsi_plus_gutenburg_max_per_row":"","footnotes":""},"categories":[5],"tags":[24,29,26,19,21,23],"class_list":["post-448","post","type-post","status-publish","format-standard","has-post-thumbnail","hentry","category-club-de-lectura","tag-activitats","tag-club-de-lectura","tag-lectura","tag-literatura","tag-llibres","tag-sinopsi"],"yoast_head":"<!-- This site is optimized with the Yoast SEO plugin v27.5 - https:\/\/yoast.com\/product\/yoast-seo-wordpress\/ -->\n<title>CLJ: La Setmana que ve comentarem el llibre Atrapats a la Xarxa<\/title>\n<meta name=\"description\" content=\"CLJ: La Setmana que ve comentarem el llibre Atrapats a la Xarxa de l&#039;escriptora Michelle Gagnon, una escriptora nord-americana.\" \/>\n<meta name=\"robots\" content=\"index, follow, max-snippet:-1, max-image-preview:large, max-video-preview:-1\" \/>\n<link rel=\"canonical\" href=\"https:\/\/biblioteca.blanes.cat\/salajove\/2017\/11\/17\/clj-atrapats-xarxa\/\" \/>\n<meta property=\"og:locale\" content=\"ca_ES\" \/>\n<meta property=\"og:type\" content=\"article\" \/>\n<meta property=\"og:title\" content=\"CLJ: La Setmana que ve comentarem el llibre Atrapats a la Xarxa\" \/>\n<meta property=\"og:description\" content=\"CLJ: La Setmana que ve comentarem el llibre Atrapats a la Xarxa de l&#039;escriptora Michelle Gagnon, una escriptora nord-americana.\" \/>\n<meta property=\"og:url\" content=\"https:\/\/biblioteca.blanes.cat\/salajove\/2017\/11\/17\/clj-atrapats-xarxa\/\" \/>\n<meta property=\"og:site_name\" content=\"Sala Jove\" \/>\n<meta property=\"article:publisher\" content=\"https:\/\/www.facebook.com\/BilbiotecaComarcaldeBlanes\/\" \/>\n<meta property=\"article:published_time\" content=\"2017-11-17T13:47:21+00:00\" \/>\n<meta property=\"article:modified_time\" content=\"2018-06-29T09:50:18+00:00\" \/>\n<meta property=\"og:image\" content=\"https:\/\/biblioteca.blanes.cat\/salajove\/wp-content\/uploads\/sites\/3\/2017\/10\/Atrapats-a-la-xarxa.jpg\" \/>\n\t<meta property=\"og:image:width\" content=\"252\" \/>\n\t<meta property=\"og:image:height\" content=\"391\" \/>\n\t<meta property=\"og:image:type\" content=\"image\/jpeg\" \/>\n<meta name=\"author\" content=\"biblioblanes\" \/>\n<meta name=\"twitter:card\" content=\"summary_large_image\" \/>\n<meta name=\"twitter:creator\" content=\"@biblioblanes\" \/>\n<meta name=\"twitter:site\" content=\"@BiblioBlanes\" \/>\n<meta name=\"twitter:label1\" content=\"Escrit per\" \/>\n\t<meta name=\"twitter:data1\" content=\"biblioblanes\" \/>\n\t<meta name=\"twitter:label2\" content=\"Temps estimat de lectura\" \/>\n\t<meta name=\"twitter:data2\" content=\"1 minut\" \/>\n<script type=\"application\/ld+json\" class=\"yoast-schema-graph\">{\"@context\":\"https:\\\/\\\/schema.org\",\"@graph\":[{\"@type\":\"Article\",\"@id\":\"https:\\\/\\\/biblioteca.blanes.cat\\\/salajove\\\/2017\\\/11\\\/17\\\/clj-atrapats-xarxa\\\/#article\",\"isPartOf\":{\"@id\":\"https:\\\/\\\/biblioteca.blanes.cat\\\/salajove\\\/2017\\\/11\\\/17\\\/clj-atrapats-xarxa\\\/\"},\"author\":{\"name\":\"biblioblanes\",\"@id\":\"https:\\\/\\\/biblioteca.blanes.cat\\\/salajove\\\/#\\\/schema\\\/person\\\/5a7b46760d9dd611d098bbf571a341dc\"},\"headline\":\"CLJ: Atrapats a la xarxa\",\"datePublished\":\"2017-11-17T13:47:21+00:00\",\"dateModified\":\"2018-06-29T09:50:18+00:00\",\"mainEntityOfPage\":{\"@id\":\"https:\\\/\\\/biblioteca.blanes.cat\\\/salajove\\\/2017\\\/11\\\/17\\\/clj-atrapats-xarxa\\\/\"},\"wordCount\":195,\"commentCount\":0,\"publisher\":{\"@id\":\"https:\\\/\\\/biblioteca.blanes.cat\\\/salajove\\\/#organization\"},\"image\":{\"@id\":\"https:\\\/\\\/biblioteca.blanes.cat\\\/salajove\\\/2017\\\/11\\\/17\\\/clj-atrapats-xarxa\\\/#primaryimage\"},\"thumbnailUrl\":\"https:\\\/\\\/biblioteca.blanes.cat\\\/salajove\\\/wp-content\\\/uploads\\\/sites\\\/3\\\/2017\\\/10\\\/Atrapats-a-la-xarxa.jpg\",\"keywords\":[\"#Activitats\",\"#ClubdeLectura\",\"#Lectura\",\"#Literatura\",\"#Llibres\",\"#Sinopsi\"],\"articleSection\":[\"Club de Lectura\"],\"inLanguage\":\"ca\",\"potentialAction\":[{\"@type\":\"CommentAction\",\"name\":\"Comment\",\"target\":[\"https:\\\/\\\/biblioteca.blanes.cat\\\/salajove\\\/2017\\\/11\\\/17\\\/clj-atrapats-xarxa\\\/#respond\"]}]},{\"@type\":\"WebPage\",\"@id\":\"https:\\\/\\\/biblioteca.blanes.cat\\\/salajove\\\/2017\\\/11\\\/17\\\/clj-atrapats-xarxa\\\/\",\"url\":\"https:\\\/\\\/biblioteca.blanes.cat\\\/salajove\\\/2017\\\/11\\\/17\\\/clj-atrapats-xarxa\\\/\",\"name\":\"CLJ: La Setmana que ve comentarem el llibre Atrapats a la Xarxa\",\"isPartOf\":{\"@id\":\"https:\\\/\\\/biblioteca.blanes.cat\\\/salajove\\\/#website\"},\"primaryImageOfPage\":{\"@id\":\"https:\\\/\\\/biblioteca.blanes.cat\\\/salajove\\\/2017\\\/11\\\/17\\\/clj-atrapats-xarxa\\\/#primaryimage\"},\"image\":{\"@id\":\"https:\\\/\\\/biblioteca.blanes.cat\\\/salajove\\\/2017\\\/11\\\/17\\\/clj-atrapats-xarxa\\\/#primaryimage\"},\"thumbnailUrl\":\"https:\\\/\\\/biblioteca.blanes.cat\\\/salajove\\\/wp-content\\\/uploads\\\/sites\\\/3\\\/2017\\\/10\\\/Atrapats-a-la-xarxa.jpg\",\"datePublished\":\"2017-11-17T13:47:21+00:00\",\"dateModified\":\"2018-06-29T09:50:18+00:00\",\"description\":\"CLJ: La Setmana que ve comentarem el llibre Atrapats a la Xarxa de l'escriptora Michelle Gagnon, una escriptora nord-americana.\",\"breadcrumb\":{\"@id\":\"https:\\\/\\\/biblioteca.blanes.cat\\\/salajove\\\/2017\\\/11\\\/17\\\/clj-atrapats-xarxa\\\/#breadcrumb\"},\"inLanguage\":\"ca\",\"potentialAction\":[{\"@type\":\"ReadAction\",\"target\":[\"https:\\\/\\\/biblioteca.blanes.cat\\\/salajove\\\/2017\\\/11\\\/17\\\/clj-atrapats-xarxa\\\/\"]}]},{\"@type\":\"ImageObject\",\"inLanguage\":\"ca\",\"@id\":\"https:\\\/\\\/biblioteca.blanes.cat\\\/salajove\\\/2017\\\/11\\\/17\\\/clj-atrapats-xarxa\\\/#primaryimage\",\"url\":\"https:\\\/\\\/biblioteca.blanes.cat\\\/salajove\\\/wp-content\\\/uploads\\\/sites\\\/3\\\/2017\\\/10\\\/Atrapats-a-la-xarxa.jpg\",\"contentUrl\":\"https:\\\/\\\/biblioteca.blanes.cat\\\/salajove\\\/wp-content\\\/uploads\\\/sites\\\/3\\\/2017\\\/10\\\/Atrapats-a-la-xarxa.jpg\",\"width\":252,\"height\":391},{\"@type\":\"BreadcrumbList\",\"@id\":\"https:\\\/\\\/biblioteca.blanes.cat\\\/salajove\\\/2017\\\/11\\\/17\\\/clj-atrapats-xarxa\\\/#breadcrumb\",\"itemListElement\":[{\"@type\":\"ListItem\",\"position\":1,\"name\":\"Inici\",\"item\":\"https:\\\/\\\/biblioteca.blanes.cat\\\/salajove\\\/\"},{\"@type\":\"ListItem\",\"position\":2,\"name\":\"CLJ: Atrapats a la xarxa\"}]},{\"@type\":\"WebSite\",\"@id\":\"https:\\\/\\\/biblioteca.blanes.cat\\\/salajove\\\/#website\",\"url\":\"https:\\\/\\\/biblioteca.blanes.cat\\\/salajove\\\/\",\"name\":\"Sala Jove\",\"description\":\"Biblioteca Comarcal de Blanes\",\"publisher\":{\"@id\":\"https:\\\/\\\/biblioteca.blanes.cat\\\/salajove\\\/#organization\"},\"potentialAction\":[{\"@type\":\"SearchAction\",\"target\":{\"@type\":\"EntryPoint\",\"urlTemplate\":\"https:\\\/\\\/biblioteca.blanes.cat\\\/salajove\\\/?s={search_term_string}\"},\"query-input\":{\"@type\":\"PropertyValueSpecification\",\"valueRequired\":true,\"valueName\":\"search_term_string\"}}],\"inLanguage\":\"ca\"},{\"@type\":\"Organization\",\"@id\":\"https:\\\/\\\/biblioteca.blanes.cat\\\/salajove\\\/#organization\",\"name\":\"Biblioteca Comarcal de Blanes\",\"url\":\"https:\\\/\\\/biblioteca.blanes.cat\\\/salajove\\\/\",\"logo\":{\"@type\":\"ImageObject\",\"inLanguage\":\"ca\",\"@id\":\"https:\\\/\\\/biblioteca.blanes.cat\\\/salajove\\\/#\\\/schema\\\/logo\\\/image\\\/\",\"url\":\"https:\\\/\\\/biblioteca.blanes.cat\\\/salajove\\\/wp-content\\\/uploads\\\/sites\\\/3\\\/2017\\\/09\\\/cropped-Bib-blau-e1518869380535.png\",\"contentUrl\":\"https:\\\/\\\/biblioteca.blanes.cat\\\/salajove\\\/wp-content\\\/uploads\\\/sites\\\/3\\\/2017\\\/09\\\/cropped-Bib-blau-e1518869380535.png\",\"width\":166,\"height\":166,\"caption\":\"Biblioteca Comarcal de Blanes\"},\"image\":{\"@id\":\"https:\\\/\\\/biblioteca.blanes.cat\\\/salajove\\\/#\\\/schema\\\/logo\\\/image\\\/\"},\"sameAs\":[\"https:\\\/\\\/www.facebook.com\\\/BilbiotecaComarcaldeBlanes\\\/\",\"https:\\\/\\\/x.com\\\/BiblioBlanes\",\"https:\\\/\\\/www.instagram.com\\\/biblioblanes\\\/\",\"https:\\\/\\\/www.pinterest.es\\\/bblanes\\\/\",\"https:\\\/\\\/www.youtube.com\\\/c\\\/BibliotecaComarcalBlanes\"]},{\"@type\":\"Person\",\"@id\":\"https:\\\/\\\/biblioteca.blanes.cat\\\/salajove\\\/#\\\/schema\\\/person\\\/5a7b46760d9dd611d098bbf571a341dc\",\"name\":\"biblioblanes\",\"image\":{\"@type\":\"ImageObject\",\"inLanguage\":\"ca\",\"@id\":\"https:\\\/\\\/secure.gravatar.com\\\/avatar\\\/6593ca6cc90e5a70939f51c95e8315483b9c281bafba597292bee47992030f99?s=96&d=mm&r=g\",\"url\":\"https:\\\/\\\/secure.gravatar.com\\\/avatar\\\/6593ca6cc90e5a70939f51c95e8315483b9c281bafba597292bee47992030f99?s=96&d=mm&r=g\",\"contentUrl\":\"https:\\\/\\\/secure.gravatar.com\\\/avatar\\\/6593ca6cc90e5a70939f51c95e8315483b9c281bafba597292bee47992030f99?s=96&d=mm&r=g\",\"caption\":\"biblioblanes\"},\"sameAs\":[\"http:\\\/\\\/www.bibgirona.cat\\\/biblioteca\\\/blanes\",\"https:\\\/\\\/x.com\\\/biblioblanes\"],\"url\":\"https:\\\/\\\/biblioteca.blanes.cat\\\/salajove\\\/author\\\/biblioblanes\\\/\"}]}<\/script>\n<!-- \/ Yoast SEO plugin. -->","yoast_head_json":{"title":"CLJ: La Setmana que ve comentarem el llibre Atrapats a la Xarxa","description":"CLJ: La Setmana que ve comentarem el llibre Atrapats a la Xarxa de l'escriptora Michelle Gagnon, una escriptora nord-americana.","robots":{"index":"index","follow":"follow","max-snippet":"max-snippet:-1","max-image-preview":"max-image-preview:large","max-video-preview":"max-video-preview:-1"},"canonical":"https:\/\/biblioteca.blanes.cat\/salajove\/2017\/11\/17\/clj-atrapats-xarxa\/","og_locale":"ca_ES","og_type":"article","og_title":"CLJ: La Setmana que ve comentarem el llibre Atrapats a la Xarxa","og_description":"CLJ: La Setmana que ve comentarem el llibre Atrapats a la Xarxa de l'escriptora Michelle Gagnon, una escriptora nord-americana.","og_url":"https:\/\/biblioteca.blanes.cat\/salajove\/2017\/11\/17\/clj-atrapats-xarxa\/","og_site_name":"Sala Jove","article_publisher":"https:\/\/www.facebook.com\/BilbiotecaComarcaldeBlanes\/","article_published_time":"2017-11-17T13:47:21+00:00","article_modified_time":"2018-06-29T09:50:18+00:00","og_image":[{"width":252,"height":391,"url":"https:\/\/biblioteca.blanes.cat\/salajove\/wp-content\/uploads\/sites\/3\/2017\/10\/Atrapats-a-la-xarxa.jpg","type":"image\/jpeg"}],"author":"biblioblanes","twitter_card":"summary_large_image","twitter_creator":"@biblioblanes","twitter_site":"@BiblioBlanes","twitter_misc":{"Escrit per":"biblioblanes","Temps estimat de lectura":"1 minut"},"schema":{"@context":"https:\/\/schema.org","@graph":[{"@type":"Article","@id":"https:\/\/biblioteca.blanes.cat\/salajove\/2017\/11\/17\/clj-atrapats-xarxa\/#article","isPartOf":{"@id":"https:\/\/biblioteca.blanes.cat\/salajove\/2017\/11\/17\/clj-atrapats-xarxa\/"},"author":{"name":"biblioblanes","@id":"https:\/\/biblioteca.blanes.cat\/salajove\/#\/schema\/person\/5a7b46760d9dd611d098bbf571a341dc"},"headline":"CLJ: Atrapats a la xarxa","datePublished":"2017-11-17T13:47:21+00:00","dateModified":"2018-06-29T09:50:18+00:00","mainEntityOfPage":{"@id":"https:\/\/biblioteca.blanes.cat\/salajove\/2017\/11\/17\/clj-atrapats-xarxa\/"},"wordCount":195,"commentCount":0,"publisher":{"@id":"https:\/\/biblioteca.blanes.cat\/salajove\/#organization"},"image":{"@id":"https:\/\/biblioteca.blanes.cat\/salajove\/2017\/11\/17\/clj-atrapats-xarxa\/#primaryimage"},"thumbnailUrl":"https:\/\/biblioteca.blanes.cat\/salajove\/wp-content\/uploads\/sites\/3\/2017\/10\/Atrapats-a-la-xarxa.jpg","keywords":["#Activitats","#ClubdeLectura","#Lectura","#Literatura","#Llibres","#Sinopsi"],"articleSection":["Club de Lectura"],"inLanguage":"ca","potentialAction":[{"@type":"CommentAction","name":"Comment","target":["https:\/\/biblioteca.blanes.cat\/salajove\/2017\/11\/17\/clj-atrapats-xarxa\/#respond"]}]},{"@type":"WebPage","@id":"https:\/\/biblioteca.blanes.cat\/salajove\/2017\/11\/17\/clj-atrapats-xarxa\/","url":"https:\/\/biblioteca.blanes.cat\/salajove\/2017\/11\/17\/clj-atrapats-xarxa\/","name":"CLJ: La Setmana que ve comentarem el llibre Atrapats a la Xarxa","isPartOf":{"@id":"https:\/\/biblioteca.blanes.cat\/salajove\/#website"},"primaryImageOfPage":{"@id":"https:\/\/biblioteca.blanes.cat\/salajove\/2017\/11\/17\/clj-atrapats-xarxa\/#primaryimage"},"image":{"@id":"https:\/\/biblioteca.blanes.cat\/salajove\/2017\/11\/17\/clj-atrapats-xarxa\/#primaryimage"},"thumbnailUrl":"https:\/\/biblioteca.blanes.cat\/salajove\/wp-content\/uploads\/sites\/3\/2017\/10\/Atrapats-a-la-xarxa.jpg","datePublished":"2017-11-17T13:47:21+00:00","dateModified":"2018-06-29T09:50:18+00:00","description":"CLJ: La Setmana que ve comentarem el llibre Atrapats a la Xarxa de l'escriptora Michelle Gagnon, una escriptora nord-americana.","breadcrumb":{"@id":"https:\/\/biblioteca.blanes.cat\/salajove\/2017\/11\/17\/clj-atrapats-xarxa\/#breadcrumb"},"inLanguage":"ca","potentialAction":[{"@type":"ReadAction","target":["https:\/\/biblioteca.blanes.cat\/salajove\/2017\/11\/17\/clj-atrapats-xarxa\/"]}]},{"@type":"ImageObject","inLanguage":"ca","@id":"https:\/\/biblioteca.blanes.cat\/salajove\/2017\/11\/17\/clj-atrapats-xarxa\/#primaryimage","url":"https:\/\/biblioteca.blanes.cat\/salajove\/wp-content\/uploads\/sites\/3\/2017\/10\/Atrapats-a-la-xarxa.jpg","contentUrl":"https:\/\/biblioteca.blanes.cat\/salajove\/wp-content\/uploads\/sites\/3\/2017\/10\/Atrapats-a-la-xarxa.jpg","width":252,"height":391},{"@type":"BreadcrumbList","@id":"https:\/\/biblioteca.blanes.cat\/salajove\/2017\/11\/17\/clj-atrapats-xarxa\/#breadcrumb","itemListElement":[{"@type":"ListItem","position":1,"name":"Inici","item":"https:\/\/biblioteca.blanes.cat\/salajove\/"},{"@type":"ListItem","position":2,"name":"CLJ: Atrapats a la xarxa"}]},{"@type":"WebSite","@id":"https:\/\/biblioteca.blanes.cat\/salajove\/#website","url":"https:\/\/biblioteca.blanes.cat\/salajove\/","name":"Sala Jove","description":"Biblioteca Comarcal de Blanes","publisher":{"@id":"https:\/\/biblioteca.blanes.cat\/salajove\/#organization"},"potentialAction":[{"@type":"SearchAction","target":{"@type":"EntryPoint","urlTemplate":"https:\/\/biblioteca.blanes.cat\/salajove\/?s={search_term_string}"},"query-input":{"@type":"PropertyValueSpecification","valueRequired":true,"valueName":"search_term_string"}}],"inLanguage":"ca"},{"@type":"Organization","@id":"https:\/\/biblioteca.blanes.cat\/salajove\/#organization","name":"Biblioteca Comarcal de Blanes","url":"https:\/\/biblioteca.blanes.cat\/salajove\/","logo":{"@type":"ImageObject","inLanguage":"ca","@id":"https:\/\/biblioteca.blanes.cat\/salajove\/#\/schema\/logo\/image\/","url":"https:\/\/biblioteca.blanes.cat\/salajove\/wp-content\/uploads\/sites\/3\/2017\/09\/cropped-Bib-blau-e1518869380535.png","contentUrl":"https:\/\/biblioteca.blanes.cat\/salajove\/wp-content\/uploads\/sites\/3\/2017\/09\/cropped-Bib-blau-e1518869380535.png","width":166,"height":166,"caption":"Biblioteca Comarcal de Blanes"},"image":{"@id":"https:\/\/biblioteca.blanes.cat\/salajove\/#\/schema\/logo\/image\/"},"sameAs":["https:\/\/www.facebook.com\/BilbiotecaComarcaldeBlanes\/","https:\/\/x.com\/BiblioBlanes","https:\/\/www.instagram.com\/biblioblanes\/","https:\/\/www.pinterest.es\/bblanes\/","https:\/\/www.youtube.com\/c\/BibliotecaComarcalBlanes"]},{"@type":"Person","@id":"https:\/\/biblioteca.blanes.cat\/salajove\/#\/schema\/person\/5a7b46760d9dd611d098bbf571a341dc","name":"biblioblanes","image":{"@type":"ImageObject","inLanguage":"ca","@id":"https:\/\/secure.gravatar.com\/avatar\/6593ca6cc90e5a70939f51c95e8315483b9c281bafba597292bee47992030f99?s=96&d=mm&r=g","url":"https:\/\/secure.gravatar.com\/avatar\/6593ca6cc90e5a70939f51c95e8315483b9c281bafba597292bee47992030f99?s=96&d=mm&r=g","contentUrl":"https:\/\/secure.gravatar.com\/avatar\/6593ca6cc90e5a70939f51c95e8315483b9c281bafba597292bee47992030f99?s=96&d=mm&r=g","caption":"biblioblanes"},"sameAs":["http:\/\/www.bibgirona.cat\/biblioteca\/blanes","https:\/\/x.com\/biblioblanes"],"url":"https:\/\/biblioteca.blanes.cat\/salajove\/author\/biblioblanes\/"}]}},"_links":{"self":[{"href":"https:\/\/biblioteca.blanes.cat\/salajove\/wp-json\/wp\/v2\/posts\/448","targetHints":{"allow":["GET"]}}],"collection":[{"href":"https:\/\/biblioteca.blanes.cat\/salajove\/wp-json\/wp\/v2\/posts"}],"about":[{"href":"https:\/\/biblioteca.blanes.cat\/salajove\/wp-json\/wp\/v2\/types\/post"}],"author":[{"embeddable":true,"href":"https:\/\/biblioteca.blanes.cat\/salajove\/wp-json\/wp\/v2\/users\/4"}],"replies":[{"embeddable":true,"href":"https:\/\/biblioteca.blanes.cat\/salajove\/wp-json\/wp\/v2\/comments?post=448"}],"version-history":[{"count":6,"href":"https:\/\/biblioteca.blanes.cat\/salajove\/wp-json\/wp\/v2\/posts\/448\/revisions"}],"predecessor-version":[{"id":454,"href":"https:\/\/biblioteca.blanes.cat\/salajove\/wp-json\/wp\/v2\/posts\/448\/revisions\/454"}],"wp:featuredmedia":[{"embeddable":true,"href":"https:\/\/biblioteca.blanes.cat\/salajove\/wp-json\/wp\/v2\/media\/297"}],"wp:attachment":[{"href":"https:\/\/biblioteca.blanes.cat\/salajove\/wp-json\/wp\/v2\/media?parent=448"}],"wp:term":[{"taxonomy":"category","embeddable":true,"href":"https:\/\/biblioteca.blanes.cat\/salajove\/wp-json\/wp\/v2\/categories?post=448"},{"taxonomy":"post_tag","embeddable":true,"href":"https:\/\/biblioteca.blanes.cat\/salajove\/wp-json\/wp\/v2\/tags?post=448"}],"curies":[{"name":"wp","href":"https:\/\/api.w.org\/{rel}","templated":true}]}}