{"id":4417,"date":"2020-10-01T15:51:10","date_gmt":"2020-10-01T14:51:10","guid":{"rendered":"https:\/\/biblioteca.blanes.cat\/salajove\/?p=4417"},"modified":"2020-10-01T15:51:18","modified_gmt":"2020-10-01T14:51:18","slug":"novetats-octubre-2020","status":"publish","type":"post","link":"https:\/\/biblioteca.blanes.cat\/salajove\/2020\/10\/01\/novetats-octubre-2020\/","title":{"rendered":"NOVETATS: Octubre 2020"},"content":{"rendered":"\n<p class=\"has-text-align-center has-medium-font-size\"><strong>Biblioteca Jove Blanes &#8211; Novetats Octubre 2020<\/strong><\/p>\n\n\n\n<p class=\"has-text-align-center\">Ja tenim aqu\u00ed les Novetats juvenils del octubre 2020 que trobareu a la Sala Jove de la Biblioteca Comarcal de Blanes.<\/p>\n\n\n\n<p class=\"has-text-align-center\">En primer lloc trobareu les Novel\u00b7les. Tamb\u00e9 hi trobareu les novetats de Mar, Centres d&#8217;inter\u00e8s i Mat\u00e8ries.<strong><span style=\"background-color:#00d084\" class=\"tadv-background-color\"><\/span><\/strong><\/p>\n\n\n\n<p class=\"has-text-align-center has-pale-cyan-blue-background-color has-background has-medium-font-size\"><strong>Novel.les<\/strong><\/p>\n\n\n\n<figure class=\"wp-block-gallery columns-3 is-cropped wp-block-gallery-1 is-layout-flex wp-block-gallery-is-layout-flex\"><ul class=\"blocks-gallery-grid\"><li class=\"blocks-gallery-item\"><figure><img fetchpriority=\"high\" decoding=\"async\" width=\"252\" height=\"360\" src=\"https:\/\/biblioteca.blanes.cat\/salajove\/wp-content\/uploads\/sites\/3\/2020\/09\/la-mascara-de-lassassi-1.jpg\" alt=\"\" data-id=\"4430\" data-link=\"https:\/\/biblioteca.blanes.cat\/salajove\/?attachment_id=4430\" class=\"wp-image-4430\" srcset=\"https:\/\/biblioteca.blanes.cat\/salajove\/wp-content\/uploads\/sites\/3\/2020\/09\/la-mascara-de-lassassi-1.jpg 252w, https:\/\/biblioteca.blanes.cat\/salajove\/wp-content\/uploads\/sites\/3\/2020\/09\/la-mascara-de-lassassi-1-210x300.jpg 210w\" sizes=\"(max-width: 252px) 100vw, 252px\" \/><figcaption class=\"blocks-gallery-item__caption\">JN ADL<\/figcaption><\/figure><\/li><li class=\"blocks-gallery-item\"><figure><img decoding=\"async\" width=\"252\" height=\"386\" src=\"https:\/\/biblioteca.blanes.cat\/salajove\/wp-content\/uploads\/sites\/3\/2020\/09\/k-pop-1.jpg\" alt=\"\" data-id=\"4431\" data-link=\"https:\/\/biblioteca.blanes.cat\/salajove\/?attachment_id=4431\" class=\"wp-image-4431\" srcset=\"https:\/\/biblioteca.blanes.cat\/salajove\/wp-content\/uploads\/sites\/3\/2020\/09\/k-pop-1.jpg 252w, https:\/\/biblioteca.blanes.cat\/salajove\/wp-content\/uploads\/sites\/3\/2020\/09\/k-pop-1-196x300.jpg 196w\" sizes=\"(max-width: 252px) 100vw, 252px\" \/><figcaption class=\"blocks-gallery-item__caption\">JN AEJ<\/figcaption><\/figure><\/li><li class=\"blocks-gallery-item\"><figure><img decoding=\"async\" width=\"552\" height=\"751\" src=\"https:\/\/biblioteca.blanes.cat\/salajove\/wp-content\/uploads\/sites\/3\/2020\/09\/el-magic-doz-1.jpg\" alt=\"\" data-id=\"4432\" data-link=\"https:\/\/biblioteca.blanes.cat\/salajove\/?attachment_id=4432\" class=\"wp-image-4432\" srcset=\"https:\/\/biblioteca.blanes.cat\/salajove\/wp-content\/uploads\/sites\/3\/2020\/09\/el-magic-doz-1.jpg 552w, https:\/\/biblioteca.blanes.cat\/salajove\/wp-content\/uploads\/sites\/3\/2020\/09\/el-magic-doz-1-221x300.jpg 221w\" sizes=\"(max-width: 552px) 100vw, 552px\" \/><figcaption class=\"blocks-gallery-item__caption\">JN BAU CL\u00c0SSICS<\/figcaption><\/figure><\/li><li class=\"blocks-gallery-item\"><figure><img loading=\"lazy\" decoding=\"async\" width=\"317\" height=\"499\" src=\"https:\/\/biblioteca.blanes.cat\/salajove\/wp-content\/uploads\/sites\/3\/2020\/09\/sempre-amb-texans-1.jpg\" alt=\"\" data-id=\"4433\" data-link=\"https:\/\/biblioteca.blanes.cat\/salajove\/?attachment_id=4433\" class=\"wp-image-4433\" srcset=\"https:\/\/biblioteca.blanes.cat\/salajove\/wp-content\/uploads\/sites\/3\/2020\/09\/sempre-amb-texans-1.jpg 317w, https:\/\/biblioteca.blanes.cat\/salajove\/wp-content\/uploads\/sites\/3\/2020\/09\/sempre-amb-texans-1-191x300.jpg 191w\" sizes=\"(max-width: 317px) 100vw, 317px\" \/><figcaption class=\"blocks-gallery-item__caption\">JN CAB<\/figcaption><\/figure><\/li><li class=\"blocks-gallery-item\"><figure><img loading=\"lazy\" decoding=\"async\" width=\"387\" height=\"527\" src=\"https:\/\/biblioteca.blanes.cat\/salajove\/wp-content\/uploads\/sites\/3\/2020\/09\/el-gos-dels-1.jpg\" alt=\"\" data-id=\"4434\" data-link=\"https:\/\/biblioteca.blanes.cat\/salajove\/?attachment_id=4434\" class=\"wp-image-4434\" srcset=\"https:\/\/biblioteca.blanes.cat\/salajove\/wp-content\/uploads\/sites\/3\/2020\/09\/el-gos-dels-1.jpg 387w, https:\/\/biblioteca.blanes.cat\/salajove\/wp-content\/uploads\/sites\/3\/2020\/09\/el-gos-dels-1-220x300.jpg 220w\" sizes=\"(max-width: 387px) 100vw, 387px\" \/><figcaption class=\"blocks-gallery-item__caption\">JN DOY CL\u00c0SSICS<\/figcaption><\/figure><\/li><li class=\"blocks-gallery-item\"><figure><img loading=\"lazy\" decoding=\"async\" width=\"329\" height=\"499\" src=\"https:\/\/biblioteca.blanes.cat\/salajove\/wp-content\/uploads\/sites\/3\/2020\/09\/carta-al-rey-1.jpg\" alt=\"\" data-id=\"4435\" data-link=\"https:\/\/biblioteca.blanes.cat\/salajove\/?attachment_id=4435\" class=\"wp-image-4435\" srcset=\"https:\/\/biblioteca.blanes.cat\/salajove\/wp-content\/uploads\/sites\/3\/2020\/09\/carta-al-rey-1.jpg 329w, https:\/\/biblioteca.blanes.cat\/salajove\/wp-content\/uploads\/sites\/3\/2020\/09\/carta-al-rey-1-198x300.jpg 198w\" sizes=\"(max-width: 329px) 100vw, 329px\" \/><figcaption class=\"blocks-gallery-item__caption\">JN DRA<\/figcaption><\/figure><\/li><li class=\"blocks-gallery-item\"><figure><img loading=\"lazy\" decoding=\"async\" width=\"454\" height=\"700\" src=\"https:\/\/biblioteca.blanes.cat\/salajove\/wp-content\/uploads\/sites\/3\/2020\/09\/cal-saber-encaixar-1.jpg\" alt=\"\" data-id=\"4436\" data-link=\"https:\/\/biblioteca.blanes.cat\/salajove\/?attachment_id=4436\" class=\"wp-image-4436\" srcset=\"https:\/\/biblioteca.blanes.cat\/salajove\/wp-content\/uploads\/sites\/3\/2020\/09\/cal-saber-encaixar-1.jpg 454w, https:\/\/biblioteca.blanes.cat\/salajove\/wp-content\/uploads\/sites\/3\/2020\/09\/cal-saber-encaixar-1-195x300.jpg 195w\" sizes=\"(max-width: 454px) 100vw, 454px\" \/><figcaption class=\"blocks-gallery-item__caption\">JN ELL<\/figcaption><\/figure><\/li><li class=\"blocks-gallery-item\"><figure><img loading=\"lazy\" decoding=\"async\" width=\"229\" height=\"338\" src=\"https:\/\/biblioteca.blanes.cat\/salajove\/wp-content\/uploads\/sites\/3\/2020\/09\/la-crida-del-bosc-1.jpg\" alt=\"\" data-id=\"4437\" data-link=\"https:\/\/biblioteca.blanes.cat\/salajove\/?attachment_id=4437\" class=\"wp-image-4437\" srcset=\"https:\/\/biblioteca.blanes.cat\/salajove\/wp-content\/uploads\/sites\/3\/2020\/09\/la-crida-del-bosc-1.jpg 229w, https:\/\/biblioteca.blanes.cat\/salajove\/wp-content\/uploads\/sites\/3\/2020\/09\/la-crida-del-bosc-1-203x300.jpg 203w\" sizes=\"(max-width: 229px) 100vw, 229px\" \/><figcaption class=\"blocks-gallery-item__caption\">JN LON <\/figcaption><\/figure><\/li><li class=\"blocks-gallery-item\"><figure><img loading=\"lazy\" decoding=\"async\" width=\"733\" height=\"1024\" src=\"https:\/\/biblioteca.blanes.cat\/salajove\/wp-content\/uploads\/sites\/3\/2020\/09\/troya-1-733x1024.jpg\" alt=\"\" data-id=\"4438\" data-link=\"https:\/\/biblioteca.blanes.cat\/salajove\/?attachment_id=4438\" class=\"wp-image-4438\" srcset=\"https:\/\/biblioteca.blanes.cat\/salajove\/wp-content\/uploads\/sites\/3\/2020\/09\/troya-1-733x1024.jpg 733w, https:\/\/biblioteca.blanes.cat\/salajove\/wp-content\/uploads\/sites\/3\/2020\/09\/troya-1-215x300.jpg 215w, https:\/\/biblioteca.blanes.cat\/salajove\/wp-content\/uploads\/sites\/3\/2020\/09\/troya-1-768x1073.jpg 768w, https:\/\/biblioteca.blanes.cat\/salajove\/wp-content\/uploads\/sites\/3\/2020\/09\/troya-1.jpg 1000w\" sizes=\"(max-width: 733px) 100vw, 733px\" \/><figcaption class=\"blocks-gallery-item__caption\">JN LOZ<\/figcaption><\/figure><\/li><li class=\"blocks-gallery-item\"><figure><img loading=\"lazy\" decoding=\"async\" width=\"236\" height=\"367\" src=\"https:\/\/biblioteca.blanes.cat\/salajove\/wp-content\/uploads\/sites\/3\/2020\/09\/on-neixen-les-ombres.jpg\" alt=\"\" data-id=\"4439\" data-link=\"https:\/\/biblioteca.blanes.cat\/salajove\/?attachment_id=4439\" class=\"wp-image-4439\" srcset=\"https:\/\/biblioteca.blanes.cat\/salajove\/wp-content\/uploads\/sites\/3\/2020\/09\/on-neixen-les-ombres.jpg 236w, https:\/\/biblioteca.blanes.cat\/salajove\/wp-content\/uploads\/sites\/3\/2020\/09\/on-neixen-les-ombres-193x300.jpg 193w\" sizes=\"(max-width: 236px) 100vw, 236px\" \/><figcaption class=\"blocks-gallery-item__caption\">JN LOZ<\/figcaption><\/figure><\/li><li class=\"blocks-gallery-item\"><figure><img loading=\"lazy\" decoding=\"async\" width=\"290\" height=\"458\" src=\"https:\/\/biblioteca.blanes.cat\/salajove\/wp-content\/uploads\/sites\/3\/2020\/09\/quatre-persones-diferents-1.jpg\" alt=\"\" data-id=\"4440\" data-link=\"https:\/\/biblioteca.blanes.cat\/salajove\/?attachment_id=4440\" class=\"wp-image-4440\" srcset=\"https:\/\/biblioteca.blanes.cat\/salajove\/wp-content\/uploads\/sites\/3\/2020\/09\/quatre-persones-diferents-1.jpg 290w, https:\/\/biblioteca.blanes.cat\/salajove\/wp-content\/uploads\/sites\/3\/2020\/09\/quatre-persones-diferents-1-190x300.jpg 190w\" sizes=\"(max-width: 290px) 100vw, 290px\" \/><figcaption class=\"blocks-gallery-item__caption\">JN MIM<\/figcaption><\/figure><\/li><li class=\"blocks-gallery-item\"><figure><img loading=\"lazy\" decoding=\"async\" width=\"191\" height=\"264\" src=\"https:\/\/biblioteca.blanes.cat\/salajove\/wp-content\/uploads\/sites\/3\/2020\/09\/la-venganza-del-unicornio.jpg\" alt=\"\" data-id=\"4441\" data-link=\"https:\/\/biblioteca.blanes.cat\/salajove\/?attachment_id=4441\" class=\"wp-image-4441\"\/><figcaption class=\"blocks-gallery-item__caption\">JN PAR<\/figcaption><\/figure><\/li><li class=\"blocks-gallery-item\"><figure><img loading=\"lazy\" decoding=\"async\" width=\"229\" height=\"297\" src=\"https:\/\/biblioteca.blanes.cat\/salajove\/wp-content\/uploads\/sites\/3\/2020\/09\/les-aventures-dulisses.jpg\" alt=\"\" data-id=\"4442\" data-link=\"https:\/\/biblioteca.blanes.cat\/salajove\/?attachment_id=4442\" class=\"wp-image-4442\"\/><figcaption class=\"blocks-gallery-item__caption\">JN RIB CL\u00c0SSICS<\/figcaption><\/figure><\/li><li class=\"blocks-gallery-item\"><figure><img loading=\"lazy\" decoding=\"async\" width=\"693\" height=\"1024\" src=\"https:\/\/biblioteca.blanes.cat\/salajove\/wp-content\/uploads\/sites\/3\/2020\/09\/la-revolta-de-cramovia-693x1024.jpg\" alt=\"\" data-id=\"4443\" data-link=\"https:\/\/biblioteca.blanes.cat\/salajove\/?attachment_id=4443\" class=\"wp-image-4443\" srcset=\"https:\/\/biblioteca.blanes.cat\/salajove\/wp-content\/uploads\/sites\/3\/2020\/09\/la-revolta-de-cramovia-693x1024.jpg 693w, https:\/\/biblioteca.blanes.cat\/salajove\/wp-content\/uploads\/sites\/3\/2020\/09\/la-revolta-de-cramovia-203x300.jpg 203w, https:\/\/biblioteca.blanes.cat\/salajove\/wp-content\/uploads\/sites\/3\/2020\/09\/la-revolta-de-cramovia-768x1136.jpg 768w, https:\/\/biblioteca.blanes.cat\/salajove\/wp-content\/uploads\/sites\/3\/2020\/09\/la-revolta-de-cramovia-1039x1536.jpg 1039w, https:\/\/biblioteca.blanes.cat\/salajove\/wp-content\/uploads\/sites\/3\/2020\/09\/la-revolta-de-cramovia-1385x2048.jpg 1385w, https:\/\/biblioteca.blanes.cat\/salajove\/wp-content\/uploads\/sites\/3\/2020\/09\/la-revolta-de-cramovia.jpg 1678w\" sizes=\"(max-width: 693px) 100vw, 693px\" \/><figcaption class=\"blocks-gallery-item__caption\">JN VIL<\/figcaption><\/figure><\/li><li class=\"blocks-gallery-item\"><figure><img loading=\"lazy\" decoding=\"async\" width=\"229\" height=\"346\" src=\"https:\/\/biblioteca.blanes.cat\/salajove\/wp-content\/uploads\/sites\/3\/2020\/09\/un-amor-de-pellicula.jpg\" alt=\"\" data-id=\"4444\" data-full-url=\"https:\/\/biblioteca.blanes.cat\/salajove\/wp-content\/uploads\/sites\/3\/2020\/09\/un-amor-de-pellicula.jpg\" data-link=\"https:\/\/biblioteca.blanes.cat\/salajove\/?attachment_id=4444\" class=\"wp-image-4444\" srcset=\"https:\/\/biblioteca.blanes.cat\/salajove\/wp-content\/uploads\/sites\/3\/2020\/09\/un-amor-de-pellicula.jpg 229w, https:\/\/biblioteca.blanes.cat\/salajove\/wp-content\/uploads\/sites\/3\/2020\/09\/un-amor-de-pellicula-199x300.jpg 199w\" sizes=\"(max-width: 229px) 100vw, 229px\" \/><figcaption class=\"blocks-gallery-item__caption\">JN WIN<\/figcaption><\/figure><\/li><\/ul><\/figure>\n\n\n\n<p class=\"has-text-align-center has-pale-cyan-blue-background-color has-background has-medium-font-size\"><strong>Mar<\/strong><\/p>\n\n\n\n<figure class=\"wp-block-gallery columns-1 is-cropped wp-block-gallery-2 is-layout-flex wp-block-gallery-is-layout-flex\"><ul class=\"blocks-gallery-grid\"><li class=\"blocks-gallery-item\"><figure><img loading=\"lazy\" decoding=\"async\" width=\"762\" height=\"1200\" src=\"https:\/\/biblioteca.blanes.cat\/salajove\/wp-content\/uploads\/sites\/3\/2020\/09\/mar-en-llamas-1.jpg\" alt=\"\" data-id=\"4447\" data-full-url=\"https:\/\/biblioteca.blanes.cat\/salajove\/wp-content\/uploads\/sites\/3\/2020\/09\/mar-en-llamas-1.jpg\" data-link=\"https:\/\/biblioteca.blanes.cat\/salajove\/?attachment_id=4447\" class=\"wp-image-4447\" srcset=\"https:\/\/biblioteca.blanes.cat\/salajove\/wp-content\/uploads\/sites\/3\/2020\/09\/mar-en-llamas-1.jpg 762w, https:\/\/biblioteca.blanes.cat\/salajove\/wp-content\/uploads\/sites\/3\/2020\/09\/mar-en-llamas-1-191x300.jpg 191w, https:\/\/biblioteca.blanes.cat\/salajove\/wp-content\/uploads\/sites\/3\/2020\/09\/mar-en-llamas-1-650x1024.jpg 650w\" sizes=\"(max-width: 762px) 100vw, 762px\" \/><figcaption class=\"blocks-gallery-item__caption\">MAR JN<\/figcaption><\/figure><\/li><\/ul><\/figure>\n\n\n\n<p class=\"has-text-align-center has-pale-cyan-blue-background-color has-background\"><strong>Centres d&#8217;inter\u00e8s<\/strong><\/p>\n\n\n\n<figure class=\"wp-block-gallery columns-2 is-cropped wp-block-gallery-3 is-layout-flex wp-block-gallery-is-layout-flex\"><ul class=\"blocks-gallery-grid\"><li class=\"blocks-gallery-item\"><figure><img loading=\"lazy\" decoding=\"async\" width=\"735\" height=\"615\" src=\"https:\/\/biblioteca.blanes.cat\/salajove\/wp-content\/uploads\/sites\/3\/2020\/09\/el-cuquet-de-lamor.jpg\" alt=\"\" data-id=\"4448\" data-link=\"https:\/\/biblioteca.blanes.cat\/salajove\/?attachment_id=4448\" class=\"wp-image-4448\" srcset=\"https:\/\/biblioteca.blanes.cat\/salajove\/wp-content\/uploads\/sites\/3\/2020\/09\/el-cuquet-de-lamor.jpg 735w, https:\/\/biblioteca.blanes.cat\/salajove\/wp-content\/uploads\/sites\/3\/2020\/09\/el-cuquet-de-lamor-300x251.jpg 300w\" sizes=\"(max-width: 735px) 100vw, 735px\" \/><figcaption class=\"blocks-gallery-item__caption\">J \u00c0LBUMS AIX<\/figcaption><\/figure><\/li><li class=\"blocks-gallery-item\"><figure><img loading=\"lazy\" decoding=\"async\" width=\"625\" height=\"1024\" src=\"https:\/\/biblioteca.blanes.cat\/salajove\/wp-content\/uploads\/sites\/3\/2020\/09\/romeo-y-julieta-625x1024.jpg\" alt=\"\" data-id=\"4449\" data-full-url=\"https:\/\/biblioteca.blanes.cat\/salajove\/wp-content\/uploads\/sites\/3\/2020\/09\/romeo-y-julieta.jpg\" data-link=\"https:\/\/biblioteca.blanes.cat\/salajove\/?attachment_id=4449\" class=\"wp-image-4449\" srcset=\"https:\/\/biblioteca.blanes.cat\/salajove\/wp-content\/uploads\/sites\/3\/2020\/09\/romeo-y-julieta-625x1024.jpg 625w, https:\/\/biblioteca.blanes.cat\/salajove\/wp-content\/uploads\/sites\/3\/2020\/09\/romeo-y-julieta-183x300.jpg 183w, https:\/\/biblioteca.blanes.cat\/salajove\/wp-content\/uploads\/sites\/3\/2020\/09\/romeo-y-julieta.jpg 641w\" sizes=\"(max-width: 625px) 100vw, 625px\" \/><figcaption class=\"blocks-gallery-item__caption\">JT SHA<\/figcaption><\/figure><\/li><\/ul><\/figure>\n\n\n\n<p class=\"has-text-align-center has-pale-cyan-blue-background-color has-background\"><strong>Mat\u00e8ries<\/strong><\/p>\n\n\n\n<figure class=\"wp-block-gallery columns-5 is-cropped wp-block-gallery-4 is-layout-flex wp-block-gallery-is-layout-flex\"><ul class=\"blocks-gallery-grid\"><li class=\"blocks-gallery-item\"><figure><img loading=\"lazy\" decoding=\"async\" width=\"229\" height=\"338\" src=\"https:\/\/biblioteca.blanes.cat\/salajove\/wp-content\/uploads\/sites\/3\/2020\/09\/guia-genial.jpg\" alt=\"\" data-id=\"4450\" data-link=\"https:\/\/biblioteca.blanes.cat\/salajove\/?attachment_id=4450\" class=\"wp-image-4450\" srcset=\"https:\/\/biblioteca.blanes.cat\/salajove\/wp-content\/uploads\/sites\/3\/2020\/09\/guia-genial.jpg 229w, https:\/\/biblioteca.blanes.cat\/salajove\/wp-content\/uploads\/sites\/3\/2020\/09\/guia-genial-203x300.jpg 203w\" sizes=\"(max-width: 229px) 100vw, 229px\" \/><figcaption class=\"blocks-gallery-item__caption\">J 301 ROD<\/figcaption><\/figure><\/li><li class=\"blocks-gallery-item\"><figure><img loading=\"lazy\" decoding=\"async\" width=\"210\" height=\"350\" src=\"https:\/\/biblioteca.blanes.cat\/salajove\/wp-content\/uploads\/sites\/3\/2020\/09\/soc-del-sud.jpg\" alt=\"\" data-id=\"4451\" data-link=\"https:\/\/biblioteca.blanes.cat\/salajove\/?attachment_id=4451\" class=\"wp-image-4451\" srcset=\"https:\/\/biblioteca.blanes.cat\/salajove\/wp-content\/uploads\/sites\/3\/2020\/09\/soc-del-sud.jpg 210w, https:\/\/biblioteca.blanes.cat\/salajove\/wp-content\/uploads\/sites\/3\/2020\/09\/soc-del-sud-180x300.jpg 180w\" sizes=\"(max-width: 210px) 100vw, 210px\" \/><figcaption class=\"blocks-gallery-item__caption\">J 330 MUJ<\/figcaption><\/figure><\/li><li class=\"blocks-gallery-item\"><figure><img loading=\"lazy\" decoding=\"async\" width=\"342\" height=\"400\" src=\"https:\/\/biblioteca.blanes.cat\/salajove\/wp-content\/uploads\/sites\/3\/2020\/09\/som-lultima-generacio.jpg\" alt=\"\" data-id=\"4452\" data-link=\"https:\/\/biblioteca.blanes.cat\/salajove\/?attachment_id=4452\" class=\"wp-image-4452\" srcset=\"https:\/\/biblioteca.blanes.cat\/salajove\/wp-content\/uploads\/sites\/3\/2020\/09\/som-lultima-generacio.jpg 342w, https:\/\/biblioteca.blanes.cat\/salajove\/wp-content\/uploads\/sites\/3\/2020\/09\/som-lultima-generacio-257x300.jpg 257w\" sizes=\"(max-width: 342px) 100vw, 342px\" \/><figcaption class=\"blocks-gallery-item__caption\">J 570 AYU<\/figcaption><\/figure><\/li><li class=\"blocks-gallery-item\"><figure><img loading=\"lazy\" decoding=\"async\" width=\"200\" height=\"295\" src=\"https:\/\/biblioteca.blanes.cat\/salajove\/wp-content\/uploads\/sites\/3\/2020\/09\/la-vida-secreta-dels-arbre.jpg\" alt=\"\" data-id=\"4453\" data-link=\"https:\/\/biblioteca.blanes.cat\/salajove\/?attachment_id=4453\" class=\"wp-image-4453\"\/><figcaption class=\"blocks-gallery-item__caption\">J 581 WOH<\/figcaption><\/figure><\/li><li class=\"blocks-gallery-item\"><figure><img loading=\"lazy\" decoding=\"async\" width=\"200\" height=\"366\" src=\"https:\/\/biblioteca.blanes.cat\/salajove\/wp-content\/uploads\/sites\/3\/2020\/09\/petits-mamifers.jpg\" alt=\"\" data-id=\"4454\" data-full-url=\"https:\/\/biblioteca.blanes.cat\/salajove\/wp-content\/uploads\/sites\/3\/2020\/09\/petits-mamifers.jpg\" data-link=\"https:\/\/biblioteca.blanes.cat\/salajove\/?attachment_id=4454\" class=\"wp-image-4454\" srcset=\"https:\/\/biblioteca.blanes.cat\/salajove\/wp-content\/uploads\/sites\/3\/2020\/09\/petits-mamifers.jpg 200w, https:\/\/biblioteca.blanes.cat\/salajove\/wp-content\/uploads\/sites\/3\/2020\/09\/petits-mamifers-164x300.jpg 164w\" sizes=\"(max-width: 200px) 100vw, 200px\" \/><figcaption class=\"blocks-gallery-item__caption\">J 599 LLO<\/figcaption><\/figure><\/li><\/ul><\/figure>\n\n\n\n<div class=\"wp-block-image\"><figure class=\"aligncenter\"><a href=\"https:\/\/biblioteca.blanes.cat\/salajove\/category\/novetats\/\" target=\"_blank\" rel=\"noreferrer noopener\"><img loading=\"lazy\" decoding=\"async\" width=\"300\" height=\"183\" src=\"https:\/\/biblioteca.blanes.cat\/salajove\/wp-content\/uploads\/sites\/3\/2017\/10\/Novetats-300x183.png\" alt=\"novetats abril  2019\" class=\"wp-image-126\" title=\"novetats abril  2019\" srcset=\"https:\/\/biblioteca.blanes.cat\/salajove\/wp-content\/uploads\/sites\/3\/2017\/10\/Novetats-300x183.png 300w, https:\/\/biblioteca.blanes.cat\/salajove\/wp-content\/uploads\/sites\/3\/2017\/10\/Novetats-768x468.png 768w, https:\/\/biblioteca.blanes.cat\/salajove\/wp-content\/uploads\/sites\/3\/2017\/10\/Novetats-1024x624.png 1024w\" sizes=\"(max-width: 300px) 100vw, 300px\" \/><\/a><figcaption><br><br><\/figcaption><\/figure><\/div>\n","protected":false},"excerpt":{"rendered":"<p>Biblioteca Jove Blanes &#8211; Novetats Octubre 2020 Ja tenim aqu\u00ed les Novetats juvenils del octubre 2020 que trobareu a la Sala Jove de la Biblioteca Comarcal de Blanes. En primer lloc trobareu les Novel\u00b7les. Tamb\u00e9 hi trobareu les novetats de<\/p>\n","protected":false},"author":4,"featured_media":2945,"comment_status":"open","ping_status":"open","sticky":false,"template":"","format":"standard","meta":{"sfsi_plus_gutenberg_text_before_share":"","sfsi_plus_gutenberg_show_text_before_share":"","sfsi_plus_gutenberg_icon_type":"","sfsi_plus_gutenberg_icon_alignemt":"","sfsi_plus_gutenburg_max_per_row":"","footnotes":""},"categories":[7],"tags":[97,26],"class_list":["post-4417","post","type-post","status-publish","format-standard","has-post-thumbnail","hentry","category-novetats","tag-activitats-actualitat-joves","tag-lectura"],"yoast_head":"<!-- This site is optimized with the Yoast SEO plugin v27.5 - https:\/\/yoast.com\/product\/yoast-seo-wordpress\/ -->\n<title>NOVETATS: Octubre 2020 - Sala Jove<\/title>\n<meta name=\"robots\" content=\"index, follow, max-snippet:-1, max-image-preview:large, max-video-preview:-1\" \/>\n<link rel=\"canonical\" href=\"https:\/\/biblioteca.blanes.cat\/salajove\/2020\/10\/01\/novetats-octubre-2020\/\" \/>\n<meta property=\"og:locale\" content=\"ca_ES\" \/>\n<meta property=\"og:type\" content=\"article\" \/>\n<meta property=\"og:title\" content=\"NOVETATS: Octubre 2020 - Sala Jove\" \/>\n<meta property=\"og:description\" content=\"Biblioteca Jove Blanes &#8211; Novetats Octubre 2020 Ja tenim aqu\u00ed les Novetats juvenils del octubre 2020 que trobareu a la Sala Jove de la Biblioteca Comarcal de Blanes. En primer lloc trobareu les Novel\u00b7les. Tamb\u00e9 hi trobareu les novetats de\" \/>\n<meta property=\"og:url\" content=\"https:\/\/biblioteca.blanes.cat\/salajove\/2020\/10\/01\/novetats-octubre-2020\/\" \/>\n<meta property=\"og:site_name\" content=\"Sala Jove\" \/>\n<meta property=\"article:publisher\" content=\"https:\/\/www.facebook.com\/BilbiotecaComarcaldeBlanes\/\" \/>\n<meta property=\"article:published_time\" content=\"2020-10-01T14:51:10+00:00\" \/>\n<meta property=\"article:modified_time\" content=\"2020-10-01T14:51:18+00:00\" \/>\n<meta property=\"og:image\" content=\"https:\/\/biblioteca.blanes.cat\/salajove\/wp-content\/uploads\/sites\/3\/2019\/06\/Novetats_.png\" \/>\n\t<meta property=\"og:image:width\" content=\"3719\" \/>\n\t<meta property=\"og:image:height\" content=\"3719\" \/>\n\t<meta property=\"og:image:type\" content=\"image\/png\" \/>\n<meta name=\"author\" content=\"biblioblanes\" \/>\n<meta name=\"twitter:card\" content=\"summary_large_image\" \/>\n<meta name=\"twitter:creator\" content=\"@biblioblanes\" \/>\n<meta name=\"twitter:site\" content=\"@BiblioBlanes\" \/>\n<meta name=\"twitter:label1\" content=\"Escrit per\" \/>\n\t<meta name=\"twitter:data1\" content=\"biblioblanes\" \/>\n<script type=\"application\/ld+json\" class=\"yoast-schema-graph\">{\"@context\":\"https:\\\/\\\/schema.org\",\"@graph\":[{\"@type\":\"Article\",\"@id\":\"https:\\\/\\\/biblioteca.blanes.cat\\\/salajove\\\/2020\\\/10\\\/01\\\/novetats-octubre-2020\\\/#article\",\"isPartOf\":{\"@id\":\"https:\\\/\\\/biblioteca.blanes.cat\\\/salajove\\\/2020\\\/10\\\/01\\\/novetats-octubre-2020\\\/\"},\"author\":{\"name\":\"biblioblanes\",\"@id\":\"https:\\\/\\\/biblioteca.blanes.cat\\\/salajove\\\/#\\\/schema\\\/person\\\/5a7b46760d9dd611d098bbf571a341dc\"},\"headline\":\"NOVETATS: Octubre 2020\",\"datePublished\":\"2020-10-01T14:51:10+00:00\",\"dateModified\":\"2020-10-01T14:51:18+00:00\",\"mainEntityOfPage\":{\"@id\":\"https:\\\/\\\/biblioteca.blanes.cat\\\/salajove\\\/2020\\\/10\\\/01\\\/novetats-octubre-2020\\\/\"},\"wordCount\":111,\"commentCount\":0,\"publisher\":{\"@id\":\"https:\\\/\\\/biblioteca.blanes.cat\\\/salajove\\\/#organization\"},\"image\":{\"@id\":\"https:\\\/\\\/biblioteca.blanes.cat\\\/salajove\\\/2020\\\/10\\\/01\\\/novetats-octubre-2020\\\/#primaryimage\"},\"thumbnailUrl\":\"https:\\\/\\\/biblioteca.blanes.cat\\\/salajove\\\/wp-content\\\/uploads\\\/sites\\\/3\\\/2019\\\/06\\\/Novetats_.png\",\"keywords\":[\"#Activitats #Actualitat #Joves\",\"#Lectura\"],\"articleSection\":[\"Novetats\"],\"inLanguage\":\"ca\",\"potentialAction\":[{\"@type\":\"CommentAction\",\"name\":\"Comment\",\"target\":[\"https:\\\/\\\/biblioteca.blanes.cat\\\/salajove\\\/2020\\\/10\\\/01\\\/novetats-octubre-2020\\\/#respond\"]}]},{\"@type\":\"WebPage\",\"@id\":\"https:\\\/\\\/biblioteca.blanes.cat\\\/salajove\\\/2020\\\/10\\\/01\\\/novetats-octubre-2020\\\/\",\"url\":\"https:\\\/\\\/biblioteca.blanes.cat\\\/salajove\\\/2020\\\/10\\\/01\\\/novetats-octubre-2020\\\/\",\"name\":\"NOVETATS: Octubre 2020 - Sala Jove\",\"isPartOf\":{\"@id\":\"https:\\\/\\\/biblioteca.blanes.cat\\\/salajove\\\/#website\"},\"primaryImageOfPage\":{\"@id\":\"https:\\\/\\\/biblioteca.blanes.cat\\\/salajove\\\/2020\\\/10\\\/01\\\/novetats-octubre-2020\\\/#primaryimage\"},\"image\":{\"@id\":\"https:\\\/\\\/biblioteca.blanes.cat\\\/salajove\\\/2020\\\/10\\\/01\\\/novetats-octubre-2020\\\/#primaryimage\"},\"thumbnailUrl\":\"https:\\\/\\\/biblioteca.blanes.cat\\\/salajove\\\/wp-content\\\/uploads\\\/sites\\\/3\\\/2019\\\/06\\\/Novetats_.png\",\"datePublished\":\"2020-10-01T14:51:10+00:00\",\"dateModified\":\"2020-10-01T14:51:18+00:00\",\"breadcrumb\":{\"@id\":\"https:\\\/\\\/biblioteca.blanes.cat\\\/salajove\\\/2020\\\/10\\\/01\\\/novetats-octubre-2020\\\/#breadcrumb\"},\"inLanguage\":\"ca\",\"potentialAction\":[{\"@type\":\"ReadAction\",\"target\":[\"https:\\\/\\\/biblioteca.blanes.cat\\\/salajove\\\/2020\\\/10\\\/01\\\/novetats-octubre-2020\\\/\"]}]},{\"@type\":\"ImageObject\",\"inLanguage\":\"ca\",\"@id\":\"https:\\\/\\\/biblioteca.blanes.cat\\\/salajove\\\/2020\\\/10\\\/01\\\/novetats-octubre-2020\\\/#primaryimage\",\"url\":\"https:\\\/\\\/biblioteca.blanes.cat\\\/salajove\\\/wp-content\\\/uploads\\\/sites\\\/3\\\/2019\\\/06\\\/Novetats_.png\",\"contentUrl\":\"https:\\\/\\\/biblioteca.blanes.cat\\\/salajove\\\/wp-content\\\/uploads\\\/sites\\\/3\\\/2019\\\/06\\\/Novetats_.png\",\"width\":3719,\"height\":3719},{\"@type\":\"BreadcrumbList\",\"@id\":\"https:\\\/\\\/biblioteca.blanes.cat\\\/salajove\\\/2020\\\/10\\\/01\\\/novetats-octubre-2020\\\/#breadcrumb\",\"itemListElement\":[{\"@type\":\"ListItem\",\"position\":1,\"name\":\"Inici\",\"item\":\"https:\\\/\\\/biblioteca.blanes.cat\\\/salajove\\\/\"},{\"@type\":\"ListItem\",\"position\":2,\"name\":\"NOVETATS: Octubre 2020\"}]},{\"@type\":\"WebSite\",\"@id\":\"https:\\\/\\\/biblioteca.blanes.cat\\\/salajove\\\/#website\",\"url\":\"https:\\\/\\\/biblioteca.blanes.cat\\\/salajove\\\/\",\"name\":\"Sala Jove\",\"description\":\"Biblioteca Comarcal de Blanes\",\"publisher\":{\"@id\":\"https:\\\/\\\/biblioteca.blanes.cat\\\/salajove\\\/#organization\"},\"potentialAction\":[{\"@type\":\"SearchAction\",\"target\":{\"@type\":\"EntryPoint\",\"urlTemplate\":\"https:\\\/\\\/biblioteca.blanes.cat\\\/salajove\\\/?s={search_term_string}\"},\"query-input\":{\"@type\":\"PropertyValueSpecification\",\"valueRequired\":true,\"valueName\":\"search_term_string\"}}],\"inLanguage\":\"ca\"},{\"@type\":\"Organization\",\"@id\":\"https:\\\/\\\/biblioteca.blanes.cat\\\/salajove\\\/#organization\",\"name\":\"Biblioteca Comarcal de Blanes\",\"url\":\"https:\\\/\\\/biblioteca.blanes.cat\\\/salajove\\\/\",\"logo\":{\"@type\":\"ImageObject\",\"inLanguage\":\"ca\",\"@id\":\"https:\\\/\\\/biblioteca.blanes.cat\\\/salajove\\\/#\\\/schema\\\/logo\\\/image\\\/\",\"url\":\"https:\\\/\\\/biblioteca.blanes.cat\\\/salajove\\\/wp-content\\\/uploads\\\/sites\\\/3\\\/2017\\\/09\\\/cropped-Bib-blau-e1518869380535.png\",\"contentUrl\":\"https:\\\/\\\/biblioteca.blanes.cat\\\/salajove\\\/wp-content\\\/uploads\\\/sites\\\/3\\\/2017\\\/09\\\/cropped-Bib-blau-e1518869380535.png\",\"width\":166,\"height\":166,\"caption\":\"Biblioteca Comarcal de Blanes\"},\"image\":{\"@id\":\"https:\\\/\\\/biblioteca.blanes.cat\\\/salajove\\\/#\\\/schema\\\/logo\\\/image\\\/\"},\"sameAs\":[\"https:\\\/\\\/www.facebook.com\\\/BilbiotecaComarcaldeBlanes\\\/\",\"https:\\\/\\\/x.com\\\/BiblioBlanes\",\"https:\\\/\\\/www.instagram.com\\\/biblioblanes\\\/\",\"https:\\\/\\\/www.pinterest.es\\\/bblanes\\\/\",\"https:\\\/\\\/www.youtube.com\\\/c\\\/BibliotecaComarcalBlanes\"]},{\"@type\":\"Person\",\"@id\":\"https:\\\/\\\/biblioteca.blanes.cat\\\/salajove\\\/#\\\/schema\\\/person\\\/5a7b46760d9dd611d098bbf571a341dc\",\"name\":\"biblioblanes\",\"image\":{\"@type\":\"ImageObject\",\"inLanguage\":\"ca\",\"@id\":\"https:\\\/\\\/secure.gravatar.com\\\/avatar\\\/6593ca6cc90e5a70939f51c95e8315483b9c281bafba597292bee47992030f99?s=96&d=mm&r=g\",\"url\":\"https:\\\/\\\/secure.gravatar.com\\\/avatar\\\/6593ca6cc90e5a70939f51c95e8315483b9c281bafba597292bee47992030f99?s=96&d=mm&r=g\",\"contentUrl\":\"https:\\\/\\\/secure.gravatar.com\\\/avatar\\\/6593ca6cc90e5a70939f51c95e8315483b9c281bafba597292bee47992030f99?s=96&d=mm&r=g\",\"caption\":\"biblioblanes\"},\"sameAs\":[\"http:\\\/\\\/www.bibgirona.cat\\\/biblioteca\\\/blanes\",\"https:\\\/\\\/x.com\\\/biblioblanes\"],\"url\":\"https:\\\/\\\/biblioteca.blanes.cat\\\/salajove\\\/author\\\/biblioblanes\\\/\"}]}<\/script>\n<!-- \/ Yoast SEO plugin. -->","yoast_head_json":{"title":"NOVETATS: Octubre 2020 - Sala Jove","robots":{"index":"index","follow":"follow","max-snippet":"max-snippet:-1","max-image-preview":"max-image-preview:large","max-video-preview":"max-video-preview:-1"},"canonical":"https:\/\/biblioteca.blanes.cat\/salajove\/2020\/10\/01\/novetats-octubre-2020\/","og_locale":"ca_ES","og_type":"article","og_title":"NOVETATS: Octubre 2020 - Sala Jove","og_description":"Biblioteca Jove Blanes &#8211; Novetats Octubre 2020 Ja tenim aqu\u00ed les Novetats juvenils del octubre 2020 que trobareu a la Sala Jove de la Biblioteca Comarcal de Blanes. En primer lloc trobareu les Novel\u00b7les. Tamb\u00e9 hi trobareu les novetats de","og_url":"https:\/\/biblioteca.blanes.cat\/salajove\/2020\/10\/01\/novetats-octubre-2020\/","og_site_name":"Sala Jove","article_publisher":"https:\/\/www.facebook.com\/BilbiotecaComarcaldeBlanes\/","article_published_time":"2020-10-01T14:51:10+00:00","article_modified_time":"2020-10-01T14:51:18+00:00","og_image":[{"width":3719,"height":3719,"url":"https:\/\/biblioteca.blanes.cat\/salajove\/wp-content\/uploads\/sites\/3\/2019\/06\/Novetats_.png","type":"image\/png"}],"author":"biblioblanes","twitter_card":"summary_large_image","twitter_creator":"@biblioblanes","twitter_site":"@BiblioBlanes","twitter_misc":{"Escrit per":"biblioblanes"},"schema":{"@context":"https:\/\/schema.org","@graph":[{"@type":"Article","@id":"https:\/\/biblioteca.blanes.cat\/salajove\/2020\/10\/01\/novetats-octubre-2020\/#article","isPartOf":{"@id":"https:\/\/biblioteca.blanes.cat\/salajove\/2020\/10\/01\/novetats-octubre-2020\/"},"author":{"name":"biblioblanes","@id":"https:\/\/biblioteca.blanes.cat\/salajove\/#\/schema\/person\/5a7b46760d9dd611d098bbf571a341dc"},"headline":"NOVETATS: Octubre 2020","datePublished":"2020-10-01T14:51:10+00:00","dateModified":"2020-10-01T14:51:18+00:00","mainEntityOfPage":{"@id":"https:\/\/biblioteca.blanes.cat\/salajove\/2020\/10\/01\/novetats-octubre-2020\/"},"wordCount":111,"commentCount":0,"publisher":{"@id":"https:\/\/biblioteca.blanes.cat\/salajove\/#organization"},"image":{"@id":"https:\/\/biblioteca.blanes.cat\/salajove\/2020\/10\/01\/novetats-octubre-2020\/#primaryimage"},"thumbnailUrl":"https:\/\/biblioteca.blanes.cat\/salajove\/wp-content\/uploads\/sites\/3\/2019\/06\/Novetats_.png","keywords":["#Activitats #Actualitat #Joves","#Lectura"],"articleSection":["Novetats"],"inLanguage":"ca","potentialAction":[{"@type":"CommentAction","name":"Comment","target":["https:\/\/biblioteca.blanes.cat\/salajove\/2020\/10\/01\/novetats-octubre-2020\/#respond"]}]},{"@type":"WebPage","@id":"https:\/\/biblioteca.blanes.cat\/salajove\/2020\/10\/01\/novetats-octubre-2020\/","url":"https:\/\/biblioteca.blanes.cat\/salajove\/2020\/10\/01\/novetats-octubre-2020\/","name":"NOVETATS: Octubre 2020 - Sala Jove","isPartOf":{"@id":"https:\/\/biblioteca.blanes.cat\/salajove\/#website"},"primaryImageOfPage":{"@id":"https:\/\/biblioteca.blanes.cat\/salajove\/2020\/10\/01\/novetats-octubre-2020\/#primaryimage"},"image":{"@id":"https:\/\/biblioteca.blanes.cat\/salajove\/2020\/10\/01\/novetats-octubre-2020\/#primaryimage"},"thumbnailUrl":"https:\/\/biblioteca.blanes.cat\/salajove\/wp-content\/uploads\/sites\/3\/2019\/06\/Novetats_.png","datePublished":"2020-10-01T14:51:10+00:00","dateModified":"2020-10-01T14:51:18+00:00","breadcrumb":{"@id":"https:\/\/biblioteca.blanes.cat\/salajove\/2020\/10\/01\/novetats-octubre-2020\/#breadcrumb"},"inLanguage":"ca","potentialAction":[{"@type":"ReadAction","target":["https:\/\/biblioteca.blanes.cat\/salajove\/2020\/10\/01\/novetats-octubre-2020\/"]}]},{"@type":"ImageObject","inLanguage":"ca","@id":"https:\/\/biblioteca.blanes.cat\/salajove\/2020\/10\/01\/novetats-octubre-2020\/#primaryimage","url":"https:\/\/biblioteca.blanes.cat\/salajove\/wp-content\/uploads\/sites\/3\/2019\/06\/Novetats_.png","contentUrl":"https:\/\/biblioteca.blanes.cat\/salajove\/wp-content\/uploads\/sites\/3\/2019\/06\/Novetats_.png","width":3719,"height":3719},{"@type":"BreadcrumbList","@id":"https:\/\/biblioteca.blanes.cat\/salajove\/2020\/10\/01\/novetats-octubre-2020\/#breadcrumb","itemListElement":[{"@type":"ListItem","position":1,"name":"Inici","item":"https:\/\/biblioteca.blanes.cat\/salajove\/"},{"@type":"ListItem","position":2,"name":"NOVETATS: Octubre 2020"}]},{"@type":"WebSite","@id":"https:\/\/biblioteca.blanes.cat\/salajove\/#website","url":"https:\/\/biblioteca.blanes.cat\/salajove\/","name":"Sala Jove","description":"Biblioteca Comarcal de Blanes","publisher":{"@id":"https:\/\/biblioteca.blanes.cat\/salajove\/#organization"},"potentialAction":[{"@type":"SearchAction","target":{"@type":"EntryPoint","urlTemplate":"https:\/\/biblioteca.blanes.cat\/salajove\/?s={search_term_string}"},"query-input":{"@type":"PropertyValueSpecification","valueRequired":true,"valueName":"search_term_string"}}],"inLanguage":"ca"},{"@type":"Organization","@id":"https:\/\/biblioteca.blanes.cat\/salajove\/#organization","name":"Biblioteca Comarcal de Blanes","url":"https:\/\/biblioteca.blanes.cat\/salajove\/","logo":{"@type":"ImageObject","inLanguage":"ca","@id":"https:\/\/biblioteca.blanes.cat\/salajove\/#\/schema\/logo\/image\/","url":"https:\/\/biblioteca.blanes.cat\/salajove\/wp-content\/uploads\/sites\/3\/2017\/09\/cropped-Bib-blau-e1518869380535.png","contentUrl":"https:\/\/biblioteca.blanes.cat\/salajove\/wp-content\/uploads\/sites\/3\/2017\/09\/cropped-Bib-blau-e1518869380535.png","width":166,"height":166,"caption":"Biblioteca Comarcal de Blanes"},"image":{"@id":"https:\/\/biblioteca.blanes.cat\/salajove\/#\/schema\/logo\/image\/"},"sameAs":["https:\/\/www.facebook.com\/BilbiotecaComarcaldeBlanes\/","https:\/\/x.com\/BiblioBlanes","https:\/\/www.instagram.com\/biblioblanes\/","https:\/\/www.pinterest.es\/bblanes\/","https:\/\/www.youtube.com\/c\/BibliotecaComarcalBlanes"]},{"@type":"Person","@id":"https:\/\/biblioteca.blanes.cat\/salajove\/#\/schema\/person\/5a7b46760d9dd611d098bbf571a341dc","name":"biblioblanes","image":{"@type":"ImageObject","inLanguage":"ca","@id":"https:\/\/secure.gravatar.com\/avatar\/6593ca6cc90e5a70939f51c95e8315483b9c281bafba597292bee47992030f99?s=96&d=mm&r=g","url":"https:\/\/secure.gravatar.com\/avatar\/6593ca6cc90e5a70939f51c95e8315483b9c281bafba597292bee47992030f99?s=96&d=mm&r=g","contentUrl":"https:\/\/secure.gravatar.com\/avatar\/6593ca6cc90e5a70939f51c95e8315483b9c281bafba597292bee47992030f99?s=96&d=mm&r=g","caption":"biblioblanes"},"sameAs":["http:\/\/www.bibgirona.cat\/biblioteca\/blanes","https:\/\/x.com\/biblioblanes"],"url":"https:\/\/biblioteca.blanes.cat\/salajove\/author\/biblioblanes\/"}]}},"_links":{"self":[{"href":"https:\/\/biblioteca.blanes.cat\/salajove\/wp-json\/wp\/v2\/posts\/4417","targetHints":{"allow":["GET"]}}],"collection":[{"href":"https:\/\/biblioteca.blanes.cat\/salajove\/wp-json\/wp\/v2\/posts"}],"about":[{"href":"https:\/\/biblioteca.blanes.cat\/salajove\/wp-json\/wp\/v2\/types\/post"}],"author":[{"embeddable":true,"href":"https:\/\/biblioteca.blanes.cat\/salajove\/wp-json\/wp\/v2\/users\/4"}],"replies":[{"embeddable":true,"href":"https:\/\/biblioteca.blanes.cat\/salajove\/wp-json\/wp\/v2\/comments?post=4417"}],"version-history":[{"count":6,"href":"https:\/\/biblioteca.blanes.cat\/salajove\/wp-json\/wp\/v2\/posts\/4417\/revisions"}],"predecessor-version":[{"id":4465,"href":"https:\/\/biblioteca.blanes.cat\/salajove\/wp-json\/wp\/v2\/posts\/4417\/revisions\/4465"}],"wp:featuredmedia":[{"embeddable":true,"href":"https:\/\/biblioteca.blanes.cat\/salajove\/wp-json\/wp\/v2\/media\/2945"}],"wp:attachment":[{"href":"https:\/\/biblioteca.blanes.cat\/salajove\/wp-json\/wp\/v2\/media?parent=4417"}],"wp:term":[{"taxonomy":"category","embeddable":true,"href":"https:\/\/biblioteca.blanes.cat\/salajove\/wp-json\/wp\/v2\/categories?post=4417"},{"taxonomy":"post_tag","embeddable":true,"href":"https:\/\/biblioteca.blanes.cat\/salajove\/wp-json\/wp\/v2\/tags?post=4417"}],"curies":[{"name":"wp","href":"https:\/\/api.w.org\/{rel}","templated":true}]}}