{"id":4406,"date":"2020-10-13T15:37:00","date_gmt":"2020-10-13T14:37:00","guid":{"rendered":"https:\/\/biblioteca.blanes.cat\/salajove\/?p=4406"},"modified":"2020-10-13T18:24:14","modified_gmt":"2020-10-13T17:24:14","slug":"bollere-2020-terminis-i-presentacio-doriginals","status":"publish","type":"post","link":"https:\/\/biblioteca.blanes.cat\/salajove\/2020\/10\/13\/bollere-2020-terminis-i-presentacio-doriginals\/","title":{"rendered":"Boller\u00e9 2020 \u2013 Terminis i Presentaci\u00f3 d\u2019originals"},"content":{"rendered":"\n<p class=\"has-text-align-center has-text-color has-medium-font-size\" style=\"color:#5dec50\"><strong>EI!!<\/strong><\/p>\n\n\n\n<p class=\"has-text-align-center has-text-color has-medium-font-size\" style=\"color:#5dec50\"><strong>ELS JOVES TENIM MOLT A DIR!!<\/strong><\/p>\n\n\n\n<h2 class=\"has-text-align-center has-very-dark-gray-color has-text-color wp-block-heading\">Es convoca la XII edici\u00f3 del<\/h2>\n\n\n\n<h2 class=\"has-text-align-center has-very-dark-gray-color has-text-color wp-block-heading\">CONCURS LITERARI BOLLER\u00c9<\/h2>\n\n\n\n<h2 class=\"has-text-align-center has-very-dark-gray-color has-text-color wp-block-heading\">de relats breus per a joves.<\/h2>\n\n\n\n<p class=\"has-text-align-center\">Es tracta d\u2019un concurs organitzat per l\u2019Ajuntament de Blanes amb la finalitat de promoure la creaci\u00f3 liter\u00e0ria del p\u00fablic juvenil.<\/p>\n\n\n\n<p class=\"has-text-align-center\">A continuaci\u00f3 trobareu les pautes que haureu de seguir si voleu presentar els vostres relats i participar:<\/p>\n\n\n\n<figure class=\"wp-block-pullquote\" style=\"border-color:#5dec50\"><blockquote><p><strong>Els terminis de presentaci\u00f3 s\u00f3n <\/strong><\/p><p><strong>del 16 de novembre al 5 de desembre de 2020.<\/strong><\/p><\/blockquote><\/figure>\n\n\n\n<p>Els treballs es poden presentar:<\/p>\n\n\n\n<ul class=\"wp-block-list\"><li>Personalment s&#8217;ha de sol.licitar cita pr\u00e8via a atenci\u00f3 ciutadana a www.blanes.cat\/citaprevia i presentar en el Registre General de l\u2019Ajuntament (Passeig de Dintre, 29, 17300 BLANES) Tel. 972 37 93 00) HORARI: de dilluns a divendres de 8.30 a 14.30h comunicant que participeu al concurs i mantindran les vostres dades amb un pseud\u00f2nim. <\/li><li>Enviant-los per correu certificat a l\u2019adre\u00e7a de l\u2019ajuntament (Passeig de Dintre, 29 \u2013 17300 BLANES). Els treballs segellats amb posterioritat al 5 de desembre de 2020 quedaran exclosos.<\/li><\/ul>\n\n\n\n<p>Dins d\u2019aquest sobre certificat hi haur\u00e0:<\/p>\n\n\n\n<p>\u2013 un&nbsp; sobre gran TANCAT que inclour\u00e0 els treballs (5 c\u00f2pies de cada relat) ; a l\u2019exterior d\u2019aquest&nbsp; sobre hi ha de figurar: <strong>\u201cXII Concurs Literari Boller\u00e9\u201d,<\/strong> el pseud\u00f2nim de l\u2019autor, el t\u00edtol del treball i la categoria.<\/p>\n\n\n\n<p>\u2013 un sobre petit amb les dades personals del participant:<\/p>\n\n\n\n<p>T\u00edtol del treball<\/p>\n\n\n\n<p>Nom i cognoms del participant<\/p>\n\n\n\n<p>Fotoc\u00f2pia del DNI o document acreditatiu<\/p>\n\n\n\n<p>Adre\u00e7a postal, tel\u00e8fon\/s de contacte i e-mail.<\/p>\n\n\n\n<p>En els treballs que es presentin per correu comptar\u00e0 com a data de lliurament la que figuri al mata-segells.<\/p>\n\n\n\n<p>Nom\u00e9s podr\u00e0 presentar-se una obra per autor.<\/p>\n\n\n\n<h2 class=\"has-very-dark-gray-color has-text-color wp-block-heading\">Extensi\u00f3 i Format:<\/h2>\n\n\n\n<p>Els relats es poden escriure en llengua catalana o castellana. La tem\u00e0tica \u00e9s lliure, i hauran de tenir una extensi\u00f3 m\u00ednima de 3 fulls i una m\u00e0xima de 6 fulls. Tots els treballs s\u2019han de presentar en format Word, en lletra Arial mida 12, interlineat 1\u20195,  impresos a una sola cara i p\u00e0gines numerades.<\/p>\n\n\n\n<h2 class=\"has-very-dark-gray-color has-text-color wp-block-heading\">Categories i premis:<\/h2>\n\n\n\n<p>Els premis es divideixen en dos categories:<\/p>\n\n\n\n<p class=\"has-very-dark-gray-color has-text-color\"><strong>Categoria A<\/strong>: joves de 17 a 25 anys. 500 euros per al relat guanyador i 150 euros per al relat finalista.<\/p>\n\n\n\n<p><strong>Categoria B<\/strong>: joves de 12 a 16 anys. 200 euros per al relat guanyador i 50 euros per al relat finalista.<\/p>\n\n\n\n<h3 class=\"has-text-align-center has-text-color wp-block-heading\" style=\"color:#5dec50\">Descarregat les bases en format PDF <a href=\"https:\/\/biblioteca.blanes.cat\/salajove\/wp-content\/uploads\/sites\/3\/2020\/10\/BibliotecaComarcaldeBlanes_Bases_Bollere2020_-1.pdf\" target=\"_blank\" rel=\"noreferrer noopener\">aqu\u00ed<\/a>: <\/h3>\n\n\n\n<h4 class=\"has-text-color wp-block-heading\" style=\"color:#5dec50\"><a href=\"http:\/\/www.bibgirona.cat\/biblioteca\/blanes\" target=\"_blank\" rel=\"noreferrer noopener\">#biblioblanes<\/a>&nbsp;&nbsp;&nbsp;&nbsp;&nbsp;<a href=\"https:\/\/biblioteca.blanes.cat\/salajove\/category\/bollere\/\" target=\"_blank\" rel=\"noreferrer noopener\">#boller\u00e9<\/a><\/h4>\n\n\n\n<p><\/p>\n","protected":false},"excerpt":{"rendered":"<p>EI!! ELS JOVES TENIM MOLT A DIR!! Es convoca la XII edici\u00f3 del CONCURS LITERARI BOLLER\u00c9 de relats breus per a joves. Es tracta d\u2019un concurs organitzat per l\u2019Ajuntament de Blanes amb la finalitat de promoure la creaci\u00f3 liter\u00e0ria del<\/p>\n","protected":false},"author":4,"featured_media":4416,"comment_status":"open","ping_status":"open","sticky":false,"template":"","format":"standard","meta":{"sfsi_plus_gutenberg_text_before_share":"","sfsi_plus_gutenberg_show_text_before_share":"","sfsi_plus_gutenberg_icon_type":"","sfsi_plus_gutenberg_icon_alignemt":"","sfsi_plus_gutenburg_max_per_row":"","footnotes":""},"categories":[36],"tags":[97,95],"class_list":["post-4406","post","type-post","status-publish","format-standard","has-post-thumbnail","hentry","category-premis-literaris","tag-activitats-actualitat-joves","tag-bollere-certamen-escriptura-joves-literatura-narracio-premis"],"yoast_head":"<!-- This site is optimized with the Yoast SEO plugin v27.5 - https:\/\/yoast.com\/product\/yoast-seo-wordpress\/ -->\n<title>Boller\u00e9 2020 \u2013 Terminis i Presentaci\u00f3 d\u2019originals - Sala Jove<\/title>\n<meta name=\"robots\" content=\"index, follow, max-snippet:-1, max-image-preview:large, max-video-preview:-1\" \/>\n<link rel=\"canonical\" href=\"https:\/\/biblioteca.blanes.cat\/salajove\/2020\/10\/13\/bollere-2020-terminis-i-presentacio-doriginals\/\" \/>\n<meta property=\"og:locale\" content=\"ca_ES\" \/>\n<meta property=\"og:type\" content=\"article\" \/>\n<meta property=\"og:title\" content=\"Boller\u00e9 2020 \u2013 Terminis i Presentaci\u00f3 d\u2019originals - Sala Jove\" \/>\n<meta property=\"og:description\" content=\"EI!! ELS JOVES TENIM MOLT A DIR!! Es convoca la XII edici\u00f3 del CONCURS LITERARI BOLLER\u00c9 de relats breus per a joves. Es tracta d\u2019un concurs organitzat per l\u2019Ajuntament de Blanes amb la finalitat de promoure la creaci\u00f3 liter\u00e0ria del\" \/>\n<meta property=\"og:url\" content=\"https:\/\/biblioteca.blanes.cat\/salajove\/2020\/10\/13\/bollere-2020-terminis-i-presentacio-doriginals\/\" \/>\n<meta property=\"og:site_name\" content=\"Sala Jove\" \/>\n<meta property=\"article:publisher\" content=\"https:\/\/www.facebook.com\/BilbiotecaComarcaldeBlanes\/\" \/>\n<meta property=\"article:published_time\" content=\"2020-10-13T14:37:00+00:00\" \/>\n<meta property=\"article:modified_time\" content=\"2020-10-13T17:24:14+00:00\" \/>\n<meta property=\"og:image\" content=\"https:\/\/biblioteca.blanes.cat\/salajove\/wp-content\/uploads\/sites\/3\/2020\/09\/boller\u00e9-bloc-jove.jpg\" \/>\n\t<meta property=\"og:image:width\" content=\"934\" \/>\n\t<meta property=\"og:image:height\" content=\"1370\" \/>\n\t<meta property=\"og:image:type\" content=\"image\/jpeg\" \/>\n<meta name=\"author\" content=\"biblioblanes\" \/>\n<meta name=\"twitter:card\" content=\"summary_large_image\" \/>\n<meta name=\"twitter:creator\" content=\"@biblioblanes\" \/>\n<meta name=\"twitter:site\" content=\"@BiblioBlanes\" \/>\n<meta name=\"twitter:label1\" content=\"Escrit per\" \/>\n\t<meta name=\"twitter:data1\" content=\"biblioblanes\" \/>\n\t<meta name=\"twitter:label2\" content=\"Temps estimat de lectura\" \/>\n\t<meta name=\"twitter:data2\" content=\"2 minuts\" \/>\n<script type=\"application\/ld+json\" class=\"yoast-schema-graph\">{\"@context\":\"https:\\\/\\\/schema.org\",\"@graph\":[{\"@type\":\"Article\",\"@id\":\"https:\\\/\\\/biblioteca.blanes.cat\\\/salajove\\\/2020\\\/10\\\/13\\\/bollere-2020-terminis-i-presentacio-doriginals\\\/#article\",\"isPartOf\":{\"@id\":\"https:\\\/\\\/biblioteca.blanes.cat\\\/salajove\\\/2020\\\/10\\\/13\\\/bollere-2020-terminis-i-presentacio-doriginals\\\/\"},\"author\":{\"name\":\"biblioblanes\",\"@id\":\"https:\\\/\\\/biblioteca.blanes.cat\\\/salajove\\\/#\\\/schema\\\/person\\\/5a7b46760d9dd611d098bbf571a341dc\"},\"headline\":\"Boller\u00e9 2020 \u2013 Terminis i Presentaci\u00f3 d\u2019originals\",\"datePublished\":\"2020-10-13T14:37:00+00:00\",\"dateModified\":\"2020-10-13T17:24:14+00:00\",\"mainEntityOfPage\":{\"@id\":\"https:\\\/\\\/biblioteca.blanes.cat\\\/salajove\\\/2020\\\/10\\\/13\\\/bollere-2020-terminis-i-presentacio-doriginals\\\/\"},\"wordCount\":394,\"commentCount\":0,\"publisher\":{\"@id\":\"https:\\\/\\\/biblioteca.blanes.cat\\\/salajove\\\/#organization\"},\"image\":{\"@id\":\"https:\\\/\\\/biblioteca.blanes.cat\\\/salajove\\\/2020\\\/10\\\/13\\\/bollere-2020-terminis-i-presentacio-doriginals\\\/#primaryimage\"},\"thumbnailUrl\":\"https:\\\/\\\/biblioteca.blanes.cat\\\/salajove\\\/wp-content\\\/uploads\\\/sites\\\/3\\\/2020\\\/09\\\/boller\u00e9-bloc-jove.jpg\",\"keywords\":[\"#Activitats #Actualitat #Joves\",\"#Boller\u00e9 #Cert\u00e0men #Escriptura #Joves #Literatura #Narraci\u00f3 #Premis\"],\"articleSection\":[\"Premis Literaris\"],\"inLanguage\":\"ca\",\"potentialAction\":[{\"@type\":\"CommentAction\",\"name\":\"Comment\",\"target\":[\"https:\\\/\\\/biblioteca.blanes.cat\\\/salajove\\\/2020\\\/10\\\/13\\\/bollere-2020-terminis-i-presentacio-doriginals\\\/#respond\"]}]},{\"@type\":\"WebPage\",\"@id\":\"https:\\\/\\\/biblioteca.blanes.cat\\\/salajove\\\/2020\\\/10\\\/13\\\/bollere-2020-terminis-i-presentacio-doriginals\\\/\",\"url\":\"https:\\\/\\\/biblioteca.blanes.cat\\\/salajove\\\/2020\\\/10\\\/13\\\/bollere-2020-terminis-i-presentacio-doriginals\\\/\",\"name\":\"Boller\u00e9 2020 \u2013 Terminis i Presentaci\u00f3 d\u2019originals - Sala Jove\",\"isPartOf\":{\"@id\":\"https:\\\/\\\/biblioteca.blanes.cat\\\/salajove\\\/#website\"},\"primaryImageOfPage\":{\"@id\":\"https:\\\/\\\/biblioteca.blanes.cat\\\/salajove\\\/2020\\\/10\\\/13\\\/bollere-2020-terminis-i-presentacio-doriginals\\\/#primaryimage\"},\"image\":{\"@id\":\"https:\\\/\\\/biblioteca.blanes.cat\\\/salajove\\\/2020\\\/10\\\/13\\\/bollere-2020-terminis-i-presentacio-doriginals\\\/#primaryimage\"},\"thumbnailUrl\":\"https:\\\/\\\/biblioteca.blanes.cat\\\/salajove\\\/wp-content\\\/uploads\\\/sites\\\/3\\\/2020\\\/09\\\/boller\u00e9-bloc-jove.jpg\",\"datePublished\":\"2020-10-13T14:37:00+00:00\",\"dateModified\":\"2020-10-13T17:24:14+00:00\",\"breadcrumb\":{\"@id\":\"https:\\\/\\\/biblioteca.blanes.cat\\\/salajove\\\/2020\\\/10\\\/13\\\/bollere-2020-terminis-i-presentacio-doriginals\\\/#breadcrumb\"},\"inLanguage\":\"ca\",\"potentialAction\":[{\"@type\":\"ReadAction\",\"target\":[\"https:\\\/\\\/biblioteca.blanes.cat\\\/salajove\\\/2020\\\/10\\\/13\\\/bollere-2020-terminis-i-presentacio-doriginals\\\/\"]}]},{\"@type\":\"ImageObject\",\"inLanguage\":\"ca\",\"@id\":\"https:\\\/\\\/biblioteca.blanes.cat\\\/salajove\\\/2020\\\/10\\\/13\\\/bollere-2020-terminis-i-presentacio-doriginals\\\/#primaryimage\",\"url\":\"https:\\\/\\\/biblioteca.blanes.cat\\\/salajove\\\/wp-content\\\/uploads\\\/sites\\\/3\\\/2020\\\/09\\\/boller\u00e9-bloc-jove.jpg\",\"contentUrl\":\"https:\\\/\\\/biblioteca.blanes.cat\\\/salajove\\\/wp-content\\\/uploads\\\/sites\\\/3\\\/2020\\\/09\\\/boller\u00e9-bloc-jove.jpg\",\"width\":934,\"height\":1370},{\"@type\":\"BreadcrumbList\",\"@id\":\"https:\\\/\\\/biblioteca.blanes.cat\\\/salajove\\\/2020\\\/10\\\/13\\\/bollere-2020-terminis-i-presentacio-doriginals\\\/#breadcrumb\",\"itemListElement\":[{\"@type\":\"ListItem\",\"position\":1,\"name\":\"Inici\",\"item\":\"https:\\\/\\\/biblioteca.blanes.cat\\\/salajove\\\/\"},{\"@type\":\"ListItem\",\"position\":2,\"name\":\"Boller\u00e9 2020 \u2013 Terminis i Presentaci\u00f3 d\u2019originals\"}]},{\"@type\":\"WebSite\",\"@id\":\"https:\\\/\\\/biblioteca.blanes.cat\\\/salajove\\\/#website\",\"url\":\"https:\\\/\\\/biblioteca.blanes.cat\\\/salajove\\\/\",\"name\":\"Sala Jove\",\"description\":\"Biblioteca Comarcal de Blanes\",\"publisher\":{\"@id\":\"https:\\\/\\\/biblioteca.blanes.cat\\\/salajove\\\/#organization\"},\"potentialAction\":[{\"@type\":\"SearchAction\",\"target\":{\"@type\":\"EntryPoint\",\"urlTemplate\":\"https:\\\/\\\/biblioteca.blanes.cat\\\/salajove\\\/?s={search_term_string}\"},\"query-input\":{\"@type\":\"PropertyValueSpecification\",\"valueRequired\":true,\"valueName\":\"search_term_string\"}}],\"inLanguage\":\"ca\"},{\"@type\":\"Organization\",\"@id\":\"https:\\\/\\\/biblioteca.blanes.cat\\\/salajove\\\/#organization\",\"name\":\"Biblioteca Comarcal de Blanes\",\"url\":\"https:\\\/\\\/biblioteca.blanes.cat\\\/salajove\\\/\",\"logo\":{\"@type\":\"ImageObject\",\"inLanguage\":\"ca\",\"@id\":\"https:\\\/\\\/biblioteca.blanes.cat\\\/salajove\\\/#\\\/schema\\\/logo\\\/image\\\/\",\"url\":\"https:\\\/\\\/biblioteca.blanes.cat\\\/salajove\\\/wp-content\\\/uploads\\\/sites\\\/3\\\/2017\\\/09\\\/cropped-Bib-blau-e1518869380535.png\",\"contentUrl\":\"https:\\\/\\\/biblioteca.blanes.cat\\\/salajove\\\/wp-content\\\/uploads\\\/sites\\\/3\\\/2017\\\/09\\\/cropped-Bib-blau-e1518869380535.png\",\"width\":166,\"height\":166,\"caption\":\"Biblioteca Comarcal de Blanes\"},\"image\":{\"@id\":\"https:\\\/\\\/biblioteca.blanes.cat\\\/salajove\\\/#\\\/schema\\\/logo\\\/image\\\/\"},\"sameAs\":[\"https:\\\/\\\/www.facebook.com\\\/BilbiotecaComarcaldeBlanes\\\/\",\"https:\\\/\\\/x.com\\\/BiblioBlanes\",\"https:\\\/\\\/www.instagram.com\\\/biblioblanes\\\/\",\"https:\\\/\\\/www.pinterest.es\\\/bblanes\\\/\",\"https:\\\/\\\/www.youtube.com\\\/c\\\/BibliotecaComarcalBlanes\"]},{\"@type\":\"Person\",\"@id\":\"https:\\\/\\\/biblioteca.blanes.cat\\\/salajove\\\/#\\\/schema\\\/person\\\/5a7b46760d9dd611d098bbf571a341dc\",\"name\":\"biblioblanes\",\"image\":{\"@type\":\"ImageObject\",\"inLanguage\":\"ca\",\"@id\":\"https:\\\/\\\/secure.gravatar.com\\\/avatar\\\/6593ca6cc90e5a70939f51c95e8315483b9c281bafba597292bee47992030f99?s=96&d=mm&r=g\",\"url\":\"https:\\\/\\\/secure.gravatar.com\\\/avatar\\\/6593ca6cc90e5a70939f51c95e8315483b9c281bafba597292bee47992030f99?s=96&d=mm&r=g\",\"contentUrl\":\"https:\\\/\\\/secure.gravatar.com\\\/avatar\\\/6593ca6cc90e5a70939f51c95e8315483b9c281bafba597292bee47992030f99?s=96&d=mm&r=g\",\"caption\":\"biblioblanes\"},\"sameAs\":[\"http:\\\/\\\/www.bibgirona.cat\\\/biblioteca\\\/blanes\",\"https:\\\/\\\/x.com\\\/biblioblanes\"],\"url\":\"https:\\\/\\\/biblioteca.blanes.cat\\\/salajove\\\/author\\\/biblioblanes\\\/\"}]}<\/script>\n<!-- \/ Yoast SEO plugin. -->","yoast_head_json":{"title":"Boller\u00e9 2020 \u2013 Terminis i Presentaci\u00f3 d\u2019originals - Sala Jove","robots":{"index":"index","follow":"follow","max-snippet":"max-snippet:-1","max-image-preview":"max-image-preview:large","max-video-preview":"max-video-preview:-1"},"canonical":"https:\/\/biblioteca.blanes.cat\/salajove\/2020\/10\/13\/bollere-2020-terminis-i-presentacio-doriginals\/","og_locale":"ca_ES","og_type":"article","og_title":"Boller\u00e9 2020 \u2013 Terminis i Presentaci\u00f3 d\u2019originals - Sala Jove","og_description":"EI!! ELS JOVES TENIM MOLT A DIR!! Es convoca la XII edici\u00f3 del CONCURS LITERARI BOLLER\u00c9 de relats breus per a joves. Es tracta d\u2019un concurs organitzat per l\u2019Ajuntament de Blanes amb la finalitat de promoure la creaci\u00f3 liter\u00e0ria del","og_url":"https:\/\/biblioteca.blanes.cat\/salajove\/2020\/10\/13\/bollere-2020-terminis-i-presentacio-doriginals\/","og_site_name":"Sala Jove","article_publisher":"https:\/\/www.facebook.com\/BilbiotecaComarcaldeBlanes\/","article_published_time":"2020-10-13T14:37:00+00:00","article_modified_time":"2020-10-13T17:24:14+00:00","og_image":[{"width":934,"height":1370,"url":"https:\/\/biblioteca.blanes.cat\/salajove\/wp-content\/uploads\/sites\/3\/2020\/09\/boller\u00e9-bloc-jove.jpg","type":"image\/jpeg"}],"author":"biblioblanes","twitter_card":"summary_large_image","twitter_creator":"@biblioblanes","twitter_site":"@BiblioBlanes","twitter_misc":{"Escrit per":"biblioblanes","Temps estimat de lectura":"2 minuts"},"schema":{"@context":"https:\/\/schema.org","@graph":[{"@type":"Article","@id":"https:\/\/biblioteca.blanes.cat\/salajove\/2020\/10\/13\/bollere-2020-terminis-i-presentacio-doriginals\/#article","isPartOf":{"@id":"https:\/\/biblioteca.blanes.cat\/salajove\/2020\/10\/13\/bollere-2020-terminis-i-presentacio-doriginals\/"},"author":{"name":"biblioblanes","@id":"https:\/\/biblioteca.blanes.cat\/salajove\/#\/schema\/person\/5a7b46760d9dd611d098bbf571a341dc"},"headline":"Boller\u00e9 2020 \u2013 Terminis i Presentaci\u00f3 d\u2019originals","datePublished":"2020-10-13T14:37:00+00:00","dateModified":"2020-10-13T17:24:14+00:00","mainEntityOfPage":{"@id":"https:\/\/biblioteca.blanes.cat\/salajove\/2020\/10\/13\/bollere-2020-terminis-i-presentacio-doriginals\/"},"wordCount":394,"commentCount":0,"publisher":{"@id":"https:\/\/biblioteca.blanes.cat\/salajove\/#organization"},"image":{"@id":"https:\/\/biblioteca.blanes.cat\/salajove\/2020\/10\/13\/bollere-2020-terminis-i-presentacio-doriginals\/#primaryimage"},"thumbnailUrl":"https:\/\/biblioteca.blanes.cat\/salajove\/wp-content\/uploads\/sites\/3\/2020\/09\/boller\u00e9-bloc-jove.jpg","keywords":["#Activitats #Actualitat #Joves","#Boller\u00e9 #Cert\u00e0men #Escriptura #Joves #Literatura #Narraci\u00f3 #Premis"],"articleSection":["Premis Literaris"],"inLanguage":"ca","potentialAction":[{"@type":"CommentAction","name":"Comment","target":["https:\/\/biblioteca.blanes.cat\/salajove\/2020\/10\/13\/bollere-2020-terminis-i-presentacio-doriginals\/#respond"]}]},{"@type":"WebPage","@id":"https:\/\/biblioteca.blanes.cat\/salajove\/2020\/10\/13\/bollere-2020-terminis-i-presentacio-doriginals\/","url":"https:\/\/biblioteca.blanes.cat\/salajove\/2020\/10\/13\/bollere-2020-terminis-i-presentacio-doriginals\/","name":"Boller\u00e9 2020 \u2013 Terminis i Presentaci\u00f3 d\u2019originals - Sala Jove","isPartOf":{"@id":"https:\/\/biblioteca.blanes.cat\/salajove\/#website"},"primaryImageOfPage":{"@id":"https:\/\/biblioteca.blanes.cat\/salajove\/2020\/10\/13\/bollere-2020-terminis-i-presentacio-doriginals\/#primaryimage"},"image":{"@id":"https:\/\/biblioteca.blanes.cat\/salajove\/2020\/10\/13\/bollere-2020-terminis-i-presentacio-doriginals\/#primaryimage"},"thumbnailUrl":"https:\/\/biblioteca.blanes.cat\/salajove\/wp-content\/uploads\/sites\/3\/2020\/09\/boller\u00e9-bloc-jove.jpg","datePublished":"2020-10-13T14:37:00+00:00","dateModified":"2020-10-13T17:24:14+00:00","breadcrumb":{"@id":"https:\/\/biblioteca.blanes.cat\/salajove\/2020\/10\/13\/bollere-2020-terminis-i-presentacio-doriginals\/#breadcrumb"},"inLanguage":"ca","potentialAction":[{"@type":"ReadAction","target":["https:\/\/biblioteca.blanes.cat\/salajove\/2020\/10\/13\/bollere-2020-terminis-i-presentacio-doriginals\/"]}]},{"@type":"ImageObject","inLanguage":"ca","@id":"https:\/\/biblioteca.blanes.cat\/salajove\/2020\/10\/13\/bollere-2020-terminis-i-presentacio-doriginals\/#primaryimage","url":"https:\/\/biblioteca.blanes.cat\/salajove\/wp-content\/uploads\/sites\/3\/2020\/09\/boller\u00e9-bloc-jove.jpg","contentUrl":"https:\/\/biblioteca.blanes.cat\/salajove\/wp-content\/uploads\/sites\/3\/2020\/09\/boller\u00e9-bloc-jove.jpg","width":934,"height":1370},{"@type":"BreadcrumbList","@id":"https:\/\/biblioteca.blanes.cat\/salajove\/2020\/10\/13\/bollere-2020-terminis-i-presentacio-doriginals\/#breadcrumb","itemListElement":[{"@type":"ListItem","position":1,"name":"Inici","item":"https:\/\/biblioteca.blanes.cat\/salajove\/"},{"@type":"ListItem","position":2,"name":"Boller\u00e9 2020 \u2013 Terminis i Presentaci\u00f3 d\u2019originals"}]},{"@type":"WebSite","@id":"https:\/\/biblioteca.blanes.cat\/salajove\/#website","url":"https:\/\/biblioteca.blanes.cat\/salajove\/","name":"Sala Jove","description":"Biblioteca Comarcal de Blanes","publisher":{"@id":"https:\/\/biblioteca.blanes.cat\/salajove\/#organization"},"potentialAction":[{"@type":"SearchAction","target":{"@type":"EntryPoint","urlTemplate":"https:\/\/biblioteca.blanes.cat\/salajove\/?s={search_term_string}"},"query-input":{"@type":"PropertyValueSpecification","valueRequired":true,"valueName":"search_term_string"}}],"inLanguage":"ca"},{"@type":"Organization","@id":"https:\/\/biblioteca.blanes.cat\/salajove\/#organization","name":"Biblioteca Comarcal de Blanes","url":"https:\/\/biblioteca.blanes.cat\/salajove\/","logo":{"@type":"ImageObject","inLanguage":"ca","@id":"https:\/\/biblioteca.blanes.cat\/salajove\/#\/schema\/logo\/image\/","url":"https:\/\/biblioteca.blanes.cat\/salajove\/wp-content\/uploads\/sites\/3\/2017\/09\/cropped-Bib-blau-e1518869380535.png","contentUrl":"https:\/\/biblioteca.blanes.cat\/salajove\/wp-content\/uploads\/sites\/3\/2017\/09\/cropped-Bib-blau-e1518869380535.png","width":166,"height":166,"caption":"Biblioteca Comarcal de Blanes"},"image":{"@id":"https:\/\/biblioteca.blanes.cat\/salajove\/#\/schema\/logo\/image\/"},"sameAs":["https:\/\/www.facebook.com\/BilbiotecaComarcaldeBlanes\/","https:\/\/x.com\/BiblioBlanes","https:\/\/www.instagram.com\/biblioblanes\/","https:\/\/www.pinterest.es\/bblanes\/","https:\/\/www.youtube.com\/c\/BibliotecaComarcalBlanes"]},{"@type":"Person","@id":"https:\/\/biblioteca.blanes.cat\/salajove\/#\/schema\/person\/5a7b46760d9dd611d098bbf571a341dc","name":"biblioblanes","image":{"@type":"ImageObject","inLanguage":"ca","@id":"https:\/\/secure.gravatar.com\/avatar\/6593ca6cc90e5a70939f51c95e8315483b9c281bafba597292bee47992030f99?s=96&d=mm&r=g","url":"https:\/\/secure.gravatar.com\/avatar\/6593ca6cc90e5a70939f51c95e8315483b9c281bafba597292bee47992030f99?s=96&d=mm&r=g","contentUrl":"https:\/\/secure.gravatar.com\/avatar\/6593ca6cc90e5a70939f51c95e8315483b9c281bafba597292bee47992030f99?s=96&d=mm&r=g","caption":"biblioblanes"},"sameAs":["http:\/\/www.bibgirona.cat\/biblioteca\/blanes","https:\/\/x.com\/biblioblanes"],"url":"https:\/\/biblioteca.blanes.cat\/salajove\/author\/biblioblanes\/"}]}},"_links":{"self":[{"href":"https:\/\/biblioteca.blanes.cat\/salajove\/wp-json\/wp\/v2\/posts\/4406","targetHints":{"allow":["GET"]}}],"collection":[{"href":"https:\/\/biblioteca.blanes.cat\/salajove\/wp-json\/wp\/v2\/posts"}],"about":[{"href":"https:\/\/biblioteca.blanes.cat\/salajove\/wp-json\/wp\/v2\/types\/post"}],"author":[{"embeddable":true,"href":"https:\/\/biblioteca.blanes.cat\/salajove\/wp-json\/wp\/v2\/users\/4"}],"replies":[{"embeddable":true,"href":"https:\/\/biblioteca.blanes.cat\/salajove\/wp-json\/wp\/v2\/comments?post=4406"}],"version-history":[{"count":12,"href":"https:\/\/biblioteca.blanes.cat\/salajove\/wp-json\/wp\/v2\/posts\/4406\/revisions"}],"predecessor-version":[{"id":4633,"href":"https:\/\/biblioteca.blanes.cat\/salajove\/wp-json\/wp\/v2\/posts\/4406\/revisions\/4633"}],"wp:featuredmedia":[{"embeddable":true,"href":"https:\/\/biblioteca.blanes.cat\/salajove\/wp-json\/wp\/v2\/media\/4416"}],"wp:attachment":[{"href":"https:\/\/biblioteca.blanes.cat\/salajove\/wp-json\/wp\/v2\/media?parent=4406"}],"wp:term":[{"taxonomy":"category","embeddable":true,"href":"https:\/\/biblioteca.blanes.cat\/salajove\/wp-json\/wp\/v2\/categories?post=4406"},{"taxonomy":"post_tag","embeddable":true,"href":"https:\/\/biblioteca.blanes.cat\/salajove\/wp-json\/wp\/v2\/tags?post=4406"}],"curies":[{"name":"wp","href":"https:\/\/api.w.org\/{rel}","templated":true}]}}