{"id":4378,"date":"2020-09-17T13:03:53","date_gmt":"2020-09-17T12:03:53","guid":{"rendered":"https:\/\/biblioteca.blanes.cat\/salajove\/?p=4378"},"modified":"2020-09-17T13:03:55","modified_gmt":"2020-09-17T12:03:55","slug":"10-anys-de-bibliovacanes-premiats","status":"publish","type":"post","link":"https:\/\/biblioteca.blanes.cat\/salajove\/2020\/09\/17\/10-anys-de-bibliovacanes-premiats\/","title":{"rendered":"10 anys de Bibliovacanes: Premiats!"},"content":{"rendered":"\n<p class=\"has-text-align-center\">Si si vosaltres! <\/p>\n\n\n\n<p class=\"has-text-align-center has-medium-font-size\">Enhorabona a tots els infants i joves que han participat aquest any en el <strong>10 anys de Bibliovacances<\/strong>!<\/p>\n\n\n\n<p class=\"has-text-align-center\">Tot i ser un estiu at\u00edpic heu volgut compartir amb nosaltres all\u00f2 que tant estimem: La lectura! <\/p>\n\n\n\n<p class=\"has-text-align-center\">Aquest any hem celebrat els 10 anys de Bibliovacances i com no podia ser d&#8217;un altra manera&#8230;. hem volat en coet, hem navegat amb els pirates, alguns ens hem endinssat en el m\u00f3n de la fantasia acompanyats de follets, bruixes i fades, d&#8217;altres han preferit investigar crims o descobrir mons terror\u00edfics&#8230; Per\u00f2 tots, tots han estat uns s\u00faper lectors!<\/p>\n\n\n\n<p class=\"has-text-align-center\">Feu una ullada als s\u00faper premis que teniem preparats per a cada categoria i als guanyadors amb els seus v\u00eddeos corresponents<\/p>\n\n\n\n<p class=\"has-text-align-center has-large-font-size\"><strong><span style=\"color:#9b51e0\" class=\"tadv-color\">Categoria JN (Joves)<\/span><\/strong><\/p>\n\n\n\n<p class=\"has-text-align-center\">Guanyador d&#8217;un Bateig de Submarinisme amb Blanes-Sub<\/p>\n\n\n\n<figure class=\"wp-block-embed-youtube wp-block-embed is-type-video is-provider-youtube wp-embed-aspect-16-9 wp-has-aspect-ratio\"><div class=\"wp-block-embed__wrapper\">\n<iframe title=\"10anys de Bibliovacances - V\u00eddeo de J\u00falia Oller Ripoll, 13 anys, joves\" width=\"750\" height=\"422\" src=\"https:\/\/www.youtube.com\/embed\/ntsblWxqkss?feature=oembed\" frameborder=\"0\" allow=\"accelerometer; autoplay; clipboard-write; encrypted-media; gyroscope; picture-in-picture\" allowfullscreen><\/iframe>\n<\/div><figcaption>J\u00falia Oller Ripoll<\/figcaption><\/figure>\n\n\n\n<p class=\"has-text-align-center has-large-font-size\"><strong><span style=\"color:#00d084\" class=\"tadv-color\">Categoria I3 (Verd)<\/span><\/strong><\/p>\n\n\n\n<p class=\"has-text-align-center\">Guanyador d&#8217;un Bateig de submarinime amb Blanes-Sub<\/p>\n\n\n\n<figure class=\"wp-block-embed-youtube wp-block-embed is-type-video is-provider-youtube wp-embed-aspect-16-9 wp-has-aspect-ratio\"><div class=\"wp-block-embed__wrapper\">\n<iframe title=\"10anys de Bibliovacances - V\u00eddeo de la Ona Pagerols\" width=\"750\" height=\"422\" src=\"https:\/\/www.youtube.com\/embed\/r_zX7V56vEY?feature=oembed\" frameborder=\"0\" allow=\"accelerometer; autoplay; clipboard-write; encrypted-media; gyroscope; picture-in-picture\" allowfullscreen><\/iframe>\n<\/div><figcaption>Ona Pagerols Muntan\u00e9<\/figcaption><\/figure>\n\n\n\n<p class=\"has-text-align-center has-large-font-size\"><strong><span style=\"color:#cf2e2e\" class=\"tadv-color\"> Categoria I2 (Vermell)<\/span><\/strong><\/p>\n\n\n\n<p>Guanyador d&#8217;una sortida familiar amb moto d&#8217;aigua amb Blanes JetSki<\/p>\n\n\n\n<figure class=\"wp-block-embed-youtube wp-block-embed is-type-video is-provider-youtube wp-embed-aspect-16-9 wp-has-aspect-ratio\"><div class=\"wp-block-embed__wrapper\">\n<iframe title=\"10anys de Bibliovacances - V\u00eddeo de Sara Bouzaher\" width=\"750\" height=\"422\" src=\"https:\/\/www.youtube.com\/embed\/jFfJdXSnSN8?feature=oembed\" frameborder=\"0\" allow=\"accelerometer; autoplay; clipboard-write; encrypted-media; gyroscope; picture-in-picture\" allowfullscreen><\/iframe>\n<\/div><figcaption>Sara Bouzaher Miralpeix<\/figcaption><\/figure>\n\n\n\n<p class=\"has-text-align-center has-large-font-size\"><span style=\"color:#0693e3\" class=\"tadv-color\"><strong>Categoria I1 (Blau)<\/strong><\/span><\/p>\n\n\n\n<p>Guanyador d&#8217;una Invitaci\u00f3 en Creuer Dofi Jet per a dos adults i dos nens<\/p>\n\n\n\n<figure class=\"wp-block-embed-youtube wp-block-embed is-type-video is-provider-youtube wp-embed-aspect-16-9 wp-has-aspect-ratio\"><div class=\"wp-block-embed__wrapper\">\n<iframe title=\"10anys de Bibliovacances - V\u00eddeo de Joan Brugat\" width=\"750\" height=\"422\" src=\"https:\/\/www.youtube.com\/embed\/946HZf2PL3A?feature=oembed\" frameborder=\"0\" allow=\"accelerometer; autoplay; clipboard-write; encrypted-media; gyroscope; picture-in-picture\" allowfullscreen><\/iframe>\n<\/div><figcaption>Joan Brugat Ciur\u00f3<\/figcaption><\/figure>\n\n\n\n<p class=\"has-text-align-center\">I a m\u00e9s a m\u00e9s tamb\u00e9 hem repartit uns premis extres per a aquells nois\/es que m\u00e9s vegades han participat.<\/p>\n\n\n\n<p class=\"has-text-align-center\">GUANYADORS d&#8217;una entrada familiar al Mar i Murtra, Jard\u00ed Bot\u00e0nic : <\/p>\n\n\n\n<p class=\"has-text-align-center has-medium-font-size\"><strong>Aina i M\u00e0rius Puig Ramos<\/strong><\/p>\n\n\n\n<p class=\"has-text-align-center\">FINALISTA: Visita familiar a les vinyes de Ses Vernes <\/p>\n\n\n\n<p class=\"has-text-align-center has-medium-font-size\"><strong>Sara Bouhazer Miralpeix<\/strong><\/p>\n\n\n\n<p><\/p>\n\n\n\n<p class=\"has-text-align-center\">No podem deixar de donar les gr\u00e0cies a tots els col\u00b7laboradors, als companys de Turisme i a la Gelateria Giotto per acompanyar-nos any rere any en aquest projecte de foment de la lectura.<\/p>\n\n\n\n<div class=\"wp-block-image\"><figure class=\"alignright size-large is-resized\"><a href=\"https:\/\/www.dofijetboats.com\/es\/\"><img decoding=\"async\" src=\"https:\/\/biblioteca.blanes.cat\/salainfantil\/wp-content\/uploads\/sites\/2\/2020\/07\/1DofiJetBoats_logoColor-1.jpg\" alt=\"\" class=\"wp-image-3324\" width=\"132\" height=\"140\"\/><\/a><figcaption><br><\/figcaption><\/figure><\/div>\n\n\n\n<div class=\"wp-block-image\"><figure class=\"alignleft size-large is-resized\"><a href=\"https:\/\/blanesjetskirent.com\/\"><img decoding=\"async\" src=\"https:\/\/biblioteca.blanes.cat\/salainfantil\/wp-content\/uploads\/sites\/2\/2020\/07\/Blanes_jetski.jpg\" alt=\"\" class=\"wp-image-3344\" width=\"148\" height=\"113\"\/><\/a><\/figure><\/div>\n\n\n\n<div class=\"wp-block-image\"><figure class=\"alignright size-large is-resized\"><a href=\"https:\/\/www.blanes-sub.com\/\"><img decoding=\"async\" src=\"https:\/\/biblioteca.blanes.cat\/salainfantil\/wp-content\/uploads\/sites\/2\/2020\/07\/logo-3-1024x398.png\" alt=\"\" class=\"wp-image-3335\" width=\"217\" height=\"84\"\/><\/a><figcaption><br><\/figcaption><\/figure><\/div>\n\n\n\n<div class=\"wp-block-image\"><figure class=\"aligncenter size-large is-resized\"><img loading=\"lazy\" decoding=\"async\" src=\"https:\/\/biblioteca.blanes.cat\/salainfantil\/wp-content\/uploads\/sites\/2\/2020\/07\/Giotto_gelateria-1.jpg\" alt=\"\" class=\"wp-image-3346\" width=\"206\" height=\"133\"\/><figcaption><a href=\"https:\/\/www.dofijetboats.com\/es\/\"><\/a><a href=\"https:\/\/www.dofijetboats.com\/es\/\"><\/a><a href=\"https:\/\/www.dofijetboats.com\/es\/\"><\/a><\/figcaption><\/figure><\/div>\n\n\n\n<div class=\"wp-block-image\"><figure class=\"alignright size-large is-resized\"><a href=\"http:\/\/marimurtra.cat\/\"><img loading=\"lazy\" decoding=\"async\" src=\"https:\/\/biblioteca.blanes.cat\/salainfantil\/wp-content\/uploads\/sites\/2\/2020\/07\/marimurtra.jpg\" alt=\"\" class=\"wp-image-3320\" width=\"236\" height=\"90\"\/><\/a><figcaption><br><br><a href=\"https:\/\/www.grenyal.com\/\"><\/a><a href=\"https:\/\/www.grenyal.com\/\"><\/a><\/figcaption><\/figure><\/div>\n\n\n\n<div class=\"wp-block-image\"><figure class=\"aligncenter size-large is-resized\"><a href=\"https:\/\/www.grenyal.com\/\"><img loading=\"lazy\" decoding=\"async\" src=\"https:\/\/biblioteca.blanes.cat\/salainfantil\/wp-content\/uploads\/sites\/2\/2020\/07\/GrenyalBlanes.jpg\" alt=\"\" class=\"wp-image-3317\" width=\"189\" height=\"122\"\/><\/a><\/figure><\/div>\n\n\n\n<p><\/p>\n","protected":false},"excerpt":{"rendered":"<p>Si si vosaltres! Enhorabona a tots els infants i joves que han participat aquest any en el 10 anys de Bibliovacances! Tot i ser un estiu at\u00edpic heu volgut compartir amb nosaltres all\u00f2 que tant estimem: La lectura! Aquest any<\/p>\n","protected":false},"author":4,"featured_media":4223,"comment_status":"open","ping_status":"open","sticky":false,"template":"","format":"standard","meta":{"sfsi_plus_gutenberg_text_before_share":"","sfsi_plus_gutenberg_show_text_before_share":"","sfsi_plus_gutenberg_icon_type":"","sfsi_plus_gutenberg_icon_alignemt":"","sfsi_plus_gutenburg_max_per_row":"","footnotes":""},"categories":[1],"tags":[101,26],"class_list":["post-4378","post","type-post","status-publish","format-standard","has-post-thumbnail","hentry","category-general","tag-activitats-joves","tag-lectura"],"yoast_head":"<!-- This site is optimized with the Yoast SEO plugin v27.5 - https:\/\/yoast.com\/product\/yoast-seo-wordpress\/ -->\n<title>10 anys de Bibliovacanes: Premiats! - Sala Jove<\/title>\n<meta name=\"robots\" content=\"index, follow, max-snippet:-1, max-image-preview:large, max-video-preview:-1\" \/>\n<link rel=\"canonical\" href=\"https:\/\/biblioteca.blanes.cat\/salajove\/2020\/09\/17\/10-anys-de-bibliovacanes-premiats\/\" \/>\n<meta property=\"og:locale\" content=\"ca_ES\" \/>\n<meta property=\"og:type\" content=\"article\" \/>\n<meta property=\"og:title\" content=\"10 anys de Bibliovacanes: Premiats! - Sala Jove\" \/>\n<meta property=\"og:description\" content=\"Si si vosaltres! Enhorabona a tots els infants i joves que han participat aquest any en el 10 anys de Bibliovacances! Tot i ser un estiu at\u00edpic heu volgut compartir amb nosaltres all\u00f2 que tant estimem: La lectura! Aquest any\" \/>\n<meta property=\"og:url\" content=\"https:\/\/biblioteca.blanes.cat\/salajove\/2020\/09\/17\/10-anys-de-bibliovacanes-premiats\/\" \/>\n<meta property=\"og:site_name\" content=\"Sala Jove\" \/>\n<meta property=\"article:publisher\" content=\"https:\/\/www.facebook.com\/BilbiotecaComarcaldeBlanes\/\" \/>\n<meta property=\"article:published_time\" content=\"2020-09-17T12:03:53+00:00\" \/>\n<meta property=\"article:modified_time\" content=\"2020-09-17T12:03:55+00:00\" \/>\n<meta property=\"og:image\" content=\"https:\/\/biblioteca.blanes.cat\/salajove\/wp-content\/uploads\/sites\/3\/2020\/07\/Bibliovacances10anys-1.jpg\" \/>\n\t<meta property=\"og:image:width\" content=\"1240\" \/>\n\t<meta property=\"og:image:height\" content=\"1754\" \/>\n\t<meta property=\"og:image:type\" content=\"image\/jpeg\" \/>\n<meta name=\"author\" content=\"biblioblanes\" \/>\n<meta name=\"twitter:card\" content=\"summary_large_image\" \/>\n<meta name=\"twitter:creator\" content=\"@biblioblanes\" \/>\n<meta name=\"twitter:site\" content=\"@BiblioBlanes\" \/>\n<meta name=\"twitter:label1\" content=\"Escrit per\" \/>\n\t<meta name=\"twitter:data1\" content=\"biblioblanes\" \/>\n\t<meta name=\"twitter:label2\" content=\"Temps estimat de lectura\" \/>\n\t<meta name=\"twitter:data2\" content=\"2 minuts\" \/>\n<script type=\"application\/ld+json\" class=\"yoast-schema-graph\">{\"@context\":\"https:\\\/\\\/schema.org\",\"@graph\":[{\"@type\":\"Article\",\"@id\":\"https:\\\/\\\/biblioteca.blanes.cat\\\/salajove\\\/2020\\\/09\\\/17\\\/10-anys-de-bibliovacanes-premiats\\\/#article\",\"isPartOf\":{\"@id\":\"https:\\\/\\\/biblioteca.blanes.cat\\\/salajove\\\/2020\\\/09\\\/17\\\/10-anys-de-bibliovacanes-premiats\\\/\"},\"author\":{\"name\":\"biblioblanes\",\"@id\":\"https:\\\/\\\/biblioteca.blanes.cat\\\/salajove\\\/#\\\/schema\\\/person\\\/5a7b46760d9dd611d098bbf571a341dc\"},\"headline\":\"10 anys de Bibliovacanes: Premiats!\",\"datePublished\":\"2020-09-17T12:03:53+00:00\",\"dateModified\":\"2020-09-17T12:03:55+00:00\",\"mainEntityOfPage\":{\"@id\":\"https:\\\/\\\/biblioteca.blanes.cat\\\/salajove\\\/2020\\\/09\\\/17\\\/10-anys-de-bibliovacanes-premiats\\\/\"},\"wordCount\":318,\"commentCount\":0,\"publisher\":{\"@id\":\"https:\\\/\\\/biblioteca.blanes.cat\\\/salajove\\\/#organization\"},\"image\":{\"@id\":\"https:\\\/\\\/biblioteca.blanes.cat\\\/salajove\\\/2020\\\/09\\\/17\\\/10-anys-de-bibliovacanes-premiats\\\/#primaryimage\"},\"thumbnailUrl\":\"https:\\\/\\\/biblioteca.blanes.cat\\\/salajove\\\/wp-content\\\/uploads\\\/sites\\\/3\\\/2020\\\/07\\\/Bibliovacances10anys-1.jpg\",\"keywords\":[\"#Activitats #Joves\",\"#Lectura\"],\"articleSection\":[\"Not\u00edcies\"],\"inLanguage\":\"ca\",\"potentialAction\":[{\"@type\":\"CommentAction\",\"name\":\"Comment\",\"target\":[\"https:\\\/\\\/biblioteca.blanes.cat\\\/salajove\\\/2020\\\/09\\\/17\\\/10-anys-de-bibliovacanes-premiats\\\/#respond\"]}]},{\"@type\":\"WebPage\",\"@id\":\"https:\\\/\\\/biblioteca.blanes.cat\\\/salajove\\\/2020\\\/09\\\/17\\\/10-anys-de-bibliovacanes-premiats\\\/\",\"url\":\"https:\\\/\\\/biblioteca.blanes.cat\\\/salajove\\\/2020\\\/09\\\/17\\\/10-anys-de-bibliovacanes-premiats\\\/\",\"name\":\"10 anys de Bibliovacanes: Premiats! - Sala Jove\",\"isPartOf\":{\"@id\":\"https:\\\/\\\/biblioteca.blanes.cat\\\/salajove\\\/#website\"},\"primaryImageOfPage\":{\"@id\":\"https:\\\/\\\/biblioteca.blanes.cat\\\/salajove\\\/2020\\\/09\\\/17\\\/10-anys-de-bibliovacanes-premiats\\\/#primaryimage\"},\"image\":{\"@id\":\"https:\\\/\\\/biblioteca.blanes.cat\\\/salajove\\\/2020\\\/09\\\/17\\\/10-anys-de-bibliovacanes-premiats\\\/#primaryimage\"},\"thumbnailUrl\":\"https:\\\/\\\/biblioteca.blanes.cat\\\/salajove\\\/wp-content\\\/uploads\\\/sites\\\/3\\\/2020\\\/07\\\/Bibliovacances10anys-1.jpg\",\"datePublished\":\"2020-09-17T12:03:53+00:00\",\"dateModified\":\"2020-09-17T12:03:55+00:00\",\"breadcrumb\":{\"@id\":\"https:\\\/\\\/biblioteca.blanes.cat\\\/salajove\\\/2020\\\/09\\\/17\\\/10-anys-de-bibliovacanes-premiats\\\/#breadcrumb\"},\"inLanguage\":\"ca\",\"potentialAction\":[{\"@type\":\"ReadAction\",\"target\":[\"https:\\\/\\\/biblioteca.blanes.cat\\\/salajove\\\/2020\\\/09\\\/17\\\/10-anys-de-bibliovacanes-premiats\\\/\"]}]},{\"@type\":\"ImageObject\",\"inLanguage\":\"ca\",\"@id\":\"https:\\\/\\\/biblioteca.blanes.cat\\\/salajove\\\/2020\\\/09\\\/17\\\/10-anys-de-bibliovacanes-premiats\\\/#primaryimage\",\"url\":\"https:\\\/\\\/biblioteca.blanes.cat\\\/salajove\\\/wp-content\\\/uploads\\\/sites\\\/3\\\/2020\\\/07\\\/Bibliovacances10anys-1.jpg\",\"contentUrl\":\"https:\\\/\\\/biblioteca.blanes.cat\\\/salajove\\\/wp-content\\\/uploads\\\/sites\\\/3\\\/2020\\\/07\\\/Bibliovacances10anys-1.jpg\",\"width\":1240,\"height\":1754},{\"@type\":\"BreadcrumbList\",\"@id\":\"https:\\\/\\\/biblioteca.blanes.cat\\\/salajove\\\/2020\\\/09\\\/17\\\/10-anys-de-bibliovacanes-premiats\\\/#breadcrumb\",\"itemListElement\":[{\"@type\":\"ListItem\",\"position\":1,\"name\":\"Inici\",\"item\":\"https:\\\/\\\/biblioteca.blanes.cat\\\/salajove\\\/\"},{\"@type\":\"ListItem\",\"position\":2,\"name\":\"10 anys de Bibliovacanes: Premiats!\"}]},{\"@type\":\"WebSite\",\"@id\":\"https:\\\/\\\/biblioteca.blanes.cat\\\/salajove\\\/#website\",\"url\":\"https:\\\/\\\/biblioteca.blanes.cat\\\/salajove\\\/\",\"name\":\"Sala Jove\",\"description\":\"Biblioteca Comarcal de Blanes\",\"publisher\":{\"@id\":\"https:\\\/\\\/biblioteca.blanes.cat\\\/salajove\\\/#organization\"},\"potentialAction\":[{\"@type\":\"SearchAction\",\"target\":{\"@type\":\"EntryPoint\",\"urlTemplate\":\"https:\\\/\\\/biblioteca.blanes.cat\\\/salajove\\\/?s={search_term_string}\"},\"query-input\":{\"@type\":\"PropertyValueSpecification\",\"valueRequired\":true,\"valueName\":\"search_term_string\"}}],\"inLanguage\":\"ca\"},{\"@type\":\"Organization\",\"@id\":\"https:\\\/\\\/biblioteca.blanes.cat\\\/salajove\\\/#organization\",\"name\":\"Biblioteca Comarcal de Blanes\",\"url\":\"https:\\\/\\\/biblioteca.blanes.cat\\\/salajove\\\/\",\"logo\":{\"@type\":\"ImageObject\",\"inLanguage\":\"ca\",\"@id\":\"https:\\\/\\\/biblioteca.blanes.cat\\\/salajove\\\/#\\\/schema\\\/logo\\\/image\\\/\",\"url\":\"https:\\\/\\\/biblioteca.blanes.cat\\\/salajove\\\/wp-content\\\/uploads\\\/sites\\\/3\\\/2017\\\/09\\\/cropped-Bib-blau-e1518869380535.png\",\"contentUrl\":\"https:\\\/\\\/biblioteca.blanes.cat\\\/salajove\\\/wp-content\\\/uploads\\\/sites\\\/3\\\/2017\\\/09\\\/cropped-Bib-blau-e1518869380535.png\",\"width\":166,\"height\":166,\"caption\":\"Biblioteca Comarcal de Blanes\"},\"image\":{\"@id\":\"https:\\\/\\\/biblioteca.blanes.cat\\\/salajove\\\/#\\\/schema\\\/logo\\\/image\\\/\"},\"sameAs\":[\"https:\\\/\\\/www.facebook.com\\\/BilbiotecaComarcaldeBlanes\\\/\",\"https:\\\/\\\/x.com\\\/BiblioBlanes\",\"https:\\\/\\\/www.instagram.com\\\/biblioblanes\\\/\",\"https:\\\/\\\/www.pinterest.es\\\/bblanes\\\/\",\"https:\\\/\\\/www.youtube.com\\\/c\\\/BibliotecaComarcalBlanes\"]},{\"@type\":\"Person\",\"@id\":\"https:\\\/\\\/biblioteca.blanes.cat\\\/salajove\\\/#\\\/schema\\\/person\\\/5a7b46760d9dd611d098bbf571a341dc\",\"name\":\"biblioblanes\",\"image\":{\"@type\":\"ImageObject\",\"inLanguage\":\"ca\",\"@id\":\"https:\\\/\\\/secure.gravatar.com\\\/avatar\\\/6593ca6cc90e5a70939f51c95e8315483b9c281bafba597292bee47992030f99?s=96&d=mm&r=g\",\"url\":\"https:\\\/\\\/secure.gravatar.com\\\/avatar\\\/6593ca6cc90e5a70939f51c95e8315483b9c281bafba597292bee47992030f99?s=96&d=mm&r=g\",\"contentUrl\":\"https:\\\/\\\/secure.gravatar.com\\\/avatar\\\/6593ca6cc90e5a70939f51c95e8315483b9c281bafba597292bee47992030f99?s=96&d=mm&r=g\",\"caption\":\"biblioblanes\"},\"sameAs\":[\"http:\\\/\\\/www.bibgirona.cat\\\/biblioteca\\\/blanes\",\"https:\\\/\\\/x.com\\\/biblioblanes\"],\"url\":\"https:\\\/\\\/biblioteca.blanes.cat\\\/salajove\\\/author\\\/biblioblanes\\\/\"}]}<\/script>\n<!-- \/ Yoast SEO plugin. -->","yoast_head_json":{"title":"10 anys de Bibliovacanes: Premiats! - Sala Jove","robots":{"index":"index","follow":"follow","max-snippet":"max-snippet:-1","max-image-preview":"max-image-preview:large","max-video-preview":"max-video-preview:-1"},"canonical":"https:\/\/biblioteca.blanes.cat\/salajove\/2020\/09\/17\/10-anys-de-bibliovacanes-premiats\/","og_locale":"ca_ES","og_type":"article","og_title":"10 anys de Bibliovacanes: Premiats! - Sala Jove","og_description":"Si si vosaltres! Enhorabona a tots els infants i joves que han participat aquest any en el 10 anys de Bibliovacances! Tot i ser un estiu at\u00edpic heu volgut compartir amb nosaltres all\u00f2 que tant estimem: La lectura! Aquest any","og_url":"https:\/\/biblioteca.blanes.cat\/salajove\/2020\/09\/17\/10-anys-de-bibliovacanes-premiats\/","og_site_name":"Sala Jove","article_publisher":"https:\/\/www.facebook.com\/BilbiotecaComarcaldeBlanes\/","article_published_time":"2020-09-17T12:03:53+00:00","article_modified_time":"2020-09-17T12:03:55+00:00","og_image":[{"width":1240,"height":1754,"url":"https:\/\/biblioteca.blanes.cat\/salajove\/wp-content\/uploads\/sites\/3\/2020\/07\/Bibliovacances10anys-1.jpg","type":"image\/jpeg"}],"author":"biblioblanes","twitter_card":"summary_large_image","twitter_creator":"@biblioblanes","twitter_site":"@BiblioBlanes","twitter_misc":{"Escrit per":"biblioblanes","Temps estimat de lectura":"2 minuts"},"schema":{"@context":"https:\/\/schema.org","@graph":[{"@type":"Article","@id":"https:\/\/biblioteca.blanes.cat\/salajove\/2020\/09\/17\/10-anys-de-bibliovacanes-premiats\/#article","isPartOf":{"@id":"https:\/\/biblioteca.blanes.cat\/salajove\/2020\/09\/17\/10-anys-de-bibliovacanes-premiats\/"},"author":{"name":"biblioblanes","@id":"https:\/\/biblioteca.blanes.cat\/salajove\/#\/schema\/person\/5a7b46760d9dd611d098bbf571a341dc"},"headline":"10 anys de Bibliovacanes: Premiats!","datePublished":"2020-09-17T12:03:53+00:00","dateModified":"2020-09-17T12:03:55+00:00","mainEntityOfPage":{"@id":"https:\/\/biblioteca.blanes.cat\/salajove\/2020\/09\/17\/10-anys-de-bibliovacanes-premiats\/"},"wordCount":318,"commentCount":0,"publisher":{"@id":"https:\/\/biblioteca.blanes.cat\/salajove\/#organization"},"image":{"@id":"https:\/\/biblioteca.blanes.cat\/salajove\/2020\/09\/17\/10-anys-de-bibliovacanes-premiats\/#primaryimage"},"thumbnailUrl":"https:\/\/biblioteca.blanes.cat\/salajove\/wp-content\/uploads\/sites\/3\/2020\/07\/Bibliovacances10anys-1.jpg","keywords":["#Activitats #Joves","#Lectura"],"articleSection":["Not\u00edcies"],"inLanguage":"ca","potentialAction":[{"@type":"CommentAction","name":"Comment","target":["https:\/\/biblioteca.blanes.cat\/salajove\/2020\/09\/17\/10-anys-de-bibliovacanes-premiats\/#respond"]}]},{"@type":"WebPage","@id":"https:\/\/biblioteca.blanes.cat\/salajove\/2020\/09\/17\/10-anys-de-bibliovacanes-premiats\/","url":"https:\/\/biblioteca.blanes.cat\/salajove\/2020\/09\/17\/10-anys-de-bibliovacanes-premiats\/","name":"10 anys de Bibliovacanes: Premiats! - Sala Jove","isPartOf":{"@id":"https:\/\/biblioteca.blanes.cat\/salajove\/#website"},"primaryImageOfPage":{"@id":"https:\/\/biblioteca.blanes.cat\/salajove\/2020\/09\/17\/10-anys-de-bibliovacanes-premiats\/#primaryimage"},"image":{"@id":"https:\/\/biblioteca.blanes.cat\/salajove\/2020\/09\/17\/10-anys-de-bibliovacanes-premiats\/#primaryimage"},"thumbnailUrl":"https:\/\/biblioteca.blanes.cat\/salajove\/wp-content\/uploads\/sites\/3\/2020\/07\/Bibliovacances10anys-1.jpg","datePublished":"2020-09-17T12:03:53+00:00","dateModified":"2020-09-17T12:03:55+00:00","breadcrumb":{"@id":"https:\/\/biblioteca.blanes.cat\/salajove\/2020\/09\/17\/10-anys-de-bibliovacanes-premiats\/#breadcrumb"},"inLanguage":"ca","potentialAction":[{"@type":"ReadAction","target":["https:\/\/biblioteca.blanes.cat\/salajove\/2020\/09\/17\/10-anys-de-bibliovacanes-premiats\/"]}]},{"@type":"ImageObject","inLanguage":"ca","@id":"https:\/\/biblioteca.blanes.cat\/salajove\/2020\/09\/17\/10-anys-de-bibliovacanes-premiats\/#primaryimage","url":"https:\/\/biblioteca.blanes.cat\/salajove\/wp-content\/uploads\/sites\/3\/2020\/07\/Bibliovacances10anys-1.jpg","contentUrl":"https:\/\/biblioteca.blanes.cat\/salajove\/wp-content\/uploads\/sites\/3\/2020\/07\/Bibliovacances10anys-1.jpg","width":1240,"height":1754},{"@type":"BreadcrumbList","@id":"https:\/\/biblioteca.blanes.cat\/salajove\/2020\/09\/17\/10-anys-de-bibliovacanes-premiats\/#breadcrumb","itemListElement":[{"@type":"ListItem","position":1,"name":"Inici","item":"https:\/\/biblioteca.blanes.cat\/salajove\/"},{"@type":"ListItem","position":2,"name":"10 anys de Bibliovacanes: Premiats!"}]},{"@type":"WebSite","@id":"https:\/\/biblioteca.blanes.cat\/salajove\/#website","url":"https:\/\/biblioteca.blanes.cat\/salajove\/","name":"Sala Jove","description":"Biblioteca Comarcal de Blanes","publisher":{"@id":"https:\/\/biblioteca.blanes.cat\/salajove\/#organization"},"potentialAction":[{"@type":"SearchAction","target":{"@type":"EntryPoint","urlTemplate":"https:\/\/biblioteca.blanes.cat\/salajove\/?s={search_term_string}"},"query-input":{"@type":"PropertyValueSpecification","valueRequired":true,"valueName":"search_term_string"}}],"inLanguage":"ca"},{"@type":"Organization","@id":"https:\/\/biblioteca.blanes.cat\/salajove\/#organization","name":"Biblioteca Comarcal de Blanes","url":"https:\/\/biblioteca.blanes.cat\/salajove\/","logo":{"@type":"ImageObject","inLanguage":"ca","@id":"https:\/\/biblioteca.blanes.cat\/salajove\/#\/schema\/logo\/image\/","url":"https:\/\/biblioteca.blanes.cat\/salajove\/wp-content\/uploads\/sites\/3\/2017\/09\/cropped-Bib-blau-e1518869380535.png","contentUrl":"https:\/\/biblioteca.blanes.cat\/salajove\/wp-content\/uploads\/sites\/3\/2017\/09\/cropped-Bib-blau-e1518869380535.png","width":166,"height":166,"caption":"Biblioteca Comarcal de Blanes"},"image":{"@id":"https:\/\/biblioteca.blanes.cat\/salajove\/#\/schema\/logo\/image\/"},"sameAs":["https:\/\/www.facebook.com\/BilbiotecaComarcaldeBlanes\/","https:\/\/x.com\/BiblioBlanes","https:\/\/www.instagram.com\/biblioblanes\/","https:\/\/www.pinterest.es\/bblanes\/","https:\/\/www.youtube.com\/c\/BibliotecaComarcalBlanes"]},{"@type":"Person","@id":"https:\/\/biblioteca.blanes.cat\/salajove\/#\/schema\/person\/5a7b46760d9dd611d098bbf571a341dc","name":"biblioblanes","image":{"@type":"ImageObject","inLanguage":"ca","@id":"https:\/\/secure.gravatar.com\/avatar\/6593ca6cc90e5a70939f51c95e8315483b9c281bafba597292bee47992030f99?s=96&d=mm&r=g","url":"https:\/\/secure.gravatar.com\/avatar\/6593ca6cc90e5a70939f51c95e8315483b9c281bafba597292bee47992030f99?s=96&d=mm&r=g","contentUrl":"https:\/\/secure.gravatar.com\/avatar\/6593ca6cc90e5a70939f51c95e8315483b9c281bafba597292bee47992030f99?s=96&d=mm&r=g","caption":"biblioblanes"},"sameAs":["http:\/\/www.bibgirona.cat\/biblioteca\/blanes","https:\/\/x.com\/biblioblanes"],"url":"https:\/\/biblioteca.blanes.cat\/salajove\/author\/biblioblanes\/"}]}},"_links":{"self":[{"href":"https:\/\/biblioteca.blanes.cat\/salajove\/wp-json\/wp\/v2\/posts\/4378","targetHints":{"allow":["GET"]}}],"collection":[{"href":"https:\/\/biblioteca.blanes.cat\/salajove\/wp-json\/wp\/v2\/posts"}],"about":[{"href":"https:\/\/biblioteca.blanes.cat\/salajove\/wp-json\/wp\/v2\/types\/post"}],"author":[{"embeddable":true,"href":"https:\/\/biblioteca.blanes.cat\/salajove\/wp-json\/wp\/v2\/users\/4"}],"replies":[{"embeddable":true,"href":"https:\/\/biblioteca.blanes.cat\/salajove\/wp-json\/wp\/v2\/comments?post=4378"}],"version-history":[{"count":6,"href":"https:\/\/biblioteca.blanes.cat\/salajove\/wp-json\/wp\/v2\/posts\/4378\/revisions"}],"predecessor-version":[{"id":4388,"href":"https:\/\/biblioteca.blanes.cat\/salajove\/wp-json\/wp\/v2\/posts\/4378\/revisions\/4388"}],"wp:featuredmedia":[{"embeddable":true,"href":"https:\/\/biblioteca.blanes.cat\/salajove\/wp-json\/wp\/v2\/media\/4223"}],"wp:attachment":[{"href":"https:\/\/biblioteca.blanes.cat\/salajove\/wp-json\/wp\/v2\/media?parent=4378"}],"wp:term":[{"taxonomy":"category","embeddable":true,"href":"https:\/\/biblioteca.blanes.cat\/salajove\/wp-json\/wp\/v2\/categories?post=4378"},{"taxonomy":"post_tag","embeddable":true,"href":"https:\/\/biblioteca.blanes.cat\/salajove\/wp-json\/wp\/v2\/tags?post=4378"}],"curies":[{"name":"wp","href":"https:\/\/api.w.org\/{rel}","templated":true}]}}