{"id":4365,"date":"2020-09-16T17:13:52","date_gmt":"2020-09-16T16:13:52","guid":{"rendered":"https:\/\/biblioteca.blanes.cat\/salajove\/?p=4365"},"modified":"2020-09-16T17:17:22","modified_gmt":"2020-09-16T16:17:22","slug":"torna-el-club-de-jocs-de-taula","status":"publish","type":"post","link":"https:\/\/biblioteca.blanes.cat\/salajove\/2020\/09\/16\/torna-el-club-de-jocs-de-taula\/","title":{"rendered":"Torna el CLUB DE JOCS DE TAULA"},"content":{"rendered":"\n<p class=\"has-text-align-center\">Ep joves!<\/p>\n\n\n\n<p class=\"has-text-align-center\">Aquest mes de setembre tornarem a gaudir del Club de Jocs de Taula a la <strong>Biblioteca Comarcal de Blanes<\/strong> amb sessions presencials.<\/p>\n\n\n\n<p class=\"has-text-align-center\">Degut a la situaci\u00f3 que estem visquent de &#8220;Nova normalitat&#8221;:<\/p>\n\n\n\n<p>1- Caldr\u00e0 dur sempre la mascareta posada durant tota la sessi\u00f3 i rentar-se les mans abans i despr\u00e9s de comen\u00e7ar amb un joc.<\/p>\n\n\n\n<p>2- Disposarem de 3 taules grans amb disponibilitat per 12 persones en total.<\/p>\n\n\n\n<p>3- Els grups es formaran amb cita pr\u00e8via per ordre d&#8217;inscripci\u00f3. Qui no tingui la pla\u00e7a confirmada pr\u00e8viament no podr\u00e0 assistir a la sessi\u00f3. <\/p>\n\n\n\n<p>4- Caldr\u00e0 que tots els assistents estiguin inscrits a la biblioteca i disposin del carnet que hauran de dur a la sessi\u00f3.<\/p>\n\n\n\n<p>5- Els jocs que utilitzem quedaran en quarentena de 14 dies&nbsp;per poder-los tornar a utilitzar.<\/p>\n\n\n\n<p class=\"has-text-align-center\">Feu una ullada a les sessions que tenim confirmades:<\/p>\n\n\n\n<figure class=\"wp-block-image size-large\"><img fetchpriority=\"high\" decoding=\"async\" width=\"791\" height=\"1024\" src=\"https:\/\/biblioteca.blanes.cat\/salajove\/wp-content\/uploads\/sites\/3\/2020\/09\/2020-Club-de-Jocs-de-Taula-cartell-4rt-Trim-1-791x1024.jpg\" alt=\"\" class=\"wp-image-4366\" srcset=\"https:\/\/biblioteca.blanes.cat\/salajove\/wp-content\/uploads\/sites\/3\/2020\/09\/2020-Club-de-Jocs-de-Taula-cartell-4rt-Trim-1-791x1024.jpg 791w, https:\/\/biblioteca.blanes.cat\/salajove\/wp-content\/uploads\/sites\/3\/2020\/09\/2020-Club-de-Jocs-de-Taula-cartell-4rt-Trim-1-232x300.jpg 232w, https:\/\/biblioteca.blanes.cat\/salajove\/wp-content\/uploads\/sites\/3\/2020\/09\/2020-Club-de-Jocs-de-Taula-cartell-4rt-Trim-1-768x994.jpg 768w, https:\/\/biblioteca.blanes.cat\/salajove\/wp-content\/uploads\/sites\/3\/2020\/09\/2020-Club-de-Jocs-de-Taula-cartell-4rt-Trim-1-1187x1536.jpg 1187w, https:\/\/biblioteca.blanes.cat\/salajove\/wp-content\/uploads\/sites\/3\/2020\/09\/2020-Club-de-Jocs-de-Taula-cartell-4rt-Trim-1-1583x2048.jpg 1583w, https:\/\/biblioteca.blanes.cat\/salajove\/wp-content\/uploads\/sites\/3\/2020\/09\/2020-Club-de-Jocs-de-Taula-cartell-4rt-Trim-1.jpg 1700w\" sizes=\"(max-width: 791px) 100vw, 791px\" \/><\/figure>\n\n\n\n<p class=\"has-text-align-center\">Us hi esperem!<\/p>\n\n\n\n<p>David Quesada Coordinador del Club de Jocs de Taula Blanes<br>650 57 02 54 <\/p>\n\n\n\n<p>Segueix-nos a Facebook:<strong>&nbsp;<a rel=\"noreferrer noopener\" href=\"https:\/\/www.facebook.com\/JocsdeTaulaBlanes\/\" target=\"_blank\">https:\/\/www.facebook.com\/JocsdeTaulaBlanes\/<\/a><\/strong> <\/p>\n\n\n\n<p>Segueix-nos a Twitter: <strong>@CJTBlanes<\/strong><\/p>\n","protected":false},"excerpt":{"rendered":"<p>Ep joves! Aquest mes de setembre tornarem a gaudir del Club de Jocs de Taula a la Biblioteca Comarcal de Blanes amb sessions presencials. Degut a la situaci\u00f3 que estem visquent de &#8220;Nova normalitat&#8221;: 1- Caldr\u00e0 dur sempre la mascareta<\/p>\n","protected":false},"author":4,"featured_media":4373,"comment_status":"open","ping_status":"open","sticky":false,"template":"","format":"standard","meta":{"sfsi_plus_gutenberg_text_before_share":"","sfsi_plus_gutenberg_show_text_before_share":"","sfsi_plus_gutenberg_icon_type":"","sfsi_plus_gutenberg_icon_alignemt":"","sfsi_plus_gutenburg_max_per_row":"","footnotes":""},"categories":[100],"tags":[24,4,52],"class_list":["post-4365","post","type-post","status-publish","format-standard","has-post-thumbnail","hentry","category-club-de-jocs-de-taula","tag-activitats","tag-club-de-jocs-de-taula","tag-joves"],"yoast_head":"<!-- This site is optimized with the Yoast SEO plugin v27.5 - https:\/\/yoast.com\/product\/yoast-seo-wordpress\/ -->\n<title>Torna el CLUB DE JOCS DE TAULA - Sala Jove<\/title>\n<meta name=\"robots\" content=\"index, follow, max-snippet:-1, max-image-preview:large, max-video-preview:-1\" \/>\n<link rel=\"canonical\" href=\"https:\/\/biblioteca.blanes.cat\/salajove\/2020\/09\/16\/torna-el-club-de-jocs-de-taula\/\" \/>\n<meta property=\"og:locale\" content=\"ca_ES\" \/>\n<meta property=\"og:type\" content=\"article\" \/>\n<meta property=\"og:title\" content=\"Torna el CLUB DE JOCS DE TAULA - Sala Jove\" \/>\n<meta property=\"og:description\" content=\"Ep joves! Aquest mes de setembre tornarem a gaudir del Club de Jocs de Taula a la Biblioteca Comarcal de Blanes amb sessions presencials. Degut a la situaci\u00f3 que estem visquent de &#8220;Nova normalitat&#8221;: 1- Caldr\u00e0 dur sempre la mascareta\" \/>\n<meta property=\"og:url\" content=\"https:\/\/biblioteca.blanes.cat\/salajove\/2020\/09\/16\/torna-el-club-de-jocs-de-taula\/\" \/>\n<meta property=\"og:site_name\" content=\"Sala Jove\" \/>\n<meta property=\"article:publisher\" content=\"https:\/\/www.facebook.com\/BilbiotecaComarcaldeBlanes\/\" \/>\n<meta property=\"article:published_time\" content=\"2020-09-16T16:13:52+00:00\" \/>\n<meta property=\"article:modified_time\" content=\"2020-09-16T16:17:22+00:00\" \/>\n<meta property=\"og:image\" content=\"https:\/\/biblioteca.blanes.cat\/salajove\/wp-content\/uploads\/sites\/3\/2020\/09\/imatge-bloc-club-de-jocs-de-taula-3.jpg\" \/>\n\t<meta property=\"og:image:width\" content=\"150\" \/>\n\t<meta property=\"og:image:height\" content=\"80\" \/>\n\t<meta property=\"og:image:type\" content=\"image\/jpeg\" \/>\n<meta name=\"author\" content=\"biblioblanes\" \/>\n<meta name=\"twitter:card\" content=\"summary_large_image\" \/>\n<meta name=\"twitter:creator\" content=\"@biblioblanes\" \/>\n<meta name=\"twitter:site\" content=\"@BiblioBlanes\" \/>\n<meta name=\"twitter:label1\" content=\"Escrit per\" \/>\n\t<meta name=\"twitter:data1\" content=\"biblioblanes\" \/>\n\t<meta name=\"twitter:label2\" content=\"Temps estimat de lectura\" \/>\n\t<meta name=\"twitter:data2\" content=\"1 minut\" \/>\n<script type=\"application\/ld+json\" class=\"yoast-schema-graph\">{\"@context\":\"https:\\\/\\\/schema.org\",\"@graph\":[{\"@type\":\"Article\",\"@id\":\"https:\\\/\\\/biblioteca.blanes.cat\\\/salajove\\\/2020\\\/09\\\/16\\\/torna-el-club-de-jocs-de-taula\\\/#article\",\"isPartOf\":{\"@id\":\"https:\\\/\\\/biblioteca.blanes.cat\\\/salajove\\\/2020\\\/09\\\/16\\\/torna-el-club-de-jocs-de-taula\\\/\"},\"author\":{\"name\":\"biblioblanes\",\"@id\":\"https:\\\/\\\/biblioteca.blanes.cat\\\/salajove\\\/#\\\/schema\\\/person\\\/5a7b46760d9dd611d098bbf571a341dc\"},\"headline\":\"Torna el CLUB DE JOCS DE TAULA\",\"datePublished\":\"2020-09-16T16:13:52+00:00\",\"dateModified\":\"2020-09-16T16:17:22+00:00\",\"mainEntityOfPage\":{\"@id\":\"https:\\\/\\\/biblioteca.blanes.cat\\\/salajove\\\/2020\\\/09\\\/16\\\/torna-el-club-de-jocs-de-taula\\\/\"},\"wordCount\":178,\"commentCount\":0,\"publisher\":{\"@id\":\"https:\\\/\\\/biblioteca.blanes.cat\\\/salajove\\\/#organization\"},\"image\":{\"@id\":\"https:\\\/\\\/biblioteca.blanes.cat\\\/salajove\\\/2020\\\/09\\\/16\\\/torna-el-club-de-jocs-de-taula\\\/#primaryimage\"},\"thumbnailUrl\":\"https:\\\/\\\/biblioteca.blanes.cat\\\/salajove\\\/wp-content\\\/uploads\\\/sites\\\/3\\\/2020\\\/09\\\/imatge-bloc-club-de-jocs-de-taula-3.jpg\",\"keywords\":[\"#Activitats\",\"#Clubdejocsdetaula\",\"#Joves\"],\"articleSection\":[\"Club de jocs de taula\"],\"inLanguage\":\"ca\",\"potentialAction\":[{\"@type\":\"CommentAction\",\"name\":\"Comment\",\"target\":[\"https:\\\/\\\/biblioteca.blanes.cat\\\/salajove\\\/2020\\\/09\\\/16\\\/torna-el-club-de-jocs-de-taula\\\/#respond\"]}]},{\"@type\":\"WebPage\",\"@id\":\"https:\\\/\\\/biblioteca.blanes.cat\\\/salajove\\\/2020\\\/09\\\/16\\\/torna-el-club-de-jocs-de-taula\\\/\",\"url\":\"https:\\\/\\\/biblioteca.blanes.cat\\\/salajove\\\/2020\\\/09\\\/16\\\/torna-el-club-de-jocs-de-taula\\\/\",\"name\":\"Torna el CLUB DE JOCS DE TAULA - Sala Jove\",\"isPartOf\":{\"@id\":\"https:\\\/\\\/biblioteca.blanes.cat\\\/salajove\\\/#website\"},\"primaryImageOfPage\":{\"@id\":\"https:\\\/\\\/biblioteca.blanes.cat\\\/salajove\\\/2020\\\/09\\\/16\\\/torna-el-club-de-jocs-de-taula\\\/#primaryimage\"},\"image\":{\"@id\":\"https:\\\/\\\/biblioteca.blanes.cat\\\/salajove\\\/2020\\\/09\\\/16\\\/torna-el-club-de-jocs-de-taula\\\/#primaryimage\"},\"thumbnailUrl\":\"https:\\\/\\\/biblioteca.blanes.cat\\\/salajove\\\/wp-content\\\/uploads\\\/sites\\\/3\\\/2020\\\/09\\\/imatge-bloc-club-de-jocs-de-taula-3.jpg\",\"datePublished\":\"2020-09-16T16:13:52+00:00\",\"dateModified\":\"2020-09-16T16:17:22+00:00\",\"breadcrumb\":{\"@id\":\"https:\\\/\\\/biblioteca.blanes.cat\\\/salajove\\\/2020\\\/09\\\/16\\\/torna-el-club-de-jocs-de-taula\\\/#breadcrumb\"},\"inLanguage\":\"ca\",\"potentialAction\":[{\"@type\":\"ReadAction\",\"target\":[\"https:\\\/\\\/biblioteca.blanes.cat\\\/salajove\\\/2020\\\/09\\\/16\\\/torna-el-club-de-jocs-de-taula\\\/\"]}]},{\"@type\":\"ImageObject\",\"inLanguage\":\"ca\",\"@id\":\"https:\\\/\\\/biblioteca.blanes.cat\\\/salajove\\\/2020\\\/09\\\/16\\\/torna-el-club-de-jocs-de-taula\\\/#primaryimage\",\"url\":\"https:\\\/\\\/biblioteca.blanes.cat\\\/salajove\\\/wp-content\\\/uploads\\\/sites\\\/3\\\/2020\\\/09\\\/imatge-bloc-club-de-jocs-de-taula-3.jpg\",\"contentUrl\":\"https:\\\/\\\/biblioteca.blanes.cat\\\/salajove\\\/wp-content\\\/uploads\\\/sites\\\/3\\\/2020\\\/09\\\/imatge-bloc-club-de-jocs-de-taula-3.jpg\",\"width\":150,\"height\":80},{\"@type\":\"BreadcrumbList\",\"@id\":\"https:\\\/\\\/biblioteca.blanes.cat\\\/salajove\\\/2020\\\/09\\\/16\\\/torna-el-club-de-jocs-de-taula\\\/#breadcrumb\",\"itemListElement\":[{\"@type\":\"ListItem\",\"position\":1,\"name\":\"Inici\",\"item\":\"https:\\\/\\\/biblioteca.blanes.cat\\\/salajove\\\/\"},{\"@type\":\"ListItem\",\"position\":2,\"name\":\"Torna el CLUB DE JOCS DE TAULA\"}]},{\"@type\":\"WebSite\",\"@id\":\"https:\\\/\\\/biblioteca.blanes.cat\\\/salajove\\\/#website\",\"url\":\"https:\\\/\\\/biblioteca.blanes.cat\\\/salajove\\\/\",\"name\":\"Sala Jove\",\"description\":\"Biblioteca Comarcal de Blanes\",\"publisher\":{\"@id\":\"https:\\\/\\\/biblioteca.blanes.cat\\\/salajove\\\/#organization\"},\"potentialAction\":[{\"@type\":\"SearchAction\",\"target\":{\"@type\":\"EntryPoint\",\"urlTemplate\":\"https:\\\/\\\/biblioteca.blanes.cat\\\/salajove\\\/?s={search_term_string}\"},\"query-input\":{\"@type\":\"PropertyValueSpecification\",\"valueRequired\":true,\"valueName\":\"search_term_string\"}}],\"inLanguage\":\"ca\"},{\"@type\":\"Organization\",\"@id\":\"https:\\\/\\\/biblioteca.blanes.cat\\\/salajove\\\/#organization\",\"name\":\"Biblioteca Comarcal de Blanes\",\"url\":\"https:\\\/\\\/biblioteca.blanes.cat\\\/salajove\\\/\",\"logo\":{\"@type\":\"ImageObject\",\"inLanguage\":\"ca\",\"@id\":\"https:\\\/\\\/biblioteca.blanes.cat\\\/salajove\\\/#\\\/schema\\\/logo\\\/image\\\/\",\"url\":\"https:\\\/\\\/biblioteca.blanes.cat\\\/salajove\\\/wp-content\\\/uploads\\\/sites\\\/3\\\/2017\\\/09\\\/cropped-Bib-blau-e1518869380535.png\",\"contentUrl\":\"https:\\\/\\\/biblioteca.blanes.cat\\\/salajove\\\/wp-content\\\/uploads\\\/sites\\\/3\\\/2017\\\/09\\\/cropped-Bib-blau-e1518869380535.png\",\"width\":166,\"height\":166,\"caption\":\"Biblioteca Comarcal de Blanes\"},\"image\":{\"@id\":\"https:\\\/\\\/biblioteca.blanes.cat\\\/salajove\\\/#\\\/schema\\\/logo\\\/image\\\/\"},\"sameAs\":[\"https:\\\/\\\/www.facebook.com\\\/BilbiotecaComarcaldeBlanes\\\/\",\"https:\\\/\\\/x.com\\\/BiblioBlanes\",\"https:\\\/\\\/www.instagram.com\\\/biblioblanes\\\/\",\"https:\\\/\\\/www.pinterest.es\\\/bblanes\\\/\",\"https:\\\/\\\/www.youtube.com\\\/c\\\/BibliotecaComarcalBlanes\"]},{\"@type\":\"Person\",\"@id\":\"https:\\\/\\\/biblioteca.blanes.cat\\\/salajove\\\/#\\\/schema\\\/person\\\/5a7b46760d9dd611d098bbf571a341dc\",\"name\":\"biblioblanes\",\"image\":{\"@type\":\"ImageObject\",\"inLanguage\":\"ca\",\"@id\":\"https:\\\/\\\/secure.gravatar.com\\\/avatar\\\/6593ca6cc90e5a70939f51c95e8315483b9c281bafba597292bee47992030f99?s=96&d=mm&r=g\",\"url\":\"https:\\\/\\\/secure.gravatar.com\\\/avatar\\\/6593ca6cc90e5a70939f51c95e8315483b9c281bafba597292bee47992030f99?s=96&d=mm&r=g\",\"contentUrl\":\"https:\\\/\\\/secure.gravatar.com\\\/avatar\\\/6593ca6cc90e5a70939f51c95e8315483b9c281bafba597292bee47992030f99?s=96&d=mm&r=g\",\"caption\":\"biblioblanes\"},\"sameAs\":[\"http:\\\/\\\/www.bibgirona.cat\\\/biblioteca\\\/blanes\",\"https:\\\/\\\/x.com\\\/biblioblanes\"],\"url\":\"https:\\\/\\\/biblioteca.blanes.cat\\\/salajove\\\/author\\\/biblioblanes\\\/\"}]}<\/script>\n<!-- \/ Yoast SEO plugin. -->","yoast_head_json":{"title":"Torna el CLUB DE JOCS DE TAULA - Sala Jove","robots":{"index":"index","follow":"follow","max-snippet":"max-snippet:-1","max-image-preview":"max-image-preview:large","max-video-preview":"max-video-preview:-1"},"canonical":"https:\/\/biblioteca.blanes.cat\/salajove\/2020\/09\/16\/torna-el-club-de-jocs-de-taula\/","og_locale":"ca_ES","og_type":"article","og_title":"Torna el CLUB DE JOCS DE TAULA - Sala Jove","og_description":"Ep joves! Aquest mes de setembre tornarem a gaudir del Club de Jocs de Taula a la Biblioteca Comarcal de Blanes amb sessions presencials. Degut a la situaci\u00f3 que estem visquent de &#8220;Nova normalitat&#8221;: 1- Caldr\u00e0 dur sempre la mascareta","og_url":"https:\/\/biblioteca.blanes.cat\/salajove\/2020\/09\/16\/torna-el-club-de-jocs-de-taula\/","og_site_name":"Sala Jove","article_publisher":"https:\/\/www.facebook.com\/BilbiotecaComarcaldeBlanes\/","article_published_time":"2020-09-16T16:13:52+00:00","article_modified_time":"2020-09-16T16:17:22+00:00","og_image":[{"width":150,"height":80,"url":"https:\/\/biblioteca.blanes.cat\/salajove\/wp-content\/uploads\/sites\/3\/2020\/09\/imatge-bloc-club-de-jocs-de-taula-3.jpg","type":"image\/jpeg"}],"author":"biblioblanes","twitter_card":"summary_large_image","twitter_creator":"@biblioblanes","twitter_site":"@BiblioBlanes","twitter_misc":{"Escrit per":"biblioblanes","Temps estimat de lectura":"1 minut"},"schema":{"@context":"https:\/\/schema.org","@graph":[{"@type":"Article","@id":"https:\/\/biblioteca.blanes.cat\/salajove\/2020\/09\/16\/torna-el-club-de-jocs-de-taula\/#article","isPartOf":{"@id":"https:\/\/biblioteca.blanes.cat\/salajove\/2020\/09\/16\/torna-el-club-de-jocs-de-taula\/"},"author":{"name":"biblioblanes","@id":"https:\/\/biblioteca.blanes.cat\/salajove\/#\/schema\/person\/5a7b46760d9dd611d098bbf571a341dc"},"headline":"Torna el CLUB DE JOCS DE TAULA","datePublished":"2020-09-16T16:13:52+00:00","dateModified":"2020-09-16T16:17:22+00:00","mainEntityOfPage":{"@id":"https:\/\/biblioteca.blanes.cat\/salajove\/2020\/09\/16\/torna-el-club-de-jocs-de-taula\/"},"wordCount":178,"commentCount":0,"publisher":{"@id":"https:\/\/biblioteca.blanes.cat\/salajove\/#organization"},"image":{"@id":"https:\/\/biblioteca.blanes.cat\/salajove\/2020\/09\/16\/torna-el-club-de-jocs-de-taula\/#primaryimage"},"thumbnailUrl":"https:\/\/biblioteca.blanes.cat\/salajove\/wp-content\/uploads\/sites\/3\/2020\/09\/imatge-bloc-club-de-jocs-de-taula-3.jpg","keywords":["#Activitats","#Clubdejocsdetaula","#Joves"],"articleSection":["Club de jocs de taula"],"inLanguage":"ca","potentialAction":[{"@type":"CommentAction","name":"Comment","target":["https:\/\/biblioteca.blanes.cat\/salajove\/2020\/09\/16\/torna-el-club-de-jocs-de-taula\/#respond"]}]},{"@type":"WebPage","@id":"https:\/\/biblioteca.blanes.cat\/salajove\/2020\/09\/16\/torna-el-club-de-jocs-de-taula\/","url":"https:\/\/biblioteca.blanes.cat\/salajove\/2020\/09\/16\/torna-el-club-de-jocs-de-taula\/","name":"Torna el CLUB DE JOCS DE TAULA - Sala Jove","isPartOf":{"@id":"https:\/\/biblioteca.blanes.cat\/salajove\/#website"},"primaryImageOfPage":{"@id":"https:\/\/biblioteca.blanes.cat\/salajove\/2020\/09\/16\/torna-el-club-de-jocs-de-taula\/#primaryimage"},"image":{"@id":"https:\/\/biblioteca.blanes.cat\/salajove\/2020\/09\/16\/torna-el-club-de-jocs-de-taula\/#primaryimage"},"thumbnailUrl":"https:\/\/biblioteca.blanes.cat\/salajove\/wp-content\/uploads\/sites\/3\/2020\/09\/imatge-bloc-club-de-jocs-de-taula-3.jpg","datePublished":"2020-09-16T16:13:52+00:00","dateModified":"2020-09-16T16:17:22+00:00","breadcrumb":{"@id":"https:\/\/biblioteca.blanes.cat\/salajove\/2020\/09\/16\/torna-el-club-de-jocs-de-taula\/#breadcrumb"},"inLanguage":"ca","potentialAction":[{"@type":"ReadAction","target":["https:\/\/biblioteca.blanes.cat\/salajove\/2020\/09\/16\/torna-el-club-de-jocs-de-taula\/"]}]},{"@type":"ImageObject","inLanguage":"ca","@id":"https:\/\/biblioteca.blanes.cat\/salajove\/2020\/09\/16\/torna-el-club-de-jocs-de-taula\/#primaryimage","url":"https:\/\/biblioteca.blanes.cat\/salajove\/wp-content\/uploads\/sites\/3\/2020\/09\/imatge-bloc-club-de-jocs-de-taula-3.jpg","contentUrl":"https:\/\/biblioteca.blanes.cat\/salajove\/wp-content\/uploads\/sites\/3\/2020\/09\/imatge-bloc-club-de-jocs-de-taula-3.jpg","width":150,"height":80},{"@type":"BreadcrumbList","@id":"https:\/\/biblioteca.blanes.cat\/salajove\/2020\/09\/16\/torna-el-club-de-jocs-de-taula\/#breadcrumb","itemListElement":[{"@type":"ListItem","position":1,"name":"Inici","item":"https:\/\/biblioteca.blanes.cat\/salajove\/"},{"@type":"ListItem","position":2,"name":"Torna el CLUB DE JOCS DE TAULA"}]},{"@type":"WebSite","@id":"https:\/\/biblioteca.blanes.cat\/salajove\/#website","url":"https:\/\/biblioteca.blanes.cat\/salajove\/","name":"Sala Jove","description":"Biblioteca Comarcal de Blanes","publisher":{"@id":"https:\/\/biblioteca.blanes.cat\/salajove\/#organization"},"potentialAction":[{"@type":"SearchAction","target":{"@type":"EntryPoint","urlTemplate":"https:\/\/biblioteca.blanes.cat\/salajove\/?s={search_term_string}"},"query-input":{"@type":"PropertyValueSpecification","valueRequired":true,"valueName":"search_term_string"}}],"inLanguage":"ca"},{"@type":"Organization","@id":"https:\/\/biblioteca.blanes.cat\/salajove\/#organization","name":"Biblioteca Comarcal de Blanes","url":"https:\/\/biblioteca.blanes.cat\/salajove\/","logo":{"@type":"ImageObject","inLanguage":"ca","@id":"https:\/\/biblioteca.blanes.cat\/salajove\/#\/schema\/logo\/image\/","url":"https:\/\/biblioteca.blanes.cat\/salajove\/wp-content\/uploads\/sites\/3\/2017\/09\/cropped-Bib-blau-e1518869380535.png","contentUrl":"https:\/\/biblioteca.blanes.cat\/salajove\/wp-content\/uploads\/sites\/3\/2017\/09\/cropped-Bib-blau-e1518869380535.png","width":166,"height":166,"caption":"Biblioteca Comarcal de Blanes"},"image":{"@id":"https:\/\/biblioteca.blanes.cat\/salajove\/#\/schema\/logo\/image\/"},"sameAs":["https:\/\/www.facebook.com\/BilbiotecaComarcaldeBlanes\/","https:\/\/x.com\/BiblioBlanes","https:\/\/www.instagram.com\/biblioblanes\/","https:\/\/www.pinterest.es\/bblanes\/","https:\/\/www.youtube.com\/c\/BibliotecaComarcalBlanes"]},{"@type":"Person","@id":"https:\/\/biblioteca.blanes.cat\/salajove\/#\/schema\/person\/5a7b46760d9dd611d098bbf571a341dc","name":"biblioblanes","image":{"@type":"ImageObject","inLanguage":"ca","@id":"https:\/\/secure.gravatar.com\/avatar\/6593ca6cc90e5a70939f51c95e8315483b9c281bafba597292bee47992030f99?s=96&d=mm&r=g","url":"https:\/\/secure.gravatar.com\/avatar\/6593ca6cc90e5a70939f51c95e8315483b9c281bafba597292bee47992030f99?s=96&d=mm&r=g","contentUrl":"https:\/\/secure.gravatar.com\/avatar\/6593ca6cc90e5a70939f51c95e8315483b9c281bafba597292bee47992030f99?s=96&d=mm&r=g","caption":"biblioblanes"},"sameAs":["http:\/\/www.bibgirona.cat\/biblioteca\/blanes","https:\/\/x.com\/biblioblanes"],"url":"https:\/\/biblioteca.blanes.cat\/salajove\/author\/biblioblanes\/"}]}},"_links":{"self":[{"href":"https:\/\/biblioteca.blanes.cat\/salajove\/wp-json\/wp\/v2\/posts\/4365","targetHints":{"allow":["GET"]}}],"collection":[{"href":"https:\/\/biblioteca.blanes.cat\/salajove\/wp-json\/wp\/v2\/posts"}],"about":[{"href":"https:\/\/biblioteca.blanes.cat\/salajove\/wp-json\/wp\/v2\/types\/post"}],"author":[{"embeddable":true,"href":"https:\/\/biblioteca.blanes.cat\/salajove\/wp-json\/wp\/v2\/users\/4"}],"replies":[{"embeddable":true,"href":"https:\/\/biblioteca.blanes.cat\/salajove\/wp-json\/wp\/v2\/comments?post=4365"}],"version-history":[{"count":2,"href":"https:\/\/biblioteca.blanes.cat\/salajove\/wp-json\/wp\/v2\/posts\/4365\/revisions"}],"predecessor-version":[{"id":4374,"href":"https:\/\/biblioteca.blanes.cat\/salajove\/wp-json\/wp\/v2\/posts\/4365\/revisions\/4374"}],"wp:featuredmedia":[{"embeddable":true,"href":"https:\/\/biblioteca.blanes.cat\/salajove\/wp-json\/wp\/v2\/media\/4373"}],"wp:attachment":[{"href":"https:\/\/biblioteca.blanes.cat\/salajove\/wp-json\/wp\/v2\/media?parent=4365"}],"wp:term":[{"taxonomy":"category","embeddable":true,"href":"https:\/\/biblioteca.blanes.cat\/salajove\/wp-json\/wp\/v2\/categories?post=4365"},{"taxonomy":"post_tag","embeddable":true,"href":"https:\/\/biblioteca.blanes.cat\/salajove\/wp-json\/wp\/v2\/tags?post=4365"}],"curies":[{"name":"wp","href":"https:\/\/api.w.org\/{rel}","templated":true}]}}