{"id":4081,"date":"2020-06-01T06:16:08","date_gmt":"2020-06-01T05:16:08","guid":{"rendered":"https:\/\/biblioteca.blanes.cat\/salajove\/?p=4081"},"modified":"2020-06-01T11:24:58","modified_gmt":"2020-06-01T10:24:58","slug":"novetats-juny-2020","status":"publish","type":"post","link":"https:\/\/biblioteca.blanes.cat\/salajove\/2020\/06\/01\/novetats-juny-2020\/","title":{"rendered":"NOVETATS: Juny 2020"},"content":{"rendered":"\n<h2 class=\"has-text-align-center wp-block-heading\">Biblioteca Jove Blanes &#8211; Novetats Juny 2020<\/h2>\n\n\n\n<p>    <\/p>\n\n\n\n<p>    <\/p>\n\n\n\n<p class=\"has-text-align-center\">Ja tenim aqu\u00ed les Novetats juvenils del mes de juny que trobareu al vest\u00edbul de la Biblioteca Comarcal de Blanes.  Per venir a recollir-les demaneu cita pr\u00e8via a la web de l&#8217;ajuntament , per tel\u00e8fon o per correu electr\u00f2nic a biblioteca@blanes.cat <\/p>\n\n\n\n<p>   <\/p>\n\n\n\n<p>  <\/p>\n\n\n\n<p class=\"has-text-align-center\">En primer lloc trobareu les novel\u00b7les. Tamb\u00e9 hi trobareu les novetats en centres d&#8217;inter\u00e8s i mat\u00e8ries disponibles a la Sala Jove.<\/p>\n\n\n\n<p>   <\/p>\n\n\n\n<p>  <\/p>\n\n\n\n<h2 class=\"wp-block-heading\">Novel.la Juvenil:<\/h2>\n\n\n\n<figure class=\"wp-block-gallery aligncenter columns-3 is-cropped wp-block-gallery-1 is-layout-flex wp-block-gallery-is-layout-flex\"><ul class=\"blocks-gallery-grid\"><li class=\"blocks-gallery-item\"><figure><img fetchpriority=\"high\" decoding=\"async\" width=\"695\" height=\"1024\" src=\"https:\/\/biblioteca.blanes.cat\/salajove\/wp-content\/uploads\/sites\/3\/2020\/05\/Unes-veus-a-laltra-part-del-mur-1-695x1024.jpg\" alt=\"\" data-id=\"4084\" data-full-url=\"https:\/\/biblioteca.blanes.cat\/salajove\/wp-content\/uploads\/sites\/3\/2020\/05\/Unes-veus-a-laltra-part-del-mur-1.jpg\" data-link=\"https:\/\/biblioteca.blanes.cat\/salajove\/?attachment_id=4084\" class=\"wp-image-4084\" srcset=\"https:\/\/biblioteca.blanes.cat\/salajove\/wp-content\/uploads\/sites\/3\/2020\/05\/Unes-veus-a-laltra-part-del-mur-1-695x1024.jpg 695w, https:\/\/biblioteca.blanes.cat\/salajove\/wp-content\/uploads\/sites\/3\/2020\/05\/Unes-veus-a-laltra-part-del-mur-1-204x300.jpg 204w, https:\/\/biblioteca.blanes.cat\/salajove\/wp-content\/uploads\/sites\/3\/2020\/05\/Unes-veus-a-laltra-part-del-mur-1-768x1131.jpg 768w, https:\/\/biblioteca.blanes.cat\/salajove\/wp-content\/uploads\/sites\/3\/2020\/05\/Unes-veus-a-laltra-part-del-mur-1.jpg 778w\" sizes=\"(max-width: 695px) 100vw, 695px\" \/><figcaption class=\"blocks-gallery-item__caption\">JN BEL<\/figcaption><\/figure><\/li><li class=\"blocks-gallery-item\"><figure><img decoding=\"async\" width=\"768\" height=\"1024\" src=\"https:\/\/biblioteca.blanes.cat\/salajove\/wp-content\/uploads\/sites\/3\/2020\/05\/Cuentos-para-ni\u00f1os-1-768x1024.jpg\" alt=\"\" data-id=\"4085\" data-full-url=\"https:\/\/biblioteca.blanes.cat\/salajove\/wp-content\/uploads\/sites\/3\/2020\/05\/Cuentos-para-ni\u00f1os-1.jpg\" data-link=\"https:\/\/biblioteca.blanes.cat\/salajove\/?attachment_id=4085\" class=\"wp-image-4085\" srcset=\"https:\/\/biblioteca.blanes.cat\/salajove\/wp-content\/uploads\/sites\/3\/2020\/05\/Cuentos-para-ni\u00f1os-1-768x1024.jpg 768w, https:\/\/biblioteca.blanes.cat\/salajove\/wp-content\/uploads\/sites\/3\/2020\/05\/Cuentos-para-ni\u00f1os-1-225x300.jpg 225w, https:\/\/biblioteca.blanes.cat\/salajove\/wp-content\/uploads\/sites\/3\/2020\/05\/Cuentos-para-ni\u00f1os-1-1152x1536.jpg 1152w, https:\/\/biblioteca.blanes.cat\/salajove\/wp-content\/uploads\/sites\/3\/2020\/05\/Cuentos-para-ni\u00f1os-1-1536x2048.jpg 1536w, https:\/\/biblioteca.blanes.cat\/salajove\/wp-content\/uploads\/sites\/3\/2020\/05\/Cuentos-para-ni\u00f1os-1.jpg 1920w\" sizes=\"(max-width: 768px) 100vw, 768px\" \/><figcaption class=\"blocks-gallery-item__caption\">JN BEN<\/figcaption><\/figure><\/li><li class=\"blocks-gallery-item\"><figure><img decoding=\"async\" width=\"181\" height=\"278\" src=\"https:\/\/biblioteca.blanes.cat\/salajove\/wp-content\/uploads\/sites\/3\/2020\/05\/histories-de-fantasmes.jpg\" alt=\"\" data-id=\"4086\" data-full-url=\"https:\/\/biblioteca.blanes.cat\/salajove\/wp-content\/uploads\/sites\/3\/2020\/05\/histories-de-fantasmes.jpg\" data-link=\"https:\/\/biblioteca.blanes.cat\/salajove\/?attachment_id=4086\" class=\"wp-image-4086\"\/><figcaption class=\"blocks-gallery-item__caption\">JN DAH<\/figcaption><\/figure><\/li><li class=\"blocks-gallery-item\"><figure><img loading=\"lazy\" decoding=\"async\" width=\"640\" height=\"640\" src=\"https:\/\/biblioteca.blanes.cat\/salajove\/wp-content\/uploads\/sites\/3\/2020\/05\/el-ball-de-lesclau.jpg\" alt=\"\" data-id=\"4087\" data-full-url=\"https:\/\/biblioteca.blanes.cat\/salajove\/wp-content\/uploads\/sites\/3\/2020\/05\/el-ball-de-lesclau.jpg\" data-link=\"https:\/\/biblioteca.blanes.cat\/salajove\/?attachment_id=4087\" class=\"wp-image-4087\" srcset=\"https:\/\/biblioteca.blanes.cat\/salajove\/wp-content\/uploads\/sites\/3\/2020\/05\/el-ball-de-lesclau.jpg 640w, https:\/\/biblioteca.blanes.cat\/salajove\/wp-content\/uploads\/sites\/3\/2020\/05\/el-ball-de-lesclau-300x300.jpg 300w, https:\/\/biblioteca.blanes.cat\/salajove\/wp-content\/uploads\/sites\/3\/2020\/05\/el-ball-de-lesclau-150x150.jpg 150w, https:\/\/biblioteca.blanes.cat\/salajove\/wp-content\/uploads\/sites\/3\/2020\/05\/el-ball-de-lesclau-270x270.jpg 270w, https:\/\/biblioteca.blanes.cat\/salajove\/wp-content\/uploads\/sites\/3\/2020\/05\/el-ball-de-lesclau-230x230.jpg 230w\" sizes=\"(max-width: 640px) 100vw, 640px\" \/><figcaption class=\"blocks-gallery-item__caption\">JN GAR<\/figcaption><\/figure><\/li><li class=\"blocks-gallery-item\"><figure><img loading=\"lazy\" decoding=\"async\" width=\"300\" height=\"454\" src=\"https:\/\/biblioteca.blanes.cat\/salajove\/wp-content\/uploads\/sites\/3\/2020\/05\/nunca-en-la-escalera.jpg\" alt=\"\" data-id=\"4088\" data-full-url=\"https:\/\/biblioteca.blanes.cat\/salajove\/wp-content\/uploads\/sites\/3\/2020\/05\/nunca-en-la-escalera.jpg\" data-link=\"https:\/\/biblioteca.blanes.cat\/salajove\/?attachment_id=4088\" class=\"wp-image-4088\" srcset=\"https:\/\/biblioteca.blanes.cat\/salajove\/wp-content\/uploads\/sites\/3\/2020\/05\/nunca-en-la-escalera.jpg 300w, https:\/\/biblioteca.blanes.cat\/salajove\/wp-content\/uploads\/sites\/3\/2020\/05\/nunca-en-la-escalera-198x300.jpg 198w\" sizes=\"(max-width: 300px) 100vw, 300px\" \/><figcaption class=\"blocks-gallery-item__caption\">JN JOH<\/figcaption><\/figure><\/li><li class=\"blocks-gallery-item\"><figure><img loading=\"lazy\" decoding=\"async\" width=\"637\" height=\"1024\" src=\"https:\/\/biblioteca.blanes.cat\/salajove\/wp-content\/uploads\/sites\/3\/2020\/05\/Como-ver-nevar-637x1024.jpg\" alt=\"\" data-id=\"4089\" data-full-url=\"https:\/\/biblioteca.blanes.cat\/salajove\/wp-content\/uploads\/sites\/3\/2020\/05\/Como-ver-nevar.jpg\" data-link=\"https:\/\/biblioteca.blanes.cat\/salajove\/?attachment_id=4089\" class=\"wp-image-4089\" srcset=\"https:\/\/biblioteca.blanes.cat\/salajove\/wp-content\/uploads\/sites\/3\/2020\/05\/Como-ver-nevar-637x1024.jpg 637w, https:\/\/biblioteca.blanes.cat\/salajove\/wp-content\/uploads\/sites\/3\/2020\/05\/Como-ver-nevar-187x300.jpg 187w, https:\/\/biblioteca.blanes.cat\/salajove\/wp-content\/uploads\/sites\/3\/2020\/05\/Como-ver-nevar-768x1235.jpg 768w, https:\/\/biblioteca.blanes.cat\/salajove\/wp-content\/uploads\/sites\/3\/2020\/05\/Como-ver-nevar-955x1536.jpg 955w, https:\/\/biblioteca.blanes.cat\/salajove\/wp-content\/uploads\/sites\/3\/2020\/05\/Como-ver-nevar-1274x2048.jpg 1274w, https:\/\/biblioteca.blanes.cat\/salajove\/wp-content\/uploads\/sites\/3\/2020\/05\/Como-ver-nevar.jpg 1592w\" sizes=\"(max-width: 637px) 100vw, 637px\" \/><figcaption class=\"blocks-gallery-item__caption\">JN ROM<\/figcaption><\/figure><\/li><li class=\"blocks-gallery-item\"><figure><img loading=\"lazy\" decoding=\"async\" width=\"600\" height=\"600\" src=\"https:\/\/biblioteca.blanes.cat\/salajove\/wp-content\/uploads\/sites\/3\/2020\/05\/Aristotil.jpg\" alt=\"\" data-id=\"4090\" data-full-url=\"https:\/\/biblioteca.blanes.cat\/salajove\/wp-content\/uploads\/sites\/3\/2020\/05\/Aristotil.jpg\" data-link=\"https:\/\/biblioteca.blanes.cat\/salajove\/?attachment_id=4090\" class=\"wp-image-4090\" srcset=\"https:\/\/biblioteca.blanes.cat\/salajove\/wp-content\/uploads\/sites\/3\/2020\/05\/Aristotil.jpg 600w, https:\/\/biblioteca.blanes.cat\/salajove\/wp-content\/uploads\/sites\/3\/2020\/05\/Aristotil-300x300.jpg 300w, https:\/\/biblioteca.blanes.cat\/salajove\/wp-content\/uploads\/sites\/3\/2020\/05\/Aristotil-150x150.jpg 150w, https:\/\/biblioteca.blanes.cat\/salajove\/wp-content\/uploads\/sites\/3\/2020\/05\/Aristotil-270x270.jpg 270w, https:\/\/biblioteca.blanes.cat\/salajove\/wp-content\/uploads\/sites\/3\/2020\/05\/Aristotil-230x230.jpg 230w\" sizes=\"(max-width: 600px) 100vw, 600px\" \/><figcaption class=\"blocks-gallery-item__caption\">JN SAE<\/figcaption><\/figure><\/li><li class=\"blocks-gallery-item\"><figure><img loading=\"lazy\" decoding=\"async\" width=\"554\" height=\"850\" src=\"https:\/\/biblioteca.blanes.cat\/salajove\/wp-content\/uploads\/sites\/3\/2020\/05\/El-taller-de-las-bicicletas.jpg\" alt=\"\" data-id=\"4091\" data-full-url=\"https:\/\/biblioteca.blanes.cat\/salajove\/wp-content\/uploads\/sites\/3\/2020\/05\/El-taller-de-las-bicicletas.jpg\" data-link=\"https:\/\/biblioteca.blanes.cat\/salajove\/?attachment_id=4091\" class=\"wp-image-4091\" srcset=\"https:\/\/biblioteca.blanes.cat\/salajove\/wp-content\/uploads\/sites\/3\/2020\/05\/El-taller-de-las-bicicletas.jpg 554w, https:\/\/biblioteca.blanes.cat\/salajove\/wp-content\/uploads\/sites\/3\/2020\/05\/El-taller-de-las-bicicletas-196x300.jpg 196w\" sizes=\"(max-width: 554px) 100vw, 554px\" \/><figcaption class=\"blocks-gallery-item__caption\">JN SEM<\/figcaption><\/figure><\/li><li class=\"blocks-gallery-item\"><figure><img loading=\"lazy\" decoding=\"async\" width=\"674\" height=\"1024\" src=\"https:\/\/biblioteca.blanes.cat\/salajove\/wp-content\/uploads\/sites\/3\/2020\/05\/Elite-674x1024.jpg\" alt=\"\" data-id=\"4092\" data-full-url=\"https:\/\/biblioteca.blanes.cat\/salajove\/wp-content\/uploads\/sites\/3\/2020\/05\/Elite-scaled.jpg\" data-link=\"https:\/\/biblioteca.blanes.cat\/salajove\/?attachment_id=4092\" class=\"wp-image-4092\" srcset=\"https:\/\/biblioteca.blanes.cat\/salajove\/wp-content\/uploads\/sites\/3\/2020\/05\/Elite-674x1024.jpg 674w, https:\/\/biblioteca.blanes.cat\/salajove\/wp-content\/uploads\/sites\/3\/2020\/05\/Elite-197x300.jpg 197w, https:\/\/biblioteca.blanes.cat\/salajove\/wp-content\/uploads\/sites\/3\/2020\/05\/Elite-768x1167.jpg 768w, https:\/\/biblioteca.blanes.cat\/salajove\/wp-content\/uploads\/sites\/3\/2020\/05\/Elite-1011x1536.jpg 1011w, https:\/\/biblioteca.blanes.cat\/salajove\/wp-content\/uploads\/sites\/3\/2020\/05\/Elite-1348x2048.jpg 1348w, https:\/\/biblioteca.blanes.cat\/salajove\/wp-content\/uploads\/sites\/3\/2020\/05\/Elite-scaled.jpg 1685w\" sizes=\"(max-width: 674px) 100vw, 674px\" \/><figcaption class=\"blocks-gallery-item__caption\">JN ZAM<\/figcaption><\/figure><\/li><\/ul><\/figure>\n\n\n\n<p><\/p>\n\n\n\n<p><\/p>\n\n\n\n<h2 class=\"wp-block-heading\">Centres d&#8217;inter\u00e8s:<\/h2>\n\n\n\n<figure class=\"wp-block-gallery aligncenter columns-2 is-cropped wp-block-gallery-2 is-layout-flex wp-block-gallery-is-layout-flex\"><ul class=\"blocks-gallery-grid\"><li class=\"blocks-gallery-item\"><figure><img loading=\"lazy\" decoding=\"async\" width=\"196\" height=\"258\" src=\"https:\/\/biblioteca.blanes.cat\/salajove\/wp-content\/uploads\/sites\/3\/2020\/05\/Amigas.jpg\" alt=\"\" data-id=\"4095\" data-full-url=\"https:\/\/biblioteca.blanes.cat\/salajove\/wp-content\/uploads\/sites\/3\/2020\/05\/Amigas.jpg\" data-link=\"https:\/\/biblioteca.blanes.cat\/salajove\/?attachment_id=4095\" class=\"wp-image-4095\"\/><figcaption class=\"blocks-gallery-item__caption\">J \u00c0LBUMS JAR<\/figcaption><\/figure><\/li><li class=\"blocks-gallery-item\"><figure><img loading=\"lazy\" decoding=\"async\" width=\"182\" height=\"277\" src=\"https:\/\/biblioteca.blanes.cat\/salajove\/wp-content\/uploads\/sites\/3\/2020\/05\/pajaro-blanco.jpg\" alt=\"\" data-id=\"4096\" data-full-url=\"https:\/\/biblioteca.blanes.cat\/salajove\/wp-content\/uploads\/sites\/3\/2020\/05\/pajaro-blanco.jpg\" data-link=\"https:\/\/biblioteca.blanes.cat\/salajove\/?attachment_id=4096\" class=\"wp-image-4096\"\/><figcaption class=\"blocks-gallery-item__caption\">JC SOCIAL PAL<\/figcaption><\/figure><\/li><\/ul><\/figure>\n\n\n\n<p><\/p>\n\n\n\n<p><\/p>\n\n\n\n<h2 class=\"wp-block-heading\">Mat\u00e8ries:<\/h2>\n\n\n\n<figure class=\"wp-block-gallery aligncenter columns-2 is-cropped wp-block-gallery-3 is-layout-flex wp-block-gallery-is-layout-flex\"><ul class=\"blocks-gallery-grid\"><li class=\"blocks-gallery-item\"><figure><img loading=\"lazy\" decoding=\"async\" width=\"252\" height=\"359\" src=\"https:\/\/biblioteca.blanes.cat\/salajove\/wp-content\/uploads\/sites\/3\/2020\/05\/portada_som-tempesta_michela-murgia_201911192024.jpg\" alt=\"\" data-id=\"4098\" data-full-url=\"https:\/\/biblioteca.blanes.cat\/salajove\/wp-content\/uploads\/sites\/3\/2020\/05\/portada_som-tempesta_michela-murgia_201911192024.jpg\" data-link=\"https:\/\/biblioteca.blanes.cat\/salajove\/?attachment_id=4098\" class=\"wp-image-4098\" srcset=\"https:\/\/biblioteca.blanes.cat\/salajove\/wp-content\/uploads\/sites\/3\/2020\/05\/portada_som-tempesta_michela-murgia_201911192024.jpg 252w, https:\/\/biblioteca.blanes.cat\/salajove\/wp-content\/uploads\/sites\/3\/2020\/05\/portada_som-tempesta_michela-murgia_201911192024-211x300.jpg 211w\" sizes=\"(max-width: 252px) 100vw, 252px\" \/><figcaption class=\"blocks-gallery-item__caption\">J 30 MUR<\/figcaption><\/figure><\/li><li class=\"blocks-gallery-item\"><figure><img loading=\"lazy\" decoding=\"async\" width=\"229\" height=\"327\" src=\"https:\/\/biblioteca.blanes.cat\/salajove\/wp-content\/uploads\/sites\/3\/2020\/05\/DE-LA-POMA-A-LA-PANTALLA.jpg\" alt=\"\" data-id=\"4100\" data-full-url=\"https:\/\/biblioteca.blanes.cat\/salajove\/wp-content\/uploads\/sites\/3\/2020\/05\/DE-LA-POMA-A-LA-PANTALLA.jpg\" data-link=\"https:\/\/biblioteca.blanes.cat\/salajove\/?attachment_id=4100\" class=\"wp-image-4100\" srcset=\"https:\/\/biblioteca.blanes.cat\/salajove\/wp-content\/uploads\/sites\/3\/2020\/05\/DE-LA-POMA-A-LA-PANTALLA.jpg 229w, https:\/\/biblioteca.blanes.cat\/salajove\/wp-content\/uploads\/sites\/3\/2020\/05\/DE-LA-POMA-A-LA-PANTALLA-210x300.jpg 210w\" sizes=\"(max-width: 229px) 100vw, 229px\" \/><figcaption class=\"blocks-gallery-item__caption\">J 30 ROQ<\/figcaption><\/figure><\/li><\/ul><figcaption class=\"blocks-gallery-caption\"><br><br>Pots consultar totes les novetats i fins i tot seleccionar-les per mat\u00e8ries clicant al seg\u00fcent enlla\u00e7<br><a href=\"https:\/\/www.bibgirona.cat\/biblioteca\/blanes\/documents\/1204\/show_guide?type=news\" target=\"_blank\" rel=\"noreferrer noopener\">https:\/\/www.bibgirona.cat\/biblioteca\/blanes\/documents\/1204\/show_guide?type=news<\/a><\/figcaption><\/figure>\n\n\n\n<div class=\"wp-block-image\"><figure class=\"aligncenter\"><a href=\"https:\/\/biblioteca.blanes.cat\/salajove\/category\/novetats\/\" target=\"_blank\" rel=\"noreferrer noopener\"><img loading=\"lazy\" decoding=\"async\" width=\"300\" height=\"183\" src=\"https:\/\/biblioteca.blanes.cat\/salajove\/wp-content\/uploads\/sites\/3\/2017\/10\/Novetats-300x183.png\" alt=\"novetats abril  2019\" class=\"wp-image-126\" title=\"novetats abril  2019\" srcset=\"https:\/\/biblioteca.blanes.cat\/salajove\/wp-content\/uploads\/sites\/3\/2017\/10\/Novetats-300x183.png 300w, https:\/\/biblioteca.blanes.cat\/salajove\/wp-content\/uploads\/sites\/3\/2017\/10\/Novetats-768x468.png 768w, https:\/\/biblioteca.blanes.cat\/salajove\/wp-content\/uploads\/sites\/3\/2017\/10\/Novetats-1024x624.png 1024w\" sizes=\"(max-width: 300px) 100vw, 300px\" \/><\/a><figcaption><br><br><\/figcaption><\/figure><\/div>\n","protected":false},"excerpt":{"rendered":"<p>Biblioteca Jove Blanes &#8211; Novetats Juny 2020 Ja tenim aqu\u00ed les Novetats juvenils del mes de juny que trobareu al vest\u00edbul de la Biblioteca Comarcal de Blanes. Per venir a recollir-les demaneu cita pr\u00e8via a la web de l&#8217;ajuntament ,<\/p>\n","protected":false},"author":4,"featured_media":2945,"comment_status":"open","ping_status":"open","sticky":false,"template":"","format":"standard","meta":{"sfsi_plus_gutenberg_text_before_share":"","sfsi_plus_gutenberg_show_text_before_share":"","sfsi_plus_gutenberg_icon_type":"","sfsi_plus_gutenberg_icon_alignemt":"","sfsi_plus_gutenburg_max_per_row":"","footnotes":""},"categories":[7],"tags":[98,52],"class_list":["post-4081","post","type-post","status-publish","format-standard","has-post-thumbnail","hentry","category-novetats","tag-guia-lectura-literatura-llibres","tag-joves"],"yoast_head":"<!-- This site is optimized with the Yoast SEO plugin v27.5 - https:\/\/yoast.com\/product\/yoast-seo-wordpress\/ -->\n<title>NOVETATS: Juny 2020 - Sala Jove<\/title>\n<meta name=\"robots\" content=\"index, follow, max-snippet:-1, max-image-preview:large, max-video-preview:-1\" \/>\n<link rel=\"canonical\" href=\"https:\/\/biblioteca.blanes.cat\/salajove\/2020\/06\/01\/novetats-juny-2020\/\" \/>\n<meta property=\"og:locale\" content=\"ca_ES\" \/>\n<meta property=\"og:type\" content=\"article\" \/>\n<meta property=\"og:title\" content=\"NOVETATS: Juny 2020 - Sala Jove\" \/>\n<meta property=\"og:description\" content=\"Biblioteca Jove Blanes &#8211; Novetats Juny 2020 Ja tenim aqu\u00ed les Novetats juvenils del mes de juny que trobareu al vest\u00edbul de la Biblioteca Comarcal de Blanes. Per venir a recollir-les demaneu cita pr\u00e8via a la web de l&#8217;ajuntament ,\" \/>\n<meta property=\"og:url\" content=\"https:\/\/biblioteca.blanes.cat\/salajove\/2020\/06\/01\/novetats-juny-2020\/\" \/>\n<meta property=\"og:site_name\" content=\"Sala Jove\" \/>\n<meta property=\"article:publisher\" content=\"https:\/\/www.facebook.com\/BilbiotecaComarcaldeBlanes\/\" \/>\n<meta property=\"article:published_time\" content=\"2020-06-01T05:16:08+00:00\" \/>\n<meta property=\"article:modified_time\" content=\"2020-06-01T10:24:58+00:00\" \/>\n<meta property=\"og:image\" content=\"https:\/\/biblioteca.blanes.cat\/salajove\/wp-content\/uploads\/sites\/3\/2019\/06\/Novetats_.png\" \/>\n\t<meta property=\"og:image:width\" content=\"3719\" \/>\n\t<meta property=\"og:image:height\" content=\"3719\" \/>\n\t<meta property=\"og:image:type\" content=\"image\/png\" \/>\n<meta name=\"author\" content=\"biblioblanes\" \/>\n<meta name=\"twitter:card\" content=\"summary_large_image\" \/>\n<meta name=\"twitter:creator\" content=\"@biblioblanes\" \/>\n<meta name=\"twitter:site\" content=\"@BiblioBlanes\" \/>\n<meta name=\"twitter:label1\" content=\"Escrit per\" \/>\n\t<meta name=\"twitter:data1\" content=\"biblioblanes\" \/>\n\t<meta name=\"twitter:label2\" content=\"Temps estimat de lectura\" \/>\n\t<meta name=\"twitter:data2\" content=\"1 minut\" \/>\n<script type=\"application\/ld+json\" class=\"yoast-schema-graph\">{\"@context\":\"https:\\\/\\\/schema.org\",\"@graph\":[{\"@type\":\"Article\",\"@id\":\"https:\\\/\\\/biblioteca.blanes.cat\\\/salajove\\\/2020\\\/06\\\/01\\\/novetats-juny-2020\\\/#article\",\"isPartOf\":{\"@id\":\"https:\\\/\\\/biblioteca.blanes.cat\\\/salajove\\\/2020\\\/06\\\/01\\\/novetats-juny-2020\\\/\"},\"author\":{\"name\":\"biblioblanes\",\"@id\":\"https:\\\/\\\/biblioteca.blanes.cat\\\/salajove\\\/#\\\/schema\\\/person\\\/5a7b46760d9dd611d098bbf571a341dc\"},\"headline\":\"NOVETATS: Juny 2020\",\"datePublished\":\"2020-06-01T05:16:08+00:00\",\"dateModified\":\"2020-06-01T10:24:58+00:00\",\"mainEntityOfPage\":{\"@id\":\"https:\\\/\\\/biblioteca.blanes.cat\\\/salajove\\\/2020\\\/06\\\/01\\\/novetats-juny-2020\\\/\"},\"wordCount\":146,\"commentCount\":0,\"publisher\":{\"@id\":\"https:\\\/\\\/biblioteca.blanes.cat\\\/salajove\\\/#organization\"},\"image\":{\"@id\":\"https:\\\/\\\/biblioteca.blanes.cat\\\/salajove\\\/2020\\\/06\\\/01\\\/novetats-juny-2020\\\/#primaryimage\"},\"thumbnailUrl\":\"https:\\\/\\\/biblioteca.blanes.cat\\\/salajove\\\/wp-content\\\/uploads\\\/sites\\\/3\\\/2019\\\/06\\\/Novetats_.png\",\"keywords\":[\"#Guia #Lectura #Literatura #Llibres\",\"#Joves\"],\"articleSection\":[\"Novetats\"],\"inLanguage\":\"ca\",\"potentialAction\":[{\"@type\":\"CommentAction\",\"name\":\"Comment\",\"target\":[\"https:\\\/\\\/biblioteca.blanes.cat\\\/salajove\\\/2020\\\/06\\\/01\\\/novetats-juny-2020\\\/#respond\"]}]},{\"@type\":\"WebPage\",\"@id\":\"https:\\\/\\\/biblioteca.blanes.cat\\\/salajove\\\/2020\\\/06\\\/01\\\/novetats-juny-2020\\\/\",\"url\":\"https:\\\/\\\/biblioteca.blanes.cat\\\/salajove\\\/2020\\\/06\\\/01\\\/novetats-juny-2020\\\/\",\"name\":\"NOVETATS: Juny 2020 - Sala Jove\",\"isPartOf\":{\"@id\":\"https:\\\/\\\/biblioteca.blanes.cat\\\/salajove\\\/#website\"},\"primaryImageOfPage\":{\"@id\":\"https:\\\/\\\/biblioteca.blanes.cat\\\/salajove\\\/2020\\\/06\\\/01\\\/novetats-juny-2020\\\/#primaryimage\"},\"image\":{\"@id\":\"https:\\\/\\\/biblioteca.blanes.cat\\\/salajove\\\/2020\\\/06\\\/01\\\/novetats-juny-2020\\\/#primaryimage\"},\"thumbnailUrl\":\"https:\\\/\\\/biblioteca.blanes.cat\\\/salajove\\\/wp-content\\\/uploads\\\/sites\\\/3\\\/2019\\\/06\\\/Novetats_.png\",\"datePublished\":\"2020-06-01T05:16:08+00:00\",\"dateModified\":\"2020-06-01T10:24:58+00:00\",\"breadcrumb\":{\"@id\":\"https:\\\/\\\/biblioteca.blanes.cat\\\/salajove\\\/2020\\\/06\\\/01\\\/novetats-juny-2020\\\/#breadcrumb\"},\"inLanguage\":\"ca\",\"potentialAction\":[{\"@type\":\"ReadAction\",\"target\":[\"https:\\\/\\\/biblioteca.blanes.cat\\\/salajove\\\/2020\\\/06\\\/01\\\/novetats-juny-2020\\\/\"]}]},{\"@type\":\"ImageObject\",\"inLanguage\":\"ca\",\"@id\":\"https:\\\/\\\/biblioteca.blanes.cat\\\/salajove\\\/2020\\\/06\\\/01\\\/novetats-juny-2020\\\/#primaryimage\",\"url\":\"https:\\\/\\\/biblioteca.blanes.cat\\\/salajove\\\/wp-content\\\/uploads\\\/sites\\\/3\\\/2019\\\/06\\\/Novetats_.png\",\"contentUrl\":\"https:\\\/\\\/biblioteca.blanes.cat\\\/salajove\\\/wp-content\\\/uploads\\\/sites\\\/3\\\/2019\\\/06\\\/Novetats_.png\",\"width\":3719,\"height\":3719},{\"@type\":\"BreadcrumbList\",\"@id\":\"https:\\\/\\\/biblioteca.blanes.cat\\\/salajove\\\/2020\\\/06\\\/01\\\/novetats-juny-2020\\\/#breadcrumb\",\"itemListElement\":[{\"@type\":\"ListItem\",\"position\":1,\"name\":\"Inici\",\"item\":\"https:\\\/\\\/biblioteca.blanes.cat\\\/salajove\\\/\"},{\"@type\":\"ListItem\",\"position\":2,\"name\":\"NOVETATS: Juny 2020\"}]},{\"@type\":\"WebSite\",\"@id\":\"https:\\\/\\\/biblioteca.blanes.cat\\\/salajove\\\/#website\",\"url\":\"https:\\\/\\\/biblioteca.blanes.cat\\\/salajove\\\/\",\"name\":\"Sala Jove\",\"description\":\"Biblioteca Comarcal de Blanes\",\"publisher\":{\"@id\":\"https:\\\/\\\/biblioteca.blanes.cat\\\/salajove\\\/#organization\"},\"potentialAction\":[{\"@type\":\"SearchAction\",\"target\":{\"@type\":\"EntryPoint\",\"urlTemplate\":\"https:\\\/\\\/biblioteca.blanes.cat\\\/salajove\\\/?s={search_term_string}\"},\"query-input\":{\"@type\":\"PropertyValueSpecification\",\"valueRequired\":true,\"valueName\":\"search_term_string\"}}],\"inLanguage\":\"ca\"},{\"@type\":\"Organization\",\"@id\":\"https:\\\/\\\/biblioteca.blanes.cat\\\/salajove\\\/#organization\",\"name\":\"Biblioteca Comarcal de Blanes\",\"url\":\"https:\\\/\\\/biblioteca.blanes.cat\\\/salajove\\\/\",\"logo\":{\"@type\":\"ImageObject\",\"inLanguage\":\"ca\",\"@id\":\"https:\\\/\\\/biblioteca.blanes.cat\\\/salajove\\\/#\\\/schema\\\/logo\\\/image\\\/\",\"url\":\"https:\\\/\\\/biblioteca.blanes.cat\\\/salajove\\\/wp-content\\\/uploads\\\/sites\\\/3\\\/2017\\\/09\\\/cropped-Bib-blau-e1518869380535.png\",\"contentUrl\":\"https:\\\/\\\/biblioteca.blanes.cat\\\/salajove\\\/wp-content\\\/uploads\\\/sites\\\/3\\\/2017\\\/09\\\/cropped-Bib-blau-e1518869380535.png\",\"width\":166,\"height\":166,\"caption\":\"Biblioteca Comarcal de Blanes\"},\"image\":{\"@id\":\"https:\\\/\\\/biblioteca.blanes.cat\\\/salajove\\\/#\\\/schema\\\/logo\\\/image\\\/\"},\"sameAs\":[\"https:\\\/\\\/www.facebook.com\\\/BilbiotecaComarcaldeBlanes\\\/\",\"https:\\\/\\\/x.com\\\/BiblioBlanes\",\"https:\\\/\\\/www.instagram.com\\\/biblioblanes\\\/\",\"https:\\\/\\\/www.pinterest.es\\\/bblanes\\\/\",\"https:\\\/\\\/www.youtube.com\\\/c\\\/BibliotecaComarcalBlanes\"]},{\"@type\":\"Person\",\"@id\":\"https:\\\/\\\/biblioteca.blanes.cat\\\/salajove\\\/#\\\/schema\\\/person\\\/5a7b46760d9dd611d098bbf571a341dc\",\"name\":\"biblioblanes\",\"image\":{\"@type\":\"ImageObject\",\"inLanguage\":\"ca\",\"@id\":\"https:\\\/\\\/secure.gravatar.com\\\/avatar\\\/6593ca6cc90e5a70939f51c95e8315483b9c281bafba597292bee47992030f99?s=96&d=mm&r=g\",\"url\":\"https:\\\/\\\/secure.gravatar.com\\\/avatar\\\/6593ca6cc90e5a70939f51c95e8315483b9c281bafba597292bee47992030f99?s=96&d=mm&r=g\",\"contentUrl\":\"https:\\\/\\\/secure.gravatar.com\\\/avatar\\\/6593ca6cc90e5a70939f51c95e8315483b9c281bafba597292bee47992030f99?s=96&d=mm&r=g\",\"caption\":\"biblioblanes\"},\"sameAs\":[\"http:\\\/\\\/www.bibgirona.cat\\\/biblioteca\\\/blanes\",\"https:\\\/\\\/x.com\\\/biblioblanes\"],\"url\":\"https:\\\/\\\/biblioteca.blanes.cat\\\/salajove\\\/author\\\/biblioblanes\\\/\"}]}<\/script>\n<!-- \/ Yoast SEO plugin. -->","yoast_head_json":{"title":"NOVETATS: Juny 2020 - Sala Jove","robots":{"index":"index","follow":"follow","max-snippet":"max-snippet:-1","max-image-preview":"max-image-preview:large","max-video-preview":"max-video-preview:-1"},"canonical":"https:\/\/biblioteca.blanes.cat\/salajove\/2020\/06\/01\/novetats-juny-2020\/","og_locale":"ca_ES","og_type":"article","og_title":"NOVETATS: Juny 2020 - Sala Jove","og_description":"Biblioteca Jove Blanes &#8211; Novetats Juny 2020 Ja tenim aqu\u00ed les Novetats juvenils del mes de juny que trobareu al vest\u00edbul de la Biblioteca Comarcal de Blanes. Per venir a recollir-les demaneu cita pr\u00e8via a la web de l&#8217;ajuntament ,","og_url":"https:\/\/biblioteca.blanes.cat\/salajove\/2020\/06\/01\/novetats-juny-2020\/","og_site_name":"Sala Jove","article_publisher":"https:\/\/www.facebook.com\/BilbiotecaComarcaldeBlanes\/","article_published_time":"2020-06-01T05:16:08+00:00","article_modified_time":"2020-06-01T10:24:58+00:00","og_image":[{"width":3719,"height":3719,"url":"https:\/\/biblioteca.blanes.cat\/salajove\/wp-content\/uploads\/sites\/3\/2019\/06\/Novetats_.png","type":"image\/png"}],"author":"biblioblanes","twitter_card":"summary_large_image","twitter_creator":"@biblioblanes","twitter_site":"@BiblioBlanes","twitter_misc":{"Escrit per":"biblioblanes","Temps estimat de lectura":"1 minut"},"schema":{"@context":"https:\/\/schema.org","@graph":[{"@type":"Article","@id":"https:\/\/biblioteca.blanes.cat\/salajove\/2020\/06\/01\/novetats-juny-2020\/#article","isPartOf":{"@id":"https:\/\/biblioteca.blanes.cat\/salajove\/2020\/06\/01\/novetats-juny-2020\/"},"author":{"name":"biblioblanes","@id":"https:\/\/biblioteca.blanes.cat\/salajove\/#\/schema\/person\/5a7b46760d9dd611d098bbf571a341dc"},"headline":"NOVETATS: Juny 2020","datePublished":"2020-06-01T05:16:08+00:00","dateModified":"2020-06-01T10:24:58+00:00","mainEntityOfPage":{"@id":"https:\/\/biblioteca.blanes.cat\/salajove\/2020\/06\/01\/novetats-juny-2020\/"},"wordCount":146,"commentCount":0,"publisher":{"@id":"https:\/\/biblioteca.blanes.cat\/salajove\/#organization"},"image":{"@id":"https:\/\/biblioteca.blanes.cat\/salajove\/2020\/06\/01\/novetats-juny-2020\/#primaryimage"},"thumbnailUrl":"https:\/\/biblioteca.blanes.cat\/salajove\/wp-content\/uploads\/sites\/3\/2019\/06\/Novetats_.png","keywords":["#Guia #Lectura #Literatura #Llibres","#Joves"],"articleSection":["Novetats"],"inLanguage":"ca","potentialAction":[{"@type":"CommentAction","name":"Comment","target":["https:\/\/biblioteca.blanes.cat\/salajove\/2020\/06\/01\/novetats-juny-2020\/#respond"]}]},{"@type":"WebPage","@id":"https:\/\/biblioteca.blanes.cat\/salajove\/2020\/06\/01\/novetats-juny-2020\/","url":"https:\/\/biblioteca.blanes.cat\/salajove\/2020\/06\/01\/novetats-juny-2020\/","name":"NOVETATS: Juny 2020 - Sala Jove","isPartOf":{"@id":"https:\/\/biblioteca.blanes.cat\/salajove\/#website"},"primaryImageOfPage":{"@id":"https:\/\/biblioteca.blanes.cat\/salajove\/2020\/06\/01\/novetats-juny-2020\/#primaryimage"},"image":{"@id":"https:\/\/biblioteca.blanes.cat\/salajove\/2020\/06\/01\/novetats-juny-2020\/#primaryimage"},"thumbnailUrl":"https:\/\/biblioteca.blanes.cat\/salajove\/wp-content\/uploads\/sites\/3\/2019\/06\/Novetats_.png","datePublished":"2020-06-01T05:16:08+00:00","dateModified":"2020-06-01T10:24:58+00:00","breadcrumb":{"@id":"https:\/\/biblioteca.blanes.cat\/salajove\/2020\/06\/01\/novetats-juny-2020\/#breadcrumb"},"inLanguage":"ca","potentialAction":[{"@type":"ReadAction","target":["https:\/\/biblioteca.blanes.cat\/salajove\/2020\/06\/01\/novetats-juny-2020\/"]}]},{"@type":"ImageObject","inLanguage":"ca","@id":"https:\/\/biblioteca.blanes.cat\/salajove\/2020\/06\/01\/novetats-juny-2020\/#primaryimage","url":"https:\/\/biblioteca.blanes.cat\/salajove\/wp-content\/uploads\/sites\/3\/2019\/06\/Novetats_.png","contentUrl":"https:\/\/biblioteca.blanes.cat\/salajove\/wp-content\/uploads\/sites\/3\/2019\/06\/Novetats_.png","width":3719,"height":3719},{"@type":"BreadcrumbList","@id":"https:\/\/biblioteca.blanes.cat\/salajove\/2020\/06\/01\/novetats-juny-2020\/#breadcrumb","itemListElement":[{"@type":"ListItem","position":1,"name":"Inici","item":"https:\/\/biblioteca.blanes.cat\/salajove\/"},{"@type":"ListItem","position":2,"name":"NOVETATS: Juny 2020"}]},{"@type":"WebSite","@id":"https:\/\/biblioteca.blanes.cat\/salajove\/#website","url":"https:\/\/biblioteca.blanes.cat\/salajove\/","name":"Sala Jove","description":"Biblioteca Comarcal de Blanes","publisher":{"@id":"https:\/\/biblioteca.blanes.cat\/salajove\/#organization"},"potentialAction":[{"@type":"SearchAction","target":{"@type":"EntryPoint","urlTemplate":"https:\/\/biblioteca.blanes.cat\/salajove\/?s={search_term_string}"},"query-input":{"@type":"PropertyValueSpecification","valueRequired":true,"valueName":"search_term_string"}}],"inLanguage":"ca"},{"@type":"Organization","@id":"https:\/\/biblioteca.blanes.cat\/salajove\/#organization","name":"Biblioteca Comarcal de Blanes","url":"https:\/\/biblioteca.blanes.cat\/salajove\/","logo":{"@type":"ImageObject","inLanguage":"ca","@id":"https:\/\/biblioteca.blanes.cat\/salajove\/#\/schema\/logo\/image\/","url":"https:\/\/biblioteca.blanes.cat\/salajove\/wp-content\/uploads\/sites\/3\/2017\/09\/cropped-Bib-blau-e1518869380535.png","contentUrl":"https:\/\/biblioteca.blanes.cat\/salajove\/wp-content\/uploads\/sites\/3\/2017\/09\/cropped-Bib-blau-e1518869380535.png","width":166,"height":166,"caption":"Biblioteca Comarcal de Blanes"},"image":{"@id":"https:\/\/biblioteca.blanes.cat\/salajove\/#\/schema\/logo\/image\/"},"sameAs":["https:\/\/www.facebook.com\/BilbiotecaComarcaldeBlanes\/","https:\/\/x.com\/BiblioBlanes","https:\/\/www.instagram.com\/biblioblanes\/","https:\/\/www.pinterest.es\/bblanes\/","https:\/\/www.youtube.com\/c\/BibliotecaComarcalBlanes"]},{"@type":"Person","@id":"https:\/\/biblioteca.blanes.cat\/salajove\/#\/schema\/person\/5a7b46760d9dd611d098bbf571a341dc","name":"biblioblanes","image":{"@type":"ImageObject","inLanguage":"ca","@id":"https:\/\/secure.gravatar.com\/avatar\/6593ca6cc90e5a70939f51c95e8315483b9c281bafba597292bee47992030f99?s=96&d=mm&r=g","url":"https:\/\/secure.gravatar.com\/avatar\/6593ca6cc90e5a70939f51c95e8315483b9c281bafba597292bee47992030f99?s=96&d=mm&r=g","contentUrl":"https:\/\/secure.gravatar.com\/avatar\/6593ca6cc90e5a70939f51c95e8315483b9c281bafba597292bee47992030f99?s=96&d=mm&r=g","caption":"biblioblanes"},"sameAs":["http:\/\/www.bibgirona.cat\/biblioteca\/blanes","https:\/\/x.com\/biblioblanes"],"url":"https:\/\/biblioteca.blanes.cat\/salajove\/author\/biblioblanes\/"}]}},"_links":{"self":[{"href":"https:\/\/biblioteca.blanes.cat\/salajove\/wp-json\/wp\/v2\/posts\/4081","targetHints":{"allow":["GET"]}}],"collection":[{"href":"https:\/\/biblioteca.blanes.cat\/salajove\/wp-json\/wp\/v2\/posts"}],"about":[{"href":"https:\/\/biblioteca.blanes.cat\/salajove\/wp-json\/wp\/v2\/types\/post"}],"author":[{"embeddable":true,"href":"https:\/\/biblioteca.blanes.cat\/salajove\/wp-json\/wp\/v2\/users\/4"}],"replies":[{"embeddable":true,"href":"https:\/\/biblioteca.blanes.cat\/salajove\/wp-json\/wp\/v2\/comments?post=4081"}],"version-history":[{"count":10,"href":"https:\/\/biblioteca.blanes.cat\/salajove\/wp-json\/wp\/v2\/posts\/4081\/revisions"}],"predecessor-version":[{"id":4115,"href":"https:\/\/biblioteca.blanes.cat\/salajove\/wp-json\/wp\/v2\/posts\/4081\/revisions\/4115"}],"wp:featuredmedia":[{"embeddable":true,"href":"https:\/\/biblioteca.blanes.cat\/salajove\/wp-json\/wp\/v2\/media\/2945"}],"wp:attachment":[{"href":"https:\/\/biblioteca.blanes.cat\/salajove\/wp-json\/wp\/v2\/media?parent=4081"}],"wp:term":[{"taxonomy":"category","embeddable":true,"href":"https:\/\/biblioteca.blanes.cat\/salajove\/wp-json\/wp\/v2\/categories?post=4081"},{"taxonomy":"post_tag","embeddable":true,"href":"https:\/\/biblioteca.blanes.cat\/salajove\/wp-json\/wp\/v2\/tags?post=4081"}],"curies":[{"name":"wp","href":"https:\/\/api.w.org\/{rel}","templated":true}]}}