{"id":4060,"date":"2020-05-25T07:11:54","date_gmt":"2020-05-25T06:11:54","guid":{"rendered":"https:\/\/biblioteca.blanes.cat\/salajove\/?p=4060"},"modified":"2020-05-25T07:17:18","modified_gmt":"2020-05-25T06:17:18","slug":"clj-6a-trobada-lectures-confinades","status":"publish","type":"post","link":"https:\/\/biblioteca.blanes.cat\/salajove\/2020\/05\/25\/clj-6a-trobada-lectures-confinades\/","title":{"rendered":"CLJ: Lectures confinades 6"},"content":{"rendered":"\n<p style=\"text-align: center;\">Bon dia joves!<\/p>\n<p>\u00a0<\/p>\n<p style=\"text-align: center;\">Com ja sabeu, cada dissabte, el nostre <strong>Club de lectura juvenil de la Biblioteca Comarcal de Blanes<\/strong>, ens trobem a <strong>\u201cLectures confinades\u201d<\/strong> per parlar sobre lectures i actualitat.<\/p>\n<p>\u00a0<\/p>\n<p>Aquest dissabte varem voler saber que opinaven els joves de la tornada als centres escolars. I quina millor manera que fer-ho a partir de la lectura de l\u2019article <strong>\u201c Incertidumbre en la vuelta al cole\u201d del diari El Confidencial<\/strong>. A mode de resum, hi va haver infinitat d\u2019opinions diferents: Hi ha els que troben les mesures una mica exagerades, d\u2019altres pensen que caldria aplicar-les per zones segons el nivell d\u2019infecci\u00f3 del virus en el qual ens trobem, tamb\u00e9 hi ha joves que veuen adequat tornar al juny per\u00f2 d\u2019altres preferirien no fer-ho fins al setembre i amb totes les mesures si fos possible&#8230; Parlar sobre temes actuals i que ens afecten \u00e9s la forma de que els joves s\u2019expressin.<\/p>\n<p>A la segona part de la sessi\u00f3, varem fer el <strong>seguiment de les lectures<\/strong> d\u2019aquests dies. Tant les que estan llegint lliurement, com les recomanades pel institut. Ens trobem ja a la recta final del curs i quasi tots ja han finalitzat les lectures que tenien pendents a l\u2019escola. D\u2019altres preparen lectures per a l\u2019estiu. Tamb\u00e9 hi ha dels que llegeixen molt\u00edssim i ja no els queden llibres a casa i per tant, han decidit descarregar la plataforma EBiblio.<\/p>\n<p>Per finalitzar la sessi\u00f3, varem comentar la part d\u2019escriptura recomanada per aquesta setmana: <strong>La Banda sonora del meu confinament<\/strong>. Aquesta setmana els joves han estat enviant correus amb la m\u00fasica que han estat escoltant aquests dies que no hem pogut sortir de casa. Aquelles can\u00e7ons que els feien sentir a prop dels amics, del seu dia a dia, que els recordava a les trobades amb la colla&#8230; De tots aquests hem volgut fer un petit resum en forma de collage.<\/p>\n<p>\u00a0<\/p>\n<p style=\"text-align: center;\"><strong> Feu-hi una ullada!<\/strong><\/p>\n<p><img fetchpriority=\"high\" decoding=\"async\" class=\"aligncenter wp-image-4061 size-full\" src=\"https:\/\/biblioteca.blanes.cat\/salajove\/wp-content\/uploads\/sites\/3\/2020\/05\/la-banda-sonora-del-meu-confinament.jpg\" alt=\"\" width=\"1240\" height=\"1754\" srcset=\"https:\/\/biblioteca.blanes.cat\/salajove\/wp-content\/uploads\/sites\/3\/2020\/05\/la-banda-sonora-del-meu-confinament.jpg 1240w, https:\/\/biblioteca.blanes.cat\/salajove\/wp-content\/uploads\/sites\/3\/2020\/05\/la-banda-sonora-del-meu-confinament-212x300.jpg 212w, https:\/\/biblioteca.blanes.cat\/salajove\/wp-content\/uploads\/sites\/3\/2020\/05\/la-banda-sonora-del-meu-confinament-724x1024.jpg 724w, https:\/\/biblioteca.blanes.cat\/salajove\/wp-content\/uploads\/sites\/3\/2020\/05\/la-banda-sonora-del-meu-confinament-768x1086.jpg 768w, https:\/\/biblioteca.blanes.cat\/salajove\/wp-content\/uploads\/sites\/3\/2020\/05\/la-banda-sonora-del-meu-confinament-1086x1536.jpg 1086w\" sizes=\"(max-width: 1240px) 100vw, 1240px\" \/><\/p>\n<p>\u00a0<\/p>\n<p style=\"text-align: center;\">Aquest <strong>dissabte 30 de maig<\/strong> ens tornem a trobar<strong> a les 12h<\/strong> per zoom. Si hi esteu interessats nom\u00e9s heu d&#8217;enviar un correu electr\u00f2nic a <strong>biblioteca@blanes.cat<\/strong>.<\/p>\n<p style=\"text-align: center;\">Us animeu?!!<\/p>\n","protected":false},"excerpt":{"rendered":"<p>Bon dia joves! \u00a0 Com ja sabeu, cada dissabte, el nostre Club de lectura juvenil de la Biblioteca Comarcal de Blanes, ens trobem a \u201cLectures confinades\u201d per parlar sobre lectures i actualitat. \u00a0 Aquest dissabte varem voler saber que opinaven<\/p>\n","protected":false},"author":4,"featured_media":2936,"comment_status":"open","ping_status":"open","sticky":false,"template":"","format":"standard","meta":{"sfsi_plus_gutenberg_text_before_share":"","sfsi_plus_gutenberg_show_text_before_share":"","sfsi_plus_gutenberg_icon_type":"","sfsi_plus_gutenberg_icon_alignemt":"","sfsi_plus_gutenburg_max_per_row":"","footnotes":""},"categories":[5],"tags":[91],"class_list":["post-4060","post","type-post","status-publish","format-standard","has-post-thumbnail","hentry","category-club-de-lectura","tag-activitats-clubdelectura-gamificacio-jocs-joves-lectura-literatura-llibres"],"yoast_head":"<!-- This site is optimized with the Yoast SEO plugin v27.5 - https:\/\/yoast.com\/product\/yoast-seo-wordpress\/ -->\n<title>CLJ: Lectures confinades 6 - Sala Jove<\/title>\n<meta name=\"robots\" content=\"index, follow, max-snippet:-1, max-image-preview:large, max-video-preview:-1\" \/>\n<link rel=\"canonical\" href=\"https:\/\/biblioteca.blanes.cat\/salajove\/2020\/05\/25\/clj-6a-trobada-lectures-confinades\/\" \/>\n<meta property=\"og:locale\" content=\"ca_ES\" \/>\n<meta property=\"og:type\" content=\"article\" \/>\n<meta property=\"og:title\" content=\"CLJ: Lectures confinades 6 - Sala Jove\" \/>\n<meta property=\"og:description\" content=\"Bon dia joves! \u00a0 Com ja sabeu, cada dissabte, el nostre Club de lectura juvenil de la Biblioteca Comarcal de Blanes, ens trobem a \u201cLectures confinades\u201d per parlar sobre lectures i actualitat. \u00a0 Aquest dissabte varem voler saber que opinaven\" \/>\n<meta property=\"og:url\" content=\"https:\/\/biblioteca.blanes.cat\/salajove\/2020\/05\/25\/clj-6a-trobada-lectures-confinades\/\" \/>\n<meta property=\"og:site_name\" content=\"Sala Jove\" \/>\n<meta property=\"article:publisher\" content=\"https:\/\/www.facebook.com\/BilbiotecaComarcaldeBlanes\/\" \/>\n<meta property=\"article:published_time\" content=\"2020-05-25T06:11:54+00:00\" \/>\n<meta property=\"article:modified_time\" content=\"2020-05-25T06:17:18+00:00\" \/>\n<meta property=\"og:image\" content=\"https:\/\/biblioteca.blanes.cat\/salajove\/wp-content\/uploads\/sites\/3\/2019\/05\/CLJ_.png\" \/>\n\t<meta property=\"og:image:width\" content=\"3719\" \/>\n\t<meta property=\"og:image:height\" content=\"3719\" \/>\n\t<meta property=\"og:image:type\" content=\"image\/png\" \/>\n<meta name=\"author\" content=\"biblioblanes\" \/>\n<meta name=\"twitter:card\" content=\"summary_large_image\" \/>\n<meta name=\"twitter:creator\" content=\"@biblioblanes\" \/>\n<meta name=\"twitter:site\" content=\"@BiblioBlanes\" \/>\n<meta name=\"twitter:label1\" content=\"Escrit per\" \/>\n\t<meta name=\"twitter:data1\" content=\"biblioblanes\" \/>\n\t<meta name=\"twitter:label2\" content=\"Temps estimat de lectura\" \/>\n\t<meta name=\"twitter:data2\" content=\"2 minuts\" \/>\n<script type=\"application\/ld+json\" class=\"yoast-schema-graph\">{\"@context\":\"https:\\\/\\\/schema.org\",\"@graph\":[{\"@type\":\"Article\",\"@id\":\"https:\\\/\\\/biblioteca.blanes.cat\\\/salajove\\\/2020\\\/05\\\/25\\\/clj-6a-trobada-lectures-confinades\\\/#article\",\"isPartOf\":{\"@id\":\"https:\\\/\\\/biblioteca.blanes.cat\\\/salajove\\\/2020\\\/05\\\/25\\\/clj-6a-trobada-lectures-confinades\\\/\"},\"author\":{\"name\":\"biblioblanes\",\"@id\":\"https:\\\/\\\/biblioteca.blanes.cat\\\/salajove\\\/#\\\/schema\\\/person\\\/5a7b46760d9dd611d098bbf571a341dc\"},\"headline\":\"CLJ: Lectures confinades 6\",\"datePublished\":\"2020-05-25T06:11:54+00:00\",\"dateModified\":\"2020-05-25T06:17:18+00:00\",\"mainEntityOfPage\":{\"@id\":\"https:\\\/\\\/biblioteca.blanes.cat\\\/salajove\\\/2020\\\/05\\\/25\\\/clj-6a-trobada-lectures-confinades\\\/\"},\"wordCount\":360,\"commentCount\":0,\"publisher\":{\"@id\":\"https:\\\/\\\/biblioteca.blanes.cat\\\/salajove\\\/#organization\"},\"image\":{\"@id\":\"https:\\\/\\\/biblioteca.blanes.cat\\\/salajove\\\/2020\\\/05\\\/25\\\/clj-6a-trobada-lectures-confinades\\\/#primaryimage\"},\"thumbnailUrl\":\"https:\\\/\\\/biblioteca.blanes.cat\\\/salajove\\\/wp-content\\\/uploads\\\/sites\\\/3\\\/2019\\\/05\\\/CLJ_.png\",\"keywords\":[\"#Activitats #ClubdeLectura #Gamificaci\u00f3 #jocs #Joves #Lectura #Literatura #Llibres\"],\"articleSection\":[\"Club de Lectura\"],\"inLanguage\":\"ca\",\"potentialAction\":[{\"@type\":\"CommentAction\",\"name\":\"Comment\",\"target\":[\"https:\\\/\\\/biblioteca.blanes.cat\\\/salajove\\\/2020\\\/05\\\/25\\\/clj-6a-trobada-lectures-confinades\\\/#respond\"]}]},{\"@type\":\"WebPage\",\"@id\":\"https:\\\/\\\/biblioteca.blanes.cat\\\/salajove\\\/2020\\\/05\\\/25\\\/clj-6a-trobada-lectures-confinades\\\/\",\"url\":\"https:\\\/\\\/biblioteca.blanes.cat\\\/salajove\\\/2020\\\/05\\\/25\\\/clj-6a-trobada-lectures-confinades\\\/\",\"name\":\"CLJ: Lectures confinades 6 - Sala Jove\",\"isPartOf\":{\"@id\":\"https:\\\/\\\/biblioteca.blanes.cat\\\/salajove\\\/#website\"},\"primaryImageOfPage\":{\"@id\":\"https:\\\/\\\/biblioteca.blanes.cat\\\/salajove\\\/2020\\\/05\\\/25\\\/clj-6a-trobada-lectures-confinades\\\/#primaryimage\"},\"image\":{\"@id\":\"https:\\\/\\\/biblioteca.blanes.cat\\\/salajove\\\/2020\\\/05\\\/25\\\/clj-6a-trobada-lectures-confinades\\\/#primaryimage\"},\"thumbnailUrl\":\"https:\\\/\\\/biblioteca.blanes.cat\\\/salajove\\\/wp-content\\\/uploads\\\/sites\\\/3\\\/2019\\\/05\\\/CLJ_.png\",\"datePublished\":\"2020-05-25T06:11:54+00:00\",\"dateModified\":\"2020-05-25T06:17:18+00:00\",\"breadcrumb\":{\"@id\":\"https:\\\/\\\/biblioteca.blanes.cat\\\/salajove\\\/2020\\\/05\\\/25\\\/clj-6a-trobada-lectures-confinades\\\/#breadcrumb\"},\"inLanguage\":\"ca\",\"potentialAction\":[{\"@type\":\"ReadAction\",\"target\":[\"https:\\\/\\\/biblioteca.blanes.cat\\\/salajove\\\/2020\\\/05\\\/25\\\/clj-6a-trobada-lectures-confinades\\\/\"]}]},{\"@type\":\"ImageObject\",\"inLanguage\":\"ca\",\"@id\":\"https:\\\/\\\/biblioteca.blanes.cat\\\/salajove\\\/2020\\\/05\\\/25\\\/clj-6a-trobada-lectures-confinades\\\/#primaryimage\",\"url\":\"https:\\\/\\\/biblioteca.blanes.cat\\\/salajove\\\/wp-content\\\/uploads\\\/sites\\\/3\\\/2019\\\/05\\\/CLJ_.png\",\"contentUrl\":\"https:\\\/\\\/biblioteca.blanes.cat\\\/salajove\\\/wp-content\\\/uploads\\\/sites\\\/3\\\/2019\\\/05\\\/CLJ_.png\",\"width\":3719,\"height\":3719},{\"@type\":\"BreadcrumbList\",\"@id\":\"https:\\\/\\\/biblioteca.blanes.cat\\\/salajove\\\/2020\\\/05\\\/25\\\/clj-6a-trobada-lectures-confinades\\\/#breadcrumb\",\"itemListElement\":[{\"@type\":\"ListItem\",\"position\":1,\"name\":\"Inici\",\"item\":\"https:\\\/\\\/biblioteca.blanes.cat\\\/salajove\\\/\"},{\"@type\":\"ListItem\",\"position\":2,\"name\":\"CLJ: Lectures confinades 6\"}]},{\"@type\":\"WebSite\",\"@id\":\"https:\\\/\\\/biblioteca.blanes.cat\\\/salajove\\\/#website\",\"url\":\"https:\\\/\\\/biblioteca.blanes.cat\\\/salajove\\\/\",\"name\":\"Sala Jove\",\"description\":\"Biblioteca Comarcal de Blanes\",\"publisher\":{\"@id\":\"https:\\\/\\\/biblioteca.blanes.cat\\\/salajove\\\/#organization\"},\"potentialAction\":[{\"@type\":\"SearchAction\",\"target\":{\"@type\":\"EntryPoint\",\"urlTemplate\":\"https:\\\/\\\/biblioteca.blanes.cat\\\/salajove\\\/?s={search_term_string}\"},\"query-input\":{\"@type\":\"PropertyValueSpecification\",\"valueRequired\":true,\"valueName\":\"search_term_string\"}}],\"inLanguage\":\"ca\"},{\"@type\":\"Organization\",\"@id\":\"https:\\\/\\\/biblioteca.blanes.cat\\\/salajove\\\/#organization\",\"name\":\"Biblioteca Comarcal de Blanes\",\"url\":\"https:\\\/\\\/biblioteca.blanes.cat\\\/salajove\\\/\",\"logo\":{\"@type\":\"ImageObject\",\"inLanguage\":\"ca\",\"@id\":\"https:\\\/\\\/biblioteca.blanes.cat\\\/salajove\\\/#\\\/schema\\\/logo\\\/image\\\/\",\"url\":\"https:\\\/\\\/biblioteca.blanes.cat\\\/salajove\\\/wp-content\\\/uploads\\\/sites\\\/3\\\/2017\\\/09\\\/cropped-Bib-blau-e1518869380535.png\",\"contentUrl\":\"https:\\\/\\\/biblioteca.blanes.cat\\\/salajove\\\/wp-content\\\/uploads\\\/sites\\\/3\\\/2017\\\/09\\\/cropped-Bib-blau-e1518869380535.png\",\"width\":166,\"height\":166,\"caption\":\"Biblioteca Comarcal de Blanes\"},\"image\":{\"@id\":\"https:\\\/\\\/biblioteca.blanes.cat\\\/salajove\\\/#\\\/schema\\\/logo\\\/image\\\/\"},\"sameAs\":[\"https:\\\/\\\/www.facebook.com\\\/BilbiotecaComarcaldeBlanes\\\/\",\"https:\\\/\\\/x.com\\\/BiblioBlanes\",\"https:\\\/\\\/www.instagram.com\\\/biblioblanes\\\/\",\"https:\\\/\\\/www.pinterest.es\\\/bblanes\\\/\",\"https:\\\/\\\/www.youtube.com\\\/c\\\/BibliotecaComarcalBlanes\"]},{\"@type\":\"Person\",\"@id\":\"https:\\\/\\\/biblioteca.blanes.cat\\\/salajove\\\/#\\\/schema\\\/person\\\/5a7b46760d9dd611d098bbf571a341dc\",\"name\":\"biblioblanes\",\"image\":{\"@type\":\"ImageObject\",\"inLanguage\":\"ca\",\"@id\":\"https:\\\/\\\/secure.gravatar.com\\\/avatar\\\/6593ca6cc90e5a70939f51c95e8315483b9c281bafba597292bee47992030f99?s=96&d=mm&r=g\",\"url\":\"https:\\\/\\\/secure.gravatar.com\\\/avatar\\\/6593ca6cc90e5a70939f51c95e8315483b9c281bafba597292bee47992030f99?s=96&d=mm&r=g\",\"contentUrl\":\"https:\\\/\\\/secure.gravatar.com\\\/avatar\\\/6593ca6cc90e5a70939f51c95e8315483b9c281bafba597292bee47992030f99?s=96&d=mm&r=g\",\"caption\":\"biblioblanes\"},\"sameAs\":[\"http:\\\/\\\/www.bibgirona.cat\\\/biblioteca\\\/blanes\",\"https:\\\/\\\/x.com\\\/biblioblanes\"],\"url\":\"https:\\\/\\\/biblioteca.blanes.cat\\\/salajove\\\/author\\\/biblioblanes\\\/\"}]}<\/script>\n<!-- \/ Yoast SEO plugin. -->","yoast_head_json":{"title":"CLJ: Lectures confinades 6 - Sala Jove","robots":{"index":"index","follow":"follow","max-snippet":"max-snippet:-1","max-image-preview":"max-image-preview:large","max-video-preview":"max-video-preview:-1"},"canonical":"https:\/\/biblioteca.blanes.cat\/salajove\/2020\/05\/25\/clj-6a-trobada-lectures-confinades\/","og_locale":"ca_ES","og_type":"article","og_title":"CLJ: Lectures confinades 6 - Sala Jove","og_description":"Bon dia joves! \u00a0 Com ja sabeu, cada dissabte, el nostre Club de lectura juvenil de la Biblioteca Comarcal de Blanes, ens trobem a \u201cLectures confinades\u201d per parlar sobre lectures i actualitat. \u00a0 Aquest dissabte varem voler saber que opinaven","og_url":"https:\/\/biblioteca.blanes.cat\/salajove\/2020\/05\/25\/clj-6a-trobada-lectures-confinades\/","og_site_name":"Sala Jove","article_publisher":"https:\/\/www.facebook.com\/BilbiotecaComarcaldeBlanes\/","article_published_time":"2020-05-25T06:11:54+00:00","article_modified_time":"2020-05-25T06:17:18+00:00","og_image":[{"width":3719,"height":3719,"url":"https:\/\/biblioteca.blanes.cat\/salajove\/wp-content\/uploads\/sites\/3\/2019\/05\/CLJ_.png","type":"image\/png"}],"author":"biblioblanes","twitter_card":"summary_large_image","twitter_creator":"@biblioblanes","twitter_site":"@BiblioBlanes","twitter_misc":{"Escrit per":"biblioblanes","Temps estimat de lectura":"2 minuts"},"schema":{"@context":"https:\/\/schema.org","@graph":[{"@type":"Article","@id":"https:\/\/biblioteca.blanes.cat\/salajove\/2020\/05\/25\/clj-6a-trobada-lectures-confinades\/#article","isPartOf":{"@id":"https:\/\/biblioteca.blanes.cat\/salajove\/2020\/05\/25\/clj-6a-trobada-lectures-confinades\/"},"author":{"name":"biblioblanes","@id":"https:\/\/biblioteca.blanes.cat\/salajove\/#\/schema\/person\/5a7b46760d9dd611d098bbf571a341dc"},"headline":"CLJ: Lectures confinades 6","datePublished":"2020-05-25T06:11:54+00:00","dateModified":"2020-05-25T06:17:18+00:00","mainEntityOfPage":{"@id":"https:\/\/biblioteca.blanes.cat\/salajove\/2020\/05\/25\/clj-6a-trobada-lectures-confinades\/"},"wordCount":360,"commentCount":0,"publisher":{"@id":"https:\/\/biblioteca.blanes.cat\/salajove\/#organization"},"image":{"@id":"https:\/\/biblioteca.blanes.cat\/salajove\/2020\/05\/25\/clj-6a-trobada-lectures-confinades\/#primaryimage"},"thumbnailUrl":"https:\/\/biblioteca.blanes.cat\/salajove\/wp-content\/uploads\/sites\/3\/2019\/05\/CLJ_.png","keywords":["#Activitats #ClubdeLectura #Gamificaci\u00f3 #jocs #Joves #Lectura #Literatura #Llibres"],"articleSection":["Club de Lectura"],"inLanguage":"ca","potentialAction":[{"@type":"CommentAction","name":"Comment","target":["https:\/\/biblioteca.blanes.cat\/salajove\/2020\/05\/25\/clj-6a-trobada-lectures-confinades\/#respond"]}]},{"@type":"WebPage","@id":"https:\/\/biblioteca.blanes.cat\/salajove\/2020\/05\/25\/clj-6a-trobada-lectures-confinades\/","url":"https:\/\/biblioteca.blanes.cat\/salajove\/2020\/05\/25\/clj-6a-trobada-lectures-confinades\/","name":"CLJ: Lectures confinades 6 - Sala Jove","isPartOf":{"@id":"https:\/\/biblioteca.blanes.cat\/salajove\/#website"},"primaryImageOfPage":{"@id":"https:\/\/biblioteca.blanes.cat\/salajove\/2020\/05\/25\/clj-6a-trobada-lectures-confinades\/#primaryimage"},"image":{"@id":"https:\/\/biblioteca.blanes.cat\/salajove\/2020\/05\/25\/clj-6a-trobada-lectures-confinades\/#primaryimage"},"thumbnailUrl":"https:\/\/biblioteca.blanes.cat\/salajove\/wp-content\/uploads\/sites\/3\/2019\/05\/CLJ_.png","datePublished":"2020-05-25T06:11:54+00:00","dateModified":"2020-05-25T06:17:18+00:00","breadcrumb":{"@id":"https:\/\/biblioteca.blanes.cat\/salajove\/2020\/05\/25\/clj-6a-trobada-lectures-confinades\/#breadcrumb"},"inLanguage":"ca","potentialAction":[{"@type":"ReadAction","target":["https:\/\/biblioteca.blanes.cat\/salajove\/2020\/05\/25\/clj-6a-trobada-lectures-confinades\/"]}]},{"@type":"ImageObject","inLanguage":"ca","@id":"https:\/\/biblioteca.blanes.cat\/salajove\/2020\/05\/25\/clj-6a-trobada-lectures-confinades\/#primaryimage","url":"https:\/\/biblioteca.blanes.cat\/salajove\/wp-content\/uploads\/sites\/3\/2019\/05\/CLJ_.png","contentUrl":"https:\/\/biblioteca.blanes.cat\/salajove\/wp-content\/uploads\/sites\/3\/2019\/05\/CLJ_.png","width":3719,"height":3719},{"@type":"BreadcrumbList","@id":"https:\/\/biblioteca.blanes.cat\/salajove\/2020\/05\/25\/clj-6a-trobada-lectures-confinades\/#breadcrumb","itemListElement":[{"@type":"ListItem","position":1,"name":"Inici","item":"https:\/\/biblioteca.blanes.cat\/salajove\/"},{"@type":"ListItem","position":2,"name":"CLJ: Lectures confinades 6"}]},{"@type":"WebSite","@id":"https:\/\/biblioteca.blanes.cat\/salajove\/#website","url":"https:\/\/biblioteca.blanes.cat\/salajove\/","name":"Sala Jove","description":"Biblioteca Comarcal de Blanes","publisher":{"@id":"https:\/\/biblioteca.blanes.cat\/salajove\/#organization"},"potentialAction":[{"@type":"SearchAction","target":{"@type":"EntryPoint","urlTemplate":"https:\/\/biblioteca.blanes.cat\/salajove\/?s={search_term_string}"},"query-input":{"@type":"PropertyValueSpecification","valueRequired":true,"valueName":"search_term_string"}}],"inLanguage":"ca"},{"@type":"Organization","@id":"https:\/\/biblioteca.blanes.cat\/salajove\/#organization","name":"Biblioteca Comarcal de Blanes","url":"https:\/\/biblioteca.blanes.cat\/salajove\/","logo":{"@type":"ImageObject","inLanguage":"ca","@id":"https:\/\/biblioteca.blanes.cat\/salajove\/#\/schema\/logo\/image\/","url":"https:\/\/biblioteca.blanes.cat\/salajove\/wp-content\/uploads\/sites\/3\/2017\/09\/cropped-Bib-blau-e1518869380535.png","contentUrl":"https:\/\/biblioteca.blanes.cat\/salajove\/wp-content\/uploads\/sites\/3\/2017\/09\/cropped-Bib-blau-e1518869380535.png","width":166,"height":166,"caption":"Biblioteca Comarcal de Blanes"},"image":{"@id":"https:\/\/biblioteca.blanes.cat\/salajove\/#\/schema\/logo\/image\/"},"sameAs":["https:\/\/www.facebook.com\/BilbiotecaComarcaldeBlanes\/","https:\/\/x.com\/BiblioBlanes","https:\/\/www.instagram.com\/biblioblanes\/","https:\/\/www.pinterest.es\/bblanes\/","https:\/\/www.youtube.com\/c\/BibliotecaComarcalBlanes"]},{"@type":"Person","@id":"https:\/\/biblioteca.blanes.cat\/salajove\/#\/schema\/person\/5a7b46760d9dd611d098bbf571a341dc","name":"biblioblanes","image":{"@type":"ImageObject","inLanguage":"ca","@id":"https:\/\/secure.gravatar.com\/avatar\/6593ca6cc90e5a70939f51c95e8315483b9c281bafba597292bee47992030f99?s=96&d=mm&r=g","url":"https:\/\/secure.gravatar.com\/avatar\/6593ca6cc90e5a70939f51c95e8315483b9c281bafba597292bee47992030f99?s=96&d=mm&r=g","contentUrl":"https:\/\/secure.gravatar.com\/avatar\/6593ca6cc90e5a70939f51c95e8315483b9c281bafba597292bee47992030f99?s=96&d=mm&r=g","caption":"biblioblanes"},"sameAs":["http:\/\/www.bibgirona.cat\/biblioteca\/blanes","https:\/\/x.com\/biblioblanes"],"url":"https:\/\/biblioteca.blanes.cat\/salajove\/author\/biblioblanes\/"}]}},"_links":{"self":[{"href":"https:\/\/biblioteca.blanes.cat\/salajove\/wp-json\/wp\/v2\/posts\/4060","targetHints":{"allow":["GET"]}}],"collection":[{"href":"https:\/\/biblioteca.blanes.cat\/salajove\/wp-json\/wp\/v2\/posts"}],"about":[{"href":"https:\/\/biblioteca.blanes.cat\/salajove\/wp-json\/wp\/v2\/types\/post"}],"author":[{"embeddable":true,"href":"https:\/\/biblioteca.blanes.cat\/salajove\/wp-json\/wp\/v2\/users\/4"}],"replies":[{"embeddable":true,"href":"https:\/\/biblioteca.blanes.cat\/salajove\/wp-json\/wp\/v2\/comments?post=4060"}],"version-history":[{"count":2,"href":"https:\/\/biblioteca.blanes.cat\/salajove\/wp-json\/wp\/v2\/posts\/4060\/revisions"}],"predecessor-version":[{"id":4063,"href":"https:\/\/biblioteca.blanes.cat\/salajove\/wp-json\/wp\/v2\/posts\/4060\/revisions\/4063"}],"wp:featuredmedia":[{"embeddable":true,"href":"https:\/\/biblioteca.blanes.cat\/salajove\/wp-json\/wp\/v2\/media\/2936"}],"wp:attachment":[{"href":"https:\/\/biblioteca.blanes.cat\/salajove\/wp-json\/wp\/v2\/media?parent=4060"}],"wp:term":[{"taxonomy":"category","embeddable":true,"href":"https:\/\/biblioteca.blanes.cat\/salajove\/wp-json\/wp\/v2\/categories?post=4060"},{"taxonomy":"post_tag","embeddable":true,"href":"https:\/\/biblioteca.blanes.cat\/salajove\/wp-json\/wp\/v2\/tags?post=4060"}],"curies":[{"name":"wp","href":"https:\/\/api.w.org\/{rel}","templated":true}]}}