{"id":4026,"date":"2020-05-11T07:18:42","date_gmt":"2020-05-11T06:18:42","guid":{"rendered":"https:\/\/biblioteca.blanes.cat\/salajove\/?p=4026"},"modified":"2020-05-11T07:36:46","modified_gmt":"2020-05-11T06:36:46","slug":"clj-lectures-confinades-4","status":"publish","type":"post","link":"https:\/\/biblioteca.blanes.cat\/salajove\/2020\/05\/11\/clj-lectures-confinades-4\/","title":{"rendered":"CLJ: Lectures confinades 4"},"content":{"rendered":"\n<p style=\"text-align: center;\">Bon dia joves!<\/p>\n<p>\u00a0<\/p>\n<p>Com ja sabeu, els dissabtes a les 12h els nois\/es del <strong>Club de lectura Jove de la Biblioteca de Blanes<\/strong> ens trobem per zoom i comentem les lectures que estem llegint.<\/p>\n<p>\u00a0<\/p>\n<p>Al principi de la sessi\u00f3 varem voler posar en com\u00fa la proposta d\u2019escriptura d\u2019aquesta setmana:<strong> El meu rac\u00f3 preferit, abans i despr\u00e8s del confinament.<\/strong><br \/>Com cada setmana els joves m\u2019envien escrits sobre la tem\u00e0tica escollida que despr\u00e8s comentem conjuntament. Tots s\u00f3n relats molt emotius del que estan sentint aquests dies&#8230;<\/p>\n<p>&#8211; <em>El meu rac\u00f3 preferit \u00e9s el centre de Blanes. Vaig sortir a passejar i hi havia for\u00e7a gent en comparaci\u00f3 al meu barri. Vaig notar que hi havia menys gent del normal per\u00f2 igualment hi havia. Era estrany, ja que tothom estava separat i amb mascaretes i tamb\u00e9 vaig comprar juntament amb la meva mare i la sensaci\u00f3 era molt estranya.<\/em><\/p>\n<p><img fetchpriority=\"high\" decoding=\"async\" class=\"size-medium wp-image-4029 alignleft\" src=\"https:\/\/biblioteca.blanes.cat\/salajove\/wp-content\/uploads\/sites\/3\/2020\/05\/sdgsgdg-300x225.jpeg\" alt=\"\" width=\"300\" height=\"225\" srcset=\"https:\/\/biblioteca.blanes.cat\/salajove\/wp-content\/uploads\/sites\/3\/2020\/05\/sdgsgdg-300x225.jpeg 300w, https:\/\/biblioteca.blanes.cat\/salajove\/wp-content\/uploads\/sites\/3\/2020\/05\/sdgsgdg-1024x768.jpeg 1024w, https:\/\/biblioteca.blanes.cat\/salajove\/wp-content\/uploads\/sites\/3\/2020\/05\/sdgsgdg-768x576.jpeg 768w, https:\/\/biblioteca.blanes.cat\/salajove\/wp-content\/uploads\/sites\/3\/2020\/05\/sdgsgdg-1536x1152.jpeg 1536w, https:\/\/biblioteca.blanes.cat\/salajove\/wp-content\/uploads\/sites\/3\/2020\/05\/sdgsgdg.jpeg 2000w\" sizes=\"(max-width: 300px) 100vw, 300px\" \/><\/p>\n<p><em>&#8211; El meu lloc preferit per anar durant el desconfinament \u00e9s la platja. M\u2019agrada anar all\u00e0 perqu\u00e8 el so de les onades em transmet pau i tranquil\u2022litat. Vaig amb la meva germana i la meva mare, i m\u2019agrada agafar pedres i tirar-les sobre el mar i que rebotin sobre l\u2019aigua.<\/em><\/p>\n<p><em>&#8211; Al parc de prop de la platja i al club de vela. Jo trobo que hi falten nens (molts), soroll (tamb\u00e9 molt), adults (avis, avies, pares, mares, tiets tietes, etc.), moviment i crec que el que m\u00e9s li falta \u00e9s l&#8217;alegria del nens quan surten de l&#8217;escola, quan van a passar la tarda al parc, etc.<\/em><\/p>\n<p>\u00a0<\/p>\n<p>Com a novetat aquesta setmana varem preparar un <strong>BIBLIOESCAPE ONLINE<\/strong> basat en la lectura <strong>\u201cLa memoria del agua\u201d de Mathieu Reyn\u00e8s<\/strong>. Lectura que ten\u00edem programada pel mes de maig al club, un c\u00f2mic de misteri molt interessant i f\u00e0cil de llegir. Als joves els ha encantat!\u00a0<\/p>\n<p><img decoding=\"async\" class=\"aligncenter size-medium wp-image-4028\" src=\"https:\/\/biblioteca.blanes.cat\/salajove\/wp-content\/uploads\/sites\/3\/2020\/05\/memoria-del-agua-300x202.jpg\" alt=\"\" width=\"300\" height=\"202\" srcset=\"https:\/\/biblioteca.blanes.cat\/salajove\/wp-content\/uploads\/sites\/3\/2020\/05\/memoria-del-agua-300x202.jpg 300w, https:\/\/biblioteca.blanes.cat\/salajove\/wp-content\/uploads\/sites\/3\/2020\/05\/memoria-del-agua.jpg 475w\" sizes=\"(max-width: 300px) 100vw, 300px\" \/><\/p>\n<p>\u00a0<\/p>\n<p>Seguidament, i com acostumem a fer cada setmana, els nostres joves van compartir amb la resta <strong>el que estan llegint ara mateix<\/strong>. Molts continuen aquelles lectures que tenien pendents la setmana passada, alguns ens recomanen llibres que ja han acabat i d\u2019altres tenen novel\u2022les noves pendents, que la setmana vinent ens comentaran que els ha semblat. A trav\u00e9s de l\u2019e-mail resolem els dubtes que tenen amb aquells treballs que els recomanen al institut i intentem fer-los un cop de m\u00e0 en aquests dies tan complicats.<\/p>\n<p><img decoding=\"async\" class=\"aligncenter wp-image-4030\" src=\"https:\/\/biblioteca.blanes.cat\/salajove\/wp-content\/uploads\/sites\/3\/2020\/05\/M8OpenElementcid4b640c13-df8d-469f-82ec-d79782123826-300x146.jpg\" alt=\"\" width=\"500\" height=\"243\" srcset=\"https:\/\/biblioteca.blanes.cat\/salajove\/wp-content\/uploads\/sites\/3\/2020\/05\/M8OpenElementcid4b640c13-df8d-469f-82ec-d79782123826-300x146.jpg 300w, https:\/\/biblioteca.blanes.cat\/salajove\/wp-content\/uploads\/sites\/3\/2020\/05\/M8OpenElementcid4b640c13-df8d-469f-82ec-d79782123826-1024x498.jpg 1024w, https:\/\/biblioteca.blanes.cat\/salajove\/wp-content\/uploads\/sites\/3\/2020\/05\/M8OpenElementcid4b640c13-df8d-469f-82ec-d79782123826-768x373.jpg 768w, https:\/\/biblioteca.blanes.cat\/salajove\/wp-content\/uploads\/sites\/3\/2020\/05\/M8OpenElementcid4b640c13-df8d-469f-82ec-d79782123826-1536x747.jpg 1536w, https:\/\/biblioteca.blanes.cat\/salajove\/wp-content\/uploads\/sites\/3\/2020\/05\/M8OpenElementcid4b640c13-df8d-469f-82ec-d79782123826-2048x996.jpg 2048w\" sizes=\"(max-width: 500px) 100vw, 500px\" \/><\/p>\n<p><img loading=\"lazy\" decoding=\"async\" class=\"aligncenter wp-image-4032\" src=\"https:\/\/biblioteca.blanes.cat\/salajove\/wp-content\/uploads\/sites\/3\/2020\/05\/M6OpenElementcid0f46f83a-6abd-4650-8393-dccf60cfa8f1-300x146.jpg\" alt=\"\" width=\"500\" height=\"243\" srcset=\"https:\/\/biblioteca.blanes.cat\/salajove\/wp-content\/uploads\/sites\/3\/2020\/05\/M6OpenElementcid0f46f83a-6abd-4650-8393-dccf60cfa8f1-300x146.jpg 300w, https:\/\/biblioteca.blanes.cat\/salajove\/wp-content\/uploads\/sites\/3\/2020\/05\/M6OpenElementcid0f46f83a-6abd-4650-8393-dccf60cfa8f1-1024x498.jpg 1024w, https:\/\/biblioteca.blanes.cat\/salajove\/wp-content\/uploads\/sites\/3\/2020\/05\/M6OpenElementcid0f46f83a-6abd-4650-8393-dccf60cfa8f1-768x373.jpg 768w, https:\/\/biblioteca.blanes.cat\/salajove\/wp-content\/uploads\/sites\/3\/2020\/05\/M6OpenElementcid0f46f83a-6abd-4650-8393-dccf60cfa8f1-1536x747.jpg 1536w, https:\/\/biblioteca.blanes.cat\/salajove\/wp-content\/uploads\/sites\/3\/2020\/05\/M6OpenElementcid0f46f83a-6abd-4650-8393-dccf60cfa8f1-2048x996.jpg 2048w\" sizes=\"(max-width: 500px) 100vw, 500px\" \/><\/p>\n<p>\u00a0<\/p>\n<p>Per finalitzar la sessi\u00f3 aquesta setmana els varem recomanar dos webs interessants on poder descarregar llibres en format PDF: Una \u00e9s <strong>https:\/\/planetalibro.net<\/strong> on poden trobar llibres per a totes les edats i l\u2019altra est\u00e0 relacionada amb la <strong>not\u00edcia <a href=\"https:\/\/biblioteca.blanes.cat\/salajove\/2020\/05\/08\/vuela-el-pez-la-col-leccio-de-classics-de-la-literatura-de-la-bcn-per-apropar-la-lectura-als-joves\/\">\u201cVuela el pez\u201d<\/a><\/strong>, cl\u00e0ssics per fomenta la lectura en els joves de Juli\u00e1n Marquina\u00a0<\/p>\n<p>\u00a0<\/p>\n<p style=\"text-align: center;\">Seguim llegint, seguim escrivint, seguim expressant-nos i sobretot seguim gaudint de la lectura en fam\u00edlia, amb amics! Per qu\u00e8 tot aix\u00f2 passar\u00e0, per qu\u00e8 ja queda menys per tornar, per\u00f2 mentrestant a la Biblioteca de Blanes la lectura no s\u2019atura.<\/p>\n<p>\u00a0<\/p>\n<p style=\"text-align: center;\">Et convidem a que el proper <strong>dissabte dia 16 de maig a les 12h<\/strong> et trobis amb nosaltres per passar una bona estona. Inscriu-te al correu de la biblioteca: biblioteca@blanes.cat<\/p>\n<p style=\"text-align: center;\">Som-hi t\u2019hi esperem!!<\/p>\n","protected":false},"excerpt":{"rendered":"<p>Bon dia joves! \u00a0 Com ja sabeu, els dissabtes a les 12h els nois\/es del Club de lectura Jove de la Biblioteca de Blanes ens trobem per zoom i comentem les lectures que estem llegint. \u00a0 Al principi de la<\/p>\n","protected":false},"author":4,"featured_media":2936,"comment_status":"open","ping_status":"open","sticky":false,"template":"","format":"standard","meta":{"sfsi_plus_gutenberg_text_before_share":"","sfsi_plus_gutenberg_show_text_before_share":"","sfsi_plus_gutenberg_icon_type":"","sfsi_plus_gutenberg_icon_alignemt":"","sfsi_plus_gutenburg_max_per_row":"","footnotes":""},"categories":[5],"tags":[91],"class_list":["post-4026","post","type-post","status-publish","format-standard","has-post-thumbnail","hentry","category-club-de-lectura","tag-activitats-clubdelectura-gamificacio-jocs-joves-lectura-literatura-llibres"],"yoast_head":"<!-- This site is optimized with the Yoast SEO plugin v27.5 - https:\/\/yoast.com\/product\/yoast-seo-wordpress\/ -->\n<title>CLJ: Lectures confinades 4 - Sala Jove<\/title>\n<meta name=\"robots\" content=\"index, follow, max-snippet:-1, max-image-preview:large, max-video-preview:-1\" \/>\n<link rel=\"canonical\" href=\"https:\/\/biblioteca.blanes.cat\/salajove\/2020\/05\/11\/clj-lectures-confinades-4\/\" \/>\n<meta property=\"og:locale\" content=\"ca_ES\" \/>\n<meta property=\"og:type\" content=\"article\" \/>\n<meta property=\"og:title\" content=\"CLJ: Lectures confinades 4 - Sala Jove\" \/>\n<meta property=\"og:description\" content=\"Bon dia joves! \u00a0 Com ja sabeu, els dissabtes a les 12h els nois\/es del Club de lectura Jove de la Biblioteca de Blanes ens trobem per zoom i comentem les lectures que estem llegint. \u00a0 Al principi de la\" \/>\n<meta property=\"og:url\" content=\"https:\/\/biblioteca.blanes.cat\/salajove\/2020\/05\/11\/clj-lectures-confinades-4\/\" \/>\n<meta property=\"og:site_name\" content=\"Sala Jove\" \/>\n<meta property=\"article:publisher\" content=\"https:\/\/www.facebook.com\/BilbiotecaComarcaldeBlanes\/\" \/>\n<meta property=\"article:published_time\" content=\"2020-05-11T06:18:42+00:00\" \/>\n<meta property=\"article:modified_time\" content=\"2020-05-11T06:36:46+00:00\" \/>\n<meta property=\"og:image\" content=\"https:\/\/biblioteca.blanes.cat\/salajove\/wp-content\/uploads\/sites\/3\/2019\/05\/CLJ_.png\" \/>\n\t<meta property=\"og:image:width\" content=\"3719\" \/>\n\t<meta property=\"og:image:height\" content=\"3719\" \/>\n\t<meta property=\"og:image:type\" content=\"image\/png\" \/>\n<meta name=\"author\" content=\"biblioblanes\" \/>\n<meta name=\"twitter:card\" content=\"summary_large_image\" \/>\n<meta name=\"twitter:creator\" content=\"@biblioblanes\" \/>\n<meta name=\"twitter:site\" content=\"@BiblioBlanes\" \/>\n<meta name=\"twitter:label1\" content=\"Escrit per\" \/>\n\t<meta name=\"twitter:data1\" content=\"biblioblanes\" \/>\n\t<meta name=\"twitter:label2\" content=\"Temps estimat de lectura\" \/>\n\t<meta name=\"twitter:data2\" content=\"3 minuts\" \/>\n<script type=\"application\/ld+json\" class=\"yoast-schema-graph\">{\"@context\":\"https:\\\/\\\/schema.org\",\"@graph\":[{\"@type\":\"Article\",\"@id\":\"https:\\\/\\\/biblioteca.blanes.cat\\\/salajove\\\/2020\\\/05\\\/11\\\/clj-lectures-confinades-4\\\/#article\",\"isPartOf\":{\"@id\":\"https:\\\/\\\/biblioteca.blanes.cat\\\/salajove\\\/2020\\\/05\\\/11\\\/clj-lectures-confinades-4\\\/\"},\"author\":{\"name\":\"biblioblanes\",\"@id\":\"https:\\\/\\\/biblioteca.blanes.cat\\\/salajove\\\/#\\\/schema\\\/person\\\/5a7b46760d9dd611d098bbf571a341dc\"},\"headline\":\"CLJ: Lectures confinades 4\",\"datePublished\":\"2020-05-11T06:18:42+00:00\",\"dateModified\":\"2020-05-11T06:36:46+00:00\",\"mainEntityOfPage\":{\"@id\":\"https:\\\/\\\/biblioteca.blanes.cat\\\/salajove\\\/2020\\\/05\\\/11\\\/clj-lectures-confinades-4\\\/\"},\"wordCount\":546,\"commentCount\":0,\"publisher\":{\"@id\":\"https:\\\/\\\/biblioteca.blanes.cat\\\/salajove\\\/#organization\"},\"image\":{\"@id\":\"https:\\\/\\\/biblioteca.blanes.cat\\\/salajove\\\/2020\\\/05\\\/11\\\/clj-lectures-confinades-4\\\/#primaryimage\"},\"thumbnailUrl\":\"https:\\\/\\\/biblioteca.blanes.cat\\\/salajove\\\/wp-content\\\/uploads\\\/sites\\\/3\\\/2019\\\/05\\\/CLJ_.png\",\"keywords\":[\"#Activitats #ClubdeLectura #Gamificaci\u00f3 #jocs #Joves #Lectura #Literatura #Llibres\"],\"articleSection\":[\"Club de Lectura\"],\"inLanguage\":\"ca\",\"potentialAction\":[{\"@type\":\"CommentAction\",\"name\":\"Comment\",\"target\":[\"https:\\\/\\\/biblioteca.blanes.cat\\\/salajove\\\/2020\\\/05\\\/11\\\/clj-lectures-confinades-4\\\/#respond\"]}]},{\"@type\":\"WebPage\",\"@id\":\"https:\\\/\\\/biblioteca.blanes.cat\\\/salajove\\\/2020\\\/05\\\/11\\\/clj-lectures-confinades-4\\\/\",\"url\":\"https:\\\/\\\/biblioteca.blanes.cat\\\/salajove\\\/2020\\\/05\\\/11\\\/clj-lectures-confinades-4\\\/\",\"name\":\"CLJ: Lectures confinades 4 - Sala Jove\",\"isPartOf\":{\"@id\":\"https:\\\/\\\/biblioteca.blanes.cat\\\/salajove\\\/#website\"},\"primaryImageOfPage\":{\"@id\":\"https:\\\/\\\/biblioteca.blanes.cat\\\/salajove\\\/2020\\\/05\\\/11\\\/clj-lectures-confinades-4\\\/#primaryimage\"},\"image\":{\"@id\":\"https:\\\/\\\/biblioteca.blanes.cat\\\/salajove\\\/2020\\\/05\\\/11\\\/clj-lectures-confinades-4\\\/#primaryimage\"},\"thumbnailUrl\":\"https:\\\/\\\/biblioteca.blanes.cat\\\/salajove\\\/wp-content\\\/uploads\\\/sites\\\/3\\\/2019\\\/05\\\/CLJ_.png\",\"datePublished\":\"2020-05-11T06:18:42+00:00\",\"dateModified\":\"2020-05-11T06:36:46+00:00\",\"breadcrumb\":{\"@id\":\"https:\\\/\\\/biblioteca.blanes.cat\\\/salajove\\\/2020\\\/05\\\/11\\\/clj-lectures-confinades-4\\\/#breadcrumb\"},\"inLanguage\":\"ca\",\"potentialAction\":[{\"@type\":\"ReadAction\",\"target\":[\"https:\\\/\\\/biblioteca.blanes.cat\\\/salajove\\\/2020\\\/05\\\/11\\\/clj-lectures-confinades-4\\\/\"]}]},{\"@type\":\"ImageObject\",\"inLanguage\":\"ca\",\"@id\":\"https:\\\/\\\/biblioteca.blanes.cat\\\/salajove\\\/2020\\\/05\\\/11\\\/clj-lectures-confinades-4\\\/#primaryimage\",\"url\":\"https:\\\/\\\/biblioteca.blanes.cat\\\/salajove\\\/wp-content\\\/uploads\\\/sites\\\/3\\\/2019\\\/05\\\/CLJ_.png\",\"contentUrl\":\"https:\\\/\\\/biblioteca.blanes.cat\\\/salajove\\\/wp-content\\\/uploads\\\/sites\\\/3\\\/2019\\\/05\\\/CLJ_.png\",\"width\":3719,\"height\":3719},{\"@type\":\"BreadcrumbList\",\"@id\":\"https:\\\/\\\/biblioteca.blanes.cat\\\/salajove\\\/2020\\\/05\\\/11\\\/clj-lectures-confinades-4\\\/#breadcrumb\",\"itemListElement\":[{\"@type\":\"ListItem\",\"position\":1,\"name\":\"Inici\",\"item\":\"https:\\\/\\\/biblioteca.blanes.cat\\\/salajove\\\/\"},{\"@type\":\"ListItem\",\"position\":2,\"name\":\"CLJ: Lectures confinades 4\"}]},{\"@type\":\"WebSite\",\"@id\":\"https:\\\/\\\/biblioteca.blanes.cat\\\/salajove\\\/#website\",\"url\":\"https:\\\/\\\/biblioteca.blanes.cat\\\/salajove\\\/\",\"name\":\"Sala Jove\",\"description\":\"Biblioteca Comarcal de Blanes\",\"publisher\":{\"@id\":\"https:\\\/\\\/biblioteca.blanes.cat\\\/salajove\\\/#organization\"},\"potentialAction\":[{\"@type\":\"SearchAction\",\"target\":{\"@type\":\"EntryPoint\",\"urlTemplate\":\"https:\\\/\\\/biblioteca.blanes.cat\\\/salajove\\\/?s={search_term_string}\"},\"query-input\":{\"@type\":\"PropertyValueSpecification\",\"valueRequired\":true,\"valueName\":\"search_term_string\"}}],\"inLanguage\":\"ca\"},{\"@type\":\"Organization\",\"@id\":\"https:\\\/\\\/biblioteca.blanes.cat\\\/salajove\\\/#organization\",\"name\":\"Biblioteca Comarcal de Blanes\",\"url\":\"https:\\\/\\\/biblioteca.blanes.cat\\\/salajove\\\/\",\"logo\":{\"@type\":\"ImageObject\",\"inLanguage\":\"ca\",\"@id\":\"https:\\\/\\\/biblioteca.blanes.cat\\\/salajove\\\/#\\\/schema\\\/logo\\\/image\\\/\",\"url\":\"https:\\\/\\\/biblioteca.blanes.cat\\\/salajove\\\/wp-content\\\/uploads\\\/sites\\\/3\\\/2017\\\/09\\\/cropped-Bib-blau-e1518869380535.png\",\"contentUrl\":\"https:\\\/\\\/biblioteca.blanes.cat\\\/salajove\\\/wp-content\\\/uploads\\\/sites\\\/3\\\/2017\\\/09\\\/cropped-Bib-blau-e1518869380535.png\",\"width\":166,\"height\":166,\"caption\":\"Biblioteca Comarcal de Blanes\"},\"image\":{\"@id\":\"https:\\\/\\\/biblioteca.blanes.cat\\\/salajove\\\/#\\\/schema\\\/logo\\\/image\\\/\"},\"sameAs\":[\"https:\\\/\\\/www.facebook.com\\\/BilbiotecaComarcaldeBlanes\\\/\",\"https:\\\/\\\/x.com\\\/BiblioBlanes\",\"https:\\\/\\\/www.instagram.com\\\/biblioblanes\\\/\",\"https:\\\/\\\/www.pinterest.es\\\/bblanes\\\/\",\"https:\\\/\\\/www.youtube.com\\\/c\\\/BibliotecaComarcalBlanes\"]},{\"@type\":\"Person\",\"@id\":\"https:\\\/\\\/biblioteca.blanes.cat\\\/salajove\\\/#\\\/schema\\\/person\\\/5a7b46760d9dd611d098bbf571a341dc\",\"name\":\"biblioblanes\",\"image\":{\"@type\":\"ImageObject\",\"inLanguage\":\"ca\",\"@id\":\"https:\\\/\\\/secure.gravatar.com\\\/avatar\\\/6593ca6cc90e5a70939f51c95e8315483b9c281bafba597292bee47992030f99?s=96&d=mm&r=g\",\"url\":\"https:\\\/\\\/secure.gravatar.com\\\/avatar\\\/6593ca6cc90e5a70939f51c95e8315483b9c281bafba597292bee47992030f99?s=96&d=mm&r=g\",\"contentUrl\":\"https:\\\/\\\/secure.gravatar.com\\\/avatar\\\/6593ca6cc90e5a70939f51c95e8315483b9c281bafba597292bee47992030f99?s=96&d=mm&r=g\",\"caption\":\"biblioblanes\"},\"sameAs\":[\"http:\\\/\\\/www.bibgirona.cat\\\/biblioteca\\\/blanes\",\"https:\\\/\\\/x.com\\\/biblioblanes\"],\"url\":\"https:\\\/\\\/biblioteca.blanes.cat\\\/salajove\\\/author\\\/biblioblanes\\\/\"}]}<\/script>\n<!-- \/ Yoast SEO plugin. -->","yoast_head_json":{"title":"CLJ: Lectures confinades 4 - Sala Jove","robots":{"index":"index","follow":"follow","max-snippet":"max-snippet:-1","max-image-preview":"max-image-preview:large","max-video-preview":"max-video-preview:-1"},"canonical":"https:\/\/biblioteca.blanes.cat\/salajove\/2020\/05\/11\/clj-lectures-confinades-4\/","og_locale":"ca_ES","og_type":"article","og_title":"CLJ: Lectures confinades 4 - Sala Jove","og_description":"Bon dia joves! \u00a0 Com ja sabeu, els dissabtes a les 12h els nois\/es del Club de lectura Jove de la Biblioteca de Blanes ens trobem per zoom i comentem les lectures que estem llegint. \u00a0 Al principi de la","og_url":"https:\/\/biblioteca.blanes.cat\/salajove\/2020\/05\/11\/clj-lectures-confinades-4\/","og_site_name":"Sala Jove","article_publisher":"https:\/\/www.facebook.com\/BilbiotecaComarcaldeBlanes\/","article_published_time":"2020-05-11T06:18:42+00:00","article_modified_time":"2020-05-11T06:36:46+00:00","og_image":[{"width":3719,"height":3719,"url":"https:\/\/biblioteca.blanes.cat\/salajove\/wp-content\/uploads\/sites\/3\/2019\/05\/CLJ_.png","type":"image\/png"}],"author":"biblioblanes","twitter_card":"summary_large_image","twitter_creator":"@biblioblanes","twitter_site":"@BiblioBlanes","twitter_misc":{"Escrit per":"biblioblanes","Temps estimat de lectura":"3 minuts"},"schema":{"@context":"https:\/\/schema.org","@graph":[{"@type":"Article","@id":"https:\/\/biblioteca.blanes.cat\/salajove\/2020\/05\/11\/clj-lectures-confinades-4\/#article","isPartOf":{"@id":"https:\/\/biblioteca.blanes.cat\/salajove\/2020\/05\/11\/clj-lectures-confinades-4\/"},"author":{"name":"biblioblanes","@id":"https:\/\/biblioteca.blanes.cat\/salajove\/#\/schema\/person\/5a7b46760d9dd611d098bbf571a341dc"},"headline":"CLJ: Lectures confinades 4","datePublished":"2020-05-11T06:18:42+00:00","dateModified":"2020-05-11T06:36:46+00:00","mainEntityOfPage":{"@id":"https:\/\/biblioteca.blanes.cat\/salajove\/2020\/05\/11\/clj-lectures-confinades-4\/"},"wordCount":546,"commentCount":0,"publisher":{"@id":"https:\/\/biblioteca.blanes.cat\/salajove\/#organization"},"image":{"@id":"https:\/\/biblioteca.blanes.cat\/salajove\/2020\/05\/11\/clj-lectures-confinades-4\/#primaryimage"},"thumbnailUrl":"https:\/\/biblioteca.blanes.cat\/salajove\/wp-content\/uploads\/sites\/3\/2019\/05\/CLJ_.png","keywords":["#Activitats #ClubdeLectura #Gamificaci\u00f3 #jocs #Joves #Lectura #Literatura #Llibres"],"articleSection":["Club de Lectura"],"inLanguage":"ca","potentialAction":[{"@type":"CommentAction","name":"Comment","target":["https:\/\/biblioteca.blanes.cat\/salajove\/2020\/05\/11\/clj-lectures-confinades-4\/#respond"]}]},{"@type":"WebPage","@id":"https:\/\/biblioteca.blanes.cat\/salajove\/2020\/05\/11\/clj-lectures-confinades-4\/","url":"https:\/\/biblioteca.blanes.cat\/salajove\/2020\/05\/11\/clj-lectures-confinades-4\/","name":"CLJ: Lectures confinades 4 - Sala Jove","isPartOf":{"@id":"https:\/\/biblioteca.blanes.cat\/salajove\/#website"},"primaryImageOfPage":{"@id":"https:\/\/biblioteca.blanes.cat\/salajove\/2020\/05\/11\/clj-lectures-confinades-4\/#primaryimage"},"image":{"@id":"https:\/\/biblioteca.blanes.cat\/salajove\/2020\/05\/11\/clj-lectures-confinades-4\/#primaryimage"},"thumbnailUrl":"https:\/\/biblioteca.blanes.cat\/salajove\/wp-content\/uploads\/sites\/3\/2019\/05\/CLJ_.png","datePublished":"2020-05-11T06:18:42+00:00","dateModified":"2020-05-11T06:36:46+00:00","breadcrumb":{"@id":"https:\/\/biblioteca.blanes.cat\/salajove\/2020\/05\/11\/clj-lectures-confinades-4\/#breadcrumb"},"inLanguage":"ca","potentialAction":[{"@type":"ReadAction","target":["https:\/\/biblioteca.blanes.cat\/salajove\/2020\/05\/11\/clj-lectures-confinades-4\/"]}]},{"@type":"ImageObject","inLanguage":"ca","@id":"https:\/\/biblioteca.blanes.cat\/salajove\/2020\/05\/11\/clj-lectures-confinades-4\/#primaryimage","url":"https:\/\/biblioteca.blanes.cat\/salajove\/wp-content\/uploads\/sites\/3\/2019\/05\/CLJ_.png","contentUrl":"https:\/\/biblioteca.blanes.cat\/salajove\/wp-content\/uploads\/sites\/3\/2019\/05\/CLJ_.png","width":3719,"height":3719},{"@type":"BreadcrumbList","@id":"https:\/\/biblioteca.blanes.cat\/salajove\/2020\/05\/11\/clj-lectures-confinades-4\/#breadcrumb","itemListElement":[{"@type":"ListItem","position":1,"name":"Inici","item":"https:\/\/biblioteca.blanes.cat\/salajove\/"},{"@type":"ListItem","position":2,"name":"CLJ: Lectures confinades 4"}]},{"@type":"WebSite","@id":"https:\/\/biblioteca.blanes.cat\/salajove\/#website","url":"https:\/\/biblioteca.blanes.cat\/salajove\/","name":"Sala Jove","description":"Biblioteca Comarcal de Blanes","publisher":{"@id":"https:\/\/biblioteca.blanes.cat\/salajove\/#organization"},"potentialAction":[{"@type":"SearchAction","target":{"@type":"EntryPoint","urlTemplate":"https:\/\/biblioteca.blanes.cat\/salajove\/?s={search_term_string}"},"query-input":{"@type":"PropertyValueSpecification","valueRequired":true,"valueName":"search_term_string"}}],"inLanguage":"ca"},{"@type":"Organization","@id":"https:\/\/biblioteca.blanes.cat\/salajove\/#organization","name":"Biblioteca Comarcal de Blanes","url":"https:\/\/biblioteca.blanes.cat\/salajove\/","logo":{"@type":"ImageObject","inLanguage":"ca","@id":"https:\/\/biblioteca.blanes.cat\/salajove\/#\/schema\/logo\/image\/","url":"https:\/\/biblioteca.blanes.cat\/salajove\/wp-content\/uploads\/sites\/3\/2017\/09\/cropped-Bib-blau-e1518869380535.png","contentUrl":"https:\/\/biblioteca.blanes.cat\/salajove\/wp-content\/uploads\/sites\/3\/2017\/09\/cropped-Bib-blau-e1518869380535.png","width":166,"height":166,"caption":"Biblioteca Comarcal de Blanes"},"image":{"@id":"https:\/\/biblioteca.blanes.cat\/salajove\/#\/schema\/logo\/image\/"},"sameAs":["https:\/\/www.facebook.com\/BilbiotecaComarcaldeBlanes\/","https:\/\/x.com\/BiblioBlanes","https:\/\/www.instagram.com\/biblioblanes\/","https:\/\/www.pinterest.es\/bblanes\/","https:\/\/www.youtube.com\/c\/BibliotecaComarcalBlanes"]},{"@type":"Person","@id":"https:\/\/biblioteca.blanes.cat\/salajove\/#\/schema\/person\/5a7b46760d9dd611d098bbf571a341dc","name":"biblioblanes","image":{"@type":"ImageObject","inLanguage":"ca","@id":"https:\/\/secure.gravatar.com\/avatar\/6593ca6cc90e5a70939f51c95e8315483b9c281bafba597292bee47992030f99?s=96&d=mm&r=g","url":"https:\/\/secure.gravatar.com\/avatar\/6593ca6cc90e5a70939f51c95e8315483b9c281bafba597292bee47992030f99?s=96&d=mm&r=g","contentUrl":"https:\/\/secure.gravatar.com\/avatar\/6593ca6cc90e5a70939f51c95e8315483b9c281bafba597292bee47992030f99?s=96&d=mm&r=g","caption":"biblioblanes"},"sameAs":["http:\/\/www.bibgirona.cat\/biblioteca\/blanes","https:\/\/x.com\/biblioblanes"],"url":"https:\/\/biblioteca.blanes.cat\/salajove\/author\/biblioblanes\/"}]}},"_links":{"self":[{"href":"https:\/\/biblioteca.blanes.cat\/salajove\/wp-json\/wp\/v2\/posts\/4026","targetHints":{"allow":["GET"]}}],"collection":[{"href":"https:\/\/biblioteca.blanes.cat\/salajove\/wp-json\/wp\/v2\/posts"}],"about":[{"href":"https:\/\/biblioteca.blanes.cat\/salajove\/wp-json\/wp\/v2\/types\/post"}],"author":[{"embeddable":true,"href":"https:\/\/biblioteca.blanes.cat\/salajove\/wp-json\/wp\/v2\/users\/4"}],"replies":[{"embeddable":true,"href":"https:\/\/biblioteca.blanes.cat\/salajove\/wp-json\/wp\/v2\/comments?post=4026"}],"version-history":[{"count":4,"href":"https:\/\/biblioteca.blanes.cat\/salajove\/wp-json\/wp\/v2\/posts\/4026\/revisions"}],"predecessor-version":[{"id":4037,"href":"https:\/\/biblioteca.blanes.cat\/salajove\/wp-json\/wp\/v2\/posts\/4026\/revisions\/4037"}],"wp:featuredmedia":[{"embeddable":true,"href":"https:\/\/biblioteca.blanes.cat\/salajove\/wp-json\/wp\/v2\/media\/2936"}],"wp:attachment":[{"href":"https:\/\/biblioteca.blanes.cat\/salajove\/wp-json\/wp\/v2\/media?parent=4026"}],"wp:term":[{"taxonomy":"category","embeddable":true,"href":"https:\/\/biblioteca.blanes.cat\/salajove\/wp-json\/wp\/v2\/categories?post=4026"},{"taxonomy":"post_tag","embeddable":true,"href":"https:\/\/biblioteca.blanes.cat\/salajove\/wp-json\/wp\/v2\/tags?post=4026"}],"curies":[{"name":"wp","href":"https:\/\/api.w.org\/{rel}","templated":true}]}}