{"id":4021,"date":"2020-05-08T16:39:35","date_gmt":"2020-05-08T15:39:35","guid":{"rendered":"https:\/\/biblioteca.blanes.cat\/salajove\/?p=4021"},"modified":"2020-05-08T16:45:44","modified_gmt":"2020-05-08T15:45:44","slug":"vuela-el-pez-la-col-leccio-de-classics-de-la-literatura-de-la-bcn-per-apropar-la-lectura-als-joves","status":"publish","type":"post","link":"https:\/\/biblioteca.blanes.cat\/salajove\/2020\/05\/08\/vuela-el-pez-la-col-leccio-de-classics-de-la-literatura-de-la-bcn-per-apropar-la-lectura-als-joves\/","title":{"rendered":"&#8220;Vuela el Pez&#8221;: La col.lecci\u00f3 de cl\u00e0ssics de la literatura de la BCN per apropar la lectura als joves; Julian Marquina"},"content":{"rendered":"\n<p style=\"text-align: center;\">Eiiii joves! Atenci\u00f3!<\/p>\n<p style=\"text-align: center;\">La Biblioteca del Congr\u00e9s de la Naci\u00f3 (Argentina) posa a disposici\u00f3 de tot el m\u00f3n la seva <strong>Col.lecci\u00f3 de literatura juvenil \u201cVuela el Pez\u201d<\/strong>. On es reuneixen les obres fonamentals d\u2019autors llatinoamericans i universals per a nens i adolescents.<\/p>\n<p lang=\"ca-ES\" style=\"text-align: center;\">La selecci\u00f3 dels t\u00edtols t\u00e9 la intenci\u00f3 d\u2019apropar als joves al m\u00f3n de la lectura.<\/p>\n<p lang=\"ca-ES\" style=\"text-align: center;\">Qualsevol persona pot accedir a la col.lecci\u00f3 i descarregar els llibres digitalment en <strong>format PDF<\/strong> de manera lliure i gratu\u00efta.<\/p>\n<p lang=\"ca-ES\" style=\"text-align: center;\">Cliqueu a la imatge i entreu a l\u2019enlla\u00e7. Hi podeu trobar des de \u201cEl Principito\u201d de Antoine de Saint- Exup\u00e9ry fins als Poemes d\u2019Adela Basch.<\/p>\n<p lang=\"ca-ES\" style=\"text-align: center;\"><a href=\"https:\/\/www.julianmarquina.es\/vuela-el-pez-la-coleccion-de-clasicos-de-la-literatura-de-la-bcn-para-acercar-la-lectura-a-los-jovenes\/\"><img fetchpriority=\"high\" decoding=\"async\" class=\"aligncenter wp-image-4022 size-medium\" src=\"https:\/\/biblioteca.blanes.cat\/salajove\/wp-content\/uploads\/sites\/3\/2020\/05\/vuela-el-pez-300x225.png\" alt=\"\" width=\"300\" height=\"225\" srcset=\"https:\/\/biblioteca.blanes.cat\/salajove\/wp-content\/uploads\/sites\/3\/2020\/05\/vuela-el-pez-300x225.png 300w, https:\/\/biblioteca.blanes.cat\/salajove\/wp-content\/uploads\/sites\/3\/2020\/05\/vuela-el-pez-768x576.png 768w, https:\/\/biblioteca.blanes.cat\/salajove\/wp-content\/uploads\/sites\/3\/2020\/05\/vuela-el-pez.png 1000w\" sizes=\"(max-width: 300px) 100vw, 300px\" \/><\/a><em>www.julianmarquina.es<\/em><\/p>\n","protected":false},"excerpt":{"rendered":"<p>Eiiii joves! Atenci\u00f3! La Biblioteca del Congr\u00e9s de la Naci\u00f3 (Argentina) posa a disposici\u00f3 de tot el m\u00f3n la seva Col.lecci\u00f3 de literatura juvenil \u201cVuela el Pez\u201d. On es reuneixen les obres fonamentals d\u2019autors llatinoamericans i universals per a nens<\/p>\n","protected":false},"author":4,"featured_media":3520,"comment_status":"open","ping_status":"open","sticky":false,"template":"","format":"standard","meta":{"sfsi_plus_gutenberg_text_before_share":"","sfsi_plus_gutenberg_show_text_before_share":"","sfsi_plus_gutenberg_icon_type":"","sfsi_plus_gutenberg_icon_alignemt":"","sfsi_plus_gutenburg_max_per_row":"","footnotes":""},"categories":[1],"tags":[97,26],"class_list":["post-4021","post","type-post","status-publish","format-standard","has-post-thumbnail","hentry","category-general","tag-activitats-actualitat-joves","tag-lectura"],"yoast_head":"<!-- This site is optimized with the Yoast SEO plugin v27.5 - https:\/\/yoast.com\/product\/yoast-seo-wordpress\/ -->\n<title>&quot;Vuela el Pez&quot;: La col.lecci\u00f3 de cl\u00e0ssics de la literatura de la BCN per apropar la lectura als joves; Julian Marquina - Sala Jove<\/title>\n<meta name=\"robots\" content=\"index, follow, max-snippet:-1, max-image-preview:large, max-video-preview:-1\" \/>\n<link rel=\"canonical\" href=\"https:\/\/biblioteca.blanes.cat\/salajove\/2020\/05\/08\/vuela-el-pez-la-col-leccio-de-classics-de-la-literatura-de-la-bcn-per-apropar-la-lectura-als-joves\/\" \/>\n<meta property=\"og:locale\" content=\"ca_ES\" \/>\n<meta property=\"og:type\" content=\"article\" \/>\n<meta property=\"og:title\" content=\"&quot;Vuela el Pez&quot;: La col.lecci\u00f3 de cl\u00e0ssics de la literatura de la BCN per apropar la lectura als joves; Julian Marquina - Sala Jove\" \/>\n<meta property=\"og:description\" content=\"Eiiii joves! Atenci\u00f3! La Biblioteca del Congr\u00e9s de la Naci\u00f3 (Argentina) posa a disposici\u00f3 de tot el m\u00f3n la seva Col.lecci\u00f3 de literatura juvenil \u201cVuela el Pez\u201d. On es reuneixen les obres fonamentals d\u2019autors llatinoamericans i universals per a nens\" \/>\n<meta property=\"og:url\" content=\"https:\/\/biblioteca.blanes.cat\/salajove\/2020\/05\/08\/vuela-el-pez-la-col-leccio-de-classics-de-la-literatura-de-la-bcn-per-apropar-la-lectura-als-joves\/\" \/>\n<meta property=\"og:site_name\" content=\"Sala Jove\" \/>\n<meta property=\"article:publisher\" content=\"https:\/\/www.facebook.com\/BilbiotecaComarcaldeBlanes\/\" \/>\n<meta property=\"article:published_time\" content=\"2020-05-08T15:39:35+00:00\" \/>\n<meta property=\"article:modified_time\" content=\"2020-05-08T15:45:44+00:00\" \/>\n<meta property=\"og:image\" content=\"https:\/\/biblioteca.blanes.cat\/salajove\/wp-content\/uploads\/sites\/3\/2020\/01\/not\u00edcies.png\" \/>\n\t<meta property=\"og:image:width\" content=\"760\" \/>\n\t<meta property=\"og:image:height\" content=\"682\" \/>\n\t<meta property=\"og:image:type\" content=\"image\/png\" \/>\n<meta name=\"author\" content=\"biblioblanes\" \/>\n<meta name=\"twitter:card\" content=\"summary_large_image\" \/>\n<meta name=\"twitter:creator\" content=\"@biblioblanes\" \/>\n<meta name=\"twitter:site\" content=\"@BiblioBlanes\" \/>\n<meta name=\"twitter:label1\" content=\"Escrit per\" \/>\n\t<meta name=\"twitter:data1\" content=\"biblioblanes\" \/>\n\t<meta name=\"twitter:label2\" content=\"Temps estimat de lectura\" \/>\n\t<meta name=\"twitter:data2\" content=\"1 minut\" \/>\n<script type=\"application\/ld+json\" class=\"yoast-schema-graph\">{\"@context\":\"https:\\\/\\\/schema.org\",\"@graph\":[{\"@type\":\"Article\",\"@id\":\"https:\\\/\\\/biblioteca.blanes.cat\\\/salajove\\\/2020\\\/05\\\/08\\\/vuela-el-pez-la-col-leccio-de-classics-de-la-literatura-de-la-bcn-per-apropar-la-lectura-als-joves\\\/#article\",\"isPartOf\":{\"@id\":\"https:\\\/\\\/biblioteca.blanes.cat\\\/salajove\\\/2020\\\/05\\\/08\\\/vuela-el-pez-la-col-leccio-de-classics-de-la-literatura-de-la-bcn-per-apropar-la-lectura-als-joves\\\/\"},\"author\":{\"name\":\"biblioblanes\",\"@id\":\"https:\\\/\\\/biblioteca.blanes.cat\\\/salajove\\\/#\\\/schema\\\/person\\\/5a7b46760d9dd611d098bbf571a341dc\"},\"headline\":\"&#8220;Vuela el Pez&#8221;: La col.lecci\u00f3 de cl\u00e0ssics de la literatura de la BCN per apropar la lectura als joves; Julian Marquina\",\"datePublished\":\"2020-05-08T15:39:35+00:00\",\"dateModified\":\"2020-05-08T15:45:44+00:00\",\"mainEntityOfPage\":{\"@id\":\"https:\\\/\\\/biblioteca.blanes.cat\\\/salajove\\\/2020\\\/05\\\/08\\\/vuela-el-pez-la-col-leccio-de-classics-de-la-literatura-de-la-bcn-per-apropar-la-lectura-als-joves\\\/\"},\"wordCount\":140,\"commentCount\":2,\"publisher\":{\"@id\":\"https:\\\/\\\/biblioteca.blanes.cat\\\/salajove\\\/#organization\"},\"image\":{\"@id\":\"https:\\\/\\\/biblioteca.blanes.cat\\\/salajove\\\/2020\\\/05\\\/08\\\/vuela-el-pez-la-col-leccio-de-classics-de-la-literatura-de-la-bcn-per-apropar-la-lectura-als-joves\\\/#primaryimage\"},\"thumbnailUrl\":\"https:\\\/\\\/biblioteca.blanes.cat\\\/salajove\\\/wp-content\\\/uploads\\\/sites\\\/3\\\/2020\\\/01\\\/not\u00edcies.png\",\"keywords\":[\"#Activitats #Actualitat #Joves\",\"#Lectura\"],\"articleSection\":[\"Not\u00edcies\"],\"inLanguage\":\"ca\",\"potentialAction\":[{\"@type\":\"CommentAction\",\"name\":\"Comment\",\"target\":[\"https:\\\/\\\/biblioteca.blanes.cat\\\/salajove\\\/2020\\\/05\\\/08\\\/vuela-el-pez-la-col-leccio-de-classics-de-la-literatura-de-la-bcn-per-apropar-la-lectura-als-joves\\\/#respond\"]}]},{\"@type\":\"WebPage\",\"@id\":\"https:\\\/\\\/biblioteca.blanes.cat\\\/salajove\\\/2020\\\/05\\\/08\\\/vuela-el-pez-la-col-leccio-de-classics-de-la-literatura-de-la-bcn-per-apropar-la-lectura-als-joves\\\/\",\"url\":\"https:\\\/\\\/biblioteca.blanes.cat\\\/salajove\\\/2020\\\/05\\\/08\\\/vuela-el-pez-la-col-leccio-de-classics-de-la-literatura-de-la-bcn-per-apropar-la-lectura-als-joves\\\/\",\"name\":\"\\\"Vuela el Pez\\\": La col.lecci\u00f3 de cl\u00e0ssics de la literatura de la BCN per apropar la lectura als joves; Julian Marquina - Sala Jove\",\"isPartOf\":{\"@id\":\"https:\\\/\\\/biblioteca.blanes.cat\\\/salajove\\\/#website\"},\"primaryImageOfPage\":{\"@id\":\"https:\\\/\\\/biblioteca.blanes.cat\\\/salajove\\\/2020\\\/05\\\/08\\\/vuela-el-pez-la-col-leccio-de-classics-de-la-literatura-de-la-bcn-per-apropar-la-lectura-als-joves\\\/#primaryimage\"},\"image\":{\"@id\":\"https:\\\/\\\/biblioteca.blanes.cat\\\/salajove\\\/2020\\\/05\\\/08\\\/vuela-el-pez-la-col-leccio-de-classics-de-la-literatura-de-la-bcn-per-apropar-la-lectura-als-joves\\\/#primaryimage\"},\"thumbnailUrl\":\"https:\\\/\\\/biblioteca.blanes.cat\\\/salajove\\\/wp-content\\\/uploads\\\/sites\\\/3\\\/2020\\\/01\\\/not\u00edcies.png\",\"datePublished\":\"2020-05-08T15:39:35+00:00\",\"dateModified\":\"2020-05-08T15:45:44+00:00\",\"breadcrumb\":{\"@id\":\"https:\\\/\\\/biblioteca.blanes.cat\\\/salajove\\\/2020\\\/05\\\/08\\\/vuela-el-pez-la-col-leccio-de-classics-de-la-literatura-de-la-bcn-per-apropar-la-lectura-als-joves\\\/#breadcrumb\"},\"inLanguage\":\"ca\",\"potentialAction\":[{\"@type\":\"ReadAction\",\"target\":[\"https:\\\/\\\/biblioteca.blanes.cat\\\/salajove\\\/2020\\\/05\\\/08\\\/vuela-el-pez-la-col-leccio-de-classics-de-la-literatura-de-la-bcn-per-apropar-la-lectura-als-joves\\\/\"]}]},{\"@type\":\"ImageObject\",\"inLanguage\":\"ca\",\"@id\":\"https:\\\/\\\/biblioteca.blanes.cat\\\/salajove\\\/2020\\\/05\\\/08\\\/vuela-el-pez-la-col-leccio-de-classics-de-la-literatura-de-la-bcn-per-apropar-la-lectura-als-joves\\\/#primaryimage\",\"url\":\"https:\\\/\\\/biblioteca.blanes.cat\\\/salajove\\\/wp-content\\\/uploads\\\/sites\\\/3\\\/2020\\\/01\\\/not\u00edcies.png\",\"contentUrl\":\"https:\\\/\\\/biblioteca.blanes.cat\\\/salajove\\\/wp-content\\\/uploads\\\/sites\\\/3\\\/2020\\\/01\\\/not\u00edcies.png\",\"width\":760,\"height\":682},{\"@type\":\"BreadcrumbList\",\"@id\":\"https:\\\/\\\/biblioteca.blanes.cat\\\/salajove\\\/2020\\\/05\\\/08\\\/vuela-el-pez-la-col-leccio-de-classics-de-la-literatura-de-la-bcn-per-apropar-la-lectura-als-joves\\\/#breadcrumb\",\"itemListElement\":[{\"@type\":\"ListItem\",\"position\":1,\"name\":\"Inici\",\"item\":\"https:\\\/\\\/biblioteca.blanes.cat\\\/salajove\\\/\"},{\"@type\":\"ListItem\",\"position\":2,\"name\":\"&#8220;Vuela el Pez&#8221;: La col.lecci\u00f3 de cl\u00e0ssics de la literatura de la BCN per apropar la lectura als joves; Julian Marquina\"}]},{\"@type\":\"WebSite\",\"@id\":\"https:\\\/\\\/biblioteca.blanes.cat\\\/salajove\\\/#website\",\"url\":\"https:\\\/\\\/biblioteca.blanes.cat\\\/salajove\\\/\",\"name\":\"Sala Jove\",\"description\":\"Biblioteca Comarcal de Blanes\",\"publisher\":{\"@id\":\"https:\\\/\\\/biblioteca.blanes.cat\\\/salajove\\\/#organization\"},\"potentialAction\":[{\"@type\":\"SearchAction\",\"target\":{\"@type\":\"EntryPoint\",\"urlTemplate\":\"https:\\\/\\\/biblioteca.blanes.cat\\\/salajove\\\/?s={search_term_string}\"},\"query-input\":{\"@type\":\"PropertyValueSpecification\",\"valueRequired\":true,\"valueName\":\"search_term_string\"}}],\"inLanguage\":\"ca\"},{\"@type\":\"Organization\",\"@id\":\"https:\\\/\\\/biblioteca.blanes.cat\\\/salajove\\\/#organization\",\"name\":\"Biblioteca Comarcal de Blanes\",\"url\":\"https:\\\/\\\/biblioteca.blanes.cat\\\/salajove\\\/\",\"logo\":{\"@type\":\"ImageObject\",\"inLanguage\":\"ca\",\"@id\":\"https:\\\/\\\/biblioteca.blanes.cat\\\/salajove\\\/#\\\/schema\\\/logo\\\/image\\\/\",\"url\":\"https:\\\/\\\/biblioteca.blanes.cat\\\/salajove\\\/wp-content\\\/uploads\\\/sites\\\/3\\\/2017\\\/09\\\/cropped-Bib-blau-e1518869380535.png\",\"contentUrl\":\"https:\\\/\\\/biblioteca.blanes.cat\\\/salajove\\\/wp-content\\\/uploads\\\/sites\\\/3\\\/2017\\\/09\\\/cropped-Bib-blau-e1518869380535.png\",\"width\":166,\"height\":166,\"caption\":\"Biblioteca Comarcal de Blanes\"},\"image\":{\"@id\":\"https:\\\/\\\/biblioteca.blanes.cat\\\/salajove\\\/#\\\/schema\\\/logo\\\/image\\\/\"},\"sameAs\":[\"https:\\\/\\\/www.facebook.com\\\/BilbiotecaComarcaldeBlanes\\\/\",\"https:\\\/\\\/x.com\\\/BiblioBlanes\",\"https:\\\/\\\/www.instagram.com\\\/biblioblanes\\\/\",\"https:\\\/\\\/www.pinterest.es\\\/bblanes\\\/\",\"https:\\\/\\\/www.youtube.com\\\/c\\\/BibliotecaComarcalBlanes\"]},{\"@type\":\"Person\",\"@id\":\"https:\\\/\\\/biblioteca.blanes.cat\\\/salajove\\\/#\\\/schema\\\/person\\\/5a7b46760d9dd611d098bbf571a341dc\",\"name\":\"biblioblanes\",\"image\":{\"@type\":\"ImageObject\",\"inLanguage\":\"ca\",\"@id\":\"https:\\\/\\\/secure.gravatar.com\\\/avatar\\\/6593ca6cc90e5a70939f51c95e8315483b9c281bafba597292bee47992030f99?s=96&d=mm&r=g\",\"url\":\"https:\\\/\\\/secure.gravatar.com\\\/avatar\\\/6593ca6cc90e5a70939f51c95e8315483b9c281bafba597292bee47992030f99?s=96&d=mm&r=g\",\"contentUrl\":\"https:\\\/\\\/secure.gravatar.com\\\/avatar\\\/6593ca6cc90e5a70939f51c95e8315483b9c281bafba597292bee47992030f99?s=96&d=mm&r=g\",\"caption\":\"biblioblanes\"},\"sameAs\":[\"http:\\\/\\\/www.bibgirona.cat\\\/biblioteca\\\/blanes\",\"https:\\\/\\\/x.com\\\/biblioblanes\"],\"url\":\"https:\\\/\\\/biblioteca.blanes.cat\\\/salajove\\\/author\\\/biblioblanes\\\/\"}]}<\/script>\n<!-- \/ Yoast SEO plugin. -->","yoast_head_json":{"title":"\"Vuela el Pez\": La col.lecci\u00f3 de cl\u00e0ssics de la literatura de la BCN per apropar la lectura als joves; Julian Marquina - Sala Jove","robots":{"index":"index","follow":"follow","max-snippet":"max-snippet:-1","max-image-preview":"max-image-preview:large","max-video-preview":"max-video-preview:-1"},"canonical":"https:\/\/biblioteca.blanes.cat\/salajove\/2020\/05\/08\/vuela-el-pez-la-col-leccio-de-classics-de-la-literatura-de-la-bcn-per-apropar-la-lectura-als-joves\/","og_locale":"ca_ES","og_type":"article","og_title":"\"Vuela el Pez\": La col.lecci\u00f3 de cl\u00e0ssics de la literatura de la BCN per apropar la lectura als joves; Julian Marquina - Sala Jove","og_description":"Eiiii joves! Atenci\u00f3! La Biblioteca del Congr\u00e9s de la Naci\u00f3 (Argentina) posa a disposici\u00f3 de tot el m\u00f3n la seva Col.lecci\u00f3 de literatura juvenil \u201cVuela el Pez\u201d. On es reuneixen les obres fonamentals d\u2019autors llatinoamericans i universals per a nens","og_url":"https:\/\/biblioteca.blanes.cat\/salajove\/2020\/05\/08\/vuela-el-pez-la-col-leccio-de-classics-de-la-literatura-de-la-bcn-per-apropar-la-lectura-als-joves\/","og_site_name":"Sala Jove","article_publisher":"https:\/\/www.facebook.com\/BilbiotecaComarcaldeBlanes\/","article_published_time":"2020-05-08T15:39:35+00:00","article_modified_time":"2020-05-08T15:45:44+00:00","og_image":[{"width":760,"height":682,"url":"https:\/\/biblioteca.blanes.cat\/salajove\/wp-content\/uploads\/sites\/3\/2020\/01\/not\u00edcies.png","type":"image\/png"}],"author":"biblioblanes","twitter_card":"summary_large_image","twitter_creator":"@biblioblanes","twitter_site":"@BiblioBlanes","twitter_misc":{"Escrit per":"biblioblanes","Temps estimat de lectura":"1 minut"},"schema":{"@context":"https:\/\/schema.org","@graph":[{"@type":"Article","@id":"https:\/\/biblioteca.blanes.cat\/salajove\/2020\/05\/08\/vuela-el-pez-la-col-leccio-de-classics-de-la-literatura-de-la-bcn-per-apropar-la-lectura-als-joves\/#article","isPartOf":{"@id":"https:\/\/biblioteca.blanes.cat\/salajove\/2020\/05\/08\/vuela-el-pez-la-col-leccio-de-classics-de-la-literatura-de-la-bcn-per-apropar-la-lectura-als-joves\/"},"author":{"name":"biblioblanes","@id":"https:\/\/biblioteca.blanes.cat\/salajove\/#\/schema\/person\/5a7b46760d9dd611d098bbf571a341dc"},"headline":"&#8220;Vuela el Pez&#8221;: La col.lecci\u00f3 de cl\u00e0ssics de la literatura de la BCN per apropar la lectura als joves; Julian Marquina","datePublished":"2020-05-08T15:39:35+00:00","dateModified":"2020-05-08T15:45:44+00:00","mainEntityOfPage":{"@id":"https:\/\/biblioteca.blanes.cat\/salajove\/2020\/05\/08\/vuela-el-pez-la-col-leccio-de-classics-de-la-literatura-de-la-bcn-per-apropar-la-lectura-als-joves\/"},"wordCount":140,"commentCount":2,"publisher":{"@id":"https:\/\/biblioteca.blanes.cat\/salajove\/#organization"},"image":{"@id":"https:\/\/biblioteca.blanes.cat\/salajove\/2020\/05\/08\/vuela-el-pez-la-col-leccio-de-classics-de-la-literatura-de-la-bcn-per-apropar-la-lectura-als-joves\/#primaryimage"},"thumbnailUrl":"https:\/\/biblioteca.blanes.cat\/salajove\/wp-content\/uploads\/sites\/3\/2020\/01\/not\u00edcies.png","keywords":["#Activitats #Actualitat #Joves","#Lectura"],"articleSection":["Not\u00edcies"],"inLanguage":"ca","potentialAction":[{"@type":"CommentAction","name":"Comment","target":["https:\/\/biblioteca.blanes.cat\/salajove\/2020\/05\/08\/vuela-el-pez-la-col-leccio-de-classics-de-la-literatura-de-la-bcn-per-apropar-la-lectura-als-joves\/#respond"]}]},{"@type":"WebPage","@id":"https:\/\/biblioteca.blanes.cat\/salajove\/2020\/05\/08\/vuela-el-pez-la-col-leccio-de-classics-de-la-literatura-de-la-bcn-per-apropar-la-lectura-als-joves\/","url":"https:\/\/biblioteca.blanes.cat\/salajove\/2020\/05\/08\/vuela-el-pez-la-col-leccio-de-classics-de-la-literatura-de-la-bcn-per-apropar-la-lectura-als-joves\/","name":"\"Vuela el Pez\": La col.lecci\u00f3 de cl\u00e0ssics de la literatura de la BCN per apropar la lectura als joves; Julian Marquina - Sala Jove","isPartOf":{"@id":"https:\/\/biblioteca.blanes.cat\/salajove\/#website"},"primaryImageOfPage":{"@id":"https:\/\/biblioteca.blanes.cat\/salajove\/2020\/05\/08\/vuela-el-pez-la-col-leccio-de-classics-de-la-literatura-de-la-bcn-per-apropar-la-lectura-als-joves\/#primaryimage"},"image":{"@id":"https:\/\/biblioteca.blanes.cat\/salajove\/2020\/05\/08\/vuela-el-pez-la-col-leccio-de-classics-de-la-literatura-de-la-bcn-per-apropar-la-lectura-als-joves\/#primaryimage"},"thumbnailUrl":"https:\/\/biblioteca.blanes.cat\/salajove\/wp-content\/uploads\/sites\/3\/2020\/01\/not\u00edcies.png","datePublished":"2020-05-08T15:39:35+00:00","dateModified":"2020-05-08T15:45:44+00:00","breadcrumb":{"@id":"https:\/\/biblioteca.blanes.cat\/salajove\/2020\/05\/08\/vuela-el-pez-la-col-leccio-de-classics-de-la-literatura-de-la-bcn-per-apropar-la-lectura-als-joves\/#breadcrumb"},"inLanguage":"ca","potentialAction":[{"@type":"ReadAction","target":["https:\/\/biblioteca.blanes.cat\/salajove\/2020\/05\/08\/vuela-el-pez-la-col-leccio-de-classics-de-la-literatura-de-la-bcn-per-apropar-la-lectura-als-joves\/"]}]},{"@type":"ImageObject","inLanguage":"ca","@id":"https:\/\/biblioteca.blanes.cat\/salajove\/2020\/05\/08\/vuela-el-pez-la-col-leccio-de-classics-de-la-literatura-de-la-bcn-per-apropar-la-lectura-als-joves\/#primaryimage","url":"https:\/\/biblioteca.blanes.cat\/salajove\/wp-content\/uploads\/sites\/3\/2020\/01\/not\u00edcies.png","contentUrl":"https:\/\/biblioteca.blanes.cat\/salajove\/wp-content\/uploads\/sites\/3\/2020\/01\/not\u00edcies.png","width":760,"height":682},{"@type":"BreadcrumbList","@id":"https:\/\/biblioteca.blanes.cat\/salajove\/2020\/05\/08\/vuela-el-pez-la-col-leccio-de-classics-de-la-literatura-de-la-bcn-per-apropar-la-lectura-als-joves\/#breadcrumb","itemListElement":[{"@type":"ListItem","position":1,"name":"Inici","item":"https:\/\/biblioteca.blanes.cat\/salajove\/"},{"@type":"ListItem","position":2,"name":"&#8220;Vuela el Pez&#8221;: La col.lecci\u00f3 de cl\u00e0ssics de la literatura de la BCN per apropar la lectura als joves; Julian Marquina"}]},{"@type":"WebSite","@id":"https:\/\/biblioteca.blanes.cat\/salajove\/#website","url":"https:\/\/biblioteca.blanes.cat\/salajove\/","name":"Sala Jove","description":"Biblioteca Comarcal de Blanes","publisher":{"@id":"https:\/\/biblioteca.blanes.cat\/salajove\/#organization"},"potentialAction":[{"@type":"SearchAction","target":{"@type":"EntryPoint","urlTemplate":"https:\/\/biblioteca.blanes.cat\/salajove\/?s={search_term_string}"},"query-input":{"@type":"PropertyValueSpecification","valueRequired":true,"valueName":"search_term_string"}}],"inLanguage":"ca"},{"@type":"Organization","@id":"https:\/\/biblioteca.blanes.cat\/salajove\/#organization","name":"Biblioteca Comarcal de Blanes","url":"https:\/\/biblioteca.blanes.cat\/salajove\/","logo":{"@type":"ImageObject","inLanguage":"ca","@id":"https:\/\/biblioteca.blanes.cat\/salajove\/#\/schema\/logo\/image\/","url":"https:\/\/biblioteca.blanes.cat\/salajove\/wp-content\/uploads\/sites\/3\/2017\/09\/cropped-Bib-blau-e1518869380535.png","contentUrl":"https:\/\/biblioteca.blanes.cat\/salajove\/wp-content\/uploads\/sites\/3\/2017\/09\/cropped-Bib-blau-e1518869380535.png","width":166,"height":166,"caption":"Biblioteca Comarcal de Blanes"},"image":{"@id":"https:\/\/biblioteca.blanes.cat\/salajove\/#\/schema\/logo\/image\/"},"sameAs":["https:\/\/www.facebook.com\/BilbiotecaComarcaldeBlanes\/","https:\/\/x.com\/BiblioBlanes","https:\/\/www.instagram.com\/biblioblanes\/","https:\/\/www.pinterest.es\/bblanes\/","https:\/\/www.youtube.com\/c\/BibliotecaComarcalBlanes"]},{"@type":"Person","@id":"https:\/\/biblioteca.blanes.cat\/salajove\/#\/schema\/person\/5a7b46760d9dd611d098bbf571a341dc","name":"biblioblanes","image":{"@type":"ImageObject","inLanguage":"ca","@id":"https:\/\/secure.gravatar.com\/avatar\/6593ca6cc90e5a70939f51c95e8315483b9c281bafba597292bee47992030f99?s=96&d=mm&r=g","url":"https:\/\/secure.gravatar.com\/avatar\/6593ca6cc90e5a70939f51c95e8315483b9c281bafba597292bee47992030f99?s=96&d=mm&r=g","contentUrl":"https:\/\/secure.gravatar.com\/avatar\/6593ca6cc90e5a70939f51c95e8315483b9c281bafba597292bee47992030f99?s=96&d=mm&r=g","caption":"biblioblanes"},"sameAs":["http:\/\/www.bibgirona.cat\/biblioteca\/blanes","https:\/\/x.com\/biblioblanes"],"url":"https:\/\/biblioteca.blanes.cat\/salajove\/author\/biblioblanes\/"}]}},"_links":{"self":[{"href":"https:\/\/biblioteca.blanes.cat\/salajove\/wp-json\/wp\/v2\/posts\/4021","targetHints":{"allow":["GET"]}}],"collection":[{"href":"https:\/\/biblioteca.blanes.cat\/salajove\/wp-json\/wp\/v2\/posts"}],"about":[{"href":"https:\/\/biblioteca.blanes.cat\/salajove\/wp-json\/wp\/v2\/types\/post"}],"author":[{"embeddable":true,"href":"https:\/\/biblioteca.blanes.cat\/salajove\/wp-json\/wp\/v2\/users\/4"}],"replies":[{"embeddable":true,"href":"https:\/\/biblioteca.blanes.cat\/salajove\/wp-json\/wp\/v2\/comments?post=4021"}],"version-history":[{"count":2,"href":"https:\/\/biblioteca.blanes.cat\/salajove\/wp-json\/wp\/v2\/posts\/4021\/revisions"}],"predecessor-version":[{"id":4025,"href":"https:\/\/biblioteca.blanes.cat\/salajove\/wp-json\/wp\/v2\/posts\/4021\/revisions\/4025"}],"wp:featuredmedia":[{"embeddable":true,"href":"https:\/\/biblioteca.blanes.cat\/salajove\/wp-json\/wp\/v2\/media\/3520"}],"wp:attachment":[{"href":"https:\/\/biblioteca.blanes.cat\/salajove\/wp-json\/wp\/v2\/media?parent=4021"}],"wp:term":[{"taxonomy":"category","embeddable":true,"href":"https:\/\/biblioteca.blanes.cat\/salajove\/wp-json\/wp\/v2\/categories?post=4021"},{"taxonomy":"post_tag","embeddable":true,"href":"https:\/\/biblioteca.blanes.cat\/salajove\/wp-json\/wp\/v2\/tags?post=4021"}],"curies":[{"name":"wp","href":"https:\/\/api.w.org\/{rel}","templated":true}]}}