{"id":4009,"date":"2020-05-04T07:11:37","date_gmt":"2020-05-04T06:11:37","guid":{"rendered":"https:\/\/biblioteca.blanes.cat\/salajove\/?p=4009"},"modified":"2020-05-04T07:17:24","modified_gmt":"2020-05-04T06:17:24","slug":"clj-lectures-confinades-3","status":"publish","type":"post","link":"https:\/\/biblioteca.blanes.cat\/salajove\/2020\/05\/04\/clj-lectures-confinades-3\/","title":{"rendered":"CLJ: Lectures confinades 3"},"content":{"rendered":"\n<p style=\"text-align: center;\">Bon dia joves!<\/p>\n<p style=\"text-align: center;\">Com porteu aquests dies de tornada a la nova realitat?<br \/>Des del <strong>Club de Lectura Jove<\/strong> de la Biblioteca de Blanes, a la <strong>3a sessi\u00f3 de Lectures Confinades<\/strong> de dissabte, varem parlar d\u2019aquest i molts altres temes relacionats amb el confinament i amb la lectura.<\/p>\n<p>\u00a0<\/p>\n<p>Molts dels nostres joves estan participant en projectes com <strong>\u201cLlegir t\u00e9 premi\u201d<\/strong>, un concurs per a infants i joves per fomentar la lectura en l\u00ednea.<br \/>Des dels nostres clubs portem el control dels nostres participants i els animem a continuar llegint i responent els q\u00fcestionaris.<\/p>\n<p>\u00a0<\/p>\n<p>Aquesta setmana, al club, hem volgut comen\u00e7ar per repassar les redaccions que em van anar arribant dels joves sobre <strong>\u201cEl primer dia que vaig sortir al carrer despr\u00e8s del confinament\u201d<\/strong>. Tasca que els hav\u00edem recomanat des de l\u2019anterior sessi\u00f3 de dissabte passat.<\/p>\n<p>Aquests s\u00f3n alguns dels <strong>comentaris (an\u00f2nims)<\/strong> dels nostres joves:<\/p>\n<p><em>&#8211; Avui he sortit de casa per primera vegada en el confinament (encara que he llen\u00e7at les escombraries un parell de vegades). Abans de sortir, m\u2019he posat la mascareta i els guants. Avui he anat amb el meu pare (encara que anir\u00e9 interpel\u2022lant amb la meva mare) i hem donat una volta pel meu barri una horeta. Ha estat una mica estrany ja que no hi havia molta gent i estava tot en silenci. Per\u00f2 m\u2019ha anat b\u00e9 per desconnectar una mica i prendre el sol. Durant el passeig no m\u2019he tocat la cara per si de cas i quan he arribat a cara m\u2019he netejat b\u00e9 les mans.<\/em><\/p>\n<p><em>&#8211; T\u2019escric per comentar-te com ha estat la meva experi\u00e8ncia avui al sortir al carrer, al principi he sortit de casa i no he vist a molts nens i pensava que no havia sortit ning\u00fa per\u00f2 despr\u00e8s quan m\u2019he acostat al passeig he vist a molts nens que corrien per la platja contents amb els seus pares i aix\u00f2 m\u2019ha emocionat molt, tamb\u00e9 he vist gent que no respectaven les mesures de seguretat (aix\u00f2 ja m\u2019ho esperava) per\u00f2 en general m\u2019ha agradat veure els nens petits contents. Jo m\u2019he mullat una mica els peus a la platja i he pres una mica el sol perqu\u00e8 ho necessitava.<\/em><\/p>\n<p>Ens sembla una iniciativa molt interessant que els joves puguin expressar all\u00f2 que senten sempre, per\u00f2 sobretot en aquests moments tan dif\u00edcils molt m\u00e9s.<\/p>\n<p>\u00a0<\/p>\n<p>D\u2019altra banda, com acostumem a fer cada setmana, els nois\/es del club varen <strong>compartir les lectures<\/strong> que estan treballant des del institut i lliurement des de casa, varem resoldre alguns dubtes i ens varem recomanar aquelles que m\u00e9s els havia agradat.<\/p>\n<p><img fetchpriority=\"high\" decoding=\"async\" class=\"aligncenter wp-image-4010 size-large\" src=\"https:\/\/biblioteca.blanes.cat\/salajove\/wp-content\/uploads\/sites\/3\/2020\/05\/3a-lectures-cnfinades-2-1024x498.jpg\" alt=\"\" width=\"750\" height=\"365\" srcset=\"https:\/\/biblioteca.blanes.cat\/salajove\/wp-content\/uploads\/sites\/3\/2020\/05\/3a-lectures-cnfinades-2-1024x498.jpg 1024w, https:\/\/biblioteca.blanes.cat\/salajove\/wp-content\/uploads\/sites\/3\/2020\/05\/3a-lectures-cnfinades-2-300x146.jpg 300w, https:\/\/biblioteca.blanes.cat\/salajove\/wp-content\/uploads\/sites\/3\/2020\/05\/3a-lectures-cnfinades-2-768x373.jpg 768w, https:\/\/biblioteca.blanes.cat\/salajove\/wp-content\/uploads\/sites\/3\/2020\/05\/3a-lectures-cnfinades-2-1536x747.jpg 1536w, https:\/\/biblioteca.blanes.cat\/salajove\/wp-content\/uploads\/sites\/3\/2020\/05\/3a-lectures-cnfinades-2-2048x996.jpg 2048w\" sizes=\"(max-width: 750px) 100vw, 750px\" \/><\/p>\n<p><img decoding=\"async\" class=\"aligncenter wp-image-4012 size-large\" src=\"https:\/\/biblioteca.blanes.cat\/salajove\/wp-content\/uploads\/sites\/3\/2020\/05\/3a-lectures-cnfinades-1-1024x498.jpg\" alt=\"\" width=\"750\" height=\"365\" srcset=\"https:\/\/biblioteca.blanes.cat\/salajove\/wp-content\/uploads\/sites\/3\/2020\/05\/3a-lectures-cnfinades-1-1024x498.jpg 1024w, https:\/\/biblioteca.blanes.cat\/salajove\/wp-content\/uploads\/sites\/3\/2020\/05\/3a-lectures-cnfinades-1-300x146.jpg 300w, https:\/\/biblioteca.blanes.cat\/salajove\/wp-content\/uploads\/sites\/3\/2020\/05\/3a-lectures-cnfinades-1-768x373.jpg 768w, https:\/\/biblioteca.blanes.cat\/salajove\/wp-content\/uploads\/sites\/3\/2020\/05\/3a-lectures-cnfinades-1-1536x747.jpg 1536w, https:\/\/biblioteca.blanes.cat\/salajove\/wp-content\/uploads\/sites\/3\/2020\/05\/3a-lectures-cnfinades-1-2048x996.jpg 2048w\" sizes=\"(max-width: 750px) 100vw, 750px\" \/><\/p>\n<p style=\"text-align: left;\">Per si alg\u00fa no sabia que llegir aquests dies, els varem recomanar que fessin una ullada als recursos per a infants i joves de Juli\u00e1n Marquina\u00a0 \u00a0 \u00a0 \u00a0 \u00a0 \u00a0 \u00a0 \u00a0 \u00a0 \u00a0 \u00a0 \u00a0 \u00a0 \u00a0<strong>https:\/\/weeblebooks.com\/es\/cuentos-infantiles\/<\/strong><\/p>\n<p>Us\u00a0 animeu a participar al nostre club de lectura en l\u00ednea? Us podeu posar en contacte amb nosaltres a trav\u00e9s del correu electr\u00f2nic de la Biblioteca: biblioteca@blanes.cat<\/p>\n<p>\u00a0<\/p>\n<p style=\"text-align: center;\">La setmana vinent, <strong>dissabte dia 9 de maig a les 12h<\/strong>, parlarem sobre &#8220;Els racons preferits dels nostres joves abans i despr\u00e8s del confinament&#8221; i comentarem les lectures d&#8217;aquests dies!<\/p>\n<p style=\"text-align: center;\">Som-hi t&#8217;hi esperem!<\/p>\n","protected":false},"excerpt":{"rendered":"<p>Bon dia joves! Com porteu aquests dies de tornada a la nova realitat?Des del Club de Lectura Jove de la Biblioteca de Blanes, a la 3a sessi\u00f3 de Lectures Confinades de dissabte, varem parlar d\u2019aquest i molts altres temes relacionats<\/p>\n","protected":false},"author":4,"featured_media":2936,"comment_status":"open","ping_status":"open","sticky":false,"template":"","format":"standard","meta":{"sfsi_plus_gutenberg_text_before_share":"","sfsi_plus_gutenberg_show_text_before_share":"","sfsi_plus_gutenberg_icon_type":"","sfsi_plus_gutenberg_icon_alignemt":"","sfsi_plus_gutenburg_max_per_row":"","footnotes":""},"categories":[5,1],"tags":[97,26],"class_list":["post-4009","post","type-post","status-publish","format-standard","has-post-thumbnail","hentry","category-club-de-lectura","category-general","tag-activitats-actualitat-joves","tag-lectura"],"yoast_head":"<!-- This site is optimized with the Yoast SEO plugin v27.5 - https:\/\/yoast.com\/product\/yoast-seo-wordpress\/ -->\n<title>CLJ: Lectures confinades 3 - Sala Jove<\/title>\n<meta name=\"robots\" content=\"index, follow, max-snippet:-1, max-image-preview:large, max-video-preview:-1\" \/>\n<link rel=\"canonical\" href=\"https:\/\/biblioteca.blanes.cat\/salajove\/2020\/05\/04\/clj-lectures-confinades-3\/\" \/>\n<meta property=\"og:locale\" content=\"ca_ES\" \/>\n<meta property=\"og:type\" content=\"article\" \/>\n<meta property=\"og:title\" content=\"CLJ: Lectures confinades 3 - Sala Jove\" \/>\n<meta property=\"og:description\" content=\"Bon dia joves! Com porteu aquests dies de tornada a la nova realitat?Des del Club de Lectura Jove de la Biblioteca de Blanes, a la 3a sessi\u00f3 de Lectures Confinades de dissabte, varem parlar d\u2019aquest i molts altres temes relacionats\" \/>\n<meta property=\"og:url\" content=\"https:\/\/biblioteca.blanes.cat\/salajove\/2020\/05\/04\/clj-lectures-confinades-3\/\" \/>\n<meta property=\"og:site_name\" content=\"Sala Jove\" \/>\n<meta property=\"article:publisher\" content=\"https:\/\/www.facebook.com\/BilbiotecaComarcaldeBlanes\/\" \/>\n<meta property=\"article:published_time\" content=\"2020-05-04T06:11:37+00:00\" \/>\n<meta property=\"article:modified_time\" content=\"2020-05-04T06:17:24+00:00\" \/>\n<meta property=\"og:image\" content=\"https:\/\/biblioteca.blanes.cat\/salajove\/wp-content\/uploads\/sites\/3\/2019\/05\/CLJ_.png\" \/>\n\t<meta property=\"og:image:width\" content=\"3719\" \/>\n\t<meta property=\"og:image:height\" content=\"3719\" \/>\n\t<meta property=\"og:image:type\" content=\"image\/png\" \/>\n<meta name=\"author\" content=\"biblioblanes\" \/>\n<meta name=\"twitter:card\" content=\"summary_large_image\" \/>\n<meta name=\"twitter:creator\" content=\"@biblioblanes\" \/>\n<meta name=\"twitter:site\" content=\"@BiblioBlanes\" \/>\n<meta name=\"twitter:label1\" content=\"Escrit per\" \/>\n\t<meta name=\"twitter:data1\" content=\"biblioblanes\" \/>\n\t<meta name=\"twitter:label2\" content=\"Temps estimat de lectura\" \/>\n\t<meta name=\"twitter:data2\" content=\"3 minuts\" \/>\n<script type=\"application\/ld+json\" class=\"yoast-schema-graph\">{\"@context\":\"https:\\\/\\\/schema.org\",\"@graph\":[{\"@type\":\"Article\",\"@id\":\"https:\\\/\\\/biblioteca.blanes.cat\\\/salajove\\\/2020\\\/05\\\/04\\\/clj-lectures-confinades-3\\\/#article\",\"isPartOf\":{\"@id\":\"https:\\\/\\\/biblioteca.blanes.cat\\\/salajove\\\/2020\\\/05\\\/04\\\/clj-lectures-confinades-3\\\/\"},\"author\":{\"name\":\"biblioblanes\",\"@id\":\"https:\\\/\\\/biblioteca.blanes.cat\\\/salajove\\\/#\\\/schema\\\/person\\\/5a7b46760d9dd611d098bbf571a341dc\"},\"headline\":\"CLJ: Lectures confinades 3\",\"datePublished\":\"2020-05-04T06:11:37+00:00\",\"dateModified\":\"2020-05-04T06:17:24+00:00\",\"mainEntityOfPage\":{\"@id\":\"https:\\\/\\\/biblioteca.blanes.cat\\\/salajove\\\/2020\\\/05\\\/04\\\/clj-lectures-confinades-3\\\/\"},\"wordCount\":555,\"commentCount\":0,\"publisher\":{\"@id\":\"https:\\\/\\\/biblioteca.blanes.cat\\\/salajove\\\/#organization\"},\"image\":{\"@id\":\"https:\\\/\\\/biblioteca.blanes.cat\\\/salajove\\\/2020\\\/05\\\/04\\\/clj-lectures-confinades-3\\\/#primaryimage\"},\"thumbnailUrl\":\"https:\\\/\\\/biblioteca.blanes.cat\\\/salajove\\\/wp-content\\\/uploads\\\/sites\\\/3\\\/2019\\\/05\\\/CLJ_.png\",\"keywords\":[\"#Activitats #Actualitat #Joves\",\"#Lectura\"],\"articleSection\":[\"Club de Lectura\",\"Not\u00edcies\"],\"inLanguage\":\"ca\",\"potentialAction\":[{\"@type\":\"CommentAction\",\"name\":\"Comment\",\"target\":[\"https:\\\/\\\/biblioteca.blanes.cat\\\/salajove\\\/2020\\\/05\\\/04\\\/clj-lectures-confinades-3\\\/#respond\"]}]},{\"@type\":\"WebPage\",\"@id\":\"https:\\\/\\\/biblioteca.blanes.cat\\\/salajove\\\/2020\\\/05\\\/04\\\/clj-lectures-confinades-3\\\/\",\"url\":\"https:\\\/\\\/biblioteca.blanes.cat\\\/salajove\\\/2020\\\/05\\\/04\\\/clj-lectures-confinades-3\\\/\",\"name\":\"CLJ: Lectures confinades 3 - Sala Jove\",\"isPartOf\":{\"@id\":\"https:\\\/\\\/biblioteca.blanes.cat\\\/salajove\\\/#website\"},\"primaryImageOfPage\":{\"@id\":\"https:\\\/\\\/biblioteca.blanes.cat\\\/salajove\\\/2020\\\/05\\\/04\\\/clj-lectures-confinades-3\\\/#primaryimage\"},\"image\":{\"@id\":\"https:\\\/\\\/biblioteca.blanes.cat\\\/salajove\\\/2020\\\/05\\\/04\\\/clj-lectures-confinades-3\\\/#primaryimage\"},\"thumbnailUrl\":\"https:\\\/\\\/biblioteca.blanes.cat\\\/salajove\\\/wp-content\\\/uploads\\\/sites\\\/3\\\/2019\\\/05\\\/CLJ_.png\",\"datePublished\":\"2020-05-04T06:11:37+00:00\",\"dateModified\":\"2020-05-04T06:17:24+00:00\",\"breadcrumb\":{\"@id\":\"https:\\\/\\\/biblioteca.blanes.cat\\\/salajove\\\/2020\\\/05\\\/04\\\/clj-lectures-confinades-3\\\/#breadcrumb\"},\"inLanguage\":\"ca\",\"potentialAction\":[{\"@type\":\"ReadAction\",\"target\":[\"https:\\\/\\\/biblioteca.blanes.cat\\\/salajove\\\/2020\\\/05\\\/04\\\/clj-lectures-confinades-3\\\/\"]}]},{\"@type\":\"ImageObject\",\"inLanguage\":\"ca\",\"@id\":\"https:\\\/\\\/biblioteca.blanes.cat\\\/salajove\\\/2020\\\/05\\\/04\\\/clj-lectures-confinades-3\\\/#primaryimage\",\"url\":\"https:\\\/\\\/biblioteca.blanes.cat\\\/salajove\\\/wp-content\\\/uploads\\\/sites\\\/3\\\/2019\\\/05\\\/CLJ_.png\",\"contentUrl\":\"https:\\\/\\\/biblioteca.blanes.cat\\\/salajove\\\/wp-content\\\/uploads\\\/sites\\\/3\\\/2019\\\/05\\\/CLJ_.png\",\"width\":3719,\"height\":3719},{\"@type\":\"BreadcrumbList\",\"@id\":\"https:\\\/\\\/biblioteca.blanes.cat\\\/salajove\\\/2020\\\/05\\\/04\\\/clj-lectures-confinades-3\\\/#breadcrumb\",\"itemListElement\":[{\"@type\":\"ListItem\",\"position\":1,\"name\":\"Inici\",\"item\":\"https:\\\/\\\/biblioteca.blanes.cat\\\/salajove\\\/\"},{\"@type\":\"ListItem\",\"position\":2,\"name\":\"CLJ: Lectures confinades 3\"}]},{\"@type\":\"WebSite\",\"@id\":\"https:\\\/\\\/biblioteca.blanes.cat\\\/salajove\\\/#website\",\"url\":\"https:\\\/\\\/biblioteca.blanes.cat\\\/salajove\\\/\",\"name\":\"Sala Jove\",\"description\":\"Biblioteca Comarcal de Blanes\",\"publisher\":{\"@id\":\"https:\\\/\\\/biblioteca.blanes.cat\\\/salajove\\\/#organization\"},\"potentialAction\":[{\"@type\":\"SearchAction\",\"target\":{\"@type\":\"EntryPoint\",\"urlTemplate\":\"https:\\\/\\\/biblioteca.blanes.cat\\\/salajove\\\/?s={search_term_string}\"},\"query-input\":{\"@type\":\"PropertyValueSpecification\",\"valueRequired\":true,\"valueName\":\"search_term_string\"}}],\"inLanguage\":\"ca\"},{\"@type\":\"Organization\",\"@id\":\"https:\\\/\\\/biblioteca.blanes.cat\\\/salajove\\\/#organization\",\"name\":\"Biblioteca Comarcal de Blanes\",\"url\":\"https:\\\/\\\/biblioteca.blanes.cat\\\/salajove\\\/\",\"logo\":{\"@type\":\"ImageObject\",\"inLanguage\":\"ca\",\"@id\":\"https:\\\/\\\/biblioteca.blanes.cat\\\/salajove\\\/#\\\/schema\\\/logo\\\/image\\\/\",\"url\":\"https:\\\/\\\/biblioteca.blanes.cat\\\/salajove\\\/wp-content\\\/uploads\\\/sites\\\/3\\\/2017\\\/09\\\/cropped-Bib-blau-e1518869380535.png\",\"contentUrl\":\"https:\\\/\\\/biblioteca.blanes.cat\\\/salajove\\\/wp-content\\\/uploads\\\/sites\\\/3\\\/2017\\\/09\\\/cropped-Bib-blau-e1518869380535.png\",\"width\":166,\"height\":166,\"caption\":\"Biblioteca Comarcal de Blanes\"},\"image\":{\"@id\":\"https:\\\/\\\/biblioteca.blanes.cat\\\/salajove\\\/#\\\/schema\\\/logo\\\/image\\\/\"},\"sameAs\":[\"https:\\\/\\\/www.facebook.com\\\/BilbiotecaComarcaldeBlanes\\\/\",\"https:\\\/\\\/x.com\\\/BiblioBlanes\",\"https:\\\/\\\/www.instagram.com\\\/biblioblanes\\\/\",\"https:\\\/\\\/www.pinterest.es\\\/bblanes\\\/\",\"https:\\\/\\\/www.youtube.com\\\/c\\\/BibliotecaComarcalBlanes\"]},{\"@type\":\"Person\",\"@id\":\"https:\\\/\\\/biblioteca.blanes.cat\\\/salajove\\\/#\\\/schema\\\/person\\\/5a7b46760d9dd611d098bbf571a341dc\",\"name\":\"biblioblanes\",\"image\":{\"@type\":\"ImageObject\",\"inLanguage\":\"ca\",\"@id\":\"https:\\\/\\\/secure.gravatar.com\\\/avatar\\\/6593ca6cc90e5a70939f51c95e8315483b9c281bafba597292bee47992030f99?s=96&d=mm&r=g\",\"url\":\"https:\\\/\\\/secure.gravatar.com\\\/avatar\\\/6593ca6cc90e5a70939f51c95e8315483b9c281bafba597292bee47992030f99?s=96&d=mm&r=g\",\"contentUrl\":\"https:\\\/\\\/secure.gravatar.com\\\/avatar\\\/6593ca6cc90e5a70939f51c95e8315483b9c281bafba597292bee47992030f99?s=96&d=mm&r=g\",\"caption\":\"biblioblanes\"},\"sameAs\":[\"http:\\\/\\\/www.bibgirona.cat\\\/biblioteca\\\/blanes\",\"https:\\\/\\\/x.com\\\/biblioblanes\"],\"url\":\"https:\\\/\\\/biblioteca.blanes.cat\\\/salajove\\\/author\\\/biblioblanes\\\/\"}]}<\/script>\n<!-- \/ Yoast SEO plugin. -->","yoast_head_json":{"title":"CLJ: Lectures confinades 3 - Sala Jove","robots":{"index":"index","follow":"follow","max-snippet":"max-snippet:-1","max-image-preview":"max-image-preview:large","max-video-preview":"max-video-preview:-1"},"canonical":"https:\/\/biblioteca.blanes.cat\/salajove\/2020\/05\/04\/clj-lectures-confinades-3\/","og_locale":"ca_ES","og_type":"article","og_title":"CLJ: Lectures confinades 3 - Sala Jove","og_description":"Bon dia joves! Com porteu aquests dies de tornada a la nova realitat?Des del Club de Lectura Jove de la Biblioteca de Blanes, a la 3a sessi\u00f3 de Lectures Confinades de dissabte, varem parlar d\u2019aquest i molts altres temes relacionats","og_url":"https:\/\/biblioteca.blanes.cat\/salajove\/2020\/05\/04\/clj-lectures-confinades-3\/","og_site_name":"Sala Jove","article_publisher":"https:\/\/www.facebook.com\/BilbiotecaComarcaldeBlanes\/","article_published_time":"2020-05-04T06:11:37+00:00","article_modified_time":"2020-05-04T06:17:24+00:00","og_image":[{"width":3719,"height":3719,"url":"https:\/\/biblioteca.blanes.cat\/salajove\/wp-content\/uploads\/sites\/3\/2019\/05\/CLJ_.png","type":"image\/png"}],"author":"biblioblanes","twitter_card":"summary_large_image","twitter_creator":"@biblioblanes","twitter_site":"@BiblioBlanes","twitter_misc":{"Escrit per":"biblioblanes","Temps estimat de lectura":"3 minuts"},"schema":{"@context":"https:\/\/schema.org","@graph":[{"@type":"Article","@id":"https:\/\/biblioteca.blanes.cat\/salajove\/2020\/05\/04\/clj-lectures-confinades-3\/#article","isPartOf":{"@id":"https:\/\/biblioteca.blanes.cat\/salajove\/2020\/05\/04\/clj-lectures-confinades-3\/"},"author":{"name":"biblioblanes","@id":"https:\/\/biblioteca.blanes.cat\/salajove\/#\/schema\/person\/5a7b46760d9dd611d098bbf571a341dc"},"headline":"CLJ: Lectures confinades 3","datePublished":"2020-05-04T06:11:37+00:00","dateModified":"2020-05-04T06:17:24+00:00","mainEntityOfPage":{"@id":"https:\/\/biblioteca.blanes.cat\/salajove\/2020\/05\/04\/clj-lectures-confinades-3\/"},"wordCount":555,"commentCount":0,"publisher":{"@id":"https:\/\/biblioteca.blanes.cat\/salajove\/#organization"},"image":{"@id":"https:\/\/biblioteca.blanes.cat\/salajove\/2020\/05\/04\/clj-lectures-confinades-3\/#primaryimage"},"thumbnailUrl":"https:\/\/biblioteca.blanes.cat\/salajove\/wp-content\/uploads\/sites\/3\/2019\/05\/CLJ_.png","keywords":["#Activitats #Actualitat #Joves","#Lectura"],"articleSection":["Club de Lectura","Not\u00edcies"],"inLanguage":"ca","potentialAction":[{"@type":"CommentAction","name":"Comment","target":["https:\/\/biblioteca.blanes.cat\/salajove\/2020\/05\/04\/clj-lectures-confinades-3\/#respond"]}]},{"@type":"WebPage","@id":"https:\/\/biblioteca.blanes.cat\/salajove\/2020\/05\/04\/clj-lectures-confinades-3\/","url":"https:\/\/biblioteca.blanes.cat\/salajove\/2020\/05\/04\/clj-lectures-confinades-3\/","name":"CLJ: Lectures confinades 3 - Sala Jove","isPartOf":{"@id":"https:\/\/biblioteca.blanes.cat\/salajove\/#website"},"primaryImageOfPage":{"@id":"https:\/\/biblioteca.blanes.cat\/salajove\/2020\/05\/04\/clj-lectures-confinades-3\/#primaryimage"},"image":{"@id":"https:\/\/biblioteca.blanes.cat\/salajove\/2020\/05\/04\/clj-lectures-confinades-3\/#primaryimage"},"thumbnailUrl":"https:\/\/biblioteca.blanes.cat\/salajove\/wp-content\/uploads\/sites\/3\/2019\/05\/CLJ_.png","datePublished":"2020-05-04T06:11:37+00:00","dateModified":"2020-05-04T06:17:24+00:00","breadcrumb":{"@id":"https:\/\/biblioteca.blanes.cat\/salajove\/2020\/05\/04\/clj-lectures-confinades-3\/#breadcrumb"},"inLanguage":"ca","potentialAction":[{"@type":"ReadAction","target":["https:\/\/biblioteca.blanes.cat\/salajove\/2020\/05\/04\/clj-lectures-confinades-3\/"]}]},{"@type":"ImageObject","inLanguage":"ca","@id":"https:\/\/biblioteca.blanes.cat\/salajove\/2020\/05\/04\/clj-lectures-confinades-3\/#primaryimage","url":"https:\/\/biblioteca.blanes.cat\/salajove\/wp-content\/uploads\/sites\/3\/2019\/05\/CLJ_.png","contentUrl":"https:\/\/biblioteca.blanes.cat\/salajove\/wp-content\/uploads\/sites\/3\/2019\/05\/CLJ_.png","width":3719,"height":3719},{"@type":"BreadcrumbList","@id":"https:\/\/biblioteca.blanes.cat\/salajove\/2020\/05\/04\/clj-lectures-confinades-3\/#breadcrumb","itemListElement":[{"@type":"ListItem","position":1,"name":"Inici","item":"https:\/\/biblioteca.blanes.cat\/salajove\/"},{"@type":"ListItem","position":2,"name":"CLJ: Lectures confinades 3"}]},{"@type":"WebSite","@id":"https:\/\/biblioteca.blanes.cat\/salajove\/#website","url":"https:\/\/biblioteca.blanes.cat\/salajove\/","name":"Sala Jove","description":"Biblioteca Comarcal de Blanes","publisher":{"@id":"https:\/\/biblioteca.blanes.cat\/salajove\/#organization"},"potentialAction":[{"@type":"SearchAction","target":{"@type":"EntryPoint","urlTemplate":"https:\/\/biblioteca.blanes.cat\/salajove\/?s={search_term_string}"},"query-input":{"@type":"PropertyValueSpecification","valueRequired":true,"valueName":"search_term_string"}}],"inLanguage":"ca"},{"@type":"Organization","@id":"https:\/\/biblioteca.blanes.cat\/salajove\/#organization","name":"Biblioteca Comarcal de Blanes","url":"https:\/\/biblioteca.blanes.cat\/salajove\/","logo":{"@type":"ImageObject","inLanguage":"ca","@id":"https:\/\/biblioteca.blanes.cat\/salajove\/#\/schema\/logo\/image\/","url":"https:\/\/biblioteca.blanes.cat\/salajove\/wp-content\/uploads\/sites\/3\/2017\/09\/cropped-Bib-blau-e1518869380535.png","contentUrl":"https:\/\/biblioteca.blanes.cat\/salajove\/wp-content\/uploads\/sites\/3\/2017\/09\/cropped-Bib-blau-e1518869380535.png","width":166,"height":166,"caption":"Biblioteca Comarcal de Blanes"},"image":{"@id":"https:\/\/biblioteca.blanes.cat\/salajove\/#\/schema\/logo\/image\/"},"sameAs":["https:\/\/www.facebook.com\/BilbiotecaComarcaldeBlanes\/","https:\/\/x.com\/BiblioBlanes","https:\/\/www.instagram.com\/biblioblanes\/","https:\/\/www.pinterest.es\/bblanes\/","https:\/\/www.youtube.com\/c\/BibliotecaComarcalBlanes"]},{"@type":"Person","@id":"https:\/\/biblioteca.blanes.cat\/salajove\/#\/schema\/person\/5a7b46760d9dd611d098bbf571a341dc","name":"biblioblanes","image":{"@type":"ImageObject","inLanguage":"ca","@id":"https:\/\/secure.gravatar.com\/avatar\/6593ca6cc90e5a70939f51c95e8315483b9c281bafba597292bee47992030f99?s=96&d=mm&r=g","url":"https:\/\/secure.gravatar.com\/avatar\/6593ca6cc90e5a70939f51c95e8315483b9c281bafba597292bee47992030f99?s=96&d=mm&r=g","contentUrl":"https:\/\/secure.gravatar.com\/avatar\/6593ca6cc90e5a70939f51c95e8315483b9c281bafba597292bee47992030f99?s=96&d=mm&r=g","caption":"biblioblanes"},"sameAs":["http:\/\/www.bibgirona.cat\/biblioteca\/blanes","https:\/\/x.com\/biblioblanes"],"url":"https:\/\/biblioteca.blanes.cat\/salajove\/author\/biblioblanes\/"}]}},"_links":{"self":[{"href":"https:\/\/biblioteca.blanes.cat\/salajove\/wp-json\/wp\/v2\/posts\/4009","targetHints":{"allow":["GET"]}}],"collection":[{"href":"https:\/\/biblioteca.blanes.cat\/salajove\/wp-json\/wp\/v2\/posts"}],"about":[{"href":"https:\/\/biblioteca.blanes.cat\/salajove\/wp-json\/wp\/v2\/types\/post"}],"author":[{"embeddable":true,"href":"https:\/\/biblioteca.blanes.cat\/salajove\/wp-json\/wp\/v2\/users\/4"}],"replies":[{"embeddable":true,"href":"https:\/\/biblioteca.blanes.cat\/salajove\/wp-json\/wp\/v2\/comments?post=4009"}],"version-history":[{"count":3,"href":"https:\/\/biblioteca.blanes.cat\/salajove\/wp-json\/wp\/v2\/posts\/4009\/revisions"}],"predecessor-version":[{"id":4027,"href":"https:\/\/biblioteca.blanes.cat\/salajove\/wp-json\/wp\/v2\/posts\/4009\/revisions\/4027"}],"wp:featuredmedia":[{"embeddable":true,"href":"https:\/\/biblioteca.blanes.cat\/salajove\/wp-json\/wp\/v2\/media\/2936"}],"wp:attachment":[{"href":"https:\/\/biblioteca.blanes.cat\/salajove\/wp-json\/wp\/v2\/media?parent=4009"}],"wp:term":[{"taxonomy":"category","embeddable":true,"href":"https:\/\/biblioteca.blanes.cat\/salajove\/wp-json\/wp\/v2\/categories?post=4009"},{"taxonomy":"post_tag","embeddable":true,"href":"https:\/\/biblioteca.blanes.cat\/salajove\/wp-json\/wp\/v2\/tags?post=4009"}],"curies":[{"name":"wp","href":"https:\/\/api.w.org\/{rel}","templated":true}]}}