{"id":3995,"date":"2020-05-03T09:14:37","date_gmt":"2020-05-03T08:14:37","guid":{"rendered":"https:\/\/biblioteca.blanes.cat\/salajove\/?p=3995"},"modified":"2020-05-03T09:14:40","modified_gmt":"2020-05-03T08:14:40","slug":"et-recomanem-maig-lectures-juvenils-a-lebiblio","status":"publish","type":"post","link":"https:\/\/biblioteca.blanes.cat\/salajove\/2020\/05\/03\/et-recomanem-maig-lectures-juvenils-a-lebiblio\/","title":{"rendered":"Et recomanem maig: Lectures Juvenils a l&#8217;EBiblio"},"content":{"rendered":"\n<p style=\"text-align: center;\">Eiii joves!<\/p>\n<p style=\"text-align: center;\">Nosaltres treballem des de casa i tu? No et quedis sense lectures!<\/p>\n<p style=\"text-align: center;\">Des de la Biblioteca Comarca de Blanes us volem recomanar algunes lectures per a aquest mes de maig.<\/p>\n<p style=\"text-align: center;\">Les trobareu a la plataforma <strong>EBiblio<\/strong>:<\/p>\n<p style=\"text-align: center;\"><strong><a href=\"https:\/\/catalunya.ebiblio.es\">https:\/\/catalunya.ebiblio.es<\/a><\/strong><\/p>\n<p style=\"text-align: center;\">Recordeu que \u00e9s molt senzill, nom\u00e8s heu de tenir el carnet de la biblioteca i estar registrats al cat\u00e0leg Argus<\/p>\n<p style=\"text-align: center;\">I si no tens el carnet no passa res! Et pots fer un eventual per a aquests dies!\u00a0<\/p>\n<p style=\"text-align: center;\">Som-hi a que esperes? Milers de lectures, pel.l\u00edcules, revistes&#8230; t&#8217;estan esperant!<\/p>\n<p>\u00a0<\/p>\n<p><img fetchpriority=\"high\" decoding=\"async\" class=\"aligncenter wp-image-3997 size-medium\" src=\"https:\/\/biblioteca.blanes.cat\/salajove\/wp-content\/uploads\/sites\/3\/2020\/05\/birthday-195x300.jpg\" alt=\"\" width=\"195\" height=\"300\" srcset=\"https:\/\/biblioteca.blanes.cat\/salajove\/wp-content\/uploads\/sites\/3\/2020\/05\/birthday-195x300.jpg 195w, https:\/\/biblioteca.blanes.cat\/salajove\/wp-content\/uploads\/sites\/3\/2020\/05\/birthday.jpg 198w\" sizes=\"(max-width: 195px) 100vw, 195px\" \/><\/p>\n<p style=\"text-align: left;\">Morgan i jo vam n\u00e8ixer el mateix dia, a la mateixa hora, en el mateix lloc. Recordo el moment en el qual vam decidir ser amics per tota la vida. Hem estat all\u00e0, un per l&#8217;altre: Quan va morir la seva mare, quan va anar a viure a l&#8217;altre costat de la ciutat, quan vaig entrar a l&#8217;equip de f\u00fatbol americ\u00e0, quan els meus pares van comen\u00e7ar a barallar-se&#8230; De vegades hem precupa que no existeixi per sempre, que en un minut tot s&#8217;evapori.\u00a0<\/p>\n<p>\u00a0<\/p>\n<p><img decoding=\"async\" class=\"aligncenter wp-image-3998 size-medium\" src=\"https:\/\/biblioteca.blanes.cat\/salajove\/wp-content\/uploads\/sites\/3\/2020\/05\/irlanda-sin-ti-187x300.jpg\" alt=\"\" width=\"187\" height=\"300\" srcset=\"https:\/\/biblioteca.blanes.cat\/salajove\/wp-content\/uploads\/sites\/3\/2020\/05\/irlanda-sin-ti-187x300.jpg 187w, https:\/\/biblioteca.blanes.cat\/salajove\/wp-content\/uploads\/sites\/3\/2020\/05\/irlanda-sin-ti.jpg 189w\" sizes=\"(max-width: 187px) 100vw, 187px\" \/><\/p>\n<p>Una historia d&#8217;amistat entre dos joves d&#8217;origen molt diferent i personalitats aparentement oposades. Dos estudiants que es troben, sense buscar-ho, en el marc d&#8217; una Irlanda en la qual qualsvol llegenda podria tornar a la vida. Una novel.la d&#8217;intriga. I moltes decisions que et marquen la vida.<\/p>\n<p>\u00a0<\/p>\n<p><img decoding=\"async\" class=\"aligncenter wp-image-3999 size-medium\" src=\"https:\/\/biblioteca.blanes.cat\/salajove\/wp-content\/uploads\/sites\/3\/2020\/05\/inbox-183x300.jpg\" alt=\"\" width=\"183\" height=\"300\" srcset=\"https:\/\/biblioteca.blanes.cat\/salajove\/wp-content\/uploads\/sites\/3\/2020\/05\/inbox-183x300.jpg 183w, https:\/\/biblioteca.blanes.cat\/salajove\/wp-content\/uploads\/sites\/3\/2020\/05\/inbox.jpg 185w\" sizes=\"(max-width: 183px) 100vw, 183px\" \/><\/p>\n<p style=\"text-align: left;\">Soc l&#8217;Ale\u0300xia, tinc setze anys, vull ser escriptora i soc la seva me\u0301s gran admiradora del planeta Terra. Els seus llibres m&#8217;han canviat totalment la vida, o m&#8217;han canviat a mi, o ho han canviat tot. Sense les seves obres jo seria una altra persona, me\u0301s avorrida, me\u0301s simple, o podria ser que no fos res en absolut. E\u0301s a dir, voste\u0300 ha estat per a mi una persona realment ,pero\u0300 realment, influent (o alguna cosa aixi\u0301). Segur que li han dit el mateix moltes vegades, pero\u0300 la meva histo\u0300ria no e\u0301s com les altres histo\u0300ries\u00bb. Amb aquest missatge de correu electro\u0300nic, adrec\u0327at a l&#8217;enigma\u0300tic escriptor Benedict Woodward, comenc\u0327a la relacio\u0301 entre aquests dos personatges. I com diu la mateixa Ale\u0300xia: \u00abNo e\u0301s una histo\u0300ria com les altres, perque\u0300 res e\u0301s el que sembla\u00bb.<\/p>\n<p>\u00a0<\/p>\n<p><img loading=\"lazy\" decoding=\"async\" class=\"aligncenter wp-image-4000 size-full\" src=\"https:\/\/biblioteca.blanes.cat\/salajove\/wp-content\/uploads\/sites\/3\/2020\/05\/enderrock.jpg\" alt=\"\" width=\"215\" height=\"273\" \/><\/p>\n<p style=\"text-align: left;\">Revista musical de refer\u00e8ncia de l&#8217;escena catalana. Actualitat del pop i rock, discos, concerts, monogr\u00e0fics&#8230;<\/p>\n<p>\u00a0<\/p>\n<p><img loading=\"lazy\" decoding=\"async\" class=\"aligncenter wp-image-4001 size-medium\" src=\"https:\/\/biblioteca.blanes.cat\/salajove\/wp-content\/uploads\/sites\/3\/2020\/05\/xarxa-193x300.jpg\" alt=\"\" width=\"193\" height=\"300\" srcset=\"https:\/\/biblioteca.blanes.cat\/salajove\/wp-content\/uploads\/sites\/3\/2020\/05\/xarxa-193x300.jpg 193w, https:\/\/biblioteca.blanes.cat\/salajove\/wp-content\/uploads\/sites\/3\/2020\/05\/xarxa.jpg 205w\" sizes=\"(max-width: 193px) 100vw, 193px\" \/><\/p>\n<p>Des que els seus pares van morir, la Noa ha estat v\u00edctima del sistema i no confi a en ning\u00fa. Utilitza les seves habilitats de hacker per romandre en l\u2019anonimat i estar sola. Per\u00f2 un dia, quan de sobte es desperta en una taula en un magatzem amb una via intravenosa al bra\u00e7 i no recorda com ha arribat all\u00e0, la Noa comen\u00e7a a desitjar per primera vegada tenir alg\u00fa al seu costat.<\/p>\n<p>\u00a0<\/p>\n<p><img loading=\"lazy\" decoding=\"async\" class=\"aligncenter wp-image-4002 size-medium\" src=\"https:\/\/biblioteca.blanes.cat\/salajove\/wp-content\/uploads\/sites\/3\/2020\/05\/ultima-carta-198x300.jpg\" alt=\"\" width=\"198\" height=\"300\" srcset=\"https:\/\/biblioteca.blanes.cat\/salajove\/wp-content\/uploads\/sites\/3\/2020\/05\/ultima-carta-198x300.jpg 198w, https:\/\/biblioteca.blanes.cat\/salajove\/wp-content\/uploads\/sites\/3\/2020\/05\/ultima-carta.jpg 201w\" sizes=\"(max-width: 198px) 100vw, 198px\" \/><\/p>\n<p>Han passat set anys des que el marit de la Holly Kennedy va morir, sis des que ella en va llegir l\u2019\u00faltima carta, la que l\u2019animava a trobar el coratge per refer la seva vida. La Holly est\u00e0 orgullosa de com ha madurat i evolucionat des de llavors, per\u00f2 un dia un grup que es fa dir el Club de Postdata: T\u2019estimo es posa en contacte amb ella. S\u2019han inspirat en les cartes que en Gerry va deixar-li i ara li demanen que els ajudi a fer el mateix amb els seus \u00e9ssers estimats. Cada un dels membres del club \u00e9s un malalt terminal que abans de morir vol deixar alguna cosa important i significativa per als seus familiars. La Holly, d\u2019entrada, se sent xuclada cap a un lloc del seu cor molt dolor\u00f3s que pensava que havia deixat enrere i es resisteix a formar-ne part.<\/p>\n<p>\u00a0<\/p>\n","protected":false},"excerpt":{"rendered":"<p>Eiii joves! Nosaltres treballem des de casa i tu? No et quedis sense lectures! Des de la Biblioteca Comarca de Blanes us volem recomanar algunes lectures per a aquest mes de maig. Les trobareu a la plataforma EBiblio: https:\/\/catalunya.ebiblio.es Recordeu<\/p>\n","protected":false},"author":4,"featured_media":3814,"comment_status":"open","ping_status":"open","sticky":false,"template":"","format":"standard","meta":{"sfsi_plus_gutenberg_text_before_share":"","sfsi_plus_gutenberg_show_text_before_share":"","sfsi_plus_gutenberg_icon_type":"","sfsi_plus_gutenberg_icon_alignemt":"","sfsi_plus_gutenburg_max_per_row":"","footnotes":""},"categories":[1],"tags":[97,26],"class_list":["post-3995","post","type-post","status-publish","format-standard","has-post-thumbnail","hentry","category-general","tag-activitats-actualitat-joves","tag-lectura"],"yoast_head":"<!-- This site is optimized with the Yoast SEO plugin v27.5 - https:\/\/yoast.com\/product\/yoast-seo-wordpress\/ -->\n<title>Et recomanem maig: Lectures Juvenils a l&#039;EBiblio - Sala Jove<\/title>\n<meta name=\"robots\" content=\"index, follow, max-snippet:-1, max-image-preview:large, max-video-preview:-1\" \/>\n<link rel=\"canonical\" href=\"https:\/\/biblioteca.blanes.cat\/salajove\/2020\/05\/03\/et-recomanem-maig-lectures-juvenils-a-lebiblio\/\" \/>\n<meta property=\"og:locale\" content=\"ca_ES\" \/>\n<meta property=\"og:type\" content=\"article\" \/>\n<meta property=\"og:title\" content=\"Et recomanem maig: Lectures Juvenils a l&#039;EBiblio - Sala Jove\" \/>\n<meta property=\"og:description\" content=\"Eiii joves! Nosaltres treballem des de casa i tu? No et quedis sense lectures! Des de la Biblioteca Comarca de Blanes us volem recomanar algunes lectures per a aquest mes de maig. Les trobareu a la plataforma EBiblio: https:\/\/catalunya.ebiblio.es Recordeu\" \/>\n<meta property=\"og:url\" content=\"https:\/\/biblioteca.blanes.cat\/salajove\/2020\/05\/03\/et-recomanem-maig-lectures-juvenils-a-lebiblio\/\" \/>\n<meta property=\"og:site_name\" content=\"Sala Jove\" \/>\n<meta property=\"article:publisher\" content=\"https:\/\/www.facebook.com\/BilbiotecaComarcaldeBlanes\/\" \/>\n<meta property=\"article:published_time\" content=\"2020-05-03T08:14:37+00:00\" \/>\n<meta property=\"article:modified_time\" content=\"2020-05-03T08:14:40+00:00\" \/>\n<meta property=\"og:image\" content=\"https:\/\/biblioteca.blanes.cat\/salajove\/wp-content\/uploads\/sites\/3\/2020\/03\/ebiblio.png\" \/>\n\t<meta property=\"og:image:width\" content=\"1024\" \/>\n\t<meta property=\"og:image:height\" content=\"1024\" \/>\n\t<meta property=\"og:image:type\" content=\"image\/png\" \/>\n<meta name=\"author\" content=\"biblioblanes\" \/>\n<meta name=\"twitter:card\" content=\"summary_large_image\" \/>\n<meta name=\"twitter:creator\" content=\"@biblioblanes\" \/>\n<meta name=\"twitter:site\" content=\"@BiblioBlanes\" \/>\n<meta name=\"twitter:label1\" content=\"Escrit per\" \/>\n\t<meta name=\"twitter:data1\" content=\"biblioblanes\" \/>\n\t<meta name=\"twitter:label2\" content=\"Temps estimat de lectura\" \/>\n\t<meta name=\"twitter:data2\" content=\"3 minuts\" \/>\n<script type=\"application\/ld+json\" class=\"yoast-schema-graph\">{\"@context\":\"https:\\\/\\\/schema.org\",\"@graph\":[{\"@type\":\"Article\",\"@id\":\"https:\\\/\\\/biblioteca.blanes.cat\\\/salajove\\\/2020\\\/05\\\/03\\\/et-recomanem-maig-lectures-juvenils-a-lebiblio\\\/#article\",\"isPartOf\":{\"@id\":\"https:\\\/\\\/biblioteca.blanes.cat\\\/salajove\\\/2020\\\/05\\\/03\\\/et-recomanem-maig-lectures-juvenils-a-lebiblio\\\/\"},\"author\":{\"name\":\"biblioblanes\",\"@id\":\"https:\\\/\\\/biblioteca.blanes.cat\\\/salajove\\\/#\\\/schema\\\/person\\\/5a7b46760d9dd611d098bbf571a341dc\"},\"headline\":\"Et recomanem maig: Lectures Juvenils a l&#8217;EBiblio\",\"datePublished\":\"2020-05-03T08:14:37+00:00\",\"dateModified\":\"2020-05-03T08:14:40+00:00\",\"mainEntityOfPage\":{\"@id\":\"https:\\\/\\\/biblioteca.blanes.cat\\\/salajove\\\/2020\\\/05\\\/03\\\/et-recomanem-maig-lectures-juvenils-a-lebiblio\\\/\"},\"wordCount\":646,\"commentCount\":0,\"publisher\":{\"@id\":\"https:\\\/\\\/biblioteca.blanes.cat\\\/salajove\\\/#organization\"},\"image\":{\"@id\":\"https:\\\/\\\/biblioteca.blanes.cat\\\/salajove\\\/2020\\\/05\\\/03\\\/et-recomanem-maig-lectures-juvenils-a-lebiblio\\\/#primaryimage\"},\"thumbnailUrl\":\"https:\\\/\\\/biblioteca.blanes.cat\\\/salajove\\\/wp-content\\\/uploads\\\/sites\\\/3\\\/2020\\\/03\\\/ebiblio.png\",\"keywords\":[\"#Activitats #Actualitat #Joves\",\"#Lectura\"],\"articleSection\":[\"Not\u00edcies\"],\"inLanguage\":\"ca\",\"potentialAction\":[{\"@type\":\"CommentAction\",\"name\":\"Comment\",\"target\":[\"https:\\\/\\\/biblioteca.blanes.cat\\\/salajove\\\/2020\\\/05\\\/03\\\/et-recomanem-maig-lectures-juvenils-a-lebiblio\\\/#respond\"]}]},{\"@type\":\"WebPage\",\"@id\":\"https:\\\/\\\/biblioteca.blanes.cat\\\/salajove\\\/2020\\\/05\\\/03\\\/et-recomanem-maig-lectures-juvenils-a-lebiblio\\\/\",\"url\":\"https:\\\/\\\/biblioteca.blanes.cat\\\/salajove\\\/2020\\\/05\\\/03\\\/et-recomanem-maig-lectures-juvenils-a-lebiblio\\\/\",\"name\":\"Et recomanem maig: Lectures Juvenils a l'EBiblio - Sala Jove\",\"isPartOf\":{\"@id\":\"https:\\\/\\\/biblioteca.blanes.cat\\\/salajove\\\/#website\"},\"primaryImageOfPage\":{\"@id\":\"https:\\\/\\\/biblioteca.blanes.cat\\\/salajove\\\/2020\\\/05\\\/03\\\/et-recomanem-maig-lectures-juvenils-a-lebiblio\\\/#primaryimage\"},\"image\":{\"@id\":\"https:\\\/\\\/biblioteca.blanes.cat\\\/salajove\\\/2020\\\/05\\\/03\\\/et-recomanem-maig-lectures-juvenils-a-lebiblio\\\/#primaryimage\"},\"thumbnailUrl\":\"https:\\\/\\\/biblioteca.blanes.cat\\\/salajove\\\/wp-content\\\/uploads\\\/sites\\\/3\\\/2020\\\/03\\\/ebiblio.png\",\"datePublished\":\"2020-05-03T08:14:37+00:00\",\"dateModified\":\"2020-05-03T08:14:40+00:00\",\"breadcrumb\":{\"@id\":\"https:\\\/\\\/biblioteca.blanes.cat\\\/salajove\\\/2020\\\/05\\\/03\\\/et-recomanem-maig-lectures-juvenils-a-lebiblio\\\/#breadcrumb\"},\"inLanguage\":\"ca\",\"potentialAction\":[{\"@type\":\"ReadAction\",\"target\":[\"https:\\\/\\\/biblioteca.blanes.cat\\\/salajove\\\/2020\\\/05\\\/03\\\/et-recomanem-maig-lectures-juvenils-a-lebiblio\\\/\"]}]},{\"@type\":\"ImageObject\",\"inLanguage\":\"ca\",\"@id\":\"https:\\\/\\\/biblioteca.blanes.cat\\\/salajove\\\/2020\\\/05\\\/03\\\/et-recomanem-maig-lectures-juvenils-a-lebiblio\\\/#primaryimage\",\"url\":\"https:\\\/\\\/biblioteca.blanes.cat\\\/salajove\\\/wp-content\\\/uploads\\\/sites\\\/3\\\/2020\\\/03\\\/ebiblio.png\",\"contentUrl\":\"https:\\\/\\\/biblioteca.blanes.cat\\\/salajove\\\/wp-content\\\/uploads\\\/sites\\\/3\\\/2020\\\/03\\\/ebiblio.png\",\"width\":1024,\"height\":1024},{\"@type\":\"BreadcrumbList\",\"@id\":\"https:\\\/\\\/biblioteca.blanes.cat\\\/salajove\\\/2020\\\/05\\\/03\\\/et-recomanem-maig-lectures-juvenils-a-lebiblio\\\/#breadcrumb\",\"itemListElement\":[{\"@type\":\"ListItem\",\"position\":1,\"name\":\"Inici\",\"item\":\"https:\\\/\\\/biblioteca.blanes.cat\\\/salajove\\\/\"},{\"@type\":\"ListItem\",\"position\":2,\"name\":\"Et recomanem maig: Lectures Juvenils a l&#8217;EBiblio\"}]},{\"@type\":\"WebSite\",\"@id\":\"https:\\\/\\\/biblioteca.blanes.cat\\\/salajove\\\/#website\",\"url\":\"https:\\\/\\\/biblioteca.blanes.cat\\\/salajove\\\/\",\"name\":\"Sala Jove\",\"description\":\"Biblioteca Comarcal de Blanes\",\"publisher\":{\"@id\":\"https:\\\/\\\/biblioteca.blanes.cat\\\/salajove\\\/#organization\"},\"potentialAction\":[{\"@type\":\"SearchAction\",\"target\":{\"@type\":\"EntryPoint\",\"urlTemplate\":\"https:\\\/\\\/biblioteca.blanes.cat\\\/salajove\\\/?s={search_term_string}\"},\"query-input\":{\"@type\":\"PropertyValueSpecification\",\"valueRequired\":true,\"valueName\":\"search_term_string\"}}],\"inLanguage\":\"ca\"},{\"@type\":\"Organization\",\"@id\":\"https:\\\/\\\/biblioteca.blanes.cat\\\/salajove\\\/#organization\",\"name\":\"Biblioteca Comarcal de Blanes\",\"url\":\"https:\\\/\\\/biblioteca.blanes.cat\\\/salajove\\\/\",\"logo\":{\"@type\":\"ImageObject\",\"inLanguage\":\"ca\",\"@id\":\"https:\\\/\\\/biblioteca.blanes.cat\\\/salajove\\\/#\\\/schema\\\/logo\\\/image\\\/\",\"url\":\"https:\\\/\\\/biblioteca.blanes.cat\\\/salajove\\\/wp-content\\\/uploads\\\/sites\\\/3\\\/2017\\\/09\\\/cropped-Bib-blau-e1518869380535.png\",\"contentUrl\":\"https:\\\/\\\/biblioteca.blanes.cat\\\/salajove\\\/wp-content\\\/uploads\\\/sites\\\/3\\\/2017\\\/09\\\/cropped-Bib-blau-e1518869380535.png\",\"width\":166,\"height\":166,\"caption\":\"Biblioteca Comarcal de Blanes\"},\"image\":{\"@id\":\"https:\\\/\\\/biblioteca.blanes.cat\\\/salajove\\\/#\\\/schema\\\/logo\\\/image\\\/\"},\"sameAs\":[\"https:\\\/\\\/www.facebook.com\\\/BilbiotecaComarcaldeBlanes\\\/\",\"https:\\\/\\\/x.com\\\/BiblioBlanes\",\"https:\\\/\\\/www.instagram.com\\\/biblioblanes\\\/\",\"https:\\\/\\\/www.pinterest.es\\\/bblanes\\\/\",\"https:\\\/\\\/www.youtube.com\\\/c\\\/BibliotecaComarcalBlanes\"]},{\"@type\":\"Person\",\"@id\":\"https:\\\/\\\/biblioteca.blanes.cat\\\/salajove\\\/#\\\/schema\\\/person\\\/5a7b46760d9dd611d098bbf571a341dc\",\"name\":\"biblioblanes\",\"image\":{\"@type\":\"ImageObject\",\"inLanguage\":\"ca\",\"@id\":\"https:\\\/\\\/secure.gravatar.com\\\/avatar\\\/6593ca6cc90e5a70939f51c95e8315483b9c281bafba597292bee47992030f99?s=96&d=mm&r=g\",\"url\":\"https:\\\/\\\/secure.gravatar.com\\\/avatar\\\/6593ca6cc90e5a70939f51c95e8315483b9c281bafba597292bee47992030f99?s=96&d=mm&r=g\",\"contentUrl\":\"https:\\\/\\\/secure.gravatar.com\\\/avatar\\\/6593ca6cc90e5a70939f51c95e8315483b9c281bafba597292bee47992030f99?s=96&d=mm&r=g\",\"caption\":\"biblioblanes\"},\"sameAs\":[\"http:\\\/\\\/www.bibgirona.cat\\\/biblioteca\\\/blanes\",\"https:\\\/\\\/x.com\\\/biblioblanes\"],\"url\":\"https:\\\/\\\/biblioteca.blanes.cat\\\/salajove\\\/author\\\/biblioblanes\\\/\"}]}<\/script>\n<!-- \/ Yoast SEO plugin. -->","yoast_head_json":{"title":"Et recomanem maig: Lectures Juvenils a l'EBiblio - Sala Jove","robots":{"index":"index","follow":"follow","max-snippet":"max-snippet:-1","max-image-preview":"max-image-preview:large","max-video-preview":"max-video-preview:-1"},"canonical":"https:\/\/biblioteca.blanes.cat\/salajove\/2020\/05\/03\/et-recomanem-maig-lectures-juvenils-a-lebiblio\/","og_locale":"ca_ES","og_type":"article","og_title":"Et recomanem maig: Lectures Juvenils a l'EBiblio - Sala Jove","og_description":"Eiii joves! Nosaltres treballem des de casa i tu? No et quedis sense lectures! Des de la Biblioteca Comarca de Blanes us volem recomanar algunes lectures per a aquest mes de maig. Les trobareu a la plataforma EBiblio: https:\/\/catalunya.ebiblio.es Recordeu","og_url":"https:\/\/biblioteca.blanes.cat\/salajove\/2020\/05\/03\/et-recomanem-maig-lectures-juvenils-a-lebiblio\/","og_site_name":"Sala Jove","article_publisher":"https:\/\/www.facebook.com\/BilbiotecaComarcaldeBlanes\/","article_published_time":"2020-05-03T08:14:37+00:00","article_modified_time":"2020-05-03T08:14:40+00:00","og_image":[{"width":1024,"height":1024,"url":"https:\/\/biblioteca.blanes.cat\/salajove\/wp-content\/uploads\/sites\/3\/2020\/03\/ebiblio.png","type":"image\/png"}],"author":"biblioblanes","twitter_card":"summary_large_image","twitter_creator":"@biblioblanes","twitter_site":"@BiblioBlanes","twitter_misc":{"Escrit per":"biblioblanes","Temps estimat de lectura":"3 minuts"},"schema":{"@context":"https:\/\/schema.org","@graph":[{"@type":"Article","@id":"https:\/\/biblioteca.blanes.cat\/salajove\/2020\/05\/03\/et-recomanem-maig-lectures-juvenils-a-lebiblio\/#article","isPartOf":{"@id":"https:\/\/biblioteca.blanes.cat\/salajove\/2020\/05\/03\/et-recomanem-maig-lectures-juvenils-a-lebiblio\/"},"author":{"name":"biblioblanes","@id":"https:\/\/biblioteca.blanes.cat\/salajove\/#\/schema\/person\/5a7b46760d9dd611d098bbf571a341dc"},"headline":"Et recomanem maig: Lectures Juvenils a l&#8217;EBiblio","datePublished":"2020-05-03T08:14:37+00:00","dateModified":"2020-05-03T08:14:40+00:00","mainEntityOfPage":{"@id":"https:\/\/biblioteca.blanes.cat\/salajove\/2020\/05\/03\/et-recomanem-maig-lectures-juvenils-a-lebiblio\/"},"wordCount":646,"commentCount":0,"publisher":{"@id":"https:\/\/biblioteca.blanes.cat\/salajove\/#organization"},"image":{"@id":"https:\/\/biblioteca.blanes.cat\/salajove\/2020\/05\/03\/et-recomanem-maig-lectures-juvenils-a-lebiblio\/#primaryimage"},"thumbnailUrl":"https:\/\/biblioteca.blanes.cat\/salajove\/wp-content\/uploads\/sites\/3\/2020\/03\/ebiblio.png","keywords":["#Activitats #Actualitat #Joves","#Lectura"],"articleSection":["Not\u00edcies"],"inLanguage":"ca","potentialAction":[{"@type":"CommentAction","name":"Comment","target":["https:\/\/biblioteca.blanes.cat\/salajove\/2020\/05\/03\/et-recomanem-maig-lectures-juvenils-a-lebiblio\/#respond"]}]},{"@type":"WebPage","@id":"https:\/\/biblioteca.blanes.cat\/salajove\/2020\/05\/03\/et-recomanem-maig-lectures-juvenils-a-lebiblio\/","url":"https:\/\/biblioteca.blanes.cat\/salajove\/2020\/05\/03\/et-recomanem-maig-lectures-juvenils-a-lebiblio\/","name":"Et recomanem maig: Lectures Juvenils a l'EBiblio - Sala Jove","isPartOf":{"@id":"https:\/\/biblioteca.blanes.cat\/salajove\/#website"},"primaryImageOfPage":{"@id":"https:\/\/biblioteca.blanes.cat\/salajove\/2020\/05\/03\/et-recomanem-maig-lectures-juvenils-a-lebiblio\/#primaryimage"},"image":{"@id":"https:\/\/biblioteca.blanes.cat\/salajove\/2020\/05\/03\/et-recomanem-maig-lectures-juvenils-a-lebiblio\/#primaryimage"},"thumbnailUrl":"https:\/\/biblioteca.blanes.cat\/salajove\/wp-content\/uploads\/sites\/3\/2020\/03\/ebiblio.png","datePublished":"2020-05-03T08:14:37+00:00","dateModified":"2020-05-03T08:14:40+00:00","breadcrumb":{"@id":"https:\/\/biblioteca.blanes.cat\/salajove\/2020\/05\/03\/et-recomanem-maig-lectures-juvenils-a-lebiblio\/#breadcrumb"},"inLanguage":"ca","potentialAction":[{"@type":"ReadAction","target":["https:\/\/biblioteca.blanes.cat\/salajove\/2020\/05\/03\/et-recomanem-maig-lectures-juvenils-a-lebiblio\/"]}]},{"@type":"ImageObject","inLanguage":"ca","@id":"https:\/\/biblioteca.blanes.cat\/salajove\/2020\/05\/03\/et-recomanem-maig-lectures-juvenils-a-lebiblio\/#primaryimage","url":"https:\/\/biblioteca.blanes.cat\/salajove\/wp-content\/uploads\/sites\/3\/2020\/03\/ebiblio.png","contentUrl":"https:\/\/biblioteca.blanes.cat\/salajove\/wp-content\/uploads\/sites\/3\/2020\/03\/ebiblio.png","width":1024,"height":1024},{"@type":"BreadcrumbList","@id":"https:\/\/biblioteca.blanes.cat\/salajove\/2020\/05\/03\/et-recomanem-maig-lectures-juvenils-a-lebiblio\/#breadcrumb","itemListElement":[{"@type":"ListItem","position":1,"name":"Inici","item":"https:\/\/biblioteca.blanes.cat\/salajove\/"},{"@type":"ListItem","position":2,"name":"Et recomanem maig: Lectures Juvenils a l&#8217;EBiblio"}]},{"@type":"WebSite","@id":"https:\/\/biblioteca.blanes.cat\/salajove\/#website","url":"https:\/\/biblioteca.blanes.cat\/salajove\/","name":"Sala Jove","description":"Biblioteca Comarcal de Blanes","publisher":{"@id":"https:\/\/biblioteca.blanes.cat\/salajove\/#organization"},"potentialAction":[{"@type":"SearchAction","target":{"@type":"EntryPoint","urlTemplate":"https:\/\/biblioteca.blanes.cat\/salajove\/?s={search_term_string}"},"query-input":{"@type":"PropertyValueSpecification","valueRequired":true,"valueName":"search_term_string"}}],"inLanguage":"ca"},{"@type":"Organization","@id":"https:\/\/biblioteca.blanes.cat\/salajove\/#organization","name":"Biblioteca Comarcal de Blanes","url":"https:\/\/biblioteca.blanes.cat\/salajove\/","logo":{"@type":"ImageObject","inLanguage":"ca","@id":"https:\/\/biblioteca.blanes.cat\/salajove\/#\/schema\/logo\/image\/","url":"https:\/\/biblioteca.blanes.cat\/salajove\/wp-content\/uploads\/sites\/3\/2017\/09\/cropped-Bib-blau-e1518869380535.png","contentUrl":"https:\/\/biblioteca.blanes.cat\/salajove\/wp-content\/uploads\/sites\/3\/2017\/09\/cropped-Bib-blau-e1518869380535.png","width":166,"height":166,"caption":"Biblioteca Comarcal de Blanes"},"image":{"@id":"https:\/\/biblioteca.blanes.cat\/salajove\/#\/schema\/logo\/image\/"},"sameAs":["https:\/\/www.facebook.com\/BilbiotecaComarcaldeBlanes\/","https:\/\/x.com\/BiblioBlanes","https:\/\/www.instagram.com\/biblioblanes\/","https:\/\/www.pinterest.es\/bblanes\/","https:\/\/www.youtube.com\/c\/BibliotecaComarcalBlanes"]},{"@type":"Person","@id":"https:\/\/biblioteca.blanes.cat\/salajove\/#\/schema\/person\/5a7b46760d9dd611d098bbf571a341dc","name":"biblioblanes","image":{"@type":"ImageObject","inLanguage":"ca","@id":"https:\/\/secure.gravatar.com\/avatar\/6593ca6cc90e5a70939f51c95e8315483b9c281bafba597292bee47992030f99?s=96&d=mm&r=g","url":"https:\/\/secure.gravatar.com\/avatar\/6593ca6cc90e5a70939f51c95e8315483b9c281bafba597292bee47992030f99?s=96&d=mm&r=g","contentUrl":"https:\/\/secure.gravatar.com\/avatar\/6593ca6cc90e5a70939f51c95e8315483b9c281bafba597292bee47992030f99?s=96&d=mm&r=g","caption":"biblioblanes"},"sameAs":["http:\/\/www.bibgirona.cat\/biblioteca\/blanes","https:\/\/x.com\/biblioblanes"],"url":"https:\/\/biblioteca.blanes.cat\/salajove\/author\/biblioblanes\/"}]}},"_links":{"self":[{"href":"https:\/\/biblioteca.blanes.cat\/salajove\/wp-json\/wp\/v2\/posts\/3995","targetHints":{"allow":["GET"]}}],"collection":[{"href":"https:\/\/biblioteca.blanes.cat\/salajove\/wp-json\/wp\/v2\/posts"}],"about":[{"href":"https:\/\/biblioteca.blanes.cat\/salajove\/wp-json\/wp\/v2\/types\/post"}],"author":[{"embeddable":true,"href":"https:\/\/biblioteca.blanes.cat\/salajove\/wp-json\/wp\/v2\/users\/4"}],"replies":[{"embeddable":true,"href":"https:\/\/biblioteca.blanes.cat\/salajove\/wp-json\/wp\/v2\/comments?post=3995"}],"version-history":[{"count":1,"href":"https:\/\/biblioteca.blanes.cat\/salajove\/wp-json\/wp\/v2\/posts\/3995\/revisions"}],"predecessor-version":[{"id":4003,"href":"https:\/\/biblioteca.blanes.cat\/salajove\/wp-json\/wp\/v2\/posts\/3995\/revisions\/4003"}],"wp:featuredmedia":[{"embeddable":true,"href":"https:\/\/biblioteca.blanes.cat\/salajove\/wp-json\/wp\/v2\/media\/3814"}],"wp:attachment":[{"href":"https:\/\/biblioteca.blanes.cat\/salajove\/wp-json\/wp\/v2\/media?parent=3995"}],"wp:term":[{"taxonomy":"category","embeddable":true,"href":"https:\/\/biblioteca.blanes.cat\/salajove\/wp-json\/wp\/v2\/categories?post=3995"},{"taxonomy":"post_tag","embeddable":true,"href":"https:\/\/biblioteca.blanes.cat\/salajove\/wp-json\/wp\/v2\/tags?post=3995"}],"curies":[{"name":"wp","href":"https:\/\/api.w.org\/{rel}","templated":true}]}}