{"id":3861,"date":"2020-04-06T12:44:00","date_gmt":"2020-04-06T11:44:00","guid":{"rendered":"https:\/\/biblioteca.blanes.cat\/salajove\/?p=3861"},"modified":"2020-04-06T12:44:00","modified_gmt":"2020-04-06T11:44:00","slug":"et-recomanem-abril-lectures-juvenils-a-lebiblio","status":"publish","type":"post","link":"https:\/\/biblioteca.blanes.cat\/salajove\/2020\/04\/06\/et-recomanem-abril-lectures-juvenils-a-lebiblio\/","title":{"rendered":"Et recomanem abril : Lectures Juvenils a l&#8217;EBiblio"},"content":{"rendered":"<p style=\"text-align: center;\">Eiii joves!<\/p>\n<p style=\"text-align: center;\">Nosaltres treballem des de casa i tu? No et quedis sense lectures!<\/p>\n<p style=\"text-align: center;\">Des de la Biblioteca Comarca de Blanes us volem recomanar algunes lectures per\u00a0a aquest mes d&#8217;abril.<\/p>\n<p style=\"text-align: center;\">Les trobareu a la plataforma <strong>EBiblio<\/strong>:<\/p>\n<p style=\"text-align: center;\"><strong><a href=\"https:\/\/catalunya.ebiblio.es\">https:\/\/catalunya.ebiblio.es<\/a><\/strong><\/p>\n<p style=\"text-align: center;\">Recordeu que \u00e9s molt senzill, nom\u00e8s heu de tenir el carnet de la biblioteca i estar registrats al cat\u00e0leg Argus<\/p>\n<p style=\"text-align: center;\">I si no tens el carnet no passa res! Et pots fer un eventual per a aquests dies!\u00a0<\/p>\n<p style=\"text-align: center;\">Som-hi a que esperes? Milers de lectures, pel.l\u00edcules, revistes&#8230; t&#8217;estan esperant!<\/p>\n<p>&nbsp;<\/p>\n<p><img fetchpriority=\"high\" decoding=\"async\" class=\"aligncenter wp-image-3865 size-medium\" src=\"https:\/\/biblioteca.blanes.cat\/salajove\/wp-content\/uploads\/sites\/3\/2020\/04\/on-neixen-les-ombres-192x300.jpg\" alt=\"\" width=\"192\" height=\"300\" srcset=\"https:\/\/biblioteca.blanes.cat\/salajove\/wp-content\/uploads\/sites\/3\/2020\/04\/on-neixen-les-ombres-192x300.jpg 192w, https:\/\/biblioteca.blanes.cat\/salajove\/wp-content\/uploads\/sites\/3\/2020\/04\/on-neixen-les-ombres.jpg 195w\" sizes=\"(max-width: 192px) 100vw, 192px\" \/><\/p>\n<p>El cos de l&#8217;A\u0301lex esta\u0300 encongit davant de la pantalla. El rostre se li ha convertit en una ma\u0300scara d&#8217;ulls envermellits que li couen de l&#8217;estona que fa que no parpelleja. Esta\u0300 al\u00b7lucinat i, sobretot, penedit d&#8217;haver-se colat en aquella pa\u0300gina web. Se li regira la panxa i te\u0301 unes basques que amb prou feines aconsegueix reprimir. Mai de la vida s&#8217;hauria imaginat les atroces imatges que se succeeixen davant dels seus ulls, recloses a la pantalla de l&#8217;ordinador i sota un so de fons d&#8217;uns sorolls inhumans que gairebe\u0301 retorcen els petits altaveus de l&#8217;equip. De sobte, una apagada de llum deixa&#8230;<\/p>\n<p>&nbsp;<\/p>\n<p><img decoding=\"async\" class=\"aligncenter wp-image-3866 size-medium\" src=\"https:\/\/biblioteca.blanes.cat\/salajove\/wp-content\/uploads\/sites\/3\/2020\/04\/aquesta-senzilla-paraula-197x300.jpg\" alt=\"\" width=\"197\" height=\"300\" srcset=\"https:\/\/biblioteca.blanes.cat\/salajove\/wp-content\/uploads\/sites\/3\/2020\/04\/aquesta-senzilla-paraula-197x300.jpg 197w, https:\/\/biblioteca.blanes.cat\/salajove\/wp-content\/uploads\/sites\/3\/2020\/04\/aquesta-senzilla-paraula.jpg 200w\" sizes=\"(max-width: 197px) 100vw, 197px\" \/><\/p>\n<p>Aquesta e\u0301s la histo\u0300ria de la llibreria Howling Books, on els lectors escriuen cartes a estranys, a amants, a poetes, i les amaguen entre les pa\u0300gines dels llibres. I e\u0301s la histo\u0300ria d\u2019en Henry Jones i la Rachel Sweetie, que van ser bons amics fins que ella se\u2019n va anar a viure a prop del mar. Ara la noia ha tornat, treballa a la llibreria, esta\u0300 de dol pel seu germa\u0300 Cal i busca el futur en els llibres que la gent estima i en les paraules que deixen enrere. Semblaria una histo\u0300ria corrent, si no fos per la carta que la Rachel va escriure abans de marxar, una carta d\u2019amor .<\/p>\n<p>&nbsp;<\/p>\n<p><img decoding=\"async\" class=\"aligncenter wp-image-3867 size-medium\" src=\"https:\/\/biblioteca.blanes.cat\/salajove\/wp-content\/uploads\/sites\/3\/2020\/04\/tots-els-simbols-de-la-por-196x300.jpg\" alt=\"\" width=\"196\" height=\"300\" srcset=\"https:\/\/biblioteca.blanes.cat\/salajove\/wp-content\/uploads\/sites\/3\/2020\/04\/tots-els-simbols-de-la-por-196x300.jpg 196w, https:\/\/biblioteca.blanes.cat\/salajove\/wp-content\/uploads\/sites\/3\/2020\/04\/tots-els-simbols-de-la-por.jpg 208w\" sizes=\"(max-width: 196px) 100vw, 196px\" \/><\/p>\n<p>En Wilbur est\u00e0 disposat a capgirar-ho tot per descobrir qui \u00e9s i si n&#8217;hi ha m\u00e9s com ell. S&#8217;ha entrenat per portar al l\u00edmit la seva pot\u00e8ncia f\u00edsica i intel\u00b7lectual i est\u00e0 preparat per enfrontar-se a l&#8217;ARS Corp, una poderosa multinacional dirigida per un exc\u00e8ntric milionari. Per\u00f2 sap que, tot sol, no se&#8217;n sortir\u00e0. Per sort, l&#8217;Abigail est\u00e0 a punt per ajudar-lo fins on calgui.\u00a0<\/p>\n<p>&nbsp;<\/p>\n<p><img loading=\"lazy\" decoding=\"async\" class=\"aligncenter wp-image-3868 size-medium\" src=\"https:\/\/biblioteca.blanes.cat\/salajove\/wp-content\/uploads\/sites\/3\/2020\/04\/un-secret-198x300.jpg\" alt=\"\" width=\"198\" height=\"300\" srcset=\"https:\/\/biblioteca.blanes.cat\/salajove\/wp-content\/uploads\/sites\/3\/2020\/04\/un-secret-198x300.jpg 198w, https:\/\/biblioteca.blanes.cat\/salajove\/wp-content\/uploads\/sites\/3\/2020\/04\/un-secret.jpg 210w\" sizes=\"(max-width: 198px) 100vw, 198px\" \/><\/p>\n<p>E\u0301s que com que la Na\u0300zia e\u0301s la meva amiga i des de Nadal viu amb el papa i amb mi perque\u0300 e\u0301s millor, ara e\u0301s la meva germana d\u2019acollida, que e\u0301s com si fos una germana de veritat pero\u0300 sense transfusio\u0301, i aixo\u0300 vol dir que ens ho hem d\u2019explicar tot, els secrets tambe\u0301. Aixi\u0301 que al final m\u2019ha explicat el seu secret me\u0301s gros. De seguida he encreuat els dits per darrere l\u2019esquena, com em va ensenyar la mama, i quan la Na\u0300zia no em veia, he dit molt fluixet: \u00abSupercalifragilisticoespialido\u0301s\u00bb.<\/p>\n<p>&nbsp;<\/p>\n<p><img loading=\"lazy\" decoding=\"async\" class=\"aligncenter wp-image-3869 size-full\" src=\"https:\/\/biblioteca.blanes.cat\/salajove\/wp-content\/uploads\/sites\/3\/2020\/04\/omnia.jpg\" alt=\"\" width=\"225\" height=\"225\" srcset=\"https:\/\/biblioteca.blanes.cat\/salajove\/wp-content\/uploads\/sites\/3\/2020\/04\/omnia.jpg 225w, https:\/\/biblioteca.blanes.cat\/salajove\/wp-content\/uploads\/sites\/3\/2020\/04\/omnia-150x150.jpg 150w\" sizes=\"(max-width: 225px) 100vw, 225px\" \/><\/p>\n<p>Todo el mundo sabe que en Omnia, la gran tienda virtual, puedes comprar cualquier cosa. En su cat\u00e1logo encontrar\u00e1s todo lo que puedas imaginar, e incluso objetos que ni siquiera sab\u00edas que exist\u00edan. Por eso, cuando Nico tira a la basura por accidente el peluche favorito de su hermana peque\u00f1a, no duda en buscar en su web uno igual para reemplazarlo. Pero un error inform\u00e1tico inesperado lo conducir\u00e1 hasta el mismo coraz\u00f3n de Omnia.<\/p>\n<p>&nbsp;<\/p>\n<p><img loading=\"lazy\" decoding=\"async\" class=\"aligncenter wp-image-3870 size-medium\" src=\"https:\/\/biblioteca.blanes.cat\/salajove\/wp-content\/uploads\/sites\/3\/2020\/04\/la-casa-de-la-por-174x300.jpg\" alt=\"\" width=\"174\" height=\"300\" srcset=\"https:\/\/biblioteca.blanes.cat\/salajove\/wp-content\/uploads\/sites\/3\/2020\/04\/la-casa-de-la-por-174x300.jpg 174w, https:\/\/biblioteca.blanes.cat\/salajove\/wp-content\/uploads\/sites\/3\/2020\/04\/la-casa-de-la-por.jpg 184w\" sizes=\"(max-width: 174px) 100vw, 174px\" \/><\/p>\n<p>Trobar els objectes de l&#8217;estoig va ser suficient per trencar totes les barreres que mantenien reprimits els records. Els murs van saltar amb viol\u00e8ncia i, com un tsunami, vaig rememorar els fets que havia oblidat des de l&#8217;adolesc\u00e8ncia. Un tsunami de records, els mateixos que acabo dexplicar durant les hores daquesta nit. Els que ning\u00fa creuria, si algun dia arriben a divulgar-se. Nom\u00e9s jo s\u00e9 que van ser reals, tan reals com el sol que surt en aquest moment per lhoritz\u00f3 o com els fulls groguencs de la llibreta en qu\u00e8 escric aquestes \u00faltimes paraules de la meva confessi\u00f3.<\/p>\n<p>&nbsp;<\/p>\n","protected":false},"excerpt":{"rendered":"<p>Eiii joves! Nosaltres treballem des de casa i tu? No et quedis sense lectures! Des de la Biblioteca Comarca de Blanes us volem recomanar algunes lectures per\u00a0a aquest mes d&#8217;abril. Les trobareu a la plataforma EBiblio: https:\/\/catalunya.ebiblio.es Recordeu que \u00e9s<\/p>\n","protected":false},"author":4,"featured_media":3814,"comment_status":"open","ping_status":"open","sticky":false,"template":"","format":"standard","meta":{"sfsi_plus_gutenberg_text_before_share":"","sfsi_plus_gutenberg_show_text_before_share":"","sfsi_plus_gutenberg_icon_type":"","sfsi_plus_gutenberg_icon_alignemt":"","sfsi_plus_gutenburg_max_per_row":"","footnotes":""},"categories":[1],"tags":[97],"class_list":["post-3861","post","type-post","status-publish","format-standard","has-post-thumbnail","hentry","category-general","tag-activitats-actualitat-joves"],"yoast_head":"<!-- This site is optimized with the Yoast SEO plugin v27.5 - https:\/\/yoast.com\/product\/yoast-seo-wordpress\/ -->\n<title>Et recomanem abril : Lectures Juvenils a l&#039;EBiblio - Sala Jove<\/title>\n<meta name=\"robots\" content=\"index, follow, max-snippet:-1, max-image-preview:large, max-video-preview:-1\" \/>\n<link rel=\"canonical\" href=\"https:\/\/biblioteca.blanes.cat\/salajove\/2020\/04\/06\/et-recomanem-abril-lectures-juvenils-a-lebiblio\/\" \/>\n<meta property=\"og:locale\" content=\"ca_ES\" \/>\n<meta property=\"og:type\" content=\"article\" \/>\n<meta property=\"og:title\" content=\"Et recomanem abril : Lectures Juvenils a l&#039;EBiblio - Sala Jove\" \/>\n<meta property=\"og:description\" content=\"Eiii joves! Nosaltres treballem des de casa i tu? No et quedis sense lectures! Des de la Biblioteca Comarca de Blanes us volem recomanar algunes lectures per\u00a0a aquest mes d&#8217;abril. Les trobareu a la plataforma EBiblio: https:\/\/catalunya.ebiblio.es Recordeu que \u00e9s\" \/>\n<meta property=\"og:url\" content=\"https:\/\/biblioteca.blanes.cat\/salajove\/2020\/04\/06\/et-recomanem-abril-lectures-juvenils-a-lebiblio\/\" \/>\n<meta property=\"og:site_name\" content=\"Sala Jove\" \/>\n<meta property=\"article:publisher\" content=\"https:\/\/www.facebook.com\/BilbiotecaComarcaldeBlanes\/\" \/>\n<meta property=\"article:published_time\" content=\"2020-04-06T11:44:00+00:00\" \/>\n<meta property=\"og:image\" content=\"https:\/\/biblioteca.blanes.cat\/salajove\/wp-content\/uploads\/sites\/3\/2020\/03\/ebiblio.png\" \/>\n\t<meta property=\"og:image:width\" content=\"1024\" \/>\n\t<meta property=\"og:image:height\" content=\"1024\" \/>\n\t<meta property=\"og:image:type\" content=\"image\/png\" \/>\n<meta name=\"author\" content=\"biblioblanes\" \/>\n<meta name=\"twitter:card\" content=\"summary_large_image\" \/>\n<meta name=\"twitter:creator\" content=\"@biblioblanes\" \/>\n<meta name=\"twitter:site\" content=\"@BiblioBlanes\" \/>\n<meta name=\"twitter:label1\" content=\"Escrit per\" \/>\n\t<meta name=\"twitter:data1\" content=\"biblioblanes\" \/>\n\t<meta name=\"twitter:label2\" content=\"Temps estimat de lectura\" \/>\n\t<meta name=\"twitter:data2\" content=\"3 minuts\" \/>\n<script type=\"application\/ld+json\" class=\"yoast-schema-graph\">{\"@context\":\"https:\\\/\\\/schema.org\",\"@graph\":[{\"@type\":\"Article\",\"@id\":\"https:\\\/\\\/biblioteca.blanes.cat\\\/salajove\\\/2020\\\/04\\\/06\\\/et-recomanem-abril-lectures-juvenils-a-lebiblio\\\/#article\",\"isPartOf\":{\"@id\":\"https:\\\/\\\/biblioteca.blanes.cat\\\/salajove\\\/2020\\\/04\\\/06\\\/et-recomanem-abril-lectures-juvenils-a-lebiblio\\\/\"},\"author\":{\"name\":\"biblioblanes\",\"@id\":\"https:\\\/\\\/biblioteca.blanes.cat\\\/salajove\\\/#\\\/schema\\\/person\\\/5a7b46760d9dd611d098bbf571a341dc\"},\"headline\":\"Et recomanem abril : Lectures Juvenils a l&#8217;EBiblio\",\"datePublished\":\"2020-04-06T11:44:00+00:00\",\"mainEntityOfPage\":{\"@id\":\"https:\\\/\\\/biblioteca.blanes.cat\\\/salajove\\\/2020\\\/04\\\/06\\\/et-recomanem-abril-lectures-juvenils-a-lebiblio\\\/\"},\"wordCount\":713,\"commentCount\":0,\"publisher\":{\"@id\":\"https:\\\/\\\/biblioteca.blanes.cat\\\/salajove\\\/#organization\"},\"image\":{\"@id\":\"https:\\\/\\\/biblioteca.blanes.cat\\\/salajove\\\/2020\\\/04\\\/06\\\/et-recomanem-abril-lectures-juvenils-a-lebiblio\\\/#primaryimage\"},\"thumbnailUrl\":\"https:\\\/\\\/biblioteca.blanes.cat\\\/salajove\\\/wp-content\\\/uploads\\\/sites\\\/3\\\/2020\\\/03\\\/ebiblio.png\",\"keywords\":[\"#Activitats #Actualitat #Joves\"],\"articleSection\":[\"Not\u00edcies\"],\"inLanguage\":\"ca\",\"potentialAction\":[{\"@type\":\"CommentAction\",\"name\":\"Comment\",\"target\":[\"https:\\\/\\\/biblioteca.blanes.cat\\\/salajove\\\/2020\\\/04\\\/06\\\/et-recomanem-abril-lectures-juvenils-a-lebiblio\\\/#respond\"]}]},{\"@type\":\"WebPage\",\"@id\":\"https:\\\/\\\/biblioteca.blanes.cat\\\/salajove\\\/2020\\\/04\\\/06\\\/et-recomanem-abril-lectures-juvenils-a-lebiblio\\\/\",\"url\":\"https:\\\/\\\/biblioteca.blanes.cat\\\/salajove\\\/2020\\\/04\\\/06\\\/et-recomanem-abril-lectures-juvenils-a-lebiblio\\\/\",\"name\":\"Et recomanem abril : Lectures Juvenils a l'EBiblio - Sala Jove\",\"isPartOf\":{\"@id\":\"https:\\\/\\\/biblioteca.blanes.cat\\\/salajove\\\/#website\"},\"primaryImageOfPage\":{\"@id\":\"https:\\\/\\\/biblioteca.blanes.cat\\\/salajove\\\/2020\\\/04\\\/06\\\/et-recomanem-abril-lectures-juvenils-a-lebiblio\\\/#primaryimage\"},\"image\":{\"@id\":\"https:\\\/\\\/biblioteca.blanes.cat\\\/salajove\\\/2020\\\/04\\\/06\\\/et-recomanem-abril-lectures-juvenils-a-lebiblio\\\/#primaryimage\"},\"thumbnailUrl\":\"https:\\\/\\\/biblioteca.blanes.cat\\\/salajove\\\/wp-content\\\/uploads\\\/sites\\\/3\\\/2020\\\/03\\\/ebiblio.png\",\"datePublished\":\"2020-04-06T11:44:00+00:00\",\"breadcrumb\":{\"@id\":\"https:\\\/\\\/biblioteca.blanes.cat\\\/salajove\\\/2020\\\/04\\\/06\\\/et-recomanem-abril-lectures-juvenils-a-lebiblio\\\/#breadcrumb\"},\"inLanguage\":\"ca\",\"potentialAction\":[{\"@type\":\"ReadAction\",\"target\":[\"https:\\\/\\\/biblioteca.blanes.cat\\\/salajove\\\/2020\\\/04\\\/06\\\/et-recomanem-abril-lectures-juvenils-a-lebiblio\\\/\"]}]},{\"@type\":\"ImageObject\",\"inLanguage\":\"ca\",\"@id\":\"https:\\\/\\\/biblioteca.blanes.cat\\\/salajove\\\/2020\\\/04\\\/06\\\/et-recomanem-abril-lectures-juvenils-a-lebiblio\\\/#primaryimage\",\"url\":\"https:\\\/\\\/biblioteca.blanes.cat\\\/salajove\\\/wp-content\\\/uploads\\\/sites\\\/3\\\/2020\\\/03\\\/ebiblio.png\",\"contentUrl\":\"https:\\\/\\\/biblioteca.blanes.cat\\\/salajove\\\/wp-content\\\/uploads\\\/sites\\\/3\\\/2020\\\/03\\\/ebiblio.png\",\"width\":1024,\"height\":1024},{\"@type\":\"BreadcrumbList\",\"@id\":\"https:\\\/\\\/biblioteca.blanes.cat\\\/salajove\\\/2020\\\/04\\\/06\\\/et-recomanem-abril-lectures-juvenils-a-lebiblio\\\/#breadcrumb\",\"itemListElement\":[{\"@type\":\"ListItem\",\"position\":1,\"name\":\"Inici\",\"item\":\"https:\\\/\\\/biblioteca.blanes.cat\\\/salajove\\\/\"},{\"@type\":\"ListItem\",\"position\":2,\"name\":\"Et recomanem abril : Lectures Juvenils a l&#8217;EBiblio\"}]},{\"@type\":\"WebSite\",\"@id\":\"https:\\\/\\\/biblioteca.blanes.cat\\\/salajove\\\/#website\",\"url\":\"https:\\\/\\\/biblioteca.blanes.cat\\\/salajove\\\/\",\"name\":\"Sala Jove\",\"description\":\"Biblioteca Comarcal de Blanes\",\"publisher\":{\"@id\":\"https:\\\/\\\/biblioteca.blanes.cat\\\/salajove\\\/#organization\"},\"potentialAction\":[{\"@type\":\"SearchAction\",\"target\":{\"@type\":\"EntryPoint\",\"urlTemplate\":\"https:\\\/\\\/biblioteca.blanes.cat\\\/salajove\\\/?s={search_term_string}\"},\"query-input\":{\"@type\":\"PropertyValueSpecification\",\"valueRequired\":true,\"valueName\":\"search_term_string\"}}],\"inLanguage\":\"ca\"},{\"@type\":\"Organization\",\"@id\":\"https:\\\/\\\/biblioteca.blanes.cat\\\/salajove\\\/#organization\",\"name\":\"Biblioteca Comarcal de Blanes\",\"url\":\"https:\\\/\\\/biblioteca.blanes.cat\\\/salajove\\\/\",\"logo\":{\"@type\":\"ImageObject\",\"inLanguage\":\"ca\",\"@id\":\"https:\\\/\\\/biblioteca.blanes.cat\\\/salajove\\\/#\\\/schema\\\/logo\\\/image\\\/\",\"url\":\"https:\\\/\\\/biblioteca.blanes.cat\\\/salajove\\\/wp-content\\\/uploads\\\/sites\\\/3\\\/2017\\\/09\\\/cropped-Bib-blau-e1518869380535.png\",\"contentUrl\":\"https:\\\/\\\/biblioteca.blanes.cat\\\/salajove\\\/wp-content\\\/uploads\\\/sites\\\/3\\\/2017\\\/09\\\/cropped-Bib-blau-e1518869380535.png\",\"width\":166,\"height\":166,\"caption\":\"Biblioteca Comarcal de Blanes\"},\"image\":{\"@id\":\"https:\\\/\\\/biblioteca.blanes.cat\\\/salajove\\\/#\\\/schema\\\/logo\\\/image\\\/\"},\"sameAs\":[\"https:\\\/\\\/www.facebook.com\\\/BilbiotecaComarcaldeBlanes\\\/\",\"https:\\\/\\\/x.com\\\/BiblioBlanes\",\"https:\\\/\\\/www.instagram.com\\\/biblioblanes\\\/\",\"https:\\\/\\\/www.pinterest.es\\\/bblanes\\\/\",\"https:\\\/\\\/www.youtube.com\\\/c\\\/BibliotecaComarcalBlanes\"]},{\"@type\":\"Person\",\"@id\":\"https:\\\/\\\/biblioteca.blanes.cat\\\/salajove\\\/#\\\/schema\\\/person\\\/5a7b46760d9dd611d098bbf571a341dc\",\"name\":\"biblioblanes\",\"image\":{\"@type\":\"ImageObject\",\"inLanguage\":\"ca\",\"@id\":\"https:\\\/\\\/secure.gravatar.com\\\/avatar\\\/6593ca6cc90e5a70939f51c95e8315483b9c281bafba597292bee47992030f99?s=96&d=mm&r=g\",\"url\":\"https:\\\/\\\/secure.gravatar.com\\\/avatar\\\/6593ca6cc90e5a70939f51c95e8315483b9c281bafba597292bee47992030f99?s=96&d=mm&r=g\",\"contentUrl\":\"https:\\\/\\\/secure.gravatar.com\\\/avatar\\\/6593ca6cc90e5a70939f51c95e8315483b9c281bafba597292bee47992030f99?s=96&d=mm&r=g\",\"caption\":\"biblioblanes\"},\"sameAs\":[\"http:\\\/\\\/www.bibgirona.cat\\\/biblioteca\\\/blanes\",\"https:\\\/\\\/x.com\\\/biblioblanes\"],\"url\":\"https:\\\/\\\/biblioteca.blanes.cat\\\/salajove\\\/author\\\/biblioblanes\\\/\"}]}<\/script>\n<!-- \/ Yoast SEO plugin. -->","yoast_head_json":{"title":"Et recomanem abril : Lectures Juvenils a l'EBiblio - Sala Jove","robots":{"index":"index","follow":"follow","max-snippet":"max-snippet:-1","max-image-preview":"max-image-preview:large","max-video-preview":"max-video-preview:-1"},"canonical":"https:\/\/biblioteca.blanes.cat\/salajove\/2020\/04\/06\/et-recomanem-abril-lectures-juvenils-a-lebiblio\/","og_locale":"ca_ES","og_type":"article","og_title":"Et recomanem abril : Lectures Juvenils a l'EBiblio - Sala Jove","og_description":"Eiii joves! Nosaltres treballem des de casa i tu? No et quedis sense lectures! Des de la Biblioteca Comarca de Blanes us volem recomanar algunes lectures per\u00a0a aquest mes d&#8217;abril. Les trobareu a la plataforma EBiblio: https:\/\/catalunya.ebiblio.es Recordeu que \u00e9s","og_url":"https:\/\/biblioteca.blanes.cat\/salajove\/2020\/04\/06\/et-recomanem-abril-lectures-juvenils-a-lebiblio\/","og_site_name":"Sala Jove","article_publisher":"https:\/\/www.facebook.com\/BilbiotecaComarcaldeBlanes\/","article_published_time":"2020-04-06T11:44:00+00:00","og_image":[{"width":1024,"height":1024,"url":"https:\/\/biblioteca.blanes.cat\/salajove\/wp-content\/uploads\/sites\/3\/2020\/03\/ebiblio.png","type":"image\/png"}],"author":"biblioblanes","twitter_card":"summary_large_image","twitter_creator":"@biblioblanes","twitter_site":"@BiblioBlanes","twitter_misc":{"Escrit per":"biblioblanes","Temps estimat de lectura":"3 minuts"},"schema":{"@context":"https:\/\/schema.org","@graph":[{"@type":"Article","@id":"https:\/\/biblioteca.blanes.cat\/salajove\/2020\/04\/06\/et-recomanem-abril-lectures-juvenils-a-lebiblio\/#article","isPartOf":{"@id":"https:\/\/biblioteca.blanes.cat\/salajove\/2020\/04\/06\/et-recomanem-abril-lectures-juvenils-a-lebiblio\/"},"author":{"name":"biblioblanes","@id":"https:\/\/biblioteca.blanes.cat\/salajove\/#\/schema\/person\/5a7b46760d9dd611d098bbf571a341dc"},"headline":"Et recomanem abril : Lectures Juvenils a l&#8217;EBiblio","datePublished":"2020-04-06T11:44:00+00:00","mainEntityOfPage":{"@id":"https:\/\/biblioteca.blanes.cat\/salajove\/2020\/04\/06\/et-recomanem-abril-lectures-juvenils-a-lebiblio\/"},"wordCount":713,"commentCount":0,"publisher":{"@id":"https:\/\/biblioteca.blanes.cat\/salajove\/#organization"},"image":{"@id":"https:\/\/biblioteca.blanes.cat\/salajove\/2020\/04\/06\/et-recomanem-abril-lectures-juvenils-a-lebiblio\/#primaryimage"},"thumbnailUrl":"https:\/\/biblioteca.blanes.cat\/salajove\/wp-content\/uploads\/sites\/3\/2020\/03\/ebiblio.png","keywords":["#Activitats #Actualitat #Joves"],"articleSection":["Not\u00edcies"],"inLanguage":"ca","potentialAction":[{"@type":"CommentAction","name":"Comment","target":["https:\/\/biblioteca.blanes.cat\/salajove\/2020\/04\/06\/et-recomanem-abril-lectures-juvenils-a-lebiblio\/#respond"]}]},{"@type":"WebPage","@id":"https:\/\/biblioteca.blanes.cat\/salajove\/2020\/04\/06\/et-recomanem-abril-lectures-juvenils-a-lebiblio\/","url":"https:\/\/biblioteca.blanes.cat\/salajove\/2020\/04\/06\/et-recomanem-abril-lectures-juvenils-a-lebiblio\/","name":"Et recomanem abril : Lectures Juvenils a l'EBiblio - Sala Jove","isPartOf":{"@id":"https:\/\/biblioteca.blanes.cat\/salajove\/#website"},"primaryImageOfPage":{"@id":"https:\/\/biblioteca.blanes.cat\/salajove\/2020\/04\/06\/et-recomanem-abril-lectures-juvenils-a-lebiblio\/#primaryimage"},"image":{"@id":"https:\/\/biblioteca.blanes.cat\/salajove\/2020\/04\/06\/et-recomanem-abril-lectures-juvenils-a-lebiblio\/#primaryimage"},"thumbnailUrl":"https:\/\/biblioteca.blanes.cat\/salajove\/wp-content\/uploads\/sites\/3\/2020\/03\/ebiblio.png","datePublished":"2020-04-06T11:44:00+00:00","breadcrumb":{"@id":"https:\/\/biblioteca.blanes.cat\/salajove\/2020\/04\/06\/et-recomanem-abril-lectures-juvenils-a-lebiblio\/#breadcrumb"},"inLanguage":"ca","potentialAction":[{"@type":"ReadAction","target":["https:\/\/biblioteca.blanes.cat\/salajove\/2020\/04\/06\/et-recomanem-abril-lectures-juvenils-a-lebiblio\/"]}]},{"@type":"ImageObject","inLanguage":"ca","@id":"https:\/\/biblioteca.blanes.cat\/salajove\/2020\/04\/06\/et-recomanem-abril-lectures-juvenils-a-lebiblio\/#primaryimage","url":"https:\/\/biblioteca.blanes.cat\/salajove\/wp-content\/uploads\/sites\/3\/2020\/03\/ebiblio.png","contentUrl":"https:\/\/biblioteca.blanes.cat\/salajove\/wp-content\/uploads\/sites\/3\/2020\/03\/ebiblio.png","width":1024,"height":1024},{"@type":"BreadcrumbList","@id":"https:\/\/biblioteca.blanes.cat\/salajove\/2020\/04\/06\/et-recomanem-abril-lectures-juvenils-a-lebiblio\/#breadcrumb","itemListElement":[{"@type":"ListItem","position":1,"name":"Inici","item":"https:\/\/biblioteca.blanes.cat\/salajove\/"},{"@type":"ListItem","position":2,"name":"Et recomanem abril : Lectures Juvenils a l&#8217;EBiblio"}]},{"@type":"WebSite","@id":"https:\/\/biblioteca.blanes.cat\/salajove\/#website","url":"https:\/\/biblioteca.blanes.cat\/salajove\/","name":"Sala Jove","description":"Biblioteca Comarcal de Blanes","publisher":{"@id":"https:\/\/biblioteca.blanes.cat\/salajove\/#organization"},"potentialAction":[{"@type":"SearchAction","target":{"@type":"EntryPoint","urlTemplate":"https:\/\/biblioteca.blanes.cat\/salajove\/?s={search_term_string}"},"query-input":{"@type":"PropertyValueSpecification","valueRequired":true,"valueName":"search_term_string"}}],"inLanguage":"ca"},{"@type":"Organization","@id":"https:\/\/biblioteca.blanes.cat\/salajove\/#organization","name":"Biblioteca Comarcal de Blanes","url":"https:\/\/biblioteca.blanes.cat\/salajove\/","logo":{"@type":"ImageObject","inLanguage":"ca","@id":"https:\/\/biblioteca.blanes.cat\/salajove\/#\/schema\/logo\/image\/","url":"https:\/\/biblioteca.blanes.cat\/salajove\/wp-content\/uploads\/sites\/3\/2017\/09\/cropped-Bib-blau-e1518869380535.png","contentUrl":"https:\/\/biblioteca.blanes.cat\/salajove\/wp-content\/uploads\/sites\/3\/2017\/09\/cropped-Bib-blau-e1518869380535.png","width":166,"height":166,"caption":"Biblioteca Comarcal de Blanes"},"image":{"@id":"https:\/\/biblioteca.blanes.cat\/salajove\/#\/schema\/logo\/image\/"},"sameAs":["https:\/\/www.facebook.com\/BilbiotecaComarcaldeBlanes\/","https:\/\/x.com\/BiblioBlanes","https:\/\/www.instagram.com\/biblioblanes\/","https:\/\/www.pinterest.es\/bblanes\/","https:\/\/www.youtube.com\/c\/BibliotecaComarcalBlanes"]},{"@type":"Person","@id":"https:\/\/biblioteca.blanes.cat\/salajove\/#\/schema\/person\/5a7b46760d9dd611d098bbf571a341dc","name":"biblioblanes","image":{"@type":"ImageObject","inLanguage":"ca","@id":"https:\/\/secure.gravatar.com\/avatar\/6593ca6cc90e5a70939f51c95e8315483b9c281bafba597292bee47992030f99?s=96&d=mm&r=g","url":"https:\/\/secure.gravatar.com\/avatar\/6593ca6cc90e5a70939f51c95e8315483b9c281bafba597292bee47992030f99?s=96&d=mm&r=g","contentUrl":"https:\/\/secure.gravatar.com\/avatar\/6593ca6cc90e5a70939f51c95e8315483b9c281bafba597292bee47992030f99?s=96&d=mm&r=g","caption":"biblioblanes"},"sameAs":["http:\/\/www.bibgirona.cat\/biblioteca\/blanes","https:\/\/x.com\/biblioblanes"],"url":"https:\/\/biblioteca.blanes.cat\/salajove\/author\/biblioblanes\/"}]}},"_links":{"self":[{"href":"https:\/\/biblioteca.blanes.cat\/salajove\/wp-json\/wp\/v2\/posts\/3861","targetHints":{"allow":["GET"]}}],"collection":[{"href":"https:\/\/biblioteca.blanes.cat\/salajove\/wp-json\/wp\/v2\/posts"}],"about":[{"href":"https:\/\/biblioteca.blanes.cat\/salajove\/wp-json\/wp\/v2\/types\/post"}],"author":[{"embeddable":true,"href":"https:\/\/biblioteca.blanes.cat\/salajove\/wp-json\/wp\/v2\/users\/4"}],"replies":[{"embeddable":true,"href":"https:\/\/biblioteca.blanes.cat\/salajove\/wp-json\/wp\/v2\/comments?post=3861"}],"version-history":[{"count":3,"href":"https:\/\/biblioteca.blanes.cat\/salajove\/wp-json\/wp\/v2\/posts\/3861\/revisions"}],"predecessor-version":[{"id":3996,"href":"https:\/\/biblioteca.blanes.cat\/salajove\/wp-json\/wp\/v2\/posts\/3861\/revisions\/3996"}],"wp:featuredmedia":[{"embeddable":true,"href":"https:\/\/biblioteca.blanes.cat\/salajove\/wp-json\/wp\/v2\/media\/3814"}],"wp:attachment":[{"href":"https:\/\/biblioteca.blanes.cat\/salajove\/wp-json\/wp\/v2\/media?parent=3861"}],"wp:term":[{"taxonomy":"category","embeddable":true,"href":"https:\/\/biblioteca.blanes.cat\/salajove\/wp-json\/wp\/v2\/categories?post=3861"},{"taxonomy":"post_tag","embeddable":true,"href":"https:\/\/biblioteca.blanes.cat\/salajove\/wp-json\/wp\/v2\/tags?post=3861"}],"curies":[{"name":"wp","href":"https:\/\/api.w.org\/{rel}","templated":true}]}}