{"id":3854,"date":"2020-04-03T12:09:07","date_gmt":"2020-04-03T11:09:07","guid":{"rendered":"https:\/\/biblioteca.blanes.cat\/salajove\/?p=3854"},"modified":"2020-04-03T12:09:07","modified_gmt":"2020-04-03T11:09:07","slug":"agora-jove-odss-per-skype","status":"publish","type":"post","link":"https:\/\/biblioteca.blanes.cat\/salajove\/2020\/04\/03\/agora-jove-odss-per-skype\/","title":{"rendered":"\u00c0GORA JOVE: ODSs per Skype"},"content":{"rendered":"<p lang=\"ca-ES\" style=\"text-align: center;\" align=\"justify\"><span style=\"font-family: Calibri, sans-serif; font-size: 20px;\">Hola de nou joves!!<\/span><\/p>\n<p lang=\"ca-ES\" align=\"justify\"><span style=\"font-family: Calibri, sans-serif;\">Avui el grup \u00c0gora Jove s&#8217;ha reunit per videotrucada per parlar de com portem el confinament, qu\u00e8 sentim i qu\u00e8 fem en el nostre temps lliure.<\/span><\/p>\n<p lang=\"ca-ES\" align=\"justify\"><span style=\"font-family: Calibri, sans-serif;\">Ens hem recomanat alguna s\u00e8rie tamb\u00e9&#8230;<\/span><\/p>\n<p lang=\"ca-ES\" align=\"justify\">\u00a0<\/p>\n<p lang=\"ca-ES\" style=\"text-align: center;\" align=\"justify\"><span style=\"font-family: Calibri, sans-serif;\">A m\u00e9s, aprofitant que aquest mes tocava tractar els <\/span><span style=\"font-family: Calibri, sans-serif;\"><span style=\"font-size: 20px;\"><strong>ODS del bloc de Planeta<\/strong><\/span>, <\/span><\/p>\n<p lang=\"ca-ES\" style=\"text-align: center;\" align=\"justify\"><span style=\"font-family: Calibri, sans-serif;\">hem comentat noticies sobre l&#8217;impacte de la situaci\u00f3 actual en el medi ambient, l&#8217;aigua, els animals terrestres i marins, la contaminaci\u00f3, etc. <\/span><\/p>\n<p lang=\"ca-ES\" style=\"text-align: center;\" align=\"justify\"><span style=\"font-family: Calibri, sans-serif;\">Sabeu que el forat de la capa d&#8217;oz\u00f3 ha disminu\u00eft al mateix tamany que fa 30 anys? <\/span><\/p>\n<p lang=\"ca-ES\" style=\"text-align: center;\" align=\"justify\"><span style=\"font-family: Calibri, sans-serif;\">O que la contaminaci\u00f3 a Barcelona ha baixat un 83%? <\/span><\/p>\n<p lang=\"ca-ES\" style=\"text-align: center;\" align=\"justify\"><span style=\"font-family: Calibri, sans-serif;\">O que a Tailandia han alliberat 78 elefants per falta de turistes?<\/span><\/p>\n<p lang=\"ca-ES\" align=\"justify\">\u00a0<\/p>\n<p lang=\"ca-ES\" style=\"text-align: left;\" align=\"justify\"><span style=\"font-family: Calibri, sans-serif;\">Aquestes noticies ens ha portat a reflexionar el seg\u00fcent: \u201cQuan tot torni a la normalitat tornar\u00e0 a empitjorar tot altre cop?\u201d. Esperem que de tot aix\u00f2 aprenguem a respectar m\u00e9s la natura i els animals, per aconseguir cumplir els ODS.<\/span><\/p>\n<p lang=\"ca-ES\" align=\"justify\"><span style=\"font-family: Calibri, sans-serif;\">Per \u00faltim, continuem preparant el calendari! Hem donat idees de fotografies per fer a casa sobre diferents ODS, per\u00f2 RECORDEU! Si voleu canviar d&#8217;aires i fer una activitat diferent per combatre l&#8217;avorriment, us animem a participar en la preparaci\u00f3 del Calendari \u00c0gora Jove 2021. <\/span><\/p>\n<p lang=\"ca-ES\" align=\"justify\"><span style=\"font-family: Calibri, sans-serif;\">Podeu deixar idees o propostes als stories de l&#8217;insta @bibliojove, enviar un privat o un email a <a href=\"mailto:tgallardo@blanes.cat\">tgallardo@blanes.cat<\/a>.<\/span><\/p>\n<p lang=\"ca-ES\" align=\"justify\"><img fetchpriority=\"high\" decoding=\"async\" class=\"aligncenter size-medium wp-image-3855\" src=\"https:\/\/biblioteca.blanes.cat\/salajove\/wp-content\/uploads\/sites\/3\/2020\/04\/n344_02_congres_ciencia_interna-300x297.png\" alt=\"\" width=\"300\" height=\"297\" srcset=\"https:\/\/biblioteca.blanes.cat\/salajove\/wp-content\/uploads\/sites\/3\/2020\/04\/n344_02_congres_ciencia_interna-300x297.png 300w, https:\/\/biblioteca.blanes.cat\/salajove\/wp-content\/uploads\/sites\/3\/2020\/04\/n344_02_congres_ciencia_interna-150x150.png 150w, https:\/\/biblioteca.blanes.cat\/salajove\/wp-content\/uploads\/sites\/3\/2020\/04\/n344_02_congres_ciencia_interna-768x760.png 768w, https:\/\/biblioteca.blanes.cat\/salajove\/wp-content\/uploads\/sites\/3\/2020\/04\/n344_02_congres_ciencia_interna-1024x1013.png 1024w, https:\/\/biblioteca.blanes.cat\/salajove\/wp-content\/uploads\/sites\/3\/2020\/04\/n344_02_congres_ciencia_interna.png 1200w\" sizes=\"(max-width: 300px) 100vw, 300px\" \/><\/p>\n<p lang=\"ca-ES\" style=\"text-align: center;\" align=\"justify\"><span style=\"font-family: Calibri, sans-serif;\">Cuideu-vos molt! \u00c0goraJoveEsQuedaACasa<\/span><\/p>\n","protected":false},"excerpt":{"rendered":"<p>Hola de nou joves!! Avui el grup \u00c0gora Jove s&#8217;ha reunit per videotrucada per parlar de com portem el confinament, qu\u00e8 sentim i qu\u00e8 fem en el nostre temps lliure. Ens hem recomanat alguna s\u00e8rie tamb\u00e9&#8230; \u00a0 A m\u00e9s, aprofitant<\/p>\n","protected":false},"author":4,"featured_media":3416,"comment_status":"open","ping_status":"open","sticky":false,"template":"","format":"standard","meta":{"sfsi_plus_gutenberg_text_before_share":"","sfsi_plus_gutenberg_show_text_before_share":"","sfsi_plus_gutenberg_icon_type":"","sfsi_plus_gutenberg_icon_alignemt":"","sfsi_plus_gutenburg_max_per_row":"","footnotes":""},"categories":[94],"tags":[97],"class_list":["post-3854","post","type-post","status-publish","format-standard","has-post-thumbnail","hentry","category-agora-jove","tag-activitats-actualitat-joves"],"yoast_head":"<!-- This site is optimized with the Yoast SEO plugin v27.5 - https:\/\/yoast.com\/product\/yoast-seo-wordpress\/ -->\n<title>\u00c0GORA JOVE: ODSs per Skype - Sala Jove<\/title>\n<meta name=\"robots\" content=\"index, follow, max-snippet:-1, max-image-preview:large, max-video-preview:-1\" \/>\n<link rel=\"canonical\" href=\"https:\/\/biblioteca.blanes.cat\/salajove\/2020\/04\/03\/agora-jove-odss-per-skype\/\" \/>\n<meta property=\"og:locale\" content=\"ca_ES\" \/>\n<meta property=\"og:type\" content=\"article\" \/>\n<meta property=\"og:title\" content=\"\u00c0GORA JOVE: ODSs per Skype - Sala Jove\" \/>\n<meta property=\"og:description\" content=\"Hola de nou joves!! Avui el grup \u00c0gora Jove s&#8217;ha reunit per videotrucada per parlar de com portem el confinament, qu\u00e8 sentim i qu\u00e8 fem en el nostre temps lliure. Ens hem recomanat alguna s\u00e8rie tamb\u00e9&#8230; \u00a0 A m\u00e9s, aprofitant\" \/>\n<meta property=\"og:url\" content=\"https:\/\/biblioteca.blanes.cat\/salajove\/2020\/04\/03\/agora-jove-odss-per-skype\/\" \/>\n<meta property=\"og:site_name\" content=\"Sala Jove\" \/>\n<meta property=\"article:publisher\" content=\"https:\/\/www.facebook.com\/BilbiotecaComarcaldeBlanes\/\" \/>\n<meta property=\"article:published_time\" content=\"2020-04-03T11:09:07+00:00\" \/>\n<meta property=\"og:image\" content=\"https:\/\/biblioteca.blanes.cat\/salajove\/wp-content\/uploads\/sites\/3\/2019\/12\/logo-\u00e0gora-jove-1.png\" \/>\n\t<meta property=\"og:image:width\" content=\"500\" \/>\n\t<meta property=\"og:image:height\" content=\"500\" \/>\n\t<meta property=\"og:image:type\" content=\"image\/png\" \/>\n<meta name=\"author\" content=\"biblioblanes\" \/>\n<meta name=\"twitter:card\" content=\"summary_large_image\" \/>\n<meta name=\"twitter:creator\" content=\"@biblioblanes\" \/>\n<meta name=\"twitter:site\" content=\"@BiblioBlanes\" \/>\n<meta name=\"twitter:label1\" content=\"Escrit per\" \/>\n\t<meta name=\"twitter:data1\" content=\"biblioblanes\" \/>\n\t<meta name=\"twitter:label2\" content=\"Temps estimat de lectura\" \/>\n\t<meta name=\"twitter:data2\" content=\"1 minut\" \/>\n<script type=\"application\/ld+json\" class=\"yoast-schema-graph\">{\"@context\":\"https:\\\/\\\/schema.org\",\"@graph\":[{\"@type\":\"Article\",\"@id\":\"https:\\\/\\\/biblioteca.blanes.cat\\\/salajove\\\/2020\\\/04\\\/03\\\/agora-jove-odss-per-skype\\\/#article\",\"isPartOf\":{\"@id\":\"https:\\\/\\\/biblioteca.blanes.cat\\\/salajove\\\/2020\\\/04\\\/03\\\/agora-jove-odss-per-skype\\\/\"},\"author\":{\"name\":\"biblioblanes\",\"@id\":\"https:\\\/\\\/biblioteca.blanes.cat\\\/salajove\\\/#\\\/schema\\\/person\\\/5a7b46760d9dd611d098bbf571a341dc\"},\"headline\":\"\u00c0GORA JOVE: ODSs per Skype\",\"datePublished\":\"2020-04-03T11:09:07+00:00\",\"mainEntityOfPage\":{\"@id\":\"https:\\\/\\\/biblioteca.blanes.cat\\\/salajove\\\/2020\\\/04\\\/03\\\/agora-jove-odss-per-skype\\\/\"},\"wordCount\":231,\"commentCount\":0,\"publisher\":{\"@id\":\"https:\\\/\\\/biblioteca.blanes.cat\\\/salajove\\\/#organization\"},\"image\":{\"@id\":\"https:\\\/\\\/biblioteca.blanes.cat\\\/salajove\\\/2020\\\/04\\\/03\\\/agora-jove-odss-per-skype\\\/#primaryimage\"},\"thumbnailUrl\":\"https:\\\/\\\/biblioteca.blanes.cat\\\/salajove\\\/wp-content\\\/uploads\\\/sites\\\/3\\\/2019\\\/12\\\/logo-\u00e0gora-jove-1.png\",\"keywords\":[\"#Activitats #Actualitat #Joves\"],\"articleSection\":[\"\u00c0gora Jove\"],\"inLanguage\":\"ca\",\"potentialAction\":[{\"@type\":\"CommentAction\",\"name\":\"Comment\",\"target\":[\"https:\\\/\\\/biblioteca.blanes.cat\\\/salajove\\\/2020\\\/04\\\/03\\\/agora-jove-odss-per-skype\\\/#respond\"]}]},{\"@type\":\"WebPage\",\"@id\":\"https:\\\/\\\/biblioteca.blanes.cat\\\/salajove\\\/2020\\\/04\\\/03\\\/agora-jove-odss-per-skype\\\/\",\"url\":\"https:\\\/\\\/biblioteca.blanes.cat\\\/salajove\\\/2020\\\/04\\\/03\\\/agora-jove-odss-per-skype\\\/\",\"name\":\"\u00c0GORA JOVE: ODSs per Skype - Sala Jove\",\"isPartOf\":{\"@id\":\"https:\\\/\\\/biblioteca.blanes.cat\\\/salajove\\\/#website\"},\"primaryImageOfPage\":{\"@id\":\"https:\\\/\\\/biblioteca.blanes.cat\\\/salajove\\\/2020\\\/04\\\/03\\\/agora-jove-odss-per-skype\\\/#primaryimage\"},\"image\":{\"@id\":\"https:\\\/\\\/biblioteca.blanes.cat\\\/salajove\\\/2020\\\/04\\\/03\\\/agora-jove-odss-per-skype\\\/#primaryimage\"},\"thumbnailUrl\":\"https:\\\/\\\/biblioteca.blanes.cat\\\/salajove\\\/wp-content\\\/uploads\\\/sites\\\/3\\\/2019\\\/12\\\/logo-\u00e0gora-jove-1.png\",\"datePublished\":\"2020-04-03T11:09:07+00:00\",\"breadcrumb\":{\"@id\":\"https:\\\/\\\/biblioteca.blanes.cat\\\/salajove\\\/2020\\\/04\\\/03\\\/agora-jove-odss-per-skype\\\/#breadcrumb\"},\"inLanguage\":\"ca\",\"potentialAction\":[{\"@type\":\"ReadAction\",\"target\":[\"https:\\\/\\\/biblioteca.blanes.cat\\\/salajove\\\/2020\\\/04\\\/03\\\/agora-jove-odss-per-skype\\\/\"]}]},{\"@type\":\"ImageObject\",\"inLanguage\":\"ca\",\"@id\":\"https:\\\/\\\/biblioteca.blanes.cat\\\/salajove\\\/2020\\\/04\\\/03\\\/agora-jove-odss-per-skype\\\/#primaryimage\",\"url\":\"https:\\\/\\\/biblioteca.blanes.cat\\\/salajove\\\/wp-content\\\/uploads\\\/sites\\\/3\\\/2019\\\/12\\\/logo-\u00e0gora-jove-1.png\",\"contentUrl\":\"https:\\\/\\\/biblioteca.blanes.cat\\\/salajove\\\/wp-content\\\/uploads\\\/sites\\\/3\\\/2019\\\/12\\\/logo-\u00e0gora-jove-1.png\",\"width\":500,\"height\":500},{\"@type\":\"BreadcrumbList\",\"@id\":\"https:\\\/\\\/biblioteca.blanes.cat\\\/salajove\\\/2020\\\/04\\\/03\\\/agora-jove-odss-per-skype\\\/#breadcrumb\",\"itemListElement\":[{\"@type\":\"ListItem\",\"position\":1,\"name\":\"Inici\",\"item\":\"https:\\\/\\\/biblioteca.blanes.cat\\\/salajove\\\/\"},{\"@type\":\"ListItem\",\"position\":2,\"name\":\"\u00c0GORA JOVE: ODSs per Skype\"}]},{\"@type\":\"WebSite\",\"@id\":\"https:\\\/\\\/biblioteca.blanes.cat\\\/salajove\\\/#website\",\"url\":\"https:\\\/\\\/biblioteca.blanes.cat\\\/salajove\\\/\",\"name\":\"Sala Jove\",\"description\":\"Biblioteca Comarcal de Blanes\",\"publisher\":{\"@id\":\"https:\\\/\\\/biblioteca.blanes.cat\\\/salajove\\\/#organization\"},\"potentialAction\":[{\"@type\":\"SearchAction\",\"target\":{\"@type\":\"EntryPoint\",\"urlTemplate\":\"https:\\\/\\\/biblioteca.blanes.cat\\\/salajove\\\/?s={search_term_string}\"},\"query-input\":{\"@type\":\"PropertyValueSpecification\",\"valueRequired\":true,\"valueName\":\"search_term_string\"}}],\"inLanguage\":\"ca\"},{\"@type\":\"Organization\",\"@id\":\"https:\\\/\\\/biblioteca.blanes.cat\\\/salajove\\\/#organization\",\"name\":\"Biblioteca Comarcal de Blanes\",\"url\":\"https:\\\/\\\/biblioteca.blanes.cat\\\/salajove\\\/\",\"logo\":{\"@type\":\"ImageObject\",\"inLanguage\":\"ca\",\"@id\":\"https:\\\/\\\/biblioteca.blanes.cat\\\/salajove\\\/#\\\/schema\\\/logo\\\/image\\\/\",\"url\":\"https:\\\/\\\/biblioteca.blanes.cat\\\/salajove\\\/wp-content\\\/uploads\\\/sites\\\/3\\\/2017\\\/09\\\/cropped-Bib-blau-e1518869380535.png\",\"contentUrl\":\"https:\\\/\\\/biblioteca.blanes.cat\\\/salajove\\\/wp-content\\\/uploads\\\/sites\\\/3\\\/2017\\\/09\\\/cropped-Bib-blau-e1518869380535.png\",\"width\":166,\"height\":166,\"caption\":\"Biblioteca Comarcal de Blanes\"},\"image\":{\"@id\":\"https:\\\/\\\/biblioteca.blanes.cat\\\/salajove\\\/#\\\/schema\\\/logo\\\/image\\\/\"},\"sameAs\":[\"https:\\\/\\\/www.facebook.com\\\/BilbiotecaComarcaldeBlanes\\\/\",\"https:\\\/\\\/x.com\\\/BiblioBlanes\",\"https:\\\/\\\/www.instagram.com\\\/biblioblanes\\\/\",\"https:\\\/\\\/www.pinterest.es\\\/bblanes\\\/\",\"https:\\\/\\\/www.youtube.com\\\/c\\\/BibliotecaComarcalBlanes\"]},{\"@type\":\"Person\",\"@id\":\"https:\\\/\\\/biblioteca.blanes.cat\\\/salajove\\\/#\\\/schema\\\/person\\\/5a7b46760d9dd611d098bbf571a341dc\",\"name\":\"biblioblanes\",\"image\":{\"@type\":\"ImageObject\",\"inLanguage\":\"ca\",\"@id\":\"https:\\\/\\\/secure.gravatar.com\\\/avatar\\\/6593ca6cc90e5a70939f51c95e8315483b9c281bafba597292bee47992030f99?s=96&d=mm&r=g\",\"url\":\"https:\\\/\\\/secure.gravatar.com\\\/avatar\\\/6593ca6cc90e5a70939f51c95e8315483b9c281bafba597292bee47992030f99?s=96&d=mm&r=g\",\"contentUrl\":\"https:\\\/\\\/secure.gravatar.com\\\/avatar\\\/6593ca6cc90e5a70939f51c95e8315483b9c281bafba597292bee47992030f99?s=96&d=mm&r=g\",\"caption\":\"biblioblanes\"},\"sameAs\":[\"http:\\\/\\\/www.bibgirona.cat\\\/biblioteca\\\/blanes\",\"https:\\\/\\\/x.com\\\/biblioblanes\"],\"url\":\"https:\\\/\\\/biblioteca.blanes.cat\\\/salajove\\\/author\\\/biblioblanes\\\/\"}]}<\/script>\n<!-- \/ Yoast SEO plugin. -->","yoast_head_json":{"title":"\u00c0GORA JOVE: ODSs per Skype - Sala Jove","robots":{"index":"index","follow":"follow","max-snippet":"max-snippet:-1","max-image-preview":"max-image-preview:large","max-video-preview":"max-video-preview:-1"},"canonical":"https:\/\/biblioteca.blanes.cat\/salajove\/2020\/04\/03\/agora-jove-odss-per-skype\/","og_locale":"ca_ES","og_type":"article","og_title":"\u00c0GORA JOVE: ODSs per Skype - Sala Jove","og_description":"Hola de nou joves!! Avui el grup \u00c0gora Jove s&#8217;ha reunit per videotrucada per parlar de com portem el confinament, qu\u00e8 sentim i qu\u00e8 fem en el nostre temps lliure. Ens hem recomanat alguna s\u00e8rie tamb\u00e9&#8230; \u00a0 A m\u00e9s, aprofitant","og_url":"https:\/\/biblioteca.blanes.cat\/salajove\/2020\/04\/03\/agora-jove-odss-per-skype\/","og_site_name":"Sala Jove","article_publisher":"https:\/\/www.facebook.com\/BilbiotecaComarcaldeBlanes\/","article_published_time":"2020-04-03T11:09:07+00:00","og_image":[{"width":500,"height":500,"url":"https:\/\/biblioteca.blanes.cat\/salajove\/wp-content\/uploads\/sites\/3\/2019\/12\/logo-\u00e0gora-jove-1.png","type":"image\/png"}],"author":"biblioblanes","twitter_card":"summary_large_image","twitter_creator":"@biblioblanes","twitter_site":"@BiblioBlanes","twitter_misc":{"Escrit per":"biblioblanes","Temps estimat de lectura":"1 minut"},"schema":{"@context":"https:\/\/schema.org","@graph":[{"@type":"Article","@id":"https:\/\/biblioteca.blanes.cat\/salajove\/2020\/04\/03\/agora-jove-odss-per-skype\/#article","isPartOf":{"@id":"https:\/\/biblioteca.blanes.cat\/salajove\/2020\/04\/03\/agora-jove-odss-per-skype\/"},"author":{"name":"biblioblanes","@id":"https:\/\/biblioteca.blanes.cat\/salajove\/#\/schema\/person\/5a7b46760d9dd611d098bbf571a341dc"},"headline":"\u00c0GORA JOVE: ODSs per Skype","datePublished":"2020-04-03T11:09:07+00:00","mainEntityOfPage":{"@id":"https:\/\/biblioteca.blanes.cat\/salajove\/2020\/04\/03\/agora-jove-odss-per-skype\/"},"wordCount":231,"commentCount":0,"publisher":{"@id":"https:\/\/biblioteca.blanes.cat\/salajove\/#organization"},"image":{"@id":"https:\/\/biblioteca.blanes.cat\/salajove\/2020\/04\/03\/agora-jove-odss-per-skype\/#primaryimage"},"thumbnailUrl":"https:\/\/biblioteca.blanes.cat\/salajove\/wp-content\/uploads\/sites\/3\/2019\/12\/logo-\u00e0gora-jove-1.png","keywords":["#Activitats #Actualitat #Joves"],"articleSection":["\u00c0gora Jove"],"inLanguage":"ca","potentialAction":[{"@type":"CommentAction","name":"Comment","target":["https:\/\/biblioteca.blanes.cat\/salajove\/2020\/04\/03\/agora-jove-odss-per-skype\/#respond"]}]},{"@type":"WebPage","@id":"https:\/\/biblioteca.blanes.cat\/salajove\/2020\/04\/03\/agora-jove-odss-per-skype\/","url":"https:\/\/biblioteca.blanes.cat\/salajove\/2020\/04\/03\/agora-jove-odss-per-skype\/","name":"\u00c0GORA JOVE: ODSs per Skype - Sala Jove","isPartOf":{"@id":"https:\/\/biblioteca.blanes.cat\/salajove\/#website"},"primaryImageOfPage":{"@id":"https:\/\/biblioteca.blanes.cat\/salajove\/2020\/04\/03\/agora-jove-odss-per-skype\/#primaryimage"},"image":{"@id":"https:\/\/biblioteca.blanes.cat\/salajove\/2020\/04\/03\/agora-jove-odss-per-skype\/#primaryimage"},"thumbnailUrl":"https:\/\/biblioteca.blanes.cat\/salajove\/wp-content\/uploads\/sites\/3\/2019\/12\/logo-\u00e0gora-jove-1.png","datePublished":"2020-04-03T11:09:07+00:00","breadcrumb":{"@id":"https:\/\/biblioteca.blanes.cat\/salajove\/2020\/04\/03\/agora-jove-odss-per-skype\/#breadcrumb"},"inLanguage":"ca","potentialAction":[{"@type":"ReadAction","target":["https:\/\/biblioteca.blanes.cat\/salajove\/2020\/04\/03\/agora-jove-odss-per-skype\/"]}]},{"@type":"ImageObject","inLanguage":"ca","@id":"https:\/\/biblioteca.blanes.cat\/salajove\/2020\/04\/03\/agora-jove-odss-per-skype\/#primaryimage","url":"https:\/\/biblioteca.blanes.cat\/salajove\/wp-content\/uploads\/sites\/3\/2019\/12\/logo-\u00e0gora-jove-1.png","contentUrl":"https:\/\/biblioteca.blanes.cat\/salajove\/wp-content\/uploads\/sites\/3\/2019\/12\/logo-\u00e0gora-jove-1.png","width":500,"height":500},{"@type":"BreadcrumbList","@id":"https:\/\/biblioteca.blanes.cat\/salajove\/2020\/04\/03\/agora-jove-odss-per-skype\/#breadcrumb","itemListElement":[{"@type":"ListItem","position":1,"name":"Inici","item":"https:\/\/biblioteca.blanes.cat\/salajove\/"},{"@type":"ListItem","position":2,"name":"\u00c0GORA JOVE: ODSs per Skype"}]},{"@type":"WebSite","@id":"https:\/\/biblioteca.blanes.cat\/salajove\/#website","url":"https:\/\/biblioteca.blanes.cat\/salajove\/","name":"Sala Jove","description":"Biblioteca Comarcal de Blanes","publisher":{"@id":"https:\/\/biblioteca.blanes.cat\/salajove\/#organization"},"potentialAction":[{"@type":"SearchAction","target":{"@type":"EntryPoint","urlTemplate":"https:\/\/biblioteca.blanes.cat\/salajove\/?s={search_term_string}"},"query-input":{"@type":"PropertyValueSpecification","valueRequired":true,"valueName":"search_term_string"}}],"inLanguage":"ca"},{"@type":"Organization","@id":"https:\/\/biblioteca.blanes.cat\/salajove\/#organization","name":"Biblioteca Comarcal de Blanes","url":"https:\/\/biblioteca.blanes.cat\/salajove\/","logo":{"@type":"ImageObject","inLanguage":"ca","@id":"https:\/\/biblioteca.blanes.cat\/salajove\/#\/schema\/logo\/image\/","url":"https:\/\/biblioteca.blanes.cat\/salajove\/wp-content\/uploads\/sites\/3\/2017\/09\/cropped-Bib-blau-e1518869380535.png","contentUrl":"https:\/\/biblioteca.blanes.cat\/salajove\/wp-content\/uploads\/sites\/3\/2017\/09\/cropped-Bib-blau-e1518869380535.png","width":166,"height":166,"caption":"Biblioteca Comarcal de Blanes"},"image":{"@id":"https:\/\/biblioteca.blanes.cat\/salajove\/#\/schema\/logo\/image\/"},"sameAs":["https:\/\/www.facebook.com\/BilbiotecaComarcaldeBlanes\/","https:\/\/x.com\/BiblioBlanes","https:\/\/www.instagram.com\/biblioblanes\/","https:\/\/www.pinterest.es\/bblanes\/","https:\/\/www.youtube.com\/c\/BibliotecaComarcalBlanes"]},{"@type":"Person","@id":"https:\/\/biblioteca.blanes.cat\/salajove\/#\/schema\/person\/5a7b46760d9dd611d098bbf571a341dc","name":"biblioblanes","image":{"@type":"ImageObject","inLanguage":"ca","@id":"https:\/\/secure.gravatar.com\/avatar\/6593ca6cc90e5a70939f51c95e8315483b9c281bafba597292bee47992030f99?s=96&d=mm&r=g","url":"https:\/\/secure.gravatar.com\/avatar\/6593ca6cc90e5a70939f51c95e8315483b9c281bafba597292bee47992030f99?s=96&d=mm&r=g","contentUrl":"https:\/\/secure.gravatar.com\/avatar\/6593ca6cc90e5a70939f51c95e8315483b9c281bafba597292bee47992030f99?s=96&d=mm&r=g","caption":"biblioblanes"},"sameAs":["http:\/\/www.bibgirona.cat\/biblioteca\/blanes","https:\/\/x.com\/biblioblanes"],"url":"https:\/\/biblioteca.blanes.cat\/salajove\/author\/biblioblanes\/"}]}},"_links":{"self":[{"href":"https:\/\/biblioteca.blanes.cat\/salajove\/wp-json\/wp\/v2\/posts\/3854","targetHints":{"allow":["GET"]}}],"collection":[{"href":"https:\/\/biblioteca.blanes.cat\/salajove\/wp-json\/wp\/v2\/posts"}],"about":[{"href":"https:\/\/biblioteca.blanes.cat\/salajove\/wp-json\/wp\/v2\/types\/post"}],"author":[{"embeddable":true,"href":"https:\/\/biblioteca.blanes.cat\/salajove\/wp-json\/wp\/v2\/users\/4"}],"replies":[{"embeddable":true,"href":"https:\/\/biblioteca.blanes.cat\/salajove\/wp-json\/wp\/v2\/comments?post=3854"}],"version-history":[{"count":5,"href":"https:\/\/biblioteca.blanes.cat\/salajove\/wp-json\/wp\/v2\/posts\/3854\/revisions"}],"predecessor-version":[{"id":3860,"href":"https:\/\/biblioteca.blanes.cat\/salajove\/wp-json\/wp\/v2\/posts\/3854\/revisions\/3860"}],"wp:featuredmedia":[{"embeddable":true,"href":"https:\/\/biblioteca.blanes.cat\/salajove\/wp-json\/wp\/v2\/media\/3416"}],"wp:attachment":[{"href":"https:\/\/biblioteca.blanes.cat\/salajove\/wp-json\/wp\/v2\/media?parent=3854"}],"wp:term":[{"taxonomy":"category","embeddable":true,"href":"https:\/\/biblioteca.blanes.cat\/salajove\/wp-json\/wp\/v2\/categories?post=3854"},{"taxonomy":"post_tag","embeddable":true,"href":"https:\/\/biblioteca.blanes.cat\/salajove\/wp-json\/wp\/v2\/tags?post=3854"}],"curies":[{"name":"wp","href":"https:\/\/api.w.org\/{rel}","templated":true}]}}