{"id":3843,"date":"2020-03-26T16:26:31","date_gmt":"2020-03-26T15:26:31","guid":{"rendered":"https:\/\/biblioteca.blanes.cat\/salajove\/?p=3843"},"modified":"2020-04-06T12:12:34","modified_gmt":"2020-04-06T11:12:34","slug":"clj-marc-2020-club-de-lectura-jove-on-line","status":"publish","type":"post","link":"https:\/\/biblioteca.blanes.cat\/salajove\/2020\/03\/26\/clj-marc-2020-club-de-lectura-jove-on-line\/","title":{"rendered":"CLJ: Mar\u00e7 2020: Club de lectura jove on-line!"},"content":{"rendered":"<h1 style=\"text-align: center;\">Al club de lectura jove aquest mes hem comentat:<\/h1>\n<p style=\"text-align: center;\">HISTORIA DE UN N\u00c1UFRAGO HIPOCONDR\u00cdACO!<\/p>\n<p style=\"text-align: center;\">de Defreds<\/p>\n<p>&nbsp;<\/p>\n<p>La sessi\u00f3 del club de lectura d&#8217;aquest mes va quedar anul.lada, per\u00f2 des de la Biblioteca de Blanes no deixem de fer feina i els nostres joves tampoc!\u00a0<\/p>\n<p><!--more-->Els nois del club de lectura jove no s&#8217;han volgut perdre l&#8217;oportunitat de comentar una vegada m\u00e9s el que pensen sobre la lectura proposada per la Biblioteca per aquest mes. Per aquest motiu se&#8217;ls ha convidat a compartir via email les seves sensacions\u00a0 i curiositats sobre la novel.la.<\/p>\n<p><strong>Primerament, coneixem Defreds i el seu llibre &#8220;Historia de un n\u00e1ufrago hipocondr\u00edaco&#8221;:<\/strong><\/p>\n<p><img fetchpriority=\"high\" decoding=\"async\" class=\"size-medium wp-image-3845 alignleft\" src=\"https:\/\/biblioteca.blanes.cat\/salajove\/wp-content\/uploads\/sites\/3\/2020\/03\/historia-de-un-naufrago-hipocondriaco-foto-300x300.jpg\" alt=\"\" width=\"300\" height=\"300\" srcset=\"https:\/\/biblioteca.blanes.cat\/salajove\/wp-content\/uploads\/sites\/3\/2020\/03\/historia-de-un-naufrago-hipocondriaco-foto-300x300.jpg 300w, https:\/\/biblioteca.blanes.cat\/salajove\/wp-content\/uploads\/sites\/3\/2020\/03\/historia-de-un-naufrago-hipocondriaco-foto-150x150.jpg 150w, https:\/\/biblioteca.blanes.cat\/salajove\/wp-content\/uploads\/sites\/3\/2020\/03\/historia-de-un-naufrago-hipocondriaco-foto-768x768.jpg 768w, https:\/\/biblioteca.blanes.cat\/salajove\/wp-content\/uploads\/sites\/3\/2020\/03\/historia-de-un-naufrago-hipocondriaco-foto-270x270.jpg 270w, https:\/\/biblioteca.blanes.cat\/salajove\/wp-content\/uploads\/sites\/3\/2020\/03\/historia-de-un-naufrago-hipocondriaco-foto-230x230.jpg 230w, https:\/\/biblioteca.blanes.cat\/salajove\/wp-content\/uploads\/sites\/3\/2020\/03\/historia-de-un-naufrago-hipocondriaco-foto.jpg 800w\" sizes=\"(max-width: 300px) 100vw, 300px\" \/>Defreds \u00e9s el nom que utilitza l&#8217;escriptor espanyol Jos\u00e9 \u00c1ngel G\u00f3mez Iglesias per signar la seva obra liter\u00e0ria i la seva pres\u00e8ncia a les xarxes socials.\u00a0<\/p>\n<p>L&#8217;any 2015 va escriure el seu primer llibre Casi sin querer, el qual \u00e9s una recopilaci\u00f3 dels seus millors textos, carregats de sentiments i d&#8217;emoci\u00f3, amb el qual ha aconseguit un gran \u00e8xit. Podem dir, doncs, que es tracta d&#8217;un escriptor molt jove i actual.<\/p>\n<p lang=\"ca-ES\" align=\"justify\">Historia de un n\u00e1ufrago hipocondr\u00edaco \u00e9s un llibre de Poesia, per aquest motiu va ser seleccionat per llegir-lo el mes de mar\u00e7 en motiu de la celebraci\u00f3 del dia de la poesia.<\/p>\n<p lang=\"ca-ES\" align=\"justify\">S\u00f3n textos que reflexen alhora viv\u00e8ncies amb les quals et pots sentir molt identificat. Defred sap transformar all\u00f2 quotidi\u00e0 en prosa po\u00e8tica. No es tracta de poesia tradicional, ni rimes assonants ni consonants, s\u00f3n sentiments, riures, plors.. Apareixen algunes met\u00e0fores i repeticions.<\/p>\n<p lang=\"ca-ES\" align=\"justify\">Es divideix en quatre parts, que en un principi poden semblar que no tenen cap connexi\u00f3 per\u00f2 quan arribes al final de cadascuna vas entenent el perqu\u00e8 de cada una:<\/p>\n<p class=\"western\" lang=\"ca-ES\" align=\"justify\"><span style=\"font-family: 'Maiandra GD', Candara, sans-serif;\">-Naufragi (declaracions d&#8217;amor)<\/span><\/p>\n<p lang=\"ca-ES\" align=\"justify\">-Illa (l&#8217;amor augmenta la seva dosis)<\/p>\n<p lang=\"ca-ES\" align=\"justify\">-Vida a la illa (comiat, per\u00f2 amb optimisme, ha superat el naufragi)<\/p>\n<p lang=\"ca-ES\" align=\"justify\">-Rescat (dossis d&#8217;optimisme, confian\u00e7a, igualtat)<\/p>\n<p lang=\"ca-ES\" align=\"justify\">\u00a0<\/p>\n<p lang=\"ca-ES\" align=\"justify\"><strong>L&#8217;opini\u00f3 dels nostres joves ha estat la seg\u00fcent:<\/strong><\/p>\n<p lang=\"ca-ES\" align=\"justify\">&#8220;M&#8217;ha semblat un llibre molt modern per\u00f2 no he trobat poesia amb rimes per enlloc&#8221;<\/p>\n<p lang=\"ca-ES\" align=\"justify\">&#8220;El millor de la novel.la s\u00f3n els microcontes del final&#8221;<\/p>\n<p lang=\"ca-ES\" align=\"justify\">&#8220;M&#8217;ha costat molt diferenciar les 4 parts del text, he hagut de llegir-lo varies vegades&#8221;<\/p>\n<p lang=\"ca-ES\" align=\"justify\">&#8220;\u00c9s una de les lectures que m&#8217;ha deixat m\u00e9s trastocada!&#8221; &#8220;Ha estat guay!, curta per\u00f2 molt fosca&#8221;<\/p>\n<p lang=\"ca-ES\" align=\"justify\">\u00a0<\/p>\n<p lang=\"ca-ES\" style=\"text-align: center;\" align=\"justify\">Gr\u00e0cies joves! Us animo a que us llegiu la propera lectura:<\/p>\n<p lang=\"ca-ES\" style=\"text-align: center;\" align=\"justify\"><span style=\"font-size: 32px;\">&#8220;Diez negritos&#8221; cl\u00e0ssic d&#8217;Agatha Christie<\/span><\/p>\n<p lang=\"ca-ES\" style=\"text-align: center;\" align=\"justify\">per a adults i joves <span style=\"text-decoration: underline;\">(La trobareu a la plataforma <span style=\"font-size: 24px;\">EBiblio<\/span> en format digital<\/span>)<\/p>\n<p lang=\"ca-ES\" style=\"text-align: center;\" align=\"justify\">i el comentem a l&#8217;Abril (esperem que tots junts a la Biblioteca)<\/p>\n<p lang=\"ca-ES\" align=\"justify\">\u00a0<\/p>\n<p class=\"western\" lang=\"ca-ES\" align=\"justify\">\u00a0<\/p>\n","protected":false},"excerpt":{"rendered":"<p>Al club de lectura jove aquest mes hem comentat: HISTORIA DE UN N\u00c1UFRAGO HIPOCONDR\u00cdACO! de Defreds &nbsp; La sessi\u00f3 del club de lectura d&#8217;aquest mes va quedar anul.lada, per\u00f2 des de la Biblioteca de Blanes no deixem de fer feina<\/p>\n","protected":false},"author":4,"featured_media":2936,"comment_status":"open","ping_status":"open","sticky":false,"template":"","format":"standard","meta":{"sfsi_plus_gutenberg_text_before_share":"","sfsi_plus_gutenberg_show_text_before_share":"","sfsi_plus_gutenberg_icon_type":"","sfsi_plus_gutenberg_icon_alignemt":"","sfsi_plus_gutenburg_max_per_row":"","footnotes":""},"categories":[5],"tags":[91],"class_list":["post-3843","post","type-post","status-publish","format-standard","has-post-thumbnail","hentry","category-club-de-lectura","tag-activitats-clubdelectura-gamificacio-jocs-joves-lectura-literatura-llibres"],"yoast_head":"<!-- This site is optimized with the Yoast SEO plugin v27.5 - https:\/\/yoast.com\/product\/yoast-seo-wordpress\/ -->\n<title>CLJ: Mar\u00e7 2020: Club de lectura jove on-line! - Sala Jove<\/title>\n<meta name=\"robots\" content=\"index, follow, max-snippet:-1, max-image-preview:large, max-video-preview:-1\" \/>\n<link rel=\"canonical\" href=\"https:\/\/biblioteca.blanes.cat\/salajove\/2020\/03\/26\/clj-marc-2020-club-de-lectura-jove-on-line\/\" \/>\n<meta property=\"og:locale\" content=\"ca_ES\" \/>\n<meta property=\"og:type\" content=\"article\" \/>\n<meta property=\"og:title\" content=\"CLJ: Mar\u00e7 2020: Club de lectura jove on-line! - Sala Jove\" \/>\n<meta property=\"og:description\" content=\"Al club de lectura jove aquest mes hem comentat: HISTORIA DE UN N\u00c1UFRAGO HIPOCONDR\u00cdACO! de Defreds &nbsp; La sessi\u00f3 del club de lectura d&#8217;aquest mes va quedar anul.lada, per\u00f2 des de la Biblioteca de Blanes no deixem de fer feina\" \/>\n<meta property=\"og:url\" content=\"https:\/\/biblioteca.blanes.cat\/salajove\/2020\/03\/26\/clj-marc-2020-club-de-lectura-jove-on-line\/\" \/>\n<meta property=\"og:site_name\" content=\"Sala Jove\" \/>\n<meta property=\"article:publisher\" content=\"https:\/\/www.facebook.com\/BilbiotecaComarcaldeBlanes\/\" \/>\n<meta property=\"article:published_time\" content=\"2020-03-26T15:26:31+00:00\" \/>\n<meta property=\"article:modified_time\" content=\"2020-04-06T11:12:34+00:00\" \/>\n<meta property=\"og:image\" content=\"https:\/\/biblioteca.blanes.cat\/salajove\/wp-content\/uploads\/sites\/3\/2019\/05\/CLJ_.png\" \/>\n\t<meta property=\"og:image:width\" content=\"3719\" \/>\n\t<meta property=\"og:image:height\" content=\"3719\" \/>\n\t<meta property=\"og:image:type\" content=\"image\/png\" \/>\n<meta name=\"author\" content=\"biblioblanes\" \/>\n<meta name=\"twitter:card\" content=\"summary_large_image\" \/>\n<meta name=\"twitter:creator\" content=\"@biblioblanes\" \/>\n<meta name=\"twitter:site\" content=\"@BiblioBlanes\" \/>\n<meta name=\"twitter:label1\" content=\"Escrit per\" \/>\n\t<meta name=\"twitter:data1\" content=\"biblioblanes\" \/>\n\t<meta name=\"twitter:label2\" content=\"Temps estimat de lectura\" \/>\n\t<meta name=\"twitter:data2\" content=\"2 minuts\" \/>\n<script type=\"application\/ld+json\" class=\"yoast-schema-graph\">{\"@context\":\"https:\\\/\\\/schema.org\",\"@graph\":[{\"@type\":\"Article\",\"@id\":\"https:\\\/\\\/biblioteca.blanes.cat\\\/salajove\\\/2020\\\/03\\\/26\\\/clj-marc-2020-club-de-lectura-jove-on-line\\\/#article\",\"isPartOf\":{\"@id\":\"https:\\\/\\\/biblioteca.blanes.cat\\\/salajove\\\/2020\\\/03\\\/26\\\/clj-marc-2020-club-de-lectura-jove-on-line\\\/\"},\"author\":{\"name\":\"biblioblanes\",\"@id\":\"https:\\\/\\\/biblioteca.blanes.cat\\\/salajove\\\/#\\\/schema\\\/person\\\/5a7b46760d9dd611d098bbf571a341dc\"},\"headline\":\"CLJ: Mar\u00e7 2020: Club de lectura jove on-line!\",\"datePublished\":\"2020-03-26T15:26:31+00:00\",\"dateModified\":\"2020-04-06T11:12:34+00:00\",\"mainEntityOfPage\":{\"@id\":\"https:\\\/\\\/biblioteca.blanes.cat\\\/salajove\\\/2020\\\/03\\\/26\\\/clj-marc-2020-club-de-lectura-jove-on-line\\\/\"},\"wordCount\":459,\"commentCount\":0,\"publisher\":{\"@id\":\"https:\\\/\\\/biblioteca.blanes.cat\\\/salajove\\\/#organization\"},\"image\":{\"@id\":\"https:\\\/\\\/biblioteca.blanes.cat\\\/salajove\\\/2020\\\/03\\\/26\\\/clj-marc-2020-club-de-lectura-jove-on-line\\\/#primaryimage\"},\"thumbnailUrl\":\"https:\\\/\\\/biblioteca.blanes.cat\\\/salajove\\\/wp-content\\\/uploads\\\/sites\\\/3\\\/2019\\\/05\\\/CLJ_.png\",\"keywords\":[\"#Activitats #ClubdeLectura #Gamificaci\u00f3 #jocs #Joves #Lectura #Literatura #Llibres\"],\"articleSection\":[\"Club de Lectura\"],\"inLanguage\":\"ca\",\"potentialAction\":[{\"@type\":\"CommentAction\",\"name\":\"Comment\",\"target\":[\"https:\\\/\\\/biblioteca.blanes.cat\\\/salajove\\\/2020\\\/03\\\/26\\\/clj-marc-2020-club-de-lectura-jove-on-line\\\/#respond\"]}]},{\"@type\":\"WebPage\",\"@id\":\"https:\\\/\\\/biblioteca.blanes.cat\\\/salajove\\\/2020\\\/03\\\/26\\\/clj-marc-2020-club-de-lectura-jove-on-line\\\/\",\"url\":\"https:\\\/\\\/biblioteca.blanes.cat\\\/salajove\\\/2020\\\/03\\\/26\\\/clj-marc-2020-club-de-lectura-jove-on-line\\\/\",\"name\":\"CLJ: Mar\u00e7 2020: Club de lectura jove on-line! - Sala Jove\",\"isPartOf\":{\"@id\":\"https:\\\/\\\/biblioteca.blanes.cat\\\/salajove\\\/#website\"},\"primaryImageOfPage\":{\"@id\":\"https:\\\/\\\/biblioteca.blanes.cat\\\/salajove\\\/2020\\\/03\\\/26\\\/clj-marc-2020-club-de-lectura-jove-on-line\\\/#primaryimage\"},\"image\":{\"@id\":\"https:\\\/\\\/biblioteca.blanes.cat\\\/salajove\\\/2020\\\/03\\\/26\\\/clj-marc-2020-club-de-lectura-jove-on-line\\\/#primaryimage\"},\"thumbnailUrl\":\"https:\\\/\\\/biblioteca.blanes.cat\\\/salajove\\\/wp-content\\\/uploads\\\/sites\\\/3\\\/2019\\\/05\\\/CLJ_.png\",\"datePublished\":\"2020-03-26T15:26:31+00:00\",\"dateModified\":\"2020-04-06T11:12:34+00:00\",\"breadcrumb\":{\"@id\":\"https:\\\/\\\/biblioteca.blanes.cat\\\/salajove\\\/2020\\\/03\\\/26\\\/clj-marc-2020-club-de-lectura-jove-on-line\\\/#breadcrumb\"},\"inLanguage\":\"ca\",\"potentialAction\":[{\"@type\":\"ReadAction\",\"target\":[\"https:\\\/\\\/biblioteca.blanes.cat\\\/salajove\\\/2020\\\/03\\\/26\\\/clj-marc-2020-club-de-lectura-jove-on-line\\\/\"]}]},{\"@type\":\"ImageObject\",\"inLanguage\":\"ca\",\"@id\":\"https:\\\/\\\/biblioteca.blanes.cat\\\/salajove\\\/2020\\\/03\\\/26\\\/clj-marc-2020-club-de-lectura-jove-on-line\\\/#primaryimage\",\"url\":\"https:\\\/\\\/biblioteca.blanes.cat\\\/salajove\\\/wp-content\\\/uploads\\\/sites\\\/3\\\/2019\\\/05\\\/CLJ_.png\",\"contentUrl\":\"https:\\\/\\\/biblioteca.blanes.cat\\\/salajove\\\/wp-content\\\/uploads\\\/sites\\\/3\\\/2019\\\/05\\\/CLJ_.png\",\"width\":3719,\"height\":3719},{\"@type\":\"BreadcrumbList\",\"@id\":\"https:\\\/\\\/biblioteca.blanes.cat\\\/salajove\\\/2020\\\/03\\\/26\\\/clj-marc-2020-club-de-lectura-jove-on-line\\\/#breadcrumb\",\"itemListElement\":[{\"@type\":\"ListItem\",\"position\":1,\"name\":\"Inici\",\"item\":\"https:\\\/\\\/biblioteca.blanes.cat\\\/salajove\\\/\"},{\"@type\":\"ListItem\",\"position\":2,\"name\":\"CLJ: Mar\u00e7 2020: Club de lectura jove on-line!\"}]},{\"@type\":\"WebSite\",\"@id\":\"https:\\\/\\\/biblioteca.blanes.cat\\\/salajove\\\/#website\",\"url\":\"https:\\\/\\\/biblioteca.blanes.cat\\\/salajove\\\/\",\"name\":\"Sala Jove\",\"description\":\"Biblioteca Comarcal de Blanes\",\"publisher\":{\"@id\":\"https:\\\/\\\/biblioteca.blanes.cat\\\/salajove\\\/#organization\"},\"potentialAction\":[{\"@type\":\"SearchAction\",\"target\":{\"@type\":\"EntryPoint\",\"urlTemplate\":\"https:\\\/\\\/biblioteca.blanes.cat\\\/salajove\\\/?s={search_term_string}\"},\"query-input\":{\"@type\":\"PropertyValueSpecification\",\"valueRequired\":true,\"valueName\":\"search_term_string\"}}],\"inLanguage\":\"ca\"},{\"@type\":\"Organization\",\"@id\":\"https:\\\/\\\/biblioteca.blanes.cat\\\/salajove\\\/#organization\",\"name\":\"Biblioteca Comarcal de Blanes\",\"url\":\"https:\\\/\\\/biblioteca.blanes.cat\\\/salajove\\\/\",\"logo\":{\"@type\":\"ImageObject\",\"inLanguage\":\"ca\",\"@id\":\"https:\\\/\\\/biblioteca.blanes.cat\\\/salajove\\\/#\\\/schema\\\/logo\\\/image\\\/\",\"url\":\"https:\\\/\\\/biblioteca.blanes.cat\\\/salajove\\\/wp-content\\\/uploads\\\/sites\\\/3\\\/2017\\\/09\\\/cropped-Bib-blau-e1518869380535.png\",\"contentUrl\":\"https:\\\/\\\/biblioteca.blanes.cat\\\/salajove\\\/wp-content\\\/uploads\\\/sites\\\/3\\\/2017\\\/09\\\/cropped-Bib-blau-e1518869380535.png\",\"width\":166,\"height\":166,\"caption\":\"Biblioteca Comarcal de Blanes\"},\"image\":{\"@id\":\"https:\\\/\\\/biblioteca.blanes.cat\\\/salajove\\\/#\\\/schema\\\/logo\\\/image\\\/\"},\"sameAs\":[\"https:\\\/\\\/www.facebook.com\\\/BilbiotecaComarcaldeBlanes\\\/\",\"https:\\\/\\\/x.com\\\/BiblioBlanes\",\"https:\\\/\\\/www.instagram.com\\\/biblioblanes\\\/\",\"https:\\\/\\\/www.pinterest.es\\\/bblanes\\\/\",\"https:\\\/\\\/www.youtube.com\\\/c\\\/BibliotecaComarcalBlanes\"]},{\"@type\":\"Person\",\"@id\":\"https:\\\/\\\/biblioteca.blanes.cat\\\/salajove\\\/#\\\/schema\\\/person\\\/5a7b46760d9dd611d098bbf571a341dc\",\"name\":\"biblioblanes\",\"image\":{\"@type\":\"ImageObject\",\"inLanguage\":\"ca\",\"@id\":\"https:\\\/\\\/secure.gravatar.com\\\/avatar\\\/6593ca6cc90e5a70939f51c95e8315483b9c281bafba597292bee47992030f99?s=96&d=mm&r=g\",\"url\":\"https:\\\/\\\/secure.gravatar.com\\\/avatar\\\/6593ca6cc90e5a70939f51c95e8315483b9c281bafba597292bee47992030f99?s=96&d=mm&r=g\",\"contentUrl\":\"https:\\\/\\\/secure.gravatar.com\\\/avatar\\\/6593ca6cc90e5a70939f51c95e8315483b9c281bafba597292bee47992030f99?s=96&d=mm&r=g\",\"caption\":\"biblioblanes\"},\"sameAs\":[\"http:\\\/\\\/www.bibgirona.cat\\\/biblioteca\\\/blanes\",\"https:\\\/\\\/x.com\\\/biblioblanes\"],\"url\":\"https:\\\/\\\/biblioteca.blanes.cat\\\/salajove\\\/author\\\/biblioblanes\\\/\"}]}<\/script>\n<!-- \/ Yoast SEO plugin. -->","yoast_head_json":{"title":"CLJ: Mar\u00e7 2020: Club de lectura jove on-line! - Sala Jove","robots":{"index":"index","follow":"follow","max-snippet":"max-snippet:-1","max-image-preview":"max-image-preview:large","max-video-preview":"max-video-preview:-1"},"canonical":"https:\/\/biblioteca.blanes.cat\/salajove\/2020\/03\/26\/clj-marc-2020-club-de-lectura-jove-on-line\/","og_locale":"ca_ES","og_type":"article","og_title":"CLJ: Mar\u00e7 2020: Club de lectura jove on-line! - Sala Jove","og_description":"Al club de lectura jove aquest mes hem comentat: HISTORIA DE UN N\u00c1UFRAGO HIPOCONDR\u00cdACO! de Defreds &nbsp; La sessi\u00f3 del club de lectura d&#8217;aquest mes va quedar anul.lada, per\u00f2 des de la Biblioteca de Blanes no deixem de fer feina","og_url":"https:\/\/biblioteca.blanes.cat\/salajove\/2020\/03\/26\/clj-marc-2020-club-de-lectura-jove-on-line\/","og_site_name":"Sala Jove","article_publisher":"https:\/\/www.facebook.com\/BilbiotecaComarcaldeBlanes\/","article_published_time":"2020-03-26T15:26:31+00:00","article_modified_time":"2020-04-06T11:12:34+00:00","og_image":[{"width":3719,"height":3719,"url":"https:\/\/biblioteca.blanes.cat\/salajove\/wp-content\/uploads\/sites\/3\/2019\/05\/CLJ_.png","type":"image\/png"}],"author":"biblioblanes","twitter_card":"summary_large_image","twitter_creator":"@biblioblanes","twitter_site":"@BiblioBlanes","twitter_misc":{"Escrit per":"biblioblanes","Temps estimat de lectura":"2 minuts"},"schema":{"@context":"https:\/\/schema.org","@graph":[{"@type":"Article","@id":"https:\/\/biblioteca.blanes.cat\/salajove\/2020\/03\/26\/clj-marc-2020-club-de-lectura-jove-on-line\/#article","isPartOf":{"@id":"https:\/\/biblioteca.blanes.cat\/salajove\/2020\/03\/26\/clj-marc-2020-club-de-lectura-jove-on-line\/"},"author":{"name":"biblioblanes","@id":"https:\/\/biblioteca.blanes.cat\/salajove\/#\/schema\/person\/5a7b46760d9dd611d098bbf571a341dc"},"headline":"CLJ: Mar\u00e7 2020: Club de lectura jove on-line!","datePublished":"2020-03-26T15:26:31+00:00","dateModified":"2020-04-06T11:12:34+00:00","mainEntityOfPage":{"@id":"https:\/\/biblioteca.blanes.cat\/salajove\/2020\/03\/26\/clj-marc-2020-club-de-lectura-jove-on-line\/"},"wordCount":459,"commentCount":0,"publisher":{"@id":"https:\/\/biblioteca.blanes.cat\/salajove\/#organization"},"image":{"@id":"https:\/\/biblioteca.blanes.cat\/salajove\/2020\/03\/26\/clj-marc-2020-club-de-lectura-jove-on-line\/#primaryimage"},"thumbnailUrl":"https:\/\/biblioteca.blanes.cat\/salajove\/wp-content\/uploads\/sites\/3\/2019\/05\/CLJ_.png","keywords":["#Activitats #ClubdeLectura #Gamificaci\u00f3 #jocs #Joves #Lectura #Literatura #Llibres"],"articleSection":["Club de Lectura"],"inLanguage":"ca","potentialAction":[{"@type":"CommentAction","name":"Comment","target":["https:\/\/biblioteca.blanes.cat\/salajove\/2020\/03\/26\/clj-marc-2020-club-de-lectura-jove-on-line\/#respond"]}]},{"@type":"WebPage","@id":"https:\/\/biblioteca.blanes.cat\/salajove\/2020\/03\/26\/clj-marc-2020-club-de-lectura-jove-on-line\/","url":"https:\/\/biblioteca.blanes.cat\/salajove\/2020\/03\/26\/clj-marc-2020-club-de-lectura-jove-on-line\/","name":"CLJ: Mar\u00e7 2020: Club de lectura jove on-line! - Sala Jove","isPartOf":{"@id":"https:\/\/biblioteca.blanes.cat\/salajove\/#website"},"primaryImageOfPage":{"@id":"https:\/\/biblioteca.blanes.cat\/salajove\/2020\/03\/26\/clj-marc-2020-club-de-lectura-jove-on-line\/#primaryimage"},"image":{"@id":"https:\/\/biblioteca.blanes.cat\/salajove\/2020\/03\/26\/clj-marc-2020-club-de-lectura-jove-on-line\/#primaryimage"},"thumbnailUrl":"https:\/\/biblioteca.blanes.cat\/salajove\/wp-content\/uploads\/sites\/3\/2019\/05\/CLJ_.png","datePublished":"2020-03-26T15:26:31+00:00","dateModified":"2020-04-06T11:12:34+00:00","breadcrumb":{"@id":"https:\/\/biblioteca.blanes.cat\/salajove\/2020\/03\/26\/clj-marc-2020-club-de-lectura-jove-on-line\/#breadcrumb"},"inLanguage":"ca","potentialAction":[{"@type":"ReadAction","target":["https:\/\/biblioteca.blanes.cat\/salajove\/2020\/03\/26\/clj-marc-2020-club-de-lectura-jove-on-line\/"]}]},{"@type":"ImageObject","inLanguage":"ca","@id":"https:\/\/biblioteca.blanes.cat\/salajove\/2020\/03\/26\/clj-marc-2020-club-de-lectura-jove-on-line\/#primaryimage","url":"https:\/\/biblioteca.blanes.cat\/salajove\/wp-content\/uploads\/sites\/3\/2019\/05\/CLJ_.png","contentUrl":"https:\/\/biblioteca.blanes.cat\/salajove\/wp-content\/uploads\/sites\/3\/2019\/05\/CLJ_.png","width":3719,"height":3719},{"@type":"BreadcrumbList","@id":"https:\/\/biblioteca.blanes.cat\/salajove\/2020\/03\/26\/clj-marc-2020-club-de-lectura-jove-on-line\/#breadcrumb","itemListElement":[{"@type":"ListItem","position":1,"name":"Inici","item":"https:\/\/biblioteca.blanes.cat\/salajove\/"},{"@type":"ListItem","position":2,"name":"CLJ: Mar\u00e7 2020: Club de lectura jove on-line!"}]},{"@type":"WebSite","@id":"https:\/\/biblioteca.blanes.cat\/salajove\/#website","url":"https:\/\/biblioteca.blanes.cat\/salajove\/","name":"Sala Jove","description":"Biblioteca Comarcal de Blanes","publisher":{"@id":"https:\/\/biblioteca.blanes.cat\/salajove\/#organization"},"potentialAction":[{"@type":"SearchAction","target":{"@type":"EntryPoint","urlTemplate":"https:\/\/biblioteca.blanes.cat\/salajove\/?s={search_term_string}"},"query-input":{"@type":"PropertyValueSpecification","valueRequired":true,"valueName":"search_term_string"}}],"inLanguage":"ca"},{"@type":"Organization","@id":"https:\/\/biblioteca.blanes.cat\/salajove\/#organization","name":"Biblioteca Comarcal de Blanes","url":"https:\/\/biblioteca.blanes.cat\/salajove\/","logo":{"@type":"ImageObject","inLanguage":"ca","@id":"https:\/\/biblioteca.blanes.cat\/salajove\/#\/schema\/logo\/image\/","url":"https:\/\/biblioteca.blanes.cat\/salajove\/wp-content\/uploads\/sites\/3\/2017\/09\/cropped-Bib-blau-e1518869380535.png","contentUrl":"https:\/\/biblioteca.blanes.cat\/salajove\/wp-content\/uploads\/sites\/3\/2017\/09\/cropped-Bib-blau-e1518869380535.png","width":166,"height":166,"caption":"Biblioteca Comarcal de Blanes"},"image":{"@id":"https:\/\/biblioteca.blanes.cat\/salajove\/#\/schema\/logo\/image\/"},"sameAs":["https:\/\/www.facebook.com\/BilbiotecaComarcaldeBlanes\/","https:\/\/x.com\/BiblioBlanes","https:\/\/www.instagram.com\/biblioblanes\/","https:\/\/www.pinterest.es\/bblanes\/","https:\/\/www.youtube.com\/c\/BibliotecaComarcalBlanes"]},{"@type":"Person","@id":"https:\/\/biblioteca.blanes.cat\/salajove\/#\/schema\/person\/5a7b46760d9dd611d098bbf571a341dc","name":"biblioblanes","image":{"@type":"ImageObject","inLanguage":"ca","@id":"https:\/\/secure.gravatar.com\/avatar\/6593ca6cc90e5a70939f51c95e8315483b9c281bafba597292bee47992030f99?s=96&d=mm&r=g","url":"https:\/\/secure.gravatar.com\/avatar\/6593ca6cc90e5a70939f51c95e8315483b9c281bafba597292bee47992030f99?s=96&d=mm&r=g","contentUrl":"https:\/\/secure.gravatar.com\/avatar\/6593ca6cc90e5a70939f51c95e8315483b9c281bafba597292bee47992030f99?s=96&d=mm&r=g","caption":"biblioblanes"},"sameAs":["http:\/\/www.bibgirona.cat\/biblioteca\/blanes","https:\/\/x.com\/biblioblanes"],"url":"https:\/\/biblioteca.blanes.cat\/salajove\/author\/biblioblanes\/"}]}},"_links":{"self":[{"href":"https:\/\/biblioteca.blanes.cat\/salajove\/wp-json\/wp\/v2\/posts\/3843","targetHints":{"allow":["GET"]}}],"collection":[{"href":"https:\/\/biblioteca.blanes.cat\/salajove\/wp-json\/wp\/v2\/posts"}],"about":[{"href":"https:\/\/biblioteca.blanes.cat\/salajove\/wp-json\/wp\/v2\/types\/post"}],"author":[{"embeddable":true,"href":"https:\/\/biblioteca.blanes.cat\/salajove\/wp-json\/wp\/v2\/users\/4"}],"replies":[{"embeddable":true,"href":"https:\/\/biblioteca.blanes.cat\/salajove\/wp-json\/wp\/v2\/comments?post=3843"}],"version-history":[{"count":4,"href":"https:\/\/biblioteca.blanes.cat\/salajove\/wp-json\/wp\/v2\/posts\/3843\/revisions"}],"predecessor-version":[{"id":3848,"href":"https:\/\/biblioteca.blanes.cat\/salajove\/wp-json\/wp\/v2\/posts\/3843\/revisions\/3848"}],"wp:featuredmedia":[{"embeddable":true,"href":"https:\/\/biblioteca.blanes.cat\/salajove\/wp-json\/wp\/v2\/media\/2936"}],"wp:attachment":[{"href":"https:\/\/biblioteca.blanes.cat\/salajove\/wp-json\/wp\/v2\/media?parent=3843"}],"wp:term":[{"taxonomy":"category","embeddable":true,"href":"https:\/\/biblioteca.blanes.cat\/salajove\/wp-json\/wp\/v2\/categories?post=3843"},{"taxonomy":"post_tag","embeddable":true,"href":"https:\/\/biblioteca.blanes.cat\/salajove\/wp-json\/wp\/v2\/tags?post=3843"}],"curies":[{"name":"wp","href":"https:\/\/api.w.org\/{rel}","templated":true}]}}