{"id":3823,"date":"2020-03-20T21:32:44","date_gmt":"2020-03-20T20:32:44","guid":{"rendered":"https:\/\/biblioteca.blanes.cat\/salajove\/?p=3823"},"modified":"2020-04-06T12:16:51","modified_gmt":"2020-04-06T11:16:51","slug":"et-recomanem-lectures-juvenils-a-lebiblio","status":"publish","type":"post","link":"https:\/\/biblioteca.blanes.cat\/salajove\/2020\/03\/20\/et-recomanem-lectures-juvenils-a-lebiblio\/","title":{"rendered":"Et recomanem mar\u00e7 : Lectures Juvenils a l&#8217;EBiblio"},"content":{"rendered":"<p style=\"text-align: center;\">Eiii joves!<\/p>\n<p style=\"text-align: center;\">Des de la Biblioteca Comarca de Blanes us volem recomanar algunes lectures per\u00a0a aquests dies.<\/p>\n<p style=\"text-align: center;\">Les trobareu a la plataforma <span style=\"font-size: 24px;\"><strong>EBiblio<\/strong><\/span>:<\/p>\n<p style=\"text-align: center;\"><strong><a href=\"https:\/\/catalunya.ebiblio.es\">https:\/\/catalunya.ebiblio.es<\/a><\/strong><\/p>\n<p style=\"text-align: center;\">Recordeu que \u00e9s molt senzill, nom\u00e8s heu de tenir el carnet de la biblioteca i estar registrats al cat\u00e0leg Argus<\/p>\n<p style=\"text-align: center;\">Som-hi a que esperes? Milers de lectures, pel.l\u00edcules, revistes&#8230; t&#8217;estan esperant!<\/p>\n<p>&nbsp;<\/p>\n<p><img fetchpriority=\"high\" decoding=\"async\" class=\"aligncenter size-full wp-image-3829\" src=\"https:\/\/biblioteca.blanes.cat\/salajove\/wp-content\/uploads\/sites\/3\/2020\/03\/quantic-love.jpg\" alt=\"\" width=\"210\" height=\"318\" srcset=\"https:\/\/biblioteca.blanes.cat\/salajove\/wp-content\/uploads\/sites\/3\/2020\/03\/quantic-love.jpg 210w, https:\/\/biblioteca.blanes.cat\/salajove\/wp-content\/uploads\/sites\/3\/2020\/03\/quantic-love-198x300.jpg 198w\" sizes=\"(max-width: 210px) 100vw, 210px\" \/><\/p>\n<p>Al CERN, el centre d\u2019investigacio\u0301 me\u0301s avanc\u0327at del mo\u0301n, entre experiments de viatges en el temps i de teleportacions, entre parti\u0301cules que superen la velocitat de la llum i altres que revelen l\u2019origen de l\u2019Univers, la jove Laila s\u2019enfronta al misteri me\u0301s gran que existeix: com decidir entre dos amors. D\u2019una banda, l\u2019Alessio, un atractiu periodista, i de l\u2019altra, en Brian, un cervell cienti\u0301fic que amaga un gran secret.<\/p>\n<p>&nbsp;<\/p>\n<p><img decoding=\"async\" class=\"aligncenter size-full wp-image-3826\" src=\"https:\/\/biblioteca.blanes.cat\/salajove\/wp-content\/uploads\/sites\/3\/2020\/03\/el-cel-es-pertot-arreu-1.jpg\" alt=\"\" width=\"207\" height=\"318\" srcset=\"https:\/\/biblioteca.blanes.cat\/salajove\/wp-content\/uploads\/sites\/3\/2020\/03\/el-cel-es-pertot-arreu-1.jpg 207w, https:\/\/biblioteca.blanes.cat\/salajove\/wp-content\/uploads\/sites\/3\/2020\/03\/el-cel-es-pertot-arreu-1-195x300.jpg 195w\" sizes=\"(max-width: 207px) 100vw, 207px\" \/><\/p>\n<p>&nbsp;<\/p>\n<p>La Lennie Walker te\u0301 disset anys i, despre\u0301s de la sobtada mort de la seva germana gran, se sent fortament atreta pel tranquil i seductor Toby, el xicot de tota la vida de la seva germana, amb qui comparteix el seu dolor&#8230; Pero\u0300 quan el noi nou, en Joe, vital i amb molts recursos (comenc\u0327ant per la mu\u0301sica), comenc\u0327a a rondar-la i a deixar-li misterioses notes pertot arreu, ella s\u2019adona que tots dos li ofereixen alguna cosa que necessita imperiosament. Com es pot combatre el dolor per la pe\u0300rdua? Com s\u2019encara un nou amor? E\u0301s possible conciliar-los? I que\u0300 podem fer amb els errors?<\/p>\n<p>&nbsp;<\/p>\n<p><img decoding=\"async\" class=\"aligncenter wp-image-3821 size-medium\" src=\"https:\/\/biblioteca.blanes.cat\/salajove\/wp-content\/uploads\/sites\/3\/2020\/03\/estimat-evan-hansen-198x300.jpg\" alt=\"\" width=\"198\" height=\"300\" srcset=\"https:\/\/biblioteca.blanes.cat\/salajove\/wp-content\/uploads\/sites\/3\/2020\/03\/estimat-evan-hansen-198x300.jpg 198w, https:\/\/biblioteca.blanes.cat\/salajove\/wp-content\/uploads\/sites\/3\/2020\/03\/estimat-evan-hansen-768x1163.jpg 768w, https:\/\/biblioteca.blanes.cat\/salajove\/wp-content\/uploads\/sites\/3\/2020\/03\/estimat-evan-hansen-676x1024.jpg 676w, https:\/\/biblioteca.blanes.cat\/salajove\/wp-content\/uploads\/sites\/3\/2020\/03\/estimat-evan-hansen.jpg 2000w\" sizes=\"(max-width: 198px) 100vw, 198px\" \/><\/p>\n<p>&nbsp;<\/p>\n<p>Tot comenc\u0327a amb una carta:<\/p>\n<p>\u00abEstimat Evan Hansen, avui sera\u0300 un dia fabulo\u0301s i ara t\u2019explico per que\u0300\u00bb.Quan l\u2019Evan Hansen s\u2019escriu ell mateix la carta, no s\u2019imaginava que la seva vida faria un tomb inesperat. Vi\u0301ctima d\u2019atacs d\u2019ansietat des de ben petit, l\u2019Evan sempre ha intentat ser invisible per a la resta del mo\u0301n. Ara, pero\u0300 tindra\u0300 l\u2019oportunitat no nome\u0301s de ser reconegut, sino\u0301 tambe\u0301 de connectar amb els altres, fer alguna cosa realment important, deixar empremta i&#8230; ser estimat.<\/p>\n<p>&nbsp;<\/p>\n<p><img loading=\"lazy\" decoding=\"async\" class=\"aligncenter size-full wp-image-3822\" src=\"https:\/\/biblioteca.blanes.cat\/salajove\/wp-content\/uploads\/sites\/3\/2020\/03\/whapps.jpg\" alt=\"\" width=\"183\" height=\"304\" srcset=\"https:\/\/biblioteca.blanes.cat\/salajove\/wp-content\/uploads\/sites\/3\/2020\/03\/whapps.jpg 183w, https:\/\/biblioteca.blanes.cat\/salajove\/wp-content\/uploads\/sites\/3\/2020\/03\/whapps-181x300.jpg 181w\" sizes=\"(max-width: 183px) 100vw, 183px\" \/><\/p>\n<p>En aquesta novel\u00b7la, Andreu Mart\u00edn indaga en el thriller futurista i ens trasllada a una societat en qu\u00e8 homes i dones, adults i joves, viuen hipnotitzats pels seus aparells m\u00f2bils; persones amb el cap cot, les pupil\u00b7les fites en jocs, not\u00edcies, pel\u00b7l\u00edcules, dictats de la moda, fotografies, missatges, sol\u00b7licituds d&#8217;amistat, espots publicitaris, p\u00e0gines per comprar i vendre, i les orelles bloquejades per m\u00fasica o discussions que no permeten que aflori cap pensament ni, sobretot, cap sentiment. Tothom sembla feli\u00e7 amb aquest estil de vida, tret dels anomenats Comandos Antimanipulaci\u00f3 Mental&#8230;.<\/p>\n<p>&nbsp;<\/p>\n<p><img loading=\"lazy\" decoding=\"async\" class=\"aligncenter size-full wp-image-3827\" src=\"https:\/\/biblioteca.blanes.cat\/salajove\/wp-content\/uploads\/sites\/3\/2020\/03\/efecte-frankenstein.jpg\" alt=\"\" width=\"202\" height=\"318\" srcset=\"https:\/\/biblioteca.blanes.cat\/salajove\/wp-content\/uploads\/sites\/3\/2020\/03\/efecte-frankenstein.jpg 202w, https:\/\/biblioteca.blanes.cat\/salajove\/wp-content\/uploads\/sites\/3\/2020\/03\/efecte-frankenstein-191x300.jpg 191w\" sizes=\"(max-width: 202px) 100vw, 202px\" \/><\/p>\n<p>Al llarg de la redacci\u00f3 daquesta novel\u00b7la he intentat ser fidel a la veritat hist\u00f2rica de l\u00e8poca que reflecteixo en aquestes p\u00e0gines i a tots els detalls que tenen relaci\u00f3 amb la hist\u00f2ria de Mary Shelley i el que va passar a Su\u00efssa, a la Villa Diodati, el 1816, l\u00abany sense estiu\u00bb. Malgrat aix\u00f2, en un parell de coses mhe pres la llibertat de canviar la realitat, per necessitats narratives: a lIngolstadt actual no hi ha facultat de Medicina ni nhi ha hagut des de finals del segle XVIII, la Germandat de la Rosa no ha existit mai, mentre que lOrde dels Illuminati, fundada pel professor Adam&#8230;<\/p>\n<p>&nbsp;<\/p>\n<p><img loading=\"lazy\" decoding=\"async\" class=\"aligncenter size-full wp-image-3828\" src=\"https:\/\/biblioteca.blanes.cat\/salajove\/wp-content\/uploads\/sites\/3\/2020\/03\/por.jpg\" alt=\"\" width=\"191\" height=\"318\" srcset=\"https:\/\/biblioteca.blanes.cat\/salajove\/wp-content\/uploads\/sites\/3\/2020\/03\/por.jpg 191w, https:\/\/biblioteca.blanes.cat\/salajove\/wp-content\/uploads\/sites\/3\/2020\/03\/por-180x300.jpg 180w\" sizes=\"(max-width: 191px) 100vw, 191px\" \/><\/p>\n<p>Hi ha vegades a la vida d&#8217;algunes persones en qu\u00e8 passa alguna cosa que sobtadament ho canvia tot. La por. Por de viure. Por de no suportar la vida. Por d&#8217;haver de fer-ho. Por de no saber com. Por de la por. Aquesta hist\u00f2ria tracta d&#8217;una d&#8217;aquestes persones. Tamb\u00e9 tracta de la gelosia. La gelosia ens destrueix per dins. Sovint, tamb\u00e9 per fora. La gelosia ho destrueix tot. I sempre en paguem un preu massa alt. Com l&#8217;\u00c8ric, com la X\u00e8nia, com l&#8217;Hugo. Perqu\u00e8 aprendre a viure mai \u00e9s f\u00e1cil.<\/p>\n<p>&nbsp;<\/p>\n","protected":false},"excerpt":{"rendered":"<p>Eiii joves! Des de la Biblioteca Comarca de Blanes us volem recomanar algunes lectures per\u00a0a aquests dies. Les trobareu a la plataforma EBiblio: https:\/\/catalunya.ebiblio.es Recordeu que \u00e9s molt senzill, nom\u00e8s heu de tenir el carnet de la biblioteca i estar<\/p>\n","protected":false},"author":4,"featured_media":3814,"comment_status":"open","ping_status":"open","sticky":false,"template":"","format":"standard","meta":{"sfsi_plus_gutenberg_text_before_share":"","sfsi_plus_gutenberg_show_text_before_share":"","sfsi_plus_gutenberg_icon_type":"","sfsi_plus_gutenberg_icon_alignemt":"","sfsi_plus_gutenburg_max_per_row":"","footnotes":""},"categories":[1],"tags":[101,49],"class_list":["post-3823","post","type-post","status-publish","format-standard","has-post-thumbnail","hentry","category-general","tag-activitats-joves","tag-actualitat"],"yoast_head":"<!-- This site is optimized with the Yoast SEO plugin v27.5 - https:\/\/yoast.com\/product\/yoast-seo-wordpress\/ -->\n<title>Et recomanem mar\u00e7 : Lectures Juvenils a l&#039;EBiblio - Sala Jove<\/title>\n<meta name=\"robots\" content=\"index, follow, max-snippet:-1, max-image-preview:large, max-video-preview:-1\" \/>\n<link rel=\"canonical\" href=\"https:\/\/biblioteca.blanes.cat\/salajove\/2020\/03\/20\/et-recomanem-lectures-juvenils-a-lebiblio\/\" \/>\n<meta property=\"og:locale\" content=\"ca_ES\" \/>\n<meta property=\"og:type\" content=\"article\" \/>\n<meta property=\"og:title\" content=\"Et recomanem mar\u00e7 : Lectures Juvenils a l&#039;EBiblio - Sala Jove\" \/>\n<meta property=\"og:description\" content=\"Eiii joves! Des de la Biblioteca Comarca de Blanes us volem recomanar algunes lectures per\u00a0a aquests dies. Les trobareu a la plataforma EBiblio: https:\/\/catalunya.ebiblio.es Recordeu que \u00e9s molt senzill, nom\u00e8s heu de tenir el carnet de la biblioteca i estar\" \/>\n<meta property=\"og:url\" content=\"https:\/\/biblioteca.blanes.cat\/salajove\/2020\/03\/20\/et-recomanem-lectures-juvenils-a-lebiblio\/\" \/>\n<meta property=\"og:site_name\" content=\"Sala Jove\" \/>\n<meta property=\"article:publisher\" content=\"https:\/\/www.facebook.com\/BilbiotecaComarcaldeBlanes\/\" \/>\n<meta property=\"article:published_time\" content=\"2020-03-20T20:32:44+00:00\" \/>\n<meta property=\"article:modified_time\" content=\"2020-04-06T11:16:51+00:00\" \/>\n<meta property=\"og:image\" content=\"https:\/\/biblioteca.blanes.cat\/salajove\/wp-content\/uploads\/sites\/3\/2020\/03\/ebiblio.png\" \/>\n\t<meta property=\"og:image:width\" content=\"1024\" \/>\n\t<meta property=\"og:image:height\" content=\"1024\" \/>\n\t<meta property=\"og:image:type\" content=\"image\/png\" \/>\n<meta name=\"author\" content=\"biblioblanes\" \/>\n<meta name=\"twitter:card\" content=\"summary_large_image\" \/>\n<meta name=\"twitter:creator\" content=\"@biblioblanes\" \/>\n<meta name=\"twitter:site\" content=\"@BiblioBlanes\" \/>\n<meta name=\"twitter:label1\" content=\"Escrit per\" \/>\n\t<meta name=\"twitter:data1\" content=\"biblioblanes\" \/>\n\t<meta name=\"twitter:label2\" content=\"Temps estimat de lectura\" \/>\n\t<meta name=\"twitter:data2\" content=\"3 minuts\" \/>\n<script type=\"application\/ld+json\" class=\"yoast-schema-graph\">{\"@context\":\"https:\\\/\\\/schema.org\",\"@graph\":[{\"@type\":\"Article\",\"@id\":\"https:\\\/\\\/biblioteca.blanes.cat\\\/salajove\\\/2020\\\/03\\\/20\\\/et-recomanem-lectures-juvenils-a-lebiblio\\\/#article\",\"isPartOf\":{\"@id\":\"https:\\\/\\\/biblioteca.blanes.cat\\\/salajove\\\/2020\\\/03\\\/20\\\/et-recomanem-lectures-juvenils-a-lebiblio\\\/\"},\"author\":{\"name\":\"biblioblanes\",\"@id\":\"https:\\\/\\\/biblioteca.blanes.cat\\\/salajove\\\/#\\\/schema\\\/person\\\/5a7b46760d9dd611d098bbf571a341dc\"},\"headline\":\"Et recomanem mar\u00e7 : Lectures Juvenils a l&#8217;EBiblio\",\"datePublished\":\"2020-03-20T20:32:44+00:00\",\"dateModified\":\"2020-04-06T11:16:51+00:00\",\"mainEntityOfPage\":{\"@id\":\"https:\\\/\\\/biblioteca.blanes.cat\\\/salajove\\\/2020\\\/03\\\/20\\\/et-recomanem-lectures-juvenils-a-lebiblio\\\/\"},\"wordCount\":682,\"commentCount\":0,\"publisher\":{\"@id\":\"https:\\\/\\\/biblioteca.blanes.cat\\\/salajove\\\/#organization\"},\"image\":{\"@id\":\"https:\\\/\\\/biblioteca.blanes.cat\\\/salajove\\\/2020\\\/03\\\/20\\\/et-recomanem-lectures-juvenils-a-lebiblio\\\/#primaryimage\"},\"thumbnailUrl\":\"https:\\\/\\\/biblioteca.blanes.cat\\\/salajove\\\/wp-content\\\/uploads\\\/sites\\\/3\\\/2020\\\/03\\\/ebiblio.png\",\"keywords\":[\"#Activitats #Joves\",\"#Actualitat\"],\"articleSection\":[\"Not\u00edcies\"],\"inLanguage\":\"ca\",\"potentialAction\":[{\"@type\":\"CommentAction\",\"name\":\"Comment\",\"target\":[\"https:\\\/\\\/biblioteca.blanes.cat\\\/salajove\\\/2020\\\/03\\\/20\\\/et-recomanem-lectures-juvenils-a-lebiblio\\\/#respond\"]}]},{\"@type\":\"WebPage\",\"@id\":\"https:\\\/\\\/biblioteca.blanes.cat\\\/salajove\\\/2020\\\/03\\\/20\\\/et-recomanem-lectures-juvenils-a-lebiblio\\\/\",\"url\":\"https:\\\/\\\/biblioteca.blanes.cat\\\/salajove\\\/2020\\\/03\\\/20\\\/et-recomanem-lectures-juvenils-a-lebiblio\\\/\",\"name\":\"Et recomanem mar\u00e7 : Lectures Juvenils a l'EBiblio - Sala Jove\",\"isPartOf\":{\"@id\":\"https:\\\/\\\/biblioteca.blanes.cat\\\/salajove\\\/#website\"},\"primaryImageOfPage\":{\"@id\":\"https:\\\/\\\/biblioteca.blanes.cat\\\/salajove\\\/2020\\\/03\\\/20\\\/et-recomanem-lectures-juvenils-a-lebiblio\\\/#primaryimage\"},\"image\":{\"@id\":\"https:\\\/\\\/biblioteca.blanes.cat\\\/salajove\\\/2020\\\/03\\\/20\\\/et-recomanem-lectures-juvenils-a-lebiblio\\\/#primaryimage\"},\"thumbnailUrl\":\"https:\\\/\\\/biblioteca.blanes.cat\\\/salajove\\\/wp-content\\\/uploads\\\/sites\\\/3\\\/2020\\\/03\\\/ebiblio.png\",\"datePublished\":\"2020-03-20T20:32:44+00:00\",\"dateModified\":\"2020-04-06T11:16:51+00:00\",\"breadcrumb\":{\"@id\":\"https:\\\/\\\/biblioteca.blanes.cat\\\/salajove\\\/2020\\\/03\\\/20\\\/et-recomanem-lectures-juvenils-a-lebiblio\\\/#breadcrumb\"},\"inLanguage\":\"ca\",\"potentialAction\":[{\"@type\":\"ReadAction\",\"target\":[\"https:\\\/\\\/biblioteca.blanes.cat\\\/salajove\\\/2020\\\/03\\\/20\\\/et-recomanem-lectures-juvenils-a-lebiblio\\\/\"]}]},{\"@type\":\"ImageObject\",\"inLanguage\":\"ca\",\"@id\":\"https:\\\/\\\/biblioteca.blanes.cat\\\/salajove\\\/2020\\\/03\\\/20\\\/et-recomanem-lectures-juvenils-a-lebiblio\\\/#primaryimage\",\"url\":\"https:\\\/\\\/biblioteca.blanes.cat\\\/salajove\\\/wp-content\\\/uploads\\\/sites\\\/3\\\/2020\\\/03\\\/ebiblio.png\",\"contentUrl\":\"https:\\\/\\\/biblioteca.blanes.cat\\\/salajove\\\/wp-content\\\/uploads\\\/sites\\\/3\\\/2020\\\/03\\\/ebiblio.png\",\"width\":1024,\"height\":1024},{\"@type\":\"BreadcrumbList\",\"@id\":\"https:\\\/\\\/biblioteca.blanes.cat\\\/salajove\\\/2020\\\/03\\\/20\\\/et-recomanem-lectures-juvenils-a-lebiblio\\\/#breadcrumb\",\"itemListElement\":[{\"@type\":\"ListItem\",\"position\":1,\"name\":\"Inici\",\"item\":\"https:\\\/\\\/biblioteca.blanes.cat\\\/salajove\\\/\"},{\"@type\":\"ListItem\",\"position\":2,\"name\":\"Et recomanem mar\u00e7 : Lectures Juvenils a l&#8217;EBiblio\"}]},{\"@type\":\"WebSite\",\"@id\":\"https:\\\/\\\/biblioteca.blanes.cat\\\/salajove\\\/#website\",\"url\":\"https:\\\/\\\/biblioteca.blanes.cat\\\/salajove\\\/\",\"name\":\"Sala Jove\",\"description\":\"Biblioteca Comarcal de Blanes\",\"publisher\":{\"@id\":\"https:\\\/\\\/biblioteca.blanes.cat\\\/salajove\\\/#organization\"},\"potentialAction\":[{\"@type\":\"SearchAction\",\"target\":{\"@type\":\"EntryPoint\",\"urlTemplate\":\"https:\\\/\\\/biblioteca.blanes.cat\\\/salajove\\\/?s={search_term_string}\"},\"query-input\":{\"@type\":\"PropertyValueSpecification\",\"valueRequired\":true,\"valueName\":\"search_term_string\"}}],\"inLanguage\":\"ca\"},{\"@type\":\"Organization\",\"@id\":\"https:\\\/\\\/biblioteca.blanes.cat\\\/salajove\\\/#organization\",\"name\":\"Biblioteca Comarcal de Blanes\",\"url\":\"https:\\\/\\\/biblioteca.blanes.cat\\\/salajove\\\/\",\"logo\":{\"@type\":\"ImageObject\",\"inLanguage\":\"ca\",\"@id\":\"https:\\\/\\\/biblioteca.blanes.cat\\\/salajove\\\/#\\\/schema\\\/logo\\\/image\\\/\",\"url\":\"https:\\\/\\\/biblioteca.blanes.cat\\\/salajove\\\/wp-content\\\/uploads\\\/sites\\\/3\\\/2017\\\/09\\\/cropped-Bib-blau-e1518869380535.png\",\"contentUrl\":\"https:\\\/\\\/biblioteca.blanes.cat\\\/salajove\\\/wp-content\\\/uploads\\\/sites\\\/3\\\/2017\\\/09\\\/cropped-Bib-blau-e1518869380535.png\",\"width\":166,\"height\":166,\"caption\":\"Biblioteca Comarcal de Blanes\"},\"image\":{\"@id\":\"https:\\\/\\\/biblioteca.blanes.cat\\\/salajove\\\/#\\\/schema\\\/logo\\\/image\\\/\"},\"sameAs\":[\"https:\\\/\\\/www.facebook.com\\\/BilbiotecaComarcaldeBlanes\\\/\",\"https:\\\/\\\/x.com\\\/BiblioBlanes\",\"https:\\\/\\\/www.instagram.com\\\/biblioblanes\\\/\",\"https:\\\/\\\/www.pinterest.es\\\/bblanes\\\/\",\"https:\\\/\\\/www.youtube.com\\\/c\\\/BibliotecaComarcalBlanes\"]},{\"@type\":\"Person\",\"@id\":\"https:\\\/\\\/biblioteca.blanes.cat\\\/salajove\\\/#\\\/schema\\\/person\\\/5a7b46760d9dd611d098bbf571a341dc\",\"name\":\"biblioblanes\",\"image\":{\"@type\":\"ImageObject\",\"inLanguage\":\"ca\",\"@id\":\"https:\\\/\\\/secure.gravatar.com\\\/avatar\\\/6593ca6cc90e5a70939f51c95e8315483b9c281bafba597292bee47992030f99?s=96&d=mm&r=g\",\"url\":\"https:\\\/\\\/secure.gravatar.com\\\/avatar\\\/6593ca6cc90e5a70939f51c95e8315483b9c281bafba597292bee47992030f99?s=96&d=mm&r=g\",\"contentUrl\":\"https:\\\/\\\/secure.gravatar.com\\\/avatar\\\/6593ca6cc90e5a70939f51c95e8315483b9c281bafba597292bee47992030f99?s=96&d=mm&r=g\",\"caption\":\"biblioblanes\"},\"sameAs\":[\"http:\\\/\\\/www.bibgirona.cat\\\/biblioteca\\\/blanes\",\"https:\\\/\\\/x.com\\\/biblioblanes\"],\"url\":\"https:\\\/\\\/biblioteca.blanes.cat\\\/salajove\\\/author\\\/biblioblanes\\\/\"}]}<\/script>\n<!-- \/ Yoast SEO plugin. -->","yoast_head_json":{"title":"Et recomanem mar\u00e7 : Lectures Juvenils a l'EBiblio - Sala Jove","robots":{"index":"index","follow":"follow","max-snippet":"max-snippet:-1","max-image-preview":"max-image-preview:large","max-video-preview":"max-video-preview:-1"},"canonical":"https:\/\/biblioteca.blanes.cat\/salajove\/2020\/03\/20\/et-recomanem-lectures-juvenils-a-lebiblio\/","og_locale":"ca_ES","og_type":"article","og_title":"Et recomanem mar\u00e7 : Lectures Juvenils a l'EBiblio - Sala Jove","og_description":"Eiii joves! Des de la Biblioteca Comarca de Blanes us volem recomanar algunes lectures per\u00a0a aquests dies. Les trobareu a la plataforma EBiblio: https:\/\/catalunya.ebiblio.es Recordeu que \u00e9s molt senzill, nom\u00e8s heu de tenir el carnet de la biblioteca i estar","og_url":"https:\/\/biblioteca.blanes.cat\/salajove\/2020\/03\/20\/et-recomanem-lectures-juvenils-a-lebiblio\/","og_site_name":"Sala Jove","article_publisher":"https:\/\/www.facebook.com\/BilbiotecaComarcaldeBlanes\/","article_published_time":"2020-03-20T20:32:44+00:00","article_modified_time":"2020-04-06T11:16:51+00:00","og_image":[{"width":1024,"height":1024,"url":"https:\/\/biblioteca.blanes.cat\/salajove\/wp-content\/uploads\/sites\/3\/2020\/03\/ebiblio.png","type":"image\/png"}],"author":"biblioblanes","twitter_card":"summary_large_image","twitter_creator":"@biblioblanes","twitter_site":"@BiblioBlanes","twitter_misc":{"Escrit per":"biblioblanes","Temps estimat de lectura":"3 minuts"},"schema":{"@context":"https:\/\/schema.org","@graph":[{"@type":"Article","@id":"https:\/\/biblioteca.blanes.cat\/salajove\/2020\/03\/20\/et-recomanem-lectures-juvenils-a-lebiblio\/#article","isPartOf":{"@id":"https:\/\/biblioteca.blanes.cat\/salajove\/2020\/03\/20\/et-recomanem-lectures-juvenils-a-lebiblio\/"},"author":{"name":"biblioblanes","@id":"https:\/\/biblioteca.blanes.cat\/salajove\/#\/schema\/person\/5a7b46760d9dd611d098bbf571a341dc"},"headline":"Et recomanem mar\u00e7 : Lectures Juvenils a l&#8217;EBiblio","datePublished":"2020-03-20T20:32:44+00:00","dateModified":"2020-04-06T11:16:51+00:00","mainEntityOfPage":{"@id":"https:\/\/biblioteca.blanes.cat\/salajove\/2020\/03\/20\/et-recomanem-lectures-juvenils-a-lebiblio\/"},"wordCount":682,"commentCount":0,"publisher":{"@id":"https:\/\/biblioteca.blanes.cat\/salajove\/#organization"},"image":{"@id":"https:\/\/biblioteca.blanes.cat\/salajove\/2020\/03\/20\/et-recomanem-lectures-juvenils-a-lebiblio\/#primaryimage"},"thumbnailUrl":"https:\/\/biblioteca.blanes.cat\/salajove\/wp-content\/uploads\/sites\/3\/2020\/03\/ebiblio.png","keywords":["#Activitats #Joves","#Actualitat"],"articleSection":["Not\u00edcies"],"inLanguage":"ca","potentialAction":[{"@type":"CommentAction","name":"Comment","target":["https:\/\/biblioteca.blanes.cat\/salajove\/2020\/03\/20\/et-recomanem-lectures-juvenils-a-lebiblio\/#respond"]}]},{"@type":"WebPage","@id":"https:\/\/biblioteca.blanes.cat\/salajove\/2020\/03\/20\/et-recomanem-lectures-juvenils-a-lebiblio\/","url":"https:\/\/biblioteca.blanes.cat\/salajove\/2020\/03\/20\/et-recomanem-lectures-juvenils-a-lebiblio\/","name":"Et recomanem mar\u00e7 : Lectures Juvenils a l'EBiblio - Sala Jove","isPartOf":{"@id":"https:\/\/biblioteca.blanes.cat\/salajove\/#website"},"primaryImageOfPage":{"@id":"https:\/\/biblioteca.blanes.cat\/salajove\/2020\/03\/20\/et-recomanem-lectures-juvenils-a-lebiblio\/#primaryimage"},"image":{"@id":"https:\/\/biblioteca.blanes.cat\/salajove\/2020\/03\/20\/et-recomanem-lectures-juvenils-a-lebiblio\/#primaryimage"},"thumbnailUrl":"https:\/\/biblioteca.blanes.cat\/salajove\/wp-content\/uploads\/sites\/3\/2020\/03\/ebiblio.png","datePublished":"2020-03-20T20:32:44+00:00","dateModified":"2020-04-06T11:16:51+00:00","breadcrumb":{"@id":"https:\/\/biblioteca.blanes.cat\/salajove\/2020\/03\/20\/et-recomanem-lectures-juvenils-a-lebiblio\/#breadcrumb"},"inLanguage":"ca","potentialAction":[{"@type":"ReadAction","target":["https:\/\/biblioteca.blanes.cat\/salajove\/2020\/03\/20\/et-recomanem-lectures-juvenils-a-lebiblio\/"]}]},{"@type":"ImageObject","inLanguage":"ca","@id":"https:\/\/biblioteca.blanes.cat\/salajove\/2020\/03\/20\/et-recomanem-lectures-juvenils-a-lebiblio\/#primaryimage","url":"https:\/\/biblioteca.blanes.cat\/salajove\/wp-content\/uploads\/sites\/3\/2020\/03\/ebiblio.png","contentUrl":"https:\/\/biblioteca.blanes.cat\/salajove\/wp-content\/uploads\/sites\/3\/2020\/03\/ebiblio.png","width":1024,"height":1024},{"@type":"BreadcrumbList","@id":"https:\/\/biblioteca.blanes.cat\/salajove\/2020\/03\/20\/et-recomanem-lectures-juvenils-a-lebiblio\/#breadcrumb","itemListElement":[{"@type":"ListItem","position":1,"name":"Inici","item":"https:\/\/biblioteca.blanes.cat\/salajove\/"},{"@type":"ListItem","position":2,"name":"Et recomanem mar\u00e7 : Lectures Juvenils a l&#8217;EBiblio"}]},{"@type":"WebSite","@id":"https:\/\/biblioteca.blanes.cat\/salajove\/#website","url":"https:\/\/biblioteca.blanes.cat\/salajove\/","name":"Sala Jove","description":"Biblioteca Comarcal de Blanes","publisher":{"@id":"https:\/\/biblioteca.blanes.cat\/salajove\/#organization"},"potentialAction":[{"@type":"SearchAction","target":{"@type":"EntryPoint","urlTemplate":"https:\/\/biblioteca.blanes.cat\/salajove\/?s={search_term_string}"},"query-input":{"@type":"PropertyValueSpecification","valueRequired":true,"valueName":"search_term_string"}}],"inLanguage":"ca"},{"@type":"Organization","@id":"https:\/\/biblioteca.blanes.cat\/salajove\/#organization","name":"Biblioteca Comarcal de Blanes","url":"https:\/\/biblioteca.blanes.cat\/salajove\/","logo":{"@type":"ImageObject","inLanguage":"ca","@id":"https:\/\/biblioteca.blanes.cat\/salajove\/#\/schema\/logo\/image\/","url":"https:\/\/biblioteca.blanes.cat\/salajove\/wp-content\/uploads\/sites\/3\/2017\/09\/cropped-Bib-blau-e1518869380535.png","contentUrl":"https:\/\/biblioteca.blanes.cat\/salajove\/wp-content\/uploads\/sites\/3\/2017\/09\/cropped-Bib-blau-e1518869380535.png","width":166,"height":166,"caption":"Biblioteca Comarcal de Blanes"},"image":{"@id":"https:\/\/biblioteca.blanes.cat\/salajove\/#\/schema\/logo\/image\/"},"sameAs":["https:\/\/www.facebook.com\/BilbiotecaComarcaldeBlanes\/","https:\/\/x.com\/BiblioBlanes","https:\/\/www.instagram.com\/biblioblanes\/","https:\/\/www.pinterest.es\/bblanes\/","https:\/\/www.youtube.com\/c\/BibliotecaComarcalBlanes"]},{"@type":"Person","@id":"https:\/\/biblioteca.blanes.cat\/salajove\/#\/schema\/person\/5a7b46760d9dd611d098bbf571a341dc","name":"biblioblanes","image":{"@type":"ImageObject","inLanguage":"ca","@id":"https:\/\/secure.gravatar.com\/avatar\/6593ca6cc90e5a70939f51c95e8315483b9c281bafba597292bee47992030f99?s=96&d=mm&r=g","url":"https:\/\/secure.gravatar.com\/avatar\/6593ca6cc90e5a70939f51c95e8315483b9c281bafba597292bee47992030f99?s=96&d=mm&r=g","contentUrl":"https:\/\/secure.gravatar.com\/avatar\/6593ca6cc90e5a70939f51c95e8315483b9c281bafba597292bee47992030f99?s=96&d=mm&r=g","caption":"biblioblanes"},"sameAs":["http:\/\/www.bibgirona.cat\/biblioteca\/blanes","https:\/\/x.com\/biblioblanes"],"url":"https:\/\/biblioteca.blanes.cat\/salajove\/author\/biblioblanes\/"}]}},"_links":{"self":[{"href":"https:\/\/biblioteca.blanes.cat\/salajove\/wp-json\/wp\/v2\/posts\/3823","targetHints":{"allow":["GET"]}}],"collection":[{"href":"https:\/\/biblioteca.blanes.cat\/salajove\/wp-json\/wp\/v2\/posts"}],"about":[{"href":"https:\/\/biblioteca.blanes.cat\/salajove\/wp-json\/wp\/v2\/types\/post"}],"author":[{"embeddable":true,"href":"https:\/\/biblioteca.blanes.cat\/salajove\/wp-json\/wp\/v2\/users\/4"}],"replies":[{"embeddable":true,"href":"https:\/\/biblioteca.blanes.cat\/salajove\/wp-json\/wp\/v2\/comments?post=3823"}],"version-history":[{"count":6,"href":"https:\/\/biblioteca.blanes.cat\/salajove\/wp-json\/wp\/v2\/posts\/3823\/revisions"}],"predecessor-version":[{"id":3863,"href":"https:\/\/biblioteca.blanes.cat\/salajove\/wp-json\/wp\/v2\/posts\/3823\/revisions\/3863"}],"wp:featuredmedia":[{"embeddable":true,"href":"https:\/\/biblioteca.blanes.cat\/salajove\/wp-json\/wp\/v2\/media\/3814"}],"wp:attachment":[{"href":"https:\/\/biblioteca.blanes.cat\/salajove\/wp-json\/wp\/v2\/media?parent=3823"}],"wp:term":[{"taxonomy":"category","embeddable":true,"href":"https:\/\/biblioteca.blanes.cat\/salajove\/wp-json\/wp\/v2\/categories?post=3823"},{"taxonomy":"post_tag","embeddable":true,"href":"https:\/\/biblioteca.blanes.cat\/salajove\/wp-json\/wp\/v2\/tags?post=3823"}],"curies":[{"name":"wp","href":"https:\/\/api.w.org\/{rel}","templated":true}]}}