{"id":3798,"date":"2020-03-17T15:33:19","date_gmt":"2020-03-17T14:33:19","guid":{"rendered":"https:\/\/biblioteca.blanes.cat\/salajove\/?p=3798"},"modified":"2020-03-17T15:33:19","modified_gmt":"2020-03-17T14:33:19","slug":"solitud-de-victor-catala","status":"publish","type":"post","link":"https:\/\/biblioteca.blanes.cat\/salajove\/2020\/03\/17\/solitud-de-victor-catala\/","title":{"rendered":"SOLITUD de Victor Catal\u00e0"},"content":{"rendered":"<h3 style=\"text-align: center\"><strong>SOLITUD<img fetchpriority=\"high\" decoding=\"async\" class=\" alignleft\" src=\"https:\/\/www.abacus.coop\/dw\/image\/v2\/BDLM_PRD\/on\/demandware.static\/-\/Sites-AbacusMaster\/default\/dwa9033466\/images\/large\/769373.76.jpg?sw=420\" width=\"281\" height=\"407\" \/><\/strong><br \/>\n VICTOR CATAL\u00c0<\/h3>\n<p style=\"text-align: center\"><strong><em>Les ovelles s\u2019escampaven ara d\u2019aquesta, ara de l\u2019altra banda de la muntanya, estenent-se sobre la terra humida i bruna, com una nevada corredora; el vailet saltava empassegant i girant-se a cada punt per enviar a la Mila mots de despedida i somriures enjogassats; l\u2019home tamb\u00e9 solia tombar-se una o dues voltes per fer amb el bast\u00f3 un moviment afectu\u00f3s, i quan la nevada es perdia enll\u00e0 i devenia subtil com una polseguera i els guardians s\u2019havien fos en ella, la Mila restava encara imm\u00f2bil en son badador, i sos ulls oberts i encantats s\u2019enlluentien a poc a poc, s\u2019encrestallaven, s\u2019enaiguaven tots, i la fi se\u2019n desprenien dues ll\u00e0grimes plenes, que queien sobre els bra\u00e7os encreuats. La Mila no digu\u00e9 pas res, per\u00f2 tot son coratge defall\u00ed davant la nova prova que era sotm\u00e8s, i la seva solitud s\u2019espesse\u00ed i congel\u00e0 entorn de son \u00e0nima com pas de gleves polars.<\/em><\/strong><\/p>\n<p>El llibre d\u2019avui \u00e9s <strong><em>Solitud<\/em><\/strong>, publicat l\u2019any 1905 per l\u2019escriptora empordanesa amb pseud\u00f2nim Victor Catal\u00e0.<\/p>\n<p>L&#8217;obra se centra en el trasbals interior d&#8217;una dona, la Mila, provocat per la insatisfacci\u00f3 de la conviv\u00e8ncia amb el seu marit, un home gandul i ab\u00falic a qui ha de seguir a contracor per tenir cura d&#8217;una ermita en una muntanya solit\u00e0ria i esquerpa. La insatisfacci\u00f3 la porta al desequilibri emocional i a la recerca de possibles sortides, mitjan\u00e7ant l&#8217;amor i el sentiment maternal que projecta en les relacions amb altres persones. Finalment la seva pr\u00f2pia vida li suposa assumir la solitud.<\/p>\n<p>Dins de tota aquesta exist\u00e8ncia frustrada i insatisfacci\u00f3 emocional i econ\u00f2mica de la protagonista en vers una vida no desitjada, hi podem destacar el recolzament afable i constant que li \u00e9s proporcionat per la figura del Pastor, en la qual la Mila s\u2019hi recolza plenament.<\/p>\n<p>En diversos punts del relat, la Mila plora. Aquest plor \u00e9s un clar indicador que ha adquirit consci\u00e8ncia de totes les limitacions que li impedeixen ser ella mateixa. Per transformar aquesta realitat, la llibertat i la voluntat de la protagonista han de lluitar contra les coaccions que imposa la societat.<\/p>\n<p>Al principi de la novel\u00b7la la Mila t\u00e9 por de tot, \u00e9s inexperta i se sent insegura, i no \u00e9s capa\u00e7 de prendre decisions sobre la seva vida. T\u00e9 moltes ganes d\u2019estimar en molts vessants (al marit, altres homes, un fill, amics, etc), per\u00f2 la impossibilitat de dur-ho a terme la conduir\u00e0 progressivament a sentir-se insatisfeta. Al final de l\u2019obra totes aquestes caracter\u00edstiques hauran desaparegut, ja que de l\u2019experi\u00e8ncia viscuda n\u2019haur\u00e0 sorgit una nova Mila.<\/p>\n<h3 style=\"text-align: center\">I ara unes frases:<\/h3>\n<p><em>* \u201cI la vista? La Mila passej\u00e0 llargament la mirada. Tot el que veg\u00e9 era d\u2019un mateix color: d\u2019un gris compacte i apagat de cendra. Gris el malinc\u00f2nic cel de jorn cluc; grisa la gran muntanya que anava a trobar-lo all\u00e0 en l\u2019altura; grisa la boira pesant que de mitja muntanya avall ho amagava tot, formes, termes, horitzons\u2026\u201d<\/em><\/p>\n<p><em>* \u201cLa Mila revivia amb lentitud, com un soldat dessagnat en el camp de batalla i que ha de recobrar la seva sang de gota en gota; i aix\u00ed com quan s\u2019acaba la vida l\u2019instint s\u2019hi arrapa amb for\u00e7a i vol fruirla intensament i tot d\u2019un plegat, quan la vida retorna \u00e9s ben altra cosa. El desig, incert i tremol\u00f3s de sa mateixa feblesa, no atrevint-se encara a marxar sol cap a sa realitzaci\u00f3, es detura esmaperdut, i despr\u00e9s, mentre espera el refor\u00e7 de la pot\u00e8ncia, recula i es llen\u00e7a vida enrera; en lloc d\u2019obrar, es recorda. La Mila, al revifar-se, recordava.\u201d<\/em><\/p>\n<h3 style=\"text-align: center\">I ara unes an\u00e8cdotes:<\/h3>\n<p>* La novel\u00b7la est\u00e0 escrita sota un pseud\u00f2nim mascul\u00ed, Victor Catal\u00e0. L\u2019autora \u00e9s Caterina Albert i Parad\u00eds.<\/p>\n<p>* Es va publicar en forma de fulletons de vuit p\u00e0gines setmanals a la revista Joventut des del 19 de mar\u00e7 de 1904 fins al 20 d\u2019abril de 1905.<\/p>\n<p>* Est\u00e0 inspirada en un paisatge real. L\u2019autora va recon\u00e8ixer que es va inspirar en un lloc real, l\u2019anomenada muntanya de Santa Caterina, entre l\u2019Escala i Torroella de Montgr\u00ed. Aquesta muntanya tamb\u00e9 t\u00e9 una ermita, la de Santa Caterina, patrona de les noies que busquen marit (element directament relacionat amb Solitud), i que celebrava un aplec al final de novembre en el qual assistien persones dels pobles del voltant (un altre element).<\/p>\n<p>* Solitud \u00e9s l\u2019obra m\u00e9s universal de la narrativa modernista. L\u2019\u00e8xit d\u2019aquesta novel\u00b7la no es deu nom\u00e9s a la bona acceptaci\u00f3 de la cr\u00edtica i al premi Fastenrath que va obtenir l\u2019any 1909, sin\u00f3 tamb\u00e9 a les nombroses edicions i les traduccions a set lleng\u00fces.<\/p>\n<p style=\"text-align: center\"><strong>En conclusi\u00f3, aquesta obra \u00e9s un clar exemple de l\u2019exist\u00e8ncia frustrada i la insatisfacci\u00f3 emocional i econ\u00f2mica de la Mila en vers una vida no desitjada i el recolzament afable i constant que li \u00e9s proporcionat per la figura del Pastor. Tot ell adornat per la Victor Catal\u00e0 amb pinzellades inconscients d\u2019un art modernista i una perspectiva pr\u00f2piament femenina.<\/strong><\/p>\n","protected":false},"excerpt":{"rendered":"<p>SOLITUD VICTOR CATAL\u00c0 Les ovelles s\u2019escampaven ara d\u2019aquesta, ara de l\u2019altra banda de la muntanya, estenent-se sobre la terra humida i bruna, com una nevada corredora; el vailet saltava empassegant i girant-se a cada punt per enviar a la Mila<\/p>\n","protected":false},"author":6,"featured_media":1802,"comment_status":"open","ping_status":"open","sticky":false,"template":"","format":"standard","meta":{"sfsi_plus_gutenberg_text_before_share":"","sfsi_plus_gutenberg_show_text_before_share":"","sfsi_plus_gutenberg_icon_type":"","sfsi_plus_gutenberg_icon_alignemt":"","sfsi_plus_gutenburg_max_per_row":"","footnotes":""},"categories":[9,11],"tags":[33,31,26,19,21],"class_list":["post-3798","post","type-post","status-publish","format-standard","has-post-thumbnail","hentry","category-raco-de-la-paula","category-classic","tag-el-raco-de-la-paula","tag-escriptura","tag-lectura","tag-literatura","tag-llibres"],"yoast_head":"<!-- This site is optimized with the Yoast SEO plugin v27.5 - https:\/\/yoast.com\/product\/yoast-seo-wordpress\/ -->\n<title>SOLITUD de Victor Catal\u00e0 - Sala Jove<\/title>\n<meta name=\"description\" content=\"aquesta obra \u00e9s un clar exemple de l\u2019exist\u00e8ncia frustrada i la insatisfacci\u00f3 emocional i econ\u00f2mica de la Mila en vers una vida no desitjada\" \/>\n<meta name=\"robots\" content=\"index, follow, max-snippet:-1, max-image-preview:large, max-video-preview:-1\" \/>\n<link rel=\"canonical\" href=\"https:\/\/biblioteca.blanes.cat\/salajove\/2020\/03\/17\/solitud-de-victor-catala\/\" \/>\n<meta property=\"og:locale\" content=\"ca_ES\" \/>\n<meta property=\"og:type\" content=\"article\" \/>\n<meta property=\"og:title\" content=\"SOLITUD de Victor Catal\u00e0 - Sala Jove\" \/>\n<meta property=\"og:description\" content=\"aquesta obra \u00e9s un clar exemple de l\u2019exist\u00e8ncia frustrada i la insatisfacci\u00f3 emocional i econ\u00f2mica de la Mila en vers una vida no desitjada\" \/>\n<meta property=\"og:url\" content=\"https:\/\/biblioteca.blanes.cat\/salajove\/2020\/03\/17\/solitud-de-victor-catala\/\" \/>\n<meta property=\"og:site_name\" content=\"Sala Jove\" \/>\n<meta property=\"article:publisher\" content=\"https:\/\/www.facebook.com\/BilbiotecaComarcaldeBlanes\/\" \/>\n<meta property=\"article:published_time\" content=\"2020-03-17T14:33:19+00:00\" \/>\n<meta property=\"og:image\" content=\"https:\/\/biblioteca.blanes.cat\/salajove\/wp-content\/uploads\/sites\/3\/2017\/10\/elrac\u00f3delapaula_.png\" \/>\n\t<meta property=\"og:image:width\" content=\"3719\" \/>\n\t<meta property=\"og:image:height\" content=\"3719\" \/>\n\t<meta property=\"og:image:type\" content=\"image\/png\" \/>\n<meta name=\"author\" content=\"paula\" \/>\n<meta name=\"twitter:card\" content=\"summary_large_image\" \/>\n<meta name=\"twitter:creator\" content=\"@BiblioBlanes\" \/>\n<meta name=\"twitter:site\" content=\"@BiblioBlanes\" \/>\n<meta name=\"twitter:label1\" content=\"Escrit per\" \/>\n\t<meta name=\"twitter:data1\" content=\"paula\" \/>\n\t<meta name=\"twitter:label2\" content=\"Temps estimat de lectura\" \/>\n\t<meta name=\"twitter:data2\" content=\"4 minuts\" \/>\n<script type=\"application\/ld+json\" class=\"yoast-schema-graph\">{\"@context\":\"https:\\\/\\\/schema.org\",\"@graph\":[{\"@type\":\"Article\",\"@id\":\"https:\\\/\\\/biblioteca.blanes.cat\\\/salajove\\\/2020\\\/03\\\/17\\\/solitud-de-victor-catala\\\/#article\",\"isPartOf\":{\"@id\":\"https:\\\/\\\/biblioteca.blanes.cat\\\/salajove\\\/2020\\\/03\\\/17\\\/solitud-de-victor-catala\\\/\"},\"author\":{\"name\":\"paula\",\"@id\":\"https:\\\/\\\/biblioteca.blanes.cat\\\/salajove\\\/#\\\/schema\\\/person\\\/8dbc45cdf5d1c7e2d100d147517ba7f3\"},\"headline\":\"SOLITUD de Victor Catal\u00e0\",\"datePublished\":\"2020-03-17T14:33:19+00:00\",\"mainEntityOfPage\":{\"@id\":\"https:\\\/\\\/biblioteca.blanes.cat\\\/salajove\\\/2020\\\/03\\\/17\\\/solitud-de-victor-catala\\\/\"},\"wordCount\":880,\"commentCount\":2,\"publisher\":{\"@id\":\"https:\\\/\\\/biblioteca.blanes.cat\\\/salajove\\\/#organization\"},\"image\":{\"@id\":\"https:\\\/\\\/biblioteca.blanes.cat\\\/salajove\\\/2020\\\/03\\\/17\\\/solitud-de-victor-catala\\\/#primaryimage\"},\"thumbnailUrl\":\"https:\\\/\\\/biblioteca.blanes.cat\\\/salajove\\\/wp-content\\\/uploads\\\/sites\\\/3\\\/2017\\\/10\\\/elrac\u00f3delapaula_.png\",\"keywords\":[\"#ElRac\u00f3delaPaula\",\"#Escriptura\",\"#Lectura\",\"#Literatura\",\"#Llibres\"],\"articleSection\":[\"Rac\u00f3 de la Paula\",\"RP_Cl\u00e0ssic\"],\"inLanguage\":\"ca\",\"potentialAction\":[{\"@type\":\"CommentAction\",\"name\":\"Comment\",\"target\":[\"https:\\\/\\\/biblioteca.blanes.cat\\\/salajove\\\/2020\\\/03\\\/17\\\/solitud-de-victor-catala\\\/#respond\"]}]},{\"@type\":\"WebPage\",\"@id\":\"https:\\\/\\\/biblioteca.blanes.cat\\\/salajove\\\/2020\\\/03\\\/17\\\/solitud-de-victor-catala\\\/\",\"url\":\"https:\\\/\\\/biblioteca.blanes.cat\\\/salajove\\\/2020\\\/03\\\/17\\\/solitud-de-victor-catala\\\/\",\"name\":\"SOLITUD de Victor Catal\u00e0 - Sala Jove\",\"isPartOf\":{\"@id\":\"https:\\\/\\\/biblioteca.blanes.cat\\\/salajove\\\/#website\"},\"primaryImageOfPage\":{\"@id\":\"https:\\\/\\\/biblioteca.blanes.cat\\\/salajove\\\/2020\\\/03\\\/17\\\/solitud-de-victor-catala\\\/#primaryimage\"},\"image\":{\"@id\":\"https:\\\/\\\/biblioteca.blanes.cat\\\/salajove\\\/2020\\\/03\\\/17\\\/solitud-de-victor-catala\\\/#primaryimage\"},\"thumbnailUrl\":\"https:\\\/\\\/biblioteca.blanes.cat\\\/salajove\\\/wp-content\\\/uploads\\\/sites\\\/3\\\/2017\\\/10\\\/elrac\u00f3delapaula_.png\",\"datePublished\":\"2020-03-17T14:33:19+00:00\",\"description\":\"aquesta obra \u00e9s un clar exemple de l\u2019exist\u00e8ncia frustrada i la insatisfacci\u00f3 emocional i econ\u00f2mica de la Mila en vers una vida no desitjada\",\"breadcrumb\":{\"@id\":\"https:\\\/\\\/biblioteca.blanes.cat\\\/salajove\\\/2020\\\/03\\\/17\\\/solitud-de-victor-catala\\\/#breadcrumb\"},\"inLanguage\":\"ca\",\"potentialAction\":[{\"@type\":\"ReadAction\",\"target\":[\"https:\\\/\\\/biblioteca.blanes.cat\\\/salajove\\\/2020\\\/03\\\/17\\\/solitud-de-victor-catala\\\/\"]}]},{\"@type\":\"ImageObject\",\"inLanguage\":\"ca\",\"@id\":\"https:\\\/\\\/biblioteca.blanes.cat\\\/salajove\\\/2020\\\/03\\\/17\\\/solitud-de-victor-catala\\\/#primaryimage\",\"url\":\"https:\\\/\\\/biblioteca.blanes.cat\\\/salajove\\\/wp-content\\\/uploads\\\/sites\\\/3\\\/2017\\\/10\\\/elrac\u00f3delapaula_.png\",\"contentUrl\":\"https:\\\/\\\/biblioteca.blanes.cat\\\/salajove\\\/wp-content\\\/uploads\\\/sites\\\/3\\\/2017\\\/10\\\/elrac\u00f3delapaula_.png\",\"width\":3719,\"height\":3719},{\"@type\":\"BreadcrumbList\",\"@id\":\"https:\\\/\\\/biblioteca.blanes.cat\\\/salajove\\\/2020\\\/03\\\/17\\\/solitud-de-victor-catala\\\/#breadcrumb\",\"itemListElement\":[{\"@type\":\"ListItem\",\"position\":1,\"name\":\"Inici\",\"item\":\"https:\\\/\\\/biblioteca.blanes.cat\\\/salajove\\\/\"},{\"@type\":\"ListItem\",\"position\":2,\"name\":\"SOLITUD de Victor Catal\u00e0\"}]},{\"@type\":\"WebSite\",\"@id\":\"https:\\\/\\\/biblioteca.blanes.cat\\\/salajove\\\/#website\",\"url\":\"https:\\\/\\\/biblioteca.blanes.cat\\\/salajove\\\/\",\"name\":\"Sala Jove\",\"description\":\"Biblioteca Comarcal de Blanes\",\"publisher\":{\"@id\":\"https:\\\/\\\/biblioteca.blanes.cat\\\/salajove\\\/#organization\"},\"potentialAction\":[{\"@type\":\"SearchAction\",\"target\":{\"@type\":\"EntryPoint\",\"urlTemplate\":\"https:\\\/\\\/biblioteca.blanes.cat\\\/salajove\\\/?s={search_term_string}\"},\"query-input\":{\"@type\":\"PropertyValueSpecification\",\"valueRequired\":true,\"valueName\":\"search_term_string\"}}],\"inLanguage\":\"ca\"},{\"@type\":\"Organization\",\"@id\":\"https:\\\/\\\/biblioteca.blanes.cat\\\/salajove\\\/#organization\",\"name\":\"Biblioteca Comarcal de Blanes\",\"url\":\"https:\\\/\\\/biblioteca.blanes.cat\\\/salajove\\\/\",\"logo\":{\"@type\":\"ImageObject\",\"inLanguage\":\"ca\",\"@id\":\"https:\\\/\\\/biblioteca.blanes.cat\\\/salajove\\\/#\\\/schema\\\/logo\\\/image\\\/\",\"url\":\"https:\\\/\\\/biblioteca.blanes.cat\\\/salajove\\\/wp-content\\\/uploads\\\/sites\\\/3\\\/2017\\\/09\\\/cropped-Bib-blau-e1518869380535.png\",\"contentUrl\":\"https:\\\/\\\/biblioteca.blanes.cat\\\/salajove\\\/wp-content\\\/uploads\\\/sites\\\/3\\\/2017\\\/09\\\/cropped-Bib-blau-e1518869380535.png\",\"width\":166,\"height\":166,\"caption\":\"Biblioteca Comarcal de Blanes\"},\"image\":{\"@id\":\"https:\\\/\\\/biblioteca.blanes.cat\\\/salajove\\\/#\\\/schema\\\/logo\\\/image\\\/\"},\"sameAs\":[\"https:\\\/\\\/www.facebook.com\\\/BilbiotecaComarcaldeBlanes\\\/\",\"https:\\\/\\\/x.com\\\/BiblioBlanes\",\"https:\\\/\\\/www.instagram.com\\\/biblioblanes\\\/\",\"https:\\\/\\\/www.pinterest.es\\\/bblanes\\\/\",\"https:\\\/\\\/www.youtube.com\\\/c\\\/BibliotecaComarcalBlanes\"]},{\"@type\":\"Person\",\"@id\":\"https:\\\/\\\/biblioteca.blanes.cat\\\/salajove\\\/#\\\/schema\\\/person\\\/8dbc45cdf5d1c7e2d100d147517ba7f3\",\"name\":\"paula\",\"image\":{\"@type\":\"ImageObject\",\"inLanguage\":\"ca\",\"@id\":\"https:\\\/\\\/secure.gravatar.com\\\/avatar\\\/7dc0a9399589f36ddc6864e8335b73854871aa22921ee390cb50776e7ddfc136?s=96&d=mm&r=g\",\"url\":\"https:\\\/\\\/secure.gravatar.com\\\/avatar\\\/7dc0a9399589f36ddc6864e8335b73854871aa22921ee390cb50776e7ddfc136?s=96&d=mm&r=g\",\"contentUrl\":\"https:\\\/\\\/secure.gravatar.com\\\/avatar\\\/7dc0a9399589f36ddc6864e8335b73854871aa22921ee390cb50776e7ddfc136?s=96&d=mm&r=g\",\"caption\":\"paula\"},\"url\":\"https:\\\/\\\/biblioteca.blanes.cat\\\/salajove\\\/author\\\/paula\\\/\"}]}<\/script>\n<!-- \/ Yoast SEO plugin. -->","yoast_head_json":{"title":"SOLITUD de Victor Catal\u00e0 - Sala Jove","description":"aquesta obra \u00e9s un clar exemple de l\u2019exist\u00e8ncia frustrada i la insatisfacci\u00f3 emocional i econ\u00f2mica de la Mila en vers una vida no desitjada","robots":{"index":"index","follow":"follow","max-snippet":"max-snippet:-1","max-image-preview":"max-image-preview:large","max-video-preview":"max-video-preview:-1"},"canonical":"https:\/\/biblioteca.blanes.cat\/salajove\/2020\/03\/17\/solitud-de-victor-catala\/","og_locale":"ca_ES","og_type":"article","og_title":"SOLITUD de Victor Catal\u00e0 - Sala Jove","og_description":"aquesta obra \u00e9s un clar exemple de l\u2019exist\u00e8ncia frustrada i la insatisfacci\u00f3 emocional i econ\u00f2mica de la Mila en vers una vida no desitjada","og_url":"https:\/\/biblioteca.blanes.cat\/salajove\/2020\/03\/17\/solitud-de-victor-catala\/","og_site_name":"Sala Jove","article_publisher":"https:\/\/www.facebook.com\/BilbiotecaComarcaldeBlanes\/","article_published_time":"2020-03-17T14:33:19+00:00","og_image":[{"width":3719,"height":3719,"url":"https:\/\/biblioteca.blanes.cat\/salajove\/wp-content\/uploads\/sites\/3\/2017\/10\/elrac\u00f3delapaula_.png","type":"image\/png"}],"author":"paula","twitter_card":"summary_large_image","twitter_creator":"@BiblioBlanes","twitter_site":"@BiblioBlanes","twitter_misc":{"Escrit per":"paula","Temps estimat de lectura":"4 minuts"},"schema":{"@context":"https:\/\/schema.org","@graph":[{"@type":"Article","@id":"https:\/\/biblioteca.blanes.cat\/salajove\/2020\/03\/17\/solitud-de-victor-catala\/#article","isPartOf":{"@id":"https:\/\/biblioteca.blanes.cat\/salajove\/2020\/03\/17\/solitud-de-victor-catala\/"},"author":{"name":"paula","@id":"https:\/\/biblioteca.blanes.cat\/salajove\/#\/schema\/person\/8dbc45cdf5d1c7e2d100d147517ba7f3"},"headline":"SOLITUD de Victor Catal\u00e0","datePublished":"2020-03-17T14:33:19+00:00","mainEntityOfPage":{"@id":"https:\/\/biblioteca.blanes.cat\/salajove\/2020\/03\/17\/solitud-de-victor-catala\/"},"wordCount":880,"commentCount":2,"publisher":{"@id":"https:\/\/biblioteca.blanes.cat\/salajove\/#organization"},"image":{"@id":"https:\/\/biblioteca.blanes.cat\/salajove\/2020\/03\/17\/solitud-de-victor-catala\/#primaryimage"},"thumbnailUrl":"https:\/\/biblioteca.blanes.cat\/salajove\/wp-content\/uploads\/sites\/3\/2017\/10\/elrac\u00f3delapaula_.png","keywords":["#ElRac\u00f3delaPaula","#Escriptura","#Lectura","#Literatura","#Llibres"],"articleSection":["Rac\u00f3 de la Paula","RP_Cl\u00e0ssic"],"inLanguage":"ca","potentialAction":[{"@type":"CommentAction","name":"Comment","target":["https:\/\/biblioteca.blanes.cat\/salajove\/2020\/03\/17\/solitud-de-victor-catala\/#respond"]}]},{"@type":"WebPage","@id":"https:\/\/biblioteca.blanes.cat\/salajove\/2020\/03\/17\/solitud-de-victor-catala\/","url":"https:\/\/biblioteca.blanes.cat\/salajove\/2020\/03\/17\/solitud-de-victor-catala\/","name":"SOLITUD de Victor Catal\u00e0 - Sala Jove","isPartOf":{"@id":"https:\/\/biblioteca.blanes.cat\/salajove\/#website"},"primaryImageOfPage":{"@id":"https:\/\/biblioteca.blanes.cat\/salajove\/2020\/03\/17\/solitud-de-victor-catala\/#primaryimage"},"image":{"@id":"https:\/\/biblioteca.blanes.cat\/salajove\/2020\/03\/17\/solitud-de-victor-catala\/#primaryimage"},"thumbnailUrl":"https:\/\/biblioteca.blanes.cat\/salajove\/wp-content\/uploads\/sites\/3\/2017\/10\/elrac\u00f3delapaula_.png","datePublished":"2020-03-17T14:33:19+00:00","description":"aquesta obra \u00e9s un clar exemple de l\u2019exist\u00e8ncia frustrada i la insatisfacci\u00f3 emocional i econ\u00f2mica de la Mila en vers una vida no desitjada","breadcrumb":{"@id":"https:\/\/biblioteca.blanes.cat\/salajove\/2020\/03\/17\/solitud-de-victor-catala\/#breadcrumb"},"inLanguage":"ca","potentialAction":[{"@type":"ReadAction","target":["https:\/\/biblioteca.blanes.cat\/salajove\/2020\/03\/17\/solitud-de-victor-catala\/"]}]},{"@type":"ImageObject","inLanguage":"ca","@id":"https:\/\/biblioteca.blanes.cat\/salajove\/2020\/03\/17\/solitud-de-victor-catala\/#primaryimage","url":"https:\/\/biblioteca.blanes.cat\/salajove\/wp-content\/uploads\/sites\/3\/2017\/10\/elrac\u00f3delapaula_.png","contentUrl":"https:\/\/biblioteca.blanes.cat\/salajove\/wp-content\/uploads\/sites\/3\/2017\/10\/elrac\u00f3delapaula_.png","width":3719,"height":3719},{"@type":"BreadcrumbList","@id":"https:\/\/biblioteca.blanes.cat\/salajove\/2020\/03\/17\/solitud-de-victor-catala\/#breadcrumb","itemListElement":[{"@type":"ListItem","position":1,"name":"Inici","item":"https:\/\/biblioteca.blanes.cat\/salajove\/"},{"@type":"ListItem","position":2,"name":"SOLITUD de Victor Catal\u00e0"}]},{"@type":"WebSite","@id":"https:\/\/biblioteca.blanes.cat\/salajove\/#website","url":"https:\/\/biblioteca.blanes.cat\/salajove\/","name":"Sala Jove","description":"Biblioteca Comarcal de Blanes","publisher":{"@id":"https:\/\/biblioteca.blanes.cat\/salajove\/#organization"},"potentialAction":[{"@type":"SearchAction","target":{"@type":"EntryPoint","urlTemplate":"https:\/\/biblioteca.blanes.cat\/salajove\/?s={search_term_string}"},"query-input":{"@type":"PropertyValueSpecification","valueRequired":true,"valueName":"search_term_string"}}],"inLanguage":"ca"},{"@type":"Organization","@id":"https:\/\/biblioteca.blanes.cat\/salajove\/#organization","name":"Biblioteca Comarcal de Blanes","url":"https:\/\/biblioteca.blanes.cat\/salajove\/","logo":{"@type":"ImageObject","inLanguage":"ca","@id":"https:\/\/biblioteca.blanes.cat\/salajove\/#\/schema\/logo\/image\/","url":"https:\/\/biblioteca.blanes.cat\/salajove\/wp-content\/uploads\/sites\/3\/2017\/09\/cropped-Bib-blau-e1518869380535.png","contentUrl":"https:\/\/biblioteca.blanes.cat\/salajove\/wp-content\/uploads\/sites\/3\/2017\/09\/cropped-Bib-blau-e1518869380535.png","width":166,"height":166,"caption":"Biblioteca Comarcal de Blanes"},"image":{"@id":"https:\/\/biblioteca.blanes.cat\/salajove\/#\/schema\/logo\/image\/"},"sameAs":["https:\/\/www.facebook.com\/BilbiotecaComarcaldeBlanes\/","https:\/\/x.com\/BiblioBlanes","https:\/\/www.instagram.com\/biblioblanes\/","https:\/\/www.pinterest.es\/bblanes\/","https:\/\/www.youtube.com\/c\/BibliotecaComarcalBlanes"]},{"@type":"Person","@id":"https:\/\/biblioteca.blanes.cat\/salajove\/#\/schema\/person\/8dbc45cdf5d1c7e2d100d147517ba7f3","name":"paula","image":{"@type":"ImageObject","inLanguage":"ca","@id":"https:\/\/secure.gravatar.com\/avatar\/7dc0a9399589f36ddc6864e8335b73854871aa22921ee390cb50776e7ddfc136?s=96&d=mm&r=g","url":"https:\/\/secure.gravatar.com\/avatar\/7dc0a9399589f36ddc6864e8335b73854871aa22921ee390cb50776e7ddfc136?s=96&d=mm&r=g","contentUrl":"https:\/\/secure.gravatar.com\/avatar\/7dc0a9399589f36ddc6864e8335b73854871aa22921ee390cb50776e7ddfc136?s=96&d=mm&r=g","caption":"paula"},"url":"https:\/\/biblioteca.blanes.cat\/salajove\/author\/paula\/"}]}},"_links":{"self":[{"href":"https:\/\/biblioteca.blanes.cat\/salajove\/wp-json\/wp\/v2\/posts\/3798","targetHints":{"allow":["GET"]}}],"collection":[{"href":"https:\/\/biblioteca.blanes.cat\/salajove\/wp-json\/wp\/v2\/posts"}],"about":[{"href":"https:\/\/biblioteca.blanes.cat\/salajove\/wp-json\/wp\/v2\/types\/post"}],"author":[{"embeddable":true,"href":"https:\/\/biblioteca.blanes.cat\/salajove\/wp-json\/wp\/v2\/users\/6"}],"replies":[{"embeddable":true,"href":"https:\/\/biblioteca.blanes.cat\/salajove\/wp-json\/wp\/v2\/comments?post=3798"}],"version-history":[{"count":11,"href":"https:\/\/biblioteca.blanes.cat\/salajove\/wp-json\/wp\/v2\/posts\/3798\/revisions"}],"predecessor-version":[{"id":3809,"href":"https:\/\/biblioteca.blanes.cat\/salajove\/wp-json\/wp\/v2\/posts\/3798\/revisions\/3809"}],"wp:featuredmedia":[{"embeddable":true,"href":"https:\/\/biblioteca.blanes.cat\/salajove\/wp-json\/wp\/v2\/media\/1802"}],"wp:attachment":[{"href":"https:\/\/biblioteca.blanes.cat\/salajove\/wp-json\/wp\/v2\/media?parent=3798"}],"wp:term":[{"taxonomy":"category","embeddable":true,"href":"https:\/\/biblioteca.blanes.cat\/salajove\/wp-json\/wp\/v2\/categories?post=3798"},{"taxonomy":"post_tag","embeddable":true,"href":"https:\/\/biblioteca.blanes.cat\/salajove\/wp-json\/wp\/v2\/tags?post=3798"}],"curies":[{"name":"wp","href":"https:\/\/api.w.org\/{rel}","templated":true}]}}