{"id":3694,"date":"2020-02-20T20:49:24","date_gmt":"2020-02-20T19:49:24","guid":{"rendered":"https:\/\/biblioteca.blanes.cat\/salajove\/?p=3694"},"modified":"2020-02-20T20:49:24","modified_gmt":"2020-02-20T19:49:24","slug":"agora-jove-propera-sessio-ocupacio-i-economia","status":"publish","type":"post","link":"https:\/\/biblioteca.blanes.cat\/salajove\/2020\/02\/20\/agora-jove-propera-sessio-ocupacio-i-economia\/","title":{"rendered":"\u00c0GORA JOVE: Propera sessi\u00f3 Ocupaci\u00f3 i economia"},"content":{"rendered":"<p style=\"text-align: center;\">Hola Joves!!<\/p>\n<p>&nbsp;<\/p>\n<p><strong><span style=\"text-decoration: underline;\">Dimarts 18 de Febrer<\/span><\/strong><\/p>\n<p>Tenim noves not\u00edcies! Ahir vam comen\u00e7ar a preparar el Calendari \u00c0gora Jove 2021, un calendari amb fotografies fetes per vosaltres que representin cadascun dels 17 Objectius de Desenvolupament Sostenible.<\/p>\n<p>&nbsp;<\/p>\n<p>Per aquesta ra\u00f3, vam parlar sobre els aspectes que cal tenir en compte a l\u2019hora de fer fotos amb el m\u00f2bil: llum, perspectiva, punt de vista, etc.<\/p>\n<p>&nbsp;<\/p>\n<p>Tamb\u00e9 vam fer una pluja d\u2019idees sobre les fotografies que es podrien fer de cada ODS que hem treballat fins ara: Igualtat de g\u00e8nere, fi de la pobresa, educaci\u00f3 de qualitat, fam zero, salut i benestar, i ciutats i comunitats sostenibles.<\/p>\n<p>&nbsp;<\/p>\n<p><img fetchpriority=\"high\" decoding=\"async\" class=\"aligncenter wp-image-3696 size-large\" src=\"https:\/\/biblioteca.blanes.cat\/salajove\/wp-content\/uploads\/sites\/3\/2020\/02\/18.02-1-1024x497.jpg\" alt=\"\" width=\"750\" height=\"364\" srcset=\"https:\/\/biblioteca.blanes.cat\/salajove\/wp-content\/uploads\/sites\/3\/2020\/02\/18.02-1-1024x497.jpg 1024w, https:\/\/biblioteca.blanes.cat\/salajove\/wp-content\/uploads\/sites\/3\/2020\/02\/18.02-1-300x146.jpg 300w, https:\/\/biblioteca.blanes.cat\/salajove\/wp-content\/uploads\/sites\/3\/2020\/02\/18.02-1-768x373.jpg 768w, https:\/\/biblioteca.blanes.cat\/salajove\/wp-content\/uploads\/sites\/3\/2020\/02\/18.02-1.jpg 1600w\" sizes=\"(max-width: 750px) 100vw, 750px\" \/><\/p>\n<p>&nbsp;<\/p>\n<p>Si a tu tamb\u00e9 t\u2019agrada la fotografia, ets creatiu o tens alguna idea per aquests objectius. T\u2019hi esperem a la propera sessi\u00f3 el dia <strong>3 de mar\u00e7 a les 18:00<\/strong> de la tarda a la Sala Jove!<\/p>\n<p>&nbsp;<\/p>\n<p><strong><span style=\"text-decoration: underline;\">Dimecres 19 de Febrer<\/span><\/strong><\/p>\n<p>I dimecres vam tenir una sessi\u00f3 molt especial, ja que ens van visitar en Pere Gual i la Roser Bitlloch, fundadors de l\u2019Associaci\u00f3 per al Desenvolupament Agr\u00edcola de Kuwonku i el seu Districte.<\/p>\n<p>&nbsp;<\/p>\n<p><img decoding=\"async\" class=\"aligncenter wp-image-3697 size-medium\" src=\"https:\/\/biblioteca.blanes.cat\/salajove\/wp-content\/uploads\/sites\/3\/2020\/02\/Kuwonku-300x240.jpg\" alt=\"\" width=\"300\" height=\"240\" srcset=\"https:\/\/biblioteca.blanes.cat\/salajove\/wp-content\/uploads\/sites\/3\/2020\/02\/Kuwonku-300x240.jpg 300w, https:\/\/biblioteca.blanes.cat\/salajove\/wp-content\/uploads\/sites\/3\/2020\/02\/Kuwonku-768x614.jpg 768w, https:\/\/biblioteca.blanes.cat\/salajove\/wp-content\/uploads\/sites\/3\/2020\/02\/Kuwonku-1024x819.jpg 1024w, https:\/\/biblioteca.blanes.cat\/salajove\/wp-content\/uploads\/sites\/3\/2020\/02\/Kuwonku.jpg 1080w\" sizes=\"(max-width: 300px) 100vw, 300px\" \/><\/p>\n<p>&nbsp;<\/p>\n<p>Aquests ve\u00efns de Blanes disposen d\u2019una resid\u00e8ncia a Kuwonku i realitzen estades de llarga durada en la petita poblaci\u00f3 de G\u00e0mbia, on desenvolupen diferents projectes de desenvolupament sostenible entre els quals destaquen: la renovaci\u00f3 de l\u2019escola, la creaci\u00f3 d\u2019una biblioteca i el Club de B\u00e0squet Kuwonku, la proporci\u00f3 de coneixements i materials per al desenvolupament de l\u2019agricultura i la ramaderia, la construcci\u00f3 d\u2019un ambulatori i la de dos pous d\u2019aigua potable.<\/p>\n<p>A m\u00e9s, donen la possibilitat d\u2019apadrinar infants de prim\u00e0ria i secund\u00e0ria perqu\u00e8 tinguin dos uniformes escolars, sabates, material escolar i dinar diari per tot el curs.<\/p>\n<p>Si voleu m\u00e9s informaci\u00f3 sobre l&#8217;associaci\u00f3 aqu\u00ed teniu l&#8217;enlla\u00e7 : <a href=\"http:\/\/ongkuwonku.org\/\">http:\/\/ongkuwonku.org\/<\/a><\/p>\n<p>&nbsp;<\/p>\n<p><img decoding=\"async\" class=\"aligncenter wp-image-3698 size-large\" src=\"https:\/\/biblioteca.blanes.cat\/salajove\/wp-content\/uploads\/sites\/3\/2020\/02\/Kuwonku-2-1024x497.jpg\" alt=\"\" width=\"750\" height=\"364\" srcset=\"https:\/\/biblioteca.blanes.cat\/salajove\/wp-content\/uploads\/sites\/3\/2020\/02\/Kuwonku-2-1024x497.jpg 1024w, https:\/\/biblioteca.blanes.cat\/salajove\/wp-content\/uploads\/sites\/3\/2020\/02\/Kuwonku-2-300x146.jpg 300w, https:\/\/biblioteca.blanes.cat\/salajove\/wp-content\/uploads\/sites\/3\/2020\/02\/Kuwonku-2-768x373.jpg 768w, https:\/\/biblioteca.blanes.cat\/salajove\/wp-content\/uploads\/sites\/3\/2020\/02\/Kuwonku-2.jpg 1600w\" sizes=\"(max-width: 750px) 100vw, 750px\" \/><\/p>\n<p>&nbsp;<\/p>\n<p>Finalment, vam parlar sobre la seva experi\u00e8ncia de viure a Kuwonku, les difer\u00e8ncies culturals, i la import\u00e0ncia de tenir un bon professorat qualificat que vulgui realitzar estades de llarga durada a la seva escola, ja que l\u2019educaci\u00f3 \u00e9s la base de tot.<\/p>\n<p>&nbsp;<\/p>\n<p>Un cop m\u00e9s, moltes gr\u00e0cies per la vostra feina i per haver-ho compartit amb nosaltres!<\/p>\n<p>&nbsp;<\/p>\n<p>I la setmana vinent&#8230;.<\/p>\n<p><img loading=\"lazy\" decoding=\"async\" class=\"aligncenter wp-image-3699 size-full\" src=\"https:\/\/biblioteca.blanes.cat\/salajove\/wp-content\/uploads\/sites\/3\/2020\/02\/cartell-ocupaci\u00f3.jpg\" alt=\"\" width=\"1587\" height=\"2245\" srcset=\"https:\/\/biblioteca.blanes.cat\/salajove\/wp-content\/uploads\/sites\/3\/2020\/02\/cartell-ocupaci\u00f3.jpg 1587w, https:\/\/biblioteca.blanes.cat\/salajove\/wp-content\/uploads\/sites\/3\/2020\/02\/cartell-ocupaci\u00f3-212x300.jpg 212w, https:\/\/biblioteca.blanes.cat\/salajove\/wp-content\/uploads\/sites\/3\/2020\/02\/cartell-ocupaci\u00f3-768x1086.jpg 768w, https:\/\/biblioteca.blanes.cat\/salajove\/wp-content\/uploads\/sites\/3\/2020\/02\/cartell-ocupaci\u00f3-724x1024.jpg 724w\" sizes=\"(max-width: 1587px) 100vw, 1587px\" \/><\/p>\n","protected":false},"excerpt":{"rendered":"<p>Hola Joves!! &nbsp; Dimarts 18 de Febrer Tenim noves not\u00edcies! Ahir vam comen\u00e7ar a preparar el Calendari \u00c0gora Jove 2021, un calendari amb fotografies fetes per vosaltres que representin cadascun dels 17 Objectius de Desenvolupament Sostenible. &nbsp; Per aquesta ra\u00f3,<\/p>\n","protected":false},"author":4,"featured_media":3416,"comment_status":"open","ping_status":"open","sticky":false,"template":"","format":"standard","meta":{"sfsi_plus_gutenberg_text_before_share":"","sfsi_plus_gutenberg_show_text_before_share":"","sfsi_plus_gutenberg_icon_type":"","sfsi_plus_gutenberg_icon_alignemt":"","sfsi_plus_gutenburg_max_per_row":"","footnotes":""},"categories":[94],"tags":[96],"class_list":["post-3694","post","type-post","status-publish","format-standard","has-post-thumbnail","hentry","category-agora-jove","tag-activitats-joves-xerrada"],"yoast_head":"<!-- This site is optimized with the Yoast SEO plugin v27.5 - https:\/\/yoast.com\/product\/yoast-seo-wordpress\/ -->\n<title>\u00c0GORA JOVE: Propera sessi\u00f3 Ocupaci\u00f3 i economia - Sala Jove<\/title>\n<meta name=\"robots\" content=\"index, follow, max-snippet:-1, max-image-preview:large, max-video-preview:-1\" \/>\n<link rel=\"canonical\" href=\"https:\/\/biblioteca.blanes.cat\/salajove\/2020\/02\/20\/agora-jove-propera-sessio-ocupacio-i-economia\/\" \/>\n<meta property=\"og:locale\" content=\"ca_ES\" \/>\n<meta property=\"og:type\" content=\"article\" \/>\n<meta property=\"og:title\" content=\"\u00c0GORA JOVE: Propera sessi\u00f3 Ocupaci\u00f3 i economia - Sala Jove\" \/>\n<meta property=\"og:description\" content=\"Hola Joves!! &nbsp; Dimarts 18 de Febrer Tenim noves not\u00edcies! Ahir vam comen\u00e7ar a preparar el Calendari \u00c0gora Jove 2021, un calendari amb fotografies fetes per vosaltres que representin cadascun dels 17 Objectius de Desenvolupament Sostenible. &nbsp; Per aquesta ra\u00f3,\" \/>\n<meta property=\"og:url\" content=\"https:\/\/biblioteca.blanes.cat\/salajove\/2020\/02\/20\/agora-jove-propera-sessio-ocupacio-i-economia\/\" \/>\n<meta property=\"og:site_name\" content=\"Sala Jove\" \/>\n<meta property=\"article:publisher\" content=\"https:\/\/www.facebook.com\/BilbiotecaComarcaldeBlanes\/\" \/>\n<meta property=\"article:published_time\" content=\"2020-02-20T19:49:24+00:00\" \/>\n<meta property=\"og:image\" content=\"https:\/\/biblioteca.blanes.cat\/salajove\/wp-content\/uploads\/sites\/3\/2019\/12\/logo-\u00e0gora-jove-1.png\" \/>\n\t<meta property=\"og:image:width\" content=\"500\" \/>\n\t<meta property=\"og:image:height\" content=\"500\" \/>\n\t<meta property=\"og:image:type\" content=\"image\/png\" \/>\n<meta name=\"author\" content=\"biblioblanes\" \/>\n<meta name=\"twitter:card\" content=\"summary_large_image\" \/>\n<meta name=\"twitter:creator\" content=\"@biblioblanes\" \/>\n<meta name=\"twitter:site\" content=\"@BiblioBlanes\" \/>\n<meta name=\"twitter:label1\" content=\"Escrit per\" \/>\n\t<meta name=\"twitter:data1\" content=\"biblioblanes\" \/>\n\t<meta name=\"twitter:label2\" content=\"Temps estimat de lectura\" \/>\n\t<meta name=\"twitter:data2\" content=\"2 minuts\" \/>\n<script type=\"application\/ld+json\" class=\"yoast-schema-graph\">{\"@context\":\"https:\\\/\\\/schema.org\",\"@graph\":[{\"@type\":\"Article\",\"@id\":\"https:\\\/\\\/biblioteca.blanes.cat\\\/salajove\\\/2020\\\/02\\\/20\\\/agora-jove-propera-sessio-ocupacio-i-economia\\\/#article\",\"isPartOf\":{\"@id\":\"https:\\\/\\\/biblioteca.blanes.cat\\\/salajove\\\/2020\\\/02\\\/20\\\/agora-jove-propera-sessio-ocupacio-i-economia\\\/\"},\"author\":{\"name\":\"biblioblanes\",\"@id\":\"https:\\\/\\\/biblioteca.blanes.cat\\\/salajove\\\/#\\\/schema\\\/person\\\/5a7b46760d9dd611d098bbf571a341dc\"},\"headline\":\"\u00c0GORA JOVE: Propera sessi\u00f3 Ocupaci\u00f3 i economia\",\"datePublished\":\"2020-02-20T19:49:24+00:00\",\"mainEntityOfPage\":{\"@id\":\"https:\\\/\\\/biblioteca.blanes.cat\\\/salajove\\\/2020\\\/02\\\/20\\\/agora-jove-propera-sessio-ocupacio-i-economia\\\/\"},\"wordCount\":393,\"commentCount\":0,\"publisher\":{\"@id\":\"https:\\\/\\\/biblioteca.blanes.cat\\\/salajove\\\/#organization\"},\"image\":{\"@id\":\"https:\\\/\\\/biblioteca.blanes.cat\\\/salajove\\\/2020\\\/02\\\/20\\\/agora-jove-propera-sessio-ocupacio-i-economia\\\/#primaryimage\"},\"thumbnailUrl\":\"https:\\\/\\\/biblioteca.blanes.cat\\\/salajove\\\/wp-content\\\/uploads\\\/sites\\\/3\\\/2019\\\/12\\\/logo-\u00e0gora-jove-1.png\",\"keywords\":[\"#Activitats #Joves #Xerrada\"],\"articleSection\":[\"\u00c0gora Jove\"],\"inLanguage\":\"ca\",\"potentialAction\":[{\"@type\":\"CommentAction\",\"name\":\"Comment\",\"target\":[\"https:\\\/\\\/biblioteca.blanes.cat\\\/salajove\\\/2020\\\/02\\\/20\\\/agora-jove-propera-sessio-ocupacio-i-economia\\\/#respond\"]}]},{\"@type\":\"WebPage\",\"@id\":\"https:\\\/\\\/biblioteca.blanes.cat\\\/salajove\\\/2020\\\/02\\\/20\\\/agora-jove-propera-sessio-ocupacio-i-economia\\\/\",\"url\":\"https:\\\/\\\/biblioteca.blanes.cat\\\/salajove\\\/2020\\\/02\\\/20\\\/agora-jove-propera-sessio-ocupacio-i-economia\\\/\",\"name\":\"\u00c0GORA JOVE: Propera sessi\u00f3 Ocupaci\u00f3 i economia - Sala Jove\",\"isPartOf\":{\"@id\":\"https:\\\/\\\/biblioteca.blanes.cat\\\/salajove\\\/#website\"},\"primaryImageOfPage\":{\"@id\":\"https:\\\/\\\/biblioteca.blanes.cat\\\/salajove\\\/2020\\\/02\\\/20\\\/agora-jove-propera-sessio-ocupacio-i-economia\\\/#primaryimage\"},\"image\":{\"@id\":\"https:\\\/\\\/biblioteca.blanes.cat\\\/salajove\\\/2020\\\/02\\\/20\\\/agora-jove-propera-sessio-ocupacio-i-economia\\\/#primaryimage\"},\"thumbnailUrl\":\"https:\\\/\\\/biblioteca.blanes.cat\\\/salajove\\\/wp-content\\\/uploads\\\/sites\\\/3\\\/2019\\\/12\\\/logo-\u00e0gora-jove-1.png\",\"datePublished\":\"2020-02-20T19:49:24+00:00\",\"breadcrumb\":{\"@id\":\"https:\\\/\\\/biblioteca.blanes.cat\\\/salajove\\\/2020\\\/02\\\/20\\\/agora-jove-propera-sessio-ocupacio-i-economia\\\/#breadcrumb\"},\"inLanguage\":\"ca\",\"potentialAction\":[{\"@type\":\"ReadAction\",\"target\":[\"https:\\\/\\\/biblioteca.blanes.cat\\\/salajove\\\/2020\\\/02\\\/20\\\/agora-jove-propera-sessio-ocupacio-i-economia\\\/\"]}]},{\"@type\":\"ImageObject\",\"inLanguage\":\"ca\",\"@id\":\"https:\\\/\\\/biblioteca.blanes.cat\\\/salajove\\\/2020\\\/02\\\/20\\\/agora-jove-propera-sessio-ocupacio-i-economia\\\/#primaryimage\",\"url\":\"https:\\\/\\\/biblioteca.blanes.cat\\\/salajove\\\/wp-content\\\/uploads\\\/sites\\\/3\\\/2019\\\/12\\\/logo-\u00e0gora-jove-1.png\",\"contentUrl\":\"https:\\\/\\\/biblioteca.blanes.cat\\\/salajove\\\/wp-content\\\/uploads\\\/sites\\\/3\\\/2019\\\/12\\\/logo-\u00e0gora-jove-1.png\",\"width\":500,\"height\":500},{\"@type\":\"BreadcrumbList\",\"@id\":\"https:\\\/\\\/biblioteca.blanes.cat\\\/salajove\\\/2020\\\/02\\\/20\\\/agora-jove-propera-sessio-ocupacio-i-economia\\\/#breadcrumb\",\"itemListElement\":[{\"@type\":\"ListItem\",\"position\":1,\"name\":\"Inici\",\"item\":\"https:\\\/\\\/biblioteca.blanes.cat\\\/salajove\\\/\"},{\"@type\":\"ListItem\",\"position\":2,\"name\":\"\u00c0GORA JOVE: Propera sessi\u00f3 Ocupaci\u00f3 i economia\"}]},{\"@type\":\"WebSite\",\"@id\":\"https:\\\/\\\/biblioteca.blanes.cat\\\/salajove\\\/#website\",\"url\":\"https:\\\/\\\/biblioteca.blanes.cat\\\/salajove\\\/\",\"name\":\"Sala Jove\",\"description\":\"Biblioteca Comarcal de Blanes\",\"publisher\":{\"@id\":\"https:\\\/\\\/biblioteca.blanes.cat\\\/salajove\\\/#organization\"},\"potentialAction\":[{\"@type\":\"SearchAction\",\"target\":{\"@type\":\"EntryPoint\",\"urlTemplate\":\"https:\\\/\\\/biblioteca.blanes.cat\\\/salajove\\\/?s={search_term_string}\"},\"query-input\":{\"@type\":\"PropertyValueSpecification\",\"valueRequired\":true,\"valueName\":\"search_term_string\"}}],\"inLanguage\":\"ca\"},{\"@type\":\"Organization\",\"@id\":\"https:\\\/\\\/biblioteca.blanes.cat\\\/salajove\\\/#organization\",\"name\":\"Biblioteca Comarcal de Blanes\",\"url\":\"https:\\\/\\\/biblioteca.blanes.cat\\\/salajove\\\/\",\"logo\":{\"@type\":\"ImageObject\",\"inLanguage\":\"ca\",\"@id\":\"https:\\\/\\\/biblioteca.blanes.cat\\\/salajove\\\/#\\\/schema\\\/logo\\\/image\\\/\",\"url\":\"https:\\\/\\\/biblioteca.blanes.cat\\\/salajove\\\/wp-content\\\/uploads\\\/sites\\\/3\\\/2017\\\/09\\\/cropped-Bib-blau-e1518869380535.png\",\"contentUrl\":\"https:\\\/\\\/biblioteca.blanes.cat\\\/salajove\\\/wp-content\\\/uploads\\\/sites\\\/3\\\/2017\\\/09\\\/cropped-Bib-blau-e1518869380535.png\",\"width\":166,\"height\":166,\"caption\":\"Biblioteca Comarcal de Blanes\"},\"image\":{\"@id\":\"https:\\\/\\\/biblioteca.blanes.cat\\\/salajove\\\/#\\\/schema\\\/logo\\\/image\\\/\"},\"sameAs\":[\"https:\\\/\\\/www.facebook.com\\\/BilbiotecaComarcaldeBlanes\\\/\",\"https:\\\/\\\/x.com\\\/BiblioBlanes\",\"https:\\\/\\\/www.instagram.com\\\/biblioblanes\\\/\",\"https:\\\/\\\/www.pinterest.es\\\/bblanes\\\/\",\"https:\\\/\\\/www.youtube.com\\\/c\\\/BibliotecaComarcalBlanes\"]},{\"@type\":\"Person\",\"@id\":\"https:\\\/\\\/biblioteca.blanes.cat\\\/salajove\\\/#\\\/schema\\\/person\\\/5a7b46760d9dd611d098bbf571a341dc\",\"name\":\"biblioblanes\",\"image\":{\"@type\":\"ImageObject\",\"inLanguage\":\"ca\",\"@id\":\"https:\\\/\\\/secure.gravatar.com\\\/avatar\\\/6593ca6cc90e5a70939f51c95e8315483b9c281bafba597292bee47992030f99?s=96&d=mm&r=g\",\"url\":\"https:\\\/\\\/secure.gravatar.com\\\/avatar\\\/6593ca6cc90e5a70939f51c95e8315483b9c281bafba597292bee47992030f99?s=96&d=mm&r=g\",\"contentUrl\":\"https:\\\/\\\/secure.gravatar.com\\\/avatar\\\/6593ca6cc90e5a70939f51c95e8315483b9c281bafba597292bee47992030f99?s=96&d=mm&r=g\",\"caption\":\"biblioblanes\"},\"sameAs\":[\"http:\\\/\\\/www.bibgirona.cat\\\/biblioteca\\\/blanes\",\"https:\\\/\\\/x.com\\\/biblioblanes\"],\"url\":\"https:\\\/\\\/biblioteca.blanes.cat\\\/salajove\\\/author\\\/biblioblanes\\\/\"}]}<\/script>\n<!-- \/ Yoast SEO plugin. -->","yoast_head_json":{"title":"\u00c0GORA JOVE: Propera sessi\u00f3 Ocupaci\u00f3 i economia - Sala Jove","robots":{"index":"index","follow":"follow","max-snippet":"max-snippet:-1","max-image-preview":"max-image-preview:large","max-video-preview":"max-video-preview:-1"},"canonical":"https:\/\/biblioteca.blanes.cat\/salajove\/2020\/02\/20\/agora-jove-propera-sessio-ocupacio-i-economia\/","og_locale":"ca_ES","og_type":"article","og_title":"\u00c0GORA JOVE: Propera sessi\u00f3 Ocupaci\u00f3 i economia - Sala Jove","og_description":"Hola Joves!! &nbsp; Dimarts 18 de Febrer Tenim noves not\u00edcies! Ahir vam comen\u00e7ar a preparar el Calendari \u00c0gora Jove 2021, un calendari amb fotografies fetes per vosaltres que representin cadascun dels 17 Objectius de Desenvolupament Sostenible. &nbsp; Per aquesta ra\u00f3,","og_url":"https:\/\/biblioteca.blanes.cat\/salajove\/2020\/02\/20\/agora-jove-propera-sessio-ocupacio-i-economia\/","og_site_name":"Sala Jove","article_publisher":"https:\/\/www.facebook.com\/BilbiotecaComarcaldeBlanes\/","article_published_time":"2020-02-20T19:49:24+00:00","og_image":[{"width":500,"height":500,"url":"https:\/\/biblioteca.blanes.cat\/salajove\/wp-content\/uploads\/sites\/3\/2019\/12\/logo-\u00e0gora-jove-1.png","type":"image\/png"}],"author":"biblioblanes","twitter_card":"summary_large_image","twitter_creator":"@biblioblanes","twitter_site":"@BiblioBlanes","twitter_misc":{"Escrit per":"biblioblanes","Temps estimat de lectura":"2 minuts"},"schema":{"@context":"https:\/\/schema.org","@graph":[{"@type":"Article","@id":"https:\/\/biblioteca.blanes.cat\/salajove\/2020\/02\/20\/agora-jove-propera-sessio-ocupacio-i-economia\/#article","isPartOf":{"@id":"https:\/\/biblioteca.blanes.cat\/salajove\/2020\/02\/20\/agora-jove-propera-sessio-ocupacio-i-economia\/"},"author":{"name":"biblioblanes","@id":"https:\/\/biblioteca.blanes.cat\/salajove\/#\/schema\/person\/5a7b46760d9dd611d098bbf571a341dc"},"headline":"\u00c0GORA JOVE: Propera sessi\u00f3 Ocupaci\u00f3 i economia","datePublished":"2020-02-20T19:49:24+00:00","mainEntityOfPage":{"@id":"https:\/\/biblioteca.blanes.cat\/salajove\/2020\/02\/20\/agora-jove-propera-sessio-ocupacio-i-economia\/"},"wordCount":393,"commentCount":0,"publisher":{"@id":"https:\/\/biblioteca.blanes.cat\/salajove\/#organization"},"image":{"@id":"https:\/\/biblioteca.blanes.cat\/salajove\/2020\/02\/20\/agora-jove-propera-sessio-ocupacio-i-economia\/#primaryimage"},"thumbnailUrl":"https:\/\/biblioteca.blanes.cat\/salajove\/wp-content\/uploads\/sites\/3\/2019\/12\/logo-\u00e0gora-jove-1.png","keywords":["#Activitats #Joves #Xerrada"],"articleSection":["\u00c0gora Jove"],"inLanguage":"ca","potentialAction":[{"@type":"CommentAction","name":"Comment","target":["https:\/\/biblioteca.blanes.cat\/salajove\/2020\/02\/20\/agora-jove-propera-sessio-ocupacio-i-economia\/#respond"]}]},{"@type":"WebPage","@id":"https:\/\/biblioteca.blanes.cat\/salajove\/2020\/02\/20\/agora-jove-propera-sessio-ocupacio-i-economia\/","url":"https:\/\/biblioteca.blanes.cat\/salajove\/2020\/02\/20\/agora-jove-propera-sessio-ocupacio-i-economia\/","name":"\u00c0GORA JOVE: Propera sessi\u00f3 Ocupaci\u00f3 i economia - Sala Jove","isPartOf":{"@id":"https:\/\/biblioteca.blanes.cat\/salajove\/#website"},"primaryImageOfPage":{"@id":"https:\/\/biblioteca.blanes.cat\/salajove\/2020\/02\/20\/agora-jove-propera-sessio-ocupacio-i-economia\/#primaryimage"},"image":{"@id":"https:\/\/biblioteca.blanes.cat\/salajove\/2020\/02\/20\/agora-jove-propera-sessio-ocupacio-i-economia\/#primaryimage"},"thumbnailUrl":"https:\/\/biblioteca.blanes.cat\/salajove\/wp-content\/uploads\/sites\/3\/2019\/12\/logo-\u00e0gora-jove-1.png","datePublished":"2020-02-20T19:49:24+00:00","breadcrumb":{"@id":"https:\/\/biblioteca.blanes.cat\/salajove\/2020\/02\/20\/agora-jove-propera-sessio-ocupacio-i-economia\/#breadcrumb"},"inLanguage":"ca","potentialAction":[{"@type":"ReadAction","target":["https:\/\/biblioteca.blanes.cat\/salajove\/2020\/02\/20\/agora-jove-propera-sessio-ocupacio-i-economia\/"]}]},{"@type":"ImageObject","inLanguage":"ca","@id":"https:\/\/biblioteca.blanes.cat\/salajove\/2020\/02\/20\/agora-jove-propera-sessio-ocupacio-i-economia\/#primaryimage","url":"https:\/\/biblioteca.blanes.cat\/salajove\/wp-content\/uploads\/sites\/3\/2019\/12\/logo-\u00e0gora-jove-1.png","contentUrl":"https:\/\/biblioteca.blanes.cat\/salajove\/wp-content\/uploads\/sites\/3\/2019\/12\/logo-\u00e0gora-jove-1.png","width":500,"height":500},{"@type":"BreadcrumbList","@id":"https:\/\/biblioteca.blanes.cat\/salajove\/2020\/02\/20\/agora-jove-propera-sessio-ocupacio-i-economia\/#breadcrumb","itemListElement":[{"@type":"ListItem","position":1,"name":"Inici","item":"https:\/\/biblioteca.blanes.cat\/salajove\/"},{"@type":"ListItem","position":2,"name":"\u00c0GORA JOVE: Propera sessi\u00f3 Ocupaci\u00f3 i economia"}]},{"@type":"WebSite","@id":"https:\/\/biblioteca.blanes.cat\/salajove\/#website","url":"https:\/\/biblioteca.blanes.cat\/salajove\/","name":"Sala Jove","description":"Biblioteca Comarcal de Blanes","publisher":{"@id":"https:\/\/biblioteca.blanes.cat\/salajove\/#organization"},"potentialAction":[{"@type":"SearchAction","target":{"@type":"EntryPoint","urlTemplate":"https:\/\/biblioteca.blanes.cat\/salajove\/?s={search_term_string}"},"query-input":{"@type":"PropertyValueSpecification","valueRequired":true,"valueName":"search_term_string"}}],"inLanguage":"ca"},{"@type":"Organization","@id":"https:\/\/biblioteca.blanes.cat\/salajove\/#organization","name":"Biblioteca Comarcal de Blanes","url":"https:\/\/biblioteca.blanes.cat\/salajove\/","logo":{"@type":"ImageObject","inLanguage":"ca","@id":"https:\/\/biblioteca.blanes.cat\/salajove\/#\/schema\/logo\/image\/","url":"https:\/\/biblioteca.blanes.cat\/salajove\/wp-content\/uploads\/sites\/3\/2017\/09\/cropped-Bib-blau-e1518869380535.png","contentUrl":"https:\/\/biblioteca.blanes.cat\/salajove\/wp-content\/uploads\/sites\/3\/2017\/09\/cropped-Bib-blau-e1518869380535.png","width":166,"height":166,"caption":"Biblioteca Comarcal de Blanes"},"image":{"@id":"https:\/\/biblioteca.blanes.cat\/salajove\/#\/schema\/logo\/image\/"},"sameAs":["https:\/\/www.facebook.com\/BilbiotecaComarcaldeBlanes\/","https:\/\/x.com\/BiblioBlanes","https:\/\/www.instagram.com\/biblioblanes\/","https:\/\/www.pinterest.es\/bblanes\/","https:\/\/www.youtube.com\/c\/BibliotecaComarcalBlanes"]},{"@type":"Person","@id":"https:\/\/biblioteca.blanes.cat\/salajove\/#\/schema\/person\/5a7b46760d9dd611d098bbf571a341dc","name":"biblioblanes","image":{"@type":"ImageObject","inLanguage":"ca","@id":"https:\/\/secure.gravatar.com\/avatar\/6593ca6cc90e5a70939f51c95e8315483b9c281bafba597292bee47992030f99?s=96&d=mm&r=g","url":"https:\/\/secure.gravatar.com\/avatar\/6593ca6cc90e5a70939f51c95e8315483b9c281bafba597292bee47992030f99?s=96&d=mm&r=g","contentUrl":"https:\/\/secure.gravatar.com\/avatar\/6593ca6cc90e5a70939f51c95e8315483b9c281bafba597292bee47992030f99?s=96&d=mm&r=g","caption":"biblioblanes"},"sameAs":["http:\/\/www.bibgirona.cat\/biblioteca\/blanes","https:\/\/x.com\/biblioblanes"],"url":"https:\/\/biblioteca.blanes.cat\/salajove\/author\/biblioblanes\/"}]}},"_links":{"self":[{"href":"https:\/\/biblioteca.blanes.cat\/salajove\/wp-json\/wp\/v2\/posts\/3694","targetHints":{"allow":["GET"]}}],"collection":[{"href":"https:\/\/biblioteca.blanes.cat\/salajove\/wp-json\/wp\/v2\/posts"}],"about":[{"href":"https:\/\/biblioteca.blanes.cat\/salajove\/wp-json\/wp\/v2\/types\/post"}],"author":[{"embeddable":true,"href":"https:\/\/biblioteca.blanes.cat\/salajove\/wp-json\/wp\/v2\/users\/4"}],"replies":[{"embeddable":true,"href":"https:\/\/biblioteca.blanes.cat\/salajove\/wp-json\/wp\/v2\/comments?post=3694"}],"version-history":[{"count":3,"href":"https:\/\/biblioteca.blanes.cat\/salajove\/wp-json\/wp\/v2\/posts\/3694\/revisions"}],"predecessor-version":[{"id":3701,"href":"https:\/\/biblioteca.blanes.cat\/salajove\/wp-json\/wp\/v2\/posts\/3694\/revisions\/3701"}],"wp:featuredmedia":[{"embeddable":true,"href":"https:\/\/biblioteca.blanes.cat\/salajove\/wp-json\/wp\/v2\/media\/3416"}],"wp:attachment":[{"href":"https:\/\/biblioteca.blanes.cat\/salajove\/wp-json\/wp\/v2\/media?parent=3694"}],"wp:term":[{"taxonomy":"category","embeddable":true,"href":"https:\/\/biblioteca.blanes.cat\/salajove\/wp-json\/wp\/v2\/categories?post=3694"},{"taxonomy":"post_tag","embeddable":true,"href":"https:\/\/biblioteca.blanes.cat\/salajove\/wp-json\/wp\/v2\/tags?post=3694"}],"curies":[{"name":"wp","href":"https:\/\/api.w.org\/{rel}","templated":true}]}}