{"id":361,"date":"2017-10-30T10:20:26","date_gmt":"2017-10-30T09:20:26","guid":{"rendered":"https:\/\/biblioteca.blanes.cat\/salajove\/?p=361"},"modified":"2018-06-29T10:48:34","modified_gmt":"2018-06-29T09:48:34","slug":"microviatges","status":"publish","type":"post","link":"https:\/\/biblioteca.blanes.cat\/salajove\/2017\/10\/30\/microviatges\/","title":{"rendered":"TALLER &#8211; Microviatges: Taller d&#8217;escriptura creativa"},"content":{"rendered":"<h2 style=\"text-align: center;\"><strong>Microviatges<\/strong><\/h2>\n<h2 style=\"text-align: center;\"><strong>Si saps llegir pots escriure<br \/>\n <\/strong><\/h2>\n<p><a href=\"https:\/\/biblioteca.blanes.cat\/salajove\"><img fetchpriority=\"high\" decoding=\"async\" class=\"aligncenter wp-image-362 size-large\" src=\"https:\/\/biblioteca.blanes.cat\/salajove\/wp-content\/uploads\/sites\/3\/2017\/10\/J_Microviatges_biblio-1024x724.jpg\" alt=\"Microviatges\" width=\"750\" height=\"530\" srcset=\"https:\/\/biblioteca.blanes.cat\/salajove\/wp-content\/uploads\/sites\/3\/2017\/10\/J_Microviatges_biblio-1024x724.jpg 1024w, https:\/\/biblioteca.blanes.cat\/salajove\/wp-content\/uploads\/sites\/3\/2017\/10\/J_Microviatges_biblio-300x212.jpg 300w, https:\/\/biblioteca.blanes.cat\/salajove\/wp-content\/uploads\/sites\/3\/2017\/10\/J_Microviatges_biblio-768x543.jpg 768w\" sizes=\"(max-width: 750px) 100vw, 750px\" \/><\/a><\/p>\n<p style=\"text-align: justify;\">Microviatges \u00e9s un taller d&#8217;introducci\u00f3 a la creaci\u00f3 liter\u00e0ria dirigit per la <strong>Carme Caum<\/strong>,\u00a0de l&#8217;Associaci\u00f3<b><i> <a href=\"http:\/\/escriureestraduir.com\/associacio\/\" target=\"_blank\" rel=\"noopener\">Entretemps<\/a><\/i><\/b>, des de que neix la inspiraci\u00f3 o la idea fins que l&#8217;autor\/a explica la seva idea als altres.<\/p>\n<p style=\"text-align: justify;\">Aquest taller es basa en el plaer de l&#8217;escriptura com a eina d&#8217;expressi\u00f3 i comunicaci\u00f3. Vol posar en pr\u00e0ctica com expressar les nostres idees i sentiments en paraules escrites de manera que estiguem satisfets amb el resultat dels nostres texts.<\/p>\n<p style=\"text-align: justify;\">Es desenvoluparan diferents tipus de texts a partir de din\u00e0miques l\u00fadic-descriptives, escriure nom\u00e9s \u00e9s una excusa per expressar la nostra creaci\u00f3 i desenvolupar la nostra idea.<\/p>\n<p> El taller es dur\u00e0 a terme els quatre dilluns del mes de novembre a les 18.00h.<\/p>\n<p>&nbsp;<\/p>\n<h1 style=\"text-align: center;\">A qu\u00e8 esteu esperant per inscriure-us?!<\/h1>\n<h3 style=\"text-align: center;\"><span style=\"font-size: x-large;\">informa&#8217;t al taulell o truca per tel\u00e8fon 972.35.80.33<\/span><\/h3>\n<h3 style=\"text-align: center;\"><span style=\"font-size: x-large;\">tamb\u00e9 a<span class=\"Apple-converted-space\">\u00a0<\/span><a href=\"mailto:biblioteca@blanes.cat\">biblioteca@blanes.cat<\/a><\/span><\/h3>\n<p>\n <strong><br \/>\n <\/strong><\/p>\n<p>&nbsp;<\/p>\n","protected":false},"excerpt":{"rendered":"<p>Microviatges Si saps llegir pots escriure Microviatges \u00e9s un taller d&#8217;introducci\u00f3 a la creaci\u00f3 liter\u00e0ria dirigit per la Carme Caum,\u00a0de l&#8217;Associaci\u00f3 Entretemps, des de que neix la inspiraci\u00f3 o la idea fins que l&#8217;autor\/a explica la seva idea als altres.<\/p>\n","protected":false},"author":4,"featured_media":362,"comment_status":"open","ping_status":"open","sticky":false,"template":"","format":"standard","meta":{"sfsi_plus_gutenberg_text_before_share":"","sfsi_plus_gutenberg_show_text_before_share":"","sfsi_plus_gutenberg_icon_type":"","sfsi_plus_gutenberg_icon_alignemt":"","sfsi_plus_gutenburg_max_per_row":"","footnotes":""},"categories":[1],"tags":[24,31,19,30],"class_list":["post-361","post","type-post","status-publish","format-standard","has-post-thumbnail","hentry","category-general","tag-activitats","tag-escriptura","tag-literatura","tag-taller"],"yoast_head":"<!-- This site is optimized with the Yoast SEO plugin v27.5 - https:\/\/yoast.com\/product\/yoast-seo-wordpress\/ -->\n<title>Microviatges: Taller d&#039;escriptura creativa. Carme Caum (As. Entretemps)<\/title>\n<meta name=\"description\" content=\"Microviatges: \u00e9s un taller d&#039;introducci\u00f3 a la creaci\u00f3 liter\u00e0ria des de que neix la inspiraci\u00f3 o la idea fins que l&#039;autor\/a explica la seva idea als altres.\" \/>\n<meta name=\"robots\" content=\"index, follow, max-snippet:-1, max-image-preview:large, max-video-preview:-1\" \/>\n<link rel=\"canonical\" href=\"https:\/\/biblioteca.blanes.cat\/salajove\/2017\/10\/30\/microviatges\/\" \/>\n<meta property=\"og:locale\" content=\"ca_ES\" \/>\n<meta property=\"og:type\" content=\"article\" \/>\n<meta property=\"og:title\" content=\"Microviatges: Taller d&#039;escriptura creativa. Carme Caum (As. Entretemps)\" \/>\n<meta property=\"og:description\" content=\"Microviatges: \u00e9s un taller d&#039;introducci\u00f3 a la creaci\u00f3 liter\u00e0ria des de que neix la inspiraci\u00f3 o la idea fins que l&#039;autor\/a explica la seva idea als altres.\" \/>\n<meta property=\"og:url\" content=\"https:\/\/biblioteca.blanes.cat\/salajove\/2017\/10\/30\/microviatges\/\" \/>\n<meta property=\"og:site_name\" content=\"Sala Jove\" \/>\n<meta property=\"article:publisher\" content=\"https:\/\/www.facebook.com\/BilbiotecaComarcaldeBlanes\/\" \/>\n<meta property=\"article:published_time\" content=\"2017-10-30T09:20:26+00:00\" \/>\n<meta property=\"article:modified_time\" content=\"2018-06-29T09:48:34+00:00\" \/>\n<meta property=\"og:image\" content=\"https:\/\/biblioteca.blanes.cat\/salajove\/wp-content\/uploads\/sites\/3\/2017\/10\/J_Microviatges_biblio.jpg\" \/>\n\t<meta property=\"og:image:width\" content=\"2480\" \/>\n\t<meta property=\"og:image:height\" content=\"1754\" \/>\n\t<meta property=\"og:image:type\" content=\"image\/jpeg\" \/>\n<meta name=\"author\" content=\"biblioblanes\" \/>\n<meta name=\"twitter:card\" content=\"summary_large_image\" \/>\n<meta name=\"twitter:creator\" content=\"@biblioblanes\" \/>\n<meta name=\"twitter:site\" content=\"@BiblioBlanes\" \/>\n<meta name=\"twitter:label1\" content=\"Escrit per\" \/>\n\t<meta name=\"twitter:data1\" content=\"biblioblanes\" \/>\n\t<meta name=\"twitter:label2\" content=\"Temps estimat de lectura\" \/>\n\t<meta name=\"twitter:data2\" content=\"1 minut\" \/>\n<script type=\"application\/ld+json\" class=\"yoast-schema-graph\">{\"@context\":\"https:\\\/\\\/schema.org\",\"@graph\":[{\"@type\":\"Article\",\"@id\":\"https:\\\/\\\/biblioteca.blanes.cat\\\/salajove\\\/2017\\\/10\\\/30\\\/microviatges\\\/#article\",\"isPartOf\":{\"@id\":\"https:\\\/\\\/biblioteca.blanes.cat\\\/salajove\\\/2017\\\/10\\\/30\\\/microviatges\\\/\"},\"author\":{\"name\":\"biblioblanes\",\"@id\":\"https:\\\/\\\/biblioteca.blanes.cat\\\/salajove\\\/#\\\/schema\\\/person\\\/5a7b46760d9dd611d098bbf571a341dc\"},\"headline\":\"TALLER &#8211; Microviatges: Taller d&#8217;escriptura creativa\",\"datePublished\":\"2017-10-30T09:20:26+00:00\",\"dateModified\":\"2018-06-29T09:48:34+00:00\",\"mainEntityOfPage\":{\"@id\":\"https:\\\/\\\/biblioteca.blanes.cat\\\/salajove\\\/2017\\\/10\\\/30\\\/microviatges\\\/\"},\"wordCount\":163,\"commentCount\":0,\"publisher\":{\"@id\":\"https:\\\/\\\/biblioteca.blanes.cat\\\/salajove\\\/#organization\"},\"image\":{\"@id\":\"https:\\\/\\\/biblioteca.blanes.cat\\\/salajove\\\/2017\\\/10\\\/30\\\/microviatges\\\/#primaryimage\"},\"thumbnailUrl\":\"https:\\\/\\\/biblioteca.blanes.cat\\\/salajove\\\/wp-content\\\/uploads\\\/sites\\\/3\\\/2017\\\/10\\\/J_Microviatges_biblio.jpg\",\"keywords\":[\"#Activitats\",\"#Escriptura\",\"#Literatura\",\"#Taller\"],\"articleSection\":[\"Not\u00edcies\"],\"inLanguage\":\"ca\",\"potentialAction\":[{\"@type\":\"CommentAction\",\"name\":\"Comment\",\"target\":[\"https:\\\/\\\/biblioteca.blanes.cat\\\/salajove\\\/2017\\\/10\\\/30\\\/microviatges\\\/#respond\"]}]},{\"@type\":\"WebPage\",\"@id\":\"https:\\\/\\\/biblioteca.blanes.cat\\\/salajove\\\/2017\\\/10\\\/30\\\/microviatges\\\/\",\"url\":\"https:\\\/\\\/biblioteca.blanes.cat\\\/salajove\\\/2017\\\/10\\\/30\\\/microviatges\\\/\",\"name\":\"Microviatges: Taller d'escriptura creativa. Carme Caum (As. Entretemps)\",\"isPartOf\":{\"@id\":\"https:\\\/\\\/biblioteca.blanes.cat\\\/salajove\\\/#website\"},\"primaryImageOfPage\":{\"@id\":\"https:\\\/\\\/biblioteca.blanes.cat\\\/salajove\\\/2017\\\/10\\\/30\\\/microviatges\\\/#primaryimage\"},\"image\":{\"@id\":\"https:\\\/\\\/biblioteca.blanes.cat\\\/salajove\\\/2017\\\/10\\\/30\\\/microviatges\\\/#primaryimage\"},\"thumbnailUrl\":\"https:\\\/\\\/biblioteca.blanes.cat\\\/salajove\\\/wp-content\\\/uploads\\\/sites\\\/3\\\/2017\\\/10\\\/J_Microviatges_biblio.jpg\",\"datePublished\":\"2017-10-30T09:20:26+00:00\",\"dateModified\":\"2018-06-29T09:48:34+00:00\",\"description\":\"Microviatges: \u00e9s un taller d'introducci\u00f3 a la creaci\u00f3 liter\u00e0ria des de que neix la inspiraci\u00f3 o la idea fins que l'autor\\\/a explica la seva idea als altres.\",\"breadcrumb\":{\"@id\":\"https:\\\/\\\/biblioteca.blanes.cat\\\/salajove\\\/2017\\\/10\\\/30\\\/microviatges\\\/#breadcrumb\"},\"inLanguage\":\"ca\",\"potentialAction\":[{\"@type\":\"ReadAction\",\"target\":[\"https:\\\/\\\/biblioteca.blanes.cat\\\/salajove\\\/2017\\\/10\\\/30\\\/microviatges\\\/\"]}]},{\"@type\":\"ImageObject\",\"inLanguage\":\"ca\",\"@id\":\"https:\\\/\\\/biblioteca.blanes.cat\\\/salajove\\\/2017\\\/10\\\/30\\\/microviatges\\\/#primaryimage\",\"url\":\"https:\\\/\\\/biblioteca.blanes.cat\\\/salajove\\\/wp-content\\\/uploads\\\/sites\\\/3\\\/2017\\\/10\\\/J_Microviatges_biblio.jpg\",\"contentUrl\":\"https:\\\/\\\/biblioteca.blanes.cat\\\/salajove\\\/wp-content\\\/uploads\\\/sites\\\/3\\\/2017\\\/10\\\/J_Microviatges_biblio.jpg\",\"width\":2480,\"height\":1754,\"caption\":\"Microviatges\"},{\"@type\":\"BreadcrumbList\",\"@id\":\"https:\\\/\\\/biblioteca.blanes.cat\\\/salajove\\\/2017\\\/10\\\/30\\\/microviatges\\\/#breadcrumb\",\"itemListElement\":[{\"@type\":\"ListItem\",\"position\":1,\"name\":\"Inici\",\"item\":\"https:\\\/\\\/biblioteca.blanes.cat\\\/salajove\\\/\"},{\"@type\":\"ListItem\",\"position\":2,\"name\":\"TALLER &#8211; Microviatges: Taller d&#8217;escriptura creativa\"}]},{\"@type\":\"WebSite\",\"@id\":\"https:\\\/\\\/biblioteca.blanes.cat\\\/salajove\\\/#website\",\"url\":\"https:\\\/\\\/biblioteca.blanes.cat\\\/salajove\\\/\",\"name\":\"Sala Jove\",\"description\":\"Biblioteca Comarcal de Blanes\",\"publisher\":{\"@id\":\"https:\\\/\\\/biblioteca.blanes.cat\\\/salajove\\\/#organization\"},\"potentialAction\":[{\"@type\":\"SearchAction\",\"target\":{\"@type\":\"EntryPoint\",\"urlTemplate\":\"https:\\\/\\\/biblioteca.blanes.cat\\\/salajove\\\/?s={search_term_string}\"},\"query-input\":{\"@type\":\"PropertyValueSpecification\",\"valueRequired\":true,\"valueName\":\"search_term_string\"}}],\"inLanguage\":\"ca\"},{\"@type\":\"Organization\",\"@id\":\"https:\\\/\\\/biblioteca.blanes.cat\\\/salajove\\\/#organization\",\"name\":\"Biblioteca Comarcal de Blanes\",\"url\":\"https:\\\/\\\/biblioteca.blanes.cat\\\/salajove\\\/\",\"logo\":{\"@type\":\"ImageObject\",\"inLanguage\":\"ca\",\"@id\":\"https:\\\/\\\/biblioteca.blanes.cat\\\/salajove\\\/#\\\/schema\\\/logo\\\/image\\\/\",\"url\":\"https:\\\/\\\/biblioteca.blanes.cat\\\/salajove\\\/wp-content\\\/uploads\\\/sites\\\/3\\\/2017\\\/09\\\/cropped-Bib-blau-e1518869380535.png\",\"contentUrl\":\"https:\\\/\\\/biblioteca.blanes.cat\\\/salajove\\\/wp-content\\\/uploads\\\/sites\\\/3\\\/2017\\\/09\\\/cropped-Bib-blau-e1518869380535.png\",\"width\":166,\"height\":166,\"caption\":\"Biblioteca Comarcal de Blanes\"},\"image\":{\"@id\":\"https:\\\/\\\/biblioteca.blanes.cat\\\/salajove\\\/#\\\/schema\\\/logo\\\/image\\\/\"},\"sameAs\":[\"https:\\\/\\\/www.facebook.com\\\/BilbiotecaComarcaldeBlanes\\\/\",\"https:\\\/\\\/x.com\\\/BiblioBlanes\",\"https:\\\/\\\/www.instagram.com\\\/biblioblanes\\\/\",\"https:\\\/\\\/www.pinterest.es\\\/bblanes\\\/\",\"https:\\\/\\\/www.youtube.com\\\/c\\\/BibliotecaComarcalBlanes\"]},{\"@type\":\"Person\",\"@id\":\"https:\\\/\\\/biblioteca.blanes.cat\\\/salajove\\\/#\\\/schema\\\/person\\\/5a7b46760d9dd611d098bbf571a341dc\",\"name\":\"biblioblanes\",\"image\":{\"@type\":\"ImageObject\",\"inLanguage\":\"ca\",\"@id\":\"https:\\\/\\\/secure.gravatar.com\\\/avatar\\\/6593ca6cc90e5a70939f51c95e8315483b9c281bafba597292bee47992030f99?s=96&d=mm&r=g\",\"url\":\"https:\\\/\\\/secure.gravatar.com\\\/avatar\\\/6593ca6cc90e5a70939f51c95e8315483b9c281bafba597292bee47992030f99?s=96&d=mm&r=g\",\"contentUrl\":\"https:\\\/\\\/secure.gravatar.com\\\/avatar\\\/6593ca6cc90e5a70939f51c95e8315483b9c281bafba597292bee47992030f99?s=96&d=mm&r=g\",\"caption\":\"biblioblanes\"},\"sameAs\":[\"http:\\\/\\\/www.bibgirona.cat\\\/biblioteca\\\/blanes\",\"https:\\\/\\\/x.com\\\/biblioblanes\"],\"url\":\"https:\\\/\\\/biblioteca.blanes.cat\\\/salajove\\\/author\\\/biblioblanes\\\/\"}]}<\/script>\n<!-- \/ Yoast SEO plugin. -->","yoast_head_json":{"title":"Microviatges: Taller d'escriptura creativa. Carme Caum (As. Entretemps)","description":"Microviatges: \u00e9s un taller d'introducci\u00f3 a la creaci\u00f3 liter\u00e0ria des de que neix la inspiraci\u00f3 o la idea fins que l'autor\/a explica la seva idea als altres.","robots":{"index":"index","follow":"follow","max-snippet":"max-snippet:-1","max-image-preview":"max-image-preview:large","max-video-preview":"max-video-preview:-1"},"canonical":"https:\/\/biblioteca.blanes.cat\/salajove\/2017\/10\/30\/microviatges\/","og_locale":"ca_ES","og_type":"article","og_title":"Microviatges: Taller d'escriptura creativa. Carme Caum (As. Entretemps)","og_description":"Microviatges: \u00e9s un taller d'introducci\u00f3 a la creaci\u00f3 liter\u00e0ria des de que neix la inspiraci\u00f3 o la idea fins que l'autor\/a explica la seva idea als altres.","og_url":"https:\/\/biblioteca.blanes.cat\/salajove\/2017\/10\/30\/microviatges\/","og_site_name":"Sala Jove","article_publisher":"https:\/\/www.facebook.com\/BilbiotecaComarcaldeBlanes\/","article_published_time":"2017-10-30T09:20:26+00:00","article_modified_time":"2018-06-29T09:48:34+00:00","og_image":[{"width":2480,"height":1754,"url":"https:\/\/biblioteca.blanes.cat\/salajove\/wp-content\/uploads\/sites\/3\/2017\/10\/J_Microviatges_biblio.jpg","type":"image\/jpeg"}],"author":"biblioblanes","twitter_card":"summary_large_image","twitter_creator":"@biblioblanes","twitter_site":"@BiblioBlanes","twitter_misc":{"Escrit per":"biblioblanes","Temps estimat de lectura":"1 minut"},"schema":{"@context":"https:\/\/schema.org","@graph":[{"@type":"Article","@id":"https:\/\/biblioteca.blanes.cat\/salajove\/2017\/10\/30\/microviatges\/#article","isPartOf":{"@id":"https:\/\/biblioteca.blanes.cat\/salajove\/2017\/10\/30\/microviatges\/"},"author":{"name":"biblioblanes","@id":"https:\/\/biblioteca.blanes.cat\/salajove\/#\/schema\/person\/5a7b46760d9dd611d098bbf571a341dc"},"headline":"TALLER &#8211; Microviatges: Taller d&#8217;escriptura creativa","datePublished":"2017-10-30T09:20:26+00:00","dateModified":"2018-06-29T09:48:34+00:00","mainEntityOfPage":{"@id":"https:\/\/biblioteca.blanes.cat\/salajove\/2017\/10\/30\/microviatges\/"},"wordCount":163,"commentCount":0,"publisher":{"@id":"https:\/\/biblioteca.blanes.cat\/salajove\/#organization"},"image":{"@id":"https:\/\/biblioteca.blanes.cat\/salajove\/2017\/10\/30\/microviatges\/#primaryimage"},"thumbnailUrl":"https:\/\/biblioteca.blanes.cat\/salajove\/wp-content\/uploads\/sites\/3\/2017\/10\/J_Microviatges_biblio.jpg","keywords":["#Activitats","#Escriptura","#Literatura","#Taller"],"articleSection":["Not\u00edcies"],"inLanguage":"ca","potentialAction":[{"@type":"CommentAction","name":"Comment","target":["https:\/\/biblioteca.blanes.cat\/salajove\/2017\/10\/30\/microviatges\/#respond"]}]},{"@type":"WebPage","@id":"https:\/\/biblioteca.blanes.cat\/salajove\/2017\/10\/30\/microviatges\/","url":"https:\/\/biblioteca.blanes.cat\/salajove\/2017\/10\/30\/microviatges\/","name":"Microviatges: Taller d'escriptura creativa. Carme Caum (As. Entretemps)","isPartOf":{"@id":"https:\/\/biblioteca.blanes.cat\/salajove\/#website"},"primaryImageOfPage":{"@id":"https:\/\/biblioteca.blanes.cat\/salajove\/2017\/10\/30\/microviatges\/#primaryimage"},"image":{"@id":"https:\/\/biblioteca.blanes.cat\/salajove\/2017\/10\/30\/microviatges\/#primaryimage"},"thumbnailUrl":"https:\/\/biblioteca.blanes.cat\/salajove\/wp-content\/uploads\/sites\/3\/2017\/10\/J_Microviatges_biblio.jpg","datePublished":"2017-10-30T09:20:26+00:00","dateModified":"2018-06-29T09:48:34+00:00","description":"Microviatges: \u00e9s un taller d'introducci\u00f3 a la creaci\u00f3 liter\u00e0ria des de que neix la inspiraci\u00f3 o la idea fins que l'autor\/a explica la seva idea als altres.","breadcrumb":{"@id":"https:\/\/biblioteca.blanes.cat\/salajove\/2017\/10\/30\/microviatges\/#breadcrumb"},"inLanguage":"ca","potentialAction":[{"@type":"ReadAction","target":["https:\/\/biblioteca.blanes.cat\/salajove\/2017\/10\/30\/microviatges\/"]}]},{"@type":"ImageObject","inLanguage":"ca","@id":"https:\/\/biblioteca.blanes.cat\/salajove\/2017\/10\/30\/microviatges\/#primaryimage","url":"https:\/\/biblioteca.blanes.cat\/salajove\/wp-content\/uploads\/sites\/3\/2017\/10\/J_Microviatges_biblio.jpg","contentUrl":"https:\/\/biblioteca.blanes.cat\/salajove\/wp-content\/uploads\/sites\/3\/2017\/10\/J_Microviatges_biblio.jpg","width":2480,"height":1754,"caption":"Microviatges"},{"@type":"BreadcrumbList","@id":"https:\/\/biblioteca.blanes.cat\/salajove\/2017\/10\/30\/microviatges\/#breadcrumb","itemListElement":[{"@type":"ListItem","position":1,"name":"Inici","item":"https:\/\/biblioteca.blanes.cat\/salajove\/"},{"@type":"ListItem","position":2,"name":"TALLER &#8211; Microviatges: Taller d&#8217;escriptura creativa"}]},{"@type":"WebSite","@id":"https:\/\/biblioteca.blanes.cat\/salajove\/#website","url":"https:\/\/biblioteca.blanes.cat\/salajove\/","name":"Sala Jove","description":"Biblioteca Comarcal de Blanes","publisher":{"@id":"https:\/\/biblioteca.blanes.cat\/salajove\/#organization"},"potentialAction":[{"@type":"SearchAction","target":{"@type":"EntryPoint","urlTemplate":"https:\/\/biblioteca.blanes.cat\/salajove\/?s={search_term_string}"},"query-input":{"@type":"PropertyValueSpecification","valueRequired":true,"valueName":"search_term_string"}}],"inLanguage":"ca"},{"@type":"Organization","@id":"https:\/\/biblioteca.blanes.cat\/salajove\/#organization","name":"Biblioteca Comarcal de Blanes","url":"https:\/\/biblioteca.blanes.cat\/salajove\/","logo":{"@type":"ImageObject","inLanguage":"ca","@id":"https:\/\/biblioteca.blanes.cat\/salajove\/#\/schema\/logo\/image\/","url":"https:\/\/biblioteca.blanes.cat\/salajove\/wp-content\/uploads\/sites\/3\/2017\/09\/cropped-Bib-blau-e1518869380535.png","contentUrl":"https:\/\/biblioteca.blanes.cat\/salajove\/wp-content\/uploads\/sites\/3\/2017\/09\/cropped-Bib-blau-e1518869380535.png","width":166,"height":166,"caption":"Biblioteca Comarcal de Blanes"},"image":{"@id":"https:\/\/biblioteca.blanes.cat\/salajove\/#\/schema\/logo\/image\/"},"sameAs":["https:\/\/www.facebook.com\/BilbiotecaComarcaldeBlanes\/","https:\/\/x.com\/BiblioBlanes","https:\/\/www.instagram.com\/biblioblanes\/","https:\/\/www.pinterest.es\/bblanes\/","https:\/\/www.youtube.com\/c\/BibliotecaComarcalBlanes"]},{"@type":"Person","@id":"https:\/\/biblioteca.blanes.cat\/salajove\/#\/schema\/person\/5a7b46760d9dd611d098bbf571a341dc","name":"biblioblanes","image":{"@type":"ImageObject","inLanguage":"ca","@id":"https:\/\/secure.gravatar.com\/avatar\/6593ca6cc90e5a70939f51c95e8315483b9c281bafba597292bee47992030f99?s=96&d=mm&r=g","url":"https:\/\/secure.gravatar.com\/avatar\/6593ca6cc90e5a70939f51c95e8315483b9c281bafba597292bee47992030f99?s=96&d=mm&r=g","contentUrl":"https:\/\/secure.gravatar.com\/avatar\/6593ca6cc90e5a70939f51c95e8315483b9c281bafba597292bee47992030f99?s=96&d=mm&r=g","caption":"biblioblanes"},"sameAs":["http:\/\/www.bibgirona.cat\/biblioteca\/blanes","https:\/\/x.com\/biblioblanes"],"url":"https:\/\/biblioteca.blanes.cat\/salajove\/author\/biblioblanes\/"}]}},"_links":{"self":[{"href":"https:\/\/biblioteca.blanes.cat\/salajove\/wp-json\/wp\/v2\/posts\/361","targetHints":{"allow":["GET"]}}],"collection":[{"href":"https:\/\/biblioteca.blanes.cat\/salajove\/wp-json\/wp\/v2\/posts"}],"about":[{"href":"https:\/\/biblioteca.blanes.cat\/salajove\/wp-json\/wp\/v2\/types\/post"}],"author":[{"embeddable":true,"href":"https:\/\/biblioteca.blanes.cat\/salajove\/wp-json\/wp\/v2\/users\/4"}],"replies":[{"embeddable":true,"href":"https:\/\/biblioteca.blanes.cat\/salajove\/wp-json\/wp\/v2\/comments?post=361"}],"version-history":[{"count":6,"href":"https:\/\/biblioteca.blanes.cat\/salajove\/wp-json\/wp\/v2\/posts\/361\/revisions"}],"predecessor-version":[{"id":366,"href":"https:\/\/biblioteca.blanes.cat\/salajove\/wp-json\/wp\/v2\/posts\/361\/revisions\/366"}],"wp:featuredmedia":[{"embeddable":true,"href":"https:\/\/biblioteca.blanes.cat\/salajove\/wp-json\/wp\/v2\/media\/362"}],"wp:attachment":[{"href":"https:\/\/biblioteca.blanes.cat\/salajove\/wp-json\/wp\/v2\/media?parent=361"}],"wp:term":[{"taxonomy":"category","embeddable":true,"href":"https:\/\/biblioteca.blanes.cat\/salajove\/wp-json\/wp\/v2\/categories?post=361"},{"taxonomy":"post_tag","embeddable":true,"href":"https:\/\/biblioteca.blanes.cat\/salajove\/wp-json\/wp\/v2\/tags?post=361"}],"curies":[{"name":"wp","href":"https:\/\/api.w.org\/{rel}","templated":true}]}}