{"id":3575,"date":"2020-01-31T10:48:08","date_gmt":"2020-01-31T09:48:08","guid":{"rendered":"https:\/\/biblioteca.blanes.cat\/salajove\/?p=3575"},"modified":"2020-01-31T10:48:08","modified_gmt":"2020-01-31T09:48:08","slug":"agora-jove-propera-sessio-salut-i-benestar","status":"publish","type":"post","link":"https:\/\/biblioteca.blanes.cat\/salajove\/2020\/01\/31\/agora-jove-propera-sessio-salut-i-benestar\/","title":{"rendered":"\u00c0GORA JOVE: Propera sessi\u00f3: Salut i Benestar"},"content":{"rendered":"<p style=\"text-align: center;\"><span style=\"font-size: 24px;\">Hola joves!!<\/span><\/p>\n<p>&nbsp;<\/p>\n<p style=\"text-align: center;\"><span style=\"text-decoration: underline;\"><strong><span style=\"color: #800080; text-decoration: underline;\">Dimarts 28 de Gener<\/span><\/strong><\/span> <strong><span style=\"color: #800080;\"><span style=\"color: #000000;\">Educaci\u00f3 de Qualitat<\/span><\/span><\/strong><\/p>\n<p>Passat el temporal, arriba la calma! O no&#8230; ja que alguns dels nostres joves van quedar-se atrapats a la Biblioteca Jove\u2026<\/p>\n<p style=\"text-align: center;\">Van ser cridats pels alts c\u00e0rrecs de la Biblioteca per complir una missi\u00f3 molt important:<\/p>\n<p>&nbsp;<\/p>\n<p style=\"text-align: center;\"><span style=\"color: #993366;\"><em>Benvinguts a la Biblioteca Comarcal de Blanes, us hem trucat perqu\u00e8 necessitem l\u2019ajuda d\u2019uns experts detectius per poder recuperar informaci\u00f3 molt valuosa per nosaltres.<\/em><\/span><\/p>\n<p style=\"text-align: center;\"><span style=\"color: #993366;\"><em>No sabem com ha passat per\u00f2 creiem que alg\u00fa ha pogut entrar per manipular un document d\u2019alt secret. Segons hem vist per les c\u00e0meres, i algunes pistes que hem anat trobant, creiem que el document ha d\u2019estar prop d\u2019aquesta zona.<\/em><\/span><\/p>\n<p style=\"text-align: center;\"><span style=\"color: #993366;\"><em>Tamb\u00e9, per tal de protegir la zona d\u2019intrusos, un cop tancada la porta, no es podr\u00e0 obrir per fora per cap de les maneres. Per\u00f2 no patiu, nosaltres tenim una altra clau dins la sala per poder sortir un cop haguem recuperat el document.<\/em><\/span><\/p>\n<p style=\"text-align: center;\"><span style=\"color: #993366;\"><em>Aix\u00f2 si&#8230; tenim nom\u00e9s 60 min per fer-ho&#8230; sin\u00f3&#8230;. estem perduts.<\/em><\/span><\/p>\n<p>&nbsp;<\/p>\n<p>R\u00e0pidament es van posar en marxa i, no nom\u00e9s van trobar els documents perduts, sin\u00f3 que van aconseguir escapar en 48 minuts!!<\/p>\n<p><img fetchpriority=\"high\" decoding=\"async\" class=\"alignleft wp-image-3578 size-medium\" src=\"https:\/\/biblioteca.blanes.cat\/salajove\/wp-content\/uploads\/sites\/3\/2020\/01\/agora-1-225x300.png\" alt=\"\" width=\"225\" height=\"300\" srcset=\"https:\/\/biblioteca.blanes.cat\/salajove\/wp-content\/uploads\/sites\/3\/2020\/01\/agora-1-225x300.png 225w, https:\/\/biblioteca.blanes.cat\/salajove\/wp-content\/uploads\/sites\/3\/2020\/01\/agora-1-768x1024.png 768w, https:\/\/biblioteca.blanes.cat\/salajove\/wp-content\/uploads\/sites\/3\/2020\/01\/agora-1.png 777w\" sizes=\"(max-width: 225px) 100vw, 225px\" \/><\/p>\n<p><img decoding=\"async\" class=\"alignright wp-image-3579 size-medium\" src=\"https:\/\/biblioteca.blanes.cat\/salajove\/wp-content\/uploads\/sites\/3\/2020\/01\/agora-2-300x225.png\" alt=\"\" width=\"300\" height=\"225\" srcset=\"https:\/\/biblioteca.blanes.cat\/salajove\/wp-content\/uploads\/sites\/3\/2020\/01\/agora-2-300x225.png 300w, https:\/\/biblioteca.blanes.cat\/salajove\/wp-content\/uploads\/sites\/3\/2020\/01\/agora-2-768x576.png 768w, https:\/\/biblioteca.blanes.cat\/salajove\/wp-content\/uploads\/sites\/3\/2020\/01\/agora-2-1024x768.png 1024w, https:\/\/biblioteca.blanes.cat\/salajove\/wp-content\/uploads\/sites\/3\/2020\/01\/agora-2.png 1077w\" sizes=\"(max-width: 300px) 100vw, 300px\" \/>\u00a0\u00a0\u00a0<\/p>\n<p>&nbsp;<\/p>\n<p>&nbsp;<\/p>\n<p>&nbsp;<\/p>\n<p>&nbsp;<\/p>\n<p>&nbsp;<\/p>\n<p>&nbsp;<\/p>\n<p>&nbsp;<\/p>\n<p>&nbsp;<\/p>\n<p>I quins eren els documents tan importants? Doncs els reptes a Catalunya sobre l\u2019Objectiu de Desenvolupaments Sostenible d\u2019una Educaci\u00f3 de Qualitat, on vam veure que un d\u2019aquests reptes estava molt relacionat amb les habilitats i compet\u00e8ncies requerides per resoldre l\u2019escape room:<\/p>\n<p><strong><em>Fomentar l\u2019aprenentatge de compet\u00e8ncies per a un entorn canviant, que requereix adaptabilitat i rapidesa, treball en equip, gesti\u00f3 de la informaci\u00f3, pensament cr\u00edtic, capacitat de comunicaci\u00f3 i resoluci\u00f3 de problemes. <\/em><\/strong><\/p>\n<p>Sens dubte, els nostres joves van demostrar ser els millors detectius. Bona feina!!<\/p>\n<p>&nbsp;<\/p>\n<p>&nbsp;<\/p>\n<p style=\"text-align: center;\"><span style=\"text-decoration: underline;\"><span style=\"color: #800080; text-decoration: underline;\"><strong>Dimecres 29 de Gener <\/strong><\/span><\/span><span style=\"color: #000000;\"><strong>Fam Z<\/strong><strong>ero<\/strong><\/span><\/p>\n<p>En aquesta sessi\u00f3 vam fer la din\u00e0mica del Banc Mundial, on calia negociar entre 4 grups per poder aconseguir el material necessari per aconseguir l\u2019objectiu del joc: construir tants cubs perfectes com fos possible en 20 min.<\/p>\n<p>Per\u00f2 no penseu que va ser tan f\u00e0cil&#8230; cada grup representava un pa\u00eds amb un \u00edndex de pobresa determinat, \u00e9s a dir, cada pa\u00eds tenia m\u00e9s o menys material per poder construir aquests cubs i havia de negociar amb els altres pa\u00efsos per aconseguir tisores, cola, regles, folis o llapis.<\/p>\n<p><img decoding=\"async\" class=\"wp-image-3581 size-medium aligncenter\" src=\"https:\/\/biblioteca.blanes.cat\/salajove\/wp-content\/uploads\/sites\/3\/2020\/01\/agora-4-300x300.png\" alt=\"\" width=\"300\" height=\"300\" srcset=\"https:\/\/biblioteca.blanes.cat\/salajove\/wp-content\/uploads\/sites\/3\/2020\/01\/agora-4-300x300.png 300w, https:\/\/biblioteca.blanes.cat\/salajove\/wp-content\/uploads\/sites\/3\/2020\/01\/agora-4-150x150.png 150w, https:\/\/biblioteca.blanes.cat\/salajove\/wp-content\/uploads\/sites\/3\/2020\/01\/agora-4-768x768.png 768w, https:\/\/biblioteca.blanes.cat\/salajove\/wp-content\/uploads\/sites\/3\/2020\/01\/agora-4-270x270.png 270w, https:\/\/biblioteca.blanes.cat\/salajove\/wp-content\/uploads\/sites\/3\/2020\/01\/agora-4-230x230.png 230w, https:\/\/biblioteca.blanes.cat\/salajove\/wp-content\/uploads\/sites\/3\/2020\/01\/agora-4.png 777w\" sizes=\"(max-width: 300px) 100vw, 300px\" \/><\/p>\n<p><img loading=\"lazy\" decoding=\"async\" class=\"wp-image-3580 size-medium aligncenter\" src=\"https:\/\/biblioteca.blanes.cat\/salajove\/wp-content\/uploads\/sites\/3\/2020\/01\/agora-3-300x231.png\" alt=\"\" width=\"300\" height=\"231\" srcset=\"https:\/\/biblioteca.blanes.cat\/salajove\/wp-content\/uploads\/sites\/3\/2020\/01\/agora-3-300x231.png 300w, https:\/\/biblioteca.blanes.cat\/salajove\/wp-content\/uploads\/sites\/3\/2020\/01\/agora-3.png 763w\" sizes=\"(max-width: 300px) 100vw, 300px\" \/><\/p>\n<p>Creieu que les negociacions i els acords van ser f\u00e0cils i es van complir? Els nois\/es van veure aliances entre els pa\u00efsos m\u00e9s rics, discussions entre b\u00e0ndols, moments de col\u00b7laboraci\u00f3 i pau, competitivitat, raonaments solidaris, etc.<\/p>\n<p>Sens dubte una din\u00e0mica molt interessant per veure certes semblances amb la realitat internacional.<\/p>\n<p>Per concloure la sessi\u00f3, vam crear un debat sobre diferents dades relacionades amb el malbaratament alimentari, i en vam fer una pluja d\u2019idees per poder combatre-la des del nostre centre m\u00e9s \u00edntim, casa nostra.<\/p>\n<p>&nbsp;<\/p>\n<p style=\"text-align: center;\">\u00a0I la propera setmana m\u00e9s!<\/p>\n<p style=\"text-align: center;\">El dia<span style=\"font-size: 24px;\"><strong> 5 de febrer<\/strong><\/span> : Salut i Benestar.<\/p>\n<p><img loading=\"lazy\" decoding=\"async\" class=\"aligncenter size-full wp-image-3582\" src=\"https:\/\/biblioteca.blanes.cat\/salajove\/wp-content\/uploads\/sites\/3\/2020\/01\/22.jpg\" alt=\"\" width=\"1587\" height=\"2245\" srcset=\"https:\/\/biblioteca.blanes.cat\/salajove\/wp-content\/uploads\/sites\/3\/2020\/01\/22.jpg 1587w, https:\/\/biblioteca.blanes.cat\/salajove\/wp-content\/uploads\/sites\/3\/2020\/01\/22-212x300.jpg 212w, https:\/\/biblioteca.blanes.cat\/salajove\/wp-content\/uploads\/sites\/3\/2020\/01\/22-768x1086.jpg 768w, https:\/\/biblioteca.blanes.cat\/salajove\/wp-content\/uploads\/sites\/3\/2020\/01\/22-724x1024.jpg 724w\" sizes=\"(max-width: 1587px) 100vw, 1587px\" \/><\/p>\n","protected":false},"excerpt":{"rendered":"<p>Hola joves!! &nbsp; Dimarts 28 de Gener Educaci\u00f3 de Qualitat Passat el temporal, arriba la calma! O no&#8230; ja que alguns dels nostres joves van quedar-se atrapats a la Biblioteca Jove\u2026 Van ser cridats pels alts c\u00e0rrecs de la Biblioteca<\/p>\n","protected":false},"author":4,"featured_media":3416,"comment_status":"open","ping_status":"open","sticky":false,"template":"","format":"standard","meta":{"sfsi_plus_gutenberg_text_before_share":"","sfsi_plus_gutenberg_show_text_before_share":"","sfsi_plus_gutenberg_icon_type":"","sfsi_plus_gutenberg_icon_alignemt":"","sfsi_plus_gutenburg_max_per_row":"","footnotes":""},"categories":[94],"tags":[24,52,18],"class_list":["post-3575","post","type-post","status-publish","format-standard","has-post-thumbnail","hentry","category-agora-jove","tag-activitats","tag-joves","tag-xerrada"],"yoast_head":"<!-- This site is optimized with the Yoast SEO plugin v27.5 - https:\/\/yoast.com\/product\/yoast-seo-wordpress\/ -->\n<title>\u00c0GORA JOVE: Propera sessi\u00f3: Salut i Benestar - Sala Jove<\/title>\n<meta name=\"robots\" content=\"index, follow, max-snippet:-1, max-image-preview:large, max-video-preview:-1\" \/>\n<link rel=\"canonical\" href=\"https:\/\/biblioteca.blanes.cat\/salajove\/2020\/01\/31\/agora-jove-propera-sessio-salut-i-benestar\/\" \/>\n<meta property=\"og:locale\" content=\"ca_ES\" \/>\n<meta property=\"og:type\" content=\"article\" \/>\n<meta property=\"og:title\" content=\"\u00c0GORA JOVE: Propera sessi\u00f3: Salut i Benestar - Sala Jove\" \/>\n<meta property=\"og:description\" content=\"Hola joves!! &nbsp; Dimarts 28 de Gener Educaci\u00f3 de Qualitat Passat el temporal, arriba la calma! O no&#8230; ja que alguns dels nostres joves van quedar-se atrapats a la Biblioteca Jove\u2026 Van ser cridats pels alts c\u00e0rrecs de la Biblioteca\" \/>\n<meta property=\"og:url\" content=\"https:\/\/biblioteca.blanes.cat\/salajove\/2020\/01\/31\/agora-jove-propera-sessio-salut-i-benestar\/\" \/>\n<meta property=\"og:site_name\" content=\"Sala Jove\" \/>\n<meta property=\"article:publisher\" content=\"https:\/\/www.facebook.com\/BilbiotecaComarcaldeBlanes\/\" \/>\n<meta property=\"article:published_time\" content=\"2020-01-31T09:48:08+00:00\" \/>\n<meta property=\"og:image\" content=\"https:\/\/biblioteca.blanes.cat\/salajove\/wp-content\/uploads\/sites\/3\/2019\/12\/logo-\u00e0gora-jove-1.png\" \/>\n\t<meta property=\"og:image:width\" content=\"500\" \/>\n\t<meta property=\"og:image:height\" content=\"500\" \/>\n\t<meta property=\"og:image:type\" content=\"image\/png\" \/>\n<meta name=\"author\" content=\"biblioblanes\" \/>\n<meta name=\"twitter:card\" content=\"summary_large_image\" \/>\n<meta name=\"twitter:creator\" content=\"@biblioblanes\" \/>\n<meta name=\"twitter:site\" content=\"@BiblioBlanes\" \/>\n<meta name=\"twitter:label1\" content=\"Escrit per\" \/>\n\t<meta name=\"twitter:data1\" content=\"biblioblanes\" \/>\n\t<meta name=\"twitter:label2\" content=\"Temps estimat de lectura\" \/>\n\t<meta name=\"twitter:data2\" content=\"3 minuts\" \/>\n<script type=\"application\/ld+json\" class=\"yoast-schema-graph\">{\"@context\":\"https:\\\/\\\/schema.org\",\"@graph\":[{\"@type\":\"Article\",\"@id\":\"https:\\\/\\\/biblioteca.blanes.cat\\\/salajove\\\/2020\\\/01\\\/31\\\/agora-jove-propera-sessio-salut-i-benestar\\\/#article\",\"isPartOf\":{\"@id\":\"https:\\\/\\\/biblioteca.blanes.cat\\\/salajove\\\/2020\\\/01\\\/31\\\/agora-jove-propera-sessio-salut-i-benestar\\\/\"},\"author\":{\"name\":\"biblioblanes\",\"@id\":\"https:\\\/\\\/biblioteca.blanes.cat\\\/salajove\\\/#\\\/schema\\\/person\\\/5a7b46760d9dd611d098bbf571a341dc\"},\"headline\":\"\u00c0GORA JOVE: Propera sessi\u00f3: Salut i Benestar\",\"datePublished\":\"2020-01-31T09:48:08+00:00\",\"mainEntityOfPage\":{\"@id\":\"https:\\\/\\\/biblioteca.blanes.cat\\\/salajove\\\/2020\\\/01\\\/31\\\/agora-jove-propera-sessio-salut-i-benestar\\\/\"},\"wordCount\":511,\"commentCount\":0,\"publisher\":{\"@id\":\"https:\\\/\\\/biblioteca.blanes.cat\\\/salajove\\\/#organization\"},\"image\":{\"@id\":\"https:\\\/\\\/biblioteca.blanes.cat\\\/salajove\\\/2020\\\/01\\\/31\\\/agora-jove-propera-sessio-salut-i-benestar\\\/#primaryimage\"},\"thumbnailUrl\":\"https:\\\/\\\/biblioteca.blanes.cat\\\/salajove\\\/wp-content\\\/uploads\\\/sites\\\/3\\\/2019\\\/12\\\/logo-\u00e0gora-jove-1.png\",\"keywords\":[\"#Activitats\",\"#Joves\",\"#Xerrada\"],\"articleSection\":[\"\u00c0gora Jove\"],\"inLanguage\":\"ca\",\"potentialAction\":[{\"@type\":\"CommentAction\",\"name\":\"Comment\",\"target\":[\"https:\\\/\\\/biblioteca.blanes.cat\\\/salajove\\\/2020\\\/01\\\/31\\\/agora-jove-propera-sessio-salut-i-benestar\\\/#respond\"]}]},{\"@type\":\"WebPage\",\"@id\":\"https:\\\/\\\/biblioteca.blanes.cat\\\/salajove\\\/2020\\\/01\\\/31\\\/agora-jove-propera-sessio-salut-i-benestar\\\/\",\"url\":\"https:\\\/\\\/biblioteca.blanes.cat\\\/salajove\\\/2020\\\/01\\\/31\\\/agora-jove-propera-sessio-salut-i-benestar\\\/\",\"name\":\"\u00c0GORA JOVE: Propera sessi\u00f3: Salut i Benestar - Sala Jove\",\"isPartOf\":{\"@id\":\"https:\\\/\\\/biblioteca.blanes.cat\\\/salajove\\\/#website\"},\"primaryImageOfPage\":{\"@id\":\"https:\\\/\\\/biblioteca.blanes.cat\\\/salajove\\\/2020\\\/01\\\/31\\\/agora-jove-propera-sessio-salut-i-benestar\\\/#primaryimage\"},\"image\":{\"@id\":\"https:\\\/\\\/biblioteca.blanes.cat\\\/salajove\\\/2020\\\/01\\\/31\\\/agora-jove-propera-sessio-salut-i-benestar\\\/#primaryimage\"},\"thumbnailUrl\":\"https:\\\/\\\/biblioteca.blanes.cat\\\/salajove\\\/wp-content\\\/uploads\\\/sites\\\/3\\\/2019\\\/12\\\/logo-\u00e0gora-jove-1.png\",\"datePublished\":\"2020-01-31T09:48:08+00:00\",\"breadcrumb\":{\"@id\":\"https:\\\/\\\/biblioteca.blanes.cat\\\/salajove\\\/2020\\\/01\\\/31\\\/agora-jove-propera-sessio-salut-i-benestar\\\/#breadcrumb\"},\"inLanguage\":\"ca\",\"potentialAction\":[{\"@type\":\"ReadAction\",\"target\":[\"https:\\\/\\\/biblioteca.blanes.cat\\\/salajove\\\/2020\\\/01\\\/31\\\/agora-jove-propera-sessio-salut-i-benestar\\\/\"]}]},{\"@type\":\"ImageObject\",\"inLanguage\":\"ca\",\"@id\":\"https:\\\/\\\/biblioteca.blanes.cat\\\/salajove\\\/2020\\\/01\\\/31\\\/agora-jove-propera-sessio-salut-i-benestar\\\/#primaryimage\",\"url\":\"https:\\\/\\\/biblioteca.blanes.cat\\\/salajove\\\/wp-content\\\/uploads\\\/sites\\\/3\\\/2019\\\/12\\\/logo-\u00e0gora-jove-1.png\",\"contentUrl\":\"https:\\\/\\\/biblioteca.blanes.cat\\\/salajove\\\/wp-content\\\/uploads\\\/sites\\\/3\\\/2019\\\/12\\\/logo-\u00e0gora-jove-1.png\",\"width\":500,\"height\":500},{\"@type\":\"BreadcrumbList\",\"@id\":\"https:\\\/\\\/biblioteca.blanes.cat\\\/salajove\\\/2020\\\/01\\\/31\\\/agora-jove-propera-sessio-salut-i-benestar\\\/#breadcrumb\",\"itemListElement\":[{\"@type\":\"ListItem\",\"position\":1,\"name\":\"Inici\",\"item\":\"https:\\\/\\\/biblioteca.blanes.cat\\\/salajove\\\/\"},{\"@type\":\"ListItem\",\"position\":2,\"name\":\"\u00c0GORA JOVE: Propera sessi\u00f3: Salut i Benestar\"}]},{\"@type\":\"WebSite\",\"@id\":\"https:\\\/\\\/biblioteca.blanes.cat\\\/salajove\\\/#website\",\"url\":\"https:\\\/\\\/biblioteca.blanes.cat\\\/salajove\\\/\",\"name\":\"Sala Jove\",\"description\":\"Biblioteca Comarcal de Blanes\",\"publisher\":{\"@id\":\"https:\\\/\\\/biblioteca.blanes.cat\\\/salajove\\\/#organization\"},\"potentialAction\":[{\"@type\":\"SearchAction\",\"target\":{\"@type\":\"EntryPoint\",\"urlTemplate\":\"https:\\\/\\\/biblioteca.blanes.cat\\\/salajove\\\/?s={search_term_string}\"},\"query-input\":{\"@type\":\"PropertyValueSpecification\",\"valueRequired\":true,\"valueName\":\"search_term_string\"}}],\"inLanguage\":\"ca\"},{\"@type\":\"Organization\",\"@id\":\"https:\\\/\\\/biblioteca.blanes.cat\\\/salajove\\\/#organization\",\"name\":\"Biblioteca Comarcal de Blanes\",\"url\":\"https:\\\/\\\/biblioteca.blanes.cat\\\/salajove\\\/\",\"logo\":{\"@type\":\"ImageObject\",\"inLanguage\":\"ca\",\"@id\":\"https:\\\/\\\/biblioteca.blanes.cat\\\/salajove\\\/#\\\/schema\\\/logo\\\/image\\\/\",\"url\":\"https:\\\/\\\/biblioteca.blanes.cat\\\/salajove\\\/wp-content\\\/uploads\\\/sites\\\/3\\\/2017\\\/09\\\/cropped-Bib-blau-e1518869380535.png\",\"contentUrl\":\"https:\\\/\\\/biblioteca.blanes.cat\\\/salajove\\\/wp-content\\\/uploads\\\/sites\\\/3\\\/2017\\\/09\\\/cropped-Bib-blau-e1518869380535.png\",\"width\":166,\"height\":166,\"caption\":\"Biblioteca Comarcal de Blanes\"},\"image\":{\"@id\":\"https:\\\/\\\/biblioteca.blanes.cat\\\/salajove\\\/#\\\/schema\\\/logo\\\/image\\\/\"},\"sameAs\":[\"https:\\\/\\\/www.facebook.com\\\/BilbiotecaComarcaldeBlanes\\\/\",\"https:\\\/\\\/x.com\\\/BiblioBlanes\",\"https:\\\/\\\/www.instagram.com\\\/biblioblanes\\\/\",\"https:\\\/\\\/www.pinterest.es\\\/bblanes\\\/\",\"https:\\\/\\\/www.youtube.com\\\/c\\\/BibliotecaComarcalBlanes\"]},{\"@type\":\"Person\",\"@id\":\"https:\\\/\\\/biblioteca.blanes.cat\\\/salajove\\\/#\\\/schema\\\/person\\\/5a7b46760d9dd611d098bbf571a341dc\",\"name\":\"biblioblanes\",\"image\":{\"@type\":\"ImageObject\",\"inLanguage\":\"ca\",\"@id\":\"https:\\\/\\\/secure.gravatar.com\\\/avatar\\\/6593ca6cc90e5a70939f51c95e8315483b9c281bafba597292bee47992030f99?s=96&d=mm&r=g\",\"url\":\"https:\\\/\\\/secure.gravatar.com\\\/avatar\\\/6593ca6cc90e5a70939f51c95e8315483b9c281bafba597292bee47992030f99?s=96&d=mm&r=g\",\"contentUrl\":\"https:\\\/\\\/secure.gravatar.com\\\/avatar\\\/6593ca6cc90e5a70939f51c95e8315483b9c281bafba597292bee47992030f99?s=96&d=mm&r=g\",\"caption\":\"biblioblanes\"},\"sameAs\":[\"http:\\\/\\\/www.bibgirona.cat\\\/biblioteca\\\/blanes\",\"https:\\\/\\\/x.com\\\/biblioblanes\"],\"url\":\"https:\\\/\\\/biblioteca.blanes.cat\\\/salajove\\\/author\\\/biblioblanes\\\/\"}]}<\/script>\n<!-- \/ Yoast SEO plugin. -->","yoast_head_json":{"title":"\u00c0GORA JOVE: Propera sessi\u00f3: Salut i Benestar - Sala Jove","robots":{"index":"index","follow":"follow","max-snippet":"max-snippet:-1","max-image-preview":"max-image-preview:large","max-video-preview":"max-video-preview:-1"},"canonical":"https:\/\/biblioteca.blanes.cat\/salajove\/2020\/01\/31\/agora-jove-propera-sessio-salut-i-benestar\/","og_locale":"ca_ES","og_type":"article","og_title":"\u00c0GORA JOVE: Propera sessi\u00f3: Salut i Benestar - Sala Jove","og_description":"Hola joves!! &nbsp; Dimarts 28 de Gener Educaci\u00f3 de Qualitat Passat el temporal, arriba la calma! O no&#8230; ja que alguns dels nostres joves van quedar-se atrapats a la Biblioteca Jove\u2026 Van ser cridats pels alts c\u00e0rrecs de la Biblioteca","og_url":"https:\/\/biblioteca.blanes.cat\/salajove\/2020\/01\/31\/agora-jove-propera-sessio-salut-i-benestar\/","og_site_name":"Sala Jove","article_publisher":"https:\/\/www.facebook.com\/BilbiotecaComarcaldeBlanes\/","article_published_time":"2020-01-31T09:48:08+00:00","og_image":[{"width":500,"height":500,"url":"https:\/\/biblioteca.blanes.cat\/salajove\/wp-content\/uploads\/sites\/3\/2019\/12\/logo-\u00e0gora-jove-1.png","type":"image\/png"}],"author":"biblioblanes","twitter_card":"summary_large_image","twitter_creator":"@biblioblanes","twitter_site":"@BiblioBlanes","twitter_misc":{"Escrit per":"biblioblanes","Temps estimat de lectura":"3 minuts"},"schema":{"@context":"https:\/\/schema.org","@graph":[{"@type":"Article","@id":"https:\/\/biblioteca.blanes.cat\/salajove\/2020\/01\/31\/agora-jove-propera-sessio-salut-i-benestar\/#article","isPartOf":{"@id":"https:\/\/biblioteca.blanes.cat\/salajove\/2020\/01\/31\/agora-jove-propera-sessio-salut-i-benestar\/"},"author":{"name":"biblioblanes","@id":"https:\/\/biblioteca.blanes.cat\/salajove\/#\/schema\/person\/5a7b46760d9dd611d098bbf571a341dc"},"headline":"\u00c0GORA JOVE: Propera sessi\u00f3: Salut i Benestar","datePublished":"2020-01-31T09:48:08+00:00","mainEntityOfPage":{"@id":"https:\/\/biblioteca.blanes.cat\/salajove\/2020\/01\/31\/agora-jove-propera-sessio-salut-i-benestar\/"},"wordCount":511,"commentCount":0,"publisher":{"@id":"https:\/\/biblioteca.blanes.cat\/salajove\/#organization"},"image":{"@id":"https:\/\/biblioteca.blanes.cat\/salajove\/2020\/01\/31\/agora-jove-propera-sessio-salut-i-benestar\/#primaryimage"},"thumbnailUrl":"https:\/\/biblioteca.blanes.cat\/salajove\/wp-content\/uploads\/sites\/3\/2019\/12\/logo-\u00e0gora-jove-1.png","keywords":["#Activitats","#Joves","#Xerrada"],"articleSection":["\u00c0gora Jove"],"inLanguage":"ca","potentialAction":[{"@type":"CommentAction","name":"Comment","target":["https:\/\/biblioteca.blanes.cat\/salajove\/2020\/01\/31\/agora-jove-propera-sessio-salut-i-benestar\/#respond"]}]},{"@type":"WebPage","@id":"https:\/\/biblioteca.blanes.cat\/salajove\/2020\/01\/31\/agora-jove-propera-sessio-salut-i-benestar\/","url":"https:\/\/biblioteca.blanes.cat\/salajove\/2020\/01\/31\/agora-jove-propera-sessio-salut-i-benestar\/","name":"\u00c0GORA JOVE: Propera sessi\u00f3: Salut i Benestar - Sala Jove","isPartOf":{"@id":"https:\/\/biblioteca.blanes.cat\/salajove\/#website"},"primaryImageOfPage":{"@id":"https:\/\/biblioteca.blanes.cat\/salajove\/2020\/01\/31\/agora-jove-propera-sessio-salut-i-benestar\/#primaryimage"},"image":{"@id":"https:\/\/biblioteca.blanes.cat\/salajove\/2020\/01\/31\/agora-jove-propera-sessio-salut-i-benestar\/#primaryimage"},"thumbnailUrl":"https:\/\/biblioteca.blanes.cat\/salajove\/wp-content\/uploads\/sites\/3\/2019\/12\/logo-\u00e0gora-jove-1.png","datePublished":"2020-01-31T09:48:08+00:00","breadcrumb":{"@id":"https:\/\/biblioteca.blanes.cat\/salajove\/2020\/01\/31\/agora-jove-propera-sessio-salut-i-benestar\/#breadcrumb"},"inLanguage":"ca","potentialAction":[{"@type":"ReadAction","target":["https:\/\/biblioteca.blanes.cat\/salajove\/2020\/01\/31\/agora-jove-propera-sessio-salut-i-benestar\/"]}]},{"@type":"ImageObject","inLanguage":"ca","@id":"https:\/\/biblioteca.blanes.cat\/salajove\/2020\/01\/31\/agora-jove-propera-sessio-salut-i-benestar\/#primaryimage","url":"https:\/\/biblioteca.blanes.cat\/salajove\/wp-content\/uploads\/sites\/3\/2019\/12\/logo-\u00e0gora-jove-1.png","contentUrl":"https:\/\/biblioteca.blanes.cat\/salajove\/wp-content\/uploads\/sites\/3\/2019\/12\/logo-\u00e0gora-jove-1.png","width":500,"height":500},{"@type":"BreadcrumbList","@id":"https:\/\/biblioteca.blanes.cat\/salajove\/2020\/01\/31\/agora-jove-propera-sessio-salut-i-benestar\/#breadcrumb","itemListElement":[{"@type":"ListItem","position":1,"name":"Inici","item":"https:\/\/biblioteca.blanes.cat\/salajove\/"},{"@type":"ListItem","position":2,"name":"\u00c0GORA JOVE: Propera sessi\u00f3: Salut i Benestar"}]},{"@type":"WebSite","@id":"https:\/\/biblioteca.blanes.cat\/salajove\/#website","url":"https:\/\/biblioteca.blanes.cat\/salajove\/","name":"Sala Jove","description":"Biblioteca Comarcal de Blanes","publisher":{"@id":"https:\/\/biblioteca.blanes.cat\/salajove\/#organization"},"potentialAction":[{"@type":"SearchAction","target":{"@type":"EntryPoint","urlTemplate":"https:\/\/biblioteca.blanes.cat\/salajove\/?s={search_term_string}"},"query-input":{"@type":"PropertyValueSpecification","valueRequired":true,"valueName":"search_term_string"}}],"inLanguage":"ca"},{"@type":"Organization","@id":"https:\/\/biblioteca.blanes.cat\/salajove\/#organization","name":"Biblioteca Comarcal de Blanes","url":"https:\/\/biblioteca.blanes.cat\/salajove\/","logo":{"@type":"ImageObject","inLanguage":"ca","@id":"https:\/\/biblioteca.blanes.cat\/salajove\/#\/schema\/logo\/image\/","url":"https:\/\/biblioteca.blanes.cat\/salajove\/wp-content\/uploads\/sites\/3\/2017\/09\/cropped-Bib-blau-e1518869380535.png","contentUrl":"https:\/\/biblioteca.blanes.cat\/salajove\/wp-content\/uploads\/sites\/3\/2017\/09\/cropped-Bib-blau-e1518869380535.png","width":166,"height":166,"caption":"Biblioteca Comarcal de Blanes"},"image":{"@id":"https:\/\/biblioteca.blanes.cat\/salajove\/#\/schema\/logo\/image\/"},"sameAs":["https:\/\/www.facebook.com\/BilbiotecaComarcaldeBlanes\/","https:\/\/x.com\/BiblioBlanes","https:\/\/www.instagram.com\/biblioblanes\/","https:\/\/www.pinterest.es\/bblanes\/","https:\/\/www.youtube.com\/c\/BibliotecaComarcalBlanes"]},{"@type":"Person","@id":"https:\/\/biblioteca.blanes.cat\/salajove\/#\/schema\/person\/5a7b46760d9dd611d098bbf571a341dc","name":"biblioblanes","image":{"@type":"ImageObject","inLanguage":"ca","@id":"https:\/\/secure.gravatar.com\/avatar\/6593ca6cc90e5a70939f51c95e8315483b9c281bafba597292bee47992030f99?s=96&d=mm&r=g","url":"https:\/\/secure.gravatar.com\/avatar\/6593ca6cc90e5a70939f51c95e8315483b9c281bafba597292bee47992030f99?s=96&d=mm&r=g","contentUrl":"https:\/\/secure.gravatar.com\/avatar\/6593ca6cc90e5a70939f51c95e8315483b9c281bafba597292bee47992030f99?s=96&d=mm&r=g","caption":"biblioblanes"},"sameAs":["http:\/\/www.bibgirona.cat\/biblioteca\/blanes","https:\/\/x.com\/biblioblanes"],"url":"https:\/\/biblioteca.blanes.cat\/salajove\/author\/biblioblanes\/"}]}},"_links":{"self":[{"href":"https:\/\/biblioteca.blanes.cat\/salajove\/wp-json\/wp\/v2\/posts\/3575","targetHints":{"allow":["GET"]}}],"collection":[{"href":"https:\/\/biblioteca.blanes.cat\/salajove\/wp-json\/wp\/v2\/posts"}],"about":[{"href":"https:\/\/biblioteca.blanes.cat\/salajove\/wp-json\/wp\/v2\/types\/post"}],"author":[{"embeddable":true,"href":"https:\/\/biblioteca.blanes.cat\/salajove\/wp-json\/wp\/v2\/users\/4"}],"replies":[{"embeddable":true,"href":"https:\/\/biblioteca.blanes.cat\/salajove\/wp-json\/wp\/v2\/comments?post=3575"}],"version-history":[{"count":14,"href":"https:\/\/biblioteca.blanes.cat\/salajove\/wp-json\/wp\/v2\/posts\/3575\/revisions"}],"predecessor-version":[{"id":3595,"href":"https:\/\/biblioteca.blanes.cat\/salajove\/wp-json\/wp\/v2\/posts\/3575\/revisions\/3595"}],"wp:featuredmedia":[{"embeddable":true,"href":"https:\/\/biblioteca.blanes.cat\/salajove\/wp-json\/wp\/v2\/media\/3416"}],"wp:attachment":[{"href":"https:\/\/biblioteca.blanes.cat\/salajove\/wp-json\/wp\/v2\/media?parent=3575"}],"wp:term":[{"taxonomy":"category","embeddable":true,"href":"https:\/\/biblioteca.blanes.cat\/salajove\/wp-json\/wp\/v2\/categories?post=3575"},{"taxonomy":"post_tag","embeddable":true,"href":"https:\/\/biblioteca.blanes.cat\/salajove\/wp-json\/wp\/v2\/tags?post=3575"}],"curies":[{"name":"wp","href":"https:\/\/api.w.org\/{rel}","templated":true}]}}