{"id":3506,"date":"2020-01-09T20:00:44","date_gmt":"2020-01-09T19:00:44","guid":{"rendered":"https:\/\/biblioteca.blanes.cat\/salajove\/?p=3506"},"modified":"2020-01-10T14:32:38","modified_gmt":"2020-01-10T13:32:38","slug":"agora-jove-propera-sessio-fi-de-la-pobresa","status":"publish","type":"post","link":"https:\/\/biblioteca.blanes.cat\/salajove\/2020\/01\/09\/agora-jove-propera-sessio-fi-de-la-pobresa\/","title":{"rendered":"\u00c0GORA JOVE: Propera sessi\u00f3: Fi de la Pobresa"},"content":{"rendered":"<p>El passat dimecres dia 8 de gener v\u00e0rem comen\u00e7ar el projecte \u00c0gora Jove amb l\u2019Objectiu de Desenvolupament Sostenible n\u00famero 5, Igualtat de G\u00e8nere.<\/p>\n<p>En aquesta sessi\u00f3 fins i tot, vam menjar crispetes! i vam fer un cinef\u00f2rum on vam veure el documental <strong>\u201c<\/strong><strong>La mujer cosa de hombres\u201d<\/strong> d\u2019Isabel Coixet, que tracta sobre la publicitat sexista i la viol\u00e8ncia de g\u00e8nere. Interessant, oi?<\/p>\n<p><em>\u00a0<img fetchpriority=\"high\" decoding=\"async\" class=\"aligncenter wp-image-3512 size-full\" src=\"https:\/\/biblioteca.blanes.cat\/salajove\/wp-content\/uploads\/sites\/3\/2020\/01\/Igualtat-de-g\u00e8nere-01.jpg\" alt=\"\" width=\"1036\" height=\"777\" srcset=\"https:\/\/biblioteca.blanes.cat\/salajove\/wp-content\/uploads\/sites\/3\/2020\/01\/Igualtat-de-g\u00e8nere-01.jpg 1036w, https:\/\/biblioteca.blanes.cat\/salajove\/wp-content\/uploads\/sites\/3\/2020\/01\/Igualtat-de-g\u00e8nere-01-300x225.jpg 300w, https:\/\/biblioteca.blanes.cat\/salajove\/wp-content\/uploads\/sites\/3\/2020\/01\/Igualtat-de-g\u00e8nere-01-768x576.jpg 768w, https:\/\/biblioteca.blanes.cat\/salajove\/wp-content\/uploads\/sites\/3\/2020\/01\/Igualtat-de-g\u00e8nere-01-1024x768.jpg 1024w\" sizes=\"(max-width: 1036px) 100vw, 1036px\" \/><\/em><\/p>\n<p>&nbsp;<\/p>\n<p>Igualtat de g\u00e8nere, viol\u00e8ncia invisible, terra enganx\u00f3s, coeducaci\u00f3, visibilitat&#8230; aquests s\u00f3n alguns dels <strong>co<\/strong><strong>nceptes<\/strong> que vam relacionar amb els seus respectius significats per tal d\u2019entendre\u2019ls, comentar-los i posar exemples.<\/p>\n<p><img decoding=\"async\" class=\"aligncenter wp-image-3511 size-full\" src=\"https:\/\/biblioteca.blanes.cat\/salajove\/wp-content\/uploads\/sites\/3\/2020\/01\/Igualtat-de-g\u00e8nere-7.jpg\" alt=\"\" width=\"1600\" height=\"777\" srcset=\"https:\/\/biblioteca.blanes.cat\/salajove\/wp-content\/uploads\/sites\/3\/2020\/01\/Igualtat-de-g\u00e8nere-7.jpg 1600w, https:\/\/biblioteca.blanes.cat\/salajove\/wp-content\/uploads\/sites\/3\/2020\/01\/Igualtat-de-g\u00e8nere-7-300x146.jpg 300w, https:\/\/biblioteca.blanes.cat\/salajove\/wp-content\/uploads\/sites\/3\/2020\/01\/Igualtat-de-g\u00e8nere-7-768x373.jpg 768w, https:\/\/biblioteca.blanes.cat\/salajove\/wp-content\/uploads\/sites\/3\/2020\/01\/Igualtat-de-g\u00e8nere-7-1024x497.jpg 1024w\" sizes=\"(max-width: 1600px) 100vw, 1600px\" \/><\/p>\n<p>&nbsp;<\/p>\n<p style=\"text-align: left;\">I finalment, vam con\u00e8ixer quins s\u00f3n els <strong>mites de l\u2019amor rom\u00e0ntic<\/strong> i com aquests influeixen en <strong>l\u2019escala c\u00edclica de la viol\u00e8ncia de g\u00e8nere en l\u2019adolesc\u00e8ncia<\/strong>.<\/p>\n<p style=\"text-align: center;\">Coneixeu la hist\u00f2ria de la Pepa i en Pepe? \u00a0<a href=\"https:\/\/www.youtube.com\/watch?v=IpaabDdQNO8\">https:\/\/www.youtube.com\/watch?v=IpaabDdQNO8<\/a><\/p>\n<p>&nbsp;<\/p>\n<p><img decoding=\"async\" class=\"aligncenter wp-image-3513 size-full\" src=\"https:\/\/biblioteca.blanes.cat\/salajove\/wp-content\/uploads\/sites\/3\/2020\/01\/Igualtat-de-g\u00e8nere-8.jpg\" alt=\"\" width=\"1600\" height=\"777\" srcset=\"https:\/\/biblioteca.blanes.cat\/salajove\/wp-content\/uploads\/sites\/3\/2020\/01\/Igualtat-de-g\u00e8nere-8.jpg 1600w, https:\/\/biblioteca.blanes.cat\/salajove\/wp-content\/uploads\/sites\/3\/2020\/01\/Igualtat-de-g\u00e8nere-8-300x146.jpg 300w, https:\/\/biblioteca.blanes.cat\/salajove\/wp-content\/uploads\/sites\/3\/2020\/01\/Igualtat-de-g\u00e8nere-8-768x373.jpg 768w, https:\/\/biblioteca.blanes.cat\/salajove\/wp-content\/uploads\/sites\/3\/2020\/01\/Igualtat-de-g\u00e8nere-8-1024x497.jpg 1024w\" sizes=\"(max-width: 1600px) 100vw, 1600px\" \/><\/p>\n<p><img loading=\"lazy\" decoding=\"async\" class=\"aligncenter wp-image-3514 size-full\" src=\"https:\/\/biblioteca.blanes.cat\/salajove\/wp-content\/uploads\/sites\/3\/2020\/01\/igualtat-de-g\u00e8nere-11.jpg\" alt=\"\" width=\"1036\" height=\"777\" srcset=\"https:\/\/biblioteca.blanes.cat\/salajove\/wp-content\/uploads\/sites\/3\/2020\/01\/igualtat-de-g\u00e8nere-11.jpg 1036w, https:\/\/biblioteca.blanes.cat\/salajove\/wp-content\/uploads\/sites\/3\/2020\/01\/igualtat-de-g\u00e8nere-11-300x225.jpg 300w, https:\/\/biblioteca.blanes.cat\/salajove\/wp-content\/uploads\/sites\/3\/2020\/01\/igualtat-de-g\u00e8nere-11-768x576.jpg 768w, https:\/\/biblioteca.blanes.cat\/salajove\/wp-content\/uploads\/sites\/3\/2020\/01\/igualtat-de-g\u00e8nere-11-1024x768.jpg 1024w\" sizes=\"(max-width: 1036px) 100vw, 1036px\" \/><\/p>\n<p>&nbsp;<\/p>\n<p>En aquesta sessi\u00f3 vam aprendre moltes coses i vam poder reflexionar sobre diferents aspectes relacionats amb l\u2019ODS d\u2019Igualtat de G\u00e8nere per\u00f2, sobretot, vam poder observar tot el recorregut que s\u2019han fet els \u00faltims anys i tot el que queda per millorar.<\/p>\n<p>Si vosaltres tamb\u00e9 voleu dir la vostra, esteu convidats a la propera sessi\u00f3 el dia 15 a les 17:30 a la Biblioteca Jove. Comentarem l\u2019ODS n\u00famero 1: <strong>Fi de la pobresa.<\/strong><\/p>\n<p><strong>\u00a0<\/strong><\/p>\n<p><a href=\"https:\/\/biblioteca.blanes.cat\/salajove\/wp-content\/uploads\/sites\/3\/2020\/01\/cartell.pdf\"><img loading=\"lazy\" decoding=\"async\" class=\"aligncenter wp-image-3508 size-full\" src=\"https:\/\/biblioteca.blanes.cat\/salajove\/wp-content\/uploads\/sites\/3\/2020\/01\/cartell-pdf.jpg\" alt=\"\" width=\"2116\" height=\"2993\" \/><\/a><\/p>\n<p>&nbsp;<\/p>\n<p>Si encara no saps de qu\u00e8 tracta el projecte \u00c0gora Jove Pensament Cr\u00edtic i et crida la curiositat, aqu\u00ed us deixem un enlla\u00e7 de l\u2019entrevista que va fer <strong>Radio Marina<\/strong> a la nostra dinamitzadora de la sala jove, Tania Gallardo.<\/p>\n<p style=\"text-align: center;\"><strong><a href=\"http:\/\/www.radiomarina.com\/2016\/la-biblioteca-jove-de-la-biblioteca-comarcal-de-blanes-engega-una-nova-activitat-de-pensament-critic\/\">http:\/\/www.radiomarina.com\/2016\/la-biblioteca-jove-de-la-biblioteca-comarcal-de-blanes-engega-una-nova-activitat-de-pensament-critic\/<\/a> <\/strong><\/p>\n<p>&nbsp;<\/p>\n","protected":false},"excerpt":{"rendered":"<p>El passat dimecres dia 8 de gener v\u00e0rem comen\u00e7ar el projecte \u00c0gora Jove amb l\u2019Objectiu de Desenvolupament Sostenible n\u00famero 5, Igualtat de G\u00e8nere. En aquesta sessi\u00f3 fins i tot, vam menjar crispetes! i vam fer un cinef\u00f2rum on vam veure<\/p>\n","protected":false},"author":4,"featured_media":3416,"comment_status":"open","ping_status":"open","sticky":false,"template":"","format":"standard","meta":{"sfsi_plus_gutenberg_text_before_share":"","sfsi_plus_gutenberg_show_text_before_share":"","sfsi_plus_gutenberg_icon_type":"","sfsi_plus_gutenberg_icon_alignemt":"","sfsi_plus_gutenburg_max_per_row":"","footnotes":""},"categories":[94],"tags":[24,52,18],"class_list":["post-3506","post","type-post","status-publish","format-standard","has-post-thumbnail","hentry","category-agora-jove","tag-activitats","tag-joves","tag-xerrada"],"yoast_head":"<!-- This site is optimized with the Yoast SEO plugin v27.5 - https:\/\/yoast.com\/product\/yoast-seo-wordpress\/ -->\n<title>\u00c0GORA JOVE: Propera sessi\u00f3: Fi de la Pobresa - Sala Jove<\/title>\n<meta name=\"robots\" content=\"index, follow, max-snippet:-1, max-image-preview:large, max-video-preview:-1\" \/>\n<link rel=\"canonical\" href=\"https:\/\/biblioteca.blanes.cat\/salajove\/2020\/01\/09\/agora-jove-propera-sessio-fi-de-la-pobresa\/\" \/>\n<meta property=\"og:locale\" content=\"ca_ES\" \/>\n<meta property=\"og:type\" content=\"article\" \/>\n<meta property=\"og:title\" content=\"\u00c0GORA JOVE: Propera sessi\u00f3: Fi de la Pobresa - Sala Jove\" \/>\n<meta property=\"og:description\" content=\"El passat dimecres dia 8 de gener v\u00e0rem comen\u00e7ar el projecte \u00c0gora Jove amb l\u2019Objectiu de Desenvolupament Sostenible n\u00famero 5, Igualtat de G\u00e8nere. En aquesta sessi\u00f3 fins i tot, vam menjar crispetes! i vam fer un cinef\u00f2rum on vam veure\" \/>\n<meta property=\"og:url\" content=\"https:\/\/biblioteca.blanes.cat\/salajove\/2020\/01\/09\/agora-jove-propera-sessio-fi-de-la-pobresa\/\" \/>\n<meta property=\"og:site_name\" content=\"Sala Jove\" \/>\n<meta property=\"article:publisher\" content=\"https:\/\/www.facebook.com\/BilbiotecaComarcaldeBlanes\/\" \/>\n<meta property=\"article:published_time\" content=\"2020-01-09T19:00:44+00:00\" \/>\n<meta property=\"article:modified_time\" content=\"2020-01-10T13:32:38+00:00\" \/>\n<meta property=\"og:image\" content=\"https:\/\/biblioteca.blanes.cat\/salajove\/wp-content\/uploads\/sites\/3\/2019\/12\/logo-\u00e0gora-jove-1.png\" \/>\n\t<meta property=\"og:image:width\" content=\"500\" \/>\n\t<meta property=\"og:image:height\" content=\"500\" \/>\n\t<meta property=\"og:image:type\" content=\"image\/png\" \/>\n<meta name=\"author\" content=\"biblioblanes\" \/>\n<meta name=\"twitter:card\" content=\"summary_large_image\" \/>\n<meta name=\"twitter:creator\" content=\"@biblioblanes\" \/>\n<meta name=\"twitter:site\" content=\"@BiblioBlanes\" \/>\n<meta name=\"twitter:label1\" content=\"Escrit per\" \/>\n\t<meta name=\"twitter:data1\" content=\"biblioblanes\" \/>\n\t<meta name=\"twitter:label2\" content=\"Temps estimat de lectura\" \/>\n\t<meta name=\"twitter:data2\" content=\"1 minut\" \/>\n<script type=\"application\/ld+json\" class=\"yoast-schema-graph\">{\"@context\":\"https:\\\/\\\/schema.org\",\"@graph\":[{\"@type\":\"Article\",\"@id\":\"https:\\\/\\\/biblioteca.blanes.cat\\\/salajove\\\/2020\\\/01\\\/09\\\/agora-jove-propera-sessio-fi-de-la-pobresa\\\/#article\",\"isPartOf\":{\"@id\":\"https:\\\/\\\/biblioteca.blanes.cat\\\/salajove\\\/2020\\\/01\\\/09\\\/agora-jove-propera-sessio-fi-de-la-pobresa\\\/\"},\"author\":{\"name\":\"biblioblanes\",\"@id\":\"https:\\\/\\\/biblioteca.blanes.cat\\\/salajove\\\/#\\\/schema\\\/person\\\/5a7b46760d9dd611d098bbf571a341dc\"},\"headline\":\"\u00c0GORA JOVE: Propera sessi\u00f3: Fi de la Pobresa\",\"datePublished\":\"2020-01-09T19:00:44+00:00\",\"dateModified\":\"2020-01-10T13:32:38+00:00\",\"mainEntityOfPage\":{\"@id\":\"https:\\\/\\\/biblioteca.blanes.cat\\\/salajove\\\/2020\\\/01\\\/09\\\/agora-jove-propera-sessio-fi-de-la-pobresa\\\/\"},\"wordCount\":293,\"commentCount\":0,\"publisher\":{\"@id\":\"https:\\\/\\\/biblioteca.blanes.cat\\\/salajove\\\/#organization\"},\"image\":{\"@id\":\"https:\\\/\\\/biblioteca.blanes.cat\\\/salajove\\\/2020\\\/01\\\/09\\\/agora-jove-propera-sessio-fi-de-la-pobresa\\\/#primaryimage\"},\"thumbnailUrl\":\"https:\\\/\\\/biblioteca.blanes.cat\\\/salajove\\\/wp-content\\\/uploads\\\/sites\\\/3\\\/2019\\\/12\\\/logo-\u00e0gora-jove-1.png\",\"keywords\":[\"#Activitats\",\"#Joves\",\"#Xerrada\"],\"articleSection\":[\"\u00c0gora Jove\"],\"inLanguage\":\"ca\",\"potentialAction\":[{\"@type\":\"CommentAction\",\"name\":\"Comment\",\"target\":[\"https:\\\/\\\/biblioteca.blanes.cat\\\/salajove\\\/2020\\\/01\\\/09\\\/agora-jove-propera-sessio-fi-de-la-pobresa\\\/#respond\"]}]},{\"@type\":\"WebPage\",\"@id\":\"https:\\\/\\\/biblioteca.blanes.cat\\\/salajove\\\/2020\\\/01\\\/09\\\/agora-jove-propera-sessio-fi-de-la-pobresa\\\/\",\"url\":\"https:\\\/\\\/biblioteca.blanes.cat\\\/salajove\\\/2020\\\/01\\\/09\\\/agora-jove-propera-sessio-fi-de-la-pobresa\\\/\",\"name\":\"\u00c0GORA JOVE: Propera sessi\u00f3: Fi de la Pobresa - Sala Jove\",\"isPartOf\":{\"@id\":\"https:\\\/\\\/biblioteca.blanes.cat\\\/salajove\\\/#website\"},\"primaryImageOfPage\":{\"@id\":\"https:\\\/\\\/biblioteca.blanes.cat\\\/salajove\\\/2020\\\/01\\\/09\\\/agora-jove-propera-sessio-fi-de-la-pobresa\\\/#primaryimage\"},\"image\":{\"@id\":\"https:\\\/\\\/biblioteca.blanes.cat\\\/salajove\\\/2020\\\/01\\\/09\\\/agora-jove-propera-sessio-fi-de-la-pobresa\\\/#primaryimage\"},\"thumbnailUrl\":\"https:\\\/\\\/biblioteca.blanes.cat\\\/salajove\\\/wp-content\\\/uploads\\\/sites\\\/3\\\/2019\\\/12\\\/logo-\u00e0gora-jove-1.png\",\"datePublished\":\"2020-01-09T19:00:44+00:00\",\"dateModified\":\"2020-01-10T13:32:38+00:00\",\"breadcrumb\":{\"@id\":\"https:\\\/\\\/biblioteca.blanes.cat\\\/salajove\\\/2020\\\/01\\\/09\\\/agora-jove-propera-sessio-fi-de-la-pobresa\\\/#breadcrumb\"},\"inLanguage\":\"ca\",\"potentialAction\":[{\"@type\":\"ReadAction\",\"target\":[\"https:\\\/\\\/biblioteca.blanes.cat\\\/salajove\\\/2020\\\/01\\\/09\\\/agora-jove-propera-sessio-fi-de-la-pobresa\\\/\"]}]},{\"@type\":\"ImageObject\",\"inLanguage\":\"ca\",\"@id\":\"https:\\\/\\\/biblioteca.blanes.cat\\\/salajove\\\/2020\\\/01\\\/09\\\/agora-jove-propera-sessio-fi-de-la-pobresa\\\/#primaryimage\",\"url\":\"https:\\\/\\\/biblioteca.blanes.cat\\\/salajove\\\/wp-content\\\/uploads\\\/sites\\\/3\\\/2019\\\/12\\\/logo-\u00e0gora-jove-1.png\",\"contentUrl\":\"https:\\\/\\\/biblioteca.blanes.cat\\\/salajove\\\/wp-content\\\/uploads\\\/sites\\\/3\\\/2019\\\/12\\\/logo-\u00e0gora-jove-1.png\",\"width\":500,\"height\":500},{\"@type\":\"BreadcrumbList\",\"@id\":\"https:\\\/\\\/biblioteca.blanes.cat\\\/salajove\\\/2020\\\/01\\\/09\\\/agora-jove-propera-sessio-fi-de-la-pobresa\\\/#breadcrumb\",\"itemListElement\":[{\"@type\":\"ListItem\",\"position\":1,\"name\":\"Inici\",\"item\":\"https:\\\/\\\/biblioteca.blanes.cat\\\/salajove\\\/\"},{\"@type\":\"ListItem\",\"position\":2,\"name\":\"\u00c0GORA JOVE: Propera sessi\u00f3: Fi de la Pobresa\"}]},{\"@type\":\"WebSite\",\"@id\":\"https:\\\/\\\/biblioteca.blanes.cat\\\/salajove\\\/#website\",\"url\":\"https:\\\/\\\/biblioteca.blanes.cat\\\/salajove\\\/\",\"name\":\"Sala Jove\",\"description\":\"Biblioteca Comarcal de Blanes\",\"publisher\":{\"@id\":\"https:\\\/\\\/biblioteca.blanes.cat\\\/salajove\\\/#organization\"},\"potentialAction\":[{\"@type\":\"SearchAction\",\"target\":{\"@type\":\"EntryPoint\",\"urlTemplate\":\"https:\\\/\\\/biblioteca.blanes.cat\\\/salajove\\\/?s={search_term_string}\"},\"query-input\":{\"@type\":\"PropertyValueSpecification\",\"valueRequired\":true,\"valueName\":\"search_term_string\"}}],\"inLanguage\":\"ca\"},{\"@type\":\"Organization\",\"@id\":\"https:\\\/\\\/biblioteca.blanes.cat\\\/salajove\\\/#organization\",\"name\":\"Biblioteca Comarcal de Blanes\",\"url\":\"https:\\\/\\\/biblioteca.blanes.cat\\\/salajove\\\/\",\"logo\":{\"@type\":\"ImageObject\",\"inLanguage\":\"ca\",\"@id\":\"https:\\\/\\\/biblioteca.blanes.cat\\\/salajove\\\/#\\\/schema\\\/logo\\\/image\\\/\",\"url\":\"https:\\\/\\\/biblioteca.blanes.cat\\\/salajove\\\/wp-content\\\/uploads\\\/sites\\\/3\\\/2017\\\/09\\\/cropped-Bib-blau-e1518869380535.png\",\"contentUrl\":\"https:\\\/\\\/biblioteca.blanes.cat\\\/salajove\\\/wp-content\\\/uploads\\\/sites\\\/3\\\/2017\\\/09\\\/cropped-Bib-blau-e1518869380535.png\",\"width\":166,\"height\":166,\"caption\":\"Biblioteca Comarcal de Blanes\"},\"image\":{\"@id\":\"https:\\\/\\\/biblioteca.blanes.cat\\\/salajove\\\/#\\\/schema\\\/logo\\\/image\\\/\"},\"sameAs\":[\"https:\\\/\\\/www.facebook.com\\\/BilbiotecaComarcaldeBlanes\\\/\",\"https:\\\/\\\/x.com\\\/BiblioBlanes\",\"https:\\\/\\\/www.instagram.com\\\/biblioblanes\\\/\",\"https:\\\/\\\/www.pinterest.es\\\/bblanes\\\/\",\"https:\\\/\\\/www.youtube.com\\\/c\\\/BibliotecaComarcalBlanes\"]},{\"@type\":\"Person\",\"@id\":\"https:\\\/\\\/biblioteca.blanes.cat\\\/salajove\\\/#\\\/schema\\\/person\\\/5a7b46760d9dd611d098bbf571a341dc\",\"name\":\"biblioblanes\",\"image\":{\"@type\":\"ImageObject\",\"inLanguage\":\"ca\",\"@id\":\"https:\\\/\\\/secure.gravatar.com\\\/avatar\\\/6593ca6cc90e5a70939f51c95e8315483b9c281bafba597292bee47992030f99?s=96&d=mm&r=g\",\"url\":\"https:\\\/\\\/secure.gravatar.com\\\/avatar\\\/6593ca6cc90e5a70939f51c95e8315483b9c281bafba597292bee47992030f99?s=96&d=mm&r=g\",\"contentUrl\":\"https:\\\/\\\/secure.gravatar.com\\\/avatar\\\/6593ca6cc90e5a70939f51c95e8315483b9c281bafba597292bee47992030f99?s=96&d=mm&r=g\",\"caption\":\"biblioblanes\"},\"sameAs\":[\"http:\\\/\\\/www.bibgirona.cat\\\/biblioteca\\\/blanes\",\"https:\\\/\\\/x.com\\\/biblioblanes\"],\"url\":\"https:\\\/\\\/biblioteca.blanes.cat\\\/salajove\\\/author\\\/biblioblanes\\\/\"}]}<\/script>\n<!-- \/ Yoast SEO plugin. -->","yoast_head_json":{"title":"\u00c0GORA JOVE: Propera sessi\u00f3: Fi de la Pobresa - Sala Jove","robots":{"index":"index","follow":"follow","max-snippet":"max-snippet:-1","max-image-preview":"max-image-preview:large","max-video-preview":"max-video-preview:-1"},"canonical":"https:\/\/biblioteca.blanes.cat\/salajove\/2020\/01\/09\/agora-jove-propera-sessio-fi-de-la-pobresa\/","og_locale":"ca_ES","og_type":"article","og_title":"\u00c0GORA JOVE: Propera sessi\u00f3: Fi de la Pobresa - Sala Jove","og_description":"El passat dimecres dia 8 de gener v\u00e0rem comen\u00e7ar el projecte \u00c0gora Jove amb l\u2019Objectiu de Desenvolupament Sostenible n\u00famero 5, Igualtat de G\u00e8nere. En aquesta sessi\u00f3 fins i tot, vam menjar crispetes! i vam fer un cinef\u00f2rum on vam veure","og_url":"https:\/\/biblioteca.blanes.cat\/salajove\/2020\/01\/09\/agora-jove-propera-sessio-fi-de-la-pobresa\/","og_site_name":"Sala Jove","article_publisher":"https:\/\/www.facebook.com\/BilbiotecaComarcaldeBlanes\/","article_published_time":"2020-01-09T19:00:44+00:00","article_modified_time":"2020-01-10T13:32:38+00:00","og_image":[{"width":500,"height":500,"url":"https:\/\/biblioteca.blanes.cat\/salajove\/wp-content\/uploads\/sites\/3\/2019\/12\/logo-\u00e0gora-jove-1.png","type":"image\/png"}],"author":"biblioblanes","twitter_card":"summary_large_image","twitter_creator":"@biblioblanes","twitter_site":"@BiblioBlanes","twitter_misc":{"Escrit per":"biblioblanes","Temps estimat de lectura":"1 minut"},"schema":{"@context":"https:\/\/schema.org","@graph":[{"@type":"Article","@id":"https:\/\/biblioteca.blanes.cat\/salajove\/2020\/01\/09\/agora-jove-propera-sessio-fi-de-la-pobresa\/#article","isPartOf":{"@id":"https:\/\/biblioteca.blanes.cat\/salajove\/2020\/01\/09\/agora-jove-propera-sessio-fi-de-la-pobresa\/"},"author":{"name":"biblioblanes","@id":"https:\/\/biblioteca.blanes.cat\/salajove\/#\/schema\/person\/5a7b46760d9dd611d098bbf571a341dc"},"headline":"\u00c0GORA JOVE: Propera sessi\u00f3: Fi de la Pobresa","datePublished":"2020-01-09T19:00:44+00:00","dateModified":"2020-01-10T13:32:38+00:00","mainEntityOfPage":{"@id":"https:\/\/biblioteca.blanes.cat\/salajove\/2020\/01\/09\/agora-jove-propera-sessio-fi-de-la-pobresa\/"},"wordCount":293,"commentCount":0,"publisher":{"@id":"https:\/\/biblioteca.blanes.cat\/salajove\/#organization"},"image":{"@id":"https:\/\/biblioteca.blanes.cat\/salajove\/2020\/01\/09\/agora-jove-propera-sessio-fi-de-la-pobresa\/#primaryimage"},"thumbnailUrl":"https:\/\/biblioteca.blanes.cat\/salajove\/wp-content\/uploads\/sites\/3\/2019\/12\/logo-\u00e0gora-jove-1.png","keywords":["#Activitats","#Joves","#Xerrada"],"articleSection":["\u00c0gora Jove"],"inLanguage":"ca","potentialAction":[{"@type":"CommentAction","name":"Comment","target":["https:\/\/biblioteca.blanes.cat\/salajove\/2020\/01\/09\/agora-jove-propera-sessio-fi-de-la-pobresa\/#respond"]}]},{"@type":"WebPage","@id":"https:\/\/biblioteca.blanes.cat\/salajove\/2020\/01\/09\/agora-jove-propera-sessio-fi-de-la-pobresa\/","url":"https:\/\/biblioteca.blanes.cat\/salajove\/2020\/01\/09\/agora-jove-propera-sessio-fi-de-la-pobresa\/","name":"\u00c0GORA JOVE: Propera sessi\u00f3: Fi de la Pobresa - Sala Jove","isPartOf":{"@id":"https:\/\/biblioteca.blanes.cat\/salajove\/#website"},"primaryImageOfPage":{"@id":"https:\/\/biblioteca.blanes.cat\/salajove\/2020\/01\/09\/agora-jove-propera-sessio-fi-de-la-pobresa\/#primaryimage"},"image":{"@id":"https:\/\/biblioteca.blanes.cat\/salajove\/2020\/01\/09\/agora-jove-propera-sessio-fi-de-la-pobresa\/#primaryimage"},"thumbnailUrl":"https:\/\/biblioteca.blanes.cat\/salajove\/wp-content\/uploads\/sites\/3\/2019\/12\/logo-\u00e0gora-jove-1.png","datePublished":"2020-01-09T19:00:44+00:00","dateModified":"2020-01-10T13:32:38+00:00","breadcrumb":{"@id":"https:\/\/biblioteca.blanes.cat\/salajove\/2020\/01\/09\/agora-jove-propera-sessio-fi-de-la-pobresa\/#breadcrumb"},"inLanguage":"ca","potentialAction":[{"@type":"ReadAction","target":["https:\/\/biblioteca.blanes.cat\/salajove\/2020\/01\/09\/agora-jove-propera-sessio-fi-de-la-pobresa\/"]}]},{"@type":"ImageObject","inLanguage":"ca","@id":"https:\/\/biblioteca.blanes.cat\/salajove\/2020\/01\/09\/agora-jove-propera-sessio-fi-de-la-pobresa\/#primaryimage","url":"https:\/\/biblioteca.blanes.cat\/salajove\/wp-content\/uploads\/sites\/3\/2019\/12\/logo-\u00e0gora-jove-1.png","contentUrl":"https:\/\/biblioteca.blanes.cat\/salajove\/wp-content\/uploads\/sites\/3\/2019\/12\/logo-\u00e0gora-jove-1.png","width":500,"height":500},{"@type":"BreadcrumbList","@id":"https:\/\/biblioteca.blanes.cat\/salajove\/2020\/01\/09\/agora-jove-propera-sessio-fi-de-la-pobresa\/#breadcrumb","itemListElement":[{"@type":"ListItem","position":1,"name":"Inici","item":"https:\/\/biblioteca.blanes.cat\/salajove\/"},{"@type":"ListItem","position":2,"name":"\u00c0GORA JOVE: Propera sessi\u00f3: Fi de la Pobresa"}]},{"@type":"WebSite","@id":"https:\/\/biblioteca.blanes.cat\/salajove\/#website","url":"https:\/\/biblioteca.blanes.cat\/salajove\/","name":"Sala Jove","description":"Biblioteca Comarcal de Blanes","publisher":{"@id":"https:\/\/biblioteca.blanes.cat\/salajove\/#organization"},"potentialAction":[{"@type":"SearchAction","target":{"@type":"EntryPoint","urlTemplate":"https:\/\/biblioteca.blanes.cat\/salajove\/?s={search_term_string}"},"query-input":{"@type":"PropertyValueSpecification","valueRequired":true,"valueName":"search_term_string"}}],"inLanguage":"ca"},{"@type":"Organization","@id":"https:\/\/biblioteca.blanes.cat\/salajove\/#organization","name":"Biblioteca Comarcal de Blanes","url":"https:\/\/biblioteca.blanes.cat\/salajove\/","logo":{"@type":"ImageObject","inLanguage":"ca","@id":"https:\/\/biblioteca.blanes.cat\/salajove\/#\/schema\/logo\/image\/","url":"https:\/\/biblioteca.blanes.cat\/salajove\/wp-content\/uploads\/sites\/3\/2017\/09\/cropped-Bib-blau-e1518869380535.png","contentUrl":"https:\/\/biblioteca.blanes.cat\/salajove\/wp-content\/uploads\/sites\/3\/2017\/09\/cropped-Bib-blau-e1518869380535.png","width":166,"height":166,"caption":"Biblioteca Comarcal de Blanes"},"image":{"@id":"https:\/\/biblioteca.blanes.cat\/salajove\/#\/schema\/logo\/image\/"},"sameAs":["https:\/\/www.facebook.com\/BilbiotecaComarcaldeBlanes\/","https:\/\/x.com\/BiblioBlanes","https:\/\/www.instagram.com\/biblioblanes\/","https:\/\/www.pinterest.es\/bblanes\/","https:\/\/www.youtube.com\/c\/BibliotecaComarcalBlanes"]},{"@type":"Person","@id":"https:\/\/biblioteca.blanes.cat\/salajove\/#\/schema\/person\/5a7b46760d9dd611d098bbf571a341dc","name":"biblioblanes","image":{"@type":"ImageObject","inLanguage":"ca","@id":"https:\/\/secure.gravatar.com\/avatar\/6593ca6cc90e5a70939f51c95e8315483b9c281bafba597292bee47992030f99?s=96&d=mm&r=g","url":"https:\/\/secure.gravatar.com\/avatar\/6593ca6cc90e5a70939f51c95e8315483b9c281bafba597292bee47992030f99?s=96&d=mm&r=g","contentUrl":"https:\/\/secure.gravatar.com\/avatar\/6593ca6cc90e5a70939f51c95e8315483b9c281bafba597292bee47992030f99?s=96&d=mm&r=g","caption":"biblioblanes"},"sameAs":["http:\/\/www.bibgirona.cat\/biblioteca\/blanes","https:\/\/x.com\/biblioblanes"],"url":"https:\/\/biblioteca.blanes.cat\/salajove\/author\/biblioblanes\/"}]}},"_links":{"self":[{"href":"https:\/\/biblioteca.blanes.cat\/salajove\/wp-json\/wp\/v2\/posts\/3506","targetHints":{"allow":["GET"]}}],"collection":[{"href":"https:\/\/biblioteca.blanes.cat\/salajove\/wp-json\/wp\/v2\/posts"}],"about":[{"href":"https:\/\/biblioteca.blanes.cat\/salajove\/wp-json\/wp\/v2\/types\/post"}],"author":[{"embeddable":true,"href":"https:\/\/biblioteca.blanes.cat\/salajove\/wp-json\/wp\/v2\/users\/4"}],"replies":[{"embeddable":true,"href":"https:\/\/biblioteca.blanes.cat\/salajove\/wp-json\/wp\/v2\/comments?post=3506"}],"version-history":[{"count":6,"href":"https:\/\/biblioteca.blanes.cat\/salajove\/wp-json\/wp\/v2\/posts\/3506\/revisions"}],"predecessor-version":[{"id":3517,"href":"https:\/\/biblioteca.blanes.cat\/salajove\/wp-json\/wp\/v2\/posts\/3506\/revisions\/3517"}],"wp:featuredmedia":[{"embeddable":true,"href":"https:\/\/biblioteca.blanes.cat\/salajove\/wp-json\/wp\/v2\/media\/3416"}],"wp:attachment":[{"href":"https:\/\/biblioteca.blanes.cat\/salajove\/wp-json\/wp\/v2\/media?parent=3506"}],"wp:term":[{"taxonomy":"category","embeddable":true,"href":"https:\/\/biblioteca.blanes.cat\/salajove\/wp-json\/wp\/v2\/categories?post=3506"},{"taxonomy":"post_tag","embeddable":true,"href":"https:\/\/biblioteca.blanes.cat\/salajove\/wp-json\/wp\/v2\/tags?post=3506"}],"curies":[{"name":"wp","href":"https:\/\/api.w.org\/{rel}","templated":true}]}}