{"id":3401,"date":"2019-12-13T12:25:40","date_gmt":"2019-12-13T11:25:40","guid":{"rendered":"https:\/\/biblioteca.blanes.cat\/salajove\/?p=3401"},"modified":"2019-12-19T17:57:50","modified_gmt":"2019-12-19T16:57:50","slug":"agora-jove-pensament-critic","status":"publish","type":"post","link":"https:\/\/biblioteca.blanes.cat\/salajove\/2019\/12\/13\/agora-jove-pensament-critic\/","title":{"rendered":"\u00c0GORA JOVE: Pensament cr\u00edtic: PRESENTACI\u00d3"},"content":{"rendered":"<h1 style=\"text-align: center;\"><span style=\"font-family: Default Sans Serif,Verdana,Arial,Helvetica,sans-serif; font-size: small;\"><span style=\"font-size: 20px;\">EP JOVES!!!<\/span><br \/>\n Estem preparant un projecte, que tot just engeguem aquest mes a la BIBLIOTECA DE BLANES :<\/span><\/h1>\n<p>&nbsp;<\/p>\n<h1 style=\"text-align: center;\"><span style=\"font-family: Default Sans Serif,Verdana,Arial,Helvetica,sans-serif; font-size: small;\"><span style=\"font-size: 36px;\"><b><i><a href=\"https:\/\/biblioteca.blanes.cat\/salajove\/wp-content\/uploads\/sites\/3\/2019\/12\/logo-\u00e0gora-jove.png\"><img fetchpriority=\"high\" decoding=\"async\" class=\"aligncenter size-medium wp-image-3409\" src=\"https:\/\/biblioteca.blanes.cat\/salajove\/wp-content\/uploads\/sites\/3\/2019\/12\/logo-\u00e0gora-jove-300x300.png\" alt=\"\" width=\"300\" height=\"300\" srcset=\"https:\/\/biblioteca.blanes.cat\/salajove\/wp-content\/uploads\/sites\/3\/2019\/12\/logo-\u00e0gora-jove-300x300.png 300w, https:\/\/biblioteca.blanes.cat\/salajove\/wp-content\/uploads\/sites\/3\/2019\/12\/logo-\u00e0gora-jove-150x150.png 150w, https:\/\/biblioteca.blanes.cat\/salajove\/wp-content\/uploads\/sites\/3\/2019\/12\/logo-\u00e0gora-jove-270x270.png 270w, https:\/\/biblioteca.blanes.cat\/salajove\/wp-content\/uploads\/sites\/3\/2019\/12\/logo-\u00e0gora-jove-230x230.png 230w, https:\/\/biblioteca.blanes.cat\/salajove\/wp-content\/uploads\/sites\/3\/2019\/12\/logo-\u00e0gora-jove.png 500w\" sizes=\"(max-width: 300px) 100vw, 300px\" \/><\/a>Pensament Cr\u00edtic<\/i><\/b><\/span> <\/span><\/h1>\n<h1 style=\"text-align: center;\">\u00a0<span style=\"font-family: Default Sans Serif,Verdana,Arial,Helvetica,sans-serif; font-size: small;\">Treballarem els 17 Objectius <\/span><span style=\"font-family: Default Sans Serif,Verdana,Arial,Helvetica,sans-serif; font-size: small;\">de Desenvolupament Sostenible que l&#8217;ONU va publicar per l&#8217;Agenda 2030.<\/span><\/h1>\n<p style=\"text-align: center;\">En aquest projecte dedicarem una sessi\u00f3 per treballar cada objectiu; en parlarem, reflexionarem i direm la nostra a trav\u00e9s de diferents expressions art\u00edstiques, din\u00e0miques i jocs com teatre, fotografia, literatura, cinef\u00f2rums, escape room, din\u00e0miques, pintura&#8230;\u00a0<\/p>\n<p style=\"text-align: center;\">La durada ser\u00e0<\/p>\n<h1 style=\"text-align: center;\"><span style=\"text-decoration: underline; font-size: 16px;\"><span style=\"font-family: Default Sans Serif,Verdana,Arial,Helvetica,sans-serif;\"><span style=\"color: #000000;\">del 18 de desembre fins el 6 de maig <\/span><\/span><\/span><span style=\"font-family: Default Sans Serif,Verdana,Arial,Helvetica,sans-serif; font-size: small;\"><span style=\"color: #000000;\">cada <span style=\"text-decoration: underline; font-size: 16px;\">dimecres de 17:30 a 19:00<\/span><\/span> <\/span><\/h1>\n<h1 style=\"text-align: center;\"><span style=\"font-family: Default Sans Serif,Verdana,Arial,Helvetica,sans-serif; font-size: small;\">a la Sala Jove de la Biblioteca Comarcal de Blanes.<\/span><\/h1>\n<p><a href=\"https:\/\/biblioteca.blanes.cat\/salajove\/wp-content\/uploads\/sites\/3\/2019\/12\/agora20191218.png\"><img decoding=\"async\" class=\"aligncenter wp-image-3426 size-full\" src=\"https:\/\/biblioteca.blanes.cat\/salajove\/wp-content\/uploads\/sites\/3\/2019\/12\/agora20191218-e1576686615236.png\" alt=\"\" width=\"1169\" height=\"826\" srcset=\"https:\/\/biblioteca.blanes.cat\/salajove\/wp-content\/uploads\/sites\/3\/2019\/12\/agora20191218-e1576686615236.png 1169w, https:\/\/biblioteca.blanes.cat\/salajove\/wp-content\/uploads\/sites\/3\/2019\/12\/agora20191218-e1576686615236-300x212.png 300w, https:\/\/biblioteca.blanes.cat\/salajove\/wp-content\/uploads\/sites\/3\/2019\/12\/agora20191218-e1576686615236-768x543.png 768w, https:\/\/biblioteca.blanes.cat\/salajove\/wp-content\/uploads\/sites\/3\/2019\/12\/agora20191218-e1576686615236-1024x724.png 1024w\" sizes=\"(max-width: 1169px) 100vw, 1169px\" \/><\/a><\/p>\n<p>&nbsp;<\/p>\n<p style=\"text-align: center;\">Us convidem a la primera sessi\u00f3 el <span style=\"text-decoration: underline;\"><strong>D<\/strong><span style=\"font-size: 20px;\"><strong>ia<\/strong> <b>18 de desembre<\/b><\/span><\/span> en la qual es far\u00e0 una presentaci\u00f3 del projecte, din\u00e0miques de grup i parlarem sobre els temes d&#8217;inter\u00e8s dels joves i els ODS en general.\u00a0 <br \/>\n Us esperem!!<\/p>\n<p>&nbsp;<\/p>\n<p style=\"text-align: center;\"><a href=\"https:\/\/youtu.be\/0SOoAlInDU0\">FEU UNA ULLADA AL VIDEO DE PRESENTACI\u00d3 <\/a><\/p>\n<p style=\"text-align: center;\">cliqueu aqui:<\/p>\n<p><a href=\"https:\/\/youtu.be\/0SOoAlInDU0\"><img decoding=\"async\" class=\"aligncenter wp-image-3417 \" src=\"https:\/\/biblioteca.blanes.cat\/salajove\/wp-content\/uploads\/sites\/3\/2019\/12\/M2OpenElementcid7739c11a-d83e-4977-b080-9c2c6f3d8caa-e1576244714421-150x150.jpg\" alt=\"\" width=\"193\" height=\"193\" srcset=\"https:\/\/biblioteca.blanes.cat\/salajove\/wp-content\/uploads\/sites\/3\/2019\/12\/M2OpenElementcid7739c11a-d83e-4977-b080-9c2c6f3d8caa-e1576244714421-150x150.jpg 150w, https:\/\/biblioteca.blanes.cat\/salajove\/wp-content\/uploads\/sites\/3\/2019\/12\/M2OpenElementcid7739c11a-d83e-4977-b080-9c2c6f3d8caa-e1576244714421-270x270.jpg 270w, https:\/\/biblioteca.blanes.cat\/salajove\/wp-content\/uploads\/sites\/3\/2019\/12\/M2OpenElementcid7739c11a-d83e-4977-b080-9c2c6f3d8caa-e1576244714421-230x230.jpg 230w\" sizes=\"(max-width: 193px) 100vw, 193px\" \/><\/a><\/p>\n","protected":false},"excerpt":{"rendered":"<p>EP JOVES!!! Estem preparant un projecte, que tot just engeguem aquest mes a la BIBLIOTECA DE BLANES : &nbsp; Pensament Cr\u00edtic \u00a0Treballarem els 17 Objectius de Desenvolupament Sostenible que l&#8217;ONU va publicar per l&#8217;Agenda 2030. En aquest projecte dedicarem una<\/p>\n","protected":false},"author":4,"featured_media":3409,"comment_status":"open","ping_status":"open","sticky":false,"template":"","format":"standard","meta":{"sfsi_plus_gutenberg_text_before_share":"","sfsi_plus_gutenberg_show_text_before_share":"","sfsi_plus_gutenberg_icon_type":"","sfsi_plus_gutenberg_icon_alignemt":"","sfsi_plus_gutenburg_max_per_row":"","footnotes":""},"categories":[94],"tags":[24,52,18],"class_list":["post-3401","post","type-post","status-publish","format-standard","has-post-thumbnail","hentry","category-agora-jove","tag-activitats","tag-joves","tag-xerrada"],"yoast_head":"<!-- This site is optimized with the Yoast SEO plugin v27.5 - https:\/\/yoast.com\/product\/yoast-seo-wordpress\/ -->\n<title>\u00c0GORA JOVE: Pensament cr\u00edtic: PRESENTACI\u00d3 - Sala Jove<\/title>\n<meta name=\"robots\" content=\"index, follow, max-snippet:-1, max-image-preview:large, max-video-preview:-1\" \/>\n<link rel=\"canonical\" href=\"https:\/\/biblioteca.blanes.cat\/salajove\/2019\/12\/13\/agora-jove-pensament-critic\/\" \/>\n<meta property=\"og:locale\" content=\"ca_ES\" \/>\n<meta property=\"og:type\" content=\"article\" \/>\n<meta property=\"og:title\" content=\"\u00c0GORA JOVE: Pensament cr\u00edtic: PRESENTACI\u00d3 - Sala Jove\" \/>\n<meta property=\"og:description\" content=\"EP JOVES!!! Estem preparant un projecte, que tot just engeguem aquest mes a la BIBLIOTECA DE BLANES : &nbsp; Pensament Cr\u00edtic \u00a0Treballarem els 17 Objectius de Desenvolupament Sostenible que l&#8217;ONU va publicar per l&#8217;Agenda 2030. En aquest projecte dedicarem una\" \/>\n<meta property=\"og:url\" content=\"https:\/\/biblioteca.blanes.cat\/salajove\/2019\/12\/13\/agora-jove-pensament-critic\/\" \/>\n<meta property=\"og:site_name\" content=\"Sala Jove\" \/>\n<meta property=\"article:publisher\" content=\"https:\/\/www.facebook.com\/BilbiotecaComarcaldeBlanes\/\" \/>\n<meta property=\"article:published_time\" content=\"2019-12-13T11:25:40+00:00\" \/>\n<meta property=\"article:modified_time\" content=\"2019-12-19T16:57:50+00:00\" \/>\n<meta property=\"og:image\" content=\"https:\/\/biblioteca.blanes.cat\/salajove\/wp-content\/uploads\/sites\/3\/2019\/12\/logo-\u00e0gora-jove.png\" \/>\n\t<meta property=\"og:image:width\" content=\"500\" \/>\n\t<meta property=\"og:image:height\" content=\"500\" \/>\n\t<meta property=\"og:image:type\" content=\"image\/png\" \/>\n<meta name=\"author\" content=\"biblioblanes\" \/>\n<meta name=\"twitter:card\" content=\"summary_large_image\" \/>\n<meta name=\"twitter:creator\" content=\"@biblioblanes\" \/>\n<meta name=\"twitter:site\" content=\"@BiblioBlanes\" \/>\n<meta name=\"twitter:label1\" content=\"Escrit per\" \/>\n\t<meta name=\"twitter:data1\" content=\"biblioblanes\" \/>\n\t<meta name=\"twitter:label2\" content=\"Temps estimat de lectura\" \/>\n\t<meta name=\"twitter:data2\" content=\"1 minut\" \/>\n<script type=\"application\/ld+json\" class=\"yoast-schema-graph\">{\"@context\":\"https:\\\/\\\/schema.org\",\"@graph\":[{\"@type\":\"Article\",\"@id\":\"https:\\\/\\\/biblioteca.blanes.cat\\\/salajove\\\/2019\\\/12\\\/13\\\/agora-jove-pensament-critic\\\/#article\",\"isPartOf\":{\"@id\":\"https:\\\/\\\/biblioteca.blanes.cat\\\/salajove\\\/2019\\\/12\\\/13\\\/agora-jove-pensament-critic\\\/\"},\"author\":{\"name\":\"biblioblanes\",\"@id\":\"https:\\\/\\\/biblioteca.blanes.cat\\\/salajove\\\/#\\\/schema\\\/person\\\/5a7b46760d9dd611d098bbf571a341dc\"},\"headline\":\"\u00c0GORA JOVE: Pensament cr\u00edtic: PRESENTACI\u00d3\",\"datePublished\":\"2019-12-13T11:25:40+00:00\",\"dateModified\":\"2019-12-19T16:57:50+00:00\",\"mainEntityOfPage\":{\"@id\":\"https:\\\/\\\/biblioteca.blanes.cat\\\/salajove\\\/2019\\\/12\\\/13\\\/agora-jove-pensament-critic\\\/\"},\"wordCount\":157,\"commentCount\":0,\"publisher\":{\"@id\":\"https:\\\/\\\/biblioteca.blanes.cat\\\/salajove\\\/#organization\"},\"image\":{\"@id\":\"https:\\\/\\\/biblioteca.blanes.cat\\\/salajove\\\/2019\\\/12\\\/13\\\/agora-jove-pensament-critic\\\/#primaryimage\"},\"thumbnailUrl\":\"https:\\\/\\\/biblioteca.blanes.cat\\\/salajove\\\/wp-content\\\/uploads\\\/sites\\\/3\\\/2019\\\/12\\\/logo-\u00e0gora-jove.png\",\"keywords\":[\"#Activitats\",\"#Joves\",\"#Xerrada\"],\"articleSection\":[\"\u00c0gora Jove\"],\"inLanguage\":\"ca\",\"potentialAction\":[{\"@type\":\"CommentAction\",\"name\":\"Comment\",\"target\":[\"https:\\\/\\\/biblioteca.blanes.cat\\\/salajove\\\/2019\\\/12\\\/13\\\/agora-jove-pensament-critic\\\/#respond\"]}]},{\"@type\":\"WebPage\",\"@id\":\"https:\\\/\\\/biblioteca.blanes.cat\\\/salajove\\\/2019\\\/12\\\/13\\\/agora-jove-pensament-critic\\\/\",\"url\":\"https:\\\/\\\/biblioteca.blanes.cat\\\/salajove\\\/2019\\\/12\\\/13\\\/agora-jove-pensament-critic\\\/\",\"name\":\"\u00c0GORA JOVE: Pensament cr\u00edtic: PRESENTACI\u00d3 - Sala Jove\",\"isPartOf\":{\"@id\":\"https:\\\/\\\/biblioteca.blanes.cat\\\/salajove\\\/#website\"},\"primaryImageOfPage\":{\"@id\":\"https:\\\/\\\/biblioteca.blanes.cat\\\/salajove\\\/2019\\\/12\\\/13\\\/agora-jove-pensament-critic\\\/#primaryimage\"},\"image\":{\"@id\":\"https:\\\/\\\/biblioteca.blanes.cat\\\/salajove\\\/2019\\\/12\\\/13\\\/agora-jove-pensament-critic\\\/#primaryimage\"},\"thumbnailUrl\":\"https:\\\/\\\/biblioteca.blanes.cat\\\/salajove\\\/wp-content\\\/uploads\\\/sites\\\/3\\\/2019\\\/12\\\/logo-\u00e0gora-jove.png\",\"datePublished\":\"2019-12-13T11:25:40+00:00\",\"dateModified\":\"2019-12-19T16:57:50+00:00\",\"breadcrumb\":{\"@id\":\"https:\\\/\\\/biblioteca.blanes.cat\\\/salajove\\\/2019\\\/12\\\/13\\\/agora-jove-pensament-critic\\\/#breadcrumb\"},\"inLanguage\":\"ca\",\"potentialAction\":[{\"@type\":\"ReadAction\",\"target\":[\"https:\\\/\\\/biblioteca.blanes.cat\\\/salajove\\\/2019\\\/12\\\/13\\\/agora-jove-pensament-critic\\\/\"]}]},{\"@type\":\"ImageObject\",\"inLanguage\":\"ca\",\"@id\":\"https:\\\/\\\/biblioteca.blanes.cat\\\/salajove\\\/2019\\\/12\\\/13\\\/agora-jove-pensament-critic\\\/#primaryimage\",\"url\":\"https:\\\/\\\/biblioteca.blanes.cat\\\/salajove\\\/wp-content\\\/uploads\\\/sites\\\/3\\\/2019\\\/12\\\/logo-\u00e0gora-jove.png\",\"contentUrl\":\"https:\\\/\\\/biblioteca.blanes.cat\\\/salajove\\\/wp-content\\\/uploads\\\/sites\\\/3\\\/2019\\\/12\\\/logo-\u00e0gora-jove.png\",\"width\":500,\"height\":500},{\"@type\":\"BreadcrumbList\",\"@id\":\"https:\\\/\\\/biblioteca.blanes.cat\\\/salajove\\\/2019\\\/12\\\/13\\\/agora-jove-pensament-critic\\\/#breadcrumb\",\"itemListElement\":[{\"@type\":\"ListItem\",\"position\":1,\"name\":\"Inici\",\"item\":\"https:\\\/\\\/biblioteca.blanes.cat\\\/salajove\\\/\"},{\"@type\":\"ListItem\",\"position\":2,\"name\":\"\u00c0GORA JOVE: Pensament cr\u00edtic: PRESENTACI\u00d3\"}]},{\"@type\":\"WebSite\",\"@id\":\"https:\\\/\\\/biblioteca.blanes.cat\\\/salajove\\\/#website\",\"url\":\"https:\\\/\\\/biblioteca.blanes.cat\\\/salajove\\\/\",\"name\":\"Sala Jove\",\"description\":\"Biblioteca Comarcal de Blanes\",\"publisher\":{\"@id\":\"https:\\\/\\\/biblioteca.blanes.cat\\\/salajove\\\/#organization\"},\"potentialAction\":[{\"@type\":\"SearchAction\",\"target\":{\"@type\":\"EntryPoint\",\"urlTemplate\":\"https:\\\/\\\/biblioteca.blanes.cat\\\/salajove\\\/?s={search_term_string}\"},\"query-input\":{\"@type\":\"PropertyValueSpecification\",\"valueRequired\":true,\"valueName\":\"search_term_string\"}}],\"inLanguage\":\"ca\"},{\"@type\":\"Organization\",\"@id\":\"https:\\\/\\\/biblioteca.blanes.cat\\\/salajove\\\/#organization\",\"name\":\"Biblioteca Comarcal de Blanes\",\"url\":\"https:\\\/\\\/biblioteca.blanes.cat\\\/salajove\\\/\",\"logo\":{\"@type\":\"ImageObject\",\"inLanguage\":\"ca\",\"@id\":\"https:\\\/\\\/biblioteca.blanes.cat\\\/salajove\\\/#\\\/schema\\\/logo\\\/image\\\/\",\"url\":\"https:\\\/\\\/biblioteca.blanes.cat\\\/salajove\\\/wp-content\\\/uploads\\\/sites\\\/3\\\/2017\\\/09\\\/cropped-Bib-blau-e1518869380535.png\",\"contentUrl\":\"https:\\\/\\\/biblioteca.blanes.cat\\\/salajove\\\/wp-content\\\/uploads\\\/sites\\\/3\\\/2017\\\/09\\\/cropped-Bib-blau-e1518869380535.png\",\"width\":166,\"height\":166,\"caption\":\"Biblioteca Comarcal de Blanes\"},\"image\":{\"@id\":\"https:\\\/\\\/biblioteca.blanes.cat\\\/salajove\\\/#\\\/schema\\\/logo\\\/image\\\/\"},\"sameAs\":[\"https:\\\/\\\/www.facebook.com\\\/BilbiotecaComarcaldeBlanes\\\/\",\"https:\\\/\\\/x.com\\\/BiblioBlanes\",\"https:\\\/\\\/www.instagram.com\\\/biblioblanes\\\/\",\"https:\\\/\\\/www.pinterest.es\\\/bblanes\\\/\",\"https:\\\/\\\/www.youtube.com\\\/c\\\/BibliotecaComarcalBlanes\"]},{\"@type\":\"Person\",\"@id\":\"https:\\\/\\\/biblioteca.blanes.cat\\\/salajove\\\/#\\\/schema\\\/person\\\/5a7b46760d9dd611d098bbf571a341dc\",\"name\":\"biblioblanes\",\"image\":{\"@type\":\"ImageObject\",\"inLanguage\":\"ca\",\"@id\":\"https:\\\/\\\/secure.gravatar.com\\\/avatar\\\/6593ca6cc90e5a70939f51c95e8315483b9c281bafba597292bee47992030f99?s=96&d=mm&r=g\",\"url\":\"https:\\\/\\\/secure.gravatar.com\\\/avatar\\\/6593ca6cc90e5a70939f51c95e8315483b9c281bafba597292bee47992030f99?s=96&d=mm&r=g\",\"contentUrl\":\"https:\\\/\\\/secure.gravatar.com\\\/avatar\\\/6593ca6cc90e5a70939f51c95e8315483b9c281bafba597292bee47992030f99?s=96&d=mm&r=g\",\"caption\":\"biblioblanes\"},\"sameAs\":[\"http:\\\/\\\/www.bibgirona.cat\\\/biblioteca\\\/blanes\",\"https:\\\/\\\/x.com\\\/biblioblanes\"],\"url\":\"https:\\\/\\\/biblioteca.blanes.cat\\\/salajove\\\/author\\\/biblioblanes\\\/\"}]}<\/script>\n<!-- \/ Yoast SEO plugin. -->","yoast_head_json":{"title":"\u00c0GORA JOVE: Pensament cr\u00edtic: PRESENTACI\u00d3 - Sala Jove","robots":{"index":"index","follow":"follow","max-snippet":"max-snippet:-1","max-image-preview":"max-image-preview:large","max-video-preview":"max-video-preview:-1"},"canonical":"https:\/\/biblioteca.blanes.cat\/salajove\/2019\/12\/13\/agora-jove-pensament-critic\/","og_locale":"ca_ES","og_type":"article","og_title":"\u00c0GORA JOVE: Pensament cr\u00edtic: PRESENTACI\u00d3 - Sala Jove","og_description":"EP JOVES!!! Estem preparant un projecte, que tot just engeguem aquest mes a la BIBLIOTECA DE BLANES : &nbsp; Pensament Cr\u00edtic \u00a0Treballarem els 17 Objectius de Desenvolupament Sostenible que l&#8217;ONU va publicar per l&#8217;Agenda 2030. En aquest projecte dedicarem una","og_url":"https:\/\/biblioteca.blanes.cat\/salajove\/2019\/12\/13\/agora-jove-pensament-critic\/","og_site_name":"Sala Jove","article_publisher":"https:\/\/www.facebook.com\/BilbiotecaComarcaldeBlanes\/","article_published_time":"2019-12-13T11:25:40+00:00","article_modified_time":"2019-12-19T16:57:50+00:00","og_image":[{"width":500,"height":500,"url":"https:\/\/biblioteca.blanes.cat\/salajove\/wp-content\/uploads\/sites\/3\/2019\/12\/logo-\u00e0gora-jove.png","type":"image\/png"}],"author":"biblioblanes","twitter_card":"summary_large_image","twitter_creator":"@biblioblanes","twitter_site":"@BiblioBlanes","twitter_misc":{"Escrit per":"biblioblanes","Temps estimat de lectura":"1 minut"},"schema":{"@context":"https:\/\/schema.org","@graph":[{"@type":"Article","@id":"https:\/\/biblioteca.blanes.cat\/salajove\/2019\/12\/13\/agora-jove-pensament-critic\/#article","isPartOf":{"@id":"https:\/\/biblioteca.blanes.cat\/salajove\/2019\/12\/13\/agora-jove-pensament-critic\/"},"author":{"name":"biblioblanes","@id":"https:\/\/biblioteca.blanes.cat\/salajove\/#\/schema\/person\/5a7b46760d9dd611d098bbf571a341dc"},"headline":"\u00c0GORA JOVE: Pensament cr\u00edtic: PRESENTACI\u00d3","datePublished":"2019-12-13T11:25:40+00:00","dateModified":"2019-12-19T16:57:50+00:00","mainEntityOfPage":{"@id":"https:\/\/biblioteca.blanes.cat\/salajove\/2019\/12\/13\/agora-jove-pensament-critic\/"},"wordCount":157,"commentCount":0,"publisher":{"@id":"https:\/\/biblioteca.blanes.cat\/salajove\/#organization"},"image":{"@id":"https:\/\/biblioteca.blanes.cat\/salajove\/2019\/12\/13\/agora-jove-pensament-critic\/#primaryimage"},"thumbnailUrl":"https:\/\/biblioteca.blanes.cat\/salajove\/wp-content\/uploads\/sites\/3\/2019\/12\/logo-\u00e0gora-jove.png","keywords":["#Activitats","#Joves","#Xerrada"],"articleSection":["\u00c0gora Jove"],"inLanguage":"ca","potentialAction":[{"@type":"CommentAction","name":"Comment","target":["https:\/\/biblioteca.blanes.cat\/salajove\/2019\/12\/13\/agora-jove-pensament-critic\/#respond"]}]},{"@type":"WebPage","@id":"https:\/\/biblioteca.blanes.cat\/salajove\/2019\/12\/13\/agora-jove-pensament-critic\/","url":"https:\/\/biblioteca.blanes.cat\/salajove\/2019\/12\/13\/agora-jove-pensament-critic\/","name":"\u00c0GORA JOVE: Pensament cr\u00edtic: PRESENTACI\u00d3 - Sala Jove","isPartOf":{"@id":"https:\/\/biblioteca.blanes.cat\/salajove\/#website"},"primaryImageOfPage":{"@id":"https:\/\/biblioteca.blanes.cat\/salajove\/2019\/12\/13\/agora-jove-pensament-critic\/#primaryimage"},"image":{"@id":"https:\/\/biblioteca.blanes.cat\/salajove\/2019\/12\/13\/agora-jove-pensament-critic\/#primaryimage"},"thumbnailUrl":"https:\/\/biblioteca.blanes.cat\/salajove\/wp-content\/uploads\/sites\/3\/2019\/12\/logo-\u00e0gora-jove.png","datePublished":"2019-12-13T11:25:40+00:00","dateModified":"2019-12-19T16:57:50+00:00","breadcrumb":{"@id":"https:\/\/biblioteca.blanes.cat\/salajove\/2019\/12\/13\/agora-jove-pensament-critic\/#breadcrumb"},"inLanguage":"ca","potentialAction":[{"@type":"ReadAction","target":["https:\/\/biblioteca.blanes.cat\/salajove\/2019\/12\/13\/agora-jove-pensament-critic\/"]}]},{"@type":"ImageObject","inLanguage":"ca","@id":"https:\/\/biblioteca.blanes.cat\/salajove\/2019\/12\/13\/agora-jove-pensament-critic\/#primaryimage","url":"https:\/\/biblioteca.blanes.cat\/salajove\/wp-content\/uploads\/sites\/3\/2019\/12\/logo-\u00e0gora-jove.png","contentUrl":"https:\/\/biblioteca.blanes.cat\/salajove\/wp-content\/uploads\/sites\/3\/2019\/12\/logo-\u00e0gora-jove.png","width":500,"height":500},{"@type":"BreadcrumbList","@id":"https:\/\/biblioteca.blanes.cat\/salajove\/2019\/12\/13\/agora-jove-pensament-critic\/#breadcrumb","itemListElement":[{"@type":"ListItem","position":1,"name":"Inici","item":"https:\/\/biblioteca.blanes.cat\/salajove\/"},{"@type":"ListItem","position":2,"name":"\u00c0GORA JOVE: Pensament cr\u00edtic: PRESENTACI\u00d3"}]},{"@type":"WebSite","@id":"https:\/\/biblioteca.blanes.cat\/salajove\/#website","url":"https:\/\/biblioteca.blanes.cat\/salajove\/","name":"Sala Jove","description":"Biblioteca Comarcal de Blanes","publisher":{"@id":"https:\/\/biblioteca.blanes.cat\/salajove\/#organization"},"potentialAction":[{"@type":"SearchAction","target":{"@type":"EntryPoint","urlTemplate":"https:\/\/biblioteca.blanes.cat\/salajove\/?s={search_term_string}"},"query-input":{"@type":"PropertyValueSpecification","valueRequired":true,"valueName":"search_term_string"}}],"inLanguage":"ca"},{"@type":"Organization","@id":"https:\/\/biblioteca.blanes.cat\/salajove\/#organization","name":"Biblioteca Comarcal de Blanes","url":"https:\/\/biblioteca.blanes.cat\/salajove\/","logo":{"@type":"ImageObject","inLanguage":"ca","@id":"https:\/\/biblioteca.blanes.cat\/salajove\/#\/schema\/logo\/image\/","url":"https:\/\/biblioteca.blanes.cat\/salajove\/wp-content\/uploads\/sites\/3\/2017\/09\/cropped-Bib-blau-e1518869380535.png","contentUrl":"https:\/\/biblioteca.blanes.cat\/salajove\/wp-content\/uploads\/sites\/3\/2017\/09\/cropped-Bib-blau-e1518869380535.png","width":166,"height":166,"caption":"Biblioteca Comarcal de Blanes"},"image":{"@id":"https:\/\/biblioteca.blanes.cat\/salajove\/#\/schema\/logo\/image\/"},"sameAs":["https:\/\/www.facebook.com\/BilbiotecaComarcaldeBlanes\/","https:\/\/x.com\/BiblioBlanes","https:\/\/www.instagram.com\/biblioblanes\/","https:\/\/www.pinterest.es\/bblanes\/","https:\/\/www.youtube.com\/c\/BibliotecaComarcalBlanes"]},{"@type":"Person","@id":"https:\/\/biblioteca.blanes.cat\/salajove\/#\/schema\/person\/5a7b46760d9dd611d098bbf571a341dc","name":"biblioblanes","image":{"@type":"ImageObject","inLanguage":"ca","@id":"https:\/\/secure.gravatar.com\/avatar\/6593ca6cc90e5a70939f51c95e8315483b9c281bafba597292bee47992030f99?s=96&d=mm&r=g","url":"https:\/\/secure.gravatar.com\/avatar\/6593ca6cc90e5a70939f51c95e8315483b9c281bafba597292bee47992030f99?s=96&d=mm&r=g","contentUrl":"https:\/\/secure.gravatar.com\/avatar\/6593ca6cc90e5a70939f51c95e8315483b9c281bafba597292bee47992030f99?s=96&d=mm&r=g","caption":"biblioblanes"},"sameAs":["http:\/\/www.bibgirona.cat\/biblioteca\/blanes","https:\/\/x.com\/biblioblanes"],"url":"https:\/\/biblioteca.blanes.cat\/salajove\/author\/biblioblanes\/"}]}},"_links":{"self":[{"href":"https:\/\/biblioteca.blanes.cat\/salajove\/wp-json\/wp\/v2\/posts\/3401","targetHints":{"allow":["GET"]}}],"collection":[{"href":"https:\/\/biblioteca.blanes.cat\/salajove\/wp-json\/wp\/v2\/posts"}],"about":[{"href":"https:\/\/biblioteca.blanes.cat\/salajove\/wp-json\/wp\/v2\/types\/post"}],"author":[{"embeddable":true,"href":"https:\/\/biblioteca.blanes.cat\/salajove\/wp-json\/wp\/v2\/users\/4"}],"replies":[{"embeddable":true,"href":"https:\/\/biblioteca.blanes.cat\/salajove\/wp-json\/wp\/v2\/comments?post=3401"}],"version-history":[{"count":19,"href":"https:\/\/biblioteca.blanes.cat\/salajove\/wp-json\/wp\/v2\/posts\/3401\/revisions"}],"predecessor-version":[{"id":3469,"href":"https:\/\/biblioteca.blanes.cat\/salajove\/wp-json\/wp\/v2\/posts\/3401\/revisions\/3469"}],"wp:featuredmedia":[{"embeddable":true,"href":"https:\/\/biblioteca.blanes.cat\/salajove\/wp-json\/wp\/v2\/media\/3409"}],"wp:attachment":[{"href":"https:\/\/biblioteca.blanes.cat\/salajove\/wp-json\/wp\/v2\/media?parent=3401"}],"wp:term":[{"taxonomy":"category","embeddable":true,"href":"https:\/\/biblioteca.blanes.cat\/salajove\/wp-json\/wp\/v2\/categories?post=3401"},{"taxonomy":"post_tag","embeddable":true,"href":"https:\/\/biblioteca.blanes.cat\/salajove\/wp-json\/wp\/v2\/tags?post=3401"}],"curies":[{"name":"wp","href":"https:\/\/api.w.org\/{rel}","templated":true}]}}