{"id":3375,"date":"2019-11-23T10:32:38","date_gmt":"2019-11-23T09:32:38","guid":{"rendered":"https:\/\/biblioteca.blanes.cat\/salajove\/?p=3375"},"modified":"2019-11-23T10:38:32","modified_gmt":"2019-11-23T09:38:32","slug":"clj-novembre-2019","status":"publish","type":"post","link":"https:\/\/biblioteca.blanes.cat\/salajove\/2019\/11\/23\/clj-novembre-2019\/","title":{"rendered":"CLJ: Novembre 2019"},"content":{"rendered":"<h1 style=\"text-align: center;\">Al club de lectura jove aquest mes hem comentat:<\/h1>\n<p style=\"text-align: center;\"><span style=\"font-size: 32px;\">UN FILL<br \/>\n <\/span><\/p>\n<p style=\"text-align: center;\"><span style=\"font-size: 32px;\">d&#8217;Alejandro Palomas<br \/>\n <\/span><\/p>\n<p>&nbsp;<\/p>\n<p>El Club de Lectura jove ens hem reunit aquest dijous 21 de novembre per comentar la lectura Un fill de l&#8217;autor Alejandro Palomas.<\/p>\n<p><!--more--><\/p>\n<p>La trobada d&#8217;aquest mes ha estat un molt especial. Els nois del club i els alumnes de l&#8217;institut S&#8217;Agulla s&#8217;han trobat, a la sala jove de la Biblioteca de Blanes, per parlar sobre el llibre que han llegit aquest mes.<\/p>\n<p>Els nois s&#8217;han sentit molt c\u00f2modes i es sentia el caliu d&#8217;un grup on es podien compartir opinions. On el respecte i la confian\u00e7a eren la recepta per passar una tarda inoblidable i aix\u00ed va ser.<\/p>\n<p>Despr\u00e8s de comentar diferents aspectes sobre la novel.la, personatges, emocions&#8230; varem decidir redactar entre tots una carta que far\u00edem arribar per email a l&#8217;Alejandro Palomas. Que deia aix\u00ed:<\/p>\n<p>&nbsp;<\/p>\n<p style=\"text-align: center;\"><span style=\"font-family: Default Sans Serif,Verdana,Arial,Helvetica,sans-serif; font-size: small; color: #0000ff;\"><span style=\"font-family: Gloria Hallelujah; font-size: 14px;\"><i>Estimat Alejandro, <\/i><\/span><\/span><\/p>\n<p style=\"text-align: center;\"><span style=\"font-family: Default Sans Serif,Verdana,Arial,Helvetica,sans-serif; font-size: small; color: #0000ff;\"><span style=\"font-family: Gloria Hallelujah; font-size: 14px;\"><i>des del club de lectura juvenil de la Biblioteca de Blanes ens agradaria fer-li saber que em trobat el seu llibre molt interessant.<br \/>\n Ens hem quedat amb ganes de llegir m\u00e9s llibres vostres. Sobretot &#8220;El secret&#8221; per veure com acaba la hist\u00f2ria de la Nazia i si surt en Guillem.<br \/>\n Trobem que \u00e9s molt intrigant des del principi i t\u00e9 un argument molt interessant.<br \/>\n D&#8217;altra banda no ens ha agradat la \u00faltima frase del final, ens agradaria saber en que es va inspirar per escriure-la.<br \/>\n El car\u00e0cter del pare d&#8217;en Guillem no l&#8217;acabem d&#8217;entendre del tot i ens sembla inacceptable.<br \/>\n Tenim d&#8217;altres dubtes que ens agradaria compartir amb vost\u00e8 com ara:<br \/>\n Si el rebuig que pateix en Guillem t\u00e9 alguna cosa a veure amb algun fet de la seva pr\u00f2pia inf\u00e0ncia?<br \/>\n Perqu\u00e8 vareu triar el personatge de la Mary Poppins i no un altre?<br \/>\n Sobre el final de la hist\u00f2ria tenim opinions de tota mena, a alguns ens ha semblat imprevisible i a d&#8217;altres una mica obvi des del principi.<br \/>\n No obstant, tots coincidim en que \u00e9s una hist\u00f2ria que ens ha mogut molts sentiments i ens ha fet reflexionar.<\/i><\/span><br \/>\n<em><span style=\"font-family: Gloria Hallelujah;\"> No m&#8217;agradaria finalitzar aquest email sense agrair-vos i sobretot animar-vos a continuar escrivint i aix\u00ed nosaltres poder gaudir de tant bona lectura.<\/span><\/em><br \/>\n<em><span style=\"font-family: Gloria Hallelujah;\"> De cara al curs vinent m&#8217;agradaria incloure algun altre lectura vostre i els nois i la biblioteca voldr\u00edem convidar-lo a la presentaci\u00f3 que farem al setembre.<\/span><\/em><br \/>\n<em><span style=\"font-family: Gloria Hallelujah;\"> Estem en contacte.<\/span><\/em><br \/>\n<em><span style=\"font-family: Gloria Hallelujah;\"> Una abra\u00e7ada!<\/span><\/em><br \/>\n <\/span><\/p>\n<p>&nbsp;<\/p>\n<p>Per finalitzar cal dir que varem crear un ambient molt acollidor i que ens vam quedar amb ganes de m\u00e9s lectura.<\/p>\n<p>Preparem la propera trobada pel 19 de desembre amb la novel.la &#8220;Invisible&#8221; de l&#8217;Eloy Moreno.<\/p>\n<p>Fins aviat! \ud83d\ude09<\/p>\n<p>&nbsp;<\/p>\n<p><a href=\"https:\/\/biblioteca.blanes.cat\/salajove\/wp-content\/uploads\/sites\/3\/2019\/11\/M2OpenElementcidc1612eef-a23e-470a-be80-a48ff59175e2.jpg\"><img fetchpriority=\"high\" decoding=\"async\" class=\"aligncenter wp-image-3380 size-large\" src=\"https:\/\/biblioteca.blanes.cat\/salajove\/wp-content\/uploads\/sites\/3\/2019\/11\/M2OpenElementcidc1612eef-a23e-470a-be80-a48ff59175e2-1024x768.jpg\" alt=\"\" width=\"750\" height=\"563\" srcset=\"https:\/\/biblioteca.blanes.cat\/salajove\/wp-content\/uploads\/sites\/3\/2019\/11\/M2OpenElementcidc1612eef-a23e-470a-be80-a48ff59175e2.jpg 1024w, https:\/\/biblioteca.blanes.cat\/salajove\/wp-content\/uploads\/sites\/3\/2019\/11\/M2OpenElementcidc1612eef-a23e-470a-be80-a48ff59175e2-300x225.jpg 300w, https:\/\/biblioteca.blanes.cat\/salajove\/wp-content\/uploads\/sites\/3\/2019\/11\/M2OpenElementcidc1612eef-a23e-470a-be80-a48ff59175e2-768x576.jpg 768w\" sizes=\"(max-width: 750px) 100vw, 750px\" \/><\/a><\/p>\n<p>CLUB DE LECTURA JUVENIL 2019-2020.<strong> Inscripcions a la biblioteca.<\/strong><\/p>\n","protected":false},"excerpt":{"rendered":"<p>Al club de lectura jove aquest mes hem comentat: UN FILL d&#8217;Alejandro Palomas &nbsp; El Club de Lectura jove ens hem reunit aquest dijous 21 de novembre per comentar la lectura Un fill de l&#8217;autor Alejandro Palomas.<\/p>\n","protected":false},"author":4,"featured_media":2936,"comment_status":"open","ping_status":"open","sticky":false,"template":"","format":"standard","meta":{"sfsi_plus_gutenberg_text_before_share":"","sfsi_plus_gutenberg_show_text_before_share":"","sfsi_plus_gutenberg_icon_type":"","sfsi_plus_gutenberg_icon_alignemt":"","sfsi_plus_gutenburg_max_per_row":"","footnotes":""},"categories":[5],"tags":[91],"class_list":["post-3375","post","type-post","status-publish","format-standard","has-post-thumbnail","hentry","category-club-de-lectura","tag-activitats-clubdelectura-gamificacio-jocs-joves-lectura-literatura-llibres"],"yoast_head":"<!-- This site is optimized with the Yoast SEO plugin v27.5 - https:\/\/yoast.com\/product\/yoast-seo-wordpress\/ -->\n<title>CLJ: Novembre 2019 - Sala Jove<\/title>\n<meta name=\"robots\" content=\"index, follow, max-snippet:-1, max-image-preview:large, max-video-preview:-1\" \/>\n<link rel=\"canonical\" href=\"https:\/\/biblioteca.blanes.cat\/salajove\/2019\/11\/23\/clj-novembre-2019\/\" \/>\n<meta property=\"og:locale\" content=\"ca_ES\" \/>\n<meta property=\"og:type\" content=\"article\" \/>\n<meta property=\"og:title\" content=\"CLJ: Novembre 2019 - Sala Jove\" \/>\n<meta property=\"og:description\" content=\"Al club de lectura jove aquest mes hem comentat: UN FILL d&#8217;Alejandro Palomas &nbsp; El Club de Lectura jove ens hem reunit aquest dijous 21 de novembre per comentar la lectura Un fill de l&#8217;autor Alejandro Palomas.\" \/>\n<meta property=\"og:url\" content=\"https:\/\/biblioteca.blanes.cat\/salajove\/2019\/11\/23\/clj-novembre-2019\/\" \/>\n<meta property=\"og:site_name\" content=\"Sala Jove\" \/>\n<meta property=\"article:publisher\" content=\"https:\/\/www.facebook.com\/BilbiotecaComarcaldeBlanes\/\" \/>\n<meta property=\"article:published_time\" content=\"2019-11-23T09:32:38+00:00\" \/>\n<meta property=\"article:modified_time\" content=\"2019-11-23T09:38:32+00:00\" \/>\n<meta property=\"og:image\" content=\"https:\/\/biblioteca.blanes.cat\/salajove\/wp-content\/uploads\/sites\/3\/2019\/05\/CLJ_.png\" \/>\n\t<meta property=\"og:image:width\" content=\"3719\" \/>\n\t<meta property=\"og:image:height\" content=\"3719\" \/>\n\t<meta property=\"og:image:type\" content=\"image\/png\" \/>\n<meta name=\"author\" content=\"biblioblanes\" \/>\n<meta name=\"twitter:card\" content=\"summary_large_image\" \/>\n<meta name=\"twitter:creator\" content=\"@biblioblanes\" \/>\n<meta name=\"twitter:site\" content=\"@BiblioBlanes\" \/>\n<meta name=\"twitter:label1\" content=\"Escrit per\" \/>\n\t<meta name=\"twitter:data1\" content=\"biblioblanes\" \/>\n\t<meta name=\"twitter:label2\" content=\"Temps estimat de lectura\" \/>\n\t<meta name=\"twitter:data2\" content=\"2 minuts\" \/>\n<script type=\"application\/ld+json\" class=\"yoast-schema-graph\">{\"@context\":\"https:\\\/\\\/schema.org\",\"@graph\":[{\"@type\":\"Article\",\"@id\":\"https:\\\/\\\/biblioteca.blanes.cat\\\/salajove\\\/2019\\\/11\\\/23\\\/clj-novembre-2019\\\/#article\",\"isPartOf\":{\"@id\":\"https:\\\/\\\/biblioteca.blanes.cat\\\/salajove\\\/2019\\\/11\\\/23\\\/clj-novembre-2019\\\/\"},\"author\":{\"name\":\"biblioblanes\",\"@id\":\"https:\\\/\\\/biblioteca.blanes.cat\\\/salajove\\\/#\\\/schema\\\/person\\\/5a7b46760d9dd611d098bbf571a341dc\"},\"headline\":\"CLJ: Novembre 2019\",\"datePublished\":\"2019-11-23T09:32:38+00:00\",\"dateModified\":\"2019-11-23T09:38:32+00:00\",\"mainEntityOfPage\":{\"@id\":\"https:\\\/\\\/biblioteca.blanes.cat\\\/salajove\\\/2019\\\/11\\\/23\\\/clj-novembre-2019\\\/\"},\"wordCount\":470,\"commentCount\":0,\"publisher\":{\"@id\":\"https:\\\/\\\/biblioteca.blanes.cat\\\/salajove\\\/#organization\"},\"image\":{\"@id\":\"https:\\\/\\\/biblioteca.blanes.cat\\\/salajove\\\/2019\\\/11\\\/23\\\/clj-novembre-2019\\\/#primaryimage\"},\"thumbnailUrl\":\"https:\\\/\\\/biblioteca.blanes.cat\\\/salajove\\\/wp-content\\\/uploads\\\/sites\\\/3\\\/2019\\\/05\\\/CLJ_.png\",\"keywords\":[\"#Activitats #ClubdeLectura #Gamificaci\u00f3 #jocs #Joves #Lectura #Literatura #Llibres\"],\"articleSection\":[\"Club de Lectura\"],\"inLanguage\":\"ca\",\"potentialAction\":[{\"@type\":\"CommentAction\",\"name\":\"Comment\",\"target\":[\"https:\\\/\\\/biblioteca.blanes.cat\\\/salajove\\\/2019\\\/11\\\/23\\\/clj-novembre-2019\\\/#respond\"]}]},{\"@type\":\"WebPage\",\"@id\":\"https:\\\/\\\/biblioteca.blanes.cat\\\/salajove\\\/2019\\\/11\\\/23\\\/clj-novembre-2019\\\/\",\"url\":\"https:\\\/\\\/biblioteca.blanes.cat\\\/salajove\\\/2019\\\/11\\\/23\\\/clj-novembre-2019\\\/\",\"name\":\"CLJ: Novembre 2019 - Sala Jove\",\"isPartOf\":{\"@id\":\"https:\\\/\\\/biblioteca.blanes.cat\\\/salajove\\\/#website\"},\"primaryImageOfPage\":{\"@id\":\"https:\\\/\\\/biblioteca.blanes.cat\\\/salajove\\\/2019\\\/11\\\/23\\\/clj-novembre-2019\\\/#primaryimage\"},\"image\":{\"@id\":\"https:\\\/\\\/biblioteca.blanes.cat\\\/salajove\\\/2019\\\/11\\\/23\\\/clj-novembre-2019\\\/#primaryimage\"},\"thumbnailUrl\":\"https:\\\/\\\/biblioteca.blanes.cat\\\/salajove\\\/wp-content\\\/uploads\\\/sites\\\/3\\\/2019\\\/05\\\/CLJ_.png\",\"datePublished\":\"2019-11-23T09:32:38+00:00\",\"dateModified\":\"2019-11-23T09:38:32+00:00\",\"breadcrumb\":{\"@id\":\"https:\\\/\\\/biblioteca.blanes.cat\\\/salajove\\\/2019\\\/11\\\/23\\\/clj-novembre-2019\\\/#breadcrumb\"},\"inLanguage\":\"ca\",\"potentialAction\":[{\"@type\":\"ReadAction\",\"target\":[\"https:\\\/\\\/biblioteca.blanes.cat\\\/salajove\\\/2019\\\/11\\\/23\\\/clj-novembre-2019\\\/\"]}]},{\"@type\":\"ImageObject\",\"inLanguage\":\"ca\",\"@id\":\"https:\\\/\\\/biblioteca.blanes.cat\\\/salajove\\\/2019\\\/11\\\/23\\\/clj-novembre-2019\\\/#primaryimage\",\"url\":\"https:\\\/\\\/biblioteca.blanes.cat\\\/salajove\\\/wp-content\\\/uploads\\\/sites\\\/3\\\/2019\\\/05\\\/CLJ_.png\",\"contentUrl\":\"https:\\\/\\\/biblioteca.blanes.cat\\\/salajove\\\/wp-content\\\/uploads\\\/sites\\\/3\\\/2019\\\/05\\\/CLJ_.png\",\"width\":3719,\"height\":3719},{\"@type\":\"BreadcrumbList\",\"@id\":\"https:\\\/\\\/biblioteca.blanes.cat\\\/salajove\\\/2019\\\/11\\\/23\\\/clj-novembre-2019\\\/#breadcrumb\",\"itemListElement\":[{\"@type\":\"ListItem\",\"position\":1,\"name\":\"Inici\",\"item\":\"https:\\\/\\\/biblioteca.blanes.cat\\\/salajove\\\/\"},{\"@type\":\"ListItem\",\"position\":2,\"name\":\"CLJ: Novembre 2019\"}]},{\"@type\":\"WebSite\",\"@id\":\"https:\\\/\\\/biblioteca.blanes.cat\\\/salajove\\\/#website\",\"url\":\"https:\\\/\\\/biblioteca.blanes.cat\\\/salajove\\\/\",\"name\":\"Sala Jove\",\"description\":\"Biblioteca Comarcal de Blanes\",\"publisher\":{\"@id\":\"https:\\\/\\\/biblioteca.blanes.cat\\\/salajove\\\/#organization\"},\"potentialAction\":[{\"@type\":\"SearchAction\",\"target\":{\"@type\":\"EntryPoint\",\"urlTemplate\":\"https:\\\/\\\/biblioteca.blanes.cat\\\/salajove\\\/?s={search_term_string}\"},\"query-input\":{\"@type\":\"PropertyValueSpecification\",\"valueRequired\":true,\"valueName\":\"search_term_string\"}}],\"inLanguage\":\"ca\"},{\"@type\":\"Organization\",\"@id\":\"https:\\\/\\\/biblioteca.blanes.cat\\\/salajove\\\/#organization\",\"name\":\"Biblioteca Comarcal de Blanes\",\"url\":\"https:\\\/\\\/biblioteca.blanes.cat\\\/salajove\\\/\",\"logo\":{\"@type\":\"ImageObject\",\"inLanguage\":\"ca\",\"@id\":\"https:\\\/\\\/biblioteca.blanes.cat\\\/salajove\\\/#\\\/schema\\\/logo\\\/image\\\/\",\"url\":\"https:\\\/\\\/biblioteca.blanes.cat\\\/salajove\\\/wp-content\\\/uploads\\\/sites\\\/3\\\/2017\\\/09\\\/cropped-Bib-blau-e1518869380535.png\",\"contentUrl\":\"https:\\\/\\\/biblioteca.blanes.cat\\\/salajove\\\/wp-content\\\/uploads\\\/sites\\\/3\\\/2017\\\/09\\\/cropped-Bib-blau-e1518869380535.png\",\"width\":166,\"height\":166,\"caption\":\"Biblioteca Comarcal de Blanes\"},\"image\":{\"@id\":\"https:\\\/\\\/biblioteca.blanes.cat\\\/salajove\\\/#\\\/schema\\\/logo\\\/image\\\/\"},\"sameAs\":[\"https:\\\/\\\/www.facebook.com\\\/BilbiotecaComarcaldeBlanes\\\/\",\"https:\\\/\\\/x.com\\\/BiblioBlanes\",\"https:\\\/\\\/www.instagram.com\\\/biblioblanes\\\/\",\"https:\\\/\\\/www.pinterest.es\\\/bblanes\\\/\",\"https:\\\/\\\/www.youtube.com\\\/c\\\/BibliotecaComarcalBlanes\"]},{\"@type\":\"Person\",\"@id\":\"https:\\\/\\\/biblioteca.blanes.cat\\\/salajove\\\/#\\\/schema\\\/person\\\/5a7b46760d9dd611d098bbf571a341dc\",\"name\":\"biblioblanes\",\"image\":{\"@type\":\"ImageObject\",\"inLanguage\":\"ca\",\"@id\":\"https:\\\/\\\/secure.gravatar.com\\\/avatar\\\/6593ca6cc90e5a70939f51c95e8315483b9c281bafba597292bee47992030f99?s=96&d=mm&r=g\",\"url\":\"https:\\\/\\\/secure.gravatar.com\\\/avatar\\\/6593ca6cc90e5a70939f51c95e8315483b9c281bafba597292bee47992030f99?s=96&d=mm&r=g\",\"contentUrl\":\"https:\\\/\\\/secure.gravatar.com\\\/avatar\\\/6593ca6cc90e5a70939f51c95e8315483b9c281bafba597292bee47992030f99?s=96&d=mm&r=g\",\"caption\":\"biblioblanes\"},\"sameAs\":[\"http:\\\/\\\/www.bibgirona.cat\\\/biblioteca\\\/blanes\",\"https:\\\/\\\/x.com\\\/biblioblanes\"],\"url\":\"https:\\\/\\\/biblioteca.blanes.cat\\\/salajove\\\/author\\\/biblioblanes\\\/\"}]}<\/script>\n<!-- \/ Yoast SEO plugin. -->","yoast_head_json":{"title":"CLJ: Novembre 2019 - Sala Jove","robots":{"index":"index","follow":"follow","max-snippet":"max-snippet:-1","max-image-preview":"max-image-preview:large","max-video-preview":"max-video-preview:-1"},"canonical":"https:\/\/biblioteca.blanes.cat\/salajove\/2019\/11\/23\/clj-novembre-2019\/","og_locale":"ca_ES","og_type":"article","og_title":"CLJ: Novembre 2019 - Sala Jove","og_description":"Al club de lectura jove aquest mes hem comentat: UN FILL d&#8217;Alejandro Palomas &nbsp; El Club de Lectura jove ens hem reunit aquest dijous 21 de novembre per comentar la lectura Un fill de l&#8217;autor Alejandro Palomas.","og_url":"https:\/\/biblioteca.blanes.cat\/salajove\/2019\/11\/23\/clj-novembre-2019\/","og_site_name":"Sala Jove","article_publisher":"https:\/\/www.facebook.com\/BilbiotecaComarcaldeBlanes\/","article_published_time":"2019-11-23T09:32:38+00:00","article_modified_time":"2019-11-23T09:38:32+00:00","og_image":[{"width":3719,"height":3719,"url":"https:\/\/biblioteca.blanes.cat\/salajove\/wp-content\/uploads\/sites\/3\/2019\/05\/CLJ_.png","type":"image\/png"}],"author":"biblioblanes","twitter_card":"summary_large_image","twitter_creator":"@biblioblanes","twitter_site":"@BiblioBlanes","twitter_misc":{"Escrit per":"biblioblanes","Temps estimat de lectura":"2 minuts"},"schema":{"@context":"https:\/\/schema.org","@graph":[{"@type":"Article","@id":"https:\/\/biblioteca.blanes.cat\/salajove\/2019\/11\/23\/clj-novembre-2019\/#article","isPartOf":{"@id":"https:\/\/biblioteca.blanes.cat\/salajove\/2019\/11\/23\/clj-novembre-2019\/"},"author":{"name":"biblioblanes","@id":"https:\/\/biblioteca.blanes.cat\/salajove\/#\/schema\/person\/5a7b46760d9dd611d098bbf571a341dc"},"headline":"CLJ: Novembre 2019","datePublished":"2019-11-23T09:32:38+00:00","dateModified":"2019-11-23T09:38:32+00:00","mainEntityOfPage":{"@id":"https:\/\/biblioteca.blanes.cat\/salajove\/2019\/11\/23\/clj-novembre-2019\/"},"wordCount":470,"commentCount":0,"publisher":{"@id":"https:\/\/biblioteca.blanes.cat\/salajove\/#organization"},"image":{"@id":"https:\/\/biblioteca.blanes.cat\/salajove\/2019\/11\/23\/clj-novembre-2019\/#primaryimage"},"thumbnailUrl":"https:\/\/biblioteca.blanes.cat\/salajove\/wp-content\/uploads\/sites\/3\/2019\/05\/CLJ_.png","keywords":["#Activitats #ClubdeLectura #Gamificaci\u00f3 #jocs #Joves #Lectura #Literatura #Llibres"],"articleSection":["Club de Lectura"],"inLanguage":"ca","potentialAction":[{"@type":"CommentAction","name":"Comment","target":["https:\/\/biblioteca.blanes.cat\/salajove\/2019\/11\/23\/clj-novembre-2019\/#respond"]}]},{"@type":"WebPage","@id":"https:\/\/biblioteca.blanes.cat\/salajove\/2019\/11\/23\/clj-novembre-2019\/","url":"https:\/\/biblioteca.blanes.cat\/salajove\/2019\/11\/23\/clj-novembre-2019\/","name":"CLJ: Novembre 2019 - Sala Jove","isPartOf":{"@id":"https:\/\/biblioteca.blanes.cat\/salajove\/#website"},"primaryImageOfPage":{"@id":"https:\/\/biblioteca.blanes.cat\/salajove\/2019\/11\/23\/clj-novembre-2019\/#primaryimage"},"image":{"@id":"https:\/\/biblioteca.blanes.cat\/salajove\/2019\/11\/23\/clj-novembre-2019\/#primaryimage"},"thumbnailUrl":"https:\/\/biblioteca.blanes.cat\/salajove\/wp-content\/uploads\/sites\/3\/2019\/05\/CLJ_.png","datePublished":"2019-11-23T09:32:38+00:00","dateModified":"2019-11-23T09:38:32+00:00","breadcrumb":{"@id":"https:\/\/biblioteca.blanes.cat\/salajove\/2019\/11\/23\/clj-novembre-2019\/#breadcrumb"},"inLanguage":"ca","potentialAction":[{"@type":"ReadAction","target":["https:\/\/biblioteca.blanes.cat\/salajove\/2019\/11\/23\/clj-novembre-2019\/"]}]},{"@type":"ImageObject","inLanguage":"ca","@id":"https:\/\/biblioteca.blanes.cat\/salajove\/2019\/11\/23\/clj-novembre-2019\/#primaryimage","url":"https:\/\/biblioteca.blanes.cat\/salajove\/wp-content\/uploads\/sites\/3\/2019\/05\/CLJ_.png","contentUrl":"https:\/\/biblioteca.blanes.cat\/salajove\/wp-content\/uploads\/sites\/3\/2019\/05\/CLJ_.png","width":3719,"height":3719},{"@type":"BreadcrumbList","@id":"https:\/\/biblioteca.blanes.cat\/salajove\/2019\/11\/23\/clj-novembre-2019\/#breadcrumb","itemListElement":[{"@type":"ListItem","position":1,"name":"Inici","item":"https:\/\/biblioteca.blanes.cat\/salajove\/"},{"@type":"ListItem","position":2,"name":"CLJ: Novembre 2019"}]},{"@type":"WebSite","@id":"https:\/\/biblioteca.blanes.cat\/salajove\/#website","url":"https:\/\/biblioteca.blanes.cat\/salajove\/","name":"Sala Jove","description":"Biblioteca Comarcal de Blanes","publisher":{"@id":"https:\/\/biblioteca.blanes.cat\/salajove\/#organization"},"potentialAction":[{"@type":"SearchAction","target":{"@type":"EntryPoint","urlTemplate":"https:\/\/biblioteca.blanes.cat\/salajove\/?s={search_term_string}"},"query-input":{"@type":"PropertyValueSpecification","valueRequired":true,"valueName":"search_term_string"}}],"inLanguage":"ca"},{"@type":"Organization","@id":"https:\/\/biblioteca.blanes.cat\/salajove\/#organization","name":"Biblioteca Comarcal de Blanes","url":"https:\/\/biblioteca.blanes.cat\/salajove\/","logo":{"@type":"ImageObject","inLanguage":"ca","@id":"https:\/\/biblioteca.blanes.cat\/salajove\/#\/schema\/logo\/image\/","url":"https:\/\/biblioteca.blanes.cat\/salajove\/wp-content\/uploads\/sites\/3\/2017\/09\/cropped-Bib-blau-e1518869380535.png","contentUrl":"https:\/\/biblioteca.blanes.cat\/salajove\/wp-content\/uploads\/sites\/3\/2017\/09\/cropped-Bib-blau-e1518869380535.png","width":166,"height":166,"caption":"Biblioteca Comarcal de Blanes"},"image":{"@id":"https:\/\/biblioteca.blanes.cat\/salajove\/#\/schema\/logo\/image\/"},"sameAs":["https:\/\/www.facebook.com\/BilbiotecaComarcaldeBlanes\/","https:\/\/x.com\/BiblioBlanes","https:\/\/www.instagram.com\/biblioblanes\/","https:\/\/www.pinterest.es\/bblanes\/","https:\/\/www.youtube.com\/c\/BibliotecaComarcalBlanes"]},{"@type":"Person","@id":"https:\/\/biblioteca.blanes.cat\/salajove\/#\/schema\/person\/5a7b46760d9dd611d098bbf571a341dc","name":"biblioblanes","image":{"@type":"ImageObject","inLanguage":"ca","@id":"https:\/\/secure.gravatar.com\/avatar\/6593ca6cc90e5a70939f51c95e8315483b9c281bafba597292bee47992030f99?s=96&d=mm&r=g","url":"https:\/\/secure.gravatar.com\/avatar\/6593ca6cc90e5a70939f51c95e8315483b9c281bafba597292bee47992030f99?s=96&d=mm&r=g","contentUrl":"https:\/\/secure.gravatar.com\/avatar\/6593ca6cc90e5a70939f51c95e8315483b9c281bafba597292bee47992030f99?s=96&d=mm&r=g","caption":"biblioblanes"},"sameAs":["http:\/\/www.bibgirona.cat\/biblioteca\/blanes","https:\/\/x.com\/biblioblanes"],"url":"https:\/\/biblioteca.blanes.cat\/salajove\/author\/biblioblanes\/"}]}},"_links":{"self":[{"href":"https:\/\/biblioteca.blanes.cat\/salajove\/wp-json\/wp\/v2\/posts\/3375","targetHints":{"allow":["GET"]}}],"collection":[{"href":"https:\/\/biblioteca.blanes.cat\/salajove\/wp-json\/wp\/v2\/posts"}],"about":[{"href":"https:\/\/biblioteca.blanes.cat\/salajove\/wp-json\/wp\/v2\/types\/post"}],"author":[{"embeddable":true,"href":"https:\/\/biblioteca.blanes.cat\/salajove\/wp-json\/wp\/v2\/users\/4"}],"replies":[{"embeddable":true,"href":"https:\/\/biblioteca.blanes.cat\/salajove\/wp-json\/wp\/v2\/comments?post=3375"}],"version-history":[{"count":7,"href":"https:\/\/biblioteca.blanes.cat\/salajove\/wp-json\/wp\/v2\/posts\/3375\/revisions"}],"predecessor-version":[{"id":3383,"href":"https:\/\/biblioteca.blanes.cat\/salajove\/wp-json\/wp\/v2\/posts\/3375\/revisions\/3383"}],"wp:featuredmedia":[{"embeddable":true,"href":"https:\/\/biblioteca.blanes.cat\/salajove\/wp-json\/wp\/v2\/media\/2936"}],"wp:attachment":[{"href":"https:\/\/biblioteca.blanes.cat\/salajove\/wp-json\/wp\/v2\/media?parent=3375"}],"wp:term":[{"taxonomy":"category","embeddable":true,"href":"https:\/\/biblioteca.blanes.cat\/salajove\/wp-json\/wp\/v2\/categories?post=3375"},{"taxonomy":"post_tag","embeddable":true,"href":"https:\/\/biblioteca.blanes.cat\/salajove\/wp-json\/wp\/v2\/tags?post=3375"}],"curies":[{"name":"wp","href":"https:\/\/api.w.org\/{rel}","templated":true}]}}