{"id":3208,"date":"2019-09-15T16:43:29","date_gmt":"2019-09-15T15:43:29","guid":{"rendered":"https:\/\/biblioteca.blanes.cat\/salajove\/?p=3208"},"modified":"2019-09-15T16:49:23","modified_gmt":"2019-09-15T15:49:23","slug":"3208","status":"publish","type":"post","link":"https:\/\/biblioteca.blanes.cat\/salajove\/2019\/09\/15\/3208\/","title":{"rendered":"LA DESAPARICI\u00d3N DE STEPHANIE MAILER de Jo\u00ebl Dicker"},"content":{"rendered":"<h3 style=\"text-align: center\"><strong>ELA DESPARAICI\u00d3N DE STEPHANIE MAILER\u00a0<\/strong><\/h3>\n<h3 style=\"text-align: center\"><strong>JO\u00cbL DICKER\u00a0<img fetchpriority=\"high\" decoding=\"async\" class=\"alignright\" src=\"https:\/\/imagessl2.casadellibro.com\/a\/l\/t0\/72\/9788420432472.jpg\" width=\"253\" height=\"400\" \/><\/strong><\/h3>\n<p><strong>\u201cLa desparici\u00f3n de Stephanie Mailer\u201d ha estat indispensable a la meva bossa de platja aquest estiu. Un puzle amb moltes peces i amb molta dificultat per encaixar-les. El misteri ens atrau. No ho podem negar. Tots tenim una part fosca tancada amb pany i clau en una habitaci\u00f3 per no ser vista. Sempre ho he pensat. El relat \u00e9s la clau que poc a poc obre aquesta porta i deixa la llum entrar. El relat ha de tenir imaginaci\u00f3 sense l\u00edmits, psicologia per endinsar-se en ments perverses, addicci\u00f3, petits secrets i que no falti mai el final inesperat que sempre ha estat davant dels nostres ulls. Perqu\u00e8 com deia en Hitchcock \u201cA qualsevol li agrada un bon crim sempre i quan no siguem la v\u00edctima.\u201d<\/strong><\/p>\n<p>1994, quatre persones assessinades. Els detectius Jesse i Derek detenent el culpable, millor dit el que semblava el culpable.<br \/>\n 2014, Stephanie Mailer irromp en les vides dels detectius Jesse i Derek i els hi serveix en safata el ingredient principal de la novel.la: el dubte.<br \/>\n Es van equivocar d\u2019assass\u00ed, malgrat que la prova la tenien davant dels ulls, i no la van veure.<br \/>\n Llavors, la Stephanie Mailer desapareix de manera misteriosa.<\/p>\n<p>Aix\u00ed s\u2019inic\u00eda la trama entre el passat i el present, dos camins paral.lels que tard o d\u2019hora es trobaran sacsejant i precipitant al lector sense fre possible fins al inesperat i inoblidable desenlla\u00e7.<\/p>\n<p>No \u00e9s f\u00e0cil llegir-lo, no us enganyar\u00e9. Hi han molts personatges, molts \u201cflashbakcs\u201d,hist\u00f2ries secund\u00e0ries&#8230; Per\u00f2 tot forma part de l\u2019univers Dicker. Us agradar\u00e0, segur. Tot plegat, m\u2019estimula la curiositat per seguir llegint i arribar al final.<\/p>\n<p>El crim passa a la petita ciutat d\u2019Orphea, en la regi\u00f3 dels The Hamptons a l\u2019estat de Nova York, Estats Units. Els Hamptons es un conjunt de illes situades a 150km de Nueva York, on els rics i famosos estiuegen. Trobem villes i mensions rodejades de boscos arran de mar.<\/p>\n<p>En el tranquil poble de Orphea el 30 de juliol de cada any es celebra l\u2019obertura del fetival de teatre. El 30 de juliol de 1994 l\u2019alcalde es retrassa&#8230; Troben el cad\u00e0ver d\u2019una dona davant de casa de l\u2019alcalde. A dintre, tota la fam\u00edlia ha estat assessinada.<\/p>\n<p>A partir de llavors, la nit del 30 de juliol es coneguda amb el nom de \u201cLa nit negra\u201d.<\/p>\n<h3 style=\"text-align: center\">Ara unes frases:<\/h3>\n<p><em>Tenia la respuesta ante los ojos, sencillamente no la vi\u00f3<\/em><\/p>\n<p><em>La disciplina de una mente insensible, ese es mi secreto<\/em><\/p>\n<p><em>Da igual de d\u00f3nde vengas, la gente te juzgar\u00e1 por ad\u00f3nde vas<\/em><\/p>\n<p><em>Los demonios del pasado retornaban.<\/em><\/p>\n<p><em>Quiero escribir, pero no puedo escribir. \u00bfQui\u00e9n soy?<\/em><\/p>\n<p><em>Cuando todo el mundo se abalanzaba a alguna parte, ese era precisamente el sitio ad\u00f3nde \u00e9l no iba.<\/em><\/p>\n<p><em>Un dolor en los m\u00e1s hondo del alma; el que causaba una profunda injusticia.<\/em><\/p>\n<p><em>Y un secreto, en el fondo, tiene m\u00e1s importancia en lo que oculta que en lo que revela.<\/em><\/p>\n<p><em>Somos las semillas de un diente de le\u00f3n, redondo y espl\u00e9ndido; y el viento nos ha llevado a cada una a un rinc\u00f3n diferente de la tierra.<\/em><\/p>\n<p><em>Cuando has matado una vez, puedes matar dos veces. Y cuando has matado dos veces, puedes matar a toda la humanidad. Ya no hay l\u00edmites.<\/em><\/p>\n<h3 style=\"text-align: center\">Ara\u00a0unes an\u00e8cdotes:<\/h3>\n<p>*Joel Dicker es un escriptor molt jove, va n\u00e8ixer a Su\u00efssa el 1985.<\/p>\n<p>*Es va fer mundialment fam\u00f3s el 2012 quan va publicar \u201cLa verdad sobre el caso Harry Quebert\u201d. I despr\u00e9s va escriure el segon llibre \u201cEl libro de los Baltimore\u201d. Els dos formen part d\u2019una trilogia inacabada. Es va prendre un descans per escriure \u201cLa desparici\u00f3n de Stephanie Mailer\u201d<\/p>\n<p>*\u201dLa desaparicion de Stephanie Mailer\u201d t\u00e9 30 personatges.<\/p>\n<p>*El teatre est\u00e0 molt present en la novel.la. Per a l\u2019autor \u00e9s una forma d\u2019art que li agrada molt. De fet, va intentar escriure v\u00e0ries obres teatrals abans que les novel.les.<\/p>\n<p>*En Joel vol que ens els seus llibres hi sortin elements que estan desapareixent de les nostres vides i que s\u00f3n molt importants com: el teatre, el periodisme, els diaris, les llibreries, etc.<\/p>\n<p>*Es curi\u00f3s que el personatge que d\u00f3na nom al llibre dura nom\u00e9s mitja p\u00e0gina. Per\u00f2 \u00e9s l\u2019element que ho desencadena tot. Sense ella no hi ha hist\u00f2ria.<\/p>\n<p>*Quan ell tenia set anys, ell va fer una revista sobre la naturalesa i els animals.<\/p>\n<p>*El llibre est\u00e0 dedicat al editor que el va descobrir, en Bernard da Fallois, que va morir el 2018 i que gr\u00e0cies a ell es va convertir en un escriptor \u201cbestseller\u201d.<\/p>\n<p>*Tota la seva vida ha crescut rodejat de llibres, de petit el seu pare era professor de literatura i la seva mare tenia una llibreria.<\/p>\n<p>*La dedicat\u00f2ria del seu llibre acaba amb el seu lema \u201cLlegim!\u201d, una invitaci\u00f3 a que integrem els llibres a la nostre vida quotidiana no nom\u00e9s com a plaer sin\u00f3 com a font de coneixement i de riquesa. Posa un llibre sempre a la teva butxaca!<\/p>\n<p>La frase que millor resumeix al llibre seria aquesta :<\/p>\n<p><strong>El llibre \u00e9s un joc. Des del principi, teniem totes les peces del trencaclosques pero ning\u00fa havia sabut com encaixar-les. Voleu jugar-hi?<\/strong><\/p>\n","protected":false},"excerpt":{"rendered":"<p>ELA DESPARAICI\u00d3N DE STEPHANIE MAILER\u00a0 JO\u00cbL DICKER\u00a0 \u201cLa desparici\u00f3n de Stephanie Mailer\u201d ha estat indispensable a la meva bossa de platja aquest estiu. Un puzle amb moltes peces i amb molta dificultat per encaixar-les. El misteri ens atrau. No ho<\/p>\n","protected":false},"author":6,"featured_media":1802,"comment_status":"open","ping_status":"open","sticky":false,"template":"","format":"standard","meta":{"sfsi_plus_gutenberg_text_before_share":"","sfsi_plus_gutenberg_show_text_before_share":"","sfsi_plus_gutenberg_icon_type":"","sfsi_plus_gutenberg_icon_alignemt":"","sfsi_plus_gutenburg_max_per_row":"","footnotes":""},"categories":[9,12],"tags":[31,26,19,43],"class_list":["post-3208","post","type-post","status-publish","format-standard","has-post-thumbnail","hentry","category-raco-de-la-paula","category-popular","tag-escriptura","tag-lectura","tag-literatura","tag-narracio"],"yoast_head":"<!-- This site is optimized with the Yoast SEO plugin v27.5 - https:\/\/yoast.com\/product\/yoast-seo-wordpress\/ -->\n<title>LA DESAPARICI\u00d3N DE STEPHANIE MAILER de Jo\u00ebl Dicker - Sala Jove<\/title>\n<meta name=\"robots\" content=\"index, follow, max-snippet:-1, max-image-preview:large, max-video-preview:-1\" \/>\n<link rel=\"canonical\" href=\"https:\/\/biblioteca.blanes.cat\/salajove\/2019\/09\/15\/3208\/\" \/>\n<meta property=\"og:locale\" content=\"ca_ES\" \/>\n<meta property=\"og:type\" content=\"article\" \/>\n<meta property=\"og:title\" content=\"LA DESAPARICI\u00d3N DE STEPHANIE MAILER de Jo\u00ebl Dicker - Sala Jove\" \/>\n<meta property=\"og:description\" content=\"ELA DESPARAICI\u00d3N DE STEPHANIE MAILER\u00a0 JO\u00cbL DICKER\u00a0 \u201cLa desparici\u00f3n de Stephanie Mailer\u201d ha estat indispensable a la meva bossa de platja aquest estiu. Un puzle amb moltes peces i amb molta dificultat per encaixar-les. El misteri ens atrau. No ho\" \/>\n<meta property=\"og:url\" content=\"https:\/\/biblioteca.blanes.cat\/salajove\/2019\/09\/15\/3208\/\" \/>\n<meta property=\"og:site_name\" content=\"Sala Jove\" \/>\n<meta property=\"article:publisher\" content=\"https:\/\/www.facebook.com\/BilbiotecaComarcaldeBlanes\/\" \/>\n<meta property=\"article:published_time\" content=\"2019-09-15T15:43:29+00:00\" \/>\n<meta property=\"article:modified_time\" content=\"2019-09-15T15:49:23+00:00\" \/>\n<meta property=\"og:image\" content=\"https:\/\/biblioteca.blanes.cat\/salajove\/wp-content\/uploads\/sites\/3\/2017\/10\/elrac\u00f3delapaula_.png\" \/>\n\t<meta property=\"og:image:width\" content=\"3719\" \/>\n\t<meta property=\"og:image:height\" content=\"3719\" \/>\n\t<meta property=\"og:image:type\" content=\"image\/png\" \/>\n<meta name=\"author\" content=\"paula\" \/>\n<meta name=\"twitter:card\" content=\"summary_large_image\" \/>\n<meta name=\"twitter:creator\" content=\"@BiblioBlanes\" \/>\n<meta name=\"twitter:site\" content=\"@BiblioBlanes\" \/>\n<meta name=\"twitter:label1\" content=\"Escrit per\" \/>\n\t<meta name=\"twitter:data1\" content=\"paula\" \/>\n\t<meta name=\"twitter:label2\" content=\"Temps estimat de lectura\" \/>\n\t<meta name=\"twitter:data2\" content=\"4 minuts\" \/>\n<script type=\"application\/ld+json\" class=\"yoast-schema-graph\">{\"@context\":\"https:\\\/\\\/schema.org\",\"@graph\":[{\"@type\":\"Article\",\"@id\":\"https:\\\/\\\/biblioteca.blanes.cat\\\/salajove\\\/2019\\\/09\\\/15\\\/3208\\\/#article\",\"isPartOf\":{\"@id\":\"https:\\\/\\\/biblioteca.blanes.cat\\\/salajove\\\/2019\\\/09\\\/15\\\/3208\\\/\"},\"author\":{\"name\":\"paula\",\"@id\":\"https:\\\/\\\/biblioteca.blanes.cat\\\/salajove\\\/#\\\/schema\\\/person\\\/8dbc45cdf5d1c7e2d100d147517ba7f3\"},\"headline\":\"LA DESAPARICI\u00d3N DE STEPHANIE MAILER de Jo\u00ebl Dicker\",\"datePublished\":\"2019-09-15T15:43:29+00:00\",\"dateModified\":\"2019-09-15T15:49:23+00:00\",\"mainEntityOfPage\":{\"@id\":\"https:\\\/\\\/biblioteca.blanes.cat\\\/salajove\\\/2019\\\/09\\\/15\\\/3208\\\/\"},\"wordCount\":906,\"commentCount\":0,\"publisher\":{\"@id\":\"https:\\\/\\\/biblioteca.blanes.cat\\\/salajove\\\/#organization\"},\"image\":{\"@id\":\"https:\\\/\\\/biblioteca.blanes.cat\\\/salajove\\\/2019\\\/09\\\/15\\\/3208\\\/#primaryimage\"},\"thumbnailUrl\":\"https:\\\/\\\/biblioteca.blanes.cat\\\/salajove\\\/wp-content\\\/uploads\\\/sites\\\/3\\\/2017\\\/10\\\/elrac\u00f3delapaula_.png\",\"keywords\":[\"#Escriptura\",\"#Lectura\",\"#Literatura\",\"#Narraci\u00f3\"],\"articleSection\":[\"Rac\u00f3 de la Paula\",\"RP_Popular\"],\"inLanguage\":\"ca\",\"potentialAction\":[{\"@type\":\"CommentAction\",\"name\":\"Comment\",\"target\":[\"https:\\\/\\\/biblioteca.blanes.cat\\\/salajove\\\/2019\\\/09\\\/15\\\/3208\\\/#respond\"]}]},{\"@type\":\"WebPage\",\"@id\":\"https:\\\/\\\/biblioteca.blanes.cat\\\/salajove\\\/2019\\\/09\\\/15\\\/3208\\\/\",\"url\":\"https:\\\/\\\/biblioteca.blanes.cat\\\/salajove\\\/2019\\\/09\\\/15\\\/3208\\\/\",\"name\":\"LA DESAPARICI\u00d3N DE STEPHANIE MAILER de Jo\u00ebl Dicker - Sala Jove\",\"isPartOf\":{\"@id\":\"https:\\\/\\\/biblioteca.blanes.cat\\\/salajove\\\/#website\"},\"primaryImageOfPage\":{\"@id\":\"https:\\\/\\\/biblioteca.blanes.cat\\\/salajove\\\/2019\\\/09\\\/15\\\/3208\\\/#primaryimage\"},\"image\":{\"@id\":\"https:\\\/\\\/biblioteca.blanes.cat\\\/salajove\\\/2019\\\/09\\\/15\\\/3208\\\/#primaryimage\"},\"thumbnailUrl\":\"https:\\\/\\\/biblioteca.blanes.cat\\\/salajove\\\/wp-content\\\/uploads\\\/sites\\\/3\\\/2017\\\/10\\\/elrac\u00f3delapaula_.png\",\"datePublished\":\"2019-09-15T15:43:29+00:00\",\"dateModified\":\"2019-09-15T15:49:23+00:00\",\"breadcrumb\":{\"@id\":\"https:\\\/\\\/biblioteca.blanes.cat\\\/salajove\\\/2019\\\/09\\\/15\\\/3208\\\/#breadcrumb\"},\"inLanguage\":\"ca\",\"potentialAction\":[{\"@type\":\"ReadAction\",\"target\":[\"https:\\\/\\\/biblioteca.blanes.cat\\\/salajove\\\/2019\\\/09\\\/15\\\/3208\\\/\"]}]},{\"@type\":\"ImageObject\",\"inLanguage\":\"ca\",\"@id\":\"https:\\\/\\\/biblioteca.blanes.cat\\\/salajove\\\/2019\\\/09\\\/15\\\/3208\\\/#primaryimage\",\"url\":\"https:\\\/\\\/biblioteca.blanes.cat\\\/salajove\\\/wp-content\\\/uploads\\\/sites\\\/3\\\/2017\\\/10\\\/elrac\u00f3delapaula_.png\",\"contentUrl\":\"https:\\\/\\\/biblioteca.blanes.cat\\\/salajove\\\/wp-content\\\/uploads\\\/sites\\\/3\\\/2017\\\/10\\\/elrac\u00f3delapaula_.png\",\"width\":3719,\"height\":3719},{\"@type\":\"BreadcrumbList\",\"@id\":\"https:\\\/\\\/biblioteca.blanes.cat\\\/salajove\\\/2019\\\/09\\\/15\\\/3208\\\/#breadcrumb\",\"itemListElement\":[{\"@type\":\"ListItem\",\"position\":1,\"name\":\"Inici\",\"item\":\"https:\\\/\\\/biblioteca.blanes.cat\\\/salajove\\\/\"},{\"@type\":\"ListItem\",\"position\":2,\"name\":\"LA DESAPARICI\u00d3N DE STEPHANIE MAILER de Jo\u00ebl Dicker\"}]},{\"@type\":\"WebSite\",\"@id\":\"https:\\\/\\\/biblioteca.blanes.cat\\\/salajove\\\/#website\",\"url\":\"https:\\\/\\\/biblioteca.blanes.cat\\\/salajove\\\/\",\"name\":\"Sala Jove\",\"description\":\"Biblioteca Comarcal de Blanes\",\"publisher\":{\"@id\":\"https:\\\/\\\/biblioteca.blanes.cat\\\/salajove\\\/#organization\"},\"potentialAction\":[{\"@type\":\"SearchAction\",\"target\":{\"@type\":\"EntryPoint\",\"urlTemplate\":\"https:\\\/\\\/biblioteca.blanes.cat\\\/salajove\\\/?s={search_term_string}\"},\"query-input\":{\"@type\":\"PropertyValueSpecification\",\"valueRequired\":true,\"valueName\":\"search_term_string\"}}],\"inLanguage\":\"ca\"},{\"@type\":\"Organization\",\"@id\":\"https:\\\/\\\/biblioteca.blanes.cat\\\/salajove\\\/#organization\",\"name\":\"Biblioteca Comarcal de Blanes\",\"url\":\"https:\\\/\\\/biblioteca.blanes.cat\\\/salajove\\\/\",\"logo\":{\"@type\":\"ImageObject\",\"inLanguage\":\"ca\",\"@id\":\"https:\\\/\\\/biblioteca.blanes.cat\\\/salajove\\\/#\\\/schema\\\/logo\\\/image\\\/\",\"url\":\"https:\\\/\\\/biblioteca.blanes.cat\\\/salajove\\\/wp-content\\\/uploads\\\/sites\\\/3\\\/2017\\\/09\\\/cropped-Bib-blau-e1518869380535.png\",\"contentUrl\":\"https:\\\/\\\/biblioteca.blanes.cat\\\/salajove\\\/wp-content\\\/uploads\\\/sites\\\/3\\\/2017\\\/09\\\/cropped-Bib-blau-e1518869380535.png\",\"width\":166,\"height\":166,\"caption\":\"Biblioteca Comarcal de Blanes\"},\"image\":{\"@id\":\"https:\\\/\\\/biblioteca.blanes.cat\\\/salajove\\\/#\\\/schema\\\/logo\\\/image\\\/\"},\"sameAs\":[\"https:\\\/\\\/www.facebook.com\\\/BilbiotecaComarcaldeBlanes\\\/\",\"https:\\\/\\\/x.com\\\/BiblioBlanes\",\"https:\\\/\\\/www.instagram.com\\\/biblioblanes\\\/\",\"https:\\\/\\\/www.pinterest.es\\\/bblanes\\\/\",\"https:\\\/\\\/www.youtube.com\\\/c\\\/BibliotecaComarcalBlanes\"]},{\"@type\":\"Person\",\"@id\":\"https:\\\/\\\/biblioteca.blanes.cat\\\/salajove\\\/#\\\/schema\\\/person\\\/8dbc45cdf5d1c7e2d100d147517ba7f3\",\"name\":\"paula\",\"image\":{\"@type\":\"ImageObject\",\"inLanguage\":\"ca\",\"@id\":\"https:\\\/\\\/secure.gravatar.com\\\/avatar\\\/7dc0a9399589f36ddc6864e8335b73854871aa22921ee390cb50776e7ddfc136?s=96&d=mm&r=g\",\"url\":\"https:\\\/\\\/secure.gravatar.com\\\/avatar\\\/7dc0a9399589f36ddc6864e8335b73854871aa22921ee390cb50776e7ddfc136?s=96&d=mm&r=g\",\"contentUrl\":\"https:\\\/\\\/secure.gravatar.com\\\/avatar\\\/7dc0a9399589f36ddc6864e8335b73854871aa22921ee390cb50776e7ddfc136?s=96&d=mm&r=g\",\"caption\":\"paula\"},\"url\":\"https:\\\/\\\/biblioteca.blanes.cat\\\/salajove\\\/author\\\/paula\\\/\"}]}<\/script>\n<!-- \/ Yoast SEO plugin. -->","yoast_head_json":{"title":"LA DESAPARICI\u00d3N DE STEPHANIE MAILER de Jo\u00ebl Dicker - Sala Jove","robots":{"index":"index","follow":"follow","max-snippet":"max-snippet:-1","max-image-preview":"max-image-preview:large","max-video-preview":"max-video-preview:-1"},"canonical":"https:\/\/biblioteca.blanes.cat\/salajove\/2019\/09\/15\/3208\/","og_locale":"ca_ES","og_type":"article","og_title":"LA DESAPARICI\u00d3N DE STEPHANIE MAILER de Jo\u00ebl Dicker - Sala Jove","og_description":"ELA DESPARAICI\u00d3N DE STEPHANIE MAILER\u00a0 JO\u00cbL DICKER\u00a0 \u201cLa desparici\u00f3n de Stephanie Mailer\u201d ha estat indispensable a la meva bossa de platja aquest estiu. Un puzle amb moltes peces i amb molta dificultat per encaixar-les. El misteri ens atrau. No ho","og_url":"https:\/\/biblioteca.blanes.cat\/salajove\/2019\/09\/15\/3208\/","og_site_name":"Sala Jove","article_publisher":"https:\/\/www.facebook.com\/BilbiotecaComarcaldeBlanes\/","article_published_time":"2019-09-15T15:43:29+00:00","article_modified_time":"2019-09-15T15:49:23+00:00","og_image":[{"width":3719,"height":3719,"url":"https:\/\/biblioteca.blanes.cat\/salajove\/wp-content\/uploads\/sites\/3\/2017\/10\/elrac\u00f3delapaula_.png","type":"image\/png"}],"author":"paula","twitter_card":"summary_large_image","twitter_creator":"@BiblioBlanes","twitter_site":"@BiblioBlanes","twitter_misc":{"Escrit per":"paula","Temps estimat de lectura":"4 minuts"},"schema":{"@context":"https:\/\/schema.org","@graph":[{"@type":"Article","@id":"https:\/\/biblioteca.blanes.cat\/salajove\/2019\/09\/15\/3208\/#article","isPartOf":{"@id":"https:\/\/biblioteca.blanes.cat\/salajove\/2019\/09\/15\/3208\/"},"author":{"name":"paula","@id":"https:\/\/biblioteca.blanes.cat\/salajove\/#\/schema\/person\/8dbc45cdf5d1c7e2d100d147517ba7f3"},"headline":"LA DESAPARICI\u00d3N DE STEPHANIE MAILER de Jo\u00ebl Dicker","datePublished":"2019-09-15T15:43:29+00:00","dateModified":"2019-09-15T15:49:23+00:00","mainEntityOfPage":{"@id":"https:\/\/biblioteca.blanes.cat\/salajove\/2019\/09\/15\/3208\/"},"wordCount":906,"commentCount":0,"publisher":{"@id":"https:\/\/biblioteca.blanes.cat\/salajove\/#organization"},"image":{"@id":"https:\/\/biblioteca.blanes.cat\/salajove\/2019\/09\/15\/3208\/#primaryimage"},"thumbnailUrl":"https:\/\/biblioteca.blanes.cat\/salajove\/wp-content\/uploads\/sites\/3\/2017\/10\/elrac\u00f3delapaula_.png","keywords":["#Escriptura","#Lectura","#Literatura","#Narraci\u00f3"],"articleSection":["Rac\u00f3 de la Paula","RP_Popular"],"inLanguage":"ca","potentialAction":[{"@type":"CommentAction","name":"Comment","target":["https:\/\/biblioteca.blanes.cat\/salajove\/2019\/09\/15\/3208\/#respond"]}]},{"@type":"WebPage","@id":"https:\/\/biblioteca.blanes.cat\/salajove\/2019\/09\/15\/3208\/","url":"https:\/\/biblioteca.blanes.cat\/salajove\/2019\/09\/15\/3208\/","name":"LA DESAPARICI\u00d3N DE STEPHANIE MAILER de Jo\u00ebl Dicker - Sala Jove","isPartOf":{"@id":"https:\/\/biblioteca.blanes.cat\/salajove\/#website"},"primaryImageOfPage":{"@id":"https:\/\/biblioteca.blanes.cat\/salajove\/2019\/09\/15\/3208\/#primaryimage"},"image":{"@id":"https:\/\/biblioteca.blanes.cat\/salajove\/2019\/09\/15\/3208\/#primaryimage"},"thumbnailUrl":"https:\/\/biblioteca.blanes.cat\/salajove\/wp-content\/uploads\/sites\/3\/2017\/10\/elrac\u00f3delapaula_.png","datePublished":"2019-09-15T15:43:29+00:00","dateModified":"2019-09-15T15:49:23+00:00","breadcrumb":{"@id":"https:\/\/biblioteca.blanes.cat\/salajove\/2019\/09\/15\/3208\/#breadcrumb"},"inLanguage":"ca","potentialAction":[{"@type":"ReadAction","target":["https:\/\/biblioteca.blanes.cat\/salajove\/2019\/09\/15\/3208\/"]}]},{"@type":"ImageObject","inLanguage":"ca","@id":"https:\/\/biblioteca.blanes.cat\/salajove\/2019\/09\/15\/3208\/#primaryimage","url":"https:\/\/biblioteca.blanes.cat\/salajove\/wp-content\/uploads\/sites\/3\/2017\/10\/elrac\u00f3delapaula_.png","contentUrl":"https:\/\/biblioteca.blanes.cat\/salajove\/wp-content\/uploads\/sites\/3\/2017\/10\/elrac\u00f3delapaula_.png","width":3719,"height":3719},{"@type":"BreadcrumbList","@id":"https:\/\/biblioteca.blanes.cat\/salajove\/2019\/09\/15\/3208\/#breadcrumb","itemListElement":[{"@type":"ListItem","position":1,"name":"Inici","item":"https:\/\/biblioteca.blanes.cat\/salajove\/"},{"@type":"ListItem","position":2,"name":"LA DESAPARICI\u00d3N DE STEPHANIE MAILER de Jo\u00ebl Dicker"}]},{"@type":"WebSite","@id":"https:\/\/biblioteca.blanes.cat\/salajove\/#website","url":"https:\/\/biblioteca.blanes.cat\/salajove\/","name":"Sala Jove","description":"Biblioteca Comarcal de Blanes","publisher":{"@id":"https:\/\/biblioteca.blanes.cat\/salajove\/#organization"},"potentialAction":[{"@type":"SearchAction","target":{"@type":"EntryPoint","urlTemplate":"https:\/\/biblioteca.blanes.cat\/salajove\/?s={search_term_string}"},"query-input":{"@type":"PropertyValueSpecification","valueRequired":true,"valueName":"search_term_string"}}],"inLanguage":"ca"},{"@type":"Organization","@id":"https:\/\/biblioteca.blanes.cat\/salajove\/#organization","name":"Biblioteca Comarcal de Blanes","url":"https:\/\/biblioteca.blanes.cat\/salajove\/","logo":{"@type":"ImageObject","inLanguage":"ca","@id":"https:\/\/biblioteca.blanes.cat\/salajove\/#\/schema\/logo\/image\/","url":"https:\/\/biblioteca.blanes.cat\/salajove\/wp-content\/uploads\/sites\/3\/2017\/09\/cropped-Bib-blau-e1518869380535.png","contentUrl":"https:\/\/biblioteca.blanes.cat\/salajove\/wp-content\/uploads\/sites\/3\/2017\/09\/cropped-Bib-blau-e1518869380535.png","width":166,"height":166,"caption":"Biblioteca Comarcal de Blanes"},"image":{"@id":"https:\/\/biblioteca.blanes.cat\/salajove\/#\/schema\/logo\/image\/"},"sameAs":["https:\/\/www.facebook.com\/BilbiotecaComarcaldeBlanes\/","https:\/\/x.com\/BiblioBlanes","https:\/\/www.instagram.com\/biblioblanes\/","https:\/\/www.pinterest.es\/bblanes\/","https:\/\/www.youtube.com\/c\/BibliotecaComarcalBlanes"]},{"@type":"Person","@id":"https:\/\/biblioteca.blanes.cat\/salajove\/#\/schema\/person\/8dbc45cdf5d1c7e2d100d147517ba7f3","name":"paula","image":{"@type":"ImageObject","inLanguage":"ca","@id":"https:\/\/secure.gravatar.com\/avatar\/7dc0a9399589f36ddc6864e8335b73854871aa22921ee390cb50776e7ddfc136?s=96&d=mm&r=g","url":"https:\/\/secure.gravatar.com\/avatar\/7dc0a9399589f36ddc6864e8335b73854871aa22921ee390cb50776e7ddfc136?s=96&d=mm&r=g","contentUrl":"https:\/\/secure.gravatar.com\/avatar\/7dc0a9399589f36ddc6864e8335b73854871aa22921ee390cb50776e7ddfc136?s=96&d=mm&r=g","caption":"paula"},"url":"https:\/\/biblioteca.blanes.cat\/salajove\/author\/paula\/"}]}},"_links":{"self":[{"href":"https:\/\/biblioteca.blanes.cat\/salajove\/wp-json\/wp\/v2\/posts\/3208","targetHints":{"allow":["GET"]}}],"collection":[{"href":"https:\/\/biblioteca.blanes.cat\/salajove\/wp-json\/wp\/v2\/posts"}],"about":[{"href":"https:\/\/biblioteca.blanes.cat\/salajove\/wp-json\/wp\/v2\/types\/post"}],"author":[{"embeddable":true,"href":"https:\/\/biblioteca.blanes.cat\/salajove\/wp-json\/wp\/v2\/users\/6"}],"replies":[{"embeddable":true,"href":"https:\/\/biblioteca.blanes.cat\/salajove\/wp-json\/wp\/v2\/comments?post=3208"}],"version-history":[{"count":6,"href":"https:\/\/biblioteca.blanes.cat\/salajove\/wp-json\/wp\/v2\/posts\/3208\/revisions"}],"predecessor-version":[{"id":3213,"href":"https:\/\/biblioteca.blanes.cat\/salajove\/wp-json\/wp\/v2\/posts\/3208\/revisions\/3213"}],"wp:featuredmedia":[{"embeddable":true,"href":"https:\/\/biblioteca.blanes.cat\/salajove\/wp-json\/wp\/v2\/media\/1802"}],"wp:attachment":[{"href":"https:\/\/biblioteca.blanes.cat\/salajove\/wp-json\/wp\/v2\/media?parent=3208"}],"wp:term":[{"taxonomy":"category","embeddable":true,"href":"https:\/\/biblioteca.blanes.cat\/salajove\/wp-json\/wp\/v2\/categories?post=3208"},{"taxonomy":"post_tag","embeddable":true,"href":"https:\/\/biblioteca.blanes.cat\/salajove\/wp-json\/wp\/v2\/tags?post=3208"}],"curies":[{"name":"wp","href":"https:\/\/api.w.org\/{rel}","templated":true}]}}