{"id":3175,"date":"2019-09-12T13:41:38","date_gmt":"2019-09-12T12:41:38","guid":{"rendered":"https:\/\/biblioteca.blanes.cat\/salajove\/?p=3175"},"modified":"2019-09-16T14:40:11","modified_gmt":"2019-09-16T13:40:11","slug":"bollere-2019-terminis-i-presentacio-doriginals","status":"publish","type":"post","link":"https:\/\/biblioteca.blanes.cat\/salajove\/2019\/09\/12\/bollere-2019-terminis-i-presentacio-doriginals\/","title":{"rendered":"Boller\u00e9 2019 &#8211; Terminis i Presentaci\u00f3 d&#8217;originals"},"content":{"rendered":"<p style=\"text-align: center;\"><span style=\"color: #008000; font-size: 32px;\"><strong>EI!!<\/strong><\/span><\/p>\n<p style=\"text-align: center;\"><span style=\"color: #008000; font-size: 32px;\"><strong>ELS JOVES TENIM MOLT A DIR!!<\/strong><\/span><\/p>\n<h2>\u00a0<\/h2>\n<h2 style=\"text-align: center;\">Es convoca la XI edici\u00f3 del<\/h2>\n<h2 style=\"text-align: center;\"><span style=\"text-decoration: underline; font-size: 36px;\">CONCURS LITERARI BOLLER\u00c9<\/span><\/h2>\n<h2 style=\"text-align: center;\">de relats breus per a joves.<\/h2>\n<p>&nbsp;<\/p>\n<p style=\"text-align: center;\">Es tracta d&#8217;un concurs organitzat per l&#8217;Ajuntament de Blanes amb la finalitat de promoure la creaci\u00f3 liter\u00e0ria del p\u00fablic juvenil.<\/p>\n<p>A continuaci\u00f3 trobareu les pautes que haureu de seguir si voleu presentar els vostres relats i participar:<\/p>\n<p>&nbsp;<\/p>\n<blockquote>\n<p style=\"text-align: center;\"><span style=\"font-size: 24px; color: #008000;\"><b>Els terminis de presentaci\u00f3 s\u00f3n del 2 al 30 de novembre de 2019<\/b>.<\/span><\/p>\n<\/blockquote>\n<p>&nbsp;<\/p>\n<p>Els treballs es poden presentar:<\/p>\n<ul>\n<li>Personalment al Registre General de l\u2019Ajuntament (Passeig de Dintre, 29, 17300 BLANES) Tel. 972 37 93 00) HORARI: de dilluns a divendres de 8.30 a 14.30h comunicant que participeu al concurs i mantindran les vostres dades amb un pseud\u00f2nim. Tamb\u00e9 podeu demanar cita pr\u00e8via d&#8217;atenci\u00f3 ciutadana a <em>www.blanes.cat\/citaprevia<\/em><\/li>\n<li><b> <\/b>Enviant-los per correu certificat a l\u2019adre\u00e7a de l\u2019ajuntament (Passeig de Dintre, 29 \u2013 17300 BLANES). Els treballs segellats amb posterioritat al 30 de novembre de 2019 quedaran exclosos.<\/li>\n<\/ul>\n<p>Dins d\u2019aquest sobre certificat hi haur\u00e0:<\/p>\n<p>&#8211; un\u00a0 sobre gran TANCAT que inclour\u00e0 els treballs (5 c\u00f2pies de cada relat) ; a l\u2019exterior d\u2019aquest\u00a0 sobre hi ha de figurar: <b>\u201cXI Concurs Literari Boller\u00e9\u201d,<\/b> el pseud\u00f2nim de l\u2019autor, el t\u00edtol del treball i la categoria.<\/p>\n<p>&#8211; un sobre petit amb les dades personals del participant:<\/p>\n<p style=\"text-align: center;\">T\u00edtol del treball<\/p>\n<p style=\"text-align: center;\">Nom i cognoms del participant<\/p>\n<p style=\"text-align: center;\">Fotoc\u00f2pia del DNI o document acreditatiu<\/p>\n<p style=\"text-align: center;\">Adre\u00e7a postal, tel\u00e8fon\/s de contacte i e-mail.<\/p>\n<p>En els treballs que es presentin per correu comptar\u00e0 com a data de lliurament la que figuri al mata-segells.<\/p>\n<p>Nom\u00e9s podr\u00e0 presentar-se una obra per autor.<\/p>\n<p>&nbsp;<\/p>\n<h2 style=\"text-align: center;\"><span style=\"font-size: 32px;\">Extensi\u00f3 i Format:<\/span><\/h2>\n<p>Els relats es poden escriure en llengua catalana o castellana. La tem\u00e0tica \u00e9s lliure, i hauran de tenir una extensi\u00f3 m\u00ednima de 3 fulls i una m\u00e0xima de 6 fulls. Tots els treballs s&#8217;han de presentar en format Word, en lletra Arial mida 12, interlineat 1\u20195 i impresos a una sola cara.<\/p>\n<p>&nbsp;<\/p>\n<h2 style=\"text-align: center;\"><span style=\"font-size: 32px;\">Categories i premis:<\/span><\/h2>\n<p>Els premis es divideixen en dos categories:<\/p>\n<p><span style=\"text-decoration: underline;\">Categoria A<\/span>: joves de 17 a 25 anys. 500 euros per al relat guanyador i 150 euros per al relat finalista.<\/p>\n<p><span style=\"text-decoration: underline;\">Categoria B<\/span>: joves de 12 a 16 anys. 200 euros per al relat guanyador i 50 euros per al relat finalista.<\/p>\n<p>&nbsp;<\/p>\n<h3 style=\"text-align: center;\">Podeu consultar les bases \u00edntegres clicant la imatge.<\/h3>\n<p><a href=\"  https:\/\/issuu.com\/bibliotecacomarcalblanes\/docs\/basesconcursliterari_boller_2019_pub\" target=\"_blank\" rel=\"noopener\"><img fetchpriority=\"high\" decoding=\"async\" class=\"aligncenter wp-image-3217 size-medium\" src=\"https:\/\/biblioteca.blanes.cat\/salajove\/wp-content\/uploads\/sites\/3\/2019\/09\/BiblioBlanes_Boller\u00e92019-300x300.jpg\" alt=\"\" width=\"300\" height=\"300\" srcset=\"https:\/\/biblioteca.blanes.cat\/salajove\/wp-content\/uploads\/sites\/3\/2019\/09\/BiblioBlanes_Boller\u00e92019-300x300.jpg 300w, https:\/\/biblioteca.blanes.cat\/salajove\/wp-content\/uploads\/sites\/3\/2019\/09\/BiblioBlanes_Boller\u00e92019-150x150.jpg 150w, https:\/\/biblioteca.blanes.cat\/salajove\/wp-content\/uploads\/sites\/3\/2019\/09\/BiblioBlanes_Boller\u00e92019-768x768.jpg 768w, https:\/\/biblioteca.blanes.cat\/salajove\/wp-content\/uploads\/sites\/3\/2019\/09\/BiblioBlanes_Boller\u00e92019-270x270.jpg 270w, https:\/\/biblioteca.blanes.cat\/salajove\/wp-content\/uploads\/sites\/3\/2019\/09\/BiblioBlanes_Boller\u00e92019-230x230.jpg 230w, https:\/\/biblioteca.blanes.cat\/salajove\/wp-content\/uploads\/sites\/3\/2019\/09\/BiblioBlanes_Boller\u00e92019.jpg 886w\" sizes=\"(max-width: 300px) 100vw, 300px\" \/><\/a><\/p>\n<p style=\"text-align: center;\">Descarregat les bases en format PDF aqu\u00ed:<strong><a href=\"https:\/\/biblioteca.blanes.cat\/salajove\/wp-content\/uploads\/sites\/3\/2019\/09\/BasesConcursLiterari_Boller\u00e92019.pdf\">\u00a0BasesConcursLiterari_Boller\u00e92019<\/a><\/strong><\/p>\n<p>&nbsp;<\/p>\n<h4><a href=\"http:\/\/www.bibgirona.cat\/biblioteca\/blanes\" target=\"_blank\" rel=\"noopener\">#biblioblanes<\/a>\u00a0\u00a0\u00a0\u00a0\u00a0<a href=\"https:\/\/biblioteca.blanes.cat\/salajove\/category\/bollere\/\" target=\"_blank\" rel=\"noopener\">#boller\u00e9<\/a><\/h4>\n<h3>\u00a0<br \/>\n <b><\/b><\/h3>\n<p>&nbsp;<\/p>\n","protected":false},"excerpt":{"rendered":"<p>EI!! ELS JOVES TENIM MOLT A DIR!! \u00a0 Es convoca la XI edici\u00f3 del CONCURS LITERARI BOLLER\u00c9 de relats breus per a joves. &nbsp; Es tracta d&#8217;un concurs organitzat per l&#8217;Ajuntament de Blanes amb la finalitat de promoure la creaci\u00f3<\/p>\n","protected":false},"author":4,"featured_media":3217,"comment_status":"open","ping_status":"open","sticky":false,"template":"","format":"standard","meta":{"sfsi_plus_gutenberg_text_before_share":"","sfsi_plus_gutenberg_show_text_before_share":"","sfsi_plus_gutenberg_icon_type":"","sfsi_plus_gutenberg_icon_alignemt":"","sfsi_plus_gutenburg_max_per_row":"","footnotes":""},"categories":[15,36],"tags":[68,38,16,31,41,20],"class_list":["post-3175","post","type-post","status-publish","format-standard","has-post-thumbnail","hentry","category-bollere","category-premis-literaris","tag-bollere","tag-certamen","tag-concurs","tag-escriptura","tag-premis","tag-terminis"],"yoast_head":"<!-- This site is optimized with the Yoast SEO plugin v27.5 - https:\/\/yoast.com\/product\/yoast-seo-wordpress\/ -->\n<title>Boller\u00e9 2019 - Terminis i Presentaci\u00f3 d&#039;originals - Sala Jove<\/title>\n<meta name=\"robots\" content=\"index, follow, max-snippet:-1, max-image-preview:large, max-video-preview:-1\" \/>\n<link rel=\"canonical\" href=\"https:\/\/biblioteca.blanes.cat\/salajove\/2019\/09\/12\/bollere-2019-terminis-i-presentacio-doriginals\/\" \/>\n<meta property=\"og:locale\" content=\"ca_ES\" \/>\n<meta property=\"og:type\" content=\"article\" \/>\n<meta property=\"og:title\" content=\"Boller\u00e9 2019 - Terminis i Presentaci\u00f3 d&#039;originals - Sala Jove\" \/>\n<meta property=\"og:description\" content=\"EI!! ELS JOVES TENIM MOLT A DIR!! \u00a0 Es convoca la XI edici\u00f3 del CONCURS LITERARI BOLLER\u00c9 de relats breus per a joves. &nbsp; Es tracta d&#8217;un concurs organitzat per l&#8217;Ajuntament de Blanes amb la finalitat de promoure la creaci\u00f3\" \/>\n<meta property=\"og:url\" content=\"https:\/\/biblioteca.blanes.cat\/salajove\/2019\/09\/12\/bollere-2019-terminis-i-presentacio-doriginals\/\" \/>\n<meta property=\"og:site_name\" content=\"Sala Jove\" \/>\n<meta property=\"article:publisher\" content=\"https:\/\/www.facebook.com\/BilbiotecaComarcaldeBlanes\/\" \/>\n<meta property=\"article:published_time\" content=\"2019-09-12T12:41:38+00:00\" \/>\n<meta property=\"article:modified_time\" content=\"2019-09-16T13:40:11+00:00\" \/>\n<meta property=\"og:image\" content=\"https:\/\/biblioteca.blanes.cat\/salajove\/wp-content\/uploads\/sites\/3\/2019\/09\/BiblioBlanes_Boller\u00e92019.jpg\" \/>\n\t<meta property=\"og:image:width\" content=\"886\" \/>\n\t<meta property=\"og:image:height\" content=\"886\" \/>\n\t<meta property=\"og:image:type\" content=\"image\/jpeg\" \/>\n<meta name=\"author\" content=\"biblioblanes\" \/>\n<meta name=\"twitter:card\" content=\"summary_large_image\" \/>\n<meta name=\"twitter:creator\" content=\"@biblioblanes\" \/>\n<meta name=\"twitter:site\" content=\"@BiblioBlanes\" \/>\n<meta name=\"twitter:label1\" content=\"Escrit per\" \/>\n\t<meta name=\"twitter:data1\" content=\"biblioblanes\" \/>\n\t<meta name=\"twitter:label2\" content=\"Temps estimat de lectura\" \/>\n\t<meta name=\"twitter:data2\" content=\"2 minuts\" \/>\n<script type=\"application\/ld+json\" class=\"yoast-schema-graph\">{\"@context\":\"https:\\\/\\\/schema.org\",\"@graph\":[{\"@type\":\"Article\",\"@id\":\"https:\\\/\\\/biblioteca.blanes.cat\\\/salajove\\\/2019\\\/09\\\/12\\\/bollere-2019-terminis-i-presentacio-doriginals\\\/#article\",\"isPartOf\":{\"@id\":\"https:\\\/\\\/biblioteca.blanes.cat\\\/salajove\\\/2019\\\/09\\\/12\\\/bollere-2019-terminis-i-presentacio-doriginals\\\/\"},\"author\":{\"name\":\"biblioblanes\",\"@id\":\"https:\\\/\\\/biblioteca.blanes.cat\\\/salajove\\\/#\\\/schema\\\/person\\\/5a7b46760d9dd611d098bbf571a341dc\"},\"headline\":\"Boller\u00e9 2019 &#8211; Terminis i Presentaci\u00f3 d&#8217;originals\",\"datePublished\":\"2019-09-12T12:41:38+00:00\",\"dateModified\":\"2019-09-16T13:40:11+00:00\",\"mainEntityOfPage\":{\"@id\":\"https:\\\/\\\/biblioteca.blanes.cat\\\/salajove\\\/2019\\\/09\\\/12\\\/bollere-2019-terminis-i-presentacio-doriginals\\\/\"},\"wordCount\":398,\"commentCount\":0,\"publisher\":{\"@id\":\"https:\\\/\\\/biblioteca.blanes.cat\\\/salajove\\\/#organization\"},\"image\":{\"@id\":\"https:\\\/\\\/biblioteca.blanes.cat\\\/salajove\\\/2019\\\/09\\\/12\\\/bollere-2019-terminis-i-presentacio-doriginals\\\/#primaryimage\"},\"thumbnailUrl\":\"https:\\\/\\\/biblioteca.blanes.cat\\\/salajove\\\/wp-content\\\/uploads\\\/sites\\\/3\\\/2019\\\/09\\\/BiblioBlanes_Boller\u00e92019.jpg\",\"keywords\":[\"#Boller\u00e9\",\"#Cert\u00e0men\",\"#Concurs\",\"#Escriptura\",\"#Premis\",\"#Terminis\"],\"articleSection\":[\"Boller\u00e9\",\"Premis Literaris\"],\"inLanguage\":\"ca\",\"potentialAction\":[{\"@type\":\"CommentAction\",\"name\":\"Comment\",\"target\":[\"https:\\\/\\\/biblioteca.blanes.cat\\\/salajove\\\/2019\\\/09\\\/12\\\/bollere-2019-terminis-i-presentacio-doriginals\\\/#respond\"]}]},{\"@type\":\"WebPage\",\"@id\":\"https:\\\/\\\/biblioteca.blanes.cat\\\/salajove\\\/2019\\\/09\\\/12\\\/bollere-2019-terminis-i-presentacio-doriginals\\\/\",\"url\":\"https:\\\/\\\/biblioteca.blanes.cat\\\/salajove\\\/2019\\\/09\\\/12\\\/bollere-2019-terminis-i-presentacio-doriginals\\\/\",\"name\":\"Boller\u00e9 2019 - Terminis i Presentaci\u00f3 d'originals - Sala Jove\",\"isPartOf\":{\"@id\":\"https:\\\/\\\/biblioteca.blanes.cat\\\/salajove\\\/#website\"},\"primaryImageOfPage\":{\"@id\":\"https:\\\/\\\/biblioteca.blanes.cat\\\/salajove\\\/2019\\\/09\\\/12\\\/bollere-2019-terminis-i-presentacio-doriginals\\\/#primaryimage\"},\"image\":{\"@id\":\"https:\\\/\\\/biblioteca.blanes.cat\\\/salajove\\\/2019\\\/09\\\/12\\\/bollere-2019-terminis-i-presentacio-doriginals\\\/#primaryimage\"},\"thumbnailUrl\":\"https:\\\/\\\/biblioteca.blanes.cat\\\/salajove\\\/wp-content\\\/uploads\\\/sites\\\/3\\\/2019\\\/09\\\/BiblioBlanes_Boller\u00e92019.jpg\",\"datePublished\":\"2019-09-12T12:41:38+00:00\",\"dateModified\":\"2019-09-16T13:40:11+00:00\",\"breadcrumb\":{\"@id\":\"https:\\\/\\\/biblioteca.blanes.cat\\\/salajove\\\/2019\\\/09\\\/12\\\/bollere-2019-terminis-i-presentacio-doriginals\\\/#breadcrumb\"},\"inLanguage\":\"ca\",\"potentialAction\":[{\"@type\":\"ReadAction\",\"target\":[\"https:\\\/\\\/biblioteca.blanes.cat\\\/salajove\\\/2019\\\/09\\\/12\\\/bollere-2019-terminis-i-presentacio-doriginals\\\/\"]}]},{\"@type\":\"ImageObject\",\"inLanguage\":\"ca\",\"@id\":\"https:\\\/\\\/biblioteca.blanes.cat\\\/salajove\\\/2019\\\/09\\\/12\\\/bollere-2019-terminis-i-presentacio-doriginals\\\/#primaryimage\",\"url\":\"https:\\\/\\\/biblioteca.blanes.cat\\\/salajove\\\/wp-content\\\/uploads\\\/sites\\\/3\\\/2019\\\/09\\\/BiblioBlanes_Boller\u00e92019.jpg\",\"contentUrl\":\"https:\\\/\\\/biblioteca.blanes.cat\\\/salajove\\\/wp-content\\\/uploads\\\/sites\\\/3\\\/2019\\\/09\\\/BiblioBlanes_Boller\u00e92019.jpg\",\"width\":886,\"height\":886},{\"@type\":\"BreadcrumbList\",\"@id\":\"https:\\\/\\\/biblioteca.blanes.cat\\\/salajove\\\/2019\\\/09\\\/12\\\/bollere-2019-terminis-i-presentacio-doriginals\\\/#breadcrumb\",\"itemListElement\":[{\"@type\":\"ListItem\",\"position\":1,\"name\":\"Inici\",\"item\":\"https:\\\/\\\/biblioteca.blanes.cat\\\/salajove\\\/\"},{\"@type\":\"ListItem\",\"position\":2,\"name\":\"Boller\u00e9 2019 &#8211; Terminis i Presentaci\u00f3 d&#8217;originals\"}]},{\"@type\":\"WebSite\",\"@id\":\"https:\\\/\\\/biblioteca.blanes.cat\\\/salajove\\\/#website\",\"url\":\"https:\\\/\\\/biblioteca.blanes.cat\\\/salajove\\\/\",\"name\":\"Sala Jove\",\"description\":\"Biblioteca Comarcal de Blanes\",\"publisher\":{\"@id\":\"https:\\\/\\\/biblioteca.blanes.cat\\\/salajove\\\/#organization\"},\"potentialAction\":[{\"@type\":\"SearchAction\",\"target\":{\"@type\":\"EntryPoint\",\"urlTemplate\":\"https:\\\/\\\/biblioteca.blanes.cat\\\/salajove\\\/?s={search_term_string}\"},\"query-input\":{\"@type\":\"PropertyValueSpecification\",\"valueRequired\":true,\"valueName\":\"search_term_string\"}}],\"inLanguage\":\"ca\"},{\"@type\":\"Organization\",\"@id\":\"https:\\\/\\\/biblioteca.blanes.cat\\\/salajove\\\/#organization\",\"name\":\"Biblioteca Comarcal de Blanes\",\"url\":\"https:\\\/\\\/biblioteca.blanes.cat\\\/salajove\\\/\",\"logo\":{\"@type\":\"ImageObject\",\"inLanguage\":\"ca\",\"@id\":\"https:\\\/\\\/biblioteca.blanes.cat\\\/salajove\\\/#\\\/schema\\\/logo\\\/image\\\/\",\"url\":\"https:\\\/\\\/biblioteca.blanes.cat\\\/salajove\\\/wp-content\\\/uploads\\\/sites\\\/3\\\/2017\\\/09\\\/cropped-Bib-blau-e1518869380535.png\",\"contentUrl\":\"https:\\\/\\\/biblioteca.blanes.cat\\\/salajove\\\/wp-content\\\/uploads\\\/sites\\\/3\\\/2017\\\/09\\\/cropped-Bib-blau-e1518869380535.png\",\"width\":166,\"height\":166,\"caption\":\"Biblioteca Comarcal de Blanes\"},\"image\":{\"@id\":\"https:\\\/\\\/biblioteca.blanes.cat\\\/salajove\\\/#\\\/schema\\\/logo\\\/image\\\/\"},\"sameAs\":[\"https:\\\/\\\/www.facebook.com\\\/BilbiotecaComarcaldeBlanes\\\/\",\"https:\\\/\\\/x.com\\\/BiblioBlanes\",\"https:\\\/\\\/www.instagram.com\\\/biblioblanes\\\/\",\"https:\\\/\\\/www.pinterest.es\\\/bblanes\\\/\",\"https:\\\/\\\/www.youtube.com\\\/c\\\/BibliotecaComarcalBlanes\"]},{\"@type\":\"Person\",\"@id\":\"https:\\\/\\\/biblioteca.blanes.cat\\\/salajove\\\/#\\\/schema\\\/person\\\/5a7b46760d9dd611d098bbf571a341dc\",\"name\":\"biblioblanes\",\"image\":{\"@type\":\"ImageObject\",\"inLanguage\":\"ca\",\"@id\":\"https:\\\/\\\/secure.gravatar.com\\\/avatar\\\/6593ca6cc90e5a70939f51c95e8315483b9c281bafba597292bee47992030f99?s=96&d=mm&r=g\",\"url\":\"https:\\\/\\\/secure.gravatar.com\\\/avatar\\\/6593ca6cc90e5a70939f51c95e8315483b9c281bafba597292bee47992030f99?s=96&d=mm&r=g\",\"contentUrl\":\"https:\\\/\\\/secure.gravatar.com\\\/avatar\\\/6593ca6cc90e5a70939f51c95e8315483b9c281bafba597292bee47992030f99?s=96&d=mm&r=g\",\"caption\":\"biblioblanes\"},\"sameAs\":[\"http:\\\/\\\/www.bibgirona.cat\\\/biblioteca\\\/blanes\",\"https:\\\/\\\/x.com\\\/biblioblanes\"],\"url\":\"https:\\\/\\\/biblioteca.blanes.cat\\\/salajove\\\/author\\\/biblioblanes\\\/\"}]}<\/script>\n<!-- \/ Yoast SEO plugin. -->","yoast_head_json":{"title":"Boller\u00e9 2019 - Terminis i Presentaci\u00f3 d'originals - Sala Jove","robots":{"index":"index","follow":"follow","max-snippet":"max-snippet:-1","max-image-preview":"max-image-preview:large","max-video-preview":"max-video-preview:-1"},"canonical":"https:\/\/biblioteca.blanes.cat\/salajove\/2019\/09\/12\/bollere-2019-terminis-i-presentacio-doriginals\/","og_locale":"ca_ES","og_type":"article","og_title":"Boller\u00e9 2019 - Terminis i Presentaci\u00f3 d'originals - Sala Jove","og_description":"EI!! ELS JOVES TENIM MOLT A DIR!! \u00a0 Es convoca la XI edici\u00f3 del CONCURS LITERARI BOLLER\u00c9 de relats breus per a joves. &nbsp; Es tracta d&#8217;un concurs organitzat per l&#8217;Ajuntament de Blanes amb la finalitat de promoure la creaci\u00f3","og_url":"https:\/\/biblioteca.blanes.cat\/salajove\/2019\/09\/12\/bollere-2019-terminis-i-presentacio-doriginals\/","og_site_name":"Sala Jove","article_publisher":"https:\/\/www.facebook.com\/BilbiotecaComarcaldeBlanes\/","article_published_time":"2019-09-12T12:41:38+00:00","article_modified_time":"2019-09-16T13:40:11+00:00","og_image":[{"width":886,"height":886,"url":"https:\/\/biblioteca.blanes.cat\/salajove\/wp-content\/uploads\/sites\/3\/2019\/09\/BiblioBlanes_Boller\u00e92019.jpg","type":"image\/jpeg"}],"author":"biblioblanes","twitter_card":"summary_large_image","twitter_creator":"@biblioblanes","twitter_site":"@BiblioBlanes","twitter_misc":{"Escrit per":"biblioblanes","Temps estimat de lectura":"2 minuts"},"schema":{"@context":"https:\/\/schema.org","@graph":[{"@type":"Article","@id":"https:\/\/biblioteca.blanes.cat\/salajove\/2019\/09\/12\/bollere-2019-terminis-i-presentacio-doriginals\/#article","isPartOf":{"@id":"https:\/\/biblioteca.blanes.cat\/salajove\/2019\/09\/12\/bollere-2019-terminis-i-presentacio-doriginals\/"},"author":{"name":"biblioblanes","@id":"https:\/\/biblioteca.blanes.cat\/salajove\/#\/schema\/person\/5a7b46760d9dd611d098bbf571a341dc"},"headline":"Boller\u00e9 2019 &#8211; Terminis i Presentaci\u00f3 d&#8217;originals","datePublished":"2019-09-12T12:41:38+00:00","dateModified":"2019-09-16T13:40:11+00:00","mainEntityOfPage":{"@id":"https:\/\/biblioteca.blanes.cat\/salajove\/2019\/09\/12\/bollere-2019-terminis-i-presentacio-doriginals\/"},"wordCount":398,"commentCount":0,"publisher":{"@id":"https:\/\/biblioteca.blanes.cat\/salajove\/#organization"},"image":{"@id":"https:\/\/biblioteca.blanes.cat\/salajove\/2019\/09\/12\/bollere-2019-terminis-i-presentacio-doriginals\/#primaryimage"},"thumbnailUrl":"https:\/\/biblioteca.blanes.cat\/salajove\/wp-content\/uploads\/sites\/3\/2019\/09\/BiblioBlanes_Boller\u00e92019.jpg","keywords":["#Boller\u00e9","#Cert\u00e0men","#Concurs","#Escriptura","#Premis","#Terminis"],"articleSection":["Boller\u00e9","Premis Literaris"],"inLanguage":"ca","potentialAction":[{"@type":"CommentAction","name":"Comment","target":["https:\/\/biblioteca.blanes.cat\/salajove\/2019\/09\/12\/bollere-2019-terminis-i-presentacio-doriginals\/#respond"]}]},{"@type":"WebPage","@id":"https:\/\/biblioteca.blanes.cat\/salajove\/2019\/09\/12\/bollere-2019-terminis-i-presentacio-doriginals\/","url":"https:\/\/biblioteca.blanes.cat\/salajove\/2019\/09\/12\/bollere-2019-terminis-i-presentacio-doriginals\/","name":"Boller\u00e9 2019 - Terminis i Presentaci\u00f3 d'originals - Sala Jove","isPartOf":{"@id":"https:\/\/biblioteca.blanes.cat\/salajove\/#website"},"primaryImageOfPage":{"@id":"https:\/\/biblioteca.blanes.cat\/salajove\/2019\/09\/12\/bollere-2019-terminis-i-presentacio-doriginals\/#primaryimage"},"image":{"@id":"https:\/\/biblioteca.blanes.cat\/salajove\/2019\/09\/12\/bollere-2019-terminis-i-presentacio-doriginals\/#primaryimage"},"thumbnailUrl":"https:\/\/biblioteca.blanes.cat\/salajove\/wp-content\/uploads\/sites\/3\/2019\/09\/BiblioBlanes_Boller\u00e92019.jpg","datePublished":"2019-09-12T12:41:38+00:00","dateModified":"2019-09-16T13:40:11+00:00","breadcrumb":{"@id":"https:\/\/biblioteca.blanes.cat\/salajove\/2019\/09\/12\/bollere-2019-terminis-i-presentacio-doriginals\/#breadcrumb"},"inLanguage":"ca","potentialAction":[{"@type":"ReadAction","target":["https:\/\/biblioteca.blanes.cat\/salajove\/2019\/09\/12\/bollere-2019-terminis-i-presentacio-doriginals\/"]}]},{"@type":"ImageObject","inLanguage":"ca","@id":"https:\/\/biblioteca.blanes.cat\/salajove\/2019\/09\/12\/bollere-2019-terminis-i-presentacio-doriginals\/#primaryimage","url":"https:\/\/biblioteca.blanes.cat\/salajove\/wp-content\/uploads\/sites\/3\/2019\/09\/BiblioBlanes_Boller\u00e92019.jpg","contentUrl":"https:\/\/biblioteca.blanes.cat\/salajove\/wp-content\/uploads\/sites\/3\/2019\/09\/BiblioBlanes_Boller\u00e92019.jpg","width":886,"height":886},{"@type":"BreadcrumbList","@id":"https:\/\/biblioteca.blanes.cat\/salajove\/2019\/09\/12\/bollere-2019-terminis-i-presentacio-doriginals\/#breadcrumb","itemListElement":[{"@type":"ListItem","position":1,"name":"Inici","item":"https:\/\/biblioteca.blanes.cat\/salajove\/"},{"@type":"ListItem","position":2,"name":"Boller\u00e9 2019 &#8211; Terminis i Presentaci\u00f3 d&#8217;originals"}]},{"@type":"WebSite","@id":"https:\/\/biblioteca.blanes.cat\/salajove\/#website","url":"https:\/\/biblioteca.blanes.cat\/salajove\/","name":"Sala Jove","description":"Biblioteca Comarcal de Blanes","publisher":{"@id":"https:\/\/biblioteca.blanes.cat\/salajove\/#organization"},"potentialAction":[{"@type":"SearchAction","target":{"@type":"EntryPoint","urlTemplate":"https:\/\/biblioteca.blanes.cat\/salajove\/?s={search_term_string}"},"query-input":{"@type":"PropertyValueSpecification","valueRequired":true,"valueName":"search_term_string"}}],"inLanguage":"ca"},{"@type":"Organization","@id":"https:\/\/biblioteca.blanes.cat\/salajove\/#organization","name":"Biblioteca Comarcal de Blanes","url":"https:\/\/biblioteca.blanes.cat\/salajove\/","logo":{"@type":"ImageObject","inLanguage":"ca","@id":"https:\/\/biblioteca.blanes.cat\/salajove\/#\/schema\/logo\/image\/","url":"https:\/\/biblioteca.blanes.cat\/salajove\/wp-content\/uploads\/sites\/3\/2017\/09\/cropped-Bib-blau-e1518869380535.png","contentUrl":"https:\/\/biblioteca.blanes.cat\/salajove\/wp-content\/uploads\/sites\/3\/2017\/09\/cropped-Bib-blau-e1518869380535.png","width":166,"height":166,"caption":"Biblioteca Comarcal de Blanes"},"image":{"@id":"https:\/\/biblioteca.blanes.cat\/salajove\/#\/schema\/logo\/image\/"},"sameAs":["https:\/\/www.facebook.com\/BilbiotecaComarcaldeBlanes\/","https:\/\/x.com\/BiblioBlanes","https:\/\/www.instagram.com\/biblioblanes\/","https:\/\/www.pinterest.es\/bblanes\/","https:\/\/www.youtube.com\/c\/BibliotecaComarcalBlanes"]},{"@type":"Person","@id":"https:\/\/biblioteca.blanes.cat\/salajove\/#\/schema\/person\/5a7b46760d9dd611d098bbf571a341dc","name":"biblioblanes","image":{"@type":"ImageObject","inLanguage":"ca","@id":"https:\/\/secure.gravatar.com\/avatar\/6593ca6cc90e5a70939f51c95e8315483b9c281bafba597292bee47992030f99?s=96&d=mm&r=g","url":"https:\/\/secure.gravatar.com\/avatar\/6593ca6cc90e5a70939f51c95e8315483b9c281bafba597292bee47992030f99?s=96&d=mm&r=g","contentUrl":"https:\/\/secure.gravatar.com\/avatar\/6593ca6cc90e5a70939f51c95e8315483b9c281bafba597292bee47992030f99?s=96&d=mm&r=g","caption":"biblioblanes"},"sameAs":["http:\/\/www.bibgirona.cat\/biblioteca\/blanes","https:\/\/x.com\/biblioblanes"],"url":"https:\/\/biblioteca.blanes.cat\/salajove\/author\/biblioblanes\/"}]}},"_links":{"self":[{"href":"https:\/\/biblioteca.blanes.cat\/salajove\/wp-json\/wp\/v2\/posts\/3175","targetHints":{"allow":["GET"]}}],"collection":[{"href":"https:\/\/biblioteca.blanes.cat\/salajove\/wp-json\/wp\/v2\/posts"}],"about":[{"href":"https:\/\/biblioteca.blanes.cat\/salajove\/wp-json\/wp\/v2\/types\/post"}],"author":[{"embeddable":true,"href":"https:\/\/biblioteca.blanes.cat\/salajove\/wp-json\/wp\/v2\/users\/4"}],"replies":[{"embeddable":true,"href":"https:\/\/biblioteca.blanes.cat\/salajove\/wp-json\/wp\/v2\/comments?post=3175"}],"version-history":[{"count":16,"href":"https:\/\/biblioteca.blanes.cat\/salajove\/wp-json\/wp\/v2\/posts\/3175\/revisions"}],"predecessor-version":[{"id":3219,"href":"https:\/\/biblioteca.blanes.cat\/salajove\/wp-json\/wp\/v2\/posts\/3175\/revisions\/3219"}],"wp:featuredmedia":[{"embeddable":true,"href":"https:\/\/biblioteca.blanes.cat\/salajove\/wp-json\/wp\/v2\/media\/3217"}],"wp:attachment":[{"href":"https:\/\/biblioteca.blanes.cat\/salajove\/wp-json\/wp\/v2\/media?parent=3175"}],"wp:term":[{"taxonomy":"category","embeddable":true,"href":"https:\/\/biblioteca.blanes.cat\/salajove\/wp-json\/wp\/v2\/categories?post=3175"},{"taxonomy":"post_tag","embeddable":true,"href":"https:\/\/biblioteca.blanes.cat\/salajove\/wp-json\/wp\/v2\/tags?post=3175"}],"curies":[{"name":"wp","href":"https:\/\/api.w.org\/{rel}","templated":true}]}}