{"id":3095,"date":"2019-08-02T16:48:47","date_gmt":"2019-08-02T15:48:47","guid":{"rendered":"https:\/\/biblioteca.blanes.cat\/salajove\/?p=3095"},"modified":"2021-01-20T15:05:30","modified_gmt":"2021-01-20T14:05:30","slug":"salvador-macip-a-la-biblioteca-de-blanes","status":"publish","type":"post","link":"https:\/\/biblioteca.blanes.cat\/salajove\/2019\/08\/02\/salvador-macip-a-la-biblioteca-de-blanes\/","title":{"rendered":"SALVADOR MACIP A LA BIBLIOTECA DE BLANES"},"content":{"rendered":"<h1 style=\"text-align: center;\">BIBLIOVACANCES 2019:<\/h1>\n<h1 style=\"text-align: center;\"><span style=\"font-size: 28px;\">Entrevista a l&#8217;escriptor Salvador Macip a la Biblioteca de Blanes.<\/span><\/h1>\n<p>Aquest any el bibliovacances est\u00e0 dedicat a la ci\u00e8ncia, coincidint amb el 150\u00e9 aniversari de la taula peri\u00f2dica i els llibres que llegim s\u00f3n de tem\u00e0tica cient\u00edfica.<\/p>\n<p>&nbsp;<\/p>\n<p><!--more--><\/p>\n<p>&nbsp;<\/p>\n<p>L&#8217;escriptor Blanenc <strong>Salvador Macip<\/strong> va visitar la Biblioteca de Blanes el dijous 1 d&#8217; agost, coincidint amb els nois\/es que estan fent el bibliovacances i que justament estan llegint dos llibres escrits per ell:<\/p>\n<p style=\"text-align: center;\"><strong>DINS LA CAPSA MERAVELLOSA<\/strong> els m\u00e9s petits i <strong>FILLS DE LA SETENA ONADA<\/strong> els joves<\/p>\n<p>&nbsp;<\/p>\n<p>Va ser una espectacular trobada per compartir ci\u00e8ncia i lectura, les dues passions de l&#8217;escriptor que, tal com ens va dir: &#8220;S\u00f3n dos mat\u00e8ries que tendim a separar per\u00f2 en el fons estan molt lligades!&#8221;<\/p>\n<p>Durant el mat\u00ed en Salvador va respondre les interessants preguntes que li feien els lectors. A m\u00e9s, ens va fer endinsar-nos en el m\u00f3n de la ci\u00e8ncia a trav\u00e9s de les seves paraules, varem fer un espectacular recorregut per la c\u00e8l.lula i ens va recomanar lectures que segur molts de nosaltres gaudirem aquest estiu!<\/p>\n<p>Vam aprofitar la visita per convidar-lo a conversar amb les noies del club de lectura d'&#8221;els dilluns llegim&#8221;, que tamb\u00e9 han llegit el seu llibre i han estat interessades en con\u00e8ixer a l&#8217;escriptor local i pregoner de la Festa Major d&#8217;aquest any.<\/p>\n<p>&nbsp;<\/p>\n<h2><a href=\"https:\/\/biblioteca.blanes.cat\/salajove\/wp-content\/uploads\/sites\/3\/2019\/08\/BiblioBlanes_Bibliovacances_SalvadorMacip10.jpg\" target=\"_blank\" rel=\"noopener\"><img fetchpriority=\"high\" decoding=\"async\" class=\"aligncenter wp-image-3107\" title=\"club de jocs de taula lobo takenoko\" src=\"https:\/\/biblioteca.blanes.cat\/salajove\/wp-content\/uploads\/sites\/3\/2019\/08\/BiblioBlanes_Bibliovacances_SalvadorMacip10-225x300.jpg\" alt=\"\" width=\"400\" height=\"533\" srcset=\"https:\/\/biblioteca.blanes.cat\/salajove\/wp-content\/uploads\/sites\/3\/2019\/08\/BiblioBlanes_Bibliovacances_SalvadorMacip10-225x300.jpg 225w, https:\/\/biblioteca.blanes.cat\/salajove\/wp-content\/uploads\/sites\/3\/2019\/08\/BiblioBlanes_Bibliovacances_SalvadorMacip10-768x1024.jpg 768w, https:\/\/biblioteca.blanes.cat\/salajove\/wp-content\/uploads\/sites\/3\/2019\/08\/BiblioBlanes_Bibliovacances_SalvadorMacip10.jpg 1224w\" sizes=\"(max-width: 400px) 100vw, 400px\" \/><\/a><\/h2>\n<p style=\"text-align: center;\"><span style=\"font-size: 20px;\"><em>&#8220;Deixem-nos atrapar per les hist\u00f2ries que ens expliquen els llibres&#8221; <\/em><\/span><\/p>\n<p style=\"text-align: center;\"><span style=\"font-size: 20px;\"><em>Salvador Macip<\/em><\/span><\/p>\n<p>&nbsp;<\/p>\n","protected":false},"excerpt":{"rendered":"<p>BIBLIOVACANCES 2019: Entrevista a l&#8217;escriptor Salvador Macip a la Biblioteca de Blanes. Aquest any el bibliovacances est\u00e0 dedicat a la ci\u00e8ncia, coincidint amb el 150\u00e9 aniversari de la taula peri\u00f2dica i els llibres que llegim s\u00f3n de tem\u00e0tica cient\u00edfica. &nbsp;<\/p>\n","protected":false},"author":4,"featured_media":2997,"comment_status":"open","ping_status":"open","sticky":false,"template":"","format":"standard","meta":{"sfsi_plus_gutenberg_text_before_share":"","sfsi_plus_gutenberg_show_text_before_share":"","sfsi_plus_gutenberg_icon_type":"","sfsi_plus_gutenberg_icon_alignemt":"","sfsi_plus_gutenburg_max_per_row":"","footnotes":""},"categories":[3],"tags":[24,57,52,26],"class_list":["post-3095","post","type-post","status-publish","format-standard","has-post-thumbnail","hentry","category-activitats","tag-activitats","tag-bibliovacances","tag-joves","tag-lectura"],"yoast_head":"<!-- This site is optimized with the Yoast SEO plugin v27.5 - https:\/\/yoast.com\/product\/yoast-seo-wordpress\/ -->\n<title>SALVADOR MACIP A LA BIBLIOTECA DE BLANES - Sala Jove<\/title>\n<meta name=\"robots\" content=\"index, follow, max-snippet:-1, max-image-preview:large, max-video-preview:-1\" \/>\n<link rel=\"canonical\" href=\"https:\/\/biblioteca.blanes.cat\/salajove\/2019\/08\/02\/salvador-macip-a-la-biblioteca-de-blanes\/\" \/>\n<meta property=\"og:locale\" content=\"ca_ES\" \/>\n<meta property=\"og:type\" content=\"article\" \/>\n<meta property=\"og:title\" content=\"SALVADOR MACIP A LA BIBLIOTECA DE BLANES - Sala Jove\" \/>\n<meta property=\"og:description\" content=\"BIBLIOVACANCES 2019: Entrevista a l&#8217;escriptor Salvador Macip a la Biblioteca de Blanes. Aquest any el bibliovacances est\u00e0 dedicat a la ci\u00e8ncia, coincidint amb el 150\u00e9 aniversari de la taula peri\u00f2dica i els llibres que llegim s\u00f3n de tem\u00e0tica cient\u00edfica. &nbsp;\" \/>\n<meta property=\"og:url\" content=\"https:\/\/biblioteca.blanes.cat\/salajove\/2019\/08\/02\/salvador-macip-a-la-biblioteca-de-blanes\/\" \/>\n<meta property=\"og:site_name\" content=\"Sala Jove\" \/>\n<meta property=\"article:publisher\" content=\"https:\/\/www.facebook.com\/BilbiotecaComarcaldeBlanes\/\" \/>\n<meta property=\"article:published_time\" content=\"2019-08-02T15:48:47+00:00\" \/>\n<meta property=\"article:modified_time\" content=\"2021-01-20T14:05:30+00:00\" \/>\n<meta property=\"og:image\" content=\"https:\/\/biblioteca.blanes.cat\/salajove\/wp-content\/uploads\/sites\/3\/2019\/06\/Destacatjove.png\" \/>\n\t<meta property=\"og:image:width\" content=\"400\" \/>\n\t<meta property=\"og:image:height\" content=\"378\" \/>\n\t<meta property=\"og:image:type\" content=\"image\/png\" \/>\n<meta name=\"author\" content=\"biblioblanes\" \/>\n<meta name=\"twitter:card\" content=\"summary_large_image\" \/>\n<meta name=\"twitter:creator\" content=\"@biblioblanes\" \/>\n<meta name=\"twitter:site\" content=\"@BiblioBlanes\" \/>\n<meta name=\"twitter:label1\" content=\"Escrit per\" \/>\n\t<meta name=\"twitter:data1\" content=\"biblioblanes\" \/>\n\t<meta name=\"twitter:label2\" content=\"Temps estimat de lectura\" \/>\n\t<meta name=\"twitter:data2\" content=\"2 minuts\" \/>\n<script type=\"application\/ld+json\" class=\"yoast-schema-graph\">{\"@context\":\"https:\\\/\\\/schema.org\",\"@graph\":[{\"@type\":\"Article\",\"@id\":\"https:\\\/\\\/biblioteca.blanes.cat\\\/salajove\\\/2019\\\/08\\\/02\\\/salvador-macip-a-la-biblioteca-de-blanes\\\/#article\",\"isPartOf\":{\"@id\":\"https:\\\/\\\/biblioteca.blanes.cat\\\/salajove\\\/2019\\\/08\\\/02\\\/salvador-macip-a-la-biblioteca-de-blanes\\\/\"},\"author\":{\"name\":\"biblioblanes\",\"@id\":\"https:\\\/\\\/biblioteca.blanes.cat\\\/salajove\\\/#\\\/schema\\\/person\\\/5a7b46760d9dd611d098bbf571a341dc\"},\"headline\":\"SALVADOR MACIP A LA BIBLIOTECA DE BLANES\",\"datePublished\":\"2019-08-02T15:48:47+00:00\",\"dateModified\":\"2021-01-20T14:05:30+00:00\",\"mainEntityOfPage\":{\"@id\":\"https:\\\/\\\/biblioteca.blanes.cat\\\/salajove\\\/2019\\\/08\\\/02\\\/salvador-macip-a-la-biblioteca-de-blanes\\\/\"},\"wordCount\":264,\"commentCount\":0,\"publisher\":{\"@id\":\"https:\\\/\\\/biblioteca.blanes.cat\\\/salajove\\\/#organization\"},\"image\":{\"@id\":\"https:\\\/\\\/biblioteca.blanes.cat\\\/salajove\\\/2019\\\/08\\\/02\\\/salvador-macip-a-la-biblioteca-de-blanes\\\/#primaryimage\"},\"thumbnailUrl\":\"https:\\\/\\\/biblioteca.blanes.cat\\\/salajove\\\/wp-content\\\/uploads\\\/sites\\\/3\\\/2019\\\/06\\\/Destacatjove.png\",\"keywords\":[\"#Activitats\",\"#Bibliovacances\",\"#Joves\",\"#Lectura\"],\"articleSection\":[\"AGENDA\"],\"inLanguage\":\"ca\",\"potentialAction\":[{\"@type\":\"CommentAction\",\"name\":\"Comment\",\"target\":[\"https:\\\/\\\/biblioteca.blanes.cat\\\/salajove\\\/2019\\\/08\\\/02\\\/salvador-macip-a-la-biblioteca-de-blanes\\\/#respond\"]}]},{\"@type\":\"WebPage\",\"@id\":\"https:\\\/\\\/biblioteca.blanes.cat\\\/salajove\\\/2019\\\/08\\\/02\\\/salvador-macip-a-la-biblioteca-de-blanes\\\/\",\"url\":\"https:\\\/\\\/biblioteca.blanes.cat\\\/salajove\\\/2019\\\/08\\\/02\\\/salvador-macip-a-la-biblioteca-de-blanes\\\/\",\"name\":\"SALVADOR MACIP A LA BIBLIOTECA DE BLANES - Sala Jove\",\"isPartOf\":{\"@id\":\"https:\\\/\\\/biblioteca.blanes.cat\\\/salajove\\\/#website\"},\"primaryImageOfPage\":{\"@id\":\"https:\\\/\\\/biblioteca.blanes.cat\\\/salajove\\\/2019\\\/08\\\/02\\\/salvador-macip-a-la-biblioteca-de-blanes\\\/#primaryimage\"},\"image\":{\"@id\":\"https:\\\/\\\/biblioteca.blanes.cat\\\/salajove\\\/2019\\\/08\\\/02\\\/salvador-macip-a-la-biblioteca-de-blanes\\\/#primaryimage\"},\"thumbnailUrl\":\"https:\\\/\\\/biblioteca.blanes.cat\\\/salajove\\\/wp-content\\\/uploads\\\/sites\\\/3\\\/2019\\\/06\\\/Destacatjove.png\",\"datePublished\":\"2019-08-02T15:48:47+00:00\",\"dateModified\":\"2021-01-20T14:05:30+00:00\",\"breadcrumb\":{\"@id\":\"https:\\\/\\\/biblioteca.blanes.cat\\\/salajove\\\/2019\\\/08\\\/02\\\/salvador-macip-a-la-biblioteca-de-blanes\\\/#breadcrumb\"},\"inLanguage\":\"ca\",\"potentialAction\":[{\"@type\":\"ReadAction\",\"target\":[\"https:\\\/\\\/biblioteca.blanes.cat\\\/salajove\\\/2019\\\/08\\\/02\\\/salvador-macip-a-la-biblioteca-de-blanes\\\/\"]}]},{\"@type\":\"ImageObject\",\"inLanguage\":\"ca\",\"@id\":\"https:\\\/\\\/biblioteca.blanes.cat\\\/salajove\\\/2019\\\/08\\\/02\\\/salvador-macip-a-la-biblioteca-de-blanes\\\/#primaryimage\",\"url\":\"https:\\\/\\\/biblioteca.blanes.cat\\\/salajove\\\/wp-content\\\/uploads\\\/sites\\\/3\\\/2019\\\/06\\\/Destacatjove.png\",\"contentUrl\":\"https:\\\/\\\/biblioteca.blanes.cat\\\/salajove\\\/wp-content\\\/uploads\\\/sites\\\/3\\\/2019\\\/06\\\/Destacatjove.png\",\"width\":400,\"height\":378},{\"@type\":\"BreadcrumbList\",\"@id\":\"https:\\\/\\\/biblioteca.blanes.cat\\\/salajove\\\/2019\\\/08\\\/02\\\/salvador-macip-a-la-biblioteca-de-blanes\\\/#breadcrumb\",\"itemListElement\":[{\"@type\":\"ListItem\",\"position\":1,\"name\":\"Inici\",\"item\":\"https:\\\/\\\/biblioteca.blanes.cat\\\/salajove\\\/\"},{\"@type\":\"ListItem\",\"position\":2,\"name\":\"SALVADOR MACIP A LA BIBLIOTECA DE BLANES\"}]},{\"@type\":\"WebSite\",\"@id\":\"https:\\\/\\\/biblioteca.blanes.cat\\\/salajove\\\/#website\",\"url\":\"https:\\\/\\\/biblioteca.blanes.cat\\\/salajove\\\/\",\"name\":\"Sala Jove\",\"description\":\"Biblioteca Comarcal de Blanes\",\"publisher\":{\"@id\":\"https:\\\/\\\/biblioteca.blanes.cat\\\/salajove\\\/#organization\"},\"potentialAction\":[{\"@type\":\"SearchAction\",\"target\":{\"@type\":\"EntryPoint\",\"urlTemplate\":\"https:\\\/\\\/biblioteca.blanes.cat\\\/salajove\\\/?s={search_term_string}\"},\"query-input\":{\"@type\":\"PropertyValueSpecification\",\"valueRequired\":true,\"valueName\":\"search_term_string\"}}],\"inLanguage\":\"ca\"},{\"@type\":\"Organization\",\"@id\":\"https:\\\/\\\/biblioteca.blanes.cat\\\/salajove\\\/#organization\",\"name\":\"Biblioteca Comarcal de Blanes\",\"url\":\"https:\\\/\\\/biblioteca.blanes.cat\\\/salajove\\\/\",\"logo\":{\"@type\":\"ImageObject\",\"inLanguage\":\"ca\",\"@id\":\"https:\\\/\\\/biblioteca.blanes.cat\\\/salajove\\\/#\\\/schema\\\/logo\\\/image\\\/\",\"url\":\"https:\\\/\\\/biblioteca.blanes.cat\\\/salajove\\\/wp-content\\\/uploads\\\/sites\\\/3\\\/2017\\\/09\\\/cropped-Bib-blau-e1518869380535.png\",\"contentUrl\":\"https:\\\/\\\/biblioteca.blanes.cat\\\/salajove\\\/wp-content\\\/uploads\\\/sites\\\/3\\\/2017\\\/09\\\/cropped-Bib-blau-e1518869380535.png\",\"width\":166,\"height\":166,\"caption\":\"Biblioteca Comarcal de Blanes\"},\"image\":{\"@id\":\"https:\\\/\\\/biblioteca.blanes.cat\\\/salajove\\\/#\\\/schema\\\/logo\\\/image\\\/\"},\"sameAs\":[\"https:\\\/\\\/www.facebook.com\\\/BilbiotecaComarcaldeBlanes\\\/\",\"https:\\\/\\\/x.com\\\/BiblioBlanes\",\"https:\\\/\\\/www.instagram.com\\\/biblioblanes\\\/\",\"https:\\\/\\\/www.pinterest.es\\\/bblanes\\\/\",\"https:\\\/\\\/www.youtube.com\\\/c\\\/BibliotecaComarcalBlanes\"]},{\"@type\":\"Person\",\"@id\":\"https:\\\/\\\/biblioteca.blanes.cat\\\/salajove\\\/#\\\/schema\\\/person\\\/5a7b46760d9dd611d098bbf571a341dc\",\"name\":\"biblioblanes\",\"image\":{\"@type\":\"ImageObject\",\"inLanguage\":\"ca\",\"@id\":\"https:\\\/\\\/secure.gravatar.com\\\/avatar\\\/6593ca6cc90e5a70939f51c95e8315483b9c281bafba597292bee47992030f99?s=96&d=mm&r=g\",\"url\":\"https:\\\/\\\/secure.gravatar.com\\\/avatar\\\/6593ca6cc90e5a70939f51c95e8315483b9c281bafba597292bee47992030f99?s=96&d=mm&r=g\",\"contentUrl\":\"https:\\\/\\\/secure.gravatar.com\\\/avatar\\\/6593ca6cc90e5a70939f51c95e8315483b9c281bafba597292bee47992030f99?s=96&d=mm&r=g\",\"caption\":\"biblioblanes\"},\"sameAs\":[\"http:\\\/\\\/www.bibgirona.cat\\\/biblioteca\\\/blanes\",\"https:\\\/\\\/x.com\\\/biblioblanes\"],\"url\":\"https:\\\/\\\/biblioteca.blanes.cat\\\/salajove\\\/author\\\/biblioblanes\\\/\"}]}<\/script>\n<!-- \/ Yoast SEO plugin. -->","yoast_head_json":{"title":"SALVADOR MACIP A LA BIBLIOTECA DE BLANES - Sala Jove","robots":{"index":"index","follow":"follow","max-snippet":"max-snippet:-1","max-image-preview":"max-image-preview:large","max-video-preview":"max-video-preview:-1"},"canonical":"https:\/\/biblioteca.blanes.cat\/salajove\/2019\/08\/02\/salvador-macip-a-la-biblioteca-de-blanes\/","og_locale":"ca_ES","og_type":"article","og_title":"SALVADOR MACIP A LA BIBLIOTECA DE BLANES - Sala Jove","og_description":"BIBLIOVACANCES 2019: Entrevista a l&#8217;escriptor Salvador Macip a la Biblioteca de Blanes. Aquest any el bibliovacances est\u00e0 dedicat a la ci\u00e8ncia, coincidint amb el 150\u00e9 aniversari de la taula peri\u00f2dica i els llibres que llegim s\u00f3n de tem\u00e0tica cient\u00edfica. &nbsp;","og_url":"https:\/\/biblioteca.blanes.cat\/salajove\/2019\/08\/02\/salvador-macip-a-la-biblioteca-de-blanes\/","og_site_name":"Sala Jove","article_publisher":"https:\/\/www.facebook.com\/BilbiotecaComarcaldeBlanes\/","article_published_time":"2019-08-02T15:48:47+00:00","article_modified_time":"2021-01-20T14:05:30+00:00","og_image":[{"width":400,"height":378,"url":"https:\/\/biblioteca.blanes.cat\/salajove\/wp-content\/uploads\/sites\/3\/2019\/06\/Destacatjove.png","type":"image\/png"}],"author":"biblioblanes","twitter_card":"summary_large_image","twitter_creator":"@biblioblanes","twitter_site":"@BiblioBlanes","twitter_misc":{"Escrit per":"biblioblanes","Temps estimat de lectura":"2 minuts"},"schema":{"@context":"https:\/\/schema.org","@graph":[{"@type":"Article","@id":"https:\/\/biblioteca.blanes.cat\/salajove\/2019\/08\/02\/salvador-macip-a-la-biblioteca-de-blanes\/#article","isPartOf":{"@id":"https:\/\/biblioteca.blanes.cat\/salajove\/2019\/08\/02\/salvador-macip-a-la-biblioteca-de-blanes\/"},"author":{"name":"biblioblanes","@id":"https:\/\/biblioteca.blanes.cat\/salajove\/#\/schema\/person\/5a7b46760d9dd611d098bbf571a341dc"},"headline":"SALVADOR MACIP A LA BIBLIOTECA DE BLANES","datePublished":"2019-08-02T15:48:47+00:00","dateModified":"2021-01-20T14:05:30+00:00","mainEntityOfPage":{"@id":"https:\/\/biblioteca.blanes.cat\/salajove\/2019\/08\/02\/salvador-macip-a-la-biblioteca-de-blanes\/"},"wordCount":264,"commentCount":0,"publisher":{"@id":"https:\/\/biblioteca.blanes.cat\/salajove\/#organization"},"image":{"@id":"https:\/\/biblioteca.blanes.cat\/salajove\/2019\/08\/02\/salvador-macip-a-la-biblioteca-de-blanes\/#primaryimage"},"thumbnailUrl":"https:\/\/biblioteca.blanes.cat\/salajove\/wp-content\/uploads\/sites\/3\/2019\/06\/Destacatjove.png","keywords":["#Activitats","#Bibliovacances","#Joves","#Lectura"],"articleSection":["AGENDA"],"inLanguage":"ca","potentialAction":[{"@type":"CommentAction","name":"Comment","target":["https:\/\/biblioteca.blanes.cat\/salajove\/2019\/08\/02\/salvador-macip-a-la-biblioteca-de-blanes\/#respond"]}]},{"@type":"WebPage","@id":"https:\/\/biblioteca.blanes.cat\/salajove\/2019\/08\/02\/salvador-macip-a-la-biblioteca-de-blanes\/","url":"https:\/\/biblioteca.blanes.cat\/salajove\/2019\/08\/02\/salvador-macip-a-la-biblioteca-de-blanes\/","name":"SALVADOR MACIP A LA BIBLIOTECA DE BLANES - Sala Jove","isPartOf":{"@id":"https:\/\/biblioteca.blanes.cat\/salajove\/#website"},"primaryImageOfPage":{"@id":"https:\/\/biblioteca.blanes.cat\/salajove\/2019\/08\/02\/salvador-macip-a-la-biblioteca-de-blanes\/#primaryimage"},"image":{"@id":"https:\/\/biblioteca.blanes.cat\/salajove\/2019\/08\/02\/salvador-macip-a-la-biblioteca-de-blanes\/#primaryimage"},"thumbnailUrl":"https:\/\/biblioteca.blanes.cat\/salajove\/wp-content\/uploads\/sites\/3\/2019\/06\/Destacatjove.png","datePublished":"2019-08-02T15:48:47+00:00","dateModified":"2021-01-20T14:05:30+00:00","breadcrumb":{"@id":"https:\/\/biblioteca.blanes.cat\/salajove\/2019\/08\/02\/salvador-macip-a-la-biblioteca-de-blanes\/#breadcrumb"},"inLanguage":"ca","potentialAction":[{"@type":"ReadAction","target":["https:\/\/biblioteca.blanes.cat\/salajove\/2019\/08\/02\/salvador-macip-a-la-biblioteca-de-blanes\/"]}]},{"@type":"ImageObject","inLanguage":"ca","@id":"https:\/\/biblioteca.blanes.cat\/salajove\/2019\/08\/02\/salvador-macip-a-la-biblioteca-de-blanes\/#primaryimage","url":"https:\/\/biblioteca.blanes.cat\/salajove\/wp-content\/uploads\/sites\/3\/2019\/06\/Destacatjove.png","contentUrl":"https:\/\/biblioteca.blanes.cat\/salajove\/wp-content\/uploads\/sites\/3\/2019\/06\/Destacatjove.png","width":400,"height":378},{"@type":"BreadcrumbList","@id":"https:\/\/biblioteca.blanes.cat\/salajove\/2019\/08\/02\/salvador-macip-a-la-biblioteca-de-blanes\/#breadcrumb","itemListElement":[{"@type":"ListItem","position":1,"name":"Inici","item":"https:\/\/biblioteca.blanes.cat\/salajove\/"},{"@type":"ListItem","position":2,"name":"SALVADOR MACIP A LA BIBLIOTECA DE BLANES"}]},{"@type":"WebSite","@id":"https:\/\/biblioteca.blanes.cat\/salajove\/#website","url":"https:\/\/biblioteca.blanes.cat\/salajove\/","name":"Sala Jove","description":"Biblioteca Comarcal de Blanes","publisher":{"@id":"https:\/\/biblioteca.blanes.cat\/salajove\/#organization"},"potentialAction":[{"@type":"SearchAction","target":{"@type":"EntryPoint","urlTemplate":"https:\/\/biblioteca.blanes.cat\/salajove\/?s={search_term_string}"},"query-input":{"@type":"PropertyValueSpecification","valueRequired":true,"valueName":"search_term_string"}}],"inLanguage":"ca"},{"@type":"Organization","@id":"https:\/\/biblioteca.blanes.cat\/salajove\/#organization","name":"Biblioteca Comarcal de Blanes","url":"https:\/\/biblioteca.blanes.cat\/salajove\/","logo":{"@type":"ImageObject","inLanguage":"ca","@id":"https:\/\/biblioteca.blanes.cat\/salajove\/#\/schema\/logo\/image\/","url":"https:\/\/biblioteca.blanes.cat\/salajove\/wp-content\/uploads\/sites\/3\/2017\/09\/cropped-Bib-blau-e1518869380535.png","contentUrl":"https:\/\/biblioteca.blanes.cat\/salajove\/wp-content\/uploads\/sites\/3\/2017\/09\/cropped-Bib-blau-e1518869380535.png","width":166,"height":166,"caption":"Biblioteca Comarcal de Blanes"},"image":{"@id":"https:\/\/biblioteca.blanes.cat\/salajove\/#\/schema\/logo\/image\/"},"sameAs":["https:\/\/www.facebook.com\/BilbiotecaComarcaldeBlanes\/","https:\/\/x.com\/BiblioBlanes","https:\/\/www.instagram.com\/biblioblanes\/","https:\/\/www.pinterest.es\/bblanes\/","https:\/\/www.youtube.com\/c\/BibliotecaComarcalBlanes"]},{"@type":"Person","@id":"https:\/\/biblioteca.blanes.cat\/salajove\/#\/schema\/person\/5a7b46760d9dd611d098bbf571a341dc","name":"biblioblanes","image":{"@type":"ImageObject","inLanguage":"ca","@id":"https:\/\/secure.gravatar.com\/avatar\/6593ca6cc90e5a70939f51c95e8315483b9c281bafba597292bee47992030f99?s=96&d=mm&r=g","url":"https:\/\/secure.gravatar.com\/avatar\/6593ca6cc90e5a70939f51c95e8315483b9c281bafba597292bee47992030f99?s=96&d=mm&r=g","contentUrl":"https:\/\/secure.gravatar.com\/avatar\/6593ca6cc90e5a70939f51c95e8315483b9c281bafba597292bee47992030f99?s=96&d=mm&r=g","caption":"biblioblanes"},"sameAs":["http:\/\/www.bibgirona.cat\/biblioteca\/blanes","https:\/\/x.com\/biblioblanes"],"url":"https:\/\/biblioteca.blanes.cat\/salajove\/author\/biblioblanes\/"}]}},"_links":{"self":[{"href":"https:\/\/biblioteca.blanes.cat\/salajove\/wp-json\/wp\/v2\/posts\/3095","targetHints":{"allow":["GET"]}}],"collection":[{"href":"https:\/\/biblioteca.blanes.cat\/salajove\/wp-json\/wp\/v2\/posts"}],"about":[{"href":"https:\/\/biblioteca.blanes.cat\/salajove\/wp-json\/wp\/v2\/types\/post"}],"author":[{"embeddable":true,"href":"https:\/\/biblioteca.blanes.cat\/salajove\/wp-json\/wp\/v2\/users\/4"}],"replies":[{"embeddable":true,"href":"https:\/\/biblioteca.blanes.cat\/salajove\/wp-json\/wp\/v2\/comments?post=3095"}],"version-history":[{"count":11,"href":"https:\/\/biblioteca.blanes.cat\/salajove\/wp-json\/wp\/v2\/posts\/3095\/revisions"}],"predecessor-version":[{"id":4982,"href":"https:\/\/biblioteca.blanes.cat\/salajove\/wp-json\/wp\/v2\/posts\/3095\/revisions\/4982"}],"wp:featuredmedia":[{"embeddable":true,"href":"https:\/\/biblioteca.blanes.cat\/salajove\/wp-json\/wp\/v2\/media\/2997"}],"wp:attachment":[{"href":"https:\/\/biblioteca.blanes.cat\/salajove\/wp-json\/wp\/v2\/media?parent=3095"}],"wp:term":[{"taxonomy":"category","embeddable":true,"href":"https:\/\/biblioteca.blanes.cat\/salajove\/wp-json\/wp\/v2\/categories?post=3095"},{"taxonomy":"post_tag","embeddable":true,"href":"https:\/\/biblioteca.blanes.cat\/salajove\/wp-json\/wp\/v2\/tags?post=3095"}],"curies":[{"name":"wp","href":"https:\/\/api.w.org\/{rel}","templated":true}]}}