{"id":2797,"date":"2019-04-19T10:56:07","date_gmt":"2019-04-19T09:56:07","guid":{"rendered":"https:\/\/biblioteca.blanes.cat\/salajove\/?p=2797"},"modified":"2019-04-19T10:56:07","modified_gmt":"2019-04-19T09:56:07","slug":"les-set-germanes-de-lucinda-riley","status":"publish","type":"post","link":"https:\/\/biblioteca.blanes.cat\/salajove\/2019\/04\/19\/les-set-germanes-de-lucinda-riley\/","title":{"rendered":"LES SET GERMANES de Lucinda Riley"},"content":{"rendered":"<ul style=\"list-style-type: circle\">\n<li style=\"text-align: center\">\n<h3><strong><img fetchpriority=\"high\" decoding=\"async\" class=\" alignright\" src=\"https:\/\/static.megustaleer.com\/images\/libros_200_x\/EL017216.jpg\" width=\"245\" height=\"382\" \/>LES SET GERMANES<\/strong><\/h3>\n<h3><strong> LA HIST\u00d2RIA DE LA MAIA<\/strong><\/h3>\n<\/li>\n<\/ul>\n<p><strong>Tinc por. Estic sola en un forat fosc i infinit. No hi puc sortir. No veig cap sortida. No veig cap m\u00e0 que m\u2019ajudi ni cap llum que em gui\u00ef. Em sento perduda i tinc por, molta por.<\/strong><\/p>\n<p><strong>Busco desesperada alguna soluci\u00f3, alguna idea. Haig de prendre una decisi\u00f3. La meva vida dep\u00e8n d\u2019aquesta decisi\u00f3. \u00c9s important. Molt important. L\u2019angoixa m\u2019inunda poc a poc i estic a punt d\u2019ofegar-me en un mar d\u2019incertesa i pors.<\/strong><\/p>\n<p><strong>Lluito per nadar. L\u2019aigua em colpeja.<\/strong><\/p>\n<p><strong>Lluito per respirar. L\u2019aigua em colpeja m\u00e9s fort.<\/strong><\/p>\n<p><strong>Lluito per la meva vida. L\u2019aigua t\u00e9 m\u00e9s for\u00e7a, em canso.\u00a0<\/strong><\/p>\n<p><strong>No puc m\u00e9s, deixo de lluitar. \u00c9s tan f\u00e0cil, simplement em deixo caure. L\u2019aigua, finalment, m\u2019acaricia i m\u2019abra\u00e7a. Em bressola, suaument, per tranquil\u00b7litzar-me i adormir-me com si fos un nad\u00f3, el seu nad\u00f3. Poc a poc toquem fondo i em deixa reposar en un llit de sorra i petxines. No puc evitar-ho. No vull evitar-ho. Tanco els ulls i em rendeixo. Descanso.<\/strong><\/p>\n<p><strong>Per sortir d\u2019un forat nom\u00e9s cal deixar de cavar.<\/strong><\/p>\n<p>&nbsp;<\/p>\n<p>I a partir d\u2019aquestes paraules us vull conduir al llibre d\u2019avui \u201cLes set germanes\u201d de Lucinda Riley. \u00c9s el primer llibre d\u2019una saga de sis llibres: \u201cLes set germanes: La hist\u00f2ria de la Maia\u201d, \u201cLa germana Turmenta\u201d, \u201cLa germana ombra\u201d, \u201cLa germana perla\u201d i \u201cLa germana lluna\u201d.<\/p>\n<p>Les sis germanes han de tornar a la mansi\u00f3 familiar despr\u00e9s de rebre la not\u00edcia que el seu estimat pare, Pa Salt, ha mort. Totes elles han estat adoptades en diferents llocs del m\u00f3n i, per aix\u00f2, tal i com el seu pare havia planejat, despr\u00e9s de la seva mort reben un sobre amb una pista sobre el seu origen i com arribar-hi.<\/p>\n<p>La Maia \u00e9s la protagonista i la gran de les germanes, el seu dest\u00ed la condueix a Rio de Janeiro, a una mansi\u00f3 familiar en ru\u00efnes. All\u00e0 comen\u00e7ar\u00e0 reconstruir la seva hist\u00f2ria pe\u00e7a per pe\u00e7a i, potser, tamb\u00e9 el seu cam\u00ed a la vida.<\/p>\n<p>Vuitanta anys enrere en la <em>Belle \u00c9poque<\/em> de Rio de Janeiro Izabela Bonifacio ha estat ensenyada a comportar-se com una dama, a tancar amb clau els seus somnis i aspiracions i a no tenir l&#8217;oportunitat d\u2019estimar.<\/p>\n<p>El seu pare vol que la seva filla es converteixi en l\u2019esposa d\u2019un ric arist\u00f2crata. I ella, desitjosa de con\u00e8ixer m\u00f3n i viure la vida, l&#8217;aconsegueix conv\u00e8ncer per fer un viatge a Par\u00eds abans de casar-se. All\u00e0 vivint entre els estudis d\u2019arquitectura de Paul Landoswki i els vius i cosmopolites barris francesos, coneixer\u00e0 al jove escultor Laurent Brouilly. I a partir d\u2019aquell moment descobrir\u00e0 una cosa desconeguda, un cosa que no li havien ensenyat, una cosa que li havien amagat per protegir-la del que li esperava.<\/p>\n<p>A partir d\u2019aquell moment, descobrir\u00e0 el que \u00e9s estimar.<\/p>\n<h3 style=\"text-align: center\">Ara unes frases:<\/h3>\n<p><em>L\u2019amor no coneix la dist\u00e0ncia; No t\u00e9 continent; Els seus ulls s\u00f3n per a les estrelles.<\/em><\/p>\n<p><em>Tots pensem que els nostres errors s\u00f3n els pitjors. Tots vivim amb la culpa de les nostres accions, Maia<\/em><\/p>\n<p><em>Mai deixis que la por decideixi el teu dest\u00ed.<\/em><\/p>\n<p><em>M\u2019agradaria que trobessis amor. \u00c9s l\u2019\u00fanic en la vida que fa que el dolor sigui suportable.<\/em><\/p>\n<h3 style=\"text-align: center\">I ara unes an\u00e8cdotes:<\/h3>\n<p>\u00a0Lucinda Riley va n\u00e9ixer a Irlanda i durant la seva joventut va ser actriu de teatre, cinema i televisi\u00f3.<\/p>\n<p>* Als vint-i-quatre anys va escriure el seu primer llibre, per\u00f2 l\u2019\u00e8xit li va arribar amb el de \u201cEl secret de l\u2019orqu\u00eddia\u201d, tradu\u00efda a trenta-quatre lleng\u00fces.<\/p>\n<p>*Ha venut m\u00e9s de deu milions d\u2019exemplars dels seus llibres arreu del m\u00f3n i varis d\u2019ells han aparegut en les llistes de <em>best-sellers<\/em> de &#8220;The New York Times&#8221; i de &#8220;The Sunday Times&#8221;.<\/p>\n<p>* Actualment est\u00e0 dedicada totalment a la saga de \u201cLes set germanes\u201d. Quatre dels seus llibres: \u201cLes set germanes\u201d, \u201cLa germana tempesta\u201d, \u201cLa germana ombra\u201d i \u201cLa germana perla\u201d han estat \u00e8xits de ventes per tot Europa i una productora de Hollywood ha adquirit els drets per fer una s\u00e8rie de televisi\u00f3. Segurament, en breu, la veurem en alguna plataforma digital.<\/p>\n<p>&nbsp;<\/p>\n<p><strong>Si veus que el cam\u00ed es bifurca en diferents corriols i no saps quin triar. Si et sents perdut. Si sents que t\u2019ofegues en un mar d\u2019incertesa. Si et sents sol i ning\u00fa t\u2019escolta cridar. Nom\u00e9s para, respira fondo, tanca els ulls i escolta. No importa el temps que triguis. Nom\u00e9s escolta. El teu cor et parlar\u00e0 i nom\u00e9s tu el sentir\u00e0s, nom\u00e9s tu haur\u00e0s d\u2019escoltar-lo. Passi el que passi, facis el que facis el teu cor sempre et guiar\u00e0. Segueix-lo i ves on et porti. Deixa\u2019t portar i espera.<\/strong><\/p>\n<p><strong>I recorda, tanca els ulls si no veus el cam\u00ed.<\/strong><\/p>\n","protected":false},"excerpt":{"rendered":"<p>LES SET GERMANES LA HIST\u00d2RIA DE LA MAIA Tinc por. Estic sola en un forat fosc i infinit. No hi puc sortir. No veig cap sortida. No veig cap m\u00e0 que m\u2019ajudi ni cap llum que em gui\u00ef. Em sento<\/p>\n","protected":false},"author":6,"featured_media":1802,"comment_status":"open","ping_status":"open","sticky":false,"template":"","format":"standard","meta":{"sfsi_plus_gutenberg_text_before_share":"","sfsi_plus_gutenberg_show_text_before_share":"","sfsi_plus_gutenberg_icon_type":"","sfsi_plus_gutenberg_icon_alignemt":"","sfsi_plus_gutenburg_max_per_row":"","footnotes":""},"categories":[9,12],"tags":[34,31,26],"class_list":["post-2797","post","type-post","status-publish","format-standard","has-post-thumbnail","hentry","category-raco-de-la-paula","category-popular","tag-blog-de-lectura","tag-escriptura","tag-lectura"],"yoast_head":"<!-- This site is optimized with the Yoast SEO plugin v27.5 - https:\/\/yoast.com\/product\/yoast-seo-wordpress\/ -->\n<title>LES SET GERMANES de Lucinda Riley - Sala Jove<\/title>\n<meta name=\"robots\" content=\"index, follow, max-snippet:-1, max-image-preview:large, max-video-preview:-1\" \/>\n<link rel=\"canonical\" href=\"https:\/\/biblioteca.blanes.cat\/salajove\/2019\/04\/19\/les-set-germanes-de-lucinda-riley\/\" \/>\n<meta property=\"og:locale\" content=\"ca_ES\" \/>\n<meta property=\"og:type\" content=\"article\" \/>\n<meta property=\"og:title\" content=\"LES SET GERMANES de Lucinda Riley - Sala Jove\" \/>\n<meta property=\"og:description\" content=\"LES SET GERMANES LA HIST\u00d2RIA DE LA MAIA Tinc por. Estic sola en un forat fosc i infinit. No hi puc sortir. No veig cap sortida. No veig cap m\u00e0 que m\u2019ajudi ni cap llum que em gui\u00ef. Em sento\" \/>\n<meta property=\"og:url\" content=\"https:\/\/biblioteca.blanes.cat\/salajove\/2019\/04\/19\/les-set-germanes-de-lucinda-riley\/\" \/>\n<meta property=\"og:site_name\" content=\"Sala Jove\" \/>\n<meta property=\"article:publisher\" content=\"https:\/\/www.facebook.com\/BilbiotecaComarcaldeBlanes\/\" \/>\n<meta property=\"article:published_time\" content=\"2019-04-19T09:56:07+00:00\" \/>\n<meta property=\"og:image\" content=\"https:\/\/biblioteca.blanes.cat\/salajove\/wp-content\/uploads\/sites\/3\/2017\/10\/elrac\u00f3delapaula_.png\" \/>\n\t<meta property=\"og:image:width\" content=\"3719\" \/>\n\t<meta property=\"og:image:height\" content=\"3719\" \/>\n\t<meta property=\"og:image:type\" content=\"image\/png\" \/>\n<meta name=\"author\" content=\"paula\" \/>\n<meta name=\"twitter:card\" content=\"summary_large_image\" \/>\n<meta name=\"twitter:creator\" content=\"@BiblioBlanes\" \/>\n<meta name=\"twitter:site\" content=\"@BiblioBlanes\" \/>\n<meta name=\"twitter:label1\" content=\"Escrit per\" \/>\n\t<meta name=\"twitter:data1\" content=\"paula\" \/>\n\t<meta name=\"twitter:label2\" content=\"Temps estimat de lectura\" \/>\n\t<meta name=\"twitter:data2\" content=\"4 minuts\" \/>\n<script type=\"application\/ld+json\" class=\"yoast-schema-graph\">{\"@context\":\"https:\\\/\\\/schema.org\",\"@graph\":[{\"@type\":\"Article\",\"@id\":\"https:\\\/\\\/biblioteca.blanes.cat\\\/salajove\\\/2019\\\/04\\\/19\\\/les-set-germanes-de-lucinda-riley\\\/#article\",\"isPartOf\":{\"@id\":\"https:\\\/\\\/biblioteca.blanes.cat\\\/salajove\\\/2019\\\/04\\\/19\\\/les-set-germanes-de-lucinda-riley\\\/\"},\"author\":{\"name\":\"paula\",\"@id\":\"https:\\\/\\\/biblioteca.blanes.cat\\\/salajove\\\/#\\\/schema\\\/person\\\/8dbc45cdf5d1c7e2d100d147517ba7f3\"},\"headline\":\"LES SET GERMANES de Lucinda Riley\",\"datePublished\":\"2019-04-19T09:56:07+00:00\",\"mainEntityOfPage\":{\"@id\":\"https:\\\/\\\/biblioteca.blanes.cat\\\/salajove\\\/2019\\\/04\\\/19\\\/les-set-germanes-de-lucinda-riley\\\/\"},\"wordCount\":854,\"commentCount\":0,\"publisher\":{\"@id\":\"https:\\\/\\\/biblioteca.blanes.cat\\\/salajove\\\/#organization\"},\"image\":{\"@id\":\"https:\\\/\\\/biblioteca.blanes.cat\\\/salajove\\\/2019\\\/04\\\/19\\\/les-set-germanes-de-lucinda-riley\\\/#primaryimage\"},\"thumbnailUrl\":\"https:\\\/\\\/biblioteca.blanes.cat\\\/salajove\\\/wp-content\\\/uploads\\\/sites\\\/3\\\/2017\\\/10\\\/elrac\u00f3delapaula_.png\",\"keywords\":[\"#BlogdeLectura\",\"#Escriptura\",\"#Lectura\"],\"articleSection\":[\"Rac\u00f3 de la Paula\",\"RP_Popular\"],\"inLanguage\":\"ca\",\"potentialAction\":[{\"@type\":\"CommentAction\",\"name\":\"Comment\",\"target\":[\"https:\\\/\\\/biblioteca.blanes.cat\\\/salajove\\\/2019\\\/04\\\/19\\\/les-set-germanes-de-lucinda-riley\\\/#respond\"]}]},{\"@type\":\"WebPage\",\"@id\":\"https:\\\/\\\/biblioteca.blanes.cat\\\/salajove\\\/2019\\\/04\\\/19\\\/les-set-germanes-de-lucinda-riley\\\/\",\"url\":\"https:\\\/\\\/biblioteca.blanes.cat\\\/salajove\\\/2019\\\/04\\\/19\\\/les-set-germanes-de-lucinda-riley\\\/\",\"name\":\"LES SET GERMANES de Lucinda Riley - Sala Jove\",\"isPartOf\":{\"@id\":\"https:\\\/\\\/biblioteca.blanes.cat\\\/salajove\\\/#website\"},\"primaryImageOfPage\":{\"@id\":\"https:\\\/\\\/biblioteca.blanes.cat\\\/salajove\\\/2019\\\/04\\\/19\\\/les-set-germanes-de-lucinda-riley\\\/#primaryimage\"},\"image\":{\"@id\":\"https:\\\/\\\/biblioteca.blanes.cat\\\/salajove\\\/2019\\\/04\\\/19\\\/les-set-germanes-de-lucinda-riley\\\/#primaryimage\"},\"thumbnailUrl\":\"https:\\\/\\\/biblioteca.blanes.cat\\\/salajove\\\/wp-content\\\/uploads\\\/sites\\\/3\\\/2017\\\/10\\\/elrac\u00f3delapaula_.png\",\"datePublished\":\"2019-04-19T09:56:07+00:00\",\"breadcrumb\":{\"@id\":\"https:\\\/\\\/biblioteca.blanes.cat\\\/salajove\\\/2019\\\/04\\\/19\\\/les-set-germanes-de-lucinda-riley\\\/#breadcrumb\"},\"inLanguage\":\"ca\",\"potentialAction\":[{\"@type\":\"ReadAction\",\"target\":[\"https:\\\/\\\/biblioteca.blanes.cat\\\/salajove\\\/2019\\\/04\\\/19\\\/les-set-germanes-de-lucinda-riley\\\/\"]}]},{\"@type\":\"ImageObject\",\"inLanguage\":\"ca\",\"@id\":\"https:\\\/\\\/biblioteca.blanes.cat\\\/salajove\\\/2019\\\/04\\\/19\\\/les-set-germanes-de-lucinda-riley\\\/#primaryimage\",\"url\":\"https:\\\/\\\/biblioteca.blanes.cat\\\/salajove\\\/wp-content\\\/uploads\\\/sites\\\/3\\\/2017\\\/10\\\/elrac\u00f3delapaula_.png\",\"contentUrl\":\"https:\\\/\\\/biblioteca.blanes.cat\\\/salajove\\\/wp-content\\\/uploads\\\/sites\\\/3\\\/2017\\\/10\\\/elrac\u00f3delapaula_.png\",\"width\":3719,\"height\":3719},{\"@type\":\"BreadcrumbList\",\"@id\":\"https:\\\/\\\/biblioteca.blanes.cat\\\/salajove\\\/2019\\\/04\\\/19\\\/les-set-germanes-de-lucinda-riley\\\/#breadcrumb\",\"itemListElement\":[{\"@type\":\"ListItem\",\"position\":1,\"name\":\"Inici\",\"item\":\"https:\\\/\\\/biblioteca.blanes.cat\\\/salajove\\\/\"},{\"@type\":\"ListItem\",\"position\":2,\"name\":\"LES SET GERMANES de Lucinda Riley\"}]},{\"@type\":\"WebSite\",\"@id\":\"https:\\\/\\\/biblioteca.blanes.cat\\\/salajove\\\/#website\",\"url\":\"https:\\\/\\\/biblioteca.blanes.cat\\\/salajove\\\/\",\"name\":\"Sala Jove\",\"description\":\"Biblioteca Comarcal de Blanes\",\"publisher\":{\"@id\":\"https:\\\/\\\/biblioteca.blanes.cat\\\/salajove\\\/#organization\"},\"potentialAction\":[{\"@type\":\"SearchAction\",\"target\":{\"@type\":\"EntryPoint\",\"urlTemplate\":\"https:\\\/\\\/biblioteca.blanes.cat\\\/salajove\\\/?s={search_term_string}\"},\"query-input\":{\"@type\":\"PropertyValueSpecification\",\"valueRequired\":true,\"valueName\":\"search_term_string\"}}],\"inLanguage\":\"ca\"},{\"@type\":\"Organization\",\"@id\":\"https:\\\/\\\/biblioteca.blanes.cat\\\/salajove\\\/#organization\",\"name\":\"Biblioteca Comarcal de Blanes\",\"url\":\"https:\\\/\\\/biblioteca.blanes.cat\\\/salajove\\\/\",\"logo\":{\"@type\":\"ImageObject\",\"inLanguage\":\"ca\",\"@id\":\"https:\\\/\\\/biblioteca.blanes.cat\\\/salajove\\\/#\\\/schema\\\/logo\\\/image\\\/\",\"url\":\"https:\\\/\\\/biblioteca.blanes.cat\\\/salajove\\\/wp-content\\\/uploads\\\/sites\\\/3\\\/2017\\\/09\\\/cropped-Bib-blau-e1518869380535.png\",\"contentUrl\":\"https:\\\/\\\/biblioteca.blanes.cat\\\/salajove\\\/wp-content\\\/uploads\\\/sites\\\/3\\\/2017\\\/09\\\/cropped-Bib-blau-e1518869380535.png\",\"width\":166,\"height\":166,\"caption\":\"Biblioteca Comarcal de Blanes\"},\"image\":{\"@id\":\"https:\\\/\\\/biblioteca.blanes.cat\\\/salajove\\\/#\\\/schema\\\/logo\\\/image\\\/\"},\"sameAs\":[\"https:\\\/\\\/www.facebook.com\\\/BilbiotecaComarcaldeBlanes\\\/\",\"https:\\\/\\\/x.com\\\/BiblioBlanes\",\"https:\\\/\\\/www.instagram.com\\\/biblioblanes\\\/\",\"https:\\\/\\\/www.pinterest.es\\\/bblanes\\\/\",\"https:\\\/\\\/www.youtube.com\\\/c\\\/BibliotecaComarcalBlanes\"]},{\"@type\":\"Person\",\"@id\":\"https:\\\/\\\/biblioteca.blanes.cat\\\/salajove\\\/#\\\/schema\\\/person\\\/8dbc45cdf5d1c7e2d100d147517ba7f3\",\"name\":\"paula\",\"image\":{\"@type\":\"ImageObject\",\"inLanguage\":\"ca\",\"@id\":\"https:\\\/\\\/secure.gravatar.com\\\/avatar\\\/7dc0a9399589f36ddc6864e8335b73854871aa22921ee390cb50776e7ddfc136?s=96&d=mm&r=g\",\"url\":\"https:\\\/\\\/secure.gravatar.com\\\/avatar\\\/7dc0a9399589f36ddc6864e8335b73854871aa22921ee390cb50776e7ddfc136?s=96&d=mm&r=g\",\"contentUrl\":\"https:\\\/\\\/secure.gravatar.com\\\/avatar\\\/7dc0a9399589f36ddc6864e8335b73854871aa22921ee390cb50776e7ddfc136?s=96&d=mm&r=g\",\"caption\":\"paula\"},\"url\":\"https:\\\/\\\/biblioteca.blanes.cat\\\/salajove\\\/author\\\/paula\\\/\"}]}<\/script>\n<!-- \/ Yoast SEO plugin. -->","yoast_head_json":{"title":"LES SET GERMANES de Lucinda Riley - Sala Jove","robots":{"index":"index","follow":"follow","max-snippet":"max-snippet:-1","max-image-preview":"max-image-preview:large","max-video-preview":"max-video-preview:-1"},"canonical":"https:\/\/biblioteca.blanes.cat\/salajove\/2019\/04\/19\/les-set-germanes-de-lucinda-riley\/","og_locale":"ca_ES","og_type":"article","og_title":"LES SET GERMANES de Lucinda Riley - Sala Jove","og_description":"LES SET GERMANES LA HIST\u00d2RIA DE LA MAIA Tinc por. Estic sola en un forat fosc i infinit. No hi puc sortir. No veig cap sortida. No veig cap m\u00e0 que m\u2019ajudi ni cap llum que em gui\u00ef. Em sento","og_url":"https:\/\/biblioteca.blanes.cat\/salajove\/2019\/04\/19\/les-set-germanes-de-lucinda-riley\/","og_site_name":"Sala Jove","article_publisher":"https:\/\/www.facebook.com\/BilbiotecaComarcaldeBlanes\/","article_published_time":"2019-04-19T09:56:07+00:00","og_image":[{"width":3719,"height":3719,"url":"https:\/\/biblioteca.blanes.cat\/salajove\/wp-content\/uploads\/sites\/3\/2017\/10\/elrac\u00f3delapaula_.png","type":"image\/png"}],"author":"paula","twitter_card":"summary_large_image","twitter_creator":"@BiblioBlanes","twitter_site":"@BiblioBlanes","twitter_misc":{"Escrit per":"paula","Temps estimat de lectura":"4 minuts"},"schema":{"@context":"https:\/\/schema.org","@graph":[{"@type":"Article","@id":"https:\/\/biblioteca.blanes.cat\/salajove\/2019\/04\/19\/les-set-germanes-de-lucinda-riley\/#article","isPartOf":{"@id":"https:\/\/biblioteca.blanes.cat\/salajove\/2019\/04\/19\/les-set-germanes-de-lucinda-riley\/"},"author":{"name":"paula","@id":"https:\/\/biblioteca.blanes.cat\/salajove\/#\/schema\/person\/8dbc45cdf5d1c7e2d100d147517ba7f3"},"headline":"LES SET GERMANES de Lucinda Riley","datePublished":"2019-04-19T09:56:07+00:00","mainEntityOfPage":{"@id":"https:\/\/biblioteca.blanes.cat\/salajove\/2019\/04\/19\/les-set-germanes-de-lucinda-riley\/"},"wordCount":854,"commentCount":0,"publisher":{"@id":"https:\/\/biblioteca.blanes.cat\/salajove\/#organization"},"image":{"@id":"https:\/\/biblioteca.blanes.cat\/salajove\/2019\/04\/19\/les-set-germanes-de-lucinda-riley\/#primaryimage"},"thumbnailUrl":"https:\/\/biblioteca.blanes.cat\/salajove\/wp-content\/uploads\/sites\/3\/2017\/10\/elrac\u00f3delapaula_.png","keywords":["#BlogdeLectura","#Escriptura","#Lectura"],"articleSection":["Rac\u00f3 de la Paula","RP_Popular"],"inLanguage":"ca","potentialAction":[{"@type":"CommentAction","name":"Comment","target":["https:\/\/biblioteca.blanes.cat\/salajove\/2019\/04\/19\/les-set-germanes-de-lucinda-riley\/#respond"]}]},{"@type":"WebPage","@id":"https:\/\/biblioteca.blanes.cat\/salajove\/2019\/04\/19\/les-set-germanes-de-lucinda-riley\/","url":"https:\/\/biblioteca.blanes.cat\/salajove\/2019\/04\/19\/les-set-germanes-de-lucinda-riley\/","name":"LES SET GERMANES de Lucinda Riley - Sala Jove","isPartOf":{"@id":"https:\/\/biblioteca.blanes.cat\/salajove\/#website"},"primaryImageOfPage":{"@id":"https:\/\/biblioteca.blanes.cat\/salajove\/2019\/04\/19\/les-set-germanes-de-lucinda-riley\/#primaryimage"},"image":{"@id":"https:\/\/biblioteca.blanes.cat\/salajove\/2019\/04\/19\/les-set-germanes-de-lucinda-riley\/#primaryimage"},"thumbnailUrl":"https:\/\/biblioteca.blanes.cat\/salajove\/wp-content\/uploads\/sites\/3\/2017\/10\/elrac\u00f3delapaula_.png","datePublished":"2019-04-19T09:56:07+00:00","breadcrumb":{"@id":"https:\/\/biblioteca.blanes.cat\/salajove\/2019\/04\/19\/les-set-germanes-de-lucinda-riley\/#breadcrumb"},"inLanguage":"ca","potentialAction":[{"@type":"ReadAction","target":["https:\/\/biblioteca.blanes.cat\/salajove\/2019\/04\/19\/les-set-germanes-de-lucinda-riley\/"]}]},{"@type":"ImageObject","inLanguage":"ca","@id":"https:\/\/biblioteca.blanes.cat\/salajove\/2019\/04\/19\/les-set-germanes-de-lucinda-riley\/#primaryimage","url":"https:\/\/biblioteca.blanes.cat\/salajove\/wp-content\/uploads\/sites\/3\/2017\/10\/elrac\u00f3delapaula_.png","contentUrl":"https:\/\/biblioteca.blanes.cat\/salajove\/wp-content\/uploads\/sites\/3\/2017\/10\/elrac\u00f3delapaula_.png","width":3719,"height":3719},{"@type":"BreadcrumbList","@id":"https:\/\/biblioteca.blanes.cat\/salajove\/2019\/04\/19\/les-set-germanes-de-lucinda-riley\/#breadcrumb","itemListElement":[{"@type":"ListItem","position":1,"name":"Inici","item":"https:\/\/biblioteca.blanes.cat\/salajove\/"},{"@type":"ListItem","position":2,"name":"LES SET GERMANES de Lucinda Riley"}]},{"@type":"WebSite","@id":"https:\/\/biblioteca.blanes.cat\/salajove\/#website","url":"https:\/\/biblioteca.blanes.cat\/salajove\/","name":"Sala Jove","description":"Biblioteca Comarcal de Blanes","publisher":{"@id":"https:\/\/biblioteca.blanes.cat\/salajove\/#organization"},"potentialAction":[{"@type":"SearchAction","target":{"@type":"EntryPoint","urlTemplate":"https:\/\/biblioteca.blanes.cat\/salajove\/?s={search_term_string}"},"query-input":{"@type":"PropertyValueSpecification","valueRequired":true,"valueName":"search_term_string"}}],"inLanguage":"ca"},{"@type":"Organization","@id":"https:\/\/biblioteca.blanes.cat\/salajove\/#organization","name":"Biblioteca Comarcal de Blanes","url":"https:\/\/biblioteca.blanes.cat\/salajove\/","logo":{"@type":"ImageObject","inLanguage":"ca","@id":"https:\/\/biblioteca.blanes.cat\/salajove\/#\/schema\/logo\/image\/","url":"https:\/\/biblioteca.blanes.cat\/salajove\/wp-content\/uploads\/sites\/3\/2017\/09\/cropped-Bib-blau-e1518869380535.png","contentUrl":"https:\/\/biblioteca.blanes.cat\/salajove\/wp-content\/uploads\/sites\/3\/2017\/09\/cropped-Bib-blau-e1518869380535.png","width":166,"height":166,"caption":"Biblioteca Comarcal de Blanes"},"image":{"@id":"https:\/\/biblioteca.blanes.cat\/salajove\/#\/schema\/logo\/image\/"},"sameAs":["https:\/\/www.facebook.com\/BilbiotecaComarcaldeBlanes\/","https:\/\/x.com\/BiblioBlanes","https:\/\/www.instagram.com\/biblioblanes\/","https:\/\/www.pinterest.es\/bblanes\/","https:\/\/www.youtube.com\/c\/BibliotecaComarcalBlanes"]},{"@type":"Person","@id":"https:\/\/biblioteca.blanes.cat\/salajove\/#\/schema\/person\/8dbc45cdf5d1c7e2d100d147517ba7f3","name":"paula","image":{"@type":"ImageObject","inLanguage":"ca","@id":"https:\/\/secure.gravatar.com\/avatar\/7dc0a9399589f36ddc6864e8335b73854871aa22921ee390cb50776e7ddfc136?s=96&d=mm&r=g","url":"https:\/\/secure.gravatar.com\/avatar\/7dc0a9399589f36ddc6864e8335b73854871aa22921ee390cb50776e7ddfc136?s=96&d=mm&r=g","contentUrl":"https:\/\/secure.gravatar.com\/avatar\/7dc0a9399589f36ddc6864e8335b73854871aa22921ee390cb50776e7ddfc136?s=96&d=mm&r=g","caption":"paula"},"url":"https:\/\/biblioteca.blanes.cat\/salajove\/author\/paula\/"}]}},"_links":{"self":[{"href":"https:\/\/biblioteca.blanes.cat\/salajove\/wp-json\/wp\/v2\/posts\/2797","targetHints":{"allow":["GET"]}}],"collection":[{"href":"https:\/\/biblioteca.blanes.cat\/salajove\/wp-json\/wp\/v2\/posts"}],"about":[{"href":"https:\/\/biblioteca.blanes.cat\/salajove\/wp-json\/wp\/v2\/types\/post"}],"author":[{"embeddable":true,"href":"https:\/\/biblioteca.blanes.cat\/salajove\/wp-json\/wp\/v2\/users\/6"}],"replies":[{"embeddable":true,"href":"https:\/\/biblioteca.blanes.cat\/salajove\/wp-json\/wp\/v2\/comments?post=2797"}],"version-history":[{"count":7,"href":"https:\/\/biblioteca.blanes.cat\/salajove\/wp-json\/wp\/v2\/posts\/2797\/revisions"}],"predecessor-version":[{"id":2804,"href":"https:\/\/biblioteca.blanes.cat\/salajove\/wp-json\/wp\/v2\/posts\/2797\/revisions\/2804"}],"wp:featuredmedia":[{"embeddable":true,"href":"https:\/\/biblioteca.blanes.cat\/salajove\/wp-json\/wp\/v2\/media\/1802"}],"wp:attachment":[{"href":"https:\/\/biblioteca.blanes.cat\/salajove\/wp-json\/wp\/v2\/media?parent=2797"}],"wp:term":[{"taxonomy":"category","embeddable":true,"href":"https:\/\/biblioteca.blanes.cat\/salajove\/wp-json\/wp\/v2\/categories?post=2797"},{"taxonomy":"post_tag","embeddable":true,"href":"https:\/\/biblioteca.blanes.cat\/salajove\/wp-json\/wp\/v2\/tags?post=2797"}],"curies":[{"name":"wp","href":"https:\/\/api.w.org\/{rel}","templated":true}]}}