{"id":2789,"date":"2019-04-11T17:58:02","date_gmt":"2019-04-11T16:58:02","guid":{"rendered":"https:\/\/biblioteca.blanes.cat\/salajove\/?p=2789"},"modified":"2019-04-09T18:16:41","modified_gmt":"2019-04-09T17:16:41","slug":"premi-cinema-jove-europeu","status":"publish","type":"post","link":"https:\/\/biblioteca.blanes.cat\/salajove\/2019\/04\/11\/premi-cinema-jove-europeu\/","title":{"rendered":"Vols formar part del jurat del Premi del P\u00fablic del Cinema Jove Europeu?"},"content":{"rendered":"<h2 style=\"text-align: center;\">La Filmoteca de Catalunya busca joves<\/h2>\n<h2 style=\"text-align: center;\"><strong>d&#8217;entre 12 i 14 anys <\/strong>per fer de jurat<\/h2>\n<p><!--more--><\/p>\n<p>&nbsp;<\/p>\n<div class=\"panel-pane pane-content-field pane-field-entradeta\">\n<div class=\"pane-content\">\n<div class=\"field field-type-text field-field-entradeta\">\n<div class=\"field-items\">\n<div class=\"field-item odd\">\n<blockquote>\n<p style=\"text-align: justify;\">La Filmoteca de Catalunya busca joves <strong>d&#8217;entre 12 i 14 anys<\/strong>, i que els agradi el cinema, per fer de jurat al <strong>Premi de Cinema Jove Europeu<\/strong> institu\u00eft per l\u2019Acad\u00e8mia del Cinema Europeu. Tamb\u00e9 hi participaran joves de 55 ciutats i 34 pa\u00efsos d\u2019Europa. El cert\u00e0men ser\u00e0 el proper <strong>diumenge 5 de maig<\/strong> de 2019 (de 9.30h a 18.30h).<\/p>\n<\/blockquote>\n<p>&nbsp;<\/p>\n<h2><strong>INSCRIPCIONS <\/strong><\/h2>\n<p><strong><span style=\"color: #ff0000;\">Data l\u00edmit: diumenge 28 d\u2019abril de 2019<\/span><\/strong><\/p>\n<p>Envia un missatge electr\u00f2nic a <a href=\"mailto:filmoteca.taquilla@gencat.cat\"><strong>filmoteca.taquilla@gencat.cat<\/strong><\/a>\u00a0 i nom i cognoms del\u00a0 pare o mare o representant legal i les dades del\/ de la menor:\u00a0 nom, cognoms, edat amb <a href=\"http:\/\/www.filmoteca.cat\/web\/sites\/default\/files\/noticies\/22599\/documents\/autoritzacio_menors_jurat_premis_cinema_europeu_2019.docx\" target=\"_blank\" rel=\"noopener\">el document d\u2019autoritzaci\u00f3<\/a> signat pel pare o mare o tutors legals i fotoc\u00f2pia del seu DNI i emplenar <a href=\"https:\/\/docs.google.com\/forms\/d\/e\/1FAIpQLScv8RsByYqiU6yNRa7Iqas1u5PQD6wRPcbZ2laG543E1726jg\/viewform\">l\u2019enquesta<\/a> .<\/p>\n<p>El dia 5 de maig heu de portar l\u2019autoritzaci\u00f3 signada i fotoc\u00f2pia del DNI dels tutors, si no l\u2019heu enviat abans.<\/p>\n<p>Les places s\u00f3n limitades i les inscripcions es realitzaran per ordre d\u2019arribada, i no seran v\u00e0lides sense confirmaci\u00f3 per part de la Filmoteca.<\/p>\n<p style=\"text-align: center;\"><img decoding=\"async\" class=\"aligncenter size-medium\" src=\"http:\/\/www.filmoteca.cat\/web\/sites\/default\/files\/imagecache\/260px\/noticies\/22599\/imatges\/postcard_front.jpg\" width=\"260\" height=\"185\" \/><\/p>\n<h2 id=\"h2sjua1d82q5ugkt8lrxkvtb4z2zo\" style=\"text-align: center;\"><strong>+ info a: <a href=\"#h2sjua1d82q5ugkt8lrxkvtb4z2zo\" target=\"_blank\" rel=\"noopener\">www.filmoteca.cat<\/a><br \/>\n<\/strong><\/h2>\n<\/div>\n<\/div>\n<\/div>\n<\/div>\n<\/div>\n<p><!--more--><\/p>\n","protected":false},"excerpt":{"rendered":"<p>La Filmoteca de Catalunya busca joves d&#8217;entre 12 i 14 anys per fer de jurat<\/p>\n","protected":false},"author":4,"featured_media":0,"comment_status":"open","ping_status":"open","sticky":false,"template":"","format":"standard","meta":{"sfsi_plus_gutenberg_text_before_share":"","sfsi_plus_gutenberg_show_text_before_share":"","sfsi_plus_gutenberg_icon_type":"","sfsi_plus_gutenberg_icon_alignemt":"","sfsi_plus_gutenburg_max_per_row":"","footnotes":""},"categories":[1],"tags":[49,38,87,88,52,89,41],"class_list":["post-2789","post","type-post","status-publish","format-standard","hentry","category-general","tag-actualitat","tag-certamen","tag-cinema","tag-filmoteca","tag-joves","tag-jurat","tag-premis"],"yoast_head":"<!-- This site is optimized with the Yoast SEO plugin v27.5 - https:\/\/yoast.com\/product\/yoast-seo-wordpress\/ -->\n<title>Jurat del Premi del Cinema Jove Europeu - Sala Jove - Biblioblanes<\/title>\n<meta name=\"description\" content=\"Vols formar part del juratdel Premi del P\u00fablic del Cinema Jove Europeu?\" \/>\n<meta name=\"robots\" content=\"index, follow, max-snippet:-1, max-image-preview:large, max-video-preview:-1\" \/>\n<link rel=\"canonical\" href=\"https:\/\/biblioteca.blanes.cat\/salajove\/2019\/04\/11\/premi-cinema-jove-europeu\/\" \/>\n<meta property=\"og:locale\" content=\"ca_ES\" \/>\n<meta property=\"og:type\" content=\"article\" \/>\n<meta property=\"og:title\" content=\"Jurat del Premi del Cinema Jove Europeu - Sala Jove - Biblioblanes\" \/>\n<meta property=\"og:description\" content=\"Vols formar part del juratdel Premi del P\u00fablic del Cinema Jove Europeu?\" \/>\n<meta property=\"og:url\" content=\"https:\/\/biblioteca.blanes.cat\/salajove\/2019\/04\/11\/premi-cinema-jove-europeu\/\" \/>\n<meta property=\"og:site_name\" content=\"Sala Jove\" \/>\n<meta property=\"article:publisher\" content=\"https:\/\/www.facebook.com\/BilbiotecaComarcaldeBlanes\/\" \/>\n<meta property=\"article:published_time\" content=\"2019-04-11T16:58:02+00:00\" \/>\n<meta property=\"og:image\" content=\"http:\/\/www.filmoteca.cat\/web\/sites\/default\/files\/imagecache\/260px\/noticies\/22599\/imatges\/postcard_front.jpg\" \/>\n<meta name=\"author\" content=\"biblioblanes\" \/>\n<meta name=\"twitter:card\" content=\"summary_large_image\" \/>\n<meta name=\"twitter:creator\" content=\"@biblioblanes\" \/>\n<meta name=\"twitter:site\" content=\"@BiblioBlanes\" \/>\n<meta name=\"twitter:label1\" content=\"Escrit per\" \/>\n\t<meta name=\"twitter:data1\" content=\"biblioblanes\" \/>\n\t<meta name=\"twitter:label2\" content=\"Temps estimat de lectura\" \/>\n\t<meta name=\"twitter:data2\" content=\"1 minut\" \/>\n<script type=\"application\/ld+json\" class=\"yoast-schema-graph\">{\"@context\":\"https:\\\/\\\/schema.org\",\"@graph\":[{\"@type\":\"Article\",\"@id\":\"https:\\\/\\\/biblioteca.blanes.cat\\\/salajove\\\/2019\\\/04\\\/11\\\/premi-cinema-jove-europeu\\\/#article\",\"isPartOf\":{\"@id\":\"https:\\\/\\\/biblioteca.blanes.cat\\\/salajove\\\/2019\\\/04\\\/11\\\/premi-cinema-jove-europeu\\\/\"},\"author\":{\"name\":\"biblioblanes\",\"@id\":\"https:\\\/\\\/biblioteca.blanes.cat\\\/salajove\\\/#\\\/schema\\\/person\\\/5a7b46760d9dd611d098bbf571a341dc\"},\"headline\":\"Vols formar part del jurat del Premi del P\u00fablic del Cinema Jove Europeu?\",\"datePublished\":\"2019-04-11T16:58:02+00:00\",\"mainEntityOfPage\":{\"@id\":\"https:\\\/\\\/biblioteca.blanes.cat\\\/salajove\\\/2019\\\/04\\\/11\\\/premi-cinema-jove-europeu\\\/\"},\"wordCount\":206,\"commentCount\":0,\"publisher\":{\"@id\":\"https:\\\/\\\/biblioteca.blanes.cat\\\/salajove\\\/#organization\"},\"image\":{\"@id\":\"https:\\\/\\\/biblioteca.blanes.cat\\\/salajove\\\/2019\\\/04\\\/11\\\/premi-cinema-jove-europeu\\\/#primaryimage\"},\"thumbnailUrl\":\"http:\\\/\\\/www.filmoteca.cat\\\/web\\\/sites\\\/default\\\/files\\\/imagecache\\\/260px\\\/noticies\\\/22599\\\/imatges\\\/postcard_front.jpg\",\"keywords\":[\"#Actualitat\",\"#Cert\u00e0men\",\"#Cinema\",\"#Filmoteca\",\"#Joves\",\"#jurat\",\"#Premis\"],\"articleSection\":[\"Not\u00edcies\"],\"inLanguage\":\"ca\",\"potentialAction\":[{\"@type\":\"CommentAction\",\"name\":\"Comment\",\"target\":[\"https:\\\/\\\/biblioteca.blanes.cat\\\/salajove\\\/2019\\\/04\\\/11\\\/premi-cinema-jove-europeu\\\/#respond\"]}]},{\"@type\":\"WebPage\",\"@id\":\"https:\\\/\\\/biblioteca.blanes.cat\\\/salajove\\\/2019\\\/04\\\/11\\\/premi-cinema-jove-europeu\\\/\",\"url\":\"https:\\\/\\\/biblioteca.blanes.cat\\\/salajove\\\/2019\\\/04\\\/11\\\/premi-cinema-jove-europeu\\\/\",\"name\":\"Jurat del Premi del Cinema Jove Europeu - Sala Jove - Biblioblanes\",\"isPartOf\":{\"@id\":\"https:\\\/\\\/biblioteca.blanes.cat\\\/salajove\\\/#website\"},\"primaryImageOfPage\":{\"@id\":\"https:\\\/\\\/biblioteca.blanes.cat\\\/salajove\\\/2019\\\/04\\\/11\\\/premi-cinema-jove-europeu\\\/#primaryimage\"},\"image\":{\"@id\":\"https:\\\/\\\/biblioteca.blanes.cat\\\/salajove\\\/2019\\\/04\\\/11\\\/premi-cinema-jove-europeu\\\/#primaryimage\"},\"thumbnailUrl\":\"http:\\\/\\\/www.filmoteca.cat\\\/web\\\/sites\\\/default\\\/files\\\/imagecache\\\/260px\\\/noticies\\\/22599\\\/imatges\\\/postcard_front.jpg\",\"datePublished\":\"2019-04-11T16:58:02+00:00\",\"description\":\"Vols formar part del juratdel Premi del P\u00fablic del Cinema Jove Europeu?\",\"breadcrumb\":{\"@id\":\"https:\\\/\\\/biblioteca.blanes.cat\\\/salajove\\\/2019\\\/04\\\/11\\\/premi-cinema-jove-europeu\\\/#breadcrumb\"},\"inLanguage\":\"ca\",\"potentialAction\":[{\"@type\":\"ReadAction\",\"target\":[\"https:\\\/\\\/biblioteca.blanes.cat\\\/salajove\\\/2019\\\/04\\\/11\\\/premi-cinema-jove-europeu\\\/\"]}]},{\"@type\":\"ImageObject\",\"inLanguage\":\"ca\",\"@id\":\"https:\\\/\\\/biblioteca.blanes.cat\\\/salajove\\\/2019\\\/04\\\/11\\\/premi-cinema-jove-europeu\\\/#primaryimage\",\"url\":\"http:\\\/\\\/www.filmoteca.cat\\\/web\\\/sites\\\/default\\\/files\\\/imagecache\\\/260px\\\/noticies\\\/22599\\\/imatges\\\/postcard_front.jpg\",\"contentUrl\":\"http:\\\/\\\/www.filmoteca.cat\\\/web\\\/sites\\\/default\\\/files\\\/imagecache\\\/260px\\\/noticies\\\/22599\\\/imatges\\\/postcard_front.jpg\"},{\"@type\":\"BreadcrumbList\",\"@id\":\"https:\\\/\\\/biblioteca.blanes.cat\\\/salajove\\\/2019\\\/04\\\/11\\\/premi-cinema-jove-europeu\\\/#breadcrumb\",\"itemListElement\":[{\"@type\":\"ListItem\",\"position\":1,\"name\":\"Inici\",\"item\":\"https:\\\/\\\/biblioteca.blanes.cat\\\/salajove\\\/\"},{\"@type\":\"ListItem\",\"position\":2,\"name\":\"Vols formar part del jurat del Premi del P\u00fablic del Cinema Jove Europeu?\"}]},{\"@type\":\"WebSite\",\"@id\":\"https:\\\/\\\/biblioteca.blanes.cat\\\/salajove\\\/#website\",\"url\":\"https:\\\/\\\/biblioteca.blanes.cat\\\/salajove\\\/\",\"name\":\"Sala Jove\",\"description\":\"Biblioteca Comarcal de Blanes\",\"publisher\":{\"@id\":\"https:\\\/\\\/biblioteca.blanes.cat\\\/salajove\\\/#organization\"},\"potentialAction\":[{\"@type\":\"SearchAction\",\"target\":{\"@type\":\"EntryPoint\",\"urlTemplate\":\"https:\\\/\\\/biblioteca.blanes.cat\\\/salajove\\\/?s={search_term_string}\"},\"query-input\":{\"@type\":\"PropertyValueSpecification\",\"valueRequired\":true,\"valueName\":\"search_term_string\"}}],\"inLanguage\":\"ca\"},{\"@type\":\"Organization\",\"@id\":\"https:\\\/\\\/biblioteca.blanes.cat\\\/salajove\\\/#organization\",\"name\":\"Biblioteca Comarcal de Blanes\",\"url\":\"https:\\\/\\\/biblioteca.blanes.cat\\\/salajove\\\/\",\"logo\":{\"@type\":\"ImageObject\",\"inLanguage\":\"ca\",\"@id\":\"https:\\\/\\\/biblioteca.blanes.cat\\\/salajove\\\/#\\\/schema\\\/logo\\\/image\\\/\",\"url\":\"https:\\\/\\\/biblioteca.blanes.cat\\\/salajove\\\/wp-content\\\/uploads\\\/sites\\\/3\\\/2017\\\/09\\\/cropped-Bib-blau-e1518869380535.png\",\"contentUrl\":\"https:\\\/\\\/biblioteca.blanes.cat\\\/salajove\\\/wp-content\\\/uploads\\\/sites\\\/3\\\/2017\\\/09\\\/cropped-Bib-blau-e1518869380535.png\",\"width\":166,\"height\":166,\"caption\":\"Biblioteca Comarcal de Blanes\"},\"image\":{\"@id\":\"https:\\\/\\\/biblioteca.blanes.cat\\\/salajove\\\/#\\\/schema\\\/logo\\\/image\\\/\"},\"sameAs\":[\"https:\\\/\\\/www.facebook.com\\\/BilbiotecaComarcaldeBlanes\\\/\",\"https:\\\/\\\/x.com\\\/BiblioBlanes\",\"https:\\\/\\\/www.instagram.com\\\/biblioblanes\\\/\",\"https:\\\/\\\/www.pinterest.es\\\/bblanes\\\/\",\"https:\\\/\\\/www.youtube.com\\\/c\\\/BibliotecaComarcalBlanes\"]},{\"@type\":\"Person\",\"@id\":\"https:\\\/\\\/biblioteca.blanes.cat\\\/salajove\\\/#\\\/schema\\\/person\\\/5a7b46760d9dd611d098bbf571a341dc\",\"name\":\"biblioblanes\",\"image\":{\"@type\":\"ImageObject\",\"inLanguage\":\"ca\",\"@id\":\"https:\\\/\\\/secure.gravatar.com\\\/avatar\\\/6593ca6cc90e5a70939f51c95e8315483b9c281bafba597292bee47992030f99?s=96&d=mm&r=g\",\"url\":\"https:\\\/\\\/secure.gravatar.com\\\/avatar\\\/6593ca6cc90e5a70939f51c95e8315483b9c281bafba597292bee47992030f99?s=96&d=mm&r=g\",\"contentUrl\":\"https:\\\/\\\/secure.gravatar.com\\\/avatar\\\/6593ca6cc90e5a70939f51c95e8315483b9c281bafba597292bee47992030f99?s=96&d=mm&r=g\",\"caption\":\"biblioblanes\"},\"sameAs\":[\"http:\\\/\\\/www.bibgirona.cat\\\/biblioteca\\\/blanes\",\"https:\\\/\\\/x.com\\\/biblioblanes\"],\"url\":\"https:\\\/\\\/biblioteca.blanes.cat\\\/salajove\\\/author\\\/biblioblanes\\\/\"}]}<\/script>\n<!-- \/ Yoast SEO plugin. -->","yoast_head_json":{"title":"Jurat del Premi del Cinema Jove Europeu - Sala Jove - Biblioblanes","description":"Vols formar part del juratdel Premi del P\u00fablic del Cinema Jove Europeu?","robots":{"index":"index","follow":"follow","max-snippet":"max-snippet:-1","max-image-preview":"max-image-preview:large","max-video-preview":"max-video-preview:-1"},"canonical":"https:\/\/biblioteca.blanes.cat\/salajove\/2019\/04\/11\/premi-cinema-jove-europeu\/","og_locale":"ca_ES","og_type":"article","og_title":"Jurat del Premi del Cinema Jove Europeu - Sala Jove - Biblioblanes","og_description":"Vols formar part del juratdel Premi del P\u00fablic del Cinema Jove Europeu?","og_url":"https:\/\/biblioteca.blanes.cat\/salajove\/2019\/04\/11\/premi-cinema-jove-europeu\/","og_site_name":"Sala Jove","article_publisher":"https:\/\/www.facebook.com\/BilbiotecaComarcaldeBlanes\/","article_published_time":"2019-04-11T16:58:02+00:00","og_image":[{"url":"http:\/\/www.filmoteca.cat\/web\/sites\/default\/files\/imagecache\/260px\/noticies\/22599\/imatges\/postcard_front.jpg","type":"","width":"","height":""}],"author":"biblioblanes","twitter_card":"summary_large_image","twitter_creator":"@biblioblanes","twitter_site":"@BiblioBlanes","twitter_misc":{"Escrit per":"biblioblanes","Temps estimat de lectura":"1 minut"},"schema":{"@context":"https:\/\/schema.org","@graph":[{"@type":"Article","@id":"https:\/\/biblioteca.blanes.cat\/salajove\/2019\/04\/11\/premi-cinema-jove-europeu\/#article","isPartOf":{"@id":"https:\/\/biblioteca.blanes.cat\/salajove\/2019\/04\/11\/premi-cinema-jove-europeu\/"},"author":{"name":"biblioblanes","@id":"https:\/\/biblioteca.blanes.cat\/salajove\/#\/schema\/person\/5a7b46760d9dd611d098bbf571a341dc"},"headline":"Vols formar part del jurat del Premi del P\u00fablic del Cinema Jove Europeu?","datePublished":"2019-04-11T16:58:02+00:00","mainEntityOfPage":{"@id":"https:\/\/biblioteca.blanes.cat\/salajove\/2019\/04\/11\/premi-cinema-jove-europeu\/"},"wordCount":206,"commentCount":0,"publisher":{"@id":"https:\/\/biblioteca.blanes.cat\/salajove\/#organization"},"image":{"@id":"https:\/\/biblioteca.blanes.cat\/salajove\/2019\/04\/11\/premi-cinema-jove-europeu\/#primaryimage"},"thumbnailUrl":"http:\/\/www.filmoteca.cat\/web\/sites\/default\/files\/imagecache\/260px\/noticies\/22599\/imatges\/postcard_front.jpg","keywords":["#Actualitat","#Cert\u00e0men","#Cinema","#Filmoteca","#Joves","#jurat","#Premis"],"articleSection":["Not\u00edcies"],"inLanguage":"ca","potentialAction":[{"@type":"CommentAction","name":"Comment","target":["https:\/\/biblioteca.blanes.cat\/salajove\/2019\/04\/11\/premi-cinema-jove-europeu\/#respond"]}]},{"@type":"WebPage","@id":"https:\/\/biblioteca.blanes.cat\/salajove\/2019\/04\/11\/premi-cinema-jove-europeu\/","url":"https:\/\/biblioteca.blanes.cat\/salajove\/2019\/04\/11\/premi-cinema-jove-europeu\/","name":"Jurat del Premi del Cinema Jove Europeu - Sala Jove - Biblioblanes","isPartOf":{"@id":"https:\/\/biblioteca.blanes.cat\/salajove\/#website"},"primaryImageOfPage":{"@id":"https:\/\/biblioteca.blanes.cat\/salajove\/2019\/04\/11\/premi-cinema-jove-europeu\/#primaryimage"},"image":{"@id":"https:\/\/biblioteca.blanes.cat\/salajove\/2019\/04\/11\/premi-cinema-jove-europeu\/#primaryimage"},"thumbnailUrl":"http:\/\/www.filmoteca.cat\/web\/sites\/default\/files\/imagecache\/260px\/noticies\/22599\/imatges\/postcard_front.jpg","datePublished":"2019-04-11T16:58:02+00:00","description":"Vols formar part del juratdel Premi del P\u00fablic del Cinema Jove Europeu?","breadcrumb":{"@id":"https:\/\/biblioteca.blanes.cat\/salajove\/2019\/04\/11\/premi-cinema-jove-europeu\/#breadcrumb"},"inLanguage":"ca","potentialAction":[{"@type":"ReadAction","target":["https:\/\/biblioteca.blanes.cat\/salajove\/2019\/04\/11\/premi-cinema-jove-europeu\/"]}]},{"@type":"ImageObject","inLanguage":"ca","@id":"https:\/\/biblioteca.blanes.cat\/salajove\/2019\/04\/11\/premi-cinema-jove-europeu\/#primaryimage","url":"http:\/\/www.filmoteca.cat\/web\/sites\/default\/files\/imagecache\/260px\/noticies\/22599\/imatges\/postcard_front.jpg","contentUrl":"http:\/\/www.filmoteca.cat\/web\/sites\/default\/files\/imagecache\/260px\/noticies\/22599\/imatges\/postcard_front.jpg"},{"@type":"BreadcrumbList","@id":"https:\/\/biblioteca.blanes.cat\/salajove\/2019\/04\/11\/premi-cinema-jove-europeu\/#breadcrumb","itemListElement":[{"@type":"ListItem","position":1,"name":"Inici","item":"https:\/\/biblioteca.blanes.cat\/salajove\/"},{"@type":"ListItem","position":2,"name":"Vols formar part del jurat del Premi del P\u00fablic del Cinema Jove Europeu?"}]},{"@type":"WebSite","@id":"https:\/\/biblioteca.blanes.cat\/salajove\/#website","url":"https:\/\/biblioteca.blanes.cat\/salajove\/","name":"Sala Jove","description":"Biblioteca Comarcal de Blanes","publisher":{"@id":"https:\/\/biblioteca.blanes.cat\/salajove\/#organization"},"potentialAction":[{"@type":"SearchAction","target":{"@type":"EntryPoint","urlTemplate":"https:\/\/biblioteca.blanes.cat\/salajove\/?s={search_term_string}"},"query-input":{"@type":"PropertyValueSpecification","valueRequired":true,"valueName":"search_term_string"}}],"inLanguage":"ca"},{"@type":"Organization","@id":"https:\/\/biblioteca.blanes.cat\/salajove\/#organization","name":"Biblioteca Comarcal de Blanes","url":"https:\/\/biblioteca.blanes.cat\/salajove\/","logo":{"@type":"ImageObject","inLanguage":"ca","@id":"https:\/\/biblioteca.blanes.cat\/salajove\/#\/schema\/logo\/image\/","url":"https:\/\/biblioteca.blanes.cat\/salajove\/wp-content\/uploads\/sites\/3\/2017\/09\/cropped-Bib-blau-e1518869380535.png","contentUrl":"https:\/\/biblioteca.blanes.cat\/salajove\/wp-content\/uploads\/sites\/3\/2017\/09\/cropped-Bib-blau-e1518869380535.png","width":166,"height":166,"caption":"Biblioteca Comarcal de Blanes"},"image":{"@id":"https:\/\/biblioteca.blanes.cat\/salajove\/#\/schema\/logo\/image\/"},"sameAs":["https:\/\/www.facebook.com\/BilbiotecaComarcaldeBlanes\/","https:\/\/x.com\/BiblioBlanes","https:\/\/www.instagram.com\/biblioblanes\/","https:\/\/www.pinterest.es\/bblanes\/","https:\/\/www.youtube.com\/c\/BibliotecaComarcalBlanes"]},{"@type":"Person","@id":"https:\/\/biblioteca.blanes.cat\/salajove\/#\/schema\/person\/5a7b46760d9dd611d098bbf571a341dc","name":"biblioblanes","image":{"@type":"ImageObject","inLanguage":"ca","@id":"https:\/\/secure.gravatar.com\/avatar\/6593ca6cc90e5a70939f51c95e8315483b9c281bafba597292bee47992030f99?s=96&d=mm&r=g","url":"https:\/\/secure.gravatar.com\/avatar\/6593ca6cc90e5a70939f51c95e8315483b9c281bafba597292bee47992030f99?s=96&d=mm&r=g","contentUrl":"https:\/\/secure.gravatar.com\/avatar\/6593ca6cc90e5a70939f51c95e8315483b9c281bafba597292bee47992030f99?s=96&d=mm&r=g","caption":"biblioblanes"},"sameAs":["http:\/\/www.bibgirona.cat\/biblioteca\/blanes","https:\/\/x.com\/biblioblanes"],"url":"https:\/\/biblioteca.blanes.cat\/salajove\/author\/biblioblanes\/"}]}},"_links":{"self":[{"href":"https:\/\/biblioteca.blanes.cat\/salajove\/wp-json\/wp\/v2\/posts\/2789","targetHints":{"allow":["GET"]}}],"collection":[{"href":"https:\/\/biblioteca.blanes.cat\/salajove\/wp-json\/wp\/v2\/posts"}],"about":[{"href":"https:\/\/biblioteca.blanes.cat\/salajove\/wp-json\/wp\/v2\/types\/post"}],"author":[{"embeddable":true,"href":"https:\/\/biblioteca.blanes.cat\/salajove\/wp-json\/wp\/v2\/users\/4"}],"replies":[{"embeddable":true,"href":"https:\/\/biblioteca.blanes.cat\/salajove\/wp-json\/wp\/v2\/comments?post=2789"}],"version-history":[{"count":4,"href":"https:\/\/biblioteca.blanes.cat\/salajove\/wp-json\/wp\/v2\/posts\/2789\/revisions"}],"predecessor-version":[{"id":2793,"href":"https:\/\/biblioteca.blanes.cat\/salajove\/wp-json\/wp\/v2\/posts\/2789\/revisions\/2793"}],"wp:attachment":[{"href":"https:\/\/biblioteca.blanes.cat\/salajove\/wp-json\/wp\/v2\/media?parent=2789"}],"wp:term":[{"taxonomy":"category","embeddable":true,"href":"https:\/\/biblioteca.blanes.cat\/salajove\/wp-json\/wp\/v2\/categories?post=2789"},{"taxonomy":"post_tag","embeddable":true,"href":"https:\/\/biblioteca.blanes.cat\/salajove\/wp-json\/wp\/v2\/tags?post=2789"}],"curies":[{"name":"wp","href":"https:\/\/api.w.org\/{rel}","templated":true}]}}